{"id":14057,"date":"2025-06-16T12:00:58","date_gmt":"2025-06-16T10:00:58","guid":{"rendered":"https:\/\/www.anovapeneira.gal\/?p=14057"},"modified":"2025-06-13T05:02:22","modified_gmt":"2025-06-13T03:02:22","slug":"o-escritor-guardes-francisco-alvarez-koki-presenta-os-seus-libros-na-slc-de-reboreda","status":"publish","type":"post","link":"https:\/\/www.anovapeneira.gal\/index.php\/2025\/06\/16\/o-escritor-guardes-francisco-alvarez-koki-presenta-os-seus-libros-na-slc-de-reboreda\/","title":{"rendered":"O escritor guard\u00e9s Francisco \u00c1lvarez \u201c Koki\u201d presenta os seus libros na SLC de Reboreda"},"content":{"rendered":"\n<p>O pasado venres 6 de xu\u00f1o a SLC de Reboreda acolleu a presentaci\u00f3n de dous dos libros do escritor guard\u00e9s Francisco \u00c1lvarez \u201cKoki\u201d: \u201c Ratas en Manhattan\u201d e \u201cM\u00e1is al\u00f3 de Fisterra\u201d. Koki \u00e9 un poeta da Guarda cunha ampla produci\u00f3n literaria que ten no compromiso social e no amor por Galiza os seus alicerces creativos. O acto foi presentado por Tino Lago, director deste medio de comunicaci\u00f3n. Desde a redacci\u00f3n de ANP agradecemos a colaboraci\u00f3n e a amabilidade da directiva da SLC para que este acto puidera ter lugar, e continuaremos a colaborar ,na medida das nosas posibilidades, para que as persoas e colectivos que, como Koki, pos\u00faen un profundo compromiso cos de abaixo, cos que sofren inxustiza, \u00e1 vez que defenden con orgullo a condici\u00f3n do noso pobo de sermos unha naci\u00f3n singular no mundo, te\u00f1an nas nosas p\u00e1xinas unha v\u00eda de expresi\u00f3n.<\/p>\n\n\n\n<p><\/p>\n","protected":false},"excerpt":{"rendered":"<div class=\"mh-excerpt\"><p>O pasado venres 6 de xu\u00f1o a SLC de Reboreda acolleu a presentaci\u00f3n de dous dos libros do escritor guard\u00e9s Francisco \u00c1lvarez \u201cKoki\u201d: \u201c Ratas en Manhattan\u201d e \u201cM\u00e1is al\u00f3 de Fisterra\u201d.  <a class=\"mh-excerpt-more\" href=\"https:\/\/www.anovapeneira.gal\/index.php\/2025\/06\/16\/o-escritor-guardes-francisco-alvarez-koki-presenta-os-seus-libros-na-slc-de-reboreda\/\" title=\"O escritor guard\u00e9s Francisco \u00c1lvarez \u201c Koki\u201d presenta os seus libros na SLC de Reboreda\">[&#8230;]<\/a><\/p>\n<\/div>","protected":false},"author":3,"featured_media":14058,"comment_status":"open","ping_status":"open","sticky":false,"template":"","format":"standard","meta":{"_exactmetrics_skip_tracking":false,"_exactmetrics_sitenote_active":false,"_exactmetrics_sitenote_note":"","_exactmetrics_sitenote_category":0,"footnotes":""},"categories":[24],"tags":[171],"class_list":{"0":"post-14057","1":"post","2":"type-post","3":"status-publish","4":"format-standard","5":"has-post-thumbnail","7":"category-redondela","8":"tag-concello-de-redondela"},"yoast_head":"<!-- This site is optimized with the Yoast SEO plugin v27.4 - https:\/\/yoast.com\/product\/yoast-seo-wordpress\/ -->\n<title>O escritor guard\u00e9s Francisco \u00c1lvarez \u201c Koki\u201d presenta os seus libros na SLC de Reboreda -<\/title>\n<meta name=\"robots\" content=\"index, follow, max-snippet:-1, max-image-preview:large, max-video-preview:-1\" \/>\n<link rel=\"canonical\" href=\"https:\/\/www.anovapeneira.gal\/index.php\/2025\/06\/16\/o-escritor-guardes-francisco-alvarez-koki-presenta-os-seus-libros-na-slc-de-reboreda\/\" \/>\n<meta property=\"og:locale\" content=\"gl_ES\" \/>\n<meta property=\"og:type\" content=\"article\" \/>\n<meta property=\"og:title\" content=\"O escritor guard\u00e9s Francisco \u00c1lvarez \u201c Koki\u201d presenta os seus libros na SLC de Reboreda -\" \/>\n<meta property=\"og:description\" content=\"O pasado venres 6 de xu\u00f1o a SLC de Reboreda acolleu a presentaci\u00f3n de dous dos libros do escritor guard\u00e9s Francisco \u00c1lvarez \u201cKoki\u201d: \u201c Ratas en Manhattan\u201d e \u201cM\u00e1is al\u00f3 de Fisterra\u201d. [...]\" \/>\n<meta property=\"og:url\" content=\"https:\/\/www.anovapeneira.gal\/index.php\/2025\/06\/16\/o-escritor-guardes-francisco-alvarez-koki-presenta-os-seus-libros-na-slc-de-reboreda\/\" \/>\n<meta property=\"article:publisher\" content=\"https:\/\/www.facebook.com\/anovapeneira\" \/>\n<meta property=\"article:published_time\" content=\"2025-06-16T10:00:58+00:00\" \/>\n<meta property=\"og:image\" content=\"https:\/\/www.anovapeneira.gal\/wp-content\/uploads\/2025\/06\/koki_tino.jpg\" \/>\n\t<meta property=\"og:image:width\" content=\"720\" \/>\n\t<meta property=\"og:image:height\" content=\"432\" \/>\n\t<meta property=\"og:image:type\" content=\"image\/jpeg\" \/>\n<meta name=\"author\" content=\"Redacci\u00f3n A Nova Peneira\" \/>\n<meta name=\"twitter:card\" content=\"summary_large_image\" \/>\n<meta name=\"twitter:creator\" content=\"@APeneira\" \/>\n<meta name=\"twitter:site\" content=\"@APeneira\" \/>\n<meta name=\"twitter:label1\" content=\"Escrito por\" \/>\n\t<meta name=\"twitter:data1\" content=\"Redacci\u00f3n A Nova Peneira\" \/>\n\t<meta name=\"twitter:label2\" content=\"Tempo de lectura\" \/>\n\t<meta name=\"twitter:data2\" content=\"1 minuto\" \/>\n<script type=\"application\/ld+json\" class=\"yoast-schema-graph\">{\"@context\":\"https:\\\/\\\/schema.org\",\"@graph\":[{\"@type\":\"Article\",\"@id\":\"https:\\\/\\\/www.anovapeneira.gal\\\/index.php\\\/2025\\\/06\\\/16\\\/o-escritor-guardes-francisco-alvarez-koki-presenta-os-seus-libros-na-slc-de-reboreda\\\/#article\",\"isPartOf\":{\"@id\":\"https:\\\/\\\/www.anovapeneira.gal\\\/index.php\\\/2025\\\/06\\\/16\\\/o-escritor-guardes-francisco-alvarez-koki-presenta-os-seus-libros-na-slc-de-reboreda\\\/\"},\"author\":{\"name\":\"Redacci\u00f3n A Nova Peneira\",\"@id\":\"https:\\\/\\\/www.anovapeneira.gal\\\/#\\\/schema\\\/person\\\/b93e3f8932e3f8da96334607eb6ac6aa\"},\"headline\":\"O escritor guard\u00e9s Francisco \u00c1lvarez \u201c Koki\u201d presenta os seus libros na SLC de Reboreda\",\"datePublished\":\"2025-06-16T10:00:58+00:00\",\"mainEntityOfPage\":{\"@id\":\"https:\\\/\\\/www.anovapeneira.gal\\\/index.php\\\/2025\\\/06\\\/16\\\/o-escritor-guardes-francisco-alvarez-koki-presenta-os-seus-libros-na-slc-de-reboreda\\\/\"},\"wordCount\":171,\"commentCount\":0,\"publisher\":{\"@id\":\"https:\\\/\\\/www.anovapeneira.gal\\\/#organization\"},\"image\":{\"@id\":\"https:\\\/\\\/www.anovapeneira.gal\\\/index.php\\\/2025\\\/06\\\/16\\\/o-escritor-guardes-francisco-alvarez-koki-presenta-os-seus-libros-na-slc-de-reboreda\\\/#primaryimage\"},\"thumbnailUrl\":\"https:\\\/\\\/www.anovapeneira.gal\\\/wp-content\\\/uploads\\\/2025\\\/06\\\/koki_tino.jpg\",\"keywords\":[\"Concello de Redondela\"],\"articleSection\":[\"Redondela\"],\"inLanguage\":\"gl-ES\",\"potentialAction\":[{\"@type\":\"CommentAction\",\"name\":\"Comment\",\"target\":[\"https:\\\/\\\/www.anovapeneira.gal\\\/index.php\\\/2025\\\/06\\\/16\\\/o-escritor-guardes-francisco-alvarez-koki-presenta-os-seus-libros-na-slc-de-reboreda\\\/#respond\"]}]},{\"@type\":\"WebPage\",\"@id\":\"https:\\\/\\\/www.anovapeneira.gal\\\/index.php\\\/2025\\\/06\\\/16\\\/o-escritor-guardes-francisco-alvarez-koki-presenta-os-seus-libros-na-slc-de-reboreda\\\/\",\"url\":\"https:\\\/\\\/www.anovapeneira.gal\\\/index.php\\\/2025\\\/06\\\/16\\\/o-escritor-guardes-francisco-alvarez-koki-presenta-os-seus-libros-na-slc-de-reboreda\\\/\",\"name\":\"O escritor guard\u00e9s Francisco \u00c1lvarez \u201c Koki\u201d presenta os seus libros na SLC de Reboreda -\",\"isPartOf\":{\"@id\":\"https:\\\/\\\/www.anovapeneira.gal\\\/#website\"},\"primaryImageOfPage\":{\"@id\":\"https:\\\/\\\/www.anovapeneira.gal\\\/index.php\\\/2025\\\/06\\\/16\\\/o-escritor-guardes-francisco-alvarez-koki-presenta-os-seus-libros-na-slc-de-reboreda\\\/#primaryimage\"},\"image\":{\"@id\":\"https:\\\/\\\/www.anovapeneira.gal\\\/index.php\\\/2025\\\/06\\\/16\\\/o-escritor-guardes-francisco-alvarez-koki-presenta-os-seus-libros-na-slc-de-reboreda\\\/#primaryimage\"},\"thumbnailUrl\":\"https:\\\/\\\/www.anovapeneira.gal\\\/wp-content\\\/uploads\\\/2025\\\/06\\\/koki_tino.jpg\",\"datePublished\":\"2025-06-16T10:00:58+00:00\",\"breadcrumb\":{\"@id\":\"https:\\\/\\\/www.anovapeneira.gal\\\/index.php\\\/2025\\\/06\\\/16\\\/o-escritor-guardes-francisco-alvarez-koki-presenta-os-seus-libros-na-slc-de-reboreda\\\/#breadcrumb\"},\"inLanguage\":\"gl-ES\",\"potentialAction\":[{\"@type\":\"ReadAction\",\"target\":[\"https:\\\/\\\/www.anovapeneira.gal\\\/index.php\\\/2025\\\/06\\\/16\\\/o-escritor-guardes-francisco-alvarez-koki-presenta-os-seus-libros-na-slc-de-reboreda\\\/\"]}]},{\"@type\":\"ImageObject\",\"inLanguage\":\"gl-ES\",\"@id\":\"https:\\\/\\\/www.anovapeneira.gal\\\/index.php\\\/2025\\\/06\\\/16\\\/o-escritor-guardes-francisco-alvarez-koki-presenta-os-seus-libros-na-slc-de-reboreda\\\/#primaryimage\",\"url\":\"https:\\\/\\\/www.anovapeneira.gal\\\/wp-content\\\/uploads\\\/2025\\\/06\\\/koki_tino.jpg\",\"contentUrl\":\"https:\\\/\\\/www.anovapeneira.gal\\\/wp-content\\\/uploads\\\/2025\\\/06\\\/koki_tino.jpg\",\"width\":720,\"height\":432,\"caption\":\"KoKi Tino\"},{\"@type\":\"BreadcrumbList\",\"@id\":\"https:\\\/\\\/www.anovapeneira.gal\\\/index.php\\\/2025\\\/06\\\/16\\\/o-escritor-guardes-francisco-alvarez-koki-presenta-os-seus-libros-na-slc-de-reboreda\\\/#breadcrumb\",\"itemListElement\":[{\"@type\":\"ListItem\",\"position\":1,\"name\":\"Portada\",\"item\":\"https:\\\/\\\/www.anovapeneira.gal\\\/\"},{\"@type\":\"ListItem\",\"position\":2,\"name\":\"O escritor guard\u00e9s Francisco \u00c1lvarez \u201c Koki\u201d presenta os seus libros na SLC de Reboreda\"}]},{\"@type\":\"WebSite\",\"@id\":\"https:\\\/\\\/www.anovapeneira.gal\\\/#website\",\"url\":\"https:\\\/\\\/www.anovapeneira.gal\\\/\",\"name\":\"\",\"description\":\"Xornal galego de informaci\u00f3n xeral Publicaci\u00f3n mensual de novas de Galicia e en especial dos Concellos da sur da provincia de Pontevedra.\",\"publisher\":{\"@id\":\"https:\\\/\\\/www.anovapeneira.gal\\\/#organization\"},\"potentialAction\":[{\"@type\":\"SearchAction\",\"target\":{\"@type\":\"EntryPoint\",\"urlTemplate\":\"https:\\\/\\\/www.anovapeneira.gal\\\/?s={search_term_string}\"},\"query-input\":{\"@type\":\"PropertyValueSpecification\",\"valueRequired\":true,\"valueName\":\"search_term_string\"}}],\"inLanguage\":\"gl-ES\"},{\"@type\":\"Organization\",\"@id\":\"https:\\\/\\\/www.anovapeneira.gal\\\/#organization\",\"name\":\"A Nova Peneira\",\"url\":\"https:\\\/\\\/www.anovapeneira.gal\\\/\",\"logo\":{\"@type\":\"ImageObject\",\"inLanguage\":\"gl-ES\",\"@id\":\"https:\\\/\\\/www.anovapeneira.gal\\\/#\\\/schema\\\/logo\\\/image\\\/\",\"url\":\"http:\\\/\\\/www.anovapeneira.gal\\\/wp-content\\\/uploads\\\/2019\\\/06\\\/logo_a_nova_peneira_portal_web.png\",\"contentUrl\":\"http:\\\/\\\/www.anovapeneira.gal\\\/wp-content\\\/uploads\\\/2019\\\/06\\\/logo_a_nova_peneira_portal_web.png\",\"width\":300,\"height\":100,\"caption\":\"A Nova Peneira\"},\"image\":{\"@id\":\"https:\\\/\\\/www.anovapeneira.gal\\\/#\\\/schema\\\/logo\\\/image\\\/\"},\"sameAs\":[\"https:\\\/\\\/www.facebook.com\\\/anovapeneira\",\"https:\\\/\\\/x.com\\\/APeneira\"]},{\"@type\":\"Person\",\"@id\":\"https:\\\/\\\/www.anovapeneira.gal\\\/#\\\/schema\\\/person\\\/b93e3f8932e3f8da96334607eb6ac6aa\",\"name\":\"Redacci\u00f3n A Nova Peneira\",\"image\":{\"@type\":\"ImageObject\",\"inLanguage\":\"gl-ES\",\"@id\":\"https:\\\/\\\/secure.gravatar.com\\\/avatar\\\/c052a2551a06e23fac63626232eaa90abd78dbcf1700fc46a2b2c89fd27b735f?s=96&d=mm&r=g\",\"url\":\"https:\\\/\\\/secure.gravatar.com\\\/avatar\\\/c052a2551a06e23fac63626232eaa90abd78dbcf1700fc46a2b2c89fd27b735f?s=96&d=mm&r=g\",\"contentUrl\":\"https:\\\/\\\/secure.gravatar.com\\\/avatar\\\/c052a2551a06e23fac63626232eaa90abd78dbcf1700fc46a2b2c89fd27b735f?s=96&d=mm&r=g\",\"caption\":\"Redacci\u00f3n A Nova Peneira\"},\"sameAs\":[\"http:\\\/\\\/www.anovapeneira.gal\\\/\"],\"url\":\"https:\\\/\\\/www.anovapeneira.gal\\\/index.php\\\/author\\\/redactor\\\/\"}]}<\/script>\n<!-- \/ Yoast SEO plugin. -->","yoast_head_json":{"title":"O escritor guard\u00e9s Francisco \u00c1lvarez \u201c Koki\u201d presenta os seus libros na SLC de Reboreda -","robots":{"index":"index","follow":"follow","max-snippet":"max-snippet:-1","max-image-preview":"max-image-preview:large","max-video-preview":"max-video-preview:-1"},"canonical":"https:\/\/www.anovapeneira.gal\/index.php\/2025\/06\/16\/o-escritor-guardes-francisco-alvarez-koki-presenta-os-seus-libros-na-slc-de-reboreda\/","og_locale":"gl_ES","og_type":"article","og_title":"O escritor guard\u00e9s Francisco \u00c1lvarez \u201c Koki\u201d presenta os seus libros na SLC de Reboreda -","og_description":"O pasado venres 6 de xu\u00f1o a SLC de Reboreda acolleu a presentaci\u00f3n de dous dos libros do escritor guard\u00e9s Francisco \u00c1lvarez \u201cKoki\u201d: \u201c Ratas en Manhattan\u201d e \u201cM\u00e1is al\u00f3 de Fisterra\u201d. [...]","og_url":"https:\/\/www.anovapeneira.gal\/index.php\/2025\/06\/16\/o-escritor-guardes-francisco-alvarez-koki-presenta-os-seus-libros-na-slc-de-reboreda\/","article_publisher":"https:\/\/www.facebook.com\/anovapeneira","article_published_time":"2025-06-16T10:00:58+00:00","og_image":[{"width":720,"height":432,"url":"https:\/\/www.anovapeneira.gal\/wp-content\/uploads\/2025\/06\/koki_tino.jpg","type":"image\/jpeg"}],"author":"Redacci\u00f3n A Nova Peneira","twitter_card":"summary_large_image","twitter_creator":"@APeneira","twitter_site":"@APeneira","twitter_misc":{"Escrito por":"Redacci\u00f3n A Nova Peneira","Tempo de lectura":"1 minuto"},"schema":{"@context":"https:\/\/schema.org","@graph":[{"@type":"Article","@id":"https:\/\/www.anovapeneira.gal\/index.php\/2025\/06\/16\/o-escritor-guardes-francisco-alvarez-koki-presenta-os-seus-libros-na-slc-de-reboreda\/#article","isPartOf":{"@id":"https:\/\/www.anovapeneira.gal\/index.php\/2025\/06\/16\/o-escritor-guardes-francisco-alvarez-koki-presenta-os-seus-libros-na-slc-de-reboreda\/"},"author":{"name":"Redacci\u00f3n A Nova Peneira","@id":"https:\/\/www.anovapeneira.gal\/#\/schema\/person\/b93e3f8932e3f8da96334607eb6ac6aa"},"headline":"O escritor guard\u00e9s Francisco \u00c1lvarez \u201c Koki\u201d presenta os seus libros na SLC de Reboreda","datePublished":"2025-06-16T10:00:58+00:00","mainEntityOfPage":{"@id":"https:\/\/www.anovapeneira.gal\/index.php\/2025\/06\/16\/o-escritor-guardes-francisco-alvarez-koki-presenta-os-seus-libros-na-slc-de-reboreda\/"},"wordCount":171,"commentCount":0,"publisher":{"@id":"https:\/\/www.anovapeneira.gal\/#organization"},"image":{"@id":"https:\/\/www.anovapeneira.gal\/index.php\/2025\/06\/16\/o-escritor-guardes-francisco-alvarez-koki-presenta-os-seus-libros-na-slc-de-reboreda\/#primaryimage"},"thumbnailUrl":"https:\/\/www.anovapeneira.gal\/wp-content\/uploads\/2025\/06\/koki_tino.jpg","keywords":["Concello de Redondela"],"articleSection":["Redondela"],"inLanguage":"gl-ES","potentialAction":[{"@type":"CommentAction","name":"Comment","target":["https:\/\/www.anovapeneira.gal\/index.php\/2025\/06\/16\/o-escritor-guardes-francisco-alvarez-koki-presenta-os-seus-libros-na-slc-de-reboreda\/#respond"]}]},{"@type":"WebPage","@id":"https:\/\/www.anovapeneira.gal\/index.php\/2025\/06\/16\/o-escritor-guardes-francisco-alvarez-koki-presenta-os-seus-libros-na-slc-de-reboreda\/","url":"https:\/\/www.anovapeneira.gal\/index.php\/2025\/06\/16\/o-escritor-guardes-francisco-alvarez-koki-presenta-os-seus-libros-na-slc-de-reboreda\/","name":"O escritor guard\u00e9s Francisco \u00c1lvarez \u201c Koki\u201d presenta os seus libros na SLC de Reboreda -","isPartOf":{"@id":"https:\/\/www.anovapeneira.gal\/#website"},"primaryImageOfPage":{"@id":"https:\/\/www.anovapeneira.gal\/index.php\/2025\/06\/16\/o-escritor-guardes-francisco-alvarez-koki-presenta-os-seus-libros-na-slc-de-reboreda\/#primaryimage"},"image":{"@id":"https:\/\/www.anovapeneira.gal\/index.php\/2025\/06\/16\/o-escritor-guardes-francisco-alvarez-koki-presenta-os-seus-libros-na-slc-de-reboreda\/#primaryimage"},"thumbnailUrl":"https:\/\/www.anovapeneira.gal\/wp-content\/uploads\/2025\/06\/koki_tino.jpg","datePublished":"2025-06-16T10:00:58+00:00","breadcrumb":{"@id":"https:\/\/www.anovapeneira.gal\/index.php\/2025\/06\/16\/o-escritor-guardes-francisco-alvarez-koki-presenta-os-seus-libros-na-slc-de-reboreda\/#breadcrumb"},"inLanguage":"gl-ES","potentialAction":[{"@type":"ReadAction","target":["https:\/\/www.anovapeneira.gal\/index.php\/2025\/06\/16\/o-escritor-guardes-francisco-alvarez-koki-presenta-os-seus-libros-na-slc-de-reboreda\/"]}]},{"@type":"ImageObject","inLanguage":"gl-ES","@id":"https:\/\/www.anovapeneira.gal\/index.php\/2025\/06\/16\/o-escritor-guardes-francisco-alvarez-koki-presenta-os-seus-libros-na-slc-de-reboreda\/#primaryimage","url":"https:\/\/www.anovapeneira.gal\/wp-content\/uploads\/2025\/06\/koki_tino.jpg","contentUrl":"https:\/\/www.anovapeneira.gal\/wp-content\/uploads\/2025\/06\/koki_tino.jpg","width":720,"height":432,"caption":"KoKi Tino"},{"@type":"BreadcrumbList","@id":"https:\/\/www.anovapeneira.gal\/index.php\/2025\/06\/16\/o-escritor-guardes-francisco-alvarez-koki-presenta-os-seus-libros-na-slc-de-reboreda\/#breadcrumb","itemListElement":[{"@type":"ListItem","position":1,"name":"Portada","item":"https:\/\/www.anovapeneira.gal\/"},{"@type":"ListItem","position":2,"name":"O escritor guard\u00e9s Francisco \u00c1lvarez \u201c Koki\u201d presenta os seus libros na SLC de Reboreda"}]},{"@type":"WebSite","@id":"https:\/\/www.anovapeneira.gal\/#website","url":"https:\/\/www.anovapeneira.gal\/","name":"","description":"Xornal galego de informaci\u00f3n xeral Publicaci\u00f3n mensual de novas de Galicia e en especial dos Concellos da sur da provincia de Pontevedra.","publisher":{"@id":"https:\/\/www.anovapeneira.gal\/#organization"},"potentialAction":[{"@type":"SearchAction","target":{"@type":"EntryPoint","urlTemplate":"https:\/\/www.anovapeneira.gal\/?s={search_term_string}"},"query-input":{"@type":"PropertyValueSpecification","valueRequired":true,"valueName":"search_term_string"}}],"inLanguage":"gl-ES"},{"@type":"Organization","@id":"https:\/\/www.anovapeneira.gal\/#organization","name":"A Nova Peneira","url":"https:\/\/www.anovapeneira.gal\/","logo":{"@type":"ImageObject","inLanguage":"gl-ES","@id":"https:\/\/www.anovapeneira.gal\/#\/schema\/logo\/image\/","url":"http:\/\/www.anovapeneira.gal\/wp-content\/uploads\/2019\/06\/logo_a_nova_peneira_portal_web.png","contentUrl":"http:\/\/www.anovapeneira.gal\/wp-content\/uploads\/2019\/06\/logo_a_nova_peneira_portal_web.png","width":300,"height":100,"caption":"A Nova Peneira"},"image":{"@id":"https:\/\/www.anovapeneira.gal\/#\/schema\/logo\/image\/"},"sameAs":["https:\/\/www.facebook.com\/anovapeneira","https:\/\/x.com\/APeneira"]},{"@type":"Person","@id":"https:\/\/www.anovapeneira.gal\/#\/schema\/person\/b93e3f8932e3f8da96334607eb6ac6aa","name":"Redacci\u00f3n A Nova Peneira","image":{"@type":"ImageObject","inLanguage":"gl-ES","@id":"https:\/\/secure.gravatar.com\/avatar\/c052a2551a06e23fac63626232eaa90abd78dbcf1700fc46a2b2c89fd27b735f?s=96&d=mm&r=g","url":"https:\/\/secure.gravatar.com\/avatar\/c052a2551a06e23fac63626232eaa90abd78dbcf1700fc46a2b2c89fd27b735f?s=96&d=mm&r=g","contentUrl":"https:\/\/secure.gravatar.com\/avatar\/c052a2551a06e23fac63626232eaa90abd78dbcf1700fc46a2b2c89fd27b735f?s=96&d=mm&r=g","caption":"Redacci\u00f3n A Nova Peneira"},"sameAs":["http:\/\/www.anovapeneira.gal\/"],"url":"https:\/\/www.anovapeneira.gal\/index.php\/author\/redactor\/"}]}},"jetpack_featured_media_url":"https:\/\/www.anovapeneira.gal\/wp-content\/uploads\/2025\/06\/koki_tino.jpg","_links":{"self":[{"href":"https:\/\/www.anovapeneira.gal\/index.php\/wp-json\/wp\/v2\/posts\/14057","targetHints":{"allow":["GET"]}}],"collection":[{"href":"https:\/\/www.anovapeneira.gal\/index.php\/wp-json\/wp\/v2\/posts"}],"about":[{"href":"https:\/\/www.anovapeneira.gal\/index.php\/wp-json\/wp\/v2\/types\/post"}],"author":[{"embeddable":true,"href":"https:\/\/www.anovapeneira.gal\/index.php\/wp-json\/wp\/v2\/users\/3"}],"replies":[{"embeddable":true,"href":"https:\/\/www.anovapeneira.gal\/index.php\/wp-json\/wp\/v2\/comments?post=14057"}],"version-history":[{"count":1,"href":"https:\/\/www.anovapeneira.gal\/index.php\/wp-json\/wp\/v2\/posts\/14057\/revisions"}],"predecessor-version":[{"id":14059,"href":"https:\/\/www.anovapeneira.gal\/index.php\/wp-json\/wp\/v2\/posts\/14057\/revisions\/14059"}],"wp:featuredmedia":[{"embeddable":true,"href":"https:\/\/www.anovapeneira.gal\/index.php\/wp-json\/wp\/v2\/media\/14058"}],"wp:attachment":[{"href":"https:\/\/www.anovapeneira.gal\/index.php\/wp-json\/wp\/v2\/media?parent=14057"}],"wp:term":[{"taxonomy":"category","embeddable":true,"href":"https:\/\/www.anovapeneira.gal\/index.php\/wp-json\/wp\/v2\/categories?post=14057"},{"taxonomy":"post_tag","embeddable":true,"href":"https:\/\/www.anovapeneira.gal\/index.php\/wp-json\/wp\/v2\/tags?post=14057"}],"curies":[{"name":"wp","href":"https:\/\/api.w.org\/{rel}","templated":true}]}}