{"id":1406,"date":"2019-10-02T14:00:23","date_gmt":"2019-10-02T12:00:23","guid":{"rendered":"http:\/\/www.anovapeneira.gal\/?p=1406"},"modified":"2019-09-30T22:59:31","modified_gmt":"2019-09-30T20:59:31","slug":"o-alcalde-da-guarda-entorpece-o-remate-das-obras-de-concepcion-arenal","status":"publish","type":"post","link":"https:\/\/www.anovapeneira.gal\/index.php\/2019\/10\/02\/o-alcalde-da-guarda-entorpece-o-remate-das-obras-de-concepcion-arenal\/","title":{"rendered":"O alcalde da Guarda entorpece o remate das obras de Concepci\u00f3n Arenal"},"content":{"rendered":"\n<h2 class=\"wp-block-heading\"> <strong>&#8220;Pretende impedir a s\u00faa conversi\u00f3n nunha r\u00faa de preferencia peonil ench\u00e9ndoa de veh\u00edculos&#8221;<\/strong><\/h2>\n\n\n\n<p> <strong>A Guarda, 25 setembro de 2019<\/strong><\/p>\n\n\n\n<p><strong>O tenente de alcalde do concello da Guarda e portavoz municipal do BNG, Anxo Baz,<\/strong> informou que o propio alcalde est\u00e1 entorpecendo o remate da r\u00faa Concepci\u00f3n Arenal. <em>\u201cDespois de pasar por unhas obras que se prolongaron no tempo co goberno anterior, provocando a incomodidade da veci\u00f1anza e do comercio local, coa chegada ao goberno do BNG, asumindo entre outras a \u00c1rea de Mobilidade, encargamos a sinalizaci\u00f3n definitiva e a colocaci\u00f3n\u00a0de bancos, papeleiras e xardineiras\u201d.\u00a0<\/em><\/p>\n\n\n\n<p>\nAnxo\nBaz, engade que <em>\u201cd\u00edas\ndespois, o alcalde decide pola s\u00faa conta impedir o env\u00edo do\nmaterial da Deputaci\u00f3n para paralizar o remate da obra. E onte, a\ntrav\u00e9s dos medios de comunicaci\u00f3n, a veci\u00f1anza ent\u00e9irase que\nquere abrir a r\u00faa ao tr\u00e1fico sen restrici\u00f3ns, provocando sorpresa,\nincerteza e inseguridade viaria e peonil\u201d.<\/em><\/p>\n\n\n\n<p>\nAnxo\nBaz, como concelleiro-delegado de Mobilidade, afirmou que <em>\u201cimos\nlevar adiante converter Concepci\u00f3n Arenal nunha r\u00faa de preferencia\npeonil, tal como est\u00e1 concebida no Plan de Mobilidade. Chegamos ao\ngoberno para iniciar un proceso de transformaci\u00f3n absolutamente\nnecesario, coa idea de aumentar o atractivo da vila, cun espazo\np\u00fablico moito m\u00e1is humano e amig\u00e1bel coa persoa que anda a p\u00e9 e\nque permita unha maior vitalidade comercial\u201d<\/em>.<\/p>\n\n\n\n<p>\nFinalmente,\no portavoz municipal do BNG e tenente de alcalde, indicou que\n<em>\u201cdebemos\nlembrar que sendo Santa Tegra un dos atractivos tur\u00edsticos m\u00e1is\nvisitados de Galiza, so o 1% das persoas visitantes entran na Guarda.\nAt\u00e9 o d\u00eda de hoxe, os distintos gobernos que pasaron pola vila,\nforon incapaces de rendabilizar unha aut\u00e9ntica gali\u00f1a de ovos de\nouro. Agora temos a posibilidade de nos dotar dun espazo p\u00fablico\npara as persoas, atractivo, que revitalice o noso concello e potencie\no comercio e a hostalar\u00eda guardesa. A veci\u00f1anza non quere un modelo\nbaseado en veh\u00edculos invadindo as r\u00faas, dando voltas e m\u00e1is voltas\npara aparcar, xa o tivemos e resultou un fracaso\u201d.<\/em><\/p>\n","protected":false},"excerpt":{"rendered":"<div class=\"mh-excerpt\"><p>O tenente de alcalde do concello da Guarda e portavoz municipal do BNG, Anxo Baz, informou que o propio alcalde est\u00e1 entorpecendo o remate da r\u00faa Concepci\u00f3n Arenal <a class=\"mh-excerpt-more\" href=\"https:\/\/www.anovapeneira.gal\/index.php\/2019\/10\/02\/o-alcalde-da-guarda-entorpece-o-remate-das-obras-de-concepcion-arenal\/\" title=\"O alcalde da Guarda entorpece o remate das obras de Concepci\u00f3n Arenal\">[&#8230;]<\/a><\/p>\n<\/div>","protected":false},"author":3,"featured_media":1407,"comment_status":"open","ping_status":"open","sticky":false,"template":"","format":"standard","meta":{"_exactmetrics_skip_tracking":false,"_exactmetrics_sitenote_active":false,"_exactmetrics_sitenote_note":"","_exactmetrics_sitenote_category":0,"footnotes":""},"categories":[21],"tags":[634,238,455],"class_list":{"0":"post-1406","1":"post","2":"type-post","3":"status-publish","4":"format-standard","5":"has-post-thumbnail","7":"category-baixo-mino","8":"tag-anxo-baz","9":"tag-concello-da-guarda","10":"tag-urbanismo"},"yoast_head":"<!-- This site is optimized with the Yoast SEO plugin v27.4 - https:\/\/yoast.com\/product\/yoast-seo-wordpress\/ -->\n<title>O alcalde da Guarda entorpece o remate das obras de Concepci\u00f3n Arenal -<\/title>\n<meta name=\"robots\" content=\"index, follow, max-snippet:-1, max-image-preview:large, max-video-preview:-1\" \/>\n<link rel=\"canonical\" href=\"https:\/\/www.anovapeneira.gal\/index.php\/2019\/10\/02\/o-alcalde-da-guarda-entorpece-o-remate-das-obras-de-concepcion-arenal\/\" \/>\n<meta property=\"og:locale\" content=\"gl_ES\" \/>\n<meta property=\"og:type\" content=\"article\" \/>\n<meta property=\"og:title\" content=\"O alcalde da Guarda entorpece o remate das obras de Concepci\u00f3n Arenal -\" \/>\n<meta property=\"og:description\" content=\"O tenente de alcalde do concello da Guarda e portavoz municipal do BNG, Anxo Baz, informou que o propio alcalde est\u00e1 entorpecendo o remate da r\u00faa Concepci\u00f3n Arenal [...]\" \/>\n<meta property=\"og:url\" content=\"https:\/\/www.anovapeneira.gal\/index.php\/2019\/10\/02\/o-alcalde-da-guarda-entorpece-o-remate-das-obras-de-concepcion-arenal\/\" \/>\n<meta property=\"article:publisher\" content=\"https:\/\/www.facebook.com\/anovapeneira\" \/>\n<meta property=\"article:published_time\" content=\"2019-10-02T12:00:23+00:00\" \/>\n<meta property=\"og:image\" content=\"https:\/\/www.anovapeneira.gal\/wp-content\/uploads\/2019\/09\/Anxo_guarda_a_nova_peneira.jpg\" \/>\n\t<meta property=\"og:image:width\" content=\"720\" \/>\n\t<meta property=\"og:image:height\" content=\"473\" \/>\n\t<meta property=\"og:image:type\" content=\"image\/jpeg\" \/>\n<meta name=\"author\" content=\"Redacci\u00f3n A Nova Peneira\" \/>\n<meta name=\"twitter:card\" content=\"summary_large_image\" \/>\n<meta name=\"twitter:creator\" content=\"@APeneira\" \/>\n<meta name=\"twitter:site\" content=\"@APeneira\" \/>\n<meta name=\"twitter:label1\" content=\"Escrito por\" \/>\n\t<meta name=\"twitter:data1\" content=\"Redacci\u00f3n A Nova Peneira\" \/>\n\t<meta name=\"twitter:label2\" content=\"Tempo de lectura\" \/>\n\t<meta name=\"twitter:data2\" content=\"2 minutos\" \/>\n<script type=\"application\/ld+json\" class=\"yoast-schema-graph\">{\"@context\":\"https:\\\/\\\/schema.org\",\"@graph\":[{\"@type\":\"Article\",\"@id\":\"https:\\\/\\\/www.anovapeneira.gal\\\/index.php\\\/2019\\\/10\\\/02\\\/o-alcalde-da-guarda-entorpece-o-remate-das-obras-de-concepcion-arenal\\\/#article\",\"isPartOf\":{\"@id\":\"https:\\\/\\\/www.anovapeneira.gal\\\/index.php\\\/2019\\\/10\\\/02\\\/o-alcalde-da-guarda-entorpece-o-remate-das-obras-de-concepcion-arenal\\\/\"},\"author\":{\"name\":\"Redacci\u00f3n A Nova Peneira\",\"@id\":\"https:\\\/\\\/www.anovapeneira.gal\\\/#\\\/schema\\\/person\\\/b93e3f8932e3f8da96334607eb6ac6aa\"},\"headline\":\"O alcalde da Guarda entorpece o remate das obras de Concepci\u00f3n Arenal\",\"datePublished\":\"2019-10-02T12:00:23+00:00\",\"mainEntityOfPage\":{\"@id\":\"https:\\\/\\\/www.anovapeneira.gal\\\/index.php\\\/2019\\\/10\\\/02\\\/o-alcalde-da-guarda-entorpece-o-remate-das-obras-de-concepcion-arenal\\\/\"},\"wordCount\":374,\"commentCount\":0,\"publisher\":{\"@id\":\"https:\\\/\\\/www.anovapeneira.gal\\\/#organization\"},\"image\":{\"@id\":\"https:\\\/\\\/www.anovapeneira.gal\\\/index.php\\\/2019\\\/10\\\/02\\\/o-alcalde-da-guarda-entorpece-o-remate-das-obras-de-concepcion-arenal\\\/#primaryimage\"},\"thumbnailUrl\":\"https:\\\/\\\/www.anovapeneira.gal\\\/wp-content\\\/uploads\\\/2019\\\/09\\\/Anxo_guarda_a_nova_peneira.jpg\",\"keywords\":[\"Anxo Baz\",\"Concello da Guarda\",\"Urbanismo\"],\"articleSection\":[\"Baixo Mi\u00f1o\"],\"inLanguage\":\"gl-ES\",\"potentialAction\":[{\"@type\":\"CommentAction\",\"name\":\"Comment\",\"target\":[\"https:\\\/\\\/www.anovapeneira.gal\\\/index.php\\\/2019\\\/10\\\/02\\\/o-alcalde-da-guarda-entorpece-o-remate-das-obras-de-concepcion-arenal\\\/#respond\"]}]},{\"@type\":\"WebPage\",\"@id\":\"https:\\\/\\\/www.anovapeneira.gal\\\/index.php\\\/2019\\\/10\\\/02\\\/o-alcalde-da-guarda-entorpece-o-remate-das-obras-de-concepcion-arenal\\\/\",\"url\":\"https:\\\/\\\/www.anovapeneira.gal\\\/index.php\\\/2019\\\/10\\\/02\\\/o-alcalde-da-guarda-entorpece-o-remate-das-obras-de-concepcion-arenal\\\/\",\"name\":\"O alcalde da Guarda entorpece o remate das obras de Concepci\u00f3n Arenal -\",\"isPartOf\":{\"@id\":\"https:\\\/\\\/www.anovapeneira.gal\\\/#website\"},\"primaryImageOfPage\":{\"@id\":\"https:\\\/\\\/www.anovapeneira.gal\\\/index.php\\\/2019\\\/10\\\/02\\\/o-alcalde-da-guarda-entorpece-o-remate-das-obras-de-concepcion-arenal\\\/#primaryimage\"},\"image\":{\"@id\":\"https:\\\/\\\/www.anovapeneira.gal\\\/index.php\\\/2019\\\/10\\\/02\\\/o-alcalde-da-guarda-entorpece-o-remate-das-obras-de-concepcion-arenal\\\/#primaryimage\"},\"thumbnailUrl\":\"https:\\\/\\\/www.anovapeneira.gal\\\/wp-content\\\/uploads\\\/2019\\\/09\\\/Anxo_guarda_a_nova_peneira.jpg\",\"datePublished\":\"2019-10-02T12:00:23+00:00\",\"breadcrumb\":{\"@id\":\"https:\\\/\\\/www.anovapeneira.gal\\\/index.php\\\/2019\\\/10\\\/02\\\/o-alcalde-da-guarda-entorpece-o-remate-das-obras-de-concepcion-arenal\\\/#breadcrumb\"},\"inLanguage\":\"gl-ES\",\"potentialAction\":[{\"@type\":\"ReadAction\",\"target\":[\"https:\\\/\\\/www.anovapeneira.gal\\\/index.php\\\/2019\\\/10\\\/02\\\/o-alcalde-da-guarda-entorpece-o-remate-das-obras-de-concepcion-arenal\\\/\"]}]},{\"@type\":\"ImageObject\",\"inLanguage\":\"gl-ES\",\"@id\":\"https:\\\/\\\/www.anovapeneira.gal\\\/index.php\\\/2019\\\/10\\\/02\\\/o-alcalde-da-guarda-entorpece-o-remate-das-obras-de-concepcion-arenal\\\/#primaryimage\",\"url\":\"https:\\\/\\\/www.anovapeneira.gal\\\/wp-content\\\/uploads\\\/2019\\\/09\\\/Anxo_guarda_a_nova_peneira.jpg\",\"contentUrl\":\"https:\\\/\\\/www.anovapeneira.gal\\\/wp-content\\\/uploads\\\/2019\\\/09\\\/Anxo_guarda_a_nova_peneira.jpg\",\"width\":720,\"height\":473,\"caption\":\"Anxo Concello da Guarda A Nova Peneira\"},{\"@type\":\"BreadcrumbList\",\"@id\":\"https:\\\/\\\/www.anovapeneira.gal\\\/index.php\\\/2019\\\/10\\\/02\\\/o-alcalde-da-guarda-entorpece-o-remate-das-obras-de-concepcion-arenal\\\/#breadcrumb\",\"itemListElement\":[{\"@type\":\"ListItem\",\"position\":1,\"name\":\"Portada\",\"item\":\"https:\\\/\\\/www.anovapeneira.gal\\\/\"},{\"@type\":\"ListItem\",\"position\":2,\"name\":\"O alcalde da Guarda entorpece o remate das obras de Concepci\u00f3n Arenal\"}]},{\"@type\":\"WebSite\",\"@id\":\"https:\\\/\\\/www.anovapeneira.gal\\\/#website\",\"url\":\"https:\\\/\\\/www.anovapeneira.gal\\\/\",\"name\":\"\",\"description\":\"Xornal galego de informaci\u00f3n xeral Publicaci\u00f3n mensual de novas de Galicia e en especial dos Concellos da sur da provincia de Pontevedra.\",\"publisher\":{\"@id\":\"https:\\\/\\\/www.anovapeneira.gal\\\/#organization\"},\"potentialAction\":[{\"@type\":\"SearchAction\",\"target\":{\"@type\":\"EntryPoint\",\"urlTemplate\":\"https:\\\/\\\/www.anovapeneira.gal\\\/?s={search_term_string}\"},\"query-input\":{\"@type\":\"PropertyValueSpecification\",\"valueRequired\":true,\"valueName\":\"search_term_string\"}}],\"inLanguage\":\"gl-ES\"},{\"@type\":\"Organization\",\"@id\":\"https:\\\/\\\/www.anovapeneira.gal\\\/#organization\",\"name\":\"A Nova Peneira\",\"url\":\"https:\\\/\\\/www.anovapeneira.gal\\\/\",\"logo\":{\"@type\":\"ImageObject\",\"inLanguage\":\"gl-ES\",\"@id\":\"https:\\\/\\\/www.anovapeneira.gal\\\/#\\\/schema\\\/logo\\\/image\\\/\",\"url\":\"http:\\\/\\\/www.anovapeneira.gal\\\/wp-content\\\/uploads\\\/2019\\\/06\\\/logo_a_nova_peneira_portal_web.png\",\"contentUrl\":\"http:\\\/\\\/www.anovapeneira.gal\\\/wp-content\\\/uploads\\\/2019\\\/06\\\/logo_a_nova_peneira_portal_web.png\",\"width\":300,\"height\":100,\"caption\":\"A Nova Peneira\"},\"image\":{\"@id\":\"https:\\\/\\\/www.anovapeneira.gal\\\/#\\\/schema\\\/logo\\\/image\\\/\"},\"sameAs\":[\"https:\\\/\\\/www.facebook.com\\\/anovapeneira\",\"https:\\\/\\\/x.com\\\/APeneira\"]},{\"@type\":\"Person\",\"@id\":\"https:\\\/\\\/www.anovapeneira.gal\\\/#\\\/schema\\\/person\\\/b93e3f8932e3f8da96334607eb6ac6aa\",\"name\":\"Redacci\u00f3n A Nova Peneira\",\"image\":{\"@type\":\"ImageObject\",\"inLanguage\":\"gl-ES\",\"@id\":\"https:\\\/\\\/secure.gravatar.com\\\/avatar\\\/c052a2551a06e23fac63626232eaa90abd78dbcf1700fc46a2b2c89fd27b735f?s=96&d=mm&r=g\",\"url\":\"https:\\\/\\\/secure.gravatar.com\\\/avatar\\\/c052a2551a06e23fac63626232eaa90abd78dbcf1700fc46a2b2c89fd27b735f?s=96&d=mm&r=g\",\"contentUrl\":\"https:\\\/\\\/secure.gravatar.com\\\/avatar\\\/c052a2551a06e23fac63626232eaa90abd78dbcf1700fc46a2b2c89fd27b735f?s=96&d=mm&r=g\",\"caption\":\"Redacci\u00f3n A Nova Peneira\"},\"sameAs\":[\"http:\\\/\\\/www.anovapeneira.gal\\\/\"],\"url\":\"https:\\\/\\\/www.anovapeneira.gal\\\/index.php\\\/author\\\/redactor\\\/\"}]}<\/script>\n<!-- \/ Yoast SEO plugin. -->","yoast_head_json":{"title":"O alcalde da Guarda entorpece o remate das obras de Concepci\u00f3n Arenal -","robots":{"index":"index","follow":"follow","max-snippet":"max-snippet:-1","max-image-preview":"max-image-preview:large","max-video-preview":"max-video-preview:-1"},"canonical":"https:\/\/www.anovapeneira.gal\/index.php\/2019\/10\/02\/o-alcalde-da-guarda-entorpece-o-remate-das-obras-de-concepcion-arenal\/","og_locale":"gl_ES","og_type":"article","og_title":"O alcalde da Guarda entorpece o remate das obras de Concepci\u00f3n Arenal -","og_description":"O tenente de alcalde do concello da Guarda e portavoz municipal do BNG, Anxo Baz, informou que o propio alcalde est\u00e1 entorpecendo o remate da r\u00faa Concepci\u00f3n Arenal [...]","og_url":"https:\/\/www.anovapeneira.gal\/index.php\/2019\/10\/02\/o-alcalde-da-guarda-entorpece-o-remate-das-obras-de-concepcion-arenal\/","article_publisher":"https:\/\/www.facebook.com\/anovapeneira","article_published_time":"2019-10-02T12:00:23+00:00","og_image":[{"width":720,"height":473,"url":"https:\/\/www.anovapeneira.gal\/wp-content\/uploads\/2019\/09\/Anxo_guarda_a_nova_peneira.jpg","type":"image\/jpeg"}],"author":"Redacci\u00f3n A Nova Peneira","twitter_card":"summary_large_image","twitter_creator":"@APeneira","twitter_site":"@APeneira","twitter_misc":{"Escrito por":"Redacci\u00f3n A Nova Peneira","Tempo de lectura":"2 minutos"},"schema":{"@context":"https:\/\/schema.org","@graph":[{"@type":"Article","@id":"https:\/\/www.anovapeneira.gal\/index.php\/2019\/10\/02\/o-alcalde-da-guarda-entorpece-o-remate-das-obras-de-concepcion-arenal\/#article","isPartOf":{"@id":"https:\/\/www.anovapeneira.gal\/index.php\/2019\/10\/02\/o-alcalde-da-guarda-entorpece-o-remate-das-obras-de-concepcion-arenal\/"},"author":{"name":"Redacci\u00f3n A Nova Peneira","@id":"https:\/\/www.anovapeneira.gal\/#\/schema\/person\/b93e3f8932e3f8da96334607eb6ac6aa"},"headline":"O alcalde da Guarda entorpece o remate das obras de Concepci\u00f3n Arenal","datePublished":"2019-10-02T12:00:23+00:00","mainEntityOfPage":{"@id":"https:\/\/www.anovapeneira.gal\/index.php\/2019\/10\/02\/o-alcalde-da-guarda-entorpece-o-remate-das-obras-de-concepcion-arenal\/"},"wordCount":374,"commentCount":0,"publisher":{"@id":"https:\/\/www.anovapeneira.gal\/#organization"},"image":{"@id":"https:\/\/www.anovapeneira.gal\/index.php\/2019\/10\/02\/o-alcalde-da-guarda-entorpece-o-remate-das-obras-de-concepcion-arenal\/#primaryimage"},"thumbnailUrl":"https:\/\/www.anovapeneira.gal\/wp-content\/uploads\/2019\/09\/Anxo_guarda_a_nova_peneira.jpg","keywords":["Anxo Baz","Concello da Guarda","Urbanismo"],"articleSection":["Baixo Mi\u00f1o"],"inLanguage":"gl-ES","potentialAction":[{"@type":"CommentAction","name":"Comment","target":["https:\/\/www.anovapeneira.gal\/index.php\/2019\/10\/02\/o-alcalde-da-guarda-entorpece-o-remate-das-obras-de-concepcion-arenal\/#respond"]}]},{"@type":"WebPage","@id":"https:\/\/www.anovapeneira.gal\/index.php\/2019\/10\/02\/o-alcalde-da-guarda-entorpece-o-remate-das-obras-de-concepcion-arenal\/","url":"https:\/\/www.anovapeneira.gal\/index.php\/2019\/10\/02\/o-alcalde-da-guarda-entorpece-o-remate-das-obras-de-concepcion-arenal\/","name":"O alcalde da Guarda entorpece o remate das obras de Concepci\u00f3n Arenal -","isPartOf":{"@id":"https:\/\/www.anovapeneira.gal\/#website"},"primaryImageOfPage":{"@id":"https:\/\/www.anovapeneira.gal\/index.php\/2019\/10\/02\/o-alcalde-da-guarda-entorpece-o-remate-das-obras-de-concepcion-arenal\/#primaryimage"},"image":{"@id":"https:\/\/www.anovapeneira.gal\/index.php\/2019\/10\/02\/o-alcalde-da-guarda-entorpece-o-remate-das-obras-de-concepcion-arenal\/#primaryimage"},"thumbnailUrl":"https:\/\/www.anovapeneira.gal\/wp-content\/uploads\/2019\/09\/Anxo_guarda_a_nova_peneira.jpg","datePublished":"2019-10-02T12:00:23+00:00","breadcrumb":{"@id":"https:\/\/www.anovapeneira.gal\/index.php\/2019\/10\/02\/o-alcalde-da-guarda-entorpece-o-remate-das-obras-de-concepcion-arenal\/#breadcrumb"},"inLanguage":"gl-ES","potentialAction":[{"@type":"ReadAction","target":["https:\/\/www.anovapeneira.gal\/index.php\/2019\/10\/02\/o-alcalde-da-guarda-entorpece-o-remate-das-obras-de-concepcion-arenal\/"]}]},{"@type":"ImageObject","inLanguage":"gl-ES","@id":"https:\/\/www.anovapeneira.gal\/index.php\/2019\/10\/02\/o-alcalde-da-guarda-entorpece-o-remate-das-obras-de-concepcion-arenal\/#primaryimage","url":"https:\/\/www.anovapeneira.gal\/wp-content\/uploads\/2019\/09\/Anxo_guarda_a_nova_peneira.jpg","contentUrl":"https:\/\/www.anovapeneira.gal\/wp-content\/uploads\/2019\/09\/Anxo_guarda_a_nova_peneira.jpg","width":720,"height":473,"caption":"Anxo Concello da Guarda A Nova Peneira"},{"@type":"BreadcrumbList","@id":"https:\/\/www.anovapeneira.gal\/index.php\/2019\/10\/02\/o-alcalde-da-guarda-entorpece-o-remate-das-obras-de-concepcion-arenal\/#breadcrumb","itemListElement":[{"@type":"ListItem","position":1,"name":"Portada","item":"https:\/\/www.anovapeneira.gal\/"},{"@type":"ListItem","position":2,"name":"O alcalde da Guarda entorpece o remate das obras de Concepci\u00f3n Arenal"}]},{"@type":"WebSite","@id":"https:\/\/www.anovapeneira.gal\/#website","url":"https:\/\/www.anovapeneira.gal\/","name":"","description":"Xornal galego de informaci\u00f3n xeral Publicaci\u00f3n mensual de novas de Galicia e en especial dos Concellos da sur da provincia de Pontevedra.","publisher":{"@id":"https:\/\/www.anovapeneira.gal\/#organization"},"potentialAction":[{"@type":"SearchAction","target":{"@type":"EntryPoint","urlTemplate":"https:\/\/www.anovapeneira.gal\/?s={search_term_string}"},"query-input":{"@type":"PropertyValueSpecification","valueRequired":true,"valueName":"search_term_string"}}],"inLanguage":"gl-ES"},{"@type":"Organization","@id":"https:\/\/www.anovapeneira.gal\/#organization","name":"A Nova Peneira","url":"https:\/\/www.anovapeneira.gal\/","logo":{"@type":"ImageObject","inLanguage":"gl-ES","@id":"https:\/\/www.anovapeneira.gal\/#\/schema\/logo\/image\/","url":"http:\/\/www.anovapeneira.gal\/wp-content\/uploads\/2019\/06\/logo_a_nova_peneira_portal_web.png","contentUrl":"http:\/\/www.anovapeneira.gal\/wp-content\/uploads\/2019\/06\/logo_a_nova_peneira_portal_web.png","width":300,"height":100,"caption":"A Nova Peneira"},"image":{"@id":"https:\/\/www.anovapeneira.gal\/#\/schema\/logo\/image\/"},"sameAs":["https:\/\/www.facebook.com\/anovapeneira","https:\/\/x.com\/APeneira"]},{"@type":"Person","@id":"https:\/\/www.anovapeneira.gal\/#\/schema\/person\/b93e3f8932e3f8da96334607eb6ac6aa","name":"Redacci\u00f3n A Nova Peneira","image":{"@type":"ImageObject","inLanguage":"gl-ES","@id":"https:\/\/secure.gravatar.com\/avatar\/c052a2551a06e23fac63626232eaa90abd78dbcf1700fc46a2b2c89fd27b735f?s=96&d=mm&r=g","url":"https:\/\/secure.gravatar.com\/avatar\/c052a2551a06e23fac63626232eaa90abd78dbcf1700fc46a2b2c89fd27b735f?s=96&d=mm&r=g","contentUrl":"https:\/\/secure.gravatar.com\/avatar\/c052a2551a06e23fac63626232eaa90abd78dbcf1700fc46a2b2c89fd27b735f?s=96&d=mm&r=g","caption":"Redacci\u00f3n A Nova Peneira"},"sameAs":["http:\/\/www.anovapeneira.gal\/"],"url":"https:\/\/www.anovapeneira.gal\/index.php\/author\/redactor\/"}]}},"jetpack_featured_media_url":"https:\/\/www.anovapeneira.gal\/wp-content\/uploads\/2019\/09\/Anxo_guarda_a_nova_peneira.jpg","_links":{"self":[{"href":"https:\/\/www.anovapeneira.gal\/index.php\/wp-json\/wp\/v2\/posts\/1406","targetHints":{"allow":["GET"]}}],"collection":[{"href":"https:\/\/www.anovapeneira.gal\/index.php\/wp-json\/wp\/v2\/posts"}],"about":[{"href":"https:\/\/www.anovapeneira.gal\/index.php\/wp-json\/wp\/v2\/types\/post"}],"author":[{"embeddable":true,"href":"https:\/\/www.anovapeneira.gal\/index.php\/wp-json\/wp\/v2\/users\/3"}],"replies":[{"embeddable":true,"href":"https:\/\/www.anovapeneira.gal\/index.php\/wp-json\/wp\/v2\/comments?post=1406"}],"version-history":[{"count":1,"href":"https:\/\/www.anovapeneira.gal\/index.php\/wp-json\/wp\/v2\/posts\/1406\/revisions"}],"predecessor-version":[{"id":1408,"href":"https:\/\/www.anovapeneira.gal\/index.php\/wp-json\/wp\/v2\/posts\/1406\/revisions\/1408"}],"wp:featuredmedia":[{"embeddable":true,"href":"https:\/\/www.anovapeneira.gal\/index.php\/wp-json\/wp\/v2\/media\/1407"}],"wp:attachment":[{"href":"https:\/\/www.anovapeneira.gal\/index.php\/wp-json\/wp\/v2\/media?parent=1406"}],"wp:term":[{"taxonomy":"category","embeddable":true,"href":"https:\/\/www.anovapeneira.gal\/index.php\/wp-json\/wp\/v2\/categories?post=1406"},{"taxonomy":"post_tag","embeddable":true,"href":"https:\/\/www.anovapeneira.gal\/index.php\/wp-json\/wp\/v2\/tags?post=1406"}],"curies":[{"name":"wp","href":"https:\/\/api.w.org\/{rel}","templated":true}]}}