{"id":14065,"date":"2025-06-18T10:00:35","date_gmt":"2025-06-18T08:00:35","guid":{"rendered":"https:\/\/www.anovapeneira.gal\/?p=14065"},"modified":"2025-06-13T05:21:01","modified_gmt":"2025-06-13T03:21:01","slug":"o-billar-redondelan-no-mais-alto-de-galicia","status":"publish","type":"post","link":"https:\/\/www.anovapeneira.gal\/index.php\/2025\/06\/18\/o-billar-redondelan-no-mais-alto-de-galicia\/","title":{"rendered":"O billar redondel\u00e1n no m\u00e1is alto de Galicia"},"content":{"rendered":"\n<p><strong>Unha xeraci\u00f3n de redondel\u00e1ns e de redondel\u00e1s somos fillos e fillas de \u201c Xogos Xan\u201d.Nese local aprendemos a xogar e a amar o billar. E para min , que gocei entre as s\u00faas paredes nas infinitas tardes do ver\u00e1n de Redondela de incontables partidas de billar, \u00e9 un orgullo ver que o paso do tempo fixo que dous dos cativos que comezaban a xogar na devandita sala, est\u00e1n agora no m\u00e1is alto do podio do billar galego. Eles son Josu\u00e9 e Rodrigo,xunto co seu compa\u00f1eiro Telmo, campi\u00f3ns dun prestixioso torneo por equipos que disputaron os m\u00e1is importantes xogadores de billar de todo o pa\u00eds galego. Non podiamos deixar pasar a ocasi\u00f3n de conversar con eles, para que nos explicaran mellor a s\u00faa historia, e as caracter\u00edsticas deste marabilloso deporte. Vela\u00ed vai o que deu de si a nosa conversa.<\/strong><\/p>\n\n\n\n<p><strong>Josu\u00e9 Alejandro e Rodrigo Veiga campi\u00f3ns de billar.<\/strong><\/p>\n\n\n\n<h2 class=\"wp-block-heading\">\u201c<strong>No billar \u00e9 esencial a confianza. Se existe conexi\u00f3n ente a mente e o brazo podes con todo\u201d<\/strong><\/h2>\n\n\n\n<p><strong>Imos comezar polo principio: por co\u00f1ecervos mellor?<\/strong><\/p>\n\n\n\n<blockquote class=\"wp-block-quote is-layout-flow wp-block-quote-is-layout-flow\">\n<p>Ben, pois ei son Josu\u00e9 o do Guay, un local moi co\u00f1ecido en Redondela. Comecei a xogar ao billar con 12 anos porque hai moito tempo, no noso local hab\u00eda unha mesa de billar. Gustoume moito abof\u00e9, pero as circunstancias da vida fixeron que o deixara durante m\u00e1is de 10 anos, ata que un d\u00eda Rodrigo me convenceu para retomalo. E ata agora que contin\u00fao practic\u00e1ndoo con paix\u00f3n.<\/p>\n<\/blockquote>\n\n\n\n<p><strong>O billar \u00e9 un deporte?<\/strong><\/p>\n\n\n\n<blockquote class=\"wp-block-quote is-layout-flow wp-block-quote-is-layout-flow\">\n<p>Para min si, claramente si. Compites e tes desgaste f\u00edsico e mental exactamente igual que en calquera outro deporte.<\/p>\n<\/blockquote>\n\n\n\n<p><strong>Ben, agora t\u00f3cache a ti, Rodri?<\/strong><\/p>\n\n\n\n<blockquote class=\"wp-block-quote is-layout-flow wp-block-quote-is-layout-flow\">\n<p>Eu son un rapaz de Redondela que te\u00f1o d\u00faas grandes paix\u00f3ns: A m\u00fasica, unha faceta pola que son moi co\u00f1ecido no pobo, e o billar, que o practico xa desde hai moitos anos. Tam\u00e9n, como Josu\u00e9, tiven unha importante parada, de anos, na pr\u00e1ctica do billar.<\/p>\n<\/blockquote>\n\n\n\n<p><strong>Ti tam\u00e9n sentes paix\u00f3n polo billar?<\/strong><\/p>\n\n\n\n<blockquote class=\"wp-block-quote is-layout-flow wp-block-quote-is-layout-flow\">\n<p>Si, o compa\u00f1eiro e eu somos dous namorados do billar. Quer\u00eda puntualizar o que dixo Josu\u00e9<\/p>\n<\/blockquote>\n\n\n\n<p><strong>Sobre?<\/strong><\/p>\n\n\n\n<blockquote class=\"wp-block-quote is-layout-flow wp-block-quote-is-layout-flow\">\n<p>O billar \u00e9 un deporte, claro que si. Pero tam\u00e9n \u00e9 un xogo de pensar. Hai que desenvolver estratexias constantemente en todas e cada unha das partidas.<\/p>\n<\/blockquote>\n\n\n\n<p><strong>Agora temos un club de billar en Redondela, verdade?<\/strong><\/p>\n\n\n\n<blockquote class=\"wp-block-quote is-layout-flow wp-block-quote-is-layout-flow\">\n<p>Si, o \u201cClub Billar Na L\u00faa\u201d, algo que antigamente era impensable.<\/p>\n<\/blockquote>\n\n\n\n<p><strong>Cantos membros ten?<\/strong><\/p>\n\n\n\n<blockquote class=\"wp-block-quote is-layout-flow wp-block-quote-is-layout-flow\">\n<p>Entre 17 e 19.<\/p>\n<\/blockquote>\n\n\n\n<p><strong>Por onde xogades?<\/strong><\/p>\n\n\n\n<blockquote class=\"wp-block-quote is-layout-flow wp-block-quote-is-layout-flow\">\n<p>Por toda Galicia, con xente marabillosa. Incluso Rodrigo foi varias veces a La Vegas.<\/p>\n<\/blockquote>\n\n\n\n<p><strong>Cando foi,Rodri?<\/strong><\/p>\n\n\n\n<blockquote class=\"wp-block-quote is-layout-flow wp-block-quote-is-layout-flow\">\n<p>No 2003, por vez primeira cheguei a disputar un mundial. Foi algo impresionante, al\u00ed v\u00edvese o billar cunha dimensi\u00f3n que non hai aqu\u00ed nin por asomo.<\/p>\n<\/blockquote>\n\n\n\n<p><strong>O billar \u00e9 como montar en bicicleta, unha vez que aprendes non se esquece?<\/strong><\/p>\n\n\n\n<blockquote class=\"wp-block-quote is-layout-flow wp-block-quote-is-layout-flow\">\n<p>Non exactamente. Necesita moito adestramento.<\/p>\n<\/blockquote>\n\n\n\n<p><strong>Canto tempo lle dedicades ao d\u00eda?<\/strong><\/p>\n\n\n\n<blockquote class=\"wp-block-quote is-layout-flow wp-block-quote-is-layout-flow\">\n<p>Depende das circunstancias e do momento da vida, pero podemos dicir que arredor de d\u00faas horas ao d\u00eda. En calquera caso adestrar \u00e9 importante, pero non o m\u00e1is importante. Unha alta porcentaxe de culpa no \u00e9xito que te\u00f1as esta na t\u00faa situaci\u00f3n mental persoal.<\/p>\n<\/blockquote>\n\n\n\n<p><strong>O billar ten unha parte de creatividade?<\/strong><\/p>\n\n\n\n<blockquote class=\"wp-block-quote is-layout-flow wp-block-quote-is-layout-flow\">\n<p>Si, rotundamente si. Non hai d\u00faas partidas iguais.<\/p>\n<\/blockquote>\n\n\n\n<p><strong>Hai alg\u00fan xogador que vos pareza especialmente destacable?<\/strong><\/p>\n\n\n\n<blockquote class=\"wp-block-quote is-layout-flow wp-block-quote-is-layout-flow\">\n<p>Pois si, quixeramos destacar ao noso compa\u00f1eiro Telmo Torres, un xogador portugu\u00e9s que vive en Cangas e que ten unha calidade enorme.<\/p>\n<\/blockquote>\n\n\n\n<p><strong>Hai varias modalidades de billar. A vosa \u00e9 \u201cbola 9\u201d.En que consiste?<\/strong><\/p>\n\n\n\n<blockquote class=\"wp-block-quote is-layout-flow wp-block-quote-is-layout-flow\">\n<p>Son nove bolas, que forman un rombo, e hainas que meter por orde.<\/p>\n<\/blockquote>\n\n\n\n<p><strong>Como \u00e9 o campionato galego que ga\u00f1astes?<\/strong><\/p>\n\n\n\n<blockquote class=\"wp-block-quote is-layout-flow wp-block-quote-is-layout-flow\">\n<p>Ga\u00f1amos un campionato dos mellores equipos de Galicia de bola 8.O campionato galego \u00e9 outra cousa. En calquera caso foi un orgullo enorme e unha satisfacci\u00f3n absoluta podelo ga\u00f1ar<\/p>\n<\/blockquote>\n\n\n\n<p><strong>Ides presentarvos ao campionato galego?<\/strong><\/p>\n\n\n\n<blockquote class=\"wp-block-quote is-layout-flow wp-block-quote-is-layout-flow\">\n<p>Si, por suposto que si. Comeza o 13 de Xullo. Xa nunha ocasi\u00f3n lograramos facer un segundo posto e este ano imos a polo primeiro.<\/p>\n<\/blockquote>\n\n\n\n<p><strong>Vaia, non sab\u00eda que en Redondela tiveramos un nivel de billar tan elevado?<\/strong><\/p>\n\n\n\n<blockquote class=\"wp-block-quote is-layout-flow wp-block-quote-is-layout-flow\">\n<p>Pois si, si que o temos Marcos. E aproveitamos a t\u00faa amabilidade ao facernos esta entrevista, para dicirlle ao Concello desde as vosas p\u00e1xinas que lle dea m\u00e1is visibilidade ao noso deporte. Non creo que haxa en Redondela clubs de ning\u00fan deporte que te\u00f1an o palmar\u00e9s de trofeos que ten o \u201c Club de billar na L\u00faa\u201d.<\/p>\n<\/blockquote>\n\n\n\n<p><strong>Como vos financiades?<\/strong><\/p>\n\n\n\n<blockquote class=\"wp-block-quote is-layout-flow wp-block-quote-is-layout-flow\">\n<p>Pagamos unha cota mensual ao club, e o que non chegue para alg\u00fan evento concreto, pois po\u00f1\u00e9molo dos nosos petos.<\/p>\n<\/blockquote>\n\n\n\n<p><strong>E \u00e1s veces que Rodrigo foi a Las Vegas?<\/strong><\/p>\n\n\n\n<blockquote class=\"wp-block-quote is-layout-flow wp-block-quote-is-layout-flow\">\n<p>Primeiro tes que xogar unha clasificaci\u00f3n, se a ga\u00f1as podes ir, e p\u00e1ganche a viaxe, s\u00f3 a viaxe. As dietas non.<\/p>\n<\/blockquote>\n\n\n\n<p><strong>Se tiverades que destacar algunha caracter\u00edstica como esencial para ser un bo xogador de billar, cal ser\u00eda?<\/strong><\/p>\n\n\n\n<blockquote class=\"wp-block-quote is-layout-flow wp-block-quote-is-layout-flow\">\n<p>A confianza. Por moito traballo que leves detr\u00e1s, se chegas ao momento da partida e a confianza falla, non hai nada que facer. Pola contra se est\u00e1s motivado e con confianza podes con todo o que ve\u00f1a. No billar a conexi\u00f3n do brazo coa mente \u00e9 esencial, se falla est\u00e1s perdido.<\/p>\n<\/blockquote>\n\n\n\n<p><strong>Rematamos: Creo que a conexi\u00f3n entre volos dous \u00e9 espectacular, verdade?<\/strong><\/p>\n\n\n\n<blockquote class=\"wp-block-quote is-layout-flow wp-block-quote-is-layout-flow\">\n<p>Pois si, hai algunha an\u00e9cdota por a\u00ed ao respecto, pero separarnos a n\u00f3s ser\u00eda case como se separasen ao d\u00fao Pimpinela. Antes de acabar quixeramos agradecer a importancia que tivo Joaqu\u00edn Lago en que n\u00f3s, despois de anos sen xogar ao billar, volveramos retomar a pr\u00e1ctica deste marabilloso deporte.<\/p>\n<\/blockquote>\n","protected":false},"excerpt":{"rendered":"<div class=\"mh-excerpt\"><p>Unha xeraci\u00f3n de redondel\u00e1ns e de redondel\u00e1s somos fillos e fillas de \u201c Xogos Xan\u201d.Nese local aprendemos a xogar e a amar o billar <a class=\"mh-excerpt-more\" href=\"https:\/\/www.anovapeneira.gal\/index.php\/2025\/06\/18\/o-billar-redondelan-no-mais-alto-de-galicia\/\" title=\"O billar redondel\u00e1n no m\u00e1is alto de Galicia\">[&#8230;]<\/a><\/p>\n<\/div>","protected":false},"author":6,"featured_media":14066,"comment_status":"open","ping_status":"open","sticky":false,"template":"","format":"standard","meta":{"_exactmetrics_skip_tracking":false,"_exactmetrics_sitenote_active":false,"_exactmetrics_sitenote_note":"","_exactmetrics_sitenote_category":0,"footnotes":""},"categories":[270],"tags":[171],"class_list":{"0":"post-14065","1":"post","2":"type-post","3":"status-publish","4":"format-standard","5":"has-post-thumbnail","7":"category-redondela-entrevistas","8":"tag-concello-de-redondela"},"yoast_head":"<!-- This site is optimized with the Yoast SEO plugin v27.5 - https:\/\/yoast.com\/product\/yoast-seo-wordpress\/ -->\n<title>O billar redondel\u00e1n no m\u00e1is alto de Galicia -<\/title>\n<meta name=\"robots\" content=\"index, follow, max-snippet:-1, max-image-preview:large, max-video-preview:-1\" \/>\n<link rel=\"canonical\" href=\"https:\/\/www.anovapeneira.gal\/index.php\/2025\/06\/18\/o-billar-redondelan-no-mais-alto-de-galicia\/\" \/>\n<meta property=\"og:locale\" content=\"gl_ES\" \/>\n<meta property=\"og:type\" content=\"article\" \/>\n<meta property=\"og:title\" content=\"O billar redondel\u00e1n no m\u00e1is alto de Galicia -\" \/>\n<meta property=\"og:description\" content=\"Unha xeraci\u00f3n de redondel\u00e1ns e de redondel\u00e1s somos fillos e fillas de \u201c Xogos Xan\u201d.Nese local aprendemos a xogar e a amar o billar [...]\" \/>\n<meta property=\"og:url\" content=\"https:\/\/www.anovapeneira.gal\/index.php\/2025\/06\/18\/o-billar-redondelan-no-mais-alto-de-galicia\/\" \/>\n<meta property=\"article:publisher\" content=\"https:\/\/www.facebook.com\/anovapeneira\" \/>\n<meta property=\"article:published_time\" content=\"2025-06-18T08:00:35+00:00\" \/>\n<meta property=\"og:image\" content=\"https:\/\/www.anovapeneira.gal\/wp-content\/uploads\/2025\/06\/billar_redondela.png\" \/>\n\t<meta property=\"og:image:width\" content=\"720\" \/>\n\t<meta property=\"og:image:height\" content=\"432\" \/>\n\t<meta property=\"og:image:type\" content=\"image\/png\" \/>\n<meta name=\"author\" content=\"Marcos Santos\" \/>\n<meta name=\"twitter:card\" content=\"summary_large_image\" \/>\n<meta name=\"twitter:creator\" content=\"@APeneira\" \/>\n<meta name=\"twitter:site\" content=\"@APeneira\" \/>\n<meta name=\"twitter:label1\" content=\"Escrito por\" \/>\n\t<meta name=\"twitter:data1\" content=\"Marcos Santos\" \/>\n\t<meta name=\"twitter:label2\" content=\"Tempo de lectura\" \/>\n\t<meta name=\"twitter:data2\" content=\"2 minutos\" \/>\n<script type=\"application\/ld+json\" class=\"yoast-schema-graph\">{\"@context\":\"https:\\\/\\\/schema.org\",\"@graph\":[{\"@type\":\"Article\",\"@id\":\"https:\\\/\\\/www.anovapeneira.gal\\\/index.php\\\/2025\\\/06\\\/18\\\/o-billar-redondelan-no-mais-alto-de-galicia\\\/#article\",\"isPartOf\":{\"@id\":\"https:\\\/\\\/www.anovapeneira.gal\\\/index.php\\\/2025\\\/06\\\/18\\\/o-billar-redondelan-no-mais-alto-de-galicia\\\/\"},\"author\":{\"name\":\"Marcos Santos\",\"@id\":\"https:\\\/\\\/www.anovapeneira.gal\\\/#\\\/schema\\\/person\\\/d9d84823564720e7593293bab054e52d\"},\"headline\":\"O billar redondel\u00e1n no m\u00e1is alto de Galicia\",\"datePublished\":\"2025-06-18T08:00:35+00:00\",\"mainEntityOfPage\":{\"@id\":\"https:\\\/\\\/www.anovapeneira.gal\\\/index.php\\\/2025\\\/06\\\/18\\\/o-billar-redondelan-no-mais-alto-de-galicia\\\/\"},\"wordCount\":971,\"commentCount\":0,\"publisher\":{\"@id\":\"https:\\\/\\\/www.anovapeneira.gal\\\/#organization\"},\"image\":{\"@id\":\"https:\\\/\\\/www.anovapeneira.gal\\\/index.php\\\/2025\\\/06\\\/18\\\/o-billar-redondelan-no-mais-alto-de-galicia\\\/#primaryimage\"},\"thumbnailUrl\":\"https:\\\/\\\/www.anovapeneira.gal\\\/wp-content\\\/uploads\\\/2025\\\/06\\\/billar_redondela.png\",\"keywords\":[\"Concello de Redondela\"],\"articleSection\":[\"Redondela\"],\"inLanguage\":\"gl-ES\",\"potentialAction\":[{\"@type\":\"CommentAction\",\"name\":\"Comment\",\"target\":[\"https:\\\/\\\/www.anovapeneira.gal\\\/index.php\\\/2025\\\/06\\\/18\\\/o-billar-redondelan-no-mais-alto-de-galicia\\\/#respond\"]}]},{\"@type\":\"WebPage\",\"@id\":\"https:\\\/\\\/www.anovapeneira.gal\\\/index.php\\\/2025\\\/06\\\/18\\\/o-billar-redondelan-no-mais-alto-de-galicia\\\/\",\"url\":\"https:\\\/\\\/www.anovapeneira.gal\\\/index.php\\\/2025\\\/06\\\/18\\\/o-billar-redondelan-no-mais-alto-de-galicia\\\/\",\"name\":\"O billar redondel\u00e1n no m\u00e1is alto de Galicia -\",\"isPartOf\":{\"@id\":\"https:\\\/\\\/www.anovapeneira.gal\\\/#website\"},\"primaryImageOfPage\":{\"@id\":\"https:\\\/\\\/www.anovapeneira.gal\\\/index.php\\\/2025\\\/06\\\/18\\\/o-billar-redondelan-no-mais-alto-de-galicia\\\/#primaryimage\"},\"image\":{\"@id\":\"https:\\\/\\\/www.anovapeneira.gal\\\/index.php\\\/2025\\\/06\\\/18\\\/o-billar-redondelan-no-mais-alto-de-galicia\\\/#primaryimage\"},\"thumbnailUrl\":\"https:\\\/\\\/www.anovapeneira.gal\\\/wp-content\\\/uploads\\\/2025\\\/06\\\/billar_redondela.png\",\"datePublished\":\"2025-06-18T08:00:35+00:00\",\"breadcrumb\":{\"@id\":\"https:\\\/\\\/www.anovapeneira.gal\\\/index.php\\\/2025\\\/06\\\/18\\\/o-billar-redondelan-no-mais-alto-de-galicia\\\/#breadcrumb\"},\"inLanguage\":\"gl-ES\",\"potentialAction\":[{\"@type\":\"ReadAction\",\"target\":[\"https:\\\/\\\/www.anovapeneira.gal\\\/index.php\\\/2025\\\/06\\\/18\\\/o-billar-redondelan-no-mais-alto-de-galicia\\\/\"]}]},{\"@type\":\"ImageObject\",\"inLanguage\":\"gl-ES\",\"@id\":\"https:\\\/\\\/www.anovapeneira.gal\\\/index.php\\\/2025\\\/06\\\/18\\\/o-billar-redondelan-no-mais-alto-de-galicia\\\/#primaryimage\",\"url\":\"https:\\\/\\\/www.anovapeneira.gal\\\/wp-content\\\/uploads\\\/2025\\\/06\\\/billar_redondela.png\",\"contentUrl\":\"https:\\\/\\\/www.anovapeneira.gal\\\/wp-content\\\/uploads\\\/2025\\\/06\\\/billar_redondela.png\",\"width\":720,\"height\":432},{\"@type\":\"BreadcrumbList\",\"@id\":\"https:\\\/\\\/www.anovapeneira.gal\\\/index.php\\\/2025\\\/06\\\/18\\\/o-billar-redondelan-no-mais-alto-de-galicia\\\/#breadcrumb\",\"itemListElement\":[{\"@type\":\"ListItem\",\"position\":1,\"name\":\"Portada\",\"item\":\"https:\\\/\\\/www.anovapeneira.gal\\\/\"},{\"@type\":\"ListItem\",\"position\":2,\"name\":\"O billar redondel\u00e1n no m\u00e1is alto de Galicia\"}]},{\"@type\":\"WebSite\",\"@id\":\"https:\\\/\\\/www.anovapeneira.gal\\\/#website\",\"url\":\"https:\\\/\\\/www.anovapeneira.gal\\\/\",\"name\":\"\",\"description\":\"Xornal galego de informaci\u00f3n xeral Publicaci\u00f3n mensual de novas de Galicia e en especial dos Concellos da sur da provincia de Pontevedra.\",\"publisher\":{\"@id\":\"https:\\\/\\\/www.anovapeneira.gal\\\/#organization\"},\"potentialAction\":[{\"@type\":\"SearchAction\",\"target\":{\"@type\":\"EntryPoint\",\"urlTemplate\":\"https:\\\/\\\/www.anovapeneira.gal\\\/?s={search_term_string}\"},\"query-input\":{\"@type\":\"PropertyValueSpecification\",\"valueRequired\":true,\"valueName\":\"search_term_string\"}}],\"inLanguage\":\"gl-ES\"},{\"@type\":\"Organization\",\"@id\":\"https:\\\/\\\/www.anovapeneira.gal\\\/#organization\",\"name\":\"A Nova Peneira\",\"url\":\"https:\\\/\\\/www.anovapeneira.gal\\\/\",\"logo\":{\"@type\":\"ImageObject\",\"inLanguage\":\"gl-ES\",\"@id\":\"https:\\\/\\\/www.anovapeneira.gal\\\/#\\\/schema\\\/logo\\\/image\\\/\",\"url\":\"http:\\\/\\\/www.anovapeneira.gal\\\/wp-content\\\/uploads\\\/2019\\\/06\\\/logo_a_nova_peneira_portal_web.png\",\"contentUrl\":\"http:\\\/\\\/www.anovapeneira.gal\\\/wp-content\\\/uploads\\\/2019\\\/06\\\/logo_a_nova_peneira_portal_web.png\",\"width\":300,\"height\":100,\"caption\":\"A Nova Peneira\"},\"image\":{\"@id\":\"https:\\\/\\\/www.anovapeneira.gal\\\/#\\\/schema\\\/logo\\\/image\\\/\"},\"sameAs\":[\"https:\\\/\\\/www.facebook.com\\\/anovapeneira\",\"https:\\\/\\\/x.com\\\/APeneira\"]},{\"@type\":\"Person\",\"@id\":\"https:\\\/\\\/www.anovapeneira.gal\\\/#\\\/schema\\\/person\\\/d9d84823564720e7593293bab054e52d\",\"name\":\"Marcos Santos\",\"image\":{\"@type\":\"ImageObject\",\"inLanguage\":\"gl-ES\",\"@id\":\"https:\\\/\\\/secure.gravatar.com\\\/avatar\\\/0e8017099a7a47c0a9d2275e865fe326484561eb3d70649069e4b8e61a8d2e8c?s=96&d=mm&r=g\",\"url\":\"https:\\\/\\\/secure.gravatar.com\\\/avatar\\\/0e8017099a7a47c0a9d2275e865fe326484561eb3d70649069e4b8e61a8d2e8c?s=96&d=mm&r=g\",\"contentUrl\":\"https:\\\/\\\/secure.gravatar.com\\\/avatar\\\/0e8017099a7a47c0a9d2275e865fe326484561eb3d70649069e4b8e61a8d2e8c?s=96&d=mm&r=g\",\"caption\":\"Marcos Santos\"},\"sameAs\":[\"http:\\\/\\\/anovapeneira.gal\"],\"url\":\"https:\\\/\\\/www.anovapeneira.gal\\\/index.php\\\/author\\\/marcos-santos\\\/\"}]}<\/script>\n<!-- \/ Yoast SEO plugin. -->","yoast_head_json":{"title":"O billar redondel\u00e1n no m\u00e1is alto de Galicia -","robots":{"index":"index","follow":"follow","max-snippet":"max-snippet:-1","max-image-preview":"max-image-preview:large","max-video-preview":"max-video-preview:-1"},"canonical":"https:\/\/www.anovapeneira.gal\/index.php\/2025\/06\/18\/o-billar-redondelan-no-mais-alto-de-galicia\/","og_locale":"gl_ES","og_type":"article","og_title":"O billar redondel\u00e1n no m\u00e1is alto de Galicia -","og_description":"Unha xeraci\u00f3n de redondel\u00e1ns e de redondel\u00e1s somos fillos e fillas de \u201c Xogos Xan\u201d.Nese local aprendemos a xogar e a amar o billar [...]","og_url":"https:\/\/www.anovapeneira.gal\/index.php\/2025\/06\/18\/o-billar-redondelan-no-mais-alto-de-galicia\/","article_publisher":"https:\/\/www.facebook.com\/anovapeneira","article_published_time":"2025-06-18T08:00:35+00:00","og_image":[{"width":720,"height":432,"url":"https:\/\/www.anovapeneira.gal\/wp-content\/uploads\/2025\/06\/billar_redondela.png","type":"image\/png"}],"author":"Marcos Santos","twitter_card":"summary_large_image","twitter_creator":"@APeneira","twitter_site":"@APeneira","twitter_misc":{"Escrito por":"Marcos Santos","Tempo de lectura":"2 minutos"},"schema":{"@context":"https:\/\/schema.org","@graph":[{"@type":"Article","@id":"https:\/\/www.anovapeneira.gal\/index.php\/2025\/06\/18\/o-billar-redondelan-no-mais-alto-de-galicia\/#article","isPartOf":{"@id":"https:\/\/www.anovapeneira.gal\/index.php\/2025\/06\/18\/o-billar-redondelan-no-mais-alto-de-galicia\/"},"author":{"name":"Marcos Santos","@id":"https:\/\/www.anovapeneira.gal\/#\/schema\/person\/d9d84823564720e7593293bab054e52d"},"headline":"O billar redondel\u00e1n no m\u00e1is alto de Galicia","datePublished":"2025-06-18T08:00:35+00:00","mainEntityOfPage":{"@id":"https:\/\/www.anovapeneira.gal\/index.php\/2025\/06\/18\/o-billar-redondelan-no-mais-alto-de-galicia\/"},"wordCount":971,"commentCount":0,"publisher":{"@id":"https:\/\/www.anovapeneira.gal\/#organization"},"image":{"@id":"https:\/\/www.anovapeneira.gal\/index.php\/2025\/06\/18\/o-billar-redondelan-no-mais-alto-de-galicia\/#primaryimage"},"thumbnailUrl":"https:\/\/www.anovapeneira.gal\/wp-content\/uploads\/2025\/06\/billar_redondela.png","keywords":["Concello de Redondela"],"articleSection":["Redondela"],"inLanguage":"gl-ES","potentialAction":[{"@type":"CommentAction","name":"Comment","target":["https:\/\/www.anovapeneira.gal\/index.php\/2025\/06\/18\/o-billar-redondelan-no-mais-alto-de-galicia\/#respond"]}]},{"@type":"WebPage","@id":"https:\/\/www.anovapeneira.gal\/index.php\/2025\/06\/18\/o-billar-redondelan-no-mais-alto-de-galicia\/","url":"https:\/\/www.anovapeneira.gal\/index.php\/2025\/06\/18\/o-billar-redondelan-no-mais-alto-de-galicia\/","name":"O billar redondel\u00e1n no m\u00e1is alto de Galicia -","isPartOf":{"@id":"https:\/\/www.anovapeneira.gal\/#website"},"primaryImageOfPage":{"@id":"https:\/\/www.anovapeneira.gal\/index.php\/2025\/06\/18\/o-billar-redondelan-no-mais-alto-de-galicia\/#primaryimage"},"image":{"@id":"https:\/\/www.anovapeneira.gal\/index.php\/2025\/06\/18\/o-billar-redondelan-no-mais-alto-de-galicia\/#primaryimage"},"thumbnailUrl":"https:\/\/www.anovapeneira.gal\/wp-content\/uploads\/2025\/06\/billar_redondela.png","datePublished":"2025-06-18T08:00:35+00:00","breadcrumb":{"@id":"https:\/\/www.anovapeneira.gal\/index.php\/2025\/06\/18\/o-billar-redondelan-no-mais-alto-de-galicia\/#breadcrumb"},"inLanguage":"gl-ES","potentialAction":[{"@type":"ReadAction","target":["https:\/\/www.anovapeneira.gal\/index.php\/2025\/06\/18\/o-billar-redondelan-no-mais-alto-de-galicia\/"]}]},{"@type":"ImageObject","inLanguage":"gl-ES","@id":"https:\/\/www.anovapeneira.gal\/index.php\/2025\/06\/18\/o-billar-redondelan-no-mais-alto-de-galicia\/#primaryimage","url":"https:\/\/www.anovapeneira.gal\/wp-content\/uploads\/2025\/06\/billar_redondela.png","contentUrl":"https:\/\/www.anovapeneira.gal\/wp-content\/uploads\/2025\/06\/billar_redondela.png","width":720,"height":432},{"@type":"BreadcrumbList","@id":"https:\/\/www.anovapeneira.gal\/index.php\/2025\/06\/18\/o-billar-redondelan-no-mais-alto-de-galicia\/#breadcrumb","itemListElement":[{"@type":"ListItem","position":1,"name":"Portada","item":"https:\/\/www.anovapeneira.gal\/"},{"@type":"ListItem","position":2,"name":"O billar redondel\u00e1n no m\u00e1is alto de Galicia"}]},{"@type":"WebSite","@id":"https:\/\/www.anovapeneira.gal\/#website","url":"https:\/\/www.anovapeneira.gal\/","name":"","description":"Xornal galego de informaci\u00f3n xeral Publicaci\u00f3n mensual de novas de Galicia e en especial dos Concellos da sur da provincia de Pontevedra.","publisher":{"@id":"https:\/\/www.anovapeneira.gal\/#organization"},"potentialAction":[{"@type":"SearchAction","target":{"@type":"EntryPoint","urlTemplate":"https:\/\/www.anovapeneira.gal\/?s={search_term_string}"},"query-input":{"@type":"PropertyValueSpecification","valueRequired":true,"valueName":"search_term_string"}}],"inLanguage":"gl-ES"},{"@type":"Organization","@id":"https:\/\/www.anovapeneira.gal\/#organization","name":"A Nova Peneira","url":"https:\/\/www.anovapeneira.gal\/","logo":{"@type":"ImageObject","inLanguage":"gl-ES","@id":"https:\/\/www.anovapeneira.gal\/#\/schema\/logo\/image\/","url":"http:\/\/www.anovapeneira.gal\/wp-content\/uploads\/2019\/06\/logo_a_nova_peneira_portal_web.png","contentUrl":"http:\/\/www.anovapeneira.gal\/wp-content\/uploads\/2019\/06\/logo_a_nova_peneira_portal_web.png","width":300,"height":100,"caption":"A Nova Peneira"},"image":{"@id":"https:\/\/www.anovapeneira.gal\/#\/schema\/logo\/image\/"},"sameAs":["https:\/\/www.facebook.com\/anovapeneira","https:\/\/x.com\/APeneira"]},{"@type":"Person","@id":"https:\/\/www.anovapeneira.gal\/#\/schema\/person\/d9d84823564720e7593293bab054e52d","name":"Marcos Santos","image":{"@type":"ImageObject","inLanguage":"gl-ES","@id":"https:\/\/secure.gravatar.com\/avatar\/0e8017099a7a47c0a9d2275e865fe326484561eb3d70649069e4b8e61a8d2e8c?s=96&d=mm&r=g","url":"https:\/\/secure.gravatar.com\/avatar\/0e8017099a7a47c0a9d2275e865fe326484561eb3d70649069e4b8e61a8d2e8c?s=96&d=mm&r=g","contentUrl":"https:\/\/secure.gravatar.com\/avatar\/0e8017099a7a47c0a9d2275e865fe326484561eb3d70649069e4b8e61a8d2e8c?s=96&d=mm&r=g","caption":"Marcos Santos"},"sameAs":["http:\/\/anovapeneira.gal"],"url":"https:\/\/www.anovapeneira.gal\/index.php\/author\/marcos-santos\/"}]}},"jetpack_featured_media_url":"https:\/\/www.anovapeneira.gal\/wp-content\/uploads\/2025\/06\/billar_redondela.png","_links":{"self":[{"href":"https:\/\/www.anovapeneira.gal\/index.php\/wp-json\/wp\/v2\/posts\/14065","targetHints":{"allow":["GET"]}}],"collection":[{"href":"https:\/\/www.anovapeneira.gal\/index.php\/wp-json\/wp\/v2\/posts"}],"about":[{"href":"https:\/\/www.anovapeneira.gal\/index.php\/wp-json\/wp\/v2\/types\/post"}],"author":[{"embeddable":true,"href":"https:\/\/www.anovapeneira.gal\/index.php\/wp-json\/wp\/v2\/users\/6"}],"replies":[{"embeddable":true,"href":"https:\/\/www.anovapeneira.gal\/index.php\/wp-json\/wp\/v2\/comments?post=14065"}],"version-history":[{"count":1,"href":"https:\/\/www.anovapeneira.gal\/index.php\/wp-json\/wp\/v2\/posts\/14065\/revisions"}],"predecessor-version":[{"id":14067,"href":"https:\/\/www.anovapeneira.gal\/index.php\/wp-json\/wp\/v2\/posts\/14065\/revisions\/14067"}],"wp:featuredmedia":[{"embeddable":true,"href":"https:\/\/www.anovapeneira.gal\/index.php\/wp-json\/wp\/v2\/media\/14066"}],"wp:attachment":[{"href":"https:\/\/www.anovapeneira.gal\/index.php\/wp-json\/wp\/v2\/media?parent=14065"}],"wp:term":[{"taxonomy":"category","embeddable":true,"href":"https:\/\/www.anovapeneira.gal\/index.php\/wp-json\/wp\/v2\/categories?post=14065"},{"taxonomy":"post_tag","embeddable":true,"href":"https:\/\/www.anovapeneira.gal\/index.php\/wp-json\/wp\/v2\/tags?post=14065"}],"curies":[{"name":"wp","href":"https:\/\/api.w.org\/{rel}","templated":true}]}}