{"id":14071,"date":"2025-06-19T10:00:15","date_gmt":"2025-06-19T08:00:15","guid":{"rendered":"https:\/\/www.anovapeneira.gal\/?p=14071"},"modified":"2025-06-18T07:24:39","modified_gmt":"2025-06-18T05:24:39","slug":"abrir-marin-ao-futuro","status":"publish","type":"post","link":"https:\/\/www.anovapeneira.gal\/index.php\/2025\/06\/19\/abrir-marin-ao-futuro\/","title":{"rendered":"Abrir Mar\u00edn ao futuro"},"content":{"rendered":"\n<p>Hai cuesti\u00f3ns que, lonxe de seren anecd\u00f3ticas, expresan conflitos estruturais e decisi\u00f3ns de pa\u00eds. En Mar\u00edn, o illamento f\u00edsico e simb\u00f3lico da s\u00faa r\u00eda constit\u00fae un exemplo paradigm\u00e1tico dunha planificaci\u00f3n territorial desequilibrada e anacr\u00f3nica, que mant\u00e9n vedado un ben com\u00fan esencial \u00e1 cidadan\u00eda. A reconquista do bordo litoral, hoxe ocupado de forma sobredimensionada por instalaci\u00f3ns militares e portuarias, non \u00e9 unha demanda est\u00e9tica nin folcl\u00f3rica, \u00e9 unha cuesti\u00f3n de dereitos, de xustiza territorial e de proxecto de futuro.<\/p>\n\n\n\n<p>Durante d\u00e9cadas, a configuraci\u00f3n do espazo urbano en Mar\u00edn estivo determinada por unha l\u00f3xica de control, de ocupaci\u00f3n estrat\u00e9xica e de beneficio unilateral. Pero esa l\u00f3xica esgotouse. O urbanismo moderno, os principios de desenvolvemento sostible e a propia lexislaci\u00f3n estatal e auton\u00f3mica &#8211; nomeadamente a Lei 2\/2016 do solo de Galicia e a Lei 22\/1988 de costas &#8211; instan a po\u00f1er os espazos costeiros ao servizo do interese xeral, priorizando os usos p\u00fablicos, sociais, culturais e ambientais. Non \u00e9 un capricho, \u00e9 unha obriga legal e pol\u00edtica.<\/p>\n\n\n\n<p>A apertura de Mar\u00edn ao mar supor\u00eda unha operaci\u00f3n de reequilibrio territorial e de democratizaci\u00f3n do espazo p\u00fablico. Falar de cesi\u00f3n gratu\u00edta por parte da Autoridade Portuaria ou do Ministerio de Defensa non \u00e9 unha utop\u00eda, \u00e9 unha acci\u00f3n perfectamente viable e documentada por precedentes como os de Ferrol. Pero require vontade pol\u00edtica firme e ali\u00f1amento institucional.<\/p>\n\n\n\n<p>Os beneficios da apertura litoral non son s\u00f3 urban\u00edsticos ou ambientais. Son tam\u00e9n econ\u00f3micos. A recuperaci\u00f3n do bordo mar\u00edtimo permitir\u00eda artellar un novo modelo de desenvolvemento baseado no turismo sostible, o comercio local e a creaci\u00f3n de emprego vinculado ao lecer, \u00e1 cultura e \u00e1 restauraci\u00f3n. \u00c9 sabido que a posta en valor de espazos costeiros mellora a calidade de vida, incrementa o atractivo tur\u00edstico e dinamiza o pequeno comercio de proximidade. En Mar\u00edn, onde o tecido comercial sofre a competencia das grandes superficies e a perda de centralidade, a apertura ao mar poder\u00eda representar unha aut\u00e9ntica palanca de reactivaci\u00f3n econ\u00f3mica.<\/p>\n\n\n\n<p>A actividade portuaria non desaparecer\u00eda nin debe facelo. Pero c\u00f3mpre reequilibrar os usos e redimensionar espazos que, a d\u00eda de hoxe, non cumpren funci\u00f3ns efectivas. Hai terreos infrautilizados, zonas sen acceso nin funci\u00f3ns definidas e naves con concesi\u00f3ns prescindibles. Transformar estes espazos en parques urbanos, sendas peon\u00eds, instalaci\u00f3ns deportivas ou centros culturais non s\u00f3 \u00e9 razoable, sen\u00f3n urxente. \u00c9, en definitiva, unha expresi\u00f3n pr\u00e1ctica dun modelo de vila que aposta pola cohesi\u00f3n social, a sustentabilidade e a memoria.<\/p>\n\n\n\n<p>Porque o mar en Mar\u00edn \u00e9 identidade, \u00e9 historia colectiva, \u00e9 futuro. Non abrilo \u00e1 cidadan\u00eda \u00e9 negar esa identidade. E negala \u00e9 perpetuar unha inxustiza que nos empobrece a todos. \u00c9 hora de transformarmos valos en cami\u00f1os. De facermos do litoral unha porta aberta. Mar\u00edn merece vivir coa s\u00faa r\u00eda, non de<br>costas a ela. Por dereito, por dignidade e por un futuro en com\u00fan.<\/p>\n\n\n\n<p><br><\/p>\n","protected":false},"excerpt":{"rendered":"<div class=\"mh-excerpt\"><p>Hai cuesti\u00f3ns que, lonxe de seren anecd\u00f3ticas, expresan conflitos estruturais e decisi\u00f3ns de pa\u00eds. En Mar\u00edn, o illamento f\u00edsico e simb\u00f3lico da s\u00faa r\u00eda constit\u00fae un exemplo paradigm\u00e1tico dunha planificaci\u00f3n territorial desequilibrada e anacr\u00f3nica, que <a class=\"mh-excerpt-more\" href=\"https:\/\/www.anovapeneira.gal\/index.php\/2025\/06\/19\/abrir-marin-ao-futuro\/\" title=\"Abrir Mar\u00edn ao futuro\">[&#8230;]<\/a><\/p>\n<\/div>","protected":false},"author":42,"featured_media":14072,"comment_status":"open","ping_status":"open","sticky":false,"template":"","format":"standard","meta":{"_exactmetrics_skip_tracking":false,"_exactmetrics_sitenote_active":false,"_exactmetrics_sitenote_note":"","_exactmetrics_sitenote_category":0,"footnotes":""},"categories":[7],"tags":[144],"class_list":{"0":"post-14071","1":"post","2":"type-post","3":"status-publish","4":"format-standard","5":"has-post-thumbnail","7":"category-artigos-de-opinion","8":"tag-concello-de-marin"},"yoast_head":"<!-- This site is optimized with the Yoast SEO plugin v27.4 - https:\/\/yoast.com\/product\/yoast-seo-wordpress\/ -->\n<title>Abrir Mar\u00edn ao futuro -<\/title>\n<meta name=\"robots\" content=\"index, follow, max-snippet:-1, max-image-preview:large, max-video-preview:-1\" \/>\n<link rel=\"canonical\" href=\"https:\/\/www.anovapeneira.gal\/index.php\/2025\/06\/19\/abrir-marin-ao-futuro\/\" \/>\n<meta property=\"og:locale\" content=\"gl_ES\" \/>\n<meta property=\"og:type\" content=\"article\" \/>\n<meta property=\"og:title\" content=\"Abrir Mar\u00edn ao futuro -\" \/>\n<meta property=\"og:description\" content=\"Hai cuesti\u00f3ns que, lonxe de seren anecd\u00f3ticas, expresan conflitos estruturais e decisi\u00f3ns de pa\u00eds. En Mar\u00edn, o illamento f\u00edsico e simb\u00f3lico da s\u00faa r\u00eda constit\u00fae un exemplo paradigm\u00e1tico dunha planificaci\u00f3n territorial desequilibrada e anacr\u00f3nica, que [...]\" \/>\n<meta property=\"og:url\" content=\"https:\/\/www.anovapeneira.gal\/index.php\/2025\/06\/19\/abrir-marin-ao-futuro\/\" \/>\n<meta property=\"article:publisher\" content=\"https:\/\/www.facebook.com\/anovapeneira\" \/>\n<meta property=\"article:published_time\" content=\"2025-06-19T08:00:15+00:00\" \/>\n<meta property=\"og:image\" content=\"https:\/\/www.anovapeneira.gal\/wp-content\/uploads\/2025\/06\/lucia_santos.jpg\" \/>\n\t<meta property=\"og:image:width\" content=\"720\" \/>\n\t<meta property=\"og:image:height\" content=\"432\" \/>\n\t<meta property=\"og:image:type\" content=\"image\/jpeg\" \/>\n<meta name=\"author\" content=\"Luc\u00eda Santos\" \/>\n<meta name=\"twitter:card\" content=\"summary_large_image\" \/>\n<meta name=\"twitter:creator\" content=\"@APeneira\" \/>\n<meta name=\"twitter:site\" content=\"@APeneira\" \/>\n<meta name=\"twitter:label1\" content=\"Escrito por\" \/>\n\t<meta name=\"twitter:data1\" content=\"Luc\u00eda Santos\" \/>\n\t<meta name=\"twitter:label2\" content=\"Tempo de lectura\" \/>\n\t<meta name=\"twitter:data2\" content=\"3 minutos\" \/>\n<script type=\"application\/ld+json\" class=\"yoast-schema-graph\">{\"@context\":\"https:\\\/\\\/schema.org\",\"@graph\":[{\"@type\":\"Article\",\"@id\":\"https:\\\/\\\/www.anovapeneira.gal\\\/index.php\\\/2025\\\/06\\\/19\\\/abrir-marin-ao-futuro\\\/#article\",\"isPartOf\":{\"@id\":\"https:\\\/\\\/www.anovapeneira.gal\\\/index.php\\\/2025\\\/06\\\/19\\\/abrir-marin-ao-futuro\\\/\"},\"author\":{\"name\":\"Luc\u00eda Santos\",\"@id\":\"https:\\\/\\\/www.anovapeneira.gal\\\/#\\\/schema\\\/person\\\/acfb2aec0cb752502dfdf32c140bf0ab\"},\"headline\":\"Abrir Mar\u00edn ao futuro\",\"datePublished\":\"2025-06-19T08:00:15+00:00\",\"mainEntityOfPage\":{\"@id\":\"https:\\\/\\\/www.anovapeneira.gal\\\/index.php\\\/2025\\\/06\\\/19\\\/abrir-marin-ao-futuro\\\/\"},\"wordCount\":526,\"commentCount\":0,\"publisher\":{\"@id\":\"https:\\\/\\\/www.anovapeneira.gal\\\/#organization\"},\"image\":{\"@id\":\"https:\\\/\\\/www.anovapeneira.gal\\\/index.php\\\/2025\\\/06\\\/19\\\/abrir-marin-ao-futuro\\\/#primaryimage\"},\"thumbnailUrl\":\"https:\\\/\\\/www.anovapeneira.gal\\\/wp-content\\\/uploads\\\/2025\\\/06\\\/lucia_santos.jpg\",\"keywords\":[\"Concello de Mar\u00edn\"],\"articleSection\":[\"Artigos de opini\u00f3n\"],\"inLanguage\":\"gl-ES\",\"potentialAction\":[{\"@type\":\"CommentAction\",\"name\":\"Comment\",\"target\":[\"https:\\\/\\\/www.anovapeneira.gal\\\/index.php\\\/2025\\\/06\\\/19\\\/abrir-marin-ao-futuro\\\/#respond\"]}]},{\"@type\":\"WebPage\",\"@id\":\"https:\\\/\\\/www.anovapeneira.gal\\\/index.php\\\/2025\\\/06\\\/19\\\/abrir-marin-ao-futuro\\\/\",\"url\":\"https:\\\/\\\/www.anovapeneira.gal\\\/index.php\\\/2025\\\/06\\\/19\\\/abrir-marin-ao-futuro\\\/\",\"name\":\"Abrir Mar\u00edn ao futuro -\",\"isPartOf\":{\"@id\":\"https:\\\/\\\/www.anovapeneira.gal\\\/#website\"},\"primaryImageOfPage\":{\"@id\":\"https:\\\/\\\/www.anovapeneira.gal\\\/index.php\\\/2025\\\/06\\\/19\\\/abrir-marin-ao-futuro\\\/#primaryimage\"},\"image\":{\"@id\":\"https:\\\/\\\/www.anovapeneira.gal\\\/index.php\\\/2025\\\/06\\\/19\\\/abrir-marin-ao-futuro\\\/#primaryimage\"},\"thumbnailUrl\":\"https:\\\/\\\/www.anovapeneira.gal\\\/wp-content\\\/uploads\\\/2025\\\/06\\\/lucia_santos.jpg\",\"datePublished\":\"2025-06-19T08:00:15+00:00\",\"breadcrumb\":{\"@id\":\"https:\\\/\\\/www.anovapeneira.gal\\\/index.php\\\/2025\\\/06\\\/19\\\/abrir-marin-ao-futuro\\\/#breadcrumb\"},\"inLanguage\":\"gl-ES\",\"potentialAction\":[{\"@type\":\"ReadAction\",\"target\":[\"https:\\\/\\\/www.anovapeneira.gal\\\/index.php\\\/2025\\\/06\\\/19\\\/abrir-marin-ao-futuro\\\/\"]}]},{\"@type\":\"ImageObject\",\"inLanguage\":\"gl-ES\",\"@id\":\"https:\\\/\\\/www.anovapeneira.gal\\\/index.php\\\/2025\\\/06\\\/19\\\/abrir-marin-ao-futuro\\\/#primaryimage\",\"url\":\"https:\\\/\\\/www.anovapeneira.gal\\\/wp-content\\\/uploads\\\/2025\\\/06\\\/lucia_santos.jpg\",\"contentUrl\":\"https:\\\/\\\/www.anovapeneira.gal\\\/wp-content\\\/uploads\\\/2025\\\/06\\\/lucia_santos.jpg\",\"width\":720,\"height\":432},{\"@type\":\"BreadcrumbList\",\"@id\":\"https:\\\/\\\/www.anovapeneira.gal\\\/index.php\\\/2025\\\/06\\\/19\\\/abrir-marin-ao-futuro\\\/#breadcrumb\",\"itemListElement\":[{\"@type\":\"ListItem\",\"position\":1,\"name\":\"Portada\",\"item\":\"https:\\\/\\\/www.anovapeneira.gal\\\/\"},{\"@type\":\"ListItem\",\"position\":2,\"name\":\"Abrir Mar\u00edn ao futuro\"}]},{\"@type\":\"WebSite\",\"@id\":\"https:\\\/\\\/www.anovapeneira.gal\\\/#website\",\"url\":\"https:\\\/\\\/www.anovapeneira.gal\\\/\",\"name\":\"\",\"description\":\"Xornal galego de informaci\u00f3n xeral Publicaci\u00f3n mensual de novas de Galicia e en especial dos Concellos da sur da provincia de Pontevedra.\",\"publisher\":{\"@id\":\"https:\\\/\\\/www.anovapeneira.gal\\\/#organization\"},\"potentialAction\":[{\"@type\":\"SearchAction\",\"target\":{\"@type\":\"EntryPoint\",\"urlTemplate\":\"https:\\\/\\\/www.anovapeneira.gal\\\/?s={search_term_string}\"},\"query-input\":{\"@type\":\"PropertyValueSpecification\",\"valueRequired\":true,\"valueName\":\"search_term_string\"}}],\"inLanguage\":\"gl-ES\"},{\"@type\":\"Organization\",\"@id\":\"https:\\\/\\\/www.anovapeneira.gal\\\/#organization\",\"name\":\"A Nova Peneira\",\"url\":\"https:\\\/\\\/www.anovapeneira.gal\\\/\",\"logo\":{\"@type\":\"ImageObject\",\"inLanguage\":\"gl-ES\",\"@id\":\"https:\\\/\\\/www.anovapeneira.gal\\\/#\\\/schema\\\/logo\\\/image\\\/\",\"url\":\"http:\\\/\\\/www.anovapeneira.gal\\\/wp-content\\\/uploads\\\/2019\\\/06\\\/logo_a_nova_peneira_portal_web.png\",\"contentUrl\":\"http:\\\/\\\/www.anovapeneira.gal\\\/wp-content\\\/uploads\\\/2019\\\/06\\\/logo_a_nova_peneira_portal_web.png\",\"width\":300,\"height\":100,\"caption\":\"A Nova Peneira\"},\"image\":{\"@id\":\"https:\\\/\\\/www.anovapeneira.gal\\\/#\\\/schema\\\/logo\\\/image\\\/\"},\"sameAs\":[\"https:\\\/\\\/www.facebook.com\\\/anovapeneira\",\"https:\\\/\\\/x.com\\\/APeneira\"]},{\"@type\":\"Person\",\"@id\":\"https:\\\/\\\/www.anovapeneira.gal\\\/#\\\/schema\\\/person\\\/acfb2aec0cb752502dfdf32c140bf0ab\",\"name\":\"Luc\u00eda Santos\",\"image\":{\"@type\":\"ImageObject\",\"inLanguage\":\"gl-ES\",\"@id\":\"https:\\\/\\\/secure.gravatar.com\\\/avatar\\\/976afb40d1db3909c544dad94ca233465e10e46949f9f7d9c63974d4b1d4710d?s=96&d=mm&r=g\",\"url\":\"https:\\\/\\\/secure.gravatar.com\\\/avatar\\\/976afb40d1db3909c544dad94ca233465e10e46949f9f7d9c63974d4b1d4710d?s=96&d=mm&r=g\",\"contentUrl\":\"https:\\\/\\\/secure.gravatar.com\\\/avatar\\\/976afb40d1db3909c544dad94ca233465e10e46949f9f7d9c63974d4b1d4710d?s=96&d=mm&r=g\",\"caption\":\"Luc\u00eda Santos\"},\"url\":\"https:\\\/\\\/www.anovapeneira.gal\\\/index.php\\\/author\\\/luciasantos\\\/\"}]}<\/script>\n<!-- \/ Yoast SEO plugin. -->","yoast_head_json":{"title":"Abrir Mar\u00edn ao futuro -","robots":{"index":"index","follow":"follow","max-snippet":"max-snippet:-1","max-image-preview":"max-image-preview:large","max-video-preview":"max-video-preview:-1"},"canonical":"https:\/\/www.anovapeneira.gal\/index.php\/2025\/06\/19\/abrir-marin-ao-futuro\/","og_locale":"gl_ES","og_type":"article","og_title":"Abrir Mar\u00edn ao futuro -","og_description":"Hai cuesti\u00f3ns que, lonxe de seren anecd\u00f3ticas, expresan conflitos estruturais e decisi\u00f3ns de pa\u00eds. En Mar\u00edn, o illamento f\u00edsico e simb\u00f3lico da s\u00faa r\u00eda constit\u00fae un exemplo paradigm\u00e1tico dunha planificaci\u00f3n territorial desequilibrada e anacr\u00f3nica, que [...]","og_url":"https:\/\/www.anovapeneira.gal\/index.php\/2025\/06\/19\/abrir-marin-ao-futuro\/","article_publisher":"https:\/\/www.facebook.com\/anovapeneira","article_published_time":"2025-06-19T08:00:15+00:00","og_image":[{"width":720,"height":432,"url":"https:\/\/www.anovapeneira.gal\/wp-content\/uploads\/2025\/06\/lucia_santos.jpg","type":"image\/jpeg"}],"author":"Luc\u00eda Santos","twitter_card":"summary_large_image","twitter_creator":"@APeneira","twitter_site":"@APeneira","twitter_misc":{"Escrito por":"Luc\u00eda Santos","Tempo de lectura":"3 minutos"},"schema":{"@context":"https:\/\/schema.org","@graph":[{"@type":"Article","@id":"https:\/\/www.anovapeneira.gal\/index.php\/2025\/06\/19\/abrir-marin-ao-futuro\/#article","isPartOf":{"@id":"https:\/\/www.anovapeneira.gal\/index.php\/2025\/06\/19\/abrir-marin-ao-futuro\/"},"author":{"name":"Luc\u00eda Santos","@id":"https:\/\/www.anovapeneira.gal\/#\/schema\/person\/acfb2aec0cb752502dfdf32c140bf0ab"},"headline":"Abrir Mar\u00edn ao futuro","datePublished":"2025-06-19T08:00:15+00:00","mainEntityOfPage":{"@id":"https:\/\/www.anovapeneira.gal\/index.php\/2025\/06\/19\/abrir-marin-ao-futuro\/"},"wordCount":526,"commentCount":0,"publisher":{"@id":"https:\/\/www.anovapeneira.gal\/#organization"},"image":{"@id":"https:\/\/www.anovapeneira.gal\/index.php\/2025\/06\/19\/abrir-marin-ao-futuro\/#primaryimage"},"thumbnailUrl":"https:\/\/www.anovapeneira.gal\/wp-content\/uploads\/2025\/06\/lucia_santos.jpg","keywords":["Concello de Mar\u00edn"],"articleSection":["Artigos de opini\u00f3n"],"inLanguage":"gl-ES","potentialAction":[{"@type":"CommentAction","name":"Comment","target":["https:\/\/www.anovapeneira.gal\/index.php\/2025\/06\/19\/abrir-marin-ao-futuro\/#respond"]}]},{"@type":"WebPage","@id":"https:\/\/www.anovapeneira.gal\/index.php\/2025\/06\/19\/abrir-marin-ao-futuro\/","url":"https:\/\/www.anovapeneira.gal\/index.php\/2025\/06\/19\/abrir-marin-ao-futuro\/","name":"Abrir Mar\u00edn ao futuro -","isPartOf":{"@id":"https:\/\/www.anovapeneira.gal\/#website"},"primaryImageOfPage":{"@id":"https:\/\/www.anovapeneira.gal\/index.php\/2025\/06\/19\/abrir-marin-ao-futuro\/#primaryimage"},"image":{"@id":"https:\/\/www.anovapeneira.gal\/index.php\/2025\/06\/19\/abrir-marin-ao-futuro\/#primaryimage"},"thumbnailUrl":"https:\/\/www.anovapeneira.gal\/wp-content\/uploads\/2025\/06\/lucia_santos.jpg","datePublished":"2025-06-19T08:00:15+00:00","breadcrumb":{"@id":"https:\/\/www.anovapeneira.gal\/index.php\/2025\/06\/19\/abrir-marin-ao-futuro\/#breadcrumb"},"inLanguage":"gl-ES","potentialAction":[{"@type":"ReadAction","target":["https:\/\/www.anovapeneira.gal\/index.php\/2025\/06\/19\/abrir-marin-ao-futuro\/"]}]},{"@type":"ImageObject","inLanguage":"gl-ES","@id":"https:\/\/www.anovapeneira.gal\/index.php\/2025\/06\/19\/abrir-marin-ao-futuro\/#primaryimage","url":"https:\/\/www.anovapeneira.gal\/wp-content\/uploads\/2025\/06\/lucia_santos.jpg","contentUrl":"https:\/\/www.anovapeneira.gal\/wp-content\/uploads\/2025\/06\/lucia_santos.jpg","width":720,"height":432},{"@type":"BreadcrumbList","@id":"https:\/\/www.anovapeneira.gal\/index.php\/2025\/06\/19\/abrir-marin-ao-futuro\/#breadcrumb","itemListElement":[{"@type":"ListItem","position":1,"name":"Portada","item":"https:\/\/www.anovapeneira.gal\/"},{"@type":"ListItem","position":2,"name":"Abrir Mar\u00edn ao futuro"}]},{"@type":"WebSite","@id":"https:\/\/www.anovapeneira.gal\/#website","url":"https:\/\/www.anovapeneira.gal\/","name":"","description":"Xornal galego de informaci\u00f3n xeral Publicaci\u00f3n mensual de novas de Galicia e en especial dos Concellos da sur da provincia de Pontevedra.","publisher":{"@id":"https:\/\/www.anovapeneira.gal\/#organization"},"potentialAction":[{"@type":"SearchAction","target":{"@type":"EntryPoint","urlTemplate":"https:\/\/www.anovapeneira.gal\/?s={search_term_string}"},"query-input":{"@type":"PropertyValueSpecification","valueRequired":true,"valueName":"search_term_string"}}],"inLanguage":"gl-ES"},{"@type":"Organization","@id":"https:\/\/www.anovapeneira.gal\/#organization","name":"A Nova Peneira","url":"https:\/\/www.anovapeneira.gal\/","logo":{"@type":"ImageObject","inLanguage":"gl-ES","@id":"https:\/\/www.anovapeneira.gal\/#\/schema\/logo\/image\/","url":"http:\/\/www.anovapeneira.gal\/wp-content\/uploads\/2019\/06\/logo_a_nova_peneira_portal_web.png","contentUrl":"http:\/\/www.anovapeneira.gal\/wp-content\/uploads\/2019\/06\/logo_a_nova_peneira_portal_web.png","width":300,"height":100,"caption":"A Nova Peneira"},"image":{"@id":"https:\/\/www.anovapeneira.gal\/#\/schema\/logo\/image\/"},"sameAs":["https:\/\/www.facebook.com\/anovapeneira","https:\/\/x.com\/APeneira"]},{"@type":"Person","@id":"https:\/\/www.anovapeneira.gal\/#\/schema\/person\/acfb2aec0cb752502dfdf32c140bf0ab","name":"Luc\u00eda Santos","image":{"@type":"ImageObject","inLanguage":"gl-ES","@id":"https:\/\/secure.gravatar.com\/avatar\/976afb40d1db3909c544dad94ca233465e10e46949f9f7d9c63974d4b1d4710d?s=96&d=mm&r=g","url":"https:\/\/secure.gravatar.com\/avatar\/976afb40d1db3909c544dad94ca233465e10e46949f9f7d9c63974d4b1d4710d?s=96&d=mm&r=g","contentUrl":"https:\/\/secure.gravatar.com\/avatar\/976afb40d1db3909c544dad94ca233465e10e46949f9f7d9c63974d4b1d4710d?s=96&d=mm&r=g","caption":"Luc\u00eda Santos"},"url":"https:\/\/www.anovapeneira.gal\/index.php\/author\/luciasantos\/"}]}},"jetpack_featured_media_url":"https:\/\/www.anovapeneira.gal\/wp-content\/uploads\/2025\/06\/lucia_santos.jpg","_links":{"self":[{"href":"https:\/\/www.anovapeneira.gal\/index.php\/wp-json\/wp\/v2\/posts\/14071","targetHints":{"allow":["GET"]}}],"collection":[{"href":"https:\/\/www.anovapeneira.gal\/index.php\/wp-json\/wp\/v2\/posts"}],"about":[{"href":"https:\/\/www.anovapeneira.gal\/index.php\/wp-json\/wp\/v2\/types\/post"}],"author":[{"embeddable":true,"href":"https:\/\/www.anovapeneira.gal\/index.php\/wp-json\/wp\/v2\/users\/42"}],"replies":[{"embeddable":true,"href":"https:\/\/www.anovapeneira.gal\/index.php\/wp-json\/wp\/v2\/comments?post=14071"}],"version-history":[{"count":1,"href":"https:\/\/www.anovapeneira.gal\/index.php\/wp-json\/wp\/v2\/posts\/14071\/revisions"}],"predecessor-version":[{"id":14073,"href":"https:\/\/www.anovapeneira.gal\/index.php\/wp-json\/wp\/v2\/posts\/14071\/revisions\/14073"}],"wp:featuredmedia":[{"embeddable":true,"href":"https:\/\/www.anovapeneira.gal\/index.php\/wp-json\/wp\/v2\/media\/14072"}],"wp:attachment":[{"href":"https:\/\/www.anovapeneira.gal\/index.php\/wp-json\/wp\/v2\/media?parent=14071"}],"wp:term":[{"taxonomy":"category","embeddable":true,"href":"https:\/\/www.anovapeneira.gal\/index.php\/wp-json\/wp\/v2\/categories?post=14071"},{"taxonomy":"post_tag","embeddable":true,"href":"https:\/\/www.anovapeneira.gal\/index.php\/wp-json\/wp\/v2\/tags?post=14071"}],"curies":[{"name":"wp","href":"https:\/\/api.w.org\/{rel}","templated":true}]}}