{"id":14077,"date":"2025-06-20T10:00:35","date_gmt":"2025-06-20T08:00:35","guid":{"rendered":"https:\/\/www.anovapeneira.gal\/?p=14077"},"modified":"2025-06-18T07:40:55","modified_gmt":"2025-06-18T05:40:55","slug":"por-unha-beleza-animal-con-alma","status":"publish","type":"post","link":"https:\/\/www.anovapeneira.gal\/index.php\/2025\/06\/20\/por-unha-beleza-animal-con-alma\/","title":{"rendered":"Por unha beleza animal con alma"},"content":{"rendered":"\n<h2 class=\"wp-block-heading\">Entrevista \u00e1 propietaria de Pipa &amp; Pope, Mar\u00edn<\/h2>\n\n\n\n<p>En Mar\u00edn atopamos Pipa &amp; Pope, un espazo de coidado animal que vai moito m\u00e1is al\u00e1 da est\u00e9tica. A s\u00faa propietaria converteu este establecemento nun lugar de respecto, empat\u00eda e benestar para os nosos compa\u00f1eiros de catro patas. Con doce anos vencellada a este proxecto \u2014sete deles como dona\u2014, foi quen de reinventar un negocio co seu propio xeito de entender a profesi\u00f3n: sensibilidade, formaci\u00f3n continua e un compromiso honesto cos animais e as s\u00faas familias humanas. Nesta entrevista c\u00f3ntanos como naceu Pipa &amp; Pope, os valores que defende e a paix\u00f3n que move cada corte, cada ba\u00f1o, cada mirada compartida cun peludo que entra pola porta.<\/p>\n\n\n\n<p><strong>De onde xorde a idea de Pipa &amp; Pope?<\/strong><\/p>\n\n\n\n<blockquote class=\"wp-block-quote is-layout-flow wp-block-quote-is-layout-flow\">\n<p>Pipa &amp; Pope xorde dunha idea que xa estaba en marcha, pero que co tempo fun facendo mi\u00f1a. Levei anos traballando neste proxecto, primeiro como perruqueira na sombra e despois como voz organizadora. Ata que un d\u00eda me propuxeron facelo meu, asumindo a dedicaci\u00f3n e o esforzo que isto implica.<\/p>\n<\/blockquote>\n\n\n\n<p><strong>Que tipo de servizos lle ofrecedes ao cliente?<\/strong><\/p>\n\n\n\n<blockquote class=\"wp-block-quote is-layout-flow wp-block-quote-is-layout-flow\">\n<p>Os servizos van desde un sinxelo corte de u\u00f1as ata tratamentos de recuperaci\u00f3n d\u00e9rmica. Ofrezo o que o cliente precisa, fal\u00e1ndoo sempre co dono para detectar as necesidades e propo\u00f1er as mellores opci\u00f3ns. Nos ba\u00f1os temos desparasitaci\u00f3n, hidrataci\u00f3n, tratamento con ozono&#8230; No corte, traballamos con m\u00e1quina, tesoira ou stripping. Facemos deslanados, arranxos est\u00e9ticos e funcionais&#8230; todo orientado ao benestar do peludo.<\/p>\n<\/blockquote>\n\n\n\n<p><strong>Cal foi o maior reto \u00e1 hora de comezar?<\/strong><\/p>\n\n\n\n<blockquote class=\"wp-block-quote is-layout-flow wp-block-quote-is-layout-flow\">\n<p>O m\u00e1is dif\u00edcil foi cambiar a imaxe que a xente ti\u00f1a de Pipa &amp; Pope. Hab\u00eda un concepto de perruquer\u00eda que non coincid\u00eda coa mi\u00f1a filosof\u00eda, que para min pon por diante o benestar do animal. Cando coll\u00edn as rendas, o meu primeiro obxectivo foi ese: o peludo \u00e9 o cliente principal, \u00e9 o que realmente importa.<\/p>\n<\/blockquote>\n\n\n\n<p><strong>Ten alg\u00fan significado especial o nome do negocio?<\/strong><\/p>\n\n\n\n<blockquote class=\"wp-block-quote is-layout-flow wp-block-quote-is-layout-flow\">\n<p>O nome xa exist\u00eda e decid\u00edn non cambialo. Co\u00f1ec\u00edn a eses dous peludos mentres traballaba al\u00ed, antes mesmo de imaxinar que acabar\u00eda sendo a responsable do negocio. Pipa era unha bulldog franc\u00e9s preciosa e cari\u00f1osa, e Pope un schnauzer miniatura espectacular a quen lle fixen moitos cortes. Mantiven o nome por eles, pola s\u00faa memoria, porque simplemente eran \u00fanicos.<\/p>\n<\/blockquote>\n\n\n\n<p><strong>Que tipo de produtos utilizades?<\/strong><\/p>\n\n\n\n<blockquote class=\"wp-block-quote is-layout-flow wp-block-quote-is-layout-flow\">\n<p>Utilizamos produtos que van desde champ\u00fas suaves, como os de bamb\u00fa con aloe, ata bases con clorhexidina. \u00c9 dicir, segundo o estado do peludo e o resultado que queremos acadar, adaptamos os produtos, pero sempre buscamos os mellores que temos ao noso alcance.<\/p>\n<\/blockquote>\n\n\n\n<p><strong>En que che cambiou a vida abrir este establecemento?<\/strong><\/p>\n\n\n\n<blockquote class=\"wp-block-quote is-layout-flow wp-block-quote-is-layout-flow\">\n<p>Este proxecto cambioume a vida porque descubr\u00edn que estou completamente enganchada a este traballo. A\u00ednda que estea cansa, cando vexo un can pola r\u00faa penso no que lle far\u00eda falta. Tam\u00e9n me fixo ver o desco\u00f1ecemento que existe sobre o que realmente facemos os perruqueiros: non s\u00f3 cortamos o pelo, sen\u00f3n que realizamos unha inspecci\u00f3n integral do benestar do animal. Observamos se ten feridas, alerxias, as u\u00f1as, os dentes, as orellas, os ollos, os p\u00e9s&#8230; todo. Levo vinte anos na profesi\u00f3n, trece en Pipa &amp; Pope, sete como propietaria. En todos estes anos detectei lesi\u00f3ns das que os donos non eran conscientes, fixen advertencias por intuici\u00f3n baseadas en pequenos detalles: cegueiras, xordeiras, ganglios inflamados, tumores&#8230; Non me considero a mellor a nivel t\u00e9cnico, pero estou orgullosa de seguir form\u00e1ndome e de dar o mellor de min en cada servizo, sempre que mo permitan. Iso si: nunca realizo un servizo que poida prexudicar ao peludo, nin a curto nin a longo prazo. Non raparei nunca un pomeranian nin ba\u00f1arei un can en plena muda. Este negocio ensinoume que o que me importa non \u00e9 o di\u00f1eiro, sen\u00f3n o v\u00ednculo. Enc\u00e1ntame reco\u00f1ecer os peludos pola r\u00faa, chamalos polo nome, que me movan a cola cando se despiden, ou chamar aos donos d\u00edas despois para saber se est\u00e1n ben. Enc\u00e1ntame ver como cambian os costumes: hai quen entra s\u00f3 pola porta, quen sobe s\u00f3 \u00e1 mesa, quen che ofrece as patas para secalas&#8230; Non poder\u00eda facer outra cousa. Saber\u00eda, pero non quero.<\/p>\n<\/blockquote>\n\n\n\n<blockquote class=\"wp-block-quote is-layout-flow wp-block-quote-is-layout-flow\">\n<p>Adoro ser perruqueira canina.<\/p>\n<\/blockquote>\n","protected":false},"excerpt":{"rendered":"<div class=\"mh-excerpt\"><p>En Mar\u00edn atopamos Pipa &#038; Pope, un espazo de coidado animal que vai moito m\u00e1is al\u00e1 da est\u00e9tica. A s\u00faa propietaria converteu este establecemento nun lugar de respecto, empat\u00eda e benestar para os nosos compa\u00f1eiros de catro patas <a class=\"mh-excerpt-more\" href=\"https:\/\/www.anovapeneira.gal\/index.php\/2025\/06\/20\/por-unha-beleza-animal-con-alma\/\" title=\"Por unha beleza animal con alma\">[&#8230;]<\/a><\/p>\n<\/div>","protected":false},"author":3,"featured_media":14078,"comment_status":"open","ping_status":"open","sticky":false,"template":"","format":"standard","meta":{"_exactmetrics_skip_tracking":false,"_exactmetrics_sitenote_active":false,"_exactmetrics_sitenote_note":"","_exactmetrics_sitenote_category":0,"footnotes":""},"categories":[493],"tags":[144],"class_list":{"0":"post-14077","1":"post","2":"type-post","3":"status-publish","4":"format-standard","5":"has-post-thumbnail","7":"category-morrazo-reportaxes","8":"tag-concello-de-marin"},"yoast_head":"<!-- This site is optimized with the Yoast SEO plugin v27.4 - https:\/\/yoast.com\/product\/yoast-seo-wordpress\/ -->\n<title>Por unha beleza animal con alma -<\/title>\n<meta name=\"robots\" content=\"index, follow, max-snippet:-1, max-image-preview:large, max-video-preview:-1\" \/>\n<link rel=\"canonical\" href=\"https:\/\/www.anovapeneira.gal\/index.php\/2025\/06\/20\/por-unha-beleza-animal-con-alma\/\" \/>\n<meta property=\"og:locale\" content=\"gl_ES\" \/>\n<meta property=\"og:type\" content=\"article\" \/>\n<meta property=\"og:title\" content=\"Por unha beleza animal con alma -\" \/>\n<meta property=\"og:description\" content=\"En Mar\u00edn atopamos Pipa &amp; Pope, un espazo de coidado animal que vai moito m\u00e1is al\u00e1 da est\u00e9tica. A s\u00faa propietaria converteu este establecemento nun lugar de respecto, empat\u00eda e benestar para os nosos compa\u00f1eiros de catro patas [...]\" \/>\n<meta property=\"og:url\" content=\"https:\/\/www.anovapeneira.gal\/index.php\/2025\/06\/20\/por-unha-beleza-animal-con-alma\/\" \/>\n<meta property=\"article:publisher\" content=\"https:\/\/www.facebook.com\/anovapeneira\" \/>\n<meta property=\"article:published_time\" content=\"2025-06-20T08:00:35+00:00\" \/>\n<meta property=\"og:image\" content=\"https:\/\/www.anovapeneira.gal\/wp-content\/uploads\/2025\/06\/PIPA_POPE.jpg\" \/>\n\t<meta property=\"og:image:width\" content=\"720\" \/>\n\t<meta property=\"og:image:height\" content=\"432\" \/>\n\t<meta property=\"og:image:type\" content=\"image\/jpeg\" \/>\n<meta name=\"author\" content=\"Redacci\u00f3n A Nova Peneira\" \/>\n<meta name=\"twitter:card\" content=\"summary_large_image\" \/>\n<meta name=\"twitter:creator\" content=\"@APeneira\" \/>\n<meta name=\"twitter:site\" content=\"@APeneira\" \/>\n<meta name=\"twitter:label1\" content=\"Escrito por\" \/>\n\t<meta name=\"twitter:data1\" content=\"Redacci\u00f3n A Nova Peneira\" \/>\n\t<meta name=\"twitter:label2\" content=\"Tempo de lectura\" \/>\n\t<meta name=\"twitter:data2\" content=\"2 minutos\" \/>\n<script type=\"application\/ld+json\" class=\"yoast-schema-graph\">{\"@context\":\"https:\\\/\\\/schema.org\",\"@graph\":[{\"@type\":\"Article\",\"@id\":\"https:\\\/\\\/www.anovapeneira.gal\\\/index.php\\\/2025\\\/06\\\/20\\\/por-unha-beleza-animal-con-alma\\\/#article\",\"isPartOf\":{\"@id\":\"https:\\\/\\\/www.anovapeneira.gal\\\/index.php\\\/2025\\\/06\\\/20\\\/por-unha-beleza-animal-con-alma\\\/\"},\"author\":{\"name\":\"Redacci\u00f3n A Nova Peneira\",\"@id\":\"https:\\\/\\\/www.anovapeneira.gal\\\/#\\\/schema\\\/person\\\/b93e3f8932e3f8da96334607eb6ac6aa\"},\"headline\":\"Por unha beleza animal con alma\",\"datePublished\":\"2025-06-20T08:00:35+00:00\",\"mainEntityOfPage\":{\"@id\":\"https:\\\/\\\/www.anovapeneira.gal\\\/index.php\\\/2025\\\/06\\\/20\\\/por-unha-beleza-animal-con-alma\\\/\"},\"wordCount\":758,\"commentCount\":0,\"publisher\":{\"@id\":\"https:\\\/\\\/www.anovapeneira.gal\\\/#organization\"},\"image\":{\"@id\":\"https:\\\/\\\/www.anovapeneira.gal\\\/index.php\\\/2025\\\/06\\\/20\\\/por-unha-beleza-animal-con-alma\\\/#primaryimage\"},\"thumbnailUrl\":\"https:\\\/\\\/www.anovapeneira.gal\\\/wp-content\\\/uploads\\\/2025\\\/06\\\/PIPA_POPE.jpg\",\"keywords\":[\"Concello de Mar\u00edn\"],\"articleSection\":[\"Morrazo\"],\"inLanguage\":\"gl-ES\",\"potentialAction\":[{\"@type\":\"CommentAction\",\"name\":\"Comment\",\"target\":[\"https:\\\/\\\/www.anovapeneira.gal\\\/index.php\\\/2025\\\/06\\\/20\\\/por-unha-beleza-animal-con-alma\\\/#respond\"]}]},{\"@type\":\"WebPage\",\"@id\":\"https:\\\/\\\/www.anovapeneira.gal\\\/index.php\\\/2025\\\/06\\\/20\\\/por-unha-beleza-animal-con-alma\\\/\",\"url\":\"https:\\\/\\\/www.anovapeneira.gal\\\/index.php\\\/2025\\\/06\\\/20\\\/por-unha-beleza-animal-con-alma\\\/\",\"name\":\"Por unha beleza animal con alma -\",\"isPartOf\":{\"@id\":\"https:\\\/\\\/www.anovapeneira.gal\\\/#website\"},\"primaryImageOfPage\":{\"@id\":\"https:\\\/\\\/www.anovapeneira.gal\\\/index.php\\\/2025\\\/06\\\/20\\\/por-unha-beleza-animal-con-alma\\\/#primaryimage\"},\"image\":{\"@id\":\"https:\\\/\\\/www.anovapeneira.gal\\\/index.php\\\/2025\\\/06\\\/20\\\/por-unha-beleza-animal-con-alma\\\/#primaryimage\"},\"thumbnailUrl\":\"https:\\\/\\\/www.anovapeneira.gal\\\/wp-content\\\/uploads\\\/2025\\\/06\\\/PIPA_POPE.jpg\",\"datePublished\":\"2025-06-20T08:00:35+00:00\",\"breadcrumb\":{\"@id\":\"https:\\\/\\\/www.anovapeneira.gal\\\/index.php\\\/2025\\\/06\\\/20\\\/por-unha-beleza-animal-con-alma\\\/#breadcrumb\"},\"inLanguage\":\"gl-ES\",\"potentialAction\":[{\"@type\":\"ReadAction\",\"target\":[\"https:\\\/\\\/www.anovapeneira.gal\\\/index.php\\\/2025\\\/06\\\/20\\\/por-unha-beleza-animal-con-alma\\\/\"]}]},{\"@type\":\"ImageObject\",\"inLanguage\":\"gl-ES\",\"@id\":\"https:\\\/\\\/www.anovapeneira.gal\\\/index.php\\\/2025\\\/06\\\/20\\\/por-unha-beleza-animal-con-alma\\\/#primaryimage\",\"url\":\"https:\\\/\\\/www.anovapeneira.gal\\\/wp-content\\\/uploads\\\/2025\\\/06\\\/PIPA_POPE.jpg\",\"contentUrl\":\"https:\\\/\\\/www.anovapeneira.gal\\\/wp-content\\\/uploads\\\/2025\\\/06\\\/PIPA_POPE.jpg\",\"width\":720,\"height\":432,\"caption\":\"Pipa & Pope\"},{\"@type\":\"BreadcrumbList\",\"@id\":\"https:\\\/\\\/www.anovapeneira.gal\\\/index.php\\\/2025\\\/06\\\/20\\\/por-unha-beleza-animal-con-alma\\\/#breadcrumb\",\"itemListElement\":[{\"@type\":\"ListItem\",\"position\":1,\"name\":\"Portada\",\"item\":\"https:\\\/\\\/www.anovapeneira.gal\\\/\"},{\"@type\":\"ListItem\",\"position\":2,\"name\":\"Por unha beleza animal con alma\"}]},{\"@type\":\"WebSite\",\"@id\":\"https:\\\/\\\/www.anovapeneira.gal\\\/#website\",\"url\":\"https:\\\/\\\/www.anovapeneira.gal\\\/\",\"name\":\"\",\"description\":\"Xornal galego de informaci\u00f3n xeral Publicaci\u00f3n mensual de novas de Galicia e en especial dos Concellos da sur da provincia de Pontevedra.\",\"publisher\":{\"@id\":\"https:\\\/\\\/www.anovapeneira.gal\\\/#organization\"},\"potentialAction\":[{\"@type\":\"SearchAction\",\"target\":{\"@type\":\"EntryPoint\",\"urlTemplate\":\"https:\\\/\\\/www.anovapeneira.gal\\\/?s={search_term_string}\"},\"query-input\":{\"@type\":\"PropertyValueSpecification\",\"valueRequired\":true,\"valueName\":\"search_term_string\"}}],\"inLanguage\":\"gl-ES\"},{\"@type\":\"Organization\",\"@id\":\"https:\\\/\\\/www.anovapeneira.gal\\\/#organization\",\"name\":\"A Nova Peneira\",\"url\":\"https:\\\/\\\/www.anovapeneira.gal\\\/\",\"logo\":{\"@type\":\"ImageObject\",\"inLanguage\":\"gl-ES\",\"@id\":\"https:\\\/\\\/www.anovapeneira.gal\\\/#\\\/schema\\\/logo\\\/image\\\/\",\"url\":\"http:\\\/\\\/www.anovapeneira.gal\\\/wp-content\\\/uploads\\\/2019\\\/06\\\/logo_a_nova_peneira_portal_web.png\",\"contentUrl\":\"http:\\\/\\\/www.anovapeneira.gal\\\/wp-content\\\/uploads\\\/2019\\\/06\\\/logo_a_nova_peneira_portal_web.png\",\"width\":300,\"height\":100,\"caption\":\"A Nova Peneira\"},\"image\":{\"@id\":\"https:\\\/\\\/www.anovapeneira.gal\\\/#\\\/schema\\\/logo\\\/image\\\/\"},\"sameAs\":[\"https:\\\/\\\/www.facebook.com\\\/anovapeneira\",\"https:\\\/\\\/x.com\\\/APeneira\"]},{\"@type\":\"Person\",\"@id\":\"https:\\\/\\\/www.anovapeneira.gal\\\/#\\\/schema\\\/person\\\/b93e3f8932e3f8da96334607eb6ac6aa\",\"name\":\"Redacci\u00f3n A Nova Peneira\",\"image\":{\"@type\":\"ImageObject\",\"inLanguage\":\"gl-ES\",\"@id\":\"https:\\\/\\\/secure.gravatar.com\\\/avatar\\\/c052a2551a06e23fac63626232eaa90abd78dbcf1700fc46a2b2c89fd27b735f?s=96&d=mm&r=g\",\"url\":\"https:\\\/\\\/secure.gravatar.com\\\/avatar\\\/c052a2551a06e23fac63626232eaa90abd78dbcf1700fc46a2b2c89fd27b735f?s=96&d=mm&r=g\",\"contentUrl\":\"https:\\\/\\\/secure.gravatar.com\\\/avatar\\\/c052a2551a06e23fac63626232eaa90abd78dbcf1700fc46a2b2c89fd27b735f?s=96&d=mm&r=g\",\"caption\":\"Redacci\u00f3n A Nova Peneira\"},\"sameAs\":[\"http:\\\/\\\/www.anovapeneira.gal\\\/\"],\"url\":\"https:\\\/\\\/www.anovapeneira.gal\\\/index.php\\\/author\\\/redactor\\\/\"}]}<\/script>\n<!-- \/ Yoast SEO plugin. -->","yoast_head_json":{"title":"Por unha beleza animal con alma -","robots":{"index":"index","follow":"follow","max-snippet":"max-snippet:-1","max-image-preview":"max-image-preview:large","max-video-preview":"max-video-preview:-1"},"canonical":"https:\/\/www.anovapeneira.gal\/index.php\/2025\/06\/20\/por-unha-beleza-animal-con-alma\/","og_locale":"gl_ES","og_type":"article","og_title":"Por unha beleza animal con alma -","og_description":"En Mar\u00edn atopamos Pipa & Pope, un espazo de coidado animal que vai moito m\u00e1is al\u00e1 da est\u00e9tica. A s\u00faa propietaria converteu este establecemento nun lugar de respecto, empat\u00eda e benestar para os nosos compa\u00f1eiros de catro patas [...]","og_url":"https:\/\/www.anovapeneira.gal\/index.php\/2025\/06\/20\/por-unha-beleza-animal-con-alma\/","article_publisher":"https:\/\/www.facebook.com\/anovapeneira","article_published_time":"2025-06-20T08:00:35+00:00","og_image":[{"width":720,"height":432,"url":"https:\/\/www.anovapeneira.gal\/wp-content\/uploads\/2025\/06\/PIPA_POPE.jpg","type":"image\/jpeg"}],"author":"Redacci\u00f3n A Nova Peneira","twitter_card":"summary_large_image","twitter_creator":"@APeneira","twitter_site":"@APeneira","twitter_misc":{"Escrito por":"Redacci\u00f3n A Nova Peneira","Tempo de lectura":"2 minutos"},"schema":{"@context":"https:\/\/schema.org","@graph":[{"@type":"Article","@id":"https:\/\/www.anovapeneira.gal\/index.php\/2025\/06\/20\/por-unha-beleza-animal-con-alma\/#article","isPartOf":{"@id":"https:\/\/www.anovapeneira.gal\/index.php\/2025\/06\/20\/por-unha-beleza-animal-con-alma\/"},"author":{"name":"Redacci\u00f3n A Nova Peneira","@id":"https:\/\/www.anovapeneira.gal\/#\/schema\/person\/b93e3f8932e3f8da96334607eb6ac6aa"},"headline":"Por unha beleza animal con alma","datePublished":"2025-06-20T08:00:35+00:00","mainEntityOfPage":{"@id":"https:\/\/www.anovapeneira.gal\/index.php\/2025\/06\/20\/por-unha-beleza-animal-con-alma\/"},"wordCount":758,"commentCount":0,"publisher":{"@id":"https:\/\/www.anovapeneira.gal\/#organization"},"image":{"@id":"https:\/\/www.anovapeneira.gal\/index.php\/2025\/06\/20\/por-unha-beleza-animal-con-alma\/#primaryimage"},"thumbnailUrl":"https:\/\/www.anovapeneira.gal\/wp-content\/uploads\/2025\/06\/PIPA_POPE.jpg","keywords":["Concello de Mar\u00edn"],"articleSection":["Morrazo"],"inLanguage":"gl-ES","potentialAction":[{"@type":"CommentAction","name":"Comment","target":["https:\/\/www.anovapeneira.gal\/index.php\/2025\/06\/20\/por-unha-beleza-animal-con-alma\/#respond"]}]},{"@type":"WebPage","@id":"https:\/\/www.anovapeneira.gal\/index.php\/2025\/06\/20\/por-unha-beleza-animal-con-alma\/","url":"https:\/\/www.anovapeneira.gal\/index.php\/2025\/06\/20\/por-unha-beleza-animal-con-alma\/","name":"Por unha beleza animal con alma -","isPartOf":{"@id":"https:\/\/www.anovapeneira.gal\/#website"},"primaryImageOfPage":{"@id":"https:\/\/www.anovapeneira.gal\/index.php\/2025\/06\/20\/por-unha-beleza-animal-con-alma\/#primaryimage"},"image":{"@id":"https:\/\/www.anovapeneira.gal\/index.php\/2025\/06\/20\/por-unha-beleza-animal-con-alma\/#primaryimage"},"thumbnailUrl":"https:\/\/www.anovapeneira.gal\/wp-content\/uploads\/2025\/06\/PIPA_POPE.jpg","datePublished":"2025-06-20T08:00:35+00:00","breadcrumb":{"@id":"https:\/\/www.anovapeneira.gal\/index.php\/2025\/06\/20\/por-unha-beleza-animal-con-alma\/#breadcrumb"},"inLanguage":"gl-ES","potentialAction":[{"@type":"ReadAction","target":["https:\/\/www.anovapeneira.gal\/index.php\/2025\/06\/20\/por-unha-beleza-animal-con-alma\/"]}]},{"@type":"ImageObject","inLanguage":"gl-ES","@id":"https:\/\/www.anovapeneira.gal\/index.php\/2025\/06\/20\/por-unha-beleza-animal-con-alma\/#primaryimage","url":"https:\/\/www.anovapeneira.gal\/wp-content\/uploads\/2025\/06\/PIPA_POPE.jpg","contentUrl":"https:\/\/www.anovapeneira.gal\/wp-content\/uploads\/2025\/06\/PIPA_POPE.jpg","width":720,"height":432,"caption":"Pipa & Pope"},{"@type":"BreadcrumbList","@id":"https:\/\/www.anovapeneira.gal\/index.php\/2025\/06\/20\/por-unha-beleza-animal-con-alma\/#breadcrumb","itemListElement":[{"@type":"ListItem","position":1,"name":"Portada","item":"https:\/\/www.anovapeneira.gal\/"},{"@type":"ListItem","position":2,"name":"Por unha beleza animal con alma"}]},{"@type":"WebSite","@id":"https:\/\/www.anovapeneira.gal\/#website","url":"https:\/\/www.anovapeneira.gal\/","name":"","description":"Xornal galego de informaci\u00f3n xeral Publicaci\u00f3n mensual de novas de Galicia e en especial dos Concellos da sur da provincia de Pontevedra.","publisher":{"@id":"https:\/\/www.anovapeneira.gal\/#organization"},"potentialAction":[{"@type":"SearchAction","target":{"@type":"EntryPoint","urlTemplate":"https:\/\/www.anovapeneira.gal\/?s={search_term_string}"},"query-input":{"@type":"PropertyValueSpecification","valueRequired":true,"valueName":"search_term_string"}}],"inLanguage":"gl-ES"},{"@type":"Organization","@id":"https:\/\/www.anovapeneira.gal\/#organization","name":"A Nova Peneira","url":"https:\/\/www.anovapeneira.gal\/","logo":{"@type":"ImageObject","inLanguage":"gl-ES","@id":"https:\/\/www.anovapeneira.gal\/#\/schema\/logo\/image\/","url":"http:\/\/www.anovapeneira.gal\/wp-content\/uploads\/2019\/06\/logo_a_nova_peneira_portal_web.png","contentUrl":"http:\/\/www.anovapeneira.gal\/wp-content\/uploads\/2019\/06\/logo_a_nova_peneira_portal_web.png","width":300,"height":100,"caption":"A Nova Peneira"},"image":{"@id":"https:\/\/www.anovapeneira.gal\/#\/schema\/logo\/image\/"},"sameAs":["https:\/\/www.facebook.com\/anovapeneira","https:\/\/x.com\/APeneira"]},{"@type":"Person","@id":"https:\/\/www.anovapeneira.gal\/#\/schema\/person\/b93e3f8932e3f8da96334607eb6ac6aa","name":"Redacci\u00f3n A Nova Peneira","image":{"@type":"ImageObject","inLanguage":"gl-ES","@id":"https:\/\/secure.gravatar.com\/avatar\/c052a2551a06e23fac63626232eaa90abd78dbcf1700fc46a2b2c89fd27b735f?s=96&d=mm&r=g","url":"https:\/\/secure.gravatar.com\/avatar\/c052a2551a06e23fac63626232eaa90abd78dbcf1700fc46a2b2c89fd27b735f?s=96&d=mm&r=g","contentUrl":"https:\/\/secure.gravatar.com\/avatar\/c052a2551a06e23fac63626232eaa90abd78dbcf1700fc46a2b2c89fd27b735f?s=96&d=mm&r=g","caption":"Redacci\u00f3n A Nova Peneira"},"sameAs":["http:\/\/www.anovapeneira.gal\/"],"url":"https:\/\/www.anovapeneira.gal\/index.php\/author\/redactor\/"}]}},"jetpack_featured_media_url":"https:\/\/www.anovapeneira.gal\/wp-content\/uploads\/2025\/06\/PIPA_POPE.jpg","_links":{"self":[{"href":"https:\/\/www.anovapeneira.gal\/index.php\/wp-json\/wp\/v2\/posts\/14077","targetHints":{"allow":["GET"]}}],"collection":[{"href":"https:\/\/www.anovapeneira.gal\/index.php\/wp-json\/wp\/v2\/posts"}],"about":[{"href":"https:\/\/www.anovapeneira.gal\/index.php\/wp-json\/wp\/v2\/types\/post"}],"author":[{"embeddable":true,"href":"https:\/\/www.anovapeneira.gal\/index.php\/wp-json\/wp\/v2\/users\/3"}],"replies":[{"embeddable":true,"href":"https:\/\/www.anovapeneira.gal\/index.php\/wp-json\/wp\/v2\/comments?post=14077"}],"version-history":[{"count":1,"href":"https:\/\/www.anovapeneira.gal\/index.php\/wp-json\/wp\/v2\/posts\/14077\/revisions"}],"predecessor-version":[{"id":14079,"href":"https:\/\/www.anovapeneira.gal\/index.php\/wp-json\/wp\/v2\/posts\/14077\/revisions\/14079"}],"wp:featuredmedia":[{"embeddable":true,"href":"https:\/\/www.anovapeneira.gal\/index.php\/wp-json\/wp\/v2\/media\/14078"}],"wp:attachment":[{"href":"https:\/\/www.anovapeneira.gal\/index.php\/wp-json\/wp\/v2\/media?parent=14077"}],"wp:term":[{"taxonomy":"category","embeddable":true,"href":"https:\/\/www.anovapeneira.gal\/index.php\/wp-json\/wp\/v2\/categories?post=14077"},{"taxonomy":"post_tag","embeddable":true,"href":"https:\/\/www.anovapeneira.gal\/index.php\/wp-json\/wp\/v2\/tags?post=14077"}],"curies":[{"name":"wp","href":"https:\/\/api.w.org\/{rel}","templated":true}]}}