{"id":14081,"date":"2025-06-20T12:00:23","date_gmt":"2025-06-20T10:00:23","guid":{"rendered":"https:\/\/www.anovapeneira.gal\/?p=14081"},"modified":"2025-06-19T12:24:09","modified_gmt":"2025-06-19T10:24:09","slug":"marin-sen-rumbo","status":"publish","type":"post","link":"https:\/\/www.anovapeneira.gal\/index.php\/2025\/06\/20\/marin-sen-rumbo\/","title":{"rendered":"Mar\u00edn sen rumbo"},"content":{"rendered":"\n<p>Nestes dous anos de mandato municipal, Mar\u00edn vive nun estado de par\u00e1lise pol\u00edtica tan profundo como preocupante. Con Mar\u00eda Ramallo (PP) no goberno sen un proxecto claro e o PSOE descabezado e err\u00e1tico, s\u00f3 o BNG ofrece esperanza. A continuaci\u00f3n, afondarei nalg\u00fans dos principais eixos que definen a situaci\u00f3n actual.<\/p>\n\n\n\n<p><em><strong>O PP: m\u00e1is presenza, menos contido<\/strong><\/em><\/p>\n\n\n\n<p>Mar\u00eda Ramallo revalidou a alcald\u00eda en maio de 2023 cunha cuarta maior\u00eda absoluta, marcando continuidade pol\u00edtica. Con todo, durante estes dous anos o que enche o espazo p\u00fablico \u00e9 m\u00e1is rutina que impulso: actividade burocr\u00e1tica sen ambici\u00f3n nin estratexia real.<\/p>\n\n\n\n<p>En varias ocasi\u00f3ns anunci\u00e1ronse pol\u00edticas de vivenda, como a cesi\u00f3n de terreos do Invied \u2013solicitada en marzo de 2025\u2013 e o estudo de vivendas de protecci\u00f3n en A Ra\u00f1a e Beneficiencia, pero non hai un horizonte temporal, nin orzamento concreto nin diagn\u00f3stico claro sobre o d\u00e9ficit existente. Mentres, a crise habitacional agr\u00e1vase coa subida dos alugueiros, a escaseza de oferta p\u00fablica e a expulsi\u00f3n das rendas m\u00e1is baixas do centro urbano.<\/p>\n\n\n\n<p>A isto s\u00famase a ausencia dunha pol\u00edtica fiscal ou social definidas.<\/p>\n\n\n\n<p>Tampouco hai unha proposta urbana con visi\u00f3n: o plano de Mar\u00edn permanece cambiante, cheo de parcheos, e sen que se poida entrever como ser\u00e1 dentro de 10, 20 ou 30 anos.<\/p>\n\n\n\n<p>As carencias en urbanismo traduc\u00edronse en problemas que xa se fixeron cr\u00f3nicos: a falta de aparcamento, o dese\u00f1o inconexo das humanizaci\u00f3ns, e unha rolda urbana confusa, que non favorece nin a mobilidade nin a convivencia. A xesti\u00f3n actual \u00e9 unha sucesi\u00f3n de improvisaci\u00f3ns e reacci\u00f3ns en lugar de planificaci\u00f3n e visi\u00f3n a medio e longo prazo. E nese contexto, o PP am\u00f3sase m\u00e1is preocupado pola propaganda institucional que por abrir canles reais de di\u00e1logo coa veci\u00f1anza.<\/p>\n\n\n\n<p><em><strong>PSOE: sen identidade<\/strong><\/em>.<\/p>\n\n\n\n<p>Mentres tanto, o PSOE local desaparece como alternativa real. Con cinco concelleiros, mant\u00e9\u00f1ense como terceira forza, pero sen liderado individual nin colectivo, sen discurso propio. A s\u00faa actividade pol\u00edtica resulta inintelixible e falta de coherencia.<\/p>\n\n\n\n<p>Un exemplo: abstiv\u00e9ronse na votaci\u00f3n dos orzamentos \u2014un claro xeito de eludir responsabilidade, mantendo ao tempo un perfil baixo e inexplicable\u2014 e votaron a favor da reprivatizaci\u00f3n do servizo de recollida do lixo. Isto non s\u00f3 lles impide diferenciarse do PP, sen\u00f3n que os afunde na aparencia de que son simplemente unha pata m\u00e1is do mesmo sistema.<\/p>\n\n\n\n<p>A s\u00faa deriva \u00e9 tan evidente que mesmo sectores sociais e veci\u00f1ais que tradicionalmente se identificaban co socialismo municipal, reco\u00f1ecen xa ao PSOE como unha formaci\u00f3n apagada, inoperante e sen voz. A divisi\u00f3n interna agrava a\u00ednda m\u00e1is a situaci\u00f3n. F\u00f3ra do seu portavoz municipal, non se vislumbra un bloque cohesionado capaz de constru\u00edr articulaci\u00f3n \u2014un c\u00edrculo vivo de debate sobre Mar\u00edn\u2014. O PSOE local non act\u00faa como contrapoder; \u00e9 case un observador dos acontecementos municipais, cun discurso reactivo, sen alma nin impulso.<\/p>\n\n\n\n<p><em><strong>Un BNG que espertou: das urnas \u00e1 alternativa<\/strong><\/em>.<\/p>\n\n\n\n<p>Fronte a tanta indefinici\u00f3n, o BNG marca un contraste n\u00edtido. Con catro concelleiros si se posicionan como o grupo m\u00e1is activo, coherente e alternativo. Presentaron un proxecto global e ambicioso: Abrir Mar\u00edn ao mar. Desde esta perspectiva, propo\u00f1en remapear urbanisticamente o centro para recuperar a ribeira e facer dela un espazo p\u00fablico de calidade, con peonalizaci\u00f3ns, dotaci\u00f3ns sociais e unha conexi\u00f3n directa co tecido urbano e humano do municipio.<\/p>\n\n\n\n<p>Defenden a remunicipalizaci\u00f3n dos servizos p\u00fablicos, apostando pola xesti\u00f3n directa como ferramenta de calidade e aforro, as\u00ed como polos dereitos laborais das persoas que os prestan. Son os \u00fanicos que se opuxeron frontalmente \u00e1 reprivatizaci\u00f3n do lixo, apostando por estudar alternativas p\u00fablicas. Tam\u00e9n insisten en mecanismos de participaci\u00f3n cidad\u00e1, propo\u00f1endo consellos sectoriais permanentes, orzamentos participativos e ferramentas reais para que a veci\u00f1anza participe na toma de decisi\u00f3ns.<\/p>\n\n\n\n<p>A posta en valor do patrimonio tam\u00e9n \u00e9 central: a proposta de recuperar o edificio Baladr\u00f3n como equipamento p\u00fablico \u00e9 unha mostra de como o BNG combina memoria, cultura e desenvolvemento. O seu discurso \u00e9 s\u00f3lido, traballado, con diagn\u00f3stico, calendario e obxectivos. E, sobre todo, con vontade pol\u00edtica de liderar un cambio real.<\/p>\n\n\n\n<p>O BNG ten diante unha oportunidade hist\u00f3rica: converter o seu proxecto en alternativa real. Non s\u00f3 dende a coherencia, sen\u00f3n dende a capacidade de tecer alianzas, sumar voces, escoitar ao tecido social e ampliar as bases da participaci\u00f3n.<\/p>\n\n\n\n<p>A vila precisa repensarse desde o mar, desde o urbanismo amable, desde a vivenda accesible, desde a xustiza fiscal, desde a cultura como motor de vida e desde a xesti\u00f3n p\u00fablica. O BNG \u00e9 o \u00fanico grupo que hoxe prop\u00f3n iso.<\/p>\n\n\n\n<p><em><strong>Conclusi\u00f3n<\/strong><\/em><\/p>\n\n\n\n<p>Nestes dous anos, Mar\u00edn perdeu a oportunidade de po\u00f1erse en marcha. Queda a\u00ednda metade da lexislatura, pero se non se produce un cambio de rumbo claro, ser\u00e1 outro mandato perdido. O PP segue sen contido nin planificaci\u00f3n, o PSOE sen norte nin valent\u00eda, e s\u00f3 o BNG mant\u00e9n un proxecto con futuro.<\/p>\n\n\n\n<p>A vila mer\u00e9cese m\u00e1is que xesti\u00f3n rutineira: precisa pol\u00edtica con alma, con compromiso, con futuro.<\/p>\n","protected":false},"excerpt":{"rendered":"<div class=\"mh-excerpt\"><p>Nestes dous anos de mandato municipal, Mar\u00edn vive nun estado de par\u00e1lise pol\u00edtica tan profundo como preocupante <a class=\"mh-excerpt-more\" href=\"https:\/\/www.anovapeneira.gal\/index.php\/2025\/06\/20\/marin-sen-rumbo\/\" title=\"Mar\u00edn sen rumbo\">[&#8230;]<\/a><\/p>\n<\/div>","protected":false},"author":23,"featured_media":13795,"comment_status":"open","ping_status":"open","sticky":false,"template":"","format":"standard","meta":{"_exactmetrics_skip_tracking":false,"_exactmetrics_sitenote_active":false,"_exactmetrics_sitenote_note":"","_exactmetrics_sitenote_category":0,"footnotes":""},"categories":[7],"tags":[144],"class_list":{"0":"post-14081","1":"post","2":"type-post","3":"status-publish","4":"format-standard","5":"has-post-thumbnail","7":"category-artigos-de-opinion","8":"tag-concello-de-marin"},"yoast_head":"<!-- This site is optimized with the Yoast SEO plugin v27.4 - https:\/\/yoast.com\/product\/yoast-seo-wordpress\/ -->\n<title>Mar\u00edn sen rumbo -<\/title>\n<meta name=\"robots\" content=\"index, follow, max-snippet:-1, max-image-preview:large, max-video-preview:-1\" \/>\n<link rel=\"canonical\" href=\"https:\/\/www.anovapeneira.gal\/index.php\/2025\/06\/20\/marin-sen-rumbo\/\" \/>\n<meta property=\"og:locale\" content=\"gl_ES\" \/>\n<meta property=\"og:type\" content=\"article\" \/>\n<meta property=\"og:title\" content=\"Mar\u00edn sen rumbo -\" \/>\n<meta property=\"og:description\" content=\"Nestes dous anos de mandato municipal, Mar\u00edn vive nun estado de par\u00e1lise pol\u00edtica tan profundo como preocupante [...]\" \/>\n<meta property=\"og:url\" content=\"https:\/\/www.anovapeneira.gal\/index.php\/2025\/06\/20\/marin-sen-rumbo\/\" \/>\n<meta property=\"article:publisher\" content=\"https:\/\/www.facebook.com\/anovapeneira\" \/>\n<meta property=\"article:published_time\" content=\"2025-06-20T10:00:23+00:00\" \/>\n<meta property=\"og:image\" content=\"https:\/\/www.anovapeneira.gal\/wp-content\/uploads\/2025\/04\/aaron_aluminha_marin.jpg\" \/>\n\t<meta property=\"og:image:width\" content=\"720\" \/>\n\t<meta property=\"og:image:height\" content=\"432\" \/>\n\t<meta property=\"og:image:type\" content=\"image\/jpeg\" \/>\n<meta name=\"author\" content=\"Aar\u00f3n Franco\" \/>\n<meta name=\"twitter:card\" content=\"summary_large_image\" \/>\n<meta name=\"twitter:creator\" content=\"@APeneira\" \/>\n<meta name=\"twitter:site\" content=\"@APeneira\" \/>\n<meta name=\"twitter:label1\" content=\"Escrito por\" \/>\n\t<meta name=\"twitter:data1\" content=\"Aar\u00f3n Franco\" \/>\n\t<meta name=\"twitter:label2\" content=\"Tempo de lectura\" \/>\n\t<meta name=\"twitter:data2\" content=\"5 minutos\" \/>\n<script type=\"application\/ld+json\" class=\"yoast-schema-graph\">{\"@context\":\"https:\\\/\\\/schema.org\",\"@graph\":[{\"@type\":\"Article\",\"@id\":\"https:\\\/\\\/www.anovapeneira.gal\\\/index.php\\\/2025\\\/06\\\/20\\\/marin-sen-rumbo\\\/#article\",\"isPartOf\":{\"@id\":\"https:\\\/\\\/www.anovapeneira.gal\\\/index.php\\\/2025\\\/06\\\/20\\\/marin-sen-rumbo\\\/\"},\"author\":{\"name\":\"Aar\u00f3n Franco\",\"@id\":\"https:\\\/\\\/www.anovapeneira.gal\\\/#\\\/schema\\\/person\\\/a907e49c1885c12d6f281770afd68766\"},\"headline\":\"Mar\u00edn sen rumbo\",\"datePublished\":\"2025-06-20T10:00:23+00:00\",\"mainEntityOfPage\":{\"@id\":\"https:\\\/\\\/www.anovapeneira.gal\\\/index.php\\\/2025\\\/06\\\/20\\\/marin-sen-rumbo\\\/\"},\"wordCount\":906,\"commentCount\":0,\"publisher\":{\"@id\":\"https:\\\/\\\/www.anovapeneira.gal\\\/#organization\"},\"image\":{\"@id\":\"https:\\\/\\\/www.anovapeneira.gal\\\/index.php\\\/2025\\\/06\\\/20\\\/marin-sen-rumbo\\\/#primaryimage\"},\"thumbnailUrl\":\"https:\\\/\\\/www.anovapeneira.gal\\\/wp-content\\\/uploads\\\/2025\\\/04\\\/aaron_aluminha_marin.jpg\",\"keywords\":[\"Concello de Mar\u00edn\"],\"articleSection\":[\"Artigos de opini\u00f3n\"],\"inLanguage\":\"gl-ES\",\"potentialAction\":[{\"@type\":\"CommentAction\",\"name\":\"Comment\",\"target\":[\"https:\\\/\\\/www.anovapeneira.gal\\\/index.php\\\/2025\\\/06\\\/20\\\/marin-sen-rumbo\\\/#respond\"]}]},{\"@type\":\"WebPage\",\"@id\":\"https:\\\/\\\/www.anovapeneira.gal\\\/index.php\\\/2025\\\/06\\\/20\\\/marin-sen-rumbo\\\/\",\"url\":\"https:\\\/\\\/www.anovapeneira.gal\\\/index.php\\\/2025\\\/06\\\/20\\\/marin-sen-rumbo\\\/\",\"name\":\"Mar\u00edn sen rumbo -\",\"isPartOf\":{\"@id\":\"https:\\\/\\\/www.anovapeneira.gal\\\/#website\"},\"primaryImageOfPage\":{\"@id\":\"https:\\\/\\\/www.anovapeneira.gal\\\/index.php\\\/2025\\\/06\\\/20\\\/marin-sen-rumbo\\\/#primaryimage\"},\"image\":{\"@id\":\"https:\\\/\\\/www.anovapeneira.gal\\\/index.php\\\/2025\\\/06\\\/20\\\/marin-sen-rumbo\\\/#primaryimage\"},\"thumbnailUrl\":\"https:\\\/\\\/www.anovapeneira.gal\\\/wp-content\\\/uploads\\\/2025\\\/04\\\/aaron_aluminha_marin.jpg\",\"datePublished\":\"2025-06-20T10:00:23+00:00\",\"breadcrumb\":{\"@id\":\"https:\\\/\\\/www.anovapeneira.gal\\\/index.php\\\/2025\\\/06\\\/20\\\/marin-sen-rumbo\\\/#breadcrumb\"},\"inLanguage\":\"gl-ES\",\"potentialAction\":[{\"@type\":\"ReadAction\",\"target\":[\"https:\\\/\\\/www.anovapeneira.gal\\\/index.php\\\/2025\\\/06\\\/20\\\/marin-sen-rumbo\\\/\"]}]},{\"@type\":\"ImageObject\",\"inLanguage\":\"gl-ES\",\"@id\":\"https:\\\/\\\/www.anovapeneira.gal\\\/index.php\\\/2025\\\/06\\\/20\\\/marin-sen-rumbo\\\/#primaryimage\",\"url\":\"https:\\\/\\\/www.anovapeneira.gal\\\/wp-content\\\/uploads\\\/2025\\\/04\\\/aaron_aluminha_marin.jpg\",\"contentUrl\":\"https:\\\/\\\/www.anovapeneira.gal\\\/wp-content\\\/uploads\\\/2025\\\/04\\\/aaron_aluminha_marin.jpg\",\"width\":720,\"height\":432,\"caption\":\"Aar\u00f3n Franco, presidente da AC Almuinha de Mar\u00edn\"},{\"@type\":\"BreadcrumbList\",\"@id\":\"https:\\\/\\\/www.anovapeneira.gal\\\/index.php\\\/2025\\\/06\\\/20\\\/marin-sen-rumbo\\\/#breadcrumb\",\"itemListElement\":[{\"@type\":\"ListItem\",\"position\":1,\"name\":\"Portada\",\"item\":\"https:\\\/\\\/www.anovapeneira.gal\\\/\"},{\"@type\":\"ListItem\",\"position\":2,\"name\":\"Mar\u00edn sen rumbo\"}]},{\"@type\":\"WebSite\",\"@id\":\"https:\\\/\\\/www.anovapeneira.gal\\\/#website\",\"url\":\"https:\\\/\\\/www.anovapeneira.gal\\\/\",\"name\":\"\",\"description\":\"Xornal galego de informaci\u00f3n xeral Publicaci\u00f3n mensual de novas de Galicia e en especial dos Concellos da sur da provincia de Pontevedra.\",\"publisher\":{\"@id\":\"https:\\\/\\\/www.anovapeneira.gal\\\/#organization\"},\"potentialAction\":[{\"@type\":\"SearchAction\",\"target\":{\"@type\":\"EntryPoint\",\"urlTemplate\":\"https:\\\/\\\/www.anovapeneira.gal\\\/?s={search_term_string}\"},\"query-input\":{\"@type\":\"PropertyValueSpecification\",\"valueRequired\":true,\"valueName\":\"search_term_string\"}}],\"inLanguage\":\"gl-ES\"},{\"@type\":\"Organization\",\"@id\":\"https:\\\/\\\/www.anovapeneira.gal\\\/#organization\",\"name\":\"A Nova Peneira\",\"url\":\"https:\\\/\\\/www.anovapeneira.gal\\\/\",\"logo\":{\"@type\":\"ImageObject\",\"inLanguage\":\"gl-ES\",\"@id\":\"https:\\\/\\\/www.anovapeneira.gal\\\/#\\\/schema\\\/logo\\\/image\\\/\",\"url\":\"http:\\\/\\\/www.anovapeneira.gal\\\/wp-content\\\/uploads\\\/2019\\\/06\\\/logo_a_nova_peneira_portal_web.png\",\"contentUrl\":\"http:\\\/\\\/www.anovapeneira.gal\\\/wp-content\\\/uploads\\\/2019\\\/06\\\/logo_a_nova_peneira_portal_web.png\",\"width\":300,\"height\":100,\"caption\":\"A Nova Peneira\"},\"image\":{\"@id\":\"https:\\\/\\\/www.anovapeneira.gal\\\/#\\\/schema\\\/logo\\\/image\\\/\"},\"sameAs\":[\"https:\\\/\\\/www.facebook.com\\\/anovapeneira\",\"https:\\\/\\\/x.com\\\/APeneira\"]},{\"@type\":\"Person\",\"@id\":\"https:\\\/\\\/www.anovapeneira.gal\\\/#\\\/schema\\\/person\\\/a907e49c1885c12d6f281770afd68766\",\"name\":\"Aar\u00f3n Franco\",\"image\":{\"@type\":\"ImageObject\",\"inLanguage\":\"gl-ES\",\"@id\":\"https:\\\/\\\/secure.gravatar.com\\\/avatar\\\/82f0614fe09ae3f066983f8d670d0ff15a0917fefe52b93ffa425275b87d6102?s=96&d=mm&r=g\",\"url\":\"https:\\\/\\\/secure.gravatar.com\\\/avatar\\\/82f0614fe09ae3f066983f8d670d0ff15a0917fefe52b93ffa425275b87d6102?s=96&d=mm&r=g\",\"contentUrl\":\"https:\\\/\\\/secure.gravatar.com\\\/avatar\\\/82f0614fe09ae3f066983f8d670d0ff15a0917fefe52b93ffa425275b87d6102?s=96&d=mm&r=g\",\"caption\":\"Aar\u00f3n Franco\"},\"sameAs\":[\"http:\\\/\\\/www.anovapeneira.gal\\\/\"],\"url\":\"https:\\\/\\\/www.anovapeneira.gal\\\/index.php\\\/author\\\/aaron-franco\\\/\"}]}<\/script>\n<!-- \/ Yoast SEO plugin. -->","yoast_head_json":{"title":"Mar\u00edn sen rumbo -","robots":{"index":"index","follow":"follow","max-snippet":"max-snippet:-1","max-image-preview":"max-image-preview:large","max-video-preview":"max-video-preview:-1"},"canonical":"https:\/\/www.anovapeneira.gal\/index.php\/2025\/06\/20\/marin-sen-rumbo\/","og_locale":"gl_ES","og_type":"article","og_title":"Mar\u00edn sen rumbo -","og_description":"Nestes dous anos de mandato municipal, Mar\u00edn vive nun estado de par\u00e1lise pol\u00edtica tan profundo como preocupante [...]","og_url":"https:\/\/www.anovapeneira.gal\/index.php\/2025\/06\/20\/marin-sen-rumbo\/","article_publisher":"https:\/\/www.facebook.com\/anovapeneira","article_published_time":"2025-06-20T10:00:23+00:00","og_image":[{"width":720,"height":432,"url":"https:\/\/www.anovapeneira.gal\/wp-content\/uploads\/2025\/04\/aaron_aluminha_marin.jpg","type":"image\/jpeg"}],"author":"Aar\u00f3n Franco","twitter_card":"summary_large_image","twitter_creator":"@APeneira","twitter_site":"@APeneira","twitter_misc":{"Escrito por":"Aar\u00f3n Franco","Tempo de lectura":"5 minutos"},"schema":{"@context":"https:\/\/schema.org","@graph":[{"@type":"Article","@id":"https:\/\/www.anovapeneira.gal\/index.php\/2025\/06\/20\/marin-sen-rumbo\/#article","isPartOf":{"@id":"https:\/\/www.anovapeneira.gal\/index.php\/2025\/06\/20\/marin-sen-rumbo\/"},"author":{"name":"Aar\u00f3n Franco","@id":"https:\/\/www.anovapeneira.gal\/#\/schema\/person\/a907e49c1885c12d6f281770afd68766"},"headline":"Mar\u00edn sen rumbo","datePublished":"2025-06-20T10:00:23+00:00","mainEntityOfPage":{"@id":"https:\/\/www.anovapeneira.gal\/index.php\/2025\/06\/20\/marin-sen-rumbo\/"},"wordCount":906,"commentCount":0,"publisher":{"@id":"https:\/\/www.anovapeneira.gal\/#organization"},"image":{"@id":"https:\/\/www.anovapeneira.gal\/index.php\/2025\/06\/20\/marin-sen-rumbo\/#primaryimage"},"thumbnailUrl":"https:\/\/www.anovapeneira.gal\/wp-content\/uploads\/2025\/04\/aaron_aluminha_marin.jpg","keywords":["Concello de Mar\u00edn"],"articleSection":["Artigos de opini\u00f3n"],"inLanguage":"gl-ES","potentialAction":[{"@type":"CommentAction","name":"Comment","target":["https:\/\/www.anovapeneira.gal\/index.php\/2025\/06\/20\/marin-sen-rumbo\/#respond"]}]},{"@type":"WebPage","@id":"https:\/\/www.anovapeneira.gal\/index.php\/2025\/06\/20\/marin-sen-rumbo\/","url":"https:\/\/www.anovapeneira.gal\/index.php\/2025\/06\/20\/marin-sen-rumbo\/","name":"Mar\u00edn sen rumbo -","isPartOf":{"@id":"https:\/\/www.anovapeneira.gal\/#website"},"primaryImageOfPage":{"@id":"https:\/\/www.anovapeneira.gal\/index.php\/2025\/06\/20\/marin-sen-rumbo\/#primaryimage"},"image":{"@id":"https:\/\/www.anovapeneira.gal\/index.php\/2025\/06\/20\/marin-sen-rumbo\/#primaryimage"},"thumbnailUrl":"https:\/\/www.anovapeneira.gal\/wp-content\/uploads\/2025\/04\/aaron_aluminha_marin.jpg","datePublished":"2025-06-20T10:00:23+00:00","breadcrumb":{"@id":"https:\/\/www.anovapeneira.gal\/index.php\/2025\/06\/20\/marin-sen-rumbo\/#breadcrumb"},"inLanguage":"gl-ES","potentialAction":[{"@type":"ReadAction","target":["https:\/\/www.anovapeneira.gal\/index.php\/2025\/06\/20\/marin-sen-rumbo\/"]}]},{"@type":"ImageObject","inLanguage":"gl-ES","@id":"https:\/\/www.anovapeneira.gal\/index.php\/2025\/06\/20\/marin-sen-rumbo\/#primaryimage","url":"https:\/\/www.anovapeneira.gal\/wp-content\/uploads\/2025\/04\/aaron_aluminha_marin.jpg","contentUrl":"https:\/\/www.anovapeneira.gal\/wp-content\/uploads\/2025\/04\/aaron_aluminha_marin.jpg","width":720,"height":432,"caption":"Aar\u00f3n Franco, presidente da AC Almuinha de Mar\u00edn"},{"@type":"BreadcrumbList","@id":"https:\/\/www.anovapeneira.gal\/index.php\/2025\/06\/20\/marin-sen-rumbo\/#breadcrumb","itemListElement":[{"@type":"ListItem","position":1,"name":"Portada","item":"https:\/\/www.anovapeneira.gal\/"},{"@type":"ListItem","position":2,"name":"Mar\u00edn sen rumbo"}]},{"@type":"WebSite","@id":"https:\/\/www.anovapeneira.gal\/#website","url":"https:\/\/www.anovapeneira.gal\/","name":"","description":"Xornal galego de informaci\u00f3n xeral Publicaci\u00f3n mensual de novas de Galicia e en especial dos Concellos da sur da provincia de Pontevedra.","publisher":{"@id":"https:\/\/www.anovapeneira.gal\/#organization"},"potentialAction":[{"@type":"SearchAction","target":{"@type":"EntryPoint","urlTemplate":"https:\/\/www.anovapeneira.gal\/?s={search_term_string}"},"query-input":{"@type":"PropertyValueSpecification","valueRequired":true,"valueName":"search_term_string"}}],"inLanguage":"gl-ES"},{"@type":"Organization","@id":"https:\/\/www.anovapeneira.gal\/#organization","name":"A Nova Peneira","url":"https:\/\/www.anovapeneira.gal\/","logo":{"@type":"ImageObject","inLanguage":"gl-ES","@id":"https:\/\/www.anovapeneira.gal\/#\/schema\/logo\/image\/","url":"http:\/\/www.anovapeneira.gal\/wp-content\/uploads\/2019\/06\/logo_a_nova_peneira_portal_web.png","contentUrl":"http:\/\/www.anovapeneira.gal\/wp-content\/uploads\/2019\/06\/logo_a_nova_peneira_portal_web.png","width":300,"height":100,"caption":"A Nova Peneira"},"image":{"@id":"https:\/\/www.anovapeneira.gal\/#\/schema\/logo\/image\/"},"sameAs":["https:\/\/www.facebook.com\/anovapeneira","https:\/\/x.com\/APeneira"]},{"@type":"Person","@id":"https:\/\/www.anovapeneira.gal\/#\/schema\/person\/a907e49c1885c12d6f281770afd68766","name":"Aar\u00f3n Franco","image":{"@type":"ImageObject","inLanguage":"gl-ES","@id":"https:\/\/secure.gravatar.com\/avatar\/82f0614fe09ae3f066983f8d670d0ff15a0917fefe52b93ffa425275b87d6102?s=96&d=mm&r=g","url":"https:\/\/secure.gravatar.com\/avatar\/82f0614fe09ae3f066983f8d670d0ff15a0917fefe52b93ffa425275b87d6102?s=96&d=mm&r=g","contentUrl":"https:\/\/secure.gravatar.com\/avatar\/82f0614fe09ae3f066983f8d670d0ff15a0917fefe52b93ffa425275b87d6102?s=96&d=mm&r=g","caption":"Aar\u00f3n Franco"},"sameAs":["http:\/\/www.anovapeneira.gal\/"],"url":"https:\/\/www.anovapeneira.gal\/index.php\/author\/aaron-franco\/"}]}},"jetpack_featured_media_url":"https:\/\/www.anovapeneira.gal\/wp-content\/uploads\/2025\/04\/aaron_aluminha_marin.jpg","_links":{"self":[{"href":"https:\/\/www.anovapeneira.gal\/index.php\/wp-json\/wp\/v2\/posts\/14081","targetHints":{"allow":["GET"]}}],"collection":[{"href":"https:\/\/www.anovapeneira.gal\/index.php\/wp-json\/wp\/v2\/posts"}],"about":[{"href":"https:\/\/www.anovapeneira.gal\/index.php\/wp-json\/wp\/v2\/types\/post"}],"author":[{"embeddable":true,"href":"https:\/\/www.anovapeneira.gal\/index.php\/wp-json\/wp\/v2\/users\/23"}],"replies":[{"embeddable":true,"href":"https:\/\/www.anovapeneira.gal\/index.php\/wp-json\/wp\/v2\/comments?post=14081"}],"version-history":[{"count":1,"href":"https:\/\/www.anovapeneira.gal\/index.php\/wp-json\/wp\/v2\/posts\/14081\/revisions"}],"predecessor-version":[{"id":14082,"href":"https:\/\/www.anovapeneira.gal\/index.php\/wp-json\/wp\/v2\/posts\/14081\/revisions\/14082"}],"wp:featuredmedia":[{"embeddable":true,"href":"https:\/\/www.anovapeneira.gal\/index.php\/wp-json\/wp\/v2\/media\/13795"}],"wp:attachment":[{"href":"https:\/\/www.anovapeneira.gal\/index.php\/wp-json\/wp\/v2\/media?parent=14081"}],"wp:term":[{"taxonomy":"category","embeddable":true,"href":"https:\/\/www.anovapeneira.gal\/index.php\/wp-json\/wp\/v2\/categories?post=14081"},{"taxonomy":"post_tag","embeddable":true,"href":"https:\/\/www.anovapeneira.gal\/index.php\/wp-json\/wp\/v2\/tags?post=14081"}],"curies":[{"name":"wp","href":"https:\/\/api.w.org\/{rel}","templated":true}]}}