{"id":14083,"date":"2025-06-23T10:00:27","date_gmt":"2025-06-23T08:00:27","guid":{"rendered":"https:\/\/www.anovapeneira.gal\/?p=14083"},"modified":"2025-06-19T12:44:08","modified_gmt":"2025-06-19T10:44:08","slug":"marin-no-fio-do-cambio","status":"publish","type":"post","link":"https:\/\/www.anovapeneira.gal\/index.php\/2025\/06\/23\/marin-no-fio-do-cambio\/","title":{"rendered":"Mar\u00edn no f\u00edo do cambio"},"content":{"rendered":"\n<p>O concello de Mar\u00edn at\u00f3pase nun momento determinante da s\u00faa traxectoria pol\u00edtica, social e urbana. Non se trata dun xiro inesperado nin dunha convulsi\u00f3n abrupta, sen\u00f3n m\u00e1is ben dunha acumulaci\u00f3n de s\u00edntomas que vi\u00f1eron medrando nos \u00faltimos anos e que agora confl\u00faen co peso suficiente como para condicionar o rumbo da vila durante a vindeira d\u00e9cada. Os vellos consensos esgot\u00e1ronse, e os desacordos \u2014que antes se presentaban como matices\u2014 convert\u00e9ronse en visi\u00f3ns incompatibles sobre o que significa gobernar, planificar e compartir un espazo com\u00fan. Mar\u00edn, ese espazo com\u00fan, est\u00e1 hoxe en disputa. Unha disputa pol\u00edtica, si, pero tam\u00e9n simb\u00f3lica, territorial e mesmo moral.<\/p>\n\n\n\n<p>Sobre a mesa est\u00e1n as grandes cuesti\u00f3ns que afectan a calquera municipio do s\u00e9culo XXI: a perda de poboaci\u00f3n, o acceso \u00e1 vivenda, o uso racional dos recursos p\u00fablicos, a relaci\u00f3n coa contorna natural, a accesibilidade, a participaci\u00f3n cidad\u00e1 ou a proxecci\u00f3n cultural. Mais en Mar\u00edn estas cuesti\u00f3ns toman unha forma particular, filtradas por unha historia local marcada por instituci\u00f3ns que ocupan fisicamente o territorio \u2014o Porto, a Escola Naval\u2014 e por unha xeograf\u00eda que imp\u00f3n l\u00edmites tanxibles ao desenvolvemento urbano. Aqu\u00ed, a pol\u00edtica municipal non \u00e9 un exercicio de xesti\u00f3n neutra; \u00e9, cada vez m\u00e1is, un campo onde se confrontan proxectos de vila, modelos de gobernanza e formas de entender a responsabilidade p\u00fablica.<\/p>\n\n\n\n<p>A alcaldesa Mar\u00eda Ramallo, do Partido Popular, leva m\u00e1is dunha d\u00e9cada \u00e1 fronte do Concello. Pero esa hexemon\u00eda comeza a presentar fisuras pola emerxencia dunha oposici\u00f3n que xa non se limita a fiscalizar, sen\u00f3n que formula alternativas concretas.<\/p>\n\n\n\n<p>Un eixo fundamental \u00e9 o acceso ao mar. Non s\u00f3 en termos f\u00edsicos \u2014a trav\u00e9s de paseos, praias ou zonas verdes\u2014, sen\u00f3n en termos pol\u00edticos: quen pode decidir sobre o litoral de Mar\u00edn? Quen ocupa ese espazo? A Escola Naval e o Porto, d\u00faas instituci\u00f3ns historicamente ligadas ao desenvolvemento econ\u00f3mico da vila, son hoxe tam\u00e9n dous valos, literalmente. A s\u00faa presenza condiciona o urbanismo e limita a accesibilidade. S\u00f3 unha das forzas pol\u00edticas con representaci\u00f3n institucional \u2014o BNG\u2014 prop\u00f3n abertamente unha apertura real ao mar, con cesi\u00f3n de terreos e recuperaci\u00f3n de espazos para uso civil. O resto das formaci\u00f3ns adopta unha postura m\u00e1is conservadora ou evasiva. Para uns, o mar \u00e9 memoria e horizonte; para outros, unha fronteira que conv\u00e9n non tocar.<\/p>\n\n\n\n<p>Hai, sen d\u00fabida, varios temas que se est\u00e1n a converter en s\u00edmbolos. Un deles \u00e9 o novo auditorio. Un edificio que aspira a transformar o centro urbano e a dotar Mar\u00edn dunha infraestrutura cultural de referencia, pero que tam\u00e9n foi acusado de absorber recursos sen garantir un retorno proporcional nin un plan claro de uso. Para uns, un exemplo de xesti\u00f3n ambiciosa e investimento a longo prazo; para outros, unha operaci\u00f3n de prestixio sen planificaci\u00f3n. A disputa non \u00e9 s\u00f3 sobre o custo \u2014que pasou dos 2 aos 6 mill\u00f3ns de euros\u2014, sen\u00f3n sobre a oportunidade, a prioridade e o sentido p\u00fablico da obra.<\/p>\n\n\n\n<p>Pero o auditorio \u00e9 s\u00f3 a punta do iceberg. Hai outra cuesti\u00f3n moito m\u00e1is estrutural e menos vis\u00edbel, a\u00ednda que m\u00e1is sentida pola veci\u00f1anza: a vivenda. A crise habitacional non \u00e9 un problema exclusivo de Mar\u00edn, pero aqu\u00ed adquire contornos propios. Mentres o PXOM contin\u00faa vixente \u2014e con el as posibilidades de activar solo urbano\u2014, moitas zonas permanecen estancadas e sen desenvolver. Os prezos non deixan de medrar, os alugueiros son escasos e caros, e a xente moza at\u00f3pase sen opci\u00f3ns reais de establecerse. A perda de poboaci\u00f3n non se explica por falta de atractivos, sen\u00f3n pola imposibilidade material de vivir aqu\u00ed con dignidade. E nese contexto, o urbanismo deixa de ser un tecnicismo e conv\u00e9rtese nun campo de batalla pol\u00edtica.<\/p>\n\n\n\n<p>O asociacionismo cultural e veci\u00f1al tam\u00e9n reclama atenci\u00f3n. En Mar\u00edn, como noutros moitos lugares, boa parte das actividades culturais son impulsadas por entidades sen \u00e1nimo de lucro, con recursos escasos e moitas veces suxeitas a pagamentos atrasados ou a favoritismos pol\u00edticos. A falta dunha partida orzamentaria estable, regulamentada e transparente, impide que estas asociaci\u00f3ns act\u00faen con autonom\u00eda real. Mentres tanto, a xesti\u00f3n da cultura institucional segue a estar centrada en eventos espor\u00e1dicos e campa\u00f1as puntuais, m\u00e1is que nunha pol\u00edtica estruturada e participativa.<\/p>\n\n\n\n<p>Non se pode esquecer, tampouco, a dimensi\u00f3n coti\u00e1 da pol\u00edtica municipal. As pequenas cousas que determinan a vida diaria: a piscina municipal con deficiencias tras unha reforma millonaria; o problema do aparcamento, agravado por desigualdades no pago de alugueiros de parcelas; a inaccesibilidade f\u00edsica ao sal\u00f3n de plenos, que impide a persoas en cadeira de rodas exercer os seus dereitos democr\u00e1ticos. Estes feitos, m\u00e1is al\u00e1 do seu alcance inmediato, funcionan como indicadores dun modelo de xesti\u00f3n que, segundo quen o critique, prioriza o escaparate sobre a funci\u00f3n.<\/p>\n\n\n\n<p>Neste contexto, a participaci\u00f3n cidad\u00e1 conv\u00e9rtese nun concepto central pero escorregadizo. Para o goberno, est\u00e1 garantida a trav\u00e9s de procesos formais e proxectos europeos que implican consulta p\u00fablica. Para a oposici\u00f3n, tr\u00e1tase dunha simulaci\u00f3n participativa que excl\u00fae os mecanismos reais de decisi\u00f3n e impide unha democracia horizontal. A proposta de orzamentos participativos non \u00e9 s\u00f3 unha medida administrativa, sen\u00f3n unha demanda de fondo que interpela a propia estrutura institucional.<\/p>\n\n\n\n<p>A pouco tempo das elecci\u00f3ns municipais, a carreira non est\u00e1 lanzada, pero as posici\u00f3ns xa est\u00e1n definidas. Ramallo aposta por consolidar o seu legado cunha xesti\u00f3n continuista. Luc\u00eda Santos pretende abrir unha nova etapa baseada na democratizaci\u00f3n do espazo p\u00fablico, a recuperaci\u00f3n do litoral e a implicaci\u00f3n directa da veci\u00f1anza. Pazos presenta unha visi\u00f3n intermedia, cr\u00edtica coa situaci\u00f3n actual, pero sen abandonar un ton de contenci\u00f3n institucional. Cada quen interpreta o momento de Mar\u00edn desde o seu lugar, pero todos coinciden \u2014mesmo sen dicilo\u2014 en que algo se est\u00e1 xogando agora que vai moito m\u00e1is al\u00e1 dun ciclo electoral.<\/p>\n\n\n\n<p>Porque o que est\u00e1 en xogo non \u00e9 s\u00f3 quen goberna. \u00c9 como se goberna, para que se goberna e con quen. \u00c9 a propia idea de comunidade. De vila. De futuro. E Mar\u00edn, con todo o que leva \u00e1s costas, merece que esa idea sexa discutida sen medo, con argumentos e sen ataduras. Aqu\u00ed, agora, \u00e9 o momento. E o debate \u2014tanto pol\u00edtico como cidad\u00e1n\u2014 non s\u00f3 ser\u00e1 lex\u00edtimo, sen\u00f3n necesario. Porque se hai algo que define a Mar\u00edn \u00e9 que nunca deixou de mirar ao mar, mesmo cando o mar estivo tapado.<\/p>\n\n\n\n<p>\u201c<strong>O noso mar \u00e9 o paseo Alcalde Blanco\u201d<\/strong><\/p>\n\n\n\n<p><strong>Mar\u00eda Ramallo, alcaldesa de Mar\u00edn.<\/strong><\/p>\n\n\n\n<figure class=\"wp-block-image size-full is-resized\"><img loading=\"lazy\" decoding=\"async\" width=\"348\" height=\"196\" src=\"https:\/\/www.anovapeneira.gal\/wp-content\/uploads\/2025\/06\/1000044134-edited.jpg\" alt=\"\" class=\"wp-image-14090\" style=\"width:822px;height:auto\" srcset=\"https:\/\/www.anovapeneira.gal\/wp-content\/uploads\/2025\/06\/1000044134-edited.jpg 348w, https:\/\/www.anovapeneira.gal\/wp-content\/uploads\/2025\/06\/1000044134-edited-300x169.jpg 300w\" sizes=\"auto, (max-width: 348px) 100vw, 348px\" \/><\/figure>\n\n\n\n<p><strong>\u00bfComo valoran a evoluci\u00f3n do Plan Xeral de Ordenaci\u00f3n Municipal (PXOM) e que medidas propo\u00f1en para frear a perda de poboaci\u00f3n que afecta a Mar\u00edn desde hai anos?<\/strong><\/p>\n\n\n\n<blockquote class=\"wp-block-quote is-layout-flow wp-block-quote-is-layout-flow\">\n<p>O PXOM est\u00e1 en plena vixencia. Seguimos tramitando modificaci\u00f3ns puntuais. Agora queremos incidir no tema de vivenda, pretendendo desenvolver espazos de licenza directa e conveniar para facer vivenda protexida.<\/p>\n<\/blockquote>\n\n\n\n<blockquote class=\"wp-block-quote is-layout-flow wp-block-quote-is-layout-flow\">\n<p>Inter\u00e9same que se constr\u00faa vivenda e sobre todo a un prezo razoable.<\/p>\n<\/blockquote>\n\n\n\n<blockquote class=\"wp-block-quote is-layout-flow wp-block-quote-is-layout-flow\">\n<p>Desde o punto de vista demogr\u00e1fico non se pode evitar dicir que o concepto de familia mudou e que a xente ten menos fillos que antes. A pouco que se mova o tema do vivenda seremos atractivos para fixar poboaci\u00f3n.<\/p>\n<\/blockquote>\n\n\n\n<p><strong>A oposici\u00f3n denunciou deficiencias na piscina municipal tras unha reforma de 600.000 euros. \u00bfComo explican esta situaci\u00f3n e que soluci\u00f3ns propo\u00f1en?<\/strong><\/p>\n\n\n\n<blockquote class=\"wp-block-quote is-layout-flow wp-block-quote-is-layout-flow\">\n<p>A piscina precisaba unha actuaci\u00f3n importante. Acometeuse con 600.000 euros de fondos da deputaci\u00f3n. Actuouse na cuberta e no vaso. Da propia piscina non temos queixa. O que mais cr\u00edtica temos \u00e9 das actividades complementarias, como \u00e9 o caso do ximnasio. Pero \u00e9 que a piscina foi concebida como piscina. Iso non quere dicir que non se vaia seguir investindo. Pero n\u00f3s non podemos competir ao nivel dun ximnasio. Manter unha piscina \u00e9 caro. Temos unha prezos razoables que non cubren os gastos pero \u00e9 a nosa obriga como concello. A\u00ednda que a instalaci\u00f3n sexa deficitaria. N\u00f3s non estamos para competir coas instalaci\u00f3ns privadas.<\/p>\n<\/blockquote>\n\n\n\n<p><strong>Consideran que o Concello est\u00e1 a fomentar adecuadamente a participaci\u00f3n cidad\u00e1 nas decisi\u00f3ns municipais? \u00bfQue melloras introducir\u00edan neste \u00e1mbito?<\/strong><\/p>\n\n\n\n<blockquote class=\"wp-block-quote is-layout-flow wp-block-quote-is-layout-flow\">\n<p>Desde o punto de vista da participaci\u00f3n, fomos quen de tramitar varios documentos europeos que foron expostos e participados. Ademais as pol\u00edticas urbanas van por a\u00ed. Por exemplo o Plan de mobilidade urbana sostible. Todos os concellos imos pola mesma li\u00f1a. Esa axenda urbana que nos permite conquerir fondos e que po\u00f1en ao cidad\u00e1n no centro do urbanismo e en contornos m\u00e1is seguros.<\/p>\n<\/blockquote>\n\n\n\n<p><strong>V\u00e9n de aprobarse unha moci\u00f3n no \u00faltimo pleno ordinario, na que se aprobaba a mellor\u00eda da accesibilidade \u00e1s praias, o parad\u00f3xico do tema, \u00e9 que unha persoa con problemas de mobilidade non pode acceder fisicamente ao pleno. Ata que punto o concello est\u00e1 sensibilizado cos problemas de mobilidade cando unha persoa en cadeira de rodas non pode acceder ao concello m\u00e1is al\u00e1 da planta baixa?<\/strong><\/p>\n\n\n\n<blockquote class=\"wp-block-quote is-layout-flow wp-block-quote-is-layout-flow\">\n<p>Efectivamente, toda a raz\u00f3n. Temos un proxecto de reforma integral do concello que leva incorporado un ascensor externo. Estamos con patrimonio traballando niso para que ese ascensor chegue polo menos \u00e1 primeira planta.<\/p>\n<\/blockquote>\n\n\n\n<p><strong>Estase a converter o auditorio de Mar\u00edn nunha construci\u00f3n que absorve recursos sen ter a\u00ednda clara a potencialidade e o aproveitamento?<\/strong><\/p>\n\n\n\n<blockquote class=\"wp-block-quote is-layout-flow wp-block-quote-is-layout-flow\">\n<p>\u00c9 unha infraestrutura cultural necesaria onde ter un punto de encontro. Foi un exemplo de coordinaci\u00f3n conseguir o espazo, o estudo de detalle, licitar a obra, o inicio da propia obra\u2026 Estamos na recta final. Aproveitamos fondos europeos, convenios con Xunta e fondos do propio concello. Todo \u00e9 susceptible de opini\u00f3n pero creo que usamos moi ben os fondos que conquerimos. Conseguimos melloras nos equipamentos. Imos tratar de ter os mellores equipamentos para arrancar. Era necesario facer o esforzo econ\u00f3mico.<\/p>\n<\/blockquote>\n\n\n\n<p><strong>Mar\u00edn est\u00e1 pechado ao mar. A Escola naval e o Porto limitaron o aproveitamento do litoral urbano para a veci\u00f1anza. O porto e a Escola Naval foron concebidas coma d\u00faas instituci\u00f3ns que manexaban un volume superior de xente e recursos. Hoxe en d\u00eda ese volume disminu\u00edu, mais seguimos a ver como eses dous valos, non est\u00e1n a ser xenerosos coa vila. Debe Mar\u00edn abrirse ao mar?<\/strong><\/p>\n\n\n\n<blockquote class=\"wp-block-quote is-layout-flow wp-block-quote-is-layout-flow\">\n<p>Esto leva fal\u00e1ndose anos. Xa se foron ga\u00f1ando espazos. Non nos acordamos de onde estaba Perez Torres? Temos un Porto de interese xeral do Estado. A Escola Naval \u00e9 o noso Campus universitario. \u00c9 a nosa segunda empresa. A min gustar\u00edame que a xente co\u00f1\u00e9cese a Escola naval e o Porto por dentro. Eu mesma me sorprendo porque son como d\u00faas cidades por dentro. Se o Porto tivese m\u00e1is espazo, m\u00e1is empresas ter\u00eda. O noso mar \u00e9 o paseo Alcalde Blanco, estamos revitalizando esa zona. \u00c9 a un kil\u00f3metro temos o paseo de Portocelo. Gustar\u00edanos compartir m\u00e1is espazos? Si. Pero non podemos facer desto unha pena. Hai que verlle o lado positivo.<\/p>\n<\/blockquote>\n\n\n\n<blockquote class=\"wp-block-quote is-layout-flow wp-block-quote-is-layout-flow\">\n<p>Se de cara ao futuro podemos aproveitarnos estupendo. Pero saqu\u00e9moslle proveito ao que temos.<\/p>\n<\/blockquote>\n\n\n\n<p><strong>Precisa Mar\u00edn unha partida orzamentaria e regulamentada para o asociacionismo cultural?<\/strong><\/p>\n\n\n\n<blockquote class=\"wp-block-quote is-layout-flow wp-block-quote-is-layout-flow\">\n<p>As convocatorias son complexas. As asociaci\u00f3ns non poden adiantar cartos. A min c\u00f3nstame que \u00e9 as\u00ed. N\u00f3s temos poucas subvenci\u00f3ns nominativas e xa nos custa sacalas adiante a n\u00f3s e \u00e1s asociaci\u00f3ns.<\/p>\n<\/blockquote>\n\n\n\n<p><strong>Como solucionamos de xeito efectivo, realista e igualitario o problema do aparcamento en Mar\u00edn, tendo en conta que hai propietarios, como sucede en Aguete, que est\u00e1n pechando as fincas para aparcar dado o problema da desigualdade nos pagos ou non pagos desas fincas?<\/strong><\/p>\n\n\n\n<blockquote class=\"wp-block-quote is-layout-flow wp-block-quote-is-layout-flow\">\n<p>N\u00f3s sent\u00e1monos cos donos a negociar as parcelas. Moitas son gratu\u00edtas porque as\u00ed o prefiren os propios donos. Os contratos de tempada sempre foron cesi\u00f3ns gratu\u00edtas. Non me consta ningunha proposta de alugueiro sen tramitar. O prezo sempre pasa pola valoraci\u00f3n dos servizos municipais. N\u00f3s dispostos a estudar todo.<\/p>\n<\/blockquote>\n\n\n\n<p><strong>Mar\u00edn conta cun importante patrimonio natural e hist\u00f3rico, pero parte del est\u00e1 descoidado ou pouco visibilizado. Po\u00f1amos por caso o Pazo de Cadro, todo o patrimonio arqueol\u00f3xico, ou o propio cat\u00e1logo que hai almacenado no Museo Manuel Torres.<\/strong><\/p>\n\n\n\n<p><strong>Que propostas te\u00f1en para po\u00f1elo en valor e integralo na vida cultural e tur\u00edstica do concello?<\/strong><\/p>\n\n\n\n<blockquote class=\"wp-block-quote is-layout-flow wp-block-quote-is-layout-flow\">\n<p>Hai recursos privados e hai outros que por falta de espazo non temos a posibilidade de telos catalogados e expostos.<\/p>\n<\/blockquote>\n\n\n\n<blockquote class=\"wp-block-quote is-layout-flow wp-block-quote-is-layout-flow\">\n<p>Pero agora por exemplo estamos traballando en patrimonio natural como \u00e9 o caso do Lago Casti\u00f1eiras que pretendemos ordenar, facendo unha forte aposta por este entorno.<\/p>\n<\/blockquote>\n\n\n\n<blockquote class=\"wp-block-quote is-layout-flow wp-block-quote-is-layout-flow\">\n<p>Apostouse tam\u00e9n moi forte polo Castro da Subid\u00e1.<\/p>\n<\/blockquote>\n\n\n\n<p><strong>Como afronta as vindeiras elecci\u00f3ns municipais do ano 2027, desde o punto de vista individual e colectivo do seu partido.<\/strong><\/p>\n\n\n\n<blockquote class=\"wp-block-quote is-layout-flow wp-block-quote-is-layout-flow\">\n<p>Estamos no ecuador. Son 14 anos e te\u00f1o que facer o balance en conxunto. A mochila vaise enchendo e vanse cumplindo proxectos.<\/p>\n<\/blockquote>\n\n\n\n<blockquote class=\"wp-block-quote is-layout-flow wp-block-quote-is-layout-flow\">\n<p>Eu seguirei mentres te\u00f1a entusiasmo, alegr\u00eda e ilusi\u00f3n. Con eses tres ingredientes e o apoio dos veci\u00f1os de Mar\u00edn e da mi\u00f1a familia continuarei porque adoro a pol\u00edtica municipal e creo que as corporaci\u00f3ns municipais somos as grandes desco\u00f1ecidas da pol\u00edtica. Aqu\u00ed hai que estar ao d\u00eda.<\/p>\n<\/blockquote>\n\n\n\n<p>\u201c<strong>Ao auditorio haber\u00eda que chamalo Mausoleo Mar\u00eda Ramallo. \u00c9 unha vergonza como se est\u00e1n investindo os cartos p\u00fablicos \u201c<\/strong><\/p>\n\n\n\n<p><strong>Luc\u00eda Santos, portavoz do BNG.<\/strong><\/p>\n\n\n\n<figure class=\"wp-block-image size-full is-resized\"><img loading=\"lazy\" decoding=\"async\" width=\"684\" height=\"385\" src=\"https:\/\/www.anovapeneira.gal\/wp-content\/uploads\/2025\/06\/1000044136-edited.jpg\" alt=\"\" class=\"wp-image-14088\" style=\"width:833px;height:auto\" srcset=\"https:\/\/www.anovapeneira.gal\/wp-content\/uploads\/2025\/06\/1000044136-edited.jpg 684w, https:\/\/www.anovapeneira.gal\/wp-content\/uploads\/2025\/06\/1000044136-edited-300x169.jpg 300w, https:\/\/www.anovapeneira.gal\/wp-content\/uploads\/2025\/06\/1000044136-edited-678x381.jpg 678w\" sizes=\"auto, (max-width: 684px) 100vw, 684px\" \/><\/figure>\n\n\n\n<p><strong>\u00bfComo valoran a evoluci\u00f3n do Plan Xeral de Ordenaci\u00f3n Municipal (PXOM) e que medidas propo\u00f1en para frear a perda de poboaci\u00f3n que afecta a Mar\u00edn desde hai anos?<\/strong><\/p>\n\n\n\n<blockquote class=\"wp-block-quote is-layout-flow wp-block-quote-is-layout-flow\">\n<p>Xa van catorce anos desde a aprobaci\u00f3n do PXOM e o Partido Popular nunca acabou por levar adiante unha verdadeira bater\u00eda de ferramentas e propostas para desenvolvelo. A\u00ednda despois de tantos anos, e non nos acabamos de fiar, van comezar coa redacci\u00f3n do Plan de protecci\u00f3n do casco hist\u00f3rico. O PXOM \u00e9 a ferramenta fundamental coa gobernar un concello, o proxecto de vila a desenvolver para crear vivenda, novos espazos de lecer, protexer o patrimonio, redimensionar o espazo urbano\u2026o abandono do PXOM s\u00f3 demostra a ausencia de proxecto de Maria Ramallo e do Partido Popular.<\/p>\n<\/blockquote>\n\n\n\n<p><strong>A oposici\u00f3n denunciou deficiencias na piscina municipal tras unha reforma de 600.000 euros. \u00bfComo explican esta situaci\u00f3n e que soluci\u00f3ns propo\u00f1en?<\/strong><\/p>\n\n\n\n<blockquote class=\"wp-block-quote is-layout-flow wp-block-quote-is-layout-flow\">\n<p>\u00c9 verdadeiramente lamentable que a piscina municipal se atope na situaci\u00f3n na que se atopa. E por dicilo non foi. Tan s\u00f3 tres meses despois de rematar as obras xa sa\u00edmos desde o BNG denunciando a situaci\u00f3n lamentable de filtraci\u00f3ns de auga que se estaban a dar, chegando estas filtraci\u00f3ns incluso aos vestuarios. \u00c1 alcaldesa vende que os 600.000 euros investidos foron en cuesti\u00f3ns estruturais, non visibles. Hai algo m\u00e1is estrutural que evitar filtraci\u00f3n de augas nunha instalaci\u00f3n municipal.<\/p>\n<\/blockquote>\n\n\n\n<blockquote class=\"wp-block-quote is-layout-flow wp-block-quote-is-layout-flow\">\n<p>Outra das cousas que vende \u00e9 que a piscina non estaba concebida para ofertar o servizo de ximnasio, e que por iso a maquinaria est\u00e1 vella e deteriorada. Ent\u00f3n porque ofertan ese servizo nun estado tan lamentable? Se ofertan ese servizo hai que facelo nas condici\u00f3ns m\u00e1is \u00f3ptimas. E non \u00e9 o caso. Non hai accesibilidade para persoas con problemas de mobilidade, que en moitos casos son as primeiras que o necesitan para exercitar determinadas zonas do corpo, o ascensor non funciona desde abril do 2024\u2026<\/p>\n<\/blockquote>\n\n\n\n<blockquote class=\"wp-block-quote is-layout-flow wp-block-quote-is-layout-flow\">\n<p>En xeral, a situaci\u00f3n \u00e9 incluso peor \u00e1 que hab\u00eda antes das obras e desde o goberno municipal non se dan explicaci\u00f3ns de ning\u00fan tipo.<\/p>\n<\/blockquote>\n\n\n\n<p><strong>Consideran que o Concello est\u00e1 a fomentar adecuadamente a participaci\u00f3n cidad\u00e1 nas decisi\u00f3ns municipais? \u00bfQue melloras introducir\u00edan neste \u00e1mbito?<\/strong><\/p>\n\n\n\n<blockquote class=\"wp-block-quote is-layout-flow wp-block-quote-is-layout-flow\">\n<p>Nunca houbo tanta falta de transparencia. O Consellos municipais non se convocan, e cando se convocan faise dunha maneira absolutamente retorcida e minimalista. A opacidade est\u00e1 acadando niveis moi preocupantes. A falta de informaci\u00f3n roza o ilegal, os escritos que en moitas ocasi\u00f3ns diriximos desde o BNG non son contestados, as contas non son transparentes\u2026<\/p>\n<\/blockquote>\n\n\n\n<blockquote class=\"wp-block-quote is-layout-flow wp-block-quote-is-layout-flow\">\n<p>Ten que haber alternativa, e haina. Desde o BNG cremos que os Consellos municipais de muller, comercio, educaci\u00f3n e inmigraci\u00f3n deben funcionar desde xa con moita m\u00e1is regularidade, transparencia e democracia.<\/p>\n<\/blockquote>\n\n\n\n<blockquote class=\"wp-block-quote is-layout-flow wp-block-quote-is-layout-flow\">\n<p>Tam\u00e9n cremos que \u00e9 imprescindible dotar ao municipio de Consellos parroquiais que canalicen nun fluxo de bidireccional todas aquelas cuesti\u00f3ns que te\u00f1en que ver coas parroquias e barrios, que deben participar dunha maneira m\u00e1is activa, din\u00e1mica e directa no d\u00eda a d\u00eda municipal.<\/p>\n<\/blockquote>\n\n\n\n<blockquote class=\"wp-block-quote is-layout-flow wp-block-quote-is-layout-flow\">\n<p>Finalmente, defenderemos a posta en marcha dos orzamentos participativos. \u00c9 a mellor forma de implicar \u00e1 cidadan\u00eda e ao asociacionismo. Chegar ao 5% do orzamento total \u00e9 un obxectivo viable, factible pero sobre todo realista.<\/p>\n<\/blockquote>\n\n\n\n<p><strong>V\u00e9n de aprobarse unha moci\u00f3n no \u00faltimo pleno ordinario, na que se aprobaba a mellor\u00eda da accesibilidade \u00e1s praias, o parad\u00f3xico do tema, \u00e9 que unha persoa con problemas de mobilidade non pode acceder fisicamente ao pleno. Ata que punto o concello est\u00e1 sensibilizado cos problemas de mobilidade cando unha persoa en cadeira de rodas non pode acceder ao concello m\u00e1is al\u00e1 da planta baixa?<\/strong><\/p>\n\n\n\n<blockquote class=\"wp-block-quote is-layout-flow wp-block-quote-is-layout-flow\">\n<p>Sensibilidade ningunha. Non \u00e9 s\u00f3 que non poidan acceder ao actividades celebradas polo concello no sal\u00f3n, como poder ser un pleno. \u00c9 que tampouco poden ir a unha cerimonia civil \u00e1 que foron convidados. Respecto da moci\u00f3n da accesibilidade \u00e1s praias que \u00e9 nosa, xa o solicitaramos o ano pasado. A ver se deste ano vai.<\/p>\n<\/blockquote>\n\n\n\n<blockquote class=\"wp-block-quote is-layout-flow wp-block-quote-is-layout-flow\">\n<p>O nivel de sensibilizaci\u00f3n deste goberno que preside a se\u00f1ora Ramallo xa o d\u00e1 o que falamos antes da piscina municipal, que non ten accesibilidade ningunha e que ten un ascensor estropeado desde hai m\u00e1is dun ano. Mesmo nalgunhas das propias r\u00faas que acaban de remodelar, improvisadamente por outra banda, moitas delas non cumpren os criterios de accesibilidade que marca a propia Uni\u00f3n Europea.<\/p>\n<\/blockquote>\n\n\n\n<p><strong>Estase a converter o auditorio de Mar\u00edn nunha construci\u00f3n que absorve recursos sen ter a\u00ednda clara a potencialidade e o aproveitamento?<\/strong><\/p>\n\n\n\n<blockquote class=\"wp-block-quote is-layout-flow wp-block-quote-is-layout-flow\">\n<p>Finalmente ao auditorio de Mar\u00edn poderiamos chamalo Mausoleo Maria Ramallo. \u00c9 unha m\u00e1goa \u00e9 unha vergonza como se est\u00e1n investindo os cartos p\u00fablicos.<\/p>\n<\/blockquote>\n\n\n\n<blockquote class=\"wp-block-quote is-layout-flow wp-block-quote-is-layout-flow\">\n<p>Mar\u00edn precisa un centro cultural, claro que si. Pero non \u00e9 o lugar id\u00f3neo, nin nos parece que o plan de obra que se leva seguindo sexa o axeitado. Co tempo aqu\u00ed haber\u00e1 moito que revisar do que se ten feito, orzamentado e reorzamentado.<\/p>\n<\/blockquote>\n\n\n\n<blockquote class=\"wp-block-quote is-layout-flow wp-block-quote-is-layout-flow\">\n<p>Polo momento esperemos simplemente que ese centro cultural estea dotado dunha axenda, que sexa accesible para as asociaci\u00f3ns e que non contin\u00fae aumentando o gasto desta maneira tan salvaxe, indiscriminada e inxustificada que o est\u00e1 a facer.<\/p>\n<\/blockquote>\n\n\n\n<p><strong>Mar\u00edn est\u00e1 pechado ao mar. A Escola naval e o Porto limitaron o aproveitamento do litoral urbano para a veci\u00f1anza. O porto e a Escola Naval foron concebidas coma d\u00faas instituci\u00f3ns que manexaban un volume superior de xente e recursos. Hoxe en d\u00eda ese volume disminu\u00edu, mais seguimos a ver como eses dous valos, non est\u00e1n a ser xenerosos coa vila. Debe Mar\u00edn abrirse ao mar?<\/strong><\/p>\n\n\n\n<blockquote class=\"wp-block-quote is-layout-flow wp-block-quote-is-layout-flow\">\n<p>Por suposto. \u00c9 o momento e por iso estamos traballando nesta proposta. A Escola naval non ten o movemento que ti\u00f1a hai d\u00e9cadas. O que estamos a pedir desde o BNG \u00e9 razoable. Temos que recuperar alg\u00fans deses espazos que foron cedidos con xenerosidade pola cidadan\u00eda de Mar\u00edn a Escola naval e \u00e1 Autoridade portuaria. Por iso desde o BNG pedimos aos partidos pol\u00edticos da corporaci\u00f3n altura de miras, pol\u00edtica de verdade, de altura, responsable. Xog\u00e1monos o futuro da nosa vila. O que sexa Mar\u00edn desde o punto de vista urban\u00edstico e humano de aqu\u00ed ao anos 2070 ou 2080, vai depender case na s\u00faa totalidade desta decisi\u00f3n. Sentarnos, falar, negociar, e adentrarnos no que en definitiva vai cos tempos. Abrir \u00e1s cidades ao mar, \u00e1s persoas.<\/p>\n<\/blockquote>\n\n\n\n<p><strong>Precisa Mar\u00edn unha partida orzamentaria e regulamentada para o asociacionismo cultural?<\/strong><\/p>\n\n\n\n<blockquote class=\"wp-block-quote is-layout-flow wp-block-quote-is-layout-flow\">\n<p>Ser\u00eda importante para que as asociaci\u00f3ns, que son as que realizan as actividades culturais no concello, traballen en liberdade. Ese apoio en favor da liberdade cultural seria importante.<\/p>\n<\/blockquote>\n\n\n\n<blockquote class=\"wp-block-quote is-layout-flow wp-block-quote-is-layout-flow\">\n<p>Algunhas asociaci\u00f3ns incluso est\u00e1n a recibir presi\u00f3ns por parte do PP, por realizar actividades en instalaci\u00f3ns municipais que son de todas e todos. Eventos altru\u00edstas e gratu\u00edtos aos que o PP pon impedimentos por non seguir a li\u00f1a oficial. A s\u00faa li\u00f1a.<\/p>\n<\/blockquote>\n\n\n\n<p><strong>Como solucionamos de xeito efectivo, realista e igualitario o problema do aparcamento en Mar\u00edn, tendo en conta que hai propietarios, como sucede en Aguete, que est\u00e1n pechando as fincas para aparcar dado o problema da desigualdade nos pagos ou non pagos desas fincas?<\/strong><\/p>\n\n\n\n<blockquote class=\"wp-block-quote is-layout-flow wp-block-quote-is-layout-flow\">\n<p>Outro exemplo de falta de transparencia. Non sabemos as condici\u00f3ns de cada persoa e solicit\u00e1molo mil veces. Hai xente \u00e1 que lle pagan, hai xente \u00e1 que non lle cobran o IBI, pero ao pedirmos os datos ningu\u00e9n di nada. E ningu\u00e9n di nada porque este problema responde en definitiva ao que \u00e9. Un parche temporal que non resolve a cuesti\u00f3n porque segue a ser un problema do d\u00eda a d\u00eda. Vivas ou non vivas no centro de Mar\u00edn. Se non vives no centro malo, porque a ver quen aparca cando v\u00e9s a Mar\u00edn a facer recados ao comercio, como \u00e9 o meu caso. E se vives no centro malo tam\u00e9n, porque se a t\u00faa situaci\u00f3n econ\u00f3mica non te permite poder pagar 80 ou 90 euros ao mes nun alugueiro de praza de garaxe, a ver c\u00f3mo fas. Ao tempo o transporte p\u00fablico \u00e9 deficiente e pouco axeitado<\/p>\n<\/blockquote>\n\n\n\n<blockquote class=\"wp-block-quote is-layout-flow wp-block-quote-is-layout-flow\">\n<p>Quen sofre isto? O comercio local, que \u00e9 quen est\u00e1 a pagar esta problem\u00e1tica.<\/p>\n<\/blockquote>\n\n\n\n<blockquote class=\"wp-block-quote is-layout-flow wp-block-quote-is-layout-flow\">\n<p>Precisamos un estudio serio e viable. Desde o BNG propux\u00e9molo. Iso \u00e9 a construcci\u00f3n dun parque gratu\u00edto e en altura ao igual que existe noutras partes do estado. O PP votou en contra.<\/p>\n<\/blockquote>\n\n\n\n<p><strong>Mar\u00edn conta cun importante patrimonio natural e hist\u00f3rico, pero parte del est\u00e1 descoidado ou pouco visibilizado. Po\u00f1amos por caso o Pazo de Cadro, todo o patrimonio arqueol\u00f3xico, ou o propio cat\u00e1logo que hai almacenado no Museo Manuel Torres.<\/strong><\/p>\n\n\n\n<p><strong>Que propostas te\u00f1en para po\u00f1elo en valor e integralo na vida cultural e tur\u00edstica do concello?<\/strong><\/p>\n\n\n\n<blockquote class=\"wp-block-quote is-layout-flow wp-block-quote-is-layout-flow\">\n<p>O BNG presentou na pasada lexislatura unha Moci\u00f3n de protecci\u00f3n e conservaci\u00f3n do patrimonio arqueol\u00f3xico. Aprobouse por maior\u00eda. Pois \u00e9 un acordo non cumplido por parte do PP. Vela\u00ed o seu concepto democr\u00e1tico e a s\u00faa preocupaci\u00f3n polo patrimonio.<\/p>\n<\/blockquote>\n\n\n\n<blockquote class=\"wp-block-quote is-layout-flow wp-block-quote-is-layout-flow\">\n<p>Os propios petr\u00f3glifos de Mogor, dos que tanto presumen, est\u00e1n nun estado lamentable. Propuxemos a compra do edificio Baladr\u00f3n, o PP votou en contra cando neste caso ademais o beneficio era doble porque por unha banda, conservabamos o edificio ir pasaba o ser propiedade do concello, e por outra, ti\u00f1amos unha instalaci\u00f3n na que facer unha aula de estudo, biblioteca\u2026<\/p>\n<\/blockquote>\n\n\n\n<blockquote class=\"wp-block-quote is-layout-flow wp-block-quote-is-layout-flow\">\n<p>Ao final o que salvou o edificio Baladr\u00f3n foi a iniciativa privada.<\/p>\n<\/blockquote>\n\n\n\n<p><strong>Como afronta as vindeiras elecci\u00f3ns municipais do ano 2027, desde o punto de vista individual e colectivo do seu partido.<\/strong><\/p>\n\n\n\n<blockquote class=\"wp-block-quote is-layout-flow wp-block-quote-is-layout-flow\">\n<p>Con ilusi\u00f3n e optimismo. Recibimos o cari\u00f1o da xente. Temos unha equipa extraordinaria de xente preparada. Coido que a d\u00eda de hoxe somos a alternativa para un novo goberno para o Mar\u00edn que a veci\u00f1anza precisa fronte \u00e1 decadencia.<\/p>\n<\/blockquote>\n\n\n\n<p>\u201c<strong>Mar\u00eda Ramallo \u00e9 agora mesmo o tap\u00f3n que impide o desenvolvemento de Mar\u00edn.\u201d.<\/strong><\/p>\n\n\n\n<p><strong>Manuel Pazos, portavoz do PSdeG-PSOE.<\/strong><\/p>\n\n\n\n<figure class=\"wp-block-image size-full is-resized\"><img loading=\"lazy\" decoding=\"async\" width=\"555\" height=\"312\" src=\"https:\/\/www.anovapeneira.gal\/wp-content\/uploads\/2025\/06\/1000044135-edited-1.jpg\" alt=\"\" class=\"wp-image-14086\" style=\"width:818px;height:auto\" srcset=\"https:\/\/www.anovapeneira.gal\/wp-content\/uploads\/2025\/06\/1000044135-edited-1.jpg 555w, https:\/\/www.anovapeneira.gal\/wp-content\/uploads\/2025\/06\/1000044135-edited-1-300x169.jpg 300w\" sizes=\"auto, (max-width: 555px) 100vw, 555px\" \/><\/figure>\n\n\n\n<p><strong>\u00bfComo valoran a evoluci\u00f3n do Plan Xeral de Ordenaci\u00f3n Municipal (PXOM) e que medidas propo\u00f1en para frear a perda de poboaci\u00f3n que afecta a Mar\u00edn desde hai anos?<\/strong><\/p>\n\n\n\n<blockquote class=\"wp-block-quote is-layout-flow wp-block-quote-is-layout-flow\">\n<p>O PXOM \u00e9 unha ferramenta moi poderosa de transformaci\u00f3n urbana que est\u00e1 absolutamente paralizada. Non hai ga\u00f1as, nin inter\u00e9s nin valent\u00eda para desenvolvelo. A proba \u00e9 que temos 52 solos urbanos non consolidados e non se actuou sobre ning\u00fan nos 14 anos que levamos co PXOM aprobado.<\/p>\n<\/blockquote>\n\n\n\n<blockquote class=\"wp-block-quote is-layout-flow wp-block-quote-is-layout-flow\">\n<p>E os problemas de falta de vivienda nova son as consecuencias de dita par\u00e1lise urban\u00edstica e municipal. Pensemos que para que a xente poida vivir en Mar\u00edn necesita vivienda e traballo, e sen iso acabar\u00e1n vivindo noutro sitio, que \u00e9 exactamente o que nos est\u00e1 pasando.<\/p>\n<\/blockquote>\n\n\n\n<blockquote class=\"wp-block-quote is-layout-flow wp-block-quote-is-layout-flow\">\n<p>E por eso os socialistas presentamos iniciativas para impulsar a construcci\u00f3n de vivienda nova, para favorecer o aluguer dos pisos baleiros e para sacar ao casco vello do seu abandono mediante un plan de recuperaci\u00f3n.<\/p>\n<\/blockquote>\n\n\n\n<p><strong>A oposici\u00f3n denunciou deficiencias na piscina municipal tras unha reforma de 600.000 euros. \u00bfComo explican esta situaci\u00f3n e que soluci\u00f3ns propo\u00f1en?<\/strong><\/p>\n\n\n\n<blockquote class=\"wp-block-quote is-layout-flow wp-block-quote-is-layout-flow\">\n<p>O problema principal foi que nos \u00faltimos 14 a\u00f1os non se fixo ningunha inversi\u00f3n en mellora e mantemento da instalaci\u00f3n, por eso t\u00f3dalas m\u00e1quinas estaban deterioradas e o edificio presentaba problemas graves de filtracions e de deterioro.<\/p>\n<\/blockquote>\n\n\n\n<blockquote class=\"wp-block-quote is-layout-flow wp-block-quote-is-layout-flow\">\n<p>Por ese motivo propuxemos hai 4 anos un plan de mantemento de infraestructuras deportivas que nos permitir\u00eda aforrar cartos e manter \u00e1s instalaci\u00f3ns nun estado \u00f3ptimo. O PP votou en contra.<\/p>\n<\/blockquote>\n\n\n\n<p><strong>Consideran que o Concello est\u00e1 a fomentar adecuadamente a participaci\u00f3n cidad\u00e1 nas decisi\u00f3ns municipais? \u00bfQue melloras introducir\u00edan neste \u00e1mbito?<\/strong><\/p>\n\n\n\n<blockquote class=\"wp-block-quote is-layout-flow wp-block-quote-is-layout-flow\">\n<p>Este goberno de Mar\u00eda Ramallo confunde a sus maioria absoluta co poder absoluto. Xa non escoitan a ningu\u00e9n, tampouco aos veci\u00f1os. Proba diso \u00e9 que as distintas mesas de participaci\u00f3n cidad\u00e1 como o Consello Escolar Municipal ou o Consello de Inmigraci\u00f3n levan anos sen ser convocados.<\/p>\n<\/blockquote>\n\n\n\n<blockquote class=\"wp-block-quote is-layout-flow wp-block-quote-is-layout-flow\">\n<p>E outro como a Mesa de Comercio ou o Consello da Muller te\u00f1en un funcionamento testemu\u00f1al.<\/p>\n<\/blockquote>\n\n\n\n<p><strong>V\u00e9n de aprobarse unha moci\u00f3n no \u00faltimo pleno ordinario, na que se aprobaba a mellor\u00eda da accesibilidade \u00e1s praias, o parad\u00f3xico do tema, \u00e9 que unha persoa con problemas de mobilidade non pode acceder fisicamente ao pleno. Ata que punto o concello est\u00e1 sensibilizado cos problemas de mobilidade cando unha persoa en cadeira de rodas non pode acceder ao concello m\u00e1is al\u00e1 da planta baixa?<\/strong><\/p>\n\n\n\n<blockquote class=\"wp-block-quote is-layout-flow wp-block-quote-is-layout-flow\">\n<p>Temos moitisimo que facer nesa materia. Ainda que as normas actuais de reforma urbana xa contemplan a necesidade de abordar os problemas de accesibilidade, os exemplos que mencionas evidencian que todav\u00eda queda moito por facer.<\/p>\n<\/blockquote>\n\n\n\n<blockquote class=\"wp-block-quote is-layout-flow wp-block-quote-is-layout-flow\">\n<p>A accesibilidade \u00e1s praias ten un soluci\u00f3n relativamente sinxela, por contra a accesibilidade ao edificio principal do Concello implica unha reforma m\u00e1is ampla e complexa. Pero en calquera dos casos non podemos seguir postergando est\u00e1s actuaci\u00f3ns.<\/p>\n<\/blockquote>\n\n\n\n<p><strong>Estase a converter o auditorio de Mar\u00edn nunha construci\u00f3n que absorve recursos sen ter a\u00ednda clara a potencialidade e o aproveitamento?<\/strong><\/p>\n\n\n\n<blockquote class=\"wp-block-quote is-layout-flow wp-block-quote-is-layout-flow\">\n<p>O coste inicial previsto do auditorio eran 2 mill\u00f3ns de euros, e a d\u00eda de hoxe xa vai por 6,2. Pasamos dun proxecto asequible a unha obra costos\u00edsima.<\/p>\n<\/blockquote>\n\n\n\n<blockquote class=\"wp-block-quote is-layout-flow wp-block-quote-is-layout-flow\">\n<p>Un simple dato d\u00e9benos chamar \u00e1 reflexionar. Mar\u00edn adica ao seu Plan Cultural 50.000\u20ac ao ano no mellor dos casos. Con iso apoiamos bandas, corais e asociaci\u00f3ns culturais de todo tipo. A construcci\u00f3n do auditorio sup\u00f3n o equivalente a 125 anos de Plan Cultural.<\/p>\n<\/blockquote>\n\n\n\n<blockquote class=\"wp-block-quote is-layout-flow wp-block-quote-is-layout-flow\">\n<p>O aproveitamento e o retorno que se far\u00e1 dunha inversi\u00f3n tan elevada \u00e9 algo que non sabemos n\u00f3s nin tampouco o propio goberno do Mar\u00eda Ramallo.<\/p>\n<\/blockquote>\n\n\n\n<p><strong>Mar\u00edn est\u00e1 pechado ao mar. A Escola naval e o Porto limitaron o aproveitamento do litoral urbano para a veci\u00f1anza. O porto e a Escola Naval foron concebidas coma d\u00faas instituci\u00f3ns que manexaban un volume superior de xente e recursos. Hoxe en d\u00eda ese volume disminu\u00edu, mais seguimos a ver como eses dous valos, non est\u00e1n a ser xenerosos coa vila. Debe Mar\u00edn abrirse ao mar?<\/strong><\/p>\n\n\n\n<blockquote class=\"wp-block-quote is-layout-flow wp-block-quote-is-layout-flow\">\n<p>Claramente s\u00ed pero non \u00e9 algo novo nin de agora, \u00e9 algo que levamos defendendo moitos anos. De feito t\u00f3dalas cesi\u00f3ns de espazos portuarios en Mar\u00edn foron pelexadas e conseguidas por alcaldes socialistas, a \u00faltima o parque azul na zona de Cantodarea en 2010, ou por exemplo o espazo onde agora est\u00e1 o auditorio.<\/p>\n<\/blockquote>\n\n\n\n<blockquote class=\"wp-block-quote is-layout-flow wp-block-quote-is-layout-flow\">\n<p>Agora ben, hai que ser moi serios con este tema. Se queremos seguir avanzando e ser ambiciosos \u00e9 fundamental por un lado ter unha estratexia e un plan claro e con distintas fases na que se analice que espazos precisamos, que imos facer nel e canto vai custar. Ese ten que ser un proxecto de cidade, amplo e co m\u00e1ximo consenso posible no social e no pol\u00edtico, e logo ir dando os pasos necesarios para conseguilo.<\/p>\n<\/blockquote>\n\n\n\n<blockquote class=\"wp-block-quote is-layout-flow wp-block-quote-is-layout-flow\">\n<p>O inmobilismo non nos levar\u00e1 a ningunha parte pero tampouco o af\u00e1n de protagonismo e de confrontaci\u00f3n.<\/p>\n<\/blockquote>\n\n\n\n<p><strong>Precisa Mar\u00edn unha partida orzamentaria e regulamentada para o asociacionismo cultural?<\/strong><\/p>\n\n\n\n<blockquote class=\"wp-block-quote is-layout-flow wp-block-quote-is-layout-flow\">\n<p>Evidentemente s\u00ed pero o goberno de Mar\u00eda Ramallo prefire que as asociaci\u00f3ns te\u00f1an que mendigar recursos econ\u00f3micos e que lle servan pleites\u00eda. O PP, con cartos de todolos marinenses, crea un sistema de dependencia econ\u00f3mica que fai que as asociaci\u00f3n para pervivir te\u00f1an que depender das vontade do goberno local.<\/p>\n<\/blockquote>\n\n\n\n<blockquote class=\"wp-block-quote is-layout-flow wp-block-quote-is-layout-flow\">\n<p>\u00c9 un sistema perverso que resta autonom\u00eda \u00e1s asociaci\u00f3ns e fomenta o amiguismo ao que nos ten tan habituado o PP.<\/p>\n<\/blockquote>\n\n\n\n<p><strong>Como solucionamos de xeito efectivo, realista e igualitario o problema do aparcamento en Mar\u00edn, tendo en conta que hai propietarios, como sucede en Aguete, que est\u00e1n pechando as fincas para aparcar dado o problema da desigualdade nos pagos ou non pagos desas fincas?<\/strong><\/p>\n\n\n\n<blockquote class=\"wp-block-quote is-layout-flow wp-block-quote-is-layout-flow\">\n<p>Aqu\u00ed estamos falando de d\u00faas cousas, por un lado c\u00f3mo se soluciona o problema de aparcamento que se debe a que nos \u00faltimos 14 anos temos 2.200 de veh\u00edculos m\u00e1is, pero o n\u00famero de prazas apenas se incrementou en 800. Eso crea tensi\u00f3ns evidentes que se agravan ao non existir edificios novos que supo\u00f1an un incremento das prazas de aparcamento. Por eso, por moito que a Ramallo presuma de crear prazas de aparcamento, a sensaci\u00f3n veci\u00f1al de que non se pode aparcar \u00e9 certa e real. A soluci\u00f3n pasa por fomentar a construcci\u00f3n de vivenda, por novas \u00e1reas de estacionamento tanto no centro como no que non \u00e9 centro (Ca\u00f1ota, Cantodarea, San Pedro\u2026)<\/p>\n<\/blockquote>\n\n\n\n<blockquote class=\"wp-block-quote is-layout-flow wp-block-quote-is-layout-flow\">\n<p>E por outro lado est\u00e1 o tema que comentas das fincas que o Concello ten alugadas como aparcamento disuasorio, onde \u00e9 certo que a unhas se lles paga un aluguer a outras non, o que provoca que existan propietarios que se sinten agraviados e optan por pechar as fincas. \u00c9 un modus operandi t\u00edpico do PP.<\/p>\n<\/blockquote>\n\n\n\n<p><strong>Mar\u00edn conta cun importante patrimonio natural e hist\u00f3rico, pero parte del est\u00e1 descoidado ou pouco visibilizado. Po\u00f1amos por caso o Pazo de Cadro, todo o patrimonio arqueol\u00f3xico, ou o propio cat\u00e1logo que hai almacenado no Museo Manuel Torres.<\/strong><\/p>\n\n\n\n<p><strong>Que propostas te\u00f1en para po\u00f1elo en valor e integralo na vida cultural e tur\u00edstica do concello?<\/strong><\/p>\n\n\n\n<blockquote class=\"wp-block-quote is-layout-flow wp-block-quote-is-layout-flow\">\n<p>Na maior parte dos casos non creo que sexa tanto un problema de conservaci\u00f3n onde a preservaci\u00f3n do ben estea en perigo, senon m\u00e1is ben un problema de mantemento do espazo onde se atopa. Poderiamos falar do Castro da Subid\u00e1, dos lavadoiros, das fontes e doutros moitos elementos.<\/p>\n<\/blockquote>\n\n\n\n<blockquote class=\"wp-block-quote is-layout-flow wp-block-quote-is-layout-flow\">\n<p>Com\u00e9ntasme sobre a posibilidade de abordar restauraci\u00f3ns do noso patrimonio, e pos o exemplo do Pazo de Cadro\u2026 O triste \u00e9 que eu xa me conformar\u00eda con que non sigamos destruindo o patrimonio hist\u00f3rico como por exemplo a d\u00e1rsena de embarcaci\u00f3ns, un espazo precioso do Mar\u00edn doutra \u00e9poca onde Mar\u00eda Ramallo quere facer algo tan absurdo como unha piscina de auga salgada. En pleno s\u00e9culo XXI seguimos destruindo o pouco que nos queda.<\/p>\n<\/blockquote>\n\n\n\n<p><strong>Como afronta as vindeiras elecci\u00f3ns municipais do ano 2027, desde o punto de vista individual e colectivo do seu partido.<\/strong><\/p>\n\n\n\n<blockquote class=\"wp-block-quote is-layout-flow wp-block-quote-is-layout-flow\">\n<p>Estou convencido de que estos ser\u00e1n os 2 \u00faltimos anos de goberno de Mar\u00eda Ramallo. O descontento social \u00e9 algo xa evidente para todolos marinenses. E iso sucede porque a xente ve que Mar\u00edn se est\u00e1 a quedar atr\u00e1s e que Mar\u00eda Ramallo \u00e9 agora mesmo o tap\u00f3n que impide o desenvolvemento de Mar\u00edn. Ela non quere saber nada dos grandes problemas que temos en materia de vivenda, de aparcamento, de solo empresarial, de perda de poboaci\u00f3n, de comercio local, de desenvolvemento urban\u00edstico\u2026 A s\u00faa actitude de pasotismo e negacionismo agrava todos estos problemas e canto m\u00e1is tempo pase gobernando, m\u00e1is dif\u00edcil ser\u00e1 que a nosa vila recupere o pulso.<\/p>\n<\/blockquote>\n\n\n\n<blockquote class=\"wp-block-quote is-layout-flow wp-block-quote-is-layout-flow\">\n<p>A nivel persoal at\u00f3pome coas ga\u00f1as, a forza, a madurez e a preparaci\u00f3n necesaria para asumir o reto de gobernar Mar\u00edn, e sinto a forza de moit\u00edsima xente para conseguilo. A agrupaci\u00f3n local at\u00f3pase nun proceso de renovaci\u00f3n da executiva que vai ser mod\u00e9lico. A nosa agrupaci\u00f3n est\u00e1 m\u00e1is viva e m\u00e1is aberta ca nunca.<\/p>\n<\/blockquote>\n","protected":false},"excerpt":{"rendered":"<div class=\"mh-excerpt\"><p>O concello de Mar\u00edn at\u00f3pase nun momento determinante da s\u00faa traxectoria pol\u00edtica, social e urbana. Non se trata dun xiro inesperado nin dunha convulsi\u00f3n abrupta, sen\u00f3n m\u00e1is ben dunha acumulaci\u00f3n de s\u00edntomas que vi\u00f1eron medrando nos \u00faltimos anos e que agora confl\u00faen co peso suficiente como para condicionar o rumbo da vila durante a vindeira d\u00e9cada <a class=\"mh-excerpt-more\" href=\"https:\/\/www.anovapeneira.gal\/index.php\/2025\/06\/23\/marin-no-fio-do-cambio\/\" title=\"Mar\u00edn no f\u00edo do cambio\">[&#8230;]<\/a><\/p>\n<\/div>","protected":false},"author":3,"featured_media":14092,"comment_status":"open","ping_status":"open","sticky":false,"template":"","format":"standard","meta":{"_exactmetrics_skip_tracking":false,"_exactmetrics_sitenote_active":false,"_exactmetrics_sitenote_note":"","_exactmetrics_sitenote_category":0,"footnotes":""},"categories":[494],"tags":[144],"class_list":{"0":"post-14083","1":"post","2":"type-post","3":"status-publish","4":"format-standard","5":"has-post-thumbnail","7":"category-pontevedra-reportaxes","8":"tag-concello-de-marin"},"yoast_head":"<!-- This site is optimized with the Yoast SEO plugin v27.4 - https:\/\/yoast.com\/product\/yoast-seo-wordpress\/ -->\n<title>Mar\u00edn no f\u00edo do cambio -<\/title>\n<meta name=\"robots\" content=\"index, follow, max-snippet:-1, max-image-preview:large, max-video-preview:-1\" \/>\n<link rel=\"canonical\" href=\"https:\/\/www.anovapeneira.gal\/index.php\/2025\/06\/23\/marin-no-fio-do-cambio\/\" \/>\n<meta property=\"og:locale\" content=\"gl_ES\" \/>\n<meta property=\"og:type\" content=\"article\" \/>\n<meta property=\"og:title\" content=\"Mar\u00edn no f\u00edo do cambio -\" \/>\n<meta property=\"og:description\" content=\"O concello de Mar\u00edn at\u00f3pase nun momento determinante da s\u00faa traxectoria pol\u00edtica, social e urbana. Non se trata dun xiro inesperado nin dunha convulsi\u00f3n abrupta, sen\u00f3n m\u00e1is ben dunha acumulaci\u00f3n de s\u00edntomas que vi\u00f1eron medrando nos \u00faltimos anos e que agora confl\u00faen co peso suficiente como para condicionar o rumbo da vila durante a vindeira d\u00e9cada [...]\" \/>\n<meta property=\"og:url\" content=\"https:\/\/www.anovapeneira.gal\/index.php\/2025\/06\/23\/marin-no-fio-do-cambio\/\" \/>\n<meta property=\"article:publisher\" content=\"https:\/\/www.facebook.com\/anovapeneira\" \/>\n<meta property=\"article:published_time\" content=\"2025-06-23T08:00:27+00:00\" \/>\n<meta property=\"og:image\" content=\"https:\/\/www.anovapeneira.gal\/wp-content\/uploads\/2025\/06\/lucia_alcaldesa_marin.jpg\" \/>\n\t<meta property=\"og:image:width\" content=\"720\" \/>\n\t<meta property=\"og:image:height\" content=\"432\" \/>\n\t<meta property=\"og:image:type\" content=\"image\/jpeg\" \/>\n<meta name=\"author\" content=\"Redacci\u00f3n A Nova Peneira\" \/>\n<meta name=\"twitter:card\" content=\"summary_large_image\" \/>\n<meta name=\"twitter:creator\" content=\"@APeneira\" \/>\n<meta name=\"twitter:site\" content=\"@APeneira\" \/>\n<meta name=\"twitter:label1\" content=\"Escrito por\" \/>\n\t<meta name=\"twitter:data1\" content=\"Redacci\u00f3n A Nova Peneira\" \/>\n\t<meta name=\"twitter:label2\" content=\"Tempo de lectura\" \/>\n\t<meta name=\"twitter:data2\" content=\"13 minutos\" \/>\n<script type=\"application\/ld+json\" class=\"yoast-schema-graph\">{\"@context\":\"https:\\\/\\\/schema.org\",\"@graph\":[{\"@type\":\"Article\",\"@id\":\"https:\\\/\\\/www.anovapeneira.gal\\\/index.php\\\/2025\\\/06\\\/23\\\/marin-no-fio-do-cambio\\\/#article\",\"isPartOf\":{\"@id\":\"https:\\\/\\\/www.anovapeneira.gal\\\/index.php\\\/2025\\\/06\\\/23\\\/marin-no-fio-do-cambio\\\/\"},\"author\":{\"name\":\"Redacci\u00f3n A Nova Peneira\",\"@id\":\"https:\\\/\\\/www.anovapeneira.gal\\\/#\\\/schema\\\/person\\\/b93e3f8932e3f8da96334607eb6ac6aa\"},\"headline\":\"Mar\u00edn no f\u00edo do cambio\",\"datePublished\":\"2025-06-23T08:00:27+00:00\",\"mainEntityOfPage\":{\"@id\":\"https:\\\/\\\/www.anovapeneira.gal\\\/index.php\\\/2025\\\/06\\\/23\\\/marin-no-fio-do-cambio\\\/\"},\"wordCount\":5587,\"commentCount\":0,\"publisher\":{\"@id\":\"https:\\\/\\\/www.anovapeneira.gal\\\/#organization\"},\"image\":{\"@id\":\"https:\\\/\\\/www.anovapeneira.gal\\\/index.php\\\/2025\\\/06\\\/23\\\/marin-no-fio-do-cambio\\\/#primaryimage\"},\"thumbnailUrl\":\"https:\\\/\\\/www.anovapeneira.gal\\\/wp-content\\\/uploads\\\/2025\\\/06\\\/lucia_alcaldesa_marin.jpg\",\"keywords\":[\"Concello de Mar\u00edn\"],\"articleSection\":[\"Pontevedra\"],\"inLanguage\":\"gl-ES\",\"potentialAction\":[{\"@type\":\"CommentAction\",\"name\":\"Comment\",\"target\":[\"https:\\\/\\\/www.anovapeneira.gal\\\/index.php\\\/2025\\\/06\\\/23\\\/marin-no-fio-do-cambio\\\/#respond\"]}]},{\"@type\":\"WebPage\",\"@id\":\"https:\\\/\\\/www.anovapeneira.gal\\\/index.php\\\/2025\\\/06\\\/23\\\/marin-no-fio-do-cambio\\\/\",\"url\":\"https:\\\/\\\/www.anovapeneira.gal\\\/index.php\\\/2025\\\/06\\\/23\\\/marin-no-fio-do-cambio\\\/\",\"name\":\"Mar\u00edn no f\u00edo do cambio -\",\"isPartOf\":{\"@id\":\"https:\\\/\\\/www.anovapeneira.gal\\\/#website\"},\"primaryImageOfPage\":{\"@id\":\"https:\\\/\\\/www.anovapeneira.gal\\\/index.php\\\/2025\\\/06\\\/23\\\/marin-no-fio-do-cambio\\\/#primaryimage\"},\"image\":{\"@id\":\"https:\\\/\\\/www.anovapeneira.gal\\\/index.php\\\/2025\\\/06\\\/23\\\/marin-no-fio-do-cambio\\\/#primaryimage\"},\"thumbnailUrl\":\"https:\\\/\\\/www.anovapeneira.gal\\\/wp-content\\\/uploads\\\/2025\\\/06\\\/lucia_alcaldesa_marin.jpg\",\"datePublished\":\"2025-06-23T08:00:27+00:00\",\"breadcrumb\":{\"@id\":\"https:\\\/\\\/www.anovapeneira.gal\\\/index.php\\\/2025\\\/06\\\/23\\\/marin-no-fio-do-cambio\\\/#breadcrumb\"},\"inLanguage\":\"gl-ES\",\"potentialAction\":[{\"@type\":\"ReadAction\",\"target\":[\"https:\\\/\\\/www.anovapeneira.gal\\\/index.php\\\/2025\\\/06\\\/23\\\/marin-no-fio-do-cambio\\\/\"]}]},{\"@type\":\"ImageObject\",\"inLanguage\":\"gl-ES\",\"@id\":\"https:\\\/\\\/www.anovapeneira.gal\\\/index.php\\\/2025\\\/06\\\/23\\\/marin-no-fio-do-cambio\\\/#primaryimage\",\"url\":\"https:\\\/\\\/www.anovapeneira.gal\\\/wp-content\\\/uploads\\\/2025\\\/06\\\/lucia_alcaldesa_marin.jpg\",\"contentUrl\":\"https:\\\/\\\/www.anovapeneira.gal\\\/wp-content\\\/uploads\\\/2025\\\/06\\\/lucia_alcaldesa_marin.jpg\",\"width\":720,\"height\":432},{\"@type\":\"BreadcrumbList\",\"@id\":\"https:\\\/\\\/www.anovapeneira.gal\\\/index.php\\\/2025\\\/06\\\/23\\\/marin-no-fio-do-cambio\\\/#breadcrumb\",\"itemListElement\":[{\"@type\":\"ListItem\",\"position\":1,\"name\":\"Portada\",\"item\":\"https:\\\/\\\/www.anovapeneira.gal\\\/\"},{\"@type\":\"ListItem\",\"position\":2,\"name\":\"Mar\u00edn no f\u00edo do cambio\"}]},{\"@type\":\"WebSite\",\"@id\":\"https:\\\/\\\/www.anovapeneira.gal\\\/#website\",\"url\":\"https:\\\/\\\/www.anovapeneira.gal\\\/\",\"name\":\"\",\"description\":\"Xornal galego de informaci\u00f3n xeral Publicaci\u00f3n mensual de novas de Galicia e en especial dos Concellos da sur da provincia de Pontevedra.\",\"publisher\":{\"@id\":\"https:\\\/\\\/www.anovapeneira.gal\\\/#organization\"},\"potentialAction\":[{\"@type\":\"SearchAction\",\"target\":{\"@type\":\"EntryPoint\",\"urlTemplate\":\"https:\\\/\\\/www.anovapeneira.gal\\\/?s={search_term_string}\"},\"query-input\":{\"@type\":\"PropertyValueSpecification\",\"valueRequired\":true,\"valueName\":\"search_term_string\"}}],\"inLanguage\":\"gl-ES\"},{\"@type\":\"Organization\",\"@id\":\"https:\\\/\\\/www.anovapeneira.gal\\\/#organization\",\"name\":\"A Nova Peneira\",\"url\":\"https:\\\/\\\/www.anovapeneira.gal\\\/\",\"logo\":{\"@type\":\"ImageObject\",\"inLanguage\":\"gl-ES\",\"@id\":\"https:\\\/\\\/www.anovapeneira.gal\\\/#\\\/schema\\\/logo\\\/image\\\/\",\"url\":\"http:\\\/\\\/www.anovapeneira.gal\\\/wp-content\\\/uploads\\\/2019\\\/06\\\/logo_a_nova_peneira_portal_web.png\",\"contentUrl\":\"http:\\\/\\\/www.anovapeneira.gal\\\/wp-content\\\/uploads\\\/2019\\\/06\\\/logo_a_nova_peneira_portal_web.png\",\"width\":300,\"height\":100,\"caption\":\"A Nova Peneira\"},\"image\":{\"@id\":\"https:\\\/\\\/www.anovapeneira.gal\\\/#\\\/schema\\\/logo\\\/image\\\/\"},\"sameAs\":[\"https:\\\/\\\/www.facebook.com\\\/anovapeneira\",\"https:\\\/\\\/x.com\\\/APeneira\"]},{\"@type\":\"Person\",\"@id\":\"https:\\\/\\\/www.anovapeneira.gal\\\/#\\\/schema\\\/person\\\/b93e3f8932e3f8da96334607eb6ac6aa\",\"name\":\"Redacci\u00f3n A Nova Peneira\",\"image\":{\"@type\":\"ImageObject\",\"inLanguage\":\"gl-ES\",\"@id\":\"https:\\\/\\\/secure.gravatar.com\\\/avatar\\\/c052a2551a06e23fac63626232eaa90abd78dbcf1700fc46a2b2c89fd27b735f?s=96&d=mm&r=g\",\"url\":\"https:\\\/\\\/secure.gravatar.com\\\/avatar\\\/c052a2551a06e23fac63626232eaa90abd78dbcf1700fc46a2b2c89fd27b735f?s=96&d=mm&r=g\",\"contentUrl\":\"https:\\\/\\\/secure.gravatar.com\\\/avatar\\\/c052a2551a06e23fac63626232eaa90abd78dbcf1700fc46a2b2c89fd27b735f?s=96&d=mm&r=g\",\"caption\":\"Redacci\u00f3n A Nova Peneira\"},\"sameAs\":[\"http:\\\/\\\/www.anovapeneira.gal\\\/\"],\"url\":\"https:\\\/\\\/www.anovapeneira.gal\\\/index.php\\\/author\\\/redactor\\\/\"}]}<\/script>\n<!-- \/ Yoast SEO plugin. -->","yoast_head_json":{"title":"Mar\u00edn no f\u00edo do cambio -","robots":{"index":"index","follow":"follow","max-snippet":"max-snippet:-1","max-image-preview":"max-image-preview:large","max-video-preview":"max-video-preview:-1"},"canonical":"https:\/\/www.anovapeneira.gal\/index.php\/2025\/06\/23\/marin-no-fio-do-cambio\/","og_locale":"gl_ES","og_type":"article","og_title":"Mar\u00edn no f\u00edo do cambio -","og_description":"O concello de Mar\u00edn at\u00f3pase nun momento determinante da s\u00faa traxectoria pol\u00edtica, social e urbana. Non se trata dun xiro inesperado nin dunha convulsi\u00f3n abrupta, sen\u00f3n m\u00e1is ben dunha acumulaci\u00f3n de s\u00edntomas que vi\u00f1eron medrando nos \u00faltimos anos e que agora confl\u00faen co peso suficiente como para condicionar o rumbo da vila durante a vindeira d\u00e9cada [...]","og_url":"https:\/\/www.anovapeneira.gal\/index.php\/2025\/06\/23\/marin-no-fio-do-cambio\/","article_publisher":"https:\/\/www.facebook.com\/anovapeneira","article_published_time":"2025-06-23T08:00:27+00:00","og_image":[{"width":720,"height":432,"url":"https:\/\/www.anovapeneira.gal\/wp-content\/uploads\/2025\/06\/lucia_alcaldesa_marin.jpg","type":"image\/jpeg"}],"author":"Redacci\u00f3n A Nova Peneira","twitter_card":"summary_large_image","twitter_creator":"@APeneira","twitter_site":"@APeneira","twitter_misc":{"Escrito por":"Redacci\u00f3n A Nova Peneira","Tempo de lectura":"13 minutos"},"schema":{"@context":"https:\/\/schema.org","@graph":[{"@type":"Article","@id":"https:\/\/www.anovapeneira.gal\/index.php\/2025\/06\/23\/marin-no-fio-do-cambio\/#article","isPartOf":{"@id":"https:\/\/www.anovapeneira.gal\/index.php\/2025\/06\/23\/marin-no-fio-do-cambio\/"},"author":{"name":"Redacci\u00f3n A Nova Peneira","@id":"https:\/\/www.anovapeneira.gal\/#\/schema\/person\/b93e3f8932e3f8da96334607eb6ac6aa"},"headline":"Mar\u00edn no f\u00edo do cambio","datePublished":"2025-06-23T08:00:27+00:00","mainEntityOfPage":{"@id":"https:\/\/www.anovapeneira.gal\/index.php\/2025\/06\/23\/marin-no-fio-do-cambio\/"},"wordCount":5587,"commentCount":0,"publisher":{"@id":"https:\/\/www.anovapeneira.gal\/#organization"},"image":{"@id":"https:\/\/www.anovapeneira.gal\/index.php\/2025\/06\/23\/marin-no-fio-do-cambio\/#primaryimage"},"thumbnailUrl":"https:\/\/www.anovapeneira.gal\/wp-content\/uploads\/2025\/06\/lucia_alcaldesa_marin.jpg","keywords":["Concello de Mar\u00edn"],"articleSection":["Pontevedra"],"inLanguage":"gl-ES","potentialAction":[{"@type":"CommentAction","name":"Comment","target":["https:\/\/www.anovapeneira.gal\/index.php\/2025\/06\/23\/marin-no-fio-do-cambio\/#respond"]}]},{"@type":"WebPage","@id":"https:\/\/www.anovapeneira.gal\/index.php\/2025\/06\/23\/marin-no-fio-do-cambio\/","url":"https:\/\/www.anovapeneira.gal\/index.php\/2025\/06\/23\/marin-no-fio-do-cambio\/","name":"Mar\u00edn no f\u00edo do cambio -","isPartOf":{"@id":"https:\/\/www.anovapeneira.gal\/#website"},"primaryImageOfPage":{"@id":"https:\/\/www.anovapeneira.gal\/index.php\/2025\/06\/23\/marin-no-fio-do-cambio\/#primaryimage"},"image":{"@id":"https:\/\/www.anovapeneira.gal\/index.php\/2025\/06\/23\/marin-no-fio-do-cambio\/#primaryimage"},"thumbnailUrl":"https:\/\/www.anovapeneira.gal\/wp-content\/uploads\/2025\/06\/lucia_alcaldesa_marin.jpg","datePublished":"2025-06-23T08:00:27+00:00","breadcrumb":{"@id":"https:\/\/www.anovapeneira.gal\/index.php\/2025\/06\/23\/marin-no-fio-do-cambio\/#breadcrumb"},"inLanguage":"gl-ES","potentialAction":[{"@type":"ReadAction","target":["https:\/\/www.anovapeneira.gal\/index.php\/2025\/06\/23\/marin-no-fio-do-cambio\/"]}]},{"@type":"ImageObject","inLanguage":"gl-ES","@id":"https:\/\/www.anovapeneira.gal\/index.php\/2025\/06\/23\/marin-no-fio-do-cambio\/#primaryimage","url":"https:\/\/www.anovapeneira.gal\/wp-content\/uploads\/2025\/06\/lucia_alcaldesa_marin.jpg","contentUrl":"https:\/\/www.anovapeneira.gal\/wp-content\/uploads\/2025\/06\/lucia_alcaldesa_marin.jpg","width":720,"height":432},{"@type":"BreadcrumbList","@id":"https:\/\/www.anovapeneira.gal\/index.php\/2025\/06\/23\/marin-no-fio-do-cambio\/#breadcrumb","itemListElement":[{"@type":"ListItem","position":1,"name":"Portada","item":"https:\/\/www.anovapeneira.gal\/"},{"@type":"ListItem","position":2,"name":"Mar\u00edn no f\u00edo do cambio"}]},{"@type":"WebSite","@id":"https:\/\/www.anovapeneira.gal\/#website","url":"https:\/\/www.anovapeneira.gal\/","name":"","description":"Xornal galego de informaci\u00f3n xeral Publicaci\u00f3n mensual de novas de Galicia e en especial dos Concellos da sur da provincia de Pontevedra.","publisher":{"@id":"https:\/\/www.anovapeneira.gal\/#organization"},"potentialAction":[{"@type":"SearchAction","target":{"@type":"EntryPoint","urlTemplate":"https:\/\/www.anovapeneira.gal\/?s={search_term_string}"},"query-input":{"@type":"PropertyValueSpecification","valueRequired":true,"valueName":"search_term_string"}}],"inLanguage":"gl-ES"},{"@type":"Organization","@id":"https:\/\/www.anovapeneira.gal\/#organization","name":"A Nova Peneira","url":"https:\/\/www.anovapeneira.gal\/","logo":{"@type":"ImageObject","inLanguage":"gl-ES","@id":"https:\/\/www.anovapeneira.gal\/#\/schema\/logo\/image\/","url":"http:\/\/www.anovapeneira.gal\/wp-content\/uploads\/2019\/06\/logo_a_nova_peneira_portal_web.png","contentUrl":"http:\/\/www.anovapeneira.gal\/wp-content\/uploads\/2019\/06\/logo_a_nova_peneira_portal_web.png","width":300,"height":100,"caption":"A Nova Peneira"},"image":{"@id":"https:\/\/www.anovapeneira.gal\/#\/schema\/logo\/image\/"},"sameAs":["https:\/\/www.facebook.com\/anovapeneira","https:\/\/x.com\/APeneira"]},{"@type":"Person","@id":"https:\/\/www.anovapeneira.gal\/#\/schema\/person\/b93e3f8932e3f8da96334607eb6ac6aa","name":"Redacci\u00f3n A Nova Peneira","image":{"@type":"ImageObject","inLanguage":"gl-ES","@id":"https:\/\/secure.gravatar.com\/avatar\/c052a2551a06e23fac63626232eaa90abd78dbcf1700fc46a2b2c89fd27b735f?s=96&d=mm&r=g","url":"https:\/\/secure.gravatar.com\/avatar\/c052a2551a06e23fac63626232eaa90abd78dbcf1700fc46a2b2c89fd27b735f?s=96&d=mm&r=g","contentUrl":"https:\/\/secure.gravatar.com\/avatar\/c052a2551a06e23fac63626232eaa90abd78dbcf1700fc46a2b2c89fd27b735f?s=96&d=mm&r=g","caption":"Redacci\u00f3n A Nova Peneira"},"sameAs":["http:\/\/www.anovapeneira.gal\/"],"url":"https:\/\/www.anovapeneira.gal\/index.php\/author\/redactor\/"}]}},"jetpack_featured_media_url":"https:\/\/www.anovapeneira.gal\/wp-content\/uploads\/2025\/06\/lucia_alcaldesa_marin.jpg","_links":{"self":[{"href":"https:\/\/www.anovapeneira.gal\/index.php\/wp-json\/wp\/v2\/posts\/14083","targetHints":{"allow":["GET"]}}],"collection":[{"href":"https:\/\/www.anovapeneira.gal\/index.php\/wp-json\/wp\/v2\/posts"}],"about":[{"href":"https:\/\/www.anovapeneira.gal\/index.php\/wp-json\/wp\/v2\/types\/post"}],"author":[{"embeddable":true,"href":"https:\/\/www.anovapeneira.gal\/index.php\/wp-json\/wp\/v2\/users\/3"}],"replies":[{"embeddable":true,"href":"https:\/\/www.anovapeneira.gal\/index.php\/wp-json\/wp\/v2\/comments?post=14083"}],"version-history":[{"count":1,"href":"https:\/\/www.anovapeneira.gal\/index.php\/wp-json\/wp\/v2\/posts\/14083\/revisions"}],"predecessor-version":[{"id":14091,"href":"https:\/\/www.anovapeneira.gal\/index.php\/wp-json\/wp\/v2\/posts\/14083\/revisions\/14091"}],"wp:featuredmedia":[{"embeddable":true,"href":"https:\/\/www.anovapeneira.gal\/index.php\/wp-json\/wp\/v2\/media\/14092"}],"wp:attachment":[{"href":"https:\/\/www.anovapeneira.gal\/index.php\/wp-json\/wp\/v2\/media?parent=14083"}],"wp:term":[{"taxonomy":"category","embeddable":true,"href":"https:\/\/www.anovapeneira.gal\/index.php\/wp-json\/wp\/v2\/categories?post=14083"},{"taxonomy":"post_tag","embeddable":true,"href":"https:\/\/www.anovapeneira.gal\/index.php\/wp-json\/wp\/v2\/tags?post=14083"}],"curies":[{"name":"wp","href":"https:\/\/api.w.org\/{rel}","templated":true}]}}