{"id":14093,"date":"2025-06-23T12:00:35","date_gmt":"2025-06-23T10:00:35","guid":{"rendered":"https:\/\/www.anovapeneira.gal\/?p=14093"},"modified":"2025-06-19T12:50:57","modified_gmt":"2025-06-19T10:50:57","slug":"quen-controla-a-policia-local-de-porrino","status":"publish","type":"post","link":"https:\/\/www.anovapeneira.gal\/index.php\/2025\/06\/23\/quen-controla-a-policia-local-de-porrino\/","title":{"rendered":"Quen controla \u00e1 polic\u00eda local de Porri\u00f1o?"},"content":{"rendered":"\n<p>Imos falar da polic\u00eda local. As s\u00faas funci\u00f3ns segundo a lei, son abondo co\u00f1ecidas: manter a `orde p\u00fablica\u00b4, controlar o tr\u00e1fico e seguridade viaria, ollar polo cumprimento das ordenanzas municipais, previr e investigar delitos menores e custodiar probas ata a chegada doutros corpos policiais, facer patrullas preventivas, colaborar con outros corpos, facer controis de alcoholemia e drogas, atender \u00e1 veci\u00f1anza en emerxencias e situaci\u00f3ns de vulnerabilidade ou recollida de denuncias e atenci\u00f3n en violencia machista, etc.<\/p>\n\n\n\n<p>Estas son algunhas das s\u00faas funci\u00f3ns, tal e como aparecen nas leis, pero sabemos perfectamente para que est\u00e1n as diferentes forzas represivas no estado espa\u00f1ol.<\/p>\n\n\n\n<p><strong>Que acontece realmente coas polic\u00edas locais?<\/strong> Pois que, coma todas, est\u00e1 para usar a forza e hai queixas, denuncias e causas xudiciais relacionadas coas s\u00faas actuaci\u00f3ns e patr\u00f3ns recorrentes. E non o dicimos n\u00f3s, sen\u00f3n os propios organismos tan funcionais na maquillaxe do sistema, eses que sempre branquean aos corpos represores. Aqu\u00ed tedes datos, os propios do sistema.<\/p>\n\n\n\n<p>Os temas m\u00e1is com\u00fans en todo o Estado espa\u00f1ol, base\u00e1ndose en fontes coma o <strong>Defensor do Pobo, Amnist\u00eda Internacional<\/strong> (2023\/2025) ou o <strong>Consello de Europa e SOS Racismo<\/strong>: controis de identidade discriminatorios, falta de transparencia para acceder a identificaci\u00f3n de axentes ou gravaci\u00f3ns durante incidentes, tramitaci\u00f3n lenta de denuncias contra polic\u00edas ou causas por suborno. O Defensor del Pueblo recibe 1.214 queixas en 2023: 46%: abuso de autoridade\/trato humillante, 30% neglixencia en actuaci\u00f3n, 24%: irregularidades en multas ou procedementos.<\/p>\n\n\n\n<p>Aqu\u00ed na <strong>Galiza<\/strong><strong>,<\/strong> o <strong>Valedor do Pobo<\/strong> recibiu o ano pasado 78 queixas contra polic\u00edas locais (\u219115% 2022). Foron por controis de identidade discriminatorios, uso excesivo da forza ou retraso en atenci\u00f3n a v\u00edtimas de violencia machista. O <strong>Tribunal Superior de Xustiza <\/strong>fala de 14 imputados en 2023 (torturas e prevaricaci\u00f3n).<\/p>\n\n\n\n<p>Por se o panorama, que nos pintan os propios medios \u201coficiais\u201d non asustara, segundo o <strong>Instituto Galego de Estat\u00edstica<\/strong>, di que s\u00f3 o 18% dos concellos publican datos de actuaci\u00f3ns policiais. E mesmo as\u00ed, calquera sabe que s\u00f3 se rexistran casos con recursos e sen medo para litigar. Por desgraza, a maior\u00eda cala.<\/p>\n\n\n\n<p><strong>Quen controla \u00e1 polic\u00eda local?<\/strong> Ningu\u00e9n. Non o dicimos n\u00f3s, d\u00edo o <strong>Informe Anual do Valedor do Pobo (2023)<\/strong>. Denuncia a \u201cfalta de transparencia en sanci\u00f3ns a axentes&#8221; e esixe &#8220;rexistros p\u00fablicos de expedientes&#8221;. <strong>O 80% de denuncias arqu\u00edvanse.<\/strong><\/p>\n\n\n\n<p>Ata as mesmas ONGs, tan serv\u00eds ao sistema ao que amparan e mante\u00f1en, mesmo como ferramenta de disidencia controlada, din que sendo a maior\u00eda das actuaci\u00f3ns `lex\u00edtimas\u00b4 non hai mecanismos de control suficientes. As denuncias aumentan en contextos de tensi\u00f3n e crise, cando nos mobilizamos.<\/p>\n\n\n\n<p><strong>No Concello de Porri\u00f1o<\/strong>, \u00e1 polic\u00eda local non s\u00f3 non a controla ningu\u00e9n, sen\u00f3n que ten dominado ao goberno local que toque. Cal \u00e9 a explicaci\u00f3n? Os distintos gobernos municipais non son quen de pararlle os p\u00e9s ao seu responsable e alg\u00fan dos seus fieis. Eles saber\u00e1n o motivo, n\u00f3s t\u00e9molo claro.<\/p>\n\n\n\n<p><strong>Esqu\u00edlmanse as contas p\u00fablicas<\/strong>, os cartos da veci\u00f1anza, a base de horas extraordinarias que o propio xefe do corpo, xustifica tam\u00e9n a si mesmo (chegou a cobrar m\u00e1is que o alcalde de Vigo), e para que non lle chamen a atenci\u00f3n alega que se compensa recadando con multas a esgalla. T\u00e9\u00f1ense mercado autom\u00f3beis dos que se fai uso particular, outros desfanse en persecuci\u00f3ns f\u00f3ra do concello. Pract\u00edcase o enchufismo en colaboraci\u00f3n co concello de Mos. Contr\u00e1tanse para formaci\u00f3n e subministraci\u00f3ns empresas amigas. Isto s\u00e1beno quen estiveron e est\u00e1n na alcald\u00eda.<\/p>\n\n\n\n<p>Pero o peor \u00e9 a <strong>actitude de `mat\u00f3ns\u00b4<\/strong> que gastan alg\u00fans. No 2021 un veci\u00f1o do concello, de orixe saharau\u00ed, denunciou o abuso dun axente de paisano que non se identificou e o detivo, acus\u00e1ndoo de resistencia \u00e1 autoridade. Todos co\u00f1ecemos o caso. Foi absolto e a polic\u00eda recorreu. Daquela esixiuse a apertura dun expediente disciplinario ao polic\u00eda e o goberno municipal de Eva Garc\u00eda, perante a gravidade do caso e a presi\u00f3n popular, non tivo m\u00e1is remedio que facelo.<\/p>\n\n\n\n<p><a><\/a> O expediente quedara en suspenso ata que non se resolvera o asunto xudicialmente. Agora que se abriu, sabemos que a intenci\u00f3n co actual goberno de Alejandro Lorenzo, \u00e9 arquivalo. Pasan uns e pasan outros, deixando facer a unha polic\u00eda guiada con chuler\u00eda e desprezo pola veci\u00f1anza. As queixas na r\u00faa pola s\u00faa impunidade e a maneira de queimar cartos, son moitas. Pero lamentabelmente, a poboaci\u00f3n ten medo a denunciar.<\/p>\n\n\n\n<p><strong>O<\/strong> <strong>Comit\u00e9 Antifascista da Lourinha<\/strong> non vai calar. Non imos mirar cara outro lado perante ning\u00fan tipo de abuso nin conduta fascista e de rapi\u00f1a como as que vimos padecendo dende hai anos. Iso xa o fan todos e cada un dos partidos que estiveron ou est\u00e1n no goberno municipal do Porri\u00f1o, todos te\u00f1en moito que agochar.<\/p>\n\n\n\n<p><strong>Esiximos<\/strong> a tramitaci\u00f3n do expediente disciplinario do axente que detivo e agrediu ao vici\u00f1o \u201cpresuntamente\u201d e a s\u00faa <strong>expulsi\u00f3n definitiva<\/strong>. Seguiremos a sinalar todos os desm\u00e1ns de quen non tendo suficiente con vixiar o tr\u00e1fico ou botar unha man \u00e1 veci\u00f1anza, exerza de `mat\u00f3n con placa\u00b4.<\/p>\n","protected":false},"excerpt":{"rendered":"<div class=\"mh-excerpt\"><p>Imos falar da polic\u00eda local. As s\u00faas funci\u00f3ns segundo a lei, son abondo co\u00f1ecidas: manter a `orde p\u00fablica\u00b4, controlar o tr\u00e1fico e seguridade viaria, ollar polo cumprimento das ordenanzas municipais, previr e investigar delitos menores e custodiar probas ata a chegada doutros corpos policiais <a class=\"mh-excerpt-more\" href=\"https:\/\/www.anovapeneira.gal\/index.php\/2025\/06\/23\/quen-controla-a-policia-local-de-porrino\/\" title=\"Quen controla \u00e1 polic\u00eda local de Porri\u00f1o?\">[&#8230;]<\/a><\/p>\n<\/div>","protected":false},"author":12,"featured_media":14094,"comment_status":"open","ping_status":"open","sticky":false,"template":"","format":"standard","meta":{"_exactmetrics_skip_tracking":false,"_exactmetrics_sitenote_active":false,"_exactmetrics_sitenote_note":"","_exactmetrics_sitenote_category":0,"footnotes":""},"categories":[7],"tags":[1453,411],"class_list":{"0":"post-14093","1":"post","2":"type-post","3":"status-publish","4":"format-standard","5":"has-post-thumbnail","7":"category-artigos-de-opinion","8":"tag-comite-antifascista","9":"tag-concello-do-porrino"},"yoast_head":"<!-- This site is optimized with the Yoast SEO plugin v27.4 - https:\/\/yoast.com\/product\/yoast-seo-wordpress\/ -->\n<title>Quen controla \u00e1 polic\u00eda local de Porri\u00f1o? -<\/title>\n<meta name=\"robots\" content=\"index, follow, max-snippet:-1, max-image-preview:large, max-video-preview:-1\" \/>\n<link rel=\"canonical\" href=\"https:\/\/www.anovapeneira.gal\/index.php\/2025\/06\/23\/quen-controla-a-policia-local-de-porrino\/\" \/>\n<meta property=\"og:locale\" content=\"gl_ES\" \/>\n<meta property=\"og:type\" content=\"article\" \/>\n<meta property=\"og:title\" content=\"Quen controla \u00e1 polic\u00eda local de Porri\u00f1o? -\" \/>\n<meta property=\"og:description\" content=\"Imos falar da polic\u00eda local. As s\u00faas funci\u00f3ns segundo a lei, son abondo co\u00f1ecidas: manter a `orde p\u00fablica\u00b4, controlar o tr\u00e1fico e seguridade viaria, ollar polo cumprimento das ordenanzas municipais, previr e investigar delitos menores e custodiar probas ata a chegada doutros corpos policiais [...]\" \/>\n<meta property=\"og:url\" content=\"https:\/\/www.anovapeneira.gal\/index.php\/2025\/06\/23\/quen-controla-a-policia-local-de-porrino\/\" \/>\n<meta property=\"article:publisher\" content=\"https:\/\/www.facebook.com\/anovapeneira\" \/>\n<meta property=\"article:published_time\" content=\"2025-06-23T10:00:35+00:00\" \/>\n<meta property=\"og:image\" content=\"https:\/\/www.anovapeneira.gal\/wp-content\/uploads\/2025\/06\/antifascista_porrino.jpg\" \/>\n\t<meta property=\"og:image:width\" content=\"720\" \/>\n\t<meta property=\"og:image:height\" content=\"432\" \/>\n\t<meta property=\"og:image:type\" content=\"image\/jpeg\" \/>\n<meta name=\"author\" content=\"Artigos Opini\u00f3n\" \/>\n<meta name=\"twitter:card\" content=\"summary_large_image\" \/>\n<meta name=\"twitter:creator\" content=\"@APeneira\" \/>\n<meta name=\"twitter:site\" content=\"@APeneira\" \/>\n<meta name=\"twitter:label1\" content=\"Escrito por\" \/>\n\t<meta name=\"twitter:data1\" content=\"Artigos Opini\u00f3n\" \/>\n\t<meta name=\"twitter:label2\" content=\"Tempo de lectura\" \/>\n\t<meta name=\"twitter:data2\" content=\"5 minutos\" \/>\n<script type=\"application\/ld+json\" class=\"yoast-schema-graph\">{\"@context\":\"https:\\\/\\\/schema.org\",\"@graph\":[{\"@type\":\"Article\",\"@id\":\"https:\\\/\\\/www.anovapeneira.gal\\\/index.php\\\/2025\\\/06\\\/23\\\/quen-controla-a-policia-local-de-porrino\\\/#article\",\"isPartOf\":{\"@id\":\"https:\\\/\\\/www.anovapeneira.gal\\\/index.php\\\/2025\\\/06\\\/23\\\/quen-controla-a-policia-local-de-porrino\\\/\"},\"author\":{\"name\":\"Artigos Opini\u00f3n\",\"@id\":\"https:\\\/\\\/www.anovapeneira.gal\\\/#\\\/schema\\\/person\\\/f18a4feb302e8f20bcef4490b5b60bb3\"},\"headline\":\"Quen controla \u00e1 polic\u00eda local de Porri\u00f1o?\",\"datePublished\":\"2025-06-23T10:00:35+00:00\",\"mainEntityOfPage\":{\"@id\":\"https:\\\/\\\/www.anovapeneira.gal\\\/index.php\\\/2025\\\/06\\\/23\\\/quen-controla-a-policia-local-de-porrino\\\/\"},\"wordCount\":913,\"commentCount\":0,\"publisher\":{\"@id\":\"https:\\\/\\\/www.anovapeneira.gal\\\/#organization\"},\"image\":{\"@id\":\"https:\\\/\\\/www.anovapeneira.gal\\\/index.php\\\/2025\\\/06\\\/23\\\/quen-controla-a-policia-local-de-porrino\\\/#primaryimage\"},\"thumbnailUrl\":\"https:\\\/\\\/www.anovapeneira.gal\\\/wp-content\\\/uploads\\\/2025\\\/06\\\/antifascista_porrino.jpg\",\"keywords\":[\"Comit\u00e9 Antifascista\",\"Concello do Porri\u00f1o\"],\"articleSection\":[\"Artigos de opini\u00f3n\"],\"inLanguage\":\"gl-ES\",\"potentialAction\":[{\"@type\":\"CommentAction\",\"name\":\"Comment\",\"target\":[\"https:\\\/\\\/www.anovapeneira.gal\\\/index.php\\\/2025\\\/06\\\/23\\\/quen-controla-a-policia-local-de-porrino\\\/#respond\"]}]},{\"@type\":\"WebPage\",\"@id\":\"https:\\\/\\\/www.anovapeneira.gal\\\/index.php\\\/2025\\\/06\\\/23\\\/quen-controla-a-policia-local-de-porrino\\\/\",\"url\":\"https:\\\/\\\/www.anovapeneira.gal\\\/index.php\\\/2025\\\/06\\\/23\\\/quen-controla-a-policia-local-de-porrino\\\/\",\"name\":\"Quen controla \u00e1 polic\u00eda local de Porri\u00f1o? -\",\"isPartOf\":{\"@id\":\"https:\\\/\\\/www.anovapeneira.gal\\\/#website\"},\"primaryImageOfPage\":{\"@id\":\"https:\\\/\\\/www.anovapeneira.gal\\\/index.php\\\/2025\\\/06\\\/23\\\/quen-controla-a-policia-local-de-porrino\\\/#primaryimage\"},\"image\":{\"@id\":\"https:\\\/\\\/www.anovapeneira.gal\\\/index.php\\\/2025\\\/06\\\/23\\\/quen-controla-a-policia-local-de-porrino\\\/#primaryimage\"},\"thumbnailUrl\":\"https:\\\/\\\/www.anovapeneira.gal\\\/wp-content\\\/uploads\\\/2025\\\/06\\\/antifascista_porrino.jpg\",\"datePublished\":\"2025-06-23T10:00:35+00:00\",\"breadcrumb\":{\"@id\":\"https:\\\/\\\/www.anovapeneira.gal\\\/index.php\\\/2025\\\/06\\\/23\\\/quen-controla-a-policia-local-de-porrino\\\/#breadcrumb\"},\"inLanguage\":\"gl-ES\",\"potentialAction\":[{\"@type\":\"ReadAction\",\"target\":[\"https:\\\/\\\/www.anovapeneira.gal\\\/index.php\\\/2025\\\/06\\\/23\\\/quen-controla-a-policia-local-de-porrino\\\/\"]}]},{\"@type\":\"ImageObject\",\"inLanguage\":\"gl-ES\",\"@id\":\"https:\\\/\\\/www.anovapeneira.gal\\\/index.php\\\/2025\\\/06\\\/23\\\/quen-controla-a-policia-local-de-porrino\\\/#primaryimage\",\"url\":\"https:\\\/\\\/www.anovapeneira.gal\\\/wp-content\\\/uploads\\\/2025\\\/06\\\/antifascista_porrino.jpg\",\"contentUrl\":\"https:\\\/\\\/www.anovapeneira.gal\\\/wp-content\\\/uploads\\\/2025\\\/06\\\/antifascista_porrino.jpg\",\"width\":720,\"height\":432},{\"@type\":\"BreadcrumbList\",\"@id\":\"https:\\\/\\\/www.anovapeneira.gal\\\/index.php\\\/2025\\\/06\\\/23\\\/quen-controla-a-policia-local-de-porrino\\\/#breadcrumb\",\"itemListElement\":[{\"@type\":\"ListItem\",\"position\":1,\"name\":\"Portada\",\"item\":\"https:\\\/\\\/www.anovapeneira.gal\\\/\"},{\"@type\":\"ListItem\",\"position\":2,\"name\":\"Quen controla \u00e1 polic\u00eda local de Porri\u00f1o?\"}]},{\"@type\":\"WebSite\",\"@id\":\"https:\\\/\\\/www.anovapeneira.gal\\\/#website\",\"url\":\"https:\\\/\\\/www.anovapeneira.gal\\\/\",\"name\":\"\",\"description\":\"Xornal galego de informaci\u00f3n xeral Publicaci\u00f3n mensual de novas de Galicia e en especial dos Concellos da sur da provincia de Pontevedra.\",\"publisher\":{\"@id\":\"https:\\\/\\\/www.anovapeneira.gal\\\/#organization\"},\"potentialAction\":[{\"@type\":\"SearchAction\",\"target\":{\"@type\":\"EntryPoint\",\"urlTemplate\":\"https:\\\/\\\/www.anovapeneira.gal\\\/?s={search_term_string}\"},\"query-input\":{\"@type\":\"PropertyValueSpecification\",\"valueRequired\":true,\"valueName\":\"search_term_string\"}}],\"inLanguage\":\"gl-ES\"},{\"@type\":\"Organization\",\"@id\":\"https:\\\/\\\/www.anovapeneira.gal\\\/#organization\",\"name\":\"A Nova Peneira\",\"url\":\"https:\\\/\\\/www.anovapeneira.gal\\\/\",\"logo\":{\"@type\":\"ImageObject\",\"inLanguage\":\"gl-ES\",\"@id\":\"https:\\\/\\\/www.anovapeneira.gal\\\/#\\\/schema\\\/logo\\\/image\\\/\",\"url\":\"http:\\\/\\\/www.anovapeneira.gal\\\/wp-content\\\/uploads\\\/2019\\\/06\\\/logo_a_nova_peneira_portal_web.png\",\"contentUrl\":\"http:\\\/\\\/www.anovapeneira.gal\\\/wp-content\\\/uploads\\\/2019\\\/06\\\/logo_a_nova_peneira_portal_web.png\",\"width\":300,\"height\":100,\"caption\":\"A Nova Peneira\"},\"image\":{\"@id\":\"https:\\\/\\\/www.anovapeneira.gal\\\/#\\\/schema\\\/logo\\\/image\\\/\"},\"sameAs\":[\"https:\\\/\\\/www.facebook.com\\\/anovapeneira\",\"https:\\\/\\\/x.com\\\/APeneira\"]},{\"@type\":\"Person\",\"@id\":\"https:\\\/\\\/www.anovapeneira.gal\\\/#\\\/schema\\\/person\\\/f18a4feb302e8f20bcef4490b5b60bb3\",\"name\":\"Artigos Opini\u00f3n\",\"image\":{\"@type\":\"ImageObject\",\"inLanguage\":\"gl-ES\",\"@id\":\"https:\\\/\\\/secure.gravatar.com\\\/avatar\\\/072844300f4881150aee2da4278f7a65d16eefdf8262eb67085f1e702de2b959?s=96&d=mm&r=g\",\"url\":\"https:\\\/\\\/secure.gravatar.com\\\/avatar\\\/072844300f4881150aee2da4278f7a65d16eefdf8262eb67085f1e702de2b959?s=96&d=mm&r=g\",\"contentUrl\":\"https:\\\/\\\/secure.gravatar.com\\\/avatar\\\/072844300f4881150aee2da4278f7a65d16eefdf8262eb67085f1e702de2b959?s=96&d=mm&r=g\",\"caption\":\"Artigos Opini\u00f3n\"},\"sameAs\":[\"http:\\\/\\\/anovapeneira.gal\"],\"url\":\"https:\\\/\\\/www.anovapeneira.gal\\\/index.php\\\/author\\\/artigosopinion\\\/\"}]}<\/script>\n<!-- \/ Yoast SEO plugin. -->","yoast_head_json":{"title":"Quen controla \u00e1 polic\u00eda local de Porri\u00f1o? -","robots":{"index":"index","follow":"follow","max-snippet":"max-snippet:-1","max-image-preview":"max-image-preview:large","max-video-preview":"max-video-preview:-1"},"canonical":"https:\/\/www.anovapeneira.gal\/index.php\/2025\/06\/23\/quen-controla-a-policia-local-de-porrino\/","og_locale":"gl_ES","og_type":"article","og_title":"Quen controla \u00e1 polic\u00eda local de Porri\u00f1o? -","og_description":"Imos falar da polic\u00eda local. As s\u00faas funci\u00f3ns segundo a lei, son abondo co\u00f1ecidas: manter a `orde p\u00fablica\u00b4, controlar o tr\u00e1fico e seguridade viaria, ollar polo cumprimento das ordenanzas municipais, previr e investigar delitos menores e custodiar probas ata a chegada doutros corpos policiais [...]","og_url":"https:\/\/www.anovapeneira.gal\/index.php\/2025\/06\/23\/quen-controla-a-policia-local-de-porrino\/","article_publisher":"https:\/\/www.facebook.com\/anovapeneira","article_published_time":"2025-06-23T10:00:35+00:00","og_image":[{"width":720,"height":432,"url":"https:\/\/www.anovapeneira.gal\/wp-content\/uploads\/2025\/06\/antifascista_porrino.jpg","type":"image\/jpeg"}],"author":"Artigos Opini\u00f3n","twitter_card":"summary_large_image","twitter_creator":"@APeneira","twitter_site":"@APeneira","twitter_misc":{"Escrito por":"Artigos Opini\u00f3n","Tempo de lectura":"5 minutos"},"schema":{"@context":"https:\/\/schema.org","@graph":[{"@type":"Article","@id":"https:\/\/www.anovapeneira.gal\/index.php\/2025\/06\/23\/quen-controla-a-policia-local-de-porrino\/#article","isPartOf":{"@id":"https:\/\/www.anovapeneira.gal\/index.php\/2025\/06\/23\/quen-controla-a-policia-local-de-porrino\/"},"author":{"name":"Artigos Opini\u00f3n","@id":"https:\/\/www.anovapeneira.gal\/#\/schema\/person\/f18a4feb302e8f20bcef4490b5b60bb3"},"headline":"Quen controla \u00e1 polic\u00eda local de Porri\u00f1o?","datePublished":"2025-06-23T10:00:35+00:00","mainEntityOfPage":{"@id":"https:\/\/www.anovapeneira.gal\/index.php\/2025\/06\/23\/quen-controla-a-policia-local-de-porrino\/"},"wordCount":913,"commentCount":0,"publisher":{"@id":"https:\/\/www.anovapeneira.gal\/#organization"},"image":{"@id":"https:\/\/www.anovapeneira.gal\/index.php\/2025\/06\/23\/quen-controla-a-policia-local-de-porrino\/#primaryimage"},"thumbnailUrl":"https:\/\/www.anovapeneira.gal\/wp-content\/uploads\/2025\/06\/antifascista_porrino.jpg","keywords":["Comit\u00e9 Antifascista","Concello do Porri\u00f1o"],"articleSection":["Artigos de opini\u00f3n"],"inLanguage":"gl-ES","potentialAction":[{"@type":"CommentAction","name":"Comment","target":["https:\/\/www.anovapeneira.gal\/index.php\/2025\/06\/23\/quen-controla-a-policia-local-de-porrino\/#respond"]}]},{"@type":"WebPage","@id":"https:\/\/www.anovapeneira.gal\/index.php\/2025\/06\/23\/quen-controla-a-policia-local-de-porrino\/","url":"https:\/\/www.anovapeneira.gal\/index.php\/2025\/06\/23\/quen-controla-a-policia-local-de-porrino\/","name":"Quen controla \u00e1 polic\u00eda local de Porri\u00f1o? -","isPartOf":{"@id":"https:\/\/www.anovapeneira.gal\/#website"},"primaryImageOfPage":{"@id":"https:\/\/www.anovapeneira.gal\/index.php\/2025\/06\/23\/quen-controla-a-policia-local-de-porrino\/#primaryimage"},"image":{"@id":"https:\/\/www.anovapeneira.gal\/index.php\/2025\/06\/23\/quen-controla-a-policia-local-de-porrino\/#primaryimage"},"thumbnailUrl":"https:\/\/www.anovapeneira.gal\/wp-content\/uploads\/2025\/06\/antifascista_porrino.jpg","datePublished":"2025-06-23T10:00:35+00:00","breadcrumb":{"@id":"https:\/\/www.anovapeneira.gal\/index.php\/2025\/06\/23\/quen-controla-a-policia-local-de-porrino\/#breadcrumb"},"inLanguage":"gl-ES","potentialAction":[{"@type":"ReadAction","target":["https:\/\/www.anovapeneira.gal\/index.php\/2025\/06\/23\/quen-controla-a-policia-local-de-porrino\/"]}]},{"@type":"ImageObject","inLanguage":"gl-ES","@id":"https:\/\/www.anovapeneira.gal\/index.php\/2025\/06\/23\/quen-controla-a-policia-local-de-porrino\/#primaryimage","url":"https:\/\/www.anovapeneira.gal\/wp-content\/uploads\/2025\/06\/antifascista_porrino.jpg","contentUrl":"https:\/\/www.anovapeneira.gal\/wp-content\/uploads\/2025\/06\/antifascista_porrino.jpg","width":720,"height":432},{"@type":"BreadcrumbList","@id":"https:\/\/www.anovapeneira.gal\/index.php\/2025\/06\/23\/quen-controla-a-policia-local-de-porrino\/#breadcrumb","itemListElement":[{"@type":"ListItem","position":1,"name":"Portada","item":"https:\/\/www.anovapeneira.gal\/"},{"@type":"ListItem","position":2,"name":"Quen controla \u00e1 polic\u00eda local de Porri\u00f1o?"}]},{"@type":"WebSite","@id":"https:\/\/www.anovapeneira.gal\/#website","url":"https:\/\/www.anovapeneira.gal\/","name":"","description":"Xornal galego de informaci\u00f3n xeral Publicaci\u00f3n mensual de novas de Galicia e en especial dos Concellos da sur da provincia de Pontevedra.","publisher":{"@id":"https:\/\/www.anovapeneira.gal\/#organization"},"potentialAction":[{"@type":"SearchAction","target":{"@type":"EntryPoint","urlTemplate":"https:\/\/www.anovapeneira.gal\/?s={search_term_string}"},"query-input":{"@type":"PropertyValueSpecification","valueRequired":true,"valueName":"search_term_string"}}],"inLanguage":"gl-ES"},{"@type":"Organization","@id":"https:\/\/www.anovapeneira.gal\/#organization","name":"A Nova Peneira","url":"https:\/\/www.anovapeneira.gal\/","logo":{"@type":"ImageObject","inLanguage":"gl-ES","@id":"https:\/\/www.anovapeneira.gal\/#\/schema\/logo\/image\/","url":"http:\/\/www.anovapeneira.gal\/wp-content\/uploads\/2019\/06\/logo_a_nova_peneira_portal_web.png","contentUrl":"http:\/\/www.anovapeneira.gal\/wp-content\/uploads\/2019\/06\/logo_a_nova_peneira_portal_web.png","width":300,"height":100,"caption":"A Nova Peneira"},"image":{"@id":"https:\/\/www.anovapeneira.gal\/#\/schema\/logo\/image\/"},"sameAs":["https:\/\/www.facebook.com\/anovapeneira","https:\/\/x.com\/APeneira"]},{"@type":"Person","@id":"https:\/\/www.anovapeneira.gal\/#\/schema\/person\/f18a4feb302e8f20bcef4490b5b60bb3","name":"Artigos Opini\u00f3n","image":{"@type":"ImageObject","inLanguage":"gl-ES","@id":"https:\/\/secure.gravatar.com\/avatar\/072844300f4881150aee2da4278f7a65d16eefdf8262eb67085f1e702de2b959?s=96&d=mm&r=g","url":"https:\/\/secure.gravatar.com\/avatar\/072844300f4881150aee2da4278f7a65d16eefdf8262eb67085f1e702de2b959?s=96&d=mm&r=g","contentUrl":"https:\/\/secure.gravatar.com\/avatar\/072844300f4881150aee2da4278f7a65d16eefdf8262eb67085f1e702de2b959?s=96&d=mm&r=g","caption":"Artigos Opini\u00f3n"},"sameAs":["http:\/\/anovapeneira.gal"],"url":"https:\/\/www.anovapeneira.gal\/index.php\/author\/artigosopinion\/"}]}},"jetpack_featured_media_url":"https:\/\/www.anovapeneira.gal\/wp-content\/uploads\/2025\/06\/antifascista_porrino.jpg","_links":{"self":[{"href":"https:\/\/www.anovapeneira.gal\/index.php\/wp-json\/wp\/v2\/posts\/14093","targetHints":{"allow":["GET"]}}],"collection":[{"href":"https:\/\/www.anovapeneira.gal\/index.php\/wp-json\/wp\/v2\/posts"}],"about":[{"href":"https:\/\/www.anovapeneira.gal\/index.php\/wp-json\/wp\/v2\/types\/post"}],"author":[{"embeddable":true,"href":"https:\/\/www.anovapeneira.gal\/index.php\/wp-json\/wp\/v2\/users\/12"}],"replies":[{"embeddable":true,"href":"https:\/\/www.anovapeneira.gal\/index.php\/wp-json\/wp\/v2\/comments?post=14093"}],"version-history":[{"count":1,"href":"https:\/\/www.anovapeneira.gal\/index.php\/wp-json\/wp\/v2\/posts\/14093\/revisions"}],"predecessor-version":[{"id":14095,"href":"https:\/\/www.anovapeneira.gal\/index.php\/wp-json\/wp\/v2\/posts\/14093\/revisions\/14095"}],"wp:featuredmedia":[{"embeddable":true,"href":"https:\/\/www.anovapeneira.gal\/index.php\/wp-json\/wp\/v2\/media\/14094"}],"wp:attachment":[{"href":"https:\/\/www.anovapeneira.gal\/index.php\/wp-json\/wp\/v2\/media?parent=14093"}],"wp:term":[{"taxonomy":"category","embeddable":true,"href":"https:\/\/www.anovapeneira.gal\/index.php\/wp-json\/wp\/v2\/categories?post=14093"},{"taxonomy":"post_tag","embeddable":true,"href":"https:\/\/www.anovapeneira.gal\/index.php\/wp-json\/wp\/v2\/tags?post=14093"}],"curies":[{"name":"wp","href":"https:\/\/api.w.org\/{rel}","templated":true}]}}