{"id":14096,"date":"2025-06-24T10:00:08","date_gmt":"2025-06-24T08:00:08","guid":{"rendered":"https:\/\/www.anovapeneira.gal\/?p=14096"},"modified":"2025-06-19T12:58:34","modified_gmt":"2025-06-19T10:58:34","slug":"memoria-festa-e-identidade-2025-ano-castelao","status":"publish","type":"post","link":"https:\/\/www.anovapeneira.gal\/index.php\/2025\/06\/24\/memoria-festa-e-identidade-2025-ano-castelao\/","title":{"rendered":"Memoria, festa e identidade 2025, ano castelao"},"content":{"rendered":"\n<pre class=\"wp-block-verse\"><br>Andr\u00e9s Cou\u00f1ago Laxe, directivo da Asociaci\u00f3n de Amigos do Carballo das Cen P\u00f3las.<\/pre>\n\n\n\n<p>Este 2025 pres\u00e9ntasenos como un ano para varias celebraci\u00f3n en Reboredada (Redondela): as festas patronais do 14, 15 e 16 de agosto; a inauguraci\u00f3n das obras de reconstruci\u00f3n da c\u00fapula do campanario da igrexa de Santa Mar\u00eda, desfeita por unha chispa no mes de marzo do ano 2022; o ano Castelao, que tam\u00e9n celebraremos en colaboraci\u00f3n entre a Sociedade Cultural e a asociaci\u00f3n de Amigos do Carballo; as Letras Galegas, que conmemoramos o d\u00eda 16 de maio na Sociedade Cultural; o 25 de xullo, D\u00eda da Patria, no que se xuntar\u00e1n todos os colectivos de Reboreda coa alocuci\u00f3n da directora do colexio p\u00fablico da nosa parroquia sobre o texto _Alba de Groria_ de Castelao\u2026 e, como non, o 50 aniversario da Sociedade L. Cultural de Reboreda ao longo do mes de novembro.<\/p>\n\n\n\n<p>En todas estas efem\u00e9rides, esenciais para a creaci\u00f3n de comunidade, habemos ter a oportunidade durante este ano de compartir, con alegr\u00eda de festa, o sentido de pertenza a unha terra e a unha fala. A festa da patroa \u00e9 un referente na vida social da parroquia, por tanto, propicia para fomentarmos o uso dos nosos s\u00edmbolos: himno e bandeira. Tam\u00e9n, para p\u00f3r de relevo os valores patrimoniais (materiais e inmateriais) que son abundantes e valiosos, e as\u00ed concienciarnos na s\u00faa defensa e divulgaci\u00f3n. Non abonda con facermos festa. O esforzo sen visi\u00f3n \u00e9<br>rutina, aburrimento.<\/p>\n\n\n\n<p>A inauguraci\u00f3n das obras do campanario e do tellado da Igrexa vai ser un especial motivo de celebraci\u00f3n. Ese d\u00eda, as tres camp\u00e1s do seu campanario han tanxer o seu grave sino de bronce para anunciar un novo d\u00eda a toda a parroquia. Nese intre, poderiamos facer un exercicio de imaxinaci\u00f3n para evocar a _Alba de Groria_ de Castelao. \u201cSi no abrente deste d\u00eda puideramos voar sobor da nosa aterra e percorrela en todas as direcci\u00f3ns, asistiriamos \u00e1 marabilla dunha ma\u00f1\u00e1 \u00fanica (&#8230;) O d\u00eda de festa comeza e deseguida una mui\u00f1eira de camp\u00e1s anuncia algo m\u00e1is que una festa lit\u00farxica\u2026\u201d<\/p>\n\n\n\n<p>Outro festexo fundamental, xa celebrado, foi o D\u00eda das Letras Galegas (o ano enteiro deber\u00eda de ser). Nesta ocasi\u00f3n dedicado \u00e1s cantareiras tradicionais. A Real Academia Galega acordou dedicar a xornada \u00e1 muller, a muller an\u00f3nima que canta, aos centos e centos de mulleres que cantan na casa, nos ser\u00e1ns, nos rueiros, nas esfolladas, no d\u00eda grande do patr\u00f3n, despois de comer, nas foliadas\u2026 qu\u00e9rese reco\u00f1ecer a importancia da poes\u00eda popular oral, que acompa\u00f1a a nosa sociedade desde sempre. N\u00f3s, a Asociaci\u00f3n Amigos do Carballo das Cen P\u00f3las, coa colaboraci\u00f3n da &nbsp;Sociedade L. Cultural &nbsp;de Reboreda, as\u00ed o fixemos o pasado 16 de maio na Casa da Sociedade, cunha conferencia a cargo do sacerdote da nosa parroquia don Carlos Rodr\u00edguez e o profesor Xos\u00e9 Cou\u00f1ago, seguidos da actuaci\u00f3n das nosas cantareiras, O Carballo das Cen P\u00f3las. Rematamos a xornada compartindo un vi\u00f1o e uns petiscos. Como remate, habemos celebrar cara ao final de ano, con toda a veci\u00f1anza, as cinco d\u00e9cadas de vida da Sociedade Cultural, un traballo colectivo a prol da cultura, do asociacionismo e da dinamizaci\u00f3n social da nosa parroquia que merece ser festexado.<\/p>\n\n\n\n<p>Con este esp\u00edrito de memoria, festa e identidade, convid\u00e1mosvos participar activamente en todas as celebraci\u00f3ns deste 2025. Que sexa un ano de alegr\u00eda, de reencontros e de reafirmaci\u00f3n no noso amor por Reboreda e Galicia.<\/p>\n","protected":false},"excerpt":{"rendered":"<div class=\"mh-excerpt\"><p>Este 2025 pres\u00e9ntasenos como un ano para varias celebraci\u00f3n en Reboredada (Redondela): as festas patronais do 14, 15 e 16 de agosto; a inauguraci\u00f3n das obras de reconstruci\u00f3n da c\u00fapula do campanario da igrexa de Santa Mar\u00eda, desfeita por unha chispa no mes de marzo do ano 2022 <a class=\"mh-excerpt-more\" href=\"https:\/\/www.anovapeneira.gal\/index.php\/2025\/06\/24\/memoria-festa-e-identidade-2025-ano-castelao\/\" title=\"Memoria, festa e identidade 2025, ano castelao\">[&#8230;]<\/a><\/p>\n<\/div>","protected":false},"author":33,"featured_media":4062,"comment_status":"open","ping_status":"open","sticky":false,"template":"","format":"standard","meta":{"_exactmetrics_skip_tracking":false,"_exactmetrics_sitenote_active":false,"_exactmetrics_sitenote_note":"","_exactmetrics_sitenote_category":0,"footnotes":""},"categories":[7],"tags":[1208],"class_list":{"0":"post-14096","1":"post","2":"type-post","3":"status-publish","4":"format-standard","5":"has-post-thumbnail","7":"category-artigos-de-opinion","8":"tag-castelao"},"yoast_head":"<!-- This site is optimized with the Yoast SEO plugin v27.4 - https:\/\/yoast.com\/product\/yoast-seo-wordpress\/ -->\n<title>Memoria, festa e identidade 2025, ano castelao -<\/title>\n<meta name=\"robots\" content=\"index, follow, max-snippet:-1, max-image-preview:large, max-video-preview:-1\" \/>\n<link rel=\"canonical\" href=\"https:\/\/www.anovapeneira.gal\/index.php\/2025\/06\/24\/memoria-festa-e-identidade-2025-ano-castelao\/\" \/>\n<meta property=\"og:locale\" content=\"gl_ES\" \/>\n<meta property=\"og:type\" content=\"article\" \/>\n<meta property=\"og:title\" content=\"Memoria, festa e identidade 2025, ano castelao -\" \/>\n<meta property=\"og:description\" content=\"Este 2025 pres\u00e9ntasenos como un ano para varias celebraci\u00f3n en Reboredada (Redondela): as festas patronais do 14, 15 e 16 de agosto; a inauguraci\u00f3n das obras de reconstruci\u00f3n da c\u00fapula do campanario da igrexa de Santa Mar\u00eda, desfeita por unha chispa no mes de marzo do ano 2022 [...]\" \/>\n<meta property=\"og:url\" content=\"https:\/\/www.anovapeneira.gal\/index.php\/2025\/06\/24\/memoria-festa-e-identidade-2025-ano-castelao\/\" \/>\n<meta property=\"article:publisher\" content=\"https:\/\/www.facebook.com\/anovapeneira\" \/>\n<meta property=\"article:published_time\" content=\"2025-06-24T08:00:08+00:00\" \/>\n<meta property=\"og:image\" content=\"https:\/\/www.anovapeneira.gal\/wp-content\/uploads\/2020\/10\/andres_counago_laxe.jpg\" \/>\n\t<meta property=\"og:image:width\" content=\"720\" \/>\n\t<meta property=\"og:image:height\" content=\"432\" \/>\n\t<meta property=\"og:image:type\" content=\"image\/jpeg\" \/>\n<meta name=\"author\" content=\"Andr\u00e9s Cou\u00f1ago\" \/>\n<meta name=\"twitter:card\" content=\"summary_large_image\" \/>\n<meta name=\"twitter:creator\" content=\"@APeneira\" \/>\n<meta name=\"twitter:site\" content=\"@APeneira\" \/>\n<meta name=\"twitter:label1\" content=\"Escrito por\" \/>\n\t<meta name=\"twitter:data1\" content=\"Andr\u00e9s Cou\u00f1ago\" \/>\n\t<meta name=\"twitter:label2\" content=\"Tempo de lectura\" \/>\n\t<meta name=\"twitter:data2\" content=\"4 minutos\" \/>\n<script type=\"application\/ld+json\" class=\"yoast-schema-graph\">{\"@context\":\"https:\\\/\\\/schema.org\",\"@graph\":[{\"@type\":\"Article\",\"@id\":\"https:\\\/\\\/www.anovapeneira.gal\\\/index.php\\\/2025\\\/06\\\/24\\\/memoria-festa-e-identidade-2025-ano-castelao\\\/#article\",\"isPartOf\":{\"@id\":\"https:\\\/\\\/www.anovapeneira.gal\\\/index.php\\\/2025\\\/06\\\/24\\\/memoria-festa-e-identidade-2025-ano-castelao\\\/\"},\"author\":{\"name\":\"Andr\u00e9s Cou\u00f1ago\",\"@id\":\"https:\\\/\\\/www.anovapeneira.gal\\\/#\\\/schema\\\/person\\\/e69606857344e399ba73c917333a6477\"},\"headline\":\"Memoria, festa e identidade 2025, ano castelao\",\"datePublished\":\"2025-06-24T08:00:08+00:00\",\"mainEntityOfPage\":{\"@id\":\"https:\\\/\\\/www.anovapeneira.gal\\\/index.php\\\/2025\\\/06\\\/24\\\/memoria-festa-e-identidade-2025-ano-castelao\\\/\"},\"wordCount\":606,\"commentCount\":0,\"publisher\":{\"@id\":\"https:\\\/\\\/www.anovapeneira.gal\\\/#organization\"},\"image\":{\"@id\":\"https:\\\/\\\/www.anovapeneira.gal\\\/index.php\\\/2025\\\/06\\\/24\\\/memoria-festa-e-identidade-2025-ano-castelao\\\/#primaryimage\"},\"thumbnailUrl\":\"https:\\\/\\\/www.anovapeneira.gal\\\/wp-content\\\/uploads\\\/2020\\\/10\\\/andres_counago_laxe.jpg\",\"keywords\":[\"Castelao\"],\"articleSection\":[\"Artigos de opini\u00f3n\"],\"inLanguage\":\"gl-ES\",\"potentialAction\":[{\"@type\":\"CommentAction\",\"name\":\"Comment\",\"target\":[\"https:\\\/\\\/www.anovapeneira.gal\\\/index.php\\\/2025\\\/06\\\/24\\\/memoria-festa-e-identidade-2025-ano-castelao\\\/#respond\"]}]},{\"@type\":\"WebPage\",\"@id\":\"https:\\\/\\\/www.anovapeneira.gal\\\/index.php\\\/2025\\\/06\\\/24\\\/memoria-festa-e-identidade-2025-ano-castelao\\\/\",\"url\":\"https:\\\/\\\/www.anovapeneira.gal\\\/index.php\\\/2025\\\/06\\\/24\\\/memoria-festa-e-identidade-2025-ano-castelao\\\/\",\"name\":\"Memoria, festa e identidade 2025, ano castelao -\",\"isPartOf\":{\"@id\":\"https:\\\/\\\/www.anovapeneira.gal\\\/#website\"},\"primaryImageOfPage\":{\"@id\":\"https:\\\/\\\/www.anovapeneira.gal\\\/index.php\\\/2025\\\/06\\\/24\\\/memoria-festa-e-identidade-2025-ano-castelao\\\/#primaryimage\"},\"image\":{\"@id\":\"https:\\\/\\\/www.anovapeneira.gal\\\/index.php\\\/2025\\\/06\\\/24\\\/memoria-festa-e-identidade-2025-ano-castelao\\\/#primaryimage\"},\"thumbnailUrl\":\"https:\\\/\\\/www.anovapeneira.gal\\\/wp-content\\\/uploads\\\/2020\\\/10\\\/andres_counago_laxe.jpg\",\"datePublished\":\"2025-06-24T08:00:08+00:00\",\"breadcrumb\":{\"@id\":\"https:\\\/\\\/www.anovapeneira.gal\\\/index.php\\\/2025\\\/06\\\/24\\\/memoria-festa-e-identidade-2025-ano-castelao\\\/#breadcrumb\"},\"inLanguage\":\"gl-ES\",\"potentialAction\":[{\"@type\":\"ReadAction\",\"target\":[\"https:\\\/\\\/www.anovapeneira.gal\\\/index.php\\\/2025\\\/06\\\/24\\\/memoria-festa-e-identidade-2025-ano-castelao\\\/\"]}]},{\"@type\":\"ImageObject\",\"inLanguage\":\"gl-ES\",\"@id\":\"https:\\\/\\\/www.anovapeneira.gal\\\/index.php\\\/2025\\\/06\\\/24\\\/memoria-festa-e-identidade-2025-ano-castelao\\\/#primaryimage\",\"url\":\"https:\\\/\\\/www.anovapeneira.gal\\\/wp-content\\\/uploads\\\/2020\\\/10\\\/andres_counago_laxe.jpg\",\"contentUrl\":\"https:\\\/\\\/www.anovapeneira.gal\\\/wp-content\\\/uploads\\\/2020\\\/10\\\/andres_counago_laxe.jpg\",\"width\":720,\"height\":432,\"caption\":\"Andr\u00e9s Cou\u00f1ago\"},{\"@type\":\"BreadcrumbList\",\"@id\":\"https:\\\/\\\/www.anovapeneira.gal\\\/index.php\\\/2025\\\/06\\\/24\\\/memoria-festa-e-identidade-2025-ano-castelao\\\/#breadcrumb\",\"itemListElement\":[{\"@type\":\"ListItem\",\"position\":1,\"name\":\"Portada\",\"item\":\"https:\\\/\\\/www.anovapeneira.gal\\\/\"},{\"@type\":\"ListItem\",\"position\":2,\"name\":\"Memoria, festa e identidade 2025, ano castelao\"}]},{\"@type\":\"WebSite\",\"@id\":\"https:\\\/\\\/www.anovapeneira.gal\\\/#website\",\"url\":\"https:\\\/\\\/www.anovapeneira.gal\\\/\",\"name\":\"\",\"description\":\"Xornal galego de informaci\u00f3n xeral Publicaci\u00f3n mensual de novas de Galicia e en especial dos Concellos da sur da provincia de Pontevedra.\",\"publisher\":{\"@id\":\"https:\\\/\\\/www.anovapeneira.gal\\\/#organization\"},\"potentialAction\":[{\"@type\":\"SearchAction\",\"target\":{\"@type\":\"EntryPoint\",\"urlTemplate\":\"https:\\\/\\\/www.anovapeneira.gal\\\/?s={search_term_string}\"},\"query-input\":{\"@type\":\"PropertyValueSpecification\",\"valueRequired\":true,\"valueName\":\"search_term_string\"}}],\"inLanguage\":\"gl-ES\"},{\"@type\":\"Organization\",\"@id\":\"https:\\\/\\\/www.anovapeneira.gal\\\/#organization\",\"name\":\"A Nova Peneira\",\"url\":\"https:\\\/\\\/www.anovapeneira.gal\\\/\",\"logo\":{\"@type\":\"ImageObject\",\"inLanguage\":\"gl-ES\",\"@id\":\"https:\\\/\\\/www.anovapeneira.gal\\\/#\\\/schema\\\/logo\\\/image\\\/\",\"url\":\"http:\\\/\\\/www.anovapeneira.gal\\\/wp-content\\\/uploads\\\/2019\\\/06\\\/logo_a_nova_peneira_portal_web.png\",\"contentUrl\":\"http:\\\/\\\/www.anovapeneira.gal\\\/wp-content\\\/uploads\\\/2019\\\/06\\\/logo_a_nova_peneira_portal_web.png\",\"width\":300,\"height\":100,\"caption\":\"A Nova Peneira\"},\"image\":{\"@id\":\"https:\\\/\\\/www.anovapeneira.gal\\\/#\\\/schema\\\/logo\\\/image\\\/\"},\"sameAs\":[\"https:\\\/\\\/www.facebook.com\\\/anovapeneira\",\"https:\\\/\\\/x.com\\\/APeneira\"]},{\"@type\":\"Person\",\"@id\":\"https:\\\/\\\/www.anovapeneira.gal\\\/#\\\/schema\\\/person\\\/e69606857344e399ba73c917333a6477\",\"name\":\"Andr\u00e9s Cou\u00f1ago\",\"image\":{\"@type\":\"ImageObject\",\"inLanguage\":\"gl-ES\",\"@id\":\"https:\\\/\\\/secure.gravatar.com\\\/avatar\\\/3f243567e3458b933b9da8c60ba286e080e6f6ec65981230a64797648ac1aa86?s=96&d=mm&r=g\",\"url\":\"https:\\\/\\\/secure.gravatar.com\\\/avatar\\\/3f243567e3458b933b9da8c60ba286e080e6f6ec65981230a64797648ac1aa86?s=96&d=mm&r=g\",\"contentUrl\":\"https:\\\/\\\/secure.gravatar.com\\\/avatar\\\/3f243567e3458b933b9da8c60ba286e080e6f6ec65981230a64797648ac1aa86?s=96&d=mm&r=g\",\"caption\":\"Andr\u00e9s Cou\u00f1ago\"},\"url\":\"https:\\\/\\\/www.anovapeneira.gal\\\/index.php\\\/author\\\/andres-c\\\/\"}]}<\/script>\n<!-- \/ Yoast SEO plugin. -->","yoast_head_json":{"title":"Memoria, festa e identidade 2025, ano castelao -","robots":{"index":"index","follow":"follow","max-snippet":"max-snippet:-1","max-image-preview":"max-image-preview:large","max-video-preview":"max-video-preview:-1"},"canonical":"https:\/\/www.anovapeneira.gal\/index.php\/2025\/06\/24\/memoria-festa-e-identidade-2025-ano-castelao\/","og_locale":"gl_ES","og_type":"article","og_title":"Memoria, festa e identidade 2025, ano castelao -","og_description":"Este 2025 pres\u00e9ntasenos como un ano para varias celebraci\u00f3n en Reboredada (Redondela): as festas patronais do 14, 15 e 16 de agosto; a inauguraci\u00f3n das obras de reconstruci\u00f3n da c\u00fapula do campanario da igrexa de Santa Mar\u00eda, desfeita por unha chispa no mes de marzo do ano 2022 [...]","og_url":"https:\/\/www.anovapeneira.gal\/index.php\/2025\/06\/24\/memoria-festa-e-identidade-2025-ano-castelao\/","article_publisher":"https:\/\/www.facebook.com\/anovapeneira","article_published_time":"2025-06-24T08:00:08+00:00","og_image":[{"width":720,"height":432,"url":"https:\/\/www.anovapeneira.gal\/wp-content\/uploads\/2020\/10\/andres_counago_laxe.jpg","type":"image\/jpeg"}],"author":"Andr\u00e9s Cou\u00f1ago","twitter_card":"summary_large_image","twitter_creator":"@APeneira","twitter_site":"@APeneira","twitter_misc":{"Escrito por":"Andr\u00e9s Cou\u00f1ago","Tempo de lectura":"4 minutos"},"schema":{"@context":"https:\/\/schema.org","@graph":[{"@type":"Article","@id":"https:\/\/www.anovapeneira.gal\/index.php\/2025\/06\/24\/memoria-festa-e-identidade-2025-ano-castelao\/#article","isPartOf":{"@id":"https:\/\/www.anovapeneira.gal\/index.php\/2025\/06\/24\/memoria-festa-e-identidade-2025-ano-castelao\/"},"author":{"name":"Andr\u00e9s Cou\u00f1ago","@id":"https:\/\/www.anovapeneira.gal\/#\/schema\/person\/e69606857344e399ba73c917333a6477"},"headline":"Memoria, festa e identidade 2025, ano castelao","datePublished":"2025-06-24T08:00:08+00:00","mainEntityOfPage":{"@id":"https:\/\/www.anovapeneira.gal\/index.php\/2025\/06\/24\/memoria-festa-e-identidade-2025-ano-castelao\/"},"wordCount":606,"commentCount":0,"publisher":{"@id":"https:\/\/www.anovapeneira.gal\/#organization"},"image":{"@id":"https:\/\/www.anovapeneira.gal\/index.php\/2025\/06\/24\/memoria-festa-e-identidade-2025-ano-castelao\/#primaryimage"},"thumbnailUrl":"https:\/\/www.anovapeneira.gal\/wp-content\/uploads\/2020\/10\/andres_counago_laxe.jpg","keywords":["Castelao"],"articleSection":["Artigos de opini\u00f3n"],"inLanguage":"gl-ES","potentialAction":[{"@type":"CommentAction","name":"Comment","target":["https:\/\/www.anovapeneira.gal\/index.php\/2025\/06\/24\/memoria-festa-e-identidade-2025-ano-castelao\/#respond"]}]},{"@type":"WebPage","@id":"https:\/\/www.anovapeneira.gal\/index.php\/2025\/06\/24\/memoria-festa-e-identidade-2025-ano-castelao\/","url":"https:\/\/www.anovapeneira.gal\/index.php\/2025\/06\/24\/memoria-festa-e-identidade-2025-ano-castelao\/","name":"Memoria, festa e identidade 2025, ano castelao -","isPartOf":{"@id":"https:\/\/www.anovapeneira.gal\/#website"},"primaryImageOfPage":{"@id":"https:\/\/www.anovapeneira.gal\/index.php\/2025\/06\/24\/memoria-festa-e-identidade-2025-ano-castelao\/#primaryimage"},"image":{"@id":"https:\/\/www.anovapeneira.gal\/index.php\/2025\/06\/24\/memoria-festa-e-identidade-2025-ano-castelao\/#primaryimage"},"thumbnailUrl":"https:\/\/www.anovapeneira.gal\/wp-content\/uploads\/2020\/10\/andres_counago_laxe.jpg","datePublished":"2025-06-24T08:00:08+00:00","breadcrumb":{"@id":"https:\/\/www.anovapeneira.gal\/index.php\/2025\/06\/24\/memoria-festa-e-identidade-2025-ano-castelao\/#breadcrumb"},"inLanguage":"gl-ES","potentialAction":[{"@type":"ReadAction","target":["https:\/\/www.anovapeneira.gal\/index.php\/2025\/06\/24\/memoria-festa-e-identidade-2025-ano-castelao\/"]}]},{"@type":"ImageObject","inLanguage":"gl-ES","@id":"https:\/\/www.anovapeneira.gal\/index.php\/2025\/06\/24\/memoria-festa-e-identidade-2025-ano-castelao\/#primaryimage","url":"https:\/\/www.anovapeneira.gal\/wp-content\/uploads\/2020\/10\/andres_counago_laxe.jpg","contentUrl":"https:\/\/www.anovapeneira.gal\/wp-content\/uploads\/2020\/10\/andres_counago_laxe.jpg","width":720,"height":432,"caption":"Andr\u00e9s Cou\u00f1ago"},{"@type":"BreadcrumbList","@id":"https:\/\/www.anovapeneira.gal\/index.php\/2025\/06\/24\/memoria-festa-e-identidade-2025-ano-castelao\/#breadcrumb","itemListElement":[{"@type":"ListItem","position":1,"name":"Portada","item":"https:\/\/www.anovapeneira.gal\/"},{"@type":"ListItem","position":2,"name":"Memoria, festa e identidade 2025, ano castelao"}]},{"@type":"WebSite","@id":"https:\/\/www.anovapeneira.gal\/#website","url":"https:\/\/www.anovapeneira.gal\/","name":"","description":"Xornal galego de informaci\u00f3n xeral Publicaci\u00f3n mensual de novas de Galicia e en especial dos Concellos da sur da provincia de Pontevedra.","publisher":{"@id":"https:\/\/www.anovapeneira.gal\/#organization"},"potentialAction":[{"@type":"SearchAction","target":{"@type":"EntryPoint","urlTemplate":"https:\/\/www.anovapeneira.gal\/?s={search_term_string}"},"query-input":{"@type":"PropertyValueSpecification","valueRequired":true,"valueName":"search_term_string"}}],"inLanguage":"gl-ES"},{"@type":"Organization","@id":"https:\/\/www.anovapeneira.gal\/#organization","name":"A Nova Peneira","url":"https:\/\/www.anovapeneira.gal\/","logo":{"@type":"ImageObject","inLanguage":"gl-ES","@id":"https:\/\/www.anovapeneira.gal\/#\/schema\/logo\/image\/","url":"http:\/\/www.anovapeneira.gal\/wp-content\/uploads\/2019\/06\/logo_a_nova_peneira_portal_web.png","contentUrl":"http:\/\/www.anovapeneira.gal\/wp-content\/uploads\/2019\/06\/logo_a_nova_peneira_portal_web.png","width":300,"height":100,"caption":"A Nova Peneira"},"image":{"@id":"https:\/\/www.anovapeneira.gal\/#\/schema\/logo\/image\/"},"sameAs":["https:\/\/www.facebook.com\/anovapeneira","https:\/\/x.com\/APeneira"]},{"@type":"Person","@id":"https:\/\/www.anovapeneira.gal\/#\/schema\/person\/e69606857344e399ba73c917333a6477","name":"Andr\u00e9s Cou\u00f1ago","image":{"@type":"ImageObject","inLanguage":"gl-ES","@id":"https:\/\/secure.gravatar.com\/avatar\/3f243567e3458b933b9da8c60ba286e080e6f6ec65981230a64797648ac1aa86?s=96&d=mm&r=g","url":"https:\/\/secure.gravatar.com\/avatar\/3f243567e3458b933b9da8c60ba286e080e6f6ec65981230a64797648ac1aa86?s=96&d=mm&r=g","contentUrl":"https:\/\/secure.gravatar.com\/avatar\/3f243567e3458b933b9da8c60ba286e080e6f6ec65981230a64797648ac1aa86?s=96&d=mm&r=g","caption":"Andr\u00e9s Cou\u00f1ago"},"url":"https:\/\/www.anovapeneira.gal\/index.php\/author\/andres-c\/"}]}},"jetpack_featured_media_url":"https:\/\/www.anovapeneira.gal\/wp-content\/uploads\/2020\/10\/andres_counago_laxe.jpg","_links":{"self":[{"href":"https:\/\/www.anovapeneira.gal\/index.php\/wp-json\/wp\/v2\/posts\/14096","targetHints":{"allow":["GET"]}}],"collection":[{"href":"https:\/\/www.anovapeneira.gal\/index.php\/wp-json\/wp\/v2\/posts"}],"about":[{"href":"https:\/\/www.anovapeneira.gal\/index.php\/wp-json\/wp\/v2\/types\/post"}],"author":[{"embeddable":true,"href":"https:\/\/www.anovapeneira.gal\/index.php\/wp-json\/wp\/v2\/users\/33"}],"replies":[{"embeddable":true,"href":"https:\/\/www.anovapeneira.gal\/index.php\/wp-json\/wp\/v2\/comments?post=14096"}],"version-history":[{"count":1,"href":"https:\/\/www.anovapeneira.gal\/index.php\/wp-json\/wp\/v2\/posts\/14096\/revisions"}],"predecessor-version":[{"id":14097,"href":"https:\/\/www.anovapeneira.gal\/index.php\/wp-json\/wp\/v2\/posts\/14096\/revisions\/14097"}],"wp:featuredmedia":[{"embeddable":true,"href":"https:\/\/www.anovapeneira.gal\/index.php\/wp-json\/wp\/v2\/media\/4062"}],"wp:attachment":[{"href":"https:\/\/www.anovapeneira.gal\/index.php\/wp-json\/wp\/v2\/media?parent=14096"}],"wp:term":[{"taxonomy":"category","embeddable":true,"href":"https:\/\/www.anovapeneira.gal\/index.php\/wp-json\/wp\/v2\/categories?post=14096"},{"taxonomy":"post_tag","embeddable":true,"href":"https:\/\/www.anovapeneira.gal\/index.php\/wp-json\/wp\/v2\/tags?post=14096"}],"curies":[{"name":"wp","href":"https:\/\/api.w.org\/{rel}","templated":true}]}}