{"id":14102,"date":"2025-06-25T10:00:23","date_gmt":"2025-06-25T08:00:23","guid":{"rendered":"https:\/\/www.anovapeneira.gal\/?p=14102"},"modified":"2025-06-19T13:09:43","modified_gmt":"2025-06-19T11:09:43","slug":"a-neutralidade-nas-escolas","status":"publish","type":"post","link":"https:\/\/www.anovapeneira.gal\/index.php\/2025\/06\/25\/a-neutralidade-nas-escolas\/","title":{"rendered":"A neutralidade nas escolas"},"content":{"rendered":"\n<pre class=\"wp-block-verse\"><strong>Soraya Dom\u00ednguez Portela<\/strong><\/pre>\n\n\n\n<p><strong>Docente e membro do Consello Local do BNG do Porri\u00f1o<\/strong><\/p>\n\n\n\n<p>A primeiros do mes de xu\u00f1o, o Conselleiro de Educaci\u00f3n, Rom\u00e1n Rodr\u00edguez, sorprend\u00edanos cunha nova ocorrencia. Os centros educativos deben ser neutrais. E todas e todos nos preguntamos que quer\u00eda dicir con iso. Falounos de preferencias culinarias, de bandeiras inc\u00f3modas e outros supostos colocados na ambig\u00fcidade que s\u00f3 se explica porque el mesmo se d\u00e1 de conta do inconcreto, inadecuado e desafortunado da esixencia.<\/p>\n\n\n\n<p>Cada vez que na sociedade detectamos un problema grave, sempre se busca a mesma resposta e esta non \u00e9 uns institutos ou escolas \u201cneutrais\u201d, as\u00e9pticas, inconcretas, illadas, colocadas f\u00f3ra da propia sociedade. Hai 7 anos, un grupo de homes novos violaron unha rapaza nunhas festas e, a partir de a\u00ed, comezouse a amosar que estes casos non eran tan illados. Todas as voces especializadas ou que act\u00faan como tal daban a mesma proposta de soluci\u00f3n: o sistema educativo. El deber\u00eda reconducir, formar e concienciar as camadas de mozos na necesidade de que non obxectualicen as s\u00faas compa\u00f1eiras de aula e de mundo. Cando se evidencia que o consumo de pornograf\u00eda en idades temper\u00e1s, especialmente, dunha pornograf\u00eda violenta cara \u00e1 muller est\u00e1 a traer consigo un aumento da violencia dos homes cara \u00e1s mulleres, a resposta que todas e todos encontran sempre \u00e9 a formaci\u00f3n nas escolas.<\/p>\n\n\n\n<p>Ante casos de acoso, homofobia, racismo, violencia gratu\u00edta no \u00e1mbito deportivo ou de lecer, consumo de drogas, malestar emocional, \u00edndices de suicidio na mocidade&#8230; a mirada sempre se dirixe cara \u00e1s escolas. Cada vez que aparece algo que nos preocupa ou avergo\u00f1a como colectividade, a resposta \u00e9 sempre que as escolas e institutos deben reconducirnos \u00f3 civismo e \u00e1 civilizaci\u00f3n. Como imos poder tentar cambiar algo, se agora se nos esixe que non podemos sa\u00edr de explicar as ecuaci\u00f3ns de segundo grao ou a funci\u00f3n sint\u00e1ctica do suxeito?<\/p>\n\n\n\n<p>A sociedade, a nivel global, estase movendo en augas escuras. O discurso do odio est\u00e1 a imperar en todos os lugares. A rede, os gobernos, as r\u00faas&#8230; todo favorece ou potencia a lei do m\u00e1is forte. Aquel ou aquela que se atreve a discrepar ou ser diverso ter\u00e1 que cargar coas consecuencias que esa disidencia trae consigo. Ata o de agora, practicamente, o sistema educativo, as profesoras e profesores somos as \u00fanicas pequenas chalanas que avogan pola cooperaci\u00f3n, o respecto, a consciencia da diversidade, o pensamento cr\u00edtico fronte a ese discurso homoxeneizador e arrasador da riqueza humana que se tenta erradicar. E navegamos nun oc\u00e9ano bravo e poderoso de odio; son augas fortes que fan moito ru\u00eddo e non deixan escoitar case a nosa voz. Pero, a\u00ednda sendo d\u00e9bil, parece que \u00f3 PP de Galicia, \u00f3 goberno da Xunta de Galicia, lle molesta.<\/p>\n\n\n\n<p>Os contidos e as competencias acad\u00e9micas son moi importantes e te\u00f1en o lugar que lle corresponden nas escolas e nos institutos. Pero o noso traballo vai m\u00e1is al\u00e1. Debemos axudar o noso estudantado a ser cidad\u00e1s e cidad\u00e1ns de pleno dereito. Deben poder pensar, libremente, o que queiran, pero para iso \u00e9 necesario que escoiten t\u00f3dolos discursos. Esa \u00e9, xustamente, a grande potencialidade do sistema p\u00fablico de ensino: o profesorado \u00e9 diverso e os ollares que van amosarlle \u00f3 seu estudantado tam\u00e9n o \u00e9. Elas e eles escoller\u00e1n o seu propio, pero dende o co\u00f1ecemento; non dende o dogmatismo simplista e simplificador. O estudantado, en moitos (en demasiados) casos, nos \u00fanicos lugares en que oe falar con propiedade da diversidade de identidadade, da situaci\u00f3n actual no mundo sen simplismos intencionados, da consciencia da clase \u00e1 que a maior\u00eda pertence, da capacidade organizativa das persoas fronte \u00f3s grandes poderes&#8230; \u00e9 nos centros educativos. Non hai outros lugares. Isto fai que a capacidade que temos de ser escoitadas e escoitados sexa moi reducida, mais tam\u00e9n queren quitarlles esta posibilidade? Que \u00e9 o que buscan?<\/p>\n\n\n\n<p>Afortunadamente e para sorpresa do presidente Rueda, a sociedade non estamos a\u00ednda tan adormecida. Os sindicatos do profesorado sa\u00edron a alzar a s\u00faa voz ante a tentativa de silenciar e controlar ideoloxicamente as docentes, seguindo o puro modelo de caza de bruxas de McCarthy. Mais tam\u00e9n as familias, baixo a Confederaci\u00f3n de Anpas Galegas, se pronunciaron en contra desta tentativa absolutamente impropia dun pa\u00eds democr\u00e1tico.<\/p>\n\n\n\n<p>\u201cQue a vida non me sorprenda xamais\/ desprevenido calado e neutral\u201d escrib\u00eda Lois Pereiro. Esta proclama pode agora representarnos a todo o profesorado que consideramos que o noso traballo tam\u00e9n \u00e9 amosar ese outro mundo mellor que a sociedade estamos a dicir que \u00e9 na que desexamos vivir. Ou, acaso, \u00e9 unha falacia? Ou \u00e9 que non queremos un mundo m\u00e1is igualitario, respectuoso, cordial, amigable e humano? Ou que pensa o se\u00f1or conselleiro que \u00e9 o que lles ensinamos \u00e1s nenas e nenos no sistema educativo?<\/p>\n","protected":false},"excerpt":{"rendered":"<div class=\"mh-excerpt\"><p>A primeiros do mes de xu\u00f1o, o Conselleiro de Educaci\u00f3n, Rom\u00e1n Rodr\u00edguez, sorprend\u00edanos cunha nova ocorrencia. Os centros educativos deben ser neutrais. E todas e todos nos preguntamos que quer\u00eda dicir con iso <a class=\"mh-excerpt-more\" href=\"https:\/\/www.anovapeneira.gal\/index.php\/2025\/06\/25\/a-neutralidade-nas-escolas\/\" title=\"A neutralidade nas escolas\">[&#8230;]<\/a><\/p>\n<\/div>","protected":false},"author":12,"featured_media":14103,"comment_status":"open","ping_status":"open","sticky":false,"template":"","format":"standard","meta":{"_exactmetrics_skip_tracking":false,"_exactmetrics_sitenote_active":false,"_exactmetrics_sitenote_note":"","_exactmetrics_sitenote_category":0,"footnotes":""},"categories":[7],"tags":[411],"class_list":{"0":"post-14102","1":"post","2":"type-post","3":"status-publish","4":"format-standard","5":"has-post-thumbnail","7":"category-artigos-de-opinion","8":"tag-concello-do-porrino"},"yoast_head":"<!-- This site is optimized with the Yoast SEO plugin v27.4 - https:\/\/yoast.com\/product\/yoast-seo-wordpress\/ -->\n<title>A neutralidade nas escolas -<\/title>\n<meta name=\"robots\" content=\"index, follow, max-snippet:-1, max-image-preview:large, max-video-preview:-1\" \/>\n<link rel=\"canonical\" href=\"https:\/\/www.anovapeneira.gal\/index.php\/2025\/06\/25\/a-neutralidade-nas-escolas\/\" \/>\n<meta property=\"og:locale\" content=\"gl_ES\" \/>\n<meta property=\"og:type\" content=\"article\" \/>\n<meta property=\"og:title\" content=\"A neutralidade nas escolas -\" \/>\n<meta property=\"og:description\" content=\"A primeiros do mes de xu\u00f1o, o Conselleiro de Educaci\u00f3n, Rom\u00e1n Rodr\u00edguez, sorprend\u00edanos cunha nova ocorrencia. Os centros educativos deben ser neutrais. E todas e todos nos preguntamos que quer\u00eda dicir con iso [...]\" \/>\n<meta property=\"og:url\" content=\"https:\/\/www.anovapeneira.gal\/index.php\/2025\/06\/25\/a-neutralidade-nas-escolas\/\" \/>\n<meta property=\"article:publisher\" content=\"https:\/\/www.facebook.com\/anovapeneira\" \/>\n<meta property=\"article:published_time\" content=\"2025-06-25T08:00:23+00:00\" \/>\n<meta property=\"og:image\" content=\"https:\/\/www.anovapeneira.gal\/wp-content\/uploads\/2025\/06\/soraya_portela.jpg\" \/>\n\t<meta property=\"og:image:width\" content=\"720\" \/>\n\t<meta property=\"og:image:height\" content=\"432\" \/>\n\t<meta property=\"og:image:type\" content=\"image\/jpeg\" \/>\n<meta name=\"author\" content=\"Artigos Opini\u00f3n\" \/>\n<meta name=\"twitter:card\" content=\"summary_large_image\" \/>\n<meta name=\"twitter:creator\" content=\"@APeneira\" \/>\n<meta name=\"twitter:site\" content=\"@APeneira\" \/>\n<meta name=\"twitter:label1\" content=\"Escrito por\" \/>\n\t<meta name=\"twitter:data1\" content=\"Artigos Opini\u00f3n\" \/>\n\t<meta name=\"twitter:label2\" content=\"Tempo de lectura\" \/>\n\t<meta name=\"twitter:data2\" content=\"5 minutos\" \/>\n<script type=\"application\/ld+json\" class=\"yoast-schema-graph\">{\"@context\":\"https:\\\/\\\/schema.org\",\"@graph\":[{\"@type\":\"Article\",\"@id\":\"https:\\\/\\\/www.anovapeneira.gal\\\/index.php\\\/2025\\\/06\\\/25\\\/a-neutralidade-nas-escolas\\\/#article\",\"isPartOf\":{\"@id\":\"https:\\\/\\\/www.anovapeneira.gal\\\/index.php\\\/2025\\\/06\\\/25\\\/a-neutralidade-nas-escolas\\\/\"},\"author\":{\"name\":\"Artigos Opini\u00f3n\",\"@id\":\"https:\\\/\\\/www.anovapeneira.gal\\\/#\\\/schema\\\/person\\\/f18a4feb302e8f20bcef4490b5b60bb3\"},\"headline\":\"A neutralidade nas escolas\",\"datePublished\":\"2025-06-25T08:00:23+00:00\",\"mainEntityOfPage\":{\"@id\":\"https:\\\/\\\/www.anovapeneira.gal\\\/index.php\\\/2025\\\/06\\\/25\\\/a-neutralidade-nas-escolas\\\/\"},\"wordCount\":825,\"commentCount\":0,\"publisher\":{\"@id\":\"https:\\\/\\\/www.anovapeneira.gal\\\/#organization\"},\"image\":{\"@id\":\"https:\\\/\\\/www.anovapeneira.gal\\\/index.php\\\/2025\\\/06\\\/25\\\/a-neutralidade-nas-escolas\\\/#primaryimage\"},\"thumbnailUrl\":\"https:\\\/\\\/www.anovapeneira.gal\\\/wp-content\\\/uploads\\\/2025\\\/06\\\/soraya_portela.jpg\",\"keywords\":[\"Concello do Porri\u00f1o\"],\"articleSection\":[\"Artigos de opini\u00f3n\"],\"inLanguage\":\"gl-ES\",\"potentialAction\":[{\"@type\":\"CommentAction\",\"name\":\"Comment\",\"target\":[\"https:\\\/\\\/www.anovapeneira.gal\\\/index.php\\\/2025\\\/06\\\/25\\\/a-neutralidade-nas-escolas\\\/#respond\"]}]},{\"@type\":\"WebPage\",\"@id\":\"https:\\\/\\\/www.anovapeneira.gal\\\/index.php\\\/2025\\\/06\\\/25\\\/a-neutralidade-nas-escolas\\\/\",\"url\":\"https:\\\/\\\/www.anovapeneira.gal\\\/index.php\\\/2025\\\/06\\\/25\\\/a-neutralidade-nas-escolas\\\/\",\"name\":\"A neutralidade nas escolas -\",\"isPartOf\":{\"@id\":\"https:\\\/\\\/www.anovapeneira.gal\\\/#website\"},\"primaryImageOfPage\":{\"@id\":\"https:\\\/\\\/www.anovapeneira.gal\\\/index.php\\\/2025\\\/06\\\/25\\\/a-neutralidade-nas-escolas\\\/#primaryimage\"},\"image\":{\"@id\":\"https:\\\/\\\/www.anovapeneira.gal\\\/index.php\\\/2025\\\/06\\\/25\\\/a-neutralidade-nas-escolas\\\/#primaryimage\"},\"thumbnailUrl\":\"https:\\\/\\\/www.anovapeneira.gal\\\/wp-content\\\/uploads\\\/2025\\\/06\\\/soraya_portela.jpg\",\"datePublished\":\"2025-06-25T08:00:23+00:00\",\"breadcrumb\":{\"@id\":\"https:\\\/\\\/www.anovapeneira.gal\\\/index.php\\\/2025\\\/06\\\/25\\\/a-neutralidade-nas-escolas\\\/#breadcrumb\"},\"inLanguage\":\"gl-ES\",\"potentialAction\":[{\"@type\":\"ReadAction\",\"target\":[\"https:\\\/\\\/www.anovapeneira.gal\\\/index.php\\\/2025\\\/06\\\/25\\\/a-neutralidade-nas-escolas\\\/\"]}]},{\"@type\":\"ImageObject\",\"inLanguage\":\"gl-ES\",\"@id\":\"https:\\\/\\\/www.anovapeneira.gal\\\/index.php\\\/2025\\\/06\\\/25\\\/a-neutralidade-nas-escolas\\\/#primaryimage\",\"url\":\"https:\\\/\\\/www.anovapeneira.gal\\\/wp-content\\\/uploads\\\/2025\\\/06\\\/soraya_portela.jpg\",\"contentUrl\":\"https:\\\/\\\/www.anovapeneira.gal\\\/wp-content\\\/uploads\\\/2025\\\/06\\\/soraya_portela.jpg\",\"width\":720,\"height\":432},{\"@type\":\"BreadcrumbList\",\"@id\":\"https:\\\/\\\/www.anovapeneira.gal\\\/index.php\\\/2025\\\/06\\\/25\\\/a-neutralidade-nas-escolas\\\/#breadcrumb\",\"itemListElement\":[{\"@type\":\"ListItem\",\"position\":1,\"name\":\"Portada\",\"item\":\"https:\\\/\\\/www.anovapeneira.gal\\\/\"},{\"@type\":\"ListItem\",\"position\":2,\"name\":\"A neutralidade nas escolas\"}]},{\"@type\":\"WebSite\",\"@id\":\"https:\\\/\\\/www.anovapeneira.gal\\\/#website\",\"url\":\"https:\\\/\\\/www.anovapeneira.gal\\\/\",\"name\":\"\",\"description\":\"Xornal galego de informaci\u00f3n xeral Publicaci\u00f3n mensual de novas de Galicia e en especial dos Concellos da sur da provincia de Pontevedra.\",\"publisher\":{\"@id\":\"https:\\\/\\\/www.anovapeneira.gal\\\/#organization\"},\"potentialAction\":[{\"@type\":\"SearchAction\",\"target\":{\"@type\":\"EntryPoint\",\"urlTemplate\":\"https:\\\/\\\/www.anovapeneira.gal\\\/?s={search_term_string}\"},\"query-input\":{\"@type\":\"PropertyValueSpecification\",\"valueRequired\":true,\"valueName\":\"search_term_string\"}}],\"inLanguage\":\"gl-ES\"},{\"@type\":\"Organization\",\"@id\":\"https:\\\/\\\/www.anovapeneira.gal\\\/#organization\",\"name\":\"A Nova Peneira\",\"url\":\"https:\\\/\\\/www.anovapeneira.gal\\\/\",\"logo\":{\"@type\":\"ImageObject\",\"inLanguage\":\"gl-ES\",\"@id\":\"https:\\\/\\\/www.anovapeneira.gal\\\/#\\\/schema\\\/logo\\\/image\\\/\",\"url\":\"http:\\\/\\\/www.anovapeneira.gal\\\/wp-content\\\/uploads\\\/2019\\\/06\\\/logo_a_nova_peneira_portal_web.png\",\"contentUrl\":\"http:\\\/\\\/www.anovapeneira.gal\\\/wp-content\\\/uploads\\\/2019\\\/06\\\/logo_a_nova_peneira_portal_web.png\",\"width\":300,\"height\":100,\"caption\":\"A Nova Peneira\"},\"image\":{\"@id\":\"https:\\\/\\\/www.anovapeneira.gal\\\/#\\\/schema\\\/logo\\\/image\\\/\"},\"sameAs\":[\"https:\\\/\\\/www.facebook.com\\\/anovapeneira\",\"https:\\\/\\\/x.com\\\/APeneira\"]},{\"@type\":\"Person\",\"@id\":\"https:\\\/\\\/www.anovapeneira.gal\\\/#\\\/schema\\\/person\\\/f18a4feb302e8f20bcef4490b5b60bb3\",\"name\":\"Artigos Opini\u00f3n\",\"image\":{\"@type\":\"ImageObject\",\"inLanguage\":\"gl-ES\",\"@id\":\"https:\\\/\\\/secure.gravatar.com\\\/avatar\\\/072844300f4881150aee2da4278f7a65d16eefdf8262eb67085f1e702de2b959?s=96&d=mm&r=g\",\"url\":\"https:\\\/\\\/secure.gravatar.com\\\/avatar\\\/072844300f4881150aee2da4278f7a65d16eefdf8262eb67085f1e702de2b959?s=96&d=mm&r=g\",\"contentUrl\":\"https:\\\/\\\/secure.gravatar.com\\\/avatar\\\/072844300f4881150aee2da4278f7a65d16eefdf8262eb67085f1e702de2b959?s=96&d=mm&r=g\",\"caption\":\"Artigos Opini\u00f3n\"},\"sameAs\":[\"http:\\\/\\\/anovapeneira.gal\"],\"url\":\"https:\\\/\\\/www.anovapeneira.gal\\\/index.php\\\/author\\\/artigosopinion\\\/\"}]}<\/script>\n<!-- \/ Yoast SEO plugin. -->","yoast_head_json":{"title":"A neutralidade nas escolas -","robots":{"index":"index","follow":"follow","max-snippet":"max-snippet:-1","max-image-preview":"max-image-preview:large","max-video-preview":"max-video-preview:-1"},"canonical":"https:\/\/www.anovapeneira.gal\/index.php\/2025\/06\/25\/a-neutralidade-nas-escolas\/","og_locale":"gl_ES","og_type":"article","og_title":"A neutralidade nas escolas -","og_description":"A primeiros do mes de xu\u00f1o, o Conselleiro de Educaci\u00f3n, Rom\u00e1n Rodr\u00edguez, sorprend\u00edanos cunha nova ocorrencia. Os centros educativos deben ser neutrais. E todas e todos nos preguntamos que quer\u00eda dicir con iso [...]","og_url":"https:\/\/www.anovapeneira.gal\/index.php\/2025\/06\/25\/a-neutralidade-nas-escolas\/","article_publisher":"https:\/\/www.facebook.com\/anovapeneira","article_published_time":"2025-06-25T08:00:23+00:00","og_image":[{"width":720,"height":432,"url":"https:\/\/www.anovapeneira.gal\/wp-content\/uploads\/2025\/06\/soraya_portela.jpg","type":"image\/jpeg"}],"author":"Artigos Opini\u00f3n","twitter_card":"summary_large_image","twitter_creator":"@APeneira","twitter_site":"@APeneira","twitter_misc":{"Escrito por":"Artigos Opini\u00f3n","Tempo de lectura":"5 minutos"},"schema":{"@context":"https:\/\/schema.org","@graph":[{"@type":"Article","@id":"https:\/\/www.anovapeneira.gal\/index.php\/2025\/06\/25\/a-neutralidade-nas-escolas\/#article","isPartOf":{"@id":"https:\/\/www.anovapeneira.gal\/index.php\/2025\/06\/25\/a-neutralidade-nas-escolas\/"},"author":{"name":"Artigos Opini\u00f3n","@id":"https:\/\/www.anovapeneira.gal\/#\/schema\/person\/f18a4feb302e8f20bcef4490b5b60bb3"},"headline":"A neutralidade nas escolas","datePublished":"2025-06-25T08:00:23+00:00","mainEntityOfPage":{"@id":"https:\/\/www.anovapeneira.gal\/index.php\/2025\/06\/25\/a-neutralidade-nas-escolas\/"},"wordCount":825,"commentCount":0,"publisher":{"@id":"https:\/\/www.anovapeneira.gal\/#organization"},"image":{"@id":"https:\/\/www.anovapeneira.gal\/index.php\/2025\/06\/25\/a-neutralidade-nas-escolas\/#primaryimage"},"thumbnailUrl":"https:\/\/www.anovapeneira.gal\/wp-content\/uploads\/2025\/06\/soraya_portela.jpg","keywords":["Concello do Porri\u00f1o"],"articleSection":["Artigos de opini\u00f3n"],"inLanguage":"gl-ES","potentialAction":[{"@type":"CommentAction","name":"Comment","target":["https:\/\/www.anovapeneira.gal\/index.php\/2025\/06\/25\/a-neutralidade-nas-escolas\/#respond"]}]},{"@type":"WebPage","@id":"https:\/\/www.anovapeneira.gal\/index.php\/2025\/06\/25\/a-neutralidade-nas-escolas\/","url":"https:\/\/www.anovapeneira.gal\/index.php\/2025\/06\/25\/a-neutralidade-nas-escolas\/","name":"A neutralidade nas escolas -","isPartOf":{"@id":"https:\/\/www.anovapeneira.gal\/#website"},"primaryImageOfPage":{"@id":"https:\/\/www.anovapeneira.gal\/index.php\/2025\/06\/25\/a-neutralidade-nas-escolas\/#primaryimage"},"image":{"@id":"https:\/\/www.anovapeneira.gal\/index.php\/2025\/06\/25\/a-neutralidade-nas-escolas\/#primaryimage"},"thumbnailUrl":"https:\/\/www.anovapeneira.gal\/wp-content\/uploads\/2025\/06\/soraya_portela.jpg","datePublished":"2025-06-25T08:00:23+00:00","breadcrumb":{"@id":"https:\/\/www.anovapeneira.gal\/index.php\/2025\/06\/25\/a-neutralidade-nas-escolas\/#breadcrumb"},"inLanguage":"gl-ES","potentialAction":[{"@type":"ReadAction","target":["https:\/\/www.anovapeneira.gal\/index.php\/2025\/06\/25\/a-neutralidade-nas-escolas\/"]}]},{"@type":"ImageObject","inLanguage":"gl-ES","@id":"https:\/\/www.anovapeneira.gal\/index.php\/2025\/06\/25\/a-neutralidade-nas-escolas\/#primaryimage","url":"https:\/\/www.anovapeneira.gal\/wp-content\/uploads\/2025\/06\/soraya_portela.jpg","contentUrl":"https:\/\/www.anovapeneira.gal\/wp-content\/uploads\/2025\/06\/soraya_portela.jpg","width":720,"height":432},{"@type":"BreadcrumbList","@id":"https:\/\/www.anovapeneira.gal\/index.php\/2025\/06\/25\/a-neutralidade-nas-escolas\/#breadcrumb","itemListElement":[{"@type":"ListItem","position":1,"name":"Portada","item":"https:\/\/www.anovapeneira.gal\/"},{"@type":"ListItem","position":2,"name":"A neutralidade nas escolas"}]},{"@type":"WebSite","@id":"https:\/\/www.anovapeneira.gal\/#website","url":"https:\/\/www.anovapeneira.gal\/","name":"","description":"Xornal galego de informaci\u00f3n xeral Publicaci\u00f3n mensual de novas de Galicia e en especial dos Concellos da sur da provincia de Pontevedra.","publisher":{"@id":"https:\/\/www.anovapeneira.gal\/#organization"},"potentialAction":[{"@type":"SearchAction","target":{"@type":"EntryPoint","urlTemplate":"https:\/\/www.anovapeneira.gal\/?s={search_term_string}"},"query-input":{"@type":"PropertyValueSpecification","valueRequired":true,"valueName":"search_term_string"}}],"inLanguage":"gl-ES"},{"@type":"Organization","@id":"https:\/\/www.anovapeneira.gal\/#organization","name":"A Nova Peneira","url":"https:\/\/www.anovapeneira.gal\/","logo":{"@type":"ImageObject","inLanguage":"gl-ES","@id":"https:\/\/www.anovapeneira.gal\/#\/schema\/logo\/image\/","url":"http:\/\/www.anovapeneira.gal\/wp-content\/uploads\/2019\/06\/logo_a_nova_peneira_portal_web.png","contentUrl":"http:\/\/www.anovapeneira.gal\/wp-content\/uploads\/2019\/06\/logo_a_nova_peneira_portal_web.png","width":300,"height":100,"caption":"A Nova Peneira"},"image":{"@id":"https:\/\/www.anovapeneira.gal\/#\/schema\/logo\/image\/"},"sameAs":["https:\/\/www.facebook.com\/anovapeneira","https:\/\/x.com\/APeneira"]},{"@type":"Person","@id":"https:\/\/www.anovapeneira.gal\/#\/schema\/person\/f18a4feb302e8f20bcef4490b5b60bb3","name":"Artigos Opini\u00f3n","image":{"@type":"ImageObject","inLanguage":"gl-ES","@id":"https:\/\/secure.gravatar.com\/avatar\/072844300f4881150aee2da4278f7a65d16eefdf8262eb67085f1e702de2b959?s=96&d=mm&r=g","url":"https:\/\/secure.gravatar.com\/avatar\/072844300f4881150aee2da4278f7a65d16eefdf8262eb67085f1e702de2b959?s=96&d=mm&r=g","contentUrl":"https:\/\/secure.gravatar.com\/avatar\/072844300f4881150aee2da4278f7a65d16eefdf8262eb67085f1e702de2b959?s=96&d=mm&r=g","caption":"Artigos Opini\u00f3n"},"sameAs":["http:\/\/anovapeneira.gal"],"url":"https:\/\/www.anovapeneira.gal\/index.php\/author\/artigosopinion\/"}]}},"jetpack_featured_media_url":"https:\/\/www.anovapeneira.gal\/wp-content\/uploads\/2025\/06\/soraya_portela.jpg","_links":{"self":[{"href":"https:\/\/www.anovapeneira.gal\/index.php\/wp-json\/wp\/v2\/posts\/14102","targetHints":{"allow":["GET"]}}],"collection":[{"href":"https:\/\/www.anovapeneira.gal\/index.php\/wp-json\/wp\/v2\/posts"}],"about":[{"href":"https:\/\/www.anovapeneira.gal\/index.php\/wp-json\/wp\/v2\/types\/post"}],"author":[{"embeddable":true,"href":"https:\/\/www.anovapeneira.gal\/index.php\/wp-json\/wp\/v2\/users\/12"}],"replies":[{"embeddable":true,"href":"https:\/\/www.anovapeneira.gal\/index.php\/wp-json\/wp\/v2\/comments?post=14102"}],"version-history":[{"count":1,"href":"https:\/\/www.anovapeneira.gal\/index.php\/wp-json\/wp\/v2\/posts\/14102\/revisions"}],"predecessor-version":[{"id":14104,"href":"https:\/\/www.anovapeneira.gal\/index.php\/wp-json\/wp\/v2\/posts\/14102\/revisions\/14104"}],"wp:featuredmedia":[{"embeddable":true,"href":"https:\/\/www.anovapeneira.gal\/index.php\/wp-json\/wp\/v2\/media\/14103"}],"wp:attachment":[{"href":"https:\/\/www.anovapeneira.gal\/index.php\/wp-json\/wp\/v2\/media?parent=14102"}],"wp:term":[{"taxonomy":"category","embeddable":true,"href":"https:\/\/www.anovapeneira.gal\/index.php\/wp-json\/wp\/v2\/categories?post=14102"},{"taxonomy":"post_tag","embeddable":true,"href":"https:\/\/www.anovapeneira.gal\/index.php\/wp-json\/wp\/v2\/tags?post=14102"}],"curies":[{"name":"wp","href":"https:\/\/api.w.org\/{rel}","templated":true}]}}