{"id":14108,"date":"2025-06-26T10:00:12","date_gmt":"2025-06-26T08:00:12","guid":{"rendered":"https:\/\/www.anovapeneira.gal\/?p=14108"},"modified":"2025-06-25T08:29:51","modified_gmt":"2025-06-25T06:29:51","slug":"o-renovado-pavillon-da-carballa-convertese-en-referente-deportivo-e-educativo-en-tomino","status":"publish","type":"post","link":"https:\/\/www.anovapeneira.gal\/index.php\/2025\/06\/26\/o-renovado-pavillon-da-carballa-convertese-en-referente-deportivo-e-educativo-en-tomino\/","title":{"rendered":"O renovado pavill\u00f3n da Carballa conv\u00e9rtese en referente deportivo e educativo en Tomi\u00f1o"},"content":{"rendered":"\n<h2 class=\"wp-block-heading\"><strong>A reforma integral do espazo, xa rematada e cun investimento de preto de 400.000\u20ac, mellorou a eficiencia enerx\u00e9tica e a seguridade de usuarios e usuarias<\/strong><\/h2>\n\n\n\n<p><strong>Tomi\u00f1o, 21 de xu\u00f1o de 2024.<\/strong><\/p>\n\n\n\n<p>O pavill\u00f3n da Carballa d\u00e1 un gran salto de calidade para converterse en referente deportivo e educativo de Tomi\u00f1o. Tras unha profunda reforma integral, o Concello estrea unhas instalaci\u00f3ns modernas adaptadas \u00e1s necesidades actuais dun pavill\u00f3n empregado por centos de estudantes e deportistas, uns traballos de reforma que permitiron mellorar a s\u00faa funcionalidade e optimizar a s\u00faa eficiencia enerx\u00e9tica ofrecendo unha contorna m\u00e1is sostible, c\u00f3moda e confortable para usuarios e usuarias.<\/p>\n\n\n\n<p>A actuaci\u00f3n, cun investimento de arredor de 400.000 euros, transformou por completo este espazo clave para o municipio. Os traballos inclu\u00edron a renovaci\u00f3n do pavimento por un solo \u00e1rea el\u00e1stico de madeira de faia, dese\u00f1ado para a pr\u00e1ctica deportiva, e a instalaci\u00f3n de luminarias de baixo consumo e un marcador electr\u00f3nico de \u00faltima xeraci\u00f3n. A renovaci\u00f3n da cuberta permitiu solucionar de maneira definitiva os problemas de filtraci\u00f3n e mellorar o illamento t\u00e9rmico do pavill\u00f3n, alongando a s\u00faa vida \u00fatil e contribu\u00edndo ao aforro enerx\u00e9tico.<\/p>\n\n\n\n<p>A alcaldesa de Tomi\u00f1o, Sandra Gonz\u00e1lez, amosouse satisfeita co resultado dunha obra longamente demandada pola comunidade educativa e deportiva do municipio.<br>\u201cEste proxecto reflicte o noso firme compromiso coa mellora das infraestruturas municipais e a prioridade que damos ao benestar das persoas. A reforma do pavill\u00f3n da Carballa era unha demanda constante e hoxe xa temos a disposici\u00f3n de usuarios e usuarias un espazo completamente renovado e m\u00e1is seguro\u201d, recalcou.<\/p>\n\n\n\n<p>Pola s\u00faa banda, o concelleiro de Deportes, Rub\u00e9n Garc\u00eda, destacou a importancia desta infraestrutura para a actividade deportiva e educativa do concello, xa que \u201ca modernizaci\u00f3n do pavill\u00f3n sup\u00f3n un antes e un despois para Tomi\u00f1o. Ga\u00f1amos en calidade, en eficiencia e en confort para todas e todos. \u00c9 unha aposta clara por un deporte e unha educaci\u00f3n de base en espazos seguros e adaptados aos tempos\u201d.<\/p>\n\n\n\n<p>A alcaldesa agradeceu ao IES Ant\u00f3n Alonso R\u00edos e a toda a comunidade educativa e deportiva a s\u00faa colaboraci\u00f3n e comprensi\u00f3n durante as obras e reafirmou que esta intervenci\u00f3n \u201cconsolida ao pavill\u00f3n da Carballa como un espazo de referencia, preparado para responder \u00e1s demandas deportivas e educativas de todas e todos\u201d.<\/p>\n\n\n\n<p>Para facer posible esta importante reforma, o Concello captou fondos da Deputaci\u00f3n de Pontevedra para cofinanciar as obras. Coa finalizaci\u00f3n destes traballos, Tomi\u00f1o d\u00e1 un paso m\u00e1is no fortalecemento dos seus servizos e infraestruturas, reafirmando a importancia de investir no futuro e no benestar da s\u00faa veci\u00f1anza.<\/p>\n","protected":false},"excerpt":{"rendered":"<div class=\"mh-excerpt\"><p>A reforma integral do espazo, xa rematada e cun investimento de preto de 400.000\u20ac, mellorou a eficiencia enerx\u00e9tica e a seguridade de usuarios e usuarias <a class=\"mh-excerpt-more\" href=\"https:\/\/www.anovapeneira.gal\/index.php\/2025\/06\/26\/o-renovado-pavillon-da-carballa-convertese-en-referente-deportivo-e-educativo-en-tomino\/\" title=\"O renovado pavill\u00f3n da Carballa conv\u00e9rtese en referente deportivo e educativo en Tomi\u00f1o\">[&#8230;]<\/a><\/p>\n<\/div>","protected":false},"author":3,"featured_media":14109,"comment_status":"open","ping_status":"open","sticky":false,"template":"","format":"standard","meta":{"_exactmetrics_skip_tracking":false,"_exactmetrics_sitenote_active":false,"_exactmetrics_sitenote_note":"","_exactmetrics_sitenote_category":0,"footnotes":""},"categories":[21],"tags":[81],"class_list":{"0":"post-14108","1":"post","2":"type-post","3":"status-publish","4":"format-standard","5":"has-post-thumbnail","7":"category-baixo-mino","8":"tag-concello-de-tomino"},"yoast_head":"<!-- This site is optimized with the Yoast SEO plugin v27.4 - https:\/\/yoast.com\/product\/yoast-seo-wordpress\/ -->\n<title>O renovado pavill\u00f3n da Carballa conv\u00e9rtese en referente deportivo e educativo en Tomi\u00f1o -<\/title>\n<meta name=\"robots\" content=\"index, follow, max-snippet:-1, max-image-preview:large, max-video-preview:-1\" \/>\n<link rel=\"canonical\" href=\"https:\/\/www.anovapeneira.gal\/index.php\/2025\/06\/26\/o-renovado-pavillon-da-carballa-convertese-en-referente-deportivo-e-educativo-en-tomino\/\" \/>\n<meta property=\"og:locale\" content=\"gl_ES\" \/>\n<meta property=\"og:type\" content=\"article\" \/>\n<meta property=\"og:title\" content=\"O renovado pavill\u00f3n da Carballa conv\u00e9rtese en referente deportivo e educativo en Tomi\u00f1o -\" \/>\n<meta property=\"og:description\" content=\"A reforma integral do espazo, xa rematada e cun investimento de preto de 400.000\u20ac, mellorou a eficiencia enerx\u00e9tica e a seguridade de usuarios e usuarias [...]\" \/>\n<meta property=\"og:url\" content=\"https:\/\/www.anovapeneira.gal\/index.php\/2025\/06\/26\/o-renovado-pavillon-da-carballa-convertese-en-referente-deportivo-e-educativo-en-tomino\/\" \/>\n<meta property=\"article:publisher\" content=\"https:\/\/www.facebook.com\/anovapeneira\" \/>\n<meta property=\"article:published_time\" content=\"2025-06-26T08:00:12+00:00\" \/>\n<meta property=\"og:image\" content=\"https:\/\/www.anovapeneira.gal\/wp-content\/uploads\/2025\/06\/tominho_pabellon-scaled.jpg\" \/>\n\t<meta property=\"og:image:width\" content=\"2560\" \/>\n\t<meta property=\"og:image:height\" content=\"1536\" \/>\n\t<meta property=\"og:image:type\" content=\"image\/jpeg\" \/>\n<meta name=\"author\" content=\"Redacci\u00f3n A Nova Peneira\" \/>\n<meta name=\"twitter:card\" content=\"summary_large_image\" \/>\n<meta name=\"twitter:creator\" content=\"@APeneira\" \/>\n<meta name=\"twitter:site\" content=\"@APeneira\" \/>\n<meta name=\"twitter:label1\" content=\"Escrito por\" \/>\n\t<meta name=\"twitter:data1\" content=\"Redacci\u00f3n A Nova Peneira\" \/>\n\t<meta name=\"twitter:label2\" content=\"Tempo de lectura\" \/>\n\t<meta name=\"twitter:data2\" content=\"3 minutos\" \/>\n<script type=\"application\/ld+json\" class=\"yoast-schema-graph\">{\"@context\":\"https:\\\/\\\/schema.org\",\"@graph\":[{\"@type\":\"Article\",\"@id\":\"https:\\\/\\\/www.anovapeneira.gal\\\/index.php\\\/2025\\\/06\\\/26\\\/o-renovado-pavillon-da-carballa-convertese-en-referente-deportivo-e-educativo-en-tomino\\\/#article\",\"isPartOf\":{\"@id\":\"https:\\\/\\\/www.anovapeneira.gal\\\/index.php\\\/2025\\\/06\\\/26\\\/o-renovado-pavillon-da-carballa-convertese-en-referente-deportivo-e-educativo-en-tomino\\\/\"},\"author\":{\"name\":\"Redacci\u00f3n A Nova Peneira\",\"@id\":\"https:\\\/\\\/www.anovapeneira.gal\\\/#\\\/schema\\\/person\\\/b93e3f8932e3f8da96334607eb6ac6aa\"},\"headline\":\"O renovado pavill\u00f3n da Carballa conv\u00e9rtese en referente deportivo e educativo en Tomi\u00f1o\",\"datePublished\":\"2025-06-26T08:00:12+00:00\",\"mainEntityOfPage\":{\"@id\":\"https:\\\/\\\/www.anovapeneira.gal\\\/index.php\\\/2025\\\/06\\\/26\\\/o-renovado-pavillon-da-carballa-convertese-en-referente-deportivo-e-educativo-en-tomino\\\/\"},\"wordCount\":487,\"commentCount\":0,\"publisher\":{\"@id\":\"https:\\\/\\\/www.anovapeneira.gal\\\/#organization\"},\"image\":{\"@id\":\"https:\\\/\\\/www.anovapeneira.gal\\\/index.php\\\/2025\\\/06\\\/26\\\/o-renovado-pavillon-da-carballa-convertese-en-referente-deportivo-e-educativo-en-tomino\\\/#primaryimage\"},\"thumbnailUrl\":\"https:\\\/\\\/www.anovapeneira.gal\\\/wp-content\\\/uploads\\\/2025\\\/06\\\/tominho_pabellon-scaled.jpg\",\"keywords\":[\"Concello de Tomi\u00f1o\"],\"articleSection\":[\"Baixo Mi\u00f1o\"],\"inLanguage\":\"gl-ES\",\"potentialAction\":[{\"@type\":\"CommentAction\",\"name\":\"Comment\",\"target\":[\"https:\\\/\\\/www.anovapeneira.gal\\\/index.php\\\/2025\\\/06\\\/26\\\/o-renovado-pavillon-da-carballa-convertese-en-referente-deportivo-e-educativo-en-tomino\\\/#respond\"]}]},{\"@type\":\"WebPage\",\"@id\":\"https:\\\/\\\/www.anovapeneira.gal\\\/index.php\\\/2025\\\/06\\\/26\\\/o-renovado-pavillon-da-carballa-convertese-en-referente-deportivo-e-educativo-en-tomino\\\/\",\"url\":\"https:\\\/\\\/www.anovapeneira.gal\\\/index.php\\\/2025\\\/06\\\/26\\\/o-renovado-pavillon-da-carballa-convertese-en-referente-deportivo-e-educativo-en-tomino\\\/\",\"name\":\"O renovado pavill\u00f3n da Carballa conv\u00e9rtese en referente deportivo e educativo en Tomi\u00f1o -\",\"isPartOf\":{\"@id\":\"https:\\\/\\\/www.anovapeneira.gal\\\/#website\"},\"primaryImageOfPage\":{\"@id\":\"https:\\\/\\\/www.anovapeneira.gal\\\/index.php\\\/2025\\\/06\\\/26\\\/o-renovado-pavillon-da-carballa-convertese-en-referente-deportivo-e-educativo-en-tomino\\\/#primaryimage\"},\"image\":{\"@id\":\"https:\\\/\\\/www.anovapeneira.gal\\\/index.php\\\/2025\\\/06\\\/26\\\/o-renovado-pavillon-da-carballa-convertese-en-referente-deportivo-e-educativo-en-tomino\\\/#primaryimage\"},\"thumbnailUrl\":\"https:\\\/\\\/www.anovapeneira.gal\\\/wp-content\\\/uploads\\\/2025\\\/06\\\/tominho_pabellon-scaled.jpg\",\"datePublished\":\"2025-06-26T08:00:12+00:00\",\"breadcrumb\":{\"@id\":\"https:\\\/\\\/www.anovapeneira.gal\\\/index.php\\\/2025\\\/06\\\/26\\\/o-renovado-pavillon-da-carballa-convertese-en-referente-deportivo-e-educativo-en-tomino\\\/#breadcrumb\"},\"inLanguage\":\"gl-ES\",\"potentialAction\":[{\"@type\":\"ReadAction\",\"target\":[\"https:\\\/\\\/www.anovapeneira.gal\\\/index.php\\\/2025\\\/06\\\/26\\\/o-renovado-pavillon-da-carballa-convertese-en-referente-deportivo-e-educativo-en-tomino\\\/\"]}]},{\"@type\":\"ImageObject\",\"inLanguage\":\"gl-ES\",\"@id\":\"https:\\\/\\\/www.anovapeneira.gal\\\/index.php\\\/2025\\\/06\\\/26\\\/o-renovado-pavillon-da-carballa-convertese-en-referente-deportivo-e-educativo-en-tomino\\\/#primaryimage\",\"url\":\"https:\\\/\\\/www.anovapeneira.gal\\\/wp-content\\\/uploads\\\/2025\\\/06\\\/tominho_pabellon-scaled.jpg\",\"contentUrl\":\"https:\\\/\\\/www.anovapeneira.gal\\\/wp-content\\\/uploads\\\/2025\\\/06\\\/tominho_pabellon-scaled.jpg\",\"width\":2560,\"height\":1536,\"caption\":\"Pavill\u00f3n Carballa\"},{\"@type\":\"BreadcrumbList\",\"@id\":\"https:\\\/\\\/www.anovapeneira.gal\\\/index.php\\\/2025\\\/06\\\/26\\\/o-renovado-pavillon-da-carballa-convertese-en-referente-deportivo-e-educativo-en-tomino\\\/#breadcrumb\",\"itemListElement\":[{\"@type\":\"ListItem\",\"position\":1,\"name\":\"Portada\",\"item\":\"https:\\\/\\\/www.anovapeneira.gal\\\/\"},{\"@type\":\"ListItem\",\"position\":2,\"name\":\"O renovado pavill\u00f3n da Carballa conv\u00e9rtese en referente deportivo e educativo en Tomi\u00f1o\"}]},{\"@type\":\"WebSite\",\"@id\":\"https:\\\/\\\/www.anovapeneira.gal\\\/#website\",\"url\":\"https:\\\/\\\/www.anovapeneira.gal\\\/\",\"name\":\"\",\"description\":\"Xornal galego de informaci\u00f3n xeral Publicaci\u00f3n mensual de novas de Galicia e en especial dos Concellos da sur da provincia de Pontevedra.\",\"publisher\":{\"@id\":\"https:\\\/\\\/www.anovapeneira.gal\\\/#organization\"},\"potentialAction\":[{\"@type\":\"SearchAction\",\"target\":{\"@type\":\"EntryPoint\",\"urlTemplate\":\"https:\\\/\\\/www.anovapeneira.gal\\\/?s={search_term_string}\"},\"query-input\":{\"@type\":\"PropertyValueSpecification\",\"valueRequired\":true,\"valueName\":\"search_term_string\"}}],\"inLanguage\":\"gl-ES\"},{\"@type\":\"Organization\",\"@id\":\"https:\\\/\\\/www.anovapeneira.gal\\\/#organization\",\"name\":\"A Nova Peneira\",\"url\":\"https:\\\/\\\/www.anovapeneira.gal\\\/\",\"logo\":{\"@type\":\"ImageObject\",\"inLanguage\":\"gl-ES\",\"@id\":\"https:\\\/\\\/www.anovapeneira.gal\\\/#\\\/schema\\\/logo\\\/image\\\/\",\"url\":\"http:\\\/\\\/www.anovapeneira.gal\\\/wp-content\\\/uploads\\\/2019\\\/06\\\/logo_a_nova_peneira_portal_web.png\",\"contentUrl\":\"http:\\\/\\\/www.anovapeneira.gal\\\/wp-content\\\/uploads\\\/2019\\\/06\\\/logo_a_nova_peneira_portal_web.png\",\"width\":300,\"height\":100,\"caption\":\"A Nova Peneira\"},\"image\":{\"@id\":\"https:\\\/\\\/www.anovapeneira.gal\\\/#\\\/schema\\\/logo\\\/image\\\/\"},\"sameAs\":[\"https:\\\/\\\/www.facebook.com\\\/anovapeneira\",\"https:\\\/\\\/x.com\\\/APeneira\"]},{\"@type\":\"Person\",\"@id\":\"https:\\\/\\\/www.anovapeneira.gal\\\/#\\\/schema\\\/person\\\/b93e3f8932e3f8da96334607eb6ac6aa\",\"name\":\"Redacci\u00f3n A Nova Peneira\",\"image\":{\"@type\":\"ImageObject\",\"inLanguage\":\"gl-ES\",\"@id\":\"https:\\\/\\\/secure.gravatar.com\\\/avatar\\\/c052a2551a06e23fac63626232eaa90abd78dbcf1700fc46a2b2c89fd27b735f?s=96&d=mm&r=g\",\"url\":\"https:\\\/\\\/secure.gravatar.com\\\/avatar\\\/c052a2551a06e23fac63626232eaa90abd78dbcf1700fc46a2b2c89fd27b735f?s=96&d=mm&r=g\",\"contentUrl\":\"https:\\\/\\\/secure.gravatar.com\\\/avatar\\\/c052a2551a06e23fac63626232eaa90abd78dbcf1700fc46a2b2c89fd27b735f?s=96&d=mm&r=g\",\"caption\":\"Redacci\u00f3n A Nova Peneira\"},\"sameAs\":[\"http:\\\/\\\/www.anovapeneira.gal\\\/\"],\"url\":\"https:\\\/\\\/www.anovapeneira.gal\\\/index.php\\\/author\\\/redactor\\\/\"}]}<\/script>\n<!-- \/ Yoast SEO plugin. -->","yoast_head_json":{"title":"O renovado pavill\u00f3n da Carballa conv\u00e9rtese en referente deportivo e educativo en Tomi\u00f1o -","robots":{"index":"index","follow":"follow","max-snippet":"max-snippet:-1","max-image-preview":"max-image-preview:large","max-video-preview":"max-video-preview:-1"},"canonical":"https:\/\/www.anovapeneira.gal\/index.php\/2025\/06\/26\/o-renovado-pavillon-da-carballa-convertese-en-referente-deportivo-e-educativo-en-tomino\/","og_locale":"gl_ES","og_type":"article","og_title":"O renovado pavill\u00f3n da Carballa conv\u00e9rtese en referente deportivo e educativo en Tomi\u00f1o -","og_description":"A reforma integral do espazo, xa rematada e cun investimento de preto de 400.000\u20ac, mellorou a eficiencia enerx\u00e9tica e a seguridade de usuarios e usuarias [...]","og_url":"https:\/\/www.anovapeneira.gal\/index.php\/2025\/06\/26\/o-renovado-pavillon-da-carballa-convertese-en-referente-deportivo-e-educativo-en-tomino\/","article_publisher":"https:\/\/www.facebook.com\/anovapeneira","article_published_time":"2025-06-26T08:00:12+00:00","og_image":[{"width":2560,"height":1536,"url":"https:\/\/www.anovapeneira.gal\/wp-content\/uploads\/2025\/06\/tominho_pabellon-scaled.jpg","type":"image\/jpeg"}],"author":"Redacci\u00f3n A Nova Peneira","twitter_card":"summary_large_image","twitter_creator":"@APeneira","twitter_site":"@APeneira","twitter_misc":{"Escrito por":"Redacci\u00f3n A Nova Peneira","Tempo de lectura":"3 minutos"},"schema":{"@context":"https:\/\/schema.org","@graph":[{"@type":"Article","@id":"https:\/\/www.anovapeneira.gal\/index.php\/2025\/06\/26\/o-renovado-pavillon-da-carballa-convertese-en-referente-deportivo-e-educativo-en-tomino\/#article","isPartOf":{"@id":"https:\/\/www.anovapeneira.gal\/index.php\/2025\/06\/26\/o-renovado-pavillon-da-carballa-convertese-en-referente-deportivo-e-educativo-en-tomino\/"},"author":{"name":"Redacci\u00f3n A Nova Peneira","@id":"https:\/\/www.anovapeneira.gal\/#\/schema\/person\/b93e3f8932e3f8da96334607eb6ac6aa"},"headline":"O renovado pavill\u00f3n da Carballa conv\u00e9rtese en referente deportivo e educativo en Tomi\u00f1o","datePublished":"2025-06-26T08:00:12+00:00","mainEntityOfPage":{"@id":"https:\/\/www.anovapeneira.gal\/index.php\/2025\/06\/26\/o-renovado-pavillon-da-carballa-convertese-en-referente-deportivo-e-educativo-en-tomino\/"},"wordCount":487,"commentCount":0,"publisher":{"@id":"https:\/\/www.anovapeneira.gal\/#organization"},"image":{"@id":"https:\/\/www.anovapeneira.gal\/index.php\/2025\/06\/26\/o-renovado-pavillon-da-carballa-convertese-en-referente-deportivo-e-educativo-en-tomino\/#primaryimage"},"thumbnailUrl":"https:\/\/www.anovapeneira.gal\/wp-content\/uploads\/2025\/06\/tominho_pabellon-scaled.jpg","keywords":["Concello de Tomi\u00f1o"],"articleSection":["Baixo Mi\u00f1o"],"inLanguage":"gl-ES","potentialAction":[{"@type":"CommentAction","name":"Comment","target":["https:\/\/www.anovapeneira.gal\/index.php\/2025\/06\/26\/o-renovado-pavillon-da-carballa-convertese-en-referente-deportivo-e-educativo-en-tomino\/#respond"]}]},{"@type":"WebPage","@id":"https:\/\/www.anovapeneira.gal\/index.php\/2025\/06\/26\/o-renovado-pavillon-da-carballa-convertese-en-referente-deportivo-e-educativo-en-tomino\/","url":"https:\/\/www.anovapeneira.gal\/index.php\/2025\/06\/26\/o-renovado-pavillon-da-carballa-convertese-en-referente-deportivo-e-educativo-en-tomino\/","name":"O renovado pavill\u00f3n da Carballa conv\u00e9rtese en referente deportivo e educativo en Tomi\u00f1o -","isPartOf":{"@id":"https:\/\/www.anovapeneira.gal\/#website"},"primaryImageOfPage":{"@id":"https:\/\/www.anovapeneira.gal\/index.php\/2025\/06\/26\/o-renovado-pavillon-da-carballa-convertese-en-referente-deportivo-e-educativo-en-tomino\/#primaryimage"},"image":{"@id":"https:\/\/www.anovapeneira.gal\/index.php\/2025\/06\/26\/o-renovado-pavillon-da-carballa-convertese-en-referente-deportivo-e-educativo-en-tomino\/#primaryimage"},"thumbnailUrl":"https:\/\/www.anovapeneira.gal\/wp-content\/uploads\/2025\/06\/tominho_pabellon-scaled.jpg","datePublished":"2025-06-26T08:00:12+00:00","breadcrumb":{"@id":"https:\/\/www.anovapeneira.gal\/index.php\/2025\/06\/26\/o-renovado-pavillon-da-carballa-convertese-en-referente-deportivo-e-educativo-en-tomino\/#breadcrumb"},"inLanguage":"gl-ES","potentialAction":[{"@type":"ReadAction","target":["https:\/\/www.anovapeneira.gal\/index.php\/2025\/06\/26\/o-renovado-pavillon-da-carballa-convertese-en-referente-deportivo-e-educativo-en-tomino\/"]}]},{"@type":"ImageObject","inLanguage":"gl-ES","@id":"https:\/\/www.anovapeneira.gal\/index.php\/2025\/06\/26\/o-renovado-pavillon-da-carballa-convertese-en-referente-deportivo-e-educativo-en-tomino\/#primaryimage","url":"https:\/\/www.anovapeneira.gal\/wp-content\/uploads\/2025\/06\/tominho_pabellon-scaled.jpg","contentUrl":"https:\/\/www.anovapeneira.gal\/wp-content\/uploads\/2025\/06\/tominho_pabellon-scaled.jpg","width":2560,"height":1536,"caption":"Pavill\u00f3n Carballa"},{"@type":"BreadcrumbList","@id":"https:\/\/www.anovapeneira.gal\/index.php\/2025\/06\/26\/o-renovado-pavillon-da-carballa-convertese-en-referente-deportivo-e-educativo-en-tomino\/#breadcrumb","itemListElement":[{"@type":"ListItem","position":1,"name":"Portada","item":"https:\/\/www.anovapeneira.gal\/"},{"@type":"ListItem","position":2,"name":"O renovado pavill\u00f3n da Carballa conv\u00e9rtese en referente deportivo e educativo en Tomi\u00f1o"}]},{"@type":"WebSite","@id":"https:\/\/www.anovapeneira.gal\/#website","url":"https:\/\/www.anovapeneira.gal\/","name":"","description":"Xornal galego de informaci\u00f3n xeral Publicaci\u00f3n mensual de novas de Galicia e en especial dos Concellos da sur da provincia de Pontevedra.","publisher":{"@id":"https:\/\/www.anovapeneira.gal\/#organization"},"potentialAction":[{"@type":"SearchAction","target":{"@type":"EntryPoint","urlTemplate":"https:\/\/www.anovapeneira.gal\/?s={search_term_string}"},"query-input":{"@type":"PropertyValueSpecification","valueRequired":true,"valueName":"search_term_string"}}],"inLanguage":"gl-ES"},{"@type":"Organization","@id":"https:\/\/www.anovapeneira.gal\/#organization","name":"A Nova Peneira","url":"https:\/\/www.anovapeneira.gal\/","logo":{"@type":"ImageObject","inLanguage":"gl-ES","@id":"https:\/\/www.anovapeneira.gal\/#\/schema\/logo\/image\/","url":"http:\/\/www.anovapeneira.gal\/wp-content\/uploads\/2019\/06\/logo_a_nova_peneira_portal_web.png","contentUrl":"http:\/\/www.anovapeneira.gal\/wp-content\/uploads\/2019\/06\/logo_a_nova_peneira_portal_web.png","width":300,"height":100,"caption":"A Nova Peneira"},"image":{"@id":"https:\/\/www.anovapeneira.gal\/#\/schema\/logo\/image\/"},"sameAs":["https:\/\/www.facebook.com\/anovapeneira","https:\/\/x.com\/APeneira"]},{"@type":"Person","@id":"https:\/\/www.anovapeneira.gal\/#\/schema\/person\/b93e3f8932e3f8da96334607eb6ac6aa","name":"Redacci\u00f3n A Nova Peneira","image":{"@type":"ImageObject","inLanguage":"gl-ES","@id":"https:\/\/secure.gravatar.com\/avatar\/c052a2551a06e23fac63626232eaa90abd78dbcf1700fc46a2b2c89fd27b735f?s=96&d=mm&r=g","url":"https:\/\/secure.gravatar.com\/avatar\/c052a2551a06e23fac63626232eaa90abd78dbcf1700fc46a2b2c89fd27b735f?s=96&d=mm&r=g","contentUrl":"https:\/\/secure.gravatar.com\/avatar\/c052a2551a06e23fac63626232eaa90abd78dbcf1700fc46a2b2c89fd27b735f?s=96&d=mm&r=g","caption":"Redacci\u00f3n A Nova Peneira"},"sameAs":["http:\/\/www.anovapeneira.gal\/"],"url":"https:\/\/www.anovapeneira.gal\/index.php\/author\/redactor\/"}]}},"jetpack_featured_media_url":"https:\/\/www.anovapeneira.gal\/wp-content\/uploads\/2025\/06\/tominho_pabellon-scaled.jpg","_links":{"self":[{"href":"https:\/\/www.anovapeneira.gal\/index.php\/wp-json\/wp\/v2\/posts\/14108","targetHints":{"allow":["GET"]}}],"collection":[{"href":"https:\/\/www.anovapeneira.gal\/index.php\/wp-json\/wp\/v2\/posts"}],"about":[{"href":"https:\/\/www.anovapeneira.gal\/index.php\/wp-json\/wp\/v2\/types\/post"}],"author":[{"embeddable":true,"href":"https:\/\/www.anovapeneira.gal\/index.php\/wp-json\/wp\/v2\/users\/3"}],"replies":[{"embeddable":true,"href":"https:\/\/www.anovapeneira.gal\/index.php\/wp-json\/wp\/v2\/comments?post=14108"}],"version-history":[{"count":1,"href":"https:\/\/www.anovapeneira.gal\/index.php\/wp-json\/wp\/v2\/posts\/14108\/revisions"}],"predecessor-version":[{"id":14110,"href":"https:\/\/www.anovapeneira.gal\/index.php\/wp-json\/wp\/v2\/posts\/14108\/revisions\/14110"}],"wp:featuredmedia":[{"embeddable":true,"href":"https:\/\/www.anovapeneira.gal\/index.php\/wp-json\/wp\/v2\/media\/14109"}],"wp:attachment":[{"href":"https:\/\/www.anovapeneira.gal\/index.php\/wp-json\/wp\/v2\/media?parent=14108"}],"wp:term":[{"taxonomy":"category","embeddable":true,"href":"https:\/\/www.anovapeneira.gal\/index.php\/wp-json\/wp\/v2\/categories?post=14108"},{"taxonomy":"post_tag","embeddable":true,"href":"https:\/\/www.anovapeneira.gal\/index.php\/wp-json\/wp\/v2\/tags?post=14108"}],"curies":[{"name":"wp","href":"https:\/\/api.w.org\/{rel}","templated":true}]}}