{"id":14111,"date":"2025-06-26T12:00:30","date_gmt":"2025-06-26T10:00:30","guid":{"rendered":"https:\/\/www.anovapeneira.gal\/?p=14111"},"modified":"2025-06-25T08:36:53","modified_gmt":"2025-06-25T06:36:53","slug":"ponton-reivindica-os-gobernos-honrados-do-bng-nos-concellos-fronte-ao-descredito-do-bipartidismo-pola-corrupcion","status":"publish","type":"post","link":"https:\/\/www.anovapeneira.gal\/index.php\/2025\/06\/26\/ponton-reivindica-os-gobernos-honrados-do-bng-nos-concellos-fronte-ao-descredito-do-bipartidismo-pola-corrupcion\/","title":{"rendered":"Pont\u00f3n reivindica os gobernos honrados do BNG nos concellos fronte ao descr\u00e9dito do bipartidismo pola corrupci\u00f3n"},"content":{"rendered":"\n<h2 class=\"wp-block-heading\">\u201c<strong>M\u00e1is de 40 anos xestionando instituci\u00f3ns p\u00fablicas e nin unha soa persoa condenada por corrupci\u00f3n; somos diferentes e a moita honra\u201d, recalca<\/strong><\/h2>\n\n\n\n<p><strong>Aposta por redobrar esforzos a nivel local para avanzar no proxecto municipal do Bloque co horizonte posto nas elecci\u00f3ns de 2027<\/strong><\/p>\n\n\n\n<p>\u201c<strong>Unha gran parte da sociedade galega est\u00e1 mirando cara ao BNG con esperanza\u201d, alega no encontro nacional municipal celebrado en Santiago<\/strong><\/p>\n\n\n\n<p><strong>Santiago de Compostela, 21 xu\u00f1o 2025.<\/strong><\/p>\n\n\n\n<p>A portavoz nacional, Ana Pont\u00f3n, reivindicou os gobernos honrados do BNG nos concellos fronte ao descr\u00e9dito dun bipartidismo no que aflora a corrupci\u00f3n e apostou por redobrar esforzos a nivel local para avanzar no proxecto municipal do Bloque co horizonte posto nas elecci\u00f3ns de 2027.<\/p>\n\n\n\n<p>No encontro nacional municipal que reuniu en Santiago a alcaldes e alcaldesas, concelleiras e concelleiros, e responsables pol\u00edticos dos concellos de todo o Pa\u00eds, Pont\u00f3n remarcou a clara diferenza do BNG en relaci\u00f3n a outras formaci\u00f3ns pol\u00edticas.<\/p>\n\n\n\n<p>\u201cN\u00f3s non somos como as demais forzas, non somos como ese bipartidismo espa\u00f1ol que se di estrutural e baluartes do sistema; nin somos, nin queremos ser como eles\u201d, subli\u00f1ou, para recordar a continuaci\u00f3n que nos seus m\u00e1is de 40 anos de historia o Bloque non tivo ning\u00fan caso de corrupci\u00f3n.<\/p>\n\n\n\n<p>\u201cSomos diferentes, si, e ademais de moitos outros feitos diferenciais, o BNG non participou nunca nin participa agora das pr\u00e1cticas golfas e corruptas tan caracter\u00edsticas do PP, do PSOE e da monarqu\u00eda\u201d, alegou para incidir en que as\u00ed o demostran os feitos. \u201cM\u00edas de 40 anos xestionando instituci\u00f3ns p\u00fablica deste Pa\u00eds e non hai nin unha soa persoa do BNG condenada por corrupci\u00f3n; somos diferentes e a moita honra\u201d, sintetizou.<\/p>\n\n\n\n<p>A l\u00edder nacionalista referiuse aos \u201clamentables episodios\u201d que se est\u00e1n a vivir na pol\u00edtica estatal e nos que aflora a \u201cindecente corrupci\u00f3n\u201d que, neste caso, perpetran supostamente cargos p\u00fablicos do PSOE, pero que antes xa protagonizaron tam\u00e9n \u201co Partido Popular ou a monarqu\u00eda\u201d.<\/p>\n\n\n\n<p>Pr\u00e1cticas intolerables que dan p\u00e9 a un descr\u00e9dito xeneralizado da representaci\u00f3n p\u00fablica, colaborando a estender \u201ca perigosa idea de que \u00e1 pol\u00edtica e aos cargos p\u00fablicos vaise por intereses escuros e perversos\u201d e po\u00f1endo \u201cna sospeita continua a quen, coa mellor intenci\u00f3n, trata de contribu\u00edr desinteresadamente a que os seus veci\u00f1os e veci\u00f1as te\u00f1an m\u00e1is oportunidades de futuro\u201d, advertiu.<\/p>\n\n\n\n<p>Unha idea que, subli\u00f1ou, s\u00f3 serve para que \u201cnada cambie, para que a cidadan\u00eda baixe os brazos e que busca que os de sempre sigan facendo o de sempre\u201d e fronte \u00e1 que situou a alternativa \u201cclara e diferente\u201d do Bloque.<\/p>\n\n\n\n<p>Neste contexto, puxo en valor \u201co traballo honrado e desinteresado\u201d das e dos alcaldes e alcaldesas e concelleiras e concelleiros da formaci\u00f3n nacionalista, aos que agradeceu o seu compromiso e entrega \u00e1 hora de mellorar a vida das s\u00faas conveci\u00f1as e conveci\u00f1os, pese \u00e1s dificultades que, \u00e1s veces, isto implica tanto no goberno como na oposici\u00f3n.<\/p>\n\n\n\n<p>Un labor que desenvolven dende o amor por Galiza e sen renderse ante muros que parecen imposibles de derrubar xa que \u201crenderse non forma parte do ADN do BNG\u201d, tal e como exemplificou na defensa, tam\u00e9n dende o local, da lingua ou da protecci\u00f3n do territorio e do medio ambiente pelexando contra a instalaci\u00f3n da macrocelulosa de Altri, unha batalla que dixo se vai ga\u00f1ar \u201cpolo ben e polo futuro do Pa\u00eds\u201d.<\/p>\n\n\n\n<p>\u201cTemos unha base s\u00f3lida para poder constru\u00edr o futuro, unha base que nos fai ser optimistas sobre as nosas posibilidades de avanzar nos concellos, de dentro de dous anos, ter m\u00e1is concelleiros e concelleiras, ter m\u00e1is gobernos municipais e ter m\u00e1is alcaldes e alcadesas\u201d, apuntou ante o reto de \u201cdar un gran salto adiante\u201d nas pr\u00f3ximas elecci\u00f3ns locais de 2027.<\/p>\n\n\n\n<p>Reto que emprazou a afrontar dende a obriga de darlle unha resposta aca\u00edda, de ofrecer a oportunidade a toda a sociedade galega para cambiar a pol\u00edtica municipal al\u00ed onde o Bloque a\u00ednda non o fixo, de darlle opci\u00f3ns para que poida optar polas mellores listas do BNG co obxectivo de transformar en positivo os concellos.<\/p>\n\n\n\n<p>\u201cTemos dous anos de traballo por diante para, aplicando as medidas necesarias en cada caso, que permitan aos nosos veci\u00f1os e veci\u00f1as ter a opci\u00f3n real de contar con gobernos BNG, que \u00e9 o mesmo que ter gobernos honrados, eficaces, avanzados e a medida das necesidades dos nosos concellos e da nosa naci\u00f3n\u201d, afondou. \u201cHoxe, unha gran parte da sociedade galega est\u00e1 mirando para o BNG con esperanza e con altas expectativas, non a podemos defraudar\u201d, resumiu.<\/p>\n\n\n\n<p>Por iso, animou a traballar dende o local para incorporar \u201ccoa man tendida\u201d a esa parte m\u00e1is din\u00e1mica da sociedade galega que est\u00e1 comprometida co Pa\u00eds no \u201cproxecto com\u00fan\u201d que representa o Bloque para todos e todas as persoas que levan a Galiza \u201cna cabeza e no coraz\u00f3n\u201d.<\/p>\n\n\n\n<p>\u201cO BNG \u00e9 a alternativa real fronte ao PP e somos a gran esperanza desa maior\u00eda que so\u00f1a con outra Galiza posible e esa Galiza tam\u00e9n se constr\u00fae desde os concellos; non nos po\u00f1amos l\u00edmites e Galiza nunca ter\u00e1 l\u00edmites\u201d, apuntou.<\/p>\n\n\n\n<p><em><strong>Discriminaci\u00f3n hist\u00f3rica no financiamento dos concellos<\/strong><\/em><\/p>\n\n\n\n<p>Pont\u00f3n tam\u00e9n avanzou que o Bloque seguir\u00e1 a denunciar a \u201cdiscriminaci\u00f3n hist\u00f3rica\u201d que sofren os municipios galegos e que exemplificou no feito de que, mentres que ao concello de Madrid, o Estado lle transfire m\u00e1is de 700 euros, a media dos concellos galegos lim\u00edtase a 200 euros.<\/p>\n\n\n\n<p>\u201cEsta debe ser a famosa solidariedade madrile\u00f1a da que tanto nos falan e por iso se po\u00f1en tan nerviosos cando demandamos ter a chave dos nosos cartos e po\u00f1er fin a un centralismo que \u00e9 letal para Galiza e para os nosos concellos\u201d, denunciou.<\/p>\n\n\n\n<p>Unha cr\u00edtica que estendeu \u00e1 Xunta, cun goberno do PP que \u201cleva 16 anos encasquet\u00e1ndolle aos concellos competencias\u201d que lle son propias e que est\u00e1n asfixiando aos entes locais, o que exemplificou no mantemento dos colexios, nos servizos sociais especializados ou no Servizo de Atenci\u00f3n no Fogar, \u00e1mbito este \u00faltimo onde a situaci\u00f3n \u00e9 tan grave que, advertiu, \u201c na maior\u00eda dos concellos, unha persoa maior ten que esperar a que outra faleza\u201d.<\/p>\n\n\n\n<p>Nesta li\u00f1a, reprochou ao titular da Xunta, Alfonso Rueda, que s\u00f3 financie o SAF con 12 euros a hora cando custa 25 euros e non fixera a\u00ednda nada para incrementar o financiamento do servizo como anunciara hai un ano.<\/p>\n\n\n\n<p>\u201cNon ten cartos para mellorar o SAF, pero gasta 6.000 euros diarios en publicidade, esas son as prioridades do Partido Popular\u201d, recriminou, para denunciar a continuaci\u00f3n que, ademais, aplica un \u201ccaciquismo 2.0\u201d no reparto dos recursos destinados aos concellos, dado que o 75% destes fondos os distrib\u00fae \u201cde maneira arbitraria e partidista\u201d.<\/p>\n\n\n\n<p>Un \u201cmodelo antidemocr\u00e1tico\u201d que urxiu a cambiar por un novo no que os municipios te\u00f1an os recursos que necesitan e estes sexan distribu\u00eddos de maneira igualitaria, transparente e obxectiva, \u201cgoberne quen goberne\u201d, porque \u201ciso \u00e9 democracia\u201d.<\/p>\n\n\n\n<p>A portavoz nacional rematou a s\u00faa intervenci\u00f3n facendo un reco\u00f1ecemento expreso a todos os cargos municipais do BNG e, singularmente, \u00e1s mulleres que deron un paso adiante para integrarse en listas electorais, ser concelleiras ou cabezas de lista e, neste sentido, apostou por incorporar m\u00e1is mulleres nas listas, con m\u00e1is candidaturas encabezadas por mulleres, e dar m\u00e1is forza se cabe \u00e1s pol\u00edticas de igualdade nos concellos. \u201cPorque o futuro escribirase coa M de muller e coa I de Igualdade, porque o futuro ser\u00e1 feminista ou non ser\u00e1\u201d, conclu\u00edu.<\/p>\n","protected":false},"excerpt":{"rendered":"<div class=\"mh-excerpt\"><p>\u201cM\u00e1is de 40 anos xestionando instituci\u00f3ns p\u00fablicas e nin unha soa persoa condenada por corrupci\u00f3n; somos diferentes e a moita honra\u201d, recalca <a class=\"mh-excerpt-more\" href=\"https:\/\/www.anovapeneira.gal\/index.php\/2025\/06\/26\/ponton-reivindica-os-gobernos-honrados-do-bng-nos-concellos-fronte-ao-descredito-do-bipartidismo-pola-corrupcion\/\" title=\"Pont\u00f3n reivindica os gobernos honrados do BNG nos concellos fronte ao descr\u00e9dito do bipartidismo pola corrupci\u00f3n\">[&#8230;]<\/a><\/p>\n<\/div>","protected":false},"author":3,"featured_media":14112,"comment_status":"open","ping_status":"open","sticky":false,"template":"","format":"standard","meta":{"_exactmetrics_skip_tracking":false,"_exactmetrics_sitenote_active":false,"_exactmetrics_sitenote_note":"","_exactmetrics_sitenote_category":0,"footnotes":""},"categories":[263],"tags":[10],"class_list":{"0":"post-14111","1":"post","2":"type-post","3":"status-publish","4":"format-standard","5":"has-post-thumbnail","7":"category-novas","8":"tag-bng"},"yoast_head":"<!-- This site is optimized with the Yoast SEO plugin v27.4 - https:\/\/yoast.com\/product\/yoast-seo-wordpress\/ -->\n<title>Pont\u00f3n reivindica os gobernos honrados do BNG nos concellos fronte ao descr\u00e9dito do bipartidismo pola corrupci\u00f3n -<\/title>\n<meta name=\"robots\" content=\"index, follow, max-snippet:-1, max-image-preview:large, max-video-preview:-1\" \/>\n<link rel=\"canonical\" href=\"https:\/\/www.anovapeneira.gal\/index.php\/2025\/06\/26\/ponton-reivindica-os-gobernos-honrados-do-bng-nos-concellos-fronte-ao-descredito-do-bipartidismo-pola-corrupcion\/\" \/>\n<meta property=\"og:locale\" content=\"gl_ES\" \/>\n<meta property=\"og:type\" content=\"article\" \/>\n<meta property=\"og:title\" content=\"Pont\u00f3n reivindica os gobernos honrados do BNG nos concellos fronte ao descr\u00e9dito do bipartidismo pola corrupci\u00f3n -\" \/>\n<meta property=\"og:description\" content=\"\u201cM\u00e1is de 40 anos xestionando instituci\u00f3ns p\u00fablicas e nin unha soa persoa condenada por corrupci\u00f3n; somos diferentes e a moita honra\u201d, recalca [...]\" \/>\n<meta property=\"og:url\" content=\"https:\/\/www.anovapeneira.gal\/index.php\/2025\/06\/26\/ponton-reivindica-os-gobernos-honrados-do-bng-nos-concellos-fronte-ao-descredito-do-bipartidismo-pola-corrupcion\/\" \/>\n<meta property=\"article:publisher\" content=\"https:\/\/www.facebook.com\/anovapeneira\" \/>\n<meta property=\"article:published_time\" content=\"2025-06-26T10:00:30+00:00\" \/>\n<meta property=\"og:image\" content=\"https:\/\/www.anovapeneira.gal\/wp-content\/uploads\/2025\/06\/Encontro_nacional_municipal_BNG-scaled.jpg\" \/>\n\t<meta property=\"og:image:width\" content=\"2560\" \/>\n\t<meta property=\"og:image:height\" content=\"1536\" \/>\n\t<meta property=\"og:image:type\" content=\"image\/jpeg\" \/>\n<meta name=\"author\" content=\"Redacci\u00f3n A Nova Peneira\" \/>\n<meta name=\"twitter:card\" content=\"summary_large_image\" \/>\n<meta name=\"twitter:creator\" content=\"@APeneira\" \/>\n<meta name=\"twitter:site\" content=\"@APeneira\" \/>\n<meta name=\"twitter:label1\" content=\"Escrito por\" \/>\n\t<meta name=\"twitter:data1\" content=\"Redacci\u00f3n A Nova Peneira\" \/>\n\t<meta name=\"twitter:label2\" content=\"Tempo de lectura\" \/>\n\t<meta name=\"twitter:data2\" content=\"7 minutos\" \/>\n<script type=\"application\/ld+json\" class=\"yoast-schema-graph\">{\"@context\":\"https:\\\/\\\/schema.org\",\"@graph\":[{\"@type\":\"Article\",\"@id\":\"https:\\\/\\\/www.anovapeneira.gal\\\/index.php\\\/2025\\\/06\\\/26\\\/ponton-reivindica-os-gobernos-honrados-do-bng-nos-concellos-fronte-ao-descredito-do-bipartidismo-pola-corrupcion\\\/#article\",\"isPartOf\":{\"@id\":\"https:\\\/\\\/www.anovapeneira.gal\\\/index.php\\\/2025\\\/06\\\/26\\\/ponton-reivindica-os-gobernos-honrados-do-bng-nos-concellos-fronte-ao-descredito-do-bipartidismo-pola-corrupcion\\\/\"},\"author\":{\"name\":\"Redacci\u00f3n A Nova Peneira\",\"@id\":\"https:\\\/\\\/www.anovapeneira.gal\\\/#\\\/schema\\\/person\\\/b93e3f8932e3f8da96334607eb6ac6aa\"},\"headline\":\"Pont\u00f3n reivindica os gobernos honrados do BNG nos concellos fronte ao descr\u00e9dito do bipartidismo pola corrupci\u00f3n\",\"datePublished\":\"2025-06-26T10:00:30+00:00\",\"mainEntityOfPage\":{\"@id\":\"https:\\\/\\\/www.anovapeneira.gal\\\/index.php\\\/2025\\\/06\\\/26\\\/ponton-reivindica-os-gobernos-honrados-do-bng-nos-concellos-fronte-ao-descredito-do-bipartidismo-pola-corrupcion\\\/\"},\"wordCount\":1324,\"commentCount\":0,\"publisher\":{\"@id\":\"https:\\\/\\\/www.anovapeneira.gal\\\/#organization\"},\"image\":{\"@id\":\"https:\\\/\\\/www.anovapeneira.gal\\\/index.php\\\/2025\\\/06\\\/26\\\/ponton-reivindica-os-gobernos-honrados-do-bng-nos-concellos-fronte-ao-descredito-do-bipartidismo-pola-corrupcion\\\/#primaryimage\"},\"thumbnailUrl\":\"https:\\\/\\\/www.anovapeneira.gal\\\/wp-content\\\/uploads\\\/2025\\\/06\\\/Encontro_nacional_municipal_BNG-scaled.jpg\",\"keywords\":[\"BNG\"],\"articleSection\":[\"Novas\"],\"inLanguage\":\"gl-ES\",\"potentialAction\":[{\"@type\":\"CommentAction\",\"name\":\"Comment\",\"target\":[\"https:\\\/\\\/www.anovapeneira.gal\\\/index.php\\\/2025\\\/06\\\/26\\\/ponton-reivindica-os-gobernos-honrados-do-bng-nos-concellos-fronte-ao-descredito-do-bipartidismo-pola-corrupcion\\\/#respond\"]}]},{\"@type\":\"WebPage\",\"@id\":\"https:\\\/\\\/www.anovapeneira.gal\\\/index.php\\\/2025\\\/06\\\/26\\\/ponton-reivindica-os-gobernos-honrados-do-bng-nos-concellos-fronte-ao-descredito-do-bipartidismo-pola-corrupcion\\\/\",\"url\":\"https:\\\/\\\/www.anovapeneira.gal\\\/index.php\\\/2025\\\/06\\\/26\\\/ponton-reivindica-os-gobernos-honrados-do-bng-nos-concellos-fronte-ao-descredito-do-bipartidismo-pola-corrupcion\\\/\",\"name\":\"Pont\u00f3n reivindica os gobernos honrados do BNG nos concellos fronte ao descr\u00e9dito do bipartidismo pola corrupci\u00f3n -\",\"isPartOf\":{\"@id\":\"https:\\\/\\\/www.anovapeneira.gal\\\/#website\"},\"primaryImageOfPage\":{\"@id\":\"https:\\\/\\\/www.anovapeneira.gal\\\/index.php\\\/2025\\\/06\\\/26\\\/ponton-reivindica-os-gobernos-honrados-do-bng-nos-concellos-fronte-ao-descredito-do-bipartidismo-pola-corrupcion\\\/#primaryimage\"},\"image\":{\"@id\":\"https:\\\/\\\/www.anovapeneira.gal\\\/index.php\\\/2025\\\/06\\\/26\\\/ponton-reivindica-os-gobernos-honrados-do-bng-nos-concellos-fronte-ao-descredito-do-bipartidismo-pola-corrupcion\\\/#primaryimage\"},\"thumbnailUrl\":\"https:\\\/\\\/www.anovapeneira.gal\\\/wp-content\\\/uploads\\\/2025\\\/06\\\/Encontro_nacional_municipal_BNG-scaled.jpg\",\"datePublished\":\"2025-06-26T10:00:30+00:00\",\"breadcrumb\":{\"@id\":\"https:\\\/\\\/www.anovapeneira.gal\\\/index.php\\\/2025\\\/06\\\/26\\\/ponton-reivindica-os-gobernos-honrados-do-bng-nos-concellos-fronte-ao-descredito-do-bipartidismo-pola-corrupcion\\\/#breadcrumb\"},\"inLanguage\":\"gl-ES\",\"potentialAction\":[{\"@type\":\"ReadAction\",\"target\":[\"https:\\\/\\\/www.anovapeneira.gal\\\/index.php\\\/2025\\\/06\\\/26\\\/ponton-reivindica-os-gobernos-honrados-do-bng-nos-concellos-fronte-ao-descredito-do-bipartidismo-pola-corrupcion\\\/\"]}]},{\"@type\":\"ImageObject\",\"inLanguage\":\"gl-ES\",\"@id\":\"https:\\\/\\\/www.anovapeneira.gal\\\/index.php\\\/2025\\\/06\\\/26\\\/ponton-reivindica-os-gobernos-honrados-do-bng-nos-concellos-fronte-ao-descredito-do-bipartidismo-pola-corrupcion\\\/#primaryimage\",\"url\":\"https:\\\/\\\/www.anovapeneira.gal\\\/wp-content\\\/uploads\\\/2025\\\/06\\\/Encontro_nacional_municipal_BNG-scaled.jpg\",\"contentUrl\":\"https:\\\/\\\/www.anovapeneira.gal\\\/wp-content\\\/uploads\\\/2025\\\/06\\\/Encontro_nacional_municipal_BNG-scaled.jpg\",\"width\":2560,\"height\":1536,\"caption\":\"Encontro nacional de municipal do BNG\"},{\"@type\":\"BreadcrumbList\",\"@id\":\"https:\\\/\\\/www.anovapeneira.gal\\\/index.php\\\/2025\\\/06\\\/26\\\/ponton-reivindica-os-gobernos-honrados-do-bng-nos-concellos-fronte-ao-descredito-do-bipartidismo-pola-corrupcion\\\/#breadcrumb\",\"itemListElement\":[{\"@type\":\"ListItem\",\"position\":1,\"name\":\"Portada\",\"item\":\"https:\\\/\\\/www.anovapeneira.gal\\\/\"},{\"@type\":\"ListItem\",\"position\":2,\"name\":\"Pont\u00f3n reivindica os gobernos honrados do BNG nos concellos fronte ao descr\u00e9dito do bipartidismo pola corrupci\u00f3n\"}]},{\"@type\":\"WebSite\",\"@id\":\"https:\\\/\\\/www.anovapeneira.gal\\\/#website\",\"url\":\"https:\\\/\\\/www.anovapeneira.gal\\\/\",\"name\":\"\",\"description\":\"Xornal galego de informaci\u00f3n xeral Publicaci\u00f3n mensual de novas de Galicia e en especial dos Concellos da sur da provincia de Pontevedra.\",\"publisher\":{\"@id\":\"https:\\\/\\\/www.anovapeneira.gal\\\/#organization\"},\"potentialAction\":[{\"@type\":\"SearchAction\",\"target\":{\"@type\":\"EntryPoint\",\"urlTemplate\":\"https:\\\/\\\/www.anovapeneira.gal\\\/?s={search_term_string}\"},\"query-input\":{\"@type\":\"PropertyValueSpecification\",\"valueRequired\":true,\"valueName\":\"search_term_string\"}}],\"inLanguage\":\"gl-ES\"},{\"@type\":\"Organization\",\"@id\":\"https:\\\/\\\/www.anovapeneira.gal\\\/#organization\",\"name\":\"A Nova Peneira\",\"url\":\"https:\\\/\\\/www.anovapeneira.gal\\\/\",\"logo\":{\"@type\":\"ImageObject\",\"inLanguage\":\"gl-ES\",\"@id\":\"https:\\\/\\\/www.anovapeneira.gal\\\/#\\\/schema\\\/logo\\\/image\\\/\",\"url\":\"http:\\\/\\\/www.anovapeneira.gal\\\/wp-content\\\/uploads\\\/2019\\\/06\\\/logo_a_nova_peneira_portal_web.png\",\"contentUrl\":\"http:\\\/\\\/www.anovapeneira.gal\\\/wp-content\\\/uploads\\\/2019\\\/06\\\/logo_a_nova_peneira_portal_web.png\",\"width\":300,\"height\":100,\"caption\":\"A Nova Peneira\"},\"image\":{\"@id\":\"https:\\\/\\\/www.anovapeneira.gal\\\/#\\\/schema\\\/logo\\\/image\\\/\"},\"sameAs\":[\"https:\\\/\\\/www.facebook.com\\\/anovapeneira\",\"https:\\\/\\\/x.com\\\/APeneira\"]},{\"@type\":\"Person\",\"@id\":\"https:\\\/\\\/www.anovapeneira.gal\\\/#\\\/schema\\\/person\\\/b93e3f8932e3f8da96334607eb6ac6aa\",\"name\":\"Redacci\u00f3n A Nova Peneira\",\"image\":{\"@type\":\"ImageObject\",\"inLanguage\":\"gl-ES\",\"@id\":\"https:\\\/\\\/secure.gravatar.com\\\/avatar\\\/c052a2551a06e23fac63626232eaa90abd78dbcf1700fc46a2b2c89fd27b735f?s=96&d=mm&r=g\",\"url\":\"https:\\\/\\\/secure.gravatar.com\\\/avatar\\\/c052a2551a06e23fac63626232eaa90abd78dbcf1700fc46a2b2c89fd27b735f?s=96&d=mm&r=g\",\"contentUrl\":\"https:\\\/\\\/secure.gravatar.com\\\/avatar\\\/c052a2551a06e23fac63626232eaa90abd78dbcf1700fc46a2b2c89fd27b735f?s=96&d=mm&r=g\",\"caption\":\"Redacci\u00f3n A Nova Peneira\"},\"sameAs\":[\"http:\\\/\\\/www.anovapeneira.gal\\\/\"],\"url\":\"https:\\\/\\\/www.anovapeneira.gal\\\/index.php\\\/author\\\/redactor\\\/\"}]}<\/script>\n<!-- \/ Yoast SEO plugin. -->","yoast_head_json":{"title":"Pont\u00f3n reivindica os gobernos honrados do BNG nos concellos fronte ao descr\u00e9dito do bipartidismo pola corrupci\u00f3n -","robots":{"index":"index","follow":"follow","max-snippet":"max-snippet:-1","max-image-preview":"max-image-preview:large","max-video-preview":"max-video-preview:-1"},"canonical":"https:\/\/www.anovapeneira.gal\/index.php\/2025\/06\/26\/ponton-reivindica-os-gobernos-honrados-do-bng-nos-concellos-fronte-ao-descredito-do-bipartidismo-pola-corrupcion\/","og_locale":"gl_ES","og_type":"article","og_title":"Pont\u00f3n reivindica os gobernos honrados do BNG nos concellos fronte ao descr\u00e9dito do bipartidismo pola corrupci\u00f3n -","og_description":"\u201cM\u00e1is de 40 anos xestionando instituci\u00f3ns p\u00fablicas e nin unha soa persoa condenada por corrupci\u00f3n; somos diferentes e a moita honra\u201d, recalca [...]","og_url":"https:\/\/www.anovapeneira.gal\/index.php\/2025\/06\/26\/ponton-reivindica-os-gobernos-honrados-do-bng-nos-concellos-fronte-ao-descredito-do-bipartidismo-pola-corrupcion\/","article_publisher":"https:\/\/www.facebook.com\/anovapeneira","article_published_time":"2025-06-26T10:00:30+00:00","og_image":[{"width":2560,"height":1536,"url":"https:\/\/www.anovapeneira.gal\/wp-content\/uploads\/2025\/06\/Encontro_nacional_municipal_BNG-scaled.jpg","type":"image\/jpeg"}],"author":"Redacci\u00f3n A Nova Peneira","twitter_card":"summary_large_image","twitter_creator":"@APeneira","twitter_site":"@APeneira","twitter_misc":{"Escrito por":"Redacci\u00f3n A Nova Peneira","Tempo de lectura":"7 minutos"},"schema":{"@context":"https:\/\/schema.org","@graph":[{"@type":"Article","@id":"https:\/\/www.anovapeneira.gal\/index.php\/2025\/06\/26\/ponton-reivindica-os-gobernos-honrados-do-bng-nos-concellos-fronte-ao-descredito-do-bipartidismo-pola-corrupcion\/#article","isPartOf":{"@id":"https:\/\/www.anovapeneira.gal\/index.php\/2025\/06\/26\/ponton-reivindica-os-gobernos-honrados-do-bng-nos-concellos-fronte-ao-descredito-do-bipartidismo-pola-corrupcion\/"},"author":{"name":"Redacci\u00f3n A Nova Peneira","@id":"https:\/\/www.anovapeneira.gal\/#\/schema\/person\/b93e3f8932e3f8da96334607eb6ac6aa"},"headline":"Pont\u00f3n reivindica os gobernos honrados do BNG nos concellos fronte ao descr\u00e9dito do bipartidismo pola corrupci\u00f3n","datePublished":"2025-06-26T10:00:30+00:00","mainEntityOfPage":{"@id":"https:\/\/www.anovapeneira.gal\/index.php\/2025\/06\/26\/ponton-reivindica-os-gobernos-honrados-do-bng-nos-concellos-fronte-ao-descredito-do-bipartidismo-pola-corrupcion\/"},"wordCount":1324,"commentCount":0,"publisher":{"@id":"https:\/\/www.anovapeneira.gal\/#organization"},"image":{"@id":"https:\/\/www.anovapeneira.gal\/index.php\/2025\/06\/26\/ponton-reivindica-os-gobernos-honrados-do-bng-nos-concellos-fronte-ao-descredito-do-bipartidismo-pola-corrupcion\/#primaryimage"},"thumbnailUrl":"https:\/\/www.anovapeneira.gal\/wp-content\/uploads\/2025\/06\/Encontro_nacional_municipal_BNG-scaled.jpg","keywords":["BNG"],"articleSection":["Novas"],"inLanguage":"gl-ES","potentialAction":[{"@type":"CommentAction","name":"Comment","target":["https:\/\/www.anovapeneira.gal\/index.php\/2025\/06\/26\/ponton-reivindica-os-gobernos-honrados-do-bng-nos-concellos-fronte-ao-descredito-do-bipartidismo-pola-corrupcion\/#respond"]}]},{"@type":"WebPage","@id":"https:\/\/www.anovapeneira.gal\/index.php\/2025\/06\/26\/ponton-reivindica-os-gobernos-honrados-do-bng-nos-concellos-fronte-ao-descredito-do-bipartidismo-pola-corrupcion\/","url":"https:\/\/www.anovapeneira.gal\/index.php\/2025\/06\/26\/ponton-reivindica-os-gobernos-honrados-do-bng-nos-concellos-fronte-ao-descredito-do-bipartidismo-pola-corrupcion\/","name":"Pont\u00f3n reivindica os gobernos honrados do BNG nos concellos fronte ao descr\u00e9dito do bipartidismo pola corrupci\u00f3n -","isPartOf":{"@id":"https:\/\/www.anovapeneira.gal\/#website"},"primaryImageOfPage":{"@id":"https:\/\/www.anovapeneira.gal\/index.php\/2025\/06\/26\/ponton-reivindica-os-gobernos-honrados-do-bng-nos-concellos-fronte-ao-descredito-do-bipartidismo-pola-corrupcion\/#primaryimage"},"image":{"@id":"https:\/\/www.anovapeneira.gal\/index.php\/2025\/06\/26\/ponton-reivindica-os-gobernos-honrados-do-bng-nos-concellos-fronte-ao-descredito-do-bipartidismo-pola-corrupcion\/#primaryimage"},"thumbnailUrl":"https:\/\/www.anovapeneira.gal\/wp-content\/uploads\/2025\/06\/Encontro_nacional_municipal_BNG-scaled.jpg","datePublished":"2025-06-26T10:00:30+00:00","breadcrumb":{"@id":"https:\/\/www.anovapeneira.gal\/index.php\/2025\/06\/26\/ponton-reivindica-os-gobernos-honrados-do-bng-nos-concellos-fronte-ao-descredito-do-bipartidismo-pola-corrupcion\/#breadcrumb"},"inLanguage":"gl-ES","potentialAction":[{"@type":"ReadAction","target":["https:\/\/www.anovapeneira.gal\/index.php\/2025\/06\/26\/ponton-reivindica-os-gobernos-honrados-do-bng-nos-concellos-fronte-ao-descredito-do-bipartidismo-pola-corrupcion\/"]}]},{"@type":"ImageObject","inLanguage":"gl-ES","@id":"https:\/\/www.anovapeneira.gal\/index.php\/2025\/06\/26\/ponton-reivindica-os-gobernos-honrados-do-bng-nos-concellos-fronte-ao-descredito-do-bipartidismo-pola-corrupcion\/#primaryimage","url":"https:\/\/www.anovapeneira.gal\/wp-content\/uploads\/2025\/06\/Encontro_nacional_municipal_BNG-scaled.jpg","contentUrl":"https:\/\/www.anovapeneira.gal\/wp-content\/uploads\/2025\/06\/Encontro_nacional_municipal_BNG-scaled.jpg","width":2560,"height":1536,"caption":"Encontro nacional de municipal do BNG"},{"@type":"BreadcrumbList","@id":"https:\/\/www.anovapeneira.gal\/index.php\/2025\/06\/26\/ponton-reivindica-os-gobernos-honrados-do-bng-nos-concellos-fronte-ao-descredito-do-bipartidismo-pola-corrupcion\/#breadcrumb","itemListElement":[{"@type":"ListItem","position":1,"name":"Portada","item":"https:\/\/www.anovapeneira.gal\/"},{"@type":"ListItem","position":2,"name":"Pont\u00f3n reivindica os gobernos honrados do BNG nos concellos fronte ao descr\u00e9dito do bipartidismo pola corrupci\u00f3n"}]},{"@type":"WebSite","@id":"https:\/\/www.anovapeneira.gal\/#website","url":"https:\/\/www.anovapeneira.gal\/","name":"","description":"Xornal galego de informaci\u00f3n xeral Publicaci\u00f3n mensual de novas de Galicia e en especial dos Concellos da sur da provincia de Pontevedra.","publisher":{"@id":"https:\/\/www.anovapeneira.gal\/#organization"},"potentialAction":[{"@type":"SearchAction","target":{"@type":"EntryPoint","urlTemplate":"https:\/\/www.anovapeneira.gal\/?s={search_term_string}"},"query-input":{"@type":"PropertyValueSpecification","valueRequired":true,"valueName":"search_term_string"}}],"inLanguage":"gl-ES"},{"@type":"Organization","@id":"https:\/\/www.anovapeneira.gal\/#organization","name":"A Nova Peneira","url":"https:\/\/www.anovapeneira.gal\/","logo":{"@type":"ImageObject","inLanguage":"gl-ES","@id":"https:\/\/www.anovapeneira.gal\/#\/schema\/logo\/image\/","url":"http:\/\/www.anovapeneira.gal\/wp-content\/uploads\/2019\/06\/logo_a_nova_peneira_portal_web.png","contentUrl":"http:\/\/www.anovapeneira.gal\/wp-content\/uploads\/2019\/06\/logo_a_nova_peneira_portal_web.png","width":300,"height":100,"caption":"A Nova Peneira"},"image":{"@id":"https:\/\/www.anovapeneira.gal\/#\/schema\/logo\/image\/"},"sameAs":["https:\/\/www.facebook.com\/anovapeneira","https:\/\/x.com\/APeneira"]},{"@type":"Person","@id":"https:\/\/www.anovapeneira.gal\/#\/schema\/person\/b93e3f8932e3f8da96334607eb6ac6aa","name":"Redacci\u00f3n A Nova Peneira","image":{"@type":"ImageObject","inLanguage":"gl-ES","@id":"https:\/\/secure.gravatar.com\/avatar\/c052a2551a06e23fac63626232eaa90abd78dbcf1700fc46a2b2c89fd27b735f?s=96&d=mm&r=g","url":"https:\/\/secure.gravatar.com\/avatar\/c052a2551a06e23fac63626232eaa90abd78dbcf1700fc46a2b2c89fd27b735f?s=96&d=mm&r=g","contentUrl":"https:\/\/secure.gravatar.com\/avatar\/c052a2551a06e23fac63626232eaa90abd78dbcf1700fc46a2b2c89fd27b735f?s=96&d=mm&r=g","caption":"Redacci\u00f3n A Nova Peneira"},"sameAs":["http:\/\/www.anovapeneira.gal\/"],"url":"https:\/\/www.anovapeneira.gal\/index.php\/author\/redactor\/"}]}},"jetpack_featured_media_url":"https:\/\/www.anovapeneira.gal\/wp-content\/uploads\/2025\/06\/Encontro_nacional_municipal_BNG-scaled.jpg","_links":{"self":[{"href":"https:\/\/www.anovapeneira.gal\/index.php\/wp-json\/wp\/v2\/posts\/14111","targetHints":{"allow":["GET"]}}],"collection":[{"href":"https:\/\/www.anovapeneira.gal\/index.php\/wp-json\/wp\/v2\/posts"}],"about":[{"href":"https:\/\/www.anovapeneira.gal\/index.php\/wp-json\/wp\/v2\/types\/post"}],"author":[{"embeddable":true,"href":"https:\/\/www.anovapeneira.gal\/index.php\/wp-json\/wp\/v2\/users\/3"}],"replies":[{"embeddable":true,"href":"https:\/\/www.anovapeneira.gal\/index.php\/wp-json\/wp\/v2\/comments?post=14111"}],"version-history":[{"count":1,"href":"https:\/\/www.anovapeneira.gal\/index.php\/wp-json\/wp\/v2\/posts\/14111\/revisions"}],"predecessor-version":[{"id":14113,"href":"https:\/\/www.anovapeneira.gal\/index.php\/wp-json\/wp\/v2\/posts\/14111\/revisions\/14113"}],"wp:featuredmedia":[{"embeddable":true,"href":"https:\/\/www.anovapeneira.gal\/index.php\/wp-json\/wp\/v2\/media\/14112"}],"wp:attachment":[{"href":"https:\/\/www.anovapeneira.gal\/index.php\/wp-json\/wp\/v2\/media?parent=14111"}],"wp:term":[{"taxonomy":"category","embeddable":true,"href":"https:\/\/www.anovapeneira.gal\/index.php\/wp-json\/wp\/v2\/categories?post=14111"},{"taxonomy":"post_tag","embeddable":true,"href":"https:\/\/www.anovapeneira.gal\/index.php\/wp-json\/wp\/v2\/tags?post=14111"}],"curies":[{"name":"wp","href":"https:\/\/api.w.org\/{rel}","templated":true}]}}