{"id":1412,"date":"2019-10-03T12:00:31","date_gmt":"2019-10-03T10:00:31","guid":{"rendered":"http:\/\/www.anovapeneira.gal\/?p=1412"},"modified":"2019-09-30T23:11:37","modified_gmt":"2019-09-30T21:11:37","slug":"o-pxom-de-ponte-caldelas-esta-en-camino","status":"publish","type":"post","link":"https:\/\/www.anovapeneira.gal\/index.php\/2019\/10\/03\/o-pxom-de-ponte-caldelas-esta-en-camino\/","title":{"rendered":"O PXOM de Ponte Caldelas est\u00e1 en cami\u00f1o"},"content":{"rendered":"\n<h2 class=\"wp-block-heading\">Dende\no Goberno Local celebrar\u00e1n asembleas en todos os pobos do concello\nco fin de presentar este Plan Xeral de Ordenaci\u00f3n Municipal. Andr\u00e9s\nD\u00edaz anuncia ademais que os veci\u00f1os poder\u00e1n presentar as\nalegaci\u00f3ns que consideren necesarias sen ning\u00fan custe para eles.<\/h2>\n\n\n\n<p><strong>Ponte Caldelas, 28 de setembro do 2019<\/strong><\/p>\n\n\n\n<p>O\nGoberno Local enviou \u00e1 Xunta, antes das elecci\u00f3ns locais, o\nborrador do PXOM acordado polo PSOE, BNG e polo PP. Un documento co\nque se pretende po\u00f1er fin \u00e1s Normas Subsidiarias de hai m\u00e1is de 25\nanos e aprobar a primeira ordenaci\u00f3n urban\u00edstica desenvolvida\nexpresamente para Ponte Caldelas. Pois ben, ese borrador do Plan\nXeral xa est\u00e1 de volta no concello de Ponte Caldelas. Agora  dende o\nGoberno Local comezar\u00e1n a realizar asembleas nos pobos de Ponte\nCaldelas co fin de dar a co\u00f1ecer en profundidade ese PXOM en xeral,\ne en particular de que xeito lle afecta a cada n\u00facleo poboacional do\nconcello. \n<\/p>\n\n\n\n<p>As\nasembleas comezar\u00e1n a vindeira semana, a primeira ter\u00e1 lugar o d\u00eda\n1 de outubro, en Vilarch\u00e1n \u00e1s 20:30 na casa do pobo e a segunda,\nser\u00e1 o xoves 3 de outubro en Pazos. As asembleas ter\u00e1n lugar dous\nd\u00edas \u00e1 semana durante os vindeiros 3 meses. Ser\u00e1n un total de 26\nasambleas. \n<\/p>\n\n\n\n<p>Para\nestas asembleas estar\u00e1 presente un t\u00e9cnico da empresa ADIU SLP (a\nempresa que redactou o PXOM) e tam\u00e9n estar\u00e1 o alcalde de Ponte\nCaldelas. Durante cada exposici\u00f3n, a cada pobo, levarase un plano\ngrande para que a xente poida acceder a el e comprobar de que xeito\nlles pode afectar o PXOM enviado dende a Xunta de Galicia. \n<\/p>\n\n\n\n<p>Ademais\no alcalde de Ponte Caldelas anunciou que todas as veci\u00f1as e veci\u00f1os\nque desexen realizar unha alegaci\u00f3n a este PXOM poder\u00e1n facelo,\npara isto ter\u00e1n que achegarse ata o concello e un t\u00e9cnico ser\u00e1 o\nencargado de redactar esa alegaci\u00f3n de xeito totalmente gratu\u00edto.\nD\u00edaz quixo lembrar unha vez m\u00e1is \u201c que o urbanismo en Galicia\ndec\u00eddeo a Xunta, co cal o que estea en desacordo co PXOM poder\u00e1\npresentar alegaci\u00f3ns sen que te\u00f1a que gastar di\u00f1eiro\u201d. \n<\/p>\n\n\n\n<p>Segundo\nD\u00edaz \u201cagora o importante \u00e9 dar a co\u00f1ecer este Plan Xeral de\nOrdenaci\u00f3n Municipal\u201d ao que engadiu que este \u201cplan \u00e9 moi\nimportante para o crecemento urban\u00edstico do noso pobo, \u00e9\nfundamental para Ponte Caldelas regular o urbanismo\u201d. Un plan que\nfoi acordado no seu momento polos tres partidos polos PSOE, PP e polo\nBNG. D\u00edaz asegura \u201cque o futuro do noso pobo pasa por si somos o\nsuficientemente valentes e intelixentes para ser capaces de aprobar\nun documento que regule  noso obsoleto urbanismo que est\u00e1 freando o\nnoso crecemento por falla de chan urbanizable\u201d. \n<\/p>\n\n\n\n<p>O\nGoberno Local retoma as\u00ed o frustrado Plan de 2006 do anterior\ngoberno municipal, \u201cno caix\u00f3n\u201d dende ent\u00f3n tralo duro informe\npreliminar da Xunta de Galicia. Ademais, foi necesario adaptarse aos\nnumerosos cambios na Lei do Solo e a entrada en vigor de varios plans\nsectoriais (entre eles as Directrices de Ordenaci\u00f3n do Territorio)\nproducidos nestes anos, o que obrigou a refacelo por completo.<\/p>\n\n\n\n<p>O\nalcalde, Andr\u00e9s D\u00edaz destaca que o PXOM pretende conclu\u00edr un\ntraballo que o Concello de Ponte Caldelas encargou ao equipo redactor\nADIU SLP xa no ano 2000.  \n<\/p>\n\n\n\n<p>D\u00edaz\nrecalca que Ponte Caldelas necesita crecer no seu centro urbano, onde\nos pol\u00edgonos existentes levan parados moitos anos, e tam\u00e9n\nracionalizar uns n\u00facleos rurais cuxa delimitaci\u00f3n nas Normas\nSubsidiarias ten pouco que ver coa realidade f\u00edsica. \n<\/p>\n\n\n\n<p>Unha\nvez corrixido e adaptado o documento poder\u00e1 ser aprobado\ninicialmente polo Pleno. Ent\u00f3n ser\u00e1 sometido a exposici\u00f3n ao\np\u00fablico durante dous meses, resolveranse as alegaci\u00f3ns e chegar\u00e1 a\naprobaci\u00f3n provisional polo Pleno. O PXOM ser\u00e1 ent\u00f3n remitido\nnovamente \u00e1 Xunta de  Galicia, que \u00e9 a quen lle corresponde a\naprobaci\u00f3n definitiva.<\/p>\n\n\n\n<p>O\nPXOM prev\u00e9 un  crecemento dun 60% da edificabilidade existente na\nactualidade.  Isto trad\u00facese en 1.500 novas vivendas en bloques\nresidenciais e un total de 3.400 parcelas destinadas a vivendas\nunifamiliares.<\/p>\n","protected":false},"excerpt":{"rendered":"<div class=\"mh-excerpt\"><p>O Goberno Local enviou \u00e1 Xunta, antes das elecci\u00f3ns locais, o borrador do PXOM acordado polo PSOE, BNG e polo PP. Un documento co que se pretende po\u00f1er fin \u00e1s Normas Subsidiarias de hai m\u00e1is de 25 anos e aprobar a primeira ordenaci\u00f3n urban\u00edstica desenvolvida expresamente para Ponte Caldela <a class=\"mh-excerpt-more\" href=\"https:\/\/www.anovapeneira.gal\/index.php\/2019\/10\/03\/o-pxom-de-ponte-caldelas-esta-en-camino\/\" title=\"O PXOM de Ponte Caldelas est\u00e1 en cami\u00f1o\">[&#8230;]<\/a><\/p>\n<\/div>","protected":false},"author":3,"featured_media":1413,"comment_status":"open","ping_status":"open","sticky":false,"template":"","format":"standard","meta":{"_exactmetrics_skip_tracking":false,"_exactmetrics_sitenote_active":false,"_exactmetrics_sitenote_note":"","_exactmetrics_sitenote_category":0,"footnotes":""},"categories":[26],"tags":[208,454],"class_list":{"0":"post-1412","1":"post","2":"type-post","3":"status-publish","4":"format-standard","5":"has-post-thumbnail","7":"category-pontevedra","8":"tag-concello-de-ponteareas","9":"tag-pxom"},"yoast_head":"<!-- This site is optimized with the Yoast SEO plugin v27.4 - https:\/\/yoast.com\/product\/yoast-seo-wordpress\/ -->\n<title>O PXOM de Ponte Caldelas est\u00e1 en cami\u00f1o -<\/title>\n<meta name=\"robots\" content=\"index, follow, max-snippet:-1, max-image-preview:large, max-video-preview:-1\" \/>\n<link rel=\"canonical\" href=\"https:\/\/www.anovapeneira.gal\/index.php\/2019\/10\/03\/o-pxom-de-ponte-caldelas-esta-en-camino\/\" \/>\n<meta property=\"og:locale\" content=\"gl_ES\" \/>\n<meta property=\"og:type\" content=\"article\" \/>\n<meta property=\"og:title\" content=\"O PXOM de Ponte Caldelas est\u00e1 en cami\u00f1o -\" \/>\n<meta property=\"og:description\" content=\"O Goberno Local enviou \u00e1 Xunta, antes das elecci\u00f3ns locais, o borrador do PXOM acordado polo PSOE, BNG e polo PP. Un documento co que se pretende po\u00f1er fin \u00e1s Normas Subsidiarias de hai m\u00e1is de 25 anos e aprobar a primeira ordenaci\u00f3n urban\u00edstica desenvolvida expresamente para Ponte Caldela [...]\" \/>\n<meta property=\"og:url\" content=\"https:\/\/www.anovapeneira.gal\/index.php\/2019\/10\/03\/o-pxom-de-ponte-caldelas-esta-en-camino\/\" \/>\n<meta property=\"article:publisher\" content=\"https:\/\/www.facebook.com\/anovapeneira\" \/>\n<meta property=\"article:published_time\" content=\"2019-10-03T10:00:31+00:00\" \/>\n<meta property=\"og:image\" content=\"https:\/\/www.anovapeneira.gal\/wp-content\/uploads\/2019\/09\/PONTE_CALDELAS_A_NOVA_PENEIRA.jpg\" \/>\n\t<meta property=\"og:image:width\" content=\"720\" \/>\n\t<meta property=\"og:image:height\" content=\"473\" \/>\n\t<meta property=\"og:image:type\" content=\"image\/jpeg\" \/>\n<meta name=\"author\" content=\"Redacci\u00f3n A Nova Peneira\" \/>\n<meta name=\"twitter:card\" content=\"summary_large_image\" \/>\n<meta name=\"twitter:creator\" content=\"@APeneira\" \/>\n<meta name=\"twitter:site\" content=\"@APeneira\" \/>\n<meta name=\"twitter:label1\" content=\"Escrito por\" \/>\n\t<meta name=\"twitter:data1\" content=\"Redacci\u00f3n A Nova Peneira\" \/>\n\t<meta name=\"twitter:label2\" content=\"Tempo de lectura\" \/>\n\t<meta name=\"twitter:data2\" content=\"3 minutos\" \/>\n<script type=\"application\/ld+json\" class=\"yoast-schema-graph\">{\"@context\":\"https:\\\/\\\/schema.org\",\"@graph\":[{\"@type\":\"Article\",\"@id\":\"https:\\\/\\\/www.anovapeneira.gal\\\/index.php\\\/2019\\\/10\\\/03\\\/o-pxom-de-ponte-caldelas-esta-en-camino\\\/#article\",\"isPartOf\":{\"@id\":\"https:\\\/\\\/www.anovapeneira.gal\\\/index.php\\\/2019\\\/10\\\/03\\\/o-pxom-de-ponte-caldelas-esta-en-camino\\\/\"},\"author\":{\"name\":\"Redacci\u00f3n A Nova Peneira\",\"@id\":\"https:\\\/\\\/www.anovapeneira.gal\\\/#\\\/schema\\\/person\\\/b93e3f8932e3f8da96334607eb6ac6aa\"},\"headline\":\"O PXOM de Ponte Caldelas est\u00e1 en cami\u00f1o\",\"datePublished\":\"2019-10-03T10:00:31+00:00\",\"mainEntityOfPage\":{\"@id\":\"https:\\\/\\\/www.anovapeneira.gal\\\/index.php\\\/2019\\\/10\\\/03\\\/o-pxom-de-ponte-caldelas-esta-en-camino\\\/\"},\"wordCount\":703,\"commentCount\":0,\"publisher\":{\"@id\":\"https:\\\/\\\/www.anovapeneira.gal\\\/#organization\"},\"image\":{\"@id\":\"https:\\\/\\\/www.anovapeneira.gal\\\/index.php\\\/2019\\\/10\\\/03\\\/o-pxom-de-ponte-caldelas-esta-en-camino\\\/#primaryimage\"},\"thumbnailUrl\":\"https:\\\/\\\/www.anovapeneira.gal\\\/wp-content\\\/uploads\\\/2019\\\/09\\\/PONTE_CALDELAS_A_NOVA_PENEIRA.jpg\",\"keywords\":[\"Concello de Ponteareas\",\"PXOM\"],\"articleSection\":[\"Pontevedra\"],\"inLanguage\":\"gl-ES\",\"potentialAction\":[{\"@type\":\"CommentAction\",\"name\":\"Comment\",\"target\":[\"https:\\\/\\\/www.anovapeneira.gal\\\/index.php\\\/2019\\\/10\\\/03\\\/o-pxom-de-ponte-caldelas-esta-en-camino\\\/#respond\"]}]},{\"@type\":\"WebPage\",\"@id\":\"https:\\\/\\\/www.anovapeneira.gal\\\/index.php\\\/2019\\\/10\\\/03\\\/o-pxom-de-ponte-caldelas-esta-en-camino\\\/\",\"url\":\"https:\\\/\\\/www.anovapeneira.gal\\\/index.php\\\/2019\\\/10\\\/03\\\/o-pxom-de-ponte-caldelas-esta-en-camino\\\/\",\"name\":\"O PXOM de Ponte Caldelas est\u00e1 en cami\u00f1o -\",\"isPartOf\":{\"@id\":\"https:\\\/\\\/www.anovapeneira.gal\\\/#website\"},\"primaryImageOfPage\":{\"@id\":\"https:\\\/\\\/www.anovapeneira.gal\\\/index.php\\\/2019\\\/10\\\/03\\\/o-pxom-de-ponte-caldelas-esta-en-camino\\\/#primaryimage\"},\"image\":{\"@id\":\"https:\\\/\\\/www.anovapeneira.gal\\\/index.php\\\/2019\\\/10\\\/03\\\/o-pxom-de-ponte-caldelas-esta-en-camino\\\/#primaryimage\"},\"thumbnailUrl\":\"https:\\\/\\\/www.anovapeneira.gal\\\/wp-content\\\/uploads\\\/2019\\\/09\\\/PONTE_CALDELAS_A_NOVA_PENEIRA.jpg\",\"datePublished\":\"2019-10-03T10:00:31+00:00\",\"breadcrumb\":{\"@id\":\"https:\\\/\\\/www.anovapeneira.gal\\\/index.php\\\/2019\\\/10\\\/03\\\/o-pxom-de-ponte-caldelas-esta-en-camino\\\/#breadcrumb\"},\"inLanguage\":\"gl-ES\",\"potentialAction\":[{\"@type\":\"ReadAction\",\"target\":[\"https:\\\/\\\/www.anovapeneira.gal\\\/index.php\\\/2019\\\/10\\\/03\\\/o-pxom-de-ponte-caldelas-esta-en-camino\\\/\"]}]},{\"@type\":\"ImageObject\",\"inLanguage\":\"gl-ES\",\"@id\":\"https:\\\/\\\/www.anovapeneira.gal\\\/index.php\\\/2019\\\/10\\\/03\\\/o-pxom-de-ponte-caldelas-esta-en-camino\\\/#primaryimage\",\"url\":\"https:\\\/\\\/www.anovapeneira.gal\\\/wp-content\\\/uploads\\\/2019\\\/09\\\/PONTE_CALDELAS_A_NOVA_PENEIRA.jpg\",\"contentUrl\":\"https:\\\/\\\/www.anovapeneira.gal\\\/wp-content\\\/uploads\\\/2019\\\/09\\\/PONTE_CALDELAS_A_NOVA_PENEIRA.jpg\",\"width\":720,\"height\":473,\"caption\":\"Ponte Caldelas A Nova Peneira\"},{\"@type\":\"BreadcrumbList\",\"@id\":\"https:\\\/\\\/www.anovapeneira.gal\\\/index.php\\\/2019\\\/10\\\/03\\\/o-pxom-de-ponte-caldelas-esta-en-camino\\\/#breadcrumb\",\"itemListElement\":[{\"@type\":\"ListItem\",\"position\":1,\"name\":\"Portada\",\"item\":\"https:\\\/\\\/www.anovapeneira.gal\\\/\"},{\"@type\":\"ListItem\",\"position\":2,\"name\":\"O PXOM de Ponte Caldelas est\u00e1 en cami\u00f1o\"}]},{\"@type\":\"WebSite\",\"@id\":\"https:\\\/\\\/www.anovapeneira.gal\\\/#website\",\"url\":\"https:\\\/\\\/www.anovapeneira.gal\\\/\",\"name\":\"\",\"description\":\"Xornal galego de informaci\u00f3n xeral Publicaci\u00f3n mensual de novas de Galicia e en especial dos Concellos da sur da provincia de Pontevedra.\",\"publisher\":{\"@id\":\"https:\\\/\\\/www.anovapeneira.gal\\\/#organization\"},\"potentialAction\":[{\"@type\":\"SearchAction\",\"target\":{\"@type\":\"EntryPoint\",\"urlTemplate\":\"https:\\\/\\\/www.anovapeneira.gal\\\/?s={search_term_string}\"},\"query-input\":{\"@type\":\"PropertyValueSpecification\",\"valueRequired\":true,\"valueName\":\"search_term_string\"}}],\"inLanguage\":\"gl-ES\"},{\"@type\":\"Organization\",\"@id\":\"https:\\\/\\\/www.anovapeneira.gal\\\/#organization\",\"name\":\"A Nova Peneira\",\"url\":\"https:\\\/\\\/www.anovapeneira.gal\\\/\",\"logo\":{\"@type\":\"ImageObject\",\"inLanguage\":\"gl-ES\",\"@id\":\"https:\\\/\\\/www.anovapeneira.gal\\\/#\\\/schema\\\/logo\\\/image\\\/\",\"url\":\"http:\\\/\\\/www.anovapeneira.gal\\\/wp-content\\\/uploads\\\/2019\\\/06\\\/logo_a_nova_peneira_portal_web.png\",\"contentUrl\":\"http:\\\/\\\/www.anovapeneira.gal\\\/wp-content\\\/uploads\\\/2019\\\/06\\\/logo_a_nova_peneira_portal_web.png\",\"width\":300,\"height\":100,\"caption\":\"A Nova Peneira\"},\"image\":{\"@id\":\"https:\\\/\\\/www.anovapeneira.gal\\\/#\\\/schema\\\/logo\\\/image\\\/\"},\"sameAs\":[\"https:\\\/\\\/www.facebook.com\\\/anovapeneira\",\"https:\\\/\\\/x.com\\\/APeneira\"]},{\"@type\":\"Person\",\"@id\":\"https:\\\/\\\/www.anovapeneira.gal\\\/#\\\/schema\\\/person\\\/b93e3f8932e3f8da96334607eb6ac6aa\",\"name\":\"Redacci\u00f3n A Nova Peneira\",\"image\":{\"@type\":\"ImageObject\",\"inLanguage\":\"gl-ES\",\"@id\":\"https:\\\/\\\/secure.gravatar.com\\\/avatar\\\/c052a2551a06e23fac63626232eaa90abd78dbcf1700fc46a2b2c89fd27b735f?s=96&d=mm&r=g\",\"url\":\"https:\\\/\\\/secure.gravatar.com\\\/avatar\\\/c052a2551a06e23fac63626232eaa90abd78dbcf1700fc46a2b2c89fd27b735f?s=96&d=mm&r=g\",\"contentUrl\":\"https:\\\/\\\/secure.gravatar.com\\\/avatar\\\/c052a2551a06e23fac63626232eaa90abd78dbcf1700fc46a2b2c89fd27b735f?s=96&d=mm&r=g\",\"caption\":\"Redacci\u00f3n A Nova Peneira\"},\"sameAs\":[\"http:\\\/\\\/www.anovapeneira.gal\\\/\"],\"url\":\"https:\\\/\\\/www.anovapeneira.gal\\\/index.php\\\/author\\\/redactor\\\/\"}]}<\/script>\n<!-- \/ Yoast SEO plugin. -->","yoast_head_json":{"title":"O PXOM de Ponte Caldelas est\u00e1 en cami\u00f1o -","robots":{"index":"index","follow":"follow","max-snippet":"max-snippet:-1","max-image-preview":"max-image-preview:large","max-video-preview":"max-video-preview:-1"},"canonical":"https:\/\/www.anovapeneira.gal\/index.php\/2019\/10\/03\/o-pxom-de-ponte-caldelas-esta-en-camino\/","og_locale":"gl_ES","og_type":"article","og_title":"O PXOM de Ponte Caldelas est\u00e1 en cami\u00f1o -","og_description":"O Goberno Local enviou \u00e1 Xunta, antes das elecci\u00f3ns locais, o borrador do PXOM acordado polo PSOE, BNG e polo PP. Un documento co que se pretende po\u00f1er fin \u00e1s Normas Subsidiarias de hai m\u00e1is de 25 anos e aprobar a primeira ordenaci\u00f3n urban\u00edstica desenvolvida expresamente para Ponte Caldela [...]","og_url":"https:\/\/www.anovapeneira.gal\/index.php\/2019\/10\/03\/o-pxom-de-ponte-caldelas-esta-en-camino\/","article_publisher":"https:\/\/www.facebook.com\/anovapeneira","article_published_time":"2019-10-03T10:00:31+00:00","og_image":[{"width":720,"height":473,"url":"https:\/\/www.anovapeneira.gal\/wp-content\/uploads\/2019\/09\/PONTE_CALDELAS_A_NOVA_PENEIRA.jpg","type":"image\/jpeg"}],"author":"Redacci\u00f3n A Nova Peneira","twitter_card":"summary_large_image","twitter_creator":"@APeneira","twitter_site":"@APeneira","twitter_misc":{"Escrito por":"Redacci\u00f3n A Nova Peneira","Tempo de lectura":"3 minutos"},"schema":{"@context":"https:\/\/schema.org","@graph":[{"@type":"Article","@id":"https:\/\/www.anovapeneira.gal\/index.php\/2019\/10\/03\/o-pxom-de-ponte-caldelas-esta-en-camino\/#article","isPartOf":{"@id":"https:\/\/www.anovapeneira.gal\/index.php\/2019\/10\/03\/o-pxom-de-ponte-caldelas-esta-en-camino\/"},"author":{"name":"Redacci\u00f3n A Nova Peneira","@id":"https:\/\/www.anovapeneira.gal\/#\/schema\/person\/b93e3f8932e3f8da96334607eb6ac6aa"},"headline":"O PXOM de Ponte Caldelas est\u00e1 en cami\u00f1o","datePublished":"2019-10-03T10:00:31+00:00","mainEntityOfPage":{"@id":"https:\/\/www.anovapeneira.gal\/index.php\/2019\/10\/03\/o-pxom-de-ponte-caldelas-esta-en-camino\/"},"wordCount":703,"commentCount":0,"publisher":{"@id":"https:\/\/www.anovapeneira.gal\/#organization"},"image":{"@id":"https:\/\/www.anovapeneira.gal\/index.php\/2019\/10\/03\/o-pxom-de-ponte-caldelas-esta-en-camino\/#primaryimage"},"thumbnailUrl":"https:\/\/www.anovapeneira.gal\/wp-content\/uploads\/2019\/09\/PONTE_CALDELAS_A_NOVA_PENEIRA.jpg","keywords":["Concello de Ponteareas","PXOM"],"articleSection":["Pontevedra"],"inLanguage":"gl-ES","potentialAction":[{"@type":"CommentAction","name":"Comment","target":["https:\/\/www.anovapeneira.gal\/index.php\/2019\/10\/03\/o-pxom-de-ponte-caldelas-esta-en-camino\/#respond"]}]},{"@type":"WebPage","@id":"https:\/\/www.anovapeneira.gal\/index.php\/2019\/10\/03\/o-pxom-de-ponte-caldelas-esta-en-camino\/","url":"https:\/\/www.anovapeneira.gal\/index.php\/2019\/10\/03\/o-pxom-de-ponte-caldelas-esta-en-camino\/","name":"O PXOM de Ponte Caldelas est\u00e1 en cami\u00f1o -","isPartOf":{"@id":"https:\/\/www.anovapeneira.gal\/#website"},"primaryImageOfPage":{"@id":"https:\/\/www.anovapeneira.gal\/index.php\/2019\/10\/03\/o-pxom-de-ponte-caldelas-esta-en-camino\/#primaryimage"},"image":{"@id":"https:\/\/www.anovapeneira.gal\/index.php\/2019\/10\/03\/o-pxom-de-ponte-caldelas-esta-en-camino\/#primaryimage"},"thumbnailUrl":"https:\/\/www.anovapeneira.gal\/wp-content\/uploads\/2019\/09\/PONTE_CALDELAS_A_NOVA_PENEIRA.jpg","datePublished":"2019-10-03T10:00:31+00:00","breadcrumb":{"@id":"https:\/\/www.anovapeneira.gal\/index.php\/2019\/10\/03\/o-pxom-de-ponte-caldelas-esta-en-camino\/#breadcrumb"},"inLanguage":"gl-ES","potentialAction":[{"@type":"ReadAction","target":["https:\/\/www.anovapeneira.gal\/index.php\/2019\/10\/03\/o-pxom-de-ponte-caldelas-esta-en-camino\/"]}]},{"@type":"ImageObject","inLanguage":"gl-ES","@id":"https:\/\/www.anovapeneira.gal\/index.php\/2019\/10\/03\/o-pxom-de-ponte-caldelas-esta-en-camino\/#primaryimage","url":"https:\/\/www.anovapeneira.gal\/wp-content\/uploads\/2019\/09\/PONTE_CALDELAS_A_NOVA_PENEIRA.jpg","contentUrl":"https:\/\/www.anovapeneira.gal\/wp-content\/uploads\/2019\/09\/PONTE_CALDELAS_A_NOVA_PENEIRA.jpg","width":720,"height":473,"caption":"Ponte Caldelas A Nova Peneira"},{"@type":"BreadcrumbList","@id":"https:\/\/www.anovapeneira.gal\/index.php\/2019\/10\/03\/o-pxom-de-ponte-caldelas-esta-en-camino\/#breadcrumb","itemListElement":[{"@type":"ListItem","position":1,"name":"Portada","item":"https:\/\/www.anovapeneira.gal\/"},{"@type":"ListItem","position":2,"name":"O PXOM de Ponte Caldelas est\u00e1 en cami\u00f1o"}]},{"@type":"WebSite","@id":"https:\/\/www.anovapeneira.gal\/#website","url":"https:\/\/www.anovapeneira.gal\/","name":"","description":"Xornal galego de informaci\u00f3n xeral Publicaci\u00f3n mensual de novas de Galicia e en especial dos Concellos da sur da provincia de Pontevedra.","publisher":{"@id":"https:\/\/www.anovapeneira.gal\/#organization"},"potentialAction":[{"@type":"SearchAction","target":{"@type":"EntryPoint","urlTemplate":"https:\/\/www.anovapeneira.gal\/?s={search_term_string}"},"query-input":{"@type":"PropertyValueSpecification","valueRequired":true,"valueName":"search_term_string"}}],"inLanguage":"gl-ES"},{"@type":"Organization","@id":"https:\/\/www.anovapeneira.gal\/#organization","name":"A Nova Peneira","url":"https:\/\/www.anovapeneira.gal\/","logo":{"@type":"ImageObject","inLanguage":"gl-ES","@id":"https:\/\/www.anovapeneira.gal\/#\/schema\/logo\/image\/","url":"http:\/\/www.anovapeneira.gal\/wp-content\/uploads\/2019\/06\/logo_a_nova_peneira_portal_web.png","contentUrl":"http:\/\/www.anovapeneira.gal\/wp-content\/uploads\/2019\/06\/logo_a_nova_peneira_portal_web.png","width":300,"height":100,"caption":"A Nova Peneira"},"image":{"@id":"https:\/\/www.anovapeneira.gal\/#\/schema\/logo\/image\/"},"sameAs":["https:\/\/www.facebook.com\/anovapeneira","https:\/\/x.com\/APeneira"]},{"@type":"Person","@id":"https:\/\/www.anovapeneira.gal\/#\/schema\/person\/b93e3f8932e3f8da96334607eb6ac6aa","name":"Redacci\u00f3n A Nova Peneira","image":{"@type":"ImageObject","inLanguage":"gl-ES","@id":"https:\/\/secure.gravatar.com\/avatar\/c052a2551a06e23fac63626232eaa90abd78dbcf1700fc46a2b2c89fd27b735f?s=96&d=mm&r=g","url":"https:\/\/secure.gravatar.com\/avatar\/c052a2551a06e23fac63626232eaa90abd78dbcf1700fc46a2b2c89fd27b735f?s=96&d=mm&r=g","contentUrl":"https:\/\/secure.gravatar.com\/avatar\/c052a2551a06e23fac63626232eaa90abd78dbcf1700fc46a2b2c89fd27b735f?s=96&d=mm&r=g","caption":"Redacci\u00f3n A Nova Peneira"},"sameAs":["http:\/\/www.anovapeneira.gal\/"],"url":"https:\/\/www.anovapeneira.gal\/index.php\/author\/redactor\/"}]}},"jetpack_featured_media_url":"https:\/\/www.anovapeneira.gal\/wp-content\/uploads\/2019\/09\/PONTE_CALDELAS_A_NOVA_PENEIRA.jpg","_links":{"self":[{"href":"https:\/\/www.anovapeneira.gal\/index.php\/wp-json\/wp\/v2\/posts\/1412","targetHints":{"allow":["GET"]}}],"collection":[{"href":"https:\/\/www.anovapeneira.gal\/index.php\/wp-json\/wp\/v2\/posts"}],"about":[{"href":"https:\/\/www.anovapeneira.gal\/index.php\/wp-json\/wp\/v2\/types\/post"}],"author":[{"embeddable":true,"href":"https:\/\/www.anovapeneira.gal\/index.php\/wp-json\/wp\/v2\/users\/3"}],"replies":[{"embeddable":true,"href":"https:\/\/www.anovapeneira.gal\/index.php\/wp-json\/wp\/v2\/comments?post=1412"}],"version-history":[{"count":1,"href":"https:\/\/www.anovapeneira.gal\/index.php\/wp-json\/wp\/v2\/posts\/1412\/revisions"}],"predecessor-version":[{"id":1414,"href":"https:\/\/www.anovapeneira.gal\/index.php\/wp-json\/wp\/v2\/posts\/1412\/revisions\/1414"}],"wp:featuredmedia":[{"embeddable":true,"href":"https:\/\/www.anovapeneira.gal\/index.php\/wp-json\/wp\/v2\/media\/1413"}],"wp:attachment":[{"href":"https:\/\/www.anovapeneira.gal\/index.php\/wp-json\/wp\/v2\/media?parent=1412"}],"wp:term":[{"taxonomy":"category","embeddable":true,"href":"https:\/\/www.anovapeneira.gal\/index.php\/wp-json\/wp\/v2\/categories?post=1412"},{"taxonomy":"post_tag","embeddable":true,"href":"https:\/\/www.anovapeneira.gal\/index.php\/wp-json\/wp\/v2\/tags?post=1412"}],"curies":[{"name":"wp","href":"https:\/\/api.w.org\/{rel}","templated":true}]}}