{"id":1415,"date":"2019-10-03T10:00:37","date_gmt":"2019-10-03T08:00:37","guid":{"rendered":"http:\/\/www.anovapeneira.gal\/?p=1415"},"modified":"2019-09-30T23:17:43","modified_gmt":"2019-09-30T21:17:43","slug":"o-cra-estrea-este-curso-unha-biblioteca-que-optimiza-ao-maximo-os-seus-espazos","status":"publish","type":"post","link":"https:\/\/www.anovapeneira.gal\/index.php\/2019\/10\/03\/o-cra-estrea-este-curso-unha-biblioteca-que-optimiza-ao-maximo-os-seus-espazos\/","title":{"rendered":"O CRA estrea este curso unha biblioteca que optimiza ao m\u00e1ximo os seus espazos"},"content":{"rendered":"\n<h2 class=\"wp-block-heading\"><strong>Cun orzamento total de 30.000 euros, a remodelaci\u00f3n transformou a antiga biblioteca nun espazo polivalente adaptado \u00e1s necesidade do alumnado e do centro<\/strong><\/h2>\n\n\n\n<p><strong>Tomi\u00f1o, 27 de setembro de 2019<\/strong><\/p>\n\n\n\n<p>Un\nespazo \u201cadaptados aos rapaces, m\u00e1is polivalente e que cubre as\nnecesidades do centro\u201d. As\u00ed describe o concelleiro de Servizos\nP\u00fablicos, Lois V\u00e1zquez, as obras de remodelaci\u00f3n levadas a cabo\neste ver\u00e1n na biblioteca do CRA Mestre Manuel Garc\u00e9s, unhas obras\nque serviron para transformar a estancia nun espazo m\u00e1is vers\u00e1til\nque agora conta tam\u00e9n unha c\u00f3moda zona de traballo, cunha pequena\nbancada para contacontos ou outras actuaci\u00f3ns e no que tam\u00e9n est\u00e1\nintegrado o Departamento de Orientaci\u00f3n. As obras contaron cun\norzamento total de 30.000 euros financiados polo Concello de Tomi\u00f1o\nen colaboraci\u00f3n co propio centro.<\/p>\n\n\n\n<p>Os\ntraballos de remodelaci\u00f3n, que se fixeron durante o mes de agosto\npara non interromper a actividade diaria do centro, permitiron\n\u201coptimizar ao m\u00e1ximo o espazo do que \u00e9 o centro neur\u00e1lxico do\nCRA, con mobiliario adaptado e unha boa redistribuci\u00f3n dos espazos\nque o arquitecto soubo captar \u00e1 perfecci\u00f3n\u201d, salienta o director\ndo centro, Ant\u00f3n de Valenzuela. Unha transformaci\u00f3n coa que\n\u201clevamos tempo so\u00f1ando\u201d e que sup\u00f3n o primeiro chanzo para\n\u201crepensar os espazos das 13 aulas unitarias das que dispo\u00f1emos\u201d.<\/p>\n\n\n\n<p>Aproveitando\na reforma, o CRA comezou a recatalogaci\u00f3n de todos os volumes\ndispo\u00f1ibles na biblioteca, un proceso no que traballar\u00e1n nas\nvindeiras semanas e que esperan completar a finais de outubro ou\nnovembro coa inauguraci\u00f3n da Biblioteca.  \n<\/p>\n\n\n\n<p><strong>Aposta\npolos centros educativos<\/strong><\/p>\n\n\n\n<p>O\nGoberno local segue apostando polo investimento nos centros\neducativos de Tomi\u00f1o, no que se investiron m\u00e1is de 60.000 euros de\nfondos municipais para mellorar os espazos que empregan d\u00eda a d\u00eda\nos m\u00e1is de 1.550 estudantes da vila. Por este motivo, xunto coa\nremodelaci\u00f3n da Biblioteca do CRA, durante as vacaci\u00f3ns estivais\nlev\u00e1ronse a cabo varias obras de mantemento e reparaci\u00f3n, como\nmelloras no comedor da escola Gali\u00f1a Azul\ndo Seixo, pistas balonm\u00e1n e baloncesto no Mosteiro para uso\ncompartido entre o alumnado do colexio Pedro Caselles e a veci\u00f1anza\ne cambio de chan en tres aulas do colexio de Sobrada, as\u00ed como\ndiferentes obras de mantemento (fontaner\u00eda, electricidade, limpeza\npatios, etc.).<\/p>\n","protected":false},"excerpt":{"rendered":"<div class=\"mh-excerpt\"><p>Cun orzamento total de 30.000 euros, a remodelaci\u00f3n transformou a antiga biblioteca nun espazo polivalente adaptado \u00e1s necesidade do alumnado e do centro <a class=\"mh-excerpt-more\" href=\"https:\/\/www.anovapeneira.gal\/index.php\/2019\/10\/03\/o-cra-estrea-este-curso-unha-biblioteca-que-optimiza-ao-maximo-os-seus-espazos\/\" title=\"O CRA estrea este curso unha biblioteca que optimiza ao m\u00e1ximo os seus espazos\">[&#8230;]<\/a><\/p>\n<\/div>","protected":false},"author":3,"featured_media":1416,"comment_status":"open","ping_status":"open","sticky":false,"template":"","format":"standard","meta":{"_exactmetrics_skip_tracking":false,"_exactmetrics_sitenote_active":false,"_exactmetrics_sitenote_note":"","_exactmetrics_sitenote_category":0,"footnotes":""},"categories":[21],"tags":[518,81],"class_list":{"0":"post-1415","1":"post","2":"type-post","3":"status-publish","4":"format-standard","5":"has-post-thumbnail","7":"category-baixo-mino","8":"tag-biblioteca","9":"tag-concello-de-tomino"},"yoast_head":"<!-- This site is optimized with the Yoast SEO plugin v27.4 - https:\/\/yoast.com\/product\/yoast-seo-wordpress\/ -->\n<title>O CRA estrea este curso unha biblioteca que optimiza ao m\u00e1ximo os seus espazos -<\/title>\n<meta name=\"robots\" content=\"index, follow, max-snippet:-1, max-image-preview:large, max-video-preview:-1\" \/>\n<link rel=\"canonical\" href=\"https:\/\/www.anovapeneira.gal\/index.php\/2019\/10\/03\/o-cra-estrea-este-curso-unha-biblioteca-que-optimiza-ao-maximo-os-seus-espazos\/\" \/>\n<meta property=\"og:locale\" content=\"gl_ES\" \/>\n<meta property=\"og:type\" content=\"article\" \/>\n<meta property=\"og:title\" content=\"O CRA estrea este curso unha biblioteca que optimiza ao m\u00e1ximo os seus espazos -\" \/>\n<meta property=\"og:description\" content=\"Cun orzamento total de 30.000 euros, a remodelaci\u00f3n transformou a antiga biblioteca nun espazo polivalente adaptado \u00e1s necesidade do alumnado e do centro [...]\" \/>\n<meta property=\"og:url\" content=\"https:\/\/www.anovapeneira.gal\/index.php\/2019\/10\/03\/o-cra-estrea-este-curso-unha-biblioteca-que-optimiza-ao-maximo-os-seus-espazos\/\" \/>\n<meta property=\"article:publisher\" content=\"https:\/\/www.facebook.com\/anovapeneira\" \/>\n<meta property=\"article:published_time\" content=\"2019-10-03T08:00:37+00:00\" \/>\n<meta property=\"og:image\" content=\"https:\/\/www.anovapeneira.gal\/wp-content\/uploads\/2019\/09\/TomiNHo_a_nova_peneira.jpg\" \/>\n\t<meta property=\"og:image:width\" content=\"720\" \/>\n\t<meta property=\"og:image:height\" content=\"473\" \/>\n\t<meta property=\"og:image:type\" content=\"image\/jpeg\" \/>\n<meta name=\"author\" content=\"Redacci\u00f3n A Nova Peneira\" \/>\n<meta name=\"twitter:card\" content=\"summary_large_image\" \/>\n<meta name=\"twitter:creator\" content=\"@APeneira\" \/>\n<meta name=\"twitter:site\" content=\"@APeneira\" \/>\n<meta name=\"twitter:label1\" content=\"Escrito por\" \/>\n\t<meta name=\"twitter:data1\" content=\"Redacci\u00f3n A Nova Peneira\" \/>\n\t<meta name=\"twitter:label2\" content=\"Tempo de lectura\" \/>\n\t<meta name=\"twitter:data2\" content=\"2 minutos\" \/>\n<script type=\"application\/ld+json\" class=\"yoast-schema-graph\">{\"@context\":\"https:\\\/\\\/schema.org\",\"@graph\":[{\"@type\":\"Article\",\"@id\":\"https:\\\/\\\/www.anovapeneira.gal\\\/index.php\\\/2019\\\/10\\\/03\\\/o-cra-estrea-este-curso-unha-biblioteca-que-optimiza-ao-maximo-os-seus-espazos\\\/#article\",\"isPartOf\":{\"@id\":\"https:\\\/\\\/www.anovapeneira.gal\\\/index.php\\\/2019\\\/10\\\/03\\\/o-cra-estrea-este-curso-unha-biblioteca-que-optimiza-ao-maximo-os-seus-espazos\\\/\"},\"author\":{\"name\":\"Redacci\u00f3n A Nova Peneira\",\"@id\":\"https:\\\/\\\/www.anovapeneira.gal\\\/#\\\/schema\\\/person\\\/b93e3f8932e3f8da96334607eb6ac6aa\"},\"headline\":\"O CRA estrea este curso unha biblioteca que optimiza ao m\u00e1ximo os seus espazos\",\"datePublished\":\"2019-10-03T08:00:37+00:00\",\"mainEntityOfPage\":{\"@id\":\"https:\\\/\\\/www.anovapeneira.gal\\\/index.php\\\/2019\\\/10\\\/03\\\/o-cra-estrea-este-curso-unha-biblioteca-que-optimiza-ao-maximo-os-seus-espazos\\\/\"},\"wordCount\":412,\"commentCount\":0,\"publisher\":{\"@id\":\"https:\\\/\\\/www.anovapeneira.gal\\\/#organization\"},\"image\":{\"@id\":\"https:\\\/\\\/www.anovapeneira.gal\\\/index.php\\\/2019\\\/10\\\/03\\\/o-cra-estrea-este-curso-unha-biblioteca-que-optimiza-ao-maximo-os-seus-espazos\\\/#primaryimage\"},\"thumbnailUrl\":\"https:\\\/\\\/www.anovapeneira.gal\\\/wp-content\\\/uploads\\\/2019\\\/09\\\/TomiNHo_a_nova_peneira.jpg\",\"keywords\":[\"Biblioteca\",\"Concello de Tomi\u00f1o\"],\"articleSection\":[\"Baixo Mi\u00f1o\"],\"inLanguage\":\"gl-ES\",\"potentialAction\":[{\"@type\":\"CommentAction\",\"name\":\"Comment\",\"target\":[\"https:\\\/\\\/www.anovapeneira.gal\\\/index.php\\\/2019\\\/10\\\/03\\\/o-cra-estrea-este-curso-unha-biblioteca-que-optimiza-ao-maximo-os-seus-espazos\\\/#respond\"]}]},{\"@type\":\"WebPage\",\"@id\":\"https:\\\/\\\/www.anovapeneira.gal\\\/index.php\\\/2019\\\/10\\\/03\\\/o-cra-estrea-este-curso-unha-biblioteca-que-optimiza-ao-maximo-os-seus-espazos\\\/\",\"url\":\"https:\\\/\\\/www.anovapeneira.gal\\\/index.php\\\/2019\\\/10\\\/03\\\/o-cra-estrea-este-curso-unha-biblioteca-que-optimiza-ao-maximo-os-seus-espazos\\\/\",\"name\":\"O CRA estrea este curso unha biblioteca que optimiza ao m\u00e1ximo os seus espazos -\",\"isPartOf\":{\"@id\":\"https:\\\/\\\/www.anovapeneira.gal\\\/#website\"},\"primaryImageOfPage\":{\"@id\":\"https:\\\/\\\/www.anovapeneira.gal\\\/index.php\\\/2019\\\/10\\\/03\\\/o-cra-estrea-este-curso-unha-biblioteca-que-optimiza-ao-maximo-os-seus-espazos\\\/#primaryimage\"},\"image\":{\"@id\":\"https:\\\/\\\/www.anovapeneira.gal\\\/index.php\\\/2019\\\/10\\\/03\\\/o-cra-estrea-este-curso-unha-biblioteca-que-optimiza-ao-maximo-os-seus-espazos\\\/#primaryimage\"},\"thumbnailUrl\":\"https:\\\/\\\/www.anovapeneira.gal\\\/wp-content\\\/uploads\\\/2019\\\/09\\\/TomiNHo_a_nova_peneira.jpg\",\"datePublished\":\"2019-10-03T08:00:37+00:00\",\"breadcrumb\":{\"@id\":\"https:\\\/\\\/www.anovapeneira.gal\\\/index.php\\\/2019\\\/10\\\/03\\\/o-cra-estrea-este-curso-unha-biblioteca-que-optimiza-ao-maximo-os-seus-espazos\\\/#breadcrumb\"},\"inLanguage\":\"gl-ES\",\"potentialAction\":[{\"@type\":\"ReadAction\",\"target\":[\"https:\\\/\\\/www.anovapeneira.gal\\\/index.php\\\/2019\\\/10\\\/03\\\/o-cra-estrea-este-curso-unha-biblioteca-que-optimiza-ao-maximo-os-seus-espazos\\\/\"]}]},{\"@type\":\"ImageObject\",\"inLanguage\":\"gl-ES\",\"@id\":\"https:\\\/\\\/www.anovapeneira.gal\\\/index.php\\\/2019\\\/10\\\/03\\\/o-cra-estrea-este-curso-unha-biblioteca-que-optimiza-ao-maximo-os-seus-espazos\\\/#primaryimage\",\"url\":\"https:\\\/\\\/www.anovapeneira.gal\\\/wp-content\\\/uploads\\\/2019\\\/09\\\/TomiNHo_a_nova_peneira.jpg\",\"contentUrl\":\"https:\\\/\\\/www.anovapeneira.gal\\\/wp-content\\\/uploads\\\/2019\\\/09\\\/TomiNHo_a_nova_peneira.jpg\",\"width\":720,\"height\":473,\"caption\":\"Tomi\u00f1o Biblioteca A Nova Peneira\"},{\"@type\":\"BreadcrumbList\",\"@id\":\"https:\\\/\\\/www.anovapeneira.gal\\\/index.php\\\/2019\\\/10\\\/03\\\/o-cra-estrea-este-curso-unha-biblioteca-que-optimiza-ao-maximo-os-seus-espazos\\\/#breadcrumb\",\"itemListElement\":[{\"@type\":\"ListItem\",\"position\":1,\"name\":\"Portada\",\"item\":\"https:\\\/\\\/www.anovapeneira.gal\\\/\"},{\"@type\":\"ListItem\",\"position\":2,\"name\":\"O CRA estrea este curso unha biblioteca que optimiza ao m\u00e1ximo os seus espazos\"}]},{\"@type\":\"WebSite\",\"@id\":\"https:\\\/\\\/www.anovapeneira.gal\\\/#website\",\"url\":\"https:\\\/\\\/www.anovapeneira.gal\\\/\",\"name\":\"\",\"description\":\"Xornal galego de informaci\u00f3n xeral Publicaci\u00f3n mensual de novas de Galicia e en especial dos Concellos da sur da provincia de Pontevedra.\",\"publisher\":{\"@id\":\"https:\\\/\\\/www.anovapeneira.gal\\\/#organization\"},\"potentialAction\":[{\"@type\":\"SearchAction\",\"target\":{\"@type\":\"EntryPoint\",\"urlTemplate\":\"https:\\\/\\\/www.anovapeneira.gal\\\/?s={search_term_string}\"},\"query-input\":{\"@type\":\"PropertyValueSpecification\",\"valueRequired\":true,\"valueName\":\"search_term_string\"}}],\"inLanguage\":\"gl-ES\"},{\"@type\":\"Organization\",\"@id\":\"https:\\\/\\\/www.anovapeneira.gal\\\/#organization\",\"name\":\"A Nova Peneira\",\"url\":\"https:\\\/\\\/www.anovapeneira.gal\\\/\",\"logo\":{\"@type\":\"ImageObject\",\"inLanguage\":\"gl-ES\",\"@id\":\"https:\\\/\\\/www.anovapeneira.gal\\\/#\\\/schema\\\/logo\\\/image\\\/\",\"url\":\"http:\\\/\\\/www.anovapeneira.gal\\\/wp-content\\\/uploads\\\/2019\\\/06\\\/logo_a_nova_peneira_portal_web.png\",\"contentUrl\":\"http:\\\/\\\/www.anovapeneira.gal\\\/wp-content\\\/uploads\\\/2019\\\/06\\\/logo_a_nova_peneira_portal_web.png\",\"width\":300,\"height\":100,\"caption\":\"A Nova Peneira\"},\"image\":{\"@id\":\"https:\\\/\\\/www.anovapeneira.gal\\\/#\\\/schema\\\/logo\\\/image\\\/\"},\"sameAs\":[\"https:\\\/\\\/www.facebook.com\\\/anovapeneira\",\"https:\\\/\\\/x.com\\\/APeneira\"]},{\"@type\":\"Person\",\"@id\":\"https:\\\/\\\/www.anovapeneira.gal\\\/#\\\/schema\\\/person\\\/b93e3f8932e3f8da96334607eb6ac6aa\",\"name\":\"Redacci\u00f3n A Nova Peneira\",\"image\":{\"@type\":\"ImageObject\",\"inLanguage\":\"gl-ES\",\"@id\":\"https:\\\/\\\/secure.gravatar.com\\\/avatar\\\/c052a2551a06e23fac63626232eaa90abd78dbcf1700fc46a2b2c89fd27b735f?s=96&d=mm&r=g\",\"url\":\"https:\\\/\\\/secure.gravatar.com\\\/avatar\\\/c052a2551a06e23fac63626232eaa90abd78dbcf1700fc46a2b2c89fd27b735f?s=96&d=mm&r=g\",\"contentUrl\":\"https:\\\/\\\/secure.gravatar.com\\\/avatar\\\/c052a2551a06e23fac63626232eaa90abd78dbcf1700fc46a2b2c89fd27b735f?s=96&d=mm&r=g\",\"caption\":\"Redacci\u00f3n A Nova Peneira\"},\"sameAs\":[\"http:\\\/\\\/www.anovapeneira.gal\\\/\"],\"url\":\"https:\\\/\\\/www.anovapeneira.gal\\\/index.php\\\/author\\\/redactor\\\/\"}]}<\/script>\n<!-- \/ Yoast SEO plugin. -->","yoast_head_json":{"title":"O CRA estrea este curso unha biblioteca que optimiza ao m\u00e1ximo os seus espazos -","robots":{"index":"index","follow":"follow","max-snippet":"max-snippet:-1","max-image-preview":"max-image-preview:large","max-video-preview":"max-video-preview:-1"},"canonical":"https:\/\/www.anovapeneira.gal\/index.php\/2019\/10\/03\/o-cra-estrea-este-curso-unha-biblioteca-que-optimiza-ao-maximo-os-seus-espazos\/","og_locale":"gl_ES","og_type":"article","og_title":"O CRA estrea este curso unha biblioteca que optimiza ao m\u00e1ximo os seus espazos -","og_description":"Cun orzamento total de 30.000 euros, a remodelaci\u00f3n transformou a antiga biblioteca nun espazo polivalente adaptado \u00e1s necesidade do alumnado e do centro [...]","og_url":"https:\/\/www.anovapeneira.gal\/index.php\/2019\/10\/03\/o-cra-estrea-este-curso-unha-biblioteca-que-optimiza-ao-maximo-os-seus-espazos\/","article_publisher":"https:\/\/www.facebook.com\/anovapeneira","article_published_time":"2019-10-03T08:00:37+00:00","og_image":[{"width":720,"height":473,"url":"https:\/\/www.anovapeneira.gal\/wp-content\/uploads\/2019\/09\/TomiNHo_a_nova_peneira.jpg","type":"image\/jpeg"}],"author":"Redacci\u00f3n A Nova Peneira","twitter_card":"summary_large_image","twitter_creator":"@APeneira","twitter_site":"@APeneira","twitter_misc":{"Escrito por":"Redacci\u00f3n A Nova Peneira","Tempo de lectura":"2 minutos"},"schema":{"@context":"https:\/\/schema.org","@graph":[{"@type":"Article","@id":"https:\/\/www.anovapeneira.gal\/index.php\/2019\/10\/03\/o-cra-estrea-este-curso-unha-biblioteca-que-optimiza-ao-maximo-os-seus-espazos\/#article","isPartOf":{"@id":"https:\/\/www.anovapeneira.gal\/index.php\/2019\/10\/03\/o-cra-estrea-este-curso-unha-biblioteca-que-optimiza-ao-maximo-os-seus-espazos\/"},"author":{"name":"Redacci\u00f3n A Nova Peneira","@id":"https:\/\/www.anovapeneira.gal\/#\/schema\/person\/b93e3f8932e3f8da96334607eb6ac6aa"},"headline":"O CRA estrea este curso unha biblioteca que optimiza ao m\u00e1ximo os seus espazos","datePublished":"2019-10-03T08:00:37+00:00","mainEntityOfPage":{"@id":"https:\/\/www.anovapeneira.gal\/index.php\/2019\/10\/03\/o-cra-estrea-este-curso-unha-biblioteca-que-optimiza-ao-maximo-os-seus-espazos\/"},"wordCount":412,"commentCount":0,"publisher":{"@id":"https:\/\/www.anovapeneira.gal\/#organization"},"image":{"@id":"https:\/\/www.anovapeneira.gal\/index.php\/2019\/10\/03\/o-cra-estrea-este-curso-unha-biblioteca-que-optimiza-ao-maximo-os-seus-espazos\/#primaryimage"},"thumbnailUrl":"https:\/\/www.anovapeneira.gal\/wp-content\/uploads\/2019\/09\/TomiNHo_a_nova_peneira.jpg","keywords":["Biblioteca","Concello de Tomi\u00f1o"],"articleSection":["Baixo Mi\u00f1o"],"inLanguage":"gl-ES","potentialAction":[{"@type":"CommentAction","name":"Comment","target":["https:\/\/www.anovapeneira.gal\/index.php\/2019\/10\/03\/o-cra-estrea-este-curso-unha-biblioteca-que-optimiza-ao-maximo-os-seus-espazos\/#respond"]}]},{"@type":"WebPage","@id":"https:\/\/www.anovapeneira.gal\/index.php\/2019\/10\/03\/o-cra-estrea-este-curso-unha-biblioteca-que-optimiza-ao-maximo-os-seus-espazos\/","url":"https:\/\/www.anovapeneira.gal\/index.php\/2019\/10\/03\/o-cra-estrea-este-curso-unha-biblioteca-que-optimiza-ao-maximo-os-seus-espazos\/","name":"O CRA estrea este curso unha biblioteca que optimiza ao m\u00e1ximo os seus espazos -","isPartOf":{"@id":"https:\/\/www.anovapeneira.gal\/#website"},"primaryImageOfPage":{"@id":"https:\/\/www.anovapeneira.gal\/index.php\/2019\/10\/03\/o-cra-estrea-este-curso-unha-biblioteca-que-optimiza-ao-maximo-os-seus-espazos\/#primaryimage"},"image":{"@id":"https:\/\/www.anovapeneira.gal\/index.php\/2019\/10\/03\/o-cra-estrea-este-curso-unha-biblioteca-que-optimiza-ao-maximo-os-seus-espazos\/#primaryimage"},"thumbnailUrl":"https:\/\/www.anovapeneira.gal\/wp-content\/uploads\/2019\/09\/TomiNHo_a_nova_peneira.jpg","datePublished":"2019-10-03T08:00:37+00:00","breadcrumb":{"@id":"https:\/\/www.anovapeneira.gal\/index.php\/2019\/10\/03\/o-cra-estrea-este-curso-unha-biblioteca-que-optimiza-ao-maximo-os-seus-espazos\/#breadcrumb"},"inLanguage":"gl-ES","potentialAction":[{"@type":"ReadAction","target":["https:\/\/www.anovapeneira.gal\/index.php\/2019\/10\/03\/o-cra-estrea-este-curso-unha-biblioteca-que-optimiza-ao-maximo-os-seus-espazos\/"]}]},{"@type":"ImageObject","inLanguage":"gl-ES","@id":"https:\/\/www.anovapeneira.gal\/index.php\/2019\/10\/03\/o-cra-estrea-este-curso-unha-biblioteca-que-optimiza-ao-maximo-os-seus-espazos\/#primaryimage","url":"https:\/\/www.anovapeneira.gal\/wp-content\/uploads\/2019\/09\/TomiNHo_a_nova_peneira.jpg","contentUrl":"https:\/\/www.anovapeneira.gal\/wp-content\/uploads\/2019\/09\/TomiNHo_a_nova_peneira.jpg","width":720,"height":473,"caption":"Tomi\u00f1o Biblioteca A Nova Peneira"},{"@type":"BreadcrumbList","@id":"https:\/\/www.anovapeneira.gal\/index.php\/2019\/10\/03\/o-cra-estrea-este-curso-unha-biblioteca-que-optimiza-ao-maximo-os-seus-espazos\/#breadcrumb","itemListElement":[{"@type":"ListItem","position":1,"name":"Portada","item":"https:\/\/www.anovapeneira.gal\/"},{"@type":"ListItem","position":2,"name":"O CRA estrea este curso unha biblioteca que optimiza ao m\u00e1ximo os seus espazos"}]},{"@type":"WebSite","@id":"https:\/\/www.anovapeneira.gal\/#website","url":"https:\/\/www.anovapeneira.gal\/","name":"","description":"Xornal galego de informaci\u00f3n xeral Publicaci\u00f3n mensual de novas de Galicia e en especial dos Concellos da sur da provincia de Pontevedra.","publisher":{"@id":"https:\/\/www.anovapeneira.gal\/#organization"},"potentialAction":[{"@type":"SearchAction","target":{"@type":"EntryPoint","urlTemplate":"https:\/\/www.anovapeneira.gal\/?s={search_term_string}"},"query-input":{"@type":"PropertyValueSpecification","valueRequired":true,"valueName":"search_term_string"}}],"inLanguage":"gl-ES"},{"@type":"Organization","@id":"https:\/\/www.anovapeneira.gal\/#organization","name":"A Nova Peneira","url":"https:\/\/www.anovapeneira.gal\/","logo":{"@type":"ImageObject","inLanguage":"gl-ES","@id":"https:\/\/www.anovapeneira.gal\/#\/schema\/logo\/image\/","url":"http:\/\/www.anovapeneira.gal\/wp-content\/uploads\/2019\/06\/logo_a_nova_peneira_portal_web.png","contentUrl":"http:\/\/www.anovapeneira.gal\/wp-content\/uploads\/2019\/06\/logo_a_nova_peneira_portal_web.png","width":300,"height":100,"caption":"A Nova Peneira"},"image":{"@id":"https:\/\/www.anovapeneira.gal\/#\/schema\/logo\/image\/"},"sameAs":["https:\/\/www.facebook.com\/anovapeneira","https:\/\/x.com\/APeneira"]},{"@type":"Person","@id":"https:\/\/www.anovapeneira.gal\/#\/schema\/person\/b93e3f8932e3f8da96334607eb6ac6aa","name":"Redacci\u00f3n A Nova Peneira","image":{"@type":"ImageObject","inLanguage":"gl-ES","@id":"https:\/\/secure.gravatar.com\/avatar\/c052a2551a06e23fac63626232eaa90abd78dbcf1700fc46a2b2c89fd27b735f?s=96&d=mm&r=g","url":"https:\/\/secure.gravatar.com\/avatar\/c052a2551a06e23fac63626232eaa90abd78dbcf1700fc46a2b2c89fd27b735f?s=96&d=mm&r=g","contentUrl":"https:\/\/secure.gravatar.com\/avatar\/c052a2551a06e23fac63626232eaa90abd78dbcf1700fc46a2b2c89fd27b735f?s=96&d=mm&r=g","caption":"Redacci\u00f3n A Nova Peneira"},"sameAs":["http:\/\/www.anovapeneira.gal\/"],"url":"https:\/\/www.anovapeneira.gal\/index.php\/author\/redactor\/"}]}},"jetpack_featured_media_url":"https:\/\/www.anovapeneira.gal\/wp-content\/uploads\/2019\/09\/TomiNHo_a_nova_peneira.jpg","_links":{"self":[{"href":"https:\/\/www.anovapeneira.gal\/index.php\/wp-json\/wp\/v2\/posts\/1415","targetHints":{"allow":["GET"]}}],"collection":[{"href":"https:\/\/www.anovapeneira.gal\/index.php\/wp-json\/wp\/v2\/posts"}],"about":[{"href":"https:\/\/www.anovapeneira.gal\/index.php\/wp-json\/wp\/v2\/types\/post"}],"author":[{"embeddable":true,"href":"https:\/\/www.anovapeneira.gal\/index.php\/wp-json\/wp\/v2\/users\/3"}],"replies":[{"embeddable":true,"href":"https:\/\/www.anovapeneira.gal\/index.php\/wp-json\/wp\/v2\/comments?post=1415"}],"version-history":[{"count":1,"href":"https:\/\/www.anovapeneira.gal\/index.php\/wp-json\/wp\/v2\/posts\/1415\/revisions"}],"predecessor-version":[{"id":1417,"href":"https:\/\/www.anovapeneira.gal\/index.php\/wp-json\/wp\/v2\/posts\/1415\/revisions\/1417"}],"wp:featuredmedia":[{"embeddable":true,"href":"https:\/\/www.anovapeneira.gal\/index.php\/wp-json\/wp\/v2\/media\/1416"}],"wp:attachment":[{"href":"https:\/\/www.anovapeneira.gal\/index.php\/wp-json\/wp\/v2\/media?parent=1415"}],"wp:term":[{"taxonomy":"category","embeddable":true,"href":"https:\/\/www.anovapeneira.gal\/index.php\/wp-json\/wp\/v2\/categories?post=1415"},{"taxonomy":"post_tag","embeddable":true,"href":"https:\/\/www.anovapeneira.gal\/index.php\/wp-json\/wp\/v2\/tags?post=1415"}],"curies":[{"name":"wp","href":"https:\/\/api.w.org\/{rel}","templated":true}]}}