{"id":14158,"date":"2025-07-04T10:00:48","date_gmt":"2025-07-04T08:00:48","guid":{"rendered":"https:\/\/www.anovapeneira.gal\/?p=14158"},"modified":"2025-07-03T09:50:12","modified_gmt":"2025-07-03T07:50:12","slug":"nin-2-nin-5-otan-non-bases-fora","status":"publish","type":"post","link":"https:\/\/www.anovapeneira.gal\/index.php\/2025\/07\/04\/nin-2-nin-5-otan-non-bases-fora\/","title":{"rendered":"NIN 2%, NIN 5%. OTAN NON, BASES F\u00d3RA!"},"content":{"rendered":"\n<figure class=\"wp-block-image size-full is-resized\"><img loading=\"lazy\" decoding=\"async\" width=\"190\" height=\"222\" src=\"https:\/\/www.anovapeneira.gal\/wp-content\/uploads\/2019\/07\/pedro_cortegoso_opinion_a_nova_peneira_bn.jpg\" alt=\"Pedro M. Cortegoso Gago Artigo Opini\u00f3n A Nova Peneira\" class=\"wp-image-464\" style=\"width:107px;height:auto\"\/><figcaption class=\"wp-element-caption\">Pedro M. Cortegoso Gago\nTraballador do Sergas<\/figcaption><\/figure>\n\n\n\n<p>O PSOE ga\u00f1ou unhas elecci\u00f3ns prometendo a sa\u00edda do Estado Espa\u00f1ol da OTAN, e xa sabemos como acabou o conto. Agora un presidente dese mesmo partido quere facernos crer que foi ao cumio da OTAN a facerse o forte e a po\u00f1erse bravo ante EEUU. Temos que reco\u00f1ecer que Pedro S\u00e1nchez \u00e9 un experto en facer caras, xestos e cambiar os tons de voz para facerse o interesante ou o preocupado. Por\u00e9n, non pode negar o evidente, e por moito que insista asinou, co resto dos gobernos lacaios aos EEUU, incrementar o gasto en defensa at\u00e9 un 5% do PIB. Un acordo que aposta por un futuro de m\u00e1is guerra no mundo.<\/p>\n\n\n\n<p>A d\u00eda de hoxe, e segundo c\u00e1lculos de colectivos antimilitaristas e pola paz, o gasto militar sumados os orzamentos do Ministerio de Defensa cos orzamentos de outros que van destinados a fins militares estar\u00eda, no Estado Espa\u00f1ol, en torno a uns 40,457 mill\u00f3ns de euros e chegar\u00eda a un 2,48% do PIB.<\/p>\n\n\n\n<p>A maiores o goberno \u201cprogresista\u201d puxo en marcha proxectos de rearme desde o ano 2020 que imos estar pagando durante anos: cinco fragatas, avi\u00f3ns de combate, veh\u00edculos blindados, bater\u00edas de m\u00edsiles Patriot. Deixalle feito o traballo sucio ao pr\u00f3ximo goberno do PP\/VOX.<\/p>\n\n\n\n<p><strong>Se a todo isto lle sumamos un incremento at\u00e9 o 5% do PIB de onde van sa\u00edr os cartos?<\/strong><\/p>\n\n\n\n<p>Evidentemente dos nosos petos. Todos eses cartos que van ir aos fabricantes de armas, principalmente estadounidenses, van sa\u00edr dos nosos impostos e dos recortes que van afectar ao noso nivel de vida. Non van sa\u00edr das grandes fortunas nin dos beneficios empresariais. A banca non vai po\u00f1er un peso e os fondos de investimentos menos. Eles van ser os que se lucren coa nosa futura pobreza.<\/p>\n\n\n\n<p>Ve\u00f1en tempos duros, xa podemos despedirnos da mellora da Sanidade P\u00fablica, das infraestruturas, dos servizos sociais, da atenci\u00f3n \u00e1s persoas maiores, as prestaci\u00f3ns por desemprego ser\u00e1n m\u00e1is pequenas. Xa podemos ir aforrando para a xubilaci\u00f3n, o recorte das pensi\u00f3ns ser\u00e1 necesario para pagar as bombas.<\/p>\n\n\n\n<p><strong>Os EEUU o gran beneficiado.<\/strong><\/p>\n\n\n\n<p>No chamado \u201cOccidente colectivo\u201d o imperio dirixido polos EEUU pouco a pouco vaise desmoronando, incapaz de darlle volta a unha situaci\u00f3n financeira insost\u00edbel pola enorme d\u00e9beda que ten ese pa\u00eds. Unha d\u00e9beda que medra sen parar e que o Sr. Trump en 150 d\u00edas de goberno elevou en 625.000 mill\u00f3ns de d\u00f3lares, deix\u00e1ndoa nuns 37 bill\u00f3ns de d\u00f3lares.<\/p>\n\n\n\n<p>EEUU xa non ten capacidade financeira, e militar, para manter varias guerras a un tempo. Necesita que os pa\u00edses da OTAN gasten mill\u00f3ns compr\u00e1ndolles armamento e que a Uni\u00f3n Europea financie a fracasada guerra proxy contra Rusia. Unha forma de conseguir financiamento \u00e9 con ese 5% que lles van pagar os pa\u00edses da OTAN mercando armas.<\/p>\n\n\n\n<p>Xa non poden guerrear na Ucra\u00edna e ao tempo desestabilizar, da man de Israel, Oriente Medio tentando acabar con Ir\u00e1n, un dos pa\u00edses con maiores reservas de petr\u00f3leo e gas do mundo. As \u00faltimas guerras provocadas polo imperialismo son un intento de manter un mundo unipolar que se resiste a desaparecer. E para subsistir son capaces de levar o caos e a destruci\u00f3n a calquera parte do planeta.<\/p>\n\n\n\n<p>EEUU e a UE apostan pola guerra para manter o seu mundo \u201cbaseado en regras\u201d, as s\u00faas, mentres tanto o mundo real vai cambiando e reconfigur\u00e1ndose. Hai novas alianzas como os BRICs da man de China e Rusia, que representan a metade da poboaci\u00f3n mundial e m\u00e1is do 41% do PIB mundial. A \u201cillada\u201d Rusia re\u00fane a cento cincuenta pa\u00edses no Foro Econ\u00f3mico Internacional celebrado en San Petesburgo (Leningrado).<\/p>\n\n\n\n<p>Rusia, pese a guerra e as sanci\u00f3ns econ\u00f3micas, est\u00e1 demostrando que se preparou ben estes \u00faltimos anos e ten capacidade para resistir militar e economicamente. Ir\u00e1n venceu ao combinado Israel+USA a\u00ednda que pagou un prezo moi alto nunha guerra que non rematou e que o imperio recomezar\u00e1 cando menos o esperemos.<\/p>\n\n\n\n<p><strong>Incrementar o gasto en defensa \u00e9 inmoral.<\/strong><\/p>\n\n\n\n<p>Para que asumamos esta axenda b\u00e9lica seguen a estratexia do medo. Intox\u00edcannos a todas horas con falsas ameazas rusas ou chinas, igual que fixeron antes co perigo comunista ou islamita. Dinnos que Ir\u00e1n \u00e9 un \u201cr\u00e9xime\u201d e a entidade colonizadora e xenocida de Israel a \u00fanica \u201cdemocracia\u201d en Oriente Medio. Se prendemos a televisi\u00f3n, a radio ou internet a propaganda e as fake news son permanentes nos medios p\u00fablicos e privados desacreditando a estes pa\u00edses con informaci\u00f3ns claramente manipuladas e falsas.<\/p>\n\n\n\n<p>Incrementar o gasto en defensa \u00e9 inmoral. Como inmoral \u00e9 pertencer a unha organizaci\u00f3n criminal como a OTAN ou colaborar co xenocida estado de Israel e no bombardeo de Ir\u00e1n. Non \u00e9 s\u00f3 cuesti\u00f3n de cartos e de recortes, tam\u00e9n \u00e9 cuesti\u00f3n de humanidade e dignidade fronte aos xenocidas que pretenden un futuro de guerra e caos. Que non van dubidar en mandar aos nos@s fill@s, sobri\u00f1@s, <a href=\"mailto:net@s\">net@s<\/a> a unha guerra para aumentar os seus beneficios empresariais, a\u00ednda que implique a destruci\u00f3n do planeta.<\/p>\n\n\n\n<p>Mar\u00edn, 28 de xu\u00f1o de 2025.<\/p>\n","protected":false},"excerpt":{"rendered":"<div class=\"mh-excerpt\"><p>O PSOE ga\u00f1ou unhas elecci\u00f3ns prometendo a sa\u00edda do Estado Espa\u00f1ol da OTAN, e xa sabemos como acabou o conto. Agora un presidente dese mesmo partido quere facernos crer que foi ao cumio da OTAN a facerse o forte e a po\u00f1erse bravo ante EEUU <a class=\"mh-excerpt-more\" href=\"https:\/\/www.anovapeneira.gal\/index.php\/2025\/07\/04\/nin-2-nin-5-otan-non-bases-fora\/\" title=\"NIN 2%, NIN 5%. OTAN NON, BASES F\u00d3RA!\">[&#8230;]<\/a><\/p>\n<\/div>","protected":false},"author":4,"featured_media":584,"comment_status":"open","ping_status":"open","sticky":false,"template":"","format":"standard","meta":{"_exactmetrics_skip_tracking":false,"_exactmetrics_sitenote_active":false,"_exactmetrics_sitenote_note":"","_exactmetrics_sitenote_category":0,"footnotes":""},"categories":[7],"tags":[],"class_list":{"0":"post-14158","1":"post","2":"type-post","3":"status-publish","4":"format-standard","5":"has-post-thumbnail","7":"category-artigos-de-opinion"},"yoast_head":"<!-- This site is optimized with the Yoast SEO plugin v27.4 - https:\/\/yoast.com\/product\/yoast-seo-wordpress\/ -->\n<title>NIN 2%, NIN 5%. OTAN NON, BASES F\u00d3RA! -<\/title>\n<meta name=\"robots\" content=\"index, follow, max-snippet:-1, max-image-preview:large, max-video-preview:-1\" \/>\n<link rel=\"canonical\" href=\"https:\/\/www.anovapeneira.gal\/index.php\/2025\/07\/04\/nin-2-nin-5-otan-non-bases-fora\/\" \/>\n<meta property=\"og:locale\" content=\"gl_ES\" \/>\n<meta property=\"og:type\" content=\"article\" \/>\n<meta property=\"og:title\" content=\"NIN 2%, NIN 5%. OTAN NON, BASES F\u00d3RA! -\" \/>\n<meta property=\"og:description\" content=\"O PSOE ga\u00f1ou unhas elecci\u00f3ns prometendo a sa\u00edda do Estado Espa\u00f1ol da OTAN, e xa sabemos como acabou o conto. Agora un presidente dese mesmo partido quere facernos crer que foi ao cumio da OTAN a facerse o forte e a po\u00f1erse bravo ante EEUU [...]\" \/>\n<meta property=\"og:url\" content=\"https:\/\/www.anovapeneira.gal\/index.php\/2025\/07\/04\/nin-2-nin-5-otan-non-bases-fora\/\" \/>\n<meta property=\"article:publisher\" content=\"https:\/\/www.facebook.com\/anovapeneira\" \/>\n<meta property=\"article:published_time\" content=\"2025-07-04T08:00:48+00:00\" \/>\n<meta property=\"og:image\" content=\"https:\/\/www.anovapeneira.gal\/wp-content\/uploads\/2019\/07\/ARTIGO_DE_OPINION_A_NOVA_PENEIRA.jpg\" \/>\n\t<meta property=\"og:image:width\" content=\"720\" \/>\n\t<meta property=\"og:image:height\" content=\"473\" \/>\n\t<meta property=\"og:image:type\" content=\"image\/jpeg\" \/>\n<meta name=\"author\" content=\"Pedro M. Cortegoso Gago\" \/>\n<meta name=\"twitter:card\" content=\"summary_large_image\" \/>\n<meta name=\"twitter:creator\" content=\"@APeneira\" \/>\n<meta name=\"twitter:site\" content=\"@APeneira\" \/>\n<meta name=\"twitter:label1\" content=\"Escrito por\" \/>\n\t<meta name=\"twitter:data1\" content=\"Pedro M. Cortegoso Gago\" \/>\n\t<meta name=\"twitter:label2\" content=\"Tempo de lectura\" \/>\n\t<meta name=\"twitter:data2\" content=\"5 minutos\" \/>\n<script type=\"application\/ld+json\" class=\"yoast-schema-graph\">{\"@context\":\"https:\\\/\\\/schema.org\",\"@graph\":[{\"@type\":\"Article\",\"@id\":\"https:\\\/\\\/www.anovapeneira.gal\\\/index.php\\\/2025\\\/07\\\/04\\\/nin-2-nin-5-otan-non-bases-fora\\\/#article\",\"isPartOf\":{\"@id\":\"https:\\\/\\\/www.anovapeneira.gal\\\/index.php\\\/2025\\\/07\\\/04\\\/nin-2-nin-5-otan-non-bases-fora\\\/\"},\"author\":{\"name\":\"Pedro M. Cortegoso Gago\",\"@id\":\"https:\\\/\\\/www.anovapeneira.gal\\\/#\\\/schema\\\/person\\\/c04a9c9f722c9446e71ae434c0353337\"},\"headline\":\"NIN 2%, NIN 5%. OTAN NON, BASES F\u00d3RA!\",\"datePublished\":\"2025-07-04T08:00:48+00:00\",\"mainEntityOfPage\":{\"@id\":\"https:\\\/\\\/www.anovapeneira.gal\\\/index.php\\\/2025\\\/07\\\/04\\\/nin-2-nin-5-otan-non-bases-fora\\\/\"},\"wordCount\":902,\"commentCount\":0,\"publisher\":{\"@id\":\"https:\\\/\\\/www.anovapeneira.gal\\\/#organization\"},\"image\":{\"@id\":\"https:\\\/\\\/www.anovapeneira.gal\\\/index.php\\\/2025\\\/07\\\/04\\\/nin-2-nin-5-otan-non-bases-fora\\\/#primaryimage\"},\"thumbnailUrl\":\"https:\\\/\\\/www.anovapeneira.gal\\\/wp-content\\\/uploads\\\/2019\\\/07\\\/ARTIGO_DE_OPINION_A_NOVA_PENEIRA.jpg\",\"articleSection\":[\"Artigos de opini\u00f3n\"],\"inLanguage\":\"gl-ES\",\"potentialAction\":[{\"@type\":\"CommentAction\",\"name\":\"Comment\",\"target\":[\"https:\\\/\\\/www.anovapeneira.gal\\\/index.php\\\/2025\\\/07\\\/04\\\/nin-2-nin-5-otan-non-bases-fora\\\/#respond\"]}]},{\"@type\":\"WebPage\",\"@id\":\"https:\\\/\\\/www.anovapeneira.gal\\\/index.php\\\/2025\\\/07\\\/04\\\/nin-2-nin-5-otan-non-bases-fora\\\/\",\"url\":\"https:\\\/\\\/www.anovapeneira.gal\\\/index.php\\\/2025\\\/07\\\/04\\\/nin-2-nin-5-otan-non-bases-fora\\\/\",\"name\":\"NIN 2%, NIN 5%. OTAN NON, BASES F\u00d3RA! -\",\"isPartOf\":{\"@id\":\"https:\\\/\\\/www.anovapeneira.gal\\\/#website\"},\"primaryImageOfPage\":{\"@id\":\"https:\\\/\\\/www.anovapeneira.gal\\\/index.php\\\/2025\\\/07\\\/04\\\/nin-2-nin-5-otan-non-bases-fora\\\/#primaryimage\"},\"image\":{\"@id\":\"https:\\\/\\\/www.anovapeneira.gal\\\/index.php\\\/2025\\\/07\\\/04\\\/nin-2-nin-5-otan-non-bases-fora\\\/#primaryimage\"},\"thumbnailUrl\":\"https:\\\/\\\/www.anovapeneira.gal\\\/wp-content\\\/uploads\\\/2019\\\/07\\\/ARTIGO_DE_OPINION_A_NOVA_PENEIRA.jpg\",\"datePublished\":\"2025-07-04T08:00:48+00:00\",\"breadcrumb\":{\"@id\":\"https:\\\/\\\/www.anovapeneira.gal\\\/index.php\\\/2025\\\/07\\\/04\\\/nin-2-nin-5-otan-non-bases-fora\\\/#breadcrumb\"},\"inLanguage\":\"gl-ES\",\"potentialAction\":[{\"@type\":\"ReadAction\",\"target\":[\"https:\\\/\\\/www.anovapeneira.gal\\\/index.php\\\/2025\\\/07\\\/04\\\/nin-2-nin-5-otan-non-bases-fora\\\/\"]}]},{\"@type\":\"ImageObject\",\"inLanguage\":\"gl-ES\",\"@id\":\"https:\\\/\\\/www.anovapeneira.gal\\\/index.php\\\/2025\\\/07\\\/04\\\/nin-2-nin-5-otan-non-bases-fora\\\/#primaryimage\",\"url\":\"https:\\\/\\\/www.anovapeneira.gal\\\/wp-content\\\/uploads\\\/2019\\\/07\\\/ARTIGO_DE_OPINION_A_NOVA_PENEIRA.jpg\",\"contentUrl\":\"https:\\\/\\\/www.anovapeneira.gal\\\/wp-content\\\/uploads\\\/2019\\\/07\\\/ARTIGO_DE_OPINION_A_NOVA_PENEIRA.jpg\",\"width\":720,\"height\":473,\"caption\":\"Artigo de opini\u00f3n A Nova Peneira\"},{\"@type\":\"BreadcrumbList\",\"@id\":\"https:\\\/\\\/www.anovapeneira.gal\\\/index.php\\\/2025\\\/07\\\/04\\\/nin-2-nin-5-otan-non-bases-fora\\\/#breadcrumb\",\"itemListElement\":[{\"@type\":\"ListItem\",\"position\":1,\"name\":\"Portada\",\"item\":\"https:\\\/\\\/www.anovapeneira.gal\\\/\"},{\"@type\":\"ListItem\",\"position\":2,\"name\":\"NIN 2%, NIN 5%. OTAN NON, BASES F\u00d3RA!\"}]},{\"@type\":\"WebSite\",\"@id\":\"https:\\\/\\\/www.anovapeneira.gal\\\/#website\",\"url\":\"https:\\\/\\\/www.anovapeneira.gal\\\/\",\"name\":\"\",\"description\":\"Xornal galego de informaci\u00f3n xeral Publicaci\u00f3n mensual de novas de Galicia e en especial dos Concellos da sur da provincia de Pontevedra.\",\"publisher\":{\"@id\":\"https:\\\/\\\/www.anovapeneira.gal\\\/#organization\"},\"potentialAction\":[{\"@type\":\"SearchAction\",\"target\":{\"@type\":\"EntryPoint\",\"urlTemplate\":\"https:\\\/\\\/www.anovapeneira.gal\\\/?s={search_term_string}\"},\"query-input\":{\"@type\":\"PropertyValueSpecification\",\"valueRequired\":true,\"valueName\":\"search_term_string\"}}],\"inLanguage\":\"gl-ES\"},{\"@type\":\"Organization\",\"@id\":\"https:\\\/\\\/www.anovapeneira.gal\\\/#organization\",\"name\":\"A Nova Peneira\",\"url\":\"https:\\\/\\\/www.anovapeneira.gal\\\/\",\"logo\":{\"@type\":\"ImageObject\",\"inLanguage\":\"gl-ES\",\"@id\":\"https:\\\/\\\/www.anovapeneira.gal\\\/#\\\/schema\\\/logo\\\/image\\\/\",\"url\":\"http:\\\/\\\/www.anovapeneira.gal\\\/wp-content\\\/uploads\\\/2019\\\/06\\\/logo_a_nova_peneira_portal_web.png\",\"contentUrl\":\"http:\\\/\\\/www.anovapeneira.gal\\\/wp-content\\\/uploads\\\/2019\\\/06\\\/logo_a_nova_peneira_portal_web.png\",\"width\":300,\"height\":100,\"caption\":\"A Nova Peneira\"},\"image\":{\"@id\":\"https:\\\/\\\/www.anovapeneira.gal\\\/#\\\/schema\\\/logo\\\/image\\\/\"},\"sameAs\":[\"https:\\\/\\\/www.facebook.com\\\/anovapeneira\",\"https:\\\/\\\/x.com\\\/APeneira\"]},{\"@type\":\"Person\",\"@id\":\"https:\\\/\\\/www.anovapeneira.gal\\\/#\\\/schema\\\/person\\\/c04a9c9f722c9446e71ae434c0353337\",\"name\":\"Pedro M. Cortegoso Gago\",\"image\":{\"@type\":\"ImageObject\",\"inLanguage\":\"gl-ES\",\"@id\":\"https:\\\/\\\/secure.gravatar.com\\\/avatar\\\/1613b27278a972c04db5c2f04fb2cbfa9edb58d6c3e2547817ecb8240eb58381?s=96&d=mm&r=g\",\"url\":\"https:\\\/\\\/secure.gravatar.com\\\/avatar\\\/1613b27278a972c04db5c2f04fb2cbfa9edb58d6c3e2547817ecb8240eb58381?s=96&d=mm&r=g\",\"contentUrl\":\"https:\\\/\\\/secure.gravatar.com\\\/avatar\\\/1613b27278a972c04db5c2f04fb2cbfa9edb58d6c3e2547817ecb8240eb58381?s=96&d=mm&r=g\",\"caption\":\"Pedro M. Cortegoso Gago\"},\"sameAs\":[\"http:\\\/\\\/anovapeneira.gal\"],\"url\":\"https:\\\/\\\/www.anovapeneira.gal\\\/index.php\\\/author\\\/opinionpcortegoso\\\/\"}]}<\/script>\n<!-- \/ Yoast SEO plugin. -->","yoast_head_json":{"title":"NIN 2%, NIN 5%. OTAN NON, BASES F\u00d3RA! -","robots":{"index":"index","follow":"follow","max-snippet":"max-snippet:-1","max-image-preview":"max-image-preview:large","max-video-preview":"max-video-preview:-1"},"canonical":"https:\/\/www.anovapeneira.gal\/index.php\/2025\/07\/04\/nin-2-nin-5-otan-non-bases-fora\/","og_locale":"gl_ES","og_type":"article","og_title":"NIN 2%, NIN 5%. OTAN NON, BASES F\u00d3RA! -","og_description":"O PSOE ga\u00f1ou unhas elecci\u00f3ns prometendo a sa\u00edda do Estado Espa\u00f1ol da OTAN, e xa sabemos como acabou o conto. Agora un presidente dese mesmo partido quere facernos crer que foi ao cumio da OTAN a facerse o forte e a po\u00f1erse bravo ante EEUU [...]","og_url":"https:\/\/www.anovapeneira.gal\/index.php\/2025\/07\/04\/nin-2-nin-5-otan-non-bases-fora\/","article_publisher":"https:\/\/www.facebook.com\/anovapeneira","article_published_time":"2025-07-04T08:00:48+00:00","og_image":[{"width":720,"height":473,"url":"https:\/\/www.anovapeneira.gal\/wp-content\/uploads\/2019\/07\/ARTIGO_DE_OPINION_A_NOVA_PENEIRA.jpg","type":"image\/jpeg"}],"author":"Pedro M. Cortegoso Gago","twitter_card":"summary_large_image","twitter_creator":"@APeneira","twitter_site":"@APeneira","twitter_misc":{"Escrito por":"Pedro M. Cortegoso Gago","Tempo de lectura":"5 minutos"},"schema":{"@context":"https:\/\/schema.org","@graph":[{"@type":"Article","@id":"https:\/\/www.anovapeneira.gal\/index.php\/2025\/07\/04\/nin-2-nin-5-otan-non-bases-fora\/#article","isPartOf":{"@id":"https:\/\/www.anovapeneira.gal\/index.php\/2025\/07\/04\/nin-2-nin-5-otan-non-bases-fora\/"},"author":{"name":"Pedro M. Cortegoso Gago","@id":"https:\/\/www.anovapeneira.gal\/#\/schema\/person\/c04a9c9f722c9446e71ae434c0353337"},"headline":"NIN 2%, NIN 5%. OTAN NON, BASES F\u00d3RA!","datePublished":"2025-07-04T08:00:48+00:00","mainEntityOfPage":{"@id":"https:\/\/www.anovapeneira.gal\/index.php\/2025\/07\/04\/nin-2-nin-5-otan-non-bases-fora\/"},"wordCount":902,"commentCount":0,"publisher":{"@id":"https:\/\/www.anovapeneira.gal\/#organization"},"image":{"@id":"https:\/\/www.anovapeneira.gal\/index.php\/2025\/07\/04\/nin-2-nin-5-otan-non-bases-fora\/#primaryimage"},"thumbnailUrl":"https:\/\/www.anovapeneira.gal\/wp-content\/uploads\/2019\/07\/ARTIGO_DE_OPINION_A_NOVA_PENEIRA.jpg","articleSection":["Artigos de opini\u00f3n"],"inLanguage":"gl-ES","potentialAction":[{"@type":"CommentAction","name":"Comment","target":["https:\/\/www.anovapeneira.gal\/index.php\/2025\/07\/04\/nin-2-nin-5-otan-non-bases-fora\/#respond"]}]},{"@type":"WebPage","@id":"https:\/\/www.anovapeneira.gal\/index.php\/2025\/07\/04\/nin-2-nin-5-otan-non-bases-fora\/","url":"https:\/\/www.anovapeneira.gal\/index.php\/2025\/07\/04\/nin-2-nin-5-otan-non-bases-fora\/","name":"NIN 2%, NIN 5%. OTAN NON, BASES F\u00d3RA! -","isPartOf":{"@id":"https:\/\/www.anovapeneira.gal\/#website"},"primaryImageOfPage":{"@id":"https:\/\/www.anovapeneira.gal\/index.php\/2025\/07\/04\/nin-2-nin-5-otan-non-bases-fora\/#primaryimage"},"image":{"@id":"https:\/\/www.anovapeneira.gal\/index.php\/2025\/07\/04\/nin-2-nin-5-otan-non-bases-fora\/#primaryimage"},"thumbnailUrl":"https:\/\/www.anovapeneira.gal\/wp-content\/uploads\/2019\/07\/ARTIGO_DE_OPINION_A_NOVA_PENEIRA.jpg","datePublished":"2025-07-04T08:00:48+00:00","breadcrumb":{"@id":"https:\/\/www.anovapeneira.gal\/index.php\/2025\/07\/04\/nin-2-nin-5-otan-non-bases-fora\/#breadcrumb"},"inLanguage":"gl-ES","potentialAction":[{"@type":"ReadAction","target":["https:\/\/www.anovapeneira.gal\/index.php\/2025\/07\/04\/nin-2-nin-5-otan-non-bases-fora\/"]}]},{"@type":"ImageObject","inLanguage":"gl-ES","@id":"https:\/\/www.anovapeneira.gal\/index.php\/2025\/07\/04\/nin-2-nin-5-otan-non-bases-fora\/#primaryimage","url":"https:\/\/www.anovapeneira.gal\/wp-content\/uploads\/2019\/07\/ARTIGO_DE_OPINION_A_NOVA_PENEIRA.jpg","contentUrl":"https:\/\/www.anovapeneira.gal\/wp-content\/uploads\/2019\/07\/ARTIGO_DE_OPINION_A_NOVA_PENEIRA.jpg","width":720,"height":473,"caption":"Artigo de opini\u00f3n A Nova Peneira"},{"@type":"BreadcrumbList","@id":"https:\/\/www.anovapeneira.gal\/index.php\/2025\/07\/04\/nin-2-nin-5-otan-non-bases-fora\/#breadcrumb","itemListElement":[{"@type":"ListItem","position":1,"name":"Portada","item":"https:\/\/www.anovapeneira.gal\/"},{"@type":"ListItem","position":2,"name":"NIN 2%, NIN 5%. OTAN NON, BASES F\u00d3RA!"}]},{"@type":"WebSite","@id":"https:\/\/www.anovapeneira.gal\/#website","url":"https:\/\/www.anovapeneira.gal\/","name":"","description":"Xornal galego de informaci\u00f3n xeral Publicaci\u00f3n mensual de novas de Galicia e en especial dos Concellos da sur da provincia de Pontevedra.","publisher":{"@id":"https:\/\/www.anovapeneira.gal\/#organization"},"potentialAction":[{"@type":"SearchAction","target":{"@type":"EntryPoint","urlTemplate":"https:\/\/www.anovapeneira.gal\/?s={search_term_string}"},"query-input":{"@type":"PropertyValueSpecification","valueRequired":true,"valueName":"search_term_string"}}],"inLanguage":"gl-ES"},{"@type":"Organization","@id":"https:\/\/www.anovapeneira.gal\/#organization","name":"A Nova Peneira","url":"https:\/\/www.anovapeneira.gal\/","logo":{"@type":"ImageObject","inLanguage":"gl-ES","@id":"https:\/\/www.anovapeneira.gal\/#\/schema\/logo\/image\/","url":"http:\/\/www.anovapeneira.gal\/wp-content\/uploads\/2019\/06\/logo_a_nova_peneira_portal_web.png","contentUrl":"http:\/\/www.anovapeneira.gal\/wp-content\/uploads\/2019\/06\/logo_a_nova_peneira_portal_web.png","width":300,"height":100,"caption":"A Nova Peneira"},"image":{"@id":"https:\/\/www.anovapeneira.gal\/#\/schema\/logo\/image\/"},"sameAs":["https:\/\/www.facebook.com\/anovapeneira","https:\/\/x.com\/APeneira"]},{"@type":"Person","@id":"https:\/\/www.anovapeneira.gal\/#\/schema\/person\/c04a9c9f722c9446e71ae434c0353337","name":"Pedro M. Cortegoso Gago","image":{"@type":"ImageObject","inLanguage":"gl-ES","@id":"https:\/\/secure.gravatar.com\/avatar\/1613b27278a972c04db5c2f04fb2cbfa9edb58d6c3e2547817ecb8240eb58381?s=96&d=mm&r=g","url":"https:\/\/secure.gravatar.com\/avatar\/1613b27278a972c04db5c2f04fb2cbfa9edb58d6c3e2547817ecb8240eb58381?s=96&d=mm&r=g","contentUrl":"https:\/\/secure.gravatar.com\/avatar\/1613b27278a972c04db5c2f04fb2cbfa9edb58d6c3e2547817ecb8240eb58381?s=96&d=mm&r=g","caption":"Pedro M. Cortegoso Gago"},"sameAs":["http:\/\/anovapeneira.gal"],"url":"https:\/\/www.anovapeneira.gal\/index.php\/author\/opinionpcortegoso\/"}]}},"jetpack_featured_media_url":"https:\/\/www.anovapeneira.gal\/wp-content\/uploads\/2019\/07\/ARTIGO_DE_OPINION_A_NOVA_PENEIRA.jpg","_links":{"self":[{"href":"https:\/\/www.anovapeneira.gal\/index.php\/wp-json\/wp\/v2\/posts\/14158","targetHints":{"allow":["GET"]}}],"collection":[{"href":"https:\/\/www.anovapeneira.gal\/index.php\/wp-json\/wp\/v2\/posts"}],"about":[{"href":"https:\/\/www.anovapeneira.gal\/index.php\/wp-json\/wp\/v2\/types\/post"}],"author":[{"embeddable":true,"href":"https:\/\/www.anovapeneira.gal\/index.php\/wp-json\/wp\/v2\/users\/4"}],"replies":[{"embeddable":true,"href":"https:\/\/www.anovapeneira.gal\/index.php\/wp-json\/wp\/v2\/comments?post=14158"}],"version-history":[{"count":1,"href":"https:\/\/www.anovapeneira.gal\/index.php\/wp-json\/wp\/v2\/posts\/14158\/revisions"}],"predecessor-version":[{"id":14159,"href":"https:\/\/www.anovapeneira.gal\/index.php\/wp-json\/wp\/v2\/posts\/14158\/revisions\/14159"}],"wp:featuredmedia":[{"embeddable":true,"href":"https:\/\/www.anovapeneira.gal\/index.php\/wp-json\/wp\/v2\/media\/584"}],"wp:attachment":[{"href":"https:\/\/www.anovapeneira.gal\/index.php\/wp-json\/wp\/v2\/media?parent=14158"}],"wp:term":[{"taxonomy":"category","embeddable":true,"href":"https:\/\/www.anovapeneira.gal\/index.php\/wp-json\/wp\/v2\/categories?post=14158"},{"taxonomy":"post_tag","embeddable":true,"href":"https:\/\/www.anovapeneira.gal\/index.php\/wp-json\/wp\/v2\/tags?post=14158"}],"curies":[{"name":"wp","href":"https:\/\/api.w.org\/{rel}","templated":true}]}}