{"id":14167,"date":"2025-07-08T10:00:31","date_gmt":"2025-07-08T08:00:31","guid":{"rendered":"https:\/\/www.anovapeneira.gal\/?p=14167"},"modified":"2025-07-05T22:57:55","modified_gmt":"2025-07-05T20:57:55","slug":"vaga-de-calor-na-planta-de-stellantis-vigo-a-cut-denuncia-a-falta-de-proteccion-e-o-silencio-dos-sindicatos","status":"publish","type":"post","link":"https:\/\/www.anovapeneira.gal\/index.php\/2025\/07\/08\/vaga-de-calor-na-planta-de-stellantis-vigo-a-cut-denuncia-a-falta-de-proteccion-e-o-silencio-dos-sindicatos\/","title":{"rendered":"Vaga de calor na planta de Stellantis Vigo: a CUT denuncia a falta de protecci\u00f3n e o silencio dos sindicatos"},"content":{"rendered":"\n<p>A Central Unitaria de Traballadoras (CUT) denuncia a grave situaci\u00f3n que est\u00e1n a padecer as traballadoras e traballadores da planta de Stellantis en Vigo debido \u00e1s altas temperaturas, as\u00ed como a inacci\u00f3n da empresa e a complicidade doutros sindicatos (CCOO, UGT e SIT), que optan por defender os intereses da compa\u00f1\u00eda en lugar de priorizar a sa\u00fade e o benestar do persoal.<\/p>\n\n\n\n<p>A CUT tivo que recorrer novamente \u00e1 xustiza para esixir o cumprimento da normativa sobre condici\u00f3ns laborais, tras considerar que a direcci\u00f3n da f\u00e1brica non respecta os l\u00edmites legais de temperatura. O actual protocolo para facer fronte \u00e1s ondas de calor \u00e9, ao noso xu\u00edzo, totalmente ineficaz, obrigando ao persoal a traballar en condici\u00f3ns extremas, con temperaturas que superan os 30 \u00baC en moitas zonas das naves, chegando incluso a 40 \u00baC en \u00e1reas espec\u00edficas. Estas condici\u00f3ns representan un risco evidente para a sa\u00fade dos traballadores.<\/p>\n\n\n\n<p>Na recente audiencia xudicial, pendente de sentenza en primeira instancia, a CUT constatou con preocupaci\u00f3n como os sindicatos CCOO, UGT e SIT se ali\u00f1aron coa empresa, negando a gravidade do calor extremo e a falta de medidas de protecci\u00f3n adecuadas. Resultou particularmente alarmante observar como os representantes destes sindicatos coordinaban estratexias coa avogada da compa\u00f1\u00eda, nunha actitude que a CUT considera inaceptable e contraria aos intereses da clase traballadora. Mentres a CUT defendeu con firmeza os dereitos do persoal, denunciando as condici\u00f3ns t\u00e9rmicas insalubres, estes sindicatos optaron por minimizar o problema e apoiar as teses da direcci\u00f3n.<\/p>\n\n\n\n<p>Esta actitude reflicte unha preocupante tendencia por parte de CCOO, UGT e SIT de priorizar os intereses empresariais por riba da sa\u00fade dos traballadores, un feito que contrasta coas s\u00faas posturas noutros \u00e1mbitos laborais.<\/p>\n\n\n\n<p>A pesar das reiteradas demandas da CUT para actualizar o protocolo de actuaci\u00f3n ante ondas de calor, estes sindicatos non s\u00f3 non apoiaron a denuncia, sen\u00f3n que se posicionaron claramente a favor da empresa, evidenciando un distanciamento das necesidades reais do persoal.<\/p>\n\n\n\n<p>A CUT tam\u00e9n critica a falta de actuaci\u00f3n da Inspecci\u00f3n de Traballo, que parece dedicar maior atenci\u00f3n a inspecci\u00f3ns rutineiras en pequenos negocios mentres ignora as condici\u00f3ns laborais nunha planta que emprega a miles de traballadores. Ademais, a CUT denuncia que o Servizo de Prevenci\u00f3n limitou o acceso da s\u00faa delegada de prevenci\u00f3n \u00e1 zona de medici\u00f3n das sondas GTC, que rexistran as temperaturas en tempo real. Esta falta de transparencia dificulta a verificaci\u00f3n das condici\u00f3ns reais de traballo e compromete a aplicaci\u00f3n efectiva das medidas de protecci\u00f3n.<\/p>\n\n\n\n<p>Para a CUT, a sa\u00fade das traballadoras e traballadores \u00e9 unha prioridade innegociable. Por iso, esixe a inmediata instalaci\u00f3n de sistemas modernos de climatizaci\u00f3n e ventilaci\u00f3n en todas as \u00e1reas da f\u00e1brica, xa que as instalaci\u00f3ns actuais, con sistemas de aireaci\u00f3n obsoletos de hai m\u00e1is de 50 anos, non foron obxecto de melloras significativas para garantir condici\u00f3ns laborais axeitadas ante as altas temperaturas.<\/p>\n\n\n\n<p>Coas alertas oficiais por calor activadas en varias rexi\u00f3ns do pa\u00eds, e ante a previsi\u00f3n de temperaturas extremas nos pr\u00f3ximos d\u00edas, a CUT fai un chamamento \u00e1 uni\u00f3n e \u00e1 mobilizaci\u00f3n dos traballadores para esixir que Stellantis cumpra coas s\u00faas obrigas legais. \u201cA nosa suor vale moito, pero a nosa sa\u00fade non ten prezo\u201d, subli\u00f1a a CUT, que se compromete a seguir vixiando as condici\u00f3ns laborais, denunciando irregularidades e demandando soluci\u00f3ns inmediatas.<\/p>\n\n\n\n<p>A CUT reitera a s\u00faa determinaci\u00f3n para obrigar \u00e1 empresa a adoptar medidas efectivas que garantan un ambiente de traballo seguro e saudable. \u201cSe Stellantis non quere coidar de n\u00f3s, teremos que obrigala\u201d, concl\u00fae o sindicato.<\/p>\n","protected":false},"excerpt":{"rendered":"<div class=\"mh-excerpt\"><p>A Central Unitaria de Traballadoras (CUT) denuncia a grave situaci\u00f3n que est\u00e1n a padecer as traballadoras e traballadores da planta de Stellantis en Vigo debido \u00e1s altas temperaturas, as\u00ed como a inacci\u00f3n da empresa e a complicidade doutros sindicatos (CCOO, UGT e SIT), que optan por defender os intereses da compa\u00f1\u00eda en lugar de priorizar a sa\u00fade e o benestar do persoal <a class=\"mh-excerpt-more\" href=\"https:\/\/www.anovapeneira.gal\/index.php\/2025\/07\/08\/vaga-de-calor-na-planta-de-stellantis-vigo-a-cut-denuncia-a-falta-de-proteccion-e-o-silencio-dos-sindicatos\/\" title=\"Vaga de calor na planta de Stellantis Vigo: a CUT denuncia a falta de protecci\u00f3n e o silencio dos sindicatos\">[&#8230;]<\/a><\/p>\n<\/div>","protected":false},"author":3,"featured_media":7079,"comment_status":"open","ping_status":"open","sticky":false,"template":"","format":"standard","meta":{"_exactmetrics_skip_tracking":false,"_exactmetrics_sitenote_active":false,"_exactmetrics_sitenote_note":"","_exactmetrics_sitenote_category":0,"footnotes":""},"categories":[19],"tags":[227],"class_list":{"0":"post-14167","1":"post","2":"type-post","3":"status-publish","4":"format-standard","5":"has-post-thumbnail","7":"category-vigo","8":"tag-concello-de-vigo"},"yoast_head":"<!-- This site is optimized with the Yoast SEO plugin v27.4 - https:\/\/yoast.com\/product\/yoast-seo-wordpress\/ -->\n<title>Vaga de calor na planta de Stellantis Vigo: a CUT denuncia a falta de protecci\u00f3n e o silencio dos sindicatos -<\/title>\n<meta name=\"robots\" content=\"index, follow, max-snippet:-1, max-image-preview:large, max-video-preview:-1\" \/>\n<link rel=\"canonical\" href=\"https:\/\/www.anovapeneira.gal\/index.php\/2025\/07\/08\/vaga-de-calor-na-planta-de-stellantis-vigo-a-cut-denuncia-a-falta-de-proteccion-e-o-silencio-dos-sindicatos\/\" \/>\n<meta property=\"og:locale\" content=\"gl_ES\" \/>\n<meta property=\"og:type\" content=\"article\" \/>\n<meta property=\"og:title\" content=\"Vaga de calor na planta de Stellantis Vigo: a CUT denuncia a falta de protecci\u00f3n e o silencio dos sindicatos -\" \/>\n<meta property=\"og:description\" content=\"A Central Unitaria de Traballadoras (CUT) denuncia a grave situaci\u00f3n que est\u00e1n a padecer as traballadoras e traballadores da planta de Stellantis en Vigo debido \u00e1s altas temperaturas, as\u00ed como a inacci\u00f3n da empresa e a complicidade doutros sindicatos (CCOO, UGT e SIT), que optan por defender os intereses da compa\u00f1\u00eda en lugar de priorizar a sa\u00fade e o benestar do persoal [...]\" \/>\n<meta property=\"og:url\" content=\"https:\/\/www.anovapeneira.gal\/index.php\/2025\/07\/08\/vaga-de-calor-na-planta-de-stellantis-vigo-a-cut-denuncia-a-falta-de-proteccion-e-o-silencio-dos-sindicatos\/\" \/>\n<meta property=\"article:publisher\" content=\"https:\/\/www.facebook.com\/anovapeneira\" \/>\n<meta property=\"article:published_time\" content=\"2025-07-08T08:00:31+00:00\" \/>\n<meta property=\"og:image\" content=\"https:\/\/www.anovapeneira.gal\/wp-content\/uploads\/2022\/03\/cut_citroen.jpg\" \/>\n\t<meta property=\"og:image:width\" content=\"720\" \/>\n\t<meta property=\"og:image:height\" content=\"432\" \/>\n\t<meta property=\"og:image:type\" content=\"image\/jpeg\" \/>\n<meta name=\"author\" content=\"Redacci\u00f3n A Nova Peneira\" \/>\n<meta name=\"twitter:card\" content=\"summary_large_image\" \/>\n<meta name=\"twitter:creator\" content=\"@APeneira\" \/>\n<meta name=\"twitter:site\" content=\"@APeneira\" \/>\n<meta name=\"twitter:label1\" content=\"Escrito por\" \/>\n\t<meta name=\"twitter:data1\" content=\"Redacci\u00f3n A Nova Peneira\" \/>\n\t<meta name=\"twitter:label2\" content=\"Tempo de lectura\" \/>\n\t<meta name=\"twitter:data2\" content=\"4 minutos\" \/>\n<script type=\"application\/ld+json\" class=\"yoast-schema-graph\">{\"@context\":\"https:\\\/\\\/schema.org\",\"@graph\":[{\"@type\":\"Article\",\"@id\":\"https:\\\/\\\/www.anovapeneira.gal\\\/index.php\\\/2025\\\/07\\\/08\\\/vaga-de-calor-na-planta-de-stellantis-vigo-a-cut-denuncia-a-falta-de-proteccion-e-o-silencio-dos-sindicatos\\\/#article\",\"isPartOf\":{\"@id\":\"https:\\\/\\\/www.anovapeneira.gal\\\/index.php\\\/2025\\\/07\\\/08\\\/vaga-de-calor-na-planta-de-stellantis-vigo-a-cut-denuncia-a-falta-de-proteccion-e-o-silencio-dos-sindicatos\\\/\"},\"author\":{\"name\":\"Redacci\u00f3n A Nova Peneira\",\"@id\":\"https:\\\/\\\/www.anovapeneira.gal\\\/#\\\/schema\\\/person\\\/b93e3f8932e3f8da96334607eb6ac6aa\"},\"headline\":\"Vaga de calor na planta de Stellantis Vigo: a CUT denuncia a falta de protecci\u00f3n e o silencio dos sindicatos\",\"datePublished\":\"2025-07-08T08:00:31+00:00\",\"mainEntityOfPage\":{\"@id\":\"https:\\\/\\\/www.anovapeneira.gal\\\/index.php\\\/2025\\\/07\\\/08\\\/vaga-de-calor-na-planta-de-stellantis-vigo-a-cut-denuncia-a-falta-de-proteccion-e-o-silencio-dos-sindicatos\\\/\"},\"wordCount\":655,\"commentCount\":0,\"publisher\":{\"@id\":\"https:\\\/\\\/www.anovapeneira.gal\\\/#organization\"},\"image\":{\"@id\":\"https:\\\/\\\/www.anovapeneira.gal\\\/index.php\\\/2025\\\/07\\\/08\\\/vaga-de-calor-na-planta-de-stellantis-vigo-a-cut-denuncia-a-falta-de-proteccion-e-o-silencio-dos-sindicatos\\\/#primaryimage\"},\"thumbnailUrl\":\"https:\\\/\\\/www.anovapeneira.gal\\\/wp-content\\\/uploads\\\/2022\\\/03\\\/cut_citroen.jpg\",\"keywords\":[\"Concello de Vigo\"],\"articleSection\":[\"Vigo\"],\"inLanguage\":\"gl-ES\",\"potentialAction\":[{\"@type\":\"CommentAction\",\"name\":\"Comment\",\"target\":[\"https:\\\/\\\/www.anovapeneira.gal\\\/index.php\\\/2025\\\/07\\\/08\\\/vaga-de-calor-na-planta-de-stellantis-vigo-a-cut-denuncia-a-falta-de-proteccion-e-o-silencio-dos-sindicatos\\\/#respond\"]}]},{\"@type\":\"WebPage\",\"@id\":\"https:\\\/\\\/www.anovapeneira.gal\\\/index.php\\\/2025\\\/07\\\/08\\\/vaga-de-calor-na-planta-de-stellantis-vigo-a-cut-denuncia-a-falta-de-proteccion-e-o-silencio-dos-sindicatos\\\/\",\"url\":\"https:\\\/\\\/www.anovapeneira.gal\\\/index.php\\\/2025\\\/07\\\/08\\\/vaga-de-calor-na-planta-de-stellantis-vigo-a-cut-denuncia-a-falta-de-proteccion-e-o-silencio-dos-sindicatos\\\/\",\"name\":\"Vaga de calor na planta de Stellantis Vigo: a CUT denuncia a falta de protecci\u00f3n e o silencio dos sindicatos -\",\"isPartOf\":{\"@id\":\"https:\\\/\\\/www.anovapeneira.gal\\\/#website\"},\"primaryImageOfPage\":{\"@id\":\"https:\\\/\\\/www.anovapeneira.gal\\\/index.php\\\/2025\\\/07\\\/08\\\/vaga-de-calor-na-planta-de-stellantis-vigo-a-cut-denuncia-a-falta-de-proteccion-e-o-silencio-dos-sindicatos\\\/#primaryimage\"},\"image\":{\"@id\":\"https:\\\/\\\/www.anovapeneira.gal\\\/index.php\\\/2025\\\/07\\\/08\\\/vaga-de-calor-na-planta-de-stellantis-vigo-a-cut-denuncia-a-falta-de-proteccion-e-o-silencio-dos-sindicatos\\\/#primaryimage\"},\"thumbnailUrl\":\"https:\\\/\\\/www.anovapeneira.gal\\\/wp-content\\\/uploads\\\/2022\\\/03\\\/cut_citroen.jpg\",\"datePublished\":\"2025-07-08T08:00:31+00:00\",\"breadcrumb\":{\"@id\":\"https:\\\/\\\/www.anovapeneira.gal\\\/index.php\\\/2025\\\/07\\\/08\\\/vaga-de-calor-na-planta-de-stellantis-vigo-a-cut-denuncia-a-falta-de-proteccion-e-o-silencio-dos-sindicatos\\\/#breadcrumb\"},\"inLanguage\":\"gl-ES\",\"potentialAction\":[{\"@type\":\"ReadAction\",\"target\":[\"https:\\\/\\\/www.anovapeneira.gal\\\/index.php\\\/2025\\\/07\\\/08\\\/vaga-de-calor-na-planta-de-stellantis-vigo-a-cut-denuncia-a-falta-de-proteccion-e-o-silencio-dos-sindicatos\\\/\"]}]},{\"@type\":\"ImageObject\",\"inLanguage\":\"gl-ES\",\"@id\":\"https:\\\/\\\/www.anovapeneira.gal\\\/index.php\\\/2025\\\/07\\\/08\\\/vaga-de-calor-na-planta-de-stellantis-vigo-a-cut-denuncia-a-falta-de-proteccion-e-o-silencio-dos-sindicatos\\\/#primaryimage\",\"url\":\"https:\\\/\\\/www.anovapeneira.gal\\\/wp-content\\\/uploads\\\/2022\\\/03\\\/cut_citroen.jpg\",\"contentUrl\":\"https:\\\/\\\/www.anovapeneira.gal\\\/wp-content\\\/uploads\\\/2022\\\/03\\\/cut_citroen.jpg\",\"width\":720,\"height\":432,\"caption\":\"Cut central unitaria de traballadores citro\u00ebn\"},{\"@type\":\"BreadcrumbList\",\"@id\":\"https:\\\/\\\/www.anovapeneira.gal\\\/index.php\\\/2025\\\/07\\\/08\\\/vaga-de-calor-na-planta-de-stellantis-vigo-a-cut-denuncia-a-falta-de-proteccion-e-o-silencio-dos-sindicatos\\\/#breadcrumb\",\"itemListElement\":[{\"@type\":\"ListItem\",\"position\":1,\"name\":\"Portada\",\"item\":\"https:\\\/\\\/www.anovapeneira.gal\\\/\"},{\"@type\":\"ListItem\",\"position\":2,\"name\":\"Vaga de calor na planta de Stellantis Vigo: a CUT denuncia a falta de protecci\u00f3n e o silencio dos sindicatos\"}]},{\"@type\":\"WebSite\",\"@id\":\"https:\\\/\\\/www.anovapeneira.gal\\\/#website\",\"url\":\"https:\\\/\\\/www.anovapeneira.gal\\\/\",\"name\":\"\",\"description\":\"Xornal galego de informaci\u00f3n xeral Publicaci\u00f3n mensual de novas de Galicia e en especial dos Concellos da sur da provincia de Pontevedra.\",\"publisher\":{\"@id\":\"https:\\\/\\\/www.anovapeneira.gal\\\/#organization\"},\"potentialAction\":[{\"@type\":\"SearchAction\",\"target\":{\"@type\":\"EntryPoint\",\"urlTemplate\":\"https:\\\/\\\/www.anovapeneira.gal\\\/?s={search_term_string}\"},\"query-input\":{\"@type\":\"PropertyValueSpecification\",\"valueRequired\":true,\"valueName\":\"search_term_string\"}}],\"inLanguage\":\"gl-ES\"},{\"@type\":\"Organization\",\"@id\":\"https:\\\/\\\/www.anovapeneira.gal\\\/#organization\",\"name\":\"A Nova Peneira\",\"url\":\"https:\\\/\\\/www.anovapeneira.gal\\\/\",\"logo\":{\"@type\":\"ImageObject\",\"inLanguage\":\"gl-ES\",\"@id\":\"https:\\\/\\\/www.anovapeneira.gal\\\/#\\\/schema\\\/logo\\\/image\\\/\",\"url\":\"http:\\\/\\\/www.anovapeneira.gal\\\/wp-content\\\/uploads\\\/2019\\\/06\\\/logo_a_nova_peneira_portal_web.png\",\"contentUrl\":\"http:\\\/\\\/www.anovapeneira.gal\\\/wp-content\\\/uploads\\\/2019\\\/06\\\/logo_a_nova_peneira_portal_web.png\",\"width\":300,\"height\":100,\"caption\":\"A Nova Peneira\"},\"image\":{\"@id\":\"https:\\\/\\\/www.anovapeneira.gal\\\/#\\\/schema\\\/logo\\\/image\\\/\"},\"sameAs\":[\"https:\\\/\\\/www.facebook.com\\\/anovapeneira\",\"https:\\\/\\\/x.com\\\/APeneira\"]},{\"@type\":\"Person\",\"@id\":\"https:\\\/\\\/www.anovapeneira.gal\\\/#\\\/schema\\\/person\\\/b93e3f8932e3f8da96334607eb6ac6aa\",\"name\":\"Redacci\u00f3n A Nova Peneira\",\"image\":{\"@type\":\"ImageObject\",\"inLanguage\":\"gl-ES\",\"@id\":\"https:\\\/\\\/secure.gravatar.com\\\/avatar\\\/c052a2551a06e23fac63626232eaa90abd78dbcf1700fc46a2b2c89fd27b735f?s=96&d=mm&r=g\",\"url\":\"https:\\\/\\\/secure.gravatar.com\\\/avatar\\\/c052a2551a06e23fac63626232eaa90abd78dbcf1700fc46a2b2c89fd27b735f?s=96&d=mm&r=g\",\"contentUrl\":\"https:\\\/\\\/secure.gravatar.com\\\/avatar\\\/c052a2551a06e23fac63626232eaa90abd78dbcf1700fc46a2b2c89fd27b735f?s=96&d=mm&r=g\",\"caption\":\"Redacci\u00f3n A Nova Peneira\"},\"sameAs\":[\"http:\\\/\\\/www.anovapeneira.gal\\\/\"],\"url\":\"https:\\\/\\\/www.anovapeneira.gal\\\/index.php\\\/author\\\/redactor\\\/\"}]}<\/script>\n<!-- \/ Yoast SEO plugin. -->","yoast_head_json":{"title":"Vaga de calor na planta de Stellantis Vigo: a CUT denuncia a falta de protecci\u00f3n e o silencio dos sindicatos -","robots":{"index":"index","follow":"follow","max-snippet":"max-snippet:-1","max-image-preview":"max-image-preview:large","max-video-preview":"max-video-preview:-1"},"canonical":"https:\/\/www.anovapeneira.gal\/index.php\/2025\/07\/08\/vaga-de-calor-na-planta-de-stellantis-vigo-a-cut-denuncia-a-falta-de-proteccion-e-o-silencio-dos-sindicatos\/","og_locale":"gl_ES","og_type":"article","og_title":"Vaga de calor na planta de Stellantis Vigo: a CUT denuncia a falta de protecci\u00f3n e o silencio dos sindicatos -","og_description":"A Central Unitaria de Traballadoras (CUT) denuncia a grave situaci\u00f3n que est\u00e1n a padecer as traballadoras e traballadores da planta de Stellantis en Vigo debido \u00e1s altas temperaturas, as\u00ed como a inacci\u00f3n da empresa e a complicidade doutros sindicatos (CCOO, UGT e SIT), que optan por defender os intereses da compa\u00f1\u00eda en lugar de priorizar a sa\u00fade e o benestar do persoal [...]","og_url":"https:\/\/www.anovapeneira.gal\/index.php\/2025\/07\/08\/vaga-de-calor-na-planta-de-stellantis-vigo-a-cut-denuncia-a-falta-de-proteccion-e-o-silencio-dos-sindicatos\/","article_publisher":"https:\/\/www.facebook.com\/anovapeneira","article_published_time":"2025-07-08T08:00:31+00:00","og_image":[{"width":720,"height":432,"url":"https:\/\/www.anovapeneira.gal\/wp-content\/uploads\/2022\/03\/cut_citroen.jpg","type":"image\/jpeg"}],"author":"Redacci\u00f3n A Nova Peneira","twitter_card":"summary_large_image","twitter_creator":"@APeneira","twitter_site":"@APeneira","twitter_misc":{"Escrito por":"Redacci\u00f3n A Nova Peneira","Tempo de lectura":"4 minutos"},"schema":{"@context":"https:\/\/schema.org","@graph":[{"@type":"Article","@id":"https:\/\/www.anovapeneira.gal\/index.php\/2025\/07\/08\/vaga-de-calor-na-planta-de-stellantis-vigo-a-cut-denuncia-a-falta-de-proteccion-e-o-silencio-dos-sindicatos\/#article","isPartOf":{"@id":"https:\/\/www.anovapeneira.gal\/index.php\/2025\/07\/08\/vaga-de-calor-na-planta-de-stellantis-vigo-a-cut-denuncia-a-falta-de-proteccion-e-o-silencio-dos-sindicatos\/"},"author":{"name":"Redacci\u00f3n A Nova Peneira","@id":"https:\/\/www.anovapeneira.gal\/#\/schema\/person\/b93e3f8932e3f8da96334607eb6ac6aa"},"headline":"Vaga de calor na planta de Stellantis Vigo: a CUT denuncia a falta de protecci\u00f3n e o silencio dos sindicatos","datePublished":"2025-07-08T08:00:31+00:00","mainEntityOfPage":{"@id":"https:\/\/www.anovapeneira.gal\/index.php\/2025\/07\/08\/vaga-de-calor-na-planta-de-stellantis-vigo-a-cut-denuncia-a-falta-de-proteccion-e-o-silencio-dos-sindicatos\/"},"wordCount":655,"commentCount":0,"publisher":{"@id":"https:\/\/www.anovapeneira.gal\/#organization"},"image":{"@id":"https:\/\/www.anovapeneira.gal\/index.php\/2025\/07\/08\/vaga-de-calor-na-planta-de-stellantis-vigo-a-cut-denuncia-a-falta-de-proteccion-e-o-silencio-dos-sindicatos\/#primaryimage"},"thumbnailUrl":"https:\/\/www.anovapeneira.gal\/wp-content\/uploads\/2022\/03\/cut_citroen.jpg","keywords":["Concello de Vigo"],"articleSection":["Vigo"],"inLanguage":"gl-ES","potentialAction":[{"@type":"CommentAction","name":"Comment","target":["https:\/\/www.anovapeneira.gal\/index.php\/2025\/07\/08\/vaga-de-calor-na-planta-de-stellantis-vigo-a-cut-denuncia-a-falta-de-proteccion-e-o-silencio-dos-sindicatos\/#respond"]}]},{"@type":"WebPage","@id":"https:\/\/www.anovapeneira.gal\/index.php\/2025\/07\/08\/vaga-de-calor-na-planta-de-stellantis-vigo-a-cut-denuncia-a-falta-de-proteccion-e-o-silencio-dos-sindicatos\/","url":"https:\/\/www.anovapeneira.gal\/index.php\/2025\/07\/08\/vaga-de-calor-na-planta-de-stellantis-vigo-a-cut-denuncia-a-falta-de-proteccion-e-o-silencio-dos-sindicatos\/","name":"Vaga de calor na planta de Stellantis Vigo: a CUT denuncia a falta de protecci\u00f3n e o silencio dos sindicatos -","isPartOf":{"@id":"https:\/\/www.anovapeneira.gal\/#website"},"primaryImageOfPage":{"@id":"https:\/\/www.anovapeneira.gal\/index.php\/2025\/07\/08\/vaga-de-calor-na-planta-de-stellantis-vigo-a-cut-denuncia-a-falta-de-proteccion-e-o-silencio-dos-sindicatos\/#primaryimage"},"image":{"@id":"https:\/\/www.anovapeneira.gal\/index.php\/2025\/07\/08\/vaga-de-calor-na-planta-de-stellantis-vigo-a-cut-denuncia-a-falta-de-proteccion-e-o-silencio-dos-sindicatos\/#primaryimage"},"thumbnailUrl":"https:\/\/www.anovapeneira.gal\/wp-content\/uploads\/2022\/03\/cut_citroen.jpg","datePublished":"2025-07-08T08:00:31+00:00","breadcrumb":{"@id":"https:\/\/www.anovapeneira.gal\/index.php\/2025\/07\/08\/vaga-de-calor-na-planta-de-stellantis-vigo-a-cut-denuncia-a-falta-de-proteccion-e-o-silencio-dos-sindicatos\/#breadcrumb"},"inLanguage":"gl-ES","potentialAction":[{"@type":"ReadAction","target":["https:\/\/www.anovapeneira.gal\/index.php\/2025\/07\/08\/vaga-de-calor-na-planta-de-stellantis-vigo-a-cut-denuncia-a-falta-de-proteccion-e-o-silencio-dos-sindicatos\/"]}]},{"@type":"ImageObject","inLanguage":"gl-ES","@id":"https:\/\/www.anovapeneira.gal\/index.php\/2025\/07\/08\/vaga-de-calor-na-planta-de-stellantis-vigo-a-cut-denuncia-a-falta-de-proteccion-e-o-silencio-dos-sindicatos\/#primaryimage","url":"https:\/\/www.anovapeneira.gal\/wp-content\/uploads\/2022\/03\/cut_citroen.jpg","contentUrl":"https:\/\/www.anovapeneira.gal\/wp-content\/uploads\/2022\/03\/cut_citroen.jpg","width":720,"height":432,"caption":"Cut central unitaria de traballadores citro\u00ebn"},{"@type":"BreadcrumbList","@id":"https:\/\/www.anovapeneira.gal\/index.php\/2025\/07\/08\/vaga-de-calor-na-planta-de-stellantis-vigo-a-cut-denuncia-a-falta-de-proteccion-e-o-silencio-dos-sindicatos\/#breadcrumb","itemListElement":[{"@type":"ListItem","position":1,"name":"Portada","item":"https:\/\/www.anovapeneira.gal\/"},{"@type":"ListItem","position":2,"name":"Vaga de calor na planta de Stellantis Vigo: a CUT denuncia a falta de protecci\u00f3n e o silencio dos sindicatos"}]},{"@type":"WebSite","@id":"https:\/\/www.anovapeneira.gal\/#website","url":"https:\/\/www.anovapeneira.gal\/","name":"","description":"Xornal galego de informaci\u00f3n xeral Publicaci\u00f3n mensual de novas de Galicia e en especial dos Concellos da sur da provincia de Pontevedra.","publisher":{"@id":"https:\/\/www.anovapeneira.gal\/#organization"},"potentialAction":[{"@type":"SearchAction","target":{"@type":"EntryPoint","urlTemplate":"https:\/\/www.anovapeneira.gal\/?s={search_term_string}"},"query-input":{"@type":"PropertyValueSpecification","valueRequired":true,"valueName":"search_term_string"}}],"inLanguage":"gl-ES"},{"@type":"Organization","@id":"https:\/\/www.anovapeneira.gal\/#organization","name":"A Nova Peneira","url":"https:\/\/www.anovapeneira.gal\/","logo":{"@type":"ImageObject","inLanguage":"gl-ES","@id":"https:\/\/www.anovapeneira.gal\/#\/schema\/logo\/image\/","url":"http:\/\/www.anovapeneira.gal\/wp-content\/uploads\/2019\/06\/logo_a_nova_peneira_portal_web.png","contentUrl":"http:\/\/www.anovapeneira.gal\/wp-content\/uploads\/2019\/06\/logo_a_nova_peneira_portal_web.png","width":300,"height":100,"caption":"A Nova Peneira"},"image":{"@id":"https:\/\/www.anovapeneira.gal\/#\/schema\/logo\/image\/"},"sameAs":["https:\/\/www.facebook.com\/anovapeneira","https:\/\/x.com\/APeneira"]},{"@type":"Person","@id":"https:\/\/www.anovapeneira.gal\/#\/schema\/person\/b93e3f8932e3f8da96334607eb6ac6aa","name":"Redacci\u00f3n A Nova Peneira","image":{"@type":"ImageObject","inLanguage":"gl-ES","@id":"https:\/\/secure.gravatar.com\/avatar\/c052a2551a06e23fac63626232eaa90abd78dbcf1700fc46a2b2c89fd27b735f?s=96&d=mm&r=g","url":"https:\/\/secure.gravatar.com\/avatar\/c052a2551a06e23fac63626232eaa90abd78dbcf1700fc46a2b2c89fd27b735f?s=96&d=mm&r=g","contentUrl":"https:\/\/secure.gravatar.com\/avatar\/c052a2551a06e23fac63626232eaa90abd78dbcf1700fc46a2b2c89fd27b735f?s=96&d=mm&r=g","caption":"Redacci\u00f3n A Nova Peneira"},"sameAs":["http:\/\/www.anovapeneira.gal\/"],"url":"https:\/\/www.anovapeneira.gal\/index.php\/author\/redactor\/"}]}},"jetpack_featured_media_url":"https:\/\/www.anovapeneira.gal\/wp-content\/uploads\/2022\/03\/cut_citroen.jpg","_links":{"self":[{"href":"https:\/\/www.anovapeneira.gal\/index.php\/wp-json\/wp\/v2\/posts\/14167","targetHints":{"allow":["GET"]}}],"collection":[{"href":"https:\/\/www.anovapeneira.gal\/index.php\/wp-json\/wp\/v2\/posts"}],"about":[{"href":"https:\/\/www.anovapeneira.gal\/index.php\/wp-json\/wp\/v2\/types\/post"}],"author":[{"embeddable":true,"href":"https:\/\/www.anovapeneira.gal\/index.php\/wp-json\/wp\/v2\/users\/3"}],"replies":[{"embeddable":true,"href":"https:\/\/www.anovapeneira.gal\/index.php\/wp-json\/wp\/v2\/comments?post=14167"}],"version-history":[{"count":1,"href":"https:\/\/www.anovapeneira.gal\/index.php\/wp-json\/wp\/v2\/posts\/14167\/revisions"}],"predecessor-version":[{"id":14168,"href":"https:\/\/www.anovapeneira.gal\/index.php\/wp-json\/wp\/v2\/posts\/14167\/revisions\/14168"}],"wp:featuredmedia":[{"embeddable":true,"href":"https:\/\/www.anovapeneira.gal\/index.php\/wp-json\/wp\/v2\/media\/7079"}],"wp:attachment":[{"href":"https:\/\/www.anovapeneira.gal\/index.php\/wp-json\/wp\/v2\/media?parent=14167"}],"wp:term":[{"taxonomy":"category","embeddable":true,"href":"https:\/\/www.anovapeneira.gal\/index.php\/wp-json\/wp\/v2\/categories?post=14167"},{"taxonomy":"post_tag","embeddable":true,"href":"https:\/\/www.anovapeneira.gal\/index.php\/wp-json\/wp\/v2\/tags?post=14167"}],"curies":[{"name":"wp","href":"https:\/\/api.w.org\/{rel}","templated":true}]}}