{"id":14169,"date":"2025-07-08T12:00:40","date_gmt":"2025-07-08T10:00:40","guid":{"rendered":"https:\/\/www.anovapeneira.gal\/?p=14169"},"modified":"2025-07-05T23:00:52","modified_gmt":"2025-07-05T21:00:52","slug":"o-goberno-de-nigran-renuncia-definitivamente-ao-proxecto-de-acondicionamento-das-marxes-do-rio-muinos","status":"publish","type":"post","link":"https:\/\/www.anovapeneira.gal\/index.php\/2025\/07\/08\/o-goberno-de-nigran-renuncia-definitivamente-ao-proxecto-de-acondicionamento-das-marxes-do-rio-muinos\/","title":{"rendered":"O Goberno de Nigr\u00e1n renuncia definitivamente ao proxecto de acondicionamento das marxes do r\u00edo Mu\u00ed\u00f1os"},"content":{"rendered":"\n<p>Resolve de mutuo acordo coa adxudicataria o contrato administrativo de obras tras abonarlle m\u00e1is de 73.000 euros \u00e1 empresa en concepto de liquidaci\u00f3n<\/p>\n\n\n\n<p>O alcalde considera que o investimento xa non \u00e9 necesario e destina a partida a\u00ednda restante, por importe de 231.744 euros a financiar outros gastos<\/p>\n\n\n\n<p>O BNG reclama que os fondos restantes do aproveitamento urban\u00edstico de Porto do Molle, m\u00e1is de 4 mill\u00f3ns de euros, se destinen a rexeneraci\u00f3n dos r\u00edos Mu\u00ed\u00f1os e Nespereira, a mellorar as conexi\u00f3ns do pol\u00edgono e a favorecer a construci\u00f3n de vivenda protexida<\/p>\n\n\n\n<p>O goberno municipal aprobou no pleno ordinario do mes de xu\u00f1o unha modificaci\u00f3n de cr\u00e9dito de case 860.000 euros para financiar diversos gastos, realizada con cargo a baixas por anulaci\u00f3ns de partidas e novos ingresos que prov\u00e9n do aproveitamento urban\u00edstico de Porto do Molle a\u00ednda pendente de aplicaci\u00f3n.<\/p>\n\n\n\n<p>O BNG non discute a necesidade destes investimentos, especialmente de alg\u00fans como a reparaci\u00f3n da cuberta do pavill\u00f3n de Panx\u00f3n ou diversas obras de saneamento, pero si o seu financiamento cos recursos procedentes do desenvolvemento urban\u00edstico de Porto do Molle e a anulaci\u00f3n de partidas para a mellora ambiental do entorno do pol\u00edgono. M\u00e1is tendo en conta que o goberno acaba de aprobar un orzamento sen contemplar consignaci\u00f3n orzamentaria suficiente para acometelos.<\/p>\n\n\n\n<p>A resoluci\u00f3n do contrato para o acondicionamento das marxes do r\u00edo Mu\u00ed\u00f1os sup\u00f3n dar carpetazo a un \u201cproxecto clave para este goberno cuxo obxectivo primordial \u00e9 devolver ao r\u00edo o seu equilibrio natural\u201d, en palabras do alcalde de Nigr\u00e1n, Juan Gonz\u00e1lez, cando anunciaba o inicio das obras de recuperaci\u00f3n das marxes do r\u00edo e a creaci\u00f3n de n\u00facleos de ocio e deportivos totalmente integrados na paisaxe.<\/p>\n\n\n\n<p>Esas obras adxudic\u00e1ronselle a Audeca por algo m\u00e1is de medio mill\u00f3n de euros no ano 2018 e un prazo de execuci\u00f3n de 10 meses. Sete anos despois e logo de innumer\u00e1beis suspensi\u00f3ns, paralizaci\u00f3ns e diversas incidencias, res\u00f3lvese o contrato de mutuo acordo coas marxes sen acondicionar e a suposta zona deportiva convertida nun ermo.<\/p>\n\n\n\n<p>A este respecto o BNG reclama que o cr\u00e9dito restante pendente de aplicaci\u00f3n polo aproveitamento urban\u00edstico de Porto do Molle, superior aos 4 mill\u00f3ns de euros, se destine a rexeneraci\u00f3n ambiental dos r\u00edos Mu\u00ed\u00f1os e Nespereira, que bordean o pol\u00edgono, as\u00ed como a resolver a deficiente comunicaci\u00f3n do parque empresarial coa R\u00faa dos Pazos. Tam\u00e9n a actuaci\u00f3ns destinadas a favorecer a promoci\u00f3n de vivendas suxeitas a alg\u00fan r\u00e9xime de protecci\u00f3n p\u00fablica, que \u00e9 o primeiro dos destinos que contempla a lei para os bens procedentes do patrimonio p\u00fablico do chan.<\/p>\n","protected":false},"excerpt":{"rendered":"<div class=\"mh-excerpt\"><p>Resolve de mutuo acordo coa adxudicataria o contrato administrativo de obras tras abonarlle m\u00e1is de 73.000 euros \u00e1 empresa en concepto de liquidaci\u00f3n O alcalde considera que o investimento xa non \u00e9 necesario e destina <a class=\"mh-excerpt-more\" href=\"https:\/\/www.anovapeneira.gal\/index.php\/2025\/07\/08\/o-goberno-de-nigran-renuncia-definitivamente-ao-proxecto-de-acondicionamento-das-marxes-do-rio-muinos\/\" title=\"O Goberno de Nigr\u00e1n renuncia definitivamente ao proxecto de acondicionamento das marxes do r\u00edo Mu\u00ed\u00f1os\">[&#8230;]<\/a><\/p>\n<\/div>","protected":false},"author":1,"featured_media":0,"comment_status":"open","ping_status":"open","sticky":false,"template":"","format":"standard","meta":{"_exactmetrics_skip_tracking":false,"_exactmetrics_sitenote_active":false,"_exactmetrics_sitenote_note":"","_exactmetrics_sitenote_category":0,"footnotes":""},"categories":[1],"tags":[],"class_list":{"0":"post-14169","1":"post","2":"type-post","3":"status-publish","4":"format-standard","6":"category-sin-categoria"},"yoast_head":"<!-- This site is optimized with the Yoast SEO plugin v27.4 - https:\/\/yoast.com\/product\/yoast-seo-wordpress\/ -->\n<title>O Goberno de Nigr\u00e1n renuncia definitivamente ao proxecto de acondicionamento das marxes do r\u00edo Mu\u00ed\u00f1os -<\/title>\n<meta name=\"robots\" content=\"index, follow, max-snippet:-1, max-image-preview:large, max-video-preview:-1\" \/>\n<link rel=\"canonical\" href=\"https:\/\/www.anovapeneira.gal\/index.php\/2025\/07\/08\/o-goberno-de-nigran-renuncia-definitivamente-ao-proxecto-de-acondicionamento-das-marxes-do-rio-muinos\/\" \/>\n<meta property=\"og:locale\" content=\"gl_ES\" \/>\n<meta property=\"og:type\" content=\"article\" \/>\n<meta property=\"og:title\" content=\"O Goberno de Nigr\u00e1n renuncia definitivamente ao proxecto de acondicionamento das marxes do r\u00edo Mu\u00ed\u00f1os -\" \/>\n<meta property=\"og:description\" content=\"Resolve de mutuo acordo coa adxudicataria o contrato administrativo de obras tras abonarlle m\u00e1is de 73.000 euros \u00e1 empresa en concepto de liquidaci\u00f3n O alcalde considera que o investimento xa non \u00e9 necesario e destina [...]\" \/>\n<meta property=\"og:url\" content=\"https:\/\/www.anovapeneira.gal\/index.php\/2025\/07\/08\/o-goberno-de-nigran-renuncia-definitivamente-ao-proxecto-de-acondicionamento-das-marxes-do-rio-muinos\/\" \/>\n<meta property=\"article:publisher\" content=\"https:\/\/www.facebook.com\/anovapeneira\" \/>\n<meta property=\"article:author\" content=\"https:\/\/www.facebook.com\/anovapeneira\/\" \/>\n<meta property=\"article:published_time\" content=\"2025-07-08T10:00:40+00:00\" \/>\n<meta name=\"author\" content=\"admin\" \/>\n<meta name=\"twitter:card\" content=\"summary_large_image\" \/>\n<meta name=\"twitter:creator\" content=\"@APeneira\" \/>\n<meta name=\"twitter:site\" content=\"@APeneira\" \/>\n<meta name=\"twitter:label1\" content=\"Escrito por\" \/>\n\t<meta name=\"twitter:data1\" content=\"admin\" \/>\n\t<meta name=\"twitter:label2\" content=\"Tempo de lectura\" \/>\n\t<meta name=\"twitter:data2\" content=\"2 minutos\" \/>\n<script type=\"application\/ld+json\" class=\"yoast-schema-graph\">{\"@context\":\"https:\\\/\\\/schema.org\",\"@graph\":[{\"@type\":\"Article\",\"@id\":\"https:\\\/\\\/www.anovapeneira.gal\\\/index.php\\\/2025\\\/07\\\/08\\\/o-goberno-de-nigran-renuncia-definitivamente-ao-proxecto-de-acondicionamento-das-marxes-do-rio-muinos\\\/#article\",\"isPartOf\":{\"@id\":\"https:\\\/\\\/www.anovapeneira.gal\\\/index.php\\\/2025\\\/07\\\/08\\\/o-goberno-de-nigran-renuncia-definitivamente-ao-proxecto-de-acondicionamento-das-marxes-do-rio-muinos\\\/\"},\"author\":{\"name\":\"admin\",\"@id\":\"https:\\\/\\\/www.anovapeneira.gal\\\/#\\\/schema\\\/person\\\/fb77575328c93684dae4b0075f90c2cb\"},\"headline\":\"O Goberno de Nigr\u00e1n renuncia definitivamente ao proxecto de acondicionamento das marxes do r\u00edo Mu\u00ed\u00f1os\",\"datePublished\":\"2025-07-08T10:00:40+00:00\",\"mainEntityOfPage\":{\"@id\":\"https:\\\/\\\/www.anovapeneira.gal\\\/index.php\\\/2025\\\/07\\\/08\\\/o-goberno-de-nigran-renuncia-definitivamente-ao-proxecto-de-acondicionamento-das-marxes-do-rio-muinos\\\/\"},\"wordCount\":494,\"commentCount\":0,\"publisher\":{\"@id\":\"https:\\\/\\\/www.anovapeneira.gal\\\/#organization\"},\"articleSection\":[\"Sin categor\u00eda\"],\"inLanguage\":\"gl-ES\",\"potentialAction\":[{\"@type\":\"CommentAction\",\"name\":\"Comment\",\"target\":[\"https:\\\/\\\/www.anovapeneira.gal\\\/index.php\\\/2025\\\/07\\\/08\\\/o-goberno-de-nigran-renuncia-definitivamente-ao-proxecto-de-acondicionamento-das-marxes-do-rio-muinos\\\/#respond\"]}]},{\"@type\":\"WebPage\",\"@id\":\"https:\\\/\\\/www.anovapeneira.gal\\\/index.php\\\/2025\\\/07\\\/08\\\/o-goberno-de-nigran-renuncia-definitivamente-ao-proxecto-de-acondicionamento-das-marxes-do-rio-muinos\\\/\",\"url\":\"https:\\\/\\\/www.anovapeneira.gal\\\/index.php\\\/2025\\\/07\\\/08\\\/o-goberno-de-nigran-renuncia-definitivamente-ao-proxecto-de-acondicionamento-das-marxes-do-rio-muinos\\\/\",\"name\":\"O Goberno de Nigr\u00e1n renuncia definitivamente ao proxecto de acondicionamento das marxes do r\u00edo Mu\u00ed\u00f1os -\",\"isPartOf\":{\"@id\":\"https:\\\/\\\/www.anovapeneira.gal\\\/#website\"},\"datePublished\":\"2025-07-08T10:00:40+00:00\",\"breadcrumb\":{\"@id\":\"https:\\\/\\\/www.anovapeneira.gal\\\/index.php\\\/2025\\\/07\\\/08\\\/o-goberno-de-nigran-renuncia-definitivamente-ao-proxecto-de-acondicionamento-das-marxes-do-rio-muinos\\\/#breadcrumb\"},\"inLanguage\":\"gl-ES\",\"potentialAction\":[{\"@type\":\"ReadAction\",\"target\":[\"https:\\\/\\\/www.anovapeneira.gal\\\/index.php\\\/2025\\\/07\\\/08\\\/o-goberno-de-nigran-renuncia-definitivamente-ao-proxecto-de-acondicionamento-das-marxes-do-rio-muinos\\\/\"]}]},{\"@type\":\"BreadcrumbList\",\"@id\":\"https:\\\/\\\/www.anovapeneira.gal\\\/index.php\\\/2025\\\/07\\\/08\\\/o-goberno-de-nigran-renuncia-definitivamente-ao-proxecto-de-acondicionamento-das-marxes-do-rio-muinos\\\/#breadcrumb\",\"itemListElement\":[{\"@type\":\"ListItem\",\"position\":1,\"name\":\"Portada\",\"item\":\"https:\\\/\\\/www.anovapeneira.gal\\\/\"},{\"@type\":\"ListItem\",\"position\":2,\"name\":\"O Goberno de Nigr\u00e1n renuncia definitivamente ao proxecto de acondicionamento das marxes do r\u00edo Mu\u00ed\u00f1os\"}]},{\"@type\":\"WebSite\",\"@id\":\"https:\\\/\\\/www.anovapeneira.gal\\\/#website\",\"url\":\"https:\\\/\\\/www.anovapeneira.gal\\\/\",\"name\":\"\",\"description\":\"Xornal galego de informaci\u00f3n xeral Publicaci\u00f3n mensual de novas de Galicia e en especial dos Concellos da sur da provincia de Pontevedra.\",\"publisher\":{\"@id\":\"https:\\\/\\\/www.anovapeneira.gal\\\/#organization\"},\"potentialAction\":[{\"@type\":\"SearchAction\",\"target\":{\"@type\":\"EntryPoint\",\"urlTemplate\":\"https:\\\/\\\/www.anovapeneira.gal\\\/?s={search_term_string}\"},\"query-input\":{\"@type\":\"PropertyValueSpecification\",\"valueRequired\":true,\"valueName\":\"search_term_string\"}}],\"inLanguage\":\"gl-ES\"},{\"@type\":\"Organization\",\"@id\":\"https:\\\/\\\/www.anovapeneira.gal\\\/#organization\",\"name\":\"A Nova Peneira\",\"url\":\"https:\\\/\\\/www.anovapeneira.gal\\\/\",\"logo\":{\"@type\":\"ImageObject\",\"inLanguage\":\"gl-ES\",\"@id\":\"https:\\\/\\\/www.anovapeneira.gal\\\/#\\\/schema\\\/logo\\\/image\\\/\",\"url\":\"http:\\\/\\\/www.anovapeneira.gal\\\/wp-content\\\/uploads\\\/2019\\\/06\\\/logo_a_nova_peneira_portal_web.png\",\"contentUrl\":\"http:\\\/\\\/www.anovapeneira.gal\\\/wp-content\\\/uploads\\\/2019\\\/06\\\/logo_a_nova_peneira_portal_web.png\",\"width\":300,\"height\":100,\"caption\":\"A Nova Peneira\"},\"image\":{\"@id\":\"https:\\\/\\\/www.anovapeneira.gal\\\/#\\\/schema\\\/logo\\\/image\\\/\"},\"sameAs\":[\"https:\\\/\\\/www.facebook.com\\\/anovapeneira\",\"https:\\\/\\\/x.com\\\/APeneira\"]},{\"@type\":\"Person\",\"@id\":\"https:\\\/\\\/www.anovapeneira.gal\\\/#\\\/schema\\\/person\\\/fb77575328c93684dae4b0075f90c2cb\",\"name\":\"admin\",\"image\":{\"@type\":\"ImageObject\",\"inLanguage\":\"gl-ES\",\"@id\":\"https:\\\/\\\/secure.gravatar.com\\\/avatar\\\/df15c36ce375448325e0bc870e91bbee95947a002eb98dcfd6c2b053e18843e9?s=96&d=mm&r=g\",\"url\":\"https:\\\/\\\/secure.gravatar.com\\\/avatar\\\/df15c36ce375448325e0bc870e91bbee95947a002eb98dcfd6c2b053e18843e9?s=96&d=mm&r=g\",\"contentUrl\":\"https:\\\/\\\/secure.gravatar.com\\\/avatar\\\/df15c36ce375448325e0bc870e91bbee95947a002eb98dcfd6c2b053e18843e9?s=96&d=mm&r=g\",\"caption\":\"admin\"},\"description\":\"Xornal galego de informaci\u00f3n xeral Publicaci\u00f3n mensual de novas de Galicia e en especial dos Concellos da sur da provincia de Pontevedra.\",\"sameAs\":[\"http:\\\/\\\/www.anovapeneira.gal\\\/\",\"https:\\\/\\\/www.facebook.com\\\/anovapeneira\\\/\"],\"url\":\"https:\\\/\\\/www.anovapeneira.gal\\\/index.php\\\/author\\\/admin\\\/\"}]}<\/script>\n<!-- \/ Yoast SEO plugin. -->","yoast_head_json":{"title":"O Goberno de Nigr\u00e1n renuncia definitivamente ao proxecto de acondicionamento das marxes do r\u00edo Mu\u00ed\u00f1os -","robots":{"index":"index","follow":"follow","max-snippet":"max-snippet:-1","max-image-preview":"max-image-preview:large","max-video-preview":"max-video-preview:-1"},"canonical":"https:\/\/www.anovapeneira.gal\/index.php\/2025\/07\/08\/o-goberno-de-nigran-renuncia-definitivamente-ao-proxecto-de-acondicionamento-das-marxes-do-rio-muinos\/","og_locale":"gl_ES","og_type":"article","og_title":"O Goberno de Nigr\u00e1n renuncia definitivamente ao proxecto de acondicionamento das marxes do r\u00edo Mu\u00ed\u00f1os -","og_description":"Resolve de mutuo acordo coa adxudicataria o contrato administrativo de obras tras abonarlle m\u00e1is de 73.000 euros \u00e1 empresa en concepto de liquidaci\u00f3n O alcalde considera que o investimento xa non \u00e9 necesario e destina [...]","og_url":"https:\/\/www.anovapeneira.gal\/index.php\/2025\/07\/08\/o-goberno-de-nigran-renuncia-definitivamente-ao-proxecto-de-acondicionamento-das-marxes-do-rio-muinos\/","article_publisher":"https:\/\/www.facebook.com\/anovapeneira","article_author":"https:\/\/www.facebook.com\/anovapeneira\/","article_published_time":"2025-07-08T10:00:40+00:00","author":"admin","twitter_card":"summary_large_image","twitter_creator":"@APeneira","twitter_site":"@APeneira","twitter_misc":{"Escrito por":"admin","Tempo de lectura":"2 minutos"},"schema":{"@context":"https:\/\/schema.org","@graph":[{"@type":"Article","@id":"https:\/\/www.anovapeneira.gal\/index.php\/2025\/07\/08\/o-goberno-de-nigran-renuncia-definitivamente-ao-proxecto-de-acondicionamento-das-marxes-do-rio-muinos\/#article","isPartOf":{"@id":"https:\/\/www.anovapeneira.gal\/index.php\/2025\/07\/08\/o-goberno-de-nigran-renuncia-definitivamente-ao-proxecto-de-acondicionamento-das-marxes-do-rio-muinos\/"},"author":{"name":"admin","@id":"https:\/\/www.anovapeneira.gal\/#\/schema\/person\/fb77575328c93684dae4b0075f90c2cb"},"headline":"O Goberno de Nigr\u00e1n renuncia definitivamente ao proxecto de acondicionamento das marxes do r\u00edo Mu\u00ed\u00f1os","datePublished":"2025-07-08T10:00:40+00:00","mainEntityOfPage":{"@id":"https:\/\/www.anovapeneira.gal\/index.php\/2025\/07\/08\/o-goberno-de-nigran-renuncia-definitivamente-ao-proxecto-de-acondicionamento-das-marxes-do-rio-muinos\/"},"wordCount":494,"commentCount":0,"publisher":{"@id":"https:\/\/www.anovapeneira.gal\/#organization"},"articleSection":["Sin categor\u00eda"],"inLanguage":"gl-ES","potentialAction":[{"@type":"CommentAction","name":"Comment","target":["https:\/\/www.anovapeneira.gal\/index.php\/2025\/07\/08\/o-goberno-de-nigran-renuncia-definitivamente-ao-proxecto-de-acondicionamento-das-marxes-do-rio-muinos\/#respond"]}]},{"@type":"WebPage","@id":"https:\/\/www.anovapeneira.gal\/index.php\/2025\/07\/08\/o-goberno-de-nigran-renuncia-definitivamente-ao-proxecto-de-acondicionamento-das-marxes-do-rio-muinos\/","url":"https:\/\/www.anovapeneira.gal\/index.php\/2025\/07\/08\/o-goberno-de-nigran-renuncia-definitivamente-ao-proxecto-de-acondicionamento-das-marxes-do-rio-muinos\/","name":"O Goberno de Nigr\u00e1n renuncia definitivamente ao proxecto de acondicionamento das marxes do r\u00edo Mu\u00ed\u00f1os -","isPartOf":{"@id":"https:\/\/www.anovapeneira.gal\/#website"},"datePublished":"2025-07-08T10:00:40+00:00","breadcrumb":{"@id":"https:\/\/www.anovapeneira.gal\/index.php\/2025\/07\/08\/o-goberno-de-nigran-renuncia-definitivamente-ao-proxecto-de-acondicionamento-das-marxes-do-rio-muinos\/#breadcrumb"},"inLanguage":"gl-ES","potentialAction":[{"@type":"ReadAction","target":["https:\/\/www.anovapeneira.gal\/index.php\/2025\/07\/08\/o-goberno-de-nigran-renuncia-definitivamente-ao-proxecto-de-acondicionamento-das-marxes-do-rio-muinos\/"]}]},{"@type":"BreadcrumbList","@id":"https:\/\/www.anovapeneira.gal\/index.php\/2025\/07\/08\/o-goberno-de-nigran-renuncia-definitivamente-ao-proxecto-de-acondicionamento-das-marxes-do-rio-muinos\/#breadcrumb","itemListElement":[{"@type":"ListItem","position":1,"name":"Portada","item":"https:\/\/www.anovapeneira.gal\/"},{"@type":"ListItem","position":2,"name":"O Goberno de Nigr\u00e1n renuncia definitivamente ao proxecto de acondicionamento das marxes do r\u00edo Mu\u00ed\u00f1os"}]},{"@type":"WebSite","@id":"https:\/\/www.anovapeneira.gal\/#website","url":"https:\/\/www.anovapeneira.gal\/","name":"","description":"Xornal galego de informaci\u00f3n xeral Publicaci\u00f3n mensual de novas de Galicia e en especial dos Concellos da sur da provincia de Pontevedra.","publisher":{"@id":"https:\/\/www.anovapeneira.gal\/#organization"},"potentialAction":[{"@type":"SearchAction","target":{"@type":"EntryPoint","urlTemplate":"https:\/\/www.anovapeneira.gal\/?s={search_term_string}"},"query-input":{"@type":"PropertyValueSpecification","valueRequired":true,"valueName":"search_term_string"}}],"inLanguage":"gl-ES"},{"@type":"Organization","@id":"https:\/\/www.anovapeneira.gal\/#organization","name":"A Nova Peneira","url":"https:\/\/www.anovapeneira.gal\/","logo":{"@type":"ImageObject","inLanguage":"gl-ES","@id":"https:\/\/www.anovapeneira.gal\/#\/schema\/logo\/image\/","url":"http:\/\/www.anovapeneira.gal\/wp-content\/uploads\/2019\/06\/logo_a_nova_peneira_portal_web.png","contentUrl":"http:\/\/www.anovapeneira.gal\/wp-content\/uploads\/2019\/06\/logo_a_nova_peneira_portal_web.png","width":300,"height":100,"caption":"A Nova Peneira"},"image":{"@id":"https:\/\/www.anovapeneira.gal\/#\/schema\/logo\/image\/"},"sameAs":["https:\/\/www.facebook.com\/anovapeneira","https:\/\/x.com\/APeneira"]},{"@type":"Person","@id":"https:\/\/www.anovapeneira.gal\/#\/schema\/person\/fb77575328c93684dae4b0075f90c2cb","name":"admin","image":{"@type":"ImageObject","inLanguage":"gl-ES","@id":"https:\/\/secure.gravatar.com\/avatar\/df15c36ce375448325e0bc870e91bbee95947a002eb98dcfd6c2b053e18843e9?s=96&d=mm&r=g","url":"https:\/\/secure.gravatar.com\/avatar\/df15c36ce375448325e0bc870e91bbee95947a002eb98dcfd6c2b053e18843e9?s=96&d=mm&r=g","contentUrl":"https:\/\/secure.gravatar.com\/avatar\/df15c36ce375448325e0bc870e91bbee95947a002eb98dcfd6c2b053e18843e9?s=96&d=mm&r=g","caption":"admin"},"description":"Xornal galego de informaci\u00f3n xeral Publicaci\u00f3n mensual de novas de Galicia e en especial dos Concellos da sur da provincia de Pontevedra.","sameAs":["http:\/\/www.anovapeneira.gal\/","https:\/\/www.facebook.com\/anovapeneira\/"],"url":"https:\/\/www.anovapeneira.gal\/index.php\/author\/admin\/"}]}},"jetpack_featured_media_url":"","_links":{"self":[{"href":"https:\/\/www.anovapeneira.gal\/index.php\/wp-json\/wp\/v2\/posts\/14169","targetHints":{"allow":["GET"]}}],"collection":[{"href":"https:\/\/www.anovapeneira.gal\/index.php\/wp-json\/wp\/v2\/posts"}],"about":[{"href":"https:\/\/www.anovapeneira.gal\/index.php\/wp-json\/wp\/v2\/types\/post"}],"author":[{"embeddable":true,"href":"https:\/\/www.anovapeneira.gal\/index.php\/wp-json\/wp\/v2\/users\/1"}],"replies":[{"embeddable":true,"href":"https:\/\/www.anovapeneira.gal\/index.php\/wp-json\/wp\/v2\/comments?post=14169"}],"version-history":[{"count":1,"href":"https:\/\/www.anovapeneira.gal\/index.php\/wp-json\/wp\/v2\/posts\/14169\/revisions"}],"predecessor-version":[{"id":14170,"href":"https:\/\/www.anovapeneira.gal\/index.php\/wp-json\/wp\/v2\/posts\/14169\/revisions\/14170"}],"wp:attachment":[{"href":"https:\/\/www.anovapeneira.gal\/index.php\/wp-json\/wp\/v2\/media?parent=14169"}],"wp:term":[{"taxonomy":"category","embeddable":true,"href":"https:\/\/www.anovapeneira.gal\/index.php\/wp-json\/wp\/v2\/categories?post=14169"},{"taxonomy":"post_tag","embeddable":true,"href":"https:\/\/www.anovapeneira.gal\/index.php\/wp-json\/wp\/v2\/tags?post=14169"}],"curies":[{"name":"wp","href":"https:\/\/api.w.org\/{rel}","templated":true}]}}