{"id":14174,"date":"2025-07-09T12:00:39","date_gmt":"2025-07-09T10:00:39","guid":{"rendered":"https:\/\/www.anovapeneira.gal\/?p=14174"},"modified":"2025-07-06T08:13:15","modified_gmt":"2025-07-06T06:13:15","slug":"o-bng-califica-de-tomadura-de-pelo-o-sendeiro-accesible-na-praia-de-mogor","status":"publish","type":"post","link":"https:\/\/www.anovapeneira.gal\/index.php\/2025\/07\/09\/o-bng-califica-de-tomadura-de-pelo-o-sendeiro-accesible-na-praia-de-mogor\/","title":{"rendered":"O BNG califica de tomadura de pelo o sendeiro \u201caccesible\u201d na praia de Mogor"},"content":{"rendered":"\n<pre class=\"wp-block-verse\">Davinia Lojo Amoedo. Concelleira do Grupo Municipal do BNG.<\/pre>\n\n\n\n<p><strong>Mar\u00edn, 01 de Xullo do 2025.<\/strong><\/p>\n\n\n\n<p><em>Davinia Lojo critica que a accesibilidade reclamada polo BNG en todas as praias, co obxectivo de garantir o acceso \u00e1 auga a persoas con mobilidade reducida, se limitase \u00e1 instalaci\u00f3n dunha pasarela en Mogor, que considera perigosa e non funcional. Lamenta tam\u00e9n a falta de mantemento noutras infraestruturas, como a pasarela de acceso \u00e1 praia de Portocelo.<\/em><\/p>\n\n\n\n<p>O Bloque Nacionalista Galego (BNG) considera inadmisible a forma na que o goberno municipal do PP deu resposta \u00e1 moci\u00f3n aprobada en maio para mellorar a accesibilidade nas praias de Mar\u00edn. A proposta, que xa fora presentada polo BNG o ano pasado sen obter resposta, volveuse levar ao pleno este ano e foi finalmente aprobada por unanimidade, compromet\u00e9ndose o executivo local a comezar as actuaci\u00f3ns na praia de Mogor.<\/p>\n\n\n\n<p>Con todo, o BNG considera que o resultado da intervenci\u00f3n \u201c\u00e9 unha tomadura de pelo\u201d. A formaci\u00f3n nacionalista pon en d\u00fabida que alg\u00fan membro do goberno municipal comprobase o resultado da instalaci\u00f3n, xa que calquera persoa que se achegue \u00e1 praia de Mogor pode ver que a pasarela representa un perigo para as persoas usuarias.<\/p>\n\n\n\n<p>A concelleira Davinia Lojo denuncia que a pasarela foi colocada xunto a un regato de auga, xerando un desnivel que fai imposible o acceso \u00e1 auga a calquera persoa que se desprace en cadeira de rodas. Ademais, debido \u00e1 s\u00faa ubicaci\u00f3n, a auga arrastra a area e deixa parte da estrutura suspendida no aire, sen base, o que a converte nun elemento inaccesible.<\/p>\n\n\n\n<p>A isto s\u00famase que os ancoraxes situados ao final da pasarela sobresaen varios cent\u00edmetros sobre o terreo, o que sup\u00f3n un risco evidente de tropezos para quen cami\u00f1a pola beira da praia.<\/p>\n\n\n\n<p>Desde o BNG crit\u00edcase tam\u00e9n a declaraci\u00f3n do PP asegurando que \u201ceste ano Mogor substit\u00fae a Portocelo como praia accesible\u201d. Para Lojo, esta afirmaci\u00f3n evidencia a falta de sensibilidade do goberno de Mar\u00eda Ramallo para avanzar cara a unha accesibilidade real nos espazos p\u00fablicos.<\/p>\n\n\n\n<p>A formaci\u00f3n lembra que a accesibilidade universal \u00e9 a condici\u00f3n que deben cumprir os entornos, procesos, bens, produtos e servizos para que todas as persoas poidan facer uso deles en condici\u00f3ns de seguridade, comodidade e autonom\u00eda. Segundo o BNG, \u201cas actuaci\u00f3ns que v\u00e9n realizando o goberno do PP nas praias de Mar\u00edn est\u00e1n moi lonxe de acadar esa accesibilidade\u201d.<\/p>\n\n\n\n<p>Critican, ademais, o estado da senda de acceso \u00e1 praia de Portocelo, que se atopa en situaci\u00f3n de abandono por falta de mantemento. \u201cResulta dif\u00edcil de entender que se espere \u00e1 chegada do ver\u00e1n para decidir a s\u00faa rehabilitaci\u00f3n\u201d, apuntan.<\/p>\n\n\n\n<p>En canto \u00e1 pasarela instalada en Mogor, desde o BNG insisten en que \u201cnon ten nada que ver coa proposta aprobada\u201d, que inclu\u00eda a instalaci\u00f3n de pasarelas fixas de material antiescorregadizo e con zona de sombra reservada para persoas con mobilidade reducida.<\/p>\n\n\n\n<p>O grupo municipal nacionalista convida \u00e1 alcaldesa e \u00e1s concelleiras e concelleiros do PP a que se acheguen \u00e1 praia para comprobar por eles mesmos o resultado da intervenci\u00f3n. \u201cE se xa o fixeron, que consulten con algunha persoa con mobilidade reducida se esta senda lles permite acceder \u00e1 praia con seguridade\u201d, concl\u00fae Davinia Lojo.<\/p>\n","protected":false},"excerpt":{"rendered":"<div class=\"mh-excerpt\"><p>Davinia Lojo critica que a accesibilidade reclamada polo BNG en todas as praias, co obxectivo de garantir o acceso \u00e1 auga a persoas con mobilidade reducida <a class=\"mh-excerpt-more\" href=\"https:\/\/www.anovapeneira.gal\/index.php\/2025\/07\/09\/o-bng-califica-de-tomadura-de-pelo-o-sendeiro-accesible-na-praia-de-mogor\/\" title=\"O BNG califica de tomadura de pelo o sendeiro \u201caccesible\u201d na praia de Mogor\">[&#8230;]<\/a><\/p>\n<\/div>","protected":false},"author":3,"featured_media":14175,"comment_status":"open","ping_status":"open","sticky":false,"template":"","format":"standard","meta":{"_exactmetrics_skip_tracking":false,"_exactmetrics_sitenote_active":false,"_exactmetrics_sitenote_note":"","_exactmetrics_sitenote_category":0,"footnotes":""},"categories":[22],"tags":[144],"class_list":{"0":"post-14174","1":"post","2":"type-post","3":"status-publish","4":"format-standard","5":"has-post-thumbnail","7":"category-morrazo","8":"tag-concello-de-marin"},"yoast_head":"<!-- This site is optimized with the Yoast SEO plugin v27.4 - https:\/\/yoast.com\/product\/yoast-seo-wordpress\/ -->\n<title>O BNG califica de tomadura de pelo o sendeiro \u201caccesible\u201d na praia de Mogor -<\/title>\n<meta name=\"robots\" content=\"index, follow, max-snippet:-1, max-image-preview:large, max-video-preview:-1\" \/>\n<link rel=\"canonical\" href=\"https:\/\/www.anovapeneira.gal\/index.php\/2025\/07\/09\/o-bng-califica-de-tomadura-de-pelo-o-sendeiro-accesible-na-praia-de-mogor\/\" \/>\n<meta property=\"og:locale\" content=\"gl_ES\" \/>\n<meta property=\"og:type\" content=\"article\" \/>\n<meta property=\"og:title\" content=\"O BNG califica de tomadura de pelo o sendeiro \u201caccesible\u201d na praia de Mogor -\" \/>\n<meta property=\"og:description\" content=\"Davinia Lojo critica que a accesibilidade reclamada polo BNG en todas as praias, co obxectivo de garantir o acceso \u00e1 auga a persoas con mobilidade reducida [...]\" \/>\n<meta property=\"og:url\" content=\"https:\/\/www.anovapeneira.gal\/index.php\/2025\/07\/09\/o-bng-califica-de-tomadura-de-pelo-o-sendeiro-accesible-na-praia-de-mogor\/\" \/>\n<meta property=\"article:publisher\" content=\"https:\/\/www.facebook.com\/anovapeneira\" \/>\n<meta property=\"article:published_time\" content=\"2025-07-09T10:00:39+00:00\" \/>\n<meta property=\"og:image\" content=\"https:\/\/www.anovapeneira.gal\/wp-content\/uploads\/2025\/07\/praia_mogor.png\" \/>\n\t<meta property=\"og:image:width\" content=\"720\" \/>\n\t<meta property=\"og:image:height\" content=\"432\" \/>\n\t<meta property=\"og:image:type\" content=\"image\/png\" \/>\n<meta name=\"author\" content=\"Redacci\u00f3n A Nova Peneira\" \/>\n<meta name=\"twitter:card\" content=\"summary_large_image\" \/>\n<meta name=\"twitter:creator\" content=\"@APeneira\" \/>\n<meta name=\"twitter:site\" content=\"@APeneira\" \/>\n<meta name=\"twitter:label1\" content=\"Escrito por\" \/>\n\t<meta name=\"twitter:data1\" content=\"Redacci\u00f3n A Nova Peneira\" \/>\n\t<meta name=\"twitter:label2\" content=\"Tempo de lectura\" \/>\n\t<meta name=\"twitter:data2\" content=\"4 minutos\" \/>\n<script type=\"application\/ld+json\" class=\"yoast-schema-graph\">{\"@context\":\"https:\\\/\\\/schema.org\",\"@graph\":[{\"@type\":\"Article\",\"@id\":\"https:\\\/\\\/www.anovapeneira.gal\\\/index.php\\\/2025\\\/07\\\/09\\\/o-bng-califica-de-tomadura-de-pelo-o-sendeiro-accesible-na-praia-de-mogor\\\/#article\",\"isPartOf\":{\"@id\":\"https:\\\/\\\/www.anovapeneira.gal\\\/index.php\\\/2025\\\/07\\\/09\\\/o-bng-califica-de-tomadura-de-pelo-o-sendeiro-accesible-na-praia-de-mogor\\\/\"},\"author\":{\"name\":\"Redacci\u00f3n A Nova Peneira\",\"@id\":\"https:\\\/\\\/www.anovapeneira.gal\\\/#\\\/schema\\\/person\\\/b93e3f8932e3f8da96334607eb6ac6aa\"},\"headline\":\"O BNG califica de tomadura de pelo o sendeiro \u201caccesible\u201d na praia de Mogor\",\"datePublished\":\"2025-07-09T10:00:39+00:00\",\"mainEntityOfPage\":{\"@id\":\"https:\\\/\\\/www.anovapeneira.gal\\\/index.php\\\/2025\\\/07\\\/09\\\/o-bng-califica-de-tomadura-de-pelo-o-sendeiro-accesible-na-praia-de-mogor\\\/\"},\"wordCount\":561,\"commentCount\":0,\"publisher\":{\"@id\":\"https:\\\/\\\/www.anovapeneira.gal\\\/#organization\"},\"image\":{\"@id\":\"https:\\\/\\\/www.anovapeneira.gal\\\/index.php\\\/2025\\\/07\\\/09\\\/o-bng-califica-de-tomadura-de-pelo-o-sendeiro-accesible-na-praia-de-mogor\\\/#primaryimage\"},\"thumbnailUrl\":\"https:\\\/\\\/www.anovapeneira.gal\\\/wp-content\\\/uploads\\\/2025\\\/07\\\/praia_mogor.png\",\"keywords\":[\"Concello de Mar\u00edn\"],\"articleSection\":[\"Morrazo\"],\"inLanguage\":\"gl-ES\",\"potentialAction\":[{\"@type\":\"CommentAction\",\"name\":\"Comment\",\"target\":[\"https:\\\/\\\/www.anovapeneira.gal\\\/index.php\\\/2025\\\/07\\\/09\\\/o-bng-califica-de-tomadura-de-pelo-o-sendeiro-accesible-na-praia-de-mogor\\\/#respond\"]}]},{\"@type\":\"WebPage\",\"@id\":\"https:\\\/\\\/www.anovapeneira.gal\\\/index.php\\\/2025\\\/07\\\/09\\\/o-bng-califica-de-tomadura-de-pelo-o-sendeiro-accesible-na-praia-de-mogor\\\/\",\"url\":\"https:\\\/\\\/www.anovapeneira.gal\\\/index.php\\\/2025\\\/07\\\/09\\\/o-bng-califica-de-tomadura-de-pelo-o-sendeiro-accesible-na-praia-de-mogor\\\/\",\"name\":\"O BNG califica de tomadura de pelo o sendeiro \u201caccesible\u201d na praia de Mogor -\",\"isPartOf\":{\"@id\":\"https:\\\/\\\/www.anovapeneira.gal\\\/#website\"},\"primaryImageOfPage\":{\"@id\":\"https:\\\/\\\/www.anovapeneira.gal\\\/index.php\\\/2025\\\/07\\\/09\\\/o-bng-califica-de-tomadura-de-pelo-o-sendeiro-accesible-na-praia-de-mogor\\\/#primaryimage\"},\"image\":{\"@id\":\"https:\\\/\\\/www.anovapeneira.gal\\\/index.php\\\/2025\\\/07\\\/09\\\/o-bng-califica-de-tomadura-de-pelo-o-sendeiro-accesible-na-praia-de-mogor\\\/#primaryimage\"},\"thumbnailUrl\":\"https:\\\/\\\/www.anovapeneira.gal\\\/wp-content\\\/uploads\\\/2025\\\/07\\\/praia_mogor.png\",\"datePublished\":\"2025-07-09T10:00:39+00:00\",\"breadcrumb\":{\"@id\":\"https:\\\/\\\/www.anovapeneira.gal\\\/index.php\\\/2025\\\/07\\\/09\\\/o-bng-califica-de-tomadura-de-pelo-o-sendeiro-accesible-na-praia-de-mogor\\\/#breadcrumb\"},\"inLanguage\":\"gl-ES\",\"potentialAction\":[{\"@type\":\"ReadAction\",\"target\":[\"https:\\\/\\\/www.anovapeneira.gal\\\/index.php\\\/2025\\\/07\\\/09\\\/o-bng-califica-de-tomadura-de-pelo-o-sendeiro-accesible-na-praia-de-mogor\\\/\"]}]},{\"@type\":\"ImageObject\",\"inLanguage\":\"gl-ES\",\"@id\":\"https:\\\/\\\/www.anovapeneira.gal\\\/index.php\\\/2025\\\/07\\\/09\\\/o-bng-califica-de-tomadura-de-pelo-o-sendeiro-accesible-na-praia-de-mogor\\\/#primaryimage\",\"url\":\"https:\\\/\\\/www.anovapeneira.gal\\\/wp-content\\\/uploads\\\/2025\\\/07\\\/praia_mogor.png\",\"contentUrl\":\"https:\\\/\\\/www.anovapeneira.gal\\\/wp-content\\\/uploads\\\/2025\\\/07\\\/praia_mogor.png\",\"width\":720,\"height\":432,\"caption\":\"praia Mogor , Mar\u00edn\"},{\"@type\":\"BreadcrumbList\",\"@id\":\"https:\\\/\\\/www.anovapeneira.gal\\\/index.php\\\/2025\\\/07\\\/09\\\/o-bng-califica-de-tomadura-de-pelo-o-sendeiro-accesible-na-praia-de-mogor\\\/#breadcrumb\",\"itemListElement\":[{\"@type\":\"ListItem\",\"position\":1,\"name\":\"Portada\",\"item\":\"https:\\\/\\\/www.anovapeneira.gal\\\/\"},{\"@type\":\"ListItem\",\"position\":2,\"name\":\"O BNG califica de tomadura de pelo o sendeiro \u201caccesible\u201d na praia de Mogor\"}]},{\"@type\":\"WebSite\",\"@id\":\"https:\\\/\\\/www.anovapeneira.gal\\\/#website\",\"url\":\"https:\\\/\\\/www.anovapeneira.gal\\\/\",\"name\":\"\",\"description\":\"Xornal galego de informaci\u00f3n xeral Publicaci\u00f3n mensual de novas de Galicia e en especial dos Concellos da sur da provincia de Pontevedra.\",\"publisher\":{\"@id\":\"https:\\\/\\\/www.anovapeneira.gal\\\/#organization\"},\"potentialAction\":[{\"@type\":\"SearchAction\",\"target\":{\"@type\":\"EntryPoint\",\"urlTemplate\":\"https:\\\/\\\/www.anovapeneira.gal\\\/?s={search_term_string}\"},\"query-input\":{\"@type\":\"PropertyValueSpecification\",\"valueRequired\":true,\"valueName\":\"search_term_string\"}}],\"inLanguage\":\"gl-ES\"},{\"@type\":\"Organization\",\"@id\":\"https:\\\/\\\/www.anovapeneira.gal\\\/#organization\",\"name\":\"A Nova Peneira\",\"url\":\"https:\\\/\\\/www.anovapeneira.gal\\\/\",\"logo\":{\"@type\":\"ImageObject\",\"inLanguage\":\"gl-ES\",\"@id\":\"https:\\\/\\\/www.anovapeneira.gal\\\/#\\\/schema\\\/logo\\\/image\\\/\",\"url\":\"http:\\\/\\\/www.anovapeneira.gal\\\/wp-content\\\/uploads\\\/2019\\\/06\\\/logo_a_nova_peneira_portal_web.png\",\"contentUrl\":\"http:\\\/\\\/www.anovapeneira.gal\\\/wp-content\\\/uploads\\\/2019\\\/06\\\/logo_a_nova_peneira_portal_web.png\",\"width\":300,\"height\":100,\"caption\":\"A Nova Peneira\"},\"image\":{\"@id\":\"https:\\\/\\\/www.anovapeneira.gal\\\/#\\\/schema\\\/logo\\\/image\\\/\"},\"sameAs\":[\"https:\\\/\\\/www.facebook.com\\\/anovapeneira\",\"https:\\\/\\\/x.com\\\/APeneira\"]},{\"@type\":\"Person\",\"@id\":\"https:\\\/\\\/www.anovapeneira.gal\\\/#\\\/schema\\\/person\\\/b93e3f8932e3f8da96334607eb6ac6aa\",\"name\":\"Redacci\u00f3n A Nova Peneira\",\"image\":{\"@type\":\"ImageObject\",\"inLanguage\":\"gl-ES\",\"@id\":\"https:\\\/\\\/secure.gravatar.com\\\/avatar\\\/c052a2551a06e23fac63626232eaa90abd78dbcf1700fc46a2b2c89fd27b735f?s=96&d=mm&r=g\",\"url\":\"https:\\\/\\\/secure.gravatar.com\\\/avatar\\\/c052a2551a06e23fac63626232eaa90abd78dbcf1700fc46a2b2c89fd27b735f?s=96&d=mm&r=g\",\"contentUrl\":\"https:\\\/\\\/secure.gravatar.com\\\/avatar\\\/c052a2551a06e23fac63626232eaa90abd78dbcf1700fc46a2b2c89fd27b735f?s=96&d=mm&r=g\",\"caption\":\"Redacci\u00f3n A Nova Peneira\"},\"sameAs\":[\"http:\\\/\\\/www.anovapeneira.gal\\\/\"],\"url\":\"https:\\\/\\\/www.anovapeneira.gal\\\/index.php\\\/author\\\/redactor\\\/\"}]}<\/script>\n<!-- \/ Yoast SEO plugin. -->","yoast_head_json":{"title":"O BNG califica de tomadura de pelo o sendeiro \u201caccesible\u201d na praia de Mogor -","robots":{"index":"index","follow":"follow","max-snippet":"max-snippet:-1","max-image-preview":"max-image-preview:large","max-video-preview":"max-video-preview:-1"},"canonical":"https:\/\/www.anovapeneira.gal\/index.php\/2025\/07\/09\/o-bng-califica-de-tomadura-de-pelo-o-sendeiro-accesible-na-praia-de-mogor\/","og_locale":"gl_ES","og_type":"article","og_title":"O BNG califica de tomadura de pelo o sendeiro \u201caccesible\u201d na praia de Mogor -","og_description":"Davinia Lojo critica que a accesibilidade reclamada polo BNG en todas as praias, co obxectivo de garantir o acceso \u00e1 auga a persoas con mobilidade reducida [...]","og_url":"https:\/\/www.anovapeneira.gal\/index.php\/2025\/07\/09\/o-bng-califica-de-tomadura-de-pelo-o-sendeiro-accesible-na-praia-de-mogor\/","article_publisher":"https:\/\/www.facebook.com\/anovapeneira","article_published_time":"2025-07-09T10:00:39+00:00","og_image":[{"width":720,"height":432,"url":"https:\/\/www.anovapeneira.gal\/wp-content\/uploads\/2025\/07\/praia_mogor.png","type":"image\/png"}],"author":"Redacci\u00f3n A Nova Peneira","twitter_card":"summary_large_image","twitter_creator":"@APeneira","twitter_site":"@APeneira","twitter_misc":{"Escrito por":"Redacci\u00f3n A Nova Peneira","Tempo de lectura":"4 minutos"},"schema":{"@context":"https:\/\/schema.org","@graph":[{"@type":"Article","@id":"https:\/\/www.anovapeneira.gal\/index.php\/2025\/07\/09\/o-bng-califica-de-tomadura-de-pelo-o-sendeiro-accesible-na-praia-de-mogor\/#article","isPartOf":{"@id":"https:\/\/www.anovapeneira.gal\/index.php\/2025\/07\/09\/o-bng-califica-de-tomadura-de-pelo-o-sendeiro-accesible-na-praia-de-mogor\/"},"author":{"name":"Redacci\u00f3n A Nova Peneira","@id":"https:\/\/www.anovapeneira.gal\/#\/schema\/person\/b93e3f8932e3f8da96334607eb6ac6aa"},"headline":"O BNG califica de tomadura de pelo o sendeiro \u201caccesible\u201d na praia de Mogor","datePublished":"2025-07-09T10:00:39+00:00","mainEntityOfPage":{"@id":"https:\/\/www.anovapeneira.gal\/index.php\/2025\/07\/09\/o-bng-califica-de-tomadura-de-pelo-o-sendeiro-accesible-na-praia-de-mogor\/"},"wordCount":561,"commentCount":0,"publisher":{"@id":"https:\/\/www.anovapeneira.gal\/#organization"},"image":{"@id":"https:\/\/www.anovapeneira.gal\/index.php\/2025\/07\/09\/o-bng-califica-de-tomadura-de-pelo-o-sendeiro-accesible-na-praia-de-mogor\/#primaryimage"},"thumbnailUrl":"https:\/\/www.anovapeneira.gal\/wp-content\/uploads\/2025\/07\/praia_mogor.png","keywords":["Concello de Mar\u00edn"],"articleSection":["Morrazo"],"inLanguage":"gl-ES","potentialAction":[{"@type":"CommentAction","name":"Comment","target":["https:\/\/www.anovapeneira.gal\/index.php\/2025\/07\/09\/o-bng-califica-de-tomadura-de-pelo-o-sendeiro-accesible-na-praia-de-mogor\/#respond"]}]},{"@type":"WebPage","@id":"https:\/\/www.anovapeneira.gal\/index.php\/2025\/07\/09\/o-bng-califica-de-tomadura-de-pelo-o-sendeiro-accesible-na-praia-de-mogor\/","url":"https:\/\/www.anovapeneira.gal\/index.php\/2025\/07\/09\/o-bng-califica-de-tomadura-de-pelo-o-sendeiro-accesible-na-praia-de-mogor\/","name":"O BNG califica de tomadura de pelo o sendeiro \u201caccesible\u201d na praia de Mogor -","isPartOf":{"@id":"https:\/\/www.anovapeneira.gal\/#website"},"primaryImageOfPage":{"@id":"https:\/\/www.anovapeneira.gal\/index.php\/2025\/07\/09\/o-bng-califica-de-tomadura-de-pelo-o-sendeiro-accesible-na-praia-de-mogor\/#primaryimage"},"image":{"@id":"https:\/\/www.anovapeneira.gal\/index.php\/2025\/07\/09\/o-bng-califica-de-tomadura-de-pelo-o-sendeiro-accesible-na-praia-de-mogor\/#primaryimage"},"thumbnailUrl":"https:\/\/www.anovapeneira.gal\/wp-content\/uploads\/2025\/07\/praia_mogor.png","datePublished":"2025-07-09T10:00:39+00:00","breadcrumb":{"@id":"https:\/\/www.anovapeneira.gal\/index.php\/2025\/07\/09\/o-bng-califica-de-tomadura-de-pelo-o-sendeiro-accesible-na-praia-de-mogor\/#breadcrumb"},"inLanguage":"gl-ES","potentialAction":[{"@type":"ReadAction","target":["https:\/\/www.anovapeneira.gal\/index.php\/2025\/07\/09\/o-bng-califica-de-tomadura-de-pelo-o-sendeiro-accesible-na-praia-de-mogor\/"]}]},{"@type":"ImageObject","inLanguage":"gl-ES","@id":"https:\/\/www.anovapeneira.gal\/index.php\/2025\/07\/09\/o-bng-califica-de-tomadura-de-pelo-o-sendeiro-accesible-na-praia-de-mogor\/#primaryimage","url":"https:\/\/www.anovapeneira.gal\/wp-content\/uploads\/2025\/07\/praia_mogor.png","contentUrl":"https:\/\/www.anovapeneira.gal\/wp-content\/uploads\/2025\/07\/praia_mogor.png","width":720,"height":432,"caption":"praia Mogor , Mar\u00edn"},{"@type":"BreadcrumbList","@id":"https:\/\/www.anovapeneira.gal\/index.php\/2025\/07\/09\/o-bng-califica-de-tomadura-de-pelo-o-sendeiro-accesible-na-praia-de-mogor\/#breadcrumb","itemListElement":[{"@type":"ListItem","position":1,"name":"Portada","item":"https:\/\/www.anovapeneira.gal\/"},{"@type":"ListItem","position":2,"name":"O BNG califica de tomadura de pelo o sendeiro \u201caccesible\u201d na praia de Mogor"}]},{"@type":"WebSite","@id":"https:\/\/www.anovapeneira.gal\/#website","url":"https:\/\/www.anovapeneira.gal\/","name":"","description":"Xornal galego de informaci\u00f3n xeral Publicaci\u00f3n mensual de novas de Galicia e en especial dos Concellos da sur da provincia de Pontevedra.","publisher":{"@id":"https:\/\/www.anovapeneira.gal\/#organization"},"potentialAction":[{"@type":"SearchAction","target":{"@type":"EntryPoint","urlTemplate":"https:\/\/www.anovapeneira.gal\/?s={search_term_string}"},"query-input":{"@type":"PropertyValueSpecification","valueRequired":true,"valueName":"search_term_string"}}],"inLanguage":"gl-ES"},{"@type":"Organization","@id":"https:\/\/www.anovapeneira.gal\/#organization","name":"A Nova Peneira","url":"https:\/\/www.anovapeneira.gal\/","logo":{"@type":"ImageObject","inLanguage":"gl-ES","@id":"https:\/\/www.anovapeneira.gal\/#\/schema\/logo\/image\/","url":"http:\/\/www.anovapeneira.gal\/wp-content\/uploads\/2019\/06\/logo_a_nova_peneira_portal_web.png","contentUrl":"http:\/\/www.anovapeneira.gal\/wp-content\/uploads\/2019\/06\/logo_a_nova_peneira_portal_web.png","width":300,"height":100,"caption":"A Nova Peneira"},"image":{"@id":"https:\/\/www.anovapeneira.gal\/#\/schema\/logo\/image\/"},"sameAs":["https:\/\/www.facebook.com\/anovapeneira","https:\/\/x.com\/APeneira"]},{"@type":"Person","@id":"https:\/\/www.anovapeneira.gal\/#\/schema\/person\/b93e3f8932e3f8da96334607eb6ac6aa","name":"Redacci\u00f3n A Nova Peneira","image":{"@type":"ImageObject","inLanguage":"gl-ES","@id":"https:\/\/secure.gravatar.com\/avatar\/c052a2551a06e23fac63626232eaa90abd78dbcf1700fc46a2b2c89fd27b735f?s=96&d=mm&r=g","url":"https:\/\/secure.gravatar.com\/avatar\/c052a2551a06e23fac63626232eaa90abd78dbcf1700fc46a2b2c89fd27b735f?s=96&d=mm&r=g","contentUrl":"https:\/\/secure.gravatar.com\/avatar\/c052a2551a06e23fac63626232eaa90abd78dbcf1700fc46a2b2c89fd27b735f?s=96&d=mm&r=g","caption":"Redacci\u00f3n A Nova Peneira"},"sameAs":["http:\/\/www.anovapeneira.gal\/"],"url":"https:\/\/www.anovapeneira.gal\/index.php\/author\/redactor\/"}]}},"jetpack_featured_media_url":"https:\/\/www.anovapeneira.gal\/wp-content\/uploads\/2025\/07\/praia_mogor.png","_links":{"self":[{"href":"https:\/\/www.anovapeneira.gal\/index.php\/wp-json\/wp\/v2\/posts\/14174","targetHints":{"allow":["GET"]}}],"collection":[{"href":"https:\/\/www.anovapeneira.gal\/index.php\/wp-json\/wp\/v2\/posts"}],"about":[{"href":"https:\/\/www.anovapeneira.gal\/index.php\/wp-json\/wp\/v2\/types\/post"}],"author":[{"embeddable":true,"href":"https:\/\/www.anovapeneira.gal\/index.php\/wp-json\/wp\/v2\/users\/3"}],"replies":[{"embeddable":true,"href":"https:\/\/www.anovapeneira.gal\/index.php\/wp-json\/wp\/v2\/comments?post=14174"}],"version-history":[{"count":1,"href":"https:\/\/www.anovapeneira.gal\/index.php\/wp-json\/wp\/v2\/posts\/14174\/revisions"}],"predecessor-version":[{"id":14176,"href":"https:\/\/www.anovapeneira.gal\/index.php\/wp-json\/wp\/v2\/posts\/14174\/revisions\/14176"}],"wp:featuredmedia":[{"embeddable":true,"href":"https:\/\/www.anovapeneira.gal\/index.php\/wp-json\/wp\/v2\/media\/14175"}],"wp:attachment":[{"href":"https:\/\/www.anovapeneira.gal\/index.php\/wp-json\/wp\/v2\/media?parent=14174"}],"wp:term":[{"taxonomy":"category","embeddable":true,"href":"https:\/\/www.anovapeneira.gal\/index.php\/wp-json\/wp\/v2\/categories?post=14174"},{"taxonomy":"post_tag","embeddable":true,"href":"https:\/\/www.anovapeneira.gal\/index.php\/wp-json\/wp\/v2\/tags?post=14174"}],"curies":[{"name":"wp","href":"https:\/\/api.w.org\/{rel}","templated":true}]}}