{"id":14177,"date":"2025-07-10T10:00:35","date_gmt":"2025-07-10T08:00:35","guid":{"rendered":"https:\/\/www.anovapeneira.gal\/?p=14177"},"modified":"2025-07-06T08:24:11","modified_gmt":"2025-07-06T06:24:11","slug":"casa-telleiro-de-figueiro-leva-a-cocina-do-baixo-mino-a-elite-da-grella-da-peninsula-iberica","status":"publish","type":"post","link":"https:\/\/www.anovapeneira.gal\/index.php\/2025\/07\/10\/casa-telleiro-de-figueiro-leva-a-cocina-do-baixo-mino-a-elite-da-grella-da-peninsula-iberica\/","title":{"rendered":"Casa Telleiro de Figueir\u00f3 leva a coci\u00f1a do Baixo Mi\u00f1o \u00e1 elite da grella da Pen\u00ednsula Ib\u00e9rica"},"content":{"rendered":"\n<h2 class=\"wp-block-heading\">A \u00faltima semana de maio arrincou en Donosti coa IV edici\u00f3n do prestixioso Concurso Nacional Mestre Das Grellas, onde coci\u00f1eiros dalg\u00fans dos m\u00e1is importantes restaurantes da pen\u00ednsula competiron polo t\u00edtulo de mellor asador de grella profesional. Foi unha xornada de alta coci\u00f1a na que grandes profesionais de Espa\u00f1a e Portugal deron o mellor de si mesmos coci\u00f1ando pratos exquisitos . Ademais houbo un espazo dedicado \u00e1 divulgaci\u00f3n de razas de gando aut\u00f3ctonas da pen\u00ednsula, con charlas e exposici\u00f3ns, m\u00fasica en directo e distintas actividades culturais e gastron\u00f3micas que nos permitiron co\u00f1ecer un pouco m\u00e1is ao fermoso pa\u00eds vasco. E o que non faltou tampouco foi o Txuleta Pote, unha versi\u00f3n grellada do cl\u00e1sico pintxo-pote da zona. A n\u00f3s, que tantas comidas gozamos en casa Telleiro, \u00e9nchenos de orgullo ver a persoas tan queridas para ANP na elite da coci\u00f1a. Pero non nos estra\u00f1a nada en absoluto, porque este negocio de Figueir\u00f3, que levan con toneladas de cari\u00f1o os irm\u00e1ns Felipe e Cristina Guerreiro, \u00e9 un dos mellores restaurantes de todo o pa\u00eds galego. Conversamos con Felipe para co\u00f1ecer como se desenvolveu o evento. Vela\u00ed vai o que deu de si a conversa.<\/h2>\n\n\n\n<p><em><strong>Felipe Guerreiro: Casa Telleiro.<\/strong><\/em><\/p>\n\n\n\n<p>\u201c<em><strong>A experiencia que vivimos no evento gastron\u00f3mico de Zarautz foi impagable\u201d<\/strong><\/em><\/p>\n\n\n\n<p><strong>Felipe, f\u00e1lame do campionato no que participa<\/strong><strong>stes<\/strong><strong> no Pa\u00eds Vasco.<\/strong><\/p>\n\n\n\n<blockquote class=\"wp-block-quote is-layout-flow wp-block-quote-is-layout-flow\">\n<p>Foi o Concurso Nacional Mestre Da Grella da Pen\u00ednsula Ib\u00e9rica.<\/p>\n<\/blockquote>\n\n\n\n<p><strong>Onde foi?<\/strong><\/p>\n\n\n\n<blockquote class=\"wp-block-quote is-layout-flow wp-block-quote-is-layout-flow\">\n<p>No campo da Real Sociedade, no Reale Arena(Anoeta) en San Sebastian.<\/p>\n<\/blockquote>\n\n\n\n<p><strong>Cantas persoas fostes ao concurso?<\/strong><\/p>\n\n\n\n<blockquote class=\"wp-block-quote is-layout-flow wp-block-quote-is-layout-flow\">\n<p>A mi\u00f1a irm\u00e1 Cristina, o noso coci\u00f1eiro Mart\u00edn Souto, Flori, a mi\u00f1a parella, e eu mesmo<strong>.<\/strong><\/p>\n<\/blockquote>\n\n\n\n<p><strong>Como chegastes a participar neste concurso?<\/strong><\/p>\n\n\n\n<blockquote class=\"wp-block-quote is-layout-flow wp-block-quote-is-layout-flow\">\n<p>Foi organizado por Okelan, unha empresa c\u00e1rnica de enorme prestixio coa que traballamos n\u00f3s. Eles son de Zarautz. \u00c9 a empresa que nos fornece de carne. Te\u00f1en un produto de grande calidade. O seu gando adoita proceder do Norte de Portugal e Galicia.<\/p>\n<\/blockquote>\n\n\n\n<p><strong>Que edici\u00f3n foi esta na que participastes, e cando foi?<\/strong><\/p>\n\n\n\n<blockquote class=\"wp-block-quote is-layout-flow wp-block-quote-is-layout-flow\">\n<p>Esta foi a IV edici\u00f3n e celebrouse o 28 de maio.<\/p>\n<\/blockquote>\n\n\n\n<p><strong>Cantos restaurantes participastes?<\/strong><\/p>\n\n\n\n<blockquote class=\"wp-block-quote is-layout-flow wp-block-quote-is-layout-flow\">\n<p>Un por provincia e alg\u00fan do norte de Portugal, algo m\u00e1is de cincuenta participantes.<\/p>\n<\/blockquote>\n\n\n\n<p><strong>En que consist\u00eda o concurso?<\/strong><\/p>\n\n\n\n<blockquote class=\"wp-block-quote is-layout-flow wp-block-quote-is-layout-flow\">\n<p>Cortaban un lombo en costeletas, todas da mesma peza e logo sorte\u00e1banas. Tam\u00e9n sorteaban as quendas de participaci\u00f3n. Participaban a zona norte entre si, despois a leste, a zona sur e a zona centro. Os portugueses \u00edan coa zona sur. Para o concurso hab\u00eda que asar a costeleta e prepararlla ao xurado. Neste xurado hab\u00eda coci\u00f1eiros famosos como Koldo Royo, Carn\u00edvora Gurmet, un fillo de Argui\u00f1ano, xente do cine e profesionais do sector entre outros.<\/p>\n<\/blockquote>\n\n\n\n<p><strong>Onde se instalaron as coci\u00f1as, no propio campo de f\u00fatbol?<\/strong><\/p>\n\n\n\n<blockquote class=\"wp-block-quote is-layout-flow wp-block-quote-is-layout-flow\">\n<p>Si. Foi unha empresa Vasca de grellas a encargada de instalalas. O concurso estaba enmarcado dentro do evento \u201cTxuleta Festa\u201d realizado entre m\u00e9rcores e domingo. Esta xuntanza combinou gastronom\u00eda, deporte e cultura vasca. A festa inclu\u00edu un concurso popular de grelladas e o prestixioso Concurso Nacional Mestre da Grella, onde competiron os mellores asadores da pen\u00ednsula. Foi un evento con moita repercusi\u00f3n e moito \u00e9xito.<\/p>\n<\/blockquote>\n\n\n\n<p><strong>Como foi o proceso para ch<\/strong><strong>e<\/strong><strong>gar \u00e1 ronda final?<\/strong><\/p>\n\n\n\n<blockquote class=\"wp-block-quote is-layout-flow wp-block-quote-is-layout-flow\">\n<p>A zona norte competiu ente si, a\u00ed \u00e9 onde est\u00e1n os pesos pesados da grella, sobre todo Euskadi e Navarra. Ga\u00f1ou un rapaz de Guip\u00fazcoa. Clasific\u00e1banse un de cada zona e os finalistas compet\u00edan ente si. Esta final foi xa pola tarde.<\/p>\n<\/blockquote>\n\n\n\n<p><strong>En que posici\u00f3n quedou Casa Telleiro?<\/strong><\/p>\n\n\n\n<blockquote class=\"wp-block-quote is-layout-flow wp-block-quote-is-layout-flow\">\n<p>Quedamos semifinalistas.<\/p>\n<\/blockquote>\n\n\n\n<p><strong>Supo\u00f1o que ser\u00eda unha experiencia moi interesante?<\/strong><\/p>\n\n\n\n<blockquote class=\"wp-block-quote is-layout-flow wp-block-quote-is-layout-flow\">\n<p>Foi unha experiencia moi agradable, si. Co\u00f1ecemos a un mont\u00f3n de xente do noso gremio doutros puntos da pen\u00ednsula. Doulle unha gran valor aos amigos que fixemos, e a aprendizaxe das distintas maneiras de coci\u00f1ar, e das diversas formas de levar o negocio. Compartimos as nosas realidades e foi moi gratificante.<\/p>\n<\/blockquote>\n\n\n\n<p><strong>Percibiches moitas diferencias entre a maneira de coci\u00f1ar \u00e1 grella n<\/strong><strong>a nosa comarca,<\/strong><strong> e a que puideches observar al\u00ed?<\/strong><\/p>\n\n\n\n<blockquote class=\"wp-block-quote is-layout-flow wp-block-quote-is-layout-flow\">\n<p>A coci\u00f1a si que cambia. Pero a maneira de facela \u00e1 brasa est\u00e1 moi igualada. No concurso participaron grandes profesionais e todos o fixeron moi ben. Estar no medio da elite deunos a oportunidade de aprender moito.<\/p>\n<\/blockquote>\n\n\n\n<p><strong>En que consist\u00eda o premio?<\/strong><\/p>\n\n\n\n<blockquote class=\"wp-block-quote is-layout-flow wp-block-quote-is-layout-flow\">\n<p>O premio \u00e9 o reco\u00f1ecemento e o prestixio, non hab\u00eda dotaci\u00f3n econ\u00f3mica. Danlle moito bombo \u00e1 repercusi\u00f3n medi\u00e1tica e iso despois d\u00e1che sona. Para n\u00f3s \u00e9 moi importante que a carne fose a aut\u00f3ctona nosa: galega e portuguesa, pux\u00e9rona en valor e d\u00e9ronlle un prestixio internacional de enorme relevancia. Esta empresa agora quere recuperar as razas aut\u00f3ctonas e apostar por elas, non traer a carne de Alema\u00f1a ou Polonia. Apostan por proxectos pequenos, vacas ben alimentadas con cereais e trigos, etc.<\/p>\n<\/blockquote>\n","protected":false},"excerpt":{"rendered":"<div class=\"mh-excerpt\"><p>A \u00faltima semana de maio arrincou en Donosti coa IV edici\u00f3n do prestixioso Concurso Nacional Mestre Das Grellas, onde coci\u00f1eiros dalg\u00fans dos m\u00e1is importantes restaurantes da pen\u00ednsula competiron polo t\u00edtulo de mellor asador de grella profesional <a class=\"mh-excerpt-more\" href=\"https:\/\/www.anovapeneira.gal\/index.php\/2025\/07\/10\/casa-telleiro-de-figueiro-leva-a-cocina-do-baixo-mino-a-elite-da-grella-da-peninsula-iberica\/\" title=\"Casa Telleiro de Figueir\u00f3 leva a coci\u00f1a do Baixo Mi\u00f1o \u00e1 elite da grella da Pen\u00ednsula Ib\u00e9rica\">[&#8230;]<\/a><\/p>\n<\/div>","protected":false},"author":3,"featured_media":14178,"comment_status":"open","ping_status":"open","sticky":false,"template":"","format":"standard","meta":{"_exactmetrics_skip_tracking":false,"_exactmetrics_sitenote_active":false,"_exactmetrics_sitenote_note":"","_exactmetrics_sitenote_category":0,"footnotes":""},"categories":[266],"tags":[81],"class_list":{"0":"post-14177","1":"post","2":"type-post","3":"status-publish","4":"format-standard","5":"has-post-thumbnail","7":"category-baixo-mino-entrevistas","8":"tag-concello-de-tomino"},"yoast_head":"<!-- This site is optimized with the Yoast SEO plugin v27.4 - https:\/\/yoast.com\/product\/yoast-seo-wordpress\/ -->\n<title>Casa Telleiro de Figueir\u00f3 leva a coci\u00f1a do Baixo Mi\u00f1o \u00e1 elite da grella da Pen\u00ednsula Ib\u00e9rica -<\/title>\n<meta name=\"robots\" content=\"index, follow, max-snippet:-1, max-image-preview:large, max-video-preview:-1\" \/>\n<link rel=\"canonical\" href=\"https:\/\/www.anovapeneira.gal\/index.php\/2025\/07\/10\/casa-telleiro-de-figueiro-leva-a-cocina-do-baixo-mino-a-elite-da-grella-da-peninsula-iberica\/\" \/>\n<meta property=\"og:locale\" content=\"gl_ES\" \/>\n<meta property=\"og:type\" content=\"article\" \/>\n<meta property=\"og:title\" content=\"Casa Telleiro de Figueir\u00f3 leva a coci\u00f1a do Baixo Mi\u00f1o \u00e1 elite da grella da Pen\u00ednsula Ib\u00e9rica -\" \/>\n<meta property=\"og:description\" content=\"A \u00faltima semana de maio arrincou en Donosti coa IV edici\u00f3n do prestixioso Concurso Nacional Mestre Das Grellas, onde coci\u00f1eiros dalg\u00fans dos m\u00e1is importantes restaurantes da pen\u00ednsula competiron polo t\u00edtulo de mellor asador de grella profesional [...]\" \/>\n<meta property=\"og:url\" content=\"https:\/\/www.anovapeneira.gal\/index.php\/2025\/07\/10\/casa-telleiro-de-figueiro-leva-a-cocina-do-baixo-mino-a-elite-da-grella-da-peninsula-iberica\/\" \/>\n<meta property=\"article:publisher\" content=\"https:\/\/www.facebook.com\/anovapeneira\" \/>\n<meta property=\"article:published_time\" content=\"2025-07-10T08:00:35+00:00\" \/>\n<meta property=\"og:image\" content=\"https:\/\/www.anovapeneira.gal\/wp-content\/uploads\/2025\/07\/telleiro.png\" \/>\n\t<meta property=\"og:image:width\" content=\"720\" \/>\n\t<meta property=\"og:image:height\" content=\"432\" \/>\n\t<meta property=\"og:image:type\" content=\"image\/png\" \/>\n<meta name=\"author\" content=\"Redacci\u00f3n A Nova Peneira\" \/>\n<meta name=\"twitter:card\" content=\"summary_large_image\" \/>\n<meta name=\"twitter:creator\" content=\"@APeneira\" \/>\n<meta name=\"twitter:site\" content=\"@APeneira\" \/>\n<meta name=\"twitter:label1\" content=\"Escrito por\" \/>\n\t<meta name=\"twitter:data1\" content=\"Redacci\u00f3n A Nova Peneira\" \/>\n\t<meta name=\"twitter:label2\" content=\"Tempo de lectura\" \/>\n\t<meta name=\"twitter:data2\" content=\"2 minutos\" \/>\n<script type=\"application\/ld+json\" class=\"yoast-schema-graph\">{\"@context\":\"https:\\\/\\\/schema.org\",\"@graph\":[{\"@type\":\"Article\",\"@id\":\"https:\\\/\\\/www.anovapeneira.gal\\\/index.php\\\/2025\\\/07\\\/10\\\/casa-telleiro-de-figueiro-leva-a-cocina-do-baixo-mino-a-elite-da-grella-da-peninsula-iberica\\\/#article\",\"isPartOf\":{\"@id\":\"https:\\\/\\\/www.anovapeneira.gal\\\/index.php\\\/2025\\\/07\\\/10\\\/casa-telleiro-de-figueiro-leva-a-cocina-do-baixo-mino-a-elite-da-grella-da-peninsula-iberica\\\/\"},\"author\":{\"name\":\"Redacci\u00f3n A Nova Peneira\",\"@id\":\"https:\\\/\\\/www.anovapeneira.gal\\\/#\\\/schema\\\/person\\\/b93e3f8932e3f8da96334607eb6ac6aa\"},\"headline\":\"Casa Telleiro de Figueir\u00f3 leva a coci\u00f1a do Baixo Mi\u00f1o \u00e1 elite da grella da Pen\u00ednsula Ib\u00e9rica\",\"datePublished\":\"2025-07-10T08:00:35+00:00\",\"mainEntityOfPage\":{\"@id\":\"https:\\\/\\\/www.anovapeneira.gal\\\/index.php\\\/2025\\\/07\\\/10\\\/casa-telleiro-de-figueiro-leva-a-cocina-do-baixo-mino-a-elite-da-grella-da-peninsula-iberica\\\/\"},\"wordCount\":862,\"commentCount\":0,\"publisher\":{\"@id\":\"https:\\\/\\\/www.anovapeneira.gal\\\/#organization\"},\"image\":{\"@id\":\"https:\\\/\\\/www.anovapeneira.gal\\\/index.php\\\/2025\\\/07\\\/10\\\/casa-telleiro-de-figueiro-leva-a-cocina-do-baixo-mino-a-elite-da-grella-da-peninsula-iberica\\\/#primaryimage\"},\"thumbnailUrl\":\"https:\\\/\\\/www.anovapeneira.gal\\\/wp-content\\\/uploads\\\/2025\\\/07\\\/telleiro.png\",\"keywords\":[\"Concello de Tomi\u00f1o\"],\"articleSection\":[\"Baixo Mi\u00f1o\"],\"inLanguage\":\"gl-ES\",\"potentialAction\":[{\"@type\":\"CommentAction\",\"name\":\"Comment\",\"target\":[\"https:\\\/\\\/www.anovapeneira.gal\\\/index.php\\\/2025\\\/07\\\/10\\\/casa-telleiro-de-figueiro-leva-a-cocina-do-baixo-mino-a-elite-da-grella-da-peninsula-iberica\\\/#respond\"]}]},{\"@type\":\"WebPage\",\"@id\":\"https:\\\/\\\/www.anovapeneira.gal\\\/index.php\\\/2025\\\/07\\\/10\\\/casa-telleiro-de-figueiro-leva-a-cocina-do-baixo-mino-a-elite-da-grella-da-peninsula-iberica\\\/\",\"url\":\"https:\\\/\\\/www.anovapeneira.gal\\\/index.php\\\/2025\\\/07\\\/10\\\/casa-telleiro-de-figueiro-leva-a-cocina-do-baixo-mino-a-elite-da-grella-da-peninsula-iberica\\\/\",\"name\":\"Casa Telleiro de Figueir\u00f3 leva a coci\u00f1a do Baixo Mi\u00f1o \u00e1 elite da grella da Pen\u00ednsula Ib\u00e9rica -\",\"isPartOf\":{\"@id\":\"https:\\\/\\\/www.anovapeneira.gal\\\/#website\"},\"primaryImageOfPage\":{\"@id\":\"https:\\\/\\\/www.anovapeneira.gal\\\/index.php\\\/2025\\\/07\\\/10\\\/casa-telleiro-de-figueiro-leva-a-cocina-do-baixo-mino-a-elite-da-grella-da-peninsula-iberica\\\/#primaryimage\"},\"image\":{\"@id\":\"https:\\\/\\\/www.anovapeneira.gal\\\/index.php\\\/2025\\\/07\\\/10\\\/casa-telleiro-de-figueiro-leva-a-cocina-do-baixo-mino-a-elite-da-grella-da-peninsula-iberica\\\/#primaryimage\"},\"thumbnailUrl\":\"https:\\\/\\\/www.anovapeneira.gal\\\/wp-content\\\/uploads\\\/2025\\\/07\\\/telleiro.png\",\"datePublished\":\"2025-07-10T08:00:35+00:00\",\"breadcrumb\":{\"@id\":\"https:\\\/\\\/www.anovapeneira.gal\\\/index.php\\\/2025\\\/07\\\/10\\\/casa-telleiro-de-figueiro-leva-a-cocina-do-baixo-mino-a-elite-da-grella-da-peninsula-iberica\\\/#breadcrumb\"},\"inLanguage\":\"gl-ES\",\"potentialAction\":[{\"@type\":\"ReadAction\",\"target\":[\"https:\\\/\\\/www.anovapeneira.gal\\\/index.php\\\/2025\\\/07\\\/10\\\/casa-telleiro-de-figueiro-leva-a-cocina-do-baixo-mino-a-elite-da-grella-da-peninsula-iberica\\\/\"]}]},{\"@type\":\"ImageObject\",\"inLanguage\":\"gl-ES\",\"@id\":\"https:\\\/\\\/www.anovapeneira.gal\\\/index.php\\\/2025\\\/07\\\/10\\\/casa-telleiro-de-figueiro-leva-a-cocina-do-baixo-mino-a-elite-da-grella-da-peninsula-iberica\\\/#primaryimage\",\"url\":\"https:\\\/\\\/www.anovapeneira.gal\\\/wp-content\\\/uploads\\\/2025\\\/07\\\/telleiro.png\",\"contentUrl\":\"https:\\\/\\\/www.anovapeneira.gal\\\/wp-content\\\/uploads\\\/2025\\\/07\\\/telleiro.png\",\"width\":720,\"height\":432},{\"@type\":\"BreadcrumbList\",\"@id\":\"https:\\\/\\\/www.anovapeneira.gal\\\/index.php\\\/2025\\\/07\\\/10\\\/casa-telleiro-de-figueiro-leva-a-cocina-do-baixo-mino-a-elite-da-grella-da-peninsula-iberica\\\/#breadcrumb\",\"itemListElement\":[{\"@type\":\"ListItem\",\"position\":1,\"name\":\"Portada\",\"item\":\"https:\\\/\\\/www.anovapeneira.gal\\\/\"},{\"@type\":\"ListItem\",\"position\":2,\"name\":\"Casa Telleiro de Figueir\u00f3 leva a coci\u00f1a do Baixo Mi\u00f1o \u00e1 elite da grella da Pen\u00ednsula Ib\u00e9rica\"}]},{\"@type\":\"WebSite\",\"@id\":\"https:\\\/\\\/www.anovapeneira.gal\\\/#website\",\"url\":\"https:\\\/\\\/www.anovapeneira.gal\\\/\",\"name\":\"\",\"description\":\"Xornal galego de informaci\u00f3n xeral Publicaci\u00f3n mensual de novas de Galicia e en especial dos Concellos da sur da provincia de Pontevedra.\",\"publisher\":{\"@id\":\"https:\\\/\\\/www.anovapeneira.gal\\\/#organization\"},\"potentialAction\":[{\"@type\":\"SearchAction\",\"target\":{\"@type\":\"EntryPoint\",\"urlTemplate\":\"https:\\\/\\\/www.anovapeneira.gal\\\/?s={search_term_string}\"},\"query-input\":{\"@type\":\"PropertyValueSpecification\",\"valueRequired\":true,\"valueName\":\"search_term_string\"}}],\"inLanguage\":\"gl-ES\"},{\"@type\":\"Organization\",\"@id\":\"https:\\\/\\\/www.anovapeneira.gal\\\/#organization\",\"name\":\"A Nova Peneira\",\"url\":\"https:\\\/\\\/www.anovapeneira.gal\\\/\",\"logo\":{\"@type\":\"ImageObject\",\"inLanguage\":\"gl-ES\",\"@id\":\"https:\\\/\\\/www.anovapeneira.gal\\\/#\\\/schema\\\/logo\\\/image\\\/\",\"url\":\"http:\\\/\\\/www.anovapeneira.gal\\\/wp-content\\\/uploads\\\/2019\\\/06\\\/logo_a_nova_peneira_portal_web.png\",\"contentUrl\":\"http:\\\/\\\/www.anovapeneira.gal\\\/wp-content\\\/uploads\\\/2019\\\/06\\\/logo_a_nova_peneira_portal_web.png\",\"width\":300,\"height\":100,\"caption\":\"A Nova Peneira\"},\"image\":{\"@id\":\"https:\\\/\\\/www.anovapeneira.gal\\\/#\\\/schema\\\/logo\\\/image\\\/\"},\"sameAs\":[\"https:\\\/\\\/www.facebook.com\\\/anovapeneira\",\"https:\\\/\\\/x.com\\\/APeneira\"]},{\"@type\":\"Person\",\"@id\":\"https:\\\/\\\/www.anovapeneira.gal\\\/#\\\/schema\\\/person\\\/b93e3f8932e3f8da96334607eb6ac6aa\",\"name\":\"Redacci\u00f3n A Nova Peneira\",\"image\":{\"@type\":\"ImageObject\",\"inLanguage\":\"gl-ES\",\"@id\":\"https:\\\/\\\/secure.gravatar.com\\\/avatar\\\/c052a2551a06e23fac63626232eaa90abd78dbcf1700fc46a2b2c89fd27b735f?s=96&d=mm&r=g\",\"url\":\"https:\\\/\\\/secure.gravatar.com\\\/avatar\\\/c052a2551a06e23fac63626232eaa90abd78dbcf1700fc46a2b2c89fd27b735f?s=96&d=mm&r=g\",\"contentUrl\":\"https:\\\/\\\/secure.gravatar.com\\\/avatar\\\/c052a2551a06e23fac63626232eaa90abd78dbcf1700fc46a2b2c89fd27b735f?s=96&d=mm&r=g\",\"caption\":\"Redacci\u00f3n A Nova Peneira\"},\"sameAs\":[\"http:\\\/\\\/www.anovapeneira.gal\\\/\"],\"url\":\"https:\\\/\\\/www.anovapeneira.gal\\\/index.php\\\/author\\\/redactor\\\/\"}]}<\/script>\n<!-- \/ Yoast SEO plugin. -->","yoast_head_json":{"title":"Casa Telleiro de Figueir\u00f3 leva a coci\u00f1a do Baixo Mi\u00f1o \u00e1 elite da grella da Pen\u00ednsula Ib\u00e9rica -","robots":{"index":"index","follow":"follow","max-snippet":"max-snippet:-1","max-image-preview":"max-image-preview:large","max-video-preview":"max-video-preview:-1"},"canonical":"https:\/\/www.anovapeneira.gal\/index.php\/2025\/07\/10\/casa-telleiro-de-figueiro-leva-a-cocina-do-baixo-mino-a-elite-da-grella-da-peninsula-iberica\/","og_locale":"gl_ES","og_type":"article","og_title":"Casa Telleiro de Figueir\u00f3 leva a coci\u00f1a do Baixo Mi\u00f1o \u00e1 elite da grella da Pen\u00ednsula Ib\u00e9rica -","og_description":"A \u00faltima semana de maio arrincou en Donosti coa IV edici\u00f3n do prestixioso Concurso Nacional Mestre Das Grellas, onde coci\u00f1eiros dalg\u00fans dos m\u00e1is importantes restaurantes da pen\u00ednsula competiron polo t\u00edtulo de mellor asador de grella profesional [...]","og_url":"https:\/\/www.anovapeneira.gal\/index.php\/2025\/07\/10\/casa-telleiro-de-figueiro-leva-a-cocina-do-baixo-mino-a-elite-da-grella-da-peninsula-iberica\/","article_publisher":"https:\/\/www.facebook.com\/anovapeneira","article_published_time":"2025-07-10T08:00:35+00:00","og_image":[{"width":720,"height":432,"url":"https:\/\/www.anovapeneira.gal\/wp-content\/uploads\/2025\/07\/telleiro.png","type":"image\/png"}],"author":"Redacci\u00f3n A Nova Peneira","twitter_card":"summary_large_image","twitter_creator":"@APeneira","twitter_site":"@APeneira","twitter_misc":{"Escrito por":"Redacci\u00f3n A Nova Peneira","Tempo de lectura":"2 minutos"},"schema":{"@context":"https:\/\/schema.org","@graph":[{"@type":"Article","@id":"https:\/\/www.anovapeneira.gal\/index.php\/2025\/07\/10\/casa-telleiro-de-figueiro-leva-a-cocina-do-baixo-mino-a-elite-da-grella-da-peninsula-iberica\/#article","isPartOf":{"@id":"https:\/\/www.anovapeneira.gal\/index.php\/2025\/07\/10\/casa-telleiro-de-figueiro-leva-a-cocina-do-baixo-mino-a-elite-da-grella-da-peninsula-iberica\/"},"author":{"name":"Redacci\u00f3n A Nova Peneira","@id":"https:\/\/www.anovapeneira.gal\/#\/schema\/person\/b93e3f8932e3f8da96334607eb6ac6aa"},"headline":"Casa Telleiro de Figueir\u00f3 leva a coci\u00f1a do Baixo Mi\u00f1o \u00e1 elite da grella da Pen\u00ednsula Ib\u00e9rica","datePublished":"2025-07-10T08:00:35+00:00","mainEntityOfPage":{"@id":"https:\/\/www.anovapeneira.gal\/index.php\/2025\/07\/10\/casa-telleiro-de-figueiro-leva-a-cocina-do-baixo-mino-a-elite-da-grella-da-peninsula-iberica\/"},"wordCount":862,"commentCount":0,"publisher":{"@id":"https:\/\/www.anovapeneira.gal\/#organization"},"image":{"@id":"https:\/\/www.anovapeneira.gal\/index.php\/2025\/07\/10\/casa-telleiro-de-figueiro-leva-a-cocina-do-baixo-mino-a-elite-da-grella-da-peninsula-iberica\/#primaryimage"},"thumbnailUrl":"https:\/\/www.anovapeneira.gal\/wp-content\/uploads\/2025\/07\/telleiro.png","keywords":["Concello de Tomi\u00f1o"],"articleSection":["Baixo Mi\u00f1o"],"inLanguage":"gl-ES","potentialAction":[{"@type":"CommentAction","name":"Comment","target":["https:\/\/www.anovapeneira.gal\/index.php\/2025\/07\/10\/casa-telleiro-de-figueiro-leva-a-cocina-do-baixo-mino-a-elite-da-grella-da-peninsula-iberica\/#respond"]}]},{"@type":"WebPage","@id":"https:\/\/www.anovapeneira.gal\/index.php\/2025\/07\/10\/casa-telleiro-de-figueiro-leva-a-cocina-do-baixo-mino-a-elite-da-grella-da-peninsula-iberica\/","url":"https:\/\/www.anovapeneira.gal\/index.php\/2025\/07\/10\/casa-telleiro-de-figueiro-leva-a-cocina-do-baixo-mino-a-elite-da-grella-da-peninsula-iberica\/","name":"Casa Telleiro de Figueir\u00f3 leva a coci\u00f1a do Baixo Mi\u00f1o \u00e1 elite da grella da Pen\u00ednsula Ib\u00e9rica -","isPartOf":{"@id":"https:\/\/www.anovapeneira.gal\/#website"},"primaryImageOfPage":{"@id":"https:\/\/www.anovapeneira.gal\/index.php\/2025\/07\/10\/casa-telleiro-de-figueiro-leva-a-cocina-do-baixo-mino-a-elite-da-grella-da-peninsula-iberica\/#primaryimage"},"image":{"@id":"https:\/\/www.anovapeneira.gal\/index.php\/2025\/07\/10\/casa-telleiro-de-figueiro-leva-a-cocina-do-baixo-mino-a-elite-da-grella-da-peninsula-iberica\/#primaryimage"},"thumbnailUrl":"https:\/\/www.anovapeneira.gal\/wp-content\/uploads\/2025\/07\/telleiro.png","datePublished":"2025-07-10T08:00:35+00:00","breadcrumb":{"@id":"https:\/\/www.anovapeneira.gal\/index.php\/2025\/07\/10\/casa-telleiro-de-figueiro-leva-a-cocina-do-baixo-mino-a-elite-da-grella-da-peninsula-iberica\/#breadcrumb"},"inLanguage":"gl-ES","potentialAction":[{"@type":"ReadAction","target":["https:\/\/www.anovapeneira.gal\/index.php\/2025\/07\/10\/casa-telleiro-de-figueiro-leva-a-cocina-do-baixo-mino-a-elite-da-grella-da-peninsula-iberica\/"]}]},{"@type":"ImageObject","inLanguage":"gl-ES","@id":"https:\/\/www.anovapeneira.gal\/index.php\/2025\/07\/10\/casa-telleiro-de-figueiro-leva-a-cocina-do-baixo-mino-a-elite-da-grella-da-peninsula-iberica\/#primaryimage","url":"https:\/\/www.anovapeneira.gal\/wp-content\/uploads\/2025\/07\/telleiro.png","contentUrl":"https:\/\/www.anovapeneira.gal\/wp-content\/uploads\/2025\/07\/telleiro.png","width":720,"height":432},{"@type":"BreadcrumbList","@id":"https:\/\/www.anovapeneira.gal\/index.php\/2025\/07\/10\/casa-telleiro-de-figueiro-leva-a-cocina-do-baixo-mino-a-elite-da-grella-da-peninsula-iberica\/#breadcrumb","itemListElement":[{"@type":"ListItem","position":1,"name":"Portada","item":"https:\/\/www.anovapeneira.gal\/"},{"@type":"ListItem","position":2,"name":"Casa Telleiro de Figueir\u00f3 leva a coci\u00f1a do Baixo Mi\u00f1o \u00e1 elite da grella da Pen\u00ednsula Ib\u00e9rica"}]},{"@type":"WebSite","@id":"https:\/\/www.anovapeneira.gal\/#website","url":"https:\/\/www.anovapeneira.gal\/","name":"","description":"Xornal galego de informaci\u00f3n xeral Publicaci\u00f3n mensual de novas de Galicia e en especial dos Concellos da sur da provincia de Pontevedra.","publisher":{"@id":"https:\/\/www.anovapeneira.gal\/#organization"},"potentialAction":[{"@type":"SearchAction","target":{"@type":"EntryPoint","urlTemplate":"https:\/\/www.anovapeneira.gal\/?s={search_term_string}"},"query-input":{"@type":"PropertyValueSpecification","valueRequired":true,"valueName":"search_term_string"}}],"inLanguage":"gl-ES"},{"@type":"Organization","@id":"https:\/\/www.anovapeneira.gal\/#organization","name":"A Nova Peneira","url":"https:\/\/www.anovapeneira.gal\/","logo":{"@type":"ImageObject","inLanguage":"gl-ES","@id":"https:\/\/www.anovapeneira.gal\/#\/schema\/logo\/image\/","url":"http:\/\/www.anovapeneira.gal\/wp-content\/uploads\/2019\/06\/logo_a_nova_peneira_portal_web.png","contentUrl":"http:\/\/www.anovapeneira.gal\/wp-content\/uploads\/2019\/06\/logo_a_nova_peneira_portal_web.png","width":300,"height":100,"caption":"A Nova Peneira"},"image":{"@id":"https:\/\/www.anovapeneira.gal\/#\/schema\/logo\/image\/"},"sameAs":["https:\/\/www.facebook.com\/anovapeneira","https:\/\/x.com\/APeneira"]},{"@type":"Person","@id":"https:\/\/www.anovapeneira.gal\/#\/schema\/person\/b93e3f8932e3f8da96334607eb6ac6aa","name":"Redacci\u00f3n A Nova Peneira","image":{"@type":"ImageObject","inLanguage":"gl-ES","@id":"https:\/\/secure.gravatar.com\/avatar\/c052a2551a06e23fac63626232eaa90abd78dbcf1700fc46a2b2c89fd27b735f?s=96&d=mm&r=g","url":"https:\/\/secure.gravatar.com\/avatar\/c052a2551a06e23fac63626232eaa90abd78dbcf1700fc46a2b2c89fd27b735f?s=96&d=mm&r=g","contentUrl":"https:\/\/secure.gravatar.com\/avatar\/c052a2551a06e23fac63626232eaa90abd78dbcf1700fc46a2b2c89fd27b735f?s=96&d=mm&r=g","caption":"Redacci\u00f3n A Nova Peneira"},"sameAs":["http:\/\/www.anovapeneira.gal\/"],"url":"https:\/\/www.anovapeneira.gal\/index.php\/author\/redactor\/"}]}},"jetpack_featured_media_url":"https:\/\/www.anovapeneira.gal\/wp-content\/uploads\/2025\/07\/telleiro.png","_links":{"self":[{"href":"https:\/\/www.anovapeneira.gal\/index.php\/wp-json\/wp\/v2\/posts\/14177","targetHints":{"allow":["GET"]}}],"collection":[{"href":"https:\/\/www.anovapeneira.gal\/index.php\/wp-json\/wp\/v2\/posts"}],"about":[{"href":"https:\/\/www.anovapeneira.gal\/index.php\/wp-json\/wp\/v2\/types\/post"}],"author":[{"embeddable":true,"href":"https:\/\/www.anovapeneira.gal\/index.php\/wp-json\/wp\/v2\/users\/3"}],"replies":[{"embeddable":true,"href":"https:\/\/www.anovapeneira.gal\/index.php\/wp-json\/wp\/v2\/comments?post=14177"}],"version-history":[{"count":1,"href":"https:\/\/www.anovapeneira.gal\/index.php\/wp-json\/wp\/v2\/posts\/14177\/revisions"}],"predecessor-version":[{"id":14179,"href":"https:\/\/www.anovapeneira.gal\/index.php\/wp-json\/wp\/v2\/posts\/14177\/revisions\/14179"}],"wp:featuredmedia":[{"embeddable":true,"href":"https:\/\/www.anovapeneira.gal\/index.php\/wp-json\/wp\/v2\/media\/14178"}],"wp:attachment":[{"href":"https:\/\/www.anovapeneira.gal\/index.php\/wp-json\/wp\/v2\/media?parent=14177"}],"wp:term":[{"taxonomy":"category","embeddable":true,"href":"https:\/\/www.anovapeneira.gal\/index.php\/wp-json\/wp\/v2\/categories?post=14177"},{"taxonomy":"post_tag","embeddable":true,"href":"https:\/\/www.anovapeneira.gal\/index.php\/wp-json\/wp\/v2\/tags?post=14177"}],"curies":[{"name":"wp","href":"https:\/\/api.w.org\/{rel}","templated":true}]}}