{"id":1418,"date":"2019-10-04T10:00:00","date_gmt":"2019-10-04T08:00:00","guid":{"rendered":"http:\/\/www.anovapeneira.gal\/?p=1418"},"modified":"2019-09-30T23:30:05","modified_gmt":"2019-09-30T21:30:05","slug":"valoracion-de-marta-valcarcel-alcaldesa-de-salvaterra-dos-seus-100-primeiros-dias-de-goberno","status":"publish","type":"post","link":"https:\/\/www.anovapeneira.gal\/index.php\/2019\/10\/04\/valoracion-de-marta-valcarcel-alcaldesa-de-salvaterra-dos-seus-100-primeiros-dias-de-goberno\/","title":{"rendered":"Valoraci\u00f3n de Marta Valc\u00e1rcel Alcaldesa de Salvaterra dos seus 100 primeiros d\u00edas de goberno"},"content":{"rendered":"\n<h2 class=\"wp-block-heading\">100 D\u00cdAS DE GOBERNO \u2013 UN EQUIPO, UN PROXECTO<\/h2>\n\n\n\n<p> A Alcaldesa de Salvaterra de Mi\u00f1o fai\u00a0 valoraci\u00f3n dos seus primeiros 100 d\u00edas de goberno ao frente do consistorio.<\/p>\n\n\n\n<p>100 d\u00edas que deron para moito, un equipo que conta con caras novas, un equipo renovado e con moitas ganas, comprometido co seu pobo e que nestes primeiros 100 d\u00edas empezaron a marcar a s\u00faa li\u00f1a de\u00a0 traballo.<\/p>\n\n\n\n<p>\nPrimando\na educaci\u00f3n, un ano m\u00e1is conced\u00e9ronse os premios \u00e1 excelencia\nacad\u00e9mica, para os mellores expedientes de primaria e secundaria con\nlotes inform\u00e1ticos e estad\u00edas en Inglaterra para as tres mellores\nnotas de bacharelato. Realiz\u00e1ronse diversas obras de reformas nos\ncentros educativos, mellorouse o acceso ao IES Salvaterra para\nincrementar a seguridade dos rapaces e rapazas que se desprazan todos\nos d\u00edas e xestionouse o cambio de tellado do CEIP Carlos Casares. No\neido da educaci\u00f3n tam\u00e9n se fixeron obras para acondicionar a aula\nmatinal no CEIP de Leirado e empez\u00e1ronse os tr\u00e1mites para a\nampliaci\u00f3n da Escola Infantil de 0 a 3 anos que permitir\u00e1&nbsp;\naumentar a oferta de prazas.<\/p>\n\n\n\n<p>\nPor\noutro lado&nbsp; solicit\u00f3use e estase xa&nbsp; a traballar na\nmellora da rotonda da PO 403 que da acceso ao Pol\u00edgono Industrial\nChan da Ponte que une Salvaterra con Ponteareas. Adxudicouse a obra\nde mellora de firme do pavill\u00f3n de Leirado, firmouse o contrato coa\nnova empresa que xestiona axuda a domicilio, xa xestiona m\u00e1is de\n2.700 horas mensuais. Remat\u00e1ronse tres tramos de saneamento en\nArantei e Fornelos,&nbsp; melloramos a accesibilidade na Casa de\nCultura de Salvaterra de Mi\u00f1o coa instalaci\u00f3n dun salvaescaleiras,&nbsp;\nadxudicarase nestes d\u00edas as obras de arranxo de tres cami\u00f1os en\nLourido, Fornelos e Meder a trav\u00e9s do Plan cami\u00f1os da Xunta.\nEstamos tramitando o cambio de tellado e ventanas no antigo concello\npara empezar a preparar ese edificio para a biblioteca municipal,\nadxudicouse nestes d\u00edas o proxecto Deporrense da Deputaci\u00f3n para a\ninstalaci\u00f3n de reductores de velocidade nas estradas municipais,\nademais da mellora de firme na PO 400 e asinouse un convenio coa\nDeputaci\u00f3n para tomar\nmedidas de mellora de eficiencia enerx\u00e9tica con diferentes acci\u00f3ns\ncomo o cambio de alumeado no casco&nbsp; urb\u00e1n&nbsp; e na Fortaleza\npor bombillas de led ou o cambio das caldeiras de gas\u00f3leo por outras\nde biomasa en diferentes edificios municipais.<\/p>\n\n\n\n<p>\nIniciouse\ntam\u00e9n os contactos para a mediaci\u00f3n e creaci\u00f3n de pol\u00edgonos\nagroforestais e aldeas modelos con Medio Rural e as\u00ed frear o impacto\nque ten no noso municipio o abandono do rural.<\/p>\n\n\n\n<p>\nNestes\nd\u00edas estamos tam\u00e9n pondo en marcha unha campa\u00f1a de sensibilizaci\u00f3n\ne educaci\u00f3n no respecto ao medio ambiente, a trav\u00e9s dos nenos e\nnenas do municipio, coa campa\u00f1a Salvaterra Verde \u2013 Salvaterra\nLimpa, que intenta disminuir o impacto das bolsas de pl\u00e1stico no\nnoso municipio.<\/p>\n\n\n\n<p>100\nd\u00edas de traballo intenso, de reuni\u00f3ns e novos proxectos que ir\u00e1n\nvendo a luz nos pr\u00f3ximos meses.<\/p>\n","protected":false},"excerpt":{"rendered":"<div class=\"mh-excerpt\"><p>100 d\u00edas que deron para moito, un equipo que conta con caras novas, un equipo renovado e con moitas ganas, comprometido co seu pobo e que nestes primeiros 100 d\u00edas empezaron a marcar a s\u00faa li\u00f1a de  traballo. <a class=\"mh-excerpt-more\" href=\"https:\/\/www.anovapeneira.gal\/index.php\/2019\/10\/04\/valoracion-de-marta-valcarcel-alcaldesa-de-salvaterra-dos-seus-100-primeiros-dias-de-goberno\/\" title=\"Valoraci\u00f3n de Marta Valc\u00e1rcel Alcaldesa de Salvaterra dos seus 100 primeiros d\u00edas de goberno\">[&#8230;]<\/a><\/p>\n<\/div>","protected":false},"author":3,"featured_media":1419,"comment_status":"open","ping_status":"open","sticky":false,"template":"","format":"standard","meta":{"_exactmetrics_skip_tracking":false,"_exactmetrics_sitenote_active":false,"_exactmetrics_sitenote_note":"","_exactmetrics_sitenote_category":0,"footnotes":""},"categories":[25],"tags":[186,636],"class_list":{"0":"post-1418","1":"post","2":"type-post","3":"status-publish","4":"format-standard","5":"has-post-thumbnail","7":"category-condado","8":"tag-concello-de-salvaterra-do-mino","9":"tag-marta-valcarcel"},"yoast_head":"<!-- This site is optimized with the Yoast SEO plugin v27.4 - https:\/\/yoast.com\/product\/yoast-seo-wordpress\/ -->\n<title>Valoraci\u00f3n de Marta Valc\u00e1rcel Alcaldesa de Salvaterra dos seus 100 primeiros d\u00edas de goberno -<\/title>\n<meta name=\"robots\" content=\"index, follow, max-snippet:-1, max-image-preview:large, max-video-preview:-1\" \/>\n<link rel=\"canonical\" href=\"https:\/\/www.anovapeneira.gal\/index.php\/2019\/10\/04\/valoracion-de-marta-valcarcel-alcaldesa-de-salvaterra-dos-seus-100-primeiros-dias-de-goberno\/\" \/>\n<meta property=\"og:locale\" content=\"gl_ES\" \/>\n<meta property=\"og:type\" content=\"article\" \/>\n<meta property=\"og:title\" content=\"Valoraci\u00f3n de Marta Valc\u00e1rcel Alcaldesa de Salvaterra dos seus 100 primeiros d\u00edas de goberno -\" \/>\n<meta property=\"og:description\" content=\"100 d\u00edas que deron para moito, un equipo que conta con caras novas, un equipo renovado e con moitas ganas, comprometido co seu pobo e que nestes primeiros 100 d\u00edas empezaron a marcar a s\u00faa li\u00f1a de traballo. [...]\" \/>\n<meta property=\"og:url\" content=\"https:\/\/www.anovapeneira.gal\/index.php\/2019\/10\/04\/valoracion-de-marta-valcarcel-alcaldesa-de-salvaterra-dos-seus-100-primeiros-dias-de-goberno\/\" \/>\n<meta property=\"article:publisher\" content=\"https:\/\/www.facebook.com\/anovapeneira\" \/>\n<meta property=\"article:published_time\" content=\"2019-10-04T08:00:00+00:00\" \/>\n<meta property=\"og:image\" content=\"https:\/\/www.anovapeneira.gal\/wp-content\/uploads\/2019\/09\/MARTA_VALCARCEL_PP_SALVATERRA_A_NOVA_PENEIRA.jpg\" \/>\n\t<meta property=\"og:image:width\" content=\"720\" \/>\n\t<meta property=\"og:image:height\" content=\"473\" \/>\n\t<meta property=\"og:image:type\" content=\"image\/jpeg\" \/>\n<meta name=\"author\" content=\"Redacci\u00f3n A Nova Peneira\" \/>\n<meta name=\"twitter:card\" content=\"summary_large_image\" \/>\n<meta name=\"twitter:creator\" content=\"@APeneira\" \/>\n<meta name=\"twitter:site\" content=\"@APeneira\" \/>\n<meta name=\"twitter:label1\" content=\"Escrito por\" \/>\n\t<meta name=\"twitter:data1\" content=\"Redacci\u00f3n A Nova Peneira\" \/>\n\t<meta name=\"twitter:label2\" content=\"Tempo de lectura\" \/>\n\t<meta name=\"twitter:data2\" content=\"3 minutos\" \/>\n<script type=\"application\/ld+json\" class=\"yoast-schema-graph\">{\"@context\":\"https:\\\/\\\/schema.org\",\"@graph\":[{\"@type\":\"Article\",\"@id\":\"https:\\\/\\\/www.anovapeneira.gal\\\/index.php\\\/2019\\\/10\\\/04\\\/valoracion-de-marta-valcarcel-alcaldesa-de-salvaterra-dos-seus-100-primeiros-dias-de-goberno\\\/#article\",\"isPartOf\":{\"@id\":\"https:\\\/\\\/www.anovapeneira.gal\\\/index.php\\\/2019\\\/10\\\/04\\\/valoracion-de-marta-valcarcel-alcaldesa-de-salvaterra-dos-seus-100-primeiros-dias-de-goberno\\\/\"},\"author\":{\"name\":\"Redacci\u00f3n A Nova Peneira\",\"@id\":\"https:\\\/\\\/www.anovapeneira.gal\\\/#\\\/schema\\\/person\\\/b93e3f8932e3f8da96334607eb6ac6aa\"},\"headline\":\"Valoraci\u00f3n de Marta Valc\u00e1rcel Alcaldesa de Salvaterra dos seus 100 primeiros d\u00edas de goberno\",\"datePublished\":\"2019-10-04T08:00:00+00:00\",\"mainEntityOfPage\":{\"@id\":\"https:\\\/\\\/www.anovapeneira.gal\\\/index.php\\\/2019\\\/10\\\/04\\\/valoracion-de-marta-valcarcel-alcaldesa-de-salvaterra-dos-seus-100-primeiros-dias-de-goberno\\\/\"},\"wordCount\":537,\"commentCount\":0,\"publisher\":{\"@id\":\"https:\\\/\\\/www.anovapeneira.gal\\\/#organization\"},\"image\":{\"@id\":\"https:\\\/\\\/www.anovapeneira.gal\\\/index.php\\\/2019\\\/10\\\/04\\\/valoracion-de-marta-valcarcel-alcaldesa-de-salvaterra-dos-seus-100-primeiros-dias-de-goberno\\\/#primaryimage\"},\"thumbnailUrl\":\"https:\\\/\\\/www.anovapeneira.gal\\\/wp-content\\\/uploads\\\/2019\\\/09\\\/MARTA_VALCARCEL_PP_SALVATERRA_A_NOVA_PENEIRA.jpg\",\"keywords\":[\"Concello de Salvaterra do Mi\u00f1o\",\"Marta Valc\u00e1rcel\"],\"articleSection\":[\"Condado\"],\"inLanguage\":\"gl-ES\",\"potentialAction\":[{\"@type\":\"CommentAction\",\"name\":\"Comment\",\"target\":[\"https:\\\/\\\/www.anovapeneira.gal\\\/index.php\\\/2019\\\/10\\\/04\\\/valoracion-de-marta-valcarcel-alcaldesa-de-salvaterra-dos-seus-100-primeiros-dias-de-goberno\\\/#respond\"]}]},{\"@type\":\"WebPage\",\"@id\":\"https:\\\/\\\/www.anovapeneira.gal\\\/index.php\\\/2019\\\/10\\\/04\\\/valoracion-de-marta-valcarcel-alcaldesa-de-salvaterra-dos-seus-100-primeiros-dias-de-goberno\\\/\",\"url\":\"https:\\\/\\\/www.anovapeneira.gal\\\/index.php\\\/2019\\\/10\\\/04\\\/valoracion-de-marta-valcarcel-alcaldesa-de-salvaterra-dos-seus-100-primeiros-dias-de-goberno\\\/\",\"name\":\"Valoraci\u00f3n de Marta Valc\u00e1rcel Alcaldesa de Salvaterra dos seus 100 primeiros d\u00edas de goberno -\",\"isPartOf\":{\"@id\":\"https:\\\/\\\/www.anovapeneira.gal\\\/#website\"},\"primaryImageOfPage\":{\"@id\":\"https:\\\/\\\/www.anovapeneira.gal\\\/index.php\\\/2019\\\/10\\\/04\\\/valoracion-de-marta-valcarcel-alcaldesa-de-salvaterra-dos-seus-100-primeiros-dias-de-goberno\\\/#primaryimage\"},\"image\":{\"@id\":\"https:\\\/\\\/www.anovapeneira.gal\\\/index.php\\\/2019\\\/10\\\/04\\\/valoracion-de-marta-valcarcel-alcaldesa-de-salvaterra-dos-seus-100-primeiros-dias-de-goberno\\\/#primaryimage\"},\"thumbnailUrl\":\"https:\\\/\\\/www.anovapeneira.gal\\\/wp-content\\\/uploads\\\/2019\\\/09\\\/MARTA_VALCARCEL_PP_SALVATERRA_A_NOVA_PENEIRA.jpg\",\"datePublished\":\"2019-10-04T08:00:00+00:00\",\"breadcrumb\":{\"@id\":\"https:\\\/\\\/www.anovapeneira.gal\\\/index.php\\\/2019\\\/10\\\/04\\\/valoracion-de-marta-valcarcel-alcaldesa-de-salvaterra-dos-seus-100-primeiros-dias-de-goberno\\\/#breadcrumb\"},\"inLanguage\":\"gl-ES\",\"potentialAction\":[{\"@type\":\"ReadAction\",\"target\":[\"https:\\\/\\\/www.anovapeneira.gal\\\/index.php\\\/2019\\\/10\\\/04\\\/valoracion-de-marta-valcarcel-alcaldesa-de-salvaterra-dos-seus-100-primeiros-dias-de-goberno\\\/\"]}]},{\"@type\":\"ImageObject\",\"inLanguage\":\"gl-ES\",\"@id\":\"https:\\\/\\\/www.anovapeneira.gal\\\/index.php\\\/2019\\\/10\\\/04\\\/valoracion-de-marta-valcarcel-alcaldesa-de-salvaterra-dos-seus-100-primeiros-dias-de-goberno\\\/#primaryimage\",\"url\":\"https:\\\/\\\/www.anovapeneira.gal\\\/wp-content\\\/uploads\\\/2019\\\/09\\\/MARTA_VALCARCEL_PP_SALVATERRA_A_NOVA_PENEIRA.jpg\",\"contentUrl\":\"https:\\\/\\\/www.anovapeneira.gal\\\/wp-content\\\/uploads\\\/2019\\\/09\\\/MARTA_VALCARCEL_PP_SALVATERRA_A_NOVA_PENEIRA.jpg\",\"width\":720,\"height\":473,\"caption\":\"Ana Valc\u00e1rcel Salvaterra A Nova Peneira\"},{\"@type\":\"BreadcrumbList\",\"@id\":\"https:\\\/\\\/www.anovapeneira.gal\\\/index.php\\\/2019\\\/10\\\/04\\\/valoracion-de-marta-valcarcel-alcaldesa-de-salvaterra-dos-seus-100-primeiros-dias-de-goberno\\\/#breadcrumb\",\"itemListElement\":[{\"@type\":\"ListItem\",\"position\":1,\"name\":\"Portada\",\"item\":\"https:\\\/\\\/www.anovapeneira.gal\\\/\"},{\"@type\":\"ListItem\",\"position\":2,\"name\":\"Valoraci\u00f3n de Marta Valc\u00e1rcel Alcaldesa de Salvaterra dos seus 100 primeiros d\u00edas de goberno\"}]},{\"@type\":\"WebSite\",\"@id\":\"https:\\\/\\\/www.anovapeneira.gal\\\/#website\",\"url\":\"https:\\\/\\\/www.anovapeneira.gal\\\/\",\"name\":\"\",\"description\":\"Xornal galego de informaci\u00f3n xeral Publicaci\u00f3n mensual de novas de Galicia e en especial dos Concellos da sur da provincia de Pontevedra.\",\"publisher\":{\"@id\":\"https:\\\/\\\/www.anovapeneira.gal\\\/#organization\"},\"potentialAction\":[{\"@type\":\"SearchAction\",\"target\":{\"@type\":\"EntryPoint\",\"urlTemplate\":\"https:\\\/\\\/www.anovapeneira.gal\\\/?s={search_term_string}\"},\"query-input\":{\"@type\":\"PropertyValueSpecification\",\"valueRequired\":true,\"valueName\":\"search_term_string\"}}],\"inLanguage\":\"gl-ES\"},{\"@type\":\"Organization\",\"@id\":\"https:\\\/\\\/www.anovapeneira.gal\\\/#organization\",\"name\":\"A Nova Peneira\",\"url\":\"https:\\\/\\\/www.anovapeneira.gal\\\/\",\"logo\":{\"@type\":\"ImageObject\",\"inLanguage\":\"gl-ES\",\"@id\":\"https:\\\/\\\/www.anovapeneira.gal\\\/#\\\/schema\\\/logo\\\/image\\\/\",\"url\":\"http:\\\/\\\/www.anovapeneira.gal\\\/wp-content\\\/uploads\\\/2019\\\/06\\\/logo_a_nova_peneira_portal_web.png\",\"contentUrl\":\"http:\\\/\\\/www.anovapeneira.gal\\\/wp-content\\\/uploads\\\/2019\\\/06\\\/logo_a_nova_peneira_portal_web.png\",\"width\":300,\"height\":100,\"caption\":\"A Nova Peneira\"},\"image\":{\"@id\":\"https:\\\/\\\/www.anovapeneira.gal\\\/#\\\/schema\\\/logo\\\/image\\\/\"},\"sameAs\":[\"https:\\\/\\\/www.facebook.com\\\/anovapeneira\",\"https:\\\/\\\/x.com\\\/APeneira\"]},{\"@type\":\"Person\",\"@id\":\"https:\\\/\\\/www.anovapeneira.gal\\\/#\\\/schema\\\/person\\\/b93e3f8932e3f8da96334607eb6ac6aa\",\"name\":\"Redacci\u00f3n A Nova Peneira\",\"image\":{\"@type\":\"ImageObject\",\"inLanguage\":\"gl-ES\",\"@id\":\"https:\\\/\\\/secure.gravatar.com\\\/avatar\\\/c052a2551a06e23fac63626232eaa90abd78dbcf1700fc46a2b2c89fd27b735f?s=96&d=mm&r=g\",\"url\":\"https:\\\/\\\/secure.gravatar.com\\\/avatar\\\/c052a2551a06e23fac63626232eaa90abd78dbcf1700fc46a2b2c89fd27b735f?s=96&d=mm&r=g\",\"contentUrl\":\"https:\\\/\\\/secure.gravatar.com\\\/avatar\\\/c052a2551a06e23fac63626232eaa90abd78dbcf1700fc46a2b2c89fd27b735f?s=96&d=mm&r=g\",\"caption\":\"Redacci\u00f3n A Nova Peneira\"},\"sameAs\":[\"http:\\\/\\\/www.anovapeneira.gal\\\/\"],\"url\":\"https:\\\/\\\/www.anovapeneira.gal\\\/index.php\\\/author\\\/redactor\\\/\"}]}<\/script>\n<!-- \/ Yoast SEO plugin. -->","yoast_head_json":{"title":"Valoraci\u00f3n de Marta Valc\u00e1rcel Alcaldesa de Salvaterra dos seus 100 primeiros d\u00edas de goberno -","robots":{"index":"index","follow":"follow","max-snippet":"max-snippet:-1","max-image-preview":"max-image-preview:large","max-video-preview":"max-video-preview:-1"},"canonical":"https:\/\/www.anovapeneira.gal\/index.php\/2019\/10\/04\/valoracion-de-marta-valcarcel-alcaldesa-de-salvaterra-dos-seus-100-primeiros-dias-de-goberno\/","og_locale":"gl_ES","og_type":"article","og_title":"Valoraci\u00f3n de Marta Valc\u00e1rcel Alcaldesa de Salvaterra dos seus 100 primeiros d\u00edas de goberno -","og_description":"100 d\u00edas que deron para moito, un equipo que conta con caras novas, un equipo renovado e con moitas ganas, comprometido co seu pobo e que nestes primeiros 100 d\u00edas empezaron a marcar a s\u00faa li\u00f1a de traballo. [...]","og_url":"https:\/\/www.anovapeneira.gal\/index.php\/2019\/10\/04\/valoracion-de-marta-valcarcel-alcaldesa-de-salvaterra-dos-seus-100-primeiros-dias-de-goberno\/","article_publisher":"https:\/\/www.facebook.com\/anovapeneira","article_published_time":"2019-10-04T08:00:00+00:00","og_image":[{"width":720,"height":473,"url":"https:\/\/www.anovapeneira.gal\/wp-content\/uploads\/2019\/09\/MARTA_VALCARCEL_PP_SALVATERRA_A_NOVA_PENEIRA.jpg","type":"image\/jpeg"}],"author":"Redacci\u00f3n A Nova Peneira","twitter_card":"summary_large_image","twitter_creator":"@APeneira","twitter_site":"@APeneira","twitter_misc":{"Escrito por":"Redacci\u00f3n A Nova Peneira","Tempo de lectura":"3 minutos"},"schema":{"@context":"https:\/\/schema.org","@graph":[{"@type":"Article","@id":"https:\/\/www.anovapeneira.gal\/index.php\/2019\/10\/04\/valoracion-de-marta-valcarcel-alcaldesa-de-salvaterra-dos-seus-100-primeiros-dias-de-goberno\/#article","isPartOf":{"@id":"https:\/\/www.anovapeneira.gal\/index.php\/2019\/10\/04\/valoracion-de-marta-valcarcel-alcaldesa-de-salvaterra-dos-seus-100-primeiros-dias-de-goberno\/"},"author":{"name":"Redacci\u00f3n A Nova Peneira","@id":"https:\/\/www.anovapeneira.gal\/#\/schema\/person\/b93e3f8932e3f8da96334607eb6ac6aa"},"headline":"Valoraci\u00f3n de Marta Valc\u00e1rcel Alcaldesa de Salvaterra dos seus 100 primeiros d\u00edas de goberno","datePublished":"2019-10-04T08:00:00+00:00","mainEntityOfPage":{"@id":"https:\/\/www.anovapeneira.gal\/index.php\/2019\/10\/04\/valoracion-de-marta-valcarcel-alcaldesa-de-salvaterra-dos-seus-100-primeiros-dias-de-goberno\/"},"wordCount":537,"commentCount":0,"publisher":{"@id":"https:\/\/www.anovapeneira.gal\/#organization"},"image":{"@id":"https:\/\/www.anovapeneira.gal\/index.php\/2019\/10\/04\/valoracion-de-marta-valcarcel-alcaldesa-de-salvaterra-dos-seus-100-primeiros-dias-de-goberno\/#primaryimage"},"thumbnailUrl":"https:\/\/www.anovapeneira.gal\/wp-content\/uploads\/2019\/09\/MARTA_VALCARCEL_PP_SALVATERRA_A_NOVA_PENEIRA.jpg","keywords":["Concello de Salvaterra do Mi\u00f1o","Marta Valc\u00e1rcel"],"articleSection":["Condado"],"inLanguage":"gl-ES","potentialAction":[{"@type":"CommentAction","name":"Comment","target":["https:\/\/www.anovapeneira.gal\/index.php\/2019\/10\/04\/valoracion-de-marta-valcarcel-alcaldesa-de-salvaterra-dos-seus-100-primeiros-dias-de-goberno\/#respond"]}]},{"@type":"WebPage","@id":"https:\/\/www.anovapeneira.gal\/index.php\/2019\/10\/04\/valoracion-de-marta-valcarcel-alcaldesa-de-salvaterra-dos-seus-100-primeiros-dias-de-goberno\/","url":"https:\/\/www.anovapeneira.gal\/index.php\/2019\/10\/04\/valoracion-de-marta-valcarcel-alcaldesa-de-salvaterra-dos-seus-100-primeiros-dias-de-goberno\/","name":"Valoraci\u00f3n de Marta Valc\u00e1rcel Alcaldesa de Salvaterra dos seus 100 primeiros d\u00edas de goberno -","isPartOf":{"@id":"https:\/\/www.anovapeneira.gal\/#website"},"primaryImageOfPage":{"@id":"https:\/\/www.anovapeneira.gal\/index.php\/2019\/10\/04\/valoracion-de-marta-valcarcel-alcaldesa-de-salvaterra-dos-seus-100-primeiros-dias-de-goberno\/#primaryimage"},"image":{"@id":"https:\/\/www.anovapeneira.gal\/index.php\/2019\/10\/04\/valoracion-de-marta-valcarcel-alcaldesa-de-salvaterra-dos-seus-100-primeiros-dias-de-goberno\/#primaryimage"},"thumbnailUrl":"https:\/\/www.anovapeneira.gal\/wp-content\/uploads\/2019\/09\/MARTA_VALCARCEL_PP_SALVATERRA_A_NOVA_PENEIRA.jpg","datePublished":"2019-10-04T08:00:00+00:00","breadcrumb":{"@id":"https:\/\/www.anovapeneira.gal\/index.php\/2019\/10\/04\/valoracion-de-marta-valcarcel-alcaldesa-de-salvaterra-dos-seus-100-primeiros-dias-de-goberno\/#breadcrumb"},"inLanguage":"gl-ES","potentialAction":[{"@type":"ReadAction","target":["https:\/\/www.anovapeneira.gal\/index.php\/2019\/10\/04\/valoracion-de-marta-valcarcel-alcaldesa-de-salvaterra-dos-seus-100-primeiros-dias-de-goberno\/"]}]},{"@type":"ImageObject","inLanguage":"gl-ES","@id":"https:\/\/www.anovapeneira.gal\/index.php\/2019\/10\/04\/valoracion-de-marta-valcarcel-alcaldesa-de-salvaterra-dos-seus-100-primeiros-dias-de-goberno\/#primaryimage","url":"https:\/\/www.anovapeneira.gal\/wp-content\/uploads\/2019\/09\/MARTA_VALCARCEL_PP_SALVATERRA_A_NOVA_PENEIRA.jpg","contentUrl":"https:\/\/www.anovapeneira.gal\/wp-content\/uploads\/2019\/09\/MARTA_VALCARCEL_PP_SALVATERRA_A_NOVA_PENEIRA.jpg","width":720,"height":473,"caption":"Ana Valc\u00e1rcel Salvaterra A Nova Peneira"},{"@type":"BreadcrumbList","@id":"https:\/\/www.anovapeneira.gal\/index.php\/2019\/10\/04\/valoracion-de-marta-valcarcel-alcaldesa-de-salvaterra-dos-seus-100-primeiros-dias-de-goberno\/#breadcrumb","itemListElement":[{"@type":"ListItem","position":1,"name":"Portada","item":"https:\/\/www.anovapeneira.gal\/"},{"@type":"ListItem","position":2,"name":"Valoraci\u00f3n de Marta Valc\u00e1rcel Alcaldesa de Salvaterra dos seus 100 primeiros d\u00edas de goberno"}]},{"@type":"WebSite","@id":"https:\/\/www.anovapeneira.gal\/#website","url":"https:\/\/www.anovapeneira.gal\/","name":"","description":"Xornal galego de informaci\u00f3n xeral Publicaci\u00f3n mensual de novas de Galicia e en especial dos Concellos da sur da provincia de Pontevedra.","publisher":{"@id":"https:\/\/www.anovapeneira.gal\/#organization"},"potentialAction":[{"@type":"SearchAction","target":{"@type":"EntryPoint","urlTemplate":"https:\/\/www.anovapeneira.gal\/?s={search_term_string}"},"query-input":{"@type":"PropertyValueSpecification","valueRequired":true,"valueName":"search_term_string"}}],"inLanguage":"gl-ES"},{"@type":"Organization","@id":"https:\/\/www.anovapeneira.gal\/#organization","name":"A Nova Peneira","url":"https:\/\/www.anovapeneira.gal\/","logo":{"@type":"ImageObject","inLanguage":"gl-ES","@id":"https:\/\/www.anovapeneira.gal\/#\/schema\/logo\/image\/","url":"http:\/\/www.anovapeneira.gal\/wp-content\/uploads\/2019\/06\/logo_a_nova_peneira_portal_web.png","contentUrl":"http:\/\/www.anovapeneira.gal\/wp-content\/uploads\/2019\/06\/logo_a_nova_peneira_portal_web.png","width":300,"height":100,"caption":"A Nova Peneira"},"image":{"@id":"https:\/\/www.anovapeneira.gal\/#\/schema\/logo\/image\/"},"sameAs":["https:\/\/www.facebook.com\/anovapeneira","https:\/\/x.com\/APeneira"]},{"@type":"Person","@id":"https:\/\/www.anovapeneira.gal\/#\/schema\/person\/b93e3f8932e3f8da96334607eb6ac6aa","name":"Redacci\u00f3n A Nova Peneira","image":{"@type":"ImageObject","inLanguage":"gl-ES","@id":"https:\/\/secure.gravatar.com\/avatar\/c052a2551a06e23fac63626232eaa90abd78dbcf1700fc46a2b2c89fd27b735f?s=96&d=mm&r=g","url":"https:\/\/secure.gravatar.com\/avatar\/c052a2551a06e23fac63626232eaa90abd78dbcf1700fc46a2b2c89fd27b735f?s=96&d=mm&r=g","contentUrl":"https:\/\/secure.gravatar.com\/avatar\/c052a2551a06e23fac63626232eaa90abd78dbcf1700fc46a2b2c89fd27b735f?s=96&d=mm&r=g","caption":"Redacci\u00f3n A Nova Peneira"},"sameAs":["http:\/\/www.anovapeneira.gal\/"],"url":"https:\/\/www.anovapeneira.gal\/index.php\/author\/redactor\/"}]}},"jetpack_featured_media_url":"https:\/\/www.anovapeneira.gal\/wp-content\/uploads\/2019\/09\/MARTA_VALCARCEL_PP_SALVATERRA_A_NOVA_PENEIRA.jpg","_links":{"self":[{"href":"https:\/\/www.anovapeneira.gal\/index.php\/wp-json\/wp\/v2\/posts\/1418","targetHints":{"allow":["GET"]}}],"collection":[{"href":"https:\/\/www.anovapeneira.gal\/index.php\/wp-json\/wp\/v2\/posts"}],"about":[{"href":"https:\/\/www.anovapeneira.gal\/index.php\/wp-json\/wp\/v2\/types\/post"}],"author":[{"embeddable":true,"href":"https:\/\/www.anovapeneira.gal\/index.php\/wp-json\/wp\/v2\/users\/3"}],"replies":[{"embeddable":true,"href":"https:\/\/www.anovapeneira.gal\/index.php\/wp-json\/wp\/v2\/comments?post=1418"}],"version-history":[{"count":1,"href":"https:\/\/www.anovapeneira.gal\/index.php\/wp-json\/wp\/v2\/posts\/1418\/revisions"}],"predecessor-version":[{"id":1420,"href":"https:\/\/www.anovapeneira.gal\/index.php\/wp-json\/wp\/v2\/posts\/1418\/revisions\/1420"}],"wp:featuredmedia":[{"embeddable":true,"href":"https:\/\/www.anovapeneira.gal\/index.php\/wp-json\/wp\/v2\/media\/1419"}],"wp:attachment":[{"href":"https:\/\/www.anovapeneira.gal\/index.php\/wp-json\/wp\/v2\/media?parent=1418"}],"wp:term":[{"taxonomy":"category","embeddable":true,"href":"https:\/\/www.anovapeneira.gal\/index.php\/wp-json\/wp\/v2\/categories?post=1418"},{"taxonomy":"post_tag","embeddable":true,"href":"https:\/\/www.anovapeneira.gal\/index.php\/wp-json\/wp\/v2\/tags?post=1418"}],"curies":[{"name":"wp","href":"https:\/\/api.w.org\/{rel}","templated":true}]}}