{"id":14182,"date":"2025-07-11T10:00:21","date_gmt":"2025-07-11T08:00:21","guid":{"rendered":"https:\/\/www.anovapeneira.gal\/?p=14182"},"modified":"2025-07-06T08:50:25","modified_gmt":"2025-07-06T06:50:25","slug":"emiliano-lage-alcalde-de-fornelos-de-montes-8","status":"publish","type":"post","link":"https:\/\/www.anovapeneira.gal\/index.php\/2025\/07\/11\/emiliano-lage-alcalde-de-fornelos-de-montes-8\/","title":{"rendered":"Emiliano Lage, alcalde de Fornelos de Montes"},"content":{"rendered":"\n<p><strong>Fornelos de Montes \u00e9 un concello fermoso. Rep\u00edtoo moitas veces, e f\u00e1goo as\u00ed porque \u00e9 moitas veces verdade. A mestura das s\u00faas insondables fragas, a beleza das s\u00faas augas que engaiolan e o acougo p\u00e9treo da s\u00faa praza principal, fan de Fornelos o lugar perfecto para vivir ou para gozar dun tempo de lecer.<\/strong><\/p>\n\n\n\n<p><strong>A partir do 19 de Xullo o Concello inicia a s\u00faa etapa de festas e, como \u00e9 tradici\u00f3n nesta casa,n\u00f3s fomos ata Fornelos a conversar co seu alcalde. Vela\u00ed vai o que deu de si.<\/strong><\/p>\n\n\n\n<h2 class=\"wp-block-heading\">\u201c <strong>Ser alcalde do meu querido pobo \u00e9 unha inmensa honra para min\u201d<\/strong><\/h2>\n\n\n\n<p><strong>Como valoras os dous primeiros anos deste mandato?<\/strong><\/p>\n\n\n\n<blockquote class=\"wp-block-quote is-layout-flow wp-block-quote-is-layout-flow\">\n<p>Val\u00f3roos de maneira moi positiva. Estamos traballando moi ben coa intenci\u00f3n de rematar unha serie de actuaci\u00f3ns moi importantes para o ben com\u00fan da veci\u00f1anza de Fornelos, e de operar en todos os sitios nos que haxa necesidades e n\u00f3s te\u00f1amos posibilidades.<\/p>\n<\/blockquote>\n\n\n\n<p><strong>A que te refires con iso de \u201cter posibilidades\u201d?<\/strong><\/p>\n\n\n\n<blockquote class=\"wp-block-quote is-layout-flow wp-block-quote-is-layout-flow\">\n<p>Ref\u00edrome a que n\u00f3s somos un concello pequeno e que os recursos econ\u00f3micos dos que dispomos son limitados, e ref\u00edrome tam\u00e9n a que \u00e1s veces a burocracia na relaci\u00f3n con outras administraci\u00f3ns \u00e9 enormemente lenta.<\/p>\n<\/blockquote>\n\n\n\n<p><strong>Cales foron as principais actuaci\u00f3ns destes dous anos?<\/strong><\/p>\n\n\n\n<p>A remodelaci\u00f3n da piscina que vai con certo atraso por cuesti\u00f3ns t\u00e9cnicas. Agardo que esteamos en disposici\u00f3n de abrila a finais deste mes. Tam\u00e9n temos d\u00faas actuaci\u00f3ns moi importantes no multiusos e no Concello. En ambos edificios estamos cambiando as instalaci\u00f3ns de gasoil a pellets, e a electricidade pasala toda a led.<\/p>\n\n\n\n<figure class=\"wp-block-gallery has-nested-images columns-default is-cropped wp-block-gallery-1 is-layout-flex wp-block-gallery-is-layout-flex\">\n<figure class=\"wp-block-image size-large\"><img loading=\"lazy\" decoding=\"async\" width=\"882\" height=\"1024\" data-id=\"14183\" src=\"https:\/\/www.anovapeneira.gal\/wp-content\/uploads\/2025\/07\/multiusos_fornelos-882x1024.png\" alt=\"\" class=\"wp-image-14183\" srcset=\"https:\/\/www.anovapeneira.gal\/wp-content\/uploads\/2025\/07\/multiusos_fornelos-882x1024.png 882w, https:\/\/www.anovapeneira.gal\/wp-content\/uploads\/2025\/07\/multiusos_fornelos-258x300.png 258w, https:\/\/www.anovapeneira.gal\/wp-content\/uploads\/2025\/07\/multiusos_fornelos-768x892.png 768w, https:\/\/www.anovapeneira.gal\/wp-content\/uploads\/2025\/07\/multiusos_fornelos-1322x1536.png 1322w, https:\/\/www.anovapeneira.gal\/wp-content\/uploads\/2025\/07\/multiusos_fornelos-1763x2048.png 1763w\" sizes=\"auto, (max-width: 882px) 100vw, 882px\" \/><\/figure>\n\n\n\n<figure class=\"wp-block-image size-large\"><img loading=\"lazy\" decoding=\"async\" width=\"720\" height=\"432\" data-id=\"14184\" src=\"https:\/\/www.anovapeneira.gal\/wp-content\/uploads\/2025\/07\/concello_fornelos.png\" alt=\"Concello Fornelos\" class=\"wp-image-14184\" srcset=\"https:\/\/www.anovapeneira.gal\/wp-content\/uploads\/2025\/07\/concello_fornelos.png 720w, https:\/\/www.anovapeneira.gal\/wp-content\/uploads\/2025\/07\/concello_fornelos-300x180.png 300w\" sizes=\"auto, (max-width: 720px) 100vw, 720px\" \/><\/figure>\n<\/figure>\n\n\n\n<blockquote class=\"wp-block-quote is-layout-flow wp-block-quote-is-layout-flow\">\n<p>Tam\u00e9n temos programado quitar a concurso varios cami\u00f1os rurais, que necesitan reparaci\u00f3ns urxentes. Un deles, o que vai ao CC de Vil\u00e1n, xa o fixemos. Temos 200.000\u20ac para estas actuaci\u00f3ns nos diferentes cami\u00f1os do noso Concello. En breve comezar\u00e1n as obras do novo centro de maiores que xa sa\u00edu a concurso por 1.000.000\u20ac e que faremos nas antigas vivendas dos mestres<\/p>\n<\/blockquote>\n\n\n\n<blockquote class=\"wp-block-quote is-layout-flow wp-block-quote-is-layout-flow\">\n<p>Por outra parte na segunda metade do mandato co plan extra da DEPO imos humanizar a praza fronte ao multiusos, dotala de servizos, e facermos al\u00ed unha escola infantil.<\/p>\n<\/blockquote>\n\n\n\n<p><strong>O cambio de iluminaci\u00f3n como vai?<\/strong><\/p>\n\n\n\n<blockquote class=\"wp-block-quote is-layout-flow wp-block-quote-is-layout-flow\">\n<p>Xa est\u00e1 todo o concello pasado a LED, ag\u00e1s Calvos que sae agora a concurso. Aforramos un feixe de cartos na factura da electricidade.<\/p>\n<\/blockquote>\n\n\n\n<p><strong>Notaches alg\u00fan tipo de cambio nas relaci\u00f3ns coa DEPO despois de que o PP recuperara o seu goberno?<\/strong><\/p>\n\n\n\n<blockquote class=\"wp-block-quote is-layout-flow wp-block-quote-is-layout-flow\">\n<p>O trato con esta administraci\u00f3n e con este presidente \u00e9 bo, ten un talante cordial e dialogante. Non noto diferenzas coa anterior administraci\u00f3n. Esta non \u00e9 a DEPO de Rafael Louz\u00e1n.<\/p>\n<\/blockquote>\n\n\n\n<p><strong>E que tal co asesor Javier Bas?<\/strong><\/p>\n\n\n\n<blockquote class=\"wp-block-quote is-layout-flow wp-block-quote-is-layout-flow\">\n<p>As relaci\u00f3ns son correctas dentro do debido respecto institucional. Eu a Javier xa o co\u00f1ezo desde hai moitos anos, cando ambos traballabamos en banca, e sempre houbo boa relaci\u00f3n mutua.<\/p>\n<\/blockquote>\n\n\n\n<p><strong>Como van as t\u00faas relaci\u00f3ns coa oposici\u00f3n?<\/strong><\/p>\n\n\n\n<blockquote class=\"wp-block-quote is-layout-flow wp-block-quote-is-layout-flow\">\n<p>Pois nesta asunto non estou nada satisfeito. A oposici\u00f3n que estamos sufrindo neste mandato \u00e9 en exceso agresiva, ata case poderiamos dicir que \u00e9 unha oposici\u00f3n destrutiva. Supo\u00f1o que obedecer\u00e1 a a que as persoas que captou o PP para meterse no seu proxecto son moi novas e ve\u00f1en con moita enerx\u00eda. O que me produce perplexidade \u00e9 algo que non vira ata agora, e que si se est\u00e1 dando neste mandato, que \u00e9 ver ao BNG votar co PP.<\/p>\n<\/blockquote>\n\n\n\n<p><strong>Comezamos unha das \u00e9pocas m\u00e1is bonitas do ano que \u00e9 a etapa das festas. C\u00f3ntanos que o que temos neste 2025?<\/strong><\/p>\n\n\n\n<blockquote class=\"wp-block-quote is-layout-flow wp-block-quote-is-layout-flow\">\n<p>Hai moito e moi variado. Como sempre aproveito a oportunidade das vosas p\u00e1xinas para convidar aos lectores e lectoras a que nos acompa\u00f1en neses d\u00edas tan importantes para n\u00f3s.<\/p>\n<\/blockquote>\n\n\n\n<blockquote class=\"wp-block-quote is-layout-flow wp-block-quote-is-layout-flow\">\n<p>Abrimos o 19 de xullo co habitual campionato de Tute e o d\u00eda 20 temos a festa gastron\u00f3mica da carne do Su\u00eddo e da chanfaina.<\/p>\n<\/blockquote>\n\n\n\n<blockquote class=\"wp-block-quote is-layout-flow wp-block-quote-is-layout-flow\">\n<p>O 10 de agosto \u00e9 o d\u00eda m\u00e1is importante das nosas festas patronais que ser\u00e1n como sempre o 9, 10 e 11 dese mes.<\/p>\n<\/blockquote>\n\n\n\n<blockquote class=\"wp-block-quote is-layout-flow wp-block-quote-is-layout-flow\">\n<p>Como cada ano teremos o festival folk na praia fluvial que xa supera as d\u00faas d\u00e9cadas de vida.<\/p>\n<\/blockquote>\n\n\n\n<p><strong>Falando da praia fluvial, temos nova xerencia no chiringuito dese lugar tan bonito, verdade?<\/strong><\/p>\n\n\n\n<blockquote class=\"wp-block-quote is-layout-flow wp-block-quote-is-layout-flow\">\n<p>Si. A concesi\u00f3n anterior caducou e agora teno unha rapaza de Pazos que est\u00e1 facendo moi ben as cousas. O local est\u00e1 precioso, o espazo \u00e9 fermoso e est\u00e1 a funcionar moi ben.<\/p>\n<\/blockquote>\n\n\n\n<p><strong>Ben, sigamos coas festas?<\/strong><\/p>\n\n\n\n<blockquote class=\"wp-block-quote is-layout-flow wp-block-quote-is-layout-flow\">\n<p>Tam\u00e9n teremos as actuaci\u00f3ns de cinema na r\u00faa, a festa da escuma, que se fai na praza, e que \u00e9 un \u00e9xito para os rapaces, e os contacontos habituais.<\/p>\n<\/blockquote>\n\n\n\n<p><strong>As expectativas de asistencia?<\/strong><\/p>\n\n\n\n<blockquote class=\"wp-block-quote is-layout-flow wp-block-quote-is-layout-flow\">\n<p>Todos os anos a afluencia de visitantes \u00e9 extraordinaria, e estou convencido de que este 2025 non vai ser ningunha excepci\u00f3n.<\/p>\n<\/blockquote>\n\n\n\n<p><strong>Que tal est\u00e1 funcionando o tanatorio?<\/strong><\/p>\n\n\n\n<blockquote class=\"wp-block-quote is-layout-flow wp-block-quote-is-layout-flow\">\n<p>Como sabes esa \u00e9 unha instalaci\u00f3n privada, que n\u00f3s apoiamos. Funciona moi ben. Este era un servizo do que carec\u00eda o noso concello e que o noso goberno ti\u00f1a empe\u00f1o en p\u00f3r ao dispor da nosa veci\u00f1anza.<\/p>\n<\/blockquote>\n\n\n\n<p><strong>Al\u00e9n das cuesti\u00f3ns que antes me comentaches referentes \u00e1s actuaci\u00f3ns na praza do multiusos, hai alg\u00fan outro tema que che ilusionar\u00eda levar a cabo antes de que remate o mandato?<\/strong><\/p>\n\n\n\n<blockquote class=\"wp-block-quote is-layout-flow wp-block-quote-is-layout-flow\">\n<p>Ben, como sabes, eu procuro escapar do populismo barato e non prometer obras fara\u00f3nicas que probablemente non poida cumprir e que nun concello como o noso tampouco ter\u00edan moito sentido. Eu concibo a pr\u00e1ctica pol\u00edtica municipal como un servizo p\u00fablico que procure o ben com\u00fan das maior\u00edas sociais do teu municipio.<\/p>\n<\/blockquote>\n\n\n\n<blockquote class=\"wp-block-quote is-layout-flow wp-block-quote-is-layout-flow\">\n<p>O que m\u00e1is me ilusiona \u00e9 que todos os veci\u00f1os te\u00f1an perfectamente claro que o Concello \u00e9 de todos e para todos, e que mentres eu sexa alcalde e o PSOE goberne Fornelos, nunca se vai apartar do seu obxectivo de p\u00f3r todos os recursos dos que disp\u00f3n a administraci\u00f3n municipal de maneira equitativa e xusta ao servizo do ben com\u00fan de todos e todas por igual.<\/p>\n<\/blockquote>\n\n\n\n<blockquote class=\"wp-block-quote is-layout-flow wp-block-quote-is-layout-flow\">\n<p>Hai moitas cousas que facer: asfaltados de cami\u00f1os, saneamento, cambio da depuradora&#8230;.Eu quixera poder facer todo, e quixera poder facelo xa. O problema do que non se pode facer non \u00e9 a falta de vontade, \u00e9 a falta de fondos.<\/p>\n<\/blockquote>\n\n\n\n<p><strong>Rematamos Emiliano , quedan algo menos de dous anos para rematar o teu terceiro mandato como alcalde de Fornelos. Vas tratar de repetir no 27?<\/strong><\/p>\n\n\n\n<blockquote class=\"wp-block-quote is-layout-flow wp-block-quote-is-layout-flow\">\n<p>O \u00fanico que podo dicir ao respecto \u00e9 que ser alcalde do meu querido pobo \u00e9 unha inmensa honra para min. Nunca poderei devolver o enorme caudal de confianza que te\u00f1o recibido da veci\u00f1anza de Fornelos. O que pase no 27 est\u00e1 por ver. A\u00ednda faltan case dous anos para as vindeiras elecci\u00f3ns, e o que pode acontecer nese momento s\u00f3 o tempo o pode dicir. Eu sigo traballando coa mesma ilusi\u00f3n que o primeiro d\u00eda, e as\u00ed vai seguir sendo ata o momento no que me toque marchar.<\/p>\n<\/blockquote>\n","protected":false},"excerpt":{"rendered":"<div class=\"mh-excerpt\"><p>Fornelos de Montes \u00e9 un concello fermoso. Rep\u00edtoo moitas veces, e f\u00e1goo as\u00ed porque \u00e9 moitas veces verdade <a class=\"mh-excerpt-more\" href=\"https:\/\/www.anovapeneira.gal\/index.php\/2025\/07\/11\/emiliano-lage-alcalde-de-fornelos-de-montes-8\/\" title=\"Emiliano Lage, alcalde de Fornelos de Montes\">[&#8230;]<\/a><\/p>\n<\/div>","protected":false},"author":2,"featured_media":12068,"comment_status":"open","ping_status":"open","sticky":false,"template":"","format":"standard","meta":{"_exactmetrics_skip_tracking":false,"_exactmetrics_sitenote_active":false,"_exactmetrics_sitenote_note":"","_exactmetrics_sitenote_category":0,"footnotes":""},"categories":[270],"tags":[452],"class_list":{"0":"post-14182","1":"post","2":"type-post","3":"status-publish","4":"format-standard","5":"has-post-thumbnail","7":"category-redondela-entrevistas","8":"tag-concello-de-fornelos-de-montes"},"yoast_head":"<!-- This site is optimized with the Yoast SEO plugin v27.4 - https:\/\/yoast.com\/product\/yoast-seo-wordpress\/ -->\n<title>Emiliano Lage, alcalde de Fornelos de Montes -<\/title>\n<meta name=\"robots\" content=\"index, follow, max-snippet:-1, max-image-preview:large, max-video-preview:-1\" \/>\n<link rel=\"canonical\" href=\"https:\/\/www.anovapeneira.gal\/index.php\/2025\/07\/11\/emiliano-lage-alcalde-de-fornelos-de-montes-8\/\" \/>\n<meta property=\"og:locale\" content=\"gl_ES\" \/>\n<meta property=\"og:type\" content=\"article\" \/>\n<meta property=\"og:title\" content=\"Emiliano Lage, alcalde de Fornelos de Montes -\" \/>\n<meta property=\"og:description\" content=\"Fornelos de Montes \u00e9 un concello fermoso. Rep\u00edtoo moitas veces, e f\u00e1goo as\u00ed porque \u00e9 moitas veces verdade [...]\" \/>\n<meta property=\"og:url\" content=\"https:\/\/www.anovapeneira.gal\/index.php\/2025\/07\/11\/emiliano-lage-alcalde-de-fornelos-de-montes-8\/\" \/>\n<meta property=\"article:publisher\" content=\"https:\/\/www.facebook.com\/anovapeneira\" \/>\n<meta property=\"article:published_time\" content=\"2025-07-11T08:00:21+00:00\" \/>\n<meta property=\"og:image\" content=\"https:\/\/www.anovapeneira.gal\/wp-content\/uploads\/2024\/07\/emiliano_lage.png\" \/>\n\t<meta property=\"og:image:width\" content=\"720\" \/>\n\t<meta property=\"og:image:height\" content=\"432\" \/>\n\t<meta property=\"og:image:type\" content=\"image\/png\" \/>\n<meta name=\"author\" content=\"Tino Lago\" \/>\n<meta name=\"twitter:card\" content=\"summary_large_image\" \/>\n<meta name=\"twitter:creator\" content=\"@APeneira\" \/>\n<meta name=\"twitter:site\" content=\"@APeneira\" \/>\n<meta name=\"twitter:label1\" content=\"Escrito por\" \/>\n\t<meta name=\"twitter:data1\" content=\"Tino Lago\" \/>\n\t<meta name=\"twitter:label2\" content=\"Tempo de lectura\" \/>\n\t<meta name=\"twitter:data2\" content=\"3 minutos\" \/>\n<script type=\"application\/ld+json\" class=\"yoast-schema-graph\">{\"@context\":\"https:\\\/\\\/schema.org\",\"@graph\":[{\"@type\":\"Article\",\"@id\":\"https:\\\/\\\/www.anovapeneira.gal\\\/index.php\\\/2025\\\/07\\\/11\\\/emiliano-lage-alcalde-de-fornelos-de-montes-8\\\/#article\",\"isPartOf\":{\"@id\":\"https:\\\/\\\/www.anovapeneira.gal\\\/index.php\\\/2025\\\/07\\\/11\\\/emiliano-lage-alcalde-de-fornelos-de-montes-8\\\/\"},\"author\":{\"name\":\"Tino Lago\",\"@id\":\"https:\\\/\\\/www.anovapeneira.gal\\\/#\\\/schema\\\/person\\\/424dfe65e3070fd8a44d22d2c088762a\"},\"headline\":\"Emiliano Lage, alcalde de Fornelos de Montes\",\"datePublished\":\"2025-07-11T08:00:21+00:00\",\"mainEntityOfPage\":{\"@id\":\"https:\\\/\\\/www.anovapeneira.gal\\\/index.php\\\/2025\\\/07\\\/11\\\/emiliano-lage-alcalde-de-fornelos-de-montes-8\\\/\"},\"wordCount\":1197,\"commentCount\":0,\"publisher\":{\"@id\":\"https:\\\/\\\/www.anovapeneira.gal\\\/#organization\"},\"image\":{\"@id\":\"https:\\\/\\\/www.anovapeneira.gal\\\/index.php\\\/2025\\\/07\\\/11\\\/emiliano-lage-alcalde-de-fornelos-de-montes-8\\\/#primaryimage\"},\"thumbnailUrl\":\"https:\\\/\\\/www.anovapeneira.gal\\\/wp-content\\\/uploads\\\/2024\\\/07\\\/emiliano_lage.png\",\"keywords\":[\"Concello de Fornelos de Montes\"],\"articleSection\":[\"Redondela\"],\"inLanguage\":\"gl-ES\",\"potentialAction\":[{\"@type\":\"CommentAction\",\"name\":\"Comment\",\"target\":[\"https:\\\/\\\/www.anovapeneira.gal\\\/index.php\\\/2025\\\/07\\\/11\\\/emiliano-lage-alcalde-de-fornelos-de-montes-8\\\/#respond\"]}]},{\"@type\":\"WebPage\",\"@id\":\"https:\\\/\\\/www.anovapeneira.gal\\\/index.php\\\/2025\\\/07\\\/11\\\/emiliano-lage-alcalde-de-fornelos-de-montes-8\\\/\",\"url\":\"https:\\\/\\\/www.anovapeneira.gal\\\/index.php\\\/2025\\\/07\\\/11\\\/emiliano-lage-alcalde-de-fornelos-de-montes-8\\\/\",\"name\":\"Emiliano Lage, alcalde de Fornelos de Montes -\",\"isPartOf\":{\"@id\":\"https:\\\/\\\/www.anovapeneira.gal\\\/#website\"},\"primaryImageOfPage\":{\"@id\":\"https:\\\/\\\/www.anovapeneira.gal\\\/index.php\\\/2025\\\/07\\\/11\\\/emiliano-lage-alcalde-de-fornelos-de-montes-8\\\/#primaryimage\"},\"image\":{\"@id\":\"https:\\\/\\\/www.anovapeneira.gal\\\/index.php\\\/2025\\\/07\\\/11\\\/emiliano-lage-alcalde-de-fornelos-de-montes-8\\\/#primaryimage\"},\"thumbnailUrl\":\"https:\\\/\\\/www.anovapeneira.gal\\\/wp-content\\\/uploads\\\/2024\\\/07\\\/emiliano_lage.png\",\"datePublished\":\"2025-07-11T08:00:21+00:00\",\"breadcrumb\":{\"@id\":\"https:\\\/\\\/www.anovapeneira.gal\\\/index.php\\\/2025\\\/07\\\/11\\\/emiliano-lage-alcalde-de-fornelos-de-montes-8\\\/#breadcrumb\"},\"inLanguage\":\"gl-ES\",\"potentialAction\":[{\"@type\":\"ReadAction\",\"target\":[\"https:\\\/\\\/www.anovapeneira.gal\\\/index.php\\\/2025\\\/07\\\/11\\\/emiliano-lage-alcalde-de-fornelos-de-montes-8\\\/\"]}]},{\"@type\":\"ImageObject\",\"inLanguage\":\"gl-ES\",\"@id\":\"https:\\\/\\\/www.anovapeneira.gal\\\/index.php\\\/2025\\\/07\\\/11\\\/emiliano-lage-alcalde-de-fornelos-de-montes-8\\\/#primaryimage\",\"url\":\"https:\\\/\\\/www.anovapeneira.gal\\\/wp-content\\\/uploads\\\/2024\\\/07\\\/emiliano_lage.png\",\"contentUrl\":\"https:\\\/\\\/www.anovapeneira.gal\\\/wp-content\\\/uploads\\\/2024\\\/07\\\/emiliano_lage.png\",\"width\":720,\"height\":432,\"caption\":\"Emiliano Lage\"},{\"@type\":\"BreadcrumbList\",\"@id\":\"https:\\\/\\\/www.anovapeneira.gal\\\/index.php\\\/2025\\\/07\\\/11\\\/emiliano-lage-alcalde-de-fornelos-de-montes-8\\\/#breadcrumb\",\"itemListElement\":[{\"@type\":\"ListItem\",\"position\":1,\"name\":\"Portada\",\"item\":\"https:\\\/\\\/www.anovapeneira.gal\\\/\"},{\"@type\":\"ListItem\",\"position\":2,\"name\":\"Emiliano Lage, alcalde de Fornelos de Montes\"}]},{\"@type\":\"WebSite\",\"@id\":\"https:\\\/\\\/www.anovapeneira.gal\\\/#website\",\"url\":\"https:\\\/\\\/www.anovapeneira.gal\\\/\",\"name\":\"\",\"description\":\"Xornal galego de informaci\u00f3n xeral Publicaci\u00f3n mensual de novas de Galicia e en especial dos Concellos da sur da provincia de Pontevedra.\",\"publisher\":{\"@id\":\"https:\\\/\\\/www.anovapeneira.gal\\\/#organization\"},\"potentialAction\":[{\"@type\":\"SearchAction\",\"target\":{\"@type\":\"EntryPoint\",\"urlTemplate\":\"https:\\\/\\\/www.anovapeneira.gal\\\/?s={search_term_string}\"},\"query-input\":{\"@type\":\"PropertyValueSpecification\",\"valueRequired\":true,\"valueName\":\"search_term_string\"}}],\"inLanguage\":\"gl-ES\"},{\"@type\":\"Organization\",\"@id\":\"https:\\\/\\\/www.anovapeneira.gal\\\/#organization\",\"name\":\"A Nova Peneira\",\"url\":\"https:\\\/\\\/www.anovapeneira.gal\\\/\",\"logo\":{\"@type\":\"ImageObject\",\"inLanguage\":\"gl-ES\",\"@id\":\"https:\\\/\\\/www.anovapeneira.gal\\\/#\\\/schema\\\/logo\\\/image\\\/\",\"url\":\"http:\\\/\\\/www.anovapeneira.gal\\\/wp-content\\\/uploads\\\/2019\\\/06\\\/logo_a_nova_peneira_portal_web.png\",\"contentUrl\":\"http:\\\/\\\/www.anovapeneira.gal\\\/wp-content\\\/uploads\\\/2019\\\/06\\\/logo_a_nova_peneira_portal_web.png\",\"width\":300,\"height\":100,\"caption\":\"A Nova Peneira\"},\"image\":{\"@id\":\"https:\\\/\\\/www.anovapeneira.gal\\\/#\\\/schema\\\/logo\\\/image\\\/\"},\"sameAs\":[\"https:\\\/\\\/www.facebook.com\\\/anovapeneira\",\"https:\\\/\\\/x.com\\\/APeneira\"]},{\"@type\":\"Person\",\"@id\":\"https:\\\/\\\/www.anovapeneira.gal\\\/#\\\/schema\\\/person\\\/424dfe65e3070fd8a44d22d2c088762a\",\"name\":\"Tino Lago\",\"image\":{\"@type\":\"ImageObject\",\"inLanguage\":\"gl-ES\",\"@id\":\"https:\\\/\\\/secure.gravatar.com\\\/avatar\\\/b3df6a06e44bab3111583b90f0f33a0379ee5e3d22cbadd232d39f21c30c62be?s=96&d=mm&r=g\",\"url\":\"https:\\\/\\\/secure.gravatar.com\\\/avatar\\\/b3df6a06e44bab3111583b90f0f33a0379ee5e3d22cbadd232d39f21c30c62be?s=96&d=mm&r=g\",\"contentUrl\":\"https:\\\/\\\/secure.gravatar.com\\\/avatar\\\/b3df6a06e44bab3111583b90f0f33a0379ee5e3d22cbadd232d39f21c30c62be?s=96&d=mm&r=g\",\"caption\":\"Tino Lago\"},\"sameAs\":[\"http:\\\/\\\/www.anovapeneira.gal\"],\"url\":\"https:\\\/\\\/www.anovapeneira.gal\\\/index.php\\\/author\\\/director\\\/\"}]}<\/script>\n<!-- \/ Yoast SEO plugin. -->","yoast_head_json":{"title":"Emiliano Lage, alcalde de Fornelos de Montes -","robots":{"index":"index","follow":"follow","max-snippet":"max-snippet:-1","max-image-preview":"max-image-preview:large","max-video-preview":"max-video-preview:-1"},"canonical":"https:\/\/www.anovapeneira.gal\/index.php\/2025\/07\/11\/emiliano-lage-alcalde-de-fornelos-de-montes-8\/","og_locale":"gl_ES","og_type":"article","og_title":"Emiliano Lage, alcalde de Fornelos de Montes -","og_description":"Fornelos de Montes \u00e9 un concello fermoso. Rep\u00edtoo moitas veces, e f\u00e1goo as\u00ed porque \u00e9 moitas veces verdade [...]","og_url":"https:\/\/www.anovapeneira.gal\/index.php\/2025\/07\/11\/emiliano-lage-alcalde-de-fornelos-de-montes-8\/","article_publisher":"https:\/\/www.facebook.com\/anovapeneira","article_published_time":"2025-07-11T08:00:21+00:00","og_image":[{"width":720,"height":432,"url":"https:\/\/www.anovapeneira.gal\/wp-content\/uploads\/2024\/07\/emiliano_lage.png","type":"image\/png"}],"author":"Tino Lago","twitter_card":"summary_large_image","twitter_creator":"@APeneira","twitter_site":"@APeneira","twitter_misc":{"Escrito por":"Tino Lago","Tempo de lectura":"3 minutos"},"schema":{"@context":"https:\/\/schema.org","@graph":[{"@type":"Article","@id":"https:\/\/www.anovapeneira.gal\/index.php\/2025\/07\/11\/emiliano-lage-alcalde-de-fornelos-de-montes-8\/#article","isPartOf":{"@id":"https:\/\/www.anovapeneira.gal\/index.php\/2025\/07\/11\/emiliano-lage-alcalde-de-fornelos-de-montes-8\/"},"author":{"name":"Tino Lago","@id":"https:\/\/www.anovapeneira.gal\/#\/schema\/person\/424dfe65e3070fd8a44d22d2c088762a"},"headline":"Emiliano Lage, alcalde de Fornelos de Montes","datePublished":"2025-07-11T08:00:21+00:00","mainEntityOfPage":{"@id":"https:\/\/www.anovapeneira.gal\/index.php\/2025\/07\/11\/emiliano-lage-alcalde-de-fornelos-de-montes-8\/"},"wordCount":1197,"commentCount":0,"publisher":{"@id":"https:\/\/www.anovapeneira.gal\/#organization"},"image":{"@id":"https:\/\/www.anovapeneira.gal\/index.php\/2025\/07\/11\/emiliano-lage-alcalde-de-fornelos-de-montes-8\/#primaryimage"},"thumbnailUrl":"https:\/\/www.anovapeneira.gal\/wp-content\/uploads\/2024\/07\/emiliano_lage.png","keywords":["Concello de Fornelos de Montes"],"articleSection":["Redondela"],"inLanguage":"gl-ES","potentialAction":[{"@type":"CommentAction","name":"Comment","target":["https:\/\/www.anovapeneira.gal\/index.php\/2025\/07\/11\/emiliano-lage-alcalde-de-fornelos-de-montes-8\/#respond"]}]},{"@type":"WebPage","@id":"https:\/\/www.anovapeneira.gal\/index.php\/2025\/07\/11\/emiliano-lage-alcalde-de-fornelos-de-montes-8\/","url":"https:\/\/www.anovapeneira.gal\/index.php\/2025\/07\/11\/emiliano-lage-alcalde-de-fornelos-de-montes-8\/","name":"Emiliano Lage, alcalde de Fornelos de Montes -","isPartOf":{"@id":"https:\/\/www.anovapeneira.gal\/#website"},"primaryImageOfPage":{"@id":"https:\/\/www.anovapeneira.gal\/index.php\/2025\/07\/11\/emiliano-lage-alcalde-de-fornelos-de-montes-8\/#primaryimage"},"image":{"@id":"https:\/\/www.anovapeneira.gal\/index.php\/2025\/07\/11\/emiliano-lage-alcalde-de-fornelos-de-montes-8\/#primaryimage"},"thumbnailUrl":"https:\/\/www.anovapeneira.gal\/wp-content\/uploads\/2024\/07\/emiliano_lage.png","datePublished":"2025-07-11T08:00:21+00:00","breadcrumb":{"@id":"https:\/\/www.anovapeneira.gal\/index.php\/2025\/07\/11\/emiliano-lage-alcalde-de-fornelos-de-montes-8\/#breadcrumb"},"inLanguage":"gl-ES","potentialAction":[{"@type":"ReadAction","target":["https:\/\/www.anovapeneira.gal\/index.php\/2025\/07\/11\/emiliano-lage-alcalde-de-fornelos-de-montes-8\/"]}]},{"@type":"ImageObject","inLanguage":"gl-ES","@id":"https:\/\/www.anovapeneira.gal\/index.php\/2025\/07\/11\/emiliano-lage-alcalde-de-fornelos-de-montes-8\/#primaryimage","url":"https:\/\/www.anovapeneira.gal\/wp-content\/uploads\/2024\/07\/emiliano_lage.png","contentUrl":"https:\/\/www.anovapeneira.gal\/wp-content\/uploads\/2024\/07\/emiliano_lage.png","width":720,"height":432,"caption":"Emiliano Lage"},{"@type":"BreadcrumbList","@id":"https:\/\/www.anovapeneira.gal\/index.php\/2025\/07\/11\/emiliano-lage-alcalde-de-fornelos-de-montes-8\/#breadcrumb","itemListElement":[{"@type":"ListItem","position":1,"name":"Portada","item":"https:\/\/www.anovapeneira.gal\/"},{"@type":"ListItem","position":2,"name":"Emiliano Lage, alcalde de Fornelos de Montes"}]},{"@type":"WebSite","@id":"https:\/\/www.anovapeneira.gal\/#website","url":"https:\/\/www.anovapeneira.gal\/","name":"","description":"Xornal galego de informaci\u00f3n xeral Publicaci\u00f3n mensual de novas de Galicia e en especial dos Concellos da sur da provincia de Pontevedra.","publisher":{"@id":"https:\/\/www.anovapeneira.gal\/#organization"},"potentialAction":[{"@type":"SearchAction","target":{"@type":"EntryPoint","urlTemplate":"https:\/\/www.anovapeneira.gal\/?s={search_term_string}"},"query-input":{"@type":"PropertyValueSpecification","valueRequired":true,"valueName":"search_term_string"}}],"inLanguage":"gl-ES"},{"@type":"Organization","@id":"https:\/\/www.anovapeneira.gal\/#organization","name":"A Nova Peneira","url":"https:\/\/www.anovapeneira.gal\/","logo":{"@type":"ImageObject","inLanguage":"gl-ES","@id":"https:\/\/www.anovapeneira.gal\/#\/schema\/logo\/image\/","url":"http:\/\/www.anovapeneira.gal\/wp-content\/uploads\/2019\/06\/logo_a_nova_peneira_portal_web.png","contentUrl":"http:\/\/www.anovapeneira.gal\/wp-content\/uploads\/2019\/06\/logo_a_nova_peneira_portal_web.png","width":300,"height":100,"caption":"A Nova Peneira"},"image":{"@id":"https:\/\/www.anovapeneira.gal\/#\/schema\/logo\/image\/"},"sameAs":["https:\/\/www.facebook.com\/anovapeneira","https:\/\/x.com\/APeneira"]},{"@type":"Person","@id":"https:\/\/www.anovapeneira.gal\/#\/schema\/person\/424dfe65e3070fd8a44d22d2c088762a","name":"Tino Lago","image":{"@type":"ImageObject","inLanguage":"gl-ES","@id":"https:\/\/secure.gravatar.com\/avatar\/b3df6a06e44bab3111583b90f0f33a0379ee5e3d22cbadd232d39f21c30c62be?s=96&d=mm&r=g","url":"https:\/\/secure.gravatar.com\/avatar\/b3df6a06e44bab3111583b90f0f33a0379ee5e3d22cbadd232d39f21c30c62be?s=96&d=mm&r=g","contentUrl":"https:\/\/secure.gravatar.com\/avatar\/b3df6a06e44bab3111583b90f0f33a0379ee5e3d22cbadd232d39f21c30c62be?s=96&d=mm&r=g","caption":"Tino Lago"},"sameAs":["http:\/\/www.anovapeneira.gal"],"url":"https:\/\/www.anovapeneira.gal\/index.php\/author\/director\/"}]}},"jetpack_featured_media_url":"https:\/\/www.anovapeneira.gal\/wp-content\/uploads\/2024\/07\/emiliano_lage.png","_links":{"self":[{"href":"https:\/\/www.anovapeneira.gal\/index.php\/wp-json\/wp\/v2\/posts\/14182","targetHints":{"allow":["GET"]}}],"collection":[{"href":"https:\/\/www.anovapeneira.gal\/index.php\/wp-json\/wp\/v2\/posts"}],"about":[{"href":"https:\/\/www.anovapeneira.gal\/index.php\/wp-json\/wp\/v2\/types\/post"}],"author":[{"embeddable":true,"href":"https:\/\/www.anovapeneira.gal\/index.php\/wp-json\/wp\/v2\/users\/2"}],"replies":[{"embeddable":true,"href":"https:\/\/www.anovapeneira.gal\/index.php\/wp-json\/wp\/v2\/comments?post=14182"}],"version-history":[{"count":3,"href":"https:\/\/www.anovapeneira.gal\/index.php\/wp-json\/wp\/v2\/posts\/14182\/revisions"}],"predecessor-version":[{"id":14189,"href":"https:\/\/www.anovapeneira.gal\/index.php\/wp-json\/wp\/v2\/posts\/14182\/revisions\/14189"}],"wp:featuredmedia":[{"embeddable":true,"href":"https:\/\/www.anovapeneira.gal\/index.php\/wp-json\/wp\/v2\/media\/12068"}],"wp:attachment":[{"href":"https:\/\/www.anovapeneira.gal\/index.php\/wp-json\/wp\/v2\/media?parent=14182"}],"wp:term":[{"taxonomy":"category","embeddable":true,"href":"https:\/\/www.anovapeneira.gal\/index.php\/wp-json\/wp\/v2\/categories?post=14182"},{"taxonomy":"post_tag","embeddable":true,"href":"https:\/\/www.anovapeneira.gal\/index.php\/wp-json\/wp\/v2\/tags?post=14182"}],"curies":[{"name":"wp","href":"https:\/\/api.w.org\/{rel}","templated":true}]}}