{"id":14193,"date":"2025-07-14T10:00:47","date_gmt":"2025-07-14T08:00:47","guid":{"rendered":"https:\/\/www.anovapeneira.gal\/?p=14193"},"modified":"2025-07-06T08:59:28","modified_gmt":"2025-07-06T06:59:28","slug":"novo-impulso-do-imperialismo-e-da-otan","status":"publish","type":"post","link":"https:\/\/www.anovapeneira.gal\/index.php\/2025\/07\/14\/novo-impulso-do-imperialismo-e-da-otan\/","title":{"rendered":"Novo impulso do imperialismo e da OTAN"},"content":{"rendered":"\n<p>Pronto van a facer dous anos dende que se iniciou a operaci\u00f3n de exterminio de Israel en Gaza sen que ning\u00fan pa\u00eds da chamada comunidade internacional, ag\u00e1s Iemen, faga nada ao respecto. O Goberno de Espa\u00f1a reco\u00f1eceu o Estado Palestino, pero iso non deixa de ser m\u00e1is que un xesto simb\u00f3lico, xa que a pesares diso as relaci\u00f3ns co estado de Israel contin\u00faan con total normalidade. O feito de que un contrato de compra de armas a ese estado fora anulado non \u00e9 practicamente relevante cando se mante\u00f1en polo menos outros corenta ademais de todo tipo de relaci\u00f3ns comerciais e diplom\u00e1ticas con ese estado criminal.<\/p>\n\n\n\n<p>Co xenocidio do Pobo Palestino a\u00ednda en marcha, Israel intensificou o seu expansionismo ocupando territorio de Siria despois de promover xunto cos Estados Unidos e a UE, de xeito m\u00e1is ou menos directo, a ca\u00edda do goberno de Al Assad para po\u00f1er no seu lugar aos antigos terroristas do ISIS, agora reconvertidos en &#8220;dignos mandatarios&#8221;. E por se fora pouco, levou adiante unha nova agresi\u00f3n a Ir\u00e1n co bombardeo dese pa\u00eds nun suposto &#8220;ataque preventivo&#8221;. Logo da resposta firme por parte de Ir\u00e1n, Estados Unidos bombardeou d\u00faas centrais nucleares Iran\u00edes, agravando a\u00ednda m\u00e1is a situaci\u00f3n en Oriente Medio e demostrando que os gobernos de Estados Unidos e Israel son un perigo para a seguridade dos pobos. E todo isto co seguidismo dunha UE incapaz de marcar unha pol\u00edtica internacional propia.<\/p>\n\n\n\n<p>O goberno dos Estados Unidos, exercendo de facto coma mando en xefe de todos os estados integrados na OTAN esixe aos pa\u00edses membros o aumento do gasto militar para contribu\u00edr a esa organizaci\u00f3n, algo que \u00e9 aceptado sen m\u00e1is polos membros da UE a pesares da evidencia dos p\u00e9simos resultados de seguir a pol\u00edtica marcada polos Estados Unidos: a UE, xunto con Ucra\u00edna e Rusia, \u00e9 unha das principais afectadas pola guerra entre estes dous \u00faltimos estados. Unha guerra promovida e alimentada por Estados Unidos coa colaboraci\u00f3n dunha Uni\u00f3n Europea que fai coma que ignora quen estoupou realmente o Nord Sream II.<\/p>\n\n\n\n<p>Ante estas esixencias de aumento do gasto militar, a UE non ten problema mesmo en modificar as regras fiscais para que o gasto militar non compute con respecto aos l\u00edmites de d\u00e9beda e d\u00e9ficit. Un d\u00e9ficit que si computar\u00eda se fora adicado a gasto social, demostr\u00e1ndose unha vez m\u00e1is que a finalidade da UE non \u00e9 o beneficio dos pobos que a integran se non o enriquecemento duns poucos.<\/p>\n\n\n\n<p>A este respecto a UE aprobou o plan &#8220;Rearmar Europa&#8221;, no que se contempla o aumento do gasto militar en 800.000.000.000\u20ac. Este rearme de Europa, ademais de pretender dar resposta ao espantallo da ameaza de Rusia e continuar coa destruci\u00f3n da Ucra\u00edna, xustific\u00e1base paradoxicamente nunha suposta independencia militar da UE ao mesmo tempo que se permanece nun organismo liderado polos Estados Unidos coma \u00e9 a OTAN.<\/p>\n\n\n\n<p>No que respecta ao aumento do gasto militar en Espa\u00f1a, o Goberno vendeu coma unha vitoria o feito de convencer a Mark Rutte para que Espa\u00f1a non te\u00f1a que chegar ao 5% do PIB no 2035 en gasto militar, pero o certo \u00e9 que no C\u00famio da OTAN celebrado o pasado mes de xu\u00f1o, o que manifestou Pedro S\u00e1nchez foi que &#8220;non cre\u00eda necesario ir m\u00e1is al\u00e1 do 2%&#8221; para cumprir coas obrigas coa OTAN ante uns membros esc\u00e9pticos. Isto quere dicir d\u00faas cousas: unha, que o compromiso de Espa\u00f1a coas esixencias da OTAN \u00e9 indiscutible e outra, que no caso de verse forzado, o Goberno de Espa\u00f1a subir\u00e1 o gasto en defensa o que se lle esixa. E de feito Mark Rutte xa est\u00e1 a falar do 3,5%. Non esquezamos que neste mesmo ano o Goberno de Espa\u00f1a aprobou un gasto adicional a sumar ao orzamento do 2025 de 10.471.000.000\u20ac para chegar ao 2% do gasto en defensa.<\/p>\n\n\n\n<p>Neste contexto de fortalecemento do imperialismo dos Estados Unidos e a OTAN e do belicismo da UE faise imprescindible, baixo pena de vernos arrastradas a unha espiral de aumento da violencia e recorte de dereitos sociais, o rexurdimento do movemento pola paz.<\/p>\n","protected":false},"excerpt":{"rendered":"<div class=\"mh-excerpt\"><p>Pronto van a facer dous anos dende que se iniciou a operaci\u00f3n de exterminio de Israel en Gaza sen que ning\u00fan pa\u00eds da chamada comunidade internacional, ag\u00e1s Iemen, faga nada ao respecto. O Goberno de Espa\u00f1a reco\u00f1eceu o Estado Palestino, pero iso non deixa de ser m\u00e1is que un xesto simb\u00f3lico, xa que a pesares diso as relaci\u00f3ns co estado de Israel contin\u00faan con total normalidade <a class=\"mh-excerpt-more\" href=\"https:\/\/www.anovapeneira.gal\/index.php\/2025\/07\/14\/novo-impulso-do-imperialismo-e-da-otan\/\" title=\"Novo impulso do imperialismo e da OTAN\">[&#8230;]<\/a><\/p>\n<\/div>","protected":false},"author":12,"featured_media":13858,"comment_status":"open","ping_status":"open","sticky":false,"template":"","format":"standard","meta":{"_exactmetrics_skip_tracking":false,"_exactmetrics_sitenote_active":false,"_exactmetrics_sitenote_note":"","_exactmetrics_sitenote_category":0,"footnotes":""},"categories":[7],"tags":[1457],"class_list":{"0":"post-14193","1":"post","2":"type-post","3":"status-publish","4":"format-standard","5":"has-post-thumbnail","7":"category-artigos-de-opinion","8":"tag-otan"},"yoast_head":"<!-- This site is optimized with the Yoast SEO plugin v27.4 - https:\/\/yoast.com\/product\/yoast-seo-wordpress\/ -->\n<title>Novo impulso do imperialismo e da OTAN -<\/title>\n<meta name=\"robots\" content=\"index, follow, max-snippet:-1, max-image-preview:large, max-video-preview:-1\" \/>\n<link rel=\"canonical\" href=\"https:\/\/www.anovapeneira.gal\/index.php\/2025\/07\/14\/novo-impulso-do-imperialismo-e-da-otan\/\" \/>\n<meta property=\"og:locale\" content=\"gl_ES\" \/>\n<meta property=\"og:type\" content=\"article\" \/>\n<meta property=\"og:title\" content=\"Novo impulso do imperialismo e da OTAN -\" \/>\n<meta property=\"og:description\" content=\"Pronto van a facer dous anos dende que se iniciou a operaci\u00f3n de exterminio de Israel en Gaza sen que ning\u00fan pa\u00eds da chamada comunidade internacional, ag\u00e1s Iemen, faga nada ao respecto. O Goberno de Espa\u00f1a reco\u00f1eceu o Estado Palestino, pero iso non deixa de ser m\u00e1is que un xesto simb\u00f3lico, xa que a pesares diso as relaci\u00f3ns co estado de Israel contin\u00faan con total normalidade [...]\" \/>\n<meta property=\"og:url\" content=\"https:\/\/www.anovapeneira.gal\/index.php\/2025\/07\/14\/novo-impulso-do-imperialismo-e-da-otan\/\" \/>\n<meta property=\"article:publisher\" content=\"https:\/\/www.facebook.com\/anovapeneira\" \/>\n<meta property=\"article:published_time\" content=\"2025-07-14T08:00:47+00:00\" \/>\n<meta property=\"og:image\" content=\"https:\/\/www.anovapeneira.gal\/wp-content\/uploads\/2025\/05\/lino_Costas.jpg\" \/>\n\t<meta property=\"og:image:width\" content=\"720\" \/>\n\t<meta property=\"og:image:height\" content=\"432\" \/>\n\t<meta property=\"og:image:type\" content=\"image\/jpeg\" \/>\n<meta name=\"author\" content=\"Artigos Opini\u00f3n\" \/>\n<meta name=\"twitter:card\" content=\"summary_large_image\" \/>\n<meta name=\"twitter:creator\" content=\"@APeneira\" \/>\n<meta name=\"twitter:site\" content=\"@APeneira\" \/>\n<meta name=\"twitter:label1\" content=\"Escrito por\" \/>\n\t<meta name=\"twitter:data1\" content=\"Artigos Opini\u00f3n\" \/>\n\t<meta name=\"twitter:label2\" content=\"Tempo de lectura\" \/>\n\t<meta name=\"twitter:data2\" content=\"4 minutos\" \/>\n<script type=\"application\/ld+json\" class=\"yoast-schema-graph\">{\"@context\":\"https:\\\/\\\/schema.org\",\"@graph\":[{\"@type\":\"Article\",\"@id\":\"https:\\\/\\\/www.anovapeneira.gal\\\/index.php\\\/2025\\\/07\\\/14\\\/novo-impulso-do-imperialismo-e-da-otan\\\/#article\",\"isPartOf\":{\"@id\":\"https:\\\/\\\/www.anovapeneira.gal\\\/index.php\\\/2025\\\/07\\\/14\\\/novo-impulso-do-imperialismo-e-da-otan\\\/\"},\"author\":{\"name\":\"Artigos Opini\u00f3n\",\"@id\":\"https:\\\/\\\/www.anovapeneira.gal\\\/#\\\/schema\\\/person\\\/f18a4feb302e8f20bcef4490b5b60bb3\"},\"headline\":\"Novo impulso do imperialismo e da OTAN\",\"datePublished\":\"2025-07-14T08:00:47+00:00\",\"mainEntityOfPage\":{\"@id\":\"https:\\\/\\\/www.anovapeneira.gal\\\/index.php\\\/2025\\\/07\\\/14\\\/novo-impulso-do-imperialismo-e-da-otan\\\/\"},\"wordCount\":724,\"commentCount\":0,\"publisher\":{\"@id\":\"https:\\\/\\\/www.anovapeneira.gal\\\/#organization\"},\"image\":{\"@id\":\"https:\\\/\\\/www.anovapeneira.gal\\\/index.php\\\/2025\\\/07\\\/14\\\/novo-impulso-do-imperialismo-e-da-otan\\\/#primaryimage\"},\"thumbnailUrl\":\"https:\\\/\\\/www.anovapeneira.gal\\\/wp-content\\\/uploads\\\/2025\\\/05\\\/lino_Costas.jpg\",\"keywords\":[\"OTAN\"],\"articleSection\":[\"Artigos de opini\u00f3n\"],\"inLanguage\":\"gl-ES\",\"potentialAction\":[{\"@type\":\"CommentAction\",\"name\":\"Comment\",\"target\":[\"https:\\\/\\\/www.anovapeneira.gal\\\/index.php\\\/2025\\\/07\\\/14\\\/novo-impulso-do-imperialismo-e-da-otan\\\/#respond\"]}]},{\"@type\":\"WebPage\",\"@id\":\"https:\\\/\\\/www.anovapeneira.gal\\\/index.php\\\/2025\\\/07\\\/14\\\/novo-impulso-do-imperialismo-e-da-otan\\\/\",\"url\":\"https:\\\/\\\/www.anovapeneira.gal\\\/index.php\\\/2025\\\/07\\\/14\\\/novo-impulso-do-imperialismo-e-da-otan\\\/\",\"name\":\"Novo impulso do imperialismo e da OTAN -\",\"isPartOf\":{\"@id\":\"https:\\\/\\\/www.anovapeneira.gal\\\/#website\"},\"primaryImageOfPage\":{\"@id\":\"https:\\\/\\\/www.anovapeneira.gal\\\/index.php\\\/2025\\\/07\\\/14\\\/novo-impulso-do-imperialismo-e-da-otan\\\/#primaryimage\"},\"image\":{\"@id\":\"https:\\\/\\\/www.anovapeneira.gal\\\/index.php\\\/2025\\\/07\\\/14\\\/novo-impulso-do-imperialismo-e-da-otan\\\/#primaryimage\"},\"thumbnailUrl\":\"https:\\\/\\\/www.anovapeneira.gal\\\/wp-content\\\/uploads\\\/2025\\\/05\\\/lino_Costas.jpg\",\"datePublished\":\"2025-07-14T08:00:47+00:00\",\"breadcrumb\":{\"@id\":\"https:\\\/\\\/www.anovapeneira.gal\\\/index.php\\\/2025\\\/07\\\/14\\\/novo-impulso-do-imperialismo-e-da-otan\\\/#breadcrumb\"},\"inLanguage\":\"gl-ES\",\"potentialAction\":[{\"@type\":\"ReadAction\",\"target\":[\"https:\\\/\\\/www.anovapeneira.gal\\\/index.php\\\/2025\\\/07\\\/14\\\/novo-impulso-do-imperialismo-e-da-otan\\\/\"]}]},{\"@type\":\"ImageObject\",\"inLanguage\":\"gl-ES\",\"@id\":\"https:\\\/\\\/www.anovapeneira.gal\\\/index.php\\\/2025\\\/07\\\/14\\\/novo-impulso-do-imperialismo-e-da-otan\\\/#primaryimage\",\"url\":\"https:\\\/\\\/www.anovapeneira.gal\\\/wp-content\\\/uploads\\\/2025\\\/05\\\/lino_Costas.jpg\",\"contentUrl\":\"https:\\\/\\\/www.anovapeneira.gal\\\/wp-content\\\/uploads\\\/2025\\\/05\\\/lino_Costas.jpg\",\"width\":720,\"height\":432,\"caption\":\"Lino Costas\"},{\"@type\":\"BreadcrumbList\",\"@id\":\"https:\\\/\\\/www.anovapeneira.gal\\\/index.php\\\/2025\\\/07\\\/14\\\/novo-impulso-do-imperialismo-e-da-otan\\\/#breadcrumb\",\"itemListElement\":[{\"@type\":\"ListItem\",\"position\":1,\"name\":\"Portada\",\"item\":\"https:\\\/\\\/www.anovapeneira.gal\\\/\"},{\"@type\":\"ListItem\",\"position\":2,\"name\":\"Novo impulso do imperialismo e da OTAN\"}]},{\"@type\":\"WebSite\",\"@id\":\"https:\\\/\\\/www.anovapeneira.gal\\\/#website\",\"url\":\"https:\\\/\\\/www.anovapeneira.gal\\\/\",\"name\":\"\",\"description\":\"Xornal galego de informaci\u00f3n xeral Publicaci\u00f3n mensual de novas de Galicia e en especial dos Concellos da sur da provincia de Pontevedra.\",\"publisher\":{\"@id\":\"https:\\\/\\\/www.anovapeneira.gal\\\/#organization\"},\"potentialAction\":[{\"@type\":\"SearchAction\",\"target\":{\"@type\":\"EntryPoint\",\"urlTemplate\":\"https:\\\/\\\/www.anovapeneira.gal\\\/?s={search_term_string}\"},\"query-input\":{\"@type\":\"PropertyValueSpecification\",\"valueRequired\":true,\"valueName\":\"search_term_string\"}}],\"inLanguage\":\"gl-ES\"},{\"@type\":\"Organization\",\"@id\":\"https:\\\/\\\/www.anovapeneira.gal\\\/#organization\",\"name\":\"A Nova Peneira\",\"url\":\"https:\\\/\\\/www.anovapeneira.gal\\\/\",\"logo\":{\"@type\":\"ImageObject\",\"inLanguage\":\"gl-ES\",\"@id\":\"https:\\\/\\\/www.anovapeneira.gal\\\/#\\\/schema\\\/logo\\\/image\\\/\",\"url\":\"http:\\\/\\\/www.anovapeneira.gal\\\/wp-content\\\/uploads\\\/2019\\\/06\\\/logo_a_nova_peneira_portal_web.png\",\"contentUrl\":\"http:\\\/\\\/www.anovapeneira.gal\\\/wp-content\\\/uploads\\\/2019\\\/06\\\/logo_a_nova_peneira_portal_web.png\",\"width\":300,\"height\":100,\"caption\":\"A Nova Peneira\"},\"image\":{\"@id\":\"https:\\\/\\\/www.anovapeneira.gal\\\/#\\\/schema\\\/logo\\\/image\\\/\"},\"sameAs\":[\"https:\\\/\\\/www.facebook.com\\\/anovapeneira\",\"https:\\\/\\\/x.com\\\/APeneira\"]},{\"@type\":\"Person\",\"@id\":\"https:\\\/\\\/www.anovapeneira.gal\\\/#\\\/schema\\\/person\\\/f18a4feb302e8f20bcef4490b5b60bb3\",\"name\":\"Artigos Opini\u00f3n\",\"image\":{\"@type\":\"ImageObject\",\"inLanguage\":\"gl-ES\",\"@id\":\"https:\\\/\\\/secure.gravatar.com\\\/avatar\\\/072844300f4881150aee2da4278f7a65d16eefdf8262eb67085f1e702de2b959?s=96&d=mm&r=g\",\"url\":\"https:\\\/\\\/secure.gravatar.com\\\/avatar\\\/072844300f4881150aee2da4278f7a65d16eefdf8262eb67085f1e702de2b959?s=96&d=mm&r=g\",\"contentUrl\":\"https:\\\/\\\/secure.gravatar.com\\\/avatar\\\/072844300f4881150aee2da4278f7a65d16eefdf8262eb67085f1e702de2b959?s=96&d=mm&r=g\",\"caption\":\"Artigos Opini\u00f3n\"},\"sameAs\":[\"http:\\\/\\\/anovapeneira.gal\"],\"url\":\"https:\\\/\\\/www.anovapeneira.gal\\\/index.php\\\/author\\\/artigosopinion\\\/\"}]}<\/script>\n<!-- \/ Yoast SEO plugin. -->","yoast_head_json":{"title":"Novo impulso do imperialismo e da OTAN -","robots":{"index":"index","follow":"follow","max-snippet":"max-snippet:-1","max-image-preview":"max-image-preview:large","max-video-preview":"max-video-preview:-1"},"canonical":"https:\/\/www.anovapeneira.gal\/index.php\/2025\/07\/14\/novo-impulso-do-imperialismo-e-da-otan\/","og_locale":"gl_ES","og_type":"article","og_title":"Novo impulso do imperialismo e da OTAN -","og_description":"Pronto van a facer dous anos dende que se iniciou a operaci\u00f3n de exterminio de Israel en Gaza sen que ning\u00fan pa\u00eds da chamada comunidade internacional, ag\u00e1s Iemen, faga nada ao respecto. O Goberno de Espa\u00f1a reco\u00f1eceu o Estado Palestino, pero iso non deixa de ser m\u00e1is que un xesto simb\u00f3lico, xa que a pesares diso as relaci\u00f3ns co estado de Israel contin\u00faan con total normalidade [...]","og_url":"https:\/\/www.anovapeneira.gal\/index.php\/2025\/07\/14\/novo-impulso-do-imperialismo-e-da-otan\/","article_publisher":"https:\/\/www.facebook.com\/anovapeneira","article_published_time":"2025-07-14T08:00:47+00:00","og_image":[{"width":720,"height":432,"url":"https:\/\/www.anovapeneira.gal\/wp-content\/uploads\/2025\/05\/lino_Costas.jpg","type":"image\/jpeg"}],"author":"Artigos Opini\u00f3n","twitter_card":"summary_large_image","twitter_creator":"@APeneira","twitter_site":"@APeneira","twitter_misc":{"Escrito por":"Artigos Opini\u00f3n","Tempo de lectura":"4 minutos"},"schema":{"@context":"https:\/\/schema.org","@graph":[{"@type":"Article","@id":"https:\/\/www.anovapeneira.gal\/index.php\/2025\/07\/14\/novo-impulso-do-imperialismo-e-da-otan\/#article","isPartOf":{"@id":"https:\/\/www.anovapeneira.gal\/index.php\/2025\/07\/14\/novo-impulso-do-imperialismo-e-da-otan\/"},"author":{"name":"Artigos Opini\u00f3n","@id":"https:\/\/www.anovapeneira.gal\/#\/schema\/person\/f18a4feb302e8f20bcef4490b5b60bb3"},"headline":"Novo impulso do imperialismo e da OTAN","datePublished":"2025-07-14T08:00:47+00:00","mainEntityOfPage":{"@id":"https:\/\/www.anovapeneira.gal\/index.php\/2025\/07\/14\/novo-impulso-do-imperialismo-e-da-otan\/"},"wordCount":724,"commentCount":0,"publisher":{"@id":"https:\/\/www.anovapeneira.gal\/#organization"},"image":{"@id":"https:\/\/www.anovapeneira.gal\/index.php\/2025\/07\/14\/novo-impulso-do-imperialismo-e-da-otan\/#primaryimage"},"thumbnailUrl":"https:\/\/www.anovapeneira.gal\/wp-content\/uploads\/2025\/05\/lino_Costas.jpg","keywords":["OTAN"],"articleSection":["Artigos de opini\u00f3n"],"inLanguage":"gl-ES","potentialAction":[{"@type":"CommentAction","name":"Comment","target":["https:\/\/www.anovapeneira.gal\/index.php\/2025\/07\/14\/novo-impulso-do-imperialismo-e-da-otan\/#respond"]}]},{"@type":"WebPage","@id":"https:\/\/www.anovapeneira.gal\/index.php\/2025\/07\/14\/novo-impulso-do-imperialismo-e-da-otan\/","url":"https:\/\/www.anovapeneira.gal\/index.php\/2025\/07\/14\/novo-impulso-do-imperialismo-e-da-otan\/","name":"Novo impulso do imperialismo e da OTAN -","isPartOf":{"@id":"https:\/\/www.anovapeneira.gal\/#website"},"primaryImageOfPage":{"@id":"https:\/\/www.anovapeneira.gal\/index.php\/2025\/07\/14\/novo-impulso-do-imperialismo-e-da-otan\/#primaryimage"},"image":{"@id":"https:\/\/www.anovapeneira.gal\/index.php\/2025\/07\/14\/novo-impulso-do-imperialismo-e-da-otan\/#primaryimage"},"thumbnailUrl":"https:\/\/www.anovapeneira.gal\/wp-content\/uploads\/2025\/05\/lino_Costas.jpg","datePublished":"2025-07-14T08:00:47+00:00","breadcrumb":{"@id":"https:\/\/www.anovapeneira.gal\/index.php\/2025\/07\/14\/novo-impulso-do-imperialismo-e-da-otan\/#breadcrumb"},"inLanguage":"gl-ES","potentialAction":[{"@type":"ReadAction","target":["https:\/\/www.anovapeneira.gal\/index.php\/2025\/07\/14\/novo-impulso-do-imperialismo-e-da-otan\/"]}]},{"@type":"ImageObject","inLanguage":"gl-ES","@id":"https:\/\/www.anovapeneira.gal\/index.php\/2025\/07\/14\/novo-impulso-do-imperialismo-e-da-otan\/#primaryimage","url":"https:\/\/www.anovapeneira.gal\/wp-content\/uploads\/2025\/05\/lino_Costas.jpg","contentUrl":"https:\/\/www.anovapeneira.gal\/wp-content\/uploads\/2025\/05\/lino_Costas.jpg","width":720,"height":432,"caption":"Lino Costas"},{"@type":"BreadcrumbList","@id":"https:\/\/www.anovapeneira.gal\/index.php\/2025\/07\/14\/novo-impulso-do-imperialismo-e-da-otan\/#breadcrumb","itemListElement":[{"@type":"ListItem","position":1,"name":"Portada","item":"https:\/\/www.anovapeneira.gal\/"},{"@type":"ListItem","position":2,"name":"Novo impulso do imperialismo e da OTAN"}]},{"@type":"WebSite","@id":"https:\/\/www.anovapeneira.gal\/#website","url":"https:\/\/www.anovapeneira.gal\/","name":"","description":"Xornal galego de informaci\u00f3n xeral Publicaci\u00f3n mensual de novas de Galicia e en especial dos Concellos da sur da provincia de Pontevedra.","publisher":{"@id":"https:\/\/www.anovapeneira.gal\/#organization"},"potentialAction":[{"@type":"SearchAction","target":{"@type":"EntryPoint","urlTemplate":"https:\/\/www.anovapeneira.gal\/?s={search_term_string}"},"query-input":{"@type":"PropertyValueSpecification","valueRequired":true,"valueName":"search_term_string"}}],"inLanguage":"gl-ES"},{"@type":"Organization","@id":"https:\/\/www.anovapeneira.gal\/#organization","name":"A Nova Peneira","url":"https:\/\/www.anovapeneira.gal\/","logo":{"@type":"ImageObject","inLanguage":"gl-ES","@id":"https:\/\/www.anovapeneira.gal\/#\/schema\/logo\/image\/","url":"http:\/\/www.anovapeneira.gal\/wp-content\/uploads\/2019\/06\/logo_a_nova_peneira_portal_web.png","contentUrl":"http:\/\/www.anovapeneira.gal\/wp-content\/uploads\/2019\/06\/logo_a_nova_peneira_portal_web.png","width":300,"height":100,"caption":"A Nova Peneira"},"image":{"@id":"https:\/\/www.anovapeneira.gal\/#\/schema\/logo\/image\/"},"sameAs":["https:\/\/www.facebook.com\/anovapeneira","https:\/\/x.com\/APeneira"]},{"@type":"Person","@id":"https:\/\/www.anovapeneira.gal\/#\/schema\/person\/f18a4feb302e8f20bcef4490b5b60bb3","name":"Artigos Opini\u00f3n","image":{"@type":"ImageObject","inLanguage":"gl-ES","@id":"https:\/\/secure.gravatar.com\/avatar\/072844300f4881150aee2da4278f7a65d16eefdf8262eb67085f1e702de2b959?s=96&d=mm&r=g","url":"https:\/\/secure.gravatar.com\/avatar\/072844300f4881150aee2da4278f7a65d16eefdf8262eb67085f1e702de2b959?s=96&d=mm&r=g","contentUrl":"https:\/\/secure.gravatar.com\/avatar\/072844300f4881150aee2da4278f7a65d16eefdf8262eb67085f1e702de2b959?s=96&d=mm&r=g","caption":"Artigos Opini\u00f3n"},"sameAs":["http:\/\/anovapeneira.gal"],"url":"https:\/\/www.anovapeneira.gal\/index.php\/author\/artigosopinion\/"}]}},"jetpack_featured_media_url":"https:\/\/www.anovapeneira.gal\/wp-content\/uploads\/2025\/05\/lino_Costas.jpg","_links":{"self":[{"href":"https:\/\/www.anovapeneira.gal\/index.php\/wp-json\/wp\/v2\/posts\/14193","targetHints":{"allow":["GET"]}}],"collection":[{"href":"https:\/\/www.anovapeneira.gal\/index.php\/wp-json\/wp\/v2\/posts"}],"about":[{"href":"https:\/\/www.anovapeneira.gal\/index.php\/wp-json\/wp\/v2\/types\/post"}],"author":[{"embeddable":true,"href":"https:\/\/www.anovapeneira.gal\/index.php\/wp-json\/wp\/v2\/users\/12"}],"replies":[{"embeddable":true,"href":"https:\/\/www.anovapeneira.gal\/index.php\/wp-json\/wp\/v2\/comments?post=14193"}],"version-history":[{"count":1,"href":"https:\/\/www.anovapeneira.gal\/index.php\/wp-json\/wp\/v2\/posts\/14193\/revisions"}],"predecessor-version":[{"id":14194,"href":"https:\/\/www.anovapeneira.gal\/index.php\/wp-json\/wp\/v2\/posts\/14193\/revisions\/14194"}],"wp:featuredmedia":[{"embeddable":true,"href":"https:\/\/www.anovapeneira.gal\/index.php\/wp-json\/wp\/v2\/media\/13858"}],"wp:attachment":[{"href":"https:\/\/www.anovapeneira.gal\/index.php\/wp-json\/wp\/v2\/media?parent=14193"}],"wp:term":[{"taxonomy":"category","embeddable":true,"href":"https:\/\/www.anovapeneira.gal\/index.php\/wp-json\/wp\/v2\/categories?post=14193"},{"taxonomy":"post_tag","embeddable":true,"href":"https:\/\/www.anovapeneira.gal\/index.php\/wp-json\/wp\/v2\/tags?post=14193"}],"curies":[{"name":"wp","href":"https:\/\/api.w.org\/{rel}","templated":true}]}}