{"id":14199,"date":"2025-07-15T10:00:30","date_gmt":"2025-07-15T08:00:30","guid":{"rendered":"https:\/\/www.anovapeneira.gal\/?p=14199"},"modified":"2025-07-14T22:36:11","modified_gmt":"2025-07-14T20:36:11","slug":"o-bng-de-gondomar-reitera-a-demanda-da-aprobacion-dunha-ordenanza-de-control-da-contaminacion-acustica","status":"publish","type":"post","link":"https:\/\/www.anovapeneira.gal\/index.php\/2025\/07\/15\/o-bng-de-gondomar-reitera-a-demanda-da-aprobacion-dunha-ordenanza-de-control-da-contaminacion-acustica\/","title":{"rendered":"O BNG de Gondomar reitera a demanda da aprobaci\u00f3n dunha ordenanza de control da contaminaci\u00f3n ac\u00fastica"},"content":{"rendered":"\n<p><strong>Manuela Rodr\u00edguez<\/strong>: \u201cAs festas, as actividades de lecer e a calidade ac\u00fastica poden e deben ser compat\u00edbeis. Conseguir esa convivencia \u00e9 tarefa de todas e acadala non s\u00f3 favorecer\u00e1 as persoas -e animais- con maior sensibilidade ao exceso de ru\u00eddo, sen\u00f3n que reportar\u00e1 un beneficio colectivo\u201d<\/p>\n\n\n\n<p><strong>GONDOMAR, 07 de xullo de 2024<\/strong><\/p>\n\n\n\n<p>O Bloque Nacionalista Galego de Gondomar reitera ao goberno municipal a demanda da aprobaci\u00f3n dunha ordenanza para o control da contaminaci\u00f3n ac\u00fastica. A organizaci\u00f3n nacionalista xa realizou esta proposta o ver\u00e1n pasado logo das protestas da veci\u00f1anza polo excesivo ru\u00eddo dalgunhas festas e concertos.<\/p>\n\n\n\n<p>\u201cAs festas, as actividades de lecer, e a calidade ac\u00fastica poden e deben compat\u00edbeis. Conseguir esa convivencia \u00e9 tarefa de todas e non s\u00f3 favorecer\u00e1 as persoas -e animais- con maior sensibilidade ao exceso de ru\u00eddo, sen\u00f3n que reportar\u00e1 un beneficio colectivo\u201d, traslada a portavoz municipal do BNG, Manuela Rodr\u00edguez.<\/p>\n\n\n\n<p>Desde o BNG reclaman \u00e1 que a administraci\u00f3n local debe retomar a \u2018sensibilidade clara\u2019 de cara aos colectivos de persoas con hipersensibilidade ac\u00fastica e auditiva da que o Alcalde fixo alarde en anos pasados. \u201cDe nada serve promover este tipo de comportamentos respectuosos s\u00f3 de xeito puntual ou facer acenos parciais\u201d, traslada Rodr\u00edguez. \u201cEsa iniciativa deber\u00eda manterse no tempo, ano tras ano, e facela extensiva a todas as festas e eventos que se celebran no conxunto do concello, sexan ou non promovidos polo Concello\u201d.<\/p>\n\n\n\n<p>\u201cDebemos coidar sempre da sa\u00fade auditiva e emocional da veci\u00f1anza en xeral e dos colectivos m\u00e1is sens\u00edbeis aos ru\u00eddos, en particular; tam\u00e9n do seu descanso\u201d, indica a nacionalista. Por esa raz\u00f3n, o BNG anuncia que promover\u00e1 novamente a aprobaci\u00f3n dunha ordenanza municipal que vele por esa calidade ac\u00fastica todo o ano, en todo o concello e en todos os eventos. Unha normativa que incl\u00faa medidas como a eliminaci\u00f3n das bombas de palenque, a reduci\u00f3n do volume en verbenas e concertos, ou o apagado de luces e m\u00fasica das atracci\u00f3ns das festas en determinadas franxas horarias.<\/p>\n\n\n\n<p>Mentres non se poida po\u00f1er en pr\u00e1ctica esa ordenanza, o BNG solicitar\u00e1 do goberno local que, ademais de asegurar o cumprimento da lexislaci\u00f3n vixente en materia de ru\u00eddos, act\u00fae con \u201crespecto ac\u00fastico\u201d e que traslade as recomendaci\u00f3ns pertinentes \u00e1s entidades promotoras de eventos no conxunto do concello.<\/p>\n","protected":false},"excerpt":{"rendered":"<div class=\"mh-excerpt\"><p>Manuela Rodr\u00edguez: \u201cAs festas, as actividades de lecer e a calidade ac\u00fastica poden e deben ser compat\u00edbeis. Conseguir esa convivencia \u00e9 tarefa de todas e acadala non s\u00f3 favorecer\u00e1 as persoas -e animais- con maior sensibilidade ao exceso de ru\u00eddo, sen\u00f3n que reportar\u00e1 un beneficio colectivo\u201d <a class=\"mh-excerpt-more\" href=\"https:\/\/www.anovapeneira.gal\/index.php\/2025\/07\/15\/o-bng-de-gondomar-reitera-a-demanda-da-aprobacion-dunha-ordenanza-de-control-da-contaminacion-acustica\/\" title=\"O BNG de Gondomar reitera a demanda da aprobaci\u00f3n dunha ordenanza de control da contaminaci\u00f3n ac\u00fastica\">[&#8230;]<\/a><\/p>\n<\/div>","protected":false},"author":3,"featured_media":8265,"comment_status":"open","ping_status":"open","sticky":false,"template":"","format":"standard","meta":{"_exactmetrics_skip_tracking":false,"_exactmetrics_sitenote_active":false,"_exactmetrics_sitenote_note":"","_exactmetrics_sitenote_category":0,"footnotes":""},"categories":[20],"tags":[149],"class_list":{"0":"post-14199","1":"post","2":"type-post","3":"status-publish","4":"format-standard","5":"has-post-thumbnail","7":"category-val-minor","8":"tag-concello-de-gondomar"},"yoast_head":"<!-- This site is optimized with the Yoast SEO plugin v27.4 - https:\/\/yoast.com\/product\/yoast-seo-wordpress\/ -->\n<title>O BNG de Gondomar reitera a demanda da aprobaci\u00f3n dunha ordenanza de control da contaminaci\u00f3n ac\u00fastica -<\/title>\n<meta name=\"robots\" content=\"index, follow, max-snippet:-1, max-image-preview:large, max-video-preview:-1\" \/>\n<link rel=\"canonical\" href=\"https:\/\/www.anovapeneira.gal\/index.php\/2025\/07\/15\/o-bng-de-gondomar-reitera-a-demanda-da-aprobacion-dunha-ordenanza-de-control-da-contaminacion-acustica\/\" \/>\n<meta property=\"og:locale\" content=\"gl_ES\" \/>\n<meta property=\"og:type\" content=\"article\" \/>\n<meta property=\"og:title\" content=\"O BNG de Gondomar reitera a demanda da aprobaci\u00f3n dunha ordenanza de control da contaminaci\u00f3n ac\u00fastica -\" \/>\n<meta property=\"og:description\" content=\"Manuela Rodr\u00edguez: \u201cAs festas, as actividades de lecer e a calidade ac\u00fastica poden e deben ser compat\u00edbeis. Conseguir esa convivencia \u00e9 tarefa de todas e acadala non s\u00f3 favorecer\u00e1 as persoas -e animais- con maior sensibilidade ao exceso de ru\u00eddo, sen\u00f3n que reportar\u00e1 un beneficio colectivo\u201d [...]\" \/>\n<meta property=\"og:url\" content=\"https:\/\/www.anovapeneira.gal\/index.php\/2025\/07\/15\/o-bng-de-gondomar-reitera-a-demanda-da-aprobacion-dunha-ordenanza-de-control-da-contaminacion-acustica\/\" \/>\n<meta property=\"article:publisher\" content=\"https:\/\/www.facebook.com\/anovapeneira\" \/>\n<meta property=\"article:published_time\" content=\"2025-07-15T08:00:30+00:00\" \/>\n<meta property=\"og:image\" content=\"https:\/\/www.anovapeneira.gal\/wp-content\/uploads\/2022\/09\/bng_logo_2.jpg\" \/>\n\t<meta property=\"og:image:width\" content=\"720\" \/>\n\t<meta property=\"og:image:height\" content=\"432\" \/>\n\t<meta property=\"og:image:type\" content=\"image\/jpeg\" \/>\n<meta name=\"author\" content=\"Redacci\u00f3n A Nova Peneira\" \/>\n<meta name=\"twitter:card\" content=\"summary_large_image\" \/>\n<meta name=\"twitter:creator\" content=\"@APeneira\" \/>\n<meta name=\"twitter:site\" content=\"@APeneira\" \/>\n<meta name=\"twitter:label1\" content=\"Escrito por\" \/>\n\t<meta name=\"twitter:data1\" content=\"Redacci\u00f3n A Nova Peneira\" \/>\n\t<meta name=\"twitter:label2\" content=\"Tempo de lectura\" \/>\n\t<meta name=\"twitter:data2\" content=\"3 minutos\" \/>\n<script type=\"application\/ld+json\" class=\"yoast-schema-graph\">{\"@context\":\"https:\\\/\\\/schema.org\",\"@graph\":[{\"@type\":\"Article\",\"@id\":\"https:\\\/\\\/www.anovapeneira.gal\\\/index.php\\\/2025\\\/07\\\/15\\\/o-bng-de-gondomar-reitera-a-demanda-da-aprobacion-dunha-ordenanza-de-control-da-contaminacion-acustica\\\/#article\",\"isPartOf\":{\"@id\":\"https:\\\/\\\/www.anovapeneira.gal\\\/index.php\\\/2025\\\/07\\\/15\\\/o-bng-de-gondomar-reitera-a-demanda-da-aprobacion-dunha-ordenanza-de-control-da-contaminacion-acustica\\\/\"},\"author\":{\"name\":\"Redacci\u00f3n A Nova Peneira\",\"@id\":\"https:\\\/\\\/www.anovapeneira.gal\\\/#\\\/schema\\\/person\\\/b93e3f8932e3f8da96334607eb6ac6aa\"},\"headline\":\"O BNG de Gondomar reitera a demanda da aprobaci\u00f3n dunha ordenanza de control da contaminaci\u00f3n ac\u00fastica\",\"datePublished\":\"2025-07-15T08:00:30+00:00\",\"mainEntityOfPage\":{\"@id\":\"https:\\\/\\\/www.anovapeneira.gal\\\/index.php\\\/2025\\\/07\\\/15\\\/o-bng-de-gondomar-reitera-a-demanda-da-aprobacion-dunha-ordenanza-de-control-da-contaminacion-acustica\\\/\"},\"wordCount\":428,\"commentCount\":0,\"publisher\":{\"@id\":\"https:\\\/\\\/www.anovapeneira.gal\\\/#organization\"},\"image\":{\"@id\":\"https:\\\/\\\/www.anovapeneira.gal\\\/index.php\\\/2025\\\/07\\\/15\\\/o-bng-de-gondomar-reitera-a-demanda-da-aprobacion-dunha-ordenanza-de-control-da-contaminacion-acustica\\\/#primaryimage\"},\"thumbnailUrl\":\"https:\\\/\\\/www.anovapeneira.gal\\\/wp-content\\\/uploads\\\/2022\\\/09\\\/bng_logo_2.jpg\",\"keywords\":[\"Concello de Gondomar\"],\"articleSection\":[\"Val Mi\u00f1or\"],\"inLanguage\":\"gl-ES\",\"potentialAction\":[{\"@type\":\"CommentAction\",\"name\":\"Comment\",\"target\":[\"https:\\\/\\\/www.anovapeneira.gal\\\/index.php\\\/2025\\\/07\\\/15\\\/o-bng-de-gondomar-reitera-a-demanda-da-aprobacion-dunha-ordenanza-de-control-da-contaminacion-acustica\\\/#respond\"]}]},{\"@type\":\"WebPage\",\"@id\":\"https:\\\/\\\/www.anovapeneira.gal\\\/index.php\\\/2025\\\/07\\\/15\\\/o-bng-de-gondomar-reitera-a-demanda-da-aprobacion-dunha-ordenanza-de-control-da-contaminacion-acustica\\\/\",\"url\":\"https:\\\/\\\/www.anovapeneira.gal\\\/index.php\\\/2025\\\/07\\\/15\\\/o-bng-de-gondomar-reitera-a-demanda-da-aprobacion-dunha-ordenanza-de-control-da-contaminacion-acustica\\\/\",\"name\":\"O BNG de Gondomar reitera a demanda da aprobaci\u00f3n dunha ordenanza de control da contaminaci\u00f3n ac\u00fastica -\",\"isPartOf\":{\"@id\":\"https:\\\/\\\/www.anovapeneira.gal\\\/#website\"},\"primaryImageOfPage\":{\"@id\":\"https:\\\/\\\/www.anovapeneira.gal\\\/index.php\\\/2025\\\/07\\\/15\\\/o-bng-de-gondomar-reitera-a-demanda-da-aprobacion-dunha-ordenanza-de-control-da-contaminacion-acustica\\\/#primaryimage\"},\"image\":{\"@id\":\"https:\\\/\\\/www.anovapeneira.gal\\\/index.php\\\/2025\\\/07\\\/15\\\/o-bng-de-gondomar-reitera-a-demanda-da-aprobacion-dunha-ordenanza-de-control-da-contaminacion-acustica\\\/#primaryimage\"},\"thumbnailUrl\":\"https:\\\/\\\/www.anovapeneira.gal\\\/wp-content\\\/uploads\\\/2022\\\/09\\\/bng_logo_2.jpg\",\"datePublished\":\"2025-07-15T08:00:30+00:00\",\"breadcrumb\":{\"@id\":\"https:\\\/\\\/www.anovapeneira.gal\\\/index.php\\\/2025\\\/07\\\/15\\\/o-bng-de-gondomar-reitera-a-demanda-da-aprobacion-dunha-ordenanza-de-control-da-contaminacion-acustica\\\/#breadcrumb\"},\"inLanguage\":\"gl-ES\",\"potentialAction\":[{\"@type\":\"ReadAction\",\"target\":[\"https:\\\/\\\/www.anovapeneira.gal\\\/index.php\\\/2025\\\/07\\\/15\\\/o-bng-de-gondomar-reitera-a-demanda-da-aprobacion-dunha-ordenanza-de-control-da-contaminacion-acustica\\\/\"]}]},{\"@type\":\"ImageObject\",\"inLanguage\":\"gl-ES\",\"@id\":\"https:\\\/\\\/www.anovapeneira.gal\\\/index.php\\\/2025\\\/07\\\/15\\\/o-bng-de-gondomar-reitera-a-demanda-da-aprobacion-dunha-ordenanza-de-control-da-contaminacion-acustica\\\/#primaryimage\",\"url\":\"https:\\\/\\\/www.anovapeneira.gal\\\/wp-content\\\/uploads\\\/2022\\\/09\\\/bng_logo_2.jpg\",\"contentUrl\":\"https:\\\/\\\/www.anovapeneira.gal\\\/wp-content\\\/uploads\\\/2022\\\/09\\\/bng_logo_2.jpg\",\"width\":720,\"height\":432,\"caption\":\"Logotipo BNG\"},{\"@type\":\"BreadcrumbList\",\"@id\":\"https:\\\/\\\/www.anovapeneira.gal\\\/index.php\\\/2025\\\/07\\\/15\\\/o-bng-de-gondomar-reitera-a-demanda-da-aprobacion-dunha-ordenanza-de-control-da-contaminacion-acustica\\\/#breadcrumb\",\"itemListElement\":[{\"@type\":\"ListItem\",\"position\":1,\"name\":\"Portada\",\"item\":\"https:\\\/\\\/www.anovapeneira.gal\\\/\"},{\"@type\":\"ListItem\",\"position\":2,\"name\":\"O BNG de Gondomar reitera a demanda da aprobaci\u00f3n dunha ordenanza de control da contaminaci\u00f3n ac\u00fastica\"}]},{\"@type\":\"WebSite\",\"@id\":\"https:\\\/\\\/www.anovapeneira.gal\\\/#website\",\"url\":\"https:\\\/\\\/www.anovapeneira.gal\\\/\",\"name\":\"\",\"description\":\"Xornal galego de informaci\u00f3n xeral Publicaci\u00f3n mensual de novas de Galicia e en especial dos Concellos da sur da provincia de Pontevedra.\",\"publisher\":{\"@id\":\"https:\\\/\\\/www.anovapeneira.gal\\\/#organization\"},\"potentialAction\":[{\"@type\":\"SearchAction\",\"target\":{\"@type\":\"EntryPoint\",\"urlTemplate\":\"https:\\\/\\\/www.anovapeneira.gal\\\/?s={search_term_string}\"},\"query-input\":{\"@type\":\"PropertyValueSpecification\",\"valueRequired\":true,\"valueName\":\"search_term_string\"}}],\"inLanguage\":\"gl-ES\"},{\"@type\":\"Organization\",\"@id\":\"https:\\\/\\\/www.anovapeneira.gal\\\/#organization\",\"name\":\"A Nova Peneira\",\"url\":\"https:\\\/\\\/www.anovapeneira.gal\\\/\",\"logo\":{\"@type\":\"ImageObject\",\"inLanguage\":\"gl-ES\",\"@id\":\"https:\\\/\\\/www.anovapeneira.gal\\\/#\\\/schema\\\/logo\\\/image\\\/\",\"url\":\"http:\\\/\\\/www.anovapeneira.gal\\\/wp-content\\\/uploads\\\/2019\\\/06\\\/logo_a_nova_peneira_portal_web.png\",\"contentUrl\":\"http:\\\/\\\/www.anovapeneira.gal\\\/wp-content\\\/uploads\\\/2019\\\/06\\\/logo_a_nova_peneira_portal_web.png\",\"width\":300,\"height\":100,\"caption\":\"A Nova Peneira\"},\"image\":{\"@id\":\"https:\\\/\\\/www.anovapeneira.gal\\\/#\\\/schema\\\/logo\\\/image\\\/\"},\"sameAs\":[\"https:\\\/\\\/www.facebook.com\\\/anovapeneira\",\"https:\\\/\\\/x.com\\\/APeneira\"]},{\"@type\":\"Person\",\"@id\":\"https:\\\/\\\/www.anovapeneira.gal\\\/#\\\/schema\\\/person\\\/b93e3f8932e3f8da96334607eb6ac6aa\",\"name\":\"Redacci\u00f3n A Nova Peneira\",\"image\":{\"@type\":\"ImageObject\",\"inLanguage\":\"gl-ES\",\"@id\":\"https:\\\/\\\/secure.gravatar.com\\\/avatar\\\/c052a2551a06e23fac63626232eaa90abd78dbcf1700fc46a2b2c89fd27b735f?s=96&d=mm&r=g\",\"url\":\"https:\\\/\\\/secure.gravatar.com\\\/avatar\\\/c052a2551a06e23fac63626232eaa90abd78dbcf1700fc46a2b2c89fd27b735f?s=96&d=mm&r=g\",\"contentUrl\":\"https:\\\/\\\/secure.gravatar.com\\\/avatar\\\/c052a2551a06e23fac63626232eaa90abd78dbcf1700fc46a2b2c89fd27b735f?s=96&d=mm&r=g\",\"caption\":\"Redacci\u00f3n A Nova Peneira\"},\"sameAs\":[\"http:\\\/\\\/www.anovapeneira.gal\\\/\"],\"url\":\"https:\\\/\\\/www.anovapeneira.gal\\\/index.php\\\/author\\\/redactor\\\/\"}]}<\/script>\n<!-- \/ Yoast SEO plugin. -->","yoast_head_json":{"title":"O BNG de Gondomar reitera a demanda da aprobaci\u00f3n dunha ordenanza de control da contaminaci\u00f3n ac\u00fastica -","robots":{"index":"index","follow":"follow","max-snippet":"max-snippet:-1","max-image-preview":"max-image-preview:large","max-video-preview":"max-video-preview:-1"},"canonical":"https:\/\/www.anovapeneira.gal\/index.php\/2025\/07\/15\/o-bng-de-gondomar-reitera-a-demanda-da-aprobacion-dunha-ordenanza-de-control-da-contaminacion-acustica\/","og_locale":"gl_ES","og_type":"article","og_title":"O BNG de Gondomar reitera a demanda da aprobaci\u00f3n dunha ordenanza de control da contaminaci\u00f3n ac\u00fastica -","og_description":"Manuela Rodr\u00edguez: \u201cAs festas, as actividades de lecer e a calidade ac\u00fastica poden e deben ser compat\u00edbeis. Conseguir esa convivencia \u00e9 tarefa de todas e acadala non s\u00f3 favorecer\u00e1 as persoas -e animais- con maior sensibilidade ao exceso de ru\u00eddo, sen\u00f3n que reportar\u00e1 un beneficio colectivo\u201d [...]","og_url":"https:\/\/www.anovapeneira.gal\/index.php\/2025\/07\/15\/o-bng-de-gondomar-reitera-a-demanda-da-aprobacion-dunha-ordenanza-de-control-da-contaminacion-acustica\/","article_publisher":"https:\/\/www.facebook.com\/anovapeneira","article_published_time":"2025-07-15T08:00:30+00:00","og_image":[{"width":720,"height":432,"url":"https:\/\/www.anovapeneira.gal\/wp-content\/uploads\/2022\/09\/bng_logo_2.jpg","type":"image\/jpeg"}],"author":"Redacci\u00f3n A Nova Peneira","twitter_card":"summary_large_image","twitter_creator":"@APeneira","twitter_site":"@APeneira","twitter_misc":{"Escrito por":"Redacci\u00f3n A Nova Peneira","Tempo de lectura":"3 minutos"},"schema":{"@context":"https:\/\/schema.org","@graph":[{"@type":"Article","@id":"https:\/\/www.anovapeneira.gal\/index.php\/2025\/07\/15\/o-bng-de-gondomar-reitera-a-demanda-da-aprobacion-dunha-ordenanza-de-control-da-contaminacion-acustica\/#article","isPartOf":{"@id":"https:\/\/www.anovapeneira.gal\/index.php\/2025\/07\/15\/o-bng-de-gondomar-reitera-a-demanda-da-aprobacion-dunha-ordenanza-de-control-da-contaminacion-acustica\/"},"author":{"name":"Redacci\u00f3n A Nova Peneira","@id":"https:\/\/www.anovapeneira.gal\/#\/schema\/person\/b93e3f8932e3f8da96334607eb6ac6aa"},"headline":"O BNG de Gondomar reitera a demanda da aprobaci\u00f3n dunha ordenanza de control da contaminaci\u00f3n ac\u00fastica","datePublished":"2025-07-15T08:00:30+00:00","mainEntityOfPage":{"@id":"https:\/\/www.anovapeneira.gal\/index.php\/2025\/07\/15\/o-bng-de-gondomar-reitera-a-demanda-da-aprobacion-dunha-ordenanza-de-control-da-contaminacion-acustica\/"},"wordCount":428,"commentCount":0,"publisher":{"@id":"https:\/\/www.anovapeneira.gal\/#organization"},"image":{"@id":"https:\/\/www.anovapeneira.gal\/index.php\/2025\/07\/15\/o-bng-de-gondomar-reitera-a-demanda-da-aprobacion-dunha-ordenanza-de-control-da-contaminacion-acustica\/#primaryimage"},"thumbnailUrl":"https:\/\/www.anovapeneira.gal\/wp-content\/uploads\/2022\/09\/bng_logo_2.jpg","keywords":["Concello de Gondomar"],"articleSection":["Val Mi\u00f1or"],"inLanguage":"gl-ES","potentialAction":[{"@type":"CommentAction","name":"Comment","target":["https:\/\/www.anovapeneira.gal\/index.php\/2025\/07\/15\/o-bng-de-gondomar-reitera-a-demanda-da-aprobacion-dunha-ordenanza-de-control-da-contaminacion-acustica\/#respond"]}]},{"@type":"WebPage","@id":"https:\/\/www.anovapeneira.gal\/index.php\/2025\/07\/15\/o-bng-de-gondomar-reitera-a-demanda-da-aprobacion-dunha-ordenanza-de-control-da-contaminacion-acustica\/","url":"https:\/\/www.anovapeneira.gal\/index.php\/2025\/07\/15\/o-bng-de-gondomar-reitera-a-demanda-da-aprobacion-dunha-ordenanza-de-control-da-contaminacion-acustica\/","name":"O BNG de Gondomar reitera a demanda da aprobaci\u00f3n dunha ordenanza de control da contaminaci\u00f3n ac\u00fastica -","isPartOf":{"@id":"https:\/\/www.anovapeneira.gal\/#website"},"primaryImageOfPage":{"@id":"https:\/\/www.anovapeneira.gal\/index.php\/2025\/07\/15\/o-bng-de-gondomar-reitera-a-demanda-da-aprobacion-dunha-ordenanza-de-control-da-contaminacion-acustica\/#primaryimage"},"image":{"@id":"https:\/\/www.anovapeneira.gal\/index.php\/2025\/07\/15\/o-bng-de-gondomar-reitera-a-demanda-da-aprobacion-dunha-ordenanza-de-control-da-contaminacion-acustica\/#primaryimage"},"thumbnailUrl":"https:\/\/www.anovapeneira.gal\/wp-content\/uploads\/2022\/09\/bng_logo_2.jpg","datePublished":"2025-07-15T08:00:30+00:00","breadcrumb":{"@id":"https:\/\/www.anovapeneira.gal\/index.php\/2025\/07\/15\/o-bng-de-gondomar-reitera-a-demanda-da-aprobacion-dunha-ordenanza-de-control-da-contaminacion-acustica\/#breadcrumb"},"inLanguage":"gl-ES","potentialAction":[{"@type":"ReadAction","target":["https:\/\/www.anovapeneira.gal\/index.php\/2025\/07\/15\/o-bng-de-gondomar-reitera-a-demanda-da-aprobacion-dunha-ordenanza-de-control-da-contaminacion-acustica\/"]}]},{"@type":"ImageObject","inLanguage":"gl-ES","@id":"https:\/\/www.anovapeneira.gal\/index.php\/2025\/07\/15\/o-bng-de-gondomar-reitera-a-demanda-da-aprobacion-dunha-ordenanza-de-control-da-contaminacion-acustica\/#primaryimage","url":"https:\/\/www.anovapeneira.gal\/wp-content\/uploads\/2022\/09\/bng_logo_2.jpg","contentUrl":"https:\/\/www.anovapeneira.gal\/wp-content\/uploads\/2022\/09\/bng_logo_2.jpg","width":720,"height":432,"caption":"Logotipo BNG"},{"@type":"BreadcrumbList","@id":"https:\/\/www.anovapeneira.gal\/index.php\/2025\/07\/15\/o-bng-de-gondomar-reitera-a-demanda-da-aprobacion-dunha-ordenanza-de-control-da-contaminacion-acustica\/#breadcrumb","itemListElement":[{"@type":"ListItem","position":1,"name":"Portada","item":"https:\/\/www.anovapeneira.gal\/"},{"@type":"ListItem","position":2,"name":"O BNG de Gondomar reitera a demanda da aprobaci\u00f3n dunha ordenanza de control da contaminaci\u00f3n ac\u00fastica"}]},{"@type":"WebSite","@id":"https:\/\/www.anovapeneira.gal\/#website","url":"https:\/\/www.anovapeneira.gal\/","name":"","description":"Xornal galego de informaci\u00f3n xeral Publicaci\u00f3n mensual de novas de Galicia e en especial dos Concellos da sur da provincia de Pontevedra.","publisher":{"@id":"https:\/\/www.anovapeneira.gal\/#organization"},"potentialAction":[{"@type":"SearchAction","target":{"@type":"EntryPoint","urlTemplate":"https:\/\/www.anovapeneira.gal\/?s={search_term_string}"},"query-input":{"@type":"PropertyValueSpecification","valueRequired":true,"valueName":"search_term_string"}}],"inLanguage":"gl-ES"},{"@type":"Organization","@id":"https:\/\/www.anovapeneira.gal\/#organization","name":"A Nova Peneira","url":"https:\/\/www.anovapeneira.gal\/","logo":{"@type":"ImageObject","inLanguage":"gl-ES","@id":"https:\/\/www.anovapeneira.gal\/#\/schema\/logo\/image\/","url":"http:\/\/www.anovapeneira.gal\/wp-content\/uploads\/2019\/06\/logo_a_nova_peneira_portal_web.png","contentUrl":"http:\/\/www.anovapeneira.gal\/wp-content\/uploads\/2019\/06\/logo_a_nova_peneira_portal_web.png","width":300,"height":100,"caption":"A Nova Peneira"},"image":{"@id":"https:\/\/www.anovapeneira.gal\/#\/schema\/logo\/image\/"},"sameAs":["https:\/\/www.facebook.com\/anovapeneira","https:\/\/x.com\/APeneira"]},{"@type":"Person","@id":"https:\/\/www.anovapeneira.gal\/#\/schema\/person\/b93e3f8932e3f8da96334607eb6ac6aa","name":"Redacci\u00f3n A Nova Peneira","image":{"@type":"ImageObject","inLanguage":"gl-ES","@id":"https:\/\/secure.gravatar.com\/avatar\/c052a2551a06e23fac63626232eaa90abd78dbcf1700fc46a2b2c89fd27b735f?s=96&d=mm&r=g","url":"https:\/\/secure.gravatar.com\/avatar\/c052a2551a06e23fac63626232eaa90abd78dbcf1700fc46a2b2c89fd27b735f?s=96&d=mm&r=g","contentUrl":"https:\/\/secure.gravatar.com\/avatar\/c052a2551a06e23fac63626232eaa90abd78dbcf1700fc46a2b2c89fd27b735f?s=96&d=mm&r=g","caption":"Redacci\u00f3n A Nova Peneira"},"sameAs":["http:\/\/www.anovapeneira.gal\/"],"url":"https:\/\/www.anovapeneira.gal\/index.php\/author\/redactor\/"}]}},"jetpack_featured_media_url":"https:\/\/www.anovapeneira.gal\/wp-content\/uploads\/2022\/09\/bng_logo_2.jpg","_links":{"self":[{"href":"https:\/\/www.anovapeneira.gal\/index.php\/wp-json\/wp\/v2\/posts\/14199","targetHints":{"allow":["GET"]}}],"collection":[{"href":"https:\/\/www.anovapeneira.gal\/index.php\/wp-json\/wp\/v2\/posts"}],"about":[{"href":"https:\/\/www.anovapeneira.gal\/index.php\/wp-json\/wp\/v2\/types\/post"}],"author":[{"embeddable":true,"href":"https:\/\/www.anovapeneira.gal\/index.php\/wp-json\/wp\/v2\/users\/3"}],"replies":[{"embeddable":true,"href":"https:\/\/www.anovapeneira.gal\/index.php\/wp-json\/wp\/v2\/comments?post=14199"}],"version-history":[{"count":1,"href":"https:\/\/www.anovapeneira.gal\/index.php\/wp-json\/wp\/v2\/posts\/14199\/revisions"}],"predecessor-version":[{"id":14200,"href":"https:\/\/www.anovapeneira.gal\/index.php\/wp-json\/wp\/v2\/posts\/14199\/revisions\/14200"}],"wp:featuredmedia":[{"embeddable":true,"href":"https:\/\/www.anovapeneira.gal\/index.php\/wp-json\/wp\/v2\/media\/8265"}],"wp:attachment":[{"href":"https:\/\/www.anovapeneira.gal\/index.php\/wp-json\/wp\/v2\/media?parent=14199"}],"wp:term":[{"taxonomy":"category","embeddable":true,"href":"https:\/\/www.anovapeneira.gal\/index.php\/wp-json\/wp\/v2\/categories?post=14199"},{"taxonomy":"post_tag","embeddable":true,"href":"https:\/\/www.anovapeneira.gal\/index.php\/wp-json\/wp\/v2\/tags?post=14199"}],"curies":[{"name":"wp","href":"https:\/\/api.w.org\/{rel}","templated":true}]}}