{"id":14201,"date":"2025-07-15T12:00:42","date_gmt":"2025-07-15T10:00:42","guid":{"rendered":"https:\/\/www.anovapeneira.gal\/?p=14201"},"modified":"2025-07-14T22:51:22","modified_gmt":"2025-07-14T20:51:22","slug":"a-coca-de-redondela-e-tomar-partido","status":"publish","type":"post","link":"https:\/\/www.anovapeneira.gal\/index.php\/2025\/07\/15\/a-coca-de-redondela-e-tomar-partido\/","title":{"rendered":"A COCA de Redondela e \u201c Tomar Partido\u201d"},"content":{"rendered":"\n<p><strong>O recente congreso do PP ti\u00f1a un slogan cun significante ben rechamante \u201c Toma partido por Espa\u00f1a\u201d, pero cuxo significado conceptual \u00e9 m\u00e1is ben confuso. Que significa \u201ctomar partido por Espa\u00f1a\u201d en concreto?:<\/strong><\/p>\n\n\n\n<p><strong>-Significa aprobar o uso do 5% do PIB en gasto militar?, iso \u00e9 tomar partido por Espa\u00f1a?<\/strong><\/p>\n\n\n\n<p><strong>-Significa aprobar o feixe de estupideces que ven de espetar Feijoo sobre o salario m\u00ednimo? Tomar partido por Espa\u00f1a \u00e9 deixar a milleiros de espa\u00f1ois e espa\u00f1olas cobrando 700 e pico \u20ac ao mes?<\/strong><\/p>\n\n\n\n<p><strong>-Significa estar de acordo coa burrada estratosf\u00e9rica que espetou o voceiro parlamentar do PPdeG acerca de que a poboaci\u00f3n de Gaza se multiplicou por 10 desde non sei que ano,e polo tanto o xenocidio palestino non existe?.<\/strong><\/p>\n\n\n\n<p><strong>-Significa erguernos da mesa e marcharnos se algu\u00e9n nos fala nalgunha lingua oficial do estado, que non sexa o espa\u00f1ol?<\/strong><\/p>\n\n\n\n<p><strong>-Significa flexibilizar o despido?<\/strong><\/p>\n\n\n\n<p><strong>-Significa cargarse a negociaci\u00f3n colectiva?<\/strong><\/p>\n\n\n\n<p><strong>-Significa retirar a palabra nun parlamento auton\u00f3mico aos deputados que ousen criticar o funcionamento da xustiza?<\/strong><\/p>\n\n\n\n<p><strong>-Significa \u201c La fiscal\u00eda te lo afina\u201d?<\/strong><\/p>\n\n\n\n<p><strong>-Significa negarlle a atenci\u00f3n sanitaria a 7.291 vellos moribundos porque carecen de seguro privado?.Iso \u00e9 tomar partido por Espa\u00f1a?<\/strong><\/p>\n\n\n\n<p><strong>&#8230;&#8230;&#8230;&#8230;&#8230;&#8230;<\/strong><\/p>\n\n\n\n<p><strong>E as\u00ed poderiamos seguir sen que nos chegasen todas as p\u00e1xinas da nosa publicaci\u00f3n para reflectir en realidade, fora de propaganda valeira e de slogans publicitarios baratos, o que significa en realidade tomar partido polo PP.<\/strong><\/p>\n\n\n\n<p><strong>N\u00f3s tam\u00e9n tomamos partido, claro que si, tomamos partido ata mancharnos. Pero tomamos partido por principios moi diferentes<\/strong><\/p>\n\n\n\n<p><strong>-Tomamos partido porque o pobo galego \u00e9 o \u00fanico suxeito lex\u00edtimo para decidir sobre os seus intereses.<\/strong><\/p>\n\n\n\n<p><strong>-Tomamos partido polo idioma galego.<\/strong><\/p>\n\n\n\n<p><strong>-Tomamos partido pola paz,pola igualdade, pola xustiza social e polo antiimperialismo en calquera das s\u00faas formas e expresi\u00f3ns.<\/strong><\/p>\n\n\n\n<p><strong>-Tomamos partido contra Altri porque \u00e9 unha bomba ambiental que pode destru\u00edr para sempre o futuro dunha das comarcas do noso pa\u00eds.<\/strong><\/p>\n\n\n\n<p><strong>-E tomamos partido por Palestina porque \u00e9 a \u00fanica posici\u00f3n decente posible. Cuestionar o xenocidio deste pobo espetando o aumento de poboaci\u00f3n de Gaza, \u00e9 unha barbaridade semellante a cuestionar o xenocidio do pobo xudeu a mans dos nazis porque na \u00e1rea xeogr\u00e1fica na que se ubicaba o gueto de Varsovia a poboaci\u00f3n de xudeus se multiplicou nos primeiros anos da d\u00e9cada dos 40 do s\u00e9culo pasado.<\/strong><\/p>\n\n\n\n<p><strong>A poboaci\u00f3n de Gaza, se\u00f1or Pazos, crece porque os palestinos expulsados a punta de pistola das s\u00faas casas, igual que os xudeus europeos no SXX, noutras zonas de Palestina se refuxian no que acaba sendo a maior c\u00e1rcere a ceo aberto do mundo.<\/strong><\/p>\n\n\n\n<p><strong>E como tomamos partido polo que o tomamos, e como nos manchamos da dor dos que sofren inxustiza, e como sentimos en n\u00f3s mesmos as derrotas de todos os derrotados, vela\u00ed vai a escolma de imaxes da Coca de Redondela que n\u00f3s consideramos necesario publicar.<\/strong><\/p>\n\n\n\n<figure class=\"wp-block-gallery has-nested-images columns-default is-cropped wp-block-gallery-1 is-layout-flex wp-block-gallery-is-layout-flex\">\n<figure class=\"wp-block-image size-large\"><img loading=\"lazy\" decoding=\"async\" width=\"1024\" height=\"576\" data-id=\"14209\" src=\"https:\/\/www.anovapeneira.gal\/wp-content\/uploads\/2025\/07\/COCA-5-1024x576.jpg\" alt=\"\" class=\"wp-image-14209\" srcset=\"https:\/\/www.anovapeneira.gal\/wp-content\/uploads\/2025\/07\/COCA-5-1024x576.jpg 1024w, https:\/\/www.anovapeneira.gal\/wp-content\/uploads\/2025\/07\/COCA-5-300x169.jpg 300w, https:\/\/www.anovapeneira.gal\/wp-content\/uploads\/2025\/07\/COCA-5-768x432.jpg 768w, https:\/\/www.anovapeneira.gal\/wp-content\/uploads\/2025\/07\/COCA-5-1536x864.jpg 1536w, https:\/\/www.anovapeneira.gal\/wp-content\/uploads\/2025\/07\/COCA-5-2048x1152.jpg 2048w, https:\/\/www.anovapeneira.gal\/wp-content\/uploads\/2025\/07\/COCA-5-678x381.jpg 678w\" sizes=\"auto, (max-width: 1024px) 100vw, 1024px\" \/><\/figure>\n<\/figure>\n\n\n\n<figure class=\"wp-block-gallery has-nested-images columns-default is-cropped wp-block-gallery-2 is-layout-flex wp-block-gallery-is-layout-flex\">\n<figure class=\"wp-block-image size-large\"><img loading=\"lazy\" decoding=\"async\" width=\"1024\" height=\"768\" data-id=\"14204\" src=\"https:\/\/www.anovapeneira.gal\/wp-content\/uploads\/2025\/07\/COCA-7-1024x768.jpg\" alt=\"\" class=\"wp-image-14204\" srcset=\"https:\/\/www.anovapeneira.gal\/wp-content\/uploads\/2025\/07\/COCA-7-1024x768.jpg 1024w, https:\/\/www.anovapeneira.gal\/wp-content\/uploads\/2025\/07\/COCA-7-300x225.jpg 300w, https:\/\/www.anovapeneira.gal\/wp-content\/uploads\/2025\/07\/COCA-7-768x576.jpg 768w, https:\/\/www.anovapeneira.gal\/wp-content\/uploads\/2025\/07\/COCA-7-1536x1152.jpg 1536w, https:\/\/www.anovapeneira.gal\/wp-content\/uploads\/2025\/07\/COCA-7-678x509.jpg 678w, https:\/\/www.anovapeneira.gal\/wp-content\/uploads\/2025\/07\/COCA-7-326x245.jpg 326w, https:\/\/www.anovapeneira.gal\/wp-content\/uploads\/2025\/07\/COCA-7-80x60.jpg 80w, https:\/\/www.anovapeneira.gal\/wp-content\/uploads\/2025\/07\/COCA-7.jpg 2040w\" sizes=\"auto, (max-width: 1024px) 100vw, 1024px\" \/><\/figure>\n\n\n\n<figure class=\"wp-block-image size-large\"><img loading=\"lazy\" decoding=\"async\" width=\"767\" height=\"1024\" data-id=\"14202\" src=\"https:\/\/www.anovapeneira.gal\/wp-content\/uploads\/2025\/07\/Coca-8-767x1024.jpg\" alt=\"\" class=\"wp-image-14202\" srcset=\"https:\/\/www.anovapeneira.gal\/wp-content\/uploads\/2025\/07\/Coca-8-767x1024.jpg 767w, https:\/\/www.anovapeneira.gal\/wp-content\/uploads\/2025\/07\/Coca-8-225x300.jpg 225w, https:\/\/www.anovapeneira.gal\/wp-content\/uploads\/2025\/07\/Coca-8-768x1025.jpg 768w, https:\/\/www.anovapeneira.gal\/wp-content\/uploads\/2025\/07\/Coca-8-1151x1536.jpg 1151w, https:\/\/www.anovapeneira.gal\/wp-content\/uploads\/2025\/07\/Coca-8.jpg 1298w\" sizes=\"auto, (max-width: 767px) 100vw, 767px\" \/><\/figure>\n<\/figure>\n\n\n\n<figure class=\"wp-block-gallery has-nested-images columns-default is-cropped wp-block-gallery-3 is-layout-flex wp-block-gallery-is-layout-flex\">\n<figure class=\"wp-block-image size-large\"><img loading=\"lazy\" decoding=\"async\" width=\"579\" height=\"1024\" data-id=\"14203\" src=\"https:\/\/www.anovapeneira.gal\/wp-content\/uploads\/2025\/07\/COCA-1-579x1024.jpg\" alt=\"\" class=\"wp-image-14203\" srcset=\"https:\/\/www.anovapeneira.gal\/wp-content\/uploads\/2025\/07\/COCA-1-579x1024.jpg 579w, https:\/\/www.anovapeneira.gal\/wp-content\/uploads\/2025\/07\/COCA-1-170x300.jpg 170w, https:\/\/www.anovapeneira.gal\/wp-content\/uploads\/2025\/07\/COCA-1.jpg 636w\" sizes=\"auto, (max-width: 579px) 100vw, 579px\" \/><\/figure>\n\n\n\n<figure class=\"wp-block-image size-large\"><img loading=\"lazy\" decoding=\"async\" width=\"760\" height=\"1024\" data-id=\"14208\" src=\"https:\/\/www.anovapeneira.gal\/wp-content\/uploads\/2025\/07\/COCA-3-760x1024.jpg\" alt=\"\" class=\"wp-image-14208\" srcset=\"https:\/\/www.anovapeneira.gal\/wp-content\/uploads\/2025\/07\/COCA-3-760x1024.jpg 760w, https:\/\/www.anovapeneira.gal\/wp-content\/uploads\/2025\/07\/COCA-3-223x300.jpg 223w, https:\/\/www.anovapeneira.gal\/wp-content\/uploads\/2025\/07\/COCA-3-768x1035.jpg 768w, https:\/\/www.anovapeneira.gal\/wp-content\/uploads\/2025\/07\/COCA-3-1140x1536.jpg 1140w, https:\/\/www.anovapeneira.gal\/wp-content\/uploads\/2025\/07\/COCA-3.jpg 1520w\" sizes=\"auto, (max-width: 760px) 100vw, 760px\" \/><\/figure>\n\n\n\n<figure class=\"wp-block-image size-large\"><img loading=\"lazy\" decoding=\"async\" width=\"1024\" height=\"768\" data-id=\"14206\" src=\"https:\/\/www.anovapeneira.gal\/wp-content\/uploads\/2025\/07\/COCA-6-1024x768.jpg\" alt=\"\" class=\"wp-image-14206\" srcset=\"https:\/\/www.anovapeneira.gal\/wp-content\/uploads\/2025\/07\/COCA-6-1024x768.jpg 1024w, https:\/\/www.anovapeneira.gal\/wp-content\/uploads\/2025\/07\/COCA-6-300x225.jpg 300w, https:\/\/www.anovapeneira.gal\/wp-content\/uploads\/2025\/07\/COCA-6-768x576.jpg 768w, https:\/\/www.anovapeneira.gal\/wp-content\/uploads\/2025\/07\/COCA-6-1536x1152.jpg 1536w, https:\/\/www.anovapeneira.gal\/wp-content\/uploads\/2025\/07\/COCA-6-678x509.jpg 678w, https:\/\/www.anovapeneira.gal\/wp-content\/uploads\/2025\/07\/COCA-6-326x245.jpg 326w, https:\/\/www.anovapeneira.gal\/wp-content\/uploads\/2025\/07\/COCA-6-80x60.jpg 80w, https:\/\/www.anovapeneira.gal\/wp-content\/uploads\/2025\/07\/COCA-6.jpg 2040w\" sizes=\"auto, (max-width: 1024px) 100vw, 1024px\" \/><\/figure>\n\n\n\n<figure class=\"wp-block-image size-large\"><img loading=\"lazy\" decoding=\"async\" width=\"1024\" height=\"599\" data-id=\"14207\" src=\"https:\/\/www.anovapeneira.gal\/wp-content\/uploads\/2025\/07\/COCA-4-1024x599.jpg\" alt=\"\" class=\"wp-image-14207\" srcset=\"https:\/\/www.anovapeneira.gal\/wp-content\/uploads\/2025\/07\/COCA-4-1024x599.jpg 1024w, https:\/\/www.anovapeneira.gal\/wp-content\/uploads\/2025\/07\/COCA-4-300x175.jpg 300w, https:\/\/www.anovapeneira.gal\/wp-content\/uploads\/2025\/07\/COCA-4-768x449.jpg 768w, https:\/\/www.anovapeneira.gal\/wp-content\/uploads\/2025\/07\/COCA-4-1536x898.jpg 1536w, https:\/\/www.anovapeneira.gal\/wp-content\/uploads\/2025\/07\/COCA-4.jpg 1640w\" sizes=\"auto, (max-width: 1024px) 100vw, 1024px\" \/><\/figure>\n<\/figure>\n","protected":false},"excerpt":{"rendered":"<div class=\"mh-excerpt\"><p>O recente congreso do PP ti\u00f1a un slogan cun significante ben rechamante \u201c Toma partido por Espa\u00f1a\u201d, pero cuxo significado conceptual \u00e9 m\u00e1is ben confuso. Que significa \u201ctomar partido por Espa\u00f1a\u201d en concreto?: <a class=\"mh-excerpt-more\" href=\"https:\/\/www.anovapeneira.gal\/index.php\/2025\/07\/15\/a-coca-de-redondela-e-tomar-partido\/\" title=\"A COCA de Redondela e \u201c Tomar Partido\u201d\">[&#8230;]<\/a><\/p>\n<\/div>","protected":false},"author":6,"featured_media":14210,"comment_status":"open","ping_status":"open","sticky":false,"template":"","format":"standard","meta":{"_exactmetrics_skip_tracking":false,"_exactmetrics_sitenote_active":false,"_exactmetrics_sitenote_note":"","_exactmetrics_sitenote_category":0,"footnotes":""},"categories":[495],"tags":[171],"class_list":{"0":"post-14201","1":"post","2":"type-post","3":"status-publish","4":"format-standard","5":"has-post-thumbnail","7":"category-redondela-reportaxes","8":"tag-concello-de-redondela"},"yoast_head":"<!-- This site is optimized with the Yoast SEO plugin v27.4 - https:\/\/yoast.com\/product\/yoast-seo-wordpress\/ -->\n<title>A COCA de Redondela e \u201c Tomar Partido\u201d -<\/title>\n<meta name=\"robots\" content=\"index, follow, max-snippet:-1, max-image-preview:large, max-video-preview:-1\" \/>\n<link rel=\"canonical\" href=\"https:\/\/www.anovapeneira.gal\/index.php\/2025\/07\/15\/a-coca-de-redondela-e-tomar-partido\/\" \/>\n<meta property=\"og:locale\" content=\"gl_ES\" \/>\n<meta property=\"og:type\" content=\"article\" \/>\n<meta property=\"og:title\" content=\"A COCA de Redondela e \u201c Tomar Partido\u201d -\" \/>\n<meta property=\"og:description\" content=\"O recente congreso do PP ti\u00f1a un slogan cun significante ben rechamante \u201c Toma partido por Espa\u00f1a\u201d, pero cuxo significado conceptual \u00e9 m\u00e1is ben confuso. Que significa \u201ctomar partido por Espa\u00f1a\u201d en concreto?: [...]\" \/>\n<meta property=\"og:url\" content=\"https:\/\/www.anovapeneira.gal\/index.php\/2025\/07\/15\/a-coca-de-redondela-e-tomar-partido\/\" \/>\n<meta property=\"article:publisher\" content=\"https:\/\/www.facebook.com\/anovapeneira\" \/>\n<meta property=\"article:published_time\" content=\"2025-07-15T10:00:42+00:00\" \/>\n<meta property=\"og:image\" content=\"https:\/\/www.anovapeneira.gal\/wp-content\/uploads\/2025\/07\/coca_ini.jpg\" \/>\n\t<meta property=\"og:image:width\" content=\"1684\" \/>\n\t<meta property=\"og:image:height\" content=\"982\" \/>\n\t<meta property=\"og:image:type\" content=\"image\/jpeg\" \/>\n<meta name=\"author\" content=\"Marcos Santos\" \/>\n<meta name=\"twitter:card\" content=\"summary_large_image\" \/>\n<meta name=\"twitter:creator\" content=\"@APeneira\" \/>\n<meta name=\"twitter:site\" content=\"@APeneira\" \/>\n<meta name=\"twitter:label1\" content=\"Escrito por\" \/>\n\t<meta name=\"twitter:data1\" content=\"Marcos Santos\" \/>\n\t<meta name=\"twitter:label2\" content=\"Tempo de lectura\" \/>\n\t<meta name=\"twitter:data2\" content=\"5 minutos\" \/>\n<script type=\"application\/ld+json\" class=\"yoast-schema-graph\">{\"@context\":\"https:\\\/\\\/schema.org\",\"@graph\":[{\"@type\":\"Article\",\"@id\":\"https:\\\/\\\/www.anovapeneira.gal\\\/index.php\\\/2025\\\/07\\\/15\\\/a-coca-de-redondela-e-tomar-partido\\\/#article\",\"isPartOf\":{\"@id\":\"https:\\\/\\\/www.anovapeneira.gal\\\/index.php\\\/2025\\\/07\\\/15\\\/a-coca-de-redondela-e-tomar-partido\\\/\"},\"author\":{\"name\":\"Marcos Santos\",\"@id\":\"https:\\\/\\\/www.anovapeneira.gal\\\/#\\\/schema\\\/person\\\/d9d84823564720e7593293bab054e52d\"},\"headline\":\"A COCA de Redondela e \u201c Tomar Partido\u201d\",\"datePublished\":\"2025-07-15T10:00:42+00:00\",\"mainEntityOfPage\":{\"@id\":\"https:\\\/\\\/www.anovapeneira.gal\\\/index.php\\\/2025\\\/07\\\/15\\\/a-coca-de-redondela-e-tomar-partido\\\/\"},\"wordCount\":496,\"commentCount\":0,\"publisher\":{\"@id\":\"https:\\\/\\\/www.anovapeneira.gal\\\/#organization\"},\"image\":{\"@id\":\"https:\\\/\\\/www.anovapeneira.gal\\\/index.php\\\/2025\\\/07\\\/15\\\/a-coca-de-redondela-e-tomar-partido\\\/#primaryimage\"},\"thumbnailUrl\":\"https:\\\/\\\/www.anovapeneira.gal\\\/wp-content\\\/uploads\\\/2025\\\/07\\\/coca_ini.jpg\",\"keywords\":[\"Concello de Redondela\"],\"articleSection\":[\"Redondela\"],\"inLanguage\":\"gl-ES\",\"potentialAction\":[{\"@type\":\"CommentAction\",\"name\":\"Comment\",\"target\":[\"https:\\\/\\\/www.anovapeneira.gal\\\/index.php\\\/2025\\\/07\\\/15\\\/a-coca-de-redondela-e-tomar-partido\\\/#respond\"]}]},{\"@type\":\"WebPage\",\"@id\":\"https:\\\/\\\/www.anovapeneira.gal\\\/index.php\\\/2025\\\/07\\\/15\\\/a-coca-de-redondela-e-tomar-partido\\\/\",\"url\":\"https:\\\/\\\/www.anovapeneira.gal\\\/index.php\\\/2025\\\/07\\\/15\\\/a-coca-de-redondela-e-tomar-partido\\\/\",\"name\":\"A COCA de Redondela e \u201c Tomar Partido\u201d -\",\"isPartOf\":{\"@id\":\"https:\\\/\\\/www.anovapeneira.gal\\\/#website\"},\"primaryImageOfPage\":{\"@id\":\"https:\\\/\\\/www.anovapeneira.gal\\\/index.php\\\/2025\\\/07\\\/15\\\/a-coca-de-redondela-e-tomar-partido\\\/#primaryimage\"},\"image\":{\"@id\":\"https:\\\/\\\/www.anovapeneira.gal\\\/index.php\\\/2025\\\/07\\\/15\\\/a-coca-de-redondela-e-tomar-partido\\\/#primaryimage\"},\"thumbnailUrl\":\"https:\\\/\\\/www.anovapeneira.gal\\\/wp-content\\\/uploads\\\/2025\\\/07\\\/coca_ini.jpg\",\"datePublished\":\"2025-07-15T10:00:42+00:00\",\"breadcrumb\":{\"@id\":\"https:\\\/\\\/www.anovapeneira.gal\\\/index.php\\\/2025\\\/07\\\/15\\\/a-coca-de-redondela-e-tomar-partido\\\/#breadcrumb\"},\"inLanguage\":\"gl-ES\",\"potentialAction\":[{\"@type\":\"ReadAction\",\"target\":[\"https:\\\/\\\/www.anovapeneira.gal\\\/index.php\\\/2025\\\/07\\\/15\\\/a-coca-de-redondela-e-tomar-partido\\\/\"]}]},{\"@type\":\"ImageObject\",\"inLanguage\":\"gl-ES\",\"@id\":\"https:\\\/\\\/www.anovapeneira.gal\\\/index.php\\\/2025\\\/07\\\/15\\\/a-coca-de-redondela-e-tomar-partido\\\/#primaryimage\",\"url\":\"https:\\\/\\\/www.anovapeneira.gal\\\/wp-content\\\/uploads\\\/2025\\\/07\\\/coca_ini.jpg\",\"contentUrl\":\"https:\\\/\\\/www.anovapeneira.gal\\\/wp-content\\\/uploads\\\/2025\\\/07\\\/coca_ini.jpg\",\"width\":1684,\"height\":982,\"caption\":\"A coca\"},{\"@type\":\"BreadcrumbList\",\"@id\":\"https:\\\/\\\/www.anovapeneira.gal\\\/index.php\\\/2025\\\/07\\\/15\\\/a-coca-de-redondela-e-tomar-partido\\\/#breadcrumb\",\"itemListElement\":[{\"@type\":\"ListItem\",\"position\":1,\"name\":\"Portada\",\"item\":\"https:\\\/\\\/www.anovapeneira.gal\\\/\"},{\"@type\":\"ListItem\",\"position\":2,\"name\":\"A COCA de Redondela e \u201c Tomar Partido\u201d\"}]},{\"@type\":\"WebSite\",\"@id\":\"https:\\\/\\\/www.anovapeneira.gal\\\/#website\",\"url\":\"https:\\\/\\\/www.anovapeneira.gal\\\/\",\"name\":\"\",\"description\":\"Xornal galego de informaci\u00f3n xeral Publicaci\u00f3n mensual de novas de Galicia e en especial dos Concellos da sur da provincia de Pontevedra.\",\"publisher\":{\"@id\":\"https:\\\/\\\/www.anovapeneira.gal\\\/#organization\"},\"potentialAction\":[{\"@type\":\"SearchAction\",\"target\":{\"@type\":\"EntryPoint\",\"urlTemplate\":\"https:\\\/\\\/www.anovapeneira.gal\\\/?s={search_term_string}\"},\"query-input\":{\"@type\":\"PropertyValueSpecification\",\"valueRequired\":true,\"valueName\":\"search_term_string\"}}],\"inLanguage\":\"gl-ES\"},{\"@type\":\"Organization\",\"@id\":\"https:\\\/\\\/www.anovapeneira.gal\\\/#organization\",\"name\":\"A Nova Peneira\",\"url\":\"https:\\\/\\\/www.anovapeneira.gal\\\/\",\"logo\":{\"@type\":\"ImageObject\",\"inLanguage\":\"gl-ES\",\"@id\":\"https:\\\/\\\/www.anovapeneira.gal\\\/#\\\/schema\\\/logo\\\/image\\\/\",\"url\":\"http:\\\/\\\/www.anovapeneira.gal\\\/wp-content\\\/uploads\\\/2019\\\/06\\\/logo_a_nova_peneira_portal_web.png\",\"contentUrl\":\"http:\\\/\\\/www.anovapeneira.gal\\\/wp-content\\\/uploads\\\/2019\\\/06\\\/logo_a_nova_peneira_portal_web.png\",\"width\":300,\"height\":100,\"caption\":\"A Nova Peneira\"},\"image\":{\"@id\":\"https:\\\/\\\/www.anovapeneira.gal\\\/#\\\/schema\\\/logo\\\/image\\\/\"},\"sameAs\":[\"https:\\\/\\\/www.facebook.com\\\/anovapeneira\",\"https:\\\/\\\/x.com\\\/APeneira\"]},{\"@type\":\"Person\",\"@id\":\"https:\\\/\\\/www.anovapeneira.gal\\\/#\\\/schema\\\/person\\\/d9d84823564720e7593293bab054e52d\",\"name\":\"Marcos Santos\",\"image\":{\"@type\":\"ImageObject\",\"inLanguage\":\"gl-ES\",\"@id\":\"https:\\\/\\\/secure.gravatar.com\\\/avatar\\\/0e8017099a7a47c0a9d2275e865fe326484561eb3d70649069e4b8e61a8d2e8c?s=96&d=mm&r=g\",\"url\":\"https:\\\/\\\/secure.gravatar.com\\\/avatar\\\/0e8017099a7a47c0a9d2275e865fe326484561eb3d70649069e4b8e61a8d2e8c?s=96&d=mm&r=g\",\"contentUrl\":\"https:\\\/\\\/secure.gravatar.com\\\/avatar\\\/0e8017099a7a47c0a9d2275e865fe326484561eb3d70649069e4b8e61a8d2e8c?s=96&d=mm&r=g\",\"caption\":\"Marcos Santos\"},\"sameAs\":[\"http:\\\/\\\/anovapeneira.gal\"],\"url\":\"https:\\\/\\\/www.anovapeneira.gal\\\/index.php\\\/author\\\/marcos-santos\\\/\"}]}<\/script>\n<!-- \/ Yoast SEO plugin. -->","yoast_head_json":{"title":"A COCA de Redondela e \u201c Tomar Partido\u201d -","robots":{"index":"index","follow":"follow","max-snippet":"max-snippet:-1","max-image-preview":"max-image-preview:large","max-video-preview":"max-video-preview:-1"},"canonical":"https:\/\/www.anovapeneira.gal\/index.php\/2025\/07\/15\/a-coca-de-redondela-e-tomar-partido\/","og_locale":"gl_ES","og_type":"article","og_title":"A COCA de Redondela e \u201c Tomar Partido\u201d -","og_description":"O recente congreso do PP ti\u00f1a un slogan cun significante ben rechamante \u201c Toma partido por Espa\u00f1a\u201d, pero cuxo significado conceptual \u00e9 m\u00e1is ben confuso. Que significa \u201ctomar partido por Espa\u00f1a\u201d en concreto?: [...]","og_url":"https:\/\/www.anovapeneira.gal\/index.php\/2025\/07\/15\/a-coca-de-redondela-e-tomar-partido\/","article_publisher":"https:\/\/www.facebook.com\/anovapeneira","article_published_time":"2025-07-15T10:00:42+00:00","og_image":[{"width":1684,"height":982,"url":"https:\/\/www.anovapeneira.gal\/wp-content\/uploads\/2025\/07\/coca_ini.jpg","type":"image\/jpeg"}],"author":"Marcos Santos","twitter_card":"summary_large_image","twitter_creator":"@APeneira","twitter_site":"@APeneira","twitter_misc":{"Escrito por":"Marcos Santos","Tempo de lectura":"5 minutos"},"schema":{"@context":"https:\/\/schema.org","@graph":[{"@type":"Article","@id":"https:\/\/www.anovapeneira.gal\/index.php\/2025\/07\/15\/a-coca-de-redondela-e-tomar-partido\/#article","isPartOf":{"@id":"https:\/\/www.anovapeneira.gal\/index.php\/2025\/07\/15\/a-coca-de-redondela-e-tomar-partido\/"},"author":{"name":"Marcos Santos","@id":"https:\/\/www.anovapeneira.gal\/#\/schema\/person\/d9d84823564720e7593293bab054e52d"},"headline":"A COCA de Redondela e \u201c Tomar Partido\u201d","datePublished":"2025-07-15T10:00:42+00:00","mainEntityOfPage":{"@id":"https:\/\/www.anovapeneira.gal\/index.php\/2025\/07\/15\/a-coca-de-redondela-e-tomar-partido\/"},"wordCount":496,"commentCount":0,"publisher":{"@id":"https:\/\/www.anovapeneira.gal\/#organization"},"image":{"@id":"https:\/\/www.anovapeneira.gal\/index.php\/2025\/07\/15\/a-coca-de-redondela-e-tomar-partido\/#primaryimage"},"thumbnailUrl":"https:\/\/www.anovapeneira.gal\/wp-content\/uploads\/2025\/07\/coca_ini.jpg","keywords":["Concello de Redondela"],"articleSection":["Redondela"],"inLanguage":"gl-ES","potentialAction":[{"@type":"CommentAction","name":"Comment","target":["https:\/\/www.anovapeneira.gal\/index.php\/2025\/07\/15\/a-coca-de-redondela-e-tomar-partido\/#respond"]}]},{"@type":"WebPage","@id":"https:\/\/www.anovapeneira.gal\/index.php\/2025\/07\/15\/a-coca-de-redondela-e-tomar-partido\/","url":"https:\/\/www.anovapeneira.gal\/index.php\/2025\/07\/15\/a-coca-de-redondela-e-tomar-partido\/","name":"A COCA de Redondela e \u201c Tomar Partido\u201d -","isPartOf":{"@id":"https:\/\/www.anovapeneira.gal\/#website"},"primaryImageOfPage":{"@id":"https:\/\/www.anovapeneira.gal\/index.php\/2025\/07\/15\/a-coca-de-redondela-e-tomar-partido\/#primaryimage"},"image":{"@id":"https:\/\/www.anovapeneira.gal\/index.php\/2025\/07\/15\/a-coca-de-redondela-e-tomar-partido\/#primaryimage"},"thumbnailUrl":"https:\/\/www.anovapeneira.gal\/wp-content\/uploads\/2025\/07\/coca_ini.jpg","datePublished":"2025-07-15T10:00:42+00:00","breadcrumb":{"@id":"https:\/\/www.anovapeneira.gal\/index.php\/2025\/07\/15\/a-coca-de-redondela-e-tomar-partido\/#breadcrumb"},"inLanguage":"gl-ES","potentialAction":[{"@type":"ReadAction","target":["https:\/\/www.anovapeneira.gal\/index.php\/2025\/07\/15\/a-coca-de-redondela-e-tomar-partido\/"]}]},{"@type":"ImageObject","inLanguage":"gl-ES","@id":"https:\/\/www.anovapeneira.gal\/index.php\/2025\/07\/15\/a-coca-de-redondela-e-tomar-partido\/#primaryimage","url":"https:\/\/www.anovapeneira.gal\/wp-content\/uploads\/2025\/07\/coca_ini.jpg","contentUrl":"https:\/\/www.anovapeneira.gal\/wp-content\/uploads\/2025\/07\/coca_ini.jpg","width":1684,"height":982,"caption":"A coca"},{"@type":"BreadcrumbList","@id":"https:\/\/www.anovapeneira.gal\/index.php\/2025\/07\/15\/a-coca-de-redondela-e-tomar-partido\/#breadcrumb","itemListElement":[{"@type":"ListItem","position":1,"name":"Portada","item":"https:\/\/www.anovapeneira.gal\/"},{"@type":"ListItem","position":2,"name":"A COCA de Redondela e \u201c Tomar Partido\u201d"}]},{"@type":"WebSite","@id":"https:\/\/www.anovapeneira.gal\/#website","url":"https:\/\/www.anovapeneira.gal\/","name":"","description":"Xornal galego de informaci\u00f3n xeral Publicaci\u00f3n mensual de novas de Galicia e en especial dos Concellos da sur da provincia de Pontevedra.","publisher":{"@id":"https:\/\/www.anovapeneira.gal\/#organization"},"potentialAction":[{"@type":"SearchAction","target":{"@type":"EntryPoint","urlTemplate":"https:\/\/www.anovapeneira.gal\/?s={search_term_string}"},"query-input":{"@type":"PropertyValueSpecification","valueRequired":true,"valueName":"search_term_string"}}],"inLanguage":"gl-ES"},{"@type":"Organization","@id":"https:\/\/www.anovapeneira.gal\/#organization","name":"A Nova Peneira","url":"https:\/\/www.anovapeneira.gal\/","logo":{"@type":"ImageObject","inLanguage":"gl-ES","@id":"https:\/\/www.anovapeneira.gal\/#\/schema\/logo\/image\/","url":"http:\/\/www.anovapeneira.gal\/wp-content\/uploads\/2019\/06\/logo_a_nova_peneira_portal_web.png","contentUrl":"http:\/\/www.anovapeneira.gal\/wp-content\/uploads\/2019\/06\/logo_a_nova_peneira_portal_web.png","width":300,"height":100,"caption":"A Nova Peneira"},"image":{"@id":"https:\/\/www.anovapeneira.gal\/#\/schema\/logo\/image\/"},"sameAs":["https:\/\/www.facebook.com\/anovapeneira","https:\/\/x.com\/APeneira"]},{"@type":"Person","@id":"https:\/\/www.anovapeneira.gal\/#\/schema\/person\/d9d84823564720e7593293bab054e52d","name":"Marcos Santos","image":{"@type":"ImageObject","inLanguage":"gl-ES","@id":"https:\/\/secure.gravatar.com\/avatar\/0e8017099a7a47c0a9d2275e865fe326484561eb3d70649069e4b8e61a8d2e8c?s=96&d=mm&r=g","url":"https:\/\/secure.gravatar.com\/avatar\/0e8017099a7a47c0a9d2275e865fe326484561eb3d70649069e4b8e61a8d2e8c?s=96&d=mm&r=g","contentUrl":"https:\/\/secure.gravatar.com\/avatar\/0e8017099a7a47c0a9d2275e865fe326484561eb3d70649069e4b8e61a8d2e8c?s=96&d=mm&r=g","caption":"Marcos Santos"},"sameAs":["http:\/\/anovapeneira.gal"],"url":"https:\/\/www.anovapeneira.gal\/index.php\/author\/marcos-santos\/"}]}},"jetpack_featured_media_url":"https:\/\/www.anovapeneira.gal\/wp-content\/uploads\/2025\/07\/coca_ini.jpg","_links":{"self":[{"href":"https:\/\/www.anovapeneira.gal\/index.php\/wp-json\/wp\/v2\/posts\/14201","targetHints":{"allow":["GET"]}}],"collection":[{"href":"https:\/\/www.anovapeneira.gal\/index.php\/wp-json\/wp\/v2\/posts"}],"about":[{"href":"https:\/\/www.anovapeneira.gal\/index.php\/wp-json\/wp\/v2\/types\/post"}],"author":[{"embeddable":true,"href":"https:\/\/www.anovapeneira.gal\/index.php\/wp-json\/wp\/v2\/users\/6"}],"replies":[{"embeddable":true,"href":"https:\/\/www.anovapeneira.gal\/index.php\/wp-json\/wp\/v2\/comments?post=14201"}],"version-history":[{"count":1,"href":"https:\/\/www.anovapeneira.gal\/index.php\/wp-json\/wp\/v2\/posts\/14201\/revisions"}],"predecessor-version":[{"id":14211,"href":"https:\/\/www.anovapeneira.gal\/index.php\/wp-json\/wp\/v2\/posts\/14201\/revisions\/14211"}],"wp:featuredmedia":[{"embeddable":true,"href":"https:\/\/www.anovapeneira.gal\/index.php\/wp-json\/wp\/v2\/media\/14210"}],"wp:attachment":[{"href":"https:\/\/www.anovapeneira.gal\/index.php\/wp-json\/wp\/v2\/media?parent=14201"}],"wp:term":[{"taxonomy":"category","embeddable":true,"href":"https:\/\/www.anovapeneira.gal\/index.php\/wp-json\/wp\/v2\/categories?post=14201"},{"taxonomy":"post_tag","embeddable":true,"href":"https:\/\/www.anovapeneira.gal\/index.php\/wp-json\/wp\/v2\/tags?post=14201"}],"curies":[{"name":"wp","href":"https:\/\/api.w.org\/{rel}","templated":true}]}}