{"id":1421,"date":"2019-10-04T12:00:30","date_gmt":"2019-10-04T10:00:30","guid":{"rendered":"http:\/\/www.anovapeneira.gal\/?p=1421"},"modified":"2019-09-30T23:34:58","modified_gmt":"2019-09-30T21:34:58","slug":"os-datos-do-ige-constatan-a-falta-de-liberdade-para-vivir-en-galego","status":"publish","type":"post","link":"https:\/\/www.anovapeneira.gal\/index.php\/2019\/10\/04\/os-datos-do-ige-constatan-a-falta-de-liberdade-para-vivir-en-galego\/","title":{"rendered":"Os datos do IGE constatan a falta de liberdade para vivir en galego"},"content":{"rendered":"\n<h2 class=\"wp-block-heading\"><strong>A enquisa sobre o uso do galego cifra as consecuencias da aplicaci\u00f3n do Decreto contra o galego no ensino, cun 30,04% das nenas e nenos entre 5 e 15 anos que non saber escribir galego e un 23,9 %, que non saben falalo<br><br>S\u00f3 30,33% das galegas e dos galegos consegue manter o uso da s\u00faa lingua, malia os obst\u00e1culos<\/strong> <\/h2>\n\n\n\n<p><strong>Santiago de Compostela, 27 de setembro de 2019<\/strong><\/p>\n\n\n\n<p>Os\nresultados da enquisa sobre <em>Uso\nhabitual e inicial do galego<\/em>\nfeitos p\u00fablicos esta ma\u00f1\u00e1 polo IGE constatan a falta de liberdade\npara vivir en galego coa normalidade que ser\u00eda propia dunha lingua\noficial que v\u00e9n sinalando A Mesa reiteradamente. Consol\u00eddase a\nperda continuada de falantes, especialmente no \u00e1mbito urbano, e mais\na diglosia nas relaci\u00f3ns sociais, cunha importante baixada do n\u00famero\nde persoas que empregan s\u00f3 o galego en servizos docentes (23,48%),\nsanitarios (27,88%), administrativos (29,30), bancarios (28,72%) ou\ncomerciais (30,27%). &#8220;Unha situaci\u00f3n favorecida&#8221;, denuncia\no presidente da Mesa pola Normalizaci\u00f3n, Marcos Maceira, &#8220;pola\nvulneraci\u00f3n de dereitos ling\u00fc\u00edsticos e pola exclusi\u00f3n do idioma\nde Galiza de grande parte dos \u00e1mbitos de uso e pola imposibilidade\nde devoluci\u00f3n, oral ou escrita&#8221;. <br><br><strong>O\n24% das e dos menores de 15 anos non saben galego<br><\/strong>&#8220;Esta\nnova enquisa do IGE proporciona un novo dato aterrador sobre as\nconsecuencias do mal chamado decreto de pluriling\u00fcismo&#8221;,\nrecorda Maceira. No tramo de idade no que se aplica o decreto, entre\n5 e 15 anos, o 30,04% reco\u00f1ecen non saber escribir galego, o 18,32%\nnon saber lelo e o 23,9 % non saber falalo, o que sup\u00f3n un\nincremento do 8,42%, do 4,06%, e do 7,6% (respectivamente) sobre os\ndatos recollidos no 2008, ano da \u00faltima enquisa anterior \u00e1 entrada\nen vigor do decreto contra o galego.<br><br>&#8220;\u00c1 vista do datos&#8221;,\nafirma Maceira, &#8220;a efectividade do decreto contra o galego \u00e9\nindiscut\u00edbel, tal e como indicaban as asociaci\u00f3ns de nais e pais,\norganizaci\u00f3n sindicais, movementos de renovaci\u00f3n pedag\u00f3xica, a\npropia Mesa pola Normalizaci\u00f3n Ling\u00fc\u00edstica ou o Comit\u00e9 de\nexpertos do Consello de Europa para a Carta das Linguas: a\nincapacidade para o uso do galego \u00e9 a m\u00e1is alta da historia de\nGaliza&#8221;. Dende A Mesa, adv\u00edrtese de que a \u00fanica maneira de\nreverter esta situaci\u00f3n \u00e9 garantindo o galego como lingua vehicular\ndo ensino, posibilidade anulada polo Partido Popular con\nconsecuencias terr\u00edbeis para o alumnado galego.<br><br><strong>Estranxeirizaci\u00f3n\ndo galego<\/strong><br>A\nvontade dunha importante parte da poboaci\u00f3n galega por manter o uso\nda s\u00faa lingua atopa impedimentos de todo tipo, vis\u00edbeis ao\ncontrastarmos datos de uso cos de presenza en espazos como a\nprogramaci\u00f3n infantil en galego, que s\u00f3 acada o 4%, o 0,6 % nos\nxogos e xoguetes, o 5% na xustiza, o 1% nos seguros ou o 8% na\neducaci\u00f3n infantil nas cidades, aos que se suma o crecente desprezo\npola lingua propia na administraci\u00f3n p\u00fablica estatal e auton\u00f3mica\nque concentran o 46% das queixas por vulneraci\u00f3n dos dereitos\nling\u00fc\u00edsticos. &#8220;A presenza e tratamento do galego en Galiza,\ninclu\u00eddo o ensino, \u00e9 o dunha lingua estranxeira&#8221;, denuncia o\npresidente da Mesa, &#8220;s\u00f3 as persoas galegofalantes se ven\nforzadas a mudaren de lingua&#8221;. &#8220;\u00c9 este o equilibrio do que\nse gaban o PP e o presidente da Xunta? \u00c9 esta a liberdade para o\ngalego?&#8221;, pregunta.<br><br>Unha realidade que limita o uso do\ngalego amparada por unha lexislaci\u00f3n estatal negadora da pluralidade\nling\u00fc\u00edstica en m\u00e1is de 500 disposici\u00f3ns legais, mais tam\u00e9n dun\ngoberno da Xunta de Galiza que cando non act\u00faa contra do galego a\ntrav\u00e9s da lexislaci\u00f3n ou fomentando prexu\u00edzos e falsidades,\nsimplesmente se abst\u00e9n de exercer as s\u00faas competencias a favor do\ngalego. &#8220;A satisfacci\u00f3n da Xunta ante estes resultados s\u00f3 se\nexplica se o obxectivo da s\u00faa pol\u00edtica ling\u00fc\u00edstica \u00e9 a\naniquilaci\u00f3n do galego\u201d, afirma Maceira.<br><br><strong>Compromiso\npara o futuro do galego<\/strong><br>Por\u00e9n,\nA Mesa quere destacar tam\u00e9n a conciencia da necesidade da existencia\ndo galego para manter a dignidade colectiva do pobo galego e o&nbsp;\npapel das persoas que se mante\u00f1en incodicionalmente no uso do noso\nidioma malia as dificuldades. Existe unha enorme vontade social de\nmanter a lingua, que non se ve correspondida pola presenza real nin\nconta co amparo do goberno galego. A este respecto, son\nsignificativos os datos de uso por \u00e1mbitos, onde se observa unha\nparte da poboaci\u00f3n que se mant\u00e9n no uso do galego, resistindo\nactivamente a imposici\u00f3n do castel\u00e1n, concretamente en \u00e1mbitos\ncomo o comercio, sa\u00fade, banca, ensino e administraci\u00f3n. &#8220;O\n\u00fanico amparo \u00e1s e aos galegofalantes&#8221;, asegura Marcos Maceira,\n&#8220;prov\u00e9n da propia sociedade, de centos de entidades sociais,\nentre elas da Mesa pola Normalizaci\u00f3n Ling\u00fc\u00edstica, que ofrece o\n\u00fanico servizo de atenci\u00f3n a queixas, consultas e parab\u00e9ns\nrelacionadas co uso do galego, A Li\u00f1a do Galego.&#8221; &#8220;O\nmantemento e crecemento desta conciencia e da mobilizaci\u00f3n social\nampla a favor do galego \u00e9 a garant\u00eda de futuro para a lingua&#8221;,\nremata.<\/p>\n\n\n\n<p><br><strong>A\nMesa pola Normalizaci\u00f3n Ling\u00fc\u00edstica<\/strong>\n\u00e9 unha plataforma independente, plural e apartidaria que ten como\n\u00fanico obxectivo a promoci\u00f3n do uso do galego en todos os \u00e1mbitos\nda vida social propios de calquera idioma. O seu papel \u00e9 o de\nemprender iniciativas que sensibilicen a poboaci\u00f3n e que abran novas\nv\u00edas de uso do noso idioma en distintos \u00e1mbitos, as\u00ed como\ndenunciar todo tipo de agresi\u00f3ns e discriminaci\u00f3ns que poida sufrir\na lingua galega e asegurar que se respecte o seu uso individual e\ncolectivo. Calquera persoa sens\u00edbel coa causa do idioma galego pode\nfacer parte da Mesa, que coas s\u00faas 4000 socias e socios \u00e9 a maior\nasociaci\u00f3n cultural de Galiza. Todas aquelas persoas que co\u00f1ezan ou\nsofran casos de discriminaci\u00f3n polo uso do galego poden tramitar a\ns\u00faa denuncia a trav\u00e9s da <a href=\"https:\/\/amesa.gal\/linhadogalego\">Li\u00f1a\ndo galego<\/a>.\n\n<\/p>\n","protected":false},"excerpt":{"rendered":"<div class=\"mh-excerpt\"><p>A enquisa sobre o uso do galego cifra as consecuencias da aplicaci\u00f3n do Decreto contra o galego no ensino <a class=\"mh-excerpt-more\" href=\"https:\/\/www.anovapeneira.gal\/index.php\/2019\/10\/04\/os-datos-do-ige-constatan-a-falta-de-liberdade-para-vivir-en-galego\/\" title=\"Os datos do IGE constatan a falta de liberdade para vivir en galego\">[&#8230;]<\/a><\/p>\n<\/div>","protected":false},"author":3,"featured_media":1422,"comment_status":"open","ping_status":"open","sticky":false,"template":"","format":"standard","meta":{"_exactmetrics_skip_tracking":false,"_exactmetrics_sitenote_active":false,"_exactmetrics_sitenote_note":"","_exactmetrics_sitenote_category":0,"footnotes":""},"categories":[263],"tags":[637,253,638],"class_list":{"0":"post-1421","1":"post","2":"type-post","3":"status-publish","4":"format-standard","5":"has-post-thumbnail","7":"category-novas","8":"tag-ige","9":"tag-normalizacion","10":"tag-uso-do-galego"},"yoast_head":"<!-- This site is optimized with the Yoast SEO plugin v27.4 - https:\/\/yoast.com\/product\/yoast-seo-wordpress\/ -->\n<title>Os datos do IGE constatan a falta de liberdade para vivir en galego -<\/title>\n<meta name=\"robots\" content=\"index, follow, max-snippet:-1, max-image-preview:large, max-video-preview:-1\" \/>\n<link rel=\"canonical\" href=\"https:\/\/www.anovapeneira.gal\/index.php\/2019\/10\/04\/os-datos-do-ige-constatan-a-falta-de-liberdade-para-vivir-en-galego\/\" \/>\n<meta property=\"og:locale\" content=\"gl_ES\" \/>\n<meta property=\"og:type\" content=\"article\" \/>\n<meta property=\"og:title\" content=\"Os datos do IGE constatan a falta de liberdade para vivir en galego -\" \/>\n<meta property=\"og:description\" content=\"A enquisa sobre o uso do galego cifra as consecuencias da aplicaci\u00f3n do Decreto contra o galego no ensino [...]\" \/>\n<meta property=\"og:url\" content=\"https:\/\/www.anovapeneira.gal\/index.php\/2019\/10\/04\/os-datos-do-ige-constatan-a-falta-de-liberdade-para-vivir-en-galego\/\" \/>\n<meta property=\"article:publisher\" content=\"https:\/\/www.facebook.com\/anovapeneira\" \/>\n<meta property=\"article:published_time\" content=\"2019-10-04T10:00:30+00:00\" \/>\n<meta property=\"og:image\" content=\"https:\/\/www.anovapeneira.gal\/wp-content\/uploads\/2019\/09\/a_mesa_normalizacion_linguisticas_a_nova_peneira.jpg\" \/>\n\t<meta property=\"og:image:width\" content=\"720\" \/>\n\t<meta property=\"og:image:height\" content=\"473\" \/>\n\t<meta property=\"og:image:type\" content=\"image\/jpeg\" \/>\n<meta name=\"author\" content=\"Redacci\u00f3n A Nova Peneira\" \/>\n<meta name=\"twitter:card\" content=\"summary_large_image\" \/>\n<meta name=\"twitter:creator\" content=\"@APeneira\" \/>\n<meta name=\"twitter:site\" content=\"@APeneira\" \/>\n<meta name=\"twitter:label1\" content=\"Escrito por\" \/>\n\t<meta name=\"twitter:data1\" content=\"Redacci\u00f3n A Nova Peneira\" \/>\n\t<meta name=\"twitter:label2\" content=\"Tempo de lectura\" \/>\n\t<meta name=\"twitter:data2\" content=\"5 minutos\" \/>\n<script type=\"application\/ld+json\" class=\"yoast-schema-graph\">{\"@context\":\"https:\\\/\\\/schema.org\",\"@graph\":[{\"@type\":\"Article\",\"@id\":\"https:\\\/\\\/www.anovapeneira.gal\\\/index.php\\\/2019\\\/10\\\/04\\\/os-datos-do-ige-constatan-a-falta-de-liberdade-para-vivir-en-galego\\\/#article\",\"isPartOf\":{\"@id\":\"https:\\\/\\\/www.anovapeneira.gal\\\/index.php\\\/2019\\\/10\\\/04\\\/os-datos-do-ige-constatan-a-falta-de-liberdade-para-vivir-en-galego\\\/\"},\"author\":{\"name\":\"Redacci\u00f3n A Nova Peneira\",\"@id\":\"https:\\\/\\\/www.anovapeneira.gal\\\/#\\\/schema\\\/person\\\/b93e3f8932e3f8da96334607eb6ac6aa\"},\"headline\":\"Os datos do IGE constatan a falta de liberdade para vivir en galego\",\"datePublished\":\"2019-10-04T10:00:30+00:00\",\"mainEntityOfPage\":{\"@id\":\"https:\\\/\\\/www.anovapeneira.gal\\\/index.php\\\/2019\\\/10\\\/04\\\/os-datos-do-ige-constatan-a-falta-de-liberdade-para-vivir-en-galego\\\/\"},\"wordCount\":997,\"commentCount\":0,\"publisher\":{\"@id\":\"https:\\\/\\\/www.anovapeneira.gal\\\/#organization\"},\"image\":{\"@id\":\"https:\\\/\\\/www.anovapeneira.gal\\\/index.php\\\/2019\\\/10\\\/04\\\/os-datos-do-ige-constatan-a-falta-de-liberdade-para-vivir-en-galego\\\/#primaryimage\"},\"thumbnailUrl\":\"https:\\\/\\\/www.anovapeneira.gal\\\/wp-content\\\/uploads\\\/2019\\\/09\\\/a_mesa_normalizacion_linguisticas_a_nova_peneira.jpg\",\"keywords\":[\"IGE\",\"Normalizaci\u00f3n\",\"Uso do galego\"],\"articleSection\":[\"Novas\"],\"inLanguage\":\"gl-ES\",\"potentialAction\":[{\"@type\":\"CommentAction\",\"name\":\"Comment\",\"target\":[\"https:\\\/\\\/www.anovapeneira.gal\\\/index.php\\\/2019\\\/10\\\/04\\\/os-datos-do-ige-constatan-a-falta-de-liberdade-para-vivir-en-galego\\\/#respond\"]}]},{\"@type\":\"WebPage\",\"@id\":\"https:\\\/\\\/www.anovapeneira.gal\\\/index.php\\\/2019\\\/10\\\/04\\\/os-datos-do-ige-constatan-a-falta-de-liberdade-para-vivir-en-galego\\\/\",\"url\":\"https:\\\/\\\/www.anovapeneira.gal\\\/index.php\\\/2019\\\/10\\\/04\\\/os-datos-do-ige-constatan-a-falta-de-liberdade-para-vivir-en-galego\\\/\",\"name\":\"Os datos do IGE constatan a falta de liberdade para vivir en galego -\",\"isPartOf\":{\"@id\":\"https:\\\/\\\/www.anovapeneira.gal\\\/#website\"},\"primaryImageOfPage\":{\"@id\":\"https:\\\/\\\/www.anovapeneira.gal\\\/index.php\\\/2019\\\/10\\\/04\\\/os-datos-do-ige-constatan-a-falta-de-liberdade-para-vivir-en-galego\\\/#primaryimage\"},\"image\":{\"@id\":\"https:\\\/\\\/www.anovapeneira.gal\\\/index.php\\\/2019\\\/10\\\/04\\\/os-datos-do-ige-constatan-a-falta-de-liberdade-para-vivir-en-galego\\\/#primaryimage\"},\"thumbnailUrl\":\"https:\\\/\\\/www.anovapeneira.gal\\\/wp-content\\\/uploads\\\/2019\\\/09\\\/a_mesa_normalizacion_linguisticas_a_nova_peneira.jpg\",\"datePublished\":\"2019-10-04T10:00:30+00:00\",\"breadcrumb\":{\"@id\":\"https:\\\/\\\/www.anovapeneira.gal\\\/index.php\\\/2019\\\/10\\\/04\\\/os-datos-do-ige-constatan-a-falta-de-liberdade-para-vivir-en-galego\\\/#breadcrumb\"},\"inLanguage\":\"gl-ES\",\"potentialAction\":[{\"@type\":\"ReadAction\",\"target\":[\"https:\\\/\\\/www.anovapeneira.gal\\\/index.php\\\/2019\\\/10\\\/04\\\/os-datos-do-ige-constatan-a-falta-de-liberdade-para-vivir-en-galego\\\/\"]}]},{\"@type\":\"ImageObject\",\"inLanguage\":\"gl-ES\",\"@id\":\"https:\\\/\\\/www.anovapeneira.gal\\\/index.php\\\/2019\\\/10\\\/04\\\/os-datos-do-ige-constatan-a-falta-de-liberdade-para-vivir-en-galego\\\/#primaryimage\",\"url\":\"https:\\\/\\\/www.anovapeneira.gal\\\/wp-content\\\/uploads\\\/2019\\\/09\\\/a_mesa_normalizacion_linguisticas_a_nova_peneira.jpg\",\"contentUrl\":\"https:\\\/\\\/www.anovapeneira.gal\\\/wp-content\\\/uploads\\\/2019\\\/09\\\/a_mesa_normalizacion_linguisticas_a_nova_peneira.jpg\",\"width\":720,\"height\":473,\"caption\":\"A Mesa de normalizaci\u00f3n A Nova Peneira\"},{\"@type\":\"BreadcrumbList\",\"@id\":\"https:\\\/\\\/www.anovapeneira.gal\\\/index.php\\\/2019\\\/10\\\/04\\\/os-datos-do-ige-constatan-a-falta-de-liberdade-para-vivir-en-galego\\\/#breadcrumb\",\"itemListElement\":[{\"@type\":\"ListItem\",\"position\":1,\"name\":\"Portada\",\"item\":\"https:\\\/\\\/www.anovapeneira.gal\\\/\"},{\"@type\":\"ListItem\",\"position\":2,\"name\":\"Os datos do IGE constatan a falta de liberdade para vivir en galego\"}]},{\"@type\":\"WebSite\",\"@id\":\"https:\\\/\\\/www.anovapeneira.gal\\\/#website\",\"url\":\"https:\\\/\\\/www.anovapeneira.gal\\\/\",\"name\":\"\",\"description\":\"Xornal galego de informaci\u00f3n xeral Publicaci\u00f3n mensual de novas de Galicia e en especial dos Concellos da sur da provincia de Pontevedra.\",\"publisher\":{\"@id\":\"https:\\\/\\\/www.anovapeneira.gal\\\/#organization\"},\"potentialAction\":[{\"@type\":\"SearchAction\",\"target\":{\"@type\":\"EntryPoint\",\"urlTemplate\":\"https:\\\/\\\/www.anovapeneira.gal\\\/?s={search_term_string}\"},\"query-input\":{\"@type\":\"PropertyValueSpecification\",\"valueRequired\":true,\"valueName\":\"search_term_string\"}}],\"inLanguage\":\"gl-ES\"},{\"@type\":\"Organization\",\"@id\":\"https:\\\/\\\/www.anovapeneira.gal\\\/#organization\",\"name\":\"A Nova Peneira\",\"url\":\"https:\\\/\\\/www.anovapeneira.gal\\\/\",\"logo\":{\"@type\":\"ImageObject\",\"inLanguage\":\"gl-ES\",\"@id\":\"https:\\\/\\\/www.anovapeneira.gal\\\/#\\\/schema\\\/logo\\\/image\\\/\",\"url\":\"http:\\\/\\\/www.anovapeneira.gal\\\/wp-content\\\/uploads\\\/2019\\\/06\\\/logo_a_nova_peneira_portal_web.png\",\"contentUrl\":\"http:\\\/\\\/www.anovapeneira.gal\\\/wp-content\\\/uploads\\\/2019\\\/06\\\/logo_a_nova_peneira_portal_web.png\",\"width\":300,\"height\":100,\"caption\":\"A Nova Peneira\"},\"image\":{\"@id\":\"https:\\\/\\\/www.anovapeneira.gal\\\/#\\\/schema\\\/logo\\\/image\\\/\"},\"sameAs\":[\"https:\\\/\\\/www.facebook.com\\\/anovapeneira\",\"https:\\\/\\\/x.com\\\/APeneira\"]},{\"@type\":\"Person\",\"@id\":\"https:\\\/\\\/www.anovapeneira.gal\\\/#\\\/schema\\\/person\\\/b93e3f8932e3f8da96334607eb6ac6aa\",\"name\":\"Redacci\u00f3n A Nova Peneira\",\"image\":{\"@type\":\"ImageObject\",\"inLanguage\":\"gl-ES\",\"@id\":\"https:\\\/\\\/secure.gravatar.com\\\/avatar\\\/c052a2551a06e23fac63626232eaa90abd78dbcf1700fc46a2b2c89fd27b735f?s=96&d=mm&r=g\",\"url\":\"https:\\\/\\\/secure.gravatar.com\\\/avatar\\\/c052a2551a06e23fac63626232eaa90abd78dbcf1700fc46a2b2c89fd27b735f?s=96&d=mm&r=g\",\"contentUrl\":\"https:\\\/\\\/secure.gravatar.com\\\/avatar\\\/c052a2551a06e23fac63626232eaa90abd78dbcf1700fc46a2b2c89fd27b735f?s=96&d=mm&r=g\",\"caption\":\"Redacci\u00f3n A Nova Peneira\"},\"sameAs\":[\"http:\\\/\\\/www.anovapeneira.gal\\\/\"],\"url\":\"https:\\\/\\\/www.anovapeneira.gal\\\/index.php\\\/author\\\/redactor\\\/\"}]}<\/script>\n<!-- \/ Yoast SEO plugin. -->","yoast_head_json":{"title":"Os datos do IGE constatan a falta de liberdade para vivir en galego -","robots":{"index":"index","follow":"follow","max-snippet":"max-snippet:-1","max-image-preview":"max-image-preview:large","max-video-preview":"max-video-preview:-1"},"canonical":"https:\/\/www.anovapeneira.gal\/index.php\/2019\/10\/04\/os-datos-do-ige-constatan-a-falta-de-liberdade-para-vivir-en-galego\/","og_locale":"gl_ES","og_type":"article","og_title":"Os datos do IGE constatan a falta de liberdade para vivir en galego -","og_description":"A enquisa sobre o uso do galego cifra as consecuencias da aplicaci\u00f3n do Decreto contra o galego no ensino [...]","og_url":"https:\/\/www.anovapeneira.gal\/index.php\/2019\/10\/04\/os-datos-do-ige-constatan-a-falta-de-liberdade-para-vivir-en-galego\/","article_publisher":"https:\/\/www.facebook.com\/anovapeneira","article_published_time":"2019-10-04T10:00:30+00:00","og_image":[{"width":720,"height":473,"url":"https:\/\/www.anovapeneira.gal\/wp-content\/uploads\/2019\/09\/a_mesa_normalizacion_linguisticas_a_nova_peneira.jpg","type":"image\/jpeg"}],"author":"Redacci\u00f3n A Nova Peneira","twitter_card":"summary_large_image","twitter_creator":"@APeneira","twitter_site":"@APeneira","twitter_misc":{"Escrito por":"Redacci\u00f3n A Nova Peneira","Tempo de lectura":"5 minutos"},"schema":{"@context":"https:\/\/schema.org","@graph":[{"@type":"Article","@id":"https:\/\/www.anovapeneira.gal\/index.php\/2019\/10\/04\/os-datos-do-ige-constatan-a-falta-de-liberdade-para-vivir-en-galego\/#article","isPartOf":{"@id":"https:\/\/www.anovapeneira.gal\/index.php\/2019\/10\/04\/os-datos-do-ige-constatan-a-falta-de-liberdade-para-vivir-en-galego\/"},"author":{"name":"Redacci\u00f3n A Nova Peneira","@id":"https:\/\/www.anovapeneira.gal\/#\/schema\/person\/b93e3f8932e3f8da96334607eb6ac6aa"},"headline":"Os datos do IGE constatan a falta de liberdade para vivir en galego","datePublished":"2019-10-04T10:00:30+00:00","mainEntityOfPage":{"@id":"https:\/\/www.anovapeneira.gal\/index.php\/2019\/10\/04\/os-datos-do-ige-constatan-a-falta-de-liberdade-para-vivir-en-galego\/"},"wordCount":997,"commentCount":0,"publisher":{"@id":"https:\/\/www.anovapeneira.gal\/#organization"},"image":{"@id":"https:\/\/www.anovapeneira.gal\/index.php\/2019\/10\/04\/os-datos-do-ige-constatan-a-falta-de-liberdade-para-vivir-en-galego\/#primaryimage"},"thumbnailUrl":"https:\/\/www.anovapeneira.gal\/wp-content\/uploads\/2019\/09\/a_mesa_normalizacion_linguisticas_a_nova_peneira.jpg","keywords":["IGE","Normalizaci\u00f3n","Uso do galego"],"articleSection":["Novas"],"inLanguage":"gl-ES","potentialAction":[{"@type":"CommentAction","name":"Comment","target":["https:\/\/www.anovapeneira.gal\/index.php\/2019\/10\/04\/os-datos-do-ige-constatan-a-falta-de-liberdade-para-vivir-en-galego\/#respond"]}]},{"@type":"WebPage","@id":"https:\/\/www.anovapeneira.gal\/index.php\/2019\/10\/04\/os-datos-do-ige-constatan-a-falta-de-liberdade-para-vivir-en-galego\/","url":"https:\/\/www.anovapeneira.gal\/index.php\/2019\/10\/04\/os-datos-do-ige-constatan-a-falta-de-liberdade-para-vivir-en-galego\/","name":"Os datos do IGE constatan a falta de liberdade para vivir en galego -","isPartOf":{"@id":"https:\/\/www.anovapeneira.gal\/#website"},"primaryImageOfPage":{"@id":"https:\/\/www.anovapeneira.gal\/index.php\/2019\/10\/04\/os-datos-do-ige-constatan-a-falta-de-liberdade-para-vivir-en-galego\/#primaryimage"},"image":{"@id":"https:\/\/www.anovapeneira.gal\/index.php\/2019\/10\/04\/os-datos-do-ige-constatan-a-falta-de-liberdade-para-vivir-en-galego\/#primaryimage"},"thumbnailUrl":"https:\/\/www.anovapeneira.gal\/wp-content\/uploads\/2019\/09\/a_mesa_normalizacion_linguisticas_a_nova_peneira.jpg","datePublished":"2019-10-04T10:00:30+00:00","breadcrumb":{"@id":"https:\/\/www.anovapeneira.gal\/index.php\/2019\/10\/04\/os-datos-do-ige-constatan-a-falta-de-liberdade-para-vivir-en-galego\/#breadcrumb"},"inLanguage":"gl-ES","potentialAction":[{"@type":"ReadAction","target":["https:\/\/www.anovapeneira.gal\/index.php\/2019\/10\/04\/os-datos-do-ige-constatan-a-falta-de-liberdade-para-vivir-en-galego\/"]}]},{"@type":"ImageObject","inLanguage":"gl-ES","@id":"https:\/\/www.anovapeneira.gal\/index.php\/2019\/10\/04\/os-datos-do-ige-constatan-a-falta-de-liberdade-para-vivir-en-galego\/#primaryimage","url":"https:\/\/www.anovapeneira.gal\/wp-content\/uploads\/2019\/09\/a_mesa_normalizacion_linguisticas_a_nova_peneira.jpg","contentUrl":"https:\/\/www.anovapeneira.gal\/wp-content\/uploads\/2019\/09\/a_mesa_normalizacion_linguisticas_a_nova_peneira.jpg","width":720,"height":473,"caption":"A Mesa de normalizaci\u00f3n A Nova Peneira"},{"@type":"BreadcrumbList","@id":"https:\/\/www.anovapeneira.gal\/index.php\/2019\/10\/04\/os-datos-do-ige-constatan-a-falta-de-liberdade-para-vivir-en-galego\/#breadcrumb","itemListElement":[{"@type":"ListItem","position":1,"name":"Portada","item":"https:\/\/www.anovapeneira.gal\/"},{"@type":"ListItem","position":2,"name":"Os datos do IGE constatan a falta de liberdade para vivir en galego"}]},{"@type":"WebSite","@id":"https:\/\/www.anovapeneira.gal\/#website","url":"https:\/\/www.anovapeneira.gal\/","name":"","description":"Xornal galego de informaci\u00f3n xeral Publicaci\u00f3n mensual de novas de Galicia e en especial dos Concellos da sur da provincia de Pontevedra.","publisher":{"@id":"https:\/\/www.anovapeneira.gal\/#organization"},"potentialAction":[{"@type":"SearchAction","target":{"@type":"EntryPoint","urlTemplate":"https:\/\/www.anovapeneira.gal\/?s={search_term_string}"},"query-input":{"@type":"PropertyValueSpecification","valueRequired":true,"valueName":"search_term_string"}}],"inLanguage":"gl-ES"},{"@type":"Organization","@id":"https:\/\/www.anovapeneira.gal\/#organization","name":"A Nova Peneira","url":"https:\/\/www.anovapeneira.gal\/","logo":{"@type":"ImageObject","inLanguage":"gl-ES","@id":"https:\/\/www.anovapeneira.gal\/#\/schema\/logo\/image\/","url":"http:\/\/www.anovapeneira.gal\/wp-content\/uploads\/2019\/06\/logo_a_nova_peneira_portal_web.png","contentUrl":"http:\/\/www.anovapeneira.gal\/wp-content\/uploads\/2019\/06\/logo_a_nova_peneira_portal_web.png","width":300,"height":100,"caption":"A Nova Peneira"},"image":{"@id":"https:\/\/www.anovapeneira.gal\/#\/schema\/logo\/image\/"},"sameAs":["https:\/\/www.facebook.com\/anovapeneira","https:\/\/x.com\/APeneira"]},{"@type":"Person","@id":"https:\/\/www.anovapeneira.gal\/#\/schema\/person\/b93e3f8932e3f8da96334607eb6ac6aa","name":"Redacci\u00f3n A Nova Peneira","image":{"@type":"ImageObject","inLanguage":"gl-ES","@id":"https:\/\/secure.gravatar.com\/avatar\/c052a2551a06e23fac63626232eaa90abd78dbcf1700fc46a2b2c89fd27b735f?s=96&d=mm&r=g","url":"https:\/\/secure.gravatar.com\/avatar\/c052a2551a06e23fac63626232eaa90abd78dbcf1700fc46a2b2c89fd27b735f?s=96&d=mm&r=g","contentUrl":"https:\/\/secure.gravatar.com\/avatar\/c052a2551a06e23fac63626232eaa90abd78dbcf1700fc46a2b2c89fd27b735f?s=96&d=mm&r=g","caption":"Redacci\u00f3n A Nova Peneira"},"sameAs":["http:\/\/www.anovapeneira.gal\/"],"url":"https:\/\/www.anovapeneira.gal\/index.php\/author\/redactor\/"}]}},"jetpack_featured_media_url":"https:\/\/www.anovapeneira.gal\/wp-content\/uploads\/2019\/09\/a_mesa_normalizacion_linguisticas_a_nova_peneira.jpg","_links":{"self":[{"href":"https:\/\/www.anovapeneira.gal\/index.php\/wp-json\/wp\/v2\/posts\/1421","targetHints":{"allow":["GET"]}}],"collection":[{"href":"https:\/\/www.anovapeneira.gal\/index.php\/wp-json\/wp\/v2\/posts"}],"about":[{"href":"https:\/\/www.anovapeneira.gal\/index.php\/wp-json\/wp\/v2\/types\/post"}],"author":[{"embeddable":true,"href":"https:\/\/www.anovapeneira.gal\/index.php\/wp-json\/wp\/v2\/users\/3"}],"replies":[{"embeddable":true,"href":"https:\/\/www.anovapeneira.gal\/index.php\/wp-json\/wp\/v2\/comments?post=1421"}],"version-history":[{"count":1,"href":"https:\/\/www.anovapeneira.gal\/index.php\/wp-json\/wp\/v2\/posts\/1421\/revisions"}],"predecessor-version":[{"id":1423,"href":"https:\/\/www.anovapeneira.gal\/index.php\/wp-json\/wp\/v2\/posts\/1421\/revisions\/1423"}],"wp:featuredmedia":[{"embeddable":true,"href":"https:\/\/www.anovapeneira.gal\/index.php\/wp-json\/wp\/v2\/media\/1422"}],"wp:attachment":[{"href":"https:\/\/www.anovapeneira.gal\/index.php\/wp-json\/wp\/v2\/media?parent=1421"}],"wp:term":[{"taxonomy":"category","embeddable":true,"href":"https:\/\/www.anovapeneira.gal\/index.php\/wp-json\/wp\/v2\/categories?post=1421"},{"taxonomy":"post_tag","embeddable":true,"href":"https:\/\/www.anovapeneira.gal\/index.php\/wp-json\/wp\/v2\/tags?post=1421"}],"curies":[{"name":"wp","href":"https:\/\/api.w.org\/{rel}","templated":true}]}}