{"id":14215,"date":"2025-07-16T12:00:47","date_gmt":"2025-07-16T10:00:47","guid":{"rendered":"https:\/\/www.anovapeneira.gal\/?p=14215"},"modified":"2025-07-15T18:25:33","modified_gmt":"2025-07-15T16:25:33","slug":"unha-nacion-en-marcha-para-ganar-o-futuro","status":"publish","type":"post","link":"https:\/\/www.anovapeneira.gal\/index.php\/2025\/07\/16\/unha-nacion-en-marcha-para-ganar-o-futuro\/","title":{"rendered":"Unha naci\u00f3n en marcha para ga\u00f1ar o futuro"},"content":{"rendered":"\n<pre class=\"wp-block-verse\">Ana Pont\u00f3n, portavoz nacional do BNG<\/pre>\n\n\n\n<p>A naci\u00f3n galega existe. E o 25 de xullo \u00e9 a data simb\u00f3lica en que Galiza se mira ao espello e se reco\u00f1ece, con firmeza e dignidade, como unha naci\u00f3n viva e con identidade propia no mundo. Celebramos o D\u00eda da Patria Galega como a expresi\u00f3n colectiva que une xeraci\u00f3ns e sensibilidades arredor dunha idea com\u00fan e poderosa: Galiza ten dereito a existir como suxeito pol\u00edtico, como naci\u00f3n con voz propia.<\/p>\n\n\n\n<p>Desde a praza da Quintana, que cada ano se transforma no coraz\u00f3n do pa\u00eds, at\u00e9 cada recuncho das nosas aldeas e cidades, sentimos ese latexo que nos fai cami\u00f1ar con orgullo. A bandeira azul e branca \u00e9 s\u00edmbolo, mais tam\u00e9n memoria das e dos que loitaron antes ca n\u00f3s e esperanza de quen xa ve\u00f1en detr\u00e1s. \u00c9 o compromiso de non calar, de non baixar a cabeza, de non aceptar que Galiza quede reducida a unha nota ao p\u00e9 de p\u00e1xina na historia escrita por outros.<\/p>\n\n\n\n<p>Este 2025 \u00e9 tam\u00e9n ano de memoria e gratitude. C\u00famprense 75 anos da morte de Castelao, o noso faro, o intelectual e patriota que entendeu coma ningu\u00e9n que Galiza precisaba cultura, dignidade e liberdade a partes iguais. Lembr\u00e1molo como gu\u00eda verdadeira do presente e do porvir. O seu legado, o seu exemplo e compromiso contin\u00faa vixente e vivo no nacionalismo galego actual.<\/p>\n\n\n\n<p>Con el, con n\u00f3s, todas as loitas en favor do pa\u00eds. A primeira, a da lingua galega, que segue a ser o alicerce da nosa identidade. Defender o galego \u00e9 defender a Galiza. Por iso, desde o BNG non deixamos de reclamar pol\u00edticas p\u00fablicas ambiciosas e valentes, que garantan o seu uso efectivo en todos os \u00e1mbitos: na escola, na xustiza, nos medios, nas redes, na vida coti\u00e1. Fronte os ataques e a discriminaci\u00f3n do PP contra os dereitos das persoas galegofalantes e contra o propio idioma, queremos unha Galiza onde falar galego non sexa un acto de resistencia, sen\u00f3n de normalidade e orgullo.<\/p>\n\n\n\n<p>Estivemos tam\u00e9n nas r\u00faas defendendo a terra fronte ao macroproxecto de Altri, que ameaza os nosos recursos naturais e o futuro das comarcas afectadas. Denunciamos o espolio e\u00f3lico que transforma os nosos montes en negocio para uns poucos. E loitamos pola sanidade p\u00fablica, fronte aos recortes e \u00e1 privatizaci\u00f3n encuberta, ao lado de milleiros de persoas que queren vivir con dignidade no seu pa\u00eds.<\/p>\n\n\n\n<p>A nosa \u00e9 unha Galiza viva, aberta, inclusiva, xusta e forte. Que tende a man a quen v\u00e9n de f\u00f3ra, que acolle, que coide a diversidade e a pluralidade. Queremos unha patria onde todas e todos te\u00f1amos voz, sen importar a orixe, o x\u00e9nero ou a idade. Unha Galiza con dereitos, igualitaria, feminista e solidaria. Unha patria viva, en movemento, que avanza sen deixar a ningu\u00e9n atr\u00e1s.<\/p>\n\n\n\n<p>A nosa forza non nace dun despacho en Madrid, sen\u00f3n da r\u00faa, da xente que cre que \u00e9 posible outra Galiza. O BNG leva anos demostrando que hai outra maneira de facer pol\u00edtica: con honestidade, con valent\u00eda, coa cabeza e o coraz\u00f3n postos no pa\u00eds. Cada paso que damos, d\u00e1molo coa convicci\u00f3n de que o futuro de Galiza non est\u00e1 escrito, sen\u00f3n que o imos escribir entre todas e todos.<\/p>\n\n\n\n<p>Este 25 de xullo non \u00e9 unha conmemoraci\u00f3n ritual, sen\u00f3n un compromiso renovado. Porque amar Galiza \u00e9 traballar por ela todos os d\u00edas. \u00c9 po\u00f1er o mellor de n\u00f3s ao servizo do com\u00fan. \u00c9 seguir so\u00f1ando cun pa\u00eds libre, pr\u00f3spero e xusto. E ese so\u00f1o non \u00e9 utop\u00eda: \u00e9 tarefa colectiva.<\/p>\n\n\n\n<p>Un ano m\u00e1is, volveremos xuntarnos na Quintana, na compa\u00f1a da memoria e da esperanza. E al\u00ed, ergueremos a voz para dicir que Galiza existe, resiste e avanza. Porque temos historia, temos cultura, temos pobo&#8230; e temos futuro. Celebremos xuntos e xuntas a naci\u00f3n que compartimos.<\/p>\n\n\n\n<p>Viva Galiza, viva o orgullo de sermos quen somos.<\/p>\n","protected":false},"excerpt":{"rendered":"<div class=\"mh-excerpt\"><p>A naci\u00f3n galega existe. E o 25 de xullo \u00e9 a data simb\u00f3lica en que Galiza se mira ao espello e se reco\u00f1ece, con firmeza e dignidade, como unha naci\u00f3n viva e con identidade propia no mundo.  <a class=\"mh-excerpt-more\" href=\"https:\/\/www.anovapeneira.gal\/index.php\/2025\/07\/16\/unha-nacion-en-marcha-para-ganar-o-futuro\/\" title=\"Unha naci\u00f3n en marcha para ga\u00f1ar o futuro\">[&#8230;]<\/a><\/p>\n<\/div>","protected":false},"author":12,"featured_media":8701,"comment_status":"open","ping_status":"open","sticky":false,"template":"","format":"standard","meta":{"_exactmetrics_skip_tracking":false,"_exactmetrics_sitenote_active":false,"_exactmetrics_sitenote_note":"","_exactmetrics_sitenote_category":0,"footnotes":""},"categories":[7],"tags":[282,281],"class_list":{"0":"post-14215","1":"post","2":"type-post","3":"status-publish","4":"format-standard","5":"has-post-thumbnail","7":"category-artigos-de-opinion","8":"tag-25-de-xullo","9":"tag-ana-ponton"},"yoast_head":"<!-- This site is optimized with the Yoast SEO plugin v27.4 - https:\/\/yoast.com\/product\/yoast-seo-wordpress\/ -->\n<title>Unha naci\u00f3n en marcha para ga\u00f1ar o futuro -<\/title>\n<meta name=\"robots\" content=\"index, follow, max-snippet:-1, max-image-preview:large, max-video-preview:-1\" \/>\n<link rel=\"canonical\" href=\"https:\/\/www.anovapeneira.gal\/index.php\/2025\/07\/16\/unha-nacion-en-marcha-para-ganar-o-futuro\/\" \/>\n<meta property=\"og:locale\" content=\"gl_ES\" \/>\n<meta property=\"og:type\" content=\"article\" \/>\n<meta property=\"og:title\" content=\"Unha naci\u00f3n en marcha para ga\u00f1ar o futuro -\" \/>\n<meta property=\"og:description\" content=\"A naci\u00f3n galega existe. E o 25 de xullo \u00e9 a data simb\u00f3lica en que Galiza se mira ao espello e se reco\u00f1ece, con firmeza e dignidade, como unha naci\u00f3n viva e con identidade propia no mundo. [...]\" \/>\n<meta property=\"og:url\" content=\"https:\/\/www.anovapeneira.gal\/index.php\/2025\/07\/16\/unha-nacion-en-marcha-para-ganar-o-futuro\/\" \/>\n<meta property=\"article:publisher\" content=\"https:\/\/www.facebook.com\/anovapeneira\" \/>\n<meta property=\"article:published_time\" content=\"2025-07-16T10:00:47+00:00\" \/>\n<meta property=\"og:image\" content=\"https:\/\/www.anovapeneira.gal\/wp-content\/uploads\/2022\/12\/ana_ponton_novembro_2022.jpg\" \/>\n\t<meta property=\"og:image:width\" content=\"720\" \/>\n\t<meta property=\"og:image:height\" content=\"432\" \/>\n\t<meta property=\"og:image:type\" content=\"image\/jpeg\" \/>\n<meta name=\"author\" content=\"Artigos Opini\u00f3n\" \/>\n<meta name=\"twitter:card\" content=\"summary_large_image\" \/>\n<meta name=\"twitter:creator\" content=\"@APeneira\" \/>\n<meta name=\"twitter:site\" content=\"@APeneira\" \/>\n<meta name=\"twitter:label1\" content=\"Escrito por\" \/>\n\t<meta name=\"twitter:data1\" content=\"Artigos Opini\u00f3n\" \/>\n\t<meta name=\"twitter:label2\" content=\"Tempo de lectura\" \/>\n\t<meta name=\"twitter:data2\" content=\"4 minutos\" \/>\n<script type=\"application\/ld+json\" class=\"yoast-schema-graph\">{\"@context\":\"https:\\\/\\\/schema.org\",\"@graph\":[{\"@type\":\"Article\",\"@id\":\"https:\\\/\\\/www.anovapeneira.gal\\\/index.php\\\/2025\\\/07\\\/16\\\/unha-nacion-en-marcha-para-ganar-o-futuro\\\/#article\",\"isPartOf\":{\"@id\":\"https:\\\/\\\/www.anovapeneira.gal\\\/index.php\\\/2025\\\/07\\\/16\\\/unha-nacion-en-marcha-para-ganar-o-futuro\\\/\"},\"author\":{\"name\":\"Artigos Opini\u00f3n\",\"@id\":\"https:\\\/\\\/www.anovapeneira.gal\\\/#\\\/schema\\\/person\\\/f18a4feb302e8f20bcef4490b5b60bb3\"},\"headline\":\"Unha naci\u00f3n en marcha para ga\u00f1ar o futuro\",\"datePublished\":\"2025-07-16T10:00:47+00:00\",\"mainEntityOfPage\":{\"@id\":\"https:\\\/\\\/www.anovapeneira.gal\\\/index.php\\\/2025\\\/07\\\/16\\\/unha-nacion-en-marcha-para-ganar-o-futuro\\\/\"},\"wordCount\":687,\"commentCount\":0,\"publisher\":{\"@id\":\"https:\\\/\\\/www.anovapeneira.gal\\\/#organization\"},\"image\":{\"@id\":\"https:\\\/\\\/www.anovapeneira.gal\\\/index.php\\\/2025\\\/07\\\/16\\\/unha-nacion-en-marcha-para-ganar-o-futuro\\\/#primaryimage\"},\"thumbnailUrl\":\"https:\\\/\\\/www.anovapeneira.gal\\\/wp-content\\\/uploads\\\/2022\\\/12\\\/ana_ponton_novembro_2022.jpg\",\"keywords\":[\"25 de xullo\",\"Ana Pont\u00f3n\"],\"articleSection\":[\"Artigos de opini\u00f3n\"],\"inLanguage\":\"gl-ES\",\"potentialAction\":[{\"@type\":\"CommentAction\",\"name\":\"Comment\",\"target\":[\"https:\\\/\\\/www.anovapeneira.gal\\\/index.php\\\/2025\\\/07\\\/16\\\/unha-nacion-en-marcha-para-ganar-o-futuro\\\/#respond\"]}]},{\"@type\":\"WebPage\",\"@id\":\"https:\\\/\\\/www.anovapeneira.gal\\\/index.php\\\/2025\\\/07\\\/16\\\/unha-nacion-en-marcha-para-ganar-o-futuro\\\/\",\"url\":\"https:\\\/\\\/www.anovapeneira.gal\\\/index.php\\\/2025\\\/07\\\/16\\\/unha-nacion-en-marcha-para-ganar-o-futuro\\\/\",\"name\":\"Unha naci\u00f3n en marcha para ga\u00f1ar o futuro -\",\"isPartOf\":{\"@id\":\"https:\\\/\\\/www.anovapeneira.gal\\\/#website\"},\"primaryImageOfPage\":{\"@id\":\"https:\\\/\\\/www.anovapeneira.gal\\\/index.php\\\/2025\\\/07\\\/16\\\/unha-nacion-en-marcha-para-ganar-o-futuro\\\/#primaryimage\"},\"image\":{\"@id\":\"https:\\\/\\\/www.anovapeneira.gal\\\/index.php\\\/2025\\\/07\\\/16\\\/unha-nacion-en-marcha-para-ganar-o-futuro\\\/#primaryimage\"},\"thumbnailUrl\":\"https:\\\/\\\/www.anovapeneira.gal\\\/wp-content\\\/uploads\\\/2022\\\/12\\\/ana_ponton_novembro_2022.jpg\",\"datePublished\":\"2025-07-16T10:00:47+00:00\",\"breadcrumb\":{\"@id\":\"https:\\\/\\\/www.anovapeneira.gal\\\/index.php\\\/2025\\\/07\\\/16\\\/unha-nacion-en-marcha-para-ganar-o-futuro\\\/#breadcrumb\"},\"inLanguage\":\"gl-ES\",\"potentialAction\":[{\"@type\":\"ReadAction\",\"target\":[\"https:\\\/\\\/www.anovapeneira.gal\\\/index.php\\\/2025\\\/07\\\/16\\\/unha-nacion-en-marcha-para-ganar-o-futuro\\\/\"]}]},{\"@type\":\"ImageObject\",\"inLanguage\":\"gl-ES\",\"@id\":\"https:\\\/\\\/www.anovapeneira.gal\\\/index.php\\\/2025\\\/07\\\/16\\\/unha-nacion-en-marcha-para-ganar-o-futuro\\\/#primaryimage\",\"url\":\"https:\\\/\\\/www.anovapeneira.gal\\\/wp-content\\\/uploads\\\/2022\\\/12\\\/ana_ponton_novembro_2022.jpg\",\"contentUrl\":\"https:\\\/\\\/www.anovapeneira.gal\\\/wp-content\\\/uploads\\\/2022\\\/12\\\/ana_ponton_novembro_2022.jpg\",\"width\":720,\"height\":432,\"caption\":\"Ana Pont\u00f3n\"},{\"@type\":\"BreadcrumbList\",\"@id\":\"https:\\\/\\\/www.anovapeneira.gal\\\/index.php\\\/2025\\\/07\\\/16\\\/unha-nacion-en-marcha-para-ganar-o-futuro\\\/#breadcrumb\",\"itemListElement\":[{\"@type\":\"ListItem\",\"position\":1,\"name\":\"Portada\",\"item\":\"https:\\\/\\\/www.anovapeneira.gal\\\/\"},{\"@type\":\"ListItem\",\"position\":2,\"name\":\"Unha naci\u00f3n en marcha para ga\u00f1ar o futuro\"}]},{\"@type\":\"WebSite\",\"@id\":\"https:\\\/\\\/www.anovapeneira.gal\\\/#website\",\"url\":\"https:\\\/\\\/www.anovapeneira.gal\\\/\",\"name\":\"\",\"description\":\"Xornal galego de informaci\u00f3n xeral Publicaci\u00f3n mensual de novas de Galicia e en especial dos Concellos da sur da provincia de Pontevedra.\",\"publisher\":{\"@id\":\"https:\\\/\\\/www.anovapeneira.gal\\\/#organization\"},\"potentialAction\":[{\"@type\":\"SearchAction\",\"target\":{\"@type\":\"EntryPoint\",\"urlTemplate\":\"https:\\\/\\\/www.anovapeneira.gal\\\/?s={search_term_string}\"},\"query-input\":{\"@type\":\"PropertyValueSpecification\",\"valueRequired\":true,\"valueName\":\"search_term_string\"}}],\"inLanguage\":\"gl-ES\"},{\"@type\":\"Organization\",\"@id\":\"https:\\\/\\\/www.anovapeneira.gal\\\/#organization\",\"name\":\"A Nova Peneira\",\"url\":\"https:\\\/\\\/www.anovapeneira.gal\\\/\",\"logo\":{\"@type\":\"ImageObject\",\"inLanguage\":\"gl-ES\",\"@id\":\"https:\\\/\\\/www.anovapeneira.gal\\\/#\\\/schema\\\/logo\\\/image\\\/\",\"url\":\"http:\\\/\\\/www.anovapeneira.gal\\\/wp-content\\\/uploads\\\/2019\\\/06\\\/logo_a_nova_peneira_portal_web.png\",\"contentUrl\":\"http:\\\/\\\/www.anovapeneira.gal\\\/wp-content\\\/uploads\\\/2019\\\/06\\\/logo_a_nova_peneira_portal_web.png\",\"width\":300,\"height\":100,\"caption\":\"A Nova Peneira\"},\"image\":{\"@id\":\"https:\\\/\\\/www.anovapeneira.gal\\\/#\\\/schema\\\/logo\\\/image\\\/\"},\"sameAs\":[\"https:\\\/\\\/www.facebook.com\\\/anovapeneira\",\"https:\\\/\\\/x.com\\\/APeneira\"]},{\"@type\":\"Person\",\"@id\":\"https:\\\/\\\/www.anovapeneira.gal\\\/#\\\/schema\\\/person\\\/f18a4feb302e8f20bcef4490b5b60bb3\",\"name\":\"Artigos Opini\u00f3n\",\"image\":{\"@type\":\"ImageObject\",\"inLanguage\":\"gl-ES\",\"@id\":\"https:\\\/\\\/secure.gravatar.com\\\/avatar\\\/072844300f4881150aee2da4278f7a65d16eefdf8262eb67085f1e702de2b959?s=96&d=mm&r=g\",\"url\":\"https:\\\/\\\/secure.gravatar.com\\\/avatar\\\/072844300f4881150aee2da4278f7a65d16eefdf8262eb67085f1e702de2b959?s=96&d=mm&r=g\",\"contentUrl\":\"https:\\\/\\\/secure.gravatar.com\\\/avatar\\\/072844300f4881150aee2da4278f7a65d16eefdf8262eb67085f1e702de2b959?s=96&d=mm&r=g\",\"caption\":\"Artigos Opini\u00f3n\"},\"sameAs\":[\"http:\\\/\\\/anovapeneira.gal\"],\"url\":\"https:\\\/\\\/www.anovapeneira.gal\\\/index.php\\\/author\\\/artigosopinion\\\/\"}]}<\/script>\n<!-- \/ Yoast SEO plugin. -->","yoast_head_json":{"title":"Unha naci\u00f3n en marcha para ga\u00f1ar o futuro -","robots":{"index":"index","follow":"follow","max-snippet":"max-snippet:-1","max-image-preview":"max-image-preview:large","max-video-preview":"max-video-preview:-1"},"canonical":"https:\/\/www.anovapeneira.gal\/index.php\/2025\/07\/16\/unha-nacion-en-marcha-para-ganar-o-futuro\/","og_locale":"gl_ES","og_type":"article","og_title":"Unha naci\u00f3n en marcha para ga\u00f1ar o futuro -","og_description":"A naci\u00f3n galega existe. E o 25 de xullo \u00e9 a data simb\u00f3lica en que Galiza se mira ao espello e se reco\u00f1ece, con firmeza e dignidade, como unha naci\u00f3n viva e con identidade propia no mundo. [...]","og_url":"https:\/\/www.anovapeneira.gal\/index.php\/2025\/07\/16\/unha-nacion-en-marcha-para-ganar-o-futuro\/","article_publisher":"https:\/\/www.facebook.com\/anovapeneira","article_published_time":"2025-07-16T10:00:47+00:00","og_image":[{"width":720,"height":432,"url":"https:\/\/www.anovapeneira.gal\/wp-content\/uploads\/2022\/12\/ana_ponton_novembro_2022.jpg","type":"image\/jpeg"}],"author":"Artigos Opini\u00f3n","twitter_card":"summary_large_image","twitter_creator":"@APeneira","twitter_site":"@APeneira","twitter_misc":{"Escrito por":"Artigos Opini\u00f3n","Tempo de lectura":"4 minutos"},"schema":{"@context":"https:\/\/schema.org","@graph":[{"@type":"Article","@id":"https:\/\/www.anovapeneira.gal\/index.php\/2025\/07\/16\/unha-nacion-en-marcha-para-ganar-o-futuro\/#article","isPartOf":{"@id":"https:\/\/www.anovapeneira.gal\/index.php\/2025\/07\/16\/unha-nacion-en-marcha-para-ganar-o-futuro\/"},"author":{"name":"Artigos Opini\u00f3n","@id":"https:\/\/www.anovapeneira.gal\/#\/schema\/person\/f18a4feb302e8f20bcef4490b5b60bb3"},"headline":"Unha naci\u00f3n en marcha para ga\u00f1ar o futuro","datePublished":"2025-07-16T10:00:47+00:00","mainEntityOfPage":{"@id":"https:\/\/www.anovapeneira.gal\/index.php\/2025\/07\/16\/unha-nacion-en-marcha-para-ganar-o-futuro\/"},"wordCount":687,"commentCount":0,"publisher":{"@id":"https:\/\/www.anovapeneira.gal\/#organization"},"image":{"@id":"https:\/\/www.anovapeneira.gal\/index.php\/2025\/07\/16\/unha-nacion-en-marcha-para-ganar-o-futuro\/#primaryimage"},"thumbnailUrl":"https:\/\/www.anovapeneira.gal\/wp-content\/uploads\/2022\/12\/ana_ponton_novembro_2022.jpg","keywords":["25 de xullo","Ana Pont\u00f3n"],"articleSection":["Artigos de opini\u00f3n"],"inLanguage":"gl-ES","potentialAction":[{"@type":"CommentAction","name":"Comment","target":["https:\/\/www.anovapeneira.gal\/index.php\/2025\/07\/16\/unha-nacion-en-marcha-para-ganar-o-futuro\/#respond"]}]},{"@type":"WebPage","@id":"https:\/\/www.anovapeneira.gal\/index.php\/2025\/07\/16\/unha-nacion-en-marcha-para-ganar-o-futuro\/","url":"https:\/\/www.anovapeneira.gal\/index.php\/2025\/07\/16\/unha-nacion-en-marcha-para-ganar-o-futuro\/","name":"Unha naci\u00f3n en marcha para ga\u00f1ar o futuro -","isPartOf":{"@id":"https:\/\/www.anovapeneira.gal\/#website"},"primaryImageOfPage":{"@id":"https:\/\/www.anovapeneira.gal\/index.php\/2025\/07\/16\/unha-nacion-en-marcha-para-ganar-o-futuro\/#primaryimage"},"image":{"@id":"https:\/\/www.anovapeneira.gal\/index.php\/2025\/07\/16\/unha-nacion-en-marcha-para-ganar-o-futuro\/#primaryimage"},"thumbnailUrl":"https:\/\/www.anovapeneira.gal\/wp-content\/uploads\/2022\/12\/ana_ponton_novembro_2022.jpg","datePublished":"2025-07-16T10:00:47+00:00","breadcrumb":{"@id":"https:\/\/www.anovapeneira.gal\/index.php\/2025\/07\/16\/unha-nacion-en-marcha-para-ganar-o-futuro\/#breadcrumb"},"inLanguage":"gl-ES","potentialAction":[{"@type":"ReadAction","target":["https:\/\/www.anovapeneira.gal\/index.php\/2025\/07\/16\/unha-nacion-en-marcha-para-ganar-o-futuro\/"]}]},{"@type":"ImageObject","inLanguage":"gl-ES","@id":"https:\/\/www.anovapeneira.gal\/index.php\/2025\/07\/16\/unha-nacion-en-marcha-para-ganar-o-futuro\/#primaryimage","url":"https:\/\/www.anovapeneira.gal\/wp-content\/uploads\/2022\/12\/ana_ponton_novembro_2022.jpg","contentUrl":"https:\/\/www.anovapeneira.gal\/wp-content\/uploads\/2022\/12\/ana_ponton_novembro_2022.jpg","width":720,"height":432,"caption":"Ana Pont\u00f3n"},{"@type":"BreadcrumbList","@id":"https:\/\/www.anovapeneira.gal\/index.php\/2025\/07\/16\/unha-nacion-en-marcha-para-ganar-o-futuro\/#breadcrumb","itemListElement":[{"@type":"ListItem","position":1,"name":"Portada","item":"https:\/\/www.anovapeneira.gal\/"},{"@type":"ListItem","position":2,"name":"Unha naci\u00f3n en marcha para ga\u00f1ar o futuro"}]},{"@type":"WebSite","@id":"https:\/\/www.anovapeneira.gal\/#website","url":"https:\/\/www.anovapeneira.gal\/","name":"","description":"Xornal galego de informaci\u00f3n xeral Publicaci\u00f3n mensual de novas de Galicia e en especial dos Concellos da sur da provincia de Pontevedra.","publisher":{"@id":"https:\/\/www.anovapeneira.gal\/#organization"},"potentialAction":[{"@type":"SearchAction","target":{"@type":"EntryPoint","urlTemplate":"https:\/\/www.anovapeneira.gal\/?s={search_term_string}"},"query-input":{"@type":"PropertyValueSpecification","valueRequired":true,"valueName":"search_term_string"}}],"inLanguage":"gl-ES"},{"@type":"Organization","@id":"https:\/\/www.anovapeneira.gal\/#organization","name":"A Nova Peneira","url":"https:\/\/www.anovapeneira.gal\/","logo":{"@type":"ImageObject","inLanguage":"gl-ES","@id":"https:\/\/www.anovapeneira.gal\/#\/schema\/logo\/image\/","url":"http:\/\/www.anovapeneira.gal\/wp-content\/uploads\/2019\/06\/logo_a_nova_peneira_portal_web.png","contentUrl":"http:\/\/www.anovapeneira.gal\/wp-content\/uploads\/2019\/06\/logo_a_nova_peneira_portal_web.png","width":300,"height":100,"caption":"A Nova Peneira"},"image":{"@id":"https:\/\/www.anovapeneira.gal\/#\/schema\/logo\/image\/"},"sameAs":["https:\/\/www.facebook.com\/anovapeneira","https:\/\/x.com\/APeneira"]},{"@type":"Person","@id":"https:\/\/www.anovapeneira.gal\/#\/schema\/person\/f18a4feb302e8f20bcef4490b5b60bb3","name":"Artigos Opini\u00f3n","image":{"@type":"ImageObject","inLanguage":"gl-ES","@id":"https:\/\/secure.gravatar.com\/avatar\/072844300f4881150aee2da4278f7a65d16eefdf8262eb67085f1e702de2b959?s=96&d=mm&r=g","url":"https:\/\/secure.gravatar.com\/avatar\/072844300f4881150aee2da4278f7a65d16eefdf8262eb67085f1e702de2b959?s=96&d=mm&r=g","contentUrl":"https:\/\/secure.gravatar.com\/avatar\/072844300f4881150aee2da4278f7a65d16eefdf8262eb67085f1e702de2b959?s=96&d=mm&r=g","caption":"Artigos Opini\u00f3n"},"sameAs":["http:\/\/anovapeneira.gal"],"url":"https:\/\/www.anovapeneira.gal\/index.php\/author\/artigosopinion\/"}]}},"jetpack_featured_media_url":"https:\/\/www.anovapeneira.gal\/wp-content\/uploads\/2022\/12\/ana_ponton_novembro_2022.jpg","_links":{"self":[{"href":"https:\/\/www.anovapeneira.gal\/index.php\/wp-json\/wp\/v2\/posts\/14215","targetHints":{"allow":["GET"]}}],"collection":[{"href":"https:\/\/www.anovapeneira.gal\/index.php\/wp-json\/wp\/v2\/posts"}],"about":[{"href":"https:\/\/www.anovapeneira.gal\/index.php\/wp-json\/wp\/v2\/types\/post"}],"author":[{"embeddable":true,"href":"https:\/\/www.anovapeneira.gal\/index.php\/wp-json\/wp\/v2\/users\/12"}],"replies":[{"embeddable":true,"href":"https:\/\/www.anovapeneira.gal\/index.php\/wp-json\/wp\/v2\/comments?post=14215"}],"version-history":[{"count":1,"href":"https:\/\/www.anovapeneira.gal\/index.php\/wp-json\/wp\/v2\/posts\/14215\/revisions"}],"predecessor-version":[{"id":14216,"href":"https:\/\/www.anovapeneira.gal\/index.php\/wp-json\/wp\/v2\/posts\/14215\/revisions\/14216"}],"wp:featuredmedia":[{"embeddable":true,"href":"https:\/\/www.anovapeneira.gal\/index.php\/wp-json\/wp\/v2\/media\/8701"}],"wp:attachment":[{"href":"https:\/\/www.anovapeneira.gal\/index.php\/wp-json\/wp\/v2\/media?parent=14215"}],"wp:term":[{"taxonomy":"category","embeddable":true,"href":"https:\/\/www.anovapeneira.gal\/index.php\/wp-json\/wp\/v2\/categories?post=14215"},{"taxonomy":"post_tag","embeddable":true,"href":"https:\/\/www.anovapeneira.gal\/index.php\/wp-json\/wp\/v2\/tags?post=14215"}],"curies":[{"name":"wp","href":"https:\/\/api.w.org\/{rel}","templated":true}]}}