{"id":14234,"date":"2025-07-22T12:00:30","date_gmt":"2025-07-22T10:00:30","guid":{"rendered":"https:\/\/www.anovapeneira.gal\/?p=14234"},"modified":"2025-07-15T19:09:01","modified_gmt":"2025-07-15T17:09:01","slug":"castelao-no-dia-da-patria-2025","status":"publish","type":"post","link":"https:\/\/www.anovapeneira.gal\/index.php\/2025\/07\/22\/castelao-no-dia-da-patria-2025\/","title":{"rendered":"Castelao no D\u00eda da Patria 2025"},"content":{"rendered":"\n<pre class=\"wp-block-verse\">Lu\u00eds Bar\u00e1<\/pre>\n\n\n\n<p><em>A liberdade \u00e9 a \u00fanica reserva con que contan os pobos para crearen o seu futuro. E n\u00f3s poderiamos hipotecar todo, menos o futuro <\/em>(Castelao: Sempre en Galiza).<\/p>\n\n\n\n<p>No ano 1920 cel\u00e9brase por primeira vez o D\u00eda Nacional de Galiza, como parte do proxecto de afirmaci\u00f3n nacional impulsado polas Irmandades da Fala a partir de 1916. Daquela eclosi\u00f3n nacionalista xurdiron proxectos senlleiros como o grupo N\u00f3s, o Seminario de Estudos Galegos ou o Partido Galeguista, todos eles protagonizados por un grupo humano \u00fanico e irrepet\u00edbel, a xeraci\u00f3n m\u00e1is brillante da historia de Galiza.<\/p>\n\n\n\n<p>Esta alborada nacional foi arrasada na fogueira fascista de 1936 d\u00edas despois que unha delegaci\u00f3n de cargos p\u00fablicos presentase nas Cortes a documentaci\u00f3n do Estatuto plebiscitado o 28 de xu\u00f1o. Comezou daquela unha brutal represi\u00f3n que levou por diante a cargos p\u00fablicos e dirixentes pol\u00edticos e sindicais, a miles de homes e mulleres asasinados impunemente nas gavias e nas r\u00edas, sometidos a c\u00e1rcere, tortura, depuraci\u00f3n, violaci\u00f3ns, aldraxe e exilio.<\/p>\n\n\n\n<p>Malia a s\u00faa brutalidade, o terror franquista non conseguiu exterminar a identidade galega e as arelas de autogoberno, que resistiron no interior contra vento e mar\u00e9, e alumearon de novo con forza no desterro. Nese renacer galeguista foi esencial a figura de Castelao, instalado como l\u00edder indiscutibel do nacionalismo galego en Bos Aires a partir de 1940.<\/p>\n\n\n\n<p>Castelao conseguiu unir na mesma causa a grande parte da emigraci\u00f3n e do exilio. Logrouno en grande medida mediante unha h\u00e1bil estratexia de cohesi\u00f3n na que xogaron un papel fundamental as xornadas de conmemoraci\u00f3n hist\u00f3rica. Algunhas xa con tradici\u00f3n previa e outras novas como o D\u00eda dos M\u00e1rtires Galegos (17 agosto) ou o aniversario do Estatuto (28 de xu\u00f1o).<\/p>\n\n\n\n<p>Castelao foi unha persoa \u00edntegra, que puxo o interese supremo de Galiza e da Rep\u00fablica por diante da lea partidista e do interese particular. Foi un visionario que non se limitou a xestionar o presente sen\u00f3n que centrou as enerx\u00edas en fortalecer a posici\u00f3n estrat\u00e9xica do noso pa\u00eds no horizonte que el pensaba pr\u00f3ximo do final da Ditadura. Con este obxectivo impulsou a alianza <em>Galeuzka<\/em>, creou o <em>Consello de Galiza<\/em> (1944), participou nas Cortes de M\u00e9xico (1945) para tramitar o Estatuto e trasladouse a Par\u00eds para formar parte do Goberno da Rep\u00fablica (1946-1947).<\/p>\n\n\n\n<p>Malia a decepci\u00f3n que supuxo a divisi\u00f3n nas forzas republicanas e a incomprensi\u00f3n do galeguismo do interior, malia o deterioro da sa\u00fade co avance do cancro, el e Virxinia volveron a Arxentina en 1947 coa dignidade intacta e coa vontade de seguir pelexando pola aprobaci\u00f3n formal do Estatuto, atrancado nos vaiv\u00e9ns parlamentares.<\/p>\n\n\n\n<p>En 1948 o libro \u201d<em>O <\/em><em>Estatuto de Galiza. Antecedentes e comentarios <\/em><em>(1948) foi un paso decisivo \u201cpara difundir unha verdade hist\u00f3rica mal co\u00f1ecida e reavivar un problema vital para Galiza\u201d.<\/em><\/p>\n\n\n\n<p><em>Castelao morre en xaneiro de 1950 sen ver cumpridos moitos dos seus anceios, mais a s\u00faa loita non foi en balde. Deixou un enorme celeiro de proxectos e ideas que asentaron a reconstruci\u00f3n do nacionalismo a partir dos anos 60 do s\u00e9culo pasado.<\/em><\/p>\n\n\n\n<p><em>Neste 2025 declarado Ano Castelao, o seu ideario e o seu exemplo permanecen vivos e actuantes, a pesar das tentativas do PP de mutilado, manipulalo e silencialo. Algo que levan facendo sen \u00e9xito desde a co\u00f1ecida instruci\u00f3n da Ditadura en xaneiro de 1950: \u201c<\/em><em>Se podr\u00e1 destacar su personalidad pol\u00edtica, siempre y cuando se mencione que aquella fue errada y que se espera de la misericordia de Dios el perd\u00f3n de sus pecados.<\/em><em>De su actividad literaria y art\u00edstica no se har\u00e1 menci\u00f3n alguna del libro &#8216;Sempre en Galiza&#8217; ni de los \u00e1lbumes de dibujos de la guerra civil.\u201d<\/em><\/p>\n\n\n\n<p>Mais Castelao \u00e9 demasiado grande, fala claro por si mesmo e nunca van poder silencialo.<\/p>\n","protected":false},"excerpt":{"rendered":"<div class=\"mh-excerpt\"><p>A liberdade \u00e9 a \u00fanica reserva con que contan os pobos para crearen o seu futuro. E n\u00f3s poderiamos hipotecar todo, menos o futuro (Castelao: Sempre en Galiza). <a class=\"mh-excerpt-more\" href=\"https:\/\/www.anovapeneira.gal\/index.php\/2025\/07\/22\/castelao-no-dia-da-patria-2025\/\" title=\"Castelao no D\u00eda da Patria 2025\">[&#8230;]<\/a><\/p>\n<\/div>","protected":false},"author":12,"featured_media":13944,"comment_status":"open","ping_status":"open","sticky":false,"template":"","format":"standard","meta":{"_exactmetrics_skip_tracking":false,"_exactmetrics_sitenote_active":false,"_exactmetrics_sitenote_note":"","_exactmetrics_sitenote_category":0,"footnotes":""},"categories":[7],"tags":[372],"class_list":{"0":"post-14234","1":"post","2":"type-post","3":"status-publish","4":"format-standard","5":"has-post-thumbnail","7":"category-artigos-de-opinion","8":"tag-luis-bara"},"yoast_head":"<!-- This site is optimized with the Yoast SEO plugin v27.4 - https:\/\/yoast.com\/product\/yoast-seo-wordpress\/ -->\n<title>Castelao no D\u00eda da Patria 2025 -<\/title>\n<meta name=\"robots\" content=\"index, follow, max-snippet:-1, max-image-preview:large, max-video-preview:-1\" \/>\n<link rel=\"canonical\" href=\"https:\/\/www.anovapeneira.gal\/index.php\/2025\/07\/22\/castelao-no-dia-da-patria-2025\/\" \/>\n<meta property=\"og:locale\" content=\"gl_ES\" \/>\n<meta property=\"og:type\" content=\"article\" \/>\n<meta property=\"og:title\" content=\"Castelao no D\u00eda da Patria 2025 -\" \/>\n<meta property=\"og:description\" content=\"A liberdade \u00e9 a \u00fanica reserva con que contan os pobos para crearen o seu futuro. E n\u00f3s poderiamos hipotecar todo, menos o futuro (Castelao: Sempre en Galiza). [...]\" \/>\n<meta property=\"og:url\" content=\"https:\/\/www.anovapeneira.gal\/index.php\/2025\/07\/22\/castelao-no-dia-da-patria-2025\/\" \/>\n<meta property=\"article:publisher\" content=\"https:\/\/www.facebook.com\/anovapeneira\" \/>\n<meta property=\"article:published_time\" content=\"2025-07-22T10:00:30+00:00\" \/>\n<meta property=\"og:image\" content=\"https:\/\/www.anovapeneira.gal\/wp-content\/uploads\/2025\/05\/Luis_Bara.jpg\" \/>\n\t<meta property=\"og:image:width\" content=\"720\" \/>\n\t<meta property=\"og:image:height\" content=\"432\" \/>\n\t<meta property=\"og:image:type\" content=\"image\/jpeg\" \/>\n<meta name=\"author\" content=\"Artigos Opini\u00f3n\" \/>\n<meta name=\"twitter:card\" content=\"summary_large_image\" \/>\n<meta name=\"twitter:creator\" content=\"@APeneira\" \/>\n<meta name=\"twitter:site\" content=\"@APeneira\" \/>\n<meta name=\"twitter:label1\" content=\"Escrito por\" \/>\n\t<meta name=\"twitter:data1\" content=\"Artigos Opini\u00f3n\" \/>\n\t<meta name=\"twitter:label2\" content=\"Tempo de lectura\" \/>\n\t<meta name=\"twitter:data2\" content=\"4 minutos\" \/>\n<script type=\"application\/ld+json\" class=\"yoast-schema-graph\">{\"@context\":\"https:\\\/\\\/schema.org\",\"@graph\":[{\"@type\":\"Article\",\"@id\":\"https:\\\/\\\/www.anovapeneira.gal\\\/index.php\\\/2025\\\/07\\\/22\\\/castelao-no-dia-da-patria-2025\\\/#article\",\"isPartOf\":{\"@id\":\"https:\\\/\\\/www.anovapeneira.gal\\\/index.php\\\/2025\\\/07\\\/22\\\/castelao-no-dia-da-patria-2025\\\/\"},\"author\":{\"name\":\"Artigos Opini\u00f3n\",\"@id\":\"https:\\\/\\\/www.anovapeneira.gal\\\/#\\\/schema\\\/person\\\/f18a4feb302e8f20bcef4490b5b60bb3\"},\"headline\":\"Castelao no D\u00eda da Patria 2025\",\"datePublished\":\"2025-07-22T10:00:30+00:00\",\"mainEntityOfPage\":{\"@id\":\"https:\\\/\\\/www.anovapeneira.gal\\\/index.php\\\/2025\\\/07\\\/22\\\/castelao-no-dia-da-patria-2025\\\/\"},\"wordCount\":656,\"commentCount\":0,\"publisher\":{\"@id\":\"https:\\\/\\\/www.anovapeneira.gal\\\/#organization\"},\"image\":{\"@id\":\"https:\\\/\\\/www.anovapeneira.gal\\\/index.php\\\/2025\\\/07\\\/22\\\/castelao-no-dia-da-patria-2025\\\/#primaryimage\"},\"thumbnailUrl\":\"https:\\\/\\\/www.anovapeneira.gal\\\/wp-content\\\/uploads\\\/2025\\\/05\\\/Luis_Bara.jpg\",\"keywords\":[\"Lu\u00eds Bar\u00e1\"],\"articleSection\":[\"Artigos de opini\u00f3n\"],\"inLanguage\":\"gl-ES\",\"potentialAction\":[{\"@type\":\"CommentAction\",\"name\":\"Comment\",\"target\":[\"https:\\\/\\\/www.anovapeneira.gal\\\/index.php\\\/2025\\\/07\\\/22\\\/castelao-no-dia-da-patria-2025\\\/#respond\"]}]},{\"@type\":\"WebPage\",\"@id\":\"https:\\\/\\\/www.anovapeneira.gal\\\/index.php\\\/2025\\\/07\\\/22\\\/castelao-no-dia-da-patria-2025\\\/\",\"url\":\"https:\\\/\\\/www.anovapeneira.gal\\\/index.php\\\/2025\\\/07\\\/22\\\/castelao-no-dia-da-patria-2025\\\/\",\"name\":\"Castelao no D\u00eda da Patria 2025 -\",\"isPartOf\":{\"@id\":\"https:\\\/\\\/www.anovapeneira.gal\\\/#website\"},\"primaryImageOfPage\":{\"@id\":\"https:\\\/\\\/www.anovapeneira.gal\\\/index.php\\\/2025\\\/07\\\/22\\\/castelao-no-dia-da-patria-2025\\\/#primaryimage\"},\"image\":{\"@id\":\"https:\\\/\\\/www.anovapeneira.gal\\\/index.php\\\/2025\\\/07\\\/22\\\/castelao-no-dia-da-patria-2025\\\/#primaryimage\"},\"thumbnailUrl\":\"https:\\\/\\\/www.anovapeneira.gal\\\/wp-content\\\/uploads\\\/2025\\\/05\\\/Luis_Bara.jpg\",\"datePublished\":\"2025-07-22T10:00:30+00:00\",\"breadcrumb\":{\"@id\":\"https:\\\/\\\/www.anovapeneira.gal\\\/index.php\\\/2025\\\/07\\\/22\\\/castelao-no-dia-da-patria-2025\\\/#breadcrumb\"},\"inLanguage\":\"gl-ES\",\"potentialAction\":[{\"@type\":\"ReadAction\",\"target\":[\"https:\\\/\\\/www.anovapeneira.gal\\\/index.php\\\/2025\\\/07\\\/22\\\/castelao-no-dia-da-patria-2025\\\/\"]}]},{\"@type\":\"ImageObject\",\"inLanguage\":\"gl-ES\",\"@id\":\"https:\\\/\\\/www.anovapeneira.gal\\\/index.php\\\/2025\\\/07\\\/22\\\/castelao-no-dia-da-patria-2025\\\/#primaryimage\",\"url\":\"https:\\\/\\\/www.anovapeneira.gal\\\/wp-content\\\/uploads\\\/2025\\\/05\\\/Luis_Bara.jpg\",\"contentUrl\":\"https:\\\/\\\/www.anovapeneira.gal\\\/wp-content\\\/uploads\\\/2025\\\/05\\\/Luis_Bara.jpg\",\"width\":720,\"height\":432},{\"@type\":\"BreadcrumbList\",\"@id\":\"https:\\\/\\\/www.anovapeneira.gal\\\/index.php\\\/2025\\\/07\\\/22\\\/castelao-no-dia-da-patria-2025\\\/#breadcrumb\",\"itemListElement\":[{\"@type\":\"ListItem\",\"position\":1,\"name\":\"Portada\",\"item\":\"https:\\\/\\\/www.anovapeneira.gal\\\/\"},{\"@type\":\"ListItem\",\"position\":2,\"name\":\"Castelao no D\u00eda da Patria 2025\"}]},{\"@type\":\"WebSite\",\"@id\":\"https:\\\/\\\/www.anovapeneira.gal\\\/#website\",\"url\":\"https:\\\/\\\/www.anovapeneira.gal\\\/\",\"name\":\"\",\"description\":\"Xornal galego de informaci\u00f3n xeral Publicaci\u00f3n mensual de novas de Galicia e en especial dos Concellos da sur da provincia de Pontevedra.\",\"publisher\":{\"@id\":\"https:\\\/\\\/www.anovapeneira.gal\\\/#organization\"},\"potentialAction\":[{\"@type\":\"SearchAction\",\"target\":{\"@type\":\"EntryPoint\",\"urlTemplate\":\"https:\\\/\\\/www.anovapeneira.gal\\\/?s={search_term_string}\"},\"query-input\":{\"@type\":\"PropertyValueSpecification\",\"valueRequired\":true,\"valueName\":\"search_term_string\"}}],\"inLanguage\":\"gl-ES\"},{\"@type\":\"Organization\",\"@id\":\"https:\\\/\\\/www.anovapeneira.gal\\\/#organization\",\"name\":\"A Nova Peneira\",\"url\":\"https:\\\/\\\/www.anovapeneira.gal\\\/\",\"logo\":{\"@type\":\"ImageObject\",\"inLanguage\":\"gl-ES\",\"@id\":\"https:\\\/\\\/www.anovapeneira.gal\\\/#\\\/schema\\\/logo\\\/image\\\/\",\"url\":\"http:\\\/\\\/www.anovapeneira.gal\\\/wp-content\\\/uploads\\\/2019\\\/06\\\/logo_a_nova_peneira_portal_web.png\",\"contentUrl\":\"http:\\\/\\\/www.anovapeneira.gal\\\/wp-content\\\/uploads\\\/2019\\\/06\\\/logo_a_nova_peneira_portal_web.png\",\"width\":300,\"height\":100,\"caption\":\"A Nova Peneira\"},\"image\":{\"@id\":\"https:\\\/\\\/www.anovapeneira.gal\\\/#\\\/schema\\\/logo\\\/image\\\/\"},\"sameAs\":[\"https:\\\/\\\/www.facebook.com\\\/anovapeneira\",\"https:\\\/\\\/x.com\\\/APeneira\"]},{\"@type\":\"Person\",\"@id\":\"https:\\\/\\\/www.anovapeneira.gal\\\/#\\\/schema\\\/person\\\/f18a4feb302e8f20bcef4490b5b60bb3\",\"name\":\"Artigos Opini\u00f3n\",\"image\":{\"@type\":\"ImageObject\",\"inLanguage\":\"gl-ES\",\"@id\":\"https:\\\/\\\/secure.gravatar.com\\\/avatar\\\/072844300f4881150aee2da4278f7a65d16eefdf8262eb67085f1e702de2b959?s=96&d=mm&r=g\",\"url\":\"https:\\\/\\\/secure.gravatar.com\\\/avatar\\\/072844300f4881150aee2da4278f7a65d16eefdf8262eb67085f1e702de2b959?s=96&d=mm&r=g\",\"contentUrl\":\"https:\\\/\\\/secure.gravatar.com\\\/avatar\\\/072844300f4881150aee2da4278f7a65d16eefdf8262eb67085f1e702de2b959?s=96&d=mm&r=g\",\"caption\":\"Artigos Opini\u00f3n\"},\"sameAs\":[\"http:\\\/\\\/anovapeneira.gal\"],\"url\":\"https:\\\/\\\/www.anovapeneira.gal\\\/index.php\\\/author\\\/artigosopinion\\\/\"}]}<\/script>\n<!-- \/ Yoast SEO plugin. -->","yoast_head_json":{"title":"Castelao no D\u00eda da Patria 2025 -","robots":{"index":"index","follow":"follow","max-snippet":"max-snippet:-1","max-image-preview":"max-image-preview:large","max-video-preview":"max-video-preview:-1"},"canonical":"https:\/\/www.anovapeneira.gal\/index.php\/2025\/07\/22\/castelao-no-dia-da-patria-2025\/","og_locale":"gl_ES","og_type":"article","og_title":"Castelao no D\u00eda da Patria 2025 -","og_description":"A liberdade \u00e9 a \u00fanica reserva con que contan os pobos para crearen o seu futuro. E n\u00f3s poderiamos hipotecar todo, menos o futuro (Castelao: Sempre en Galiza). [...]","og_url":"https:\/\/www.anovapeneira.gal\/index.php\/2025\/07\/22\/castelao-no-dia-da-patria-2025\/","article_publisher":"https:\/\/www.facebook.com\/anovapeneira","article_published_time":"2025-07-22T10:00:30+00:00","og_image":[{"width":720,"height":432,"url":"https:\/\/www.anovapeneira.gal\/wp-content\/uploads\/2025\/05\/Luis_Bara.jpg","type":"image\/jpeg"}],"author":"Artigos Opini\u00f3n","twitter_card":"summary_large_image","twitter_creator":"@APeneira","twitter_site":"@APeneira","twitter_misc":{"Escrito por":"Artigos Opini\u00f3n","Tempo de lectura":"4 minutos"},"schema":{"@context":"https:\/\/schema.org","@graph":[{"@type":"Article","@id":"https:\/\/www.anovapeneira.gal\/index.php\/2025\/07\/22\/castelao-no-dia-da-patria-2025\/#article","isPartOf":{"@id":"https:\/\/www.anovapeneira.gal\/index.php\/2025\/07\/22\/castelao-no-dia-da-patria-2025\/"},"author":{"name":"Artigos Opini\u00f3n","@id":"https:\/\/www.anovapeneira.gal\/#\/schema\/person\/f18a4feb302e8f20bcef4490b5b60bb3"},"headline":"Castelao no D\u00eda da Patria 2025","datePublished":"2025-07-22T10:00:30+00:00","mainEntityOfPage":{"@id":"https:\/\/www.anovapeneira.gal\/index.php\/2025\/07\/22\/castelao-no-dia-da-patria-2025\/"},"wordCount":656,"commentCount":0,"publisher":{"@id":"https:\/\/www.anovapeneira.gal\/#organization"},"image":{"@id":"https:\/\/www.anovapeneira.gal\/index.php\/2025\/07\/22\/castelao-no-dia-da-patria-2025\/#primaryimage"},"thumbnailUrl":"https:\/\/www.anovapeneira.gal\/wp-content\/uploads\/2025\/05\/Luis_Bara.jpg","keywords":["Lu\u00eds Bar\u00e1"],"articleSection":["Artigos de opini\u00f3n"],"inLanguage":"gl-ES","potentialAction":[{"@type":"CommentAction","name":"Comment","target":["https:\/\/www.anovapeneira.gal\/index.php\/2025\/07\/22\/castelao-no-dia-da-patria-2025\/#respond"]}]},{"@type":"WebPage","@id":"https:\/\/www.anovapeneira.gal\/index.php\/2025\/07\/22\/castelao-no-dia-da-patria-2025\/","url":"https:\/\/www.anovapeneira.gal\/index.php\/2025\/07\/22\/castelao-no-dia-da-patria-2025\/","name":"Castelao no D\u00eda da Patria 2025 -","isPartOf":{"@id":"https:\/\/www.anovapeneira.gal\/#website"},"primaryImageOfPage":{"@id":"https:\/\/www.anovapeneira.gal\/index.php\/2025\/07\/22\/castelao-no-dia-da-patria-2025\/#primaryimage"},"image":{"@id":"https:\/\/www.anovapeneira.gal\/index.php\/2025\/07\/22\/castelao-no-dia-da-patria-2025\/#primaryimage"},"thumbnailUrl":"https:\/\/www.anovapeneira.gal\/wp-content\/uploads\/2025\/05\/Luis_Bara.jpg","datePublished":"2025-07-22T10:00:30+00:00","breadcrumb":{"@id":"https:\/\/www.anovapeneira.gal\/index.php\/2025\/07\/22\/castelao-no-dia-da-patria-2025\/#breadcrumb"},"inLanguage":"gl-ES","potentialAction":[{"@type":"ReadAction","target":["https:\/\/www.anovapeneira.gal\/index.php\/2025\/07\/22\/castelao-no-dia-da-patria-2025\/"]}]},{"@type":"ImageObject","inLanguage":"gl-ES","@id":"https:\/\/www.anovapeneira.gal\/index.php\/2025\/07\/22\/castelao-no-dia-da-patria-2025\/#primaryimage","url":"https:\/\/www.anovapeneira.gal\/wp-content\/uploads\/2025\/05\/Luis_Bara.jpg","contentUrl":"https:\/\/www.anovapeneira.gal\/wp-content\/uploads\/2025\/05\/Luis_Bara.jpg","width":720,"height":432},{"@type":"BreadcrumbList","@id":"https:\/\/www.anovapeneira.gal\/index.php\/2025\/07\/22\/castelao-no-dia-da-patria-2025\/#breadcrumb","itemListElement":[{"@type":"ListItem","position":1,"name":"Portada","item":"https:\/\/www.anovapeneira.gal\/"},{"@type":"ListItem","position":2,"name":"Castelao no D\u00eda da Patria 2025"}]},{"@type":"WebSite","@id":"https:\/\/www.anovapeneira.gal\/#website","url":"https:\/\/www.anovapeneira.gal\/","name":"","description":"Xornal galego de informaci\u00f3n xeral Publicaci\u00f3n mensual de novas de Galicia e en especial dos Concellos da sur da provincia de Pontevedra.","publisher":{"@id":"https:\/\/www.anovapeneira.gal\/#organization"},"potentialAction":[{"@type":"SearchAction","target":{"@type":"EntryPoint","urlTemplate":"https:\/\/www.anovapeneira.gal\/?s={search_term_string}"},"query-input":{"@type":"PropertyValueSpecification","valueRequired":true,"valueName":"search_term_string"}}],"inLanguage":"gl-ES"},{"@type":"Organization","@id":"https:\/\/www.anovapeneira.gal\/#organization","name":"A Nova Peneira","url":"https:\/\/www.anovapeneira.gal\/","logo":{"@type":"ImageObject","inLanguage":"gl-ES","@id":"https:\/\/www.anovapeneira.gal\/#\/schema\/logo\/image\/","url":"http:\/\/www.anovapeneira.gal\/wp-content\/uploads\/2019\/06\/logo_a_nova_peneira_portal_web.png","contentUrl":"http:\/\/www.anovapeneira.gal\/wp-content\/uploads\/2019\/06\/logo_a_nova_peneira_portal_web.png","width":300,"height":100,"caption":"A Nova Peneira"},"image":{"@id":"https:\/\/www.anovapeneira.gal\/#\/schema\/logo\/image\/"},"sameAs":["https:\/\/www.facebook.com\/anovapeneira","https:\/\/x.com\/APeneira"]},{"@type":"Person","@id":"https:\/\/www.anovapeneira.gal\/#\/schema\/person\/f18a4feb302e8f20bcef4490b5b60bb3","name":"Artigos Opini\u00f3n","image":{"@type":"ImageObject","inLanguage":"gl-ES","@id":"https:\/\/secure.gravatar.com\/avatar\/072844300f4881150aee2da4278f7a65d16eefdf8262eb67085f1e702de2b959?s=96&d=mm&r=g","url":"https:\/\/secure.gravatar.com\/avatar\/072844300f4881150aee2da4278f7a65d16eefdf8262eb67085f1e702de2b959?s=96&d=mm&r=g","contentUrl":"https:\/\/secure.gravatar.com\/avatar\/072844300f4881150aee2da4278f7a65d16eefdf8262eb67085f1e702de2b959?s=96&d=mm&r=g","caption":"Artigos Opini\u00f3n"},"sameAs":["http:\/\/anovapeneira.gal"],"url":"https:\/\/www.anovapeneira.gal\/index.php\/author\/artigosopinion\/"}]}},"jetpack_featured_media_url":"https:\/\/www.anovapeneira.gal\/wp-content\/uploads\/2025\/05\/Luis_Bara.jpg","_links":{"self":[{"href":"https:\/\/www.anovapeneira.gal\/index.php\/wp-json\/wp\/v2\/posts\/14234","targetHints":{"allow":["GET"]}}],"collection":[{"href":"https:\/\/www.anovapeneira.gal\/index.php\/wp-json\/wp\/v2\/posts"}],"about":[{"href":"https:\/\/www.anovapeneira.gal\/index.php\/wp-json\/wp\/v2\/types\/post"}],"author":[{"embeddable":true,"href":"https:\/\/www.anovapeneira.gal\/index.php\/wp-json\/wp\/v2\/users\/12"}],"replies":[{"embeddable":true,"href":"https:\/\/www.anovapeneira.gal\/index.php\/wp-json\/wp\/v2\/comments?post=14234"}],"version-history":[{"count":1,"href":"https:\/\/www.anovapeneira.gal\/index.php\/wp-json\/wp\/v2\/posts\/14234\/revisions"}],"predecessor-version":[{"id":14235,"href":"https:\/\/www.anovapeneira.gal\/index.php\/wp-json\/wp\/v2\/posts\/14234\/revisions\/14235"}],"wp:featuredmedia":[{"embeddable":true,"href":"https:\/\/www.anovapeneira.gal\/index.php\/wp-json\/wp\/v2\/media\/13944"}],"wp:attachment":[{"href":"https:\/\/www.anovapeneira.gal\/index.php\/wp-json\/wp\/v2\/media?parent=14234"}],"wp:term":[{"taxonomy":"category","embeddable":true,"href":"https:\/\/www.anovapeneira.gal\/index.php\/wp-json\/wp\/v2\/categories?post=14234"},{"taxonomy":"post_tag","embeddable":true,"href":"https:\/\/www.anovapeneira.gal\/index.php\/wp-json\/wp\/v2\/tags?post=14234"}],"curies":[{"name":"wp","href":"https:\/\/api.w.org\/{rel}","templated":true}]}}