{"id":14236,"date":"2025-07-23T10:00:17","date_gmt":"2025-07-23T08:00:17","guid":{"rendered":"https:\/\/www.anovapeneira.gal\/?p=14236"},"modified":"2025-07-17T13:41:35","modified_gmt":"2025-07-17T11:41:35","slug":"cousas-de-salvaterra-a-guerra-no-douro-minho","status":"publish","type":"post","link":"https:\/\/www.anovapeneira.gal\/index.php\/2025\/07\/23\/cousas-de-salvaterra-a-guerra-no-douro-minho\/","title":{"rendered":"Cousas de Salvaterra, a guerra no Douro-Minho"},"content":{"rendered":"\n<figure class=\"wp-block-image size-large is-resized\"><img loading=\"lazy\" decoding=\"async\" width=\"1024\" height=\"1024\" src=\"https:\/\/www.anovapeneira.gal\/wp-content\/uploads\/2025\/02\/xaque_p-1024x1024.jpg\" alt=\"Xaque\" class=\"wp-image-13386\" style=\"width:124px;height:auto\" srcset=\"https:\/\/www.anovapeneira.gal\/wp-content\/uploads\/2025\/02\/xaque_p-1024x1024.jpg 1024w, https:\/\/www.anovapeneira.gal\/wp-content\/uploads\/2025\/02\/xaque_p-300x300.jpg 300w, https:\/\/www.anovapeneira.gal\/wp-content\/uploads\/2025\/02\/xaque_p-150x150.jpg 150w, https:\/\/www.anovapeneira.gal\/wp-content\/uploads\/2025\/02\/xaque_p-768x768.jpg 768w, https:\/\/www.anovapeneira.gal\/wp-content\/uploads\/2025\/02\/xaque_p.jpg 1080w\" sizes=\"auto, (max-width: 1024px) 100vw, 1024px\" \/><figcaption class=\"wp-element-caption\">Ant\u00f3n Lourenzo, veci\u00f1o da Vila<\/figcaption><\/figure>\n\n\n\n<p>Lembremos que no anterior n\u00famero, est\u00e1bamos na altura do ano 1657, e continuamos no mesmo&#8230;<\/p>\n\n\n\n<p><strong>Salvaterra , 10 de xullo do 2025<\/strong><\/p>\n\n\n\n<p>Gobernaba a Praza de Valen\u00e7a D. Antonio de Abreu Capit\u00e1n do Tercio de Francisco P\u00e9res, valente m\u00e1is pouco pr\u00e1ctico na arte militar. Don \u00c1lvaro de Abranches ti\u00f1a mandado levantar un Fort\u00edn, que se comunicaba coa muralla da Praza, pero aparentemente tan imperfecto que deu confianza a D. Vicente Gonzaga para mandalo atacar de noite, pola mellor xente da que dispu\u00f1a. Foi un asalto moi vigoroso, por\u00e9n a defensa do Fort\u00edn foi m\u00e1is valorosa, porque o Alferez Domingos Lu\u00eds que o mandaba, socorrido polo Alf\u00e9rez Francisco Nunes, resistiron o asalto con moito br\u00edo, asistidos por douscentos soldados, que obrigaron a os Galegos a retirarse con grandes perdas.<\/p>\n\n\n\n<p>Bastou esta resistencia para desengano de D. Vicente Gonzaga, que retirou o ex\u00e9rcito coa mesma celeridade con que o conducira a aquela Praza, entendeuse que a resoluci\u00f3n de atacala, fora por entender que estaba mal defendida, como lle aseguraran alg\u00fans esp\u00edas, de conseguir o obxectivo, ter\u00eda grandes consecuencias, pois resultaba ser Valen\u00e7a a Praza m\u00e1is importante daquela Provincia.<\/p>\n\n\n\n<p>\u00d3 mesmo tempo que D. Vicente atacou o Fort\u00edn, entraron corenta barcas guarnecidas de Infanter\u00eda en Caminha \u00e1s que se opuxeron d\u00faas caravelas, que recibiron auxilio daquela Praza e bastou a resistencia e a artiller\u00eda de Caminha para facelas retirar.<\/p>\n\n\n\n<p>Recibiu D. \u00c1lvaro de Abranches aviso deste suceso cami\u00f1o de Viana, al\u00ed chegou a xuntar xente que acudiu de todas as partes da Provincia con grande celeridade, por\u00e9n coa mesma presa tivo que reterse, por non atopar suficientes subministraci\u00f3ns con que poder manterse.<\/p>\n\n\n\n<p>Nesta altura por contra, ti\u00f1a D. Vicente Gonzaga acrecentado o ex\u00e9rcito con grandes socorros, volvendo a restaurar a reputaci\u00f3n perdida no ataque \u00f3 Fort\u00edn. O dezaoito de Xu\u00f1o pasou o R\u00edo Mi\u00f1o por un lugar m\u00e1is abaixo de Valen\u00e7a, con unha ponte de barcas que ti\u00f1a preparada.<\/p>\n\n\n\n<p>Hab\u00eda chegado a esta Praza o Tenente Xeneral Nuno da Cunha de Attaide, con alg\u00fans cabalos da Provincia de Beira. Na de entre Douro e Mi\u00f1o non se encontraba m\u00e1is Oficial Maior que o Mestre de Campo Francisco P\u00e9rez da Silva e os Capit\u00e1ns de cabaleir\u00eda Diogo de Britto Coutinho e Diogo Pereyra de Araujo, e o Tenente de Mestre de Campo Xeneral Antonio Soares da Costa, chegados da Beira. Os soldados Infantes de pago non pasaban de mil, nin os cabalos dun cento, a xente da Provincia ti\u00f1a poucas armas e menos destreza na loita.<\/p>\n\n\n\n<p>D. Vicente Gonzaga, habendo disposto todo o preciso, comezou a pasar o R\u00edo no lugar de Caracoes, perto de Valen\u00e7a. Logo que pasou o ex\u00e9rcito, fortificou o aloxamento que constaba de sete mil Infantes de pago, divididos en sete Terzos, e cinco m\u00e1is de mil cincocentos cabalos repartidos en dezaseis Compa\u00f1\u00edas, o Xeneral da Cabaleir\u00eda era Don Luis de Meneses, fillo m\u00e1is vello do Conde de Tarouca, o Xeneral de Artiller\u00eda era D. Diego de Velasco.<\/p>\n\n\n\n<p>A dilaci\u00f3n que os Galegos fixeron na pasaxe do r\u00edo, deu lugar a chegaren a D. \u00c1lvaro de Abranches dous Tercios de Infanter\u00eda da Provincia de Tras os Montes, un era de pago, dos que era Mestre de Campo D. Antonio Iaques de Payva, que en ausencia de Ioanne Mendes, que naquel tempo pasara \u00f3 goberno das Armas da Provincia do Alentejo, ficou gobernando Tras os Montes e o Tercio vi\u00f1a mandado polo Sarxento Maior, que era soldado valoroso. Outro de soldados a que chaman volantes, que vi\u00f1a a ser case o mesmo que Auxiliares, de que era Mestre de Campo Gregorio de Castro Moraes. O Tercio de pago comp\u00fa\u00f1ase de setecentos Infantes, o volante quinientos sesenta, e catrocentos cabalos pagos , e da Ordenanza divididos en sete Compa\u00f1\u00edas, mandadas polo Tenente Xeral da Cabaleir\u00eda Domingos da Ponte Gallego.<\/p>\n\n\n\n<p>Xuntos os ex\u00e9rcitos, avist\u00e1ndose o dezaseis de xullo, faltou D. \u00c1lvaro de Abranches imposibilitado de achaques en Viana. Este incidente levantou a d\u00fabida entre o Mestre de Campo Francisco Peres da Silva e o Tenente Xeneral da Cabaleir\u00eda Nuno da Cunha, sobre a cal dos dous tocaba o mando do ex\u00e9rcito porque inda que Francisco Peres era mais antigo Mestre de Campo que Nuno da Cunha Tenenete Xeneral, como naquel tempo non ti\u00f1a El Rey declarado a preeminencia das patentes entre estes dous postos, calquera dos dous quer\u00eda arrogarse o dereito a mandar. Poren Nuno da Cu\u00f1a estava con raz\u00f3n m\u00e1is forzosa, porque a Rai\u00f1a lle hab\u00eda dado unha carta, para acceder a todos os postos en situaci\u00f3n semellante.<\/p>\n\n\n\n<p>Cando a cuesti\u00f3n estaba m\u00e1is vigorosa, chegou \u00f3 ex\u00e9rcito o Vizconde de Vila Nova Don Diogo de Lima, determinando servir de soldado na mesma Provincia de que hab\u00eda sido Xeneral. Os Oficiais mais celosos e desinteresados comprenderon que o cami\u00f1o na dubida entre Nuno da Cunha e Francisco Peres, era aceitar \u00f3 Vizconde no mando do ex\u00e9rcito ata que El Rey determinara o que fose mais util \u00f3 seu servizo.<\/p>\n\n\n\n<p>Con apreciable resoluci\u00f3n aceitou o Vizconde a oferta, e os dous contendentes a obediencia a tan cualificados merecementos como eran os do Vizconde, a Ra\u00ed\u00f1a louvou muito a Nuno da Cunha por ceder no privilexio que adquirira. Desvaneceron por esta acomodaci\u00f3n os inconvenientes que puideran resultar, se non se efectuaba.<\/p>\n\n\n\n<p>Avisaron as partidas que andaban vixiando o ex\u00e9rcito galego, das prolongadas marchas destes e que pola pouca anchura da estrada, merec\u00eda particular reflexi\u00f3n sobre a posibilidade de aproveitar a ocasi\u00f3n de atacalos&#8230;<\/p>\n\n\n\n<p>Continuar\u00e1.<\/p>\n\n\n\n<p>&#8220;Historia do Portugal Restaurado,tomo II, Lu\u00eds de Meneses&#8221;.<\/p>\n\n\n\n<p><\/p>\n","protected":false},"excerpt":{"rendered":"<div class=\"mh-excerpt\"><p>Gobernaba a Praza de Valen\u00e7a D. Antonio de Abreu Capit\u00e1n do Tercio de Francisco P\u00e9res, valente m\u00e1is pouco pr\u00e1ctico na arte militar <a class=\"mh-excerpt-more\" href=\"https:\/\/www.anovapeneira.gal\/index.php\/2025\/07\/23\/cousas-de-salvaterra-a-guerra-no-douro-minho\/\" title=\"Cousas de Salvaterra, a guerra no Douro-Minho\">[&#8230;]<\/a><\/p>\n<\/div>","protected":false},"author":34,"featured_media":14237,"comment_status":"open","ping_status":"open","sticky":false,"template":"","format":"standard","meta":{"_exactmetrics_skip_tracking":false,"_exactmetrics_sitenote_active":false,"_exactmetrics_sitenote_note":"","_exactmetrics_sitenote_category":0,"footnotes":""},"categories":[7],"tags":[186],"class_list":{"0":"post-14236","1":"post","2":"type-post","3":"status-publish","4":"format-standard","5":"has-post-thumbnail","7":"category-artigos-de-opinion","8":"tag-concello-de-salvaterra-do-mino"},"yoast_head":"<!-- This site is optimized with the Yoast SEO plugin v27.4 - https:\/\/yoast.com\/product\/yoast-seo-wordpress\/ -->\n<title>Cousas de Salvaterra, a guerra no Douro-Minho -<\/title>\n<meta name=\"robots\" content=\"index, follow, max-snippet:-1, max-image-preview:large, max-video-preview:-1\" \/>\n<link rel=\"canonical\" href=\"https:\/\/www.anovapeneira.gal\/index.php\/2025\/07\/23\/cousas-de-salvaterra-a-guerra-no-douro-minho\/\" \/>\n<meta property=\"og:locale\" content=\"gl_ES\" \/>\n<meta property=\"og:type\" content=\"article\" \/>\n<meta property=\"og:title\" content=\"Cousas de Salvaterra, a guerra no Douro-Minho -\" \/>\n<meta property=\"og:description\" content=\"Gobernaba a Praza de Valen\u00e7a D. Antonio de Abreu Capit\u00e1n do Tercio de Francisco P\u00e9res, valente m\u00e1is pouco pr\u00e1ctico na arte militar [...]\" \/>\n<meta property=\"og:url\" content=\"https:\/\/www.anovapeneira.gal\/index.php\/2025\/07\/23\/cousas-de-salvaterra-a-guerra-no-douro-minho\/\" \/>\n<meta property=\"article:publisher\" content=\"https:\/\/www.facebook.com\/anovapeneira\" \/>\n<meta property=\"article:published_time\" content=\"2025-07-23T08:00:17+00:00\" \/>\n<meta property=\"og:image\" content=\"https:\/\/www.anovapeneira.gal\/wp-content\/uploads\/2025\/07\/cousas_salvaterra.jpg\" \/>\n\t<meta property=\"og:image:width\" content=\"720\" \/>\n\t<meta property=\"og:image:height\" content=\"432\" \/>\n\t<meta property=\"og:image:type\" content=\"image\/jpeg\" \/>\n<meta name=\"author\" content=\"Ant\u00f3n Lorenzo Gonz\u00e1lez\" \/>\n<meta name=\"twitter:card\" content=\"summary_large_image\" \/>\n<meta name=\"twitter:creator\" content=\"@APeneira\" \/>\n<meta name=\"twitter:site\" content=\"@APeneira\" \/>\n<meta name=\"twitter:label1\" content=\"Escrito por\" \/>\n\t<meta name=\"twitter:data1\" content=\"Ant\u00f3n Lorenzo Gonz\u00e1lez\" \/>\n\t<meta name=\"twitter:label2\" content=\"Tempo de lectura\" \/>\n\t<meta name=\"twitter:data2\" content=\"6 minutos\" \/>\n<script type=\"application\/ld+json\" class=\"yoast-schema-graph\">{\"@context\":\"https:\\\/\\\/schema.org\",\"@graph\":[{\"@type\":\"Article\",\"@id\":\"https:\\\/\\\/www.anovapeneira.gal\\\/index.php\\\/2025\\\/07\\\/23\\\/cousas-de-salvaterra-a-guerra-no-douro-minho\\\/#article\",\"isPartOf\":{\"@id\":\"https:\\\/\\\/www.anovapeneira.gal\\\/index.php\\\/2025\\\/07\\\/23\\\/cousas-de-salvaterra-a-guerra-no-douro-minho\\\/\"},\"author\":{\"name\":\"Ant\u00f3n Lorenzo Gonz\u00e1lez\",\"@id\":\"https:\\\/\\\/www.anovapeneira.gal\\\/#\\\/schema\\\/person\\\/1bf91cd240796d05b6522e3d8a6e2d8e\"},\"headline\":\"Cousas de Salvaterra, a guerra no Douro-Minho\",\"datePublished\":\"2025-07-23T08:00:17+00:00\",\"mainEntityOfPage\":{\"@id\":\"https:\\\/\\\/www.anovapeneira.gal\\\/index.php\\\/2025\\\/07\\\/23\\\/cousas-de-salvaterra-a-guerra-no-douro-minho\\\/\"},\"wordCount\":1002,\"commentCount\":0,\"publisher\":{\"@id\":\"https:\\\/\\\/www.anovapeneira.gal\\\/#organization\"},\"image\":{\"@id\":\"https:\\\/\\\/www.anovapeneira.gal\\\/index.php\\\/2025\\\/07\\\/23\\\/cousas-de-salvaterra-a-guerra-no-douro-minho\\\/#primaryimage\"},\"thumbnailUrl\":\"https:\\\/\\\/www.anovapeneira.gal\\\/wp-content\\\/uploads\\\/2025\\\/07\\\/cousas_salvaterra.jpg\",\"keywords\":[\"Concello de Salvaterra do Mi\u00f1o\"],\"articleSection\":[\"Artigos de opini\u00f3n\"],\"inLanguage\":\"gl-ES\",\"potentialAction\":[{\"@type\":\"CommentAction\",\"name\":\"Comment\",\"target\":[\"https:\\\/\\\/www.anovapeneira.gal\\\/index.php\\\/2025\\\/07\\\/23\\\/cousas-de-salvaterra-a-guerra-no-douro-minho\\\/#respond\"]}]},{\"@type\":\"WebPage\",\"@id\":\"https:\\\/\\\/www.anovapeneira.gal\\\/index.php\\\/2025\\\/07\\\/23\\\/cousas-de-salvaterra-a-guerra-no-douro-minho\\\/\",\"url\":\"https:\\\/\\\/www.anovapeneira.gal\\\/index.php\\\/2025\\\/07\\\/23\\\/cousas-de-salvaterra-a-guerra-no-douro-minho\\\/\",\"name\":\"Cousas de Salvaterra, a guerra no Douro-Minho -\",\"isPartOf\":{\"@id\":\"https:\\\/\\\/www.anovapeneira.gal\\\/#website\"},\"primaryImageOfPage\":{\"@id\":\"https:\\\/\\\/www.anovapeneira.gal\\\/index.php\\\/2025\\\/07\\\/23\\\/cousas-de-salvaterra-a-guerra-no-douro-minho\\\/#primaryimage\"},\"image\":{\"@id\":\"https:\\\/\\\/www.anovapeneira.gal\\\/index.php\\\/2025\\\/07\\\/23\\\/cousas-de-salvaterra-a-guerra-no-douro-minho\\\/#primaryimage\"},\"thumbnailUrl\":\"https:\\\/\\\/www.anovapeneira.gal\\\/wp-content\\\/uploads\\\/2025\\\/07\\\/cousas_salvaterra.jpg\",\"datePublished\":\"2025-07-23T08:00:17+00:00\",\"breadcrumb\":{\"@id\":\"https:\\\/\\\/www.anovapeneira.gal\\\/index.php\\\/2025\\\/07\\\/23\\\/cousas-de-salvaterra-a-guerra-no-douro-minho\\\/#breadcrumb\"},\"inLanguage\":\"gl-ES\",\"potentialAction\":[{\"@type\":\"ReadAction\",\"target\":[\"https:\\\/\\\/www.anovapeneira.gal\\\/index.php\\\/2025\\\/07\\\/23\\\/cousas-de-salvaterra-a-guerra-no-douro-minho\\\/\"]}]},{\"@type\":\"ImageObject\",\"inLanguage\":\"gl-ES\",\"@id\":\"https:\\\/\\\/www.anovapeneira.gal\\\/index.php\\\/2025\\\/07\\\/23\\\/cousas-de-salvaterra-a-guerra-no-douro-minho\\\/#primaryimage\",\"url\":\"https:\\\/\\\/www.anovapeneira.gal\\\/wp-content\\\/uploads\\\/2025\\\/07\\\/cousas_salvaterra.jpg\",\"contentUrl\":\"https:\\\/\\\/www.anovapeneira.gal\\\/wp-content\\\/uploads\\\/2025\\\/07\\\/cousas_salvaterra.jpg\",\"width\":720,\"height\":432,\"caption\":\"Vista actual da Fortaleza de Valen\u00e7a do Minho. Wikipedia.\"},{\"@type\":\"BreadcrumbList\",\"@id\":\"https:\\\/\\\/www.anovapeneira.gal\\\/index.php\\\/2025\\\/07\\\/23\\\/cousas-de-salvaterra-a-guerra-no-douro-minho\\\/#breadcrumb\",\"itemListElement\":[{\"@type\":\"ListItem\",\"position\":1,\"name\":\"Portada\",\"item\":\"https:\\\/\\\/www.anovapeneira.gal\\\/\"},{\"@type\":\"ListItem\",\"position\":2,\"name\":\"Cousas de Salvaterra, a guerra no Douro-Minho\"}]},{\"@type\":\"WebSite\",\"@id\":\"https:\\\/\\\/www.anovapeneira.gal\\\/#website\",\"url\":\"https:\\\/\\\/www.anovapeneira.gal\\\/\",\"name\":\"\",\"description\":\"Xornal galego de informaci\u00f3n xeral Publicaci\u00f3n mensual de novas de Galicia e en especial dos Concellos da sur da provincia de Pontevedra.\",\"publisher\":{\"@id\":\"https:\\\/\\\/www.anovapeneira.gal\\\/#organization\"},\"potentialAction\":[{\"@type\":\"SearchAction\",\"target\":{\"@type\":\"EntryPoint\",\"urlTemplate\":\"https:\\\/\\\/www.anovapeneira.gal\\\/?s={search_term_string}\"},\"query-input\":{\"@type\":\"PropertyValueSpecification\",\"valueRequired\":true,\"valueName\":\"search_term_string\"}}],\"inLanguage\":\"gl-ES\"},{\"@type\":\"Organization\",\"@id\":\"https:\\\/\\\/www.anovapeneira.gal\\\/#organization\",\"name\":\"A Nova Peneira\",\"url\":\"https:\\\/\\\/www.anovapeneira.gal\\\/\",\"logo\":{\"@type\":\"ImageObject\",\"inLanguage\":\"gl-ES\",\"@id\":\"https:\\\/\\\/www.anovapeneira.gal\\\/#\\\/schema\\\/logo\\\/image\\\/\",\"url\":\"http:\\\/\\\/www.anovapeneira.gal\\\/wp-content\\\/uploads\\\/2019\\\/06\\\/logo_a_nova_peneira_portal_web.png\",\"contentUrl\":\"http:\\\/\\\/www.anovapeneira.gal\\\/wp-content\\\/uploads\\\/2019\\\/06\\\/logo_a_nova_peneira_portal_web.png\",\"width\":300,\"height\":100,\"caption\":\"A Nova Peneira\"},\"image\":{\"@id\":\"https:\\\/\\\/www.anovapeneira.gal\\\/#\\\/schema\\\/logo\\\/image\\\/\"},\"sameAs\":[\"https:\\\/\\\/www.facebook.com\\\/anovapeneira\",\"https:\\\/\\\/x.com\\\/APeneira\"]},{\"@type\":\"Person\",\"@id\":\"https:\\\/\\\/www.anovapeneira.gal\\\/#\\\/schema\\\/person\\\/1bf91cd240796d05b6522e3d8a6e2d8e\",\"name\":\"Ant\u00f3n Lorenzo Gonz\u00e1lez\",\"image\":{\"@type\":\"ImageObject\",\"inLanguage\":\"gl-ES\",\"@id\":\"https:\\\/\\\/secure.gravatar.com\\\/avatar\\\/dcd882e8f4338e07610336943426400d525673506eb37ce59442ba704e5cc971?s=96&d=mm&r=g\",\"url\":\"https:\\\/\\\/secure.gravatar.com\\\/avatar\\\/dcd882e8f4338e07610336943426400d525673506eb37ce59442ba704e5cc971?s=96&d=mm&r=g\",\"contentUrl\":\"https:\\\/\\\/secure.gravatar.com\\\/avatar\\\/dcd882e8f4338e07610336943426400d525673506eb37ce59442ba704e5cc971?s=96&d=mm&r=g\",\"caption\":\"Ant\u00f3n Lorenzo Gonz\u00e1lez\"},\"url\":\"https:\\\/\\\/www.anovapeneira.gal\\\/index.php\\\/author\\\/xaque\\\/\"}]}<\/script>\n<!-- \/ Yoast SEO plugin. -->","yoast_head_json":{"title":"Cousas de Salvaterra, a guerra no Douro-Minho -","robots":{"index":"index","follow":"follow","max-snippet":"max-snippet:-1","max-image-preview":"max-image-preview:large","max-video-preview":"max-video-preview:-1"},"canonical":"https:\/\/www.anovapeneira.gal\/index.php\/2025\/07\/23\/cousas-de-salvaterra-a-guerra-no-douro-minho\/","og_locale":"gl_ES","og_type":"article","og_title":"Cousas de Salvaterra, a guerra no Douro-Minho -","og_description":"Gobernaba a Praza de Valen\u00e7a D. Antonio de Abreu Capit\u00e1n do Tercio de Francisco P\u00e9res, valente m\u00e1is pouco pr\u00e1ctico na arte militar [...]","og_url":"https:\/\/www.anovapeneira.gal\/index.php\/2025\/07\/23\/cousas-de-salvaterra-a-guerra-no-douro-minho\/","article_publisher":"https:\/\/www.facebook.com\/anovapeneira","article_published_time":"2025-07-23T08:00:17+00:00","og_image":[{"width":720,"height":432,"url":"https:\/\/www.anovapeneira.gal\/wp-content\/uploads\/2025\/07\/cousas_salvaterra.jpg","type":"image\/jpeg"}],"author":"Ant\u00f3n Lorenzo Gonz\u00e1lez","twitter_card":"summary_large_image","twitter_creator":"@APeneira","twitter_site":"@APeneira","twitter_misc":{"Escrito por":"Ant\u00f3n Lorenzo Gonz\u00e1lez","Tempo de lectura":"6 minutos"},"schema":{"@context":"https:\/\/schema.org","@graph":[{"@type":"Article","@id":"https:\/\/www.anovapeneira.gal\/index.php\/2025\/07\/23\/cousas-de-salvaterra-a-guerra-no-douro-minho\/#article","isPartOf":{"@id":"https:\/\/www.anovapeneira.gal\/index.php\/2025\/07\/23\/cousas-de-salvaterra-a-guerra-no-douro-minho\/"},"author":{"name":"Ant\u00f3n Lorenzo Gonz\u00e1lez","@id":"https:\/\/www.anovapeneira.gal\/#\/schema\/person\/1bf91cd240796d05b6522e3d8a6e2d8e"},"headline":"Cousas de Salvaterra, a guerra no Douro-Minho","datePublished":"2025-07-23T08:00:17+00:00","mainEntityOfPage":{"@id":"https:\/\/www.anovapeneira.gal\/index.php\/2025\/07\/23\/cousas-de-salvaterra-a-guerra-no-douro-minho\/"},"wordCount":1002,"commentCount":0,"publisher":{"@id":"https:\/\/www.anovapeneira.gal\/#organization"},"image":{"@id":"https:\/\/www.anovapeneira.gal\/index.php\/2025\/07\/23\/cousas-de-salvaterra-a-guerra-no-douro-minho\/#primaryimage"},"thumbnailUrl":"https:\/\/www.anovapeneira.gal\/wp-content\/uploads\/2025\/07\/cousas_salvaterra.jpg","keywords":["Concello de Salvaterra do Mi\u00f1o"],"articleSection":["Artigos de opini\u00f3n"],"inLanguage":"gl-ES","potentialAction":[{"@type":"CommentAction","name":"Comment","target":["https:\/\/www.anovapeneira.gal\/index.php\/2025\/07\/23\/cousas-de-salvaterra-a-guerra-no-douro-minho\/#respond"]}]},{"@type":"WebPage","@id":"https:\/\/www.anovapeneira.gal\/index.php\/2025\/07\/23\/cousas-de-salvaterra-a-guerra-no-douro-minho\/","url":"https:\/\/www.anovapeneira.gal\/index.php\/2025\/07\/23\/cousas-de-salvaterra-a-guerra-no-douro-minho\/","name":"Cousas de Salvaterra, a guerra no Douro-Minho -","isPartOf":{"@id":"https:\/\/www.anovapeneira.gal\/#website"},"primaryImageOfPage":{"@id":"https:\/\/www.anovapeneira.gal\/index.php\/2025\/07\/23\/cousas-de-salvaterra-a-guerra-no-douro-minho\/#primaryimage"},"image":{"@id":"https:\/\/www.anovapeneira.gal\/index.php\/2025\/07\/23\/cousas-de-salvaterra-a-guerra-no-douro-minho\/#primaryimage"},"thumbnailUrl":"https:\/\/www.anovapeneira.gal\/wp-content\/uploads\/2025\/07\/cousas_salvaterra.jpg","datePublished":"2025-07-23T08:00:17+00:00","breadcrumb":{"@id":"https:\/\/www.anovapeneira.gal\/index.php\/2025\/07\/23\/cousas-de-salvaterra-a-guerra-no-douro-minho\/#breadcrumb"},"inLanguage":"gl-ES","potentialAction":[{"@type":"ReadAction","target":["https:\/\/www.anovapeneira.gal\/index.php\/2025\/07\/23\/cousas-de-salvaterra-a-guerra-no-douro-minho\/"]}]},{"@type":"ImageObject","inLanguage":"gl-ES","@id":"https:\/\/www.anovapeneira.gal\/index.php\/2025\/07\/23\/cousas-de-salvaterra-a-guerra-no-douro-minho\/#primaryimage","url":"https:\/\/www.anovapeneira.gal\/wp-content\/uploads\/2025\/07\/cousas_salvaterra.jpg","contentUrl":"https:\/\/www.anovapeneira.gal\/wp-content\/uploads\/2025\/07\/cousas_salvaterra.jpg","width":720,"height":432,"caption":"Vista actual da Fortaleza de Valen\u00e7a do Minho. Wikipedia."},{"@type":"BreadcrumbList","@id":"https:\/\/www.anovapeneira.gal\/index.php\/2025\/07\/23\/cousas-de-salvaterra-a-guerra-no-douro-minho\/#breadcrumb","itemListElement":[{"@type":"ListItem","position":1,"name":"Portada","item":"https:\/\/www.anovapeneira.gal\/"},{"@type":"ListItem","position":2,"name":"Cousas de Salvaterra, a guerra no Douro-Minho"}]},{"@type":"WebSite","@id":"https:\/\/www.anovapeneira.gal\/#website","url":"https:\/\/www.anovapeneira.gal\/","name":"","description":"Xornal galego de informaci\u00f3n xeral Publicaci\u00f3n mensual de novas de Galicia e en especial dos Concellos da sur da provincia de Pontevedra.","publisher":{"@id":"https:\/\/www.anovapeneira.gal\/#organization"},"potentialAction":[{"@type":"SearchAction","target":{"@type":"EntryPoint","urlTemplate":"https:\/\/www.anovapeneira.gal\/?s={search_term_string}"},"query-input":{"@type":"PropertyValueSpecification","valueRequired":true,"valueName":"search_term_string"}}],"inLanguage":"gl-ES"},{"@type":"Organization","@id":"https:\/\/www.anovapeneira.gal\/#organization","name":"A Nova Peneira","url":"https:\/\/www.anovapeneira.gal\/","logo":{"@type":"ImageObject","inLanguage":"gl-ES","@id":"https:\/\/www.anovapeneira.gal\/#\/schema\/logo\/image\/","url":"http:\/\/www.anovapeneira.gal\/wp-content\/uploads\/2019\/06\/logo_a_nova_peneira_portal_web.png","contentUrl":"http:\/\/www.anovapeneira.gal\/wp-content\/uploads\/2019\/06\/logo_a_nova_peneira_portal_web.png","width":300,"height":100,"caption":"A Nova Peneira"},"image":{"@id":"https:\/\/www.anovapeneira.gal\/#\/schema\/logo\/image\/"},"sameAs":["https:\/\/www.facebook.com\/anovapeneira","https:\/\/x.com\/APeneira"]},{"@type":"Person","@id":"https:\/\/www.anovapeneira.gal\/#\/schema\/person\/1bf91cd240796d05b6522e3d8a6e2d8e","name":"Ant\u00f3n Lorenzo Gonz\u00e1lez","image":{"@type":"ImageObject","inLanguage":"gl-ES","@id":"https:\/\/secure.gravatar.com\/avatar\/dcd882e8f4338e07610336943426400d525673506eb37ce59442ba704e5cc971?s=96&d=mm&r=g","url":"https:\/\/secure.gravatar.com\/avatar\/dcd882e8f4338e07610336943426400d525673506eb37ce59442ba704e5cc971?s=96&d=mm&r=g","contentUrl":"https:\/\/secure.gravatar.com\/avatar\/dcd882e8f4338e07610336943426400d525673506eb37ce59442ba704e5cc971?s=96&d=mm&r=g","caption":"Ant\u00f3n Lorenzo Gonz\u00e1lez"},"url":"https:\/\/www.anovapeneira.gal\/index.php\/author\/xaque\/"}]}},"jetpack_featured_media_url":"https:\/\/www.anovapeneira.gal\/wp-content\/uploads\/2025\/07\/cousas_salvaterra.jpg","_links":{"self":[{"href":"https:\/\/www.anovapeneira.gal\/index.php\/wp-json\/wp\/v2\/posts\/14236","targetHints":{"allow":["GET"]}}],"collection":[{"href":"https:\/\/www.anovapeneira.gal\/index.php\/wp-json\/wp\/v2\/posts"}],"about":[{"href":"https:\/\/www.anovapeneira.gal\/index.php\/wp-json\/wp\/v2\/types\/post"}],"author":[{"embeddable":true,"href":"https:\/\/www.anovapeneira.gal\/index.php\/wp-json\/wp\/v2\/users\/34"}],"replies":[{"embeddable":true,"href":"https:\/\/www.anovapeneira.gal\/index.php\/wp-json\/wp\/v2\/comments?post=14236"}],"version-history":[{"count":1,"href":"https:\/\/www.anovapeneira.gal\/index.php\/wp-json\/wp\/v2\/posts\/14236\/revisions"}],"predecessor-version":[{"id":14238,"href":"https:\/\/www.anovapeneira.gal\/index.php\/wp-json\/wp\/v2\/posts\/14236\/revisions\/14238"}],"wp:featuredmedia":[{"embeddable":true,"href":"https:\/\/www.anovapeneira.gal\/index.php\/wp-json\/wp\/v2\/media\/14237"}],"wp:attachment":[{"href":"https:\/\/www.anovapeneira.gal\/index.php\/wp-json\/wp\/v2\/media?parent=14236"}],"wp:term":[{"taxonomy":"category","embeddable":true,"href":"https:\/\/www.anovapeneira.gal\/index.php\/wp-json\/wp\/v2\/categories?post=14236"},{"taxonomy":"post_tag","embeddable":true,"href":"https:\/\/www.anovapeneira.gal\/index.php\/wp-json\/wp\/v2\/tags?post=14236"}],"curies":[{"name":"wp","href":"https:\/\/api.w.org\/{rel}","templated":true}]}}