{"id":14239,"date":"2025-07-23T12:00:02","date_gmt":"2025-07-23T10:00:02","guid":{"rendered":"https:\/\/www.anovapeneira.gal\/?p=14239"},"modified":"2025-07-17T13:44:23","modified_gmt":"2025-07-17T11:44:23","slug":"toda-galicia-no-mesmo-barco","status":"publish","type":"post","link":"https:\/\/www.anovapeneira.gal\/index.php\/2025\/07\/23\/toda-galicia-no-mesmo-barco\/","title":{"rendered":"Toda Galicia no mesmo barco"},"content":{"rendered":"\n<pre class=\"wp-block-verse\"><strong>Xos\u00e9 Ram\u00f3n G\u00f3mez Besteiro. SX do Psde G<\/strong><\/pre>\n\n\n\n<p>Dividir est\u00e1 de moda. No deporte, na pol\u00edtica e na vida en xeral hai moita xente que persiste en dividir aos demais entre bos e malos, ou calquera outra denominaci\u00f3n que se use que ven a significar o mesmo. Coma se fose tan f\u00e1cil e coma se fose unha boa idea. \u00c1s veces coas palabras e \u00e1s veces cos feitos, a realidade \u00e9 que convivimos nunha sociedade que tende a separar e a afondar m\u00e1is nas cousas que nos diferencian. Un grave erro.<\/p>\n\n\n\n<p>En Galicia, onde hai un pobo intelixente e astuto que trata de afastarse deste mal, tam\u00e9n sucede que hai algunhas preocupantes tendencias \u00e1 divisi\u00f3n. A fundamental \u00e9 a que, mediante os feitos, trata de consolidarse unha realidade na que uns galegos te\u00f1en m\u00e1is oportunidades e dereitos que outros.<\/p>\n\n\n\n<p>Neste pa\u00eds temos potencial para acadar o que decidamos, pero fai falta confiar nel. Non facelo levaranos a desaproveitar oportunidades ou a orientar Galicia a onde non corresponde. Somos un pa\u00eds cunha enorme vinculaci\u00f3n co medioambiente, o que implica que debemos impulsar o que nos faga referentes en sostibilidade, enerx\u00edas limpas e compromiso coa natureza. De nada sirve alimentar falsos debates entre progreso ou medioambiente, coma se fosen exclu\u00edntes, e en funci\u00f3n deles empurrar proxectos lesivos para o pa\u00eds.<\/p>\n\n\n\n<p>De nada sirve pecharnos en n\u00f3s mesmos, neste mundo xa demasiado ego\u00edsta, podendo universalizar as nosas visi\u00f3ns e evitando unha nova divisi\u00f3n que reparta carn\u00e9s de galeguidade. Resulta un desacougo ver como se alimentan tensi\u00f3ns norte \u2013 sur ou da Galicia atl\u00e1ntica coa interior, como se non fose posible reequilibrar unha balanza que permita crecer e avanzar de maneira compaxinada. Equilibrar, redistribu\u00edr, compensar&#8230;son f\u00f3rmulas que integran e non dividen. Galicia \u00e9 un pobo que ten amosado moitas veces a capacidade de axudar a quen m\u00e1is necesita, grazas ao aprendizaxe de ser un pobo con historia de emigraci\u00f3n e de loita contra a desigualdade.<\/p>\n\n\n\n<p>Hai en Galicia aut\u00e9nticos liderados nacionais e internacionais que evidencian o noso esp\u00edrito emprendedor baseado no traballo esforzado. Non \u00e9 un bo cami\u00f1o confrontar, nin alimentar rivalidades inexistentes.<\/p>\n\n\n\n<p>Vivimos con enorme naturalidade a riqueza de co\u00f1ecer e usar d\u00faas linguas, e deb\u00e9ramos levalo como un estandarte fronte a quen quere impo\u00f1er unha sobre a outra ou estima que debe haber xerarqu\u00edas entre elas.<\/p>\n\n\n\n<p>Tampouco podemos permitir que os territorios ou as persoas vivan en d\u00faas velocidades. Ser\u00eda un fracaso colectivo que neste pa\u00eds, en pleno s\u00e9culo XXI, os servizos p\u00fablicos non funcionaran ao m\u00e1ximo das s\u00faas posibilidades e non puid\u00e9semos dar todas as oportunidades \u00e1s persoas que te\u00f1en menos.<\/p>\n\n\n\n<p>Na Galicia que eu co\u00f1ezo, todos e todas imos no mesmo barco. Somos un pobo que traballa arreo e que ten todo o futuro por diante. Fai falta convicci\u00f3n, pulo e determinaci\u00f3n para establecer que os criterios com\u00fans son mellores que os divisorios. A sensatez non hai que inventala, est\u00e1 na xente deste pa\u00eds que reclama que o seu pa\u00eds estea \u00e1 altura. Parafraseando a Curros Enr\u00edquez, que resoa na voz de Batall\u00e1n, chegado haber\u00e1 ent\u00f3n o pa\u00eds que eu quero.<\/p>\n","protected":false},"excerpt":{"rendered":"<div class=\"mh-excerpt\"><p>Dividir est\u00e1 de moda. No deporte, na pol\u00edtica e na vida en xeral hai moita xente que persiste en dividir aos demais entre bos e malos, ou calquera outra denominaci\u00f3n que se use que ven a significar o mesmo <a class=\"mh-excerpt-more\" href=\"https:\/\/www.anovapeneira.gal\/index.php\/2025\/07\/23\/toda-galicia-no-mesmo-barco\/\" title=\"Toda Galicia no mesmo barco\">[&#8230;]<\/a><\/p>\n<\/div>","protected":false},"author":12,"featured_media":14240,"comment_status":"open","ping_status":"open","sticky":false,"template":"","format":"standard","meta":{"_exactmetrics_skip_tracking":false,"_exactmetrics_sitenote_active":false,"_exactmetrics_sitenote_note":"","_exactmetrics_sitenote_category":0,"footnotes":""},"categories":[7],"tags":[],"class_list":{"0":"post-14239","1":"post","2":"type-post","3":"status-publish","4":"format-standard","5":"has-post-thumbnail","7":"category-artigos-de-opinion"},"yoast_head":"<!-- This site is optimized with the Yoast SEO plugin v27.4 - https:\/\/yoast.com\/product\/yoast-seo-wordpress\/ -->\n<title>Toda Galicia no mesmo barco -<\/title>\n<meta name=\"robots\" content=\"index, follow, max-snippet:-1, max-image-preview:large, max-video-preview:-1\" \/>\n<link rel=\"canonical\" href=\"https:\/\/www.anovapeneira.gal\/index.php\/2025\/07\/23\/toda-galicia-no-mesmo-barco\/\" \/>\n<meta property=\"og:locale\" content=\"gl_ES\" \/>\n<meta property=\"og:type\" content=\"article\" \/>\n<meta property=\"og:title\" content=\"Toda Galicia no mesmo barco -\" \/>\n<meta property=\"og:description\" content=\"Dividir est\u00e1 de moda. No deporte, na pol\u00edtica e na vida en xeral hai moita xente que persiste en dividir aos demais entre bos e malos, ou calquera outra denominaci\u00f3n que se use que ven a significar o mesmo [...]\" \/>\n<meta property=\"og:url\" content=\"https:\/\/www.anovapeneira.gal\/index.php\/2025\/07\/23\/toda-galicia-no-mesmo-barco\/\" \/>\n<meta property=\"article:publisher\" content=\"https:\/\/www.facebook.com\/anovapeneira\" \/>\n<meta property=\"article:published_time\" content=\"2025-07-23T10:00:02+00:00\" \/>\n<meta property=\"og:image\" content=\"https:\/\/www.anovapeneira.gal\/wp-content\/uploads\/2025\/07\/besteiro.jpg\" \/>\n\t<meta property=\"og:image:width\" content=\"720\" \/>\n\t<meta property=\"og:image:height\" content=\"432\" \/>\n\t<meta property=\"og:image:type\" content=\"image\/jpeg\" \/>\n<meta name=\"author\" content=\"Artigos Opini\u00f3n\" \/>\n<meta name=\"twitter:card\" content=\"summary_large_image\" \/>\n<meta name=\"twitter:creator\" content=\"@APeneira\" \/>\n<meta name=\"twitter:site\" content=\"@APeneira\" \/>\n<meta name=\"twitter:label1\" content=\"Escrito por\" \/>\n\t<meta name=\"twitter:data1\" content=\"Artigos Opini\u00f3n\" \/>\n\t<meta name=\"twitter:label2\" content=\"Tempo de lectura\" \/>\n\t<meta name=\"twitter:data2\" content=\"3 minutos\" \/>\n<script type=\"application\/ld+json\" class=\"yoast-schema-graph\">{\"@context\":\"https:\\\/\\\/schema.org\",\"@graph\":[{\"@type\":\"Article\",\"@id\":\"https:\\\/\\\/www.anovapeneira.gal\\\/index.php\\\/2025\\\/07\\\/23\\\/toda-galicia-no-mesmo-barco\\\/#article\",\"isPartOf\":{\"@id\":\"https:\\\/\\\/www.anovapeneira.gal\\\/index.php\\\/2025\\\/07\\\/23\\\/toda-galicia-no-mesmo-barco\\\/\"},\"author\":{\"name\":\"Artigos Opini\u00f3n\",\"@id\":\"https:\\\/\\\/www.anovapeneira.gal\\\/#\\\/schema\\\/person\\\/f18a4feb302e8f20bcef4490b5b60bb3\"},\"headline\":\"Toda Galicia no mesmo barco\",\"datePublished\":\"2025-07-23T10:00:02+00:00\",\"mainEntityOfPage\":{\"@id\":\"https:\\\/\\\/www.anovapeneira.gal\\\/index.php\\\/2025\\\/07\\\/23\\\/toda-galicia-no-mesmo-barco\\\/\"},\"wordCount\":555,\"commentCount\":0,\"publisher\":{\"@id\":\"https:\\\/\\\/www.anovapeneira.gal\\\/#organization\"},\"image\":{\"@id\":\"https:\\\/\\\/www.anovapeneira.gal\\\/index.php\\\/2025\\\/07\\\/23\\\/toda-galicia-no-mesmo-barco\\\/#primaryimage\"},\"thumbnailUrl\":\"https:\\\/\\\/www.anovapeneira.gal\\\/wp-content\\\/uploads\\\/2025\\\/07\\\/besteiro.jpg\",\"articleSection\":[\"Artigos de opini\u00f3n\"],\"inLanguage\":\"gl-ES\",\"potentialAction\":[{\"@type\":\"CommentAction\",\"name\":\"Comment\",\"target\":[\"https:\\\/\\\/www.anovapeneira.gal\\\/index.php\\\/2025\\\/07\\\/23\\\/toda-galicia-no-mesmo-barco\\\/#respond\"]}]},{\"@type\":\"WebPage\",\"@id\":\"https:\\\/\\\/www.anovapeneira.gal\\\/index.php\\\/2025\\\/07\\\/23\\\/toda-galicia-no-mesmo-barco\\\/\",\"url\":\"https:\\\/\\\/www.anovapeneira.gal\\\/index.php\\\/2025\\\/07\\\/23\\\/toda-galicia-no-mesmo-barco\\\/\",\"name\":\"Toda Galicia no mesmo barco -\",\"isPartOf\":{\"@id\":\"https:\\\/\\\/www.anovapeneira.gal\\\/#website\"},\"primaryImageOfPage\":{\"@id\":\"https:\\\/\\\/www.anovapeneira.gal\\\/index.php\\\/2025\\\/07\\\/23\\\/toda-galicia-no-mesmo-barco\\\/#primaryimage\"},\"image\":{\"@id\":\"https:\\\/\\\/www.anovapeneira.gal\\\/index.php\\\/2025\\\/07\\\/23\\\/toda-galicia-no-mesmo-barco\\\/#primaryimage\"},\"thumbnailUrl\":\"https:\\\/\\\/www.anovapeneira.gal\\\/wp-content\\\/uploads\\\/2025\\\/07\\\/besteiro.jpg\",\"datePublished\":\"2025-07-23T10:00:02+00:00\",\"breadcrumb\":{\"@id\":\"https:\\\/\\\/www.anovapeneira.gal\\\/index.php\\\/2025\\\/07\\\/23\\\/toda-galicia-no-mesmo-barco\\\/#breadcrumb\"},\"inLanguage\":\"gl-ES\",\"potentialAction\":[{\"@type\":\"ReadAction\",\"target\":[\"https:\\\/\\\/www.anovapeneira.gal\\\/index.php\\\/2025\\\/07\\\/23\\\/toda-galicia-no-mesmo-barco\\\/\"]}]},{\"@type\":\"ImageObject\",\"inLanguage\":\"gl-ES\",\"@id\":\"https:\\\/\\\/www.anovapeneira.gal\\\/index.php\\\/2025\\\/07\\\/23\\\/toda-galicia-no-mesmo-barco\\\/#primaryimage\",\"url\":\"https:\\\/\\\/www.anovapeneira.gal\\\/wp-content\\\/uploads\\\/2025\\\/07\\\/besteiro.jpg\",\"contentUrl\":\"https:\\\/\\\/www.anovapeneira.gal\\\/wp-content\\\/uploads\\\/2025\\\/07\\\/besteiro.jpg\",\"width\":720,\"height\":432},{\"@type\":\"BreadcrumbList\",\"@id\":\"https:\\\/\\\/www.anovapeneira.gal\\\/index.php\\\/2025\\\/07\\\/23\\\/toda-galicia-no-mesmo-barco\\\/#breadcrumb\",\"itemListElement\":[{\"@type\":\"ListItem\",\"position\":1,\"name\":\"Portada\",\"item\":\"https:\\\/\\\/www.anovapeneira.gal\\\/\"},{\"@type\":\"ListItem\",\"position\":2,\"name\":\"Toda Galicia no mesmo barco\"}]},{\"@type\":\"WebSite\",\"@id\":\"https:\\\/\\\/www.anovapeneira.gal\\\/#website\",\"url\":\"https:\\\/\\\/www.anovapeneira.gal\\\/\",\"name\":\"\",\"description\":\"Xornal galego de informaci\u00f3n xeral Publicaci\u00f3n mensual de novas de Galicia e en especial dos Concellos da sur da provincia de Pontevedra.\",\"publisher\":{\"@id\":\"https:\\\/\\\/www.anovapeneira.gal\\\/#organization\"},\"potentialAction\":[{\"@type\":\"SearchAction\",\"target\":{\"@type\":\"EntryPoint\",\"urlTemplate\":\"https:\\\/\\\/www.anovapeneira.gal\\\/?s={search_term_string}\"},\"query-input\":{\"@type\":\"PropertyValueSpecification\",\"valueRequired\":true,\"valueName\":\"search_term_string\"}}],\"inLanguage\":\"gl-ES\"},{\"@type\":\"Organization\",\"@id\":\"https:\\\/\\\/www.anovapeneira.gal\\\/#organization\",\"name\":\"A Nova Peneira\",\"url\":\"https:\\\/\\\/www.anovapeneira.gal\\\/\",\"logo\":{\"@type\":\"ImageObject\",\"inLanguage\":\"gl-ES\",\"@id\":\"https:\\\/\\\/www.anovapeneira.gal\\\/#\\\/schema\\\/logo\\\/image\\\/\",\"url\":\"http:\\\/\\\/www.anovapeneira.gal\\\/wp-content\\\/uploads\\\/2019\\\/06\\\/logo_a_nova_peneira_portal_web.png\",\"contentUrl\":\"http:\\\/\\\/www.anovapeneira.gal\\\/wp-content\\\/uploads\\\/2019\\\/06\\\/logo_a_nova_peneira_portal_web.png\",\"width\":300,\"height\":100,\"caption\":\"A Nova Peneira\"},\"image\":{\"@id\":\"https:\\\/\\\/www.anovapeneira.gal\\\/#\\\/schema\\\/logo\\\/image\\\/\"},\"sameAs\":[\"https:\\\/\\\/www.facebook.com\\\/anovapeneira\",\"https:\\\/\\\/x.com\\\/APeneira\"]},{\"@type\":\"Person\",\"@id\":\"https:\\\/\\\/www.anovapeneira.gal\\\/#\\\/schema\\\/person\\\/f18a4feb302e8f20bcef4490b5b60bb3\",\"name\":\"Artigos Opini\u00f3n\",\"image\":{\"@type\":\"ImageObject\",\"inLanguage\":\"gl-ES\",\"@id\":\"https:\\\/\\\/secure.gravatar.com\\\/avatar\\\/072844300f4881150aee2da4278f7a65d16eefdf8262eb67085f1e702de2b959?s=96&d=mm&r=g\",\"url\":\"https:\\\/\\\/secure.gravatar.com\\\/avatar\\\/072844300f4881150aee2da4278f7a65d16eefdf8262eb67085f1e702de2b959?s=96&d=mm&r=g\",\"contentUrl\":\"https:\\\/\\\/secure.gravatar.com\\\/avatar\\\/072844300f4881150aee2da4278f7a65d16eefdf8262eb67085f1e702de2b959?s=96&d=mm&r=g\",\"caption\":\"Artigos Opini\u00f3n\"},\"sameAs\":[\"http:\\\/\\\/anovapeneira.gal\"],\"url\":\"https:\\\/\\\/www.anovapeneira.gal\\\/index.php\\\/author\\\/artigosopinion\\\/\"}]}<\/script>\n<!-- \/ Yoast SEO plugin. -->","yoast_head_json":{"title":"Toda Galicia no mesmo barco -","robots":{"index":"index","follow":"follow","max-snippet":"max-snippet:-1","max-image-preview":"max-image-preview:large","max-video-preview":"max-video-preview:-1"},"canonical":"https:\/\/www.anovapeneira.gal\/index.php\/2025\/07\/23\/toda-galicia-no-mesmo-barco\/","og_locale":"gl_ES","og_type":"article","og_title":"Toda Galicia no mesmo barco -","og_description":"Dividir est\u00e1 de moda. No deporte, na pol\u00edtica e na vida en xeral hai moita xente que persiste en dividir aos demais entre bos e malos, ou calquera outra denominaci\u00f3n que se use que ven a significar o mesmo [...]","og_url":"https:\/\/www.anovapeneira.gal\/index.php\/2025\/07\/23\/toda-galicia-no-mesmo-barco\/","article_publisher":"https:\/\/www.facebook.com\/anovapeneira","article_published_time":"2025-07-23T10:00:02+00:00","og_image":[{"width":720,"height":432,"url":"https:\/\/www.anovapeneira.gal\/wp-content\/uploads\/2025\/07\/besteiro.jpg","type":"image\/jpeg"}],"author":"Artigos Opini\u00f3n","twitter_card":"summary_large_image","twitter_creator":"@APeneira","twitter_site":"@APeneira","twitter_misc":{"Escrito por":"Artigos Opini\u00f3n","Tempo de lectura":"3 minutos"},"schema":{"@context":"https:\/\/schema.org","@graph":[{"@type":"Article","@id":"https:\/\/www.anovapeneira.gal\/index.php\/2025\/07\/23\/toda-galicia-no-mesmo-barco\/#article","isPartOf":{"@id":"https:\/\/www.anovapeneira.gal\/index.php\/2025\/07\/23\/toda-galicia-no-mesmo-barco\/"},"author":{"name":"Artigos Opini\u00f3n","@id":"https:\/\/www.anovapeneira.gal\/#\/schema\/person\/f18a4feb302e8f20bcef4490b5b60bb3"},"headline":"Toda Galicia no mesmo barco","datePublished":"2025-07-23T10:00:02+00:00","mainEntityOfPage":{"@id":"https:\/\/www.anovapeneira.gal\/index.php\/2025\/07\/23\/toda-galicia-no-mesmo-barco\/"},"wordCount":555,"commentCount":0,"publisher":{"@id":"https:\/\/www.anovapeneira.gal\/#organization"},"image":{"@id":"https:\/\/www.anovapeneira.gal\/index.php\/2025\/07\/23\/toda-galicia-no-mesmo-barco\/#primaryimage"},"thumbnailUrl":"https:\/\/www.anovapeneira.gal\/wp-content\/uploads\/2025\/07\/besteiro.jpg","articleSection":["Artigos de opini\u00f3n"],"inLanguage":"gl-ES","potentialAction":[{"@type":"CommentAction","name":"Comment","target":["https:\/\/www.anovapeneira.gal\/index.php\/2025\/07\/23\/toda-galicia-no-mesmo-barco\/#respond"]}]},{"@type":"WebPage","@id":"https:\/\/www.anovapeneira.gal\/index.php\/2025\/07\/23\/toda-galicia-no-mesmo-barco\/","url":"https:\/\/www.anovapeneira.gal\/index.php\/2025\/07\/23\/toda-galicia-no-mesmo-barco\/","name":"Toda Galicia no mesmo barco -","isPartOf":{"@id":"https:\/\/www.anovapeneira.gal\/#website"},"primaryImageOfPage":{"@id":"https:\/\/www.anovapeneira.gal\/index.php\/2025\/07\/23\/toda-galicia-no-mesmo-barco\/#primaryimage"},"image":{"@id":"https:\/\/www.anovapeneira.gal\/index.php\/2025\/07\/23\/toda-galicia-no-mesmo-barco\/#primaryimage"},"thumbnailUrl":"https:\/\/www.anovapeneira.gal\/wp-content\/uploads\/2025\/07\/besteiro.jpg","datePublished":"2025-07-23T10:00:02+00:00","breadcrumb":{"@id":"https:\/\/www.anovapeneira.gal\/index.php\/2025\/07\/23\/toda-galicia-no-mesmo-barco\/#breadcrumb"},"inLanguage":"gl-ES","potentialAction":[{"@type":"ReadAction","target":["https:\/\/www.anovapeneira.gal\/index.php\/2025\/07\/23\/toda-galicia-no-mesmo-barco\/"]}]},{"@type":"ImageObject","inLanguage":"gl-ES","@id":"https:\/\/www.anovapeneira.gal\/index.php\/2025\/07\/23\/toda-galicia-no-mesmo-barco\/#primaryimage","url":"https:\/\/www.anovapeneira.gal\/wp-content\/uploads\/2025\/07\/besteiro.jpg","contentUrl":"https:\/\/www.anovapeneira.gal\/wp-content\/uploads\/2025\/07\/besteiro.jpg","width":720,"height":432},{"@type":"BreadcrumbList","@id":"https:\/\/www.anovapeneira.gal\/index.php\/2025\/07\/23\/toda-galicia-no-mesmo-barco\/#breadcrumb","itemListElement":[{"@type":"ListItem","position":1,"name":"Portada","item":"https:\/\/www.anovapeneira.gal\/"},{"@type":"ListItem","position":2,"name":"Toda Galicia no mesmo barco"}]},{"@type":"WebSite","@id":"https:\/\/www.anovapeneira.gal\/#website","url":"https:\/\/www.anovapeneira.gal\/","name":"","description":"Xornal galego de informaci\u00f3n xeral Publicaci\u00f3n mensual de novas de Galicia e en especial dos Concellos da sur da provincia de Pontevedra.","publisher":{"@id":"https:\/\/www.anovapeneira.gal\/#organization"},"potentialAction":[{"@type":"SearchAction","target":{"@type":"EntryPoint","urlTemplate":"https:\/\/www.anovapeneira.gal\/?s={search_term_string}"},"query-input":{"@type":"PropertyValueSpecification","valueRequired":true,"valueName":"search_term_string"}}],"inLanguage":"gl-ES"},{"@type":"Organization","@id":"https:\/\/www.anovapeneira.gal\/#organization","name":"A Nova Peneira","url":"https:\/\/www.anovapeneira.gal\/","logo":{"@type":"ImageObject","inLanguage":"gl-ES","@id":"https:\/\/www.anovapeneira.gal\/#\/schema\/logo\/image\/","url":"http:\/\/www.anovapeneira.gal\/wp-content\/uploads\/2019\/06\/logo_a_nova_peneira_portal_web.png","contentUrl":"http:\/\/www.anovapeneira.gal\/wp-content\/uploads\/2019\/06\/logo_a_nova_peneira_portal_web.png","width":300,"height":100,"caption":"A Nova Peneira"},"image":{"@id":"https:\/\/www.anovapeneira.gal\/#\/schema\/logo\/image\/"},"sameAs":["https:\/\/www.facebook.com\/anovapeneira","https:\/\/x.com\/APeneira"]},{"@type":"Person","@id":"https:\/\/www.anovapeneira.gal\/#\/schema\/person\/f18a4feb302e8f20bcef4490b5b60bb3","name":"Artigos Opini\u00f3n","image":{"@type":"ImageObject","inLanguage":"gl-ES","@id":"https:\/\/secure.gravatar.com\/avatar\/072844300f4881150aee2da4278f7a65d16eefdf8262eb67085f1e702de2b959?s=96&d=mm&r=g","url":"https:\/\/secure.gravatar.com\/avatar\/072844300f4881150aee2da4278f7a65d16eefdf8262eb67085f1e702de2b959?s=96&d=mm&r=g","contentUrl":"https:\/\/secure.gravatar.com\/avatar\/072844300f4881150aee2da4278f7a65d16eefdf8262eb67085f1e702de2b959?s=96&d=mm&r=g","caption":"Artigos Opini\u00f3n"},"sameAs":["http:\/\/anovapeneira.gal"],"url":"https:\/\/www.anovapeneira.gal\/index.php\/author\/artigosopinion\/"}]}},"jetpack_featured_media_url":"https:\/\/www.anovapeneira.gal\/wp-content\/uploads\/2025\/07\/besteiro.jpg","_links":{"self":[{"href":"https:\/\/www.anovapeneira.gal\/index.php\/wp-json\/wp\/v2\/posts\/14239","targetHints":{"allow":["GET"]}}],"collection":[{"href":"https:\/\/www.anovapeneira.gal\/index.php\/wp-json\/wp\/v2\/posts"}],"about":[{"href":"https:\/\/www.anovapeneira.gal\/index.php\/wp-json\/wp\/v2\/types\/post"}],"author":[{"embeddable":true,"href":"https:\/\/www.anovapeneira.gal\/index.php\/wp-json\/wp\/v2\/users\/12"}],"replies":[{"embeddable":true,"href":"https:\/\/www.anovapeneira.gal\/index.php\/wp-json\/wp\/v2\/comments?post=14239"}],"version-history":[{"count":1,"href":"https:\/\/www.anovapeneira.gal\/index.php\/wp-json\/wp\/v2\/posts\/14239\/revisions"}],"predecessor-version":[{"id":14241,"href":"https:\/\/www.anovapeneira.gal\/index.php\/wp-json\/wp\/v2\/posts\/14239\/revisions\/14241"}],"wp:featuredmedia":[{"embeddable":true,"href":"https:\/\/www.anovapeneira.gal\/index.php\/wp-json\/wp\/v2\/media\/14240"}],"wp:attachment":[{"href":"https:\/\/www.anovapeneira.gal\/index.php\/wp-json\/wp\/v2\/media?parent=14239"}],"wp:term":[{"taxonomy":"category","embeddable":true,"href":"https:\/\/www.anovapeneira.gal\/index.php\/wp-json\/wp\/v2\/categories?post=14239"},{"taxonomy":"post_tag","embeddable":true,"href":"https:\/\/www.anovapeneira.gal\/index.php\/wp-json\/wp\/v2\/tags?post=14239"}],"curies":[{"name":"wp","href":"https:\/\/api.w.org\/{rel}","templated":true}]}}