{"id":1424,"date":"2019-10-04T14:00:12","date_gmt":"2019-10-04T12:00:12","guid":{"rendered":"http:\/\/www.anovapeneira.gal\/?p=1424"},"modified":"2019-09-30T23:42:10","modified_gmt":"2019-09-30T21:42:10","slug":"victoria-alonso-o-unico-interese-da-alcaldesa-de-mos-da-xunta-de-galicia-e-do-pp-e-favorecer-a-un-empresario-millonario","status":"publish","type":"post","link":"https:\/\/www.anovapeneira.gal\/index.php\/2019\/10\/04\/victoria-alonso-o-unico-interese-da-alcaldesa-de-mos-da-xunta-de-galicia-e-do-pp-e-favorecer-a-un-empresario-millonario\/","title":{"rendered":"Victoria Alonso: \u201co \u00fanico interese da Alcaldesa de Mos, da Xunta de Galicia e do PP \u00e9 favorecer a un empresario millonario\u201d"},"content":{"rendered":"\n<h2 class=\"wp-block-heading\"><strong>A portavoz do grupo municipal socialista afirma que Nidia Ar\u00e9valo prefire traballar para intereses particulares en lugar de apostar pola mellora do Centro de Sa\u00fade, os accesos ao pol\u00edgono da Veigada\u00f1a, a mellora do transporte p\u00fablico ou da rede de Internet<\/strong><\/h2>\n\n\n\n<p><strong>Pontevedra, 25 de setembro de 2019<\/strong><\/p>\n\n\n\n<p>A\nportavoz do grupo municipal socialista no Concello de Mos, Victoria\nAlonso, lamenta os incidentes producidos onte no multiusos das Pozas,\nonde se ti\u00f1a convocado unha asemblea veci\u00f1al para falar do proxecto\nauspiciado pola Alcald\u00eda para destru\u00edr o monte de Tameiga para dar\npaso a un centro comercial e \u00e1 Cidade Deportiva do Celta. Alonso\nengade, que lamentando estes feitos, tam\u00e9n c\u00f3mpre pararse a\nreflexionar sobre a actitude da alcaldesa, quen tratou de impedir o\nlibre acceso do pobo, esix\u00edndolle identificaci\u00f3ns a algunhas\npersoas, mentres se dedicaba a meter aos seus af\u00edns por unha porta\ntraseira. \u201cSe hai unha asemblea veci\u00f1al todo o pobo debe entrar\npola mesma porta e cos mesmos requisitos\u201d, afirma.<\/p>\n\n\n\n<p>\u201cAsistimos,\nco benepl\u00e1cito da alcaldesa, da Xunta de Galicia e do Partido\nPopular, a un intento de recualificar milleiros de metros cadrados de\nsolo r\u00fastico forestal protexido para convertelo en solo urbanizable\nen beneficio non do Celta de Vigo, sen\u00f3n dun empresario millonario,\nque \u00e9 o se\u00f1or Mouri\u00f1o: o que se di un aut\u00e9ntico \u201cpelotazo\u201d\nurban\u00edstico\u201d, explicou.<\/p>\n\n\n\n<p>Alonso\nengade que os intereses econ\u00f3micos dun empresario est\u00e1n a piques de\narrasar unha parroquia \u201ce todo coa complicidade dunha alcaldesa que\nnon para de queixarse de que somos un concello autov\u00eda e aeroporto e\npretende solucionalo con m\u00e1is cemento e metendo m\u00e1is viais de paso\npara dar servizo a Vigo e non a Mos\u201d.<\/p>\n\n\n\n<p>A\nportavoz socialista subli\u00f1a que a alcaldesa mentiu durante a campa\u00f1a\nelectoral cando falou de que nunca haber\u00eda expropiaci\u00f3ns, como\nagora quedou ben claro e como demostran documentos datados hai tempo.\n\u201cAgora xa non lle custa reco\u00f1ecer que o Concello de Mos traballa\nde cara a expropiaci\u00f3n de terreos forestais  en beneficio dos\nintereses empresariais\u201d. Lembrou que de levarse a cabo a obra deste\nmacrocentro comercial haber\u00e1 repercusi\u00f3ns para as augas, pois nos\nmontes de Tameiga hai mananciais de subministro veci\u00f1al.<\/p>\n\n\n\n<p>En\nopini\u00f3n de Victoria Alonso, a alcaldesa deber\u00eda estar traballando\nna mellora do Centro de Sa\u00fade, como lle piden os veci\u00f1os, ou na\nmellora dos accesos ao pol\u00edgono da Veigada\u00f1a, como lle piden os\nempresarios, pero prefire po\u00f1erse ao servizo dun empresario con\n\u00e1nimo de lucro.<\/p>\n\n\n\n<p>Ademais,\nsubli\u00f1ou o feito paradoxal de que a Cidade Deportiva do Celta\npasar\u00eda a beneficiarse do sistema de transporte de Vigo cando o\nConcello de Mos leva anos de perfil, sen abordar a problem\u00e1tica do\ntransporte p\u00fablico no municipio, lastrado por graves deficiencias.\nEngade que tam\u00e9n chama a atenci\u00f3n os investimentos previstos para\ndotar de Internet de alta velocidade esta zona de monte forestal,\ncando a meirande parte do municipio goza dun servizo de p\u00e9sima\ncalidade e carece de fibra \u00f3ptica.<\/p>\n\n\n\n<p>Xa\ncomo delirante considera Victoria Alonso que a primeira edil de Mos\ndefenda o proxecto da Cidade Deportiva e o macrocentro comercial, que\nvai arrasar con hect\u00e1reas de superficie forestal, dicindo que as\u00ed\nse mellora a protecci\u00f3n de Mos contra os incendios. \u201cUnhas\ndeclaraci\u00f3ns dignas do record Guiness\u201d, ironizou.<\/p>\n\n\n\n<p>Finalmente,\na portavoz do PSdeG-PSOE critica o talante profundamente\nantidemocr\u00e1tico da alcaldesa, que agochou o expediente todo o tempo\nque puido, e mesmo filtrou a documentaci\u00f3n para evitar que chegase \u00e1\nOposici\u00f3n, tal e como reco\u00f1eceu no seu d\u00eda o anterior secretario\nmunicipal. A este respecto, lembrou que o grupo socialista pediu o\nexpediente completo a principios de xullo, co comezo do mandato e s\u00f3\nse lle proporcionaron as licenzas dos campos de f\u00fatbol que est\u00e1n en\nexecuci\u00f3n. O venres, por fin, puideron descargalo completo.<\/p>\n","protected":false},"excerpt":{"rendered":"<div class=\"mh-excerpt\"><p>A portavoz do grupo municipal socialista afirma que Nidia Ar\u00e9valo prefire traballar para intereses particulares en lugar de apostar pola mellora do Centro de Sa\u00fade <a class=\"mh-excerpt-more\" href=\"https:\/\/www.anovapeneira.gal\/index.php\/2019\/10\/04\/victoria-alonso-o-unico-interese-da-alcaldesa-de-mos-da-xunta-de-galicia-e-do-pp-e-favorecer-a-un-empresario-millonario\/\" title=\"Victoria Alonso: \u201co \u00fanico interese da Alcaldesa de Mos, da Xunta de Galicia e do PP \u00e9 favorecer a un empresario millonario\u201d\">[&#8230;]<\/a><\/p>\n<\/div>","protected":false},"author":3,"featured_media":1425,"comment_status":"open","ping_status":"open","sticky":false,"template":"","format":"standard","meta":{"_exactmetrics_skip_tracking":false,"_exactmetrics_sitenote_active":false,"_exactmetrics_sitenote_note":"","_exactmetrics_sitenote_category":0,"footnotes":""},"categories":[23],"tags":[218,640,639],"class_list":{"0":"post-1424","1":"post","2":"type-post","3":"status-publish","4":"format-standard","5":"has-post-thumbnail","7":"category-a-lourina","8":"tag-concello-de-mos","9":"tag-nidia-arevalo","10":"tag-victoria-alonso"},"yoast_head":"<!-- This site is optimized with the Yoast SEO plugin v27.4 - https:\/\/yoast.com\/product\/yoast-seo-wordpress\/ -->\n<title>Victoria Alonso: \u201co \u00fanico interese da Alcaldesa de Mos, da Xunta de Galicia e do PP \u00e9 favorecer a un empresario millonario\u201d -<\/title>\n<meta name=\"robots\" content=\"index, follow, max-snippet:-1, max-image-preview:large, max-video-preview:-1\" \/>\n<link rel=\"canonical\" href=\"https:\/\/www.anovapeneira.gal\/index.php\/2019\/10\/04\/victoria-alonso-o-unico-interese-da-alcaldesa-de-mos-da-xunta-de-galicia-e-do-pp-e-favorecer-a-un-empresario-millonario\/\" \/>\n<meta property=\"og:locale\" content=\"gl_ES\" \/>\n<meta property=\"og:type\" content=\"article\" \/>\n<meta property=\"og:title\" content=\"Victoria Alonso: \u201co \u00fanico interese da Alcaldesa de Mos, da Xunta de Galicia e do PP \u00e9 favorecer a un empresario millonario\u201d -\" \/>\n<meta property=\"og:description\" content=\"A portavoz do grupo municipal socialista afirma que Nidia Ar\u00e9valo prefire traballar para intereses particulares en lugar de apostar pola mellora do Centro de Sa\u00fade [...]\" \/>\n<meta property=\"og:url\" content=\"https:\/\/www.anovapeneira.gal\/index.php\/2019\/10\/04\/victoria-alonso-o-unico-interese-da-alcaldesa-de-mos-da-xunta-de-galicia-e-do-pp-e-favorecer-a-un-empresario-millonario\/\" \/>\n<meta property=\"article:publisher\" content=\"https:\/\/www.facebook.com\/anovapeneira\" \/>\n<meta property=\"article:published_time\" content=\"2019-10-04T12:00:12+00:00\" \/>\n<meta property=\"og:image\" content=\"https:\/\/www.anovapeneira.gal\/wp-content\/uploads\/2019\/09\/psdg_a_nova_peneira.jpg\" \/>\n\t<meta property=\"og:image:width\" content=\"720\" \/>\n\t<meta property=\"og:image:height\" content=\"473\" \/>\n\t<meta property=\"og:image:type\" content=\"image\/jpeg\" \/>\n<meta name=\"author\" content=\"Redacci\u00f3n A Nova Peneira\" \/>\n<meta name=\"twitter:card\" content=\"summary_large_image\" \/>\n<meta name=\"twitter:creator\" content=\"@APeneira\" \/>\n<meta name=\"twitter:site\" content=\"@APeneira\" \/>\n<meta name=\"twitter:label1\" content=\"Escrito por\" \/>\n\t<meta name=\"twitter:data1\" content=\"Redacci\u00f3n A Nova Peneira\" \/>\n\t<meta name=\"twitter:label2\" content=\"Tempo de lectura\" \/>\n\t<meta name=\"twitter:data2\" content=\"3 minutos\" \/>\n<script type=\"application\/ld+json\" class=\"yoast-schema-graph\">{\"@context\":\"https:\\\/\\\/schema.org\",\"@graph\":[{\"@type\":\"Article\",\"@id\":\"https:\\\/\\\/www.anovapeneira.gal\\\/index.php\\\/2019\\\/10\\\/04\\\/victoria-alonso-o-unico-interese-da-alcaldesa-de-mos-da-xunta-de-galicia-e-do-pp-e-favorecer-a-un-empresario-millonario\\\/#article\",\"isPartOf\":{\"@id\":\"https:\\\/\\\/www.anovapeneira.gal\\\/index.php\\\/2019\\\/10\\\/04\\\/victoria-alonso-o-unico-interese-da-alcaldesa-de-mos-da-xunta-de-galicia-e-do-pp-e-favorecer-a-un-empresario-millonario\\\/\"},\"author\":{\"name\":\"Redacci\u00f3n A Nova Peneira\",\"@id\":\"https:\\\/\\\/www.anovapeneira.gal\\\/#\\\/schema\\\/person\\\/b93e3f8932e3f8da96334607eb6ac6aa\"},\"headline\":\"Victoria Alonso: \u201co \u00fanico interese da Alcaldesa de Mos, da Xunta de Galicia e do PP \u00e9 favorecer a un empresario millonario\u201d\",\"datePublished\":\"2019-10-04T12:00:12+00:00\",\"mainEntityOfPage\":{\"@id\":\"https:\\\/\\\/www.anovapeneira.gal\\\/index.php\\\/2019\\\/10\\\/04\\\/victoria-alonso-o-unico-interese-da-alcaldesa-de-mos-da-xunta-de-galicia-e-do-pp-e-favorecer-a-un-empresario-millonario\\\/\"},\"wordCount\":691,\"commentCount\":0,\"publisher\":{\"@id\":\"https:\\\/\\\/www.anovapeneira.gal\\\/#organization\"},\"image\":{\"@id\":\"https:\\\/\\\/www.anovapeneira.gal\\\/index.php\\\/2019\\\/10\\\/04\\\/victoria-alonso-o-unico-interese-da-alcaldesa-de-mos-da-xunta-de-galicia-e-do-pp-e-favorecer-a-un-empresario-millonario\\\/#primaryimage\"},\"thumbnailUrl\":\"https:\\\/\\\/www.anovapeneira.gal\\\/wp-content\\\/uploads\\\/2019\\\/09\\\/psdg_a_nova_peneira.jpg\",\"keywords\":[\"Concello de Mos\",\"Nidia Ar\u00e9valo\",\"Victoria Alonso\"],\"articleSection\":[\"A Louri\u00f1a\"],\"inLanguage\":\"gl-ES\",\"potentialAction\":[{\"@type\":\"CommentAction\",\"name\":\"Comment\",\"target\":[\"https:\\\/\\\/www.anovapeneira.gal\\\/index.php\\\/2019\\\/10\\\/04\\\/victoria-alonso-o-unico-interese-da-alcaldesa-de-mos-da-xunta-de-galicia-e-do-pp-e-favorecer-a-un-empresario-millonario\\\/#respond\"]}]},{\"@type\":\"WebPage\",\"@id\":\"https:\\\/\\\/www.anovapeneira.gal\\\/index.php\\\/2019\\\/10\\\/04\\\/victoria-alonso-o-unico-interese-da-alcaldesa-de-mos-da-xunta-de-galicia-e-do-pp-e-favorecer-a-un-empresario-millonario\\\/\",\"url\":\"https:\\\/\\\/www.anovapeneira.gal\\\/index.php\\\/2019\\\/10\\\/04\\\/victoria-alonso-o-unico-interese-da-alcaldesa-de-mos-da-xunta-de-galicia-e-do-pp-e-favorecer-a-un-empresario-millonario\\\/\",\"name\":\"Victoria Alonso: \u201co \u00fanico interese da Alcaldesa de Mos, da Xunta de Galicia e do PP \u00e9 favorecer a un empresario millonario\u201d -\",\"isPartOf\":{\"@id\":\"https:\\\/\\\/www.anovapeneira.gal\\\/#website\"},\"primaryImageOfPage\":{\"@id\":\"https:\\\/\\\/www.anovapeneira.gal\\\/index.php\\\/2019\\\/10\\\/04\\\/victoria-alonso-o-unico-interese-da-alcaldesa-de-mos-da-xunta-de-galicia-e-do-pp-e-favorecer-a-un-empresario-millonario\\\/#primaryimage\"},\"image\":{\"@id\":\"https:\\\/\\\/www.anovapeneira.gal\\\/index.php\\\/2019\\\/10\\\/04\\\/victoria-alonso-o-unico-interese-da-alcaldesa-de-mos-da-xunta-de-galicia-e-do-pp-e-favorecer-a-un-empresario-millonario\\\/#primaryimage\"},\"thumbnailUrl\":\"https:\\\/\\\/www.anovapeneira.gal\\\/wp-content\\\/uploads\\\/2019\\\/09\\\/psdg_a_nova_peneira.jpg\",\"datePublished\":\"2019-10-04T12:00:12+00:00\",\"breadcrumb\":{\"@id\":\"https:\\\/\\\/www.anovapeneira.gal\\\/index.php\\\/2019\\\/10\\\/04\\\/victoria-alonso-o-unico-interese-da-alcaldesa-de-mos-da-xunta-de-galicia-e-do-pp-e-favorecer-a-un-empresario-millonario\\\/#breadcrumb\"},\"inLanguage\":\"gl-ES\",\"potentialAction\":[{\"@type\":\"ReadAction\",\"target\":[\"https:\\\/\\\/www.anovapeneira.gal\\\/index.php\\\/2019\\\/10\\\/04\\\/victoria-alonso-o-unico-interese-da-alcaldesa-de-mos-da-xunta-de-galicia-e-do-pp-e-favorecer-a-un-empresario-millonario\\\/\"]}]},{\"@type\":\"ImageObject\",\"inLanguage\":\"gl-ES\",\"@id\":\"https:\\\/\\\/www.anovapeneira.gal\\\/index.php\\\/2019\\\/10\\\/04\\\/victoria-alonso-o-unico-interese-da-alcaldesa-de-mos-da-xunta-de-galicia-e-do-pp-e-favorecer-a-un-empresario-millonario\\\/#primaryimage\",\"url\":\"https:\\\/\\\/www.anovapeneira.gal\\\/wp-content\\\/uploads\\\/2019\\\/09\\\/psdg_a_nova_peneira.jpg\",\"contentUrl\":\"https:\\\/\\\/www.anovapeneira.gal\\\/wp-content\\\/uploads\\\/2019\\\/09\\\/psdg_a_nova_peneira.jpg\",\"width\":720,\"height\":473,\"caption\":\"PSdG Mos A Nova Peneira\"},{\"@type\":\"BreadcrumbList\",\"@id\":\"https:\\\/\\\/www.anovapeneira.gal\\\/index.php\\\/2019\\\/10\\\/04\\\/victoria-alonso-o-unico-interese-da-alcaldesa-de-mos-da-xunta-de-galicia-e-do-pp-e-favorecer-a-un-empresario-millonario\\\/#breadcrumb\",\"itemListElement\":[{\"@type\":\"ListItem\",\"position\":1,\"name\":\"Portada\",\"item\":\"https:\\\/\\\/www.anovapeneira.gal\\\/\"},{\"@type\":\"ListItem\",\"position\":2,\"name\":\"Victoria Alonso: \u201co \u00fanico interese da Alcaldesa de Mos, da Xunta de Galicia e do PP \u00e9 favorecer a un empresario millonario\u201d\"}]},{\"@type\":\"WebSite\",\"@id\":\"https:\\\/\\\/www.anovapeneira.gal\\\/#website\",\"url\":\"https:\\\/\\\/www.anovapeneira.gal\\\/\",\"name\":\"\",\"description\":\"Xornal galego de informaci\u00f3n xeral Publicaci\u00f3n mensual de novas de Galicia e en especial dos Concellos da sur da provincia de Pontevedra.\",\"publisher\":{\"@id\":\"https:\\\/\\\/www.anovapeneira.gal\\\/#organization\"},\"potentialAction\":[{\"@type\":\"SearchAction\",\"target\":{\"@type\":\"EntryPoint\",\"urlTemplate\":\"https:\\\/\\\/www.anovapeneira.gal\\\/?s={search_term_string}\"},\"query-input\":{\"@type\":\"PropertyValueSpecification\",\"valueRequired\":true,\"valueName\":\"search_term_string\"}}],\"inLanguage\":\"gl-ES\"},{\"@type\":\"Organization\",\"@id\":\"https:\\\/\\\/www.anovapeneira.gal\\\/#organization\",\"name\":\"A Nova Peneira\",\"url\":\"https:\\\/\\\/www.anovapeneira.gal\\\/\",\"logo\":{\"@type\":\"ImageObject\",\"inLanguage\":\"gl-ES\",\"@id\":\"https:\\\/\\\/www.anovapeneira.gal\\\/#\\\/schema\\\/logo\\\/image\\\/\",\"url\":\"http:\\\/\\\/www.anovapeneira.gal\\\/wp-content\\\/uploads\\\/2019\\\/06\\\/logo_a_nova_peneira_portal_web.png\",\"contentUrl\":\"http:\\\/\\\/www.anovapeneira.gal\\\/wp-content\\\/uploads\\\/2019\\\/06\\\/logo_a_nova_peneira_portal_web.png\",\"width\":300,\"height\":100,\"caption\":\"A Nova Peneira\"},\"image\":{\"@id\":\"https:\\\/\\\/www.anovapeneira.gal\\\/#\\\/schema\\\/logo\\\/image\\\/\"},\"sameAs\":[\"https:\\\/\\\/www.facebook.com\\\/anovapeneira\",\"https:\\\/\\\/x.com\\\/APeneira\"]},{\"@type\":\"Person\",\"@id\":\"https:\\\/\\\/www.anovapeneira.gal\\\/#\\\/schema\\\/person\\\/b93e3f8932e3f8da96334607eb6ac6aa\",\"name\":\"Redacci\u00f3n A Nova Peneira\",\"image\":{\"@type\":\"ImageObject\",\"inLanguage\":\"gl-ES\",\"@id\":\"https:\\\/\\\/secure.gravatar.com\\\/avatar\\\/c052a2551a06e23fac63626232eaa90abd78dbcf1700fc46a2b2c89fd27b735f?s=96&d=mm&r=g\",\"url\":\"https:\\\/\\\/secure.gravatar.com\\\/avatar\\\/c052a2551a06e23fac63626232eaa90abd78dbcf1700fc46a2b2c89fd27b735f?s=96&d=mm&r=g\",\"contentUrl\":\"https:\\\/\\\/secure.gravatar.com\\\/avatar\\\/c052a2551a06e23fac63626232eaa90abd78dbcf1700fc46a2b2c89fd27b735f?s=96&d=mm&r=g\",\"caption\":\"Redacci\u00f3n A Nova Peneira\"},\"sameAs\":[\"http:\\\/\\\/www.anovapeneira.gal\\\/\"],\"url\":\"https:\\\/\\\/www.anovapeneira.gal\\\/index.php\\\/author\\\/redactor\\\/\"}]}<\/script>\n<!-- \/ Yoast SEO plugin. -->","yoast_head_json":{"title":"Victoria Alonso: \u201co \u00fanico interese da Alcaldesa de Mos, da Xunta de Galicia e do PP \u00e9 favorecer a un empresario millonario\u201d -","robots":{"index":"index","follow":"follow","max-snippet":"max-snippet:-1","max-image-preview":"max-image-preview:large","max-video-preview":"max-video-preview:-1"},"canonical":"https:\/\/www.anovapeneira.gal\/index.php\/2019\/10\/04\/victoria-alonso-o-unico-interese-da-alcaldesa-de-mos-da-xunta-de-galicia-e-do-pp-e-favorecer-a-un-empresario-millonario\/","og_locale":"gl_ES","og_type":"article","og_title":"Victoria Alonso: \u201co \u00fanico interese da Alcaldesa de Mos, da Xunta de Galicia e do PP \u00e9 favorecer a un empresario millonario\u201d -","og_description":"A portavoz do grupo municipal socialista afirma que Nidia Ar\u00e9valo prefire traballar para intereses particulares en lugar de apostar pola mellora do Centro de Sa\u00fade [...]","og_url":"https:\/\/www.anovapeneira.gal\/index.php\/2019\/10\/04\/victoria-alonso-o-unico-interese-da-alcaldesa-de-mos-da-xunta-de-galicia-e-do-pp-e-favorecer-a-un-empresario-millonario\/","article_publisher":"https:\/\/www.facebook.com\/anovapeneira","article_published_time":"2019-10-04T12:00:12+00:00","og_image":[{"width":720,"height":473,"url":"https:\/\/www.anovapeneira.gal\/wp-content\/uploads\/2019\/09\/psdg_a_nova_peneira.jpg","type":"image\/jpeg"}],"author":"Redacci\u00f3n A Nova Peneira","twitter_card":"summary_large_image","twitter_creator":"@APeneira","twitter_site":"@APeneira","twitter_misc":{"Escrito por":"Redacci\u00f3n A Nova Peneira","Tempo de lectura":"3 minutos"},"schema":{"@context":"https:\/\/schema.org","@graph":[{"@type":"Article","@id":"https:\/\/www.anovapeneira.gal\/index.php\/2019\/10\/04\/victoria-alonso-o-unico-interese-da-alcaldesa-de-mos-da-xunta-de-galicia-e-do-pp-e-favorecer-a-un-empresario-millonario\/#article","isPartOf":{"@id":"https:\/\/www.anovapeneira.gal\/index.php\/2019\/10\/04\/victoria-alonso-o-unico-interese-da-alcaldesa-de-mos-da-xunta-de-galicia-e-do-pp-e-favorecer-a-un-empresario-millonario\/"},"author":{"name":"Redacci\u00f3n A Nova Peneira","@id":"https:\/\/www.anovapeneira.gal\/#\/schema\/person\/b93e3f8932e3f8da96334607eb6ac6aa"},"headline":"Victoria Alonso: \u201co \u00fanico interese da Alcaldesa de Mos, da Xunta de Galicia e do PP \u00e9 favorecer a un empresario millonario\u201d","datePublished":"2019-10-04T12:00:12+00:00","mainEntityOfPage":{"@id":"https:\/\/www.anovapeneira.gal\/index.php\/2019\/10\/04\/victoria-alonso-o-unico-interese-da-alcaldesa-de-mos-da-xunta-de-galicia-e-do-pp-e-favorecer-a-un-empresario-millonario\/"},"wordCount":691,"commentCount":0,"publisher":{"@id":"https:\/\/www.anovapeneira.gal\/#organization"},"image":{"@id":"https:\/\/www.anovapeneira.gal\/index.php\/2019\/10\/04\/victoria-alonso-o-unico-interese-da-alcaldesa-de-mos-da-xunta-de-galicia-e-do-pp-e-favorecer-a-un-empresario-millonario\/#primaryimage"},"thumbnailUrl":"https:\/\/www.anovapeneira.gal\/wp-content\/uploads\/2019\/09\/psdg_a_nova_peneira.jpg","keywords":["Concello de Mos","Nidia Ar\u00e9valo","Victoria Alonso"],"articleSection":["A Louri\u00f1a"],"inLanguage":"gl-ES","potentialAction":[{"@type":"CommentAction","name":"Comment","target":["https:\/\/www.anovapeneira.gal\/index.php\/2019\/10\/04\/victoria-alonso-o-unico-interese-da-alcaldesa-de-mos-da-xunta-de-galicia-e-do-pp-e-favorecer-a-un-empresario-millonario\/#respond"]}]},{"@type":"WebPage","@id":"https:\/\/www.anovapeneira.gal\/index.php\/2019\/10\/04\/victoria-alonso-o-unico-interese-da-alcaldesa-de-mos-da-xunta-de-galicia-e-do-pp-e-favorecer-a-un-empresario-millonario\/","url":"https:\/\/www.anovapeneira.gal\/index.php\/2019\/10\/04\/victoria-alonso-o-unico-interese-da-alcaldesa-de-mos-da-xunta-de-galicia-e-do-pp-e-favorecer-a-un-empresario-millonario\/","name":"Victoria Alonso: \u201co \u00fanico interese da Alcaldesa de Mos, da Xunta de Galicia e do PP \u00e9 favorecer a un empresario millonario\u201d -","isPartOf":{"@id":"https:\/\/www.anovapeneira.gal\/#website"},"primaryImageOfPage":{"@id":"https:\/\/www.anovapeneira.gal\/index.php\/2019\/10\/04\/victoria-alonso-o-unico-interese-da-alcaldesa-de-mos-da-xunta-de-galicia-e-do-pp-e-favorecer-a-un-empresario-millonario\/#primaryimage"},"image":{"@id":"https:\/\/www.anovapeneira.gal\/index.php\/2019\/10\/04\/victoria-alonso-o-unico-interese-da-alcaldesa-de-mos-da-xunta-de-galicia-e-do-pp-e-favorecer-a-un-empresario-millonario\/#primaryimage"},"thumbnailUrl":"https:\/\/www.anovapeneira.gal\/wp-content\/uploads\/2019\/09\/psdg_a_nova_peneira.jpg","datePublished":"2019-10-04T12:00:12+00:00","breadcrumb":{"@id":"https:\/\/www.anovapeneira.gal\/index.php\/2019\/10\/04\/victoria-alonso-o-unico-interese-da-alcaldesa-de-mos-da-xunta-de-galicia-e-do-pp-e-favorecer-a-un-empresario-millonario\/#breadcrumb"},"inLanguage":"gl-ES","potentialAction":[{"@type":"ReadAction","target":["https:\/\/www.anovapeneira.gal\/index.php\/2019\/10\/04\/victoria-alonso-o-unico-interese-da-alcaldesa-de-mos-da-xunta-de-galicia-e-do-pp-e-favorecer-a-un-empresario-millonario\/"]}]},{"@type":"ImageObject","inLanguage":"gl-ES","@id":"https:\/\/www.anovapeneira.gal\/index.php\/2019\/10\/04\/victoria-alonso-o-unico-interese-da-alcaldesa-de-mos-da-xunta-de-galicia-e-do-pp-e-favorecer-a-un-empresario-millonario\/#primaryimage","url":"https:\/\/www.anovapeneira.gal\/wp-content\/uploads\/2019\/09\/psdg_a_nova_peneira.jpg","contentUrl":"https:\/\/www.anovapeneira.gal\/wp-content\/uploads\/2019\/09\/psdg_a_nova_peneira.jpg","width":720,"height":473,"caption":"PSdG Mos A Nova Peneira"},{"@type":"BreadcrumbList","@id":"https:\/\/www.anovapeneira.gal\/index.php\/2019\/10\/04\/victoria-alonso-o-unico-interese-da-alcaldesa-de-mos-da-xunta-de-galicia-e-do-pp-e-favorecer-a-un-empresario-millonario\/#breadcrumb","itemListElement":[{"@type":"ListItem","position":1,"name":"Portada","item":"https:\/\/www.anovapeneira.gal\/"},{"@type":"ListItem","position":2,"name":"Victoria Alonso: \u201co \u00fanico interese da Alcaldesa de Mos, da Xunta de Galicia e do PP \u00e9 favorecer a un empresario millonario\u201d"}]},{"@type":"WebSite","@id":"https:\/\/www.anovapeneira.gal\/#website","url":"https:\/\/www.anovapeneira.gal\/","name":"","description":"Xornal galego de informaci\u00f3n xeral Publicaci\u00f3n mensual de novas de Galicia e en especial dos Concellos da sur da provincia de Pontevedra.","publisher":{"@id":"https:\/\/www.anovapeneira.gal\/#organization"},"potentialAction":[{"@type":"SearchAction","target":{"@type":"EntryPoint","urlTemplate":"https:\/\/www.anovapeneira.gal\/?s={search_term_string}"},"query-input":{"@type":"PropertyValueSpecification","valueRequired":true,"valueName":"search_term_string"}}],"inLanguage":"gl-ES"},{"@type":"Organization","@id":"https:\/\/www.anovapeneira.gal\/#organization","name":"A Nova Peneira","url":"https:\/\/www.anovapeneira.gal\/","logo":{"@type":"ImageObject","inLanguage":"gl-ES","@id":"https:\/\/www.anovapeneira.gal\/#\/schema\/logo\/image\/","url":"http:\/\/www.anovapeneira.gal\/wp-content\/uploads\/2019\/06\/logo_a_nova_peneira_portal_web.png","contentUrl":"http:\/\/www.anovapeneira.gal\/wp-content\/uploads\/2019\/06\/logo_a_nova_peneira_portal_web.png","width":300,"height":100,"caption":"A Nova Peneira"},"image":{"@id":"https:\/\/www.anovapeneira.gal\/#\/schema\/logo\/image\/"},"sameAs":["https:\/\/www.facebook.com\/anovapeneira","https:\/\/x.com\/APeneira"]},{"@type":"Person","@id":"https:\/\/www.anovapeneira.gal\/#\/schema\/person\/b93e3f8932e3f8da96334607eb6ac6aa","name":"Redacci\u00f3n A Nova Peneira","image":{"@type":"ImageObject","inLanguage":"gl-ES","@id":"https:\/\/secure.gravatar.com\/avatar\/c052a2551a06e23fac63626232eaa90abd78dbcf1700fc46a2b2c89fd27b735f?s=96&d=mm&r=g","url":"https:\/\/secure.gravatar.com\/avatar\/c052a2551a06e23fac63626232eaa90abd78dbcf1700fc46a2b2c89fd27b735f?s=96&d=mm&r=g","contentUrl":"https:\/\/secure.gravatar.com\/avatar\/c052a2551a06e23fac63626232eaa90abd78dbcf1700fc46a2b2c89fd27b735f?s=96&d=mm&r=g","caption":"Redacci\u00f3n A Nova Peneira"},"sameAs":["http:\/\/www.anovapeneira.gal\/"],"url":"https:\/\/www.anovapeneira.gal\/index.php\/author\/redactor\/"}]}},"jetpack_featured_media_url":"https:\/\/www.anovapeneira.gal\/wp-content\/uploads\/2019\/09\/psdg_a_nova_peneira.jpg","_links":{"self":[{"href":"https:\/\/www.anovapeneira.gal\/index.php\/wp-json\/wp\/v2\/posts\/1424","targetHints":{"allow":["GET"]}}],"collection":[{"href":"https:\/\/www.anovapeneira.gal\/index.php\/wp-json\/wp\/v2\/posts"}],"about":[{"href":"https:\/\/www.anovapeneira.gal\/index.php\/wp-json\/wp\/v2\/types\/post"}],"author":[{"embeddable":true,"href":"https:\/\/www.anovapeneira.gal\/index.php\/wp-json\/wp\/v2\/users\/3"}],"replies":[{"embeddable":true,"href":"https:\/\/www.anovapeneira.gal\/index.php\/wp-json\/wp\/v2\/comments?post=1424"}],"version-history":[{"count":1,"href":"https:\/\/www.anovapeneira.gal\/index.php\/wp-json\/wp\/v2\/posts\/1424\/revisions"}],"predecessor-version":[{"id":1426,"href":"https:\/\/www.anovapeneira.gal\/index.php\/wp-json\/wp\/v2\/posts\/1424\/revisions\/1426"}],"wp:featuredmedia":[{"embeddable":true,"href":"https:\/\/www.anovapeneira.gal\/index.php\/wp-json\/wp\/v2\/media\/1425"}],"wp:attachment":[{"href":"https:\/\/www.anovapeneira.gal\/index.php\/wp-json\/wp\/v2\/media?parent=1424"}],"wp:term":[{"taxonomy":"category","embeddable":true,"href":"https:\/\/www.anovapeneira.gal\/index.php\/wp-json\/wp\/v2\/categories?post=1424"},{"taxonomy":"post_tag","embeddable":true,"href":"https:\/\/www.anovapeneira.gal\/index.php\/wp-json\/wp\/v2\/tags?post=1424"}],"curies":[{"name":"wp","href":"https:\/\/api.w.org\/{rel}","templated":true}]}}