{"id":14248,"date":"2025-07-24T12:00:56","date_gmt":"2025-07-24T10:00:56","guid":{"rendered":"https:\/\/www.anovapeneira.gal\/?p=14248"},"modified":"2025-07-21T17:46:10","modified_gmt":"2025-07-21T15:46:10","slug":"o-bng-de-mos-alerta-sobre-a-desatencion-das-medidas-de-prevencion-de-incendios-nos-edificios-municipais","status":"publish","type":"post","link":"https:\/\/www.anovapeneira.gal\/index.php\/2025\/07\/24\/o-bng-de-mos-alerta-sobre-a-desatencion-das-medidas-de-prevencion-de-incendios-nos-edificios-municipais\/","title":{"rendered":"O BNG de Mos alerta sobre a desatenci\u00f3n das medidas de prevenci\u00f3n de incendios nos edificios municipais"},"content":{"rendered":"\n<h2 class=\"wp-block-heading\">As mangueiras para a extinci\u00f3n de lumes levan tres anos sen pasar a revisi\u00f3n obrigatoria, incumprindo a normativa en vigor<\/h2>\n\n\n\n<h2 class=\"wp-block-heading\">O portavoz nacionalista no Concello, Gustavo Barcia, advirte de que \u201cesta neglixencia pode ter consecuencias moi graves\u201d<\/h2>\n\n\n\n<p>Mos, 16 de xullo de 2025. O Grupo Municipal do BNG de Mos v\u00e9n de denunciar os preocupantes problemas de seguridade das instalaci\u00f3ns municipais, alertando de que as mangueiras de prevenci\u00f3n de incendios levan tres anos coa revisi\u00f3n caducada. Segundo establece a normativa vixente, este equipamento debe ser inspeccionado, como m\u00ednimo, unha vez ao ano. Por\u00e9n, a \u00faltima revisi\u00f3n realizouse no ano 2022.<\/p>\n\n\n\n<p>O portavoz municipal do BNG de Mos, Gustavo Barcia, sinala que \u201co PP de Nidia Ar\u00e9valo \u00e9 incapaz de atender as necesidades m\u00e1is elementais do Concello de Mos\u201d e engade que \u201cestamos ante unha neglixencia que pode ter consecuencias moi graves\u201d.<\/p>\n\n\n\n<p>O ano pasado, a ra\u00edz dunha denuncia do BNG nas redes sociais, sacouse a licitaci\u00f3n un novo contrato de prevenci\u00f3n de incendios. A empresa concesionaria revisou os extintores, pero esqueceu as mangueiras sen que o goberno fora capaz de garantir o cumprimento das m\u00e1is elementais medidas de seguridade. En palabras de Barcia, \u201co PP de Nidia Ar\u00e9valo vive pendente das redes sociais e s\u00f3 act\u00faa cando algunha publicaci\u00f3n no Facebook pon en evidencia a s\u00faa desastrosa xesti\u00f3n\u201d.<\/p>\n\n\n\n<p>Neste contexto, o BNG denuncia a falta de control e supervisi\u00f3n do executivo local e sinala directamente \u00e1 alcaldesa. Gustavo Barcia cre que \u201cNidia Ar\u00e9valo est\u00e1 m\u00e1is pendente de Madrid que de Mos e cada d\u00eda que pasa desent\u00e9ndese m\u00e1is da actividade municipal\u201d. O portavoz nacionalista considera que \u201cno d\u00eda a d\u00eda do Concello non hai ningu\u00e9n ao mando\u201d.<\/p>\n","protected":false},"excerpt":{"rendered":"<div class=\"mh-excerpt\"><p>As mangueiras para a extinci\u00f3n de lumes levan tres anos sen pasar a revisi\u00f3n obrigatoria, incumprindo a normativa en vigor <a class=\"mh-excerpt-more\" href=\"https:\/\/www.anovapeneira.gal\/index.php\/2025\/07\/24\/o-bng-de-mos-alerta-sobre-a-desatencion-das-medidas-de-prevencion-de-incendios-nos-edificios-municipais\/\" title=\"O BNG de Mos alerta sobre a desatenci\u00f3n das medidas de prevenci\u00f3n de incendios nos edificios municipais\">[&#8230;]<\/a><\/p>\n<\/div>","protected":false},"author":3,"featured_media":14252,"comment_status":"open","ping_status":"open","sticky":false,"template":"","format":"standard","meta":{"_exactmetrics_skip_tracking":false,"_exactmetrics_sitenote_active":false,"_exactmetrics_sitenote_note":"","_exactmetrics_sitenote_category":0,"footnotes":""},"categories":[23],"tags":[218],"class_list":{"0":"post-14248","1":"post","2":"type-post","3":"status-publish","4":"format-standard","5":"has-post-thumbnail","7":"category-a-lourina","8":"tag-concello-de-mos"},"yoast_head":"<!-- This site is optimized with the Yoast SEO plugin v27.4 - https:\/\/yoast.com\/product\/yoast-seo-wordpress\/ -->\n<title>O BNG de Mos alerta sobre a desatenci\u00f3n das medidas de prevenci\u00f3n de incendios nos edificios municipais -<\/title>\n<meta name=\"robots\" content=\"index, follow, max-snippet:-1, max-image-preview:large, max-video-preview:-1\" \/>\n<link rel=\"canonical\" href=\"https:\/\/www.anovapeneira.gal\/index.php\/2025\/07\/24\/o-bng-de-mos-alerta-sobre-a-desatencion-das-medidas-de-prevencion-de-incendios-nos-edificios-municipais\/\" \/>\n<meta property=\"og:locale\" content=\"gl_ES\" \/>\n<meta property=\"og:type\" content=\"article\" \/>\n<meta property=\"og:title\" content=\"O BNG de Mos alerta sobre a desatenci\u00f3n das medidas de prevenci\u00f3n de incendios nos edificios municipais -\" \/>\n<meta property=\"og:description\" content=\"As mangueiras para a extinci\u00f3n de lumes levan tres anos sen pasar a revisi\u00f3n obrigatoria, incumprindo a normativa en vigor [...]\" \/>\n<meta property=\"og:url\" content=\"https:\/\/www.anovapeneira.gal\/index.php\/2025\/07\/24\/o-bng-de-mos-alerta-sobre-a-desatencion-das-medidas-de-prevencion-de-incendios-nos-edificios-municipais\/\" \/>\n<meta property=\"article:publisher\" content=\"https:\/\/www.facebook.com\/anovapeneira\" \/>\n<meta property=\"article:published_time\" content=\"2025-07-24T10:00:56+00:00\" \/>\n<meta property=\"og:image\" content=\"https:\/\/www.anovapeneira.gal\/wp-content\/uploads\/2025\/07\/Revision_mos.jpg\" \/>\n\t<meta property=\"og:image:width\" content=\"1920\" \/>\n\t<meta property=\"og:image:height\" content=\"1146\" \/>\n\t<meta property=\"og:image:type\" content=\"image\/jpeg\" \/>\n<meta name=\"author\" content=\"Redacci\u00f3n A Nova Peneira\" \/>\n<meta name=\"twitter:card\" content=\"summary_large_image\" \/>\n<meta name=\"twitter:creator\" content=\"@APeneira\" \/>\n<meta name=\"twitter:site\" content=\"@APeneira\" \/>\n<meta name=\"twitter:label1\" content=\"Escrito por\" \/>\n\t<meta name=\"twitter:data1\" content=\"Redacci\u00f3n A Nova Peneira\" \/>\n\t<meta name=\"twitter:label2\" content=\"Tempo de lectura\" \/>\n\t<meta name=\"twitter:data2\" content=\"2 minutos\" \/>\n<script type=\"application\/ld+json\" class=\"yoast-schema-graph\">{\"@context\":\"https:\\\/\\\/schema.org\",\"@graph\":[{\"@type\":\"Article\",\"@id\":\"https:\\\/\\\/www.anovapeneira.gal\\\/index.php\\\/2025\\\/07\\\/24\\\/o-bng-de-mos-alerta-sobre-a-desatencion-das-medidas-de-prevencion-de-incendios-nos-edificios-municipais\\\/#article\",\"isPartOf\":{\"@id\":\"https:\\\/\\\/www.anovapeneira.gal\\\/index.php\\\/2025\\\/07\\\/24\\\/o-bng-de-mos-alerta-sobre-a-desatencion-das-medidas-de-prevencion-de-incendios-nos-edificios-municipais\\\/\"},\"author\":{\"name\":\"Redacci\u00f3n A Nova Peneira\",\"@id\":\"https:\\\/\\\/www.anovapeneira.gal\\\/#\\\/schema\\\/person\\\/b93e3f8932e3f8da96334607eb6ac6aa\"},\"headline\":\"O BNG de Mos alerta sobre a desatenci\u00f3n das medidas de prevenci\u00f3n de incendios nos edificios municipais\",\"datePublished\":\"2025-07-24T10:00:56+00:00\",\"mainEntityOfPage\":{\"@id\":\"https:\\\/\\\/www.anovapeneira.gal\\\/index.php\\\/2025\\\/07\\\/24\\\/o-bng-de-mos-alerta-sobre-a-desatencion-das-medidas-de-prevencion-de-incendios-nos-edificios-municipais\\\/\"},\"wordCount\":320,\"commentCount\":0,\"publisher\":{\"@id\":\"https:\\\/\\\/www.anovapeneira.gal\\\/#organization\"},\"image\":{\"@id\":\"https:\\\/\\\/www.anovapeneira.gal\\\/index.php\\\/2025\\\/07\\\/24\\\/o-bng-de-mos-alerta-sobre-a-desatencion-das-medidas-de-prevencion-de-incendios-nos-edificios-municipais\\\/#primaryimage\"},\"thumbnailUrl\":\"https:\\\/\\\/www.anovapeneira.gal\\\/wp-content\\\/uploads\\\/2025\\\/07\\\/Revision_mos.jpg\",\"keywords\":[\"Concello de Mos\"],\"articleSection\":[\"A Louri\u00f1a\"],\"inLanguage\":\"gl-ES\",\"potentialAction\":[{\"@type\":\"CommentAction\",\"name\":\"Comment\",\"target\":[\"https:\\\/\\\/www.anovapeneira.gal\\\/index.php\\\/2025\\\/07\\\/24\\\/o-bng-de-mos-alerta-sobre-a-desatencion-das-medidas-de-prevencion-de-incendios-nos-edificios-municipais\\\/#respond\"]}]},{\"@type\":\"WebPage\",\"@id\":\"https:\\\/\\\/www.anovapeneira.gal\\\/index.php\\\/2025\\\/07\\\/24\\\/o-bng-de-mos-alerta-sobre-a-desatencion-das-medidas-de-prevencion-de-incendios-nos-edificios-municipais\\\/\",\"url\":\"https:\\\/\\\/www.anovapeneira.gal\\\/index.php\\\/2025\\\/07\\\/24\\\/o-bng-de-mos-alerta-sobre-a-desatencion-das-medidas-de-prevencion-de-incendios-nos-edificios-municipais\\\/\",\"name\":\"O BNG de Mos alerta sobre a desatenci\u00f3n das medidas de prevenci\u00f3n de incendios nos edificios municipais -\",\"isPartOf\":{\"@id\":\"https:\\\/\\\/www.anovapeneira.gal\\\/#website\"},\"primaryImageOfPage\":{\"@id\":\"https:\\\/\\\/www.anovapeneira.gal\\\/index.php\\\/2025\\\/07\\\/24\\\/o-bng-de-mos-alerta-sobre-a-desatencion-das-medidas-de-prevencion-de-incendios-nos-edificios-municipais\\\/#primaryimage\"},\"image\":{\"@id\":\"https:\\\/\\\/www.anovapeneira.gal\\\/index.php\\\/2025\\\/07\\\/24\\\/o-bng-de-mos-alerta-sobre-a-desatencion-das-medidas-de-prevencion-de-incendios-nos-edificios-municipais\\\/#primaryimage\"},\"thumbnailUrl\":\"https:\\\/\\\/www.anovapeneira.gal\\\/wp-content\\\/uploads\\\/2025\\\/07\\\/Revision_mos.jpg\",\"datePublished\":\"2025-07-24T10:00:56+00:00\",\"breadcrumb\":{\"@id\":\"https:\\\/\\\/www.anovapeneira.gal\\\/index.php\\\/2025\\\/07\\\/24\\\/o-bng-de-mos-alerta-sobre-a-desatencion-das-medidas-de-prevencion-de-incendios-nos-edificios-municipais\\\/#breadcrumb\"},\"inLanguage\":\"gl-ES\",\"potentialAction\":[{\"@type\":\"ReadAction\",\"target\":[\"https:\\\/\\\/www.anovapeneira.gal\\\/index.php\\\/2025\\\/07\\\/24\\\/o-bng-de-mos-alerta-sobre-a-desatencion-das-medidas-de-prevencion-de-incendios-nos-edificios-municipais\\\/\"]}]},{\"@type\":\"ImageObject\",\"inLanguage\":\"gl-ES\",\"@id\":\"https:\\\/\\\/www.anovapeneira.gal\\\/index.php\\\/2025\\\/07\\\/24\\\/o-bng-de-mos-alerta-sobre-a-desatencion-das-medidas-de-prevencion-de-incendios-nos-edificios-municipais\\\/#primaryimage\",\"url\":\"https:\\\/\\\/www.anovapeneira.gal\\\/wp-content\\\/uploads\\\/2025\\\/07\\\/Revision_mos.jpg\",\"contentUrl\":\"https:\\\/\\\/www.anovapeneira.gal\\\/wp-content\\\/uploads\\\/2025\\\/07\\\/Revision_mos.jpg\",\"width\":1920,\"height\":1146},{\"@type\":\"BreadcrumbList\",\"@id\":\"https:\\\/\\\/www.anovapeneira.gal\\\/index.php\\\/2025\\\/07\\\/24\\\/o-bng-de-mos-alerta-sobre-a-desatencion-das-medidas-de-prevencion-de-incendios-nos-edificios-municipais\\\/#breadcrumb\",\"itemListElement\":[{\"@type\":\"ListItem\",\"position\":1,\"name\":\"Portada\",\"item\":\"https:\\\/\\\/www.anovapeneira.gal\\\/\"},{\"@type\":\"ListItem\",\"position\":2,\"name\":\"O BNG de Mos alerta sobre a desatenci\u00f3n das medidas de prevenci\u00f3n de incendios nos edificios municipais\"}]},{\"@type\":\"WebSite\",\"@id\":\"https:\\\/\\\/www.anovapeneira.gal\\\/#website\",\"url\":\"https:\\\/\\\/www.anovapeneira.gal\\\/\",\"name\":\"\",\"description\":\"Xornal galego de informaci\u00f3n xeral Publicaci\u00f3n mensual de novas de Galicia e en especial dos Concellos da sur da provincia de Pontevedra.\",\"publisher\":{\"@id\":\"https:\\\/\\\/www.anovapeneira.gal\\\/#organization\"},\"potentialAction\":[{\"@type\":\"SearchAction\",\"target\":{\"@type\":\"EntryPoint\",\"urlTemplate\":\"https:\\\/\\\/www.anovapeneira.gal\\\/?s={search_term_string}\"},\"query-input\":{\"@type\":\"PropertyValueSpecification\",\"valueRequired\":true,\"valueName\":\"search_term_string\"}}],\"inLanguage\":\"gl-ES\"},{\"@type\":\"Organization\",\"@id\":\"https:\\\/\\\/www.anovapeneira.gal\\\/#organization\",\"name\":\"A Nova Peneira\",\"url\":\"https:\\\/\\\/www.anovapeneira.gal\\\/\",\"logo\":{\"@type\":\"ImageObject\",\"inLanguage\":\"gl-ES\",\"@id\":\"https:\\\/\\\/www.anovapeneira.gal\\\/#\\\/schema\\\/logo\\\/image\\\/\",\"url\":\"http:\\\/\\\/www.anovapeneira.gal\\\/wp-content\\\/uploads\\\/2019\\\/06\\\/logo_a_nova_peneira_portal_web.png\",\"contentUrl\":\"http:\\\/\\\/www.anovapeneira.gal\\\/wp-content\\\/uploads\\\/2019\\\/06\\\/logo_a_nova_peneira_portal_web.png\",\"width\":300,\"height\":100,\"caption\":\"A Nova Peneira\"},\"image\":{\"@id\":\"https:\\\/\\\/www.anovapeneira.gal\\\/#\\\/schema\\\/logo\\\/image\\\/\"},\"sameAs\":[\"https:\\\/\\\/www.facebook.com\\\/anovapeneira\",\"https:\\\/\\\/x.com\\\/APeneira\"]},{\"@type\":\"Person\",\"@id\":\"https:\\\/\\\/www.anovapeneira.gal\\\/#\\\/schema\\\/person\\\/b93e3f8932e3f8da96334607eb6ac6aa\",\"name\":\"Redacci\u00f3n A Nova Peneira\",\"image\":{\"@type\":\"ImageObject\",\"inLanguage\":\"gl-ES\",\"@id\":\"https:\\\/\\\/secure.gravatar.com\\\/avatar\\\/c052a2551a06e23fac63626232eaa90abd78dbcf1700fc46a2b2c89fd27b735f?s=96&d=mm&r=g\",\"url\":\"https:\\\/\\\/secure.gravatar.com\\\/avatar\\\/c052a2551a06e23fac63626232eaa90abd78dbcf1700fc46a2b2c89fd27b735f?s=96&d=mm&r=g\",\"contentUrl\":\"https:\\\/\\\/secure.gravatar.com\\\/avatar\\\/c052a2551a06e23fac63626232eaa90abd78dbcf1700fc46a2b2c89fd27b735f?s=96&d=mm&r=g\",\"caption\":\"Redacci\u00f3n A Nova Peneira\"},\"sameAs\":[\"http:\\\/\\\/www.anovapeneira.gal\\\/\"],\"url\":\"https:\\\/\\\/www.anovapeneira.gal\\\/index.php\\\/author\\\/redactor\\\/\"}]}<\/script>\n<!-- \/ Yoast SEO plugin. -->","yoast_head_json":{"title":"O BNG de Mos alerta sobre a desatenci\u00f3n das medidas de prevenci\u00f3n de incendios nos edificios municipais -","robots":{"index":"index","follow":"follow","max-snippet":"max-snippet:-1","max-image-preview":"max-image-preview:large","max-video-preview":"max-video-preview:-1"},"canonical":"https:\/\/www.anovapeneira.gal\/index.php\/2025\/07\/24\/o-bng-de-mos-alerta-sobre-a-desatencion-das-medidas-de-prevencion-de-incendios-nos-edificios-municipais\/","og_locale":"gl_ES","og_type":"article","og_title":"O BNG de Mos alerta sobre a desatenci\u00f3n das medidas de prevenci\u00f3n de incendios nos edificios municipais -","og_description":"As mangueiras para a extinci\u00f3n de lumes levan tres anos sen pasar a revisi\u00f3n obrigatoria, incumprindo a normativa en vigor [...]","og_url":"https:\/\/www.anovapeneira.gal\/index.php\/2025\/07\/24\/o-bng-de-mos-alerta-sobre-a-desatencion-das-medidas-de-prevencion-de-incendios-nos-edificios-municipais\/","article_publisher":"https:\/\/www.facebook.com\/anovapeneira","article_published_time":"2025-07-24T10:00:56+00:00","og_image":[{"width":1920,"height":1146,"url":"https:\/\/www.anovapeneira.gal\/wp-content\/uploads\/2025\/07\/Revision_mos.jpg","type":"image\/jpeg"}],"author":"Redacci\u00f3n A Nova Peneira","twitter_card":"summary_large_image","twitter_creator":"@APeneira","twitter_site":"@APeneira","twitter_misc":{"Escrito por":"Redacci\u00f3n A Nova Peneira","Tempo de lectura":"2 minutos"},"schema":{"@context":"https:\/\/schema.org","@graph":[{"@type":"Article","@id":"https:\/\/www.anovapeneira.gal\/index.php\/2025\/07\/24\/o-bng-de-mos-alerta-sobre-a-desatencion-das-medidas-de-prevencion-de-incendios-nos-edificios-municipais\/#article","isPartOf":{"@id":"https:\/\/www.anovapeneira.gal\/index.php\/2025\/07\/24\/o-bng-de-mos-alerta-sobre-a-desatencion-das-medidas-de-prevencion-de-incendios-nos-edificios-municipais\/"},"author":{"name":"Redacci\u00f3n A Nova Peneira","@id":"https:\/\/www.anovapeneira.gal\/#\/schema\/person\/b93e3f8932e3f8da96334607eb6ac6aa"},"headline":"O BNG de Mos alerta sobre a desatenci\u00f3n das medidas de prevenci\u00f3n de incendios nos edificios municipais","datePublished":"2025-07-24T10:00:56+00:00","mainEntityOfPage":{"@id":"https:\/\/www.anovapeneira.gal\/index.php\/2025\/07\/24\/o-bng-de-mos-alerta-sobre-a-desatencion-das-medidas-de-prevencion-de-incendios-nos-edificios-municipais\/"},"wordCount":320,"commentCount":0,"publisher":{"@id":"https:\/\/www.anovapeneira.gal\/#organization"},"image":{"@id":"https:\/\/www.anovapeneira.gal\/index.php\/2025\/07\/24\/o-bng-de-mos-alerta-sobre-a-desatencion-das-medidas-de-prevencion-de-incendios-nos-edificios-municipais\/#primaryimage"},"thumbnailUrl":"https:\/\/www.anovapeneira.gal\/wp-content\/uploads\/2025\/07\/Revision_mos.jpg","keywords":["Concello de Mos"],"articleSection":["A Louri\u00f1a"],"inLanguage":"gl-ES","potentialAction":[{"@type":"CommentAction","name":"Comment","target":["https:\/\/www.anovapeneira.gal\/index.php\/2025\/07\/24\/o-bng-de-mos-alerta-sobre-a-desatencion-das-medidas-de-prevencion-de-incendios-nos-edificios-municipais\/#respond"]}]},{"@type":"WebPage","@id":"https:\/\/www.anovapeneira.gal\/index.php\/2025\/07\/24\/o-bng-de-mos-alerta-sobre-a-desatencion-das-medidas-de-prevencion-de-incendios-nos-edificios-municipais\/","url":"https:\/\/www.anovapeneira.gal\/index.php\/2025\/07\/24\/o-bng-de-mos-alerta-sobre-a-desatencion-das-medidas-de-prevencion-de-incendios-nos-edificios-municipais\/","name":"O BNG de Mos alerta sobre a desatenci\u00f3n das medidas de prevenci\u00f3n de incendios nos edificios municipais -","isPartOf":{"@id":"https:\/\/www.anovapeneira.gal\/#website"},"primaryImageOfPage":{"@id":"https:\/\/www.anovapeneira.gal\/index.php\/2025\/07\/24\/o-bng-de-mos-alerta-sobre-a-desatencion-das-medidas-de-prevencion-de-incendios-nos-edificios-municipais\/#primaryimage"},"image":{"@id":"https:\/\/www.anovapeneira.gal\/index.php\/2025\/07\/24\/o-bng-de-mos-alerta-sobre-a-desatencion-das-medidas-de-prevencion-de-incendios-nos-edificios-municipais\/#primaryimage"},"thumbnailUrl":"https:\/\/www.anovapeneira.gal\/wp-content\/uploads\/2025\/07\/Revision_mos.jpg","datePublished":"2025-07-24T10:00:56+00:00","breadcrumb":{"@id":"https:\/\/www.anovapeneira.gal\/index.php\/2025\/07\/24\/o-bng-de-mos-alerta-sobre-a-desatencion-das-medidas-de-prevencion-de-incendios-nos-edificios-municipais\/#breadcrumb"},"inLanguage":"gl-ES","potentialAction":[{"@type":"ReadAction","target":["https:\/\/www.anovapeneira.gal\/index.php\/2025\/07\/24\/o-bng-de-mos-alerta-sobre-a-desatencion-das-medidas-de-prevencion-de-incendios-nos-edificios-municipais\/"]}]},{"@type":"ImageObject","inLanguage":"gl-ES","@id":"https:\/\/www.anovapeneira.gal\/index.php\/2025\/07\/24\/o-bng-de-mos-alerta-sobre-a-desatencion-das-medidas-de-prevencion-de-incendios-nos-edificios-municipais\/#primaryimage","url":"https:\/\/www.anovapeneira.gal\/wp-content\/uploads\/2025\/07\/Revision_mos.jpg","contentUrl":"https:\/\/www.anovapeneira.gal\/wp-content\/uploads\/2025\/07\/Revision_mos.jpg","width":1920,"height":1146},{"@type":"BreadcrumbList","@id":"https:\/\/www.anovapeneira.gal\/index.php\/2025\/07\/24\/o-bng-de-mos-alerta-sobre-a-desatencion-das-medidas-de-prevencion-de-incendios-nos-edificios-municipais\/#breadcrumb","itemListElement":[{"@type":"ListItem","position":1,"name":"Portada","item":"https:\/\/www.anovapeneira.gal\/"},{"@type":"ListItem","position":2,"name":"O BNG de Mos alerta sobre a desatenci\u00f3n das medidas de prevenci\u00f3n de incendios nos edificios municipais"}]},{"@type":"WebSite","@id":"https:\/\/www.anovapeneira.gal\/#website","url":"https:\/\/www.anovapeneira.gal\/","name":"","description":"Xornal galego de informaci\u00f3n xeral Publicaci\u00f3n mensual de novas de Galicia e en especial dos Concellos da sur da provincia de Pontevedra.","publisher":{"@id":"https:\/\/www.anovapeneira.gal\/#organization"},"potentialAction":[{"@type":"SearchAction","target":{"@type":"EntryPoint","urlTemplate":"https:\/\/www.anovapeneira.gal\/?s={search_term_string}"},"query-input":{"@type":"PropertyValueSpecification","valueRequired":true,"valueName":"search_term_string"}}],"inLanguage":"gl-ES"},{"@type":"Organization","@id":"https:\/\/www.anovapeneira.gal\/#organization","name":"A Nova Peneira","url":"https:\/\/www.anovapeneira.gal\/","logo":{"@type":"ImageObject","inLanguage":"gl-ES","@id":"https:\/\/www.anovapeneira.gal\/#\/schema\/logo\/image\/","url":"http:\/\/www.anovapeneira.gal\/wp-content\/uploads\/2019\/06\/logo_a_nova_peneira_portal_web.png","contentUrl":"http:\/\/www.anovapeneira.gal\/wp-content\/uploads\/2019\/06\/logo_a_nova_peneira_portal_web.png","width":300,"height":100,"caption":"A Nova Peneira"},"image":{"@id":"https:\/\/www.anovapeneira.gal\/#\/schema\/logo\/image\/"},"sameAs":["https:\/\/www.facebook.com\/anovapeneira","https:\/\/x.com\/APeneira"]},{"@type":"Person","@id":"https:\/\/www.anovapeneira.gal\/#\/schema\/person\/b93e3f8932e3f8da96334607eb6ac6aa","name":"Redacci\u00f3n A Nova Peneira","image":{"@type":"ImageObject","inLanguage":"gl-ES","@id":"https:\/\/secure.gravatar.com\/avatar\/c052a2551a06e23fac63626232eaa90abd78dbcf1700fc46a2b2c89fd27b735f?s=96&d=mm&r=g","url":"https:\/\/secure.gravatar.com\/avatar\/c052a2551a06e23fac63626232eaa90abd78dbcf1700fc46a2b2c89fd27b735f?s=96&d=mm&r=g","contentUrl":"https:\/\/secure.gravatar.com\/avatar\/c052a2551a06e23fac63626232eaa90abd78dbcf1700fc46a2b2c89fd27b735f?s=96&d=mm&r=g","caption":"Redacci\u00f3n A Nova Peneira"},"sameAs":["http:\/\/www.anovapeneira.gal\/"],"url":"https:\/\/www.anovapeneira.gal\/index.php\/author\/redactor\/"}]}},"jetpack_featured_media_url":"https:\/\/www.anovapeneira.gal\/wp-content\/uploads\/2025\/07\/Revision_mos.jpg","_links":{"self":[{"href":"https:\/\/www.anovapeneira.gal\/index.php\/wp-json\/wp\/v2\/posts\/14248","targetHints":{"allow":["GET"]}}],"collection":[{"href":"https:\/\/www.anovapeneira.gal\/index.php\/wp-json\/wp\/v2\/posts"}],"about":[{"href":"https:\/\/www.anovapeneira.gal\/index.php\/wp-json\/wp\/v2\/types\/post"}],"author":[{"embeddable":true,"href":"https:\/\/www.anovapeneira.gal\/index.php\/wp-json\/wp\/v2\/users\/3"}],"replies":[{"embeddable":true,"href":"https:\/\/www.anovapeneira.gal\/index.php\/wp-json\/wp\/v2\/comments?post=14248"}],"version-history":[{"count":1,"href":"https:\/\/www.anovapeneira.gal\/index.php\/wp-json\/wp\/v2\/posts\/14248\/revisions"}],"predecessor-version":[{"id":14249,"href":"https:\/\/www.anovapeneira.gal\/index.php\/wp-json\/wp\/v2\/posts\/14248\/revisions\/14249"}],"wp:featuredmedia":[{"embeddable":true,"href":"https:\/\/www.anovapeneira.gal\/index.php\/wp-json\/wp\/v2\/media\/14252"}],"wp:attachment":[{"href":"https:\/\/www.anovapeneira.gal\/index.php\/wp-json\/wp\/v2\/media?parent=14248"}],"wp:term":[{"taxonomy":"category","embeddable":true,"href":"https:\/\/www.anovapeneira.gal\/index.php\/wp-json\/wp\/v2\/categories?post=14248"},{"taxonomy":"post_tag","embeddable":true,"href":"https:\/\/www.anovapeneira.gal\/index.php\/wp-json\/wp\/v2\/tags?post=14248"}],"curies":[{"name":"wp","href":"https:\/\/api.w.org\/{rel}","templated":true}]}}