{"id":14260,"date":"2025-07-28T12:00:58","date_gmt":"2025-07-28T10:00:58","guid":{"rendered":"https:\/\/www.anovapeneira.gal\/?p=14260"},"modified":"2025-07-26T11:36:18","modified_gmt":"2025-07-26T09:36:18","slug":"xoan-carlos-montes-portavoz-de-alternativa-por-mondariz-reuniuse-co-ministro-de-cultura-para-dar-traslado-das-necesidades-da-artesania-en-mondariz","status":"publish","type":"post","link":"https:\/\/www.anovapeneira.gal\/index.php\/2025\/07\/28\/xoan-carlos-montes-portavoz-de-alternativa-por-mondariz-reuniuse-co-ministro-de-cultura-para-dar-traslado-das-necesidades-da-artesania-en-mondariz\/","title":{"rendered":"Xo\u00e1n Carlos Montes, portavoz de Alternativa por Mondariz, reuniuse co Ministro de Cultura para dar traslado das necesidades da artesan\u00eda en Mondariz"},"content":{"rendered":"\n<p>O portavoz de Alternativa por Mondariz, Xo\u00e1n Carlos Montes, tivo a oportunidade de reunirse con Ernest Urtasun, Ministro de Cultura do Goberno de Espa\u00f1a para darlle traslado de algunhas cuesti\u00f3ns relacionadas coa recuperaci\u00f3n da cestrer\u00eda en Mondariz. O encontro foi facilitado por Movemento Sumar Galicia e pola portavoz de Sumar no Congreso dos Deputados, Ver\u00f3nica Mart\u00ednez Barbero, que estiveron presentes na conversa.<\/p>\n\n\n\n<p>Neste encontro puideron ter unha distendida conversa sobre a recuperaci\u00f3n da cester\u00eda en Mondariz (un dos piares culturais do municipio), e a implicaci\u00f3n do Ministerio de Cultura para a recuperaci\u00f3n dos oficios artes\u00e1ns, en termos xerais. A problem\u00e1tica que presenta Xo\u00e1n Carlos Montes (Calis) est\u00e1 relacionada con trabas legais relacionadas coa contrataci\u00f3n de persoal, de creaci\u00f3n de obradoiros&#8230; porque estes oficios adoitan ser desenvolvidos por persoas xubiladas. \u00c9 necesario estudar esta situaci\u00f3n e ver como o Ministerio poder\u00eda colaborar coas entidades locais para poder recuperar os oficios artes\u00e1ns, que te\u00f1en un enorme valor cultural e identitario. O portavoz de AporM declara que \u201cHai oficios que se est\u00e1n perdendo. Os \u00faltimos maestros non poden colaborar ou axudar porque non se dan as circunstancias para facelo\u201d.<\/p>\n\n\n\n<p>Tr\u00e1tase dunha problem\u00e1tica que non s\u00f3 se d\u00e1 en Mondariz, sen\u00f3n que se pode estar dando noutros concellos de Espa\u00f1a, sobre todo nos rurais, xa que poden existir oficios vinculados aos terreos que topan dificultade para desenvolverse no actual modelo econ\u00f3mico. Neste sentido, hai que buscar v\u00edas de colaboraci\u00f3n para po\u00f1er en valor estes oficios es que sexa un recurso para potenciar o rural, co obxectivo de xerar postos de traballo e o asentamento de poboaci\u00f3n.<\/p>\n\n\n\n<p>Cando o Concello de Mondariz estaba gobernado por AporM, est\u00e1base valorando a creaci\u00f3n dunha escola-obradoiro nun edificio no centro de Mondariz. A idea era adquirir en propiedade o inmoble e habilitalo para prestar este tipo de servizos, relacionados coa artesan\u00eda, co turismo e co patrimonio de Mondariz, para as\u00ed po\u00f1elo en valor<\/p>\n","protected":false},"excerpt":{"rendered":"<div class=\"mh-excerpt\"><p>O portavoz de Alternativa por Mondariz, Xo\u00e1n Carlos Montes, tivo a oportunidade de reunirse con Ernest Urtasun, Ministro de Cultura do Goberno de Espa\u00f1a para darlle traslado de algunhas cuesti\u00f3ns relacionadas coa recuperaci\u00f3n da cestrer\u00eda en Mondariz. <a class=\"mh-excerpt-more\" href=\"https:\/\/www.anovapeneira.gal\/index.php\/2025\/07\/28\/xoan-carlos-montes-portavoz-de-alternativa-por-mondariz-reuniuse-co-ministro-de-cultura-para-dar-traslado-das-necesidades-da-artesania-en-mondariz\/\" title=\"Xo\u00e1n Carlos Montes, portavoz de Alternativa por Mondariz, reuniuse co Ministro de Cultura para dar traslado das necesidades da artesan\u00eda en Mondariz\">[&#8230;]<\/a><\/p>\n<\/div>","protected":false},"author":1,"featured_media":14262,"comment_status":"open","ping_status":"open","sticky":false,"template":"","format":"standard","meta":{"_exactmetrics_skip_tracking":false,"_exactmetrics_sitenote_active":false,"_exactmetrics_sitenote_note":"","_exactmetrics_sitenote_category":0,"footnotes":""},"categories":[25],"tags":[405],"class_list":{"0":"post-14260","1":"post","2":"type-post","3":"status-publish","4":"format-standard","5":"has-post-thumbnail","7":"category-condado","8":"tag-concello-de-mondariz"},"yoast_head":"<!-- This site is optimized with the Yoast SEO plugin v27.4 - https:\/\/yoast.com\/product\/yoast-seo-wordpress\/ -->\n<title>Xo\u00e1n Carlos Montes, portavoz de Alternativa por Mondariz, reuniuse co Ministro de Cultura para dar traslado das necesidades da artesan\u00eda en Mondariz -<\/title>\n<meta name=\"robots\" content=\"index, follow, max-snippet:-1, max-image-preview:large, max-video-preview:-1\" \/>\n<link rel=\"canonical\" href=\"https:\/\/www.anovapeneira.gal\/index.php\/2025\/07\/28\/xoan-carlos-montes-portavoz-de-alternativa-por-mondariz-reuniuse-co-ministro-de-cultura-para-dar-traslado-das-necesidades-da-artesania-en-mondariz\/\" \/>\n<meta property=\"og:locale\" content=\"gl_ES\" \/>\n<meta property=\"og:type\" content=\"article\" \/>\n<meta property=\"og:title\" content=\"Xo\u00e1n Carlos Montes, portavoz de Alternativa por Mondariz, reuniuse co Ministro de Cultura para dar traslado das necesidades da artesan\u00eda en Mondariz -\" \/>\n<meta property=\"og:description\" content=\"O portavoz de Alternativa por Mondariz, Xo\u00e1n Carlos Montes, tivo a oportunidade de reunirse con Ernest Urtasun, Ministro de Cultura do Goberno de Espa\u00f1a para darlle traslado de algunhas cuesti\u00f3ns relacionadas coa recuperaci\u00f3n da cestrer\u00eda en Mondariz. [...]\" \/>\n<meta property=\"og:url\" content=\"https:\/\/www.anovapeneira.gal\/index.php\/2025\/07\/28\/xoan-carlos-montes-portavoz-de-alternativa-por-mondariz-reuniuse-co-ministro-de-cultura-para-dar-traslado-das-necesidades-da-artesania-en-mondariz\/\" \/>\n<meta property=\"article:publisher\" content=\"https:\/\/www.facebook.com\/anovapeneira\" \/>\n<meta property=\"article:author\" content=\"https:\/\/www.facebook.com\/anovapeneira\/\" \/>\n<meta property=\"article:published_time\" content=\"2025-07-28T10:00:58+00:00\" \/>\n<meta property=\"og:image\" content=\"https:\/\/www.anovapeneira.gal\/wp-content\/uploads\/2025\/07\/urtasun_mondariz.jpg\" \/>\n\t<meta property=\"og:image:width\" content=\"720\" \/>\n\t<meta property=\"og:image:height\" content=\"432\" \/>\n\t<meta property=\"og:image:type\" content=\"image\/jpeg\" \/>\n<meta name=\"author\" content=\"admin\" \/>\n<meta name=\"twitter:card\" content=\"summary_large_image\" \/>\n<meta name=\"twitter:creator\" content=\"@APeneira\" \/>\n<meta name=\"twitter:site\" content=\"@APeneira\" \/>\n<meta name=\"twitter:label1\" content=\"Escrito por\" \/>\n\t<meta name=\"twitter:data1\" content=\"admin\" \/>\n\t<meta name=\"twitter:label2\" content=\"Tempo de lectura\" \/>\n\t<meta name=\"twitter:data2\" content=\"2 minutos\" \/>\n<script type=\"application\/ld+json\" class=\"yoast-schema-graph\">{\"@context\":\"https:\\\/\\\/schema.org\",\"@graph\":[{\"@type\":\"Article\",\"@id\":\"https:\\\/\\\/www.anovapeneira.gal\\\/index.php\\\/2025\\\/07\\\/28\\\/xoan-carlos-montes-portavoz-de-alternativa-por-mondariz-reuniuse-co-ministro-de-cultura-para-dar-traslado-das-necesidades-da-artesania-en-mondariz\\\/#article\",\"isPartOf\":{\"@id\":\"https:\\\/\\\/www.anovapeneira.gal\\\/index.php\\\/2025\\\/07\\\/28\\\/xoan-carlos-montes-portavoz-de-alternativa-por-mondariz-reuniuse-co-ministro-de-cultura-para-dar-traslado-das-necesidades-da-artesania-en-mondariz\\\/\"},\"author\":{\"name\":\"admin\",\"@id\":\"https:\\\/\\\/www.anovapeneira.gal\\\/#\\\/schema\\\/person\\\/fb77575328c93684dae4b0075f90c2cb\"},\"headline\":\"Xo\u00e1n Carlos Montes, portavoz de Alternativa por Mondariz, reuniuse co Ministro de Cultura para dar traslado das necesidades da artesan\u00eda en Mondariz\",\"datePublished\":\"2025-07-28T10:00:58+00:00\",\"mainEntityOfPage\":{\"@id\":\"https:\\\/\\\/www.anovapeneira.gal\\\/index.php\\\/2025\\\/07\\\/28\\\/xoan-carlos-montes-portavoz-de-alternativa-por-mondariz-reuniuse-co-ministro-de-cultura-para-dar-traslado-das-necesidades-da-artesania-en-mondariz\\\/\"},\"wordCount\":371,\"commentCount\":0,\"publisher\":{\"@id\":\"https:\\\/\\\/www.anovapeneira.gal\\\/#organization\"},\"image\":{\"@id\":\"https:\\\/\\\/www.anovapeneira.gal\\\/index.php\\\/2025\\\/07\\\/28\\\/xoan-carlos-montes-portavoz-de-alternativa-por-mondariz-reuniuse-co-ministro-de-cultura-para-dar-traslado-das-necesidades-da-artesania-en-mondariz\\\/#primaryimage\"},\"thumbnailUrl\":\"https:\\\/\\\/www.anovapeneira.gal\\\/wp-content\\\/uploads\\\/2025\\\/07\\\/urtasun_mondariz.jpg\",\"keywords\":[\"Concello de Mondariz\"],\"articleSection\":[\"Condado\"],\"inLanguage\":\"gl-ES\",\"potentialAction\":[{\"@type\":\"CommentAction\",\"name\":\"Comment\",\"target\":[\"https:\\\/\\\/www.anovapeneira.gal\\\/index.php\\\/2025\\\/07\\\/28\\\/xoan-carlos-montes-portavoz-de-alternativa-por-mondariz-reuniuse-co-ministro-de-cultura-para-dar-traslado-das-necesidades-da-artesania-en-mondariz\\\/#respond\"]}]},{\"@type\":\"WebPage\",\"@id\":\"https:\\\/\\\/www.anovapeneira.gal\\\/index.php\\\/2025\\\/07\\\/28\\\/xoan-carlos-montes-portavoz-de-alternativa-por-mondariz-reuniuse-co-ministro-de-cultura-para-dar-traslado-das-necesidades-da-artesania-en-mondariz\\\/\",\"url\":\"https:\\\/\\\/www.anovapeneira.gal\\\/index.php\\\/2025\\\/07\\\/28\\\/xoan-carlos-montes-portavoz-de-alternativa-por-mondariz-reuniuse-co-ministro-de-cultura-para-dar-traslado-das-necesidades-da-artesania-en-mondariz\\\/\",\"name\":\"Xo\u00e1n Carlos Montes, portavoz de Alternativa por Mondariz, reuniuse co Ministro de Cultura para dar traslado das necesidades da artesan\u00eda en Mondariz -\",\"isPartOf\":{\"@id\":\"https:\\\/\\\/www.anovapeneira.gal\\\/#website\"},\"primaryImageOfPage\":{\"@id\":\"https:\\\/\\\/www.anovapeneira.gal\\\/index.php\\\/2025\\\/07\\\/28\\\/xoan-carlos-montes-portavoz-de-alternativa-por-mondariz-reuniuse-co-ministro-de-cultura-para-dar-traslado-das-necesidades-da-artesania-en-mondariz\\\/#primaryimage\"},\"image\":{\"@id\":\"https:\\\/\\\/www.anovapeneira.gal\\\/index.php\\\/2025\\\/07\\\/28\\\/xoan-carlos-montes-portavoz-de-alternativa-por-mondariz-reuniuse-co-ministro-de-cultura-para-dar-traslado-das-necesidades-da-artesania-en-mondariz\\\/#primaryimage\"},\"thumbnailUrl\":\"https:\\\/\\\/www.anovapeneira.gal\\\/wp-content\\\/uploads\\\/2025\\\/07\\\/urtasun_mondariz.jpg\",\"datePublished\":\"2025-07-28T10:00:58+00:00\",\"breadcrumb\":{\"@id\":\"https:\\\/\\\/www.anovapeneira.gal\\\/index.php\\\/2025\\\/07\\\/28\\\/xoan-carlos-montes-portavoz-de-alternativa-por-mondariz-reuniuse-co-ministro-de-cultura-para-dar-traslado-das-necesidades-da-artesania-en-mondariz\\\/#breadcrumb\"},\"inLanguage\":\"gl-ES\",\"potentialAction\":[{\"@type\":\"ReadAction\",\"target\":[\"https:\\\/\\\/www.anovapeneira.gal\\\/index.php\\\/2025\\\/07\\\/28\\\/xoan-carlos-montes-portavoz-de-alternativa-por-mondariz-reuniuse-co-ministro-de-cultura-para-dar-traslado-das-necesidades-da-artesania-en-mondariz\\\/\"]}]},{\"@type\":\"ImageObject\",\"inLanguage\":\"gl-ES\",\"@id\":\"https:\\\/\\\/www.anovapeneira.gal\\\/index.php\\\/2025\\\/07\\\/28\\\/xoan-carlos-montes-portavoz-de-alternativa-por-mondariz-reuniuse-co-ministro-de-cultura-para-dar-traslado-das-necesidades-da-artesania-en-mondariz\\\/#primaryimage\",\"url\":\"https:\\\/\\\/www.anovapeneira.gal\\\/wp-content\\\/uploads\\\/2025\\\/07\\\/urtasun_mondariz.jpg\",\"contentUrl\":\"https:\\\/\\\/www.anovapeneira.gal\\\/wp-content\\\/uploads\\\/2025\\\/07\\\/urtasun_mondariz.jpg\",\"width\":720,\"height\":432},{\"@type\":\"BreadcrumbList\",\"@id\":\"https:\\\/\\\/www.anovapeneira.gal\\\/index.php\\\/2025\\\/07\\\/28\\\/xoan-carlos-montes-portavoz-de-alternativa-por-mondariz-reuniuse-co-ministro-de-cultura-para-dar-traslado-das-necesidades-da-artesania-en-mondariz\\\/#breadcrumb\",\"itemListElement\":[{\"@type\":\"ListItem\",\"position\":1,\"name\":\"Portada\",\"item\":\"https:\\\/\\\/www.anovapeneira.gal\\\/\"},{\"@type\":\"ListItem\",\"position\":2,\"name\":\"Xo\u00e1n Carlos Montes, portavoz de Alternativa por Mondariz, reuniuse co Ministro de Cultura para dar traslado das necesidades da artesan\u00eda en Mondariz\"}]},{\"@type\":\"WebSite\",\"@id\":\"https:\\\/\\\/www.anovapeneira.gal\\\/#website\",\"url\":\"https:\\\/\\\/www.anovapeneira.gal\\\/\",\"name\":\"\",\"description\":\"Xornal galego de informaci\u00f3n xeral Publicaci\u00f3n mensual de novas de Galicia e en especial dos Concellos da sur da provincia de Pontevedra.\",\"publisher\":{\"@id\":\"https:\\\/\\\/www.anovapeneira.gal\\\/#organization\"},\"potentialAction\":[{\"@type\":\"SearchAction\",\"target\":{\"@type\":\"EntryPoint\",\"urlTemplate\":\"https:\\\/\\\/www.anovapeneira.gal\\\/?s={search_term_string}\"},\"query-input\":{\"@type\":\"PropertyValueSpecification\",\"valueRequired\":true,\"valueName\":\"search_term_string\"}}],\"inLanguage\":\"gl-ES\"},{\"@type\":\"Organization\",\"@id\":\"https:\\\/\\\/www.anovapeneira.gal\\\/#organization\",\"name\":\"A Nova Peneira\",\"url\":\"https:\\\/\\\/www.anovapeneira.gal\\\/\",\"logo\":{\"@type\":\"ImageObject\",\"inLanguage\":\"gl-ES\",\"@id\":\"https:\\\/\\\/www.anovapeneira.gal\\\/#\\\/schema\\\/logo\\\/image\\\/\",\"url\":\"http:\\\/\\\/www.anovapeneira.gal\\\/wp-content\\\/uploads\\\/2019\\\/06\\\/logo_a_nova_peneira_portal_web.png\",\"contentUrl\":\"http:\\\/\\\/www.anovapeneira.gal\\\/wp-content\\\/uploads\\\/2019\\\/06\\\/logo_a_nova_peneira_portal_web.png\",\"width\":300,\"height\":100,\"caption\":\"A Nova Peneira\"},\"image\":{\"@id\":\"https:\\\/\\\/www.anovapeneira.gal\\\/#\\\/schema\\\/logo\\\/image\\\/\"},\"sameAs\":[\"https:\\\/\\\/www.facebook.com\\\/anovapeneira\",\"https:\\\/\\\/x.com\\\/APeneira\"]},{\"@type\":\"Person\",\"@id\":\"https:\\\/\\\/www.anovapeneira.gal\\\/#\\\/schema\\\/person\\\/fb77575328c93684dae4b0075f90c2cb\",\"name\":\"admin\",\"image\":{\"@type\":\"ImageObject\",\"inLanguage\":\"gl-ES\",\"@id\":\"https:\\\/\\\/secure.gravatar.com\\\/avatar\\\/df15c36ce375448325e0bc870e91bbee95947a002eb98dcfd6c2b053e18843e9?s=96&d=mm&r=g\",\"url\":\"https:\\\/\\\/secure.gravatar.com\\\/avatar\\\/df15c36ce375448325e0bc870e91bbee95947a002eb98dcfd6c2b053e18843e9?s=96&d=mm&r=g\",\"contentUrl\":\"https:\\\/\\\/secure.gravatar.com\\\/avatar\\\/df15c36ce375448325e0bc870e91bbee95947a002eb98dcfd6c2b053e18843e9?s=96&d=mm&r=g\",\"caption\":\"admin\"},\"description\":\"Xornal galego de informaci\u00f3n xeral Publicaci\u00f3n mensual de novas de Galicia e en especial dos Concellos da sur da provincia de Pontevedra.\",\"sameAs\":[\"http:\\\/\\\/www.anovapeneira.gal\\\/\",\"https:\\\/\\\/www.facebook.com\\\/anovapeneira\\\/\"],\"url\":\"https:\\\/\\\/www.anovapeneira.gal\\\/index.php\\\/author\\\/admin\\\/\"}]}<\/script>\n<!-- \/ Yoast SEO plugin. -->","yoast_head_json":{"title":"Xo\u00e1n Carlos Montes, portavoz de Alternativa por Mondariz, reuniuse co Ministro de Cultura para dar traslado das necesidades da artesan\u00eda en Mondariz -","robots":{"index":"index","follow":"follow","max-snippet":"max-snippet:-1","max-image-preview":"max-image-preview:large","max-video-preview":"max-video-preview:-1"},"canonical":"https:\/\/www.anovapeneira.gal\/index.php\/2025\/07\/28\/xoan-carlos-montes-portavoz-de-alternativa-por-mondariz-reuniuse-co-ministro-de-cultura-para-dar-traslado-das-necesidades-da-artesania-en-mondariz\/","og_locale":"gl_ES","og_type":"article","og_title":"Xo\u00e1n Carlos Montes, portavoz de Alternativa por Mondariz, reuniuse co Ministro de Cultura para dar traslado das necesidades da artesan\u00eda en Mondariz -","og_description":"O portavoz de Alternativa por Mondariz, Xo\u00e1n Carlos Montes, tivo a oportunidade de reunirse con Ernest Urtasun, Ministro de Cultura do Goberno de Espa\u00f1a para darlle traslado de algunhas cuesti\u00f3ns relacionadas coa recuperaci\u00f3n da cestrer\u00eda en Mondariz. [...]","og_url":"https:\/\/www.anovapeneira.gal\/index.php\/2025\/07\/28\/xoan-carlos-montes-portavoz-de-alternativa-por-mondariz-reuniuse-co-ministro-de-cultura-para-dar-traslado-das-necesidades-da-artesania-en-mondariz\/","article_publisher":"https:\/\/www.facebook.com\/anovapeneira","article_author":"https:\/\/www.facebook.com\/anovapeneira\/","article_published_time":"2025-07-28T10:00:58+00:00","og_image":[{"width":720,"height":432,"url":"https:\/\/www.anovapeneira.gal\/wp-content\/uploads\/2025\/07\/urtasun_mondariz.jpg","type":"image\/jpeg"}],"author":"admin","twitter_card":"summary_large_image","twitter_creator":"@APeneira","twitter_site":"@APeneira","twitter_misc":{"Escrito por":"admin","Tempo de lectura":"2 minutos"},"schema":{"@context":"https:\/\/schema.org","@graph":[{"@type":"Article","@id":"https:\/\/www.anovapeneira.gal\/index.php\/2025\/07\/28\/xoan-carlos-montes-portavoz-de-alternativa-por-mondariz-reuniuse-co-ministro-de-cultura-para-dar-traslado-das-necesidades-da-artesania-en-mondariz\/#article","isPartOf":{"@id":"https:\/\/www.anovapeneira.gal\/index.php\/2025\/07\/28\/xoan-carlos-montes-portavoz-de-alternativa-por-mondariz-reuniuse-co-ministro-de-cultura-para-dar-traslado-das-necesidades-da-artesania-en-mondariz\/"},"author":{"name":"admin","@id":"https:\/\/www.anovapeneira.gal\/#\/schema\/person\/fb77575328c93684dae4b0075f90c2cb"},"headline":"Xo\u00e1n Carlos Montes, portavoz de Alternativa por Mondariz, reuniuse co Ministro de Cultura para dar traslado das necesidades da artesan\u00eda en Mondariz","datePublished":"2025-07-28T10:00:58+00:00","mainEntityOfPage":{"@id":"https:\/\/www.anovapeneira.gal\/index.php\/2025\/07\/28\/xoan-carlos-montes-portavoz-de-alternativa-por-mondariz-reuniuse-co-ministro-de-cultura-para-dar-traslado-das-necesidades-da-artesania-en-mondariz\/"},"wordCount":371,"commentCount":0,"publisher":{"@id":"https:\/\/www.anovapeneira.gal\/#organization"},"image":{"@id":"https:\/\/www.anovapeneira.gal\/index.php\/2025\/07\/28\/xoan-carlos-montes-portavoz-de-alternativa-por-mondariz-reuniuse-co-ministro-de-cultura-para-dar-traslado-das-necesidades-da-artesania-en-mondariz\/#primaryimage"},"thumbnailUrl":"https:\/\/www.anovapeneira.gal\/wp-content\/uploads\/2025\/07\/urtasun_mondariz.jpg","keywords":["Concello de Mondariz"],"articleSection":["Condado"],"inLanguage":"gl-ES","potentialAction":[{"@type":"CommentAction","name":"Comment","target":["https:\/\/www.anovapeneira.gal\/index.php\/2025\/07\/28\/xoan-carlos-montes-portavoz-de-alternativa-por-mondariz-reuniuse-co-ministro-de-cultura-para-dar-traslado-das-necesidades-da-artesania-en-mondariz\/#respond"]}]},{"@type":"WebPage","@id":"https:\/\/www.anovapeneira.gal\/index.php\/2025\/07\/28\/xoan-carlos-montes-portavoz-de-alternativa-por-mondariz-reuniuse-co-ministro-de-cultura-para-dar-traslado-das-necesidades-da-artesania-en-mondariz\/","url":"https:\/\/www.anovapeneira.gal\/index.php\/2025\/07\/28\/xoan-carlos-montes-portavoz-de-alternativa-por-mondariz-reuniuse-co-ministro-de-cultura-para-dar-traslado-das-necesidades-da-artesania-en-mondariz\/","name":"Xo\u00e1n Carlos Montes, portavoz de Alternativa por Mondariz, reuniuse co Ministro de Cultura para dar traslado das necesidades da artesan\u00eda en Mondariz -","isPartOf":{"@id":"https:\/\/www.anovapeneira.gal\/#website"},"primaryImageOfPage":{"@id":"https:\/\/www.anovapeneira.gal\/index.php\/2025\/07\/28\/xoan-carlos-montes-portavoz-de-alternativa-por-mondariz-reuniuse-co-ministro-de-cultura-para-dar-traslado-das-necesidades-da-artesania-en-mondariz\/#primaryimage"},"image":{"@id":"https:\/\/www.anovapeneira.gal\/index.php\/2025\/07\/28\/xoan-carlos-montes-portavoz-de-alternativa-por-mondariz-reuniuse-co-ministro-de-cultura-para-dar-traslado-das-necesidades-da-artesania-en-mondariz\/#primaryimage"},"thumbnailUrl":"https:\/\/www.anovapeneira.gal\/wp-content\/uploads\/2025\/07\/urtasun_mondariz.jpg","datePublished":"2025-07-28T10:00:58+00:00","breadcrumb":{"@id":"https:\/\/www.anovapeneira.gal\/index.php\/2025\/07\/28\/xoan-carlos-montes-portavoz-de-alternativa-por-mondariz-reuniuse-co-ministro-de-cultura-para-dar-traslado-das-necesidades-da-artesania-en-mondariz\/#breadcrumb"},"inLanguage":"gl-ES","potentialAction":[{"@type":"ReadAction","target":["https:\/\/www.anovapeneira.gal\/index.php\/2025\/07\/28\/xoan-carlos-montes-portavoz-de-alternativa-por-mondariz-reuniuse-co-ministro-de-cultura-para-dar-traslado-das-necesidades-da-artesania-en-mondariz\/"]}]},{"@type":"ImageObject","inLanguage":"gl-ES","@id":"https:\/\/www.anovapeneira.gal\/index.php\/2025\/07\/28\/xoan-carlos-montes-portavoz-de-alternativa-por-mondariz-reuniuse-co-ministro-de-cultura-para-dar-traslado-das-necesidades-da-artesania-en-mondariz\/#primaryimage","url":"https:\/\/www.anovapeneira.gal\/wp-content\/uploads\/2025\/07\/urtasun_mondariz.jpg","contentUrl":"https:\/\/www.anovapeneira.gal\/wp-content\/uploads\/2025\/07\/urtasun_mondariz.jpg","width":720,"height":432},{"@type":"BreadcrumbList","@id":"https:\/\/www.anovapeneira.gal\/index.php\/2025\/07\/28\/xoan-carlos-montes-portavoz-de-alternativa-por-mondariz-reuniuse-co-ministro-de-cultura-para-dar-traslado-das-necesidades-da-artesania-en-mondariz\/#breadcrumb","itemListElement":[{"@type":"ListItem","position":1,"name":"Portada","item":"https:\/\/www.anovapeneira.gal\/"},{"@type":"ListItem","position":2,"name":"Xo\u00e1n Carlos Montes, portavoz de Alternativa por Mondariz, reuniuse co Ministro de Cultura para dar traslado das necesidades da artesan\u00eda en Mondariz"}]},{"@type":"WebSite","@id":"https:\/\/www.anovapeneira.gal\/#website","url":"https:\/\/www.anovapeneira.gal\/","name":"","description":"Xornal galego de informaci\u00f3n xeral Publicaci\u00f3n mensual de novas de Galicia e en especial dos Concellos da sur da provincia de Pontevedra.","publisher":{"@id":"https:\/\/www.anovapeneira.gal\/#organization"},"potentialAction":[{"@type":"SearchAction","target":{"@type":"EntryPoint","urlTemplate":"https:\/\/www.anovapeneira.gal\/?s={search_term_string}"},"query-input":{"@type":"PropertyValueSpecification","valueRequired":true,"valueName":"search_term_string"}}],"inLanguage":"gl-ES"},{"@type":"Organization","@id":"https:\/\/www.anovapeneira.gal\/#organization","name":"A Nova Peneira","url":"https:\/\/www.anovapeneira.gal\/","logo":{"@type":"ImageObject","inLanguage":"gl-ES","@id":"https:\/\/www.anovapeneira.gal\/#\/schema\/logo\/image\/","url":"http:\/\/www.anovapeneira.gal\/wp-content\/uploads\/2019\/06\/logo_a_nova_peneira_portal_web.png","contentUrl":"http:\/\/www.anovapeneira.gal\/wp-content\/uploads\/2019\/06\/logo_a_nova_peneira_portal_web.png","width":300,"height":100,"caption":"A Nova Peneira"},"image":{"@id":"https:\/\/www.anovapeneira.gal\/#\/schema\/logo\/image\/"},"sameAs":["https:\/\/www.facebook.com\/anovapeneira","https:\/\/x.com\/APeneira"]},{"@type":"Person","@id":"https:\/\/www.anovapeneira.gal\/#\/schema\/person\/fb77575328c93684dae4b0075f90c2cb","name":"admin","image":{"@type":"ImageObject","inLanguage":"gl-ES","@id":"https:\/\/secure.gravatar.com\/avatar\/df15c36ce375448325e0bc870e91bbee95947a002eb98dcfd6c2b053e18843e9?s=96&d=mm&r=g","url":"https:\/\/secure.gravatar.com\/avatar\/df15c36ce375448325e0bc870e91bbee95947a002eb98dcfd6c2b053e18843e9?s=96&d=mm&r=g","contentUrl":"https:\/\/secure.gravatar.com\/avatar\/df15c36ce375448325e0bc870e91bbee95947a002eb98dcfd6c2b053e18843e9?s=96&d=mm&r=g","caption":"admin"},"description":"Xornal galego de informaci\u00f3n xeral Publicaci\u00f3n mensual de novas de Galicia e en especial dos Concellos da sur da provincia de Pontevedra.","sameAs":["http:\/\/www.anovapeneira.gal\/","https:\/\/www.facebook.com\/anovapeneira\/"],"url":"https:\/\/www.anovapeneira.gal\/index.php\/author\/admin\/"}]}},"jetpack_featured_media_url":"https:\/\/www.anovapeneira.gal\/wp-content\/uploads\/2025\/07\/urtasun_mondariz.jpg","_links":{"self":[{"href":"https:\/\/www.anovapeneira.gal\/index.php\/wp-json\/wp\/v2\/posts\/14260","targetHints":{"allow":["GET"]}}],"collection":[{"href":"https:\/\/www.anovapeneira.gal\/index.php\/wp-json\/wp\/v2\/posts"}],"about":[{"href":"https:\/\/www.anovapeneira.gal\/index.php\/wp-json\/wp\/v2\/types\/post"}],"author":[{"embeddable":true,"href":"https:\/\/www.anovapeneira.gal\/index.php\/wp-json\/wp\/v2\/users\/1"}],"replies":[{"embeddable":true,"href":"https:\/\/www.anovapeneira.gal\/index.php\/wp-json\/wp\/v2\/comments?post=14260"}],"version-history":[{"count":2,"href":"https:\/\/www.anovapeneira.gal\/index.php\/wp-json\/wp\/v2\/posts\/14260\/revisions"}],"predecessor-version":[{"id":14263,"href":"https:\/\/www.anovapeneira.gal\/index.php\/wp-json\/wp\/v2\/posts\/14260\/revisions\/14263"}],"wp:featuredmedia":[{"embeddable":true,"href":"https:\/\/www.anovapeneira.gal\/index.php\/wp-json\/wp\/v2\/media\/14262"}],"wp:attachment":[{"href":"https:\/\/www.anovapeneira.gal\/index.php\/wp-json\/wp\/v2\/media?parent=14260"}],"wp:term":[{"taxonomy":"category","embeddable":true,"href":"https:\/\/www.anovapeneira.gal\/index.php\/wp-json\/wp\/v2\/categories?post=14260"},{"taxonomy":"post_tag","embeddable":true,"href":"https:\/\/www.anovapeneira.gal\/index.php\/wp-json\/wp\/v2\/tags?post=14260"}],"curies":[{"name":"wp","href":"https:\/\/api.w.org\/{rel}","templated":true}]}}