{"id":14289,"date":"2025-08-01T12:00:21","date_gmt":"2025-08-01T10:00:21","guid":{"rendered":"https:\/\/www.anovapeneira.gal\/?p=14289"},"modified":"2025-07-31T18:25:09","modified_gmt":"2025-07-31T16:25:09","slug":"o-concello-de-bueu-organiza-en-agosto-o-veran-na-rua-con-espectaculos-e-cinema","status":"publish","type":"post","link":"https:\/\/www.anovapeneira.gal\/index.php\/2025\/08\/01\/o-concello-de-bueu-organiza-en-agosto-o-veran-na-rua-con-espectaculos-e-cinema\/","title":{"rendered":"O Concello de Bueu organiza en agosto o \u2018ver\u00e1n na r\u00faa\u2019, con espect\u00e1culos e cinema"},"content":{"rendered":"\n<ul class=\"wp-block-list\">\n<li><strong>Todos os martes haber\u00e1 espect\u00e1culos familiares na Praza Mass\u00f3, mentres que o cinema ser\u00e1 os xoves e alternarase por diversos espazos da vila<\/strong><\/li>\n<\/ul>\n\n\n\n<p><strong>Bueu, a 28 de xullo de 2025<\/strong><\/p>\n\n\n\n<p>O Concello de Bueu, a trav\u00e9s da concellar\u00eda de cultura, organiza este mes de agosto o \u2018Ver\u00e1n na r\u00faa\u2019, un proxecto con espect\u00e1culos para a cativada que incluir\u00e1 diversas disciplinas como monicreques ou malabares, e tam\u00e9n cinema.<\/p>\n\n\n\n<p>As actividades de espect\u00e1culos desenvolveranse todos os martes de agosto a partir das 20.30 horas na Praza Mass\u00f3, mentres que o cinema ser\u00e1 os xoves \u00e1s 22.00 horas e irase alternando por diversos lugares das tres parroquias. O obxectivo \u00e9 ofrecer alternativas de lecer para os pequenos e pequenas e para compartir en familia durante o ver\u00e1n.<\/p>\n\n\n\n<p>As actividades arrancar\u00e1n o martes 5 de agosto con Assirc\u00f3patas e \u201cRogelio 3. La F\u00eate\u201d, na que atopamos ao pallaso Rogelio, unha creaci\u00f3n do actor Dani Blanco que se insire no programa + Esc\u00e9nicas da Deputaci\u00f3n de Pontevedra. Nel proponse un espect\u00e1culo de circo, clown, corda frouxa, malabares, m\u00fasica e moito humor. Nesta obra x\u00f3gase coa idea da celebraci\u00f3n dun aniversario ao que non asiste e do que non se lembra ningu\u00e9n.<\/p>\n\n\n\n<figure class=\"wp-block-image size-large\"><img loading=\"lazy\" decoding=\"async\" width=\"1024\" height=\"724\" src=\"https:\/\/www.anovapeneira.gal\/wp-content\/uploads\/2025\/07\/veran-na-rua-1024x724.jpeg\" alt=\"\" class=\"wp-image-14290\" srcset=\"https:\/\/www.anovapeneira.gal\/wp-content\/uploads\/2025\/07\/veran-na-rua-1024x724.jpeg 1024w, https:\/\/www.anovapeneira.gal\/wp-content\/uploads\/2025\/07\/veran-na-rua-300x212.jpeg 300w, https:\/\/www.anovapeneira.gal\/wp-content\/uploads\/2025\/07\/veran-na-rua-768x543.jpeg 768w, https:\/\/www.anovapeneira.gal\/wp-content\/uploads\/2025\/07\/veran-na-rua-1536x1086.jpeg 1536w, https:\/\/www.anovapeneira.gal\/wp-content\/uploads\/2025\/07\/veran-na-rua.jpeg 1600w\" sizes=\"auto, (max-width: 1024px) 100vw, 1024px\" \/><\/figure>\n\n\n\n<p>O 12 de agosto, tam\u00e9n co apoio do programa + Esc\u00e9nicas, ser\u00e1 a quenda do Zirko Tkosko e o espect\u00e1culo \u201cT\u00e1vole\u201d, que nos leva a un mundo de humor e reflexi\u00f3n. Inspirado nos problemas da sociedade actual,&nbsp; e a trav\u00e9s da linguaxe universal do circo, dous personaxes chegar\u00e1n \u00e1 conclusi\u00f3n de que a \u00fanica soluci\u00f3n a estes problemas \u00e9 a convivencia, a comunicaci\u00f3n e o &nbsp;respeto.<\/p>\n\n\n\n<p>O 19 de agosto, a proposta ser\u00e1 \u201cChafallas, a vendedora de fume\u201d, na que Cris Collazo bebe da esencia dos contos e cantigas tradicionais pero transformando o seu referente. A obra ach\u00e9ganos \u00e1 literatura do rural galego e portugu\u00e9s dende a s\u00faa forma tradicional, contos cantados de xeito acumulativo, os enganos e embustes, o marabilloso, o retablo dos t\u00edteres, romances representados no cartel\u00f3n.<\/p>\n\n\n\n<p>E xa por \u00faltimo, o 26 de agosto poderase gozar de Henriko e o \u201cCirco Cambuche\u201d no que se recupera en clave de traxicomedia, a historia dun antigo circo do s\u00e9culo pasado, O Circo Cambuche.<\/p>\n\n\n\n<p>O cinema ter\u00e1 lugar todos os xoves \u00e1s 22 horas en diversas localizaci\u00f3ns. As\u00ed, o 7 de agosto poderase gozar de \u201cFlow\u201d na Praza Mass\u00f3; o 14, no Parque Joe Novas de Beluso, de \u201cDel Rev\u00e9s 2\u201d ; o 21 de agosto de \u201c101 D\u00e1lmatas\u201d no Torrecino de Cela; e por \u00faltimo, o 28 de agosto de \u201cSaben Aquell\u201d na Praza Mass\u00f3. Os filmes son para todas as idades ag\u00e1s o de \u201cSaben Aquell\u201d que se recomenda para p\u00fablico adulto.<\/p>\n\n\n\n<figure class=\"wp-block-image size-large\"><img loading=\"lazy\" decoding=\"async\" width=\"1024\" height=\"724\" src=\"https:\/\/www.anovapeneira.gal\/wp-content\/uploads\/2025\/07\/cinema-na-rua-1024x724.jpeg\" alt=\"\" class=\"wp-image-14291\" srcset=\"https:\/\/www.anovapeneira.gal\/wp-content\/uploads\/2025\/07\/cinema-na-rua-1024x724.jpeg 1024w, https:\/\/www.anovapeneira.gal\/wp-content\/uploads\/2025\/07\/cinema-na-rua-300x212.jpeg 300w, https:\/\/www.anovapeneira.gal\/wp-content\/uploads\/2025\/07\/cinema-na-rua-768x543.jpeg 768w, https:\/\/www.anovapeneira.gal\/wp-content\/uploads\/2025\/07\/cinema-na-rua-1536x1086.jpeg 1536w, https:\/\/www.anovapeneira.gal\/wp-content\/uploads\/2025\/07\/cinema-na-rua.jpeg 1600w\" sizes=\"auto, (max-width: 1024px) 100vw, 1024px\" \/><\/figure>\n","protected":false},"excerpt":{"rendered":"<div class=\"mh-excerpt\"><p>Todos os martes haber\u00e1 espect\u00e1culos familiares na Praza Mass\u00f3, mentres que o cinema ser\u00e1 os xoves e alternarase por diversos espazos da vila <a class=\"mh-excerpt-more\" href=\"https:\/\/www.anovapeneira.gal\/index.php\/2025\/08\/01\/o-concello-de-bueu-organiza-en-agosto-o-veran-na-rua-con-espectaculos-e-cinema\/\" title=\"O Concello de Bueu organiza en agosto o \u2018ver\u00e1n na r\u00faa\u2019, con espect\u00e1culos e cinema\">[&#8230;]<\/a><\/p>\n<\/div>","protected":false},"author":3,"featured_media":14292,"comment_status":"open","ping_status":"open","sticky":false,"template":"","format":"standard","meta":{"_exactmetrics_skip_tracking":false,"_exactmetrics_sitenote_active":false,"_exactmetrics_sitenote_note":"","_exactmetrics_sitenote_category":0,"footnotes":""},"categories":[22],"tags":[1318],"class_list":{"0":"post-14289","1":"post","2":"type-post","3":"status-publish","4":"format-standard","5":"has-post-thumbnail","7":"category-morrazo","8":"tag-concello-de-bue"},"yoast_head":"<!-- This site is optimized with the Yoast SEO plugin v27.4 - https:\/\/yoast.com\/product\/yoast-seo-wordpress\/ -->\n<title>O Concello de Bueu organiza en agosto o \u2018ver\u00e1n na r\u00faa\u2019, con espect\u00e1culos e cinema -<\/title>\n<meta name=\"robots\" content=\"index, follow, max-snippet:-1, max-image-preview:large, max-video-preview:-1\" \/>\n<link rel=\"canonical\" href=\"https:\/\/www.anovapeneira.gal\/index.php\/2025\/08\/01\/o-concello-de-bueu-organiza-en-agosto-o-veran-na-rua-con-espectaculos-e-cinema\/\" \/>\n<meta property=\"og:locale\" content=\"gl_ES\" \/>\n<meta property=\"og:type\" content=\"article\" \/>\n<meta property=\"og:title\" content=\"O Concello de Bueu organiza en agosto o \u2018ver\u00e1n na r\u00faa\u2019, con espect\u00e1culos e cinema -\" \/>\n<meta property=\"og:description\" content=\"Todos os martes haber\u00e1 espect\u00e1culos familiares na Praza Mass\u00f3, mentres que o cinema ser\u00e1 os xoves e alternarase por diversos espazos da vila [...]\" \/>\n<meta property=\"og:url\" content=\"https:\/\/www.anovapeneira.gal\/index.php\/2025\/08\/01\/o-concello-de-bueu-organiza-en-agosto-o-veran-na-rua-con-espectaculos-e-cinema\/\" \/>\n<meta property=\"article:publisher\" content=\"https:\/\/www.facebook.com\/anovapeneira\" \/>\n<meta property=\"article:published_time\" content=\"2025-08-01T10:00:21+00:00\" \/>\n<meta property=\"og:image\" content=\"https:\/\/www.anovapeneira.gal\/wp-content\/uploads\/2025\/07\/ciroke.jpg\" \/>\n\t<meta property=\"og:image:width\" content=\"720\" \/>\n\t<meta property=\"og:image:height\" content=\"432\" \/>\n\t<meta property=\"og:image:type\" content=\"image\/jpeg\" \/>\n<meta name=\"author\" content=\"Redacci\u00f3n A Nova Peneira\" \/>\n<meta name=\"twitter:card\" content=\"summary_large_image\" \/>\n<meta name=\"twitter:creator\" content=\"@APeneira\" \/>\n<meta name=\"twitter:site\" content=\"@APeneira\" \/>\n<meta name=\"twitter:label1\" content=\"Escrito por\" \/>\n\t<meta name=\"twitter:data1\" content=\"Redacci\u00f3n A Nova Peneira\" \/>\n\t<meta name=\"twitter:label2\" content=\"Tempo de lectura\" \/>\n\t<meta name=\"twitter:data2\" content=\"3 minutos\" \/>\n<script type=\"application\/ld+json\" class=\"yoast-schema-graph\">{\"@context\":\"https:\\\/\\\/schema.org\",\"@graph\":[{\"@type\":\"Article\",\"@id\":\"https:\\\/\\\/www.anovapeneira.gal\\\/index.php\\\/2025\\\/08\\\/01\\\/o-concello-de-bueu-organiza-en-agosto-o-veran-na-rua-con-espectaculos-e-cinema\\\/#article\",\"isPartOf\":{\"@id\":\"https:\\\/\\\/www.anovapeneira.gal\\\/index.php\\\/2025\\\/08\\\/01\\\/o-concello-de-bueu-organiza-en-agosto-o-veran-na-rua-con-espectaculos-e-cinema\\\/\"},\"author\":{\"name\":\"Redacci\u00f3n A Nova Peneira\",\"@id\":\"https:\\\/\\\/www.anovapeneira.gal\\\/#\\\/schema\\\/person\\\/b93e3f8932e3f8da96334607eb6ac6aa\"},\"headline\":\"O Concello de Bueu organiza en agosto o \u2018ver\u00e1n na r\u00faa\u2019, con espect\u00e1culos e cinema\",\"datePublished\":\"2025-08-01T10:00:21+00:00\",\"mainEntityOfPage\":{\"@id\":\"https:\\\/\\\/www.anovapeneira.gal\\\/index.php\\\/2025\\\/08\\\/01\\\/o-concello-de-bueu-organiza-en-agosto-o-veran-na-rua-con-espectaculos-e-cinema\\\/\"},\"wordCount\":478,\"commentCount\":0,\"publisher\":{\"@id\":\"https:\\\/\\\/www.anovapeneira.gal\\\/#organization\"},\"image\":{\"@id\":\"https:\\\/\\\/www.anovapeneira.gal\\\/index.php\\\/2025\\\/08\\\/01\\\/o-concello-de-bueu-organiza-en-agosto-o-veran-na-rua-con-espectaculos-e-cinema\\\/#primaryimage\"},\"thumbnailUrl\":\"https:\\\/\\\/www.anovapeneira.gal\\\/wp-content\\\/uploads\\\/2025\\\/07\\\/ciroke.jpg\",\"keywords\":[\"Concello de Bue\"],\"articleSection\":[\"Morrazo\"],\"inLanguage\":\"gl-ES\",\"potentialAction\":[{\"@type\":\"CommentAction\",\"name\":\"Comment\",\"target\":[\"https:\\\/\\\/www.anovapeneira.gal\\\/index.php\\\/2025\\\/08\\\/01\\\/o-concello-de-bueu-organiza-en-agosto-o-veran-na-rua-con-espectaculos-e-cinema\\\/#respond\"]}]},{\"@type\":\"WebPage\",\"@id\":\"https:\\\/\\\/www.anovapeneira.gal\\\/index.php\\\/2025\\\/08\\\/01\\\/o-concello-de-bueu-organiza-en-agosto-o-veran-na-rua-con-espectaculos-e-cinema\\\/\",\"url\":\"https:\\\/\\\/www.anovapeneira.gal\\\/index.php\\\/2025\\\/08\\\/01\\\/o-concello-de-bueu-organiza-en-agosto-o-veran-na-rua-con-espectaculos-e-cinema\\\/\",\"name\":\"O Concello de Bueu organiza en agosto o \u2018ver\u00e1n na r\u00faa\u2019, con espect\u00e1culos e cinema -\",\"isPartOf\":{\"@id\":\"https:\\\/\\\/www.anovapeneira.gal\\\/#website\"},\"primaryImageOfPage\":{\"@id\":\"https:\\\/\\\/www.anovapeneira.gal\\\/index.php\\\/2025\\\/08\\\/01\\\/o-concello-de-bueu-organiza-en-agosto-o-veran-na-rua-con-espectaculos-e-cinema\\\/#primaryimage\"},\"image\":{\"@id\":\"https:\\\/\\\/www.anovapeneira.gal\\\/index.php\\\/2025\\\/08\\\/01\\\/o-concello-de-bueu-organiza-en-agosto-o-veran-na-rua-con-espectaculos-e-cinema\\\/#primaryimage\"},\"thumbnailUrl\":\"https:\\\/\\\/www.anovapeneira.gal\\\/wp-content\\\/uploads\\\/2025\\\/07\\\/ciroke.jpg\",\"datePublished\":\"2025-08-01T10:00:21+00:00\",\"breadcrumb\":{\"@id\":\"https:\\\/\\\/www.anovapeneira.gal\\\/index.php\\\/2025\\\/08\\\/01\\\/o-concello-de-bueu-organiza-en-agosto-o-veran-na-rua-con-espectaculos-e-cinema\\\/#breadcrumb\"},\"inLanguage\":\"gl-ES\",\"potentialAction\":[{\"@type\":\"ReadAction\",\"target\":[\"https:\\\/\\\/www.anovapeneira.gal\\\/index.php\\\/2025\\\/08\\\/01\\\/o-concello-de-bueu-organiza-en-agosto-o-veran-na-rua-con-espectaculos-e-cinema\\\/\"]}]},{\"@type\":\"ImageObject\",\"inLanguage\":\"gl-ES\",\"@id\":\"https:\\\/\\\/www.anovapeneira.gal\\\/index.php\\\/2025\\\/08\\\/01\\\/o-concello-de-bueu-organiza-en-agosto-o-veran-na-rua-con-espectaculos-e-cinema\\\/#primaryimage\",\"url\":\"https:\\\/\\\/www.anovapeneira.gal\\\/wp-content\\\/uploads\\\/2025\\\/07\\\/ciroke.jpg\",\"contentUrl\":\"https:\\\/\\\/www.anovapeneira.gal\\\/wp-content\\\/uploads\\\/2025\\\/07\\\/ciroke.jpg\",\"width\":720,\"height\":432},{\"@type\":\"BreadcrumbList\",\"@id\":\"https:\\\/\\\/www.anovapeneira.gal\\\/index.php\\\/2025\\\/08\\\/01\\\/o-concello-de-bueu-organiza-en-agosto-o-veran-na-rua-con-espectaculos-e-cinema\\\/#breadcrumb\",\"itemListElement\":[{\"@type\":\"ListItem\",\"position\":1,\"name\":\"Portada\",\"item\":\"https:\\\/\\\/www.anovapeneira.gal\\\/\"},{\"@type\":\"ListItem\",\"position\":2,\"name\":\"O Concello de Bueu organiza en agosto o \u2018ver\u00e1n na r\u00faa\u2019, con espect\u00e1culos e cinema\"}]},{\"@type\":\"WebSite\",\"@id\":\"https:\\\/\\\/www.anovapeneira.gal\\\/#website\",\"url\":\"https:\\\/\\\/www.anovapeneira.gal\\\/\",\"name\":\"\",\"description\":\"Xornal galego de informaci\u00f3n xeral Publicaci\u00f3n mensual de novas de Galicia e en especial dos Concellos da sur da provincia de Pontevedra.\",\"publisher\":{\"@id\":\"https:\\\/\\\/www.anovapeneira.gal\\\/#organization\"},\"potentialAction\":[{\"@type\":\"SearchAction\",\"target\":{\"@type\":\"EntryPoint\",\"urlTemplate\":\"https:\\\/\\\/www.anovapeneira.gal\\\/?s={search_term_string}\"},\"query-input\":{\"@type\":\"PropertyValueSpecification\",\"valueRequired\":true,\"valueName\":\"search_term_string\"}}],\"inLanguage\":\"gl-ES\"},{\"@type\":\"Organization\",\"@id\":\"https:\\\/\\\/www.anovapeneira.gal\\\/#organization\",\"name\":\"A Nova Peneira\",\"url\":\"https:\\\/\\\/www.anovapeneira.gal\\\/\",\"logo\":{\"@type\":\"ImageObject\",\"inLanguage\":\"gl-ES\",\"@id\":\"https:\\\/\\\/www.anovapeneira.gal\\\/#\\\/schema\\\/logo\\\/image\\\/\",\"url\":\"http:\\\/\\\/www.anovapeneira.gal\\\/wp-content\\\/uploads\\\/2019\\\/06\\\/logo_a_nova_peneira_portal_web.png\",\"contentUrl\":\"http:\\\/\\\/www.anovapeneira.gal\\\/wp-content\\\/uploads\\\/2019\\\/06\\\/logo_a_nova_peneira_portal_web.png\",\"width\":300,\"height\":100,\"caption\":\"A Nova Peneira\"},\"image\":{\"@id\":\"https:\\\/\\\/www.anovapeneira.gal\\\/#\\\/schema\\\/logo\\\/image\\\/\"},\"sameAs\":[\"https:\\\/\\\/www.facebook.com\\\/anovapeneira\",\"https:\\\/\\\/x.com\\\/APeneira\"]},{\"@type\":\"Person\",\"@id\":\"https:\\\/\\\/www.anovapeneira.gal\\\/#\\\/schema\\\/person\\\/b93e3f8932e3f8da96334607eb6ac6aa\",\"name\":\"Redacci\u00f3n A Nova Peneira\",\"image\":{\"@type\":\"ImageObject\",\"inLanguage\":\"gl-ES\",\"@id\":\"https:\\\/\\\/secure.gravatar.com\\\/avatar\\\/c052a2551a06e23fac63626232eaa90abd78dbcf1700fc46a2b2c89fd27b735f?s=96&d=mm&r=g\",\"url\":\"https:\\\/\\\/secure.gravatar.com\\\/avatar\\\/c052a2551a06e23fac63626232eaa90abd78dbcf1700fc46a2b2c89fd27b735f?s=96&d=mm&r=g\",\"contentUrl\":\"https:\\\/\\\/secure.gravatar.com\\\/avatar\\\/c052a2551a06e23fac63626232eaa90abd78dbcf1700fc46a2b2c89fd27b735f?s=96&d=mm&r=g\",\"caption\":\"Redacci\u00f3n A Nova Peneira\"},\"sameAs\":[\"http:\\\/\\\/www.anovapeneira.gal\\\/\"],\"url\":\"https:\\\/\\\/www.anovapeneira.gal\\\/index.php\\\/author\\\/redactor\\\/\"}]}<\/script>\n<!-- \/ Yoast SEO plugin. -->","yoast_head_json":{"title":"O Concello de Bueu organiza en agosto o \u2018ver\u00e1n na r\u00faa\u2019, con espect\u00e1culos e cinema -","robots":{"index":"index","follow":"follow","max-snippet":"max-snippet:-1","max-image-preview":"max-image-preview:large","max-video-preview":"max-video-preview:-1"},"canonical":"https:\/\/www.anovapeneira.gal\/index.php\/2025\/08\/01\/o-concello-de-bueu-organiza-en-agosto-o-veran-na-rua-con-espectaculos-e-cinema\/","og_locale":"gl_ES","og_type":"article","og_title":"O Concello de Bueu organiza en agosto o \u2018ver\u00e1n na r\u00faa\u2019, con espect\u00e1culos e cinema -","og_description":"Todos os martes haber\u00e1 espect\u00e1culos familiares na Praza Mass\u00f3, mentres que o cinema ser\u00e1 os xoves e alternarase por diversos espazos da vila [...]","og_url":"https:\/\/www.anovapeneira.gal\/index.php\/2025\/08\/01\/o-concello-de-bueu-organiza-en-agosto-o-veran-na-rua-con-espectaculos-e-cinema\/","article_publisher":"https:\/\/www.facebook.com\/anovapeneira","article_published_time":"2025-08-01T10:00:21+00:00","og_image":[{"width":720,"height":432,"url":"https:\/\/www.anovapeneira.gal\/wp-content\/uploads\/2025\/07\/ciroke.jpg","type":"image\/jpeg"}],"author":"Redacci\u00f3n A Nova Peneira","twitter_card":"summary_large_image","twitter_creator":"@APeneira","twitter_site":"@APeneira","twitter_misc":{"Escrito por":"Redacci\u00f3n A Nova Peneira","Tempo de lectura":"3 minutos"},"schema":{"@context":"https:\/\/schema.org","@graph":[{"@type":"Article","@id":"https:\/\/www.anovapeneira.gal\/index.php\/2025\/08\/01\/o-concello-de-bueu-organiza-en-agosto-o-veran-na-rua-con-espectaculos-e-cinema\/#article","isPartOf":{"@id":"https:\/\/www.anovapeneira.gal\/index.php\/2025\/08\/01\/o-concello-de-bueu-organiza-en-agosto-o-veran-na-rua-con-espectaculos-e-cinema\/"},"author":{"name":"Redacci\u00f3n A Nova Peneira","@id":"https:\/\/www.anovapeneira.gal\/#\/schema\/person\/b93e3f8932e3f8da96334607eb6ac6aa"},"headline":"O Concello de Bueu organiza en agosto o \u2018ver\u00e1n na r\u00faa\u2019, con espect\u00e1culos e cinema","datePublished":"2025-08-01T10:00:21+00:00","mainEntityOfPage":{"@id":"https:\/\/www.anovapeneira.gal\/index.php\/2025\/08\/01\/o-concello-de-bueu-organiza-en-agosto-o-veran-na-rua-con-espectaculos-e-cinema\/"},"wordCount":478,"commentCount":0,"publisher":{"@id":"https:\/\/www.anovapeneira.gal\/#organization"},"image":{"@id":"https:\/\/www.anovapeneira.gal\/index.php\/2025\/08\/01\/o-concello-de-bueu-organiza-en-agosto-o-veran-na-rua-con-espectaculos-e-cinema\/#primaryimage"},"thumbnailUrl":"https:\/\/www.anovapeneira.gal\/wp-content\/uploads\/2025\/07\/ciroke.jpg","keywords":["Concello de Bue"],"articleSection":["Morrazo"],"inLanguage":"gl-ES","potentialAction":[{"@type":"CommentAction","name":"Comment","target":["https:\/\/www.anovapeneira.gal\/index.php\/2025\/08\/01\/o-concello-de-bueu-organiza-en-agosto-o-veran-na-rua-con-espectaculos-e-cinema\/#respond"]}]},{"@type":"WebPage","@id":"https:\/\/www.anovapeneira.gal\/index.php\/2025\/08\/01\/o-concello-de-bueu-organiza-en-agosto-o-veran-na-rua-con-espectaculos-e-cinema\/","url":"https:\/\/www.anovapeneira.gal\/index.php\/2025\/08\/01\/o-concello-de-bueu-organiza-en-agosto-o-veran-na-rua-con-espectaculos-e-cinema\/","name":"O Concello de Bueu organiza en agosto o \u2018ver\u00e1n na r\u00faa\u2019, con espect\u00e1culos e cinema -","isPartOf":{"@id":"https:\/\/www.anovapeneira.gal\/#website"},"primaryImageOfPage":{"@id":"https:\/\/www.anovapeneira.gal\/index.php\/2025\/08\/01\/o-concello-de-bueu-organiza-en-agosto-o-veran-na-rua-con-espectaculos-e-cinema\/#primaryimage"},"image":{"@id":"https:\/\/www.anovapeneira.gal\/index.php\/2025\/08\/01\/o-concello-de-bueu-organiza-en-agosto-o-veran-na-rua-con-espectaculos-e-cinema\/#primaryimage"},"thumbnailUrl":"https:\/\/www.anovapeneira.gal\/wp-content\/uploads\/2025\/07\/ciroke.jpg","datePublished":"2025-08-01T10:00:21+00:00","breadcrumb":{"@id":"https:\/\/www.anovapeneira.gal\/index.php\/2025\/08\/01\/o-concello-de-bueu-organiza-en-agosto-o-veran-na-rua-con-espectaculos-e-cinema\/#breadcrumb"},"inLanguage":"gl-ES","potentialAction":[{"@type":"ReadAction","target":["https:\/\/www.anovapeneira.gal\/index.php\/2025\/08\/01\/o-concello-de-bueu-organiza-en-agosto-o-veran-na-rua-con-espectaculos-e-cinema\/"]}]},{"@type":"ImageObject","inLanguage":"gl-ES","@id":"https:\/\/www.anovapeneira.gal\/index.php\/2025\/08\/01\/o-concello-de-bueu-organiza-en-agosto-o-veran-na-rua-con-espectaculos-e-cinema\/#primaryimage","url":"https:\/\/www.anovapeneira.gal\/wp-content\/uploads\/2025\/07\/ciroke.jpg","contentUrl":"https:\/\/www.anovapeneira.gal\/wp-content\/uploads\/2025\/07\/ciroke.jpg","width":720,"height":432},{"@type":"BreadcrumbList","@id":"https:\/\/www.anovapeneira.gal\/index.php\/2025\/08\/01\/o-concello-de-bueu-organiza-en-agosto-o-veran-na-rua-con-espectaculos-e-cinema\/#breadcrumb","itemListElement":[{"@type":"ListItem","position":1,"name":"Portada","item":"https:\/\/www.anovapeneira.gal\/"},{"@type":"ListItem","position":2,"name":"O Concello de Bueu organiza en agosto o \u2018ver\u00e1n na r\u00faa\u2019, con espect\u00e1culos e cinema"}]},{"@type":"WebSite","@id":"https:\/\/www.anovapeneira.gal\/#website","url":"https:\/\/www.anovapeneira.gal\/","name":"","description":"Xornal galego de informaci\u00f3n xeral Publicaci\u00f3n mensual de novas de Galicia e en especial dos Concellos da sur da provincia de Pontevedra.","publisher":{"@id":"https:\/\/www.anovapeneira.gal\/#organization"},"potentialAction":[{"@type":"SearchAction","target":{"@type":"EntryPoint","urlTemplate":"https:\/\/www.anovapeneira.gal\/?s={search_term_string}"},"query-input":{"@type":"PropertyValueSpecification","valueRequired":true,"valueName":"search_term_string"}}],"inLanguage":"gl-ES"},{"@type":"Organization","@id":"https:\/\/www.anovapeneira.gal\/#organization","name":"A Nova Peneira","url":"https:\/\/www.anovapeneira.gal\/","logo":{"@type":"ImageObject","inLanguage":"gl-ES","@id":"https:\/\/www.anovapeneira.gal\/#\/schema\/logo\/image\/","url":"http:\/\/www.anovapeneira.gal\/wp-content\/uploads\/2019\/06\/logo_a_nova_peneira_portal_web.png","contentUrl":"http:\/\/www.anovapeneira.gal\/wp-content\/uploads\/2019\/06\/logo_a_nova_peneira_portal_web.png","width":300,"height":100,"caption":"A Nova Peneira"},"image":{"@id":"https:\/\/www.anovapeneira.gal\/#\/schema\/logo\/image\/"},"sameAs":["https:\/\/www.facebook.com\/anovapeneira","https:\/\/x.com\/APeneira"]},{"@type":"Person","@id":"https:\/\/www.anovapeneira.gal\/#\/schema\/person\/b93e3f8932e3f8da96334607eb6ac6aa","name":"Redacci\u00f3n A Nova Peneira","image":{"@type":"ImageObject","inLanguage":"gl-ES","@id":"https:\/\/secure.gravatar.com\/avatar\/c052a2551a06e23fac63626232eaa90abd78dbcf1700fc46a2b2c89fd27b735f?s=96&d=mm&r=g","url":"https:\/\/secure.gravatar.com\/avatar\/c052a2551a06e23fac63626232eaa90abd78dbcf1700fc46a2b2c89fd27b735f?s=96&d=mm&r=g","contentUrl":"https:\/\/secure.gravatar.com\/avatar\/c052a2551a06e23fac63626232eaa90abd78dbcf1700fc46a2b2c89fd27b735f?s=96&d=mm&r=g","caption":"Redacci\u00f3n A Nova Peneira"},"sameAs":["http:\/\/www.anovapeneira.gal\/"],"url":"https:\/\/www.anovapeneira.gal\/index.php\/author\/redactor\/"}]}},"jetpack_featured_media_url":"https:\/\/www.anovapeneira.gal\/wp-content\/uploads\/2025\/07\/ciroke.jpg","_links":{"self":[{"href":"https:\/\/www.anovapeneira.gal\/index.php\/wp-json\/wp\/v2\/posts\/14289","targetHints":{"allow":["GET"]}}],"collection":[{"href":"https:\/\/www.anovapeneira.gal\/index.php\/wp-json\/wp\/v2\/posts"}],"about":[{"href":"https:\/\/www.anovapeneira.gal\/index.php\/wp-json\/wp\/v2\/types\/post"}],"author":[{"embeddable":true,"href":"https:\/\/www.anovapeneira.gal\/index.php\/wp-json\/wp\/v2\/users\/3"}],"replies":[{"embeddable":true,"href":"https:\/\/www.anovapeneira.gal\/index.php\/wp-json\/wp\/v2\/comments?post=14289"}],"version-history":[{"count":1,"href":"https:\/\/www.anovapeneira.gal\/index.php\/wp-json\/wp\/v2\/posts\/14289\/revisions"}],"predecessor-version":[{"id":14293,"href":"https:\/\/www.anovapeneira.gal\/index.php\/wp-json\/wp\/v2\/posts\/14289\/revisions\/14293"}],"wp:featuredmedia":[{"embeddable":true,"href":"https:\/\/www.anovapeneira.gal\/index.php\/wp-json\/wp\/v2\/media\/14292"}],"wp:attachment":[{"href":"https:\/\/www.anovapeneira.gal\/index.php\/wp-json\/wp\/v2\/media?parent=14289"}],"wp:term":[{"taxonomy":"category","embeddable":true,"href":"https:\/\/www.anovapeneira.gal\/index.php\/wp-json\/wp\/v2\/categories?post=14289"},{"taxonomy":"post_tag","embeddable":true,"href":"https:\/\/www.anovapeneira.gal\/index.php\/wp-json\/wp\/v2\/tags?post=14289"}],"curies":[{"name":"wp","href":"https:\/\/api.w.org\/{rel}","templated":true}]}}