{"id":14294,"date":"2025-08-04T10:00:44","date_gmt":"2025-08-04T08:00:44","guid":{"rendered":"https:\/\/www.anovapeneira.gal\/?p=14294"},"modified":"2025-07-31T18:47:12","modified_gmt":"2025-07-31T16:47:12","slug":"o-bng-esixe-ao-alcalde-de-ponte-caldelas-solucions-a-debeda-da-auga-que-garantan-o-mantemento-das-empresas-e-todos-os-postos-de-traballo-no-poligono-da-reigosa","status":"publish","type":"post","link":"https:\/\/www.anovapeneira.gal\/index.php\/2025\/08\/04\/o-bng-esixe-ao-alcalde-de-ponte-caldelas-solucions-a-debeda-da-auga-que-garantan-o-mantemento-das-empresas-e-todos-os-postos-de-traballo-no-poligono-da-reigosa\/","title":{"rendered":"O BNG esixe ao alcalde de Ponte Caldelas soluci\u00f3ns \u00e1 d\u00e9beda da auga que garantan o mantemento das empresas e todos os postos de traballo no pol\u00edgono da Reigosa"},"content":{"rendered":"\n<h2 class=\"wp-block-heading\"><strong>A voceira Sol Seoane destaca que D\u00edaz debe mellorar a s\u00faa \u201cp\u00e9sima xesti\u00f3n\u201d ante o posible corte da subministraci\u00f3n ao parque<\/strong><\/h2>\n\n\n\n<p><strong>Ponte Caldelas, 29 de xullo de 2025. <\/strong><\/p>\n\n\n\n<p>O BNG de Ponte Caldelas esixiu ao alcalde Andr\u00e9s D\u00edaz soluci\u00f3ns efectivas \u00e1 d\u00e9beda da auga que garantan a continuidade das empresas e o mantemento da totalidade dos postos de traballo no pol\u00edgono da Reigosa. \u201cPrecisamos medidas efectivas e urxentes\u201d, asegurou a voceira Sol Seoane, quen amosou a s\u00faa preocupaci\u00f3n pola situaci\u00f3n ante a p\u00e9sima xesti\u00f3n realizada ata o de agora polo rexedor e o inminente vencemento do prazo para facer fronte \u00e1 d\u00e9beda. \u201cHai moitos postos de traballo en xogo\u201d, advirte.<\/p>\n\n\n\n<p>A portavoz do Bloque con\ufb01rmou que reclamar\u00e1 este xoves no Pleno explicaci\u00f3ns sobre os avances dados polo goberno municipal para pagar as cotas acumuladas xa que segue vixente o aviso do inminente corte da auga ao parque empresarial. As\u00ed mesmo, as nacionalistas presionar\u00e1n ao alcalde para aclarar se as empresas se bene\ufb01ciar\u00e1n dalgunha rebaixa nas s\u00faas cotas de subministro se \ufb01nalmente se logran melloras no convenio con Pontevedra.<\/p>\n\n\n\n<p>Seoane subli\u00f1ou a preocupaci\u00f3n do BNG pola situaci\u00f3n e lembrou que no parque empresarial traballan \ufb01rmas moi destacadas como Setga, Aludec, Orbe, Arnoia e Cristal Pontevedresa, entre moitas outras que, sen auga, non poder\u00e1n operar.<\/p>\n\n\n\n<p>O BNG insta o alcalde a presentar un plan claro e salvar as\u00ed a actividade empresarial. \u201c\u00c9 fundamental que se act\u00fae de inmediato; non podemos permitir que a falta de xesti\u00f3n hipoteque o futuro do municipio e o sustento e o benestar de toda a xente que aqu\u00ed traballa\u201d, conclu\u00edu Seoane.<\/p>\n\n\n\n<p>As nacionalistas subli\u00f1an que ata o de agora o alcalde destacou pola s\u00faa \u201cp\u00e9sima xesti\u00f3n\u201d no relativo \u00e1 negociaci\u00f3n do prezo pola auga. Insisten na total falta de acci\u00f3n que permitiu que a situaci\u00f3n se deteriorase nos \u00faltimos catro anos ata acumular m\u00e1is dun mill\u00f3n de euros de d\u00e9beda. \u201cD\u00edaz non reaccionou ata que chegou ao punto cr\u00edtico de recibir un aviso p\u00fablico\u201d, a\ufb01rma Seoane.<\/p>\n\n\n\n<p>A portavoz do BNG lembra que o convenio de abastecemento de auga co Concello de Pontevedra caducou fai catro anos, sendo responsabilidade de D\u00edaz negociar un novo acordo antes de chegar a este extremo. \u201c\u00c9 incomprensible que, durante todo este tempo, non se \ufb01xo ning\u00fan esforzo para regularizar a situaci\u00f3n e buscar mellores condici\u00f3ns. A \u00fanica decisi\u00f3n do alcalde foi deixar de pagar o canon establecido, o que nos levou a esta acumulaci\u00f3n de d\u00e9beda monumental\u201d, agregou.<\/p>\n\n\n\n<p>A presi\u00f3n do BNG para chegar a soluci\u00f3ns s\u00famase ao crecente malestar entre as empresas do pol\u00edgono, que requiren respostas r\u00e1pidas fronte a unha situaci\u00f3n que pode ameazar a s\u00faa viabilidade econ\u00f3mica.<\/p>\n","protected":false},"excerpt":{"rendered":"<div class=\"mh-excerpt\"><p>A voceira Sol Seoane destaca que D\u00edaz debe mellorar a s\u00faa \u201cp\u00e9sima xesti\u00f3n\u201d ante o posible corte da subministraci\u00f3n ao parque <a class=\"mh-excerpt-more\" href=\"https:\/\/www.anovapeneira.gal\/index.php\/2025\/08\/04\/o-bng-esixe-ao-alcalde-de-ponte-caldelas-solucions-a-debeda-da-auga-que-garantan-o-mantemento-das-empresas-e-todos-os-postos-de-traballo-no-poligono-da-reigosa\/\" title=\"O BNG esixe ao alcalde de Ponte Caldelas soluci\u00f3ns \u00e1 d\u00e9beda da auga que garantan o mantemento das empresas e todos os postos de traballo no pol\u00edgono da Reigosa\">[&#8230;]<\/a><\/p>\n<\/div>","protected":false},"author":3,"featured_media":8265,"comment_status":"open","ping_status":"open","sticky":false,"template":"","format":"standard","meta":{"_exactmetrics_skip_tracking":false,"_exactmetrics_sitenote_active":false,"_exactmetrics_sitenote_note":"","_exactmetrics_sitenote_category":0,"footnotes":""},"categories":[26],"tags":[128],"class_list":{"0":"post-14294","1":"post","2":"type-post","3":"status-publish","4":"format-standard","5":"has-post-thumbnail","7":"category-pontevedra","8":"tag-concello-de-ponte-caldelas"},"yoast_head":"<!-- This site is optimized with the Yoast SEO plugin v27.4 - https:\/\/yoast.com\/product\/yoast-seo-wordpress\/ -->\n<title>O BNG esixe ao alcalde de Ponte Caldelas soluci\u00f3ns \u00e1 d\u00e9beda da auga que garantan o mantemento das empresas e todos os postos de traballo no pol\u00edgono da Reigosa -<\/title>\n<meta name=\"robots\" content=\"index, follow, max-snippet:-1, max-image-preview:large, max-video-preview:-1\" \/>\n<link rel=\"canonical\" href=\"https:\/\/www.anovapeneira.gal\/index.php\/2025\/08\/04\/o-bng-esixe-ao-alcalde-de-ponte-caldelas-solucions-a-debeda-da-auga-que-garantan-o-mantemento-das-empresas-e-todos-os-postos-de-traballo-no-poligono-da-reigosa\/\" \/>\n<meta property=\"og:locale\" content=\"gl_ES\" \/>\n<meta property=\"og:type\" content=\"article\" \/>\n<meta property=\"og:title\" content=\"O BNG esixe ao alcalde de Ponte Caldelas soluci\u00f3ns \u00e1 d\u00e9beda da auga que garantan o mantemento das empresas e todos os postos de traballo no pol\u00edgono da Reigosa -\" \/>\n<meta property=\"og:description\" content=\"A voceira Sol Seoane destaca que D\u00edaz debe mellorar a s\u00faa \u201cp\u00e9sima xesti\u00f3n\u201d ante o posible corte da subministraci\u00f3n ao parque [...]\" \/>\n<meta property=\"og:url\" content=\"https:\/\/www.anovapeneira.gal\/index.php\/2025\/08\/04\/o-bng-esixe-ao-alcalde-de-ponte-caldelas-solucions-a-debeda-da-auga-que-garantan-o-mantemento-das-empresas-e-todos-os-postos-de-traballo-no-poligono-da-reigosa\/\" \/>\n<meta property=\"article:publisher\" content=\"https:\/\/www.facebook.com\/anovapeneira\" \/>\n<meta property=\"article:published_time\" content=\"2025-08-04T08:00:44+00:00\" \/>\n<meta property=\"og:image\" content=\"https:\/\/www.anovapeneira.gal\/wp-content\/uploads\/2022\/09\/bng_logo_2.jpg\" \/>\n\t<meta property=\"og:image:width\" content=\"720\" \/>\n\t<meta property=\"og:image:height\" content=\"432\" \/>\n\t<meta property=\"og:image:type\" content=\"image\/jpeg\" \/>\n<meta name=\"author\" content=\"Redacci\u00f3n A Nova Peneira\" \/>\n<meta name=\"twitter:card\" content=\"summary_large_image\" \/>\n<meta name=\"twitter:creator\" content=\"@APeneira\" \/>\n<meta name=\"twitter:site\" content=\"@APeneira\" \/>\n<meta name=\"twitter:label1\" content=\"Escrito por\" \/>\n\t<meta name=\"twitter:data1\" content=\"Redacci\u00f3n A Nova Peneira\" \/>\n\t<meta name=\"twitter:label2\" content=\"Tempo de lectura\" \/>\n\t<meta name=\"twitter:data2\" content=\"3 minutos\" \/>\n<script type=\"application\/ld+json\" class=\"yoast-schema-graph\">{\"@context\":\"https:\\\/\\\/schema.org\",\"@graph\":[{\"@type\":\"Article\",\"@id\":\"https:\\\/\\\/www.anovapeneira.gal\\\/index.php\\\/2025\\\/08\\\/04\\\/o-bng-esixe-ao-alcalde-de-ponte-caldelas-solucions-a-debeda-da-auga-que-garantan-o-mantemento-das-empresas-e-todos-os-postos-de-traballo-no-poligono-da-reigosa\\\/#article\",\"isPartOf\":{\"@id\":\"https:\\\/\\\/www.anovapeneira.gal\\\/index.php\\\/2025\\\/08\\\/04\\\/o-bng-esixe-ao-alcalde-de-ponte-caldelas-solucions-a-debeda-da-auga-que-garantan-o-mantemento-das-empresas-e-todos-os-postos-de-traballo-no-poligono-da-reigosa\\\/\"},\"author\":{\"name\":\"Redacci\u00f3n A Nova Peneira\",\"@id\":\"https:\\\/\\\/www.anovapeneira.gal\\\/#\\\/schema\\\/person\\\/b93e3f8932e3f8da96334607eb6ac6aa\"},\"headline\":\"O BNG esixe ao alcalde de Ponte Caldelas soluci\u00f3ns \u00e1 d\u00e9beda da auga que garantan o mantemento das empresas e todos os postos de traballo no pol\u00edgono da Reigosa\",\"datePublished\":\"2025-08-04T08:00:44+00:00\",\"mainEntityOfPage\":{\"@id\":\"https:\\\/\\\/www.anovapeneira.gal\\\/index.php\\\/2025\\\/08\\\/04\\\/o-bng-esixe-ao-alcalde-de-ponte-caldelas-solucions-a-debeda-da-auga-que-garantan-o-mantemento-das-empresas-e-todos-os-postos-de-traballo-no-poligono-da-reigosa\\\/\"},\"wordCount\":520,\"commentCount\":0,\"publisher\":{\"@id\":\"https:\\\/\\\/www.anovapeneira.gal\\\/#organization\"},\"image\":{\"@id\":\"https:\\\/\\\/www.anovapeneira.gal\\\/index.php\\\/2025\\\/08\\\/04\\\/o-bng-esixe-ao-alcalde-de-ponte-caldelas-solucions-a-debeda-da-auga-que-garantan-o-mantemento-das-empresas-e-todos-os-postos-de-traballo-no-poligono-da-reigosa\\\/#primaryimage\"},\"thumbnailUrl\":\"https:\\\/\\\/www.anovapeneira.gal\\\/wp-content\\\/uploads\\\/2022\\\/09\\\/bng_logo_2.jpg\",\"keywords\":[\"Concello de Ponte Caldelas\"],\"articleSection\":[\"Pontevedra\"],\"inLanguage\":\"gl-ES\",\"potentialAction\":[{\"@type\":\"CommentAction\",\"name\":\"Comment\",\"target\":[\"https:\\\/\\\/www.anovapeneira.gal\\\/index.php\\\/2025\\\/08\\\/04\\\/o-bng-esixe-ao-alcalde-de-ponte-caldelas-solucions-a-debeda-da-auga-que-garantan-o-mantemento-das-empresas-e-todos-os-postos-de-traballo-no-poligono-da-reigosa\\\/#respond\"]}]},{\"@type\":\"WebPage\",\"@id\":\"https:\\\/\\\/www.anovapeneira.gal\\\/index.php\\\/2025\\\/08\\\/04\\\/o-bng-esixe-ao-alcalde-de-ponte-caldelas-solucions-a-debeda-da-auga-que-garantan-o-mantemento-das-empresas-e-todos-os-postos-de-traballo-no-poligono-da-reigosa\\\/\",\"url\":\"https:\\\/\\\/www.anovapeneira.gal\\\/index.php\\\/2025\\\/08\\\/04\\\/o-bng-esixe-ao-alcalde-de-ponte-caldelas-solucions-a-debeda-da-auga-que-garantan-o-mantemento-das-empresas-e-todos-os-postos-de-traballo-no-poligono-da-reigosa\\\/\",\"name\":\"O BNG esixe ao alcalde de Ponte Caldelas soluci\u00f3ns \u00e1 d\u00e9beda da auga que garantan o mantemento das empresas e todos os postos de traballo no pol\u00edgono da Reigosa -\",\"isPartOf\":{\"@id\":\"https:\\\/\\\/www.anovapeneira.gal\\\/#website\"},\"primaryImageOfPage\":{\"@id\":\"https:\\\/\\\/www.anovapeneira.gal\\\/index.php\\\/2025\\\/08\\\/04\\\/o-bng-esixe-ao-alcalde-de-ponte-caldelas-solucions-a-debeda-da-auga-que-garantan-o-mantemento-das-empresas-e-todos-os-postos-de-traballo-no-poligono-da-reigosa\\\/#primaryimage\"},\"image\":{\"@id\":\"https:\\\/\\\/www.anovapeneira.gal\\\/index.php\\\/2025\\\/08\\\/04\\\/o-bng-esixe-ao-alcalde-de-ponte-caldelas-solucions-a-debeda-da-auga-que-garantan-o-mantemento-das-empresas-e-todos-os-postos-de-traballo-no-poligono-da-reigosa\\\/#primaryimage\"},\"thumbnailUrl\":\"https:\\\/\\\/www.anovapeneira.gal\\\/wp-content\\\/uploads\\\/2022\\\/09\\\/bng_logo_2.jpg\",\"datePublished\":\"2025-08-04T08:00:44+00:00\",\"breadcrumb\":{\"@id\":\"https:\\\/\\\/www.anovapeneira.gal\\\/index.php\\\/2025\\\/08\\\/04\\\/o-bng-esixe-ao-alcalde-de-ponte-caldelas-solucions-a-debeda-da-auga-que-garantan-o-mantemento-das-empresas-e-todos-os-postos-de-traballo-no-poligono-da-reigosa\\\/#breadcrumb\"},\"inLanguage\":\"gl-ES\",\"potentialAction\":[{\"@type\":\"ReadAction\",\"target\":[\"https:\\\/\\\/www.anovapeneira.gal\\\/index.php\\\/2025\\\/08\\\/04\\\/o-bng-esixe-ao-alcalde-de-ponte-caldelas-solucions-a-debeda-da-auga-que-garantan-o-mantemento-das-empresas-e-todos-os-postos-de-traballo-no-poligono-da-reigosa\\\/\"]}]},{\"@type\":\"ImageObject\",\"inLanguage\":\"gl-ES\",\"@id\":\"https:\\\/\\\/www.anovapeneira.gal\\\/index.php\\\/2025\\\/08\\\/04\\\/o-bng-esixe-ao-alcalde-de-ponte-caldelas-solucions-a-debeda-da-auga-que-garantan-o-mantemento-das-empresas-e-todos-os-postos-de-traballo-no-poligono-da-reigosa\\\/#primaryimage\",\"url\":\"https:\\\/\\\/www.anovapeneira.gal\\\/wp-content\\\/uploads\\\/2022\\\/09\\\/bng_logo_2.jpg\",\"contentUrl\":\"https:\\\/\\\/www.anovapeneira.gal\\\/wp-content\\\/uploads\\\/2022\\\/09\\\/bng_logo_2.jpg\",\"width\":720,\"height\":432,\"caption\":\"Logotipo BNG\"},{\"@type\":\"BreadcrumbList\",\"@id\":\"https:\\\/\\\/www.anovapeneira.gal\\\/index.php\\\/2025\\\/08\\\/04\\\/o-bng-esixe-ao-alcalde-de-ponte-caldelas-solucions-a-debeda-da-auga-que-garantan-o-mantemento-das-empresas-e-todos-os-postos-de-traballo-no-poligono-da-reigosa\\\/#breadcrumb\",\"itemListElement\":[{\"@type\":\"ListItem\",\"position\":1,\"name\":\"Portada\",\"item\":\"https:\\\/\\\/www.anovapeneira.gal\\\/\"},{\"@type\":\"ListItem\",\"position\":2,\"name\":\"O BNG esixe ao alcalde de Ponte Caldelas soluci\u00f3ns \u00e1 d\u00e9beda da auga que garantan o mantemento das empresas e todos os postos de traballo no pol\u00edgono da Reigosa\"}]},{\"@type\":\"WebSite\",\"@id\":\"https:\\\/\\\/www.anovapeneira.gal\\\/#website\",\"url\":\"https:\\\/\\\/www.anovapeneira.gal\\\/\",\"name\":\"\",\"description\":\"Xornal galego de informaci\u00f3n xeral Publicaci\u00f3n mensual de novas de Galicia e en especial dos Concellos da sur da provincia de Pontevedra.\",\"publisher\":{\"@id\":\"https:\\\/\\\/www.anovapeneira.gal\\\/#organization\"},\"potentialAction\":[{\"@type\":\"SearchAction\",\"target\":{\"@type\":\"EntryPoint\",\"urlTemplate\":\"https:\\\/\\\/www.anovapeneira.gal\\\/?s={search_term_string}\"},\"query-input\":{\"@type\":\"PropertyValueSpecification\",\"valueRequired\":true,\"valueName\":\"search_term_string\"}}],\"inLanguage\":\"gl-ES\"},{\"@type\":\"Organization\",\"@id\":\"https:\\\/\\\/www.anovapeneira.gal\\\/#organization\",\"name\":\"A Nova Peneira\",\"url\":\"https:\\\/\\\/www.anovapeneira.gal\\\/\",\"logo\":{\"@type\":\"ImageObject\",\"inLanguage\":\"gl-ES\",\"@id\":\"https:\\\/\\\/www.anovapeneira.gal\\\/#\\\/schema\\\/logo\\\/image\\\/\",\"url\":\"http:\\\/\\\/www.anovapeneira.gal\\\/wp-content\\\/uploads\\\/2019\\\/06\\\/logo_a_nova_peneira_portal_web.png\",\"contentUrl\":\"http:\\\/\\\/www.anovapeneira.gal\\\/wp-content\\\/uploads\\\/2019\\\/06\\\/logo_a_nova_peneira_portal_web.png\",\"width\":300,\"height\":100,\"caption\":\"A Nova Peneira\"},\"image\":{\"@id\":\"https:\\\/\\\/www.anovapeneira.gal\\\/#\\\/schema\\\/logo\\\/image\\\/\"},\"sameAs\":[\"https:\\\/\\\/www.facebook.com\\\/anovapeneira\",\"https:\\\/\\\/x.com\\\/APeneira\"]},{\"@type\":\"Person\",\"@id\":\"https:\\\/\\\/www.anovapeneira.gal\\\/#\\\/schema\\\/person\\\/b93e3f8932e3f8da96334607eb6ac6aa\",\"name\":\"Redacci\u00f3n A Nova Peneira\",\"image\":{\"@type\":\"ImageObject\",\"inLanguage\":\"gl-ES\",\"@id\":\"https:\\\/\\\/secure.gravatar.com\\\/avatar\\\/c052a2551a06e23fac63626232eaa90abd78dbcf1700fc46a2b2c89fd27b735f?s=96&d=mm&r=g\",\"url\":\"https:\\\/\\\/secure.gravatar.com\\\/avatar\\\/c052a2551a06e23fac63626232eaa90abd78dbcf1700fc46a2b2c89fd27b735f?s=96&d=mm&r=g\",\"contentUrl\":\"https:\\\/\\\/secure.gravatar.com\\\/avatar\\\/c052a2551a06e23fac63626232eaa90abd78dbcf1700fc46a2b2c89fd27b735f?s=96&d=mm&r=g\",\"caption\":\"Redacci\u00f3n A Nova Peneira\"},\"sameAs\":[\"http:\\\/\\\/www.anovapeneira.gal\\\/\"],\"url\":\"https:\\\/\\\/www.anovapeneira.gal\\\/index.php\\\/author\\\/redactor\\\/\"}]}<\/script>\n<!-- \/ Yoast SEO plugin. -->","yoast_head_json":{"title":"O BNG esixe ao alcalde de Ponte Caldelas soluci\u00f3ns \u00e1 d\u00e9beda da auga que garantan o mantemento das empresas e todos os postos de traballo no pol\u00edgono da Reigosa -","robots":{"index":"index","follow":"follow","max-snippet":"max-snippet:-1","max-image-preview":"max-image-preview:large","max-video-preview":"max-video-preview:-1"},"canonical":"https:\/\/www.anovapeneira.gal\/index.php\/2025\/08\/04\/o-bng-esixe-ao-alcalde-de-ponte-caldelas-solucions-a-debeda-da-auga-que-garantan-o-mantemento-das-empresas-e-todos-os-postos-de-traballo-no-poligono-da-reigosa\/","og_locale":"gl_ES","og_type":"article","og_title":"O BNG esixe ao alcalde de Ponte Caldelas soluci\u00f3ns \u00e1 d\u00e9beda da auga que garantan o mantemento das empresas e todos os postos de traballo no pol\u00edgono da Reigosa -","og_description":"A voceira Sol Seoane destaca que D\u00edaz debe mellorar a s\u00faa \u201cp\u00e9sima xesti\u00f3n\u201d ante o posible corte da subministraci\u00f3n ao parque [...]","og_url":"https:\/\/www.anovapeneira.gal\/index.php\/2025\/08\/04\/o-bng-esixe-ao-alcalde-de-ponte-caldelas-solucions-a-debeda-da-auga-que-garantan-o-mantemento-das-empresas-e-todos-os-postos-de-traballo-no-poligono-da-reigosa\/","article_publisher":"https:\/\/www.facebook.com\/anovapeneira","article_published_time":"2025-08-04T08:00:44+00:00","og_image":[{"width":720,"height":432,"url":"https:\/\/www.anovapeneira.gal\/wp-content\/uploads\/2022\/09\/bng_logo_2.jpg","type":"image\/jpeg"}],"author":"Redacci\u00f3n A Nova Peneira","twitter_card":"summary_large_image","twitter_creator":"@APeneira","twitter_site":"@APeneira","twitter_misc":{"Escrito por":"Redacci\u00f3n A Nova Peneira","Tempo de lectura":"3 minutos"},"schema":{"@context":"https:\/\/schema.org","@graph":[{"@type":"Article","@id":"https:\/\/www.anovapeneira.gal\/index.php\/2025\/08\/04\/o-bng-esixe-ao-alcalde-de-ponte-caldelas-solucions-a-debeda-da-auga-que-garantan-o-mantemento-das-empresas-e-todos-os-postos-de-traballo-no-poligono-da-reigosa\/#article","isPartOf":{"@id":"https:\/\/www.anovapeneira.gal\/index.php\/2025\/08\/04\/o-bng-esixe-ao-alcalde-de-ponte-caldelas-solucions-a-debeda-da-auga-que-garantan-o-mantemento-das-empresas-e-todos-os-postos-de-traballo-no-poligono-da-reigosa\/"},"author":{"name":"Redacci\u00f3n A Nova Peneira","@id":"https:\/\/www.anovapeneira.gal\/#\/schema\/person\/b93e3f8932e3f8da96334607eb6ac6aa"},"headline":"O BNG esixe ao alcalde de Ponte Caldelas soluci\u00f3ns \u00e1 d\u00e9beda da auga que garantan o mantemento das empresas e todos os postos de traballo no pol\u00edgono da Reigosa","datePublished":"2025-08-04T08:00:44+00:00","mainEntityOfPage":{"@id":"https:\/\/www.anovapeneira.gal\/index.php\/2025\/08\/04\/o-bng-esixe-ao-alcalde-de-ponte-caldelas-solucions-a-debeda-da-auga-que-garantan-o-mantemento-das-empresas-e-todos-os-postos-de-traballo-no-poligono-da-reigosa\/"},"wordCount":520,"commentCount":0,"publisher":{"@id":"https:\/\/www.anovapeneira.gal\/#organization"},"image":{"@id":"https:\/\/www.anovapeneira.gal\/index.php\/2025\/08\/04\/o-bng-esixe-ao-alcalde-de-ponte-caldelas-solucions-a-debeda-da-auga-que-garantan-o-mantemento-das-empresas-e-todos-os-postos-de-traballo-no-poligono-da-reigosa\/#primaryimage"},"thumbnailUrl":"https:\/\/www.anovapeneira.gal\/wp-content\/uploads\/2022\/09\/bng_logo_2.jpg","keywords":["Concello de Ponte Caldelas"],"articleSection":["Pontevedra"],"inLanguage":"gl-ES","potentialAction":[{"@type":"CommentAction","name":"Comment","target":["https:\/\/www.anovapeneira.gal\/index.php\/2025\/08\/04\/o-bng-esixe-ao-alcalde-de-ponte-caldelas-solucions-a-debeda-da-auga-que-garantan-o-mantemento-das-empresas-e-todos-os-postos-de-traballo-no-poligono-da-reigosa\/#respond"]}]},{"@type":"WebPage","@id":"https:\/\/www.anovapeneira.gal\/index.php\/2025\/08\/04\/o-bng-esixe-ao-alcalde-de-ponte-caldelas-solucions-a-debeda-da-auga-que-garantan-o-mantemento-das-empresas-e-todos-os-postos-de-traballo-no-poligono-da-reigosa\/","url":"https:\/\/www.anovapeneira.gal\/index.php\/2025\/08\/04\/o-bng-esixe-ao-alcalde-de-ponte-caldelas-solucions-a-debeda-da-auga-que-garantan-o-mantemento-das-empresas-e-todos-os-postos-de-traballo-no-poligono-da-reigosa\/","name":"O BNG esixe ao alcalde de Ponte Caldelas soluci\u00f3ns \u00e1 d\u00e9beda da auga que garantan o mantemento das empresas e todos os postos de traballo no pol\u00edgono da Reigosa -","isPartOf":{"@id":"https:\/\/www.anovapeneira.gal\/#website"},"primaryImageOfPage":{"@id":"https:\/\/www.anovapeneira.gal\/index.php\/2025\/08\/04\/o-bng-esixe-ao-alcalde-de-ponte-caldelas-solucions-a-debeda-da-auga-que-garantan-o-mantemento-das-empresas-e-todos-os-postos-de-traballo-no-poligono-da-reigosa\/#primaryimage"},"image":{"@id":"https:\/\/www.anovapeneira.gal\/index.php\/2025\/08\/04\/o-bng-esixe-ao-alcalde-de-ponte-caldelas-solucions-a-debeda-da-auga-que-garantan-o-mantemento-das-empresas-e-todos-os-postos-de-traballo-no-poligono-da-reigosa\/#primaryimage"},"thumbnailUrl":"https:\/\/www.anovapeneira.gal\/wp-content\/uploads\/2022\/09\/bng_logo_2.jpg","datePublished":"2025-08-04T08:00:44+00:00","breadcrumb":{"@id":"https:\/\/www.anovapeneira.gal\/index.php\/2025\/08\/04\/o-bng-esixe-ao-alcalde-de-ponte-caldelas-solucions-a-debeda-da-auga-que-garantan-o-mantemento-das-empresas-e-todos-os-postos-de-traballo-no-poligono-da-reigosa\/#breadcrumb"},"inLanguage":"gl-ES","potentialAction":[{"@type":"ReadAction","target":["https:\/\/www.anovapeneira.gal\/index.php\/2025\/08\/04\/o-bng-esixe-ao-alcalde-de-ponte-caldelas-solucions-a-debeda-da-auga-que-garantan-o-mantemento-das-empresas-e-todos-os-postos-de-traballo-no-poligono-da-reigosa\/"]}]},{"@type":"ImageObject","inLanguage":"gl-ES","@id":"https:\/\/www.anovapeneira.gal\/index.php\/2025\/08\/04\/o-bng-esixe-ao-alcalde-de-ponte-caldelas-solucions-a-debeda-da-auga-que-garantan-o-mantemento-das-empresas-e-todos-os-postos-de-traballo-no-poligono-da-reigosa\/#primaryimage","url":"https:\/\/www.anovapeneira.gal\/wp-content\/uploads\/2022\/09\/bng_logo_2.jpg","contentUrl":"https:\/\/www.anovapeneira.gal\/wp-content\/uploads\/2022\/09\/bng_logo_2.jpg","width":720,"height":432,"caption":"Logotipo BNG"},{"@type":"BreadcrumbList","@id":"https:\/\/www.anovapeneira.gal\/index.php\/2025\/08\/04\/o-bng-esixe-ao-alcalde-de-ponte-caldelas-solucions-a-debeda-da-auga-que-garantan-o-mantemento-das-empresas-e-todos-os-postos-de-traballo-no-poligono-da-reigosa\/#breadcrumb","itemListElement":[{"@type":"ListItem","position":1,"name":"Portada","item":"https:\/\/www.anovapeneira.gal\/"},{"@type":"ListItem","position":2,"name":"O BNG esixe ao alcalde de Ponte Caldelas soluci\u00f3ns \u00e1 d\u00e9beda da auga que garantan o mantemento das empresas e todos os postos de traballo no pol\u00edgono da Reigosa"}]},{"@type":"WebSite","@id":"https:\/\/www.anovapeneira.gal\/#website","url":"https:\/\/www.anovapeneira.gal\/","name":"","description":"Xornal galego de informaci\u00f3n xeral Publicaci\u00f3n mensual de novas de Galicia e en especial dos Concellos da sur da provincia de Pontevedra.","publisher":{"@id":"https:\/\/www.anovapeneira.gal\/#organization"},"potentialAction":[{"@type":"SearchAction","target":{"@type":"EntryPoint","urlTemplate":"https:\/\/www.anovapeneira.gal\/?s={search_term_string}"},"query-input":{"@type":"PropertyValueSpecification","valueRequired":true,"valueName":"search_term_string"}}],"inLanguage":"gl-ES"},{"@type":"Organization","@id":"https:\/\/www.anovapeneira.gal\/#organization","name":"A Nova Peneira","url":"https:\/\/www.anovapeneira.gal\/","logo":{"@type":"ImageObject","inLanguage":"gl-ES","@id":"https:\/\/www.anovapeneira.gal\/#\/schema\/logo\/image\/","url":"http:\/\/www.anovapeneira.gal\/wp-content\/uploads\/2019\/06\/logo_a_nova_peneira_portal_web.png","contentUrl":"http:\/\/www.anovapeneira.gal\/wp-content\/uploads\/2019\/06\/logo_a_nova_peneira_portal_web.png","width":300,"height":100,"caption":"A Nova Peneira"},"image":{"@id":"https:\/\/www.anovapeneira.gal\/#\/schema\/logo\/image\/"},"sameAs":["https:\/\/www.facebook.com\/anovapeneira","https:\/\/x.com\/APeneira"]},{"@type":"Person","@id":"https:\/\/www.anovapeneira.gal\/#\/schema\/person\/b93e3f8932e3f8da96334607eb6ac6aa","name":"Redacci\u00f3n A Nova Peneira","image":{"@type":"ImageObject","inLanguage":"gl-ES","@id":"https:\/\/secure.gravatar.com\/avatar\/c052a2551a06e23fac63626232eaa90abd78dbcf1700fc46a2b2c89fd27b735f?s=96&d=mm&r=g","url":"https:\/\/secure.gravatar.com\/avatar\/c052a2551a06e23fac63626232eaa90abd78dbcf1700fc46a2b2c89fd27b735f?s=96&d=mm&r=g","contentUrl":"https:\/\/secure.gravatar.com\/avatar\/c052a2551a06e23fac63626232eaa90abd78dbcf1700fc46a2b2c89fd27b735f?s=96&d=mm&r=g","caption":"Redacci\u00f3n A Nova Peneira"},"sameAs":["http:\/\/www.anovapeneira.gal\/"],"url":"https:\/\/www.anovapeneira.gal\/index.php\/author\/redactor\/"}]}},"jetpack_featured_media_url":"https:\/\/www.anovapeneira.gal\/wp-content\/uploads\/2022\/09\/bng_logo_2.jpg","_links":{"self":[{"href":"https:\/\/www.anovapeneira.gal\/index.php\/wp-json\/wp\/v2\/posts\/14294","targetHints":{"allow":["GET"]}}],"collection":[{"href":"https:\/\/www.anovapeneira.gal\/index.php\/wp-json\/wp\/v2\/posts"}],"about":[{"href":"https:\/\/www.anovapeneira.gal\/index.php\/wp-json\/wp\/v2\/types\/post"}],"author":[{"embeddable":true,"href":"https:\/\/www.anovapeneira.gal\/index.php\/wp-json\/wp\/v2\/users\/3"}],"replies":[{"embeddable":true,"href":"https:\/\/www.anovapeneira.gal\/index.php\/wp-json\/wp\/v2\/comments?post=14294"}],"version-history":[{"count":2,"href":"https:\/\/www.anovapeneira.gal\/index.php\/wp-json\/wp\/v2\/posts\/14294\/revisions"}],"predecessor-version":[{"id":14296,"href":"https:\/\/www.anovapeneira.gal\/index.php\/wp-json\/wp\/v2\/posts\/14294\/revisions\/14296"}],"wp:featuredmedia":[{"embeddable":true,"href":"https:\/\/www.anovapeneira.gal\/index.php\/wp-json\/wp\/v2\/media\/8265"}],"wp:attachment":[{"href":"https:\/\/www.anovapeneira.gal\/index.php\/wp-json\/wp\/v2\/media?parent=14294"}],"wp:term":[{"taxonomy":"category","embeddable":true,"href":"https:\/\/www.anovapeneira.gal\/index.php\/wp-json\/wp\/v2\/categories?post=14294"},{"taxonomy":"post_tag","embeddable":true,"href":"https:\/\/www.anovapeneira.gal\/index.php\/wp-json\/wp\/v2\/tags?post=14294"}],"curies":[{"name":"wp","href":"https:\/\/api.w.org\/{rel}","templated":true}]}}