{"id":14297,"date":"2025-08-04T12:00:28","date_gmt":"2025-08-04T10:00:28","guid":{"rendered":"https:\/\/www.anovapeneira.gal\/?p=14297"},"modified":"2025-07-31T18:47:25","modified_gmt":"2025-07-31T16:47:25","slug":"cine-de-barrio-e-descartes-de-luar","status":"publish","type":"post","link":"https:\/\/www.anovapeneira.gal\/index.php\/2025\/08\/04\/cine-de-barrio-e-descartes-de-luar\/","title":{"rendered":"Cine de Barrio e descartes de Luar"},"content":{"rendered":"\n<figure class=\"wp-block-image size-full is-resized\"><img loading=\"lazy\" decoding=\"async\" width=\"190\" height=\"222\" src=\"https:\/\/www.anovapeneira.gal\/wp-content\/uploads\/2019\/07\/pedro_cortegoso_opinion_a_nova_peneira_bn.jpg\" alt=\"Pedro M. Cortegoso Gago Artigo Opini\u00f3n A Nova Peneira\" class=\"wp-image-464\" style=\"width:114px;height:auto\"\/><figcaption class=\"wp-element-caption\">Pedro M. Cortegoso Gago\nTraballador do Sergas<\/figcaption><\/figure>\n\n\n\n<p>Xa estamos afeitos a ver a nosa alcaldesa, e ao seu s\u00e9quito, vestida con mantilla e acompa\u00f1ada de uniformados nas diversas procesi\u00f3ns que ao longo do ano se fan en Mar\u00edn. Gosta desa est\u00e9tica e deses valores propios dunha Espa\u00f1a rancia e reaccionaria. E como non pod\u00eda ser doutro xeito, as Festas do Carme desta ano foron unha volta ao pasado, mistura <em>vintage<\/em> de m\u00fasica anticuada e desfiles militares; unha combinaci\u00f3n entre Cine de Barrio e Luar, bailes de longo e uniformes ao son de Camela.<\/p>\n\n\n\n<p>A programaci\u00f3n f\u00edxose aproveitando os descartes de Luar, facendo unha combinaci\u00f3n de artistas moi propia dos venres a noite na TVG: <em>f<\/em><em>olcloradas, Dilleis e popurr\u00eds<\/em> de canci\u00f3ns antergas e artistas do pasado. Inauguradas como se fosen un mitin do Partido Popular, ao ritmo de Juan Pardo, a apoteose <em>pepeira<\/em> chegou coa interpretaci\u00f3n de Xuntos, a sinton\u00eda oficial do partido.<\/p>\n\n\n\n<p>Como se poden cualificar unhas festas que incorporan como un evento da programaci\u00f3n a \u201centrega de Reais Despachos na Escola Naval Militar\u201d e a declaraci\u00f3n de filla predilecta de Leonor? Pedir\u00edanlle permiso \u00e1 Casa Real para inclu\u00edr estes actos no programa das festas?<\/p>\n\n\n\n<p>Aproveitase as festas para exaltar e promover a mon\u00e1rquica, instituci\u00f3n caduca e antidemocr\u00e1tica, que representa os valores m\u00e1is rancios dunha Espa\u00f1a facha e centralista. A mesmo para fomentar un militarismo rancio, pero moi acaido para os tempos que corren de exaltaci\u00f3n guerreira e recortes sociais para gastos militares.<\/p>\n\n\n\n<p>E entrando en temas m\u00e1is mundanos temos que resaltar a dificultade para mover un veh\u00edculo estes d\u00edas de festa. Queixa que xa \u00e9 habitual escoitar todos os d\u00edas na nosa vila pese ao incremento exponencial dos aparcadoiros disuasorios. Quedando patente que non son unha soluci\u00f3n real aos problemas de mobilidade, que s\u00f3 poden arranxarse cunha mellora do deteriorado transporte p\u00fablico que n\u00f3s une con Pontevedra e que practicamente non existe para comunicarse co resto dos concellos do Morrazo.<\/p>\n\n\n\n<p>As persoas que tiveron a mala sorte de aparcar no Cantodarea nas horas de maior calor, comprobar\u00edan o resultado do modelo de \u201chumanizaci\u00f3n\u201d urbana que o PP imp\u00f3n en Mar\u00edn. Un modelo de deshumanizaci\u00f3n e deforestaci\u00f3n, r\u00faas sen \u00e1rbores e sombra polas que non se pode cami\u00f1ar sen pillar unha insolaci\u00f3n.<\/p>\n\n\n\n<p>Mar\u00edn merece unhas festas de calidade con actividades e actuaci\u00f3ns para todos os gustos, e onde se lle de cabida aos grupos e artistas galegos que temos en cantidade e calidade. Unhas festas onde se promovan valores democr\u00e1ticos e de paz, m\u00e1is necesarios que nunca nos tempos que corren. Por\u00e9n, en Mar\u00edn, un ano m\u00e1is, rep\u00edtese o modelo das \u201cgrandes\u201d orquestras, as mesmas de sempre.<\/p>\n\n\n\n<p>Onde est\u00e1 a capacidade e a imaxinaci\u00f3n de quen fai o programa das festas? Por que non unhas festas participativas onde se recolla a opini\u00f3n dos veci\u00f1os e veci\u00f1as, das asociaci\u00f3ns, da mocidade&#8230; Iso non vai co \u201cxeito de ser\u201d de quen n\u00f3s goberna, que s\u00f3 queren como m\u00e9rito art\u00edstico a submisi\u00f3n pol\u00edtica.<\/p>\n\n\n\n<p>Mar\u00edn, 30 de xullo de 2025.<\/p>\n\n\n\n<p>Asdo.: Pedro M. Cortegoso Gago<\/p>\n","protected":false},"excerpt":{"rendered":"<div class=\"mh-excerpt\"><p>Xa estamos afeitos a ver a nosa alcaldesa, e ao seu s\u00e9quito, vestida con mantilla e acompa\u00f1ada de uniformados nas diversas procesi\u00f3ns que ao longo do ano se fan en Mar\u00edn. Gosta desa est\u00e9tica e deses valores propios dunha Espa\u00f1a rancia e reaccionaria. E como non pod\u00eda ser doutro xeito, as Festas do Carme desta ano foron unha volta ao pasado, mistura vintage de m\u00fasica anticuada e desfiles militares; unha combinaci\u00f3n entre Cine de Barrio e Luar, bailes de longo e uniformes ao son de Camela. <a class=\"mh-excerpt-more\" href=\"https:\/\/www.anovapeneira.gal\/index.php\/2025\/08\/04\/cine-de-barrio-e-descartes-de-luar\/\" title=\"Cine de Barrio e descartes de Luar\">[&#8230;]<\/a><\/p>\n<\/div>","protected":false},"author":4,"featured_media":584,"comment_status":"open","ping_status":"open","sticky":false,"template":"","format":"standard","meta":{"_exactmetrics_skip_tracking":false,"_exactmetrics_sitenote_active":false,"_exactmetrics_sitenote_note":"","_exactmetrics_sitenote_category":0,"footnotes":""},"categories":[7],"tags":[],"class_list":{"0":"post-14297","1":"post","2":"type-post","3":"status-publish","4":"format-standard","5":"has-post-thumbnail","7":"category-artigos-de-opinion"},"yoast_head":"<!-- This site is optimized with the Yoast SEO plugin v27.4 - https:\/\/yoast.com\/product\/yoast-seo-wordpress\/ -->\n<title>Cine de Barrio e descartes de Luar -<\/title>\n<meta name=\"robots\" content=\"index, follow, max-snippet:-1, max-image-preview:large, max-video-preview:-1\" \/>\n<link rel=\"canonical\" href=\"https:\/\/www.anovapeneira.gal\/index.php\/2025\/08\/04\/cine-de-barrio-e-descartes-de-luar\/\" \/>\n<meta property=\"og:locale\" content=\"gl_ES\" \/>\n<meta property=\"og:type\" content=\"article\" \/>\n<meta property=\"og:title\" content=\"Cine de Barrio e descartes de Luar -\" \/>\n<meta property=\"og:description\" content=\"Xa estamos afeitos a ver a nosa alcaldesa, e ao seu s\u00e9quito, vestida con mantilla e acompa\u00f1ada de uniformados nas diversas procesi\u00f3ns que ao longo do ano se fan en Mar\u00edn. Gosta desa est\u00e9tica e deses valores propios dunha Espa\u00f1a rancia e reaccionaria. E como non pod\u00eda ser doutro xeito, as Festas do Carme desta ano foron unha volta ao pasado, mistura vintage de m\u00fasica anticuada e desfiles militares; unha combinaci\u00f3n entre Cine de Barrio e Luar, bailes de longo e uniformes ao son de Camela. [...]\" \/>\n<meta property=\"og:url\" content=\"https:\/\/www.anovapeneira.gal\/index.php\/2025\/08\/04\/cine-de-barrio-e-descartes-de-luar\/\" \/>\n<meta property=\"article:publisher\" content=\"https:\/\/www.facebook.com\/anovapeneira\" \/>\n<meta property=\"article:published_time\" content=\"2025-08-04T10:00:28+00:00\" \/>\n<meta property=\"og:image\" content=\"https:\/\/www.anovapeneira.gal\/wp-content\/uploads\/2019\/07\/ARTIGO_DE_OPINION_A_NOVA_PENEIRA.jpg\" \/>\n\t<meta property=\"og:image:width\" content=\"720\" \/>\n\t<meta property=\"og:image:height\" content=\"473\" \/>\n\t<meta property=\"og:image:type\" content=\"image\/jpeg\" \/>\n<meta name=\"author\" content=\"Pedro M. Cortegoso Gago\" \/>\n<meta name=\"twitter:card\" content=\"summary_large_image\" \/>\n<meta name=\"twitter:creator\" content=\"@APeneira\" \/>\n<meta name=\"twitter:site\" content=\"@APeneira\" \/>\n<meta name=\"twitter:label1\" content=\"Escrito por\" \/>\n\t<meta name=\"twitter:data1\" content=\"Pedro M. Cortegoso Gago\" \/>\n\t<meta name=\"twitter:label2\" content=\"Tempo de lectura\" \/>\n\t<meta name=\"twitter:data2\" content=\"4 minutos\" \/>\n<script type=\"application\/ld+json\" class=\"yoast-schema-graph\">{\"@context\":\"https:\\\/\\\/schema.org\",\"@graph\":[{\"@type\":\"Article\",\"@id\":\"https:\\\/\\\/www.anovapeneira.gal\\\/index.php\\\/2025\\\/08\\\/04\\\/cine-de-barrio-e-descartes-de-luar\\\/#article\",\"isPartOf\":{\"@id\":\"https:\\\/\\\/www.anovapeneira.gal\\\/index.php\\\/2025\\\/08\\\/04\\\/cine-de-barrio-e-descartes-de-luar\\\/\"},\"author\":{\"name\":\"Pedro M. Cortegoso Gago\",\"@id\":\"https:\\\/\\\/www.anovapeneira.gal\\\/#\\\/schema\\\/person\\\/c04a9c9f722c9446e71ae434c0353337\"},\"headline\":\"Cine de Barrio e descartes de Luar\",\"datePublished\":\"2025-08-04T10:00:28+00:00\",\"mainEntityOfPage\":{\"@id\":\"https:\\\/\\\/www.anovapeneira.gal\\\/index.php\\\/2025\\\/08\\\/04\\\/cine-de-barrio-e-descartes-de-luar\\\/\"},\"wordCount\":566,\"commentCount\":0,\"publisher\":{\"@id\":\"https:\\\/\\\/www.anovapeneira.gal\\\/#organization\"},\"image\":{\"@id\":\"https:\\\/\\\/www.anovapeneira.gal\\\/index.php\\\/2025\\\/08\\\/04\\\/cine-de-barrio-e-descartes-de-luar\\\/#primaryimage\"},\"thumbnailUrl\":\"https:\\\/\\\/www.anovapeneira.gal\\\/wp-content\\\/uploads\\\/2019\\\/07\\\/ARTIGO_DE_OPINION_A_NOVA_PENEIRA.jpg\",\"articleSection\":[\"Artigos de opini\u00f3n\"],\"inLanguage\":\"gl-ES\",\"potentialAction\":[{\"@type\":\"CommentAction\",\"name\":\"Comment\",\"target\":[\"https:\\\/\\\/www.anovapeneira.gal\\\/index.php\\\/2025\\\/08\\\/04\\\/cine-de-barrio-e-descartes-de-luar\\\/#respond\"]}]},{\"@type\":\"WebPage\",\"@id\":\"https:\\\/\\\/www.anovapeneira.gal\\\/index.php\\\/2025\\\/08\\\/04\\\/cine-de-barrio-e-descartes-de-luar\\\/\",\"url\":\"https:\\\/\\\/www.anovapeneira.gal\\\/index.php\\\/2025\\\/08\\\/04\\\/cine-de-barrio-e-descartes-de-luar\\\/\",\"name\":\"Cine de Barrio e descartes de Luar -\",\"isPartOf\":{\"@id\":\"https:\\\/\\\/www.anovapeneira.gal\\\/#website\"},\"primaryImageOfPage\":{\"@id\":\"https:\\\/\\\/www.anovapeneira.gal\\\/index.php\\\/2025\\\/08\\\/04\\\/cine-de-barrio-e-descartes-de-luar\\\/#primaryimage\"},\"image\":{\"@id\":\"https:\\\/\\\/www.anovapeneira.gal\\\/index.php\\\/2025\\\/08\\\/04\\\/cine-de-barrio-e-descartes-de-luar\\\/#primaryimage\"},\"thumbnailUrl\":\"https:\\\/\\\/www.anovapeneira.gal\\\/wp-content\\\/uploads\\\/2019\\\/07\\\/ARTIGO_DE_OPINION_A_NOVA_PENEIRA.jpg\",\"datePublished\":\"2025-08-04T10:00:28+00:00\",\"breadcrumb\":{\"@id\":\"https:\\\/\\\/www.anovapeneira.gal\\\/index.php\\\/2025\\\/08\\\/04\\\/cine-de-barrio-e-descartes-de-luar\\\/#breadcrumb\"},\"inLanguage\":\"gl-ES\",\"potentialAction\":[{\"@type\":\"ReadAction\",\"target\":[\"https:\\\/\\\/www.anovapeneira.gal\\\/index.php\\\/2025\\\/08\\\/04\\\/cine-de-barrio-e-descartes-de-luar\\\/\"]}]},{\"@type\":\"ImageObject\",\"inLanguage\":\"gl-ES\",\"@id\":\"https:\\\/\\\/www.anovapeneira.gal\\\/index.php\\\/2025\\\/08\\\/04\\\/cine-de-barrio-e-descartes-de-luar\\\/#primaryimage\",\"url\":\"https:\\\/\\\/www.anovapeneira.gal\\\/wp-content\\\/uploads\\\/2019\\\/07\\\/ARTIGO_DE_OPINION_A_NOVA_PENEIRA.jpg\",\"contentUrl\":\"https:\\\/\\\/www.anovapeneira.gal\\\/wp-content\\\/uploads\\\/2019\\\/07\\\/ARTIGO_DE_OPINION_A_NOVA_PENEIRA.jpg\",\"width\":720,\"height\":473,\"caption\":\"Artigo de opini\u00f3n A Nova Peneira\"},{\"@type\":\"BreadcrumbList\",\"@id\":\"https:\\\/\\\/www.anovapeneira.gal\\\/index.php\\\/2025\\\/08\\\/04\\\/cine-de-barrio-e-descartes-de-luar\\\/#breadcrumb\",\"itemListElement\":[{\"@type\":\"ListItem\",\"position\":1,\"name\":\"Portada\",\"item\":\"https:\\\/\\\/www.anovapeneira.gal\\\/\"},{\"@type\":\"ListItem\",\"position\":2,\"name\":\"Cine de Barrio e descartes de Luar\"}]},{\"@type\":\"WebSite\",\"@id\":\"https:\\\/\\\/www.anovapeneira.gal\\\/#website\",\"url\":\"https:\\\/\\\/www.anovapeneira.gal\\\/\",\"name\":\"\",\"description\":\"Xornal galego de informaci\u00f3n xeral Publicaci\u00f3n mensual de novas de Galicia e en especial dos Concellos da sur da provincia de Pontevedra.\",\"publisher\":{\"@id\":\"https:\\\/\\\/www.anovapeneira.gal\\\/#organization\"},\"potentialAction\":[{\"@type\":\"SearchAction\",\"target\":{\"@type\":\"EntryPoint\",\"urlTemplate\":\"https:\\\/\\\/www.anovapeneira.gal\\\/?s={search_term_string}\"},\"query-input\":{\"@type\":\"PropertyValueSpecification\",\"valueRequired\":true,\"valueName\":\"search_term_string\"}}],\"inLanguage\":\"gl-ES\"},{\"@type\":\"Organization\",\"@id\":\"https:\\\/\\\/www.anovapeneira.gal\\\/#organization\",\"name\":\"A Nova Peneira\",\"url\":\"https:\\\/\\\/www.anovapeneira.gal\\\/\",\"logo\":{\"@type\":\"ImageObject\",\"inLanguage\":\"gl-ES\",\"@id\":\"https:\\\/\\\/www.anovapeneira.gal\\\/#\\\/schema\\\/logo\\\/image\\\/\",\"url\":\"http:\\\/\\\/www.anovapeneira.gal\\\/wp-content\\\/uploads\\\/2019\\\/06\\\/logo_a_nova_peneira_portal_web.png\",\"contentUrl\":\"http:\\\/\\\/www.anovapeneira.gal\\\/wp-content\\\/uploads\\\/2019\\\/06\\\/logo_a_nova_peneira_portal_web.png\",\"width\":300,\"height\":100,\"caption\":\"A Nova Peneira\"},\"image\":{\"@id\":\"https:\\\/\\\/www.anovapeneira.gal\\\/#\\\/schema\\\/logo\\\/image\\\/\"},\"sameAs\":[\"https:\\\/\\\/www.facebook.com\\\/anovapeneira\",\"https:\\\/\\\/x.com\\\/APeneira\"]},{\"@type\":\"Person\",\"@id\":\"https:\\\/\\\/www.anovapeneira.gal\\\/#\\\/schema\\\/person\\\/c04a9c9f722c9446e71ae434c0353337\",\"name\":\"Pedro M. Cortegoso Gago\",\"image\":{\"@type\":\"ImageObject\",\"inLanguage\":\"gl-ES\",\"@id\":\"https:\\\/\\\/secure.gravatar.com\\\/avatar\\\/1613b27278a972c04db5c2f04fb2cbfa9edb58d6c3e2547817ecb8240eb58381?s=96&d=mm&r=g\",\"url\":\"https:\\\/\\\/secure.gravatar.com\\\/avatar\\\/1613b27278a972c04db5c2f04fb2cbfa9edb58d6c3e2547817ecb8240eb58381?s=96&d=mm&r=g\",\"contentUrl\":\"https:\\\/\\\/secure.gravatar.com\\\/avatar\\\/1613b27278a972c04db5c2f04fb2cbfa9edb58d6c3e2547817ecb8240eb58381?s=96&d=mm&r=g\",\"caption\":\"Pedro M. Cortegoso Gago\"},\"sameAs\":[\"http:\\\/\\\/anovapeneira.gal\"],\"url\":\"https:\\\/\\\/www.anovapeneira.gal\\\/index.php\\\/author\\\/opinionpcortegoso\\\/\"}]}<\/script>\n<!-- \/ Yoast SEO plugin. -->","yoast_head_json":{"title":"Cine de Barrio e descartes de Luar -","robots":{"index":"index","follow":"follow","max-snippet":"max-snippet:-1","max-image-preview":"max-image-preview:large","max-video-preview":"max-video-preview:-1"},"canonical":"https:\/\/www.anovapeneira.gal\/index.php\/2025\/08\/04\/cine-de-barrio-e-descartes-de-luar\/","og_locale":"gl_ES","og_type":"article","og_title":"Cine de Barrio e descartes de Luar -","og_description":"Xa estamos afeitos a ver a nosa alcaldesa, e ao seu s\u00e9quito, vestida con mantilla e acompa\u00f1ada de uniformados nas diversas procesi\u00f3ns que ao longo do ano se fan en Mar\u00edn. Gosta desa est\u00e9tica e deses valores propios dunha Espa\u00f1a rancia e reaccionaria. E como non pod\u00eda ser doutro xeito, as Festas do Carme desta ano foron unha volta ao pasado, mistura vintage de m\u00fasica anticuada e desfiles militares; unha combinaci\u00f3n entre Cine de Barrio e Luar, bailes de longo e uniformes ao son de Camela. [...]","og_url":"https:\/\/www.anovapeneira.gal\/index.php\/2025\/08\/04\/cine-de-barrio-e-descartes-de-luar\/","article_publisher":"https:\/\/www.facebook.com\/anovapeneira","article_published_time":"2025-08-04T10:00:28+00:00","og_image":[{"width":720,"height":473,"url":"https:\/\/www.anovapeneira.gal\/wp-content\/uploads\/2019\/07\/ARTIGO_DE_OPINION_A_NOVA_PENEIRA.jpg","type":"image\/jpeg"}],"author":"Pedro M. Cortegoso Gago","twitter_card":"summary_large_image","twitter_creator":"@APeneira","twitter_site":"@APeneira","twitter_misc":{"Escrito por":"Pedro M. Cortegoso Gago","Tempo de lectura":"4 minutos"},"schema":{"@context":"https:\/\/schema.org","@graph":[{"@type":"Article","@id":"https:\/\/www.anovapeneira.gal\/index.php\/2025\/08\/04\/cine-de-barrio-e-descartes-de-luar\/#article","isPartOf":{"@id":"https:\/\/www.anovapeneira.gal\/index.php\/2025\/08\/04\/cine-de-barrio-e-descartes-de-luar\/"},"author":{"name":"Pedro M. Cortegoso Gago","@id":"https:\/\/www.anovapeneira.gal\/#\/schema\/person\/c04a9c9f722c9446e71ae434c0353337"},"headline":"Cine de Barrio e descartes de Luar","datePublished":"2025-08-04T10:00:28+00:00","mainEntityOfPage":{"@id":"https:\/\/www.anovapeneira.gal\/index.php\/2025\/08\/04\/cine-de-barrio-e-descartes-de-luar\/"},"wordCount":566,"commentCount":0,"publisher":{"@id":"https:\/\/www.anovapeneira.gal\/#organization"},"image":{"@id":"https:\/\/www.anovapeneira.gal\/index.php\/2025\/08\/04\/cine-de-barrio-e-descartes-de-luar\/#primaryimage"},"thumbnailUrl":"https:\/\/www.anovapeneira.gal\/wp-content\/uploads\/2019\/07\/ARTIGO_DE_OPINION_A_NOVA_PENEIRA.jpg","articleSection":["Artigos de opini\u00f3n"],"inLanguage":"gl-ES","potentialAction":[{"@type":"CommentAction","name":"Comment","target":["https:\/\/www.anovapeneira.gal\/index.php\/2025\/08\/04\/cine-de-barrio-e-descartes-de-luar\/#respond"]}]},{"@type":"WebPage","@id":"https:\/\/www.anovapeneira.gal\/index.php\/2025\/08\/04\/cine-de-barrio-e-descartes-de-luar\/","url":"https:\/\/www.anovapeneira.gal\/index.php\/2025\/08\/04\/cine-de-barrio-e-descartes-de-luar\/","name":"Cine de Barrio e descartes de Luar -","isPartOf":{"@id":"https:\/\/www.anovapeneira.gal\/#website"},"primaryImageOfPage":{"@id":"https:\/\/www.anovapeneira.gal\/index.php\/2025\/08\/04\/cine-de-barrio-e-descartes-de-luar\/#primaryimage"},"image":{"@id":"https:\/\/www.anovapeneira.gal\/index.php\/2025\/08\/04\/cine-de-barrio-e-descartes-de-luar\/#primaryimage"},"thumbnailUrl":"https:\/\/www.anovapeneira.gal\/wp-content\/uploads\/2019\/07\/ARTIGO_DE_OPINION_A_NOVA_PENEIRA.jpg","datePublished":"2025-08-04T10:00:28+00:00","breadcrumb":{"@id":"https:\/\/www.anovapeneira.gal\/index.php\/2025\/08\/04\/cine-de-barrio-e-descartes-de-luar\/#breadcrumb"},"inLanguage":"gl-ES","potentialAction":[{"@type":"ReadAction","target":["https:\/\/www.anovapeneira.gal\/index.php\/2025\/08\/04\/cine-de-barrio-e-descartes-de-luar\/"]}]},{"@type":"ImageObject","inLanguage":"gl-ES","@id":"https:\/\/www.anovapeneira.gal\/index.php\/2025\/08\/04\/cine-de-barrio-e-descartes-de-luar\/#primaryimage","url":"https:\/\/www.anovapeneira.gal\/wp-content\/uploads\/2019\/07\/ARTIGO_DE_OPINION_A_NOVA_PENEIRA.jpg","contentUrl":"https:\/\/www.anovapeneira.gal\/wp-content\/uploads\/2019\/07\/ARTIGO_DE_OPINION_A_NOVA_PENEIRA.jpg","width":720,"height":473,"caption":"Artigo de opini\u00f3n A Nova Peneira"},{"@type":"BreadcrumbList","@id":"https:\/\/www.anovapeneira.gal\/index.php\/2025\/08\/04\/cine-de-barrio-e-descartes-de-luar\/#breadcrumb","itemListElement":[{"@type":"ListItem","position":1,"name":"Portada","item":"https:\/\/www.anovapeneira.gal\/"},{"@type":"ListItem","position":2,"name":"Cine de Barrio e descartes de Luar"}]},{"@type":"WebSite","@id":"https:\/\/www.anovapeneira.gal\/#website","url":"https:\/\/www.anovapeneira.gal\/","name":"","description":"Xornal galego de informaci\u00f3n xeral Publicaci\u00f3n mensual de novas de Galicia e en especial dos Concellos da sur da provincia de Pontevedra.","publisher":{"@id":"https:\/\/www.anovapeneira.gal\/#organization"},"potentialAction":[{"@type":"SearchAction","target":{"@type":"EntryPoint","urlTemplate":"https:\/\/www.anovapeneira.gal\/?s={search_term_string}"},"query-input":{"@type":"PropertyValueSpecification","valueRequired":true,"valueName":"search_term_string"}}],"inLanguage":"gl-ES"},{"@type":"Organization","@id":"https:\/\/www.anovapeneira.gal\/#organization","name":"A Nova Peneira","url":"https:\/\/www.anovapeneira.gal\/","logo":{"@type":"ImageObject","inLanguage":"gl-ES","@id":"https:\/\/www.anovapeneira.gal\/#\/schema\/logo\/image\/","url":"http:\/\/www.anovapeneira.gal\/wp-content\/uploads\/2019\/06\/logo_a_nova_peneira_portal_web.png","contentUrl":"http:\/\/www.anovapeneira.gal\/wp-content\/uploads\/2019\/06\/logo_a_nova_peneira_portal_web.png","width":300,"height":100,"caption":"A Nova Peneira"},"image":{"@id":"https:\/\/www.anovapeneira.gal\/#\/schema\/logo\/image\/"},"sameAs":["https:\/\/www.facebook.com\/anovapeneira","https:\/\/x.com\/APeneira"]},{"@type":"Person","@id":"https:\/\/www.anovapeneira.gal\/#\/schema\/person\/c04a9c9f722c9446e71ae434c0353337","name":"Pedro M. Cortegoso Gago","image":{"@type":"ImageObject","inLanguage":"gl-ES","@id":"https:\/\/secure.gravatar.com\/avatar\/1613b27278a972c04db5c2f04fb2cbfa9edb58d6c3e2547817ecb8240eb58381?s=96&d=mm&r=g","url":"https:\/\/secure.gravatar.com\/avatar\/1613b27278a972c04db5c2f04fb2cbfa9edb58d6c3e2547817ecb8240eb58381?s=96&d=mm&r=g","contentUrl":"https:\/\/secure.gravatar.com\/avatar\/1613b27278a972c04db5c2f04fb2cbfa9edb58d6c3e2547817ecb8240eb58381?s=96&d=mm&r=g","caption":"Pedro M. Cortegoso Gago"},"sameAs":["http:\/\/anovapeneira.gal"],"url":"https:\/\/www.anovapeneira.gal\/index.php\/author\/opinionpcortegoso\/"}]}},"jetpack_featured_media_url":"https:\/\/www.anovapeneira.gal\/wp-content\/uploads\/2019\/07\/ARTIGO_DE_OPINION_A_NOVA_PENEIRA.jpg","_links":{"self":[{"href":"https:\/\/www.anovapeneira.gal\/index.php\/wp-json\/wp\/v2\/posts\/14297","targetHints":{"allow":["GET"]}}],"collection":[{"href":"https:\/\/www.anovapeneira.gal\/index.php\/wp-json\/wp\/v2\/posts"}],"about":[{"href":"https:\/\/www.anovapeneira.gal\/index.php\/wp-json\/wp\/v2\/types\/post"}],"author":[{"embeddable":true,"href":"https:\/\/www.anovapeneira.gal\/index.php\/wp-json\/wp\/v2\/users\/4"}],"replies":[{"embeddable":true,"href":"https:\/\/www.anovapeneira.gal\/index.php\/wp-json\/wp\/v2\/comments?post=14297"}],"version-history":[{"count":1,"href":"https:\/\/www.anovapeneira.gal\/index.php\/wp-json\/wp\/v2\/posts\/14297\/revisions"}],"predecessor-version":[{"id":14298,"href":"https:\/\/www.anovapeneira.gal\/index.php\/wp-json\/wp\/v2\/posts\/14297\/revisions\/14298"}],"wp:featuredmedia":[{"embeddable":true,"href":"https:\/\/www.anovapeneira.gal\/index.php\/wp-json\/wp\/v2\/media\/584"}],"wp:attachment":[{"href":"https:\/\/www.anovapeneira.gal\/index.php\/wp-json\/wp\/v2\/media?parent=14297"}],"wp:term":[{"taxonomy":"category","embeddable":true,"href":"https:\/\/www.anovapeneira.gal\/index.php\/wp-json\/wp\/v2\/categories?post=14297"},{"taxonomy":"post_tag","embeddable":true,"href":"https:\/\/www.anovapeneira.gal\/index.php\/wp-json\/wp\/v2\/tags?post=14297"}],"curies":[{"name":"wp","href":"https:\/\/api.w.org\/{rel}","templated":true}]}}