{"id":14299,"date":"2025-08-03T18:10:01","date_gmt":"2025-08-03T16:10:01","guid":{"rendered":"https:\/\/www.anovapeneira.gal\/?p=14299"},"modified":"2025-09-04T17:49:37","modified_gmt":"2025-09-04T15:49:37","slug":"de-gaza-ao-mundo-axuda-directa-a-36-familias","status":"publish","type":"post","link":"https:\/\/www.anovapeneira.gal\/index.php\/2025\/08\/03\/de-gaza-ao-mundo-axuda-directa-a-36-familias\/","title":{"rendered":"De Gaza ao mundo, axuda directa a 37 familias"},"content":{"rendered":"\n<h3 class=\"wp-block-heading\">Somos un grupo de voluntarias, co\u00f1ec\u00e9monos na canle de Telegram da Marcha Global a Gaza. Impotentes fronte ao asedio salvaxe ao que est\u00e1n a someter a Gaza decidimos crear un grupo de Telegram.<\/h3>\n\n\n\n<p><a href=\"https:\/\/bit.ly\/deGazaalMundo_grupotelegram\">https:\/\/bit.ly\/deGazaalMundo_grupotelegram<\/a><\/p>\n\n\n\n<p><a href=\"https:\/\/www.instagram.com\/degazaalmundo\">https:\/\/www.instagram.com\/degazaalmundo<\/a><\/p>\n\n\n\n<p>Neste momento na canle somos m\u00e1is de 300 persoas inclu\u00eddas as familias de Gaza. Necesitamos difundir para conseguir m\u00e1is doantes. As cr\u00f3nicas que narran as familias cada d\u00eda son realmente desoladoras. Na canle p\u00f3dese conversar coas familias, necesitan apoio moral, s\u00e9ntense abandonados. O m\u00e1is necesario son as doaz\u00f3ns, <strong>neste momento Gaza debe ser a cidade m\u00e1is cara do mundo<\/strong>. Na canle aparece ben explicado as necesidades de cada familia e as ligaz\u00f3ns \u00e1s s\u00faas p\u00e1xinas de doaz\u00f3n.<\/p>\n\n\n\n<p>Unha vez solicites unirche \u00e1 canle, po\u00f1eranse en contacto, non \u00e9 aberto ata que esteas autorizado\/a, co fin de controlar as intenci\u00f3ns das persoas que queren entrar \u00e1 canle e protexer as familias Gaza.<\/p>\n\n\n\n<p>Se co\u00f1eces persoas que non queren estar na canle, pero si doar puntualmente, a continuaci\u00f3n tedes informaci\u00f3n das 36 familias con ligaz\u00f3ns \u00e1s p\u00e1xinas de doaz\u00f3ns. Se se vai doar regularmente, \u00e9 mellor estar no grupo e ver as necesidades diarias de cada familia.<\/p>\n\n\n\n<h3 class=\"wp-block-heading has-vivid-cyan-blue-color has-text-color has-link-color wp-elements-b7768bedd0f49d9cd5ae297e8e1a2a78\">Podedes deixar comentarios neste artigo para resolver calquera d\u00fabida, informaci\u00f3n de como realizar as doaz\u00f3ns\u2026.<\/h3>\n\n\n\n<hr class=\"wp-block-separator has-text-color has-vivid-cyan-blue-color has-alpha-channel-opacity has-vivid-cyan-blue-background-color has-background\"\/>\n\n\n\n<h2 class=\"wp-block-heading\">DIANA OKAL<\/h2>\n\n\n\n<hr class=\"wp-block-separator has-text-color has-vivid-cyan-blue-color has-alpha-channel-opacity has-vivid-cyan-blue-background-color has-background\"\/>\n\n\n\n<div class=\"wp-block-columns is-layout-flex wp-container-core-columns-is-layout-9d6595d7 wp-block-columns-is-layout-flex\">\n<div class=\"wp-block-column is-layout-flow wp-block-column-is-layout-flow\">\n<figure class=\"wp-block-image size-large\"><img loading=\"lazy\" decoding=\"async\" width=\"1024\" height=\"1024\" src=\"https:\/\/www.anovapeneira.gal\/wp-content\/uploads\/2025\/08\/DIANA-OKAL-1024x1024.png\" alt=\"\" class=\"wp-image-14514\" srcset=\"https:\/\/www.anovapeneira.gal\/wp-content\/uploads\/2025\/08\/DIANA-OKAL-1024x1024.png 1024w, https:\/\/www.anovapeneira.gal\/wp-content\/uploads\/2025\/08\/DIANA-OKAL-300x300.png 300w, https:\/\/www.anovapeneira.gal\/wp-content\/uploads\/2025\/08\/DIANA-OKAL-150x150.png 150w, https:\/\/www.anovapeneira.gal\/wp-content\/uploads\/2025\/08\/DIANA-OKAL-768x768.png 768w, https:\/\/www.anovapeneira.gal\/wp-content\/uploads\/2025\/08\/DIANA-OKAL.png 1176w\" sizes=\"auto, (max-width: 1024px) 100vw, 1024px\" \/><\/figure>\n<\/div>\n\n\n\n<div class=\"wp-block-column is-layout-flow wp-block-column-is-layout-flow\">\n<p class=\"has-vivid-cyan-blue-color has-text-color has-link-color wp-elements-48e5adeec3bcc01f7a7093e1754142a9\"><strong>N\u00ba de personas: 11<\/strong><\/p>\n\n\n\n<p class=\"has-black-color has-text-color has-link-color wp-elements-d02889612b472259c0f322c095842b0e\"><strong>Instagram:<\/strong><\/p>\n\n\n\n<p class=\"has-vivid-cyan-blue-color has-text-color has-link-color wp-elements-1a0c87c85b1971332fb85bf1e238c7ae\"><a href=\"https:\/\/www.instagram.com\/diana_okal98\">https:\/\/www.instagram.com\/diana_okal98<\/a><\/p>\n\n\n\n<p class=\"has-black-color has-text-color has-link-color wp-elements-a7bd573b38390f4971ebdfec7b8fe7c7\"><strong>Chuffed:<\/strong> <em>Thanks for tipping Chuffed.org<\/em> po\u00f1er cantidade \u201c0\u201d (para non facer donativo \u00e1 plataforma)<\/p>\n\n\n\n<p><a href=\"https:\/\/chuffed.org\/project\/diana\">https:\/\/chuffed.org\/project\/diana<\/a><\/p>\n\n\n\n<p class=\"has-black-color has-text-color has-link-color wp-elements-bfc48396da44d453b2bbcea4e9c928aa\"><br><\/p>\n<\/div>\n<\/div>\n\n\n\n<p>Actualizaci\u00f3n 22 de agosto:<br>Incorp\u00f3rase \u00e1s nosas queridas familias. Diana est\u00e1 casada con Ahmed e te\u00f1en 2 nenos,<br>Mohamed de 4 anos e Ayla de 6 meses. Viven nunha habitaci\u00f3n da casa dun amigo.<br>A s\u00faa familia necesita di\u00f1eiro para comida, auga e medicinas. Xa que o av\u00f3 ten diabetes e un dos seus<br>pequenos ten asma.<br>Ayla \u00e9 unha beb\u00e9 polo que usa cueiros as\u00ed que ademais de necesitar di\u00f1eiro para comida e auga, neces\u00edtano tam\u00e9n para todo o necesario para a hixiene dun beb\u00e9.<\/p>\n\n\n\n<hr class=\"wp-block-separator has-text-color has-vivid-cyan-blue-color has-alpha-channel-opacity has-vivid-cyan-blue-background-color has-background\"\/>\n\n\n\n<h2 class=\"wp-block-heading\">MOHAMMED ESLAM<\/h2>\n\n\n\n<hr class=\"wp-block-separator has-text-color has-vivid-cyan-blue-color has-alpha-channel-opacity has-vivid-cyan-blue-background-color has-background\"\/>\n\n\n\n<div class=\"wp-block-columns is-layout-flex wp-container-core-columns-is-layout-9d6595d7 wp-block-columns-is-layout-flex\">\n<div class=\"wp-block-column is-layout-flow wp-block-column-is-layout-flow\">\n<figure class=\"wp-block-image size-full\"><img loading=\"lazy\" decoding=\"async\" width=\"542\" height=\"542\" src=\"https:\/\/www.anovapeneira.gal\/wp-content\/uploads\/2025\/08\/MOHAMMED-ESLAM.jpg\" alt=\"\" class=\"wp-image-14517\" srcset=\"https:\/\/www.anovapeneira.gal\/wp-content\/uploads\/2025\/08\/MOHAMMED-ESLAM.jpg 542w, https:\/\/www.anovapeneira.gal\/wp-content\/uploads\/2025\/08\/MOHAMMED-ESLAM-300x300.jpg 300w, https:\/\/www.anovapeneira.gal\/wp-content\/uploads\/2025\/08\/MOHAMMED-ESLAM-150x150.jpg 150w\" sizes=\"auto, (max-width: 542px) 100vw, 542px\" \/><\/figure>\n<\/div>\n\n\n\n<div class=\"wp-block-column is-layout-flow wp-block-column-is-layout-flow\">\n<p><strong>Telegram: eslam.gaza96<\/strong><\/p>\n\n\n\n<p class=\"has-vivid-cyan-blue-color has-text-color has-link-color wp-elements-93534c0b87740cdc1a3379083e107f0d\"><strong>N\u00ba de personas: 9<\/strong><\/p>\n\n\n\n<p><strong>Gofundme:<\/strong> Pinchar \u201center custom tip\u201d po\u00f1er cantidade \u201c0\u201d (para non facer donativo \u00e1 plataforma)<\/p>\n\n\n\n<p><a href=\"https:\/\/gofund.me\/fb9b4367\">https:\/\/gofund.me\/fb9b4367<\/a><\/p>\n\n\n\n<p><strong>Paypal:<\/strong><\/p>\n\n\n\n<p><a href=\"https:\/\/www.paypal.com\/paypalme\/enaskhaleq\">https:\/\/www.paypal.com\/paypalme\/enaskhaleq<\/a><\/p>\n<\/div>\n<\/div>\n\n\n\n<p>Actualizaci\u00f3n 22 de agosto:<br>Incorp\u00f3rase \u00e1s nosas queridas familias. O fillo maior sofre de malnutrici\u00f3n Mohamed \u00e9 un pai de familia, est\u00e1 casado con Islam e te\u00f1en 3 nenos, Mahmoud de 8, Kenan de 5 e Imad de 2 anos.<br>Imad a\u00ednda usa cueiros polo que necesitan di\u00f1eiro para comida e auga; tam\u00e9n para o necesario para a hixiene dun beb\u00e9.<\/p>\n\n\n\n<hr class=\"wp-block-separator has-text-color has-vivid-cyan-blue-color has-alpha-channel-opacity has-vivid-cyan-blue-background-color has-background\"\/>\n\n\n\n<h2 class=\"wp-block-heading\">FARAH ALREKAWEY<\/h2>\n\n\n\n<hr class=\"wp-block-separator has-text-color has-vivid-cyan-blue-color has-alpha-channel-opacity has-vivid-cyan-blue-background-color has-background\"\/>\n\n\n\n<h3 class=\"wp-block-heading has-vivid-red-color has-text-color has-link-color wp-elements-46c29fad91aa1173f615b4cf73c17812\">Precisan evacuar: Zona vermella da cidade de Gaza<\/h3>\n\n\n\n<div class=\"wp-block-columns is-layout-flex wp-container-core-columns-is-layout-9d6595d7 wp-block-columns-is-layout-flex\">\n<div class=\"wp-block-column is-layout-flow wp-block-column-is-layout-flow\">\n<figure class=\"wp-block-image size-full\"><img loading=\"lazy\" decoding=\"async\" width=\"845\" height=\"845\" src=\"https:\/\/www.anovapeneira.gal\/wp-content\/uploads\/2025\/08\/FARAH-ALREKAWEY.png\" alt=\"\" class=\"wp-image-14520\" srcset=\"https:\/\/www.anovapeneira.gal\/wp-content\/uploads\/2025\/08\/FARAH-ALREKAWEY.png 845w, https:\/\/www.anovapeneira.gal\/wp-content\/uploads\/2025\/08\/FARAH-ALREKAWEY-300x300.png 300w, https:\/\/www.anovapeneira.gal\/wp-content\/uploads\/2025\/08\/FARAH-ALREKAWEY-150x150.png 150w, https:\/\/www.anovapeneira.gal\/wp-content\/uploads\/2025\/08\/FARAH-ALREKAWEY-768x768.png 768w\" sizes=\"auto, (max-width: 845px) 100vw, 845px\" \/><\/figure>\n<\/div>\n\n\n\n<div class=\"wp-block-column is-layout-flow wp-block-column-is-layout-flow\">\n<p><strong>Telegram: Farah alrekawey<\/strong><\/p>\n\n\n\n<p class=\"has-vivid-cyan-blue-color has-text-color has-link-color wp-elements-2f53fee76732c266268baa600428ce12\"><strong>N\u00ba de personas: 6<\/strong><\/p>\n\n\n\n<p><strong>Instagram:<\/strong><\/p>\n\n\n\n<p><a href=\"https:\/\/www.instagram.com\/fara.halr\">https:\/\/www.instagram.com\/fara.halr<\/a><\/p>\n\n\n\n<p><strong>Chuffed:<\/strong> <em>Thanks for tipping Chuffed.org<\/em> po\u00f1er cantidade \u201c0\u201d (para non facer donativo \u00e1 plataforma)<\/p>\n\n\n\n<p><a href=\"https:\/\/chuffed.org\/project\/savefarah\">https:\/\/chuffed.org\/project\/savefarah<\/a><\/p>\n<\/div>\n<\/div>\n\n\n\n<p>Actualizaci\u00f3n 22 de agosto:<br>Incorp\u00f3rase \u00e1s nosas queridas familias. Viven en zona vermella e necesitan evacuar.<br>Farah \u00e9 diab\u00e9tica e necesita 260\u20ac ao mes para comprar plumas de insulina e tiras reactivas de glicosa. O seu pai sofre de depresi\u00f3n e a s\u00faa nai, hipertensi\u00f3n.<\/p>\n\n\n\n<hr class=\"wp-block-separator has-text-color has-vivid-cyan-blue-color has-alpha-channel-opacity has-vivid-cyan-blue-background-color has-background\"\/>\n\n\n\n<h2 class=\"wp-block-heading\">FATHI HUSSAM AL-NAHHAL (fillo de Tahami)<\/h2>\n\n\n\n<hr class=\"wp-block-separator has-text-color has-vivid-cyan-blue-color has-alpha-channel-opacity has-vivid-cyan-blue-background-color has-background\"\/>\n\n\n\n<div class=\"wp-block-columns is-layout-flex wp-container-core-columns-is-layout-9d6595d7 wp-block-columns-is-layout-flex\">\n<div class=\"wp-block-column is-layout-flow wp-block-column-is-layout-flow\">\n<figure class=\"wp-block-image size-full\"><img loading=\"lazy\" decoding=\"async\" width=\"640\" height=\"640\" src=\"https:\/\/www.anovapeneira.gal\/wp-content\/uploads\/2025\/08\/1-fathi-hosam.jpg\" alt=\"\" class=\"wp-image-14302\" srcset=\"https:\/\/www.anovapeneira.gal\/wp-content\/uploads\/2025\/08\/1-fathi-hosam.jpg 640w, https:\/\/www.anovapeneira.gal\/wp-content\/uploads\/2025\/08\/1-fathi-hosam-300x300.jpg 300w, https:\/\/www.anovapeneira.gal\/wp-content\/uploads\/2025\/08\/1-fathi-hosam-150x150.jpg 150w\" sizes=\"auto, (max-width: 640px) 100vw, 640px\" \/><\/figure>\n<\/div>\n\n\n\n<div class=\"wp-block-column is-layout-flow wp-block-column-is-layout-flow\">\n<p><strong>Telegram: +970567026300<\/strong><\/p>\n\n\n\n<p class=\"has-vivid-cyan-blue-color has-text-color has-link-color wp-elements-925fdee8cf17237e7bd8d5bf4f3fd0e0\"><strong>N\u00ba de persoas: 8<\/strong><\/p>\n\n\n\n<p><strong>Instagram:<\/strong><\/p>\n\n\n\n<p><a href=\"https:\/\/www.instagram.com\/fathi._.hosam2\">https:\/\/www.instagram.com\/fathi._.hosam2<\/a><\/p>\n\n\n\n<p><strong>Gofundme (a nome da s\u00faa nai):<\/strong> <br>Pinchar \u201center custom tip\u201d po\u00f1er cantidade \u201c0\u201d (para non facer donativo \u00e1 plataforma)<\/p>\n\n\n\n<p><a href=\"https:\/\/www.gofundme.com\/f\/ThanysFamilyHelp\">https:\/\/www.gofundme.com\/f\/ThanysFamilyHelp<\/a><\/p>\n<\/div>\n<\/div>\n\n\n\n<p>Fathi ten 20 anos.<\/p>\n\n\n\n<p>Antes viv\u00edan en Rafha pero agora el e a s\u00faa familia viven nunha tenda de campa\u00f1a desprazados por orde do ex\u00e9rcito .<\/p>\n\n\n\n<p>Vive coa s\u00faa nai Tahani, o seu pai Hussam, un irm\u00e1n, d\u00faas irm\u00e1s, o marido e a filla. Ning\u00fan deles pode traballar na situaci\u00f3n actual.<\/p>\n\n\n\n<p>O seu pai padece de hipertensi\u00f3n e necesita medicaci\u00f3n que custa aproximadamente 100 d\u00f3lares ao mes. \u00c1 s\u00faa nai fix\u00e9ronlle unha colonoscopia para extirpar a s\u00edndrome do intestino irritable, e est\u00e1 en tratamento.<\/p>\n\n\n\n<p>A s\u00faa tenda est\u00e1 moi vella e desgastada polo sol pero non te\u00f1en outra nin poden comprala polo seu elevado prezo, 800 d\u00f3lares.<\/p>\n\n\n\n<hr class=\"wp-block-separator has-text-color has-vivid-cyan-blue-color has-alpha-channel-opacity has-vivid-cyan-blue-background-color has-background\"\/>\n\n\n\n<h2 class=\"wp-block-heading\">MOHAMAD MOTLAG<\/h2>\n\n\n\n<hr class=\"wp-block-separator has-text-color has-vivid-cyan-blue-color has-alpha-channel-opacity has-vivid-cyan-blue-background-color has-background\"\/>\n\n\n\n<div class=\"wp-block-columns is-layout-flex wp-container-core-columns-is-layout-9d6595d7 wp-block-columns-is-layout-flex\">\n<div class=\"wp-block-column is-layout-flow wp-block-column-is-layout-flow\">\n<figure class=\"wp-block-image size-large\"><img loading=\"lazy\" decoding=\"async\" width=\"1024\" height=\"1024\" src=\"https:\/\/www.anovapeneira.gal\/wp-content\/uploads\/2025\/08\/2-MOHAMAD_MOTLAG_i-1024x1024.png\" alt=\"\" class=\"wp-image-14305\" srcset=\"https:\/\/www.anovapeneira.gal\/wp-content\/uploads\/2025\/08\/2-MOHAMAD_MOTLAG_i-1024x1024.png 1024w, https:\/\/www.anovapeneira.gal\/wp-content\/uploads\/2025\/08\/2-MOHAMAD_MOTLAG_i-300x300.png 300w, https:\/\/www.anovapeneira.gal\/wp-content\/uploads\/2025\/08\/2-MOHAMAD_MOTLAG_i-150x150.png 150w, https:\/\/www.anovapeneira.gal\/wp-content\/uploads\/2025\/08\/2-MOHAMAD_MOTLAG_i-768x768.png 768w, https:\/\/www.anovapeneira.gal\/wp-content\/uploads\/2025\/08\/2-MOHAMAD_MOTLAG_i.png 1080w\" sizes=\"auto, (max-width: 1024px) 100vw, 1024px\" \/><\/figure>\n<\/div>\n\n\n\n<div class=\"wp-block-column is-layout-flow wp-block-column-is-layout-flow\">\n<p><strong>Telegram: Mohammed Abu Mottleq<\/strong><\/p>\n\n\n\n<p class=\"has-vivid-cyan-blue-color has-text-color has-link-color wp-elements-6a12226d53d291dbecef252813eda30e\"><strong>N\u00ba de persoas: 9<\/strong><\/p>\n\n\n\n<p><strong>Instagram:<\/strong><\/p>\n\n\n\n<p><a href=\"https:\/\/www.instagram.com\/muhammad_abu_mutlaq_\">https:\/\/www.instagram.com\/muhammad_abu_mutlaq_<\/a><\/p>\n\n\n\n<p><strong>Paypal: (non pode aparecer a palabra Gaza)<\/strong><\/p>\n\n\n\n<p><a href=\"https:\/\/www.paypal.com\/paypalme\/Mohammedabumottleq\">https:\/\/www.paypal.com\/paypalme\/Mohammedabumottleq<\/a><\/p>\n<\/div>\n<\/div>\n\n\n\n<p>El foi ferido e evacuado a un hospital, pero toda a s\u00faa familia contin\u00faa en Gaza.<\/p>\n\n\n\n<p>Destru\u00edron a s\u00faa casa e todo o seu barrio, a s\u00faa familia e a do seu t\u00edo quedaron sen nada.<\/p>\n\n\n\n<p>Na foto est\u00e1 a s\u00faa irm\u00e1 co seu sobri\u00f1o, os seus pais non te\u00f1en tel\u00e9fono (900\u20ac), gustar\u00edalles comprar un para poder velos e falar con eles. Est\u00e1 a pedir apoio para eles.<\/p>\n\n\n\n<hr class=\"wp-block-separator has-text-color has-vivid-cyan-blue-color has-alpha-channel-opacity has-vivid-cyan-blue-background-color has-background\"\/>\n\n\n\n<h2 class=\"wp-block-heading\">BELAL YOUNIS<\/h2>\n\n\n\n<hr class=\"wp-block-separator has-text-color has-vivid-cyan-blue-color has-alpha-channel-opacity has-vivid-cyan-blue-background-color has-background\"\/>\n\n\n\n<div class=\"wp-block-columns is-layout-flex wp-container-core-columns-is-layout-9d6595d7 wp-block-columns-is-layout-flex\">\n<div class=\"wp-block-column is-layout-flow wp-block-column-is-layout-flow\">\n<figure class=\"wp-block-image size-large\"><img loading=\"lazy\" decoding=\"async\" width=\"1024\" height=\"1024\" src=\"https:\/\/www.anovapeneira.gal\/wp-content\/uploads\/2025\/08\/3-BELAL_YOUNIS_i-1024x1024.png\" alt=\"\" class=\"wp-image-14310\" srcset=\"https:\/\/www.anovapeneira.gal\/wp-content\/uploads\/2025\/08\/3-BELAL_YOUNIS_i-1024x1024.png 1024w, https:\/\/www.anovapeneira.gal\/wp-content\/uploads\/2025\/08\/3-BELAL_YOUNIS_i-300x300.png 300w, https:\/\/www.anovapeneira.gal\/wp-content\/uploads\/2025\/08\/3-BELAL_YOUNIS_i-150x150.png 150w, https:\/\/www.anovapeneira.gal\/wp-content\/uploads\/2025\/08\/3-BELAL_YOUNIS_i-768x768.png 768w, https:\/\/www.anovapeneira.gal\/wp-content\/uploads\/2025\/08\/3-BELAL_YOUNIS_i.png 1080w\" sizes=\"auto, (max-width: 1024px) 100vw, 1024px\" \/><\/figure>\n<\/div>\n\n\n\n<div class=\"wp-block-column is-layout-flow wp-block-column-is-layout-flow\">\n<p><strong>Telegram: @beli_99<\/strong><\/p>\n\n\n\n<p class=\"has-vivid-cyan-blue-color has-text-color has-link-color wp-elements-e930c36d795c3925db42b2294d71310a\"><strong>N\u00ba persoas: 17<\/strong><\/p>\n\n\n\n<p><strong>Instagram:<\/strong> <a href=\"https:\/\/www.instagram.com\/belal_younis99\">https:\/\/www.instagram.com\/belal_younis99<\/a><\/p>\n\n\n\n<p><strong>Gofundme:<\/strong> <br>Pinchar \u201center custom tip\u201d po\u00f1er cantidade \u201c0\u201d (para non facer donativo \u00e1 plataforma)<\/p>\n\n\n\n<p><a href=\"https:\/\/www.gofundme.com\/f\/help-the-younis-family\">https:\/\/www.gofundme.com\/f\/help-the-younis-family<\/a><\/p>\n\n\n\n<p><strong>Paypal:<\/strong> <strong>(non pode aparecer a palabra Gaza)<\/strong><\/p>\n\n\n\n<p><a href=\"https:\/\/www.paypal.com\/paypalme\/BELALYOUNIS\">https:\/\/www.paypal.com\/paypalme\/BELALYOUNIS<\/a><\/p>\n<\/div>\n<\/div>\n\n\n\n<p>Belal ten 25 anos. Sa\u00edu de Gaza 1 mes antes de que todo comezase deixando atr\u00e1s aos seus pais, irm\u00e1ns e sobri\u00f1os. Un total de 17 persoas sen contar t\u00edos, t\u00edas e curm\u00e1ns.<\/p>\n\n\n\n<p>Desde onde est\u00e1 env\u00eda todo o di\u00f1eiro que pode para que sostelos, pero non chega e por iso pide a axuda que poidades brindarlle.<\/p>\n\n\n\n<p>Est\u00e1 a pasalo verdadeiramente mal, xa perdeu a m\u00e1is de 20 familiares\u2026<\/p>\n\n\n\n<hr class=\"wp-block-separator has-text-color has-vivid-cyan-blue-color has-alpha-channel-opacity has-vivid-cyan-blue-background-color has-background\"\/>\n\n\n\n<h2 class=\"wp-block-heading\">HATEM RAIADA<\/h2>\n\n\n\n<hr class=\"wp-block-separator has-text-color has-vivid-cyan-blue-color has-alpha-channel-opacity has-vivid-cyan-blue-background-color has-background\"\/>\n\n\n\n<div class=\"wp-block-columns is-layout-flex wp-container-core-columns-is-layout-9d6595d7 wp-block-columns-is-layout-flex\">\n<div class=\"wp-block-column is-layout-flow wp-block-column-is-layout-flow\">\n<figure class=\"wp-block-image size-large\"><img loading=\"lazy\" decoding=\"async\" width=\"1024\" height=\"1024\" src=\"https:\/\/www.anovapeneira.gal\/wp-content\/uploads\/2025\/08\/4-HATEM_RAIADA_i-1024x1024.png\" alt=\"\" class=\"wp-image-14312\" srcset=\"https:\/\/www.anovapeneira.gal\/wp-content\/uploads\/2025\/08\/4-HATEM_RAIADA_i-1024x1024.png 1024w, https:\/\/www.anovapeneira.gal\/wp-content\/uploads\/2025\/08\/4-HATEM_RAIADA_i-300x300.png 300w, https:\/\/www.anovapeneira.gal\/wp-content\/uploads\/2025\/08\/4-HATEM_RAIADA_i-150x150.png 150w, https:\/\/www.anovapeneira.gal\/wp-content\/uploads\/2025\/08\/4-HATEM_RAIADA_i-768x768.png 768w, https:\/\/www.anovapeneira.gal\/wp-content\/uploads\/2025\/08\/4-HATEM_RAIADA_i.png 1080w\" sizes=\"auto, (max-width: 1024px) 100vw, 1024px\" \/><\/figure>\n<\/div>\n\n\n\n<div class=\"wp-block-column is-layout-flow wp-block-column-is-layout-flow\">\n<p><strong>Telegram: \u062d\u0627\u062a\u0645 \u0627\u0628\u0648\u0631\u064a\u062f\u0629<\/strong><\/p>\n\n\n\n<p class=\"has-vivid-cyan-blue-color has-text-color has-link-color wp-elements-fa5b2671644b1332f60f40b2d843f01e\"><strong>N\u00ba persoas: +6<\/strong><\/p>\n\n\n\n<p><strong>Instagram:<\/strong><\/p>\n\n\n\n<p><a href=\"https:\/\/www.instagram.com\/hatem.raiada1234\">https:\/\/www.instagram.com\/hatem.raiada1234<\/a><\/p>\n\n\n\n<p><strong>Gofundme:<\/strong> <br>Pinchar \u201center custom tip\u201d po\u00f1er cantidade \u201c0\u201d (para non facer donativo \u00e1 plataforma)<\/p>\n\n\n\n<p><a href=\"http:\/\/www.gofundme.com\/f\/help-hatem-and-his-family-survive-in-gaza\">http:\/\/www.gofundme.com\/f\/help-hatem-and-his-family-survive-in-gaza<\/a><\/p>\n<\/div>\n<\/div>\n\n\n\n<p>Pai novo con 2 nenos, a s\u00faa esposa, os seus pais e irm\u00e1ns.<\/p>\n\n\n\n<p>A casa de Hatem en Khan Yunis foi destru\u00edda, xunto con todas as pertenzas da s\u00faa familia. Esa casa pertencera \u00e1 familia de Hatem desde que o seu pai a constru\u00edu antes de que nacese, e era todo o que ti\u00f1an.<\/p>\n\n\n\n<p>Foron desprazados desde Kan Yunis a Rafah desde o inicio dos bombardeos. Viv\u00edan al\u00ed nunha tenda de campa\u00f1a pero os desprazaron de novo.<\/p>\n\n\n\n<p>Comen unha vez ao d\u00eda.<\/p>\n\n\n\n<hr class=\"wp-block-separator has-text-color has-vivid-cyan-blue-color has-alpha-channel-opacity has-vivid-cyan-blue-background-color has-background\"\/>\n\n\n\n<h2 class=\"wp-block-heading\">IBRAHIM FOUAD<\/h2>\n\n\n\n<hr class=\"wp-block-separator has-text-color has-vivid-cyan-blue-color has-alpha-channel-opacity has-vivid-cyan-blue-background-color has-background\"\/>\n\n\n\n<div class=\"wp-block-columns is-layout-flex wp-container-core-columns-is-layout-9d6595d7 wp-block-columns-is-layout-flex\">\n<div class=\"wp-block-column is-layout-flow wp-block-column-is-layout-flow\">\n<figure class=\"wp-block-image size-large\"><img loading=\"lazy\" decoding=\"async\" width=\"1024\" height=\"1024\" src=\"https:\/\/www.anovapeneira.gal\/wp-content\/uploads\/2025\/08\/5-ibrahim_fouad_i-1024x1024.png\" alt=\"\" class=\"wp-image-14315\" srcset=\"https:\/\/www.anovapeneira.gal\/wp-content\/uploads\/2025\/08\/5-ibrahim_fouad_i-1024x1024.png 1024w, https:\/\/www.anovapeneira.gal\/wp-content\/uploads\/2025\/08\/5-ibrahim_fouad_i-300x300.png 300w, https:\/\/www.anovapeneira.gal\/wp-content\/uploads\/2025\/08\/5-ibrahim_fouad_i-150x150.png 150w, https:\/\/www.anovapeneira.gal\/wp-content\/uploads\/2025\/08\/5-ibrahim_fouad_i-768x768.png 768w, https:\/\/www.anovapeneira.gal\/wp-content\/uploads\/2025\/08\/5-ibrahim_fouad_i.png 1080w\" sizes=\"auto, (max-width: 1024px) 100vw, 1024px\" \/><\/figure>\n<\/div>\n\n\n\n<div class=\"wp-block-column is-layout-flow wp-block-column-is-layout-flow\">\n<p class=\"has-vivid-cyan-blue-color has-text-color has-link-color wp-elements-b90014358ab6704a0ff3a7dacc65132c\"><strong>N\u00ba persoas: 4<\/strong><\/p>\n\n\n\n<p><strong>Instagram:<\/strong><\/p>\n\n\n\n<p><a href=\"https:\/\/www.instagram.com\/Ibrahimgaza97\">https:\/\/www.instagram.com\/Ibrahimgaza97<\/a><\/p>\n\n\n\n<p><strong>Chuffed:<\/strong><\/p>\n\n\n\n<p><a href=\"https:\/\/chuffed.org\/project\/133850-flour-has-become-a-dream-and-the-table-is-empty-please-help-my-family\">https:\/\/chuffed.org\/project\/133850-flour-has-become-a-dream-and-the-table-is-empty-please-help-my-family<\/a><\/p>\n<\/div>\n<\/div>\n\n\n\n<p>Pai de 2 nenos.<\/p>\n\n\n\n<p>Viven nunha tenda de campa\u00f1a.<\/p>\n\n\n\n<p>Estivo nos centros de distribuci\u00f3n, foi testemu\u00f1a de tres asasinatos pero unha delas fronte a el. Est\u00e1 en shock e non volveu al\u00ed.<\/p>\n\n\n\n<p>As veces que foi aos centros de repartici\u00f3n non conseguiu nada a pesar de estar 12 horas esperando.<\/p>\n\n\n\n<hr class=\"wp-block-separator has-text-color has-vivid-cyan-blue-color has-alpha-channel-opacity has-vivid-cyan-blue-background-color has-background\"\/>\n\n\n\n<h2 class=\"wp-block-heading\">YOUSSEF AL-MADHOUN<\/h2>\n\n\n\n<hr class=\"wp-block-separator has-text-color has-vivid-cyan-blue-color has-alpha-channel-opacity has-vivid-cyan-blue-background-color has-background\"\/>\n\n\n\n<div class=\"wp-block-columns is-layout-flex wp-container-core-columns-is-layout-9d6595d7 wp-block-columns-is-layout-flex\">\n<div class=\"wp-block-column is-layout-flow wp-block-column-is-layout-flow\">\n<figure class=\"wp-block-image size-large\"><img loading=\"lazy\" decoding=\"async\" width=\"1024\" height=\"1024\" src=\"https:\/\/www.anovapeneira.gal\/wp-content\/uploads\/2025\/08\/6-YOUSSEF-AL_MADHOUN_i-1024x1024.png\" alt=\"\" class=\"wp-image-14318\" srcset=\"https:\/\/www.anovapeneira.gal\/wp-content\/uploads\/2025\/08\/6-YOUSSEF-AL_MADHOUN_i-1024x1024.png 1024w, https:\/\/www.anovapeneira.gal\/wp-content\/uploads\/2025\/08\/6-YOUSSEF-AL_MADHOUN_i-300x300.png 300w, https:\/\/www.anovapeneira.gal\/wp-content\/uploads\/2025\/08\/6-YOUSSEF-AL_MADHOUN_i-150x150.png 150w, https:\/\/www.anovapeneira.gal\/wp-content\/uploads\/2025\/08\/6-YOUSSEF-AL_MADHOUN_i-768x768.png 768w, https:\/\/www.anovapeneira.gal\/wp-content\/uploads\/2025\/08\/6-YOUSSEF-AL_MADHOUN_i.png 1080w\" sizes=\"auto, (max-width: 1024px) 100vw, 1024px\" \/><\/figure>\n<\/div>\n\n\n\n<div class=\"wp-block-column is-layout-flow wp-block-column-is-layout-flow\">\n<p><strong>Telegram: Yousef Mad<\/strong><\/p>\n\n\n\n<p class=\"has-vivid-cyan-blue-color has-text-color has-link-color wp-elements-b90014358ab6704a0ff3a7dacc65132c\"><strong>N\u00ba persoas: 4<\/strong><\/p>\n\n\n\n<p><strong>Instagram:<\/strong><\/p>\n\n\n\n<p><a href=\"https:\/\/www.instagram.com\/yousef_almadhoun\">https:\/\/www.instagram.com\/yousef_almadhoun<\/a><\/p>\n\n\n\n<p><strong>Gofundme:<\/strong> <br>Pinchar \u201center custom tip\u201d po\u00f1er cantidade \u201c0\u201d (para non facer donativo \u00e1 plataforma)<\/p>\n\n\n\n<p><a href=\"https:\/\/www.gofundme.com\/f\/hope-for-gaza-providing-healthcare\">https:\/\/www.gofundme.com\/f\/hope-for-gaza-providing-healthcare<\/a><\/p>\n<\/div>\n<\/div>\n\n\n\n<p>Pai de 2 nenos.<\/p>\n\n\n\n<p>Est\u00e1 casado con Maran que tivo ao seu segundo fillo na tenda de campa\u00f1a onde viven.<\/p>\n\n\n\n<p>Un avi\u00f3n destru\u00edu a s\u00faa casa e foron desprazados varias veces.<\/p>\n\n\n\n<p>Non te\u00f1en cerca ning\u00fan centro m\u00e9dico ou hospital. Depende da axuda para sobrevivir.<\/p>\n\n\n\n<hr class=\"wp-block-separator has-text-color has-vivid-cyan-blue-color has-alpha-channel-opacity has-vivid-cyan-blue-background-color has-background\"\/>\n\n\n\n<h2 class=\"wp-block-heading\">ADHAM AL-MADHOUN<\/h2>\n\n\n\n<hr class=\"wp-block-separator has-text-color has-vivid-cyan-blue-color has-alpha-channel-opacity has-vivid-cyan-blue-background-color has-background\"\/>\n\n\n\n<div class=\"wp-block-columns is-layout-flex wp-container-core-columns-is-layout-9d6595d7 wp-block-columns-is-layout-flex\">\n<div class=\"wp-block-column is-layout-flow wp-block-column-is-layout-flow\">\n<figure class=\"wp-block-image size-large\"><img loading=\"lazy\" decoding=\"async\" width=\"1024\" height=\"1024\" src=\"https:\/\/www.anovapeneira.gal\/wp-content\/uploads\/2025\/08\/7-DHAM-AL_MADHOUN_i-1024x1024.png\" alt=\"\" class=\"wp-image-14320\" srcset=\"https:\/\/www.anovapeneira.gal\/wp-content\/uploads\/2025\/08\/7-DHAM-AL_MADHOUN_i-1024x1024.png 1024w, https:\/\/www.anovapeneira.gal\/wp-content\/uploads\/2025\/08\/7-DHAM-AL_MADHOUN_i-300x300.png 300w, https:\/\/www.anovapeneira.gal\/wp-content\/uploads\/2025\/08\/7-DHAM-AL_MADHOUN_i-150x150.png 150w, https:\/\/www.anovapeneira.gal\/wp-content\/uploads\/2025\/08\/7-DHAM-AL_MADHOUN_i-768x768.png 768w, https:\/\/www.anovapeneira.gal\/wp-content\/uploads\/2025\/08\/7-DHAM-AL_MADHOUN_i.png 1080w\" sizes=\"auto, (max-width: 1024px) 100vw, 1024px\" \/><\/figure>\n<\/div>\n\n\n\n<div class=\"wp-block-column is-layout-flow wp-block-column-is-layout-flow\">\n<p>Telegram: Adham Almdhoun<\/p>\n\n\n\n<p>N\u00b0 persoas: 7<\/p>\n\n\n\n<p><strong>Instagram:<\/strong> <a href=\"https:\/\/www.instagram.com\/artist_adhamalmadhoun\">https:\/\/www.instagram.com\/artist_adhamalmadhoun<\/a><\/p>\n\n\n\n<p><strong>Healpalestine:<\/strong><\/p>\n\n\n\n<p><a href=\"https:\/\/healpalestine.app.neoncrm.com\/HelpMohammedWalk\">https:\/\/healpalestine.app.neoncrm.com\/HelpMohammedWalk<\/a><\/p>\n\n\n\n<p><strong>Gofundme:<br>Pinchar \u201center custom tip\u201d po\u00f1er cantidade \u201c0\u201d (para non facer donativo \u00e1 plataforma)<\/strong><\/p>\n\n\n\n<p><strong> <\/strong><a href=\"https:\/\/gofund.me\/40186796\">https:\/\/gofund.me\/40186796<\/a><\/p>\n<\/div>\n<\/div>\n\n\n\n<p>Pai de 5 nenos.<\/p>\n\n\n\n<p>A s\u00faa casa foi destru\u00edda, viven nun campo de refuxiados.<\/p>\n\n\n\n<p>Un deles ten un p\u00e9 mal e necesita tratamento cir\u00farxico. A parte do Godfundme ten outra ligaz\u00f3n para doaz\u00f3n destinado \u00e1 operaci\u00f3n do seu fillo: HEALPALESTINE<\/p>\n\n\n\n<hr class=\"wp-block-separator has-text-color has-vivid-cyan-blue-color has-alpha-channel-opacity has-vivid-cyan-blue-background-color has-background\"\/>\n\n\n\n<h2 class=\"wp-block-heading\">MOHAMMED BANNA<\/h2>\n\n\n\n<hr class=\"wp-block-separator has-text-color has-vivid-cyan-blue-color has-alpha-channel-opacity has-vivid-cyan-blue-background-color has-background\"\/>\n\n\n\n<div class=\"wp-block-columns is-layout-flex wp-container-core-columns-is-layout-9d6595d7 wp-block-columns-is-layout-flex\">\n<div class=\"wp-block-column is-layout-flow wp-block-column-is-layout-flow\">\n<figure class=\"wp-block-image size-large\"><img loading=\"lazy\" decoding=\"async\" width=\"1024\" height=\"1024\" src=\"https:\/\/www.anovapeneira.gal\/wp-content\/uploads\/2025\/08\/8-mohammed_i-1024x1024.png\" alt=\"\" class=\"wp-image-14322\" srcset=\"https:\/\/www.anovapeneira.gal\/wp-content\/uploads\/2025\/08\/8-mohammed_i-1024x1024.png 1024w, https:\/\/www.anovapeneira.gal\/wp-content\/uploads\/2025\/08\/8-mohammed_i-300x300.png 300w, https:\/\/www.anovapeneira.gal\/wp-content\/uploads\/2025\/08\/8-mohammed_i-150x150.png 150w, https:\/\/www.anovapeneira.gal\/wp-content\/uploads\/2025\/08\/8-mohammed_i-768x768.png 768w, https:\/\/www.anovapeneira.gal\/wp-content\/uploads\/2025\/08\/8-mohammed_i.png 1080w\" sizes=\"auto, (max-width: 1024px) 100vw, 1024px\" \/><\/figure>\n<\/div>\n\n\n\n<div class=\"wp-block-column is-layout-flow wp-block-column-is-layout-flow\">\n<p class=\"has-vivid-cyan-blue-color has-text-color has-link-color wp-elements-a14d5f8419a819e74d43ef3563ec6070\"><strong>N\u00ba persoas: 10<\/strong><\/p>\n\n\n\n<p><strong>Instagram:<\/strong><\/p>\n\n\n\n<p><a href=\"https:\/\/instagram.com\/mhommed_bann\">https:\/\/instagram.com\/mhommed_bann<\/a><\/p>\n\n\n\n<p><strong>Gofundme:<\/strong> <br>Pinchar \u201center custom tip\u201d po\u00f1er cantidade \u201c0\u201d (para non facer donativo \u00e1 plataforma)<\/p>\n\n\n\n<p><a href=\"https:\/\/gofund.me\/0d69f275\">https:\/\/gofund.me\/0d69f275<\/a><\/p>\n<\/div>\n<\/div>\n\n\n\n<p>\u00c9 un raparigo novo que vive cos seus 7 irm\u00e1ns e os seus pais.<\/p>\n\n\n\n<p>Fix\u00e9ronos sa\u00edr da s\u00faa casa e viven nunha tenda de campa\u00f1a preto de unha praia agora. Fix\u00e9ronlles desprazarse varias veces.<\/p>\n\n\n\n<p>Desde o 14 de xu\u00f1o do corte da internet non puideron falar con eles, saben que est\u00e1n vivos por un veci\u00f1o.<\/p>\n\n\n\n<p>Ac\u00e1banlle de confirmar que necesita unha cirurx\u00eda e antibi\u00f3ticos.<\/p>\n\n\n\n<hr class=\"wp-block-separator has-text-color has-vivid-cyan-blue-color has-alpha-channel-opacity has-vivid-cyan-blue-background-color has-background\"\/>\n\n\n\n<h2 class=\"wp-block-heading\">MOHAMMED SAED<\/h2>\n\n\n\n<hr class=\"wp-block-separator has-text-color has-vivid-cyan-blue-color has-alpha-channel-opacity has-vivid-cyan-blue-background-color has-background\"\/>\n\n\n\n<div class=\"wp-block-columns is-layout-flex wp-container-core-columns-is-layout-9d6595d7 wp-block-columns-is-layout-flex\">\n<div class=\"wp-block-column is-layout-flow wp-block-column-is-layout-flow\">\n<figure class=\"wp-block-image size-large\"><img loading=\"lazy\" decoding=\"async\" width=\"1024\" height=\"1024\" src=\"https:\/\/www.anovapeneira.gal\/wp-content\/uploads\/2025\/08\/9-MOHAMMED-SAED-i-1024x1024.png\" alt=\"\" class=\"wp-image-14324\" srcset=\"https:\/\/www.anovapeneira.gal\/wp-content\/uploads\/2025\/08\/9-MOHAMMED-SAED-i-1024x1024.png 1024w, https:\/\/www.anovapeneira.gal\/wp-content\/uploads\/2025\/08\/9-MOHAMMED-SAED-i-300x300.png 300w, https:\/\/www.anovapeneira.gal\/wp-content\/uploads\/2025\/08\/9-MOHAMMED-SAED-i-150x150.png 150w, https:\/\/www.anovapeneira.gal\/wp-content\/uploads\/2025\/08\/9-MOHAMMED-SAED-i-768x768.png 768w, https:\/\/www.anovapeneira.gal\/wp-content\/uploads\/2025\/08\/9-MOHAMMED-SAED-i.png 1080w\" sizes=\"auto, (max-width: 1024px) 100vw, 1024px\" \/><\/figure>\n<\/div>\n\n\n\n<div class=\"wp-block-column is-layout-flow wp-block-column-is-layout-flow\">\n<p><strong>Telegram: +970 599 492450<\/strong><\/p>\n\n\n\n<p class=\"has-vivid-cyan-blue-color has-text-color has-link-color wp-elements-35aecd6bdb4f2475dd36a06304fe5020\"><strong>N\u00ba de persoas: 7<\/strong><\/p>\n\n\n\n<p><strong>Instagram:<\/strong><\/p>\n\n\n\n<p><a href=\"https:\/\/www.instagram.com\/m_u_h_a_m_a_d_.1\">https:\/\/www.instagram.com\/m_u_h_a_m_a_d_.1<\/a><\/p>\n\n\n\n<p><strong>Paypal:<\/strong> <strong>(non pode aparecer a palabra Gaza)<\/strong><\/p>\n\n\n\n<p><a href=\"https:\/\/www.paypal.com\/paypalme\/MohammedSaed123\">https:\/\/www.paypal.com\/paypalme\/MohammedSaed123<\/a><\/p>\n<\/div>\n<\/div>\n\n\n\n<p>\u00c9 un mozo que ten 3 irm\u00e1s e un irm\u00e1n, cos seus pais son 7 na familia.<\/p>\n\n\n\n<p>Viven hai 2 anos en tendas de campa\u00f1a, de campo de refuxiados en campo de refuxiados.<\/p>\n\n\n\n<hr class=\"wp-block-separator has-text-color has-vivid-cyan-blue-color has-alpha-channel-opacity has-vivid-cyan-blue-background-color has-background\"\/>\n\n\n\n<h2 class=\"wp-block-heading\">MOHAMED SAFI<\/h2>\n\n\n\n<hr class=\"wp-block-separator has-text-color has-vivid-cyan-blue-color has-alpha-channel-opacity has-vivid-cyan-blue-background-color has-background\"\/>\n\n\n\n<h3 class=\"wp-block-heading has-vivid-red-color has-text-color has-link-color wp-elements-46c29fad91aa1173f615b4cf73c17812\">Precisan evacuar: Zona vermella da cidade de Gaza<\/h3>\n\n\n\n<div class=\"wp-block-columns is-layout-flex wp-container-core-columns-is-layout-9d6595d7 wp-block-columns-is-layout-flex\">\n<div class=\"wp-block-column is-layout-flow wp-block-column-is-layout-flow\">\n<figure class=\"wp-block-image size-large\"><img loading=\"lazy\" decoding=\"async\" width=\"1024\" height=\"1024\" src=\"https:\/\/www.anovapeneira.gal\/wp-content\/uploads\/2025\/08\/10-MOHAMED-SAFI_i-1024x1024.png\" alt=\"\" class=\"wp-image-14326\" srcset=\"https:\/\/www.anovapeneira.gal\/wp-content\/uploads\/2025\/08\/10-MOHAMED-SAFI_i-1024x1024.png 1024w, https:\/\/www.anovapeneira.gal\/wp-content\/uploads\/2025\/08\/10-MOHAMED-SAFI_i-300x300.png 300w, https:\/\/www.anovapeneira.gal\/wp-content\/uploads\/2025\/08\/10-MOHAMED-SAFI_i-150x150.png 150w, https:\/\/www.anovapeneira.gal\/wp-content\/uploads\/2025\/08\/10-MOHAMED-SAFI_i-768x768.png 768w, https:\/\/www.anovapeneira.gal\/wp-content\/uploads\/2025\/08\/10-MOHAMED-SAFI_i.png 1080w\" sizes=\"auto, (max-width: 1024px) 100vw, 1024px\" \/><\/figure>\n<\/div>\n\n\n\n<div class=\"wp-block-column is-layout-flow wp-block-column-is-layout-flow\">\n<p><strong>Telegram: Mohammed Safi<\/strong><\/p>\n\n\n\n<p>N\u00b0 persoas: 6<\/p>\n\n\n\n<p>Instagram:<\/p>\n\n\n\n<p><a href=\"https:\/\/www.instagram.com\/safi_family_campaign\">https:\/\/www.instagram.com\/safi_family_campaign<\/a><\/p>\n\n\n\n<p>Gofundme: <br>Pinchar \u201center custom tip\u201d po\u00f1er cantidade \u201c0\u201d (para non facer donativo \u00e1 plataforma)<\/p>\n\n\n\n<p><a href=\"https:\/\/gofund.me\/478da9ae\">https:\/\/gofund.me\/478da9ae<\/a><\/p>\n<\/div>\n<\/div>\n\n\n\n<p>Vive no norte de Gaza coa s\u00faa familia, son 6 persoas.<\/p>\n\n\n\n<p>A s\u00faa casa foi bombardeada na segunda semana da guerra e foron desprazados 2 veces. Agora viven en casa da s\u00faa t\u00eda que lles d\u00e1 acubillo ata que chegue a tregua, despois ter\u00e1n que buscar un sitio onde vivir.<\/p>\n\n\n\n<p>\u00c9 o responsable da familia xa que todos perderon o seu traballo.<\/p>\n\n\n\n<hr class=\"wp-block-separator has-text-color has-vivid-cyan-blue-color has-alpha-channel-opacity has-vivid-cyan-blue-background-color has-background\"\/>\n\n\n\n<h2 class=\"wp-block-heading\">KHALED AL-ZAQ<\/h2>\n\n\n\n<hr class=\"wp-block-separator has-text-color has-vivid-cyan-blue-color has-alpha-channel-opacity has-vivid-cyan-blue-background-color has-background\"\/>\n\n\n\n<div class=\"wp-block-columns is-layout-flex wp-container-core-columns-is-layout-9d6595d7 wp-block-columns-is-layout-flex\">\n<div class=\"wp-block-column is-layout-flow wp-block-column-is-layout-flow\">\n<figure class=\"wp-block-image size-large\"><img loading=\"lazy\" decoding=\"async\" width=\"1024\" height=\"1024\" src=\"https:\/\/www.anovapeneira.gal\/wp-content\/uploads\/2025\/08\/11KHALED-AL_ZAQ_i-1024x1024.png\" alt=\"\" class=\"wp-image-14328\" srcset=\"https:\/\/www.anovapeneira.gal\/wp-content\/uploads\/2025\/08\/11KHALED-AL_ZAQ_i-1024x1024.png 1024w, https:\/\/www.anovapeneira.gal\/wp-content\/uploads\/2025\/08\/11KHALED-AL_ZAQ_i-300x300.png 300w, https:\/\/www.anovapeneira.gal\/wp-content\/uploads\/2025\/08\/11KHALED-AL_ZAQ_i-150x150.png 150w, https:\/\/www.anovapeneira.gal\/wp-content\/uploads\/2025\/08\/11KHALED-AL_ZAQ_i-768x768.png 768w, https:\/\/www.anovapeneira.gal\/wp-content\/uploads\/2025\/08\/11KHALED-AL_ZAQ_i.png 1080w\" sizes=\"auto, (max-width: 1024px) 100vw, 1024px\" \/><\/figure>\n<\/div>\n\n\n\n<div class=\"wp-block-column is-layout-flow wp-block-column-is-layout-flow\">\n<p><strong>Telegram: Gaza.29<\/strong><\/p>\n\n\n\n<p class=\"has-vivid-cyan-blue-color has-text-color has-link-color wp-elements-49717409c005b06a985545f8c3162bac\"><strong>N\u00b0 persoas: 11<\/strong><\/p>\n\n\n\n<p><strong>Instagram:<\/strong><\/p>\n\n\n\n<p><a href=\"https:\/\/www.instagram.com\/khaled.ga29\">https:\/\/www.instagram.com\/khaled.ga29<\/a><\/p>\n\n\n\n<p><strong>Paypal: (non pode aparecer a palabra Gaza)<\/strong><\/p>\n\n\n\n<p><a href=\"https:\/\/www.paypal.me\/MahmoudAlzaq212\">https:\/\/www.paypal.me\/MahmoudAlzaq212<\/a><\/p>\n\n\n\n<p>(PayPal \u00e9 dun amigo, necesita justificante para que lle dea as s\u00faas doaz\u00f3ns)<\/p>\n<\/div>\n<\/div>\n\n\n\n<p>Khaled ten apenas 16 anos axuda \u00e1 s\u00faa familia para conseguir di\u00f1eiro para comida, est\u00e1n a pasar momentos duros de fame.<\/p>\n\n\n\n<p>Vive cerca do hospital de Haifa.<\/p>\n\n\n\n<hr class=\"wp-block-separator has-text-color has-vivid-cyan-blue-color has-alpha-channel-opacity has-vivid-cyan-blue-background-color has-background\"\/>\n\n\n\n<h2 class=\"wp-block-heading\">JEHAD AL FARRA<\/h2>\n\n\n\n<hr class=\"wp-block-separator has-text-color has-vivid-cyan-blue-color has-alpha-channel-opacity has-vivid-cyan-blue-background-color has-background\"\/>\n\n\n\n<div class=\"wp-block-columns is-layout-flex wp-container-core-columns-is-layout-9d6595d7 wp-block-columns-is-layout-flex\">\n<div class=\"wp-block-column is-layout-flow wp-block-column-is-layout-flow\">\n<figure class=\"wp-block-image size-large\"><img loading=\"lazy\" decoding=\"async\" width=\"1024\" height=\"1024\" src=\"https:\/\/www.anovapeneira.gal\/wp-content\/uploads\/2025\/08\/12-JEHAD-AL-FARRA_i-1024x1024.png\" alt=\"\" class=\"wp-image-14329\" srcset=\"https:\/\/www.anovapeneira.gal\/wp-content\/uploads\/2025\/08\/12-JEHAD-AL-FARRA_i-1024x1024.png 1024w, https:\/\/www.anovapeneira.gal\/wp-content\/uploads\/2025\/08\/12-JEHAD-AL-FARRA_i-300x300.png 300w, https:\/\/www.anovapeneira.gal\/wp-content\/uploads\/2025\/08\/12-JEHAD-AL-FARRA_i-150x150.png 150w, https:\/\/www.anovapeneira.gal\/wp-content\/uploads\/2025\/08\/12-JEHAD-AL-FARRA_i-768x768.png 768w, https:\/\/www.anovapeneira.gal\/wp-content\/uploads\/2025\/08\/12-JEHAD-AL-FARRA_i.png 1080w\" sizes=\"auto, (max-width: 1024px) 100vw, 1024px\" \/><\/figure>\n<\/div>\n\n\n\n<div class=\"wp-block-column is-layout-flow wp-block-column-is-layout-flow\">\n<p class=\"has-black-color has-text-color has-link-color wp-elements-81191627d642abff575646a7a88035c0\"><strong>N\u00b0 persoas: 20<\/strong><\/p>\n\n\n\n<p><strong>Instagram:<\/strong><\/p>\n\n\n\n<p><a href=\"https:\/\/www.instagram.com\/jehadalfara\">https:\/\/www.instagram.com\/jehadalfara<\/a><\/p>\n\n\n\n<p><strong>Gofundme:<\/strong> <br>Pinchar \u201center custom tip\u201d po\u00f1er cantidade \u201c0\u201d (para non facer donativo \u00e1 plataforma)<\/p>\n\n\n\n<p><a href=\"https:\/\/gofund.me\/6784dfbe\">https:\/\/gofund.me\/6784dfbe<\/a><\/p>\n\n\n\n<p><strong>PayPal:<\/strong> <strong>(non pode aparecer a palabra Gaza)<\/strong><\/p>\n\n\n\n<p><a href=\"https:\/\/www.paypal.com\/paypalme\/brontege\">https:\/\/www.paypal.com\/paypalme\/brontege<\/a><\/p>\n<\/div>\n<\/div>\n\n\n\n<p>Viven 20 persoas nunhas carpas en Al-Mawasi, os seus pais, 3 irm\u00e1s, 4 irm\u00e1ns e 10 sobri\u00f1os, 2 deles menores de 2 anos. Cando conseguen comida danlles primeiro aos pequenos e aos maiores e se sobra algo comen os irm\u00e1ns.<\/p>\n\n\n\n<p>Jehad pasou por unha hepatite e polo helicobacter pylori debido \u00e1 mala alimentaci\u00f3n e a auga en mal estado, o que lle deixou o est\u00f3mago moi sensible.<\/p>\n\n\n\n<p>A s\u00faa nai necesita medicaci\u00f3n para a descualificaci\u00f3n de \u00f3sos, tam\u00e9n ten problemas en pulm\u00f3ns e pel.<\/p>\n\n\n\n<hr class=\"wp-block-separator has-text-color has-vivid-cyan-blue-color has-alpha-channel-opacity has-vivid-cyan-blue-background-color has-background\"\/>\n\n\n\n<h2 class=\"wp-block-heading\">KAMEL SALAH BANNER<\/h2>\n\n\n\n<hr class=\"wp-block-separator has-text-color has-vivid-cyan-blue-color has-alpha-channel-opacity has-vivid-cyan-blue-background-color has-background\"\/>\n\n\n\n<div class=\"wp-block-columns is-layout-flex wp-container-core-columns-is-layout-9d6595d7 wp-block-columns-is-layout-flex\">\n<div class=\"wp-block-column is-layout-flow wp-block-column-is-layout-flow\">\n<figure class=\"wp-block-image size-large\"><img loading=\"lazy\" decoding=\"async\" width=\"1024\" height=\"1024\" src=\"https:\/\/www.anovapeneira.gal\/wp-content\/uploads\/2025\/08\/13KAMEL-SALAH-BANNER_i-1024x1024.png\" alt=\"\" class=\"wp-image-14331\" srcset=\"https:\/\/www.anovapeneira.gal\/wp-content\/uploads\/2025\/08\/13KAMEL-SALAH-BANNER_i-1024x1024.png 1024w, https:\/\/www.anovapeneira.gal\/wp-content\/uploads\/2025\/08\/13KAMEL-SALAH-BANNER_i-300x300.png 300w, https:\/\/www.anovapeneira.gal\/wp-content\/uploads\/2025\/08\/13KAMEL-SALAH-BANNER_i-150x150.png 150w, https:\/\/www.anovapeneira.gal\/wp-content\/uploads\/2025\/08\/13KAMEL-SALAH-BANNER_i-768x768.png 768w, https:\/\/www.anovapeneira.gal\/wp-content\/uploads\/2025\/08\/13KAMEL-SALAH-BANNER_i.png 1080w\" sizes=\"auto, (max-width: 1024px) 100vw, 1024px\" \/><\/figure>\n<\/div>\n\n\n\n<div class=\"wp-block-column is-layout-flow wp-block-column-is-layout-flow\">\n<p><strong>Telegram: Kemoo Sallah<\/strong><\/p>\n\n\n\n<p class=\"has-vivid-cyan-blue-color has-text-color has-link-color wp-elements-b18b86d1a53f399fc8677047119ff98a\"><strong>N\u00ba personas: 8<\/strong><\/p>\n\n\n\n<p><strong>Instagram:<\/strong><\/p>\n\n\n\n<p><a href=\"https:\/\/www.instagram.com\/palestine553990\">https:\/\/www.instagram.com\/palestine553990<\/a><\/p>\n\n\n\n<p><strong>Gofundme: (est\u00e1 a nombre de su madre Nour Andhulla)<\/strong> <br>Pinchar \u201center custom tip\u201d po\u00f1er cantidade \u201c0\u201d (para non facer donativo \u00e1 plataforma)<\/p>\n\n\n\n<p><a href=\"https:\/\/www.gofundme.com\/f\/help-a-family-of-8-in-gaza-with-daily-necessities\">https:\/\/www.gofundme.com\/f\/help-a-family-of-8-in-gaza-with-daily-necessities<\/a><\/p>\n<\/div>\n<\/div>\n\n\n\n<p>Familia de 8 membros. A nai ch\u00e1mase Nour Abdullah pero ela e o seu marido son maiores e quen ten contacto no grupo \u00e9 o maior dos seus 6 fillos, Kemoo, que ten 23 anos. El \u00e9 quen trata de sacar adiante \u00e1 familia. Estuda fisioterapia na Universidade on-line nestes momentos, e ao ritmo que a situaci\u00f3n permite. Hai poucos d\u00edas (mediados de xullo) perdeu ao seu mellor amigo nun ataque israel\u00ed e est\u00e1 ao pasar mal.<\/p>\n\n\n\n<p>Viv\u00edan en Shujailla pero foron desprazados porque destru\u00edron todo o seu barrio, e agora viven no norte de Gaza, preto do Hospital Al-Shifa en casa dun familiar pola que pagan un alugueiro.<\/p>\n\n\n\n<hr class=\"wp-block-separator has-text-color has-vivid-cyan-blue-color has-alpha-channel-opacity has-vivid-cyan-blue-background-color has-background\"\/>\n\n\n\n<h2 class=\"wp-block-heading\">SAMI AL-HADDAD<\/h2>\n\n\n\n<hr class=\"wp-block-separator has-text-color has-vivid-cyan-blue-color has-alpha-channel-opacity has-vivid-cyan-blue-background-color has-background\"\/>\n\n\n\n<div class=\"wp-block-columns is-layout-flex wp-container-core-columns-is-layout-9d6595d7 wp-block-columns-is-layout-flex\">\n<div class=\"wp-block-column is-layout-flow wp-block-column-is-layout-flow\">\n<figure class=\"wp-block-image size-large\"><img loading=\"lazy\" decoding=\"async\" width=\"1024\" height=\"1024\" src=\"https:\/\/www.anovapeneira.gal\/wp-content\/uploads\/2025\/08\/14SAMI-AL_HADDAD-1024x1024.png\" alt=\"\" class=\"wp-image-14333\" srcset=\"https:\/\/www.anovapeneira.gal\/wp-content\/uploads\/2025\/08\/14SAMI-AL_HADDAD-1024x1024.png 1024w, https:\/\/www.anovapeneira.gal\/wp-content\/uploads\/2025\/08\/14SAMI-AL_HADDAD-300x300.png 300w, https:\/\/www.anovapeneira.gal\/wp-content\/uploads\/2025\/08\/14SAMI-AL_HADDAD-150x150.png 150w, https:\/\/www.anovapeneira.gal\/wp-content\/uploads\/2025\/08\/14SAMI-AL_HADDAD-768x768.png 768w, https:\/\/www.anovapeneira.gal\/wp-content\/uploads\/2025\/08\/14SAMI-AL_HADDAD-1536x1536.png 1536w, https:\/\/www.anovapeneira.gal\/wp-content\/uploads\/2025\/08\/14SAMI-AL_HADDAD.png 1882w\" sizes=\"auto, (max-width: 1024px) 100vw, 1024px\" \/><\/figure>\n<\/div>\n\n\n\n<div class=\"wp-block-column is-layout-flow wp-block-column-is-layout-flow\">\n<p class=\"has-vivid-cyan-blue-color has-text-color has-link-color wp-elements-3e7b17eaedee424a849edbc0c6ab4bdf\"><strong>N\u00ba persoas: 9<\/strong><\/p>\n\n\n\n<p><strong>Instagram:<\/strong><\/p>\n\n\n\n<p><a href=\"https:\/\/www.instagram.com\/samsa_m1205\">https:\/\/www.instagram.com\/samsa_m1205<\/a><\/p>\n\n\n\n<p><strong>Gofundme:<\/strong> <br>Pinchar \u201center custom tip\u201d po\u00f1er cantidade \u201c0\u201d (para non facer donativo \u00e1 plataforma)<\/p>\n\n\n\n<p><a href=\"https:\/\/gofund.me\/915a0b49\">https:\/\/gofund.me\/915a0b49<\/a><\/p>\n<\/div>\n<\/div>\n\n\n\n<p>Xunto coa s\u00faa esposa te\u00f1en 3 nenos pero ela est\u00e1 enferma con esclerose na espi\u00f1a dorsal, necesita medicinas que lles supo\u00f1en un gran custo.<\/p>\n\n\n\n<p>Destru\u00edron o seu fogar e foron desprazados varias veces, ao principio sobreviviron comendo follas de \u00e1rbores.<\/p>\n\n\n\n<p>Queren sa\u00edr de Gaza a Exipto.<\/p>\n\n\n\n<hr class=\"wp-block-separator has-text-color has-vivid-cyan-blue-color has-alpha-channel-opacity has-vivid-cyan-blue-background-color has-background\"\/>\n\n\n\n<h2 class=\"wp-block-heading\">SAMAH HAMOU<\/h2>\n\n\n\n<hr class=\"wp-block-separator has-text-color has-vivid-cyan-blue-color has-alpha-channel-opacity has-vivid-cyan-blue-background-color has-background\"\/>\n\n\n\n<div class=\"wp-block-columns is-layout-flex wp-container-core-columns-is-layout-9d6595d7 wp-block-columns-is-layout-flex\">\n<div class=\"wp-block-column is-layout-flow wp-block-column-is-layout-flow\">\n<figure class=\"wp-block-image size-large\"><img loading=\"lazy\" decoding=\"async\" width=\"1024\" height=\"1024\" src=\"https:\/\/www.anovapeneira.gal\/wp-content\/uploads\/2025\/08\/15-SAMAH-HAMOU--1024x1024.png\" alt=\"\" class=\"wp-image-14335\" srcset=\"https:\/\/www.anovapeneira.gal\/wp-content\/uploads\/2025\/08\/15-SAMAH-HAMOU--1024x1024.png 1024w, https:\/\/www.anovapeneira.gal\/wp-content\/uploads\/2025\/08\/15-SAMAH-HAMOU--300x300.png 300w, https:\/\/www.anovapeneira.gal\/wp-content\/uploads\/2025\/08\/15-SAMAH-HAMOU--150x150.png 150w, https:\/\/www.anovapeneira.gal\/wp-content\/uploads\/2025\/08\/15-SAMAH-HAMOU--768x768.png 768w, https:\/\/www.anovapeneira.gal\/wp-content\/uploads\/2025\/08\/15-SAMAH-HAMOU-.png 1080w\" sizes=\"auto, (max-width: 1024px) 100vw, 1024px\" \/><\/figure>\n<\/div>\n\n\n\n<div class=\"wp-block-column is-layout-flow wp-block-column-is-layout-flow\">\n<p>Telegram: Samah Bashir<\/p>\n\n\n\n<p class=\"has-vivid-cyan-blue-color has-text-color has-link-color wp-elements-77502915afa6c48d27fe33325c51bd68\"><strong>N\u00ba persoas: 23<\/strong><\/p>\n\n\n\n<p><strong>Instagram:<\/strong><\/p>\n\n\n\n<p><a href=\"https:\/\/www.instagram.com\/samah_bashir83\">https:\/\/www.instagram.com\/samah_bashir83<\/a><\/p>\n\n\n\n<p><strong>Gofundme:<\/strong> <br>Pinchar \u201center custom tip\u201d po\u00f1er cantidade \u201c0\u201d (para non facer donativo \u00e1 plataforma)<\/p>\n\n\n\n<p><a href=\"https:\/\/www.gofundme.com\/f\/help-hammos-family-find-safety-and-shelter\">https:\/\/www.gofundme.com\/f\/help-hammos-family-find-safety-and-shelter<\/a><\/p>\n<\/div>\n<\/div>\n\n\n\n<p>\u00c9 esposa, filla e nai. A s\u00faa nai \u00e9 moi maior e est\u00e1 a sufrir.<\/p>\n\n\n\n<p>Bombardearon a s\u00faa casa varias veces ata destru\u00edla completamente, tam\u00e9n o seu lugar de traballo, todo destru\u00eddo.<\/p>\n\n\n\n<p>Viven en tendas de campa\u00f1a.<\/p>\n\n\n\n<p>Foron desprazados varias veces de norte a sur desde o principio en outubro de 2023.<\/p>\n\n\n\n<hr class=\"wp-block-separator has-text-color has-vivid-cyan-blue-color has-alpha-channel-opacity has-vivid-cyan-blue-background-color has-background\"\/>\n\n\n\n<h2 class=\"wp-block-heading\">MOHAMMED MURTAJA REBUILD<\/h2>\n\n\n\n<hr class=\"wp-block-separator has-text-color has-vivid-cyan-blue-color has-alpha-channel-opacity has-vivid-cyan-blue-background-color has-background\"\/>\n\n\n\n<h3 class=\"wp-block-heading has-vivid-red-color has-text-color has-link-color wp-elements-46c29fad91aa1173f615b4cf73c17812\">Precisan evacuar: Zona vermella da cidade de Gaza<\/h3>\n\n\n\n<div class=\"wp-block-columns is-layout-flex wp-container-core-columns-is-layout-9d6595d7 wp-block-columns-is-layout-flex\">\n<div class=\"wp-block-column is-layout-flow wp-block-column-is-layout-flow\">\n<figure class=\"wp-block-image size-large\"><img loading=\"lazy\" decoding=\"async\" width=\"1024\" height=\"1024\" src=\"https:\/\/www.anovapeneira.gal\/wp-content\/uploads\/2025\/08\/16MOHAMMED-MURTAJA-REBUILD-1024x1024.png\" alt=\"\" class=\"wp-image-14336\" srcset=\"https:\/\/www.anovapeneira.gal\/wp-content\/uploads\/2025\/08\/16MOHAMMED-MURTAJA-REBUILD-1024x1024.png 1024w, https:\/\/www.anovapeneira.gal\/wp-content\/uploads\/2025\/08\/16MOHAMMED-MURTAJA-REBUILD-300x300.png 300w, https:\/\/www.anovapeneira.gal\/wp-content\/uploads\/2025\/08\/16MOHAMMED-MURTAJA-REBUILD-150x150.png 150w, https:\/\/www.anovapeneira.gal\/wp-content\/uploads\/2025\/08\/16MOHAMMED-MURTAJA-REBUILD-768x768.png 768w, https:\/\/www.anovapeneira.gal\/wp-content\/uploads\/2025\/08\/16MOHAMMED-MURTAJA-REBUILD.png 1080w\" sizes=\"auto, (max-width: 1024px) 100vw, 1024px\" \/><\/figure>\n<\/div>\n\n\n\n<div class=\"wp-block-column is-layout-flow wp-block-column-is-layout-flow\">\n<p><strong>Telegram: Mohammed Murtaja<\/strong><\/p>\n\n\n\n<p class=\"has-vivid-cyan-blue-color has-text-color has-link-color wp-elements-df7da69bf928c116a30a655e9022e012\"><strong>N\u00b0 persoas: 3<\/strong><\/p>\n\n\n\n<p><strong>Instagram:<\/strong><\/p>\n\n\n\n<p><a href=\"https:\/\/www.instagram.com\/mohammad_mazen1995\">https:\/\/www.instagram.com\/mohammad_mazen1995<\/a><\/p>\n\n\n\n<p><strong>Gofundme:<\/strong> <br>Pinchar \u201center custom tip\u201d po\u00f1er cantidade \u201c0\u201d (para non facer donativo \u00e1 plataforma)<\/p>\n\n\n\n<p><a href=\"https:\/\/gofund.me\/cede6f2d\">https:\/\/gofund.me\/cede6f2d<\/a><\/p>\n<\/div>\n<\/div>\n\n\n\n<p>Est\u00e1 casado con Doaa e te\u00f1en un neno.<\/p>\n\n\n\n<p>Amput\u00e1ronlle unha perna debido a un m\u00edsil e non pode axudar \u00e1 s\u00faa familia para conseguir comida nin auga.<\/p>\n\n\n\n<hr class=\"wp-block-separator has-text-color has-vivid-cyan-blue-color has-alpha-channel-opacity has-vivid-cyan-blue-background-color has-background\"\/>\n\n\n\n<h2 class=\"wp-block-heading\">DARIN SERSAWI<\/h2>\n\n\n\n<hr class=\"wp-block-separator has-text-color has-vivid-cyan-blue-color has-alpha-channel-opacity has-vivid-cyan-blue-background-color has-background\"\/>\n\n\n\n<h3 class=\"wp-block-heading has-vivid-red-color has-text-color has-link-color wp-elements-46c29fad91aa1173f615b4cf73c17812\">Precisan evacuar: Zona vermella da cidade de Gaza<\/h3>\n\n\n\n<div class=\"wp-block-columns is-layout-flex wp-container-core-columns-is-layout-9d6595d7 wp-block-columns-is-layout-flex\">\n<div class=\"wp-block-column is-layout-flow wp-block-column-is-layout-flow\">\n<figure class=\"wp-block-image size-large\"><img loading=\"lazy\" decoding=\"async\" width=\"1024\" height=\"1024\" src=\"https:\/\/www.anovapeneira.gal\/wp-content\/uploads\/2025\/08\/17-DARIN-SERSAWI_i-1024x1024.png\" alt=\"\" class=\"wp-image-14340\" srcset=\"https:\/\/www.anovapeneira.gal\/wp-content\/uploads\/2025\/08\/17-DARIN-SERSAWI_i-1024x1024.png 1024w, https:\/\/www.anovapeneira.gal\/wp-content\/uploads\/2025\/08\/17-DARIN-SERSAWI_i-300x300.png 300w, https:\/\/www.anovapeneira.gal\/wp-content\/uploads\/2025\/08\/17-DARIN-SERSAWI_i-150x150.png 150w, https:\/\/www.anovapeneira.gal\/wp-content\/uploads\/2025\/08\/17-DARIN-SERSAWI_i-768x768.png 768w, https:\/\/www.anovapeneira.gal\/wp-content\/uploads\/2025\/08\/17-DARIN-SERSAWI_i.png 1080w\" sizes=\"auto, (max-width: 1024px) 100vw, 1024px\" \/><\/figure>\n<\/div>\n\n\n\n<div class=\"wp-block-column is-layout-flow wp-block-column-is-layout-flow\">\n<p><strong>Telegram: Darin<\/strong><\/p>\n\n\n\n<p class=\"has-vivid-cyan-blue-color has-text-color has-link-color wp-elements-01f93097355ab7d48ad9c20d0b64b5fd\"><strong>N\u00ba persoas: 6<\/strong><\/p>\n\n\n\n<p><strong>Instagram:<\/strong><\/p>\n\n\n\n<p><a href=\"https:\/\/www.instagram.com\/darin_sersawi\">https:\/\/www.instagram.com\/darin_sersawi<\/a><\/p>\n\n\n\n<p><strong>Chuffed:<\/strong><\/p>\n\n\n\n<p><a href=\"https:\/\/chuffed.org\/project\/122130-help-me-resume-my-studies-abroad\">https:\/\/chuffed.org\/project\/122130-help-me-resume-my-studies-abroad<\/a><\/p>\n<\/div>\n<\/div>\n\n\n\n<p>Ela ten 20 anos, son 6 membros na familia.<\/p>\n\n\n\n<p>Perderon a s\u00faa casa e foron desprazados a p\u00e9 varias veces.<\/p>\n\n\n\n<p>Viven nunha tenda no sur de Gaza, zona semides\u00e9rtica entre insectos e enfermidades.<\/p>\n\n\n\n<p>Perderon a varios parentes.<\/p>\n\n\n\n<p>Ten a esperanza de continuar os seus estudos de farmacia.<\/p>\n\n\n\n<hr class=\"wp-block-separator has-text-color has-vivid-cyan-blue-color has-alpha-channel-opacity has-vivid-cyan-blue-background-color has-background\"\/>\n\n\n\n<h2 class=\"wp-block-heading\">AYMAN SHULEIMAN<\/h2>\n\n\n\n<hr class=\"wp-block-separator has-text-color has-vivid-cyan-blue-color has-alpha-channel-opacity has-vivid-cyan-blue-background-color has-background\"\/>\n\n\n\n<div class=\"wp-block-columns is-layout-flex wp-container-core-columns-is-layout-9d6595d7 wp-block-columns-is-layout-flex\">\n<div class=\"wp-block-column is-layout-flow wp-block-column-is-layout-flow\">\n<figure class=\"wp-block-image size-large\"><img loading=\"lazy\" decoding=\"async\" width=\"1024\" height=\"1024\" src=\"https:\/\/www.anovapeneira.gal\/wp-content\/uploads\/2025\/08\/18-AYMAN-SHULEIMAN-1024x1024.png\" alt=\"\" class=\"wp-image-14342\" srcset=\"https:\/\/www.anovapeneira.gal\/wp-content\/uploads\/2025\/08\/18-AYMAN-SHULEIMAN-1024x1024.png 1024w, https:\/\/www.anovapeneira.gal\/wp-content\/uploads\/2025\/08\/18-AYMAN-SHULEIMAN-300x300.png 300w, https:\/\/www.anovapeneira.gal\/wp-content\/uploads\/2025\/08\/18-AYMAN-SHULEIMAN-150x150.png 150w, https:\/\/www.anovapeneira.gal\/wp-content\/uploads\/2025\/08\/18-AYMAN-SHULEIMAN-768x768.png 768w, https:\/\/www.anovapeneira.gal\/wp-content\/uploads\/2025\/08\/18-AYMAN-SHULEIMAN.png 1080w\" sizes=\"auto, (max-width: 1024px) 100vw, 1024px\" \/><\/figure>\n<\/div>\n\n\n\n<div class=\"wp-block-column is-layout-flow wp-block-column-is-layout-flow\">\n<p><strong>Telegram: Ayman Sleman<\/strong><\/p>\n\n\n\n<p class=\"has-vivid-cyan-blue-color has-text-color has-link-color wp-elements-6d3bc5696f1af5f7de96f670278226ef\"><strong>N\u00ba persoas: 8<\/strong><\/p>\n\n\n\n<p><strong>X: <\/strong><a href=\"https:\/\/twitter.com\/aymanslema6568\">https:\/\/twitter.com\/aymanslema6568<\/a><\/p>\n\n\n\n<p><strong>Chuffed:<\/strong> <a href=\"https:\/\/chuffed.org\/project\/126321-his-house-was-destroyed-and-he-has-8-brothers-to-feed-please-help-him\">https:\/\/chuffed.org\/project\/126321-his-house-was-destroyed-and-he-has-8-brothers-to-feed-please-help-him<\/a><\/p>\n\n\n\n<p><strong>PayPal: necesita xustificante da doaz\u00f3n para que o seu amigo lle dea o di\u00f1eiro (non pode aparecer a palabra Gaza)<\/strong> <br>Pinchar \u201center custom tip\u201d po\u00f1er cantidade \u201c0\u201d (para non facer donativo \u00e1 plataforma)<\/p>\n\n\n\n<p><a href=\"https:\/\/www.paypal.me\/ShahdraSketch\">https:\/\/www.paypal.me\/ShahdraSketch<\/a><\/p>\n<\/div>\n<\/div>\n\n\n\n<p>Ten 22 anos e \u00e9 param\u00e9dico voluntario sen salario.<\/p>\n\n\n\n<p>Destru\u00edron a s\u00faa casa e agora vive nunha tenda de campa\u00f1a xunto ao seu pai con problemas no tracto urinario, coa s\u00faa nai con diabetes, tensi\u00f3n alta e enferma de cancro e tam\u00e9n co seu irm\u00e1n, a s\u00faa muller e os seus 3 fillos.<\/p>\n\n\n\n<p>O tratamento para a s\u00faa nai \u00e9 caro.<\/p>\n\n\n\n<hr class=\"wp-block-separator has-text-color has-vivid-cyan-blue-color has-alpha-channel-opacity has-vivid-cyan-blue-background-color has-background\"\/>\n\n\n\n<h2 class=\"wp-block-heading\">ABOOD BANNER<\/h2>\n\n\n\n<hr class=\"wp-block-separator has-text-color has-vivid-cyan-blue-color has-alpha-channel-opacity has-vivid-cyan-blue-background-color has-background\"\/>\n\n\n\n<h3 class=\"wp-block-heading has-vivid-red-color has-text-color has-link-color wp-elements-46c29fad91aa1173f615b4cf73c17812\">Precisan evacuar: Zona vermella da cidade de Gaza<\/h3>\n\n\n\n<div class=\"wp-block-columns is-layout-flex wp-container-core-columns-is-layout-9d6595d7 wp-block-columns-is-layout-flex\">\n<div class=\"wp-block-column is-layout-flow wp-block-column-is-layout-flow\">\n<figure class=\"wp-block-image size-large\"><img loading=\"lazy\" decoding=\"async\" width=\"1024\" height=\"1024\" src=\"https:\/\/www.anovapeneira.gal\/wp-content\/uploads\/2025\/08\/19ABOOD-BANNER-1024x1024.png\" alt=\"\" class=\"wp-image-14345\" srcset=\"https:\/\/www.anovapeneira.gal\/wp-content\/uploads\/2025\/08\/19ABOOD-BANNER-1024x1024.png 1024w, https:\/\/www.anovapeneira.gal\/wp-content\/uploads\/2025\/08\/19ABOOD-BANNER-300x300.png 300w, https:\/\/www.anovapeneira.gal\/wp-content\/uploads\/2025\/08\/19ABOOD-BANNER-150x150.png 150w, https:\/\/www.anovapeneira.gal\/wp-content\/uploads\/2025\/08\/19ABOOD-BANNER-768x768.png 768w, https:\/\/www.anovapeneira.gal\/wp-content\/uploads\/2025\/08\/19ABOOD-BANNER.png 1080w\" sizes=\"auto, (max-width: 1024px) 100vw, 1024px\" \/><\/figure>\n<\/div>\n\n\n\n<div class=\"wp-block-column is-layout-flow wp-block-column-is-layout-flow\">\n<p class=\"has-vivid-cyan-blue-color has-text-color has-link-color wp-elements-a14d5f8419a819e74d43ef3563ec6070\"><strong>N\u00ba persoas: 10<\/strong><\/p>\n\n\n\n<p><strong>Instagram:<\/strong> <a href=\"https:\/\/www.instagram.com\/abd.palestinian\">https:\/\/www.instagram.com\/abd.palestinian<\/a><\/p>\n\n\n\n<p><strong>Gofundme:<\/strong> <br>Pinchar \u201center custom tip\u201d po\u00f1er cantidade \u201c0\u201d (para non facer donativo \u00e1 plataforma)<\/p>\n\n\n\n<p><a href=\"https:\/\/www.gofundme.com\/f\/support-abood-banners-family-survival\">https:\/\/www.gofundme.com\/f\/support-abood-banners-family-survival<\/a><\/p>\n\n\n\n<p><strong>PayPal:<\/strong> <strong>(non pode aparecer a palabra Gaza)<\/strong><\/p>\n\n\n\n<p><a href=\"https:\/\/www.paypal.com\/paypalme\/abdalrahmanashrafban?fbclid=PAY2xjawJXrN9leHRuA2FlbQIxMQABpqPeBMdgpRvpTXfx56zB2EIR1LjzlpH-78qKnBrtecvYa96iWLKJYMO38A_aem_kgsfF-GeFB7MbBoRZ_VsSg\">https:\/\/www.paypal.com\/paypalme\/abdalrahmanashrafban?fbclid=PAY2xjawJXrN9leHRuA2FlbQIxMQABpqPeBMdgpRvpTXfx56zB2EIR1LjzlpH-78qKnBrtecvYa96iWLKJYMO38A_aem_kgsfF-GeFB7MbBoRZ_VsSg<\/a><\/p>\n<\/div>\n<\/div>\n\n\n\n<p>Ten 20 anos.<\/p>\n\n\n\n<p>Vive no norte de Gaza coa s\u00faa familia de 9 membros. O seu pai foi asasinado pola ocupaci\u00f3n israel\u00ed en 2009. A s\u00faa nai volveu casar.<\/p>\n\n\n\n<p>Apenas ten 40 anos e ten 7 fillos inclu\u00edndo a Abood.<\/p>\n\n\n\n<hr class=\"wp-block-separator has-text-color has-vivid-cyan-blue-color has-alpha-channel-opacity has-vivid-cyan-blue-background-color has-background\"\/>\n\n\n\n<h2 class=\"wp-block-heading\">WESAM ABU GHALI<\/h2>\n\n\n\n<hr class=\"wp-block-separator has-text-color has-vivid-cyan-blue-color has-alpha-channel-opacity has-vivid-cyan-blue-background-color has-background\"\/>\n\n\n\n<div class=\"wp-block-columns is-layout-flex wp-container-core-columns-is-layout-9d6595d7 wp-block-columns-is-layout-flex\">\n<div class=\"wp-block-column is-layout-flow wp-block-column-is-layout-flow\">\n<figure class=\"wp-block-image size-large\"><img loading=\"lazy\" decoding=\"async\" width=\"1024\" height=\"1024\" src=\"https:\/\/www.anovapeneira.gal\/wp-content\/uploads\/2025\/08\/20-WESAM-ABU-GHALI-1024x1024.png\" alt=\"\" class=\"wp-image-14344\" srcset=\"https:\/\/www.anovapeneira.gal\/wp-content\/uploads\/2025\/08\/20-WESAM-ABU-GHALI-1024x1024.png 1024w, https:\/\/www.anovapeneira.gal\/wp-content\/uploads\/2025\/08\/20-WESAM-ABU-GHALI-300x300.png 300w, https:\/\/www.anovapeneira.gal\/wp-content\/uploads\/2025\/08\/20-WESAM-ABU-GHALI-150x150.png 150w, https:\/\/www.anovapeneira.gal\/wp-content\/uploads\/2025\/08\/20-WESAM-ABU-GHALI-768x768.png 768w, https:\/\/www.anovapeneira.gal\/wp-content\/uploads\/2025\/08\/20-WESAM-ABU-GHALI.png 1080w\" sizes=\"auto, (max-width: 1024px) 100vw, 1024px\" \/><\/figure>\n<\/div>\n\n\n\n<div class=\"wp-block-column is-layout-flow wp-block-column-is-layout-flow\">\n<p><strong>Telegram: Wesam Gh<\/strong><\/p>\n\n\n\n<p class=\"has-vivid-cyan-blue-color has-text-color has-link-color wp-elements-01f93097355ab7d48ad9c20d0b64b5fd\"><strong>N\u00ba persoas: 6<\/strong><\/p>\n\n\n\n<p><strong>Instagram:<\/strong> <a href=\"https:\/\/www.instagram.com\/w._g.z.a\">https:\/\/www.instagram.com\/w._g.z.a<\/a><\/p>\n\n\n\n<p><strong>Gofundme:<\/strong> <br>Pinchar \u201center custom tip\u201d po\u00f1er cantidade \u201c0\u201d (para non facer donativo \u00e1 plataforma)<\/p>\n\n\n\n<p><a href=\"https:\/\/www.gofundme.com\/f\/save-5-lives-become-a-hero-to-these-children\">https:\/\/www.gofundme.com\/f\/save-5-lives-become-a-hero-to-these-children<\/a><\/p>\n\n\n\n<p><strong>PayPal:<\/strong> <strong>(non pode aparecer a palabra Gaza)<\/strong><\/p>\n\n\n\n<p><a href=\"https:\/\/paypal.me\/joana4848\">https:\/\/paypal.me\/joana4848<\/a><\/p>\n<\/div>\n<\/div>\n\n\n\n<p>Wesam es un esposo y padre de 4 hijos de Rafah.<\/p>\n\n\n\n<p>Viven en una tienda de campa\u00f1a.<\/p>\n\n\n\n<p>Su familia ha sufrido los efectos de la desnutrici\u00f3n y la deshidrataci\u00f3n.<\/p>\n\n\n\n<p>Su hijo menor, el beb\u00e9 Noah, naci\u00f3 durante el genocidio y se encuentra enfermo, debido al agua contaminada que tienen para beber. Necesitan medicamentos.<\/p>\n\n\n\n<p>La ayuda es para mantenerse con vida y salir de Gaza si pueden.<\/p>\n\n\n\n<hr class=\"wp-block-separator has-text-color has-vivid-cyan-blue-color has-alpha-channel-opacity has-vivid-cyan-blue-background-color has-background\"\/>\n\n\n\n<h2 class=\"wp-block-heading\">ODAY AWAD<\/h2>\n\n\n\n<hr class=\"wp-block-separator has-text-color has-vivid-cyan-blue-color has-alpha-channel-opacity has-vivid-cyan-blue-background-color has-background\"\/>\n\n\n\n<div class=\"wp-block-columns is-layout-flex wp-container-core-columns-is-layout-9d6595d7 wp-block-columns-is-layout-flex\">\n<div class=\"wp-block-column is-layout-flow wp-block-column-is-layout-flow\">\n<figure class=\"wp-block-image size-large\"><img loading=\"lazy\" decoding=\"async\" width=\"1024\" height=\"1024\" src=\"https:\/\/www.anovapeneira.gal\/wp-content\/uploads\/2025\/08\/22-ODAY-AWAD-1024x1024.png\" alt=\"\" class=\"wp-image-14354\" srcset=\"https:\/\/www.anovapeneira.gal\/wp-content\/uploads\/2025\/08\/22-ODAY-AWAD-1024x1024.png 1024w, https:\/\/www.anovapeneira.gal\/wp-content\/uploads\/2025\/08\/22-ODAY-AWAD-300x300.png 300w, https:\/\/www.anovapeneira.gal\/wp-content\/uploads\/2025\/08\/22-ODAY-AWAD-150x150.png 150w, https:\/\/www.anovapeneira.gal\/wp-content\/uploads\/2025\/08\/22-ODAY-AWAD-768x768.png 768w, https:\/\/www.anovapeneira.gal\/wp-content\/uploads\/2025\/08\/22-ODAY-AWAD.png 1080w\" sizes=\"auto, (max-width: 1024px) 100vw, 1024px\" \/><\/figure>\n<\/div>\n\n\n\n<div class=\"wp-block-column is-layout-flow wp-block-column-is-layout-flow\">\n<p class=\"has-vivid-cyan-blue-color has-text-color has-link-color wp-elements-a4b1705ae442e09599f13654e302dcfc\"><strong>N\u00ba persoa: 1<\/strong><\/p>\n\n\n\n<p><strong>Instagram:<\/strong><\/p>\n\n\n\n<p><a href=\"https:\/\/www.instagram.com\/gaza_oday20\">https:\/\/www.instagram.com\/gaza_oday20<\/a><\/p>\n\n\n\n<p><strong>Gofundme:<\/strong> <br>Pinchar \u201center custom tip\u201d po\u00f1er cantidade \u201c0\u201d (para non facer donativo \u00e1 plataforma)<\/p>\n\n\n\n<p><a href=\"http:\/\/www.gofundme.com\/f\/oday-te-necesita\">http:\/\/www.gofundme.com\/f\/oday-te-necesita<\/a><\/p>\n<\/div>\n<\/div>\n\n\n\n<p><br>Oday \u00e9 un mozo de 22 anos que un d\u00eda foi a por pan e cando estaba a volver a casa escoitou como estalaban 3 bombas e que o son vi\u00f1a de onde viv\u00eda, as\u00ed que foi correndo e atopouse que a s\u00faa casa voara con toda a s\u00faa familia dentro, os seus pais e os seus 6 irm\u00e1ns\u2026. entrou en shock, entrou nun coma que durou 15 d\u00edas nos que estivo no hospital, cando espertou confirm\u00e1ronlle o falecemento de toda a s\u00faa familia e que se quedou s\u00f3, non emitiu nin un s\u00f3 son en 10 d\u00edas, cando comezou a falar sa\u00edu do hospital sen saber onde ir nin que facer, non ti\u00f1a nada nin a ningu\u00e9n, despois de 1 mes, o ex\u00e9rcito de ocupaci\u00f3n entrou en Beit Lahia ao Norte de Gaza, a zona onde viv\u00eda e ordenaron a todo o mundo que se desprazasen cara ao Sur, Leva desde ese momento busc\u00e1ndose a vida e vivindo nunha tenda de campa\u00f1a. Necesita di\u00f1eiro para o m\u00e1is urxente, auga e comida e sa\u00edr de Gaza.<\/p>\n\n\n\n<hr class=\"wp-block-separator has-text-color has-vivid-cyan-blue-color has-alpha-channel-opacity has-vivid-cyan-blue-background-color has-background\"\/>\n\n\n\n<h2 class=\"wp-block-heading\">REEM SAMI<\/h2>\n\n\n\n<hr class=\"wp-block-separator has-text-color has-vivid-cyan-blue-color has-alpha-channel-opacity has-vivid-cyan-blue-background-color has-background\"\/>\n\n\n\n<div class=\"wp-block-columns is-layout-flex wp-container-core-columns-is-layout-9d6595d7 wp-block-columns-is-layout-flex\">\n<div class=\"wp-block-column is-layout-flow wp-block-column-is-layout-flow\">\n<figure class=\"wp-block-image size-large\"><img loading=\"lazy\" decoding=\"async\" width=\"1024\" height=\"1024\" src=\"https:\/\/www.anovapeneira.gal\/wp-content\/uploads\/2025\/08\/23-REEM-SAMI-1024x1024.png\" alt=\"\" class=\"wp-image-14356\" srcset=\"https:\/\/www.anovapeneira.gal\/wp-content\/uploads\/2025\/08\/23-REEM-SAMI-1024x1024.png 1024w, https:\/\/www.anovapeneira.gal\/wp-content\/uploads\/2025\/08\/23-REEM-SAMI-300x300.png 300w, https:\/\/www.anovapeneira.gal\/wp-content\/uploads\/2025\/08\/23-REEM-SAMI-150x150.png 150w, https:\/\/www.anovapeneira.gal\/wp-content\/uploads\/2025\/08\/23-REEM-SAMI-768x768.png 768w, https:\/\/www.anovapeneira.gal\/wp-content\/uploads\/2025\/08\/23-REEM-SAMI.png 1080w\" sizes=\"auto, (max-width: 1024px) 100vw, 1024px\" \/><\/figure>\n<\/div>\n\n\n\n<div class=\"wp-block-column is-layout-flow wp-block-column-is-layout-flow\">\n<p class=\"has-vivid-cyan-blue-color has-text-color has-link-color wp-elements-c37d7940e60cfa9c403271ecc66c3331\"><strong>N\u00ba persoas: 15<\/strong><\/p>\n\n\n\n<p><strong>Instagram:<\/strong><\/p>\n\n\n\n<p><a href=\"https:\/\/www.instagram.com\/reem_.sami_\">https:\/\/www.instagram.com\/reem_.sami_<\/a><\/p>\n\n\n\n<p><strong>Gofundme:<\/strong> <br>Pinchar \u201center custom tip\u201d po\u00f1er cantidade \u201c0\u201d (para non facer donativo \u00e1 plataforma)<\/p>\n\n\n\n<p><a href=\"https:\/\/gofund.me\/45de2277\">https:\/\/gofund.me\/45de2277<\/a><\/p>\n<\/div>\n<\/div>\n\n\n\n<p>Ten 19 anos e est\u00e1 cos seus pais e irm\u00e1ns, en total 15 persoas.<\/p>\n\n\n\n<p>Foron desprazados desde o d\u00eda 9 de outubro hai case dous anos do norte ao sur e despois do sur ao norte.<\/p>\n\n\n\n<p>Destru\u00edron o seu fogar e agora viven nun garaxe medio derruido.<\/p>\n\n\n\n<p>Piden para comida e auga e supervivencia b\u00e1sica.<\/p>\n\n\n\n<hr class=\"wp-block-separator has-text-color has-vivid-cyan-blue-color has-alpha-channel-opacity has-vivid-cyan-blue-background-color has-background\"\/>\n\n\n\n<h2 class=\"wp-block-heading\">KAREEM AL MASRI<\/h2>\n\n\n\n<hr class=\"wp-block-separator has-text-color has-vivid-cyan-blue-color has-alpha-channel-opacity has-vivid-cyan-blue-background-color has-background\"\/>\n\n\n\n<div class=\"wp-block-columns is-layout-flex wp-container-core-columns-is-layout-9d6595d7 wp-block-columns-is-layout-flex\">\n<div class=\"wp-block-column is-layout-flow wp-block-column-is-layout-flow\">\n<figure class=\"wp-block-image size-full\"><img loading=\"lazy\" decoding=\"async\" width=\"640\" height=\"640\" src=\"https:\/\/www.anovapeneira.gal\/wp-content\/uploads\/2025\/08\/25-KAREEM-AL-MASRI_i.jpg\" alt=\"\" class=\"wp-image-14358\" srcset=\"https:\/\/www.anovapeneira.gal\/wp-content\/uploads\/2025\/08\/25-KAREEM-AL-MASRI_i.jpg 640w, https:\/\/www.anovapeneira.gal\/wp-content\/uploads\/2025\/08\/25-KAREEM-AL-MASRI_i-300x300.jpg 300w, https:\/\/www.anovapeneira.gal\/wp-content\/uploads\/2025\/08\/25-KAREEM-AL-MASRI_i-150x150.jpg 150w\" sizes=\"auto, (max-width: 640px) 100vw, 640px\" \/><\/figure>\n<\/div>\n\n\n\n<div class=\"wp-block-column is-layout-flow wp-block-column-is-layout-flow\">\n<p><strong>Telegram: Kareem Al Masri<\/strong><\/p>\n\n\n\n<p class=\"has-vivid-cyan-blue-color has-text-color has-link-color wp-elements-c388109bf52362b75e73ba14061637ac\"><strong>N\u00ba persoas: 11<\/strong><\/p>\n\n\n\n<p><strong>Instagram:<\/strong><\/p>\n\n\n\n<p><a href=\"https:\/\/www.instagram.com\/kareem_almasri1\">https:\/\/www.instagram.com\/kareem_almasri1<\/a><\/p>\n\n\n\n<p><strong>Gofundme:<\/strong> <br>Pinchar \u201center custom tip\u201d po\u00f1er cantidade \u201c0\u201d (para non facer donativo \u00e1 plataforma)<\/p>\n\n\n\n<p><a href=\"https:\/\/gofund.me\/0963a2d1\">https:\/\/gofund.me\/0963a2d1<\/a><\/p>\n<\/div>\n<\/div>\n\n\n\n<p>No xenocidio perdeu aos seus 2 irm\u00e1ns e varios curm\u00e1ns.<\/p>\n\n\n\n<p>Faise cargo das 2 vi\u00favas, os seus 4 fillos, irm\u00e1ns pequenos e os seus pais.<\/p>\n\n\n\n<p>Destru\u00edron a s\u00faa casa e viven nunha tenda de campa\u00f1a.<\/p>\n\n\n\n<hr class=\"wp-block-separator has-text-color has-vivid-cyan-blue-color has-alpha-channel-opacity has-vivid-cyan-blue-background-color has-background\"\/>\n\n\n\n<h2 class=\"wp-block-heading\">ANAS<\/h2>\n\n\n\n<hr class=\"wp-block-separator has-text-color has-vivid-cyan-blue-color has-alpha-channel-opacity has-vivid-cyan-blue-background-color has-background\"\/>\n\n\n\n<div class=\"wp-block-columns is-layout-flex wp-container-core-columns-is-layout-9d6595d7 wp-block-columns-is-layout-flex\">\n<div class=\"wp-block-column is-layout-flow wp-block-column-is-layout-flow\">\n<figure class=\"wp-block-image size-large\"><img loading=\"lazy\" decoding=\"async\" width=\"1024\" height=\"1024\" src=\"https:\/\/www.anovapeneira.gal\/wp-content\/uploads\/2025\/08\/25-ANAS-1024x1024.jpg\" alt=\"\" class=\"wp-image-14360\" srcset=\"https:\/\/www.anovapeneira.gal\/wp-content\/uploads\/2025\/08\/25-ANAS-1024x1024.jpg 1024w, https:\/\/www.anovapeneira.gal\/wp-content\/uploads\/2025\/08\/25-ANAS-300x300.jpg 300w, https:\/\/www.anovapeneira.gal\/wp-content\/uploads\/2025\/08\/25-ANAS-150x150.jpg 150w, https:\/\/www.anovapeneira.gal\/wp-content\/uploads\/2025\/08\/25-ANAS-768x768.jpg 768w, https:\/\/www.anovapeneira.gal\/wp-content\/uploads\/2025\/08\/25-ANAS.jpg 1080w\" sizes=\"auto, (max-width: 1024px) 100vw, 1024px\" \/><\/figure>\n<\/div>\n\n\n\n<div class=\"wp-block-column is-layout-flow wp-block-column-is-layout-flow\">\n<p><strong>Telegram: Anas Gaza<\/strong><\/p>\n\n\n\n<p class=\"has-vivid-cyan-blue-color has-text-color has-link-color wp-elements-01f93097355ab7d48ad9c20d0b64b5fd\"><strong>N\u00ba persoas: 6<\/strong><\/p>\n\n\n\n<p><strong>Instagram:<\/strong><\/p>\n\n\n\n<p><a href=\"https:\/\/www.instagram.com\/sonofgaza2025\">https:\/\/www.instagram.com\/sonofgaza2025<\/a><\/p>\n\n\n\n<p><strong>Gofundme:<\/strong> <br>Pinchar \u201center custom tip\u201d po\u00f1er cantidade \u201c0\u201d (para non facer donativo \u00e1 plataforma)<\/p>\n\n\n\n<p><a href=\"https:\/\/gofund.me\/3d806ebf\">https:\/\/gofund.me\/3d806ebf<\/a><\/p>\n<\/div>\n<\/div>\n\n\n\n<p>Vive nunha tenda de campa\u00f1a.<\/p>\n\n\n\n<p>O ex\u00e9rcito israel\u00ed capturou ao seu pai e golpeouno caus\u00e1ndolle unha hemorraxia cerebral, polo que agora necesita tratamento.<\/p>\n\n\n\n<hr class=\"wp-block-separator has-text-color has-vivid-cyan-blue-color has-alpha-channel-opacity has-vivid-cyan-blue-background-color has-background\"\/>\n\n\n\n<h2 class=\"wp-block-heading\">YEHIA Y RAZAN<\/h2>\n\n\n\n<hr class=\"wp-block-separator has-text-color has-vivid-cyan-blue-color has-alpha-channel-opacity has-vivid-cyan-blue-background-color has-background\"\/>\n\n\n\n<div class=\"wp-block-columns is-layout-flex wp-container-core-columns-is-layout-9d6595d7 wp-block-columns-is-layout-flex\">\n<div class=\"wp-block-column is-layout-flow wp-block-column-is-layout-flow\">\n<figure class=\"wp-block-image size-large\"><img loading=\"lazy\" decoding=\"async\" width=\"1024\" height=\"1024\" src=\"https:\/\/www.anovapeneira.gal\/wp-content\/uploads\/2025\/08\/26-YEHIA-Y-RAZAN-1024x1024.jpg\" alt=\"\" class=\"wp-image-14362\" srcset=\"https:\/\/www.anovapeneira.gal\/wp-content\/uploads\/2025\/08\/26-YEHIA-Y-RAZAN-1024x1024.jpg 1024w, https:\/\/www.anovapeneira.gal\/wp-content\/uploads\/2025\/08\/26-YEHIA-Y-RAZAN-300x300.jpg 300w, https:\/\/www.anovapeneira.gal\/wp-content\/uploads\/2025\/08\/26-YEHIA-Y-RAZAN-150x150.jpg 150w, https:\/\/www.anovapeneira.gal\/wp-content\/uploads\/2025\/08\/26-YEHIA-Y-RAZAN-768x768.jpg 768w, https:\/\/www.anovapeneira.gal\/wp-content\/uploads\/2025\/08\/26-YEHIA-Y-RAZAN.jpg 1080w\" sizes=\"auto, (max-width: 1024px) 100vw, 1024px\" \/><\/figure>\n<\/div>\n\n\n\n<div class=\"wp-block-column is-layout-flow wp-block-column-is-layout-flow\">\n<p class=\"has-vivid-cyan-blue-color has-text-color has-link-color wp-elements-b90014358ab6704a0ff3a7dacc65132c\"><strong>N\u00ba persoas: 4<\/strong><\/p>\n\n\n\n<p>Instagram:<\/p>\n\n\n\n<p><a href=\"https:\/\/www.instagram.com\/yehia.7777\">https:\/\/www.instagram.com\/yehia.7777<\/a><\/p>\n\n\n\n<p>Gofundme: <br>Pinchar \u201center custom tip\u201d po\u00f1er cantidade \u201c0\u201d (para non facer donativo \u00e1 plataforma)<\/p>\n\n\n\n<p><a href=\"https:\/\/www.gofundme.com\/f\/help-us-bring-hope-to-a-child-with-cerebral-palsy\">https:\/\/www.gofundme.com\/f\/help-us-bring-hope-to-a-child-with-cerebral-palsy<\/a><\/p>\n<\/div>\n<\/div>\n\n\n\n<p>Razan \u00e9 a nai de 2 nenos, un deles con par\u00e1lise cerebral. Necesita tratamento, comida especial e moit\u00edsimos coidados.<\/p>\n\n\n\n<p>Foron desprazados varias veces.<\/p>\n\n\n\n<hr class=\"wp-block-separator has-text-color has-vivid-cyan-blue-color has-alpha-channel-opacity has-vivid-cyan-blue-background-color has-background\"\/>\n\n\n\n<h2 class=\"wp-block-heading\">TALAB AL-HARAZIN<\/h2>\n\n\n\n<hr class=\"wp-block-separator has-text-color has-vivid-cyan-blue-color has-alpha-channel-opacity has-vivid-cyan-blue-background-color has-background\"\/>\n\n\n\n<h3 class=\"wp-block-heading has-vivid-red-color has-text-color has-link-color wp-elements-46c29fad91aa1173f615b4cf73c17812\">Precisan evacuar: Zona vermella da cidade de Gaza<\/h3>\n\n\n\n<div class=\"wp-block-columns is-layout-flex wp-container-core-columns-is-layout-9d6595d7 wp-block-columns-is-layout-flex\">\n<div class=\"wp-block-column is-layout-flow wp-block-column-is-layout-flow\">\n<figure class=\"wp-block-image size-large\"><img loading=\"lazy\" decoding=\"async\" width=\"1024\" height=\"1024\" src=\"https:\/\/www.anovapeneira.gal\/wp-content\/uploads\/2025\/08\/27-TALAB-AL_HARAZIN-1024x1024.jpg\" alt=\"\" class=\"wp-image-14363\" srcset=\"https:\/\/www.anovapeneira.gal\/wp-content\/uploads\/2025\/08\/27-TALAB-AL_HARAZIN-1024x1024.jpg 1024w, https:\/\/www.anovapeneira.gal\/wp-content\/uploads\/2025\/08\/27-TALAB-AL_HARAZIN-300x300.jpg 300w, https:\/\/www.anovapeneira.gal\/wp-content\/uploads\/2025\/08\/27-TALAB-AL_HARAZIN-150x150.jpg 150w, https:\/\/www.anovapeneira.gal\/wp-content\/uploads\/2025\/08\/27-TALAB-AL_HARAZIN-768x768.jpg 768w, https:\/\/www.anovapeneira.gal\/wp-content\/uploads\/2025\/08\/27-TALAB-AL_HARAZIN.jpg 1080w\" sizes=\"auto, (max-width: 1024px) 100vw, 1024px\" \/><\/figure>\n<\/div>\n\n\n\n<div class=\"wp-block-column is-layout-flow wp-block-column-is-layout-flow\">\n<p><strong>Telegram: Talab Fadel<\/strong><\/p>\n\n\n\n<p class=\"has-vivid-cyan-blue-color has-text-color has-link-color wp-elements-b90014358ab6704a0ff3a7dacc65132c\"><strong>N\u00ba persoas: 4<\/strong><\/p>\n\n\n\n<p><strong>Instagram:<\/strong><\/p>\n\n\n\n<p><a href=\"https:\/\/www.instagram.com\/ta.su.fo\">https:\/\/www.instagram.com\/ta.su.fo<\/a><\/p>\n\n\n\n<p><strong>Gofundme:<\/strong> <br>Pinchar \u201center custom tip\u201d po\u00f1er cantidade \u201c0\u201d (para non facer donativo \u00e1 plataforma)<\/p>\n\n\n\n<p><a href=\"https:\/\/www.gofundme.com\/f\/help-the-talab-alharazin-family-survive-escape-from-gaza\">https:\/\/www.gofundme.com\/f\/help-the-talab-alharazin-family-survive-escape-from-gaza<\/a><\/p>\n<\/div>\n<\/div>\n\n\n\n<p>Pai e esposo, son 4 en total.<\/p>\n\n\n\n<p>A s\u00faa muller ten diabetes e problemas de coraz\u00f3n, a medicaci\u00f3n \u00e9 cara e dif\u00edcil de atopar.<\/p>\n\n\n\n<p>Israel destru\u00edu a s\u00faa casa viven nunha tenda de campa\u00f1a.<\/p>\n\n\n\n<hr class=\"wp-block-separator has-text-color has-vivid-cyan-blue-color has-alpha-channel-opacity has-vivid-cyan-blue-background-color has-background\"\/>\n\n\n\n<h2 class=\"wp-block-heading\">AHLAM AL-JAWAD<\/h2>\n\n\n\n<hr class=\"wp-block-separator has-text-color has-vivid-cyan-blue-color has-alpha-channel-opacity has-vivid-cyan-blue-background-color has-background\"\/>\n\n\n\n<div class=\"wp-block-columns is-layout-flex wp-container-core-columns-is-layout-9d6595d7 wp-block-columns-is-layout-flex\">\n<div class=\"wp-block-column is-layout-flow wp-block-column-is-layout-flow\">\n<figure class=\"wp-block-image size-large\"><img loading=\"lazy\" decoding=\"async\" width=\"1024\" height=\"1024\" src=\"https:\/\/www.anovapeneira.gal\/wp-content\/uploads\/2025\/08\/28-AHLAM-AL_JAWAD-1024x1024.jpg\" alt=\"\" class=\"wp-image-14366\" srcset=\"https:\/\/www.anovapeneira.gal\/wp-content\/uploads\/2025\/08\/28-AHLAM-AL_JAWAD-1024x1024.jpg 1024w, https:\/\/www.anovapeneira.gal\/wp-content\/uploads\/2025\/08\/28-AHLAM-AL_JAWAD-300x300.jpg 300w, https:\/\/www.anovapeneira.gal\/wp-content\/uploads\/2025\/08\/28-AHLAM-AL_JAWAD-150x150.jpg 150w, https:\/\/www.anovapeneira.gal\/wp-content\/uploads\/2025\/08\/28-AHLAM-AL_JAWAD-768x768.jpg 768w, https:\/\/www.anovapeneira.gal\/wp-content\/uploads\/2025\/08\/28-AHLAM-AL_JAWAD.jpg 1080w\" sizes=\"auto, (max-width: 1024px) 100vw, 1024px\" \/><\/figure>\n<\/div>\n\n\n\n<div class=\"wp-block-column is-layout-flow wp-block-column-is-layout-flow\">\n<p><strong>Telegram: Ahlam Abd<\/strong><\/p>\n\n\n\n<p class=\"has-vivid-cyan-blue-color has-text-color has-link-color wp-elements-cc180475e5ba5181c35a934a671761aa\"><strong>N\u00ba persoas: 5<\/strong><\/p>\n\n\n\n<p><strong>Instagram:<\/strong><\/p>\n\n\n\n<p><a href=\"https:\/\/www.instagram.com\/ahlam.jawad\">https:\/\/www.instagram.com\/ahlam.jawad<\/a><\/p>\n\n\n\n<p><strong>Gofundme:<\/strong> <strong>(necesita xustificante para que o seu irm\u00e1n lle dea as s\u00faas doaz\u00f3ns)<\/strong> <br>Pinchar \u201center custom tip\u201d po\u00f1er cantidade \u201c0\u201d (para non facer donativo \u00e1 plataforma)<\/p>\n\n\n\n<p><a href=\"https:\/\/www.gofundme.com\/f\/put-a-life-back-together-after-losing-everything-to-war\">https:\/\/www.gofundme.com\/f\/put-a-life-back-together-after-losing-everything-to-war<\/a><\/p>\n<\/div>\n<\/div>\n\n\n\n<p>\u00c9 nai de tres nenos homes. Est\u00e1 casada con Haithem, que foi ferido nunha perna e non pode axudar a conseguir alimentos para a familia.<\/p>\n\n\n\n<p>O Gofundme que nos d\u00e1 \u00e9 a conta do seu irm\u00e1n Mahmoud Abdel Gawad, porque ambos a comparten.<\/p>\n\n\n\n<hr class=\"wp-block-separator has-text-color has-vivid-cyan-blue-color has-alpha-channel-opacity has-vivid-cyan-blue-background-color has-background\"\/>\n\n\n\n<h2 class=\"wp-block-heading\">SEIF ABUROUK<\/h2>\n\n\n\n<hr class=\"wp-block-separator has-text-color has-vivid-cyan-blue-color has-alpha-channel-opacity has-vivid-cyan-blue-background-color has-background\"\/>\n\n\n\n<div class=\"wp-block-columns is-layout-flex wp-container-core-columns-is-layout-9d6595d7 wp-block-columns-is-layout-flex\">\n<div class=\"wp-block-column is-layout-flow wp-block-column-is-layout-flow\">\n<figure class=\"wp-block-image size-large\"><img loading=\"lazy\" decoding=\"async\" width=\"1024\" height=\"1024\" src=\"https:\/\/www.anovapeneira.gal\/wp-content\/uploads\/2025\/08\/29-SEIF-ABUROUK-1024x1024.jpg\" alt=\"\" class=\"wp-image-14368\" srcset=\"https:\/\/www.anovapeneira.gal\/wp-content\/uploads\/2025\/08\/29-SEIF-ABUROUK-1024x1024.jpg 1024w, https:\/\/www.anovapeneira.gal\/wp-content\/uploads\/2025\/08\/29-SEIF-ABUROUK-300x300.jpg 300w, https:\/\/www.anovapeneira.gal\/wp-content\/uploads\/2025\/08\/29-SEIF-ABUROUK-150x150.jpg 150w, https:\/\/www.anovapeneira.gal\/wp-content\/uploads\/2025\/08\/29-SEIF-ABUROUK-768x768.jpg 768w, https:\/\/www.anovapeneira.gal\/wp-content\/uploads\/2025\/08\/29-SEIF-ABUROUK.jpg 1080w\" sizes=\"auto, (max-width: 1024px) 100vw, 1024px\" \/><\/figure>\n<\/div>\n\n\n\n<div class=\"wp-block-column is-layout-flow wp-block-column-is-layout-flow\">\n<p><strong>Telegram: S Roukkkkk<\/strong><\/p>\n\n\n\n<p class=\"has-vivid-cyan-blue-color has-text-color has-link-color wp-elements-523cd8f10314f96525b43934243ef00d\"><strong>N\u00ba persoas: 7<\/strong><\/p>\n\n\n\n<p><strong>Instagram:<\/strong><\/p>\n\n\n\n<p><a href=\"https:\/\/www.instagram.com\/s_nj_jk\">https:\/\/www.instagram.com\/s_nj_jk<\/a><\/p>\n\n\n\n<p>Gofundme: <br>Pinchar \u201center custom tip\u201d po\u00f1er cantidade \u201c0\u201d (para non facer donativo \u00e1 plataforma)<\/p>\n\n\n\n<p><a href=\"https:\/\/gofund.me\/058b857c\">https:\/\/gofund.me\/058b857c<\/a><\/p>\n<\/div>\n<\/div>\n\n\n\n<p>Ten 17 anos. Estaba a piques de graduarse e quer\u00eda estudar enxe\u00f1er\u00eda.<\/p>\n\n\n\n<p>Est\u00e1n el, 4 irm\u00e1ns m\u00e1is pequenos, o seu pai e a s\u00faa nai que necesita tratamento e empeorou desde o comezo do xenocidio.<\/p>\n\n\n\n<p>Destru\u00edron o seu fogar en Khan Yunis e todo o seu barrio. Primeiro bombarde\u00e1rono e logo queim\u00e1rono. Despraz\u00e1ronos cinco veces cara a Rafah e volta.<\/p>\n\n\n\n<p>Viven nunha tenda de campa\u00f1a.<\/p>\n\n\n\n<p>Asasinaron a varios familiares e amigos, alg\u00fans morreron por enfermidades que non se puideron tratar.<\/p>\n\n\n\n<p>Necesitan axuda para auga potable, comida e medicinas.<\/p>\n\n\n\n<hr class=\"wp-block-separator has-text-color has-vivid-cyan-blue-color has-alpha-channel-opacity has-vivid-cyan-blue-background-color has-background\"\/>\n\n\n\n<h2 class=\"wp-block-heading\">HAMZA ALNIJAR<\/h2>\n\n\n\n<hr class=\"wp-block-separator has-text-color has-vivid-cyan-blue-color has-alpha-channel-opacity has-vivid-cyan-blue-background-color has-background\"\/>\n\n\n\n<div class=\"wp-block-columns is-layout-flex wp-container-core-columns-is-layout-9d6595d7 wp-block-columns-is-layout-flex\">\n<div class=\"wp-block-column is-layout-flow wp-block-column-is-layout-flow\">\n<figure class=\"wp-block-image size-large\"><img loading=\"lazy\" decoding=\"async\" width=\"1024\" height=\"1024\" src=\"https:\/\/www.anovapeneira.gal\/wp-content\/uploads\/2025\/08\/30-HAMZA-ALNIJAR-1024x1024.jpg\" alt=\"\" class=\"wp-image-14370\" srcset=\"https:\/\/www.anovapeneira.gal\/wp-content\/uploads\/2025\/08\/30-HAMZA-ALNIJAR-1024x1024.jpg 1024w, https:\/\/www.anovapeneira.gal\/wp-content\/uploads\/2025\/08\/30-HAMZA-ALNIJAR-300x300.jpg 300w, https:\/\/www.anovapeneira.gal\/wp-content\/uploads\/2025\/08\/30-HAMZA-ALNIJAR-150x150.jpg 150w, https:\/\/www.anovapeneira.gal\/wp-content\/uploads\/2025\/08\/30-HAMZA-ALNIJAR-768x768.jpg 768w, https:\/\/www.anovapeneira.gal\/wp-content\/uploads\/2025\/08\/30-HAMZA-ALNIJAR.jpg 1080w\" sizes=\"auto, (max-width: 1024px) 100vw, 1024px\" \/><\/figure>\n<\/div>\n\n\n\n<div class=\"wp-block-column is-layout-flow wp-block-column-is-layout-flow\">\n<p><strong>Telegram: Hamza Alnjjar<\/strong><\/p>\n\n\n\n<p class=\"has-vivid-cyan-blue-color has-text-color has-link-color wp-elements-8062edcd45761f70e9718319eea3248f\"><strong>N\u00ba persoas: varias familias<\/strong><\/p>\n\n\n\n<p><strong>Instagram:<\/strong><\/p>\n\n\n\n<p><a href=\"https:\/\/www.instagram.com\/h.a.m.z.a.26\">https:\/\/www.instagram.com\/h.a.m.z.a.26<\/a><\/p>\n\n\n\n<p><strong>Gofundme:<\/strong> <br>Pinchar \u201center custom tip\u201d po\u00f1er cantidade \u201c0\u201d (para non facer donativo \u00e1 plataforma)<\/p>\n\n\n\n<p><a href=\"https:\/\/gofund.me\/85db4333\">https:\/\/gofund.me\/85db4333<\/a><\/p>\n<\/div>\n<\/div>\n\n\n\n<p>Ten 20 anos. Vive no sur. Familia de 7 pero perdeu 2 irm\u00e1ns.<\/p>\n\n\n\n<p>Viven en tendas de campa\u00f1a na praia despois de que destru\u00edsen o seu fogar.<\/p>\n\n\n\n<p>Comparte coa s\u00faa familia e veci\u00f1os necesitados, inclu\u00edda unha familia de nenas orfas.<\/p>\n\n\n\n<hr class=\"wp-block-separator has-text-color has-vivid-cyan-blue-color has-alpha-channel-opacity has-vivid-cyan-blue-background-color has-background\"\/>\n\n\n\n<h2 class=\"wp-block-heading\">MOHAMED ABU SHAHADA<\/h2>\n\n\n\n<hr class=\"wp-block-separator has-text-color has-vivid-cyan-blue-color has-alpha-channel-opacity has-vivid-cyan-blue-background-color has-background\"\/>\n\n\n\n<div class=\"wp-block-columns is-layout-flex wp-container-core-columns-is-layout-9d6595d7 wp-block-columns-is-layout-flex\">\n<div class=\"wp-block-column is-layout-flow wp-block-column-is-layout-flow\">\n<figure class=\"wp-block-image size-large\"><img loading=\"lazy\" decoding=\"async\" width=\"1024\" height=\"1024\" src=\"https:\/\/www.anovapeneira.gal\/wp-content\/uploads\/2025\/08\/31-MOHAMED-ABU-SHAHADA-i-1024x1024.png\" alt=\"\" class=\"wp-image-14372\" srcset=\"https:\/\/www.anovapeneira.gal\/wp-content\/uploads\/2025\/08\/31-MOHAMED-ABU-SHAHADA-i-1024x1024.png 1024w, https:\/\/www.anovapeneira.gal\/wp-content\/uploads\/2025\/08\/31-MOHAMED-ABU-SHAHADA-i-300x300.png 300w, https:\/\/www.anovapeneira.gal\/wp-content\/uploads\/2025\/08\/31-MOHAMED-ABU-SHAHADA-i-150x150.png 150w, https:\/\/www.anovapeneira.gal\/wp-content\/uploads\/2025\/08\/31-MOHAMED-ABU-SHAHADA-i-768x768.png 768w, https:\/\/www.anovapeneira.gal\/wp-content\/uploads\/2025\/08\/31-MOHAMED-ABU-SHAHADA-i.png 1080w\" sizes=\"auto, (max-width: 1024px) 100vw, 1024px\" \/><\/figure>\n<\/div>\n\n\n\n<div class=\"wp-block-column is-layout-flow wp-block-column-is-layout-flow\">\n<p><strong>Telegram: Geneen Saadi<\/strong><\/p>\n\n\n\n<p class=\"has-vivid-cyan-blue-color has-text-color has-link-color wp-elements-df7da69bf928c116a30a655e9022e012\"><strong>N\u00b0 persoas: 3<\/strong><\/p>\n\n\n\n<p><strong>Instagram:<\/strong><\/p>\n\n\n\n<p><a href=\"https:\/\/www.instagram.com\/mohammed.silla.gaza\">https:\/\/www.instagram.com\/mohammed.silla.gaza<\/a><\/p>\n\n\n\n<p><strong>Gofundme:<\/strong> <br>Pinchar \u201center custom tip\u201d po\u00f1er cantidade \u201c0\u201d (para non facer donativo \u00e1 plataforma)<\/p>\n\n\n\n<p><a href=\"https:\/\/gofund.me\/4b27bf95\">https:\/\/gofund.me\/4b27bf95<\/a><\/p>\n<\/div>\n<\/div>\n\n\n\n<p>Jenin \u00e9 a s\u00faa esposa, te\u00f1en ambos os 23 anos e unha filla de dous anos e medio, Seela.<\/p>\n\n\n\n<p>Desprazados do seu fogar, viven nunha tenda.<\/p>\n\n\n\n<p>Foi varias veces aos centros de repartici\u00f3n nun intento de conseguir comida, pero s\u00f3 viu disparos.<\/p>\n\n\n\n<p>A s\u00faa tenda est\u00e1 rota por varios sitios, \u00e9ntranlles insectos, mesmo cans&#8230; necesitan comprar unha (aprox 800\u20ac)<\/p>\n\n\n\n<hr class=\"wp-block-separator has-text-color has-vivid-cyan-blue-color has-alpha-channel-opacity has-vivid-cyan-blue-background-color has-background\"\/>\n\n\n\n<h2 class=\"wp-block-heading\">KHALED ABU HUWAISHEL<\/h2>\n\n\n\n<hr class=\"wp-block-separator has-text-color has-vivid-cyan-blue-color has-alpha-channel-opacity has-vivid-cyan-blue-background-color has-background\"\/>\n\n\n\n<h3 class=\"wp-block-heading has-vivid-red-color has-text-color has-link-color wp-elements-46c29fad91aa1173f615b4cf73c17812\">Precisan evacuar: Zona vermella da cidade de Gaza<\/h3>\n\n\n\n<div class=\"wp-block-columns is-layout-flex wp-container-core-columns-is-layout-9d6595d7 wp-block-columns-is-layout-flex\">\n<div class=\"wp-block-column is-layout-flow wp-block-column-is-layout-flow\">\n<figure class=\"wp-block-image size-large\"><img loading=\"lazy\" decoding=\"async\" width=\"1024\" height=\"1024\" src=\"https:\/\/www.anovapeneira.gal\/wp-content\/uploads\/2025\/08\/32-KHALED-ABU-HUWAISHEL-1024x1024.png\" alt=\"\" class=\"wp-image-14375\" srcset=\"https:\/\/www.anovapeneira.gal\/wp-content\/uploads\/2025\/08\/32-KHALED-ABU-HUWAISHEL-1024x1024.png 1024w, https:\/\/www.anovapeneira.gal\/wp-content\/uploads\/2025\/08\/32-KHALED-ABU-HUWAISHEL-300x300.png 300w, https:\/\/www.anovapeneira.gal\/wp-content\/uploads\/2025\/08\/32-KHALED-ABU-HUWAISHEL-150x150.png 150w, https:\/\/www.anovapeneira.gal\/wp-content\/uploads\/2025\/08\/32-KHALED-ABU-HUWAISHEL-768x768.png 768w, https:\/\/www.anovapeneira.gal\/wp-content\/uploads\/2025\/08\/32-KHALED-ABU-HUWAISHEL.png 1080w\" sizes=\"auto, (max-width: 1024px) 100vw, 1024px\" \/><\/figure>\n<\/div>\n\n\n\n<div class=\"wp-block-column is-layout-flow wp-block-column-is-layout-flow\">\n<p class=\"has-black-color has-text-color has-link-color wp-elements-812939f01f3a270eb4b5bed60f525f92\"><strong>Telegram: Khaled Youssef<\/strong><\/p>\n\n\n\n<p class=\"has-vivid-cyan-blue-color has-text-color has-link-color wp-elements-9966425422b09f16e0c8b9ec94fd4a00\"><strong>N\u00ba persoas: 25<\/strong><\/p>\n\n\n\n<p><strong>Instagram:<\/strong><\/p>\n\n\n\n<p><a href=\"https:\/\/www.instagram.com\/khaled_1.y\">https:\/\/www.instagram.com\/khaled_1.y<\/a><\/p>\n\n\n\n<p><strong>Gofundme:<\/strong> <br>Pinchar \u201center custom tip\u201d po\u00f1er cantidade \u201c0\u201d (para non facer donativo \u00e1 plataforma)<\/p>\n\n\n\n<p><a href=\"http:\/\/www.gofundme.com\/f\/urgentevacuation-from-gaza-for-huwaishil-family\">http:\/\/www.gofundme.com\/f\/urgentevacuation-from-gaza-for-huwaishil-family<\/a><\/p>\n\n\n\n<p><strong>PayPal:<\/strong> <strong>(non pode aparecer a palabra Gaza)<\/strong><\/p>\n\n\n\n<p><a href=\"https:\/\/www.paypal.me\/DeniseWalsh1214\">https:\/\/www.paypal.me\/DeniseWalsh1214<\/a><\/p>\n<\/div>\n<\/div>\n\n\n\n<p>Ten 29 anos, a s\u00faa esposa \u00e9 Shaima, son pais de 2 nenas, 1 neno e unha beb\u00e9 de 2 anos. A s\u00faa filla Shouruq acaba de ser diagnosticada de desnutrici\u00f3n severa, necesita tratamento.<\/p>\n\n\n\n<p>Ten un v\u00eddeo protex\u00e9ndose das balas cando \u00eda a un centro de repartici\u00f3n.<\/p>\n\n\n\n<p>Israel destru\u00edu o seu fogar e agora viven nunha tenda de campa\u00f1a, foron desprazados unhas 10 veces.<\/p>\n\n\n\n<p>En maio bombardearon as tendas dos seus pais, t\u00edos e curm\u00e1ns, estiveron na UCI e moitos deles tiveron que ser operados, finalmente perdeu a un irm\u00e1n, un curm\u00e1n e unha sobri\u00f1a.<\/p>\n\n\n\n<p>En xu\u00f1o bombearon de novo a tenda dos seus pais e mataron \u00e1 s\u00faa nai e feriron \u00e1 s\u00faa irm\u00e1.<\/p>\n\n\n\n<p>Agora el faise cargo da s\u00faa propia familia, dos seus irm\u00e1ns e o seu pai.<\/p>\n\n\n\n<p>O irm\u00e1n de Shaima est\u00e1 ferido no est\u00f3mago.<\/p>\n\n\n\n<hr class=\"wp-block-separator has-text-color has-vivid-cyan-blue-color has-alpha-channel-opacity has-vivid-cyan-blue-background-color has-background\"\/>\n\n\n\n<h2 class=\"wp-block-heading\">REEM ALSDOUDI<\/h2>\n\n\n\n<hr class=\"wp-block-separator has-text-color has-vivid-cyan-blue-color has-alpha-channel-opacity has-vivid-cyan-blue-background-color has-background\"\/>\n\n\n\n<h3 class=\"wp-block-heading has-vivid-red-color has-text-color has-link-color wp-elements-46c29fad91aa1173f615b4cf73c17812\">Precisan evacuar: Zona vermella da cidade de Gaza<\/h3>\n\n\n\n<div class=\"wp-block-columns is-layout-flex wp-container-core-columns-is-layout-9d6595d7 wp-block-columns-is-layout-flex\">\n<div class=\"wp-block-column is-layout-flow wp-block-column-is-layout-flow\">\n<figure class=\"wp-block-image size-large\"><img loading=\"lazy\" decoding=\"async\" width=\"1024\" height=\"1024\" src=\"https:\/\/www.anovapeneira.gal\/wp-content\/uploads\/2025\/08\/33-REEM-ALSDOUDI-1024x1024.png\" alt=\"\" class=\"wp-image-14378\" srcset=\"https:\/\/www.anovapeneira.gal\/wp-content\/uploads\/2025\/08\/33-REEM-ALSDOUDI-1024x1024.png 1024w, https:\/\/www.anovapeneira.gal\/wp-content\/uploads\/2025\/08\/33-REEM-ALSDOUDI-300x300.png 300w, https:\/\/www.anovapeneira.gal\/wp-content\/uploads\/2025\/08\/33-REEM-ALSDOUDI-150x150.png 150w, https:\/\/www.anovapeneira.gal\/wp-content\/uploads\/2025\/08\/33-REEM-ALSDOUDI-768x768.png 768w, https:\/\/www.anovapeneira.gal\/wp-content\/uploads\/2025\/08\/33-REEM-ALSDOUDI.png 1080w\" sizes=\"auto, (max-width: 1024px) 100vw, 1024px\" \/><\/figure>\n<\/div>\n\n\n\n<div class=\"wp-block-column is-layout-flow wp-block-column-is-layout-flow\">\n<p><strong>Telegram: M.A.Alsdudi y Reem AlLsDOUDI<\/strong><\/p>\n\n\n\n<p class=\"has-vivid-cyan-blue-color has-text-color has-link-color wp-elements-b90014358ab6704a0ff3a7dacc65132c\"><strong>N\u00ba persoas: 4<\/strong><\/p>\n\n\n\n<p><strong>Instagram:<\/strong><\/p>\n\n\n\n<p><a href=\"https:\/\/www.instagram.com\/reem_family_gaza\">https:\/\/www.instagram.com\/reem_family_gaza<\/a><\/p>\n\n\n\n<p><strong>Gofundme:<\/strong> <br>Pinchar \u201center custom tip\u201d po\u00f1er cantidade \u201c0\u201d (para non facer donativo \u00e1 plataforma)<\/p>\n\n\n\n<p><a href=\"https:\/\/www.gofundme.com\/f\/help-reems-family-survive-the-war-in-gaza-and-live-a-decent\">https:\/\/www.gofundme.com\/f\/help-reems-family-survive-the-war-in-gaza-and-live-a-decent<\/a><\/p>\n<\/div>\n<\/div>\n\n\n\n<p>Nai de dous nenos e casada con Mohammed Ao-Sadoud.<\/p>\n\n\n\n<p>O seu fillo de 11 anos foi ferido tras un bombardeo e ten o ollo ferido perdeu visi\u00f3n porque ten a retina danada. Para non perder a vista necesita cirurx\u00eda nun hospital privado (3000$) est\u00e1n a axudar a reunir o di\u00f1eiro, xa ten parte, pero necesita un empux\u00f3n.<\/p>\n\n\n\n<p>Demoleron o seu fogar e foron desprazados desde ent\u00f3n.<\/p>\n\n\n\n<hr class=\"wp-block-separator has-text-color has-vivid-cyan-blue-color has-alpha-channel-opacity has-vivid-cyan-blue-background-color has-background\"\/>\n\n\n\n<h2 class=\"wp-block-heading\">KHALED HALAS<\/h2>\n\n\n\n<hr class=\"wp-block-separator has-text-color has-vivid-cyan-blue-color has-alpha-channel-opacity has-vivid-cyan-blue-background-color has-background\"\/>\n\n\n\n<h3 class=\"wp-block-heading has-vivid-red-color has-text-color has-link-color wp-elements-46c29fad91aa1173f615b4cf73c17812\">Precisan evacuar: Zona vermella da cidade de Gaza<\/h3>\n\n\n\n<div class=\"wp-block-columns is-layout-flex wp-container-core-columns-is-layout-9d6595d7 wp-block-columns-is-layout-flex\">\n<div class=\"wp-block-column is-layout-flow wp-block-column-is-layout-flow\">\n<figure class=\"wp-block-image size-large\"><img loading=\"lazy\" decoding=\"async\" width=\"1024\" height=\"1024\" src=\"https:\/\/www.anovapeneira.gal\/wp-content\/uploads\/2025\/08\/35-KHALED-HALAS-1024x1024.png\" alt=\"\" class=\"wp-image-14382\" srcset=\"https:\/\/www.anovapeneira.gal\/wp-content\/uploads\/2025\/08\/35-KHALED-HALAS-1024x1024.png 1024w, https:\/\/www.anovapeneira.gal\/wp-content\/uploads\/2025\/08\/35-KHALED-HALAS-300x300.png 300w, https:\/\/www.anovapeneira.gal\/wp-content\/uploads\/2025\/08\/35-KHALED-HALAS-150x150.png 150w, https:\/\/www.anovapeneira.gal\/wp-content\/uploads\/2025\/08\/35-KHALED-HALAS-768x768.png 768w, https:\/\/www.anovapeneira.gal\/wp-content\/uploads\/2025\/08\/35-KHALED-HALAS.png 1080w\" sizes=\"auto, (max-width: 1024px) 100vw, 1024px\" \/><\/figure>\n<\/div>\n\n\n\n<div class=\"wp-block-column is-layout-flow wp-block-column-is-layout-flow\">\n<p><strong>Telegram: Khaled Halas<\/strong><\/p>\n\n\n\n<p class=\"has-vivid-cyan-blue-color has-text-color has-link-color wp-elements-01f93097355ab7d48ad9c20d0b64b5fd\"><strong>N\u00ba persoas: 6<\/strong><\/p>\n\n\n\n<p><strong>Instagram:<\/strong><a href=\"https:\/\/www.instagram.com\/kaledhilles2016\"> https:\/\/www.instagram.com\/kaledhilles2016<\/a><\/p>\n\n\n\n<p><strong>Chuffed:<\/strong> <a href=\"https:\/\/chuffed.org\/project\/136672-save-khaleds-family-from-famine\">https:\/\/chuffed.org\/project\/136672-save-khaleds-family-from-famine<\/a><\/p>\n\n\n\n<p><strong>PayPal:<\/strong> <strong>(non pode aparecer a palabra Gaza)<\/strong><\/p>\n\n\n\n<p><a href=\"https:\/\/paypal.me\/helpKhaledHalas\">https:\/\/paypal.me\/helpKhaledHalas<\/a><\/p>\n<\/div>\n<\/div>\n\n\n\n<p>Pai de 4 nenos. A s\u00faa muller est\u00e1 ferida no p\u00e9. Hoxe podemos confirmar que Masa naceu, tras unha cesarea. A s\u00faa nai non pode aleitala debido \u00e1 fame e a desnutrici\u00f3n. O m\u00e9dico recomendoulle comprar un cart\u00f3n de leite de f\u00f3rmula para que a beb\u00e9 estivese satisfeita. Non pode comprar leite de f\u00f3rmula nin cueiros debido aos seus altos prezos no mercado.<\/p>\n\n\n\n<p>Viven no norte de Gaza nunha tenda de campa\u00f1a, Israel bombardeou a s\u00faa casa.<\/p>\n\n\n\n<hr class=\"wp-block-separator has-text-color has-vivid-cyan-blue-color has-alpha-channel-opacity has-vivid-cyan-blue-background-color has-background\"\/>\n\n\n\n<h2 class=\"wp-block-heading\">ABDALLAH BORBAR<\/h2>\n\n\n\n<hr class=\"wp-block-separator has-text-color has-vivid-cyan-blue-color has-alpha-channel-opacity has-vivid-cyan-blue-background-color has-background\"\/>\n\n\n\n<h3 class=\"wp-block-heading has-vivid-red-color has-text-color has-link-color wp-elements-46c29fad91aa1173f615b4cf73c17812\">Precisan evacuar: Zona vermella da cidade de Gaza<\/h3>\n\n\n\n<div class=\"wp-block-columns is-layout-flex wp-container-core-columns-is-layout-9d6595d7 wp-block-columns-is-layout-flex\">\n<div class=\"wp-block-column is-layout-flow wp-block-column-is-layout-flow\">\n<figure class=\"wp-block-image size-large\"><img loading=\"lazy\" decoding=\"async\" width=\"1024\" height=\"1024\" src=\"https:\/\/www.anovapeneira.gal\/wp-content\/uploads\/2025\/08\/36-ABDALLAH-BORBAR-1024x1024.png\" alt=\"\" class=\"wp-image-14384\" srcset=\"https:\/\/www.anovapeneira.gal\/wp-content\/uploads\/2025\/08\/36-ABDALLAH-BORBAR-1024x1024.png 1024w, https:\/\/www.anovapeneira.gal\/wp-content\/uploads\/2025\/08\/36-ABDALLAH-BORBAR-300x300.png 300w, https:\/\/www.anovapeneira.gal\/wp-content\/uploads\/2025\/08\/36-ABDALLAH-BORBAR-150x150.png 150w, https:\/\/www.anovapeneira.gal\/wp-content\/uploads\/2025\/08\/36-ABDALLAH-BORBAR-768x768.png 768w, https:\/\/www.anovapeneira.gal\/wp-content\/uploads\/2025\/08\/36-ABDALLAH-BORBAR.png 1080w\" sizes=\"auto, (max-width: 1024px) 100vw, 1024px\" \/><\/figure>\n<\/div>\n\n\n\n<div class=\"wp-block-column is-layout-flow wp-block-column-is-layout-flow\">\n<p><strong>Telegram: Abdullah Al-Borbar<\/strong><\/p>\n\n\n\n<p class=\"has-vivid-cyan-blue-color has-text-color has-link-color wp-elements-94976fe52fe09d368673d3e313def635\"><strong>N\u00ba personas: 6<\/strong><\/p>\n\n\n\n<p><strong>Instagram:<\/strong><a href=\"https:\/\/www.instagram.com\/abedallh_borbar\"> https:\/\/www.instagram.com\/abedallh_borbar<\/a><\/p>\n\n\n\n<p><strong>Gofundme:<\/strong> <br>Pinchar \u201center custom tip\u201d po\u00f1er cantidade \u201c0\u201d (para non facer donativo \u00e1 plataforma)<\/p>\n\n\n\n<p><a href=\"https:\/\/gofund.me\/5c3cb30d\">https:\/\/gofund.me\/5c3cb30d<\/a><\/p>\n\n\n\n<p><strong>PayPal:<\/strong> <strong>(non pode aparecer a palabra Gaza)<\/strong><\/p>\n\n\n\n<p><a href=\"https:\/\/www.paypal.com\/ncp\/payment\/3CXWN8V73U7SQ\">https:\/\/www.paypal.com\/ncp\/payment\/3CXWN8V73U7SQ<\/a><\/p>\n<\/div>\n<\/div>\n\n\n\n<p>A s\u00faa casa foi destru\u00edda, viven nun campamento de refuxiados, despraz\u00e1ronos varias veces.<\/p>\n\n\n\n<p>Ten esposa e 2 nenos pequenos, viven xunto aos pais de Abdallah que son moi maiores, na mesma tenda.<\/p>\n\n\n\n<p>No \u00faltimo bombardeo feriron de gravidade ao seu irm\u00e1n e \u00e1 s\u00faa nai. Oper\u00e1ronos na sanidade p\u00fablica, pero necesitan m\u00e1is operaci\u00f3ns que ten que facer pola privada ou mellor ser\u00eda f\u00f3ra de Gaza.<\/p>\n\n\n\n<p>Quedouse sen m\u00f3bil, ferramenta indispensable para recibir as doaz\u00f3ns.<\/p>\n","protected":false},"excerpt":{"rendered":"<div class=\"mh-excerpt\"><p>Necesit\u00e1mosvos, necesitamos m\u00e1is doantes para garantir unha comida diaria e oxal\u00e1 para acoller a m\u00e1is persoas. \u00c9 unha situaci\u00f3n extrema, \u00e9 a \u00fanica forma que atopamos de romper o asedio. <a class=\"mh-excerpt-more\" href=\"https:\/\/www.anovapeneira.gal\/index.php\/2025\/08\/03\/de-gaza-ao-mundo-axuda-directa-a-36-familias\/\" title=\"De Gaza ao mundo, axuda directa a 37 familias\">[&#8230;]<\/a><\/p>\n<\/div>","protected":false},"author":3,"featured_media":14388,"comment_status":"open","ping_status":"open","sticky":false,"template":"","format":"standard","meta":{"_exactmetrics_skip_tracking":false,"_exactmetrics_sitenote_active":false,"_exactmetrics_sitenote_note":"","_exactmetrics_sitenote_category":0,"footnotes":""},"categories":[263],"tags":[1459,1460],"class_list":{"0":"post-14299","1":"post","2":"type-post","3":"status-publish","4":"format-standard","5":"has-post-thumbnail","7":"category-novas","8":"tag-axuda-a-gaza","9":"tag-de-gaza-ao-mundo"},"yoast_head":"<!-- This site is optimized with the Yoast SEO plugin v27.4 - https:\/\/yoast.com\/product\/yoast-seo-wordpress\/ -->\n<title>De Gaza ao mundo, axuda directa a 37 familias -<\/title>\n<meta name=\"robots\" content=\"index, follow, max-snippet:-1, max-image-preview:large, max-video-preview:-1\" \/>\n<link rel=\"canonical\" href=\"https:\/\/www.anovapeneira.gal\/index.php\/2025\/08\/03\/de-gaza-ao-mundo-axuda-directa-a-36-familias\/\" \/>\n<meta property=\"og:locale\" content=\"gl_ES\" \/>\n<meta property=\"og:type\" content=\"article\" \/>\n<meta property=\"og:title\" content=\"De Gaza ao mundo, axuda directa a 37 familias -\" \/>\n<meta property=\"og:description\" content=\"Necesit\u00e1mosvos, necesitamos m\u00e1is doantes para garantir unha comida diaria e oxal\u00e1 para acoller a m\u00e1is persoas. \u00c9 unha situaci\u00f3n extrema, \u00e9 a \u00fanica forma que atopamos de romper o asedio. [...]\" \/>\n<meta property=\"og:url\" content=\"https:\/\/www.anovapeneira.gal\/index.php\/2025\/08\/03\/de-gaza-ao-mundo-axuda-directa-a-36-familias\/\" \/>\n<meta property=\"article:publisher\" content=\"https:\/\/www.facebook.com\/anovapeneira\" \/>\n<meta property=\"article:published_time\" content=\"2025-08-03T16:10:01+00:00\" \/>\n<meta property=\"article:modified_time\" content=\"2025-09-04T15:49:37+00:00\" \/>\n<meta property=\"og:image\" content=\"https:\/\/www.anovapeneira.gal\/wp-content\/uploads\/2025\/08\/de_gaza_al_mundo_peneira.jpg\" \/>\n\t<meta property=\"og:image:width\" content=\"720\" \/>\n\t<meta property=\"og:image:height\" content=\"432\" \/>\n\t<meta property=\"og:image:type\" content=\"image\/jpeg\" \/>\n<meta name=\"author\" content=\"Redacci\u00f3n A Nova Peneira\" \/>\n<meta name=\"twitter:card\" content=\"summary_large_image\" \/>\n<meta name=\"twitter:creator\" content=\"@APeneira\" \/>\n<meta name=\"twitter:site\" content=\"@APeneira\" \/>\n<meta name=\"twitter:label1\" content=\"Escrito por\" \/>\n\t<meta name=\"twitter:data1\" content=\"Redacci\u00f3n A Nova Peneira\" \/>\n\t<meta name=\"twitter:label2\" content=\"Tempo de lectura\" \/>\n\t<meta name=\"twitter:data2\" content=\"28 minutos\" \/>\n<script type=\"application\/ld+json\" class=\"yoast-schema-graph\">{\"@context\":\"https:\\\/\\\/schema.org\",\"@graph\":[{\"@type\":\"Article\",\"@id\":\"https:\\\/\\\/www.anovapeneira.gal\\\/index.php\\\/2025\\\/08\\\/03\\\/de-gaza-ao-mundo-axuda-directa-a-36-familias\\\/#article\",\"isPartOf\":{\"@id\":\"https:\\\/\\\/www.anovapeneira.gal\\\/index.php\\\/2025\\\/08\\\/03\\\/de-gaza-ao-mundo-axuda-directa-a-36-familias\\\/\"},\"author\":{\"name\":\"Redacci\u00f3n A Nova Peneira\",\"@id\":\"https:\\\/\\\/www.anovapeneira.gal\\\/#\\\/schema\\\/person\\\/b93e3f8932e3f8da96334607eb6ac6aa\"},\"headline\":\"De Gaza ao mundo, axuda directa a 37 familias\",\"datePublished\":\"2025-08-03T16:10:01+00:00\",\"dateModified\":\"2025-09-04T15:49:37+00:00\",\"mainEntityOfPage\":{\"@id\":\"https:\\\/\\\/www.anovapeneira.gal\\\/index.php\\\/2025\\\/08\\\/03\\\/de-gaza-ao-mundo-axuda-directa-a-36-familias\\\/\"},\"wordCount\":4114,\"commentCount\":0,\"publisher\":{\"@id\":\"https:\\\/\\\/www.anovapeneira.gal\\\/#organization\"},\"image\":{\"@id\":\"https:\\\/\\\/www.anovapeneira.gal\\\/index.php\\\/2025\\\/08\\\/03\\\/de-gaza-ao-mundo-axuda-directa-a-36-familias\\\/#primaryimage\"},\"thumbnailUrl\":\"https:\\\/\\\/www.anovapeneira.gal\\\/wp-content\\\/uploads\\\/2025\\\/08\\\/de_gaza_al_mundo_peneira.jpg\",\"keywords\":[\"Axuda a Gaza\",\"De Gaza ao mundo\"],\"articleSection\":[\"Novas\"],\"inLanguage\":\"gl-ES\",\"potentialAction\":[{\"@type\":\"CommentAction\",\"name\":\"Comment\",\"target\":[\"https:\\\/\\\/www.anovapeneira.gal\\\/index.php\\\/2025\\\/08\\\/03\\\/de-gaza-ao-mundo-axuda-directa-a-36-familias\\\/#respond\"]}]},{\"@type\":\"WebPage\",\"@id\":\"https:\\\/\\\/www.anovapeneira.gal\\\/index.php\\\/2025\\\/08\\\/03\\\/de-gaza-ao-mundo-axuda-directa-a-36-familias\\\/\",\"url\":\"https:\\\/\\\/www.anovapeneira.gal\\\/index.php\\\/2025\\\/08\\\/03\\\/de-gaza-ao-mundo-axuda-directa-a-36-familias\\\/\",\"name\":\"De Gaza ao mundo, axuda directa a 37 familias -\",\"isPartOf\":{\"@id\":\"https:\\\/\\\/www.anovapeneira.gal\\\/#website\"},\"primaryImageOfPage\":{\"@id\":\"https:\\\/\\\/www.anovapeneira.gal\\\/index.php\\\/2025\\\/08\\\/03\\\/de-gaza-ao-mundo-axuda-directa-a-36-familias\\\/#primaryimage\"},\"image\":{\"@id\":\"https:\\\/\\\/www.anovapeneira.gal\\\/index.php\\\/2025\\\/08\\\/03\\\/de-gaza-ao-mundo-axuda-directa-a-36-familias\\\/#primaryimage\"},\"thumbnailUrl\":\"https:\\\/\\\/www.anovapeneira.gal\\\/wp-content\\\/uploads\\\/2025\\\/08\\\/de_gaza_al_mundo_peneira.jpg\",\"datePublished\":\"2025-08-03T16:10:01+00:00\",\"dateModified\":\"2025-09-04T15:49:37+00:00\",\"breadcrumb\":{\"@id\":\"https:\\\/\\\/www.anovapeneira.gal\\\/index.php\\\/2025\\\/08\\\/03\\\/de-gaza-ao-mundo-axuda-directa-a-36-familias\\\/#breadcrumb\"},\"inLanguage\":\"gl-ES\",\"potentialAction\":[{\"@type\":\"ReadAction\",\"target\":[\"https:\\\/\\\/www.anovapeneira.gal\\\/index.php\\\/2025\\\/08\\\/03\\\/de-gaza-ao-mundo-axuda-directa-a-36-familias\\\/\"]}]},{\"@type\":\"ImageObject\",\"inLanguage\":\"gl-ES\",\"@id\":\"https:\\\/\\\/www.anovapeneira.gal\\\/index.php\\\/2025\\\/08\\\/03\\\/de-gaza-ao-mundo-axuda-directa-a-36-familias\\\/#primaryimage\",\"url\":\"https:\\\/\\\/www.anovapeneira.gal\\\/wp-content\\\/uploads\\\/2025\\\/08\\\/de_gaza_al_mundo_peneira.jpg\",\"contentUrl\":\"https:\\\/\\\/www.anovapeneira.gal\\\/wp-content\\\/uploads\\\/2025\\\/08\\\/de_gaza_al_mundo_peneira.jpg\",\"width\":720,\"height\":432,\"caption\":\"De Gaza ao Mundo, axuda directa a familias de Gaza\"},{\"@type\":\"BreadcrumbList\",\"@id\":\"https:\\\/\\\/www.anovapeneira.gal\\\/index.php\\\/2025\\\/08\\\/03\\\/de-gaza-ao-mundo-axuda-directa-a-36-familias\\\/#breadcrumb\",\"itemListElement\":[{\"@type\":\"ListItem\",\"position\":1,\"name\":\"Portada\",\"item\":\"https:\\\/\\\/www.anovapeneira.gal\\\/\"},{\"@type\":\"ListItem\",\"position\":2,\"name\":\"De Gaza ao mundo, axuda directa a 37 familias\"}]},{\"@type\":\"WebSite\",\"@id\":\"https:\\\/\\\/www.anovapeneira.gal\\\/#website\",\"url\":\"https:\\\/\\\/www.anovapeneira.gal\\\/\",\"name\":\"\",\"description\":\"Xornal galego de informaci\u00f3n xeral Publicaci\u00f3n mensual de novas de Galicia e en especial dos Concellos da sur da provincia de Pontevedra.\",\"publisher\":{\"@id\":\"https:\\\/\\\/www.anovapeneira.gal\\\/#organization\"},\"potentialAction\":[{\"@type\":\"SearchAction\",\"target\":{\"@type\":\"EntryPoint\",\"urlTemplate\":\"https:\\\/\\\/www.anovapeneira.gal\\\/?s={search_term_string}\"},\"query-input\":{\"@type\":\"PropertyValueSpecification\",\"valueRequired\":true,\"valueName\":\"search_term_string\"}}],\"inLanguage\":\"gl-ES\"},{\"@type\":\"Organization\",\"@id\":\"https:\\\/\\\/www.anovapeneira.gal\\\/#organization\",\"name\":\"A Nova Peneira\",\"url\":\"https:\\\/\\\/www.anovapeneira.gal\\\/\",\"logo\":{\"@type\":\"ImageObject\",\"inLanguage\":\"gl-ES\",\"@id\":\"https:\\\/\\\/www.anovapeneira.gal\\\/#\\\/schema\\\/logo\\\/image\\\/\",\"url\":\"http:\\\/\\\/www.anovapeneira.gal\\\/wp-content\\\/uploads\\\/2019\\\/06\\\/logo_a_nova_peneira_portal_web.png\",\"contentUrl\":\"http:\\\/\\\/www.anovapeneira.gal\\\/wp-content\\\/uploads\\\/2019\\\/06\\\/logo_a_nova_peneira_portal_web.png\",\"width\":300,\"height\":100,\"caption\":\"A Nova Peneira\"},\"image\":{\"@id\":\"https:\\\/\\\/www.anovapeneira.gal\\\/#\\\/schema\\\/logo\\\/image\\\/\"},\"sameAs\":[\"https:\\\/\\\/www.facebook.com\\\/anovapeneira\",\"https:\\\/\\\/x.com\\\/APeneira\"]},{\"@type\":\"Person\",\"@id\":\"https:\\\/\\\/www.anovapeneira.gal\\\/#\\\/schema\\\/person\\\/b93e3f8932e3f8da96334607eb6ac6aa\",\"name\":\"Redacci\u00f3n A Nova Peneira\",\"image\":{\"@type\":\"ImageObject\",\"inLanguage\":\"gl-ES\",\"@id\":\"https:\\\/\\\/secure.gravatar.com\\\/avatar\\\/c052a2551a06e23fac63626232eaa90abd78dbcf1700fc46a2b2c89fd27b735f?s=96&d=mm&r=g\",\"url\":\"https:\\\/\\\/secure.gravatar.com\\\/avatar\\\/c052a2551a06e23fac63626232eaa90abd78dbcf1700fc46a2b2c89fd27b735f?s=96&d=mm&r=g\",\"contentUrl\":\"https:\\\/\\\/secure.gravatar.com\\\/avatar\\\/c052a2551a06e23fac63626232eaa90abd78dbcf1700fc46a2b2c89fd27b735f?s=96&d=mm&r=g\",\"caption\":\"Redacci\u00f3n A Nova Peneira\"},\"sameAs\":[\"http:\\\/\\\/www.anovapeneira.gal\\\/\"],\"url\":\"https:\\\/\\\/www.anovapeneira.gal\\\/index.php\\\/author\\\/redactor\\\/\"}]}<\/script>\n<!-- \/ Yoast SEO plugin. -->","yoast_head_json":{"title":"De Gaza ao mundo, axuda directa a 37 familias -","robots":{"index":"index","follow":"follow","max-snippet":"max-snippet:-1","max-image-preview":"max-image-preview:large","max-video-preview":"max-video-preview:-1"},"canonical":"https:\/\/www.anovapeneira.gal\/index.php\/2025\/08\/03\/de-gaza-ao-mundo-axuda-directa-a-36-familias\/","og_locale":"gl_ES","og_type":"article","og_title":"De Gaza ao mundo, axuda directa a 37 familias -","og_description":"Necesit\u00e1mosvos, necesitamos m\u00e1is doantes para garantir unha comida diaria e oxal\u00e1 para acoller a m\u00e1is persoas. \u00c9 unha situaci\u00f3n extrema, \u00e9 a \u00fanica forma que atopamos de romper o asedio. [...]","og_url":"https:\/\/www.anovapeneira.gal\/index.php\/2025\/08\/03\/de-gaza-ao-mundo-axuda-directa-a-36-familias\/","article_publisher":"https:\/\/www.facebook.com\/anovapeneira","article_published_time":"2025-08-03T16:10:01+00:00","article_modified_time":"2025-09-04T15:49:37+00:00","og_image":[{"width":720,"height":432,"url":"https:\/\/www.anovapeneira.gal\/wp-content\/uploads\/2025\/08\/de_gaza_al_mundo_peneira.jpg","type":"image\/jpeg"}],"author":"Redacci\u00f3n A Nova Peneira","twitter_card":"summary_large_image","twitter_creator":"@APeneira","twitter_site":"@APeneira","twitter_misc":{"Escrito por":"Redacci\u00f3n A Nova Peneira","Tempo de lectura":"28 minutos"},"schema":{"@context":"https:\/\/schema.org","@graph":[{"@type":"Article","@id":"https:\/\/www.anovapeneira.gal\/index.php\/2025\/08\/03\/de-gaza-ao-mundo-axuda-directa-a-36-familias\/#article","isPartOf":{"@id":"https:\/\/www.anovapeneira.gal\/index.php\/2025\/08\/03\/de-gaza-ao-mundo-axuda-directa-a-36-familias\/"},"author":{"name":"Redacci\u00f3n A Nova Peneira","@id":"https:\/\/www.anovapeneira.gal\/#\/schema\/person\/b93e3f8932e3f8da96334607eb6ac6aa"},"headline":"De Gaza ao mundo, axuda directa a 37 familias","datePublished":"2025-08-03T16:10:01+00:00","dateModified":"2025-09-04T15:49:37+00:00","mainEntityOfPage":{"@id":"https:\/\/www.anovapeneira.gal\/index.php\/2025\/08\/03\/de-gaza-ao-mundo-axuda-directa-a-36-familias\/"},"wordCount":4114,"commentCount":0,"publisher":{"@id":"https:\/\/www.anovapeneira.gal\/#organization"},"image":{"@id":"https:\/\/www.anovapeneira.gal\/index.php\/2025\/08\/03\/de-gaza-ao-mundo-axuda-directa-a-36-familias\/#primaryimage"},"thumbnailUrl":"https:\/\/www.anovapeneira.gal\/wp-content\/uploads\/2025\/08\/de_gaza_al_mundo_peneira.jpg","keywords":["Axuda a Gaza","De Gaza ao mundo"],"articleSection":["Novas"],"inLanguage":"gl-ES","potentialAction":[{"@type":"CommentAction","name":"Comment","target":["https:\/\/www.anovapeneira.gal\/index.php\/2025\/08\/03\/de-gaza-ao-mundo-axuda-directa-a-36-familias\/#respond"]}]},{"@type":"WebPage","@id":"https:\/\/www.anovapeneira.gal\/index.php\/2025\/08\/03\/de-gaza-ao-mundo-axuda-directa-a-36-familias\/","url":"https:\/\/www.anovapeneira.gal\/index.php\/2025\/08\/03\/de-gaza-ao-mundo-axuda-directa-a-36-familias\/","name":"De Gaza ao mundo, axuda directa a 37 familias -","isPartOf":{"@id":"https:\/\/www.anovapeneira.gal\/#website"},"primaryImageOfPage":{"@id":"https:\/\/www.anovapeneira.gal\/index.php\/2025\/08\/03\/de-gaza-ao-mundo-axuda-directa-a-36-familias\/#primaryimage"},"image":{"@id":"https:\/\/www.anovapeneira.gal\/index.php\/2025\/08\/03\/de-gaza-ao-mundo-axuda-directa-a-36-familias\/#primaryimage"},"thumbnailUrl":"https:\/\/www.anovapeneira.gal\/wp-content\/uploads\/2025\/08\/de_gaza_al_mundo_peneira.jpg","datePublished":"2025-08-03T16:10:01+00:00","dateModified":"2025-09-04T15:49:37+00:00","breadcrumb":{"@id":"https:\/\/www.anovapeneira.gal\/index.php\/2025\/08\/03\/de-gaza-ao-mundo-axuda-directa-a-36-familias\/#breadcrumb"},"inLanguage":"gl-ES","potentialAction":[{"@type":"ReadAction","target":["https:\/\/www.anovapeneira.gal\/index.php\/2025\/08\/03\/de-gaza-ao-mundo-axuda-directa-a-36-familias\/"]}]},{"@type":"ImageObject","inLanguage":"gl-ES","@id":"https:\/\/www.anovapeneira.gal\/index.php\/2025\/08\/03\/de-gaza-ao-mundo-axuda-directa-a-36-familias\/#primaryimage","url":"https:\/\/www.anovapeneira.gal\/wp-content\/uploads\/2025\/08\/de_gaza_al_mundo_peneira.jpg","contentUrl":"https:\/\/www.anovapeneira.gal\/wp-content\/uploads\/2025\/08\/de_gaza_al_mundo_peneira.jpg","width":720,"height":432,"caption":"De Gaza ao Mundo, axuda directa a familias de Gaza"},{"@type":"BreadcrumbList","@id":"https:\/\/www.anovapeneira.gal\/index.php\/2025\/08\/03\/de-gaza-ao-mundo-axuda-directa-a-36-familias\/#breadcrumb","itemListElement":[{"@type":"ListItem","position":1,"name":"Portada","item":"https:\/\/www.anovapeneira.gal\/"},{"@type":"ListItem","position":2,"name":"De Gaza ao mundo, axuda directa a 37 familias"}]},{"@type":"WebSite","@id":"https:\/\/www.anovapeneira.gal\/#website","url":"https:\/\/www.anovapeneira.gal\/","name":"","description":"Xornal galego de informaci\u00f3n xeral Publicaci\u00f3n mensual de novas de Galicia e en especial dos Concellos da sur da provincia de Pontevedra.","publisher":{"@id":"https:\/\/www.anovapeneira.gal\/#organization"},"potentialAction":[{"@type":"SearchAction","target":{"@type":"EntryPoint","urlTemplate":"https:\/\/www.anovapeneira.gal\/?s={search_term_string}"},"query-input":{"@type":"PropertyValueSpecification","valueRequired":true,"valueName":"search_term_string"}}],"inLanguage":"gl-ES"},{"@type":"Organization","@id":"https:\/\/www.anovapeneira.gal\/#organization","name":"A Nova Peneira","url":"https:\/\/www.anovapeneira.gal\/","logo":{"@type":"ImageObject","inLanguage":"gl-ES","@id":"https:\/\/www.anovapeneira.gal\/#\/schema\/logo\/image\/","url":"http:\/\/www.anovapeneira.gal\/wp-content\/uploads\/2019\/06\/logo_a_nova_peneira_portal_web.png","contentUrl":"http:\/\/www.anovapeneira.gal\/wp-content\/uploads\/2019\/06\/logo_a_nova_peneira_portal_web.png","width":300,"height":100,"caption":"A Nova Peneira"},"image":{"@id":"https:\/\/www.anovapeneira.gal\/#\/schema\/logo\/image\/"},"sameAs":["https:\/\/www.facebook.com\/anovapeneira","https:\/\/x.com\/APeneira"]},{"@type":"Person","@id":"https:\/\/www.anovapeneira.gal\/#\/schema\/person\/b93e3f8932e3f8da96334607eb6ac6aa","name":"Redacci\u00f3n A Nova Peneira","image":{"@type":"ImageObject","inLanguage":"gl-ES","@id":"https:\/\/secure.gravatar.com\/avatar\/c052a2551a06e23fac63626232eaa90abd78dbcf1700fc46a2b2c89fd27b735f?s=96&d=mm&r=g","url":"https:\/\/secure.gravatar.com\/avatar\/c052a2551a06e23fac63626232eaa90abd78dbcf1700fc46a2b2c89fd27b735f?s=96&d=mm&r=g","contentUrl":"https:\/\/secure.gravatar.com\/avatar\/c052a2551a06e23fac63626232eaa90abd78dbcf1700fc46a2b2c89fd27b735f?s=96&d=mm&r=g","caption":"Redacci\u00f3n A Nova Peneira"},"sameAs":["http:\/\/www.anovapeneira.gal\/"],"url":"https:\/\/www.anovapeneira.gal\/index.php\/author\/redactor\/"}]}},"jetpack_featured_media_url":"https:\/\/www.anovapeneira.gal\/wp-content\/uploads\/2025\/08\/de_gaza_al_mundo_peneira.jpg","_links":{"self":[{"href":"https:\/\/www.anovapeneira.gal\/index.php\/wp-json\/wp\/v2\/posts\/14299","targetHints":{"allow":["GET"]}}],"collection":[{"href":"https:\/\/www.anovapeneira.gal\/index.php\/wp-json\/wp\/v2\/posts"}],"about":[{"href":"https:\/\/www.anovapeneira.gal\/index.php\/wp-json\/wp\/v2\/types\/post"}],"author":[{"embeddable":true,"href":"https:\/\/www.anovapeneira.gal\/index.php\/wp-json\/wp\/v2\/users\/3"}],"replies":[{"embeddable":true,"href":"https:\/\/www.anovapeneira.gal\/index.php\/wp-json\/wp\/v2\/comments?post=14299"}],"version-history":[{"count":61,"href":"https:\/\/www.anovapeneira.gal\/index.php\/wp-json\/wp\/v2\/posts\/14299\/revisions"}],"predecessor-version":[{"id":14527,"href":"https:\/\/www.anovapeneira.gal\/index.php\/wp-json\/wp\/v2\/posts\/14299\/revisions\/14527"}],"wp:featuredmedia":[{"embeddable":true,"href":"https:\/\/www.anovapeneira.gal\/index.php\/wp-json\/wp\/v2\/media\/14388"}],"wp:attachment":[{"href":"https:\/\/www.anovapeneira.gal\/index.php\/wp-json\/wp\/v2\/media?parent=14299"}],"wp:term":[{"taxonomy":"category","embeddable":true,"href":"https:\/\/www.anovapeneira.gal\/index.php\/wp-json\/wp\/v2\/categories?post=14299"},{"taxonomy":"post_tag","embeddable":true,"href":"https:\/\/www.anovapeneira.gal\/index.php\/wp-json\/wp\/v2\/tags?post=14299"}],"curies":[{"name":"wp","href":"https:\/\/api.w.org\/{rel}","templated":true}]}}