{"id":143,"date":"2019-05-13T09:24:05","date_gmt":"2019-05-13T07:24:05","guid":{"rendered":"http:\/\/www.anovapeneira.gal\/?p=143"},"modified":"2019-06-25T06:41:09","modified_gmt":"2019-06-25T04:41:09","slug":"atomos-e-prexuizos","status":"publish","type":"post","link":"https:\/\/www.anovapeneira.gal\/index.php\/2019\/05\/13\/atomos-e-prexuizos\/","title":{"rendered":"\u00c1tomos e prexu\u00edzos"},"content":{"rendered":"\n<figure class=\"wp-block-image is-resized\"><img loading=\"lazy\" decoding=\"async\" src=\"http:\/\/www.anovapeneira.gal\/wp-content\/uploads\/2019\/05\/angel_perez_opinion_a_nova_peneira_bn.jpg\" alt=\"\u00c1ngel P\u00e9rez A Nova Peneira\" class=\"wp-image-202\" width=\"95\" height=\"111\"\/><figcaption><strong>\u00c1NGEL P\u00c9REZ<\/strong> <em>Profesor de filosof\u00eda<\/em><\/figcaption><\/figure>\n\n\n\n<p>Entre\nd\u00faas persoas de distinta confesi\u00f3n relixiosa chegar\u00e1 un punto en\nque necesariamente recuar\u00e1n a cadans\u00faa posici\u00f3n.  Un cristi\u00e1 e un\nxudeu non se poden po\u00f1er de acordo a respecto de se o Reino de Deus\nxa chegou ou non. Cuestionar ese punto implica algunha revisi\u00f3n do\nsignificado de \u201ccristi\u00e1\u201d e \u201cxudeu\u201d. Igual pasa cos\nmusulm\u00e1ns. Non poden admitir a tramite a cuesti\u00f3n de que Deus poida\nter fillos. A\u00ed imp\u00f3nselles a s\u00faa fe, que \u00e9 a s\u00faa identidade. \n<\/p>\n\n\n\n<p>Nunha\ntarde cami\u00f1aba \u00e1 beira do r\u00edo Barxa, na parroquia de Beade, cando\ndin cun par de amigos que vi\u00f1an en sentido contrario. Sum\u00e1ronme,\namablemente, a s\u00faa conversa. Falaban do complicado que pode resultar\no di\u00e1logo entre os que non comparten as mesmas ideas pol\u00edticas. Do\nfen\u00f3meno de divisi\u00f3n que tantas veces acompa\u00f1a \u00e1 conversaci\u00f3n\npol\u00edtica. Para levar o tema desde un \u00e1ngulo m\u00e1is fr\u00edo, propuxen\ncomparar o di\u00e1logo pol\u00edtico co relixioso. Sem\u00e9llase, dixen, nisto\nm\u00e1is \u00e1 relixi\u00f3n que a ciencia. \n<\/p>\n\n\n\n<p>A\ncapacidade de deliberar dos individuos implicados nesa conversa, que\nneste caso aceptar\u00edan que as tres confesi\u00f3ns proceden da mesma\ntradici\u00f3n, da idea de alianza entre Deus e os homes, atopa, por\u00e9n,\nun l\u00edmite infranqueable baixo a coacci\u00f3n de non traizoar a s\u00faa fe\ne se converter nun herexe. \n<\/p>\n\n\n\n<p>En\ncambio, son os herexes que polemizan contra as verdades establecidas,\nos que identifican a ciencia cunha actitude sempre disposta a\ndesintegrar os prexu\u00edzos, por parafrasear aquel dito atribu\u00eddo a\nEinstein, de que \u201c\u00e9 m\u00e1is f\u00e1cil desintegrar un \u00e1tomo que un\nprexu\u00edzo\u201d.<\/p>\n\n\n\n<p>O\nm\u00e1is novo de n\u00f3s, nese momento, reparou en que o fen\u00f3meno de\ndivisi\u00f3n que sucede tantas veces nas leas pol\u00edticas, corresponde\ncoa divisi\u00f3n do que foi a \u201ccristiandade\u201d, a  Europa baixo o\npoder dos papas, en naci\u00f3ns de distinta identidade relixiosa,\nprotestantes, e cat\u00f3licos, xusto nun momento no que a relixi\u00f3n\nestaba sendo vencida pola ciencia no sentido de que xa non cab\u00eda\napelar \u00e1 fe para soster a validez das leis. Empe\u00f1arse en facelo as\u00ed\nequival\u00eda a facer valer os prexu\u00edzos relixiosos, dun particular ou\ndun grupo, sobre a raz\u00f3n com\u00fan.<\/p>\n\n\n\n<p>Vendo\nque acordabamos cos seus comentarios, o m\u00e1is novo de n\u00f3s, continuou\ncon esa li\u00f1a. Daquela, dixo, pese a que a relixi\u00f3n deixou de ser\nalgo p\u00fablico e pasou a ser algo tolerado en tanto crenza persoal,\nprevaleceu o fen\u00f3meno da divisi\u00f3n dos pobos pol\u00edticos en termos de\nhomoxeneidade relixiosa. Un pobo, unha confesi\u00f3n. E, dese xeito,\nreco\u00f1ec\u00edase pola v\u00eda dos feitos, polo menos, que a paz pol\u00edtica\ndepend\u00eda da com\u00fan confesionalidade. \n<\/p>\n\n\n\n<p>Pois\nben, daquela o noso novo amigo xa se vira arriba. Ao aceptar, dixo,\ninda que nada m\u00e1is fose pola v\u00eda dos feitos, os estados, unha\nidentidade confesional, asum\u00edan, espetounos, aquilo que cr\u00edan ter\nnegado, \u00e9 dicir, a autoridade da fe sobre a raz\u00f3n.  Ti\u00f1an\nrenunciado, por dicilo, de outra maneira, \u00e1 concepci\u00f3n democr\u00e1tica\nda pol\u00edtica. Pois esta o \u00fanico que esixe \u00e9 que ningu\u00e9n se\npresente cunha crenza particular, non asumible por todos, como a\n\u00fanica unha crenza que faga posible a paz.<\/p>\n","protected":false},"excerpt":{"rendered":"<div class=\"mh-excerpt\"><p>Entre d\u00faas persoas de distinta confesi\u00f3n relixiosa chegar\u00e1 un punto en que necesariamente recuar\u00e1n a cadans\u00faa posici\u00f3n. Un cristi\u00e1 e un xudeu non se poden po\u00f1er de acordo a respecto de se o Reino de Deus xa chegou ou non. <a class=\"mh-excerpt-more\" href=\"https:\/\/www.anovapeneira.gal\/index.php\/2019\/05\/13\/atomos-e-prexuizos\/\" title=\"\u00c1tomos e prexu\u00edzos\">[&#8230;]<\/a><\/p>\n<\/div>","protected":false},"author":3,"featured_media":145,"comment_status":"open","ping_status":"open","sticky":false,"template":"","format":"standard","meta":{"_exactmetrics_skip_tracking":false,"_exactmetrics_sitenote_active":false,"_exactmetrics_sitenote_note":"","_exactmetrics_sitenote_category":0,"footnotes":""},"categories":[7],"tags":[58,60,12,59],"class_list":{"0":"post-143","1":"post","2":"type-post","3":"status-publish","4":"format-standard","5":"has-post-thumbnail","7":"category-artigos-de-opinion","8":"tag-opinion","9":"tag-parroquia-de-beade","10":"tag-politica","11":"tag-rio-barxa"},"yoast_head":"<!-- This site is optimized with the Yoast SEO plugin v27.4 - https:\/\/yoast.com\/product\/yoast-seo-wordpress\/ -->\n<title>\u00c1tomos e prexu\u00edzos -<\/title>\n<meta name=\"robots\" content=\"index, follow, max-snippet:-1, max-image-preview:large, max-video-preview:-1\" \/>\n<link rel=\"canonical\" href=\"https:\/\/www.anovapeneira.gal\/index.php\/2019\/05\/13\/atomos-e-prexuizos\/\" \/>\n<meta property=\"og:locale\" content=\"gl_ES\" \/>\n<meta property=\"og:type\" content=\"article\" \/>\n<meta property=\"og:title\" content=\"\u00c1tomos e prexu\u00edzos -\" \/>\n<meta property=\"og:description\" content=\"Entre d\u00faas persoas de distinta confesi\u00f3n relixiosa chegar\u00e1 un punto en que necesariamente recuar\u00e1n a cadans\u00faa posici\u00f3n. Un cristi\u00e1 e un xudeu non se poden po\u00f1er de acordo a respecto de se o Reino de Deus xa chegou ou non. [...]\" \/>\n<meta property=\"og:url\" content=\"https:\/\/www.anovapeneira.gal\/index.php\/2019\/05\/13\/atomos-e-prexuizos\/\" \/>\n<meta property=\"article:publisher\" content=\"https:\/\/www.facebook.com\/anovapeneira\" \/>\n<meta property=\"article:published_time\" content=\"2019-05-13T07:24:05+00:00\" \/>\n<meta property=\"article:modified_time\" content=\"2019-06-25T04:41:09+00:00\" \/>\n<meta property=\"og:image\" content=\"https:\/\/www.anovapeneira.gal\/wp-content\/uploads\/2019\/05\/rio_barxa_beada_a_nova_peneira.jpg\" \/>\n\t<meta property=\"og:image:width\" content=\"700\" \/>\n\t<meta property=\"og:image:height\" content=\"483\" \/>\n\t<meta property=\"og:image:type\" content=\"image\/jpeg\" \/>\n<meta name=\"author\" content=\"Redacci\u00f3n A Nova Peneira\" \/>\n<meta name=\"twitter:card\" content=\"summary_large_image\" \/>\n<meta name=\"twitter:creator\" content=\"@APeneira\" \/>\n<meta name=\"twitter:site\" content=\"@APeneira\" \/>\n<meta name=\"twitter:label1\" content=\"Escrito por\" \/>\n\t<meta name=\"twitter:data1\" content=\"Redacci\u00f3n A Nova Peneira\" \/>\n\t<meta name=\"twitter:label2\" content=\"Tempo de lectura\" \/>\n\t<meta name=\"twitter:data2\" content=\"3 minutos\" \/>\n<script type=\"application\/ld+json\" class=\"yoast-schema-graph\">{\"@context\":\"https:\\\/\\\/schema.org\",\"@graph\":[{\"@type\":\"Article\",\"@id\":\"https:\\\/\\\/www.anovapeneira.gal\\\/index.php\\\/2019\\\/05\\\/13\\\/atomos-e-prexuizos\\\/#article\",\"isPartOf\":{\"@id\":\"https:\\\/\\\/www.anovapeneira.gal\\\/index.php\\\/2019\\\/05\\\/13\\\/atomos-e-prexuizos\\\/\"},\"author\":{\"name\":\"Redacci\u00f3n A Nova Peneira\",\"@id\":\"https:\\\/\\\/www.anovapeneira.gal\\\/#\\\/schema\\\/person\\\/b93e3f8932e3f8da96334607eb6ac6aa\"},\"headline\":\"\u00c1tomos e prexu\u00edzos\",\"datePublished\":\"2019-05-13T07:24:05+00:00\",\"dateModified\":\"2019-06-25T04:41:09+00:00\",\"mainEntityOfPage\":{\"@id\":\"https:\\\/\\\/www.anovapeneira.gal\\\/index.php\\\/2019\\\/05\\\/13\\\/atomos-e-prexuizos\\\/\"},\"wordCount\":585,\"commentCount\":0,\"publisher\":{\"@id\":\"https:\\\/\\\/www.anovapeneira.gal\\\/#organization\"},\"image\":{\"@id\":\"https:\\\/\\\/www.anovapeneira.gal\\\/index.php\\\/2019\\\/05\\\/13\\\/atomos-e-prexuizos\\\/#primaryimage\"},\"thumbnailUrl\":\"https:\\\/\\\/www.anovapeneira.gal\\\/wp-content\\\/uploads\\\/2019\\\/05\\\/rio_barxa_beada_a_nova_peneira.jpg\",\"keywords\":[\"Opini\u00f3n\",\"Parroqu\u00eda de Beade\",\"Pol\u00edtica\",\"R\u00edo Barxa\"],\"articleSection\":[\"Artigos de opini\u00f3n\"],\"inLanguage\":\"gl-ES\",\"potentialAction\":[{\"@type\":\"CommentAction\",\"name\":\"Comment\",\"target\":[\"https:\\\/\\\/www.anovapeneira.gal\\\/index.php\\\/2019\\\/05\\\/13\\\/atomos-e-prexuizos\\\/#respond\"]}]},{\"@type\":\"WebPage\",\"@id\":\"https:\\\/\\\/www.anovapeneira.gal\\\/index.php\\\/2019\\\/05\\\/13\\\/atomos-e-prexuizos\\\/\",\"url\":\"https:\\\/\\\/www.anovapeneira.gal\\\/index.php\\\/2019\\\/05\\\/13\\\/atomos-e-prexuizos\\\/\",\"name\":\"\u00c1tomos e prexu\u00edzos -\",\"isPartOf\":{\"@id\":\"https:\\\/\\\/www.anovapeneira.gal\\\/#website\"},\"primaryImageOfPage\":{\"@id\":\"https:\\\/\\\/www.anovapeneira.gal\\\/index.php\\\/2019\\\/05\\\/13\\\/atomos-e-prexuizos\\\/#primaryimage\"},\"image\":{\"@id\":\"https:\\\/\\\/www.anovapeneira.gal\\\/index.php\\\/2019\\\/05\\\/13\\\/atomos-e-prexuizos\\\/#primaryimage\"},\"thumbnailUrl\":\"https:\\\/\\\/www.anovapeneira.gal\\\/wp-content\\\/uploads\\\/2019\\\/05\\\/rio_barxa_beada_a_nova_peneira.jpg\",\"datePublished\":\"2019-05-13T07:24:05+00:00\",\"dateModified\":\"2019-06-25T04:41:09+00:00\",\"breadcrumb\":{\"@id\":\"https:\\\/\\\/www.anovapeneira.gal\\\/index.php\\\/2019\\\/05\\\/13\\\/atomos-e-prexuizos\\\/#breadcrumb\"},\"inLanguage\":\"gl-ES\",\"potentialAction\":[{\"@type\":\"ReadAction\",\"target\":[\"https:\\\/\\\/www.anovapeneira.gal\\\/index.php\\\/2019\\\/05\\\/13\\\/atomos-e-prexuizos\\\/\"]}]},{\"@type\":\"ImageObject\",\"inLanguage\":\"gl-ES\",\"@id\":\"https:\\\/\\\/www.anovapeneira.gal\\\/index.php\\\/2019\\\/05\\\/13\\\/atomos-e-prexuizos\\\/#primaryimage\",\"url\":\"https:\\\/\\\/www.anovapeneira.gal\\\/wp-content\\\/uploads\\\/2019\\\/05\\\/rio_barxa_beada_a_nova_peneira.jpg\",\"contentUrl\":\"https:\\\/\\\/www.anovapeneira.gal\\\/wp-content\\\/uploads\\\/2019\\\/05\\\/rio_barxa_beada_a_nova_peneira.jpg\",\"width\":700,\"height\":483,\"caption\":\"R\u00edo Barxa A nova Peneira\"},{\"@type\":\"BreadcrumbList\",\"@id\":\"https:\\\/\\\/www.anovapeneira.gal\\\/index.php\\\/2019\\\/05\\\/13\\\/atomos-e-prexuizos\\\/#breadcrumb\",\"itemListElement\":[{\"@type\":\"ListItem\",\"position\":1,\"name\":\"Portada\",\"item\":\"https:\\\/\\\/www.anovapeneira.gal\\\/\"},{\"@type\":\"ListItem\",\"position\":2,\"name\":\"\u00c1tomos e prexu\u00edzos\"}]},{\"@type\":\"WebSite\",\"@id\":\"https:\\\/\\\/www.anovapeneira.gal\\\/#website\",\"url\":\"https:\\\/\\\/www.anovapeneira.gal\\\/\",\"name\":\"\",\"description\":\"Xornal galego de informaci\u00f3n xeral Publicaci\u00f3n mensual de novas de Galicia e en especial dos Concellos da sur da provincia de Pontevedra.\",\"publisher\":{\"@id\":\"https:\\\/\\\/www.anovapeneira.gal\\\/#organization\"},\"potentialAction\":[{\"@type\":\"SearchAction\",\"target\":{\"@type\":\"EntryPoint\",\"urlTemplate\":\"https:\\\/\\\/www.anovapeneira.gal\\\/?s={search_term_string}\"},\"query-input\":{\"@type\":\"PropertyValueSpecification\",\"valueRequired\":true,\"valueName\":\"search_term_string\"}}],\"inLanguage\":\"gl-ES\"},{\"@type\":\"Organization\",\"@id\":\"https:\\\/\\\/www.anovapeneira.gal\\\/#organization\",\"name\":\"A Nova Peneira\",\"url\":\"https:\\\/\\\/www.anovapeneira.gal\\\/\",\"logo\":{\"@type\":\"ImageObject\",\"inLanguage\":\"gl-ES\",\"@id\":\"https:\\\/\\\/www.anovapeneira.gal\\\/#\\\/schema\\\/logo\\\/image\\\/\",\"url\":\"http:\\\/\\\/www.anovapeneira.gal\\\/wp-content\\\/uploads\\\/2019\\\/06\\\/logo_a_nova_peneira_portal_web.png\",\"contentUrl\":\"http:\\\/\\\/www.anovapeneira.gal\\\/wp-content\\\/uploads\\\/2019\\\/06\\\/logo_a_nova_peneira_portal_web.png\",\"width\":300,\"height\":100,\"caption\":\"A Nova Peneira\"},\"image\":{\"@id\":\"https:\\\/\\\/www.anovapeneira.gal\\\/#\\\/schema\\\/logo\\\/image\\\/\"},\"sameAs\":[\"https:\\\/\\\/www.facebook.com\\\/anovapeneira\",\"https:\\\/\\\/x.com\\\/APeneira\"]},{\"@type\":\"Person\",\"@id\":\"https:\\\/\\\/www.anovapeneira.gal\\\/#\\\/schema\\\/person\\\/b93e3f8932e3f8da96334607eb6ac6aa\",\"name\":\"Redacci\u00f3n A Nova Peneira\",\"image\":{\"@type\":\"ImageObject\",\"inLanguage\":\"gl-ES\",\"@id\":\"https:\\\/\\\/secure.gravatar.com\\\/avatar\\\/c052a2551a06e23fac63626232eaa90abd78dbcf1700fc46a2b2c89fd27b735f?s=96&d=mm&r=g\",\"url\":\"https:\\\/\\\/secure.gravatar.com\\\/avatar\\\/c052a2551a06e23fac63626232eaa90abd78dbcf1700fc46a2b2c89fd27b735f?s=96&d=mm&r=g\",\"contentUrl\":\"https:\\\/\\\/secure.gravatar.com\\\/avatar\\\/c052a2551a06e23fac63626232eaa90abd78dbcf1700fc46a2b2c89fd27b735f?s=96&d=mm&r=g\",\"caption\":\"Redacci\u00f3n A Nova Peneira\"},\"sameAs\":[\"http:\\\/\\\/www.anovapeneira.gal\\\/\"],\"url\":\"https:\\\/\\\/www.anovapeneira.gal\\\/index.php\\\/author\\\/redactor\\\/\"}]}<\/script>\n<!-- \/ Yoast SEO plugin. -->","yoast_head_json":{"title":"\u00c1tomos e prexu\u00edzos -","robots":{"index":"index","follow":"follow","max-snippet":"max-snippet:-1","max-image-preview":"max-image-preview:large","max-video-preview":"max-video-preview:-1"},"canonical":"https:\/\/www.anovapeneira.gal\/index.php\/2019\/05\/13\/atomos-e-prexuizos\/","og_locale":"gl_ES","og_type":"article","og_title":"\u00c1tomos e prexu\u00edzos -","og_description":"Entre d\u00faas persoas de distinta confesi\u00f3n relixiosa chegar\u00e1 un punto en que necesariamente recuar\u00e1n a cadans\u00faa posici\u00f3n. Un cristi\u00e1 e un xudeu non se poden po\u00f1er de acordo a respecto de se o Reino de Deus xa chegou ou non. [...]","og_url":"https:\/\/www.anovapeneira.gal\/index.php\/2019\/05\/13\/atomos-e-prexuizos\/","article_publisher":"https:\/\/www.facebook.com\/anovapeneira","article_published_time":"2019-05-13T07:24:05+00:00","article_modified_time":"2019-06-25T04:41:09+00:00","og_image":[{"width":700,"height":483,"url":"https:\/\/www.anovapeneira.gal\/wp-content\/uploads\/2019\/05\/rio_barxa_beada_a_nova_peneira.jpg","type":"image\/jpeg"}],"author":"Redacci\u00f3n A Nova Peneira","twitter_card":"summary_large_image","twitter_creator":"@APeneira","twitter_site":"@APeneira","twitter_misc":{"Escrito por":"Redacci\u00f3n A Nova Peneira","Tempo de lectura":"3 minutos"},"schema":{"@context":"https:\/\/schema.org","@graph":[{"@type":"Article","@id":"https:\/\/www.anovapeneira.gal\/index.php\/2019\/05\/13\/atomos-e-prexuizos\/#article","isPartOf":{"@id":"https:\/\/www.anovapeneira.gal\/index.php\/2019\/05\/13\/atomos-e-prexuizos\/"},"author":{"name":"Redacci\u00f3n A Nova Peneira","@id":"https:\/\/www.anovapeneira.gal\/#\/schema\/person\/b93e3f8932e3f8da96334607eb6ac6aa"},"headline":"\u00c1tomos e prexu\u00edzos","datePublished":"2019-05-13T07:24:05+00:00","dateModified":"2019-06-25T04:41:09+00:00","mainEntityOfPage":{"@id":"https:\/\/www.anovapeneira.gal\/index.php\/2019\/05\/13\/atomos-e-prexuizos\/"},"wordCount":585,"commentCount":0,"publisher":{"@id":"https:\/\/www.anovapeneira.gal\/#organization"},"image":{"@id":"https:\/\/www.anovapeneira.gal\/index.php\/2019\/05\/13\/atomos-e-prexuizos\/#primaryimage"},"thumbnailUrl":"https:\/\/www.anovapeneira.gal\/wp-content\/uploads\/2019\/05\/rio_barxa_beada_a_nova_peneira.jpg","keywords":["Opini\u00f3n","Parroqu\u00eda de Beade","Pol\u00edtica","R\u00edo Barxa"],"articleSection":["Artigos de opini\u00f3n"],"inLanguage":"gl-ES","potentialAction":[{"@type":"CommentAction","name":"Comment","target":["https:\/\/www.anovapeneira.gal\/index.php\/2019\/05\/13\/atomos-e-prexuizos\/#respond"]}]},{"@type":"WebPage","@id":"https:\/\/www.anovapeneira.gal\/index.php\/2019\/05\/13\/atomos-e-prexuizos\/","url":"https:\/\/www.anovapeneira.gal\/index.php\/2019\/05\/13\/atomos-e-prexuizos\/","name":"\u00c1tomos e prexu\u00edzos -","isPartOf":{"@id":"https:\/\/www.anovapeneira.gal\/#website"},"primaryImageOfPage":{"@id":"https:\/\/www.anovapeneira.gal\/index.php\/2019\/05\/13\/atomos-e-prexuizos\/#primaryimage"},"image":{"@id":"https:\/\/www.anovapeneira.gal\/index.php\/2019\/05\/13\/atomos-e-prexuizos\/#primaryimage"},"thumbnailUrl":"https:\/\/www.anovapeneira.gal\/wp-content\/uploads\/2019\/05\/rio_barxa_beada_a_nova_peneira.jpg","datePublished":"2019-05-13T07:24:05+00:00","dateModified":"2019-06-25T04:41:09+00:00","breadcrumb":{"@id":"https:\/\/www.anovapeneira.gal\/index.php\/2019\/05\/13\/atomos-e-prexuizos\/#breadcrumb"},"inLanguage":"gl-ES","potentialAction":[{"@type":"ReadAction","target":["https:\/\/www.anovapeneira.gal\/index.php\/2019\/05\/13\/atomos-e-prexuizos\/"]}]},{"@type":"ImageObject","inLanguage":"gl-ES","@id":"https:\/\/www.anovapeneira.gal\/index.php\/2019\/05\/13\/atomos-e-prexuizos\/#primaryimage","url":"https:\/\/www.anovapeneira.gal\/wp-content\/uploads\/2019\/05\/rio_barxa_beada_a_nova_peneira.jpg","contentUrl":"https:\/\/www.anovapeneira.gal\/wp-content\/uploads\/2019\/05\/rio_barxa_beada_a_nova_peneira.jpg","width":700,"height":483,"caption":"R\u00edo Barxa A nova Peneira"},{"@type":"BreadcrumbList","@id":"https:\/\/www.anovapeneira.gal\/index.php\/2019\/05\/13\/atomos-e-prexuizos\/#breadcrumb","itemListElement":[{"@type":"ListItem","position":1,"name":"Portada","item":"https:\/\/www.anovapeneira.gal\/"},{"@type":"ListItem","position":2,"name":"\u00c1tomos e prexu\u00edzos"}]},{"@type":"WebSite","@id":"https:\/\/www.anovapeneira.gal\/#website","url":"https:\/\/www.anovapeneira.gal\/","name":"","description":"Xornal galego de informaci\u00f3n xeral Publicaci\u00f3n mensual de novas de Galicia e en especial dos Concellos da sur da provincia de Pontevedra.","publisher":{"@id":"https:\/\/www.anovapeneira.gal\/#organization"},"potentialAction":[{"@type":"SearchAction","target":{"@type":"EntryPoint","urlTemplate":"https:\/\/www.anovapeneira.gal\/?s={search_term_string}"},"query-input":{"@type":"PropertyValueSpecification","valueRequired":true,"valueName":"search_term_string"}}],"inLanguage":"gl-ES"},{"@type":"Organization","@id":"https:\/\/www.anovapeneira.gal\/#organization","name":"A Nova Peneira","url":"https:\/\/www.anovapeneira.gal\/","logo":{"@type":"ImageObject","inLanguage":"gl-ES","@id":"https:\/\/www.anovapeneira.gal\/#\/schema\/logo\/image\/","url":"http:\/\/www.anovapeneira.gal\/wp-content\/uploads\/2019\/06\/logo_a_nova_peneira_portal_web.png","contentUrl":"http:\/\/www.anovapeneira.gal\/wp-content\/uploads\/2019\/06\/logo_a_nova_peneira_portal_web.png","width":300,"height":100,"caption":"A Nova Peneira"},"image":{"@id":"https:\/\/www.anovapeneira.gal\/#\/schema\/logo\/image\/"},"sameAs":["https:\/\/www.facebook.com\/anovapeneira","https:\/\/x.com\/APeneira"]},{"@type":"Person","@id":"https:\/\/www.anovapeneira.gal\/#\/schema\/person\/b93e3f8932e3f8da96334607eb6ac6aa","name":"Redacci\u00f3n A Nova Peneira","image":{"@type":"ImageObject","inLanguage":"gl-ES","@id":"https:\/\/secure.gravatar.com\/avatar\/c052a2551a06e23fac63626232eaa90abd78dbcf1700fc46a2b2c89fd27b735f?s=96&d=mm&r=g","url":"https:\/\/secure.gravatar.com\/avatar\/c052a2551a06e23fac63626232eaa90abd78dbcf1700fc46a2b2c89fd27b735f?s=96&d=mm&r=g","contentUrl":"https:\/\/secure.gravatar.com\/avatar\/c052a2551a06e23fac63626232eaa90abd78dbcf1700fc46a2b2c89fd27b735f?s=96&d=mm&r=g","caption":"Redacci\u00f3n A Nova Peneira"},"sameAs":["http:\/\/www.anovapeneira.gal\/"],"url":"https:\/\/www.anovapeneira.gal\/index.php\/author\/redactor\/"}]}},"jetpack_featured_media_url":"https:\/\/www.anovapeneira.gal\/wp-content\/uploads\/2019\/05\/rio_barxa_beada_a_nova_peneira.jpg","_links":{"self":[{"href":"https:\/\/www.anovapeneira.gal\/index.php\/wp-json\/wp\/v2\/posts\/143","targetHints":{"allow":["GET"]}}],"collection":[{"href":"https:\/\/www.anovapeneira.gal\/index.php\/wp-json\/wp\/v2\/posts"}],"about":[{"href":"https:\/\/www.anovapeneira.gal\/index.php\/wp-json\/wp\/v2\/types\/post"}],"author":[{"embeddable":true,"href":"https:\/\/www.anovapeneira.gal\/index.php\/wp-json\/wp\/v2\/users\/3"}],"replies":[{"embeddable":true,"href":"https:\/\/www.anovapeneira.gal\/index.php\/wp-json\/wp\/v2\/comments?post=143"}],"version-history":[{"count":7,"href":"https:\/\/www.anovapeneira.gal\/index.php\/wp-json\/wp\/v2\/posts\/143\/revisions"}],"predecessor-version":[{"id":203,"href":"https:\/\/www.anovapeneira.gal\/index.php\/wp-json\/wp\/v2\/posts\/143\/revisions\/203"}],"wp:featuredmedia":[{"embeddable":true,"href":"https:\/\/www.anovapeneira.gal\/index.php\/wp-json\/wp\/v2\/media\/145"}],"wp:attachment":[{"href":"https:\/\/www.anovapeneira.gal\/index.php\/wp-json\/wp\/v2\/media?parent=143"}],"wp:term":[{"taxonomy":"category","embeddable":true,"href":"https:\/\/www.anovapeneira.gal\/index.php\/wp-json\/wp\/v2\/categories?post=143"},{"taxonomy":"post_tag","embeddable":true,"href":"https:\/\/www.anovapeneira.gal\/index.php\/wp-json\/wp\/v2\/tags?post=143"}],"curies":[{"name":"wp","href":"https:\/\/api.w.org\/{rel}","templated":true}]}}