{"id":1430,"date":"2019-10-07T12:00:18","date_gmt":"2019-10-07T10:00:18","guid":{"rendered":"http:\/\/www.anovapeneira.gal\/?p=1430"},"modified":"2019-10-06T21:14:55","modified_gmt":"2019-10-06T19:14:55","slug":"tomino-reconece-a-contribucion-de-jose-maria-gude-coma-mestre-e-na-recuperacion-da-cultura-e-tradicions","status":"publish","type":"post","link":"https:\/\/www.anovapeneira.gal\/index.php\/2019\/10\/07\/tomino-reconece-a-contribucion-de-jose-maria-gude-coma-mestre-e-na-recuperacion-da-cultura-e-tradicions\/","title":{"rendered":"Tomi\u00f1o reco\u00f1ece a contribuci\u00f3n de Jos\u00e9 Mar\u00eda Gude coma mestre e na recuperaci\u00f3n da cultura e tradici\u00f3ns"},"content":{"rendered":"\n<h2 class=\"wp-block-heading\"><strong>Autoridades\nlocais e doutros concellos, familiares, amigos, ex-alumnos e\nintegrantes do grupo Airi\u00f1os de Tebra, arrouparon ao homenaxeado<\/strong><\/h2>\n\n\n\n<p><strong>Tomi\u00f1o, 17 de setembro de 2018<\/strong><\/p>\n\n\n\n<p>Afincado\nen Tebra,ex mestre de Tomi\u00f1o no CEP Pedro Caselles,\nJos\u00e9 M\u00aa \u201cPepe\u201d Gude, foi homenaxeado polo Concello de Tomi\u00f1o,\nnun acto c\u00edvico, celebrado odomingo na Praza do Seixo, non marco das\nfestas patronais do Alivio 2019.<\/p>\n\n\n\n<p>Pol\u00edticos\nda corporaci\u00f3n local do Concello, homenaxeados en anos anteriores;\nrepresentantes da , Garda Civil, Polic\u00eda Local e Protecci\u00f3n Civil;\nalcaldes e concelleiros da comarca; familiares, amigos, veci\u00f1os e\nex-alumnos, arrouparon ao homenaxeado nun acto sinxelo e emotivo , no\nque tam\u00e9n participaron a Agrupaci\u00f3n Musical de Goi\u00e1n e o Grupo\nAiri\u00f1os de Tebra (cuxa creaci\u00f3n liderou Gude hai medio s\u00e9culo).<\/p>\n\n\n\n<p>Decenas\nde persoas congreg\u00e1ronse na Praza do Seixo, para asistir ao Acto\nC\u00edvico que, hai algo m\u00e1is dunha d\u00e9cada, comezou a celebrar o\ngoberno local, co prop\u00f3sito de reco\u00f1ecer a contribuci\u00f3n de persoas\n\u201cque foron un exemplo a seguir, que abriron cami\u00f1os e que\nachegaron a s\u00faa val\u00eda para facer de Tomi\u00f1o un lugar mellor\u201d,\ncoma lembrou a alcaldesa Sandra Gonz\u00e1lez na s\u00faa intervenci\u00f3n.<\/p>\n\n\n\n<p>Pepe\nGude, coma o co\u00f1ecen na vila, foi o primeiro en falar, dando \u00e1s\ngrazas ao Concello por pensar nel coma algu\u00e9n digno de tal homenaxe.\nPor\u00e9n non quixo aceptar adistinci\u00f3n coma persoal, sen\u00f3n compartida\n\u201ccon tantas persoas, compa\u00f1eiros, ex-alumnos, que estiveron ao meu\nlado, axud\u00e1ndome a conseguir cousas, que se implicaron activamente\nen recoller e reflectir valores e tradici\u00f3ns do noso pobo\u201d \nAsemade comparteu o galard\u00f3n cos integrantes do Grupo Airi\u00f1os de\nTebra, presentes na homenaxe, polo seu esforzo e dedicaci\u00f3n en\nmanter viva a m\u00fasica e as tradici\u00f3ns,repasando a s\u00faa traxectoria,\nque os levou por distintos puntos de Galicia, Espa\u00f1a, Portugal,\nArxentina e Uruguai.<\/p>\n\n\n\n<p>A\nalcaldesa Sandra Gonz\u00e1lez, pola s\u00faa banda, agradeceu a todos os\npresentes, especialmente \u00e1 Agrupaci\u00f3n Musical de Goi\u00e1n e a Airi\u00f1os\nde Tebra, que amenizaron o acto. Referiuse ao homenaxeado coma a\n\u201cunha persoa comprometida coa sociedade, a cambio de nada; que\nsempre vai pedindo para os demais, non para el; un coleccionista de\nlendas e palabras; un mestre que chegou ao coraz\u00f3n do seus alumnos e\nalumnas, ensin\u00e1ndolles a valorar o m\u00e1is pr\u00f3ximo e devolvendo a\ndignidade cultural \u00e1s nosas parroquias e ao que temos m\u00e1is cerca\u201d.<\/p>\n","protected":false},"excerpt":{"rendered":"<div class=\"mh-excerpt\"><p>Autoridades locais e doutros concellos, familiares, amigos, ex-alumnos e integrantes do grupo Airi\u00f1os de Tebra, arrouparon ao homenaxeado <a class=\"mh-excerpt-more\" href=\"https:\/\/www.anovapeneira.gal\/index.php\/2019\/10\/07\/tomino-reconece-a-contribucion-de-jose-maria-gude-coma-mestre-e-na-recuperacion-da-cultura-e-tradicions\/\" title=\"Tomi\u00f1o reco\u00f1ece a contribuci\u00f3n de Jos\u00e9 Mar\u00eda Gude coma mestre e na recuperaci\u00f3n da cultura e tradici\u00f3ns\">[&#8230;]<\/a><\/p>\n<\/div>","protected":false},"author":3,"featured_media":1431,"comment_status":"open","ping_status":"open","sticky":false,"template":"","format":"standard","meta":{"_exactmetrics_skip_tracking":false,"_exactmetrics_sitenote_active":false,"_exactmetrics_sitenote_note":"","_exactmetrics_sitenote_category":0,"footnotes":""},"categories":[21],"tags":[81,33,510,641],"class_list":{"0":"post-1430","1":"post","2":"type-post","3":"status-publish","4":"format-standard","5":"has-post-thumbnail","7":"category-baixo-mino","8":"tag-concello-de-tomino","9":"tag-cultura","10":"tag-jose-maria-gude","11":"tag-tradicion"},"yoast_head":"<!-- This site is optimized with the Yoast SEO plugin v27.4 - https:\/\/yoast.com\/product\/yoast-seo-wordpress\/ -->\n<title>Tomi\u00f1o reco\u00f1ece a contribuci\u00f3n de Jos\u00e9 Mar\u00eda Gude coma mestre e na recuperaci\u00f3n da cultura e tradici\u00f3ns -<\/title>\n<meta name=\"robots\" content=\"index, follow, max-snippet:-1, max-image-preview:large, max-video-preview:-1\" \/>\n<link rel=\"canonical\" href=\"https:\/\/www.anovapeneira.gal\/index.php\/2019\/10\/07\/tomino-reconece-a-contribucion-de-jose-maria-gude-coma-mestre-e-na-recuperacion-da-cultura-e-tradicions\/\" \/>\n<meta property=\"og:locale\" content=\"gl_ES\" \/>\n<meta property=\"og:type\" content=\"article\" \/>\n<meta property=\"og:title\" content=\"Tomi\u00f1o reco\u00f1ece a contribuci\u00f3n de Jos\u00e9 Mar\u00eda Gude coma mestre e na recuperaci\u00f3n da cultura e tradici\u00f3ns -\" \/>\n<meta property=\"og:description\" content=\"Autoridades locais e doutros concellos, familiares, amigos, ex-alumnos e integrantes do grupo Airi\u00f1os de Tebra, arrouparon ao homenaxeado [...]\" \/>\n<meta property=\"og:url\" content=\"https:\/\/www.anovapeneira.gal\/index.php\/2019\/10\/07\/tomino-reconece-a-contribucion-de-jose-maria-gude-coma-mestre-e-na-recuperacion-da-cultura-e-tradicions\/\" \/>\n<meta property=\"article:publisher\" content=\"https:\/\/www.facebook.com\/anovapeneira\" \/>\n<meta property=\"article:published_time\" content=\"2019-10-07T10:00:18+00:00\" \/>\n<meta property=\"og:image\" content=\"https:\/\/www.anovapeneira.gal\/wp-content\/uploads\/2019\/10\/tominho_a_nova_peneira.jpg\" \/>\n\t<meta property=\"og:image:width\" content=\"720\" \/>\n\t<meta property=\"og:image:height\" content=\"473\" \/>\n\t<meta property=\"og:image:type\" content=\"image\/jpeg\" \/>\n<meta name=\"author\" content=\"Redacci\u00f3n A Nova Peneira\" \/>\n<meta name=\"twitter:card\" content=\"summary_large_image\" \/>\n<meta name=\"twitter:creator\" content=\"@APeneira\" \/>\n<meta name=\"twitter:site\" content=\"@APeneira\" \/>\n<meta name=\"twitter:label1\" content=\"Escrito por\" \/>\n\t<meta name=\"twitter:data1\" content=\"Redacci\u00f3n A Nova Peneira\" \/>\n\t<meta name=\"twitter:label2\" content=\"Tempo de lectura\" \/>\n\t<meta name=\"twitter:data2\" content=\"2 minutos\" \/>\n<script type=\"application\/ld+json\" class=\"yoast-schema-graph\">{\"@context\":\"https:\\\/\\\/schema.org\",\"@graph\":[{\"@type\":\"Article\",\"@id\":\"https:\\\/\\\/www.anovapeneira.gal\\\/index.php\\\/2019\\\/10\\\/07\\\/tomino-reconece-a-contribucion-de-jose-maria-gude-coma-mestre-e-na-recuperacion-da-cultura-e-tradicions\\\/#article\",\"isPartOf\":{\"@id\":\"https:\\\/\\\/www.anovapeneira.gal\\\/index.php\\\/2019\\\/10\\\/07\\\/tomino-reconece-a-contribucion-de-jose-maria-gude-coma-mestre-e-na-recuperacion-da-cultura-e-tradicions\\\/\"},\"author\":{\"name\":\"Redacci\u00f3n A Nova Peneira\",\"@id\":\"https:\\\/\\\/www.anovapeneira.gal\\\/#\\\/schema\\\/person\\\/b93e3f8932e3f8da96334607eb6ac6aa\"},\"headline\":\"Tomi\u00f1o reco\u00f1ece a contribuci\u00f3n de Jos\u00e9 Mar\u00eda Gude coma mestre e na recuperaci\u00f3n da cultura e tradici\u00f3ns\",\"datePublished\":\"2019-10-07T10:00:18+00:00\",\"mainEntityOfPage\":{\"@id\":\"https:\\\/\\\/www.anovapeneira.gal\\\/index.php\\\/2019\\\/10\\\/07\\\/tomino-reconece-a-contribucion-de-jose-maria-gude-coma-mestre-e-na-recuperacion-da-cultura-e-tradicions\\\/\"},\"wordCount\":454,\"commentCount\":0,\"publisher\":{\"@id\":\"https:\\\/\\\/www.anovapeneira.gal\\\/#organization\"},\"image\":{\"@id\":\"https:\\\/\\\/www.anovapeneira.gal\\\/index.php\\\/2019\\\/10\\\/07\\\/tomino-reconece-a-contribucion-de-jose-maria-gude-coma-mestre-e-na-recuperacion-da-cultura-e-tradicions\\\/#primaryimage\"},\"thumbnailUrl\":\"https:\\\/\\\/www.anovapeneira.gal\\\/wp-content\\\/uploads\\\/2019\\\/10\\\/tominho_a_nova_peneira.jpg\",\"keywords\":[\"Concello de Tomi\u00f1o\",\"Cultura\",\"Jos\u00e9 Mar\u00eda Gude\",\"Tradici\u00f3n\"],\"articleSection\":[\"Baixo Mi\u00f1o\"],\"inLanguage\":\"gl-ES\",\"potentialAction\":[{\"@type\":\"CommentAction\",\"name\":\"Comment\",\"target\":[\"https:\\\/\\\/www.anovapeneira.gal\\\/index.php\\\/2019\\\/10\\\/07\\\/tomino-reconece-a-contribucion-de-jose-maria-gude-coma-mestre-e-na-recuperacion-da-cultura-e-tradicions\\\/#respond\"]}]},{\"@type\":\"WebPage\",\"@id\":\"https:\\\/\\\/www.anovapeneira.gal\\\/index.php\\\/2019\\\/10\\\/07\\\/tomino-reconece-a-contribucion-de-jose-maria-gude-coma-mestre-e-na-recuperacion-da-cultura-e-tradicions\\\/\",\"url\":\"https:\\\/\\\/www.anovapeneira.gal\\\/index.php\\\/2019\\\/10\\\/07\\\/tomino-reconece-a-contribucion-de-jose-maria-gude-coma-mestre-e-na-recuperacion-da-cultura-e-tradicions\\\/\",\"name\":\"Tomi\u00f1o reco\u00f1ece a contribuci\u00f3n de Jos\u00e9 Mar\u00eda Gude coma mestre e na recuperaci\u00f3n da cultura e tradici\u00f3ns -\",\"isPartOf\":{\"@id\":\"https:\\\/\\\/www.anovapeneira.gal\\\/#website\"},\"primaryImageOfPage\":{\"@id\":\"https:\\\/\\\/www.anovapeneira.gal\\\/index.php\\\/2019\\\/10\\\/07\\\/tomino-reconece-a-contribucion-de-jose-maria-gude-coma-mestre-e-na-recuperacion-da-cultura-e-tradicions\\\/#primaryimage\"},\"image\":{\"@id\":\"https:\\\/\\\/www.anovapeneira.gal\\\/index.php\\\/2019\\\/10\\\/07\\\/tomino-reconece-a-contribucion-de-jose-maria-gude-coma-mestre-e-na-recuperacion-da-cultura-e-tradicions\\\/#primaryimage\"},\"thumbnailUrl\":\"https:\\\/\\\/www.anovapeneira.gal\\\/wp-content\\\/uploads\\\/2019\\\/10\\\/tominho_a_nova_peneira.jpg\",\"datePublished\":\"2019-10-07T10:00:18+00:00\",\"breadcrumb\":{\"@id\":\"https:\\\/\\\/www.anovapeneira.gal\\\/index.php\\\/2019\\\/10\\\/07\\\/tomino-reconece-a-contribucion-de-jose-maria-gude-coma-mestre-e-na-recuperacion-da-cultura-e-tradicions\\\/#breadcrumb\"},\"inLanguage\":\"gl-ES\",\"potentialAction\":[{\"@type\":\"ReadAction\",\"target\":[\"https:\\\/\\\/www.anovapeneira.gal\\\/index.php\\\/2019\\\/10\\\/07\\\/tomino-reconece-a-contribucion-de-jose-maria-gude-coma-mestre-e-na-recuperacion-da-cultura-e-tradicions\\\/\"]}]},{\"@type\":\"ImageObject\",\"inLanguage\":\"gl-ES\",\"@id\":\"https:\\\/\\\/www.anovapeneira.gal\\\/index.php\\\/2019\\\/10\\\/07\\\/tomino-reconece-a-contribucion-de-jose-maria-gude-coma-mestre-e-na-recuperacion-da-cultura-e-tradicions\\\/#primaryimage\",\"url\":\"https:\\\/\\\/www.anovapeneira.gal\\\/wp-content\\\/uploads\\\/2019\\\/10\\\/tominho_a_nova_peneira.jpg\",\"contentUrl\":\"https:\\\/\\\/www.anovapeneira.gal\\\/wp-content\\\/uploads\\\/2019\\\/10\\\/tominho_a_nova_peneira.jpg\",\"width\":720,\"height\":473,\"caption\":\"Concello de Tomi\u00f1o A Nova Peneira\"},{\"@type\":\"BreadcrumbList\",\"@id\":\"https:\\\/\\\/www.anovapeneira.gal\\\/index.php\\\/2019\\\/10\\\/07\\\/tomino-reconece-a-contribucion-de-jose-maria-gude-coma-mestre-e-na-recuperacion-da-cultura-e-tradicions\\\/#breadcrumb\",\"itemListElement\":[{\"@type\":\"ListItem\",\"position\":1,\"name\":\"Portada\",\"item\":\"https:\\\/\\\/www.anovapeneira.gal\\\/\"},{\"@type\":\"ListItem\",\"position\":2,\"name\":\"Tomi\u00f1o reco\u00f1ece a contribuci\u00f3n de Jos\u00e9 Mar\u00eda Gude coma mestre e na recuperaci\u00f3n da cultura e tradici\u00f3ns\"}]},{\"@type\":\"WebSite\",\"@id\":\"https:\\\/\\\/www.anovapeneira.gal\\\/#website\",\"url\":\"https:\\\/\\\/www.anovapeneira.gal\\\/\",\"name\":\"\",\"description\":\"Xornal galego de informaci\u00f3n xeral Publicaci\u00f3n mensual de novas de Galicia e en especial dos Concellos da sur da provincia de Pontevedra.\",\"publisher\":{\"@id\":\"https:\\\/\\\/www.anovapeneira.gal\\\/#organization\"},\"potentialAction\":[{\"@type\":\"SearchAction\",\"target\":{\"@type\":\"EntryPoint\",\"urlTemplate\":\"https:\\\/\\\/www.anovapeneira.gal\\\/?s={search_term_string}\"},\"query-input\":{\"@type\":\"PropertyValueSpecification\",\"valueRequired\":true,\"valueName\":\"search_term_string\"}}],\"inLanguage\":\"gl-ES\"},{\"@type\":\"Organization\",\"@id\":\"https:\\\/\\\/www.anovapeneira.gal\\\/#organization\",\"name\":\"A Nova Peneira\",\"url\":\"https:\\\/\\\/www.anovapeneira.gal\\\/\",\"logo\":{\"@type\":\"ImageObject\",\"inLanguage\":\"gl-ES\",\"@id\":\"https:\\\/\\\/www.anovapeneira.gal\\\/#\\\/schema\\\/logo\\\/image\\\/\",\"url\":\"http:\\\/\\\/www.anovapeneira.gal\\\/wp-content\\\/uploads\\\/2019\\\/06\\\/logo_a_nova_peneira_portal_web.png\",\"contentUrl\":\"http:\\\/\\\/www.anovapeneira.gal\\\/wp-content\\\/uploads\\\/2019\\\/06\\\/logo_a_nova_peneira_portal_web.png\",\"width\":300,\"height\":100,\"caption\":\"A Nova Peneira\"},\"image\":{\"@id\":\"https:\\\/\\\/www.anovapeneira.gal\\\/#\\\/schema\\\/logo\\\/image\\\/\"},\"sameAs\":[\"https:\\\/\\\/www.facebook.com\\\/anovapeneira\",\"https:\\\/\\\/x.com\\\/APeneira\"]},{\"@type\":\"Person\",\"@id\":\"https:\\\/\\\/www.anovapeneira.gal\\\/#\\\/schema\\\/person\\\/b93e3f8932e3f8da96334607eb6ac6aa\",\"name\":\"Redacci\u00f3n A Nova Peneira\",\"image\":{\"@type\":\"ImageObject\",\"inLanguage\":\"gl-ES\",\"@id\":\"https:\\\/\\\/secure.gravatar.com\\\/avatar\\\/c052a2551a06e23fac63626232eaa90abd78dbcf1700fc46a2b2c89fd27b735f?s=96&d=mm&r=g\",\"url\":\"https:\\\/\\\/secure.gravatar.com\\\/avatar\\\/c052a2551a06e23fac63626232eaa90abd78dbcf1700fc46a2b2c89fd27b735f?s=96&d=mm&r=g\",\"contentUrl\":\"https:\\\/\\\/secure.gravatar.com\\\/avatar\\\/c052a2551a06e23fac63626232eaa90abd78dbcf1700fc46a2b2c89fd27b735f?s=96&d=mm&r=g\",\"caption\":\"Redacci\u00f3n A Nova Peneira\"},\"sameAs\":[\"http:\\\/\\\/www.anovapeneira.gal\\\/\"],\"url\":\"https:\\\/\\\/www.anovapeneira.gal\\\/index.php\\\/author\\\/redactor\\\/\"}]}<\/script>\n<!-- \/ Yoast SEO plugin. -->","yoast_head_json":{"title":"Tomi\u00f1o reco\u00f1ece a contribuci\u00f3n de Jos\u00e9 Mar\u00eda Gude coma mestre e na recuperaci\u00f3n da cultura e tradici\u00f3ns -","robots":{"index":"index","follow":"follow","max-snippet":"max-snippet:-1","max-image-preview":"max-image-preview:large","max-video-preview":"max-video-preview:-1"},"canonical":"https:\/\/www.anovapeneira.gal\/index.php\/2019\/10\/07\/tomino-reconece-a-contribucion-de-jose-maria-gude-coma-mestre-e-na-recuperacion-da-cultura-e-tradicions\/","og_locale":"gl_ES","og_type":"article","og_title":"Tomi\u00f1o reco\u00f1ece a contribuci\u00f3n de Jos\u00e9 Mar\u00eda Gude coma mestre e na recuperaci\u00f3n da cultura e tradici\u00f3ns -","og_description":"Autoridades locais e doutros concellos, familiares, amigos, ex-alumnos e integrantes do grupo Airi\u00f1os de Tebra, arrouparon ao homenaxeado [...]","og_url":"https:\/\/www.anovapeneira.gal\/index.php\/2019\/10\/07\/tomino-reconece-a-contribucion-de-jose-maria-gude-coma-mestre-e-na-recuperacion-da-cultura-e-tradicions\/","article_publisher":"https:\/\/www.facebook.com\/anovapeneira","article_published_time":"2019-10-07T10:00:18+00:00","og_image":[{"width":720,"height":473,"url":"https:\/\/www.anovapeneira.gal\/wp-content\/uploads\/2019\/10\/tominho_a_nova_peneira.jpg","type":"image\/jpeg"}],"author":"Redacci\u00f3n A Nova Peneira","twitter_card":"summary_large_image","twitter_creator":"@APeneira","twitter_site":"@APeneira","twitter_misc":{"Escrito por":"Redacci\u00f3n A Nova Peneira","Tempo de lectura":"2 minutos"},"schema":{"@context":"https:\/\/schema.org","@graph":[{"@type":"Article","@id":"https:\/\/www.anovapeneira.gal\/index.php\/2019\/10\/07\/tomino-reconece-a-contribucion-de-jose-maria-gude-coma-mestre-e-na-recuperacion-da-cultura-e-tradicions\/#article","isPartOf":{"@id":"https:\/\/www.anovapeneira.gal\/index.php\/2019\/10\/07\/tomino-reconece-a-contribucion-de-jose-maria-gude-coma-mestre-e-na-recuperacion-da-cultura-e-tradicions\/"},"author":{"name":"Redacci\u00f3n A Nova Peneira","@id":"https:\/\/www.anovapeneira.gal\/#\/schema\/person\/b93e3f8932e3f8da96334607eb6ac6aa"},"headline":"Tomi\u00f1o reco\u00f1ece a contribuci\u00f3n de Jos\u00e9 Mar\u00eda Gude coma mestre e na recuperaci\u00f3n da cultura e tradici\u00f3ns","datePublished":"2019-10-07T10:00:18+00:00","mainEntityOfPage":{"@id":"https:\/\/www.anovapeneira.gal\/index.php\/2019\/10\/07\/tomino-reconece-a-contribucion-de-jose-maria-gude-coma-mestre-e-na-recuperacion-da-cultura-e-tradicions\/"},"wordCount":454,"commentCount":0,"publisher":{"@id":"https:\/\/www.anovapeneira.gal\/#organization"},"image":{"@id":"https:\/\/www.anovapeneira.gal\/index.php\/2019\/10\/07\/tomino-reconece-a-contribucion-de-jose-maria-gude-coma-mestre-e-na-recuperacion-da-cultura-e-tradicions\/#primaryimage"},"thumbnailUrl":"https:\/\/www.anovapeneira.gal\/wp-content\/uploads\/2019\/10\/tominho_a_nova_peneira.jpg","keywords":["Concello de Tomi\u00f1o","Cultura","Jos\u00e9 Mar\u00eda Gude","Tradici\u00f3n"],"articleSection":["Baixo Mi\u00f1o"],"inLanguage":"gl-ES","potentialAction":[{"@type":"CommentAction","name":"Comment","target":["https:\/\/www.anovapeneira.gal\/index.php\/2019\/10\/07\/tomino-reconece-a-contribucion-de-jose-maria-gude-coma-mestre-e-na-recuperacion-da-cultura-e-tradicions\/#respond"]}]},{"@type":"WebPage","@id":"https:\/\/www.anovapeneira.gal\/index.php\/2019\/10\/07\/tomino-reconece-a-contribucion-de-jose-maria-gude-coma-mestre-e-na-recuperacion-da-cultura-e-tradicions\/","url":"https:\/\/www.anovapeneira.gal\/index.php\/2019\/10\/07\/tomino-reconece-a-contribucion-de-jose-maria-gude-coma-mestre-e-na-recuperacion-da-cultura-e-tradicions\/","name":"Tomi\u00f1o reco\u00f1ece a contribuci\u00f3n de Jos\u00e9 Mar\u00eda Gude coma mestre e na recuperaci\u00f3n da cultura e tradici\u00f3ns -","isPartOf":{"@id":"https:\/\/www.anovapeneira.gal\/#website"},"primaryImageOfPage":{"@id":"https:\/\/www.anovapeneira.gal\/index.php\/2019\/10\/07\/tomino-reconece-a-contribucion-de-jose-maria-gude-coma-mestre-e-na-recuperacion-da-cultura-e-tradicions\/#primaryimage"},"image":{"@id":"https:\/\/www.anovapeneira.gal\/index.php\/2019\/10\/07\/tomino-reconece-a-contribucion-de-jose-maria-gude-coma-mestre-e-na-recuperacion-da-cultura-e-tradicions\/#primaryimage"},"thumbnailUrl":"https:\/\/www.anovapeneira.gal\/wp-content\/uploads\/2019\/10\/tominho_a_nova_peneira.jpg","datePublished":"2019-10-07T10:00:18+00:00","breadcrumb":{"@id":"https:\/\/www.anovapeneira.gal\/index.php\/2019\/10\/07\/tomino-reconece-a-contribucion-de-jose-maria-gude-coma-mestre-e-na-recuperacion-da-cultura-e-tradicions\/#breadcrumb"},"inLanguage":"gl-ES","potentialAction":[{"@type":"ReadAction","target":["https:\/\/www.anovapeneira.gal\/index.php\/2019\/10\/07\/tomino-reconece-a-contribucion-de-jose-maria-gude-coma-mestre-e-na-recuperacion-da-cultura-e-tradicions\/"]}]},{"@type":"ImageObject","inLanguage":"gl-ES","@id":"https:\/\/www.anovapeneira.gal\/index.php\/2019\/10\/07\/tomino-reconece-a-contribucion-de-jose-maria-gude-coma-mestre-e-na-recuperacion-da-cultura-e-tradicions\/#primaryimage","url":"https:\/\/www.anovapeneira.gal\/wp-content\/uploads\/2019\/10\/tominho_a_nova_peneira.jpg","contentUrl":"https:\/\/www.anovapeneira.gal\/wp-content\/uploads\/2019\/10\/tominho_a_nova_peneira.jpg","width":720,"height":473,"caption":"Concello de Tomi\u00f1o A Nova Peneira"},{"@type":"BreadcrumbList","@id":"https:\/\/www.anovapeneira.gal\/index.php\/2019\/10\/07\/tomino-reconece-a-contribucion-de-jose-maria-gude-coma-mestre-e-na-recuperacion-da-cultura-e-tradicions\/#breadcrumb","itemListElement":[{"@type":"ListItem","position":1,"name":"Portada","item":"https:\/\/www.anovapeneira.gal\/"},{"@type":"ListItem","position":2,"name":"Tomi\u00f1o reco\u00f1ece a contribuci\u00f3n de Jos\u00e9 Mar\u00eda Gude coma mestre e na recuperaci\u00f3n da cultura e tradici\u00f3ns"}]},{"@type":"WebSite","@id":"https:\/\/www.anovapeneira.gal\/#website","url":"https:\/\/www.anovapeneira.gal\/","name":"","description":"Xornal galego de informaci\u00f3n xeral Publicaci\u00f3n mensual de novas de Galicia e en especial dos Concellos da sur da provincia de Pontevedra.","publisher":{"@id":"https:\/\/www.anovapeneira.gal\/#organization"},"potentialAction":[{"@type":"SearchAction","target":{"@type":"EntryPoint","urlTemplate":"https:\/\/www.anovapeneira.gal\/?s={search_term_string}"},"query-input":{"@type":"PropertyValueSpecification","valueRequired":true,"valueName":"search_term_string"}}],"inLanguage":"gl-ES"},{"@type":"Organization","@id":"https:\/\/www.anovapeneira.gal\/#organization","name":"A Nova Peneira","url":"https:\/\/www.anovapeneira.gal\/","logo":{"@type":"ImageObject","inLanguage":"gl-ES","@id":"https:\/\/www.anovapeneira.gal\/#\/schema\/logo\/image\/","url":"http:\/\/www.anovapeneira.gal\/wp-content\/uploads\/2019\/06\/logo_a_nova_peneira_portal_web.png","contentUrl":"http:\/\/www.anovapeneira.gal\/wp-content\/uploads\/2019\/06\/logo_a_nova_peneira_portal_web.png","width":300,"height":100,"caption":"A Nova Peneira"},"image":{"@id":"https:\/\/www.anovapeneira.gal\/#\/schema\/logo\/image\/"},"sameAs":["https:\/\/www.facebook.com\/anovapeneira","https:\/\/x.com\/APeneira"]},{"@type":"Person","@id":"https:\/\/www.anovapeneira.gal\/#\/schema\/person\/b93e3f8932e3f8da96334607eb6ac6aa","name":"Redacci\u00f3n A Nova Peneira","image":{"@type":"ImageObject","inLanguage":"gl-ES","@id":"https:\/\/secure.gravatar.com\/avatar\/c052a2551a06e23fac63626232eaa90abd78dbcf1700fc46a2b2c89fd27b735f?s=96&d=mm&r=g","url":"https:\/\/secure.gravatar.com\/avatar\/c052a2551a06e23fac63626232eaa90abd78dbcf1700fc46a2b2c89fd27b735f?s=96&d=mm&r=g","contentUrl":"https:\/\/secure.gravatar.com\/avatar\/c052a2551a06e23fac63626232eaa90abd78dbcf1700fc46a2b2c89fd27b735f?s=96&d=mm&r=g","caption":"Redacci\u00f3n A Nova Peneira"},"sameAs":["http:\/\/www.anovapeneira.gal\/"],"url":"https:\/\/www.anovapeneira.gal\/index.php\/author\/redactor\/"}]}},"jetpack_featured_media_url":"https:\/\/www.anovapeneira.gal\/wp-content\/uploads\/2019\/10\/tominho_a_nova_peneira.jpg","_links":{"self":[{"href":"https:\/\/www.anovapeneira.gal\/index.php\/wp-json\/wp\/v2\/posts\/1430","targetHints":{"allow":["GET"]}}],"collection":[{"href":"https:\/\/www.anovapeneira.gal\/index.php\/wp-json\/wp\/v2\/posts"}],"about":[{"href":"https:\/\/www.anovapeneira.gal\/index.php\/wp-json\/wp\/v2\/types\/post"}],"author":[{"embeddable":true,"href":"https:\/\/www.anovapeneira.gal\/index.php\/wp-json\/wp\/v2\/users\/3"}],"replies":[{"embeddable":true,"href":"https:\/\/www.anovapeneira.gal\/index.php\/wp-json\/wp\/v2\/comments?post=1430"}],"version-history":[{"count":1,"href":"https:\/\/www.anovapeneira.gal\/index.php\/wp-json\/wp\/v2\/posts\/1430\/revisions"}],"predecessor-version":[{"id":1432,"href":"https:\/\/www.anovapeneira.gal\/index.php\/wp-json\/wp\/v2\/posts\/1430\/revisions\/1432"}],"wp:featuredmedia":[{"embeddable":true,"href":"https:\/\/www.anovapeneira.gal\/index.php\/wp-json\/wp\/v2\/media\/1431"}],"wp:attachment":[{"href":"https:\/\/www.anovapeneira.gal\/index.php\/wp-json\/wp\/v2\/media?parent=1430"}],"wp:term":[{"taxonomy":"category","embeddable":true,"href":"https:\/\/www.anovapeneira.gal\/index.php\/wp-json\/wp\/v2\/categories?post=1430"},{"taxonomy":"post_tag","embeddable":true,"href":"https:\/\/www.anovapeneira.gal\/index.php\/wp-json\/wp\/v2\/tags?post=1430"}],"curies":[{"name":"wp","href":"https:\/\/api.w.org\/{rel}","templated":true}]}}