{"id":1433,"date":"2019-10-07T14:00:35","date_gmt":"2019-10-07T12:00:35","guid":{"rendered":"http:\/\/www.anovapeneira.gal\/?p=1433"},"modified":"2019-10-06T21:26:31","modified_gmt":"2019-10-06T19:26:31","slug":"carmen-garcia-rodeja-portavoz-da-asociacion-pola-recuperacion-da-memoria-historica","status":"publish","type":"post","link":"https:\/\/www.anovapeneira.gal\/index.php\/2019\/10\/07\/carmen-garcia-rodeja-portavoz-da-asociacion-pola-recuperacion-da-memoria-historica\/","title":{"rendered":"Carmen Garc\u00eda Rodeja, portavoz da asociaci\u00f3n pola recuperaci\u00f3n da memoria hist\u00f3rica"},"content":{"rendered":"\n<figure class=\"wp-block-image is-resized\"><img loading=\"lazy\" decoding=\"async\" src=\"http:\/\/www.anovapeneira.gal\/wp-content\/uploads\/2019\/04\/marcos_santos_opinion_a_nova_peneira_bn.jpg\" alt=\"Marcos Santos Artigo opini\u00f3n a Nova Peneira\" class=\"wp-image-198\" width=\"95\" height=\"111\"\/><figcaption>Marcos Santos<\/figcaption><\/figure>\n\n\n\n<h4 class=\"wp-block-heading\"><strong>Entre o 1 e o 30 de setembro organizada pola Asociaci\u00f3n pola Recuperaci\u00f3n da Memoria Hist\u00f3rica e polo Colectivo Republicano de Redondela, celebrouse na Vila dos Viadutos a exposici\u00f3n \u201cBOIX FOT\u00d3GRAFO DE MAUTHAUSEN\u201d. A mostra, que recoll\u00eda o  horror acontecido no campo de exterminio naz,i foi visitada por grande cantidade de p\u00fablico, incluso por alumnos e alumnas de catro colexios, de Redondela, Soutomaior e Vilaboa. N\u00f3s conversamos con Carmen, portavoz da ARMH<\/strong><\/h4>\n\n\n\n<p>\u201c<strong>CANDO\nTEMOS UNHA EXHUMACI\u00d3N A AXUDA QUE RECIBIMOS OU NON DUNHA\nADMINISTRACI\u00d3N MUNICIPAL, NON DEPENDE DA COR POL\u00cdTICA DO ALCALDE OU\nALCALDESA DE TURNO, DEPENDE DA COR DO SEU CORAZ\u00d3N\u201d<\/strong><\/p>\n\n\n\n<p><strong>Por\nque motivo estades hoxe en Redondela?<\/strong><\/p>\n\n\n\n<blockquote class=\"wp-block-quote is-layout-flow wp-block-quote-is-layout-flow\"><p>Estamos a presentar a exposici\u00f3n de Francec Boix,  o fot\u00f3grafo de Mauthausen. El recolleu as fotograf\u00edas do que aconteceu no campo de concentraci\u00f3n,  foi o testemu\u00f1o principal para poder desenrolar os xu\u00edzos de N\u00faremberg, esas fotograf\u00edas mostraban o que todo o mundo negaBa e que non se quer\u00eda contar.<\/p><\/blockquote>\n\n\n\n<p><strong>Se\ntodo o mundo o negaba, como convidaron a Boix a facer ese xu\u00edzo?<\/strong><\/p>\n\n\n\n<blockquote class=\"wp-block-quote is-layout-flow wp-block-quote-is-layout-flow\"><p>El foi fot\u00f3grafo durante a Guerra Civil. Dentro do campo de Mauthausen hab\u00eda algunhas persoas que non traballaban nas canteiras e Boix era unha delas, traballaba no laboratorio. Traballando al\u00ed fotografaba aos presos, \u00e1s visitas, a todo o que acontec\u00eda. A trav\u00e9s da organizaci\u00f3n a que pertenc\u00eda, o PC, foi capaz de sacar miles de negativos  agochados, estes foron despois a para a Mauthausen  unha vez que se liberaron.<\/p><\/blockquote>\n\n\n\n<p><strong>Si,\npero algu\u00e9n tivo que velo, non?<\/strong><\/p>\n\n\n\n<blockquote class=\"wp-block-quote is-layout-flow wp-block-quote-is-layout-flow\"><p>Si, unha veci\u00f1a, os nenos, alg\u00fan camarada. Foi un acto grupal, el s\u00f3 non poder\u00eda facelo, a\u00ednda que el \u00e9 o s\u00edmbolo.<\/p><\/blockquote>\n\n\n\n<p><strong>Como\nte metes na Asociaci\u00f3n de Memoria hist\u00f3rica, Carmen?<\/strong><\/p>\n\n\n\n<blockquote class=\"wp-block-quote is-layout-flow wp-block-quote-is-layout-flow\"><p>Eu son profesora de historia, historiadora. Canto m\u00e1is sabes da historia, m\u00e1is queres saber. Era profesora de instituto, agora xa estou xubilada e podo dedicarlle \u00e1 memoria hist\u00f3rica m\u00e1is tempo.<\/p><\/blockquote>\n\n\n\n<p><strong>De\nonde es Carmen?<\/strong><\/p>\n\n\n\n<blockquote class=\"wp-block-quote is-layout-flow wp-block-quote-is-layout-flow\"><p>Eu son de Lugo, pero vivo na Coru\u00f1a.<\/p><\/blockquote>\n\n\n\n<p><strong>E\na Asociaci\u00f3n e s\u00f3 de Galicia?<\/strong><\/p>\n\n\n\n<blockquote class=\"wp-block-quote is-layout-flow wp-block-quote-is-layout-flow\"><p>Non, \u00e9 de todo o estado. Ten xente en Madrid, Barcelona, Galicia, en moitas cidades. E ten colaboradores en Francia e moitos sitios m\u00e1is.<\/p><\/blockquote>\n\n\n\n<p><strong>Tedes\nalg\u00fan tipo de subvenci\u00f3n?<\/strong><\/p>\n\n\n\n<blockquote class=\"wp-block-quote is-layout-flow wp-block-quote-is-layout-flow\"><p>Non, cando entrou a gobernar o PP eliminaron as subvenci\u00f3n que \u00edan para as exhumaci\u00f3ns principalmente.<\/p><\/blockquote>\n\n\n\n<p><strong>Ent\u00f3n\ndesde que gobernou o PP a Lei de memoria Hist\u00f3rica est\u00e1 perdida?<\/strong><\/p>\n\n\n\n<blockquote class=\"wp-block-quote is-layout-flow wp-block-quote-is-layout-flow\"><p>No que se refire a subvenci\u00f3ns si.<\/p><\/blockquote>\n\n\n\n<p><strong>Como\npode ser se \u00e9 unha lei do estado?<\/strong><\/p>\n\n\n\n<blockquote class=\"wp-block-quote is-layout-flow wp-block-quote-is-layout-flow\"><p>A\u00ednda que a lei exista, sen\u00f3n hai presuposto para levala a cabo \u00e9 como se non existira, non funciona.<\/p><\/blockquote>\n\n\n\n<p><strong>Que\nche parece que en Espa\u00f1a non se investigue os asasinatos da Guerra\ncivil e, e que en Arxentina estean loitando d\u00eda tras d\u00eda para que\nse investigue ao Franquismo?<\/strong><\/p>\n\n\n\n<blockquote class=\"wp-block-quote is-layout-flow wp-block-quote-is-layout-flow\"><p>A ARMH no ano 2000 presentou a demanda xeral contra o Franquismo. O xu\u00edz Baltasar Garz\u00f3n foi xulgado por prevaricaci\u00f3n, porque teoricamente non tivo en conta a Lei de Amnist\u00eda.<\/p><\/blockquote>\n\n\n\n<blockquote class=\"wp-block-quote is-layout-flow wp-block-quote-is-layout-flow\"><p>N\u00f3s entendemos que isto transcende a calquera outra lei, que se anulen estes xu\u00edzos porque a xustiza \u00e9 universal e estes tipos de delitos non deben prescribir porque son crimes de lesa humanidade. Estes delitos non prescriben nunca. Desde Arxentina solic\u00edtase a Espa\u00f1a por este motivo.<\/p><\/blockquote>\n\n\n\n<blockquote class=\"wp-block-quote is-layout-flow wp-block-quote-is-layout-flow\"><p>Eu hoxe quer\u00eda falar de Ascensi\u00f3n Mendieta, que acaba de falecer. O caso de Timoteo, o seu pai, foi o primeiro caso na que a xustiza espa\u00f1ola interveu e propiciou a s\u00faa exhumaci\u00f3n, sen ningunha subvenci\u00f3n e axuda, pero foi importante porque foi o xu\u00edz o que mandou que se exhumara.<\/p><\/blockquote>\n\n\n\n<blockquote class=\"wp-block-quote is-layout-flow wp-block-quote-is-layout-flow\"><p>Cando intentamos levantar unha foxa com\u00fan, os xu\u00edces din que non \u00e9 cousa deles que nos mandan a Garda Civil ou que \u00e9 arqueolox\u00eda porque pasaron m\u00e1is de 50 anos e son crimes prescritos, e neste caso foi un xu\u00edz o que mando exhumar.<\/p><\/blockquote>\n\n\n\n<p><strong>Pero\nson crimes de lesa humanidade, como \u00e9 que est\u00e1n prescritos?<\/strong><\/p>\n\n\n\n<blockquote class=\"wp-block-quote is-layout-flow wp-block-quote-is-layout-flow\"><p>Porque Espa\u00f1a hai tres anos, anulou a Xustiza Universal, polo tanto non se pode xulgar ning\u00fan delito de lesa humanidade en Espa\u00f1a, nin se vai permitir que sexa f\u00f3ra, pero un exhorto internacional te\u00f1en que contestalo, un xu\u00edz esta obrigado a contestar a outro xu\u00edz, por iso hai persoas que tiveron que ir a Arxentina para pedir que unha xu\u00edza de al\u00ed  os exhumara, e iso foi o que se conseguiu, que o xu\u00edz de aqu\u00ed o permitira.<\/p><\/blockquote>\n\n\n\n<blockquote class=\"wp-block-quote is-layout-flow wp-block-quote-is-layout-flow\"><p>Grazas aos socios que temos na asociaci\u00f3n puido levarse a cabo, estas eran unha foxas enormes, de 20 e 30 persoas, un traballo de moitas semanas e un gran esforzo econ\u00f3mico, pero grazas a el moitas m\u00e1is familias puideron recuperar os osos dos seus familiares.<\/p><\/blockquote>\n\n\n\n<p><strong>Como\npode a xente po\u00f1erse en contacto con vos por se quere atopar alg\u00fan\nfamiliar?<\/strong><\/p>\n\n\n\n<blockquote class=\"wp-block-quote is-layout-flow wp-block-quote-is-layout-flow\"><p>Para deportados temos unha enderezo electr\u00f3nico que se chama deportadosgaliciaamail.com e a nosa p\u00e1xina web \u00e9 ARMH, nela hai un apartado que pon busca ao desaparecido. N\u00f3s intentamos buscar estes casos que son exemplo de desaparici\u00f3n forzada, tam\u00e9n temos un apartado de voluntarios por se a algu\u00e9n lle interesa colaborar.<\/p><\/blockquote>\n\n\n\n<p><strong>Canta\nxente sodes traballando na vosa asociaci\u00f3n, para tanto traballo\ntedes que ter unha rede bastante ampla non?<\/strong><\/p>\n\n\n\n<blockquote class=\"wp-block-quote is-layout-flow wp-block-quote-is-layout-flow\"><p>Pois non \u00e9 doado, n\u00f3s traballamos s\u00f3 con voluntarios que lle dedican a isto o tempo que poden, calquera tema de voluntariado \u00e9 benvido, mover a xente en coche, acompa\u00f1ar a familiares, tirar fotos, ir ao arquivo a buscar informaci\u00f3n. Isto non \u00e9 un traballo mec\u00e1nico, sen\u00f3n que hai situaci\u00f3ns familiares de moitos anos de sufrimento detr\u00e1s de cada caso aos que hai que dar moita axuda emocional e de acompa\u00f1amento tam\u00e9n.<\/p><\/blockquote>\n\n\n\n<p><strong>Velo\nrecompensado a d\u00eda de hoxe?<\/strong><\/p>\n\n\n\n<blockquote class=\"wp-block-quote is-layout-flow wp-block-quote-is-layout-flow\"><p>Si, claro, a\u00ednda que tam\u00e9n che caen rifas, ou che din que estas a remover o pasado. Pero claro que merece a pena, a\u00ednda que haxa moitos problemas.<\/p><\/blockquote>\n\n\n\n<p><strong>Mendieta\nfinou hoxe e seguramente a enterren co seu pai non?<\/strong><\/p>\n\n\n\n<blockquote class=\"wp-block-quote is-layout-flow wp-block-quote-is-layout-flow\"><p>Estas son as cousas que satisf\u00e1n de traballar nunha asociaci\u00f3n coma esta e ter co\u00f1ecido a xente como Ascensi\u00f3n Mendieta, era a persoa m\u00e1is doce, amable, cari\u00f1osa e marabillosa que co\u00f1ec\u00edn na mi\u00f1a vida, xunto con Dario Rivas que foi o primeiro querelante de arxentina, el faleceu hai uns meses tam\u00e9n. Grazas \u00e1 asociaci\u00f3n co\u00f1eces a toda esta calidade humana tan importante.<\/p><\/blockquote>\n\n\n\n<p><strong>Crees\nque o actual goberno esta cumprindo o que prometeu coa Lei de Memoria\nHist\u00f3rica?<\/strong><\/p>\n\n\n\n<blockquote class=\"wp-block-quote is-layout-flow wp-block-quote-is-layout-flow\"><p>Creo que hai que ser coherente, non hai que andar con medias tintas nin estar pensando nos votos, sen\u00f3n nas persoas.<\/p><\/blockquote>\n\n\n\n<blockquote class=\"wp-block-quote is-layout-flow wp-block-quote-is-layout-flow\"><p>Te\u00f1o que dicir que o Parlamento Galego fixo, a estancias nosas, unha homenaxe aos deportados, cun discurso do Presidente valente e falando da conivencia do Goberno Franquista co goberno Nazi. Pareceume moi coherente e moi ben que se fixera.<\/p><\/blockquote>\n\n\n\n<blockquote class=\"wp-block-quote is-layout-flow wp-block-quote-is-layout-flow\"><p>N\u00f3s queremos dicir que cando temos unha exhumaci\u00f3n non soe depender da cor dos alcaldes, sen\u00f3n que dependen da cor do coraz\u00f3n.<\/p><\/blockquote>\n\n\n\n<blockquote class=\"wp-block-quote is-layout-flow wp-block-quote-is-layout-flow\"><p>Creo que o goberno do Estado non est\u00e1 a ser coherente, non s\u00f3 por po\u00f1er un ramo de flores nun monumento se est\u00e1 a facer todo o que se pode polos deportados de Mauthausen, sen\u00f3n que ten que reparar, axudar, acompa\u00f1ar e homenaxear \u00e1s v\u00edtimas e aos seu familiares. A s\u00faa familias queren que se saiba que eran espa\u00f1ois e loitadores polas liberdades, en Francia son heroes, en Italia tam\u00e9n e aqu\u00ed en Espa\u00f1a non, aqu\u00ed son bandoleiros ou atracadores, iso non se pode consentir.<\/p><\/blockquote>\n\n\n\n<p><strong>Porque\nsegue sendo as\u00ed? A nosa democracia non \u00e9 tan avanzada coma a de\nAlema\u00f1a ou Italia, por exemplo?<\/strong><\/p>\n\n\n\n<blockquote class=\"wp-block-quote is-layout-flow wp-block-quote-is-layout-flow\"><p>Parece absurdo, a xente debe de ter o franquismo metido no ADN e non hai maneira de sacalo. O propio concepto hai que mudalo, se o mudas xa mudas a visi\u00f3n da realidade das cousas, hai que cambiar nos documentos a palabra de bandoleiros ou delincuentes, que non eran tal, eran combatentes.<\/p><\/blockquote>\n\n\n\n<p><strong>A\nhistoria sempre a contan os que ga\u00f1aron non?<\/strong><\/p>\n\n\n\n<blockquote class=\"wp-block-quote is-layout-flow wp-block-quote-is-layout-flow\"><p>A historia a fan os historiadores, estes son persoas obxectivas.<\/p><\/blockquote>\n\n\n\n<blockquote class=\"wp-block-quote is-layout-flow wp-block-quote-is-layout-flow\"><p>Os libros de texto das escolas non est\u00e1n mal, o problema e como se interpreta, como se estudia ou como se ensina. Se te fan aprender de memoria aos resistentes acabas odiando \u00e1 resistencia, se cho contan como aqu\u00ed, de persoas deportadas quedas namorada destas, persoas que te\u00f1en pel e sentimentos.<\/p><\/blockquote>\n\n\n\n<p><strong>Pensas\nque alg\u00fan d\u00eda todo isto se vai resarcir?<\/strong><\/p>\n\n\n\n<blockquote class=\"wp-block-quote is-layout-flow wp-block-quote-is-layout-flow\"><p>Espero que dea tempo a que non morran todos os que tanto sufriron, ou mesmo os seu fillos para poder homenaxealos, niso estamos.<\/p><\/blockquote>\n\n\n\n<p><strong>Moitas\ngrazas Carmen, un pracer conversar contigo.<\/strong><\/p>\n","protected":false},"excerpt":{"rendered":"<div class=\"mh-excerpt\"><p>Entre o 1 e o 30 de setembro organizada pola Asociaci\u00f3n pola Recuperaci\u00f3n da Memoria Hist\u00f3rica e polo Colectivo Republicano de Redondela <a class=\"mh-excerpt-more\" href=\"https:\/\/www.anovapeneira.gal\/index.php\/2019\/10\/07\/carmen-garcia-rodeja-portavoz-da-asociacion-pola-recuperacion-da-memoria-historica\/\" title=\"Carmen Garc\u00eda Rodeja, portavoz da asociaci\u00f3n pola recuperaci\u00f3n da memoria hist\u00f3rica\">[&#8230;]<\/a><\/p>\n<\/div>","protected":false},"author":6,"featured_media":1434,"comment_status":"open","ping_status":"open","sticky":false,"template":"","format":"standard","meta":{"_exactmetrics_skip_tracking":false,"_exactmetrics_sitenote_active":false,"_exactmetrics_sitenote_note":"","_exactmetrics_sitenote_category":0,"footnotes":""},"categories":[495],"tags":[642,198,171,448],"class_list":{"0":"post-1433","1":"post","2":"type-post","3":"status-publish","4":"format-standard","5":"has-post-thumbnail","7":"category-redondela-reportaxes","8":"tag-carmen-garcia-rodeja","9":"tag-colectivo-republicano-de-redondela","10":"tag-concello-de-redondela","11":"tag-memoria-historica"},"yoast_head":"<!-- This site is optimized with the Yoast SEO plugin v27.4 - https:\/\/yoast.com\/product\/yoast-seo-wordpress\/ -->\n<title>Carmen Garc\u00eda Rodeja, portavoz da asociaci\u00f3n pola recuperaci\u00f3n da memoria hist\u00f3rica -<\/title>\n<meta name=\"robots\" content=\"index, follow, max-snippet:-1, max-image-preview:large, max-video-preview:-1\" \/>\n<link rel=\"canonical\" href=\"https:\/\/www.anovapeneira.gal\/index.php\/2019\/10\/07\/carmen-garcia-rodeja-portavoz-da-asociacion-pola-recuperacion-da-memoria-historica\/\" \/>\n<meta property=\"og:locale\" content=\"gl_ES\" \/>\n<meta property=\"og:type\" content=\"article\" \/>\n<meta property=\"og:title\" content=\"Carmen Garc\u00eda Rodeja, portavoz da asociaci\u00f3n pola recuperaci\u00f3n da memoria hist\u00f3rica -\" \/>\n<meta property=\"og:description\" content=\"Entre o 1 e o 30 de setembro organizada pola Asociaci\u00f3n pola Recuperaci\u00f3n da Memoria Hist\u00f3rica e polo Colectivo Republicano de Redondela [...]\" \/>\n<meta property=\"og:url\" content=\"https:\/\/www.anovapeneira.gal\/index.php\/2019\/10\/07\/carmen-garcia-rodeja-portavoz-da-asociacion-pola-recuperacion-da-memoria-historica\/\" \/>\n<meta property=\"article:publisher\" content=\"https:\/\/www.facebook.com\/anovapeneira\" \/>\n<meta property=\"article:published_time\" content=\"2019-10-07T12:00:35+00:00\" \/>\n<meta property=\"og:image\" content=\"https:\/\/www.anovapeneira.gal\/wp-content\/uploads\/2019\/10\/carmen_garcia_rodeja_a_nova_peneira.jpg\" \/>\n\t<meta property=\"og:image:width\" content=\"720\" \/>\n\t<meta property=\"og:image:height\" content=\"473\" \/>\n\t<meta property=\"og:image:type\" content=\"image\/jpeg\" \/>\n<meta name=\"author\" content=\"Marcos Santos\" \/>\n<meta name=\"twitter:card\" content=\"summary_large_image\" \/>\n<meta name=\"twitter:creator\" content=\"@APeneira\" \/>\n<meta name=\"twitter:site\" content=\"@APeneira\" \/>\n<meta name=\"twitter:label1\" content=\"Escrito por\" \/>\n\t<meta name=\"twitter:data1\" content=\"Marcos Santos\" \/>\n\t<meta name=\"twitter:label2\" content=\"Tempo de lectura\" \/>\n\t<meta name=\"twitter:data2\" content=\"8 minutos\" \/>\n<script type=\"application\/ld+json\" class=\"yoast-schema-graph\">{\"@context\":\"https:\\\/\\\/schema.org\",\"@graph\":[{\"@type\":\"Article\",\"@id\":\"https:\\\/\\\/www.anovapeneira.gal\\\/index.php\\\/2019\\\/10\\\/07\\\/carmen-garcia-rodeja-portavoz-da-asociacion-pola-recuperacion-da-memoria-historica\\\/#article\",\"isPartOf\":{\"@id\":\"https:\\\/\\\/www.anovapeneira.gal\\\/index.php\\\/2019\\\/10\\\/07\\\/carmen-garcia-rodeja-portavoz-da-asociacion-pola-recuperacion-da-memoria-historica\\\/\"},\"author\":{\"name\":\"Marcos Santos\",\"@id\":\"https:\\\/\\\/www.anovapeneira.gal\\\/#\\\/schema\\\/person\\\/d9d84823564720e7593293bab054e52d\"},\"headline\":\"Carmen Garc\u00eda Rodeja, portavoz da asociaci\u00f3n pola recuperaci\u00f3n da memoria hist\u00f3rica\",\"datePublished\":\"2019-10-07T12:00:35+00:00\",\"mainEntityOfPage\":{\"@id\":\"https:\\\/\\\/www.anovapeneira.gal\\\/index.php\\\/2019\\\/10\\\/07\\\/carmen-garcia-rodeja-portavoz-da-asociacion-pola-recuperacion-da-memoria-historica\\\/\"},\"wordCount\":1521,\"commentCount\":0,\"publisher\":{\"@id\":\"https:\\\/\\\/www.anovapeneira.gal\\\/#organization\"},\"image\":{\"@id\":\"https:\\\/\\\/www.anovapeneira.gal\\\/index.php\\\/2019\\\/10\\\/07\\\/carmen-garcia-rodeja-portavoz-da-asociacion-pola-recuperacion-da-memoria-historica\\\/#primaryimage\"},\"thumbnailUrl\":\"https:\\\/\\\/www.anovapeneira.gal\\\/wp-content\\\/uploads\\\/2019\\\/10\\\/carmen_garcia_rodeja_a_nova_peneira.jpg\",\"keywords\":[\"Carmen Garc\u00eda Rodeja\",\"Colectivo republicano de Redondela\",\"Concello de Redondela\",\"Memoria hist\u00f3rica\"],\"articleSection\":[\"Redondela\"],\"inLanguage\":\"gl-ES\",\"potentialAction\":[{\"@type\":\"CommentAction\",\"name\":\"Comment\",\"target\":[\"https:\\\/\\\/www.anovapeneira.gal\\\/index.php\\\/2019\\\/10\\\/07\\\/carmen-garcia-rodeja-portavoz-da-asociacion-pola-recuperacion-da-memoria-historica\\\/#respond\"]}]},{\"@type\":\"WebPage\",\"@id\":\"https:\\\/\\\/www.anovapeneira.gal\\\/index.php\\\/2019\\\/10\\\/07\\\/carmen-garcia-rodeja-portavoz-da-asociacion-pola-recuperacion-da-memoria-historica\\\/\",\"url\":\"https:\\\/\\\/www.anovapeneira.gal\\\/index.php\\\/2019\\\/10\\\/07\\\/carmen-garcia-rodeja-portavoz-da-asociacion-pola-recuperacion-da-memoria-historica\\\/\",\"name\":\"Carmen Garc\u00eda Rodeja, portavoz da asociaci\u00f3n pola recuperaci\u00f3n da memoria hist\u00f3rica -\",\"isPartOf\":{\"@id\":\"https:\\\/\\\/www.anovapeneira.gal\\\/#website\"},\"primaryImageOfPage\":{\"@id\":\"https:\\\/\\\/www.anovapeneira.gal\\\/index.php\\\/2019\\\/10\\\/07\\\/carmen-garcia-rodeja-portavoz-da-asociacion-pola-recuperacion-da-memoria-historica\\\/#primaryimage\"},\"image\":{\"@id\":\"https:\\\/\\\/www.anovapeneira.gal\\\/index.php\\\/2019\\\/10\\\/07\\\/carmen-garcia-rodeja-portavoz-da-asociacion-pola-recuperacion-da-memoria-historica\\\/#primaryimage\"},\"thumbnailUrl\":\"https:\\\/\\\/www.anovapeneira.gal\\\/wp-content\\\/uploads\\\/2019\\\/10\\\/carmen_garcia_rodeja_a_nova_peneira.jpg\",\"datePublished\":\"2019-10-07T12:00:35+00:00\",\"breadcrumb\":{\"@id\":\"https:\\\/\\\/www.anovapeneira.gal\\\/index.php\\\/2019\\\/10\\\/07\\\/carmen-garcia-rodeja-portavoz-da-asociacion-pola-recuperacion-da-memoria-historica\\\/#breadcrumb\"},\"inLanguage\":\"gl-ES\",\"potentialAction\":[{\"@type\":\"ReadAction\",\"target\":[\"https:\\\/\\\/www.anovapeneira.gal\\\/index.php\\\/2019\\\/10\\\/07\\\/carmen-garcia-rodeja-portavoz-da-asociacion-pola-recuperacion-da-memoria-historica\\\/\"]}]},{\"@type\":\"ImageObject\",\"inLanguage\":\"gl-ES\",\"@id\":\"https:\\\/\\\/www.anovapeneira.gal\\\/index.php\\\/2019\\\/10\\\/07\\\/carmen-garcia-rodeja-portavoz-da-asociacion-pola-recuperacion-da-memoria-historica\\\/#primaryimage\",\"url\":\"https:\\\/\\\/www.anovapeneira.gal\\\/wp-content\\\/uploads\\\/2019\\\/10\\\/carmen_garcia_rodeja_a_nova_peneira.jpg\",\"contentUrl\":\"https:\\\/\\\/www.anovapeneira.gal\\\/wp-content\\\/uploads\\\/2019\\\/10\\\/carmen_garcia_rodeja_a_nova_peneira.jpg\",\"width\":720,\"height\":473,\"caption\":\"Concello Redondela A Nova Peneira Carmen Garcia Rodeja\"},{\"@type\":\"BreadcrumbList\",\"@id\":\"https:\\\/\\\/www.anovapeneira.gal\\\/index.php\\\/2019\\\/10\\\/07\\\/carmen-garcia-rodeja-portavoz-da-asociacion-pola-recuperacion-da-memoria-historica\\\/#breadcrumb\",\"itemListElement\":[{\"@type\":\"ListItem\",\"position\":1,\"name\":\"Portada\",\"item\":\"https:\\\/\\\/www.anovapeneira.gal\\\/\"},{\"@type\":\"ListItem\",\"position\":2,\"name\":\"Carmen Garc\u00eda Rodeja, portavoz da asociaci\u00f3n pola recuperaci\u00f3n da memoria hist\u00f3rica\"}]},{\"@type\":\"WebSite\",\"@id\":\"https:\\\/\\\/www.anovapeneira.gal\\\/#website\",\"url\":\"https:\\\/\\\/www.anovapeneira.gal\\\/\",\"name\":\"\",\"description\":\"Xornal galego de informaci\u00f3n xeral Publicaci\u00f3n mensual de novas de Galicia e en especial dos Concellos da sur da provincia de Pontevedra.\",\"publisher\":{\"@id\":\"https:\\\/\\\/www.anovapeneira.gal\\\/#organization\"},\"potentialAction\":[{\"@type\":\"SearchAction\",\"target\":{\"@type\":\"EntryPoint\",\"urlTemplate\":\"https:\\\/\\\/www.anovapeneira.gal\\\/?s={search_term_string}\"},\"query-input\":{\"@type\":\"PropertyValueSpecification\",\"valueRequired\":true,\"valueName\":\"search_term_string\"}}],\"inLanguage\":\"gl-ES\"},{\"@type\":\"Organization\",\"@id\":\"https:\\\/\\\/www.anovapeneira.gal\\\/#organization\",\"name\":\"A Nova Peneira\",\"url\":\"https:\\\/\\\/www.anovapeneira.gal\\\/\",\"logo\":{\"@type\":\"ImageObject\",\"inLanguage\":\"gl-ES\",\"@id\":\"https:\\\/\\\/www.anovapeneira.gal\\\/#\\\/schema\\\/logo\\\/image\\\/\",\"url\":\"http:\\\/\\\/www.anovapeneira.gal\\\/wp-content\\\/uploads\\\/2019\\\/06\\\/logo_a_nova_peneira_portal_web.png\",\"contentUrl\":\"http:\\\/\\\/www.anovapeneira.gal\\\/wp-content\\\/uploads\\\/2019\\\/06\\\/logo_a_nova_peneira_portal_web.png\",\"width\":300,\"height\":100,\"caption\":\"A Nova Peneira\"},\"image\":{\"@id\":\"https:\\\/\\\/www.anovapeneira.gal\\\/#\\\/schema\\\/logo\\\/image\\\/\"},\"sameAs\":[\"https:\\\/\\\/www.facebook.com\\\/anovapeneira\",\"https:\\\/\\\/x.com\\\/APeneira\"]},{\"@type\":\"Person\",\"@id\":\"https:\\\/\\\/www.anovapeneira.gal\\\/#\\\/schema\\\/person\\\/d9d84823564720e7593293bab054e52d\",\"name\":\"Marcos Santos\",\"image\":{\"@type\":\"ImageObject\",\"inLanguage\":\"gl-ES\",\"@id\":\"https:\\\/\\\/secure.gravatar.com\\\/avatar\\\/0e8017099a7a47c0a9d2275e865fe326484561eb3d70649069e4b8e61a8d2e8c?s=96&d=mm&r=g\",\"url\":\"https:\\\/\\\/secure.gravatar.com\\\/avatar\\\/0e8017099a7a47c0a9d2275e865fe326484561eb3d70649069e4b8e61a8d2e8c?s=96&d=mm&r=g\",\"contentUrl\":\"https:\\\/\\\/secure.gravatar.com\\\/avatar\\\/0e8017099a7a47c0a9d2275e865fe326484561eb3d70649069e4b8e61a8d2e8c?s=96&d=mm&r=g\",\"caption\":\"Marcos Santos\"},\"sameAs\":[\"http:\\\/\\\/anovapeneira.gal\"],\"url\":\"https:\\\/\\\/www.anovapeneira.gal\\\/index.php\\\/author\\\/marcos-santos\\\/\"}]}<\/script>\n<!-- \/ Yoast SEO plugin. -->","yoast_head_json":{"title":"Carmen Garc\u00eda Rodeja, portavoz da asociaci\u00f3n pola recuperaci\u00f3n da memoria hist\u00f3rica -","robots":{"index":"index","follow":"follow","max-snippet":"max-snippet:-1","max-image-preview":"max-image-preview:large","max-video-preview":"max-video-preview:-1"},"canonical":"https:\/\/www.anovapeneira.gal\/index.php\/2019\/10\/07\/carmen-garcia-rodeja-portavoz-da-asociacion-pola-recuperacion-da-memoria-historica\/","og_locale":"gl_ES","og_type":"article","og_title":"Carmen Garc\u00eda Rodeja, portavoz da asociaci\u00f3n pola recuperaci\u00f3n da memoria hist\u00f3rica -","og_description":"Entre o 1 e o 30 de setembro organizada pola Asociaci\u00f3n pola Recuperaci\u00f3n da Memoria Hist\u00f3rica e polo Colectivo Republicano de Redondela [...]","og_url":"https:\/\/www.anovapeneira.gal\/index.php\/2019\/10\/07\/carmen-garcia-rodeja-portavoz-da-asociacion-pola-recuperacion-da-memoria-historica\/","article_publisher":"https:\/\/www.facebook.com\/anovapeneira","article_published_time":"2019-10-07T12:00:35+00:00","og_image":[{"width":720,"height":473,"url":"https:\/\/www.anovapeneira.gal\/wp-content\/uploads\/2019\/10\/carmen_garcia_rodeja_a_nova_peneira.jpg","type":"image\/jpeg"}],"author":"Marcos Santos","twitter_card":"summary_large_image","twitter_creator":"@APeneira","twitter_site":"@APeneira","twitter_misc":{"Escrito por":"Marcos Santos","Tempo de lectura":"8 minutos"},"schema":{"@context":"https:\/\/schema.org","@graph":[{"@type":"Article","@id":"https:\/\/www.anovapeneira.gal\/index.php\/2019\/10\/07\/carmen-garcia-rodeja-portavoz-da-asociacion-pola-recuperacion-da-memoria-historica\/#article","isPartOf":{"@id":"https:\/\/www.anovapeneira.gal\/index.php\/2019\/10\/07\/carmen-garcia-rodeja-portavoz-da-asociacion-pola-recuperacion-da-memoria-historica\/"},"author":{"name":"Marcos Santos","@id":"https:\/\/www.anovapeneira.gal\/#\/schema\/person\/d9d84823564720e7593293bab054e52d"},"headline":"Carmen Garc\u00eda Rodeja, portavoz da asociaci\u00f3n pola recuperaci\u00f3n da memoria hist\u00f3rica","datePublished":"2019-10-07T12:00:35+00:00","mainEntityOfPage":{"@id":"https:\/\/www.anovapeneira.gal\/index.php\/2019\/10\/07\/carmen-garcia-rodeja-portavoz-da-asociacion-pola-recuperacion-da-memoria-historica\/"},"wordCount":1521,"commentCount":0,"publisher":{"@id":"https:\/\/www.anovapeneira.gal\/#organization"},"image":{"@id":"https:\/\/www.anovapeneira.gal\/index.php\/2019\/10\/07\/carmen-garcia-rodeja-portavoz-da-asociacion-pola-recuperacion-da-memoria-historica\/#primaryimage"},"thumbnailUrl":"https:\/\/www.anovapeneira.gal\/wp-content\/uploads\/2019\/10\/carmen_garcia_rodeja_a_nova_peneira.jpg","keywords":["Carmen Garc\u00eda Rodeja","Colectivo republicano de Redondela","Concello de Redondela","Memoria hist\u00f3rica"],"articleSection":["Redondela"],"inLanguage":"gl-ES","potentialAction":[{"@type":"CommentAction","name":"Comment","target":["https:\/\/www.anovapeneira.gal\/index.php\/2019\/10\/07\/carmen-garcia-rodeja-portavoz-da-asociacion-pola-recuperacion-da-memoria-historica\/#respond"]}]},{"@type":"WebPage","@id":"https:\/\/www.anovapeneira.gal\/index.php\/2019\/10\/07\/carmen-garcia-rodeja-portavoz-da-asociacion-pola-recuperacion-da-memoria-historica\/","url":"https:\/\/www.anovapeneira.gal\/index.php\/2019\/10\/07\/carmen-garcia-rodeja-portavoz-da-asociacion-pola-recuperacion-da-memoria-historica\/","name":"Carmen Garc\u00eda Rodeja, portavoz da asociaci\u00f3n pola recuperaci\u00f3n da memoria hist\u00f3rica -","isPartOf":{"@id":"https:\/\/www.anovapeneira.gal\/#website"},"primaryImageOfPage":{"@id":"https:\/\/www.anovapeneira.gal\/index.php\/2019\/10\/07\/carmen-garcia-rodeja-portavoz-da-asociacion-pola-recuperacion-da-memoria-historica\/#primaryimage"},"image":{"@id":"https:\/\/www.anovapeneira.gal\/index.php\/2019\/10\/07\/carmen-garcia-rodeja-portavoz-da-asociacion-pola-recuperacion-da-memoria-historica\/#primaryimage"},"thumbnailUrl":"https:\/\/www.anovapeneira.gal\/wp-content\/uploads\/2019\/10\/carmen_garcia_rodeja_a_nova_peneira.jpg","datePublished":"2019-10-07T12:00:35+00:00","breadcrumb":{"@id":"https:\/\/www.anovapeneira.gal\/index.php\/2019\/10\/07\/carmen-garcia-rodeja-portavoz-da-asociacion-pola-recuperacion-da-memoria-historica\/#breadcrumb"},"inLanguage":"gl-ES","potentialAction":[{"@type":"ReadAction","target":["https:\/\/www.anovapeneira.gal\/index.php\/2019\/10\/07\/carmen-garcia-rodeja-portavoz-da-asociacion-pola-recuperacion-da-memoria-historica\/"]}]},{"@type":"ImageObject","inLanguage":"gl-ES","@id":"https:\/\/www.anovapeneira.gal\/index.php\/2019\/10\/07\/carmen-garcia-rodeja-portavoz-da-asociacion-pola-recuperacion-da-memoria-historica\/#primaryimage","url":"https:\/\/www.anovapeneira.gal\/wp-content\/uploads\/2019\/10\/carmen_garcia_rodeja_a_nova_peneira.jpg","contentUrl":"https:\/\/www.anovapeneira.gal\/wp-content\/uploads\/2019\/10\/carmen_garcia_rodeja_a_nova_peneira.jpg","width":720,"height":473,"caption":"Concello Redondela A Nova Peneira Carmen Garcia Rodeja"},{"@type":"BreadcrumbList","@id":"https:\/\/www.anovapeneira.gal\/index.php\/2019\/10\/07\/carmen-garcia-rodeja-portavoz-da-asociacion-pola-recuperacion-da-memoria-historica\/#breadcrumb","itemListElement":[{"@type":"ListItem","position":1,"name":"Portada","item":"https:\/\/www.anovapeneira.gal\/"},{"@type":"ListItem","position":2,"name":"Carmen Garc\u00eda Rodeja, portavoz da asociaci\u00f3n pola recuperaci\u00f3n da memoria hist\u00f3rica"}]},{"@type":"WebSite","@id":"https:\/\/www.anovapeneira.gal\/#website","url":"https:\/\/www.anovapeneira.gal\/","name":"","description":"Xornal galego de informaci\u00f3n xeral Publicaci\u00f3n mensual de novas de Galicia e en especial dos Concellos da sur da provincia de Pontevedra.","publisher":{"@id":"https:\/\/www.anovapeneira.gal\/#organization"},"potentialAction":[{"@type":"SearchAction","target":{"@type":"EntryPoint","urlTemplate":"https:\/\/www.anovapeneira.gal\/?s={search_term_string}"},"query-input":{"@type":"PropertyValueSpecification","valueRequired":true,"valueName":"search_term_string"}}],"inLanguage":"gl-ES"},{"@type":"Organization","@id":"https:\/\/www.anovapeneira.gal\/#organization","name":"A Nova Peneira","url":"https:\/\/www.anovapeneira.gal\/","logo":{"@type":"ImageObject","inLanguage":"gl-ES","@id":"https:\/\/www.anovapeneira.gal\/#\/schema\/logo\/image\/","url":"http:\/\/www.anovapeneira.gal\/wp-content\/uploads\/2019\/06\/logo_a_nova_peneira_portal_web.png","contentUrl":"http:\/\/www.anovapeneira.gal\/wp-content\/uploads\/2019\/06\/logo_a_nova_peneira_portal_web.png","width":300,"height":100,"caption":"A Nova Peneira"},"image":{"@id":"https:\/\/www.anovapeneira.gal\/#\/schema\/logo\/image\/"},"sameAs":["https:\/\/www.facebook.com\/anovapeneira","https:\/\/x.com\/APeneira"]},{"@type":"Person","@id":"https:\/\/www.anovapeneira.gal\/#\/schema\/person\/d9d84823564720e7593293bab054e52d","name":"Marcos Santos","image":{"@type":"ImageObject","inLanguage":"gl-ES","@id":"https:\/\/secure.gravatar.com\/avatar\/0e8017099a7a47c0a9d2275e865fe326484561eb3d70649069e4b8e61a8d2e8c?s=96&d=mm&r=g","url":"https:\/\/secure.gravatar.com\/avatar\/0e8017099a7a47c0a9d2275e865fe326484561eb3d70649069e4b8e61a8d2e8c?s=96&d=mm&r=g","contentUrl":"https:\/\/secure.gravatar.com\/avatar\/0e8017099a7a47c0a9d2275e865fe326484561eb3d70649069e4b8e61a8d2e8c?s=96&d=mm&r=g","caption":"Marcos Santos"},"sameAs":["http:\/\/anovapeneira.gal"],"url":"https:\/\/www.anovapeneira.gal\/index.php\/author\/marcos-santos\/"}]}},"jetpack_featured_media_url":"https:\/\/www.anovapeneira.gal\/wp-content\/uploads\/2019\/10\/carmen_garcia_rodeja_a_nova_peneira.jpg","_links":{"self":[{"href":"https:\/\/www.anovapeneira.gal\/index.php\/wp-json\/wp\/v2\/posts\/1433","targetHints":{"allow":["GET"]}}],"collection":[{"href":"https:\/\/www.anovapeneira.gal\/index.php\/wp-json\/wp\/v2\/posts"}],"about":[{"href":"https:\/\/www.anovapeneira.gal\/index.php\/wp-json\/wp\/v2\/types\/post"}],"author":[{"embeddable":true,"href":"https:\/\/www.anovapeneira.gal\/index.php\/wp-json\/wp\/v2\/users\/6"}],"replies":[{"embeddable":true,"href":"https:\/\/www.anovapeneira.gal\/index.php\/wp-json\/wp\/v2\/comments?post=1433"}],"version-history":[{"count":3,"href":"https:\/\/www.anovapeneira.gal\/index.php\/wp-json\/wp\/v2\/posts\/1433\/revisions"}],"predecessor-version":[{"id":1438,"href":"https:\/\/www.anovapeneira.gal\/index.php\/wp-json\/wp\/v2\/posts\/1433\/revisions\/1438"}],"wp:featuredmedia":[{"embeddable":true,"href":"https:\/\/www.anovapeneira.gal\/index.php\/wp-json\/wp\/v2\/media\/1434"}],"wp:attachment":[{"href":"https:\/\/www.anovapeneira.gal\/index.php\/wp-json\/wp\/v2\/media?parent=1433"}],"wp:term":[{"taxonomy":"category","embeddable":true,"href":"https:\/\/www.anovapeneira.gal\/index.php\/wp-json\/wp\/v2\/categories?post=1433"},{"taxonomy":"post_tag","embeddable":true,"href":"https:\/\/www.anovapeneira.gal\/index.php\/wp-json\/wp\/v2\/tags?post=1433"}],"curies":[{"name":"wp","href":"https:\/\/api.w.org\/{rel}","templated":true}]}}