{"id":14400,"date":"2025-08-05T10:00:04","date_gmt":"2025-08-05T08:00:04","guid":{"rendered":"https:\/\/www.anovapeneira.gal\/?p=14400"},"modified":"2025-08-04T12:16:31","modified_gmt":"2025-08-04T10:16:31","slug":"bng-reclama-ao-goberno-avanzar-en-dereitos-sociais-e-nacionais-en-rexeneracion-democratica-e-que-cumpra-coa-galiza","status":"publish","type":"post","link":"https:\/\/www.anovapeneira.gal\/index.php\/2025\/08\/05\/bng-reclama-ao-goberno-avanzar-en-dereitos-sociais-e-nacionais-en-rexeneracion-democratica-e-que-cumpra-coa-galiza\/","title":{"rendered":"BNG reclama ao Goberno avanzar en dereitos sociais e nacionais, en rexeneraci\u00f3n democr\u00e1tica e que cumpra coa Galiza"},"content":{"rendered":"\n<p><strong>N\u00e9stor Rego exixe feitos concretos na defensa dos dereitos sociais, no reco\u00f1ecemento das naci\u00f3ns e do pluriling\u00fc\u00edsmo, na loita contra a corrupci\u00f3n e polo benestar da maior\u00eda social<\/strong><\/p>\n\n\n\n<p>\u201c<strong>O tempo das escusas xa rematou\u201d sinala Rego mentres advirte que o BNG \u201cnon est\u00e1 en Madrid para darlle un cheque en branco a ningu\u00e9n\u201d e urxe medidas concretas<\/strong><\/p>\n\n\n\n<p>\u201c<strong>A Galiza non pode seguir agardando m\u00e1is promesas sen cumprir e no BNG imos exixilo con toda a firmeza\u201d afirma o deputado do BNG<\/strong><\/p>\n\n\n\n<p><strong>Madrid, 31 de xullo de 2025.<\/strong> <\/p>\n\n\n\n<p>Ap\u00f3s a comparecencia do Presidente do Goberno do Estado, o BNG fai unha avaliaci\u00f3n cr\u00edtica do curso pol\u00edtico que agora concl\u00fae, advertindo dunha clara falta de vontade pol\u00edtica para avanzar nas transformaci\u00f3ns sociais necesarias e no cumprimento do Acordo de Investidura conseguido. O deputado do BNG no Congreso, N\u00e9stor Rego, reclama a PSOE e SUMAR \u201cm\u00e1is ambici\u00f3n\u201d para desenvolver de maneira efectiva a axenda social, a trav\u00e9s da conquista de dereitos e liberdades, as\u00ed como implantar as medidas recollidas na Axenda Galega.<\/p>\n\n\n\n<p>O deputado nacionalista do BNG no Congreso demanda ao Presidente do Goberno a &#8220;gobernar dunha vez por todas, sen m\u00e1is escusas&#8221; e a cumprir os compromisos asumidos coa Galiza Rego advirte que \u201cnon imos dar carta branca a quen non cumpre nin cos dereitos da cidadan\u00eda nin co noso Pa\u00eds\u201d.<\/p>\n\n\n\n<p><a><\/a> <strong>Dereitos sociais e nacionais e rexeneraci\u00f3n democr\u00e1tica: moito anuncio e poucos feitos<\/strong><\/p>\n\n\n\n<p>O BNG lamenta que o curso pol\u00edtico estivo caracterizado por unha axenda social sen avances significativos. \u201cO que era unha oportunidade para ampliar dereitos e garantir o benestar da maior\u00eda social quedou, por agora, en anuncios e promesas incumpridas\u201d sinala o deputado nacionalista, N\u00e9stor Rego.<\/p>\n\n\n\n<p>Ali\u00e1s, o deputado nacionalista sinala que son precisas mudanzas efectivas para o reco\u00f1ecemento das naci\u00f3ns do Estado, como a Galiza, e das linguas oficiais. Do mesmo modo, lembra a necesidade de dotar o noso Pa\u00eds dun sistema de financiamento adecuado, sobre a base do concerto econ\u00f3mico, para termos a base dos cartos e non seguir perdendo recursos.<\/p>\n\n\n\n<p>As\u00ed mesmo, o Bloque denuncia a inacci\u00f3n do executivo, lembrando que, malia as reiteradas denuncias do BNG e a gravidade dos casos co\u00f1ecidos, non se activaron medidas efectivas para a rexeneraci\u00f3n democr\u00e1tica. \u201cHai un ano o BNG pu\u00f1a sobre a mesa propostas concretas nesta materia e o executivo a\u00ednda non as implantou\u201d recorda.<\/p>\n\n\n\n<p>Por outra parte, o deputado do BNG denuncia con firmeza, m\u00e1is unha vez, o aumento do gasto militar anunciado polo Goberno do Estado, as\u00ed como o alineamento sistem\u00e1tico coas directrices da OTAN e dos Estados Unidos en pol\u00edtica internacional, sen debate parlamentario nin control democr\u00e1tico real.<\/p>\n\n\n\n<p>\u201cEstes fondos p\u00fablicos deber\u00edan destinarse a fortalecer os servizos p\u00fablicos, os coidados, a sanidade e a educaci\u00f3n, no canto de nutrir a industria armament\u00edstica ou contribu\u00edr a escaladas b\u00e9licas que nada te\u00f1en que ver cos intereses da cidadan\u00eda galega e das maior\u00edas sociais do Estado espa\u00f1ol\u201d reivindica Rego.<\/p>\n\n\n\n<p>\u201cResulta inacept\u00e1bel que mentres se atrasan os investimentos para a Galiza ou se incumpren os compromisos sociais, o Estado destine miles de mill\u00f3ns de euros ao gasto militar\u201d afirma N\u00e9stor Rego.<\/p>\n\n\n\n<p><strong>A Axenda Galega segue bloqueada: o tempo da espera rematou<\/strong><\/p>\n\n\n\n<p>Un dos puntos centrais da cr\u00edtica do BNG \u00e9 a par\u00e1lise na execuci\u00f3n da Axenda Galega, parte esencial do acordo que permitiu a investidura de Pedro S\u00e1nchez. Entre os compromisos incumpridos N\u00e9stor Rego exixe impulsar a condonaci\u00f3n da d\u00e9beda da Galiza, conseguida no Acordo de Investidura, ou posta en marcha dun plan integral de modernizaci\u00f3n ferroviaria, coa implantaci\u00f3n do servizo de cercan\u00edas ferroviarias, ou a gratuidade e transferencia da AP-9, entre outras medidas.<\/p>\n\n\n\n<p>\u201cA Galiza non pode seguir agardando m\u00e1is promesas sen cumprir e no BNG imos exixilo con toda a firmeza\u201d reivindica o deputado do BNG.<\/p>\n\n\n\n<p>N\u00e9stor Rego lembra que o seu apoio ao Goberno sempre estivo condicionado ao cumprimento do Acordo de Investidura e \u00e1 defensa dos intereses da cidadan\u00eda galega. \u201cN\u00f3s non estamos aqu\u00ed para darlle un cheque en branco a ningu\u00e9n, sen\u00f3n para que a Galiza avance. O Goberno do Estado ten a responsabilidade de cumprir, e o tempo das escusas xa rematou\u201d conclu\u00edu N\u00e9stor Rego.<\/p>\n","protected":false},"excerpt":{"rendered":"<div class=\"mh-excerpt\"><p>N\u00e9stor Rego exixe feitos concretos na defensa dos dereitos sociais, no reco\u00f1ecemento das naci\u00f3ns e do pluriling\u00fc\u00edsmo, na loita contra a corrupci\u00f3n e polo benestar da maior\u00eda social <a class=\"mh-excerpt-more\" href=\"https:\/\/www.anovapeneira.gal\/index.php\/2025\/08\/05\/bng-reclama-ao-goberno-avanzar-en-dereitos-sociais-e-nacionais-en-rexeneracion-democratica-e-que-cumpra-coa-galiza\/\" title=\"BNG reclama ao Goberno avanzar en dereitos sociais e nacionais, en rexeneraci\u00f3n democr\u00e1tica e que cumpra coa Galiza\">[&#8230;]<\/a><\/p>\n<\/div>","protected":false},"author":3,"featured_media":14401,"comment_status":"open","ping_status":"open","sticky":false,"template":"","format":"standard","meta":{"_exactmetrics_skip_tracking":false,"_exactmetrics_sitenote_active":false,"_exactmetrics_sitenote_note":"","_exactmetrics_sitenote_category":0,"footnotes":""},"categories":[263],"tags":[10,1413],"class_list":{"0":"post-14400","1":"post","2":"type-post","3":"status-publish","4":"format-standard","5":"has-post-thumbnail","7":"category-novas","8":"tag-bng","9":"tag-congreso"},"yoast_head":"<!-- This site is optimized with the Yoast SEO plugin v27.4 - https:\/\/yoast.com\/product\/yoast-seo-wordpress\/ -->\n<title>BNG reclama ao Goberno avanzar en dereitos sociais e nacionais, en rexeneraci\u00f3n democr\u00e1tica e que cumpra coa Galiza -<\/title>\n<meta name=\"robots\" content=\"index, follow, max-snippet:-1, max-image-preview:large, max-video-preview:-1\" \/>\n<link rel=\"canonical\" href=\"https:\/\/www.anovapeneira.gal\/index.php\/2025\/08\/05\/bng-reclama-ao-goberno-avanzar-en-dereitos-sociais-e-nacionais-en-rexeneracion-democratica-e-que-cumpra-coa-galiza\/\" \/>\n<meta property=\"og:locale\" content=\"gl_ES\" \/>\n<meta property=\"og:type\" content=\"article\" \/>\n<meta property=\"og:title\" content=\"BNG reclama ao Goberno avanzar en dereitos sociais e nacionais, en rexeneraci\u00f3n democr\u00e1tica e que cumpra coa Galiza -\" \/>\n<meta property=\"og:description\" content=\"N\u00e9stor Rego exixe feitos concretos na defensa dos dereitos sociais, no reco\u00f1ecemento das naci\u00f3ns e do pluriling\u00fc\u00edsmo, na loita contra a corrupci\u00f3n e polo benestar da maior\u00eda social [...]\" \/>\n<meta property=\"og:url\" content=\"https:\/\/www.anovapeneira.gal\/index.php\/2025\/08\/05\/bng-reclama-ao-goberno-avanzar-en-dereitos-sociais-e-nacionais-en-rexeneracion-democratica-e-que-cumpra-coa-galiza\/\" \/>\n<meta property=\"article:publisher\" content=\"https:\/\/www.facebook.com\/anovapeneira\" \/>\n<meta property=\"article:published_time\" content=\"2025-08-05T08:00:04+00:00\" \/>\n<meta property=\"og:image\" content=\"https:\/\/www.anovapeneira.gal\/wp-content\/uploads\/2025\/08\/rego.jpg\" \/>\n\t<meta property=\"og:image:width\" content=\"720\" \/>\n\t<meta property=\"og:image:height\" content=\"432\" \/>\n\t<meta property=\"og:image:type\" content=\"image\/jpeg\" \/>\n<meta name=\"author\" content=\"Redacci\u00f3n A Nova Peneira\" \/>\n<meta name=\"twitter:card\" content=\"summary_large_image\" \/>\n<meta name=\"twitter:creator\" content=\"@APeneira\" \/>\n<meta name=\"twitter:site\" content=\"@APeneira\" \/>\n<meta name=\"twitter:label1\" content=\"Escrito por\" \/>\n\t<meta name=\"twitter:data1\" content=\"Redacci\u00f3n A Nova Peneira\" \/>\n\t<meta name=\"twitter:label2\" content=\"Tempo de lectura\" \/>\n\t<meta name=\"twitter:data2\" content=\"4 minutos\" \/>\n<script type=\"application\/ld+json\" class=\"yoast-schema-graph\">{\"@context\":\"https:\\\/\\\/schema.org\",\"@graph\":[{\"@type\":\"Article\",\"@id\":\"https:\\\/\\\/www.anovapeneira.gal\\\/index.php\\\/2025\\\/08\\\/05\\\/bng-reclama-ao-goberno-avanzar-en-dereitos-sociais-e-nacionais-en-rexeneracion-democratica-e-que-cumpra-coa-galiza\\\/#article\",\"isPartOf\":{\"@id\":\"https:\\\/\\\/www.anovapeneira.gal\\\/index.php\\\/2025\\\/08\\\/05\\\/bng-reclama-ao-goberno-avanzar-en-dereitos-sociais-e-nacionais-en-rexeneracion-democratica-e-que-cumpra-coa-galiza\\\/\"},\"author\":{\"name\":\"Redacci\u00f3n A Nova Peneira\",\"@id\":\"https:\\\/\\\/www.anovapeneira.gal\\\/#\\\/schema\\\/person\\\/b93e3f8932e3f8da96334607eb6ac6aa\"},\"headline\":\"BNG reclama ao Goberno avanzar en dereitos sociais e nacionais, en rexeneraci\u00f3n democr\u00e1tica e que cumpra coa Galiza\",\"datePublished\":\"2025-08-05T08:00:04+00:00\",\"mainEntityOfPage\":{\"@id\":\"https:\\\/\\\/www.anovapeneira.gal\\\/index.php\\\/2025\\\/08\\\/05\\\/bng-reclama-ao-goberno-avanzar-en-dereitos-sociais-e-nacionais-en-rexeneracion-democratica-e-que-cumpra-coa-galiza\\\/\"},\"wordCount\":771,\"commentCount\":0,\"publisher\":{\"@id\":\"https:\\\/\\\/www.anovapeneira.gal\\\/#organization\"},\"image\":{\"@id\":\"https:\\\/\\\/www.anovapeneira.gal\\\/index.php\\\/2025\\\/08\\\/05\\\/bng-reclama-ao-goberno-avanzar-en-dereitos-sociais-e-nacionais-en-rexeneracion-democratica-e-que-cumpra-coa-galiza\\\/#primaryimage\"},\"thumbnailUrl\":\"https:\\\/\\\/www.anovapeneira.gal\\\/wp-content\\\/uploads\\\/2025\\\/08\\\/rego.jpg\",\"keywords\":[\"BNG\",\"Congreso\"],\"articleSection\":[\"Novas\"],\"inLanguage\":\"gl-ES\",\"potentialAction\":[{\"@type\":\"CommentAction\",\"name\":\"Comment\",\"target\":[\"https:\\\/\\\/www.anovapeneira.gal\\\/index.php\\\/2025\\\/08\\\/05\\\/bng-reclama-ao-goberno-avanzar-en-dereitos-sociais-e-nacionais-en-rexeneracion-democratica-e-que-cumpra-coa-galiza\\\/#respond\"]}]},{\"@type\":\"WebPage\",\"@id\":\"https:\\\/\\\/www.anovapeneira.gal\\\/index.php\\\/2025\\\/08\\\/05\\\/bng-reclama-ao-goberno-avanzar-en-dereitos-sociais-e-nacionais-en-rexeneracion-democratica-e-que-cumpra-coa-galiza\\\/\",\"url\":\"https:\\\/\\\/www.anovapeneira.gal\\\/index.php\\\/2025\\\/08\\\/05\\\/bng-reclama-ao-goberno-avanzar-en-dereitos-sociais-e-nacionais-en-rexeneracion-democratica-e-que-cumpra-coa-galiza\\\/\",\"name\":\"BNG reclama ao Goberno avanzar en dereitos sociais e nacionais, en rexeneraci\u00f3n democr\u00e1tica e que cumpra coa Galiza -\",\"isPartOf\":{\"@id\":\"https:\\\/\\\/www.anovapeneira.gal\\\/#website\"},\"primaryImageOfPage\":{\"@id\":\"https:\\\/\\\/www.anovapeneira.gal\\\/index.php\\\/2025\\\/08\\\/05\\\/bng-reclama-ao-goberno-avanzar-en-dereitos-sociais-e-nacionais-en-rexeneracion-democratica-e-que-cumpra-coa-galiza\\\/#primaryimage\"},\"image\":{\"@id\":\"https:\\\/\\\/www.anovapeneira.gal\\\/index.php\\\/2025\\\/08\\\/05\\\/bng-reclama-ao-goberno-avanzar-en-dereitos-sociais-e-nacionais-en-rexeneracion-democratica-e-que-cumpra-coa-galiza\\\/#primaryimage\"},\"thumbnailUrl\":\"https:\\\/\\\/www.anovapeneira.gal\\\/wp-content\\\/uploads\\\/2025\\\/08\\\/rego.jpg\",\"datePublished\":\"2025-08-05T08:00:04+00:00\",\"breadcrumb\":{\"@id\":\"https:\\\/\\\/www.anovapeneira.gal\\\/index.php\\\/2025\\\/08\\\/05\\\/bng-reclama-ao-goberno-avanzar-en-dereitos-sociais-e-nacionais-en-rexeneracion-democratica-e-que-cumpra-coa-galiza\\\/#breadcrumb\"},\"inLanguage\":\"gl-ES\",\"potentialAction\":[{\"@type\":\"ReadAction\",\"target\":[\"https:\\\/\\\/www.anovapeneira.gal\\\/index.php\\\/2025\\\/08\\\/05\\\/bng-reclama-ao-goberno-avanzar-en-dereitos-sociais-e-nacionais-en-rexeneracion-democratica-e-que-cumpra-coa-galiza\\\/\"]}]},{\"@type\":\"ImageObject\",\"inLanguage\":\"gl-ES\",\"@id\":\"https:\\\/\\\/www.anovapeneira.gal\\\/index.php\\\/2025\\\/08\\\/05\\\/bng-reclama-ao-goberno-avanzar-en-dereitos-sociais-e-nacionais-en-rexeneracion-democratica-e-que-cumpra-coa-galiza\\\/#primaryimage\",\"url\":\"https:\\\/\\\/www.anovapeneira.gal\\\/wp-content\\\/uploads\\\/2025\\\/08\\\/rego.jpg\",\"contentUrl\":\"https:\\\/\\\/www.anovapeneira.gal\\\/wp-content\\\/uploads\\\/2025\\\/08\\\/rego.jpg\",\"width\":720,\"height\":432},{\"@type\":\"BreadcrumbList\",\"@id\":\"https:\\\/\\\/www.anovapeneira.gal\\\/index.php\\\/2025\\\/08\\\/05\\\/bng-reclama-ao-goberno-avanzar-en-dereitos-sociais-e-nacionais-en-rexeneracion-democratica-e-que-cumpra-coa-galiza\\\/#breadcrumb\",\"itemListElement\":[{\"@type\":\"ListItem\",\"position\":1,\"name\":\"Portada\",\"item\":\"https:\\\/\\\/www.anovapeneira.gal\\\/\"},{\"@type\":\"ListItem\",\"position\":2,\"name\":\"BNG reclama ao Goberno avanzar en dereitos sociais e nacionais, en rexeneraci\u00f3n democr\u00e1tica e que cumpra coa Galiza\"}]},{\"@type\":\"WebSite\",\"@id\":\"https:\\\/\\\/www.anovapeneira.gal\\\/#website\",\"url\":\"https:\\\/\\\/www.anovapeneira.gal\\\/\",\"name\":\"\",\"description\":\"Xornal galego de informaci\u00f3n xeral Publicaci\u00f3n mensual de novas de Galicia e en especial dos Concellos da sur da provincia de Pontevedra.\",\"publisher\":{\"@id\":\"https:\\\/\\\/www.anovapeneira.gal\\\/#organization\"},\"potentialAction\":[{\"@type\":\"SearchAction\",\"target\":{\"@type\":\"EntryPoint\",\"urlTemplate\":\"https:\\\/\\\/www.anovapeneira.gal\\\/?s={search_term_string}\"},\"query-input\":{\"@type\":\"PropertyValueSpecification\",\"valueRequired\":true,\"valueName\":\"search_term_string\"}}],\"inLanguage\":\"gl-ES\"},{\"@type\":\"Organization\",\"@id\":\"https:\\\/\\\/www.anovapeneira.gal\\\/#organization\",\"name\":\"A Nova Peneira\",\"url\":\"https:\\\/\\\/www.anovapeneira.gal\\\/\",\"logo\":{\"@type\":\"ImageObject\",\"inLanguage\":\"gl-ES\",\"@id\":\"https:\\\/\\\/www.anovapeneira.gal\\\/#\\\/schema\\\/logo\\\/image\\\/\",\"url\":\"http:\\\/\\\/www.anovapeneira.gal\\\/wp-content\\\/uploads\\\/2019\\\/06\\\/logo_a_nova_peneira_portal_web.png\",\"contentUrl\":\"http:\\\/\\\/www.anovapeneira.gal\\\/wp-content\\\/uploads\\\/2019\\\/06\\\/logo_a_nova_peneira_portal_web.png\",\"width\":300,\"height\":100,\"caption\":\"A Nova Peneira\"},\"image\":{\"@id\":\"https:\\\/\\\/www.anovapeneira.gal\\\/#\\\/schema\\\/logo\\\/image\\\/\"},\"sameAs\":[\"https:\\\/\\\/www.facebook.com\\\/anovapeneira\",\"https:\\\/\\\/x.com\\\/APeneira\"]},{\"@type\":\"Person\",\"@id\":\"https:\\\/\\\/www.anovapeneira.gal\\\/#\\\/schema\\\/person\\\/b93e3f8932e3f8da96334607eb6ac6aa\",\"name\":\"Redacci\u00f3n A Nova Peneira\",\"image\":{\"@type\":\"ImageObject\",\"inLanguage\":\"gl-ES\",\"@id\":\"https:\\\/\\\/secure.gravatar.com\\\/avatar\\\/c052a2551a06e23fac63626232eaa90abd78dbcf1700fc46a2b2c89fd27b735f?s=96&d=mm&r=g\",\"url\":\"https:\\\/\\\/secure.gravatar.com\\\/avatar\\\/c052a2551a06e23fac63626232eaa90abd78dbcf1700fc46a2b2c89fd27b735f?s=96&d=mm&r=g\",\"contentUrl\":\"https:\\\/\\\/secure.gravatar.com\\\/avatar\\\/c052a2551a06e23fac63626232eaa90abd78dbcf1700fc46a2b2c89fd27b735f?s=96&d=mm&r=g\",\"caption\":\"Redacci\u00f3n A Nova Peneira\"},\"sameAs\":[\"http:\\\/\\\/www.anovapeneira.gal\\\/\"],\"url\":\"https:\\\/\\\/www.anovapeneira.gal\\\/index.php\\\/author\\\/redactor\\\/\"}]}<\/script>\n<!-- \/ Yoast SEO plugin. -->","yoast_head_json":{"title":"BNG reclama ao Goberno avanzar en dereitos sociais e nacionais, en rexeneraci\u00f3n democr\u00e1tica e que cumpra coa Galiza -","robots":{"index":"index","follow":"follow","max-snippet":"max-snippet:-1","max-image-preview":"max-image-preview:large","max-video-preview":"max-video-preview:-1"},"canonical":"https:\/\/www.anovapeneira.gal\/index.php\/2025\/08\/05\/bng-reclama-ao-goberno-avanzar-en-dereitos-sociais-e-nacionais-en-rexeneracion-democratica-e-que-cumpra-coa-galiza\/","og_locale":"gl_ES","og_type":"article","og_title":"BNG reclama ao Goberno avanzar en dereitos sociais e nacionais, en rexeneraci\u00f3n democr\u00e1tica e que cumpra coa Galiza -","og_description":"N\u00e9stor Rego exixe feitos concretos na defensa dos dereitos sociais, no reco\u00f1ecemento das naci\u00f3ns e do pluriling\u00fc\u00edsmo, na loita contra a corrupci\u00f3n e polo benestar da maior\u00eda social [...]","og_url":"https:\/\/www.anovapeneira.gal\/index.php\/2025\/08\/05\/bng-reclama-ao-goberno-avanzar-en-dereitos-sociais-e-nacionais-en-rexeneracion-democratica-e-que-cumpra-coa-galiza\/","article_publisher":"https:\/\/www.facebook.com\/anovapeneira","article_published_time":"2025-08-05T08:00:04+00:00","og_image":[{"width":720,"height":432,"url":"https:\/\/www.anovapeneira.gal\/wp-content\/uploads\/2025\/08\/rego.jpg","type":"image\/jpeg"}],"author":"Redacci\u00f3n A Nova Peneira","twitter_card":"summary_large_image","twitter_creator":"@APeneira","twitter_site":"@APeneira","twitter_misc":{"Escrito por":"Redacci\u00f3n A Nova Peneira","Tempo de lectura":"4 minutos"},"schema":{"@context":"https:\/\/schema.org","@graph":[{"@type":"Article","@id":"https:\/\/www.anovapeneira.gal\/index.php\/2025\/08\/05\/bng-reclama-ao-goberno-avanzar-en-dereitos-sociais-e-nacionais-en-rexeneracion-democratica-e-que-cumpra-coa-galiza\/#article","isPartOf":{"@id":"https:\/\/www.anovapeneira.gal\/index.php\/2025\/08\/05\/bng-reclama-ao-goberno-avanzar-en-dereitos-sociais-e-nacionais-en-rexeneracion-democratica-e-que-cumpra-coa-galiza\/"},"author":{"name":"Redacci\u00f3n A Nova Peneira","@id":"https:\/\/www.anovapeneira.gal\/#\/schema\/person\/b93e3f8932e3f8da96334607eb6ac6aa"},"headline":"BNG reclama ao Goberno avanzar en dereitos sociais e nacionais, en rexeneraci\u00f3n democr\u00e1tica e que cumpra coa Galiza","datePublished":"2025-08-05T08:00:04+00:00","mainEntityOfPage":{"@id":"https:\/\/www.anovapeneira.gal\/index.php\/2025\/08\/05\/bng-reclama-ao-goberno-avanzar-en-dereitos-sociais-e-nacionais-en-rexeneracion-democratica-e-que-cumpra-coa-galiza\/"},"wordCount":771,"commentCount":0,"publisher":{"@id":"https:\/\/www.anovapeneira.gal\/#organization"},"image":{"@id":"https:\/\/www.anovapeneira.gal\/index.php\/2025\/08\/05\/bng-reclama-ao-goberno-avanzar-en-dereitos-sociais-e-nacionais-en-rexeneracion-democratica-e-que-cumpra-coa-galiza\/#primaryimage"},"thumbnailUrl":"https:\/\/www.anovapeneira.gal\/wp-content\/uploads\/2025\/08\/rego.jpg","keywords":["BNG","Congreso"],"articleSection":["Novas"],"inLanguage":"gl-ES","potentialAction":[{"@type":"CommentAction","name":"Comment","target":["https:\/\/www.anovapeneira.gal\/index.php\/2025\/08\/05\/bng-reclama-ao-goberno-avanzar-en-dereitos-sociais-e-nacionais-en-rexeneracion-democratica-e-que-cumpra-coa-galiza\/#respond"]}]},{"@type":"WebPage","@id":"https:\/\/www.anovapeneira.gal\/index.php\/2025\/08\/05\/bng-reclama-ao-goberno-avanzar-en-dereitos-sociais-e-nacionais-en-rexeneracion-democratica-e-que-cumpra-coa-galiza\/","url":"https:\/\/www.anovapeneira.gal\/index.php\/2025\/08\/05\/bng-reclama-ao-goberno-avanzar-en-dereitos-sociais-e-nacionais-en-rexeneracion-democratica-e-que-cumpra-coa-galiza\/","name":"BNG reclama ao Goberno avanzar en dereitos sociais e nacionais, en rexeneraci\u00f3n democr\u00e1tica e que cumpra coa Galiza -","isPartOf":{"@id":"https:\/\/www.anovapeneira.gal\/#website"},"primaryImageOfPage":{"@id":"https:\/\/www.anovapeneira.gal\/index.php\/2025\/08\/05\/bng-reclama-ao-goberno-avanzar-en-dereitos-sociais-e-nacionais-en-rexeneracion-democratica-e-que-cumpra-coa-galiza\/#primaryimage"},"image":{"@id":"https:\/\/www.anovapeneira.gal\/index.php\/2025\/08\/05\/bng-reclama-ao-goberno-avanzar-en-dereitos-sociais-e-nacionais-en-rexeneracion-democratica-e-que-cumpra-coa-galiza\/#primaryimage"},"thumbnailUrl":"https:\/\/www.anovapeneira.gal\/wp-content\/uploads\/2025\/08\/rego.jpg","datePublished":"2025-08-05T08:00:04+00:00","breadcrumb":{"@id":"https:\/\/www.anovapeneira.gal\/index.php\/2025\/08\/05\/bng-reclama-ao-goberno-avanzar-en-dereitos-sociais-e-nacionais-en-rexeneracion-democratica-e-que-cumpra-coa-galiza\/#breadcrumb"},"inLanguage":"gl-ES","potentialAction":[{"@type":"ReadAction","target":["https:\/\/www.anovapeneira.gal\/index.php\/2025\/08\/05\/bng-reclama-ao-goberno-avanzar-en-dereitos-sociais-e-nacionais-en-rexeneracion-democratica-e-que-cumpra-coa-galiza\/"]}]},{"@type":"ImageObject","inLanguage":"gl-ES","@id":"https:\/\/www.anovapeneira.gal\/index.php\/2025\/08\/05\/bng-reclama-ao-goberno-avanzar-en-dereitos-sociais-e-nacionais-en-rexeneracion-democratica-e-que-cumpra-coa-galiza\/#primaryimage","url":"https:\/\/www.anovapeneira.gal\/wp-content\/uploads\/2025\/08\/rego.jpg","contentUrl":"https:\/\/www.anovapeneira.gal\/wp-content\/uploads\/2025\/08\/rego.jpg","width":720,"height":432},{"@type":"BreadcrumbList","@id":"https:\/\/www.anovapeneira.gal\/index.php\/2025\/08\/05\/bng-reclama-ao-goberno-avanzar-en-dereitos-sociais-e-nacionais-en-rexeneracion-democratica-e-que-cumpra-coa-galiza\/#breadcrumb","itemListElement":[{"@type":"ListItem","position":1,"name":"Portada","item":"https:\/\/www.anovapeneira.gal\/"},{"@type":"ListItem","position":2,"name":"BNG reclama ao Goberno avanzar en dereitos sociais e nacionais, en rexeneraci\u00f3n democr\u00e1tica e que cumpra coa Galiza"}]},{"@type":"WebSite","@id":"https:\/\/www.anovapeneira.gal\/#website","url":"https:\/\/www.anovapeneira.gal\/","name":"","description":"Xornal galego de informaci\u00f3n xeral Publicaci\u00f3n mensual de novas de Galicia e en especial dos Concellos da sur da provincia de Pontevedra.","publisher":{"@id":"https:\/\/www.anovapeneira.gal\/#organization"},"potentialAction":[{"@type":"SearchAction","target":{"@type":"EntryPoint","urlTemplate":"https:\/\/www.anovapeneira.gal\/?s={search_term_string}"},"query-input":{"@type":"PropertyValueSpecification","valueRequired":true,"valueName":"search_term_string"}}],"inLanguage":"gl-ES"},{"@type":"Organization","@id":"https:\/\/www.anovapeneira.gal\/#organization","name":"A Nova Peneira","url":"https:\/\/www.anovapeneira.gal\/","logo":{"@type":"ImageObject","inLanguage":"gl-ES","@id":"https:\/\/www.anovapeneira.gal\/#\/schema\/logo\/image\/","url":"http:\/\/www.anovapeneira.gal\/wp-content\/uploads\/2019\/06\/logo_a_nova_peneira_portal_web.png","contentUrl":"http:\/\/www.anovapeneira.gal\/wp-content\/uploads\/2019\/06\/logo_a_nova_peneira_portal_web.png","width":300,"height":100,"caption":"A Nova Peneira"},"image":{"@id":"https:\/\/www.anovapeneira.gal\/#\/schema\/logo\/image\/"},"sameAs":["https:\/\/www.facebook.com\/anovapeneira","https:\/\/x.com\/APeneira"]},{"@type":"Person","@id":"https:\/\/www.anovapeneira.gal\/#\/schema\/person\/b93e3f8932e3f8da96334607eb6ac6aa","name":"Redacci\u00f3n A Nova Peneira","image":{"@type":"ImageObject","inLanguage":"gl-ES","@id":"https:\/\/secure.gravatar.com\/avatar\/c052a2551a06e23fac63626232eaa90abd78dbcf1700fc46a2b2c89fd27b735f?s=96&d=mm&r=g","url":"https:\/\/secure.gravatar.com\/avatar\/c052a2551a06e23fac63626232eaa90abd78dbcf1700fc46a2b2c89fd27b735f?s=96&d=mm&r=g","contentUrl":"https:\/\/secure.gravatar.com\/avatar\/c052a2551a06e23fac63626232eaa90abd78dbcf1700fc46a2b2c89fd27b735f?s=96&d=mm&r=g","caption":"Redacci\u00f3n A Nova Peneira"},"sameAs":["http:\/\/www.anovapeneira.gal\/"],"url":"https:\/\/www.anovapeneira.gal\/index.php\/author\/redactor\/"}]}},"jetpack_featured_media_url":"https:\/\/www.anovapeneira.gal\/wp-content\/uploads\/2025\/08\/rego.jpg","_links":{"self":[{"href":"https:\/\/www.anovapeneira.gal\/index.php\/wp-json\/wp\/v2\/posts\/14400","targetHints":{"allow":["GET"]}}],"collection":[{"href":"https:\/\/www.anovapeneira.gal\/index.php\/wp-json\/wp\/v2\/posts"}],"about":[{"href":"https:\/\/www.anovapeneira.gal\/index.php\/wp-json\/wp\/v2\/types\/post"}],"author":[{"embeddable":true,"href":"https:\/\/www.anovapeneira.gal\/index.php\/wp-json\/wp\/v2\/users\/3"}],"replies":[{"embeddable":true,"href":"https:\/\/www.anovapeneira.gal\/index.php\/wp-json\/wp\/v2\/comments?post=14400"}],"version-history":[{"count":1,"href":"https:\/\/www.anovapeneira.gal\/index.php\/wp-json\/wp\/v2\/posts\/14400\/revisions"}],"predecessor-version":[{"id":14402,"href":"https:\/\/www.anovapeneira.gal\/index.php\/wp-json\/wp\/v2\/posts\/14400\/revisions\/14402"}],"wp:featuredmedia":[{"embeddable":true,"href":"https:\/\/www.anovapeneira.gal\/index.php\/wp-json\/wp\/v2\/media\/14401"}],"wp:attachment":[{"href":"https:\/\/www.anovapeneira.gal\/index.php\/wp-json\/wp\/v2\/media?parent=14400"}],"wp:term":[{"taxonomy":"category","embeddable":true,"href":"https:\/\/www.anovapeneira.gal\/index.php\/wp-json\/wp\/v2\/categories?post=14400"},{"taxonomy":"post_tag","embeddable":true,"href":"https:\/\/www.anovapeneira.gal\/index.php\/wp-json\/wp\/v2\/tags?post=14400"}],"curies":[{"name":"wp","href":"https:\/\/api.w.org\/{rel}","templated":true}]}}