{"id":14404,"date":"2025-08-05T12:00:55","date_gmt":"2025-08-05T10:00:55","guid":{"rendered":"https:\/\/www.anovapeneira.gal\/?p=14404"},"modified":"2025-08-04T12:24:39","modified_gmt":"2025-08-04T10:24:39","slug":"beluso-acolle-o-9-de-agosto-o-ix-encontro-da-musica-tradicional-galega","status":"publish","type":"post","link":"https:\/\/www.anovapeneira.gal\/index.php\/2025\/08\/05\/beluso-acolle-o-9-de-agosto-o-ix-encontro-da-musica-tradicional-galega\/","title":{"rendered":"Beluso acolle o 9 de agosto o IX Encontro da m\u00fasica tradicional galega"},"content":{"rendered":"\n<h2 class=\"wp-block-heading\"><strong>Dende as 11 horas haber\u00e1 mercado de artesan\u00eda, actividades variadas e moita m\u00fasica no aparcadoiro da plazoleta de Beluso<\/strong><\/h2>\n\n\n\n<p><strong>Bueu, a 30 de xullo de 2025<\/strong><\/p>\n\n\n\n<p>O Concello de Bueu e a Asociaci\u00f3n Cultural Novos Ventos de Beluso organizan o IV Encontro de m\u00fasica tradicional galega, que se celebrar\u00e1 o 9 de agosto durante todo o d\u00eda no aparcadoiro da plazoleta de Beluso.<\/p>\n\n\n\n<p>Carmen Garc\u00eda, concelleira de cultura, presentou hoxe este evento canda integrantes de Novos Ventos diante da Casa do Pobo da parroquia, no que salientou que \u201ceste evento aposta pola nosa m\u00fasica e xerando unha xornada para compartir en familia\u201d.<\/p>\n\n\n\n<p>O evento arrancar\u00e1 \u00e1s 11 horas co mercado de artesan\u00eda e con varias actividades que se ir\u00e1n desenvolvendo ao longo da ma\u00f1\u00e1, como zumba con Sole, taller de abalorios con Silvia Prieto, propostas infant\u00eds coa Asociaci\u00f3n Amodi\u00f1o, pasarr\u00faas con grupo de gaitas Nos Ventos e concerto de sesi\u00f3n verm\u00fa no recinto de festas.<\/p>\n\n\n\n<p>Pola tarde, a partir das 20 horas, actuar\u00e1n o grupo de gaitas Asociaci\u00f3n Cultural Carballido de Ard\u00e1n, Retrouso de Cela acompa\u00f1ados por \u201cA quinta ferre\u00f1a\u201d e Novos Ventos. Finalizar\u00e1 o encontro cun concerto a cargo do grupo de folk Ardent\u00eda.<\/p>\n\n\n\n<figure class=\"wp-block-image size-large\"><img loading=\"lazy\" decoding=\"async\" width=\"724\" height=\"1024\" src=\"https:\/\/www.anovapeneira.gal\/wp-content\/uploads\/2025\/08\/CARTEL-IV-ENCONTRO-724x1024.jpg\" alt=\"\" class=\"wp-image-14406\" srcset=\"https:\/\/www.anovapeneira.gal\/wp-content\/uploads\/2025\/08\/CARTEL-IV-ENCONTRO-724x1024.jpg 724w, https:\/\/www.anovapeneira.gal\/wp-content\/uploads\/2025\/08\/CARTEL-IV-ENCONTRO-212x300.jpg 212w, https:\/\/www.anovapeneira.gal\/wp-content\/uploads\/2025\/08\/CARTEL-IV-ENCONTRO-768x1086.jpg 768w, https:\/\/www.anovapeneira.gal\/wp-content\/uploads\/2025\/08\/CARTEL-IV-ENCONTRO-1086x1536.jpg 1086w, https:\/\/www.anovapeneira.gal\/wp-content\/uploads\/2025\/08\/CARTEL-IV-ENCONTRO-1448x2048.jpg 1448w, https:\/\/www.anovapeneira.gal\/wp-content\/uploads\/2025\/08\/CARTEL-IV-ENCONTRO.jpg 1587w\" sizes=\"auto, (max-width: 724px) 100vw, 724px\" \/><\/figure>\n","protected":false},"excerpt":{"rendered":"<div class=\"mh-excerpt\"><p>Dende as 11 horas haber\u00e1 mercado de artesan\u00eda, actividades variadas e moita m\u00fasica no aparcadoiro da plazoleta de Beluso <a class=\"mh-excerpt-more\" href=\"https:\/\/www.anovapeneira.gal\/index.php\/2025\/08\/05\/beluso-acolle-o-9-de-agosto-o-ix-encontro-da-musica-tradicional-galega\/\" title=\"Beluso acolle o 9 de agosto o IX Encontro da m\u00fasica tradicional galega\">[&#8230;]<\/a><\/p>\n<\/div>","protected":false},"author":1,"featured_media":14405,"comment_status":"open","ping_status":"open","sticky":false,"template":"","format":"standard","meta":{"_exactmetrics_skip_tracking":false,"_exactmetrics_sitenote_active":false,"_exactmetrics_sitenote_note":"","_exactmetrics_sitenote_category":0,"footnotes":""},"categories":[1],"tags":[],"class_list":{"0":"post-14404","1":"post","2":"type-post","3":"status-publish","4":"format-standard","5":"has-post-thumbnail","7":"category-sin-categoria"},"yoast_head":"<!-- This site is optimized with the Yoast SEO plugin v27.4 - https:\/\/yoast.com\/product\/yoast-seo-wordpress\/ -->\n<title>Beluso acolle o 9 de agosto o IX Encontro da m\u00fasica tradicional galega -<\/title>\n<meta name=\"robots\" content=\"index, follow, max-snippet:-1, max-image-preview:large, max-video-preview:-1\" \/>\n<link rel=\"canonical\" href=\"https:\/\/www.anovapeneira.gal\/index.php\/2025\/08\/05\/beluso-acolle-o-9-de-agosto-o-ix-encontro-da-musica-tradicional-galega\/\" \/>\n<meta property=\"og:locale\" content=\"gl_ES\" \/>\n<meta property=\"og:type\" content=\"article\" \/>\n<meta property=\"og:title\" content=\"Beluso acolle o 9 de agosto o IX Encontro da m\u00fasica tradicional galega -\" \/>\n<meta property=\"og:description\" content=\"Dende as 11 horas haber\u00e1 mercado de artesan\u00eda, actividades variadas e moita m\u00fasica no aparcadoiro da plazoleta de Beluso [...]\" \/>\n<meta property=\"og:url\" content=\"https:\/\/www.anovapeneira.gal\/index.php\/2025\/08\/05\/beluso-acolle-o-9-de-agosto-o-ix-encontro-da-musica-tradicional-galega\/\" \/>\n<meta property=\"article:publisher\" content=\"https:\/\/www.facebook.com\/anovapeneira\" \/>\n<meta property=\"article:author\" content=\"https:\/\/www.facebook.com\/anovapeneira\/\" \/>\n<meta property=\"article:published_time\" content=\"2025-08-05T10:00:55+00:00\" \/>\n<meta property=\"og:image\" content=\"https:\/\/www.anovapeneira.gal\/wp-content\/uploads\/2025\/08\/cultura_beluso.jpg\" \/>\n\t<meta property=\"og:image:width\" content=\"720\" \/>\n\t<meta property=\"og:image:height\" content=\"432\" \/>\n\t<meta property=\"og:image:type\" content=\"image\/jpeg\" \/>\n<meta name=\"author\" content=\"admin\" \/>\n<meta name=\"twitter:card\" content=\"summary_large_image\" \/>\n<meta name=\"twitter:creator\" content=\"@APeneira\" \/>\n<meta name=\"twitter:site\" content=\"@APeneira\" \/>\n<meta name=\"twitter:label1\" content=\"Escrito por\" \/>\n\t<meta name=\"twitter:data1\" content=\"admin\" \/>\n\t<meta name=\"twitter:label2\" content=\"Tempo de lectura\" \/>\n\t<meta name=\"twitter:data2\" content=\"2 minutos\" \/>\n<script type=\"application\/ld+json\" class=\"yoast-schema-graph\">{\"@context\":\"https:\\\/\\\/schema.org\",\"@graph\":[{\"@type\":\"Article\",\"@id\":\"https:\\\/\\\/www.anovapeneira.gal\\\/index.php\\\/2025\\\/08\\\/05\\\/beluso-acolle-o-9-de-agosto-o-ix-encontro-da-musica-tradicional-galega\\\/#article\",\"isPartOf\":{\"@id\":\"https:\\\/\\\/www.anovapeneira.gal\\\/index.php\\\/2025\\\/08\\\/05\\\/beluso-acolle-o-9-de-agosto-o-ix-encontro-da-musica-tradicional-galega\\\/\"},\"author\":{\"name\":\"admin\",\"@id\":\"https:\\\/\\\/www.anovapeneira.gal\\\/#\\\/schema\\\/person\\\/fb77575328c93684dae4b0075f90c2cb\"},\"headline\":\"Beluso acolle o 9 de agosto o IX Encontro da m\u00fasica tradicional galega\",\"datePublished\":\"2025-08-05T10:00:55+00:00\",\"mainEntityOfPage\":{\"@id\":\"https:\\\/\\\/www.anovapeneira.gal\\\/index.php\\\/2025\\\/08\\\/05\\\/beluso-acolle-o-9-de-agosto-o-ix-encontro-da-musica-tradicional-galega\\\/\"},\"wordCount\":222,\"commentCount\":0,\"publisher\":{\"@id\":\"https:\\\/\\\/www.anovapeneira.gal\\\/#organization\"},\"image\":{\"@id\":\"https:\\\/\\\/www.anovapeneira.gal\\\/index.php\\\/2025\\\/08\\\/05\\\/beluso-acolle-o-9-de-agosto-o-ix-encontro-da-musica-tradicional-galega\\\/#primaryimage\"},\"thumbnailUrl\":\"https:\\\/\\\/www.anovapeneira.gal\\\/wp-content\\\/uploads\\\/2025\\\/08\\\/cultura_beluso.jpg\",\"articleSection\":[\"Sin categor\u00eda\"],\"inLanguage\":\"gl-ES\",\"potentialAction\":[{\"@type\":\"CommentAction\",\"name\":\"Comment\",\"target\":[\"https:\\\/\\\/www.anovapeneira.gal\\\/index.php\\\/2025\\\/08\\\/05\\\/beluso-acolle-o-9-de-agosto-o-ix-encontro-da-musica-tradicional-galega\\\/#respond\"]}]},{\"@type\":\"WebPage\",\"@id\":\"https:\\\/\\\/www.anovapeneira.gal\\\/index.php\\\/2025\\\/08\\\/05\\\/beluso-acolle-o-9-de-agosto-o-ix-encontro-da-musica-tradicional-galega\\\/\",\"url\":\"https:\\\/\\\/www.anovapeneira.gal\\\/index.php\\\/2025\\\/08\\\/05\\\/beluso-acolle-o-9-de-agosto-o-ix-encontro-da-musica-tradicional-galega\\\/\",\"name\":\"Beluso acolle o 9 de agosto o IX Encontro da m\u00fasica tradicional galega -\",\"isPartOf\":{\"@id\":\"https:\\\/\\\/www.anovapeneira.gal\\\/#website\"},\"primaryImageOfPage\":{\"@id\":\"https:\\\/\\\/www.anovapeneira.gal\\\/index.php\\\/2025\\\/08\\\/05\\\/beluso-acolle-o-9-de-agosto-o-ix-encontro-da-musica-tradicional-galega\\\/#primaryimage\"},\"image\":{\"@id\":\"https:\\\/\\\/www.anovapeneira.gal\\\/index.php\\\/2025\\\/08\\\/05\\\/beluso-acolle-o-9-de-agosto-o-ix-encontro-da-musica-tradicional-galega\\\/#primaryimage\"},\"thumbnailUrl\":\"https:\\\/\\\/www.anovapeneira.gal\\\/wp-content\\\/uploads\\\/2025\\\/08\\\/cultura_beluso.jpg\",\"datePublished\":\"2025-08-05T10:00:55+00:00\",\"breadcrumb\":{\"@id\":\"https:\\\/\\\/www.anovapeneira.gal\\\/index.php\\\/2025\\\/08\\\/05\\\/beluso-acolle-o-9-de-agosto-o-ix-encontro-da-musica-tradicional-galega\\\/#breadcrumb\"},\"inLanguage\":\"gl-ES\",\"potentialAction\":[{\"@type\":\"ReadAction\",\"target\":[\"https:\\\/\\\/www.anovapeneira.gal\\\/index.php\\\/2025\\\/08\\\/05\\\/beluso-acolle-o-9-de-agosto-o-ix-encontro-da-musica-tradicional-galega\\\/\"]}]},{\"@type\":\"ImageObject\",\"inLanguage\":\"gl-ES\",\"@id\":\"https:\\\/\\\/www.anovapeneira.gal\\\/index.php\\\/2025\\\/08\\\/05\\\/beluso-acolle-o-9-de-agosto-o-ix-encontro-da-musica-tradicional-galega\\\/#primaryimage\",\"url\":\"https:\\\/\\\/www.anovapeneira.gal\\\/wp-content\\\/uploads\\\/2025\\\/08\\\/cultura_beluso.jpg\",\"contentUrl\":\"https:\\\/\\\/www.anovapeneira.gal\\\/wp-content\\\/uploads\\\/2025\\\/08\\\/cultura_beluso.jpg\",\"width\":720,\"height\":432},{\"@type\":\"BreadcrumbList\",\"@id\":\"https:\\\/\\\/www.anovapeneira.gal\\\/index.php\\\/2025\\\/08\\\/05\\\/beluso-acolle-o-9-de-agosto-o-ix-encontro-da-musica-tradicional-galega\\\/#breadcrumb\",\"itemListElement\":[{\"@type\":\"ListItem\",\"position\":1,\"name\":\"Portada\",\"item\":\"https:\\\/\\\/www.anovapeneira.gal\\\/\"},{\"@type\":\"ListItem\",\"position\":2,\"name\":\"Beluso acolle o 9 de agosto o IX Encontro da m\u00fasica tradicional galega\"}]},{\"@type\":\"WebSite\",\"@id\":\"https:\\\/\\\/www.anovapeneira.gal\\\/#website\",\"url\":\"https:\\\/\\\/www.anovapeneira.gal\\\/\",\"name\":\"\",\"description\":\"Xornal galego de informaci\u00f3n xeral Publicaci\u00f3n mensual de novas de Galicia e en especial dos Concellos da sur da provincia de Pontevedra.\",\"publisher\":{\"@id\":\"https:\\\/\\\/www.anovapeneira.gal\\\/#organization\"},\"potentialAction\":[{\"@type\":\"SearchAction\",\"target\":{\"@type\":\"EntryPoint\",\"urlTemplate\":\"https:\\\/\\\/www.anovapeneira.gal\\\/?s={search_term_string}\"},\"query-input\":{\"@type\":\"PropertyValueSpecification\",\"valueRequired\":true,\"valueName\":\"search_term_string\"}}],\"inLanguage\":\"gl-ES\"},{\"@type\":\"Organization\",\"@id\":\"https:\\\/\\\/www.anovapeneira.gal\\\/#organization\",\"name\":\"A Nova Peneira\",\"url\":\"https:\\\/\\\/www.anovapeneira.gal\\\/\",\"logo\":{\"@type\":\"ImageObject\",\"inLanguage\":\"gl-ES\",\"@id\":\"https:\\\/\\\/www.anovapeneira.gal\\\/#\\\/schema\\\/logo\\\/image\\\/\",\"url\":\"http:\\\/\\\/www.anovapeneira.gal\\\/wp-content\\\/uploads\\\/2019\\\/06\\\/logo_a_nova_peneira_portal_web.png\",\"contentUrl\":\"http:\\\/\\\/www.anovapeneira.gal\\\/wp-content\\\/uploads\\\/2019\\\/06\\\/logo_a_nova_peneira_portal_web.png\",\"width\":300,\"height\":100,\"caption\":\"A Nova Peneira\"},\"image\":{\"@id\":\"https:\\\/\\\/www.anovapeneira.gal\\\/#\\\/schema\\\/logo\\\/image\\\/\"},\"sameAs\":[\"https:\\\/\\\/www.facebook.com\\\/anovapeneira\",\"https:\\\/\\\/x.com\\\/APeneira\"]},{\"@type\":\"Person\",\"@id\":\"https:\\\/\\\/www.anovapeneira.gal\\\/#\\\/schema\\\/person\\\/fb77575328c93684dae4b0075f90c2cb\",\"name\":\"admin\",\"image\":{\"@type\":\"ImageObject\",\"inLanguage\":\"gl-ES\",\"@id\":\"https:\\\/\\\/secure.gravatar.com\\\/avatar\\\/df15c36ce375448325e0bc870e91bbee95947a002eb98dcfd6c2b053e18843e9?s=96&d=mm&r=g\",\"url\":\"https:\\\/\\\/secure.gravatar.com\\\/avatar\\\/df15c36ce375448325e0bc870e91bbee95947a002eb98dcfd6c2b053e18843e9?s=96&d=mm&r=g\",\"contentUrl\":\"https:\\\/\\\/secure.gravatar.com\\\/avatar\\\/df15c36ce375448325e0bc870e91bbee95947a002eb98dcfd6c2b053e18843e9?s=96&d=mm&r=g\",\"caption\":\"admin\"},\"description\":\"Xornal galego de informaci\u00f3n xeral Publicaci\u00f3n mensual de novas de Galicia e en especial dos Concellos da sur da provincia de Pontevedra.\",\"sameAs\":[\"http:\\\/\\\/www.anovapeneira.gal\\\/\",\"https:\\\/\\\/www.facebook.com\\\/anovapeneira\\\/\"],\"url\":\"https:\\\/\\\/www.anovapeneira.gal\\\/index.php\\\/author\\\/admin\\\/\"}]}<\/script>\n<!-- \/ Yoast SEO plugin. -->","yoast_head_json":{"title":"Beluso acolle o 9 de agosto o IX Encontro da m\u00fasica tradicional galega -","robots":{"index":"index","follow":"follow","max-snippet":"max-snippet:-1","max-image-preview":"max-image-preview:large","max-video-preview":"max-video-preview:-1"},"canonical":"https:\/\/www.anovapeneira.gal\/index.php\/2025\/08\/05\/beluso-acolle-o-9-de-agosto-o-ix-encontro-da-musica-tradicional-galega\/","og_locale":"gl_ES","og_type":"article","og_title":"Beluso acolle o 9 de agosto o IX Encontro da m\u00fasica tradicional galega -","og_description":"Dende as 11 horas haber\u00e1 mercado de artesan\u00eda, actividades variadas e moita m\u00fasica no aparcadoiro da plazoleta de Beluso [...]","og_url":"https:\/\/www.anovapeneira.gal\/index.php\/2025\/08\/05\/beluso-acolle-o-9-de-agosto-o-ix-encontro-da-musica-tradicional-galega\/","article_publisher":"https:\/\/www.facebook.com\/anovapeneira","article_author":"https:\/\/www.facebook.com\/anovapeneira\/","article_published_time":"2025-08-05T10:00:55+00:00","og_image":[{"width":720,"height":432,"url":"https:\/\/www.anovapeneira.gal\/wp-content\/uploads\/2025\/08\/cultura_beluso.jpg","type":"image\/jpeg"}],"author":"admin","twitter_card":"summary_large_image","twitter_creator":"@APeneira","twitter_site":"@APeneira","twitter_misc":{"Escrito por":"admin","Tempo de lectura":"2 minutos"},"schema":{"@context":"https:\/\/schema.org","@graph":[{"@type":"Article","@id":"https:\/\/www.anovapeneira.gal\/index.php\/2025\/08\/05\/beluso-acolle-o-9-de-agosto-o-ix-encontro-da-musica-tradicional-galega\/#article","isPartOf":{"@id":"https:\/\/www.anovapeneira.gal\/index.php\/2025\/08\/05\/beluso-acolle-o-9-de-agosto-o-ix-encontro-da-musica-tradicional-galega\/"},"author":{"name":"admin","@id":"https:\/\/www.anovapeneira.gal\/#\/schema\/person\/fb77575328c93684dae4b0075f90c2cb"},"headline":"Beluso acolle o 9 de agosto o IX Encontro da m\u00fasica tradicional galega","datePublished":"2025-08-05T10:00:55+00:00","mainEntityOfPage":{"@id":"https:\/\/www.anovapeneira.gal\/index.php\/2025\/08\/05\/beluso-acolle-o-9-de-agosto-o-ix-encontro-da-musica-tradicional-galega\/"},"wordCount":222,"commentCount":0,"publisher":{"@id":"https:\/\/www.anovapeneira.gal\/#organization"},"image":{"@id":"https:\/\/www.anovapeneira.gal\/index.php\/2025\/08\/05\/beluso-acolle-o-9-de-agosto-o-ix-encontro-da-musica-tradicional-galega\/#primaryimage"},"thumbnailUrl":"https:\/\/www.anovapeneira.gal\/wp-content\/uploads\/2025\/08\/cultura_beluso.jpg","articleSection":["Sin categor\u00eda"],"inLanguage":"gl-ES","potentialAction":[{"@type":"CommentAction","name":"Comment","target":["https:\/\/www.anovapeneira.gal\/index.php\/2025\/08\/05\/beluso-acolle-o-9-de-agosto-o-ix-encontro-da-musica-tradicional-galega\/#respond"]}]},{"@type":"WebPage","@id":"https:\/\/www.anovapeneira.gal\/index.php\/2025\/08\/05\/beluso-acolle-o-9-de-agosto-o-ix-encontro-da-musica-tradicional-galega\/","url":"https:\/\/www.anovapeneira.gal\/index.php\/2025\/08\/05\/beluso-acolle-o-9-de-agosto-o-ix-encontro-da-musica-tradicional-galega\/","name":"Beluso acolle o 9 de agosto o IX Encontro da m\u00fasica tradicional galega -","isPartOf":{"@id":"https:\/\/www.anovapeneira.gal\/#website"},"primaryImageOfPage":{"@id":"https:\/\/www.anovapeneira.gal\/index.php\/2025\/08\/05\/beluso-acolle-o-9-de-agosto-o-ix-encontro-da-musica-tradicional-galega\/#primaryimage"},"image":{"@id":"https:\/\/www.anovapeneira.gal\/index.php\/2025\/08\/05\/beluso-acolle-o-9-de-agosto-o-ix-encontro-da-musica-tradicional-galega\/#primaryimage"},"thumbnailUrl":"https:\/\/www.anovapeneira.gal\/wp-content\/uploads\/2025\/08\/cultura_beluso.jpg","datePublished":"2025-08-05T10:00:55+00:00","breadcrumb":{"@id":"https:\/\/www.anovapeneira.gal\/index.php\/2025\/08\/05\/beluso-acolle-o-9-de-agosto-o-ix-encontro-da-musica-tradicional-galega\/#breadcrumb"},"inLanguage":"gl-ES","potentialAction":[{"@type":"ReadAction","target":["https:\/\/www.anovapeneira.gal\/index.php\/2025\/08\/05\/beluso-acolle-o-9-de-agosto-o-ix-encontro-da-musica-tradicional-galega\/"]}]},{"@type":"ImageObject","inLanguage":"gl-ES","@id":"https:\/\/www.anovapeneira.gal\/index.php\/2025\/08\/05\/beluso-acolle-o-9-de-agosto-o-ix-encontro-da-musica-tradicional-galega\/#primaryimage","url":"https:\/\/www.anovapeneira.gal\/wp-content\/uploads\/2025\/08\/cultura_beluso.jpg","contentUrl":"https:\/\/www.anovapeneira.gal\/wp-content\/uploads\/2025\/08\/cultura_beluso.jpg","width":720,"height":432},{"@type":"BreadcrumbList","@id":"https:\/\/www.anovapeneira.gal\/index.php\/2025\/08\/05\/beluso-acolle-o-9-de-agosto-o-ix-encontro-da-musica-tradicional-galega\/#breadcrumb","itemListElement":[{"@type":"ListItem","position":1,"name":"Portada","item":"https:\/\/www.anovapeneira.gal\/"},{"@type":"ListItem","position":2,"name":"Beluso acolle o 9 de agosto o IX Encontro da m\u00fasica tradicional galega"}]},{"@type":"WebSite","@id":"https:\/\/www.anovapeneira.gal\/#website","url":"https:\/\/www.anovapeneira.gal\/","name":"","description":"Xornal galego de informaci\u00f3n xeral Publicaci\u00f3n mensual de novas de Galicia e en especial dos Concellos da sur da provincia de Pontevedra.","publisher":{"@id":"https:\/\/www.anovapeneira.gal\/#organization"},"potentialAction":[{"@type":"SearchAction","target":{"@type":"EntryPoint","urlTemplate":"https:\/\/www.anovapeneira.gal\/?s={search_term_string}"},"query-input":{"@type":"PropertyValueSpecification","valueRequired":true,"valueName":"search_term_string"}}],"inLanguage":"gl-ES"},{"@type":"Organization","@id":"https:\/\/www.anovapeneira.gal\/#organization","name":"A Nova Peneira","url":"https:\/\/www.anovapeneira.gal\/","logo":{"@type":"ImageObject","inLanguage":"gl-ES","@id":"https:\/\/www.anovapeneira.gal\/#\/schema\/logo\/image\/","url":"http:\/\/www.anovapeneira.gal\/wp-content\/uploads\/2019\/06\/logo_a_nova_peneira_portal_web.png","contentUrl":"http:\/\/www.anovapeneira.gal\/wp-content\/uploads\/2019\/06\/logo_a_nova_peneira_portal_web.png","width":300,"height":100,"caption":"A Nova Peneira"},"image":{"@id":"https:\/\/www.anovapeneira.gal\/#\/schema\/logo\/image\/"},"sameAs":["https:\/\/www.facebook.com\/anovapeneira","https:\/\/x.com\/APeneira"]},{"@type":"Person","@id":"https:\/\/www.anovapeneira.gal\/#\/schema\/person\/fb77575328c93684dae4b0075f90c2cb","name":"admin","image":{"@type":"ImageObject","inLanguage":"gl-ES","@id":"https:\/\/secure.gravatar.com\/avatar\/df15c36ce375448325e0bc870e91bbee95947a002eb98dcfd6c2b053e18843e9?s=96&d=mm&r=g","url":"https:\/\/secure.gravatar.com\/avatar\/df15c36ce375448325e0bc870e91bbee95947a002eb98dcfd6c2b053e18843e9?s=96&d=mm&r=g","contentUrl":"https:\/\/secure.gravatar.com\/avatar\/df15c36ce375448325e0bc870e91bbee95947a002eb98dcfd6c2b053e18843e9?s=96&d=mm&r=g","caption":"admin"},"description":"Xornal galego de informaci\u00f3n xeral Publicaci\u00f3n mensual de novas de Galicia e en especial dos Concellos da sur da provincia de Pontevedra.","sameAs":["http:\/\/www.anovapeneira.gal\/","https:\/\/www.facebook.com\/anovapeneira\/"],"url":"https:\/\/www.anovapeneira.gal\/index.php\/author\/admin\/"}]}},"jetpack_featured_media_url":"https:\/\/www.anovapeneira.gal\/wp-content\/uploads\/2025\/08\/cultura_beluso.jpg","_links":{"self":[{"href":"https:\/\/www.anovapeneira.gal\/index.php\/wp-json\/wp\/v2\/posts\/14404","targetHints":{"allow":["GET"]}}],"collection":[{"href":"https:\/\/www.anovapeneira.gal\/index.php\/wp-json\/wp\/v2\/posts"}],"about":[{"href":"https:\/\/www.anovapeneira.gal\/index.php\/wp-json\/wp\/v2\/types\/post"}],"author":[{"embeddable":true,"href":"https:\/\/www.anovapeneira.gal\/index.php\/wp-json\/wp\/v2\/users\/1"}],"replies":[{"embeddable":true,"href":"https:\/\/www.anovapeneira.gal\/index.php\/wp-json\/wp\/v2\/comments?post=14404"}],"version-history":[{"count":2,"href":"https:\/\/www.anovapeneira.gal\/index.php\/wp-json\/wp\/v2\/posts\/14404\/revisions"}],"predecessor-version":[{"id":14408,"href":"https:\/\/www.anovapeneira.gal\/index.php\/wp-json\/wp\/v2\/posts\/14404\/revisions\/14408"}],"wp:featuredmedia":[{"embeddable":true,"href":"https:\/\/www.anovapeneira.gal\/index.php\/wp-json\/wp\/v2\/media\/14405"}],"wp:attachment":[{"href":"https:\/\/www.anovapeneira.gal\/index.php\/wp-json\/wp\/v2\/media?parent=14404"}],"wp:term":[{"taxonomy":"category","embeddable":true,"href":"https:\/\/www.anovapeneira.gal\/index.php\/wp-json\/wp\/v2\/categories?post=14404"},{"taxonomy":"post_tag","embeddable":true,"href":"https:\/\/www.anovapeneira.gal\/index.php\/wp-json\/wp\/v2\/tags?post=14404"}],"curies":[{"name":"wp","href":"https:\/\/api.w.org\/{rel}","templated":true}]}}