{"id":14409,"date":"2025-08-06T10:00:37","date_gmt":"2025-08-06T08:00:37","guid":{"rendered":"https:\/\/www.anovapeneira.gal\/?p=14409"},"modified":"2025-08-04T12:28:56","modified_gmt":"2025-08-04T10:28:56","slug":"o-concello-de-redondela-debera-asumir-o-30-da-reforma-da-avenida-mendino-e-facerse-cargo-da-redaccion-e-execucion-da-obra","status":"publish","type":"post","link":"https:\/\/www.anovapeneira.gal\/index.php\/2025\/08\/06\/o-concello-de-redondela-debera-asumir-o-30-da-reforma-da-avenida-mendino-e-facerse-cargo-da-redaccion-e-execucion-da-obra\/","title":{"rendered":"O Concello de Redondela deber\u00e1 asumir o 30% da reforma da avenida Mendi\u00f1o e facerse cargo da redacci\u00f3n e execuci\u00f3n da obra"},"content":{"rendered":"\n<p><em>A Xunta estima que o importe da reforma ser\u00e1 de 1.594.713 euros. A conseller\u00eda de Infraestruturas colaborar\u00e1 cun m\u00e1ximo de 1,1 mill\u00f3ns. O resto do importe, 433.269 euros, ser\u00e1n financiados polo Concello. O convenio asinado entre Xunta e Concello obriga tam\u00e9n a Redondela a asumir \u201ctodos os gastos que excedan o importe estimado\u201d.<\/em><\/p>\n\n\n\n<p><em>&#8211; O acordo obriga ao Concello a redactar o proxecto, licitar e executar as obras. A Xunta de Galicia, actual responsable da avenida Mendi\u00f1o, traspasar\u00e1 a titularidade da estrada ao Concello de Redondela antes de que se adxudiquen as obras.<\/em><\/p>\n\n\n\n<p><em>&#8211; Rivas lembra que o convenio \u201cincumpre o compromiso da propia Xunta, que anunciou en Redondela en 2019 que financiar\u00eda con 1,6 mill\u00f3ns a totalidade da humanizaci\u00f3n da avenida Mendi\u00f1o. A alcaldesa afirma que asina o convenio \u201cpor responsabilidade coa veci\u00f1anza, que necesita de maneira urxente o arranxo desta estrada\u201d.<\/em><\/p>\n\n\n\n<p><strong>Redondela, 30 de xullo de 2025. <\/strong><\/p>\n\n\n\n<p>A alcaldesa do Concello de Redondela, Digna Rivas, e a conselleira de Infraestruturas, Mar\u00eda Mart\u00ednez, asinaron en Santiago o convenio de colaboraci\u00f3n entre a Xunta de Galicia e o Concello para a mellora da avenida Mendi\u00f1o. A Xunta estima que o importe das obras ser\u00e1 de 1.594.713 euros. Segundo o acordo o Concello asumir\u00e1 o 30% do custo na reforma, un m\u00ednimo de 433.269 euros. O acordo obriga tam\u00e9n ao Concello a redactar o proxecto, licitar e executar as obras. A Xunta de Galicia asumir\u00e1 o 70% restante do importe, cun m\u00e1ximo de 1.161.444 euros, e traspasar\u00e1 ao Concello a titularidade da avenida Mendi\u00f1o antes de que se adxudiquen as obras. Do mesmo xeito, o Concello ter\u00e1 que asumir \u201ctodos os gastos das obras que excedan a cantidade estimada\u201d. A alcaldesa, Digna Rivas, afirma que o Concello acabar\u00e1 asumindo un custo \u201cmoi superior\u201d polos traballos, xa que segundo avanzan os t\u00e9cnicos municipais \u201co orzamento das obras superar\u00e1 amplamente os 1,6 mill\u00f3ns\u201d.<\/p>\n\n\n\n<p>Rivas, reco\u00f1ece que \u201cnon \u00e9 o acordo que nos gustar\u00eda para Redondela pero asin\u00e1molo por responsabilidade, xa que a veci\u00f1anza precisa de maneira urxente que esta estrada se arranxe, e tanto coches como pe\u00f3ns poidan circular con seguridade\u201d. Lamenta que as condici\u00f3ns impostas pola Xunta \u201cson menos vantaxosas que as que ofrece a outros municipios onde financian o 100% dos traballos\u201d. Rivas denuncia que este convenio \u201cnin sequera respecta o compromiso feito pola propia Xunta en febreiro de 2019\u201d. A que era conselleira de Infraestruturas, Ethel V\u00e1zquez, anunciou en Redondela xunto ao ex alcalde Javier Bas \u201co investimento de 1,6 mill\u00f3ns de euros para a reforma da avda. Mendi\u00f1o\u201d. V\u00e1zquez asegurou que as obras licitar\u00edanse ese ver\u00e1n.<\/p>\n\n\n\n<p>O Concello de Redondela leva desde ent\u00f3n m\u00e1is de 6 anos esixindo \u00e1 Xunta o cumprimento dese compromiso \u201cporque a estrada precisa unha humanizaci\u00f3n urxente\u201d.<\/p>\n\n\n\n<p>A avenida Mendi\u00f1o, de competencia auton\u00f3mica, presenta un grave deterioro tanto no firme para o tr\u00e1fico rodado como nas beirarr\u00faas. Esta r\u00faa, cunha lonxitude de 1,09 km, ten unha elevada afluencia de tr\u00e1fico e pe\u00f3ns, xa que alberga servizos como o Centro de Sa\u00fade, colexios, institutos e instalaci\u00f3ns deportivas. O mal estado das beirarr\u00faas obrigou ao Concello a renovar no \u00faltimo ano m\u00e1is de 500 lousas do pavimento que estaban rotas \u201cpolo perigo que sup\u00f3n para os pe\u00f3ns, malia non ser competencia municipal\u201d. As queixas da veci\u00f1anza polas deficiencias desta estrada son constantes.<\/p>\n","protected":false},"excerpt":{"rendered":"<div class=\"mh-excerpt\"><p>A Xunta estima que o importe da reforma ser\u00e1 de 1.594.713 euros. A conseller\u00eda de Infraestruturas colaborar\u00e1 cun m\u00e1ximo de 1,1 mill\u00f3ns. O resto do importe, 433.269 euros, ser\u00e1n financiados polo Concello <a class=\"mh-excerpt-more\" href=\"https:\/\/www.anovapeneira.gal\/index.php\/2025\/08\/06\/o-concello-de-redondela-debera-asumir-o-30-da-reforma-da-avenida-mendino-e-facerse-cargo-da-redaccion-e-execucion-da-obra\/\" title=\"O Concello de Redondela deber\u00e1 asumir o 30% da reforma da avenida Mendi\u00f1o e facerse cargo da redacci\u00f3n e execuci\u00f3n da obra\">[&#8230;]<\/a><\/p>\n<\/div>","protected":false},"author":3,"featured_media":14410,"comment_status":"open","ping_status":"open","sticky":false,"template":"","format":"standard","meta":{"_exactmetrics_skip_tracking":false,"_exactmetrics_sitenote_active":false,"_exactmetrics_sitenote_note":"","_exactmetrics_sitenote_category":0,"footnotes":""},"categories":[24],"tags":[171],"class_list":{"0":"post-14409","1":"post","2":"type-post","3":"status-publish","4":"format-standard","5":"has-post-thumbnail","7":"category-redondela","8":"tag-concello-de-redondela"},"yoast_head":"<!-- This site is optimized with the Yoast SEO plugin v27.4 - https:\/\/yoast.com\/product\/yoast-seo-wordpress\/ -->\n<title>O Concello de Redondela deber\u00e1 asumir o 30% da reforma da avenida Mendi\u00f1o e facerse cargo da redacci\u00f3n e execuci\u00f3n da obra -<\/title>\n<meta name=\"robots\" content=\"index, follow, max-snippet:-1, max-image-preview:large, max-video-preview:-1\" \/>\n<link rel=\"canonical\" href=\"https:\/\/www.anovapeneira.gal\/index.php\/2025\/08\/06\/o-concello-de-redondela-debera-asumir-o-30-da-reforma-da-avenida-mendino-e-facerse-cargo-da-redaccion-e-execucion-da-obra\/\" \/>\n<meta property=\"og:locale\" content=\"gl_ES\" \/>\n<meta property=\"og:type\" content=\"article\" \/>\n<meta property=\"og:title\" content=\"O Concello de Redondela deber\u00e1 asumir o 30% da reforma da avenida Mendi\u00f1o e facerse cargo da redacci\u00f3n e execuci\u00f3n da obra -\" \/>\n<meta property=\"og:description\" content=\"A Xunta estima que o importe da reforma ser\u00e1 de 1.594.713 euros. A conseller\u00eda de Infraestruturas colaborar\u00e1 cun m\u00e1ximo de 1,1 mill\u00f3ns. O resto do importe, 433.269 euros, ser\u00e1n financiados polo Concello [...]\" \/>\n<meta property=\"og:url\" content=\"https:\/\/www.anovapeneira.gal\/index.php\/2025\/08\/06\/o-concello-de-redondela-debera-asumir-o-30-da-reforma-da-avenida-mendino-e-facerse-cargo-da-redaccion-e-execucion-da-obra\/\" \/>\n<meta property=\"article:publisher\" content=\"https:\/\/www.facebook.com\/anovapeneira\" \/>\n<meta property=\"article:published_time\" content=\"2025-08-06T08:00:37+00:00\" \/>\n<meta property=\"og:image\" content=\"https:\/\/www.anovapeneira.gal\/wp-content\/uploads\/2025\/08\/convenio-mendino.jpg\" \/>\n\t<meta property=\"og:image:width\" content=\"720\" \/>\n\t<meta property=\"og:image:height\" content=\"432\" \/>\n\t<meta property=\"og:image:type\" content=\"image\/jpeg\" \/>\n<meta name=\"author\" content=\"Redacci\u00f3n A Nova Peneira\" \/>\n<meta name=\"twitter:card\" content=\"summary_large_image\" \/>\n<meta name=\"twitter:creator\" content=\"@APeneira\" \/>\n<meta name=\"twitter:site\" content=\"@APeneira\" \/>\n<meta name=\"twitter:label1\" content=\"Escrito por\" \/>\n\t<meta name=\"twitter:data1\" content=\"Redacci\u00f3n A Nova Peneira\" \/>\n\t<meta name=\"twitter:label2\" content=\"Tempo de lectura\" \/>\n\t<meta name=\"twitter:data2\" content=\"4 minutos\" \/>\n<script type=\"application\/ld+json\" class=\"yoast-schema-graph\">{\"@context\":\"https:\\\/\\\/schema.org\",\"@graph\":[{\"@type\":\"Article\",\"@id\":\"https:\\\/\\\/www.anovapeneira.gal\\\/index.php\\\/2025\\\/08\\\/06\\\/o-concello-de-redondela-debera-asumir-o-30-da-reforma-da-avenida-mendino-e-facerse-cargo-da-redaccion-e-execucion-da-obra\\\/#article\",\"isPartOf\":{\"@id\":\"https:\\\/\\\/www.anovapeneira.gal\\\/index.php\\\/2025\\\/08\\\/06\\\/o-concello-de-redondela-debera-asumir-o-30-da-reforma-da-avenida-mendino-e-facerse-cargo-da-redaccion-e-execucion-da-obra\\\/\"},\"author\":{\"name\":\"Redacci\u00f3n A Nova Peneira\",\"@id\":\"https:\\\/\\\/www.anovapeneira.gal\\\/#\\\/schema\\\/person\\\/b93e3f8932e3f8da96334607eb6ac6aa\"},\"headline\":\"O Concello de Redondela deber\u00e1 asumir o 30% da reforma da avenida Mendi\u00f1o e facerse cargo da redacci\u00f3n e execuci\u00f3n da obra\",\"datePublished\":\"2025-08-06T08:00:37+00:00\",\"mainEntityOfPage\":{\"@id\":\"https:\\\/\\\/www.anovapeneira.gal\\\/index.php\\\/2025\\\/08\\\/06\\\/o-concello-de-redondela-debera-asumir-o-30-da-reforma-da-avenida-mendino-e-facerse-cargo-da-redaccion-e-execucion-da-obra\\\/\"},\"wordCount\":598,\"commentCount\":0,\"publisher\":{\"@id\":\"https:\\\/\\\/www.anovapeneira.gal\\\/#organization\"},\"image\":{\"@id\":\"https:\\\/\\\/www.anovapeneira.gal\\\/index.php\\\/2025\\\/08\\\/06\\\/o-concello-de-redondela-debera-asumir-o-30-da-reforma-da-avenida-mendino-e-facerse-cargo-da-redaccion-e-execucion-da-obra\\\/#primaryimage\"},\"thumbnailUrl\":\"https:\\\/\\\/www.anovapeneira.gal\\\/wp-content\\\/uploads\\\/2025\\\/08\\\/convenio-mendino.jpg\",\"keywords\":[\"Concello de Redondela\"],\"articleSection\":[\"Redondela\"],\"inLanguage\":\"gl-ES\",\"potentialAction\":[{\"@type\":\"CommentAction\",\"name\":\"Comment\",\"target\":[\"https:\\\/\\\/www.anovapeneira.gal\\\/index.php\\\/2025\\\/08\\\/06\\\/o-concello-de-redondela-debera-asumir-o-30-da-reforma-da-avenida-mendino-e-facerse-cargo-da-redaccion-e-execucion-da-obra\\\/#respond\"]}]},{\"@type\":\"WebPage\",\"@id\":\"https:\\\/\\\/www.anovapeneira.gal\\\/index.php\\\/2025\\\/08\\\/06\\\/o-concello-de-redondela-debera-asumir-o-30-da-reforma-da-avenida-mendino-e-facerse-cargo-da-redaccion-e-execucion-da-obra\\\/\",\"url\":\"https:\\\/\\\/www.anovapeneira.gal\\\/index.php\\\/2025\\\/08\\\/06\\\/o-concello-de-redondela-debera-asumir-o-30-da-reforma-da-avenida-mendino-e-facerse-cargo-da-redaccion-e-execucion-da-obra\\\/\",\"name\":\"O Concello de Redondela deber\u00e1 asumir o 30% da reforma da avenida Mendi\u00f1o e facerse cargo da redacci\u00f3n e execuci\u00f3n da obra -\",\"isPartOf\":{\"@id\":\"https:\\\/\\\/www.anovapeneira.gal\\\/#website\"},\"primaryImageOfPage\":{\"@id\":\"https:\\\/\\\/www.anovapeneira.gal\\\/index.php\\\/2025\\\/08\\\/06\\\/o-concello-de-redondela-debera-asumir-o-30-da-reforma-da-avenida-mendino-e-facerse-cargo-da-redaccion-e-execucion-da-obra\\\/#primaryimage\"},\"image\":{\"@id\":\"https:\\\/\\\/www.anovapeneira.gal\\\/index.php\\\/2025\\\/08\\\/06\\\/o-concello-de-redondela-debera-asumir-o-30-da-reforma-da-avenida-mendino-e-facerse-cargo-da-redaccion-e-execucion-da-obra\\\/#primaryimage\"},\"thumbnailUrl\":\"https:\\\/\\\/www.anovapeneira.gal\\\/wp-content\\\/uploads\\\/2025\\\/08\\\/convenio-mendino.jpg\",\"datePublished\":\"2025-08-06T08:00:37+00:00\",\"breadcrumb\":{\"@id\":\"https:\\\/\\\/www.anovapeneira.gal\\\/index.php\\\/2025\\\/08\\\/06\\\/o-concello-de-redondela-debera-asumir-o-30-da-reforma-da-avenida-mendino-e-facerse-cargo-da-redaccion-e-execucion-da-obra\\\/#breadcrumb\"},\"inLanguage\":\"gl-ES\",\"potentialAction\":[{\"@type\":\"ReadAction\",\"target\":[\"https:\\\/\\\/www.anovapeneira.gal\\\/index.php\\\/2025\\\/08\\\/06\\\/o-concello-de-redondela-debera-asumir-o-30-da-reforma-da-avenida-mendino-e-facerse-cargo-da-redaccion-e-execucion-da-obra\\\/\"]}]},{\"@type\":\"ImageObject\",\"inLanguage\":\"gl-ES\",\"@id\":\"https:\\\/\\\/www.anovapeneira.gal\\\/index.php\\\/2025\\\/08\\\/06\\\/o-concello-de-redondela-debera-asumir-o-30-da-reforma-da-avenida-mendino-e-facerse-cargo-da-redaccion-e-execucion-da-obra\\\/#primaryimage\",\"url\":\"https:\\\/\\\/www.anovapeneira.gal\\\/wp-content\\\/uploads\\\/2025\\\/08\\\/convenio-mendino.jpg\",\"contentUrl\":\"https:\\\/\\\/www.anovapeneira.gal\\\/wp-content\\\/uploads\\\/2025\\\/08\\\/convenio-mendino.jpg\",\"width\":720,\"height\":432},{\"@type\":\"BreadcrumbList\",\"@id\":\"https:\\\/\\\/www.anovapeneira.gal\\\/index.php\\\/2025\\\/08\\\/06\\\/o-concello-de-redondela-debera-asumir-o-30-da-reforma-da-avenida-mendino-e-facerse-cargo-da-redaccion-e-execucion-da-obra\\\/#breadcrumb\",\"itemListElement\":[{\"@type\":\"ListItem\",\"position\":1,\"name\":\"Portada\",\"item\":\"https:\\\/\\\/www.anovapeneira.gal\\\/\"},{\"@type\":\"ListItem\",\"position\":2,\"name\":\"O Concello de Redondela deber\u00e1 asumir o 30% da reforma da avenida Mendi\u00f1o e facerse cargo da redacci\u00f3n e execuci\u00f3n da obra\"}]},{\"@type\":\"WebSite\",\"@id\":\"https:\\\/\\\/www.anovapeneira.gal\\\/#website\",\"url\":\"https:\\\/\\\/www.anovapeneira.gal\\\/\",\"name\":\"\",\"description\":\"Xornal galego de informaci\u00f3n xeral Publicaci\u00f3n mensual de novas de Galicia e en especial dos Concellos da sur da provincia de Pontevedra.\",\"publisher\":{\"@id\":\"https:\\\/\\\/www.anovapeneira.gal\\\/#organization\"},\"potentialAction\":[{\"@type\":\"SearchAction\",\"target\":{\"@type\":\"EntryPoint\",\"urlTemplate\":\"https:\\\/\\\/www.anovapeneira.gal\\\/?s={search_term_string}\"},\"query-input\":{\"@type\":\"PropertyValueSpecification\",\"valueRequired\":true,\"valueName\":\"search_term_string\"}}],\"inLanguage\":\"gl-ES\"},{\"@type\":\"Organization\",\"@id\":\"https:\\\/\\\/www.anovapeneira.gal\\\/#organization\",\"name\":\"A Nova Peneira\",\"url\":\"https:\\\/\\\/www.anovapeneira.gal\\\/\",\"logo\":{\"@type\":\"ImageObject\",\"inLanguage\":\"gl-ES\",\"@id\":\"https:\\\/\\\/www.anovapeneira.gal\\\/#\\\/schema\\\/logo\\\/image\\\/\",\"url\":\"http:\\\/\\\/www.anovapeneira.gal\\\/wp-content\\\/uploads\\\/2019\\\/06\\\/logo_a_nova_peneira_portal_web.png\",\"contentUrl\":\"http:\\\/\\\/www.anovapeneira.gal\\\/wp-content\\\/uploads\\\/2019\\\/06\\\/logo_a_nova_peneira_portal_web.png\",\"width\":300,\"height\":100,\"caption\":\"A Nova Peneira\"},\"image\":{\"@id\":\"https:\\\/\\\/www.anovapeneira.gal\\\/#\\\/schema\\\/logo\\\/image\\\/\"},\"sameAs\":[\"https:\\\/\\\/www.facebook.com\\\/anovapeneira\",\"https:\\\/\\\/x.com\\\/APeneira\"]},{\"@type\":\"Person\",\"@id\":\"https:\\\/\\\/www.anovapeneira.gal\\\/#\\\/schema\\\/person\\\/b93e3f8932e3f8da96334607eb6ac6aa\",\"name\":\"Redacci\u00f3n A Nova Peneira\",\"image\":{\"@type\":\"ImageObject\",\"inLanguage\":\"gl-ES\",\"@id\":\"https:\\\/\\\/secure.gravatar.com\\\/avatar\\\/c052a2551a06e23fac63626232eaa90abd78dbcf1700fc46a2b2c89fd27b735f?s=96&d=mm&r=g\",\"url\":\"https:\\\/\\\/secure.gravatar.com\\\/avatar\\\/c052a2551a06e23fac63626232eaa90abd78dbcf1700fc46a2b2c89fd27b735f?s=96&d=mm&r=g\",\"contentUrl\":\"https:\\\/\\\/secure.gravatar.com\\\/avatar\\\/c052a2551a06e23fac63626232eaa90abd78dbcf1700fc46a2b2c89fd27b735f?s=96&d=mm&r=g\",\"caption\":\"Redacci\u00f3n A Nova Peneira\"},\"sameAs\":[\"http:\\\/\\\/www.anovapeneira.gal\\\/\"],\"url\":\"https:\\\/\\\/www.anovapeneira.gal\\\/index.php\\\/author\\\/redactor\\\/\"}]}<\/script>\n<!-- \/ Yoast SEO plugin. -->","yoast_head_json":{"title":"O Concello de Redondela deber\u00e1 asumir o 30% da reforma da avenida Mendi\u00f1o e facerse cargo da redacci\u00f3n e execuci\u00f3n da obra -","robots":{"index":"index","follow":"follow","max-snippet":"max-snippet:-1","max-image-preview":"max-image-preview:large","max-video-preview":"max-video-preview:-1"},"canonical":"https:\/\/www.anovapeneira.gal\/index.php\/2025\/08\/06\/o-concello-de-redondela-debera-asumir-o-30-da-reforma-da-avenida-mendino-e-facerse-cargo-da-redaccion-e-execucion-da-obra\/","og_locale":"gl_ES","og_type":"article","og_title":"O Concello de Redondela deber\u00e1 asumir o 30% da reforma da avenida Mendi\u00f1o e facerse cargo da redacci\u00f3n e execuci\u00f3n da obra -","og_description":"A Xunta estima que o importe da reforma ser\u00e1 de 1.594.713 euros. A conseller\u00eda de Infraestruturas colaborar\u00e1 cun m\u00e1ximo de 1,1 mill\u00f3ns. O resto do importe, 433.269 euros, ser\u00e1n financiados polo Concello [...]","og_url":"https:\/\/www.anovapeneira.gal\/index.php\/2025\/08\/06\/o-concello-de-redondela-debera-asumir-o-30-da-reforma-da-avenida-mendino-e-facerse-cargo-da-redaccion-e-execucion-da-obra\/","article_publisher":"https:\/\/www.facebook.com\/anovapeneira","article_published_time":"2025-08-06T08:00:37+00:00","og_image":[{"width":720,"height":432,"url":"https:\/\/www.anovapeneira.gal\/wp-content\/uploads\/2025\/08\/convenio-mendino.jpg","type":"image\/jpeg"}],"author":"Redacci\u00f3n A Nova Peneira","twitter_card":"summary_large_image","twitter_creator":"@APeneira","twitter_site":"@APeneira","twitter_misc":{"Escrito por":"Redacci\u00f3n A Nova Peneira","Tempo de lectura":"4 minutos"},"schema":{"@context":"https:\/\/schema.org","@graph":[{"@type":"Article","@id":"https:\/\/www.anovapeneira.gal\/index.php\/2025\/08\/06\/o-concello-de-redondela-debera-asumir-o-30-da-reforma-da-avenida-mendino-e-facerse-cargo-da-redaccion-e-execucion-da-obra\/#article","isPartOf":{"@id":"https:\/\/www.anovapeneira.gal\/index.php\/2025\/08\/06\/o-concello-de-redondela-debera-asumir-o-30-da-reforma-da-avenida-mendino-e-facerse-cargo-da-redaccion-e-execucion-da-obra\/"},"author":{"name":"Redacci\u00f3n A Nova Peneira","@id":"https:\/\/www.anovapeneira.gal\/#\/schema\/person\/b93e3f8932e3f8da96334607eb6ac6aa"},"headline":"O Concello de Redondela deber\u00e1 asumir o 30% da reforma da avenida Mendi\u00f1o e facerse cargo da redacci\u00f3n e execuci\u00f3n da obra","datePublished":"2025-08-06T08:00:37+00:00","mainEntityOfPage":{"@id":"https:\/\/www.anovapeneira.gal\/index.php\/2025\/08\/06\/o-concello-de-redondela-debera-asumir-o-30-da-reforma-da-avenida-mendino-e-facerse-cargo-da-redaccion-e-execucion-da-obra\/"},"wordCount":598,"commentCount":0,"publisher":{"@id":"https:\/\/www.anovapeneira.gal\/#organization"},"image":{"@id":"https:\/\/www.anovapeneira.gal\/index.php\/2025\/08\/06\/o-concello-de-redondela-debera-asumir-o-30-da-reforma-da-avenida-mendino-e-facerse-cargo-da-redaccion-e-execucion-da-obra\/#primaryimage"},"thumbnailUrl":"https:\/\/www.anovapeneira.gal\/wp-content\/uploads\/2025\/08\/convenio-mendino.jpg","keywords":["Concello de Redondela"],"articleSection":["Redondela"],"inLanguage":"gl-ES","potentialAction":[{"@type":"CommentAction","name":"Comment","target":["https:\/\/www.anovapeneira.gal\/index.php\/2025\/08\/06\/o-concello-de-redondela-debera-asumir-o-30-da-reforma-da-avenida-mendino-e-facerse-cargo-da-redaccion-e-execucion-da-obra\/#respond"]}]},{"@type":"WebPage","@id":"https:\/\/www.anovapeneira.gal\/index.php\/2025\/08\/06\/o-concello-de-redondela-debera-asumir-o-30-da-reforma-da-avenida-mendino-e-facerse-cargo-da-redaccion-e-execucion-da-obra\/","url":"https:\/\/www.anovapeneira.gal\/index.php\/2025\/08\/06\/o-concello-de-redondela-debera-asumir-o-30-da-reforma-da-avenida-mendino-e-facerse-cargo-da-redaccion-e-execucion-da-obra\/","name":"O Concello de Redondela deber\u00e1 asumir o 30% da reforma da avenida Mendi\u00f1o e facerse cargo da redacci\u00f3n e execuci\u00f3n da obra -","isPartOf":{"@id":"https:\/\/www.anovapeneira.gal\/#website"},"primaryImageOfPage":{"@id":"https:\/\/www.anovapeneira.gal\/index.php\/2025\/08\/06\/o-concello-de-redondela-debera-asumir-o-30-da-reforma-da-avenida-mendino-e-facerse-cargo-da-redaccion-e-execucion-da-obra\/#primaryimage"},"image":{"@id":"https:\/\/www.anovapeneira.gal\/index.php\/2025\/08\/06\/o-concello-de-redondela-debera-asumir-o-30-da-reforma-da-avenida-mendino-e-facerse-cargo-da-redaccion-e-execucion-da-obra\/#primaryimage"},"thumbnailUrl":"https:\/\/www.anovapeneira.gal\/wp-content\/uploads\/2025\/08\/convenio-mendino.jpg","datePublished":"2025-08-06T08:00:37+00:00","breadcrumb":{"@id":"https:\/\/www.anovapeneira.gal\/index.php\/2025\/08\/06\/o-concello-de-redondela-debera-asumir-o-30-da-reforma-da-avenida-mendino-e-facerse-cargo-da-redaccion-e-execucion-da-obra\/#breadcrumb"},"inLanguage":"gl-ES","potentialAction":[{"@type":"ReadAction","target":["https:\/\/www.anovapeneira.gal\/index.php\/2025\/08\/06\/o-concello-de-redondela-debera-asumir-o-30-da-reforma-da-avenida-mendino-e-facerse-cargo-da-redaccion-e-execucion-da-obra\/"]}]},{"@type":"ImageObject","inLanguage":"gl-ES","@id":"https:\/\/www.anovapeneira.gal\/index.php\/2025\/08\/06\/o-concello-de-redondela-debera-asumir-o-30-da-reforma-da-avenida-mendino-e-facerse-cargo-da-redaccion-e-execucion-da-obra\/#primaryimage","url":"https:\/\/www.anovapeneira.gal\/wp-content\/uploads\/2025\/08\/convenio-mendino.jpg","contentUrl":"https:\/\/www.anovapeneira.gal\/wp-content\/uploads\/2025\/08\/convenio-mendino.jpg","width":720,"height":432},{"@type":"BreadcrumbList","@id":"https:\/\/www.anovapeneira.gal\/index.php\/2025\/08\/06\/o-concello-de-redondela-debera-asumir-o-30-da-reforma-da-avenida-mendino-e-facerse-cargo-da-redaccion-e-execucion-da-obra\/#breadcrumb","itemListElement":[{"@type":"ListItem","position":1,"name":"Portada","item":"https:\/\/www.anovapeneira.gal\/"},{"@type":"ListItem","position":2,"name":"O Concello de Redondela deber\u00e1 asumir o 30% da reforma da avenida Mendi\u00f1o e facerse cargo da redacci\u00f3n e execuci\u00f3n da obra"}]},{"@type":"WebSite","@id":"https:\/\/www.anovapeneira.gal\/#website","url":"https:\/\/www.anovapeneira.gal\/","name":"","description":"Xornal galego de informaci\u00f3n xeral Publicaci\u00f3n mensual de novas de Galicia e en especial dos Concellos da sur da provincia de Pontevedra.","publisher":{"@id":"https:\/\/www.anovapeneira.gal\/#organization"},"potentialAction":[{"@type":"SearchAction","target":{"@type":"EntryPoint","urlTemplate":"https:\/\/www.anovapeneira.gal\/?s={search_term_string}"},"query-input":{"@type":"PropertyValueSpecification","valueRequired":true,"valueName":"search_term_string"}}],"inLanguage":"gl-ES"},{"@type":"Organization","@id":"https:\/\/www.anovapeneira.gal\/#organization","name":"A Nova Peneira","url":"https:\/\/www.anovapeneira.gal\/","logo":{"@type":"ImageObject","inLanguage":"gl-ES","@id":"https:\/\/www.anovapeneira.gal\/#\/schema\/logo\/image\/","url":"http:\/\/www.anovapeneira.gal\/wp-content\/uploads\/2019\/06\/logo_a_nova_peneira_portal_web.png","contentUrl":"http:\/\/www.anovapeneira.gal\/wp-content\/uploads\/2019\/06\/logo_a_nova_peneira_portal_web.png","width":300,"height":100,"caption":"A Nova Peneira"},"image":{"@id":"https:\/\/www.anovapeneira.gal\/#\/schema\/logo\/image\/"},"sameAs":["https:\/\/www.facebook.com\/anovapeneira","https:\/\/x.com\/APeneira"]},{"@type":"Person","@id":"https:\/\/www.anovapeneira.gal\/#\/schema\/person\/b93e3f8932e3f8da96334607eb6ac6aa","name":"Redacci\u00f3n A Nova Peneira","image":{"@type":"ImageObject","inLanguage":"gl-ES","@id":"https:\/\/secure.gravatar.com\/avatar\/c052a2551a06e23fac63626232eaa90abd78dbcf1700fc46a2b2c89fd27b735f?s=96&d=mm&r=g","url":"https:\/\/secure.gravatar.com\/avatar\/c052a2551a06e23fac63626232eaa90abd78dbcf1700fc46a2b2c89fd27b735f?s=96&d=mm&r=g","contentUrl":"https:\/\/secure.gravatar.com\/avatar\/c052a2551a06e23fac63626232eaa90abd78dbcf1700fc46a2b2c89fd27b735f?s=96&d=mm&r=g","caption":"Redacci\u00f3n A Nova Peneira"},"sameAs":["http:\/\/www.anovapeneira.gal\/"],"url":"https:\/\/www.anovapeneira.gal\/index.php\/author\/redactor\/"}]}},"jetpack_featured_media_url":"https:\/\/www.anovapeneira.gal\/wp-content\/uploads\/2025\/08\/convenio-mendino.jpg","_links":{"self":[{"href":"https:\/\/www.anovapeneira.gal\/index.php\/wp-json\/wp\/v2\/posts\/14409","targetHints":{"allow":["GET"]}}],"collection":[{"href":"https:\/\/www.anovapeneira.gal\/index.php\/wp-json\/wp\/v2\/posts"}],"about":[{"href":"https:\/\/www.anovapeneira.gal\/index.php\/wp-json\/wp\/v2\/types\/post"}],"author":[{"embeddable":true,"href":"https:\/\/www.anovapeneira.gal\/index.php\/wp-json\/wp\/v2\/users\/3"}],"replies":[{"embeddable":true,"href":"https:\/\/www.anovapeneira.gal\/index.php\/wp-json\/wp\/v2\/comments?post=14409"}],"version-history":[{"count":1,"href":"https:\/\/www.anovapeneira.gal\/index.php\/wp-json\/wp\/v2\/posts\/14409\/revisions"}],"predecessor-version":[{"id":14411,"href":"https:\/\/www.anovapeneira.gal\/index.php\/wp-json\/wp\/v2\/posts\/14409\/revisions\/14411"}],"wp:featuredmedia":[{"embeddable":true,"href":"https:\/\/www.anovapeneira.gal\/index.php\/wp-json\/wp\/v2\/media\/14410"}],"wp:attachment":[{"href":"https:\/\/www.anovapeneira.gal\/index.php\/wp-json\/wp\/v2\/media?parent=14409"}],"wp:term":[{"taxonomy":"category","embeddable":true,"href":"https:\/\/www.anovapeneira.gal\/index.php\/wp-json\/wp\/v2\/categories?post=14409"},{"taxonomy":"post_tag","embeddable":true,"href":"https:\/\/www.anovapeneira.gal\/index.php\/wp-json\/wp\/v2\/tags?post=14409"}],"curies":[{"name":"wp","href":"https:\/\/api.w.org\/{rel}","templated":true}]}}