{"id":14412,"date":"2025-08-06T12:00:47","date_gmt":"2025-08-06T10:00:47","guid":{"rendered":"https:\/\/www.anovapeneira.gal\/?p=14412"},"modified":"2025-08-04T12:31:08","modified_gmt":"2025-08-04T10:31:08","slug":"a-cig-convoca-folga-no-saf-para-o-13-de-agosto-e-concentracions-nos-concellos-para-mana-venres","status":"publish","type":"post","link":"https:\/\/www.anovapeneira.gal\/index.php\/2025\/08\/06\/a-cig-convoca-folga-no-saf-para-o-13-de-agosto-e-concentracions-nos-concellos-para-mana-venres\/","title":{"rendered":"A CIG convoca folga no SAF para o 13 de agosto e concentraci\u00f3ns nos concellos para ma\u00f1\u00e1 venres"},"content":{"rendered":"\n<p>A central urxe a Xunta de Galiza a reunir xa a todas as partes para acordar un plan de prevenci\u00f3n e protocolos de actuaci\u00f3n de obrigado cumprimento<\/p>\n\n\n\n<p><strong>Galiza, a 31 de xullo de 2025<\/strong><\/p>\n\n\n\n<p>A CIG vai convocar unha xornada de folga en todos os servizos de axuda no fogar de Galiza para o m\u00e9rcores 13 de agosto en resposta ao asasinato da traballadora do Porri\u00f1o, en solidariedade coa s\u00faa familia e para exixir medidas que garantan a protecci\u00f3n efectiva das traballadoras deste sector. A convocatoria, que se formalizar\u00e1 ao longo desta ma\u00f1\u00e1, afectar\u00e1 ao conxunto dos servizos de atenci\u00f3n no fogar.<\/p>\n\n\n\n<p>Esta medida de presi\u00f3n s\u00famase \u00e1 xornada de concentraci\u00f3ns convocada pola central sindical para ma\u00f1\u00e1, venres 1 de agosto, \u00e1s 12 horas, diante dos concellos, en repulsa ao feminicidio de Teresa de Jes\u00fas Gonz\u00e1lez e na demanda dunhas condici\u00f3ns laborais dignas e seguras.<\/p>\n\n\n\n<p>Ambas mobilizaci\u00f3ns enc\u00e1dranse nas acci\u00f3ns urxentes acordadas pola CIG en resposta ao asasinato da compa\u00f1eira do SAF mentres realizaba o seu traballo nun domicilio. Un feito intoler\u00e1bel que evidencia total precariedade deste colectivo e que debe supo\u00f1er un antes e un despois nas condici\u00f3ns en que se presta este servizo p\u00fablico esencial. O clamor social pola morte de Teresa debe servir para avanzar nas demandas que a CIG e as traballadoras levan anos reivindicando sen recibir resposta.<\/p>\n\n\n\n<p>Neste contexto, a CIG remitiu, na ma\u00f1\u00e1 de onte, un escrito dirixido ao presidente da Xunta, Alfonso Rueda, \u00e1 conselleira de Pol\u00edtica Social, Fabiola Garc\u00eda, e \u00e1 FEGAMP demand\u00e1ndolles a convocatoria inmediata dunha reuni\u00f3n conxunta coas organizaci\u00f3ns sindicais m\u00e1is representativas do SAF, a patronal do sector e con presenza da Inspecci\u00f3n de Traballo, co obxectivo de dar soluci\u00f3n \u00e1 falta de seguridade, acordar un plan de prevenci\u00f3n de riscos e un protocolo de actuaci\u00f3n ante o acoso e as agresi\u00f3ns de obrigado cumprimento en todos os servizos de atenci\u00f3n no fogar de Galiza.<\/p>\n\n\n\n<p>\u201cPasadas 48 horas do asasinato de Teresa, a Xunta de Galiza a\u00ednda non reaccionou\u201d, critica o secretario xeral da CIG, Paulo Carril. Advirte que o tempo que demora o Goberno galego convocar esta reun\u00f3n para buscar soluci\u00f3ns \u201c\u00e9 tempo no que a Xunta est\u00e1 eludindo as s\u00faas responsabilidades, convert\u00e9ndose en c\u00f3mplice do risco grave e inminente ao que est\u00e1n expostas as traballadoras do SAF\u201d.<\/p>\n\n\n\n<p>Lembra que a responsabilidade do servizo p\u00fablico de atenci\u00f3n no domicilio corresp\u00f3ndelle \u00e1 administraci\u00f3n auton\u00f3mica, que transferiu aos concellos a s\u00faa prestaci\u00f3n e que \u00e9 obxecto dunha brutal privatizaci\u00f3n. De feito, subli\u00f1a Carril, a competencia inspectora no sector ex\u00e9rcea a Consellar\u00eda de Pol\u00edtica Social que \u00e9 o departamento que debe fixar os protocolos de actuaci\u00f3n e unha prevenci\u00f3n de riscos com\u00fan e de obrigado cumprimento para todos os servizos.<\/p>\n\n\n\n<p>\u201cA responsabilidade m\u00e1xima e \u00faltima sobre este servizo esencial segue sendo da Xunta de Galiza, que ten a \u00faltima palabra na decisi\u00f3n de suspender a axuda no fogar a unha persoa usuaria\u201d, asevera.<\/p>\n\n\n\n<p>Neste senso, o secretario xeral apunta que a CIG segue tam\u00e9n \u00e1 espera de que o Concello do Porri\u00f1o act\u00fae e proceda \u00e1 suspensi\u00f3n cautelar do servizo \u00e1 actual concesionaria, mentres non se garantan a seguridade e a integridade das traballadoras.<\/p>\n\n\n\n<p>Doutra banda, lembrar que a CIG presentou denuncia na Inspecci\u00f3n de Traballo con esta petici\u00f3n e solicitando que se investigue a falta de avaliaci\u00f3n de riscos e de medidas de seguridade da empresa concesionaria do SAF do Porri\u00f1o.<\/p>\n","protected":false},"excerpt":{"rendered":"<div class=\"mh-excerpt\"><p>A central urxe a Xunta de Galiza a reunir xa a todas as partes para acordar un plan de prevenci\u00f3n e protocolos de actuaci\u00f3n de obrigado cumprimento Galiza, a 31 de xullo de 2025 A <a class=\"mh-excerpt-more\" href=\"https:\/\/www.anovapeneira.gal\/index.php\/2025\/08\/06\/a-cig-convoca-folga-no-saf-para-o-13-de-agosto-e-concentracions-nos-concellos-para-mana-venres\/\" title=\"A CIG convoca folga no SAF para o 13 de agosto e concentraci\u00f3ns nos concellos para ma\u00f1\u00e1 venres\">[&#8230;]<\/a><\/p>\n<\/div>","protected":false},"author":3,"featured_media":632,"comment_status":"open","ping_status":"open","sticky":false,"template":"","format":"standard","meta":{"_exactmetrics_skip_tracking":false,"_exactmetrics_sitenote_active":false,"_exactmetrics_sitenote_note":"","_exactmetrics_sitenote_category":0,"footnotes":""},"categories":[263],"tags":[88],"class_list":{"0":"post-14412","1":"post","2":"type-post","3":"status-publish","4":"format-standard","5":"has-post-thumbnail","7":"category-novas","8":"tag-cig"},"yoast_head":"<!-- This site is optimized with the Yoast SEO plugin v27.4 - https:\/\/yoast.com\/product\/yoast-seo-wordpress\/ -->\n<title>A CIG convoca folga no SAF para o 13 de agosto e concentraci\u00f3ns nos concellos para ma\u00f1\u00e1 venres -<\/title>\n<meta name=\"robots\" content=\"index, follow, max-snippet:-1, max-image-preview:large, max-video-preview:-1\" \/>\n<link rel=\"canonical\" href=\"https:\/\/www.anovapeneira.gal\/index.php\/2025\/08\/06\/a-cig-convoca-folga-no-saf-para-o-13-de-agosto-e-concentracions-nos-concellos-para-mana-venres\/\" \/>\n<meta property=\"og:locale\" content=\"gl_ES\" \/>\n<meta property=\"og:type\" content=\"article\" \/>\n<meta property=\"og:title\" content=\"A CIG convoca folga no SAF para o 13 de agosto e concentraci\u00f3ns nos concellos para ma\u00f1\u00e1 venres -\" \/>\n<meta property=\"og:description\" content=\"A central urxe a Xunta de Galiza a reunir xa a todas as partes para acordar un plan de prevenci\u00f3n e protocolos de actuaci\u00f3n de obrigado cumprimento Galiza, a 31 de xullo de 2025 A [...]\" \/>\n<meta property=\"og:url\" content=\"https:\/\/www.anovapeneira.gal\/index.php\/2025\/08\/06\/a-cig-convoca-folga-no-saf-para-o-13-de-agosto-e-concentracions-nos-concellos-para-mana-venres\/\" \/>\n<meta property=\"article:publisher\" content=\"https:\/\/www.facebook.com\/anovapeneira\" \/>\n<meta property=\"article:published_time\" content=\"2025-08-06T10:00:47+00:00\" \/>\n<meta property=\"og:image\" content=\"https:\/\/www.anovapeneira.gal\/wp-content\/uploads\/2019\/07\/CIG_a_nova_peneira.png\" \/>\n\t<meta property=\"og:image:width\" content=\"720\" \/>\n\t<meta property=\"og:image:height\" content=\"473\" \/>\n\t<meta property=\"og:image:type\" content=\"image\/png\" \/>\n<meta name=\"author\" content=\"Redacci\u00f3n A Nova Peneira\" \/>\n<meta name=\"twitter:card\" content=\"summary_large_image\" \/>\n<meta name=\"twitter:creator\" content=\"@APeneira\" \/>\n<meta name=\"twitter:site\" content=\"@APeneira\" \/>\n<meta name=\"twitter:label1\" content=\"Escrito por\" \/>\n\t<meta name=\"twitter:data1\" content=\"Redacci\u00f3n A Nova Peneira\" \/>\n\t<meta name=\"twitter:label2\" content=\"Tempo de lectura\" \/>\n\t<meta name=\"twitter:data2\" content=\"4 minutos\" \/>\n<script type=\"application\/ld+json\" class=\"yoast-schema-graph\">{\"@context\":\"https:\\\/\\\/schema.org\",\"@graph\":[{\"@type\":\"Article\",\"@id\":\"https:\\\/\\\/www.anovapeneira.gal\\\/index.php\\\/2025\\\/08\\\/06\\\/a-cig-convoca-folga-no-saf-para-o-13-de-agosto-e-concentracions-nos-concellos-para-mana-venres\\\/#article\",\"isPartOf\":{\"@id\":\"https:\\\/\\\/www.anovapeneira.gal\\\/index.php\\\/2025\\\/08\\\/06\\\/a-cig-convoca-folga-no-saf-para-o-13-de-agosto-e-concentracions-nos-concellos-para-mana-venres\\\/\"},\"author\":{\"name\":\"Redacci\u00f3n A Nova Peneira\",\"@id\":\"https:\\\/\\\/www.anovapeneira.gal\\\/#\\\/schema\\\/person\\\/b93e3f8932e3f8da96334607eb6ac6aa\"},\"headline\":\"A CIG convoca folga no SAF para o 13 de agosto e concentraci\u00f3ns nos concellos para ma\u00f1\u00e1 venres\",\"datePublished\":\"2025-08-06T10:00:47+00:00\",\"mainEntityOfPage\":{\"@id\":\"https:\\\/\\\/www.anovapeneira.gal\\\/index.php\\\/2025\\\/08\\\/06\\\/a-cig-convoca-folga-no-saf-para-o-13-de-agosto-e-concentracions-nos-concellos-para-mana-venres\\\/\"},\"wordCount\":626,\"commentCount\":0,\"publisher\":{\"@id\":\"https:\\\/\\\/www.anovapeneira.gal\\\/#organization\"},\"image\":{\"@id\":\"https:\\\/\\\/www.anovapeneira.gal\\\/index.php\\\/2025\\\/08\\\/06\\\/a-cig-convoca-folga-no-saf-para-o-13-de-agosto-e-concentracions-nos-concellos-para-mana-venres\\\/#primaryimage\"},\"thumbnailUrl\":\"https:\\\/\\\/www.anovapeneira.gal\\\/wp-content\\\/uploads\\\/2019\\\/07\\\/CIG_a_nova_peneira.png\",\"keywords\":[\"CIG\"],\"articleSection\":[\"Novas\"],\"inLanguage\":\"gl-ES\",\"potentialAction\":[{\"@type\":\"CommentAction\",\"name\":\"Comment\",\"target\":[\"https:\\\/\\\/www.anovapeneira.gal\\\/index.php\\\/2025\\\/08\\\/06\\\/a-cig-convoca-folga-no-saf-para-o-13-de-agosto-e-concentracions-nos-concellos-para-mana-venres\\\/#respond\"]}]},{\"@type\":\"WebPage\",\"@id\":\"https:\\\/\\\/www.anovapeneira.gal\\\/index.php\\\/2025\\\/08\\\/06\\\/a-cig-convoca-folga-no-saf-para-o-13-de-agosto-e-concentracions-nos-concellos-para-mana-venres\\\/\",\"url\":\"https:\\\/\\\/www.anovapeneira.gal\\\/index.php\\\/2025\\\/08\\\/06\\\/a-cig-convoca-folga-no-saf-para-o-13-de-agosto-e-concentracions-nos-concellos-para-mana-venres\\\/\",\"name\":\"A CIG convoca folga no SAF para o 13 de agosto e concentraci\u00f3ns nos concellos para ma\u00f1\u00e1 venres -\",\"isPartOf\":{\"@id\":\"https:\\\/\\\/www.anovapeneira.gal\\\/#website\"},\"primaryImageOfPage\":{\"@id\":\"https:\\\/\\\/www.anovapeneira.gal\\\/index.php\\\/2025\\\/08\\\/06\\\/a-cig-convoca-folga-no-saf-para-o-13-de-agosto-e-concentracions-nos-concellos-para-mana-venres\\\/#primaryimage\"},\"image\":{\"@id\":\"https:\\\/\\\/www.anovapeneira.gal\\\/index.php\\\/2025\\\/08\\\/06\\\/a-cig-convoca-folga-no-saf-para-o-13-de-agosto-e-concentracions-nos-concellos-para-mana-venres\\\/#primaryimage\"},\"thumbnailUrl\":\"https:\\\/\\\/www.anovapeneira.gal\\\/wp-content\\\/uploads\\\/2019\\\/07\\\/CIG_a_nova_peneira.png\",\"datePublished\":\"2025-08-06T10:00:47+00:00\",\"breadcrumb\":{\"@id\":\"https:\\\/\\\/www.anovapeneira.gal\\\/index.php\\\/2025\\\/08\\\/06\\\/a-cig-convoca-folga-no-saf-para-o-13-de-agosto-e-concentracions-nos-concellos-para-mana-venres\\\/#breadcrumb\"},\"inLanguage\":\"gl-ES\",\"potentialAction\":[{\"@type\":\"ReadAction\",\"target\":[\"https:\\\/\\\/www.anovapeneira.gal\\\/index.php\\\/2025\\\/08\\\/06\\\/a-cig-convoca-folga-no-saf-para-o-13-de-agosto-e-concentracions-nos-concellos-para-mana-venres\\\/\"]}]},{\"@type\":\"ImageObject\",\"inLanguage\":\"gl-ES\",\"@id\":\"https:\\\/\\\/www.anovapeneira.gal\\\/index.php\\\/2025\\\/08\\\/06\\\/a-cig-convoca-folga-no-saf-para-o-13-de-agosto-e-concentracions-nos-concellos-para-mana-venres\\\/#primaryimage\",\"url\":\"https:\\\/\\\/www.anovapeneira.gal\\\/wp-content\\\/uploads\\\/2019\\\/07\\\/CIG_a_nova_peneira.png\",\"contentUrl\":\"https:\\\/\\\/www.anovapeneira.gal\\\/wp-content\\\/uploads\\\/2019\\\/07\\\/CIG_a_nova_peneira.png\",\"width\":720,\"height\":473,\"caption\":\"Confederaci\u00f3n Intersindical Galega A Nova Peneira\"},{\"@type\":\"BreadcrumbList\",\"@id\":\"https:\\\/\\\/www.anovapeneira.gal\\\/index.php\\\/2025\\\/08\\\/06\\\/a-cig-convoca-folga-no-saf-para-o-13-de-agosto-e-concentracions-nos-concellos-para-mana-venres\\\/#breadcrumb\",\"itemListElement\":[{\"@type\":\"ListItem\",\"position\":1,\"name\":\"Portada\",\"item\":\"https:\\\/\\\/www.anovapeneira.gal\\\/\"},{\"@type\":\"ListItem\",\"position\":2,\"name\":\"A CIG convoca folga no SAF para o 13 de agosto e concentraci\u00f3ns nos concellos para ma\u00f1\u00e1 venres\"}]},{\"@type\":\"WebSite\",\"@id\":\"https:\\\/\\\/www.anovapeneira.gal\\\/#website\",\"url\":\"https:\\\/\\\/www.anovapeneira.gal\\\/\",\"name\":\"\",\"description\":\"Xornal galego de informaci\u00f3n xeral Publicaci\u00f3n mensual de novas de Galicia e en especial dos Concellos da sur da provincia de Pontevedra.\",\"publisher\":{\"@id\":\"https:\\\/\\\/www.anovapeneira.gal\\\/#organization\"},\"potentialAction\":[{\"@type\":\"SearchAction\",\"target\":{\"@type\":\"EntryPoint\",\"urlTemplate\":\"https:\\\/\\\/www.anovapeneira.gal\\\/?s={search_term_string}\"},\"query-input\":{\"@type\":\"PropertyValueSpecification\",\"valueRequired\":true,\"valueName\":\"search_term_string\"}}],\"inLanguage\":\"gl-ES\"},{\"@type\":\"Organization\",\"@id\":\"https:\\\/\\\/www.anovapeneira.gal\\\/#organization\",\"name\":\"A Nova Peneira\",\"url\":\"https:\\\/\\\/www.anovapeneira.gal\\\/\",\"logo\":{\"@type\":\"ImageObject\",\"inLanguage\":\"gl-ES\",\"@id\":\"https:\\\/\\\/www.anovapeneira.gal\\\/#\\\/schema\\\/logo\\\/image\\\/\",\"url\":\"http:\\\/\\\/www.anovapeneira.gal\\\/wp-content\\\/uploads\\\/2019\\\/06\\\/logo_a_nova_peneira_portal_web.png\",\"contentUrl\":\"http:\\\/\\\/www.anovapeneira.gal\\\/wp-content\\\/uploads\\\/2019\\\/06\\\/logo_a_nova_peneira_portal_web.png\",\"width\":300,\"height\":100,\"caption\":\"A Nova Peneira\"},\"image\":{\"@id\":\"https:\\\/\\\/www.anovapeneira.gal\\\/#\\\/schema\\\/logo\\\/image\\\/\"},\"sameAs\":[\"https:\\\/\\\/www.facebook.com\\\/anovapeneira\",\"https:\\\/\\\/x.com\\\/APeneira\"]},{\"@type\":\"Person\",\"@id\":\"https:\\\/\\\/www.anovapeneira.gal\\\/#\\\/schema\\\/person\\\/b93e3f8932e3f8da96334607eb6ac6aa\",\"name\":\"Redacci\u00f3n A Nova Peneira\",\"image\":{\"@type\":\"ImageObject\",\"inLanguage\":\"gl-ES\",\"@id\":\"https:\\\/\\\/secure.gravatar.com\\\/avatar\\\/c052a2551a06e23fac63626232eaa90abd78dbcf1700fc46a2b2c89fd27b735f?s=96&d=mm&r=g\",\"url\":\"https:\\\/\\\/secure.gravatar.com\\\/avatar\\\/c052a2551a06e23fac63626232eaa90abd78dbcf1700fc46a2b2c89fd27b735f?s=96&d=mm&r=g\",\"contentUrl\":\"https:\\\/\\\/secure.gravatar.com\\\/avatar\\\/c052a2551a06e23fac63626232eaa90abd78dbcf1700fc46a2b2c89fd27b735f?s=96&d=mm&r=g\",\"caption\":\"Redacci\u00f3n A Nova Peneira\"},\"sameAs\":[\"http:\\\/\\\/www.anovapeneira.gal\\\/\"],\"url\":\"https:\\\/\\\/www.anovapeneira.gal\\\/index.php\\\/author\\\/redactor\\\/\"}]}<\/script>\n<!-- \/ Yoast SEO plugin. -->","yoast_head_json":{"title":"A CIG convoca folga no SAF para o 13 de agosto e concentraci\u00f3ns nos concellos para ma\u00f1\u00e1 venres -","robots":{"index":"index","follow":"follow","max-snippet":"max-snippet:-1","max-image-preview":"max-image-preview:large","max-video-preview":"max-video-preview:-1"},"canonical":"https:\/\/www.anovapeneira.gal\/index.php\/2025\/08\/06\/a-cig-convoca-folga-no-saf-para-o-13-de-agosto-e-concentracions-nos-concellos-para-mana-venres\/","og_locale":"gl_ES","og_type":"article","og_title":"A CIG convoca folga no SAF para o 13 de agosto e concentraci\u00f3ns nos concellos para ma\u00f1\u00e1 venres -","og_description":"A central urxe a Xunta de Galiza a reunir xa a todas as partes para acordar un plan de prevenci\u00f3n e protocolos de actuaci\u00f3n de obrigado cumprimento Galiza, a 31 de xullo de 2025 A [...]","og_url":"https:\/\/www.anovapeneira.gal\/index.php\/2025\/08\/06\/a-cig-convoca-folga-no-saf-para-o-13-de-agosto-e-concentracions-nos-concellos-para-mana-venres\/","article_publisher":"https:\/\/www.facebook.com\/anovapeneira","article_published_time":"2025-08-06T10:00:47+00:00","og_image":[{"width":720,"height":473,"url":"https:\/\/www.anovapeneira.gal\/wp-content\/uploads\/2019\/07\/CIG_a_nova_peneira.png","type":"image\/png"}],"author":"Redacci\u00f3n A Nova Peneira","twitter_card":"summary_large_image","twitter_creator":"@APeneira","twitter_site":"@APeneira","twitter_misc":{"Escrito por":"Redacci\u00f3n A Nova Peneira","Tempo de lectura":"4 minutos"},"schema":{"@context":"https:\/\/schema.org","@graph":[{"@type":"Article","@id":"https:\/\/www.anovapeneira.gal\/index.php\/2025\/08\/06\/a-cig-convoca-folga-no-saf-para-o-13-de-agosto-e-concentracions-nos-concellos-para-mana-venres\/#article","isPartOf":{"@id":"https:\/\/www.anovapeneira.gal\/index.php\/2025\/08\/06\/a-cig-convoca-folga-no-saf-para-o-13-de-agosto-e-concentracions-nos-concellos-para-mana-venres\/"},"author":{"name":"Redacci\u00f3n A Nova Peneira","@id":"https:\/\/www.anovapeneira.gal\/#\/schema\/person\/b93e3f8932e3f8da96334607eb6ac6aa"},"headline":"A CIG convoca folga no SAF para o 13 de agosto e concentraci\u00f3ns nos concellos para ma\u00f1\u00e1 venres","datePublished":"2025-08-06T10:00:47+00:00","mainEntityOfPage":{"@id":"https:\/\/www.anovapeneira.gal\/index.php\/2025\/08\/06\/a-cig-convoca-folga-no-saf-para-o-13-de-agosto-e-concentracions-nos-concellos-para-mana-venres\/"},"wordCount":626,"commentCount":0,"publisher":{"@id":"https:\/\/www.anovapeneira.gal\/#organization"},"image":{"@id":"https:\/\/www.anovapeneira.gal\/index.php\/2025\/08\/06\/a-cig-convoca-folga-no-saf-para-o-13-de-agosto-e-concentracions-nos-concellos-para-mana-venres\/#primaryimage"},"thumbnailUrl":"https:\/\/www.anovapeneira.gal\/wp-content\/uploads\/2019\/07\/CIG_a_nova_peneira.png","keywords":["CIG"],"articleSection":["Novas"],"inLanguage":"gl-ES","potentialAction":[{"@type":"CommentAction","name":"Comment","target":["https:\/\/www.anovapeneira.gal\/index.php\/2025\/08\/06\/a-cig-convoca-folga-no-saf-para-o-13-de-agosto-e-concentracions-nos-concellos-para-mana-venres\/#respond"]}]},{"@type":"WebPage","@id":"https:\/\/www.anovapeneira.gal\/index.php\/2025\/08\/06\/a-cig-convoca-folga-no-saf-para-o-13-de-agosto-e-concentracions-nos-concellos-para-mana-venres\/","url":"https:\/\/www.anovapeneira.gal\/index.php\/2025\/08\/06\/a-cig-convoca-folga-no-saf-para-o-13-de-agosto-e-concentracions-nos-concellos-para-mana-venres\/","name":"A CIG convoca folga no SAF para o 13 de agosto e concentraci\u00f3ns nos concellos para ma\u00f1\u00e1 venres -","isPartOf":{"@id":"https:\/\/www.anovapeneira.gal\/#website"},"primaryImageOfPage":{"@id":"https:\/\/www.anovapeneira.gal\/index.php\/2025\/08\/06\/a-cig-convoca-folga-no-saf-para-o-13-de-agosto-e-concentracions-nos-concellos-para-mana-venres\/#primaryimage"},"image":{"@id":"https:\/\/www.anovapeneira.gal\/index.php\/2025\/08\/06\/a-cig-convoca-folga-no-saf-para-o-13-de-agosto-e-concentracions-nos-concellos-para-mana-venres\/#primaryimage"},"thumbnailUrl":"https:\/\/www.anovapeneira.gal\/wp-content\/uploads\/2019\/07\/CIG_a_nova_peneira.png","datePublished":"2025-08-06T10:00:47+00:00","breadcrumb":{"@id":"https:\/\/www.anovapeneira.gal\/index.php\/2025\/08\/06\/a-cig-convoca-folga-no-saf-para-o-13-de-agosto-e-concentracions-nos-concellos-para-mana-venres\/#breadcrumb"},"inLanguage":"gl-ES","potentialAction":[{"@type":"ReadAction","target":["https:\/\/www.anovapeneira.gal\/index.php\/2025\/08\/06\/a-cig-convoca-folga-no-saf-para-o-13-de-agosto-e-concentracions-nos-concellos-para-mana-venres\/"]}]},{"@type":"ImageObject","inLanguage":"gl-ES","@id":"https:\/\/www.anovapeneira.gal\/index.php\/2025\/08\/06\/a-cig-convoca-folga-no-saf-para-o-13-de-agosto-e-concentracions-nos-concellos-para-mana-venres\/#primaryimage","url":"https:\/\/www.anovapeneira.gal\/wp-content\/uploads\/2019\/07\/CIG_a_nova_peneira.png","contentUrl":"https:\/\/www.anovapeneira.gal\/wp-content\/uploads\/2019\/07\/CIG_a_nova_peneira.png","width":720,"height":473,"caption":"Confederaci\u00f3n Intersindical Galega A Nova Peneira"},{"@type":"BreadcrumbList","@id":"https:\/\/www.anovapeneira.gal\/index.php\/2025\/08\/06\/a-cig-convoca-folga-no-saf-para-o-13-de-agosto-e-concentracions-nos-concellos-para-mana-venres\/#breadcrumb","itemListElement":[{"@type":"ListItem","position":1,"name":"Portada","item":"https:\/\/www.anovapeneira.gal\/"},{"@type":"ListItem","position":2,"name":"A CIG convoca folga no SAF para o 13 de agosto e concentraci\u00f3ns nos concellos para ma\u00f1\u00e1 venres"}]},{"@type":"WebSite","@id":"https:\/\/www.anovapeneira.gal\/#website","url":"https:\/\/www.anovapeneira.gal\/","name":"","description":"Xornal galego de informaci\u00f3n xeral Publicaci\u00f3n mensual de novas de Galicia e en especial dos Concellos da sur da provincia de Pontevedra.","publisher":{"@id":"https:\/\/www.anovapeneira.gal\/#organization"},"potentialAction":[{"@type":"SearchAction","target":{"@type":"EntryPoint","urlTemplate":"https:\/\/www.anovapeneira.gal\/?s={search_term_string}"},"query-input":{"@type":"PropertyValueSpecification","valueRequired":true,"valueName":"search_term_string"}}],"inLanguage":"gl-ES"},{"@type":"Organization","@id":"https:\/\/www.anovapeneira.gal\/#organization","name":"A Nova Peneira","url":"https:\/\/www.anovapeneira.gal\/","logo":{"@type":"ImageObject","inLanguage":"gl-ES","@id":"https:\/\/www.anovapeneira.gal\/#\/schema\/logo\/image\/","url":"http:\/\/www.anovapeneira.gal\/wp-content\/uploads\/2019\/06\/logo_a_nova_peneira_portal_web.png","contentUrl":"http:\/\/www.anovapeneira.gal\/wp-content\/uploads\/2019\/06\/logo_a_nova_peneira_portal_web.png","width":300,"height":100,"caption":"A Nova Peneira"},"image":{"@id":"https:\/\/www.anovapeneira.gal\/#\/schema\/logo\/image\/"},"sameAs":["https:\/\/www.facebook.com\/anovapeneira","https:\/\/x.com\/APeneira"]},{"@type":"Person","@id":"https:\/\/www.anovapeneira.gal\/#\/schema\/person\/b93e3f8932e3f8da96334607eb6ac6aa","name":"Redacci\u00f3n A Nova Peneira","image":{"@type":"ImageObject","inLanguage":"gl-ES","@id":"https:\/\/secure.gravatar.com\/avatar\/c052a2551a06e23fac63626232eaa90abd78dbcf1700fc46a2b2c89fd27b735f?s=96&d=mm&r=g","url":"https:\/\/secure.gravatar.com\/avatar\/c052a2551a06e23fac63626232eaa90abd78dbcf1700fc46a2b2c89fd27b735f?s=96&d=mm&r=g","contentUrl":"https:\/\/secure.gravatar.com\/avatar\/c052a2551a06e23fac63626232eaa90abd78dbcf1700fc46a2b2c89fd27b735f?s=96&d=mm&r=g","caption":"Redacci\u00f3n A Nova Peneira"},"sameAs":["http:\/\/www.anovapeneira.gal\/"],"url":"https:\/\/www.anovapeneira.gal\/index.php\/author\/redactor\/"}]}},"jetpack_featured_media_url":"https:\/\/www.anovapeneira.gal\/wp-content\/uploads\/2019\/07\/CIG_a_nova_peneira.png","_links":{"self":[{"href":"https:\/\/www.anovapeneira.gal\/index.php\/wp-json\/wp\/v2\/posts\/14412","targetHints":{"allow":["GET"]}}],"collection":[{"href":"https:\/\/www.anovapeneira.gal\/index.php\/wp-json\/wp\/v2\/posts"}],"about":[{"href":"https:\/\/www.anovapeneira.gal\/index.php\/wp-json\/wp\/v2\/types\/post"}],"author":[{"embeddable":true,"href":"https:\/\/www.anovapeneira.gal\/index.php\/wp-json\/wp\/v2\/users\/3"}],"replies":[{"embeddable":true,"href":"https:\/\/www.anovapeneira.gal\/index.php\/wp-json\/wp\/v2\/comments?post=14412"}],"version-history":[{"count":1,"href":"https:\/\/www.anovapeneira.gal\/index.php\/wp-json\/wp\/v2\/posts\/14412\/revisions"}],"predecessor-version":[{"id":14413,"href":"https:\/\/www.anovapeneira.gal\/index.php\/wp-json\/wp\/v2\/posts\/14412\/revisions\/14413"}],"wp:featuredmedia":[{"embeddable":true,"href":"https:\/\/www.anovapeneira.gal\/index.php\/wp-json\/wp\/v2\/media\/632"}],"wp:attachment":[{"href":"https:\/\/www.anovapeneira.gal\/index.php\/wp-json\/wp\/v2\/media?parent=14412"}],"wp:term":[{"taxonomy":"category","embeddable":true,"href":"https:\/\/www.anovapeneira.gal\/index.php\/wp-json\/wp\/v2\/categories?post=14412"},{"taxonomy":"post_tag","embeddable":true,"href":"https:\/\/www.anovapeneira.gal\/index.php\/wp-json\/wp\/v2\/tags?post=14412"}],"curies":[{"name":"wp","href":"https:\/\/api.w.org\/{rel}","templated":true}]}}