{"id":14420,"date":"2025-08-08T10:00:23","date_gmt":"2025-08-08T08:00:23","guid":{"rendered":"https:\/\/www.anovapeneira.gal\/?p=14420"},"modified":"2025-08-07T11:33:46","modified_gmt":"2025-08-07T09:33:46","slug":"que-coman-pasteis","status":"publish","type":"post","link":"https:\/\/www.anovapeneira.gal\/index.php\/2025\/08\/08\/que-coman-pasteis\/","title":{"rendered":"Que coman pasteis\u00a1"},"content":{"rendered":"\n<figure class=\"wp-block-image size-full is-resized\"><img loading=\"lazy\" decoding=\"async\" width=\"190\" height=\"222\" src=\"https:\/\/www.anovapeneira.gal\/wp-content\/uploads\/2019\/05\/tino_lago_director_a_nova_peneira.jpg\" alt=\"Tino Lago director a Nova Peneira\" class=\"wp-image-189\" style=\"width:112px;height:auto\"\/><figcaption class=\"wp-element-caption\">Tino Lago director a Nova Peneira<\/figcaption><\/figure>\n\n\n\n<p>Mar\u00eda Antonieta foi a \u00faltima ra\u00ed\u00f1a de Francia. Ela nacera en Viena no ano 1755 e converteuse en soberana do estado franc\u00e9s en 1774, despois de casar catro anos antes co futuro Luis XVI. Abof\u00e9 que esta moza non escolleu un bo momento para deixar a s\u00faa Austria natal e marchar a vivir aos suntuosos pazos dos monarcas franceses, pois 15 anos despois do seu matrimonio ter\u00eda lugar un dos episodios m\u00e1is significativos da historia da humanidade:A revoluci\u00f3n francesa. Si, aquela da liberdade, igualdade e fraternidade que acabar\u00eda por condenar \u00e1 parella de monarcas a ser guillotinados. Mar\u00eda Antonieta foi executada en 1793 , un ano despois de que a monarqu\u00eda francesa fose formalmente abolida.<\/p>\n\n\n\n<p>A esta ra\u00ed\u00f1a atrib\u00faeselle a expresi\u00f3n que titula este artigo, no contexto do inicio das revoltas campesi\u00f1as. Seica Mar\u00eda Antonieta interesouse polas causas que motivaran o estoupido dos disturbios , e algu\u00e9n a ter\u00eda informado de que os campesi\u00f1os protestaban porque non ti\u00f1an pan para comer, e ser\u00eda nese momento cando a soberana contestou:\u201dPois que coman pasteis\u201d.<\/p>\n\n\n\n<p>Non \u00e9 posible constatar de maneira certeira se o episodio \u00e9 real ou ficci\u00f3n, pero en calquera caso a expresi\u00f3n \u201c Que coman pasteis\u201d acabouse por converter nun s\u00edmbolo da insensibilidade ante o sufrimento alleo de quen vive encerrado nunha torre de cristal e, ou ben non ten capacidade para darse de conta da dor dos demais, ou ben si ten esa capacidade pero o certo \u00e9 que non lle importa.<\/p>\n\n\n\n<p>Cando algu\u00e9n queira expresar de maneira simb\u00f3lica esa insensibilidade ante os problemas dos outros xa pode ter onde escoller para referila de maneira apropiada, pois al\u00e9n do cl\u00e1sico \u201c que coman pasteis\u201d ten a opci\u00f3n de optar polo aforismo de Alberto N\u00fa\u00f1ez Feijoo \u201c As vacaci\u00f3ns est\u00e1n sobrevaloradas\u201d.<\/p>\n\n\n\n<p>A ex\u00f3tica valoraci\u00f3n sobre as vacaci\u00f3ns foi emitida por Feijoo nun contexto que a fac\u00eda realmente asombrosa, xa que a di inmediatamente antes de marcharse el mesmo de vacaci\u00f3ns. Quero supo\u00f1er que se tratar\u00eda dunha brincadeira. Imaxino que ser\u00eda iso, unha especie de broma. Imax\u00ednoo pero non afirmo con seguridade, porque a un insolvente intelectual tan notorio como Feijoo hai que reco\u00f1ecerlle o m\u00e9rito de non esgotar nunca a capacidade que unha persoa normal ten para asombrarse cando espeta as s\u00faas habituais estupideces.<\/p>\n\n\n\n<p>Se estou equivocado e non se trataba de ningunha brinca, e o que se \u00eda de vacaci\u00f3ns en iate cun narcotraficante pensa en realidade que as vacaci\u00f3ns( as dos demais) est\u00e1n sobrevaloradas pois: traballador, traballadora, aut\u00f3nomo, aut\u00f3noma xa sabes que che toca se este suxeito chega a presidir o goberno do estado, non podes dicir que non nos avisara con antelaci\u00f3n.<\/p>\n\n\n\n<p>E se como sospeito do que se trata \u00e9 dunha brincadeira, non \u00e9 moi dif\u00edcil de valorar:Tr\u00e1tase dunha broma dun mal gusto superlativo que reflicte unha absoluta insensibilidade cara milleiros de persoas que na s\u00faa vida poder\u00e1n gozar dunhas vacaci\u00f3ns. \u00c9 unha broma t\u00edpica dunha casta que Otero Pedrayo denominaba na s\u00faa obra \u201c Os Cami\u00f1os da vida\u201d como \u201c Os da parte de arriba\u201d, unha clase social que vive moi ben e \u00e1 que nada lle importa que outros vivan moi mal.<\/p>\n\n\n\n<p>Segundo o \u00edndice AROPE, utilizado de maneira oficial pola UE para medir a pobreza e a exclusi\u00f3n social, un de cada cinco habitantes da cidade de Vigo est\u00e1 en risco de pobreza e de exclusi\u00f3n. En Vigo, a cidade m\u00e1is poboada deste pa\u00eds, hai 60.000 persoas en risco de pobreza. Persoas que en moitos casos traballan: camareiros\/as, repartidores\/as, operarios\/as&#8230;. e cuxos soldos non lles chegan para atender as s\u00faas necesidades vitais b\u00e1sicas .E vai o que non \u00e9 presidente do goberno porque non quere, un home que ga\u00f1a m\u00e1is de 100.000\u20ac ao ano e que se marcha un mes de vacaci\u00f3ns pagadas, e m\u00f3fase dos traballadores e traballadoras precarios.<\/p>\n\n\n\n<p>Para Alberto N\u00fa\u00f1ez Feijoo a suba do salario m\u00ednimo \u00e9 desmedida e as vacaci\u00f3ns( dos demais) est\u00e1n sobrevaloradas. E vas ti, traballador ou traballadora que fas quendas de 12 horas 6 d\u00edas \u00e1 semana, e que non chegas a fin de mes e o votas. Xa sabes, se a d\u00eda 20 de cada mes non chegan os cartos para encher a neveira vota a Feijoo, e sempre poder\u00e1s comer pasteis.<\/p>\n","protected":false},"excerpt":{"rendered":"<div class=\"mh-excerpt\"><p>Mar\u00eda Antonieta foi a \u00faltima ra\u00ed\u00f1a de Francia. Ela nacera en Viena no ano 1755 e converteuse en soberana do estado franc\u00e9s en 1774, despois de casar catro anos antes co futuro Luis XVI <a class=\"mh-excerpt-more\" href=\"https:\/\/www.anovapeneira.gal\/index.php\/2025\/08\/08\/que-coman-pasteis\/\" title=\"Que coman pasteis\u00a1\">[&#8230;]<\/a><\/p>\n<\/div>","protected":false},"author":2,"featured_media":14421,"comment_status":"open","ping_status":"open","sticky":false,"template":"","format":"standard","meta":{"_exactmetrics_skip_tracking":false,"_exactmetrics_sitenote_active":false,"_exactmetrics_sitenote_note":"","_exactmetrics_sitenote_category":0,"footnotes":""},"categories":[61],"tags":[],"class_list":{"0":"post-14420","1":"post","2":"type-post","3":"status-publish","4":"format-standard","5":"has-post-thumbnail","7":"category-artigo-editorial"},"yoast_head":"<!-- This site is optimized with the Yoast SEO plugin v27.5 - https:\/\/yoast.com\/product\/yoast-seo-wordpress\/ -->\n<title>Que coman pasteis\u00a1 -<\/title>\n<meta name=\"robots\" content=\"index, follow, max-snippet:-1, max-image-preview:large, max-video-preview:-1\" \/>\n<link rel=\"canonical\" href=\"https:\/\/www.anovapeneira.gal\/index.php\/2025\/08\/08\/que-coman-pasteis\/\" \/>\n<meta property=\"og:locale\" content=\"gl_ES\" \/>\n<meta property=\"og:type\" content=\"article\" \/>\n<meta property=\"og:title\" content=\"Que coman pasteis\u00a1 -\" \/>\n<meta property=\"og:description\" content=\"Mar\u00eda Antonieta foi a \u00faltima ra\u00ed\u00f1a de Francia. Ela nacera en Viena no ano 1755 e converteuse en soberana do estado franc\u00e9s en 1774, despois de casar catro anos antes co futuro Luis XVI [...]\" \/>\n<meta property=\"og:url\" content=\"https:\/\/www.anovapeneira.gal\/index.php\/2025\/08\/08\/que-coman-pasteis\/\" \/>\n<meta property=\"article:publisher\" content=\"https:\/\/www.facebook.com\/anovapeneira\" \/>\n<meta property=\"article:published_time\" content=\"2025-08-08T08:00:23+00:00\" \/>\n<meta property=\"og:image\" content=\"https:\/\/www.anovapeneira.gal\/wp-content\/uploads\/2025\/08\/antonieta_feijoo.jpg\" \/>\n\t<meta property=\"og:image:width\" content=\"720\" \/>\n\t<meta property=\"og:image:height\" content=\"432\" \/>\n\t<meta property=\"og:image:type\" content=\"image\/jpeg\" \/>\n<meta name=\"author\" content=\"Tino Lago\" \/>\n<meta name=\"twitter:card\" content=\"summary_large_image\" \/>\n<meta name=\"twitter:creator\" content=\"@APeneira\" \/>\n<meta name=\"twitter:site\" content=\"@APeneira\" \/>\n<meta name=\"twitter:label1\" content=\"Escrito por\" \/>\n\t<meta name=\"twitter:data1\" content=\"Tino Lago\" \/>\n\t<meta name=\"twitter:label2\" content=\"Tempo de lectura\" \/>\n\t<meta name=\"twitter:data2\" content=\"5 minutos\" \/>\n<script type=\"application\/ld+json\" class=\"yoast-schema-graph\">{\"@context\":\"https:\\\/\\\/schema.org\",\"@graph\":[{\"@type\":\"Article\",\"@id\":\"https:\\\/\\\/www.anovapeneira.gal\\\/index.php\\\/2025\\\/08\\\/08\\\/que-coman-pasteis\\\/#article\",\"isPartOf\":{\"@id\":\"https:\\\/\\\/www.anovapeneira.gal\\\/index.php\\\/2025\\\/08\\\/08\\\/que-coman-pasteis\\\/\"},\"author\":{\"name\":\"Tino Lago\",\"@id\":\"https:\\\/\\\/www.anovapeneira.gal\\\/#\\\/schema\\\/person\\\/424dfe65e3070fd8a44d22d2c088762a\"},\"headline\":\"Que coman pasteis\u00a1\",\"datePublished\":\"2025-08-08T08:00:23+00:00\",\"mainEntityOfPage\":{\"@id\":\"https:\\\/\\\/www.anovapeneira.gal\\\/index.php\\\/2025\\\/08\\\/08\\\/que-coman-pasteis\\\/\"},\"wordCount\":759,\"commentCount\":0,\"publisher\":{\"@id\":\"https:\\\/\\\/www.anovapeneira.gal\\\/#organization\"},\"image\":{\"@id\":\"https:\\\/\\\/www.anovapeneira.gal\\\/index.php\\\/2025\\\/08\\\/08\\\/que-coman-pasteis\\\/#primaryimage\"},\"thumbnailUrl\":\"https:\\\/\\\/www.anovapeneira.gal\\\/wp-content\\\/uploads\\\/2025\\\/08\\\/antonieta_feijoo.jpg\",\"articleSection\":[\"Artigo editorial\"],\"inLanguage\":\"gl-ES\",\"potentialAction\":[{\"@type\":\"CommentAction\",\"name\":\"Comment\",\"target\":[\"https:\\\/\\\/www.anovapeneira.gal\\\/index.php\\\/2025\\\/08\\\/08\\\/que-coman-pasteis\\\/#respond\"]}]},{\"@type\":\"WebPage\",\"@id\":\"https:\\\/\\\/www.anovapeneira.gal\\\/index.php\\\/2025\\\/08\\\/08\\\/que-coman-pasteis\\\/\",\"url\":\"https:\\\/\\\/www.anovapeneira.gal\\\/index.php\\\/2025\\\/08\\\/08\\\/que-coman-pasteis\\\/\",\"name\":\"Que coman pasteis\u00a1 -\",\"isPartOf\":{\"@id\":\"https:\\\/\\\/www.anovapeneira.gal\\\/#website\"},\"primaryImageOfPage\":{\"@id\":\"https:\\\/\\\/www.anovapeneira.gal\\\/index.php\\\/2025\\\/08\\\/08\\\/que-coman-pasteis\\\/#primaryimage\"},\"image\":{\"@id\":\"https:\\\/\\\/www.anovapeneira.gal\\\/index.php\\\/2025\\\/08\\\/08\\\/que-coman-pasteis\\\/#primaryimage\"},\"thumbnailUrl\":\"https:\\\/\\\/www.anovapeneira.gal\\\/wp-content\\\/uploads\\\/2025\\\/08\\\/antonieta_feijoo.jpg\",\"datePublished\":\"2025-08-08T08:00:23+00:00\",\"breadcrumb\":{\"@id\":\"https:\\\/\\\/www.anovapeneira.gal\\\/index.php\\\/2025\\\/08\\\/08\\\/que-coman-pasteis\\\/#breadcrumb\"},\"inLanguage\":\"gl-ES\",\"potentialAction\":[{\"@type\":\"ReadAction\",\"target\":[\"https:\\\/\\\/www.anovapeneira.gal\\\/index.php\\\/2025\\\/08\\\/08\\\/que-coman-pasteis\\\/\"]}]},{\"@type\":\"ImageObject\",\"inLanguage\":\"gl-ES\",\"@id\":\"https:\\\/\\\/www.anovapeneira.gal\\\/index.php\\\/2025\\\/08\\\/08\\\/que-coman-pasteis\\\/#primaryimage\",\"url\":\"https:\\\/\\\/www.anovapeneira.gal\\\/wp-content\\\/uploads\\\/2025\\\/08\\\/antonieta_feijoo.jpg\",\"contentUrl\":\"https:\\\/\\\/www.anovapeneira.gal\\\/wp-content\\\/uploads\\\/2025\\\/08\\\/antonieta_feijoo.jpg\",\"width\":720,\"height\":432,\"caption\":\"Mar\u00eda Antonieta para (foto historia y leyenda.com) Feijoo de vacaci\u00f3ns sobrevaloradas\"},{\"@type\":\"BreadcrumbList\",\"@id\":\"https:\\\/\\\/www.anovapeneira.gal\\\/index.php\\\/2025\\\/08\\\/08\\\/que-coman-pasteis\\\/#breadcrumb\",\"itemListElement\":[{\"@type\":\"ListItem\",\"position\":1,\"name\":\"Portada\",\"item\":\"https:\\\/\\\/www.anovapeneira.gal\\\/\"},{\"@type\":\"ListItem\",\"position\":2,\"name\":\"Que coman pasteis\u00a1\"}]},{\"@type\":\"WebSite\",\"@id\":\"https:\\\/\\\/www.anovapeneira.gal\\\/#website\",\"url\":\"https:\\\/\\\/www.anovapeneira.gal\\\/\",\"name\":\"\",\"description\":\"Xornal galego de informaci\u00f3n xeral Publicaci\u00f3n mensual de novas de Galicia e en especial dos Concellos da sur da provincia de Pontevedra.\",\"publisher\":{\"@id\":\"https:\\\/\\\/www.anovapeneira.gal\\\/#organization\"},\"potentialAction\":[{\"@type\":\"SearchAction\",\"target\":{\"@type\":\"EntryPoint\",\"urlTemplate\":\"https:\\\/\\\/www.anovapeneira.gal\\\/?s={search_term_string}\"},\"query-input\":{\"@type\":\"PropertyValueSpecification\",\"valueRequired\":true,\"valueName\":\"search_term_string\"}}],\"inLanguage\":\"gl-ES\"},{\"@type\":\"Organization\",\"@id\":\"https:\\\/\\\/www.anovapeneira.gal\\\/#organization\",\"name\":\"A Nova Peneira\",\"url\":\"https:\\\/\\\/www.anovapeneira.gal\\\/\",\"logo\":{\"@type\":\"ImageObject\",\"inLanguage\":\"gl-ES\",\"@id\":\"https:\\\/\\\/www.anovapeneira.gal\\\/#\\\/schema\\\/logo\\\/image\\\/\",\"url\":\"http:\\\/\\\/www.anovapeneira.gal\\\/wp-content\\\/uploads\\\/2019\\\/06\\\/logo_a_nova_peneira_portal_web.png\",\"contentUrl\":\"http:\\\/\\\/www.anovapeneira.gal\\\/wp-content\\\/uploads\\\/2019\\\/06\\\/logo_a_nova_peneira_portal_web.png\",\"width\":300,\"height\":100,\"caption\":\"A Nova Peneira\"},\"image\":{\"@id\":\"https:\\\/\\\/www.anovapeneira.gal\\\/#\\\/schema\\\/logo\\\/image\\\/\"},\"sameAs\":[\"https:\\\/\\\/www.facebook.com\\\/anovapeneira\",\"https:\\\/\\\/x.com\\\/APeneira\"]},{\"@type\":\"Person\",\"@id\":\"https:\\\/\\\/www.anovapeneira.gal\\\/#\\\/schema\\\/person\\\/424dfe65e3070fd8a44d22d2c088762a\",\"name\":\"Tino Lago\",\"image\":{\"@type\":\"ImageObject\",\"inLanguage\":\"gl-ES\",\"@id\":\"https:\\\/\\\/secure.gravatar.com\\\/avatar\\\/b3df6a06e44bab3111583b90f0f33a0379ee5e3d22cbadd232d39f21c30c62be?s=96&d=mm&r=g\",\"url\":\"https:\\\/\\\/secure.gravatar.com\\\/avatar\\\/b3df6a06e44bab3111583b90f0f33a0379ee5e3d22cbadd232d39f21c30c62be?s=96&d=mm&r=g\",\"contentUrl\":\"https:\\\/\\\/secure.gravatar.com\\\/avatar\\\/b3df6a06e44bab3111583b90f0f33a0379ee5e3d22cbadd232d39f21c30c62be?s=96&d=mm&r=g\",\"caption\":\"Tino Lago\"},\"sameAs\":[\"http:\\\/\\\/www.anovapeneira.gal\"],\"url\":\"https:\\\/\\\/www.anovapeneira.gal\\\/index.php\\\/author\\\/director\\\/\"}]}<\/script>\n<!-- \/ Yoast SEO plugin. -->","yoast_head_json":{"title":"Que coman pasteis\u00a1 -","robots":{"index":"index","follow":"follow","max-snippet":"max-snippet:-1","max-image-preview":"max-image-preview:large","max-video-preview":"max-video-preview:-1"},"canonical":"https:\/\/www.anovapeneira.gal\/index.php\/2025\/08\/08\/que-coman-pasteis\/","og_locale":"gl_ES","og_type":"article","og_title":"Que coman pasteis\u00a1 -","og_description":"Mar\u00eda Antonieta foi a \u00faltima ra\u00ed\u00f1a de Francia. Ela nacera en Viena no ano 1755 e converteuse en soberana do estado franc\u00e9s en 1774, despois de casar catro anos antes co futuro Luis XVI [...]","og_url":"https:\/\/www.anovapeneira.gal\/index.php\/2025\/08\/08\/que-coman-pasteis\/","article_publisher":"https:\/\/www.facebook.com\/anovapeneira","article_published_time":"2025-08-08T08:00:23+00:00","og_image":[{"width":720,"height":432,"url":"https:\/\/www.anovapeneira.gal\/wp-content\/uploads\/2025\/08\/antonieta_feijoo.jpg","type":"image\/jpeg"}],"author":"Tino Lago","twitter_card":"summary_large_image","twitter_creator":"@APeneira","twitter_site":"@APeneira","twitter_misc":{"Escrito por":"Tino Lago","Tempo de lectura":"5 minutos"},"schema":{"@context":"https:\/\/schema.org","@graph":[{"@type":"Article","@id":"https:\/\/www.anovapeneira.gal\/index.php\/2025\/08\/08\/que-coman-pasteis\/#article","isPartOf":{"@id":"https:\/\/www.anovapeneira.gal\/index.php\/2025\/08\/08\/que-coman-pasteis\/"},"author":{"name":"Tino Lago","@id":"https:\/\/www.anovapeneira.gal\/#\/schema\/person\/424dfe65e3070fd8a44d22d2c088762a"},"headline":"Que coman pasteis\u00a1","datePublished":"2025-08-08T08:00:23+00:00","mainEntityOfPage":{"@id":"https:\/\/www.anovapeneira.gal\/index.php\/2025\/08\/08\/que-coman-pasteis\/"},"wordCount":759,"commentCount":0,"publisher":{"@id":"https:\/\/www.anovapeneira.gal\/#organization"},"image":{"@id":"https:\/\/www.anovapeneira.gal\/index.php\/2025\/08\/08\/que-coman-pasteis\/#primaryimage"},"thumbnailUrl":"https:\/\/www.anovapeneira.gal\/wp-content\/uploads\/2025\/08\/antonieta_feijoo.jpg","articleSection":["Artigo editorial"],"inLanguage":"gl-ES","potentialAction":[{"@type":"CommentAction","name":"Comment","target":["https:\/\/www.anovapeneira.gal\/index.php\/2025\/08\/08\/que-coman-pasteis\/#respond"]}]},{"@type":"WebPage","@id":"https:\/\/www.anovapeneira.gal\/index.php\/2025\/08\/08\/que-coman-pasteis\/","url":"https:\/\/www.anovapeneira.gal\/index.php\/2025\/08\/08\/que-coman-pasteis\/","name":"Que coman pasteis\u00a1 -","isPartOf":{"@id":"https:\/\/www.anovapeneira.gal\/#website"},"primaryImageOfPage":{"@id":"https:\/\/www.anovapeneira.gal\/index.php\/2025\/08\/08\/que-coman-pasteis\/#primaryimage"},"image":{"@id":"https:\/\/www.anovapeneira.gal\/index.php\/2025\/08\/08\/que-coman-pasteis\/#primaryimage"},"thumbnailUrl":"https:\/\/www.anovapeneira.gal\/wp-content\/uploads\/2025\/08\/antonieta_feijoo.jpg","datePublished":"2025-08-08T08:00:23+00:00","breadcrumb":{"@id":"https:\/\/www.anovapeneira.gal\/index.php\/2025\/08\/08\/que-coman-pasteis\/#breadcrumb"},"inLanguage":"gl-ES","potentialAction":[{"@type":"ReadAction","target":["https:\/\/www.anovapeneira.gal\/index.php\/2025\/08\/08\/que-coman-pasteis\/"]}]},{"@type":"ImageObject","inLanguage":"gl-ES","@id":"https:\/\/www.anovapeneira.gal\/index.php\/2025\/08\/08\/que-coman-pasteis\/#primaryimage","url":"https:\/\/www.anovapeneira.gal\/wp-content\/uploads\/2025\/08\/antonieta_feijoo.jpg","contentUrl":"https:\/\/www.anovapeneira.gal\/wp-content\/uploads\/2025\/08\/antonieta_feijoo.jpg","width":720,"height":432,"caption":"Mar\u00eda Antonieta para (foto historia y leyenda.com) Feijoo de vacaci\u00f3ns sobrevaloradas"},{"@type":"BreadcrumbList","@id":"https:\/\/www.anovapeneira.gal\/index.php\/2025\/08\/08\/que-coman-pasteis\/#breadcrumb","itemListElement":[{"@type":"ListItem","position":1,"name":"Portada","item":"https:\/\/www.anovapeneira.gal\/"},{"@type":"ListItem","position":2,"name":"Que coman pasteis\u00a1"}]},{"@type":"WebSite","@id":"https:\/\/www.anovapeneira.gal\/#website","url":"https:\/\/www.anovapeneira.gal\/","name":"","description":"Xornal galego de informaci\u00f3n xeral Publicaci\u00f3n mensual de novas de Galicia e en especial dos Concellos da sur da provincia de Pontevedra.","publisher":{"@id":"https:\/\/www.anovapeneira.gal\/#organization"},"potentialAction":[{"@type":"SearchAction","target":{"@type":"EntryPoint","urlTemplate":"https:\/\/www.anovapeneira.gal\/?s={search_term_string}"},"query-input":{"@type":"PropertyValueSpecification","valueRequired":true,"valueName":"search_term_string"}}],"inLanguage":"gl-ES"},{"@type":"Organization","@id":"https:\/\/www.anovapeneira.gal\/#organization","name":"A Nova Peneira","url":"https:\/\/www.anovapeneira.gal\/","logo":{"@type":"ImageObject","inLanguage":"gl-ES","@id":"https:\/\/www.anovapeneira.gal\/#\/schema\/logo\/image\/","url":"http:\/\/www.anovapeneira.gal\/wp-content\/uploads\/2019\/06\/logo_a_nova_peneira_portal_web.png","contentUrl":"http:\/\/www.anovapeneira.gal\/wp-content\/uploads\/2019\/06\/logo_a_nova_peneira_portal_web.png","width":300,"height":100,"caption":"A Nova Peneira"},"image":{"@id":"https:\/\/www.anovapeneira.gal\/#\/schema\/logo\/image\/"},"sameAs":["https:\/\/www.facebook.com\/anovapeneira","https:\/\/x.com\/APeneira"]},{"@type":"Person","@id":"https:\/\/www.anovapeneira.gal\/#\/schema\/person\/424dfe65e3070fd8a44d22d2c088762a","name":"Tino Lago","image":{"@type":"ImageObject","inLanguage":"gl-ES","@id":"https:\/\/secure.gravatar.com\/avatar\/b3df6a06e44bab3111583b90f0f33a0379ee5e3d22cbadd232d39f21c30c62be?s=96&d=mm&r=g","url":"https:\/\/secure.gravatar.com\/avatar\/b3df6a06e44bab3111583b90f0f33a0379ee5e3d22cbadd232d39f21c30c62be?s=96&d=mm&r=g","contentUrl":"https:\/\/secure.gravatar.com\/avatar\/b3df6a06e44bab3111583b90f0f33a0379ee5e3d22cbadd232d39f21c30c62be?s=96&d=mm&r=g","caption":"Tino Lago"},"sameAs":["http:\/\/www.anovapeneira.gal"],"url":"https:\/\/www.anovapeneira.gal\/index.php\/author\/director\/"}]}},"jetpack_featured_media_url":"https:\/\/www.anovapeneira.gal\/wp-content\/uploads\/2025\/08\/antonieta_feijoo.jpg","_links":{"self":[{"href":"https:\/\/www.anovapeneira.gal\/index.php\/wp-json\/wp\/v2\/posts\/14420","targetHints":{"allow":["GET"]}}],"collection":[{"href":"https:\/\/www.anovapeneira.gal\/index.php\/wp-json\/wp\/v2\/posts"}],"about":[{"href":"https:\/\/www.anovapeneira.gal\/index.php\/wp-json\/wp\/v2\/types\/post"}],"author":[{"embeddable":true,"href":"https:\/\/www.anovapeneira.gal\/index.php\/wp-json\/wp\/v2\/users\/2"}],"replies":[{"embeddable":true,"href":"https:\/\/www.anovapeneira.gal\/index.php\/wp-json\/wp\/v2\/comments?post=14420"}],"version-history":[{"count":1,"href":"https:\/\/www.anovapeneira.gal\/index.php\/wp-json\/wp\/v2\/posts\/14420\/revisions"}],"predecessor-version":[{"id":14422,"href":"https:\/\/www.anovapeneira.gal\/index.php\/wp-json\/wp\/v2\/posts\/14420\/revisions\/14422"}],"wp:featuredmedia":[{"embeddable":true,"href":"https:\/\/www.anovapeneira.gal\/index.php\/wp-json\/wp\/v2\/media\/14421"}],"wp:attachment":[{"href":"https:\/\/www.anovapeneira.gal\/index.php\/wp-json\/wp\/v2\/media?parent=14420"}],"wp:term":[{"taxonomy":"category","embeddable":true,"href":"https:\/\/www.anovapeneira.gal\/index.php\/wp-json\/wp\/v2\/categories?post=14420"},{"taxonomy":"post_tag","embeddable":true,"href":"https:\/\/www.anovapeneira.gal\/index.php\/wp-json\/wp\/v2\/tags?post=14420"}],"curies":[{"name":"wp","href":"https:\/\/api.w.org\/{rel}","templated":true}]}}