{"id":14426,"date":"2025-08-11T10:00:06","date_gmt":"2025-08-11T08:00:06","guid":{"rendered":"https:\/\/www.anovapeneira.gal\/?p=14426"},"modified":"2025-08-07T13:09:33","modified_gmt":"2025-08-07T11:09:33","slug":"marco-e-sonia-mais-de-dous-anos-de-calvario","status":"publish","type":"post","link":"https:\/\/www.anovapeneira.gal\/index.php\/2025\/08\/11\/marco-e-sonia-mais-de-dous-anos-de-calvario\/","title":{"rendered":"Marco e Sonia, m\u00e1is de dous anos de calvario"},"content":{"rendered":"\n<p><strong>Marco e Sonia son un matrimonio de Arbo que o 9 de xu\u00f1o do 2023 comezou a vivir un pesadelo do que eles non te\u00f1en a m\u00e1is m\u00ednima responsabilidade. Ese d\u00eda, por mor dunhas obras que realizaba a administraci\u00f3n, un acu\u00edfero desviouse cara \u00e1 s\u00faa casa, e o matrimonio afectado comeza a padecer unha entrada permanente de auga no seu domicilio.<\/strong><\/p>\n\n\n\n<p><strong>Hoxe, dous anos e dous meses despois increiblemente o problema a\u00ednda non est\u00e1 arranxado e Sonia e Marco levan padecendo o deterioro permanente do seu fogar durante 26 meses, un d\u00eda si e outro tam\u00e9n. O desleixo da administraci\u00f3n municipal, que mira para outro lado, e a incompetencia da Xunta, que fixo dous intentos errados de arranxar o problema e a\u00ednda non foron capaces de solucionalo, condenan a Marco e a Sonia a vivir baixo a espada de Damocles de maneira continua.<\/strong><\/p>\n\n\n\n<p><strong>N\u00f3s \u00faltimos d\u00edas do mes de xullo a Xunta envioulles unha carta na que reco\u00f1ec\u00edan a s\u00faa responsabilidade no problema, e anunciaban o inicio das actuaci\u00f3ns para solucionalo.<\/strong><\/p>\n\n\n\n<p><strong>Agardemos que desta volta sexa a definitiva e Marco e Sonia poidan por fin vivir en paz, e cobrar de maneira inmediata a indemnizaci\u00f3n que lles corresponda polo calvario que lles est\u00e1 a facer pasar a administraci\u00f3n auton\u00f3mica.<\/strong><\/p>\n\n\n\n<p><strong>N\u00f3s unha vez m\u00e1is, e as veces que sexa necesario ata que se solucione integramente o problema, d\u00e9moslle voz aos afectados e falamos con Marco.<\/strong><\/p>\n\n\n\n<p><strong>Marco Antonio Fern\u00e1ndez Duarte.<\/strong><\/p>\n\n\n\n<h2 class=\"wp-block-heading\">\u201c<strong>Levamos dous anos dous meses sufrindo a entrada permanente de auga na nosa casa\u201d<\/strong><\/h2>\n\n\n\n<p><strong>Rec\u00f3rdanos brevemente cando comezou todo?<\/strong><\/p>\n\n\n\n<blockquote class=\"wp-block-quote is-layout-flow wp-block-quote-is-layout-flow\">\n<p>Xa hai dous anos e varios meses. Todo comezou no mes de xu\u00f1o do ano 2023. Por mor dunhas obras p\u00fablicas nunha zona pr\u00f3xima \u00e1 nosa casa produciuse o desv\u00edo dun acu\u00edfero que comezou a botar auga directamente na planta de abaixo da nosa vivenda.<\/p>\n<\/blockquote>\n\n\n\n<p><strong>Desde o ano 23 que comezou o problema, m\u00e1is de dous anos, a entrada de auga na vosa casa foi permanente?<\/strong><\/p>\n\n\n\n<blockquote class=\"wp-block-quote is-layout-flow wp-block-quote-is-layout-flow\">\n<p>Si, a auga leva m\u00e1is de dous anos entrado de maneira continua na nosa casa.<\/p>\n<\/blockquote>\n\n\n\n<p><strong>Como est\u00e1 a situaci\u00f3n no momento actual( 3 de agosto)?<\/strong><\/p>\n\n\n\n<blockquote class=\"wp-block-quote is-layout-flow wp-block-quote-is-layout-flow\">\n<p>A finais do mes de xullo recibimos por medio do noso avogado unha carta da Xunta na que reco\u00f1ecen a s\u00faa responsabilidade na problem\u00e1tica que afecta \u00e1 nosa casa, e nos informan de que van iniciar as obras para proceder a unha nova drenaxe e ,presuntamente , solucionar o problema. Tam\u00e9n nos indican o orzamento da mencionada actuaci\u00f3n.<\/p>\n<\/blockquote>\n\n\n\n<p><strong>Na carta que recibistes a Xunta asume o compromiso de deixar o problema completamente solucionado?<\/strong><\/p>\n\n\n\n<blockquote class=\"wp-block-quote is-layout-flow wp-block-quote-is-layout-flow\">\n<p>Non, a carta non garante que quede todo ben. Agardemos que desta volta si que nos ama\u00f1en un problema que nos afecta a n\u00f3s e que causaron eles. Pero na carta que nos mandan non o garanten, s\u00f3 reco\u00f1ecen a s\u00faa responsabilidade e informan do inicio da actuaci\u00f3n.<\/p>\n<\/blockquote>\n\n\n\n<p><strong>Entendo que o custe da reparaci\u00f3n ser\u00e1 asumido integramente pola Xunta?<\/strong><\/p>\n\n\n\n<blockquote class=\"wp-block-quote is-layout-flow wp-block-quote-is-layout-flow\">\n<p>Si, a obra vana pagar eles.<\/p>\n<\/blockquote>\n\n\n\n<p><strong>Imaxino que al\u00e9n do custe da obra tam\u00e9n se far\u00e1n cargo da indemnizaci\u00f3n que vos corresponda polos graves estragos que sufriu a vosa propiedade, e por todos os mobles e obxectos persoais que tivestes que tirar?<\/strong><\/p>\n\n\n\n<blockquote class=\"wp-block-quote is-layout-flow wp-block-quote-is-layout-flow\">\n<p>Efectivamente, ten que ser as\u00ed.<\/p>\n<\/blockquote>\n\n\n\n<p><strong>A d\u00eda de hoxe tedes cobrado algo?<\/strong><\/p>\n\n\n\n<blockquote class=\"wp-block-quote is-layout-flow wp-block-quote-is-layout-flow\">\n<p>Nada, absolutamente nada. Todo o contrario temos perdido moitos cartos e tirado ao lixo moitos mobles: sof\u00e1s, os mobles da coci\u00f1a, neveiras, o piso da parte de abaixo hai que levantalo todo,absolutamente todo&#8230;<\/p>\n<\/blockquote>\n\n\n\n<p><strong>Na carta que vos env\u00eda a Xunta inf\u00f3rmanvos de cando van comezar as obras?<\/strong><\/p>\n\n\n\n<blockquote class=\"wp-block-quote is-layout-flow wp-block-quote-is-layout-flow\">\n<p>Non, s\u00f3 nos informa do que te\u00f1en pensado facer. Pero non din nin cando van comezar, nin cando te\u00f1en pensado acabar, nin garanten como vai quedar o resultado final..Nas conversas que ten tido o noso avogado coa Xunta dinlle que te\u00f1en intenci\u00f3n de comezar de maneira inmediata. Pero haber\u00e1 que velo, claro.<\/p>\n<\/blockquote>\n\n\n\n<p><strong>Esta \u00e9 a segunda drenaxe que vos fai a Xunta, non?<\/strong><\/p>\n\n\n\n<blockquote class=\"wp-block-quote is-layout-flow wp-block-quote-is-layout-flow\">\n<p>Non, xa nos fixeron d\u00faas. Esta ser\u00e1 a terceira drenaxe.<\/p>\n<\/blockquote>\n\n\n\n<p><strong>As d\u00faas primeiras non serviron para nada?<\/strong><\/p>\n\n\n\n<blockquote class=\"wp-block-quote is-layout-flow wp-block-quote-is-layout-flow\">\n<p>Non, lamentablemente non. S\u00f3 serviron para que aumentase m\u00e1is a nosa frustraci\u00f3n, e para gastar o di\u00f1eiro p\u00fablico en actuaci\u00f3ns completamente in\u00fatiles.<\/p>\n<\/blockquote>\n\n\n\n<p><strong>Como estades v\u00f3s de \u00e1nimos?<\/strong><\/p>\n\n\n\n<blockquote class=\"wp-block-quote is-layout-flow wp-block-quote-is-layout-flow\">\n<p>Estamos bastante mal a verdade. Sonia, a mi\u00f1a muller \u00e9 a que o leva peor. S\u00f3 pido que vos po\u00f1ades por un momento no noso lugar, e que pensedes en como estariades v\u00f3s se durante m\u00e1is de dous anos tiverades unha entrada permanente de auga na vosa casa, e despois de petar innumerables veces nas portas do Concello e da Xunta e ver como a vosa casa se estraga aos poucos, como tedes que botar ao lixo mobles e obxectos persoais, non vos tiveran arranxado a\u00ednda o problema?<\/p>\n<\/blockquote>\n\n\n\n<figure class=\"wp-block-gallery has-nested-images columns-default is-cropped wp-block-gallery-1 is-layout-flex wp-block-gallery-is-layout-flex\">\n<figure class=\"wp-block-image size-large\"><img loading=\"lazy\" decoding=\"async\" width=\"1024\" height=\"768\" data-id=\"14428\" src=\"https:\/\/www.anovapeneira.gal\/wp-content\/uploads\/2025\/08\/Marco-Arbo-2-1024x768.jpg\" alt=\"\" class=\"wp-image-14428\" srcset=\"https:\/\/www.anovapeneira.gal\/wp-content\/uploads\/2025\/08\/Marco-Arbo-2-1024x768.jpg 1024w, https:\/\/www.anovapeneira.gal\/wp-content\/uploads\/2025\/08\/Marco-Arbo-2-300x225.jpg 300w, https:\/\/www.anovapeneira.gal\/wp-content\/uploads\/2025\/08\/Marco-Arbo-2-768x576.jpg 768w, https:\/\/www.anovapeneira.gal\/wp-content\/uploads\/2025\/08\/Marco-Arbo-2-678x509.jpg 678w, https:\/\/www.anovapeneira.gal\/wp-content\/uploads\/2025\/08\/Marco-Arbo-2-326x245.jpg 326w, https:\/\/www.anovapeneira.gal\/wp-content\/uploads\/2025\/08\/Marco-Arbo-2-80x60.jpg 80w, https:\/\/www.anovapeneira.gal\/wp-content\/uploads\/2025\/08\/Marco-Arbo-2.jpg 1448w\" sizes=\"auto, (max-width: 1024px) 100vw, 1024px\" \/><\/figure>\n\n\n\n<figure class=\"wp-block-image size-large\"><img loading=\"lazy\" decoding=\"async\" width=\"768\" height=\"1024\" data-id=\"14429\" src=\"https:\/\/www.anovapeneira.gal\/wp-content\/uploads\/2025\/08\/Marco-Arbo-1-768x1024.jpg\" alt=\"\" class=\"wp-image-14429\" srcset=\"https:\/\/www.anovapeneira.gal\/wp-content\/uploads\/2025\/08\/Marco-Arbo-1-768x1024.jpg 768w, https:\/\/www.anovapeneira.gal\/wp-content\/uploads\/2025\/08\/Marco-Arbo-1-225x300.jpg 225w, https:\/\/www.anovapeneira.gal\/wp-content\/uploads\/2025\/08\/Marco-Arbo-1.jpg 1086w\" sizes=\"auto, (max-width: 768px) 100vw, 768px\" \/><\/figure>\n<\/figure>\n\n\n\n<p><strong>Podes facer ti se queres algunha reparaci\u00f3n na casa?<\/strong><\/p>\n\n\n\n<blockquote class=\"wp-block-quote is-layout-flow wp-block-quote-is-layout-flow\">\n<p>Non, mentres non nos fagan a obra eu non podo facer nada, nin pintar a fachada podo. A humidade xa subiu \u00e1 parte de arriba e estragou parte da coci\u00f1a pois eu, mentres non fagan a drenaxe, non podo facer nada.<\/p>\n<\/blockquote>\n\n\n\n<p><strong>Segues sent\u00edndoche decepcionado pola actitude do alcalde Arbo, ou mellorou algo a cosa?<\/strong><\/p>\n\n\n\n<blockquote class=\"wp-block-quote is-layout-flow wp-block-quote-is-layout-flow\">\n<p>O alcalde de Arbo non fixo absolutamente nada por n\u00f3s. Somos dous veci\u00f1os do pobo que sufrimos un problema moi grave que nos causou a administraci\u00f3n, do que n\u00f3s non temos nin a m\u00e1is m\u00ednima responsabilidade, e o alcalde abandonounos desde o primeiro momento. A decepci\u00f3n que sentimos con Horacio Gil non se pode describir con palabras.<\/p>\n<\/blockquote>\n","protected":false},"excerpt":{"rendered":"<div class=\"mh-excerpt\"><p>Marco e Sonia son un matrimonio de Arbo que o 9 de xu\u00f1o do 2023 comezou a vivir un pesadelo do que eles non te\u00f1en a m\u00e1is m\u00ednima responsabilidade. Ese d\u00eda, por mor dunhas obras <a class=\"mh-excerpt-more\" href=\"https:\/\/www.anovapeneira.gal\/index.php\/2025\/08\/11\/marco-e-sonia-mais-de-dous-anos-de-calvario\/\" title=\"Marco e Sonia, m\u00e1is de dous anos de calvario\">[&#8230;]<\/a><\/p>\n<\/div>","protected":false},"author":3,"featured_media":14427,"comment_status":"open","ping_status":"open","sticky":false,"template":"","format":"standard","meta":{"_exactmetrics_skip_tracking":false,"_exactmetrics_sitenote_active":false,"_exactmetrics_sitenote_note":"","_exactmetrics_sitenote_category":0,"footnotes":""},"categories":[1461,25],"tags":[],"class_list":{"0":"post-14426","1":"post","2":"type-post","3":"status-publish","4":"format-standard","5":"has-post-thumbnail","7":"category-concello-de-arbo","8":"category-condado"},"yoast_head":"<!-- This site is optimized with the Yoast SEO plugin v27.4 - https:\/\/yoast.com\/product\/yoast-seo-wordpress\/ -->\n<title>Marco e Sonia, m\u00e1is de dous anos de calvario -<\/title>\n<meta name=\"robots\" content=\"index, follow, max-snippet:-1, max-image-preview:large, max-video-preview:-1\" \/>\n<link rel=\"canonical\" href=\"https:\/\/www.anovapeneira.gal\/index.php\/2025\/08\/11\/marco-e-sonia-mais-de-dous-anos-de-calvario\/\" \/>\n<meta property=\"og:locale\" content=\"gl_ES\" \/>\n<meta property=\"og:type\" content=\"article\" \/>\n<meta property=\"og:title\" content=\"Marco e Sonia, m\u00e1is de dous anos de calvario -\" \/>\n<meta property=\"og:description\" content=\"Marco e Sonia son un matrimonio de Arbo que o 9 de xu\u00f1o do 2023 comezou a vivir un pesadelo do que eles non te\u00f1en a m\u00e1is m\u00ednima responsabilidade. Ese d\u00eda, por mor dunhas obras [...]\" \/>\n<meta property=\"og:url\" content=\"https:\/\/www.anovapeneira.gal\/index.php\/2025\/08\/11\/marco-e-sonia-mais-de-dous-anos-de-calvario\/\" \/>\n<meta property=\"article:publisher\" content=\"https:\/\/www.facebook.com\/anovapeneira\" \/>\n<meta property=\"article:published_time\" content=\"2025-08-11T08:00:06+00:00\" \/>\n<meta property=\"og:image\" content=\"https:\/\/www.anovapeneira.gal\/wp-content\/uploads\/2025\/08\/Marco_Arbo.jpg\" \/>\n\t<meta property=\"og:image:width\" content=\"1500\" \/>\n\t<meta property=\"og:image:height\" content=\"790\" \/>\n\t<meta property=\"og:image:type\" content=\"image\/jpeg\" \/>\n<meta name=\"author\" content=\"Redacci\u00f3n A Nova Peneira\" \/>\n<meta name=\"twitter:card\" content=\"summary_large_image\" \/>\n<meta name=\"twitter:creator\" content=\"@APeneira\" \/>\n<meta name=\"twitter:site\" content=\"@APeneira\" \/>\n<meta name=\"twitter:label1\" content=\"Escrito por\" \/>\n\t<meta name=\"twitter:data1\" content=\"Redacci\u00f3n A Nova Peneira\" \/>\n\t<meta name=\"twitter:label2\" content=\"Tempo de lectura\" \/>\n\t<meta name=\"twitter:data2\" content=\"3 minutos\" \/>\n<script type=\"application\/ld+json\" class=\"yoast-schema-graph\">{\"@context\":\"https:\\\/\\\/schema.org\",\"@graph\":[{\"@type\":\"Article\",\"@id\":\"https:\\\/\\\/www.anovapeneira.gal\\\/index.php\\\/2025\\\/08\\\/11\\\/marco-e-sonia-mais-de-dous-anos-de-calvario\\\/#article\",\"isPartOf\":{\"@id\":\"https:\\\/\\\/www.anovapeneira.gal\\\/index.php\\\/2025\\\/08\\\/11\\\/marco-e-sonia-mais-de-dous-anos-de-calvario\\\/\"},\"author\":{\"name\":\"Redacci\u00f3n A Nova Peneira\",\"@id\":\"https:\\\/\\\/www.anovapeneira.gal\\\/#\\\/schema\\\/person\\\/b93e3f8932e3f8da96334607eb6ac6aa\"},\"headline\":\"Marco e Sonia, m\u00e1is de dous anos de calvario\",\"datePublished\":\"2025-08-11T08:00:06+00:00\",\"mainEntityOfPage\":{\"@id\":\"https:\\\/\\\/www.anovapeneira.gal\\\/index.php\\\/2025\\\/08\\\/11\\\/marco-e-sonia-mais-de-dous-anos-de-calvario\\\/\"},\"wordCount\":978,\"commentCount\":0,\"publisher\":{\"@id\":\"https:\\\/\\\/www.anovapeneira.gal\\\/#organization\"},\"image\":{\"@id\":\"https:\\\/\\\/www.anovapeneira.gal\\\/index.php\\\/2025\\\/08\\\/11\\\/marco-e-sonia-mais-de-dous-anos-de-calvario\\\/#primaryimage\"},\"thumbnailUrl\":\"https:\\\/\\\/www.anovapeneira.gal\\\/wp-content\\\/uploads\\\/2025\\\/08\\\/Marco_Arbo.jpg\",\"articleSection\":[\"Concello de Arbo\",\"Condado\"],\"inLanguage\":\"gl-ES\",\"potentialAction\":[{\"@type\":\"CommentAction\",\"name\":\"Comment\",\"target\":[\"https:\\\/\\\/www.anovapeneira.gal\\\/index.php\\\/2025\\\/08\\\/11\\\/marco-e-sonia-mais-de-dous-anos-de-calvario\\\/#respond\"]}]},{\"@type\":\"WebPage\",\"@id\":\"https:\\\/\\\/www.anovapeneira.gal\\\/index.php\\\/2025\\\/08\\\/11\\\/marco-e-sonia-mais-de-dous-anos-de-calvario\\\/\",\"url\":\"https:\\\/\\\/www.anovapeneira.gal\\\/index.php\\\/2025\\\/08\\\/11\\\/marco-e-sonia-mais-de-dous-anos-de-calvario\\\/\",\"name\":\"Marco e Sonia, m\u00e1is de dous anos de calvario -\",\"isPartOf\":{\"@id\":\"https:\\\/\\\/www.anovapeneira.gal\\\/#website\"},\"primaryImageOfPage\":{\"@id\":\"https:\\\/\\\/www.anovapeneira.gal\\\/index.php\\\/2025\\\/08\\\/11\\\/marco-e-sonia-mais-de-dous-anos-de-calvario\\\/#primaryimage\"},\"image\":{\"@id\":\"https:\\\/\\\/www.anovapeneira.gal\\\/index.php\\\/2025\\\/08\\\/11\\\/marco-e-sonia-mais-de-dous-anos-de-calvario\\\/#primaryimage\"},\"thumbnailUrl\":\"https:\\\/\\\/www.anovapeneira.gal\\\/wp-content\\\/uploads\\\/2025\\\/08\\\/Marco_Arbo.jpg\",\"datePublished\":\"2025-08-11T08:00:06+00:00\",\"breadcrumb\":{\"@id\":\"https:\\\/\\\/www.anovapeneira.gal\\\/index.php\\\/2025\\\/08\\\/11\\\/marco-e-sonia-mais-de-dous-anos-de-calvario\\\/#breadcrumb\"},\"inLanguage\":\"gl-ES\",\"potentialAction\":[{\"@type\":\"ReadAction\",\"target\":[\"https:\\\/\\\/www.anovapeneira.gal\\\/index.php\\\/2025\\\/08\\\/11\\\/marco-e-sonia-mais-de-dous-anos-de-calvario\\\/\"]}]},{\"@type\":\"ImageObject\",\"inLanguage\":\"gl-ES\",\"@id\":\"https:\\\/\\\/www.anovapeneira.gal\\\/index.php\\\/2025\\\/08\\\/11\\\/marco-e-sonia-mais-de-dous-anos-de-calvario\\\/#primaryimage\",\"url\":\"https:\\\/\\\/www.anovapeneira.gal\\\/wp-content\\\/uploads\\\/2025\\\/08\\\/Marco_Arbo.jpg\",\"contentUrl\":\"https:\\\/\\\/www.anovapeneira.gal\\\/wp-content\\\/uploads\\\/2025\\\/08\\\/Marco_Arbo.jpg\",\"width\":1500,\"height\":790},{\"@type\":\"BreadcrumbList\",\"@id\":\"https:\\\/\\\/www.anovapeneira.gal\\\/index.php\\\/2025\\\/08\\\/11\\\/marco-e-sonia-mais-de-dous-anos-de-calvario\\\/#breadcrumb\",\"itemListElement\":[{\"@type\":\"ListItem\",\"position\":1,\"name\":\"Portada\",\"item\":\"https:\\\/\\\/www.anovapeneira.gal\\\/\"},{\"@type\":\"ListItem\",\"position\":2,\"name\":\"Marco e Sonia, m\u00e1is de dous anos de calvario\"}]},{\"@type\":\"WebSite\",\"@id\":\"https:\\\/\\\/www.anovapeneira.gal\\\/#website\",\"url\":\"https:\\\/\\\/www.anovapeneira.gal\\\/\",\"name\":\"\",\"description\":\"Xornal galego de informaci\u00f3n xeral Publicaci\u00f3n mensual de novas de Galicia e en especial dos Concellos da sur da provincia de Pontevedra.\",\"publisher\":{\"@id\":\"https:\\\/\\\/www.anovapeneira.gal\\\/#organization\"},\"potentialAction\":[{\"@type\":\"SearchAction\",\"target\":{\"@type\":\"EntryPoint\",\"urlTemplate\":\"https:\\\/\\\/www.anovapeneira.gal\\\/?s={search_term_string}\"},\"query-input\":{\"@type\":\"PropertyValueSpecification\",\"valueRequired\":true,\"valueName\":\"search_term_string\"}}],\"inLanguage\":\"gl-ES\"},{\"@type\":\"Organization\",\"@id\":\"https:\\\/\\\/www.anovapeneira.gal\\\/#organization\",\"name\":\"A Nova Peneira\",\"url\":\"https:\\\/\\\/www.anovapeneira.gal\\\/\",\"logo\":{\"@type\":\"ImageObject\",\"inLanguage\":\"gl-ES\",\"@id\":\"https:\\\/\\\/www.anovapeneira.gal\\\/#\\\/schema\\\/logo\\\/image\\\/\",\"url\":\"http:\\\/\\\/www.anovapeneira.gal\\\/wp-content\\\/uploads\\\/2019\\\/06\\\/logo_a_nova_peneira_portal_web.png\",\"contentUrl\":\"http:\\\/\\\/www.anovapeneira.gal\\\/wp-content\\\/uploads\\\/2019\\\/06\\\/logo_a_nova_peneira_portal_web.png\",\"width\":300,\"height\":100,\"caption\":\"A Nova Peneira\"},\"image\":{\"@id\":\"https:\\\/\\\/www.anovapeneira.gal\\\/#\\\/schema\\\/logo\\\/image\\\/\"},\"sameAs\":[\"https:\\\/\\\/www.facebook.com\\\/anovapeneira\",\"https:\\\/\\\/x.com\\\/APeneira\"]},{\"@type\":\"Person\",\"@id\":\"https:\\\/\\\/www.anovapeneira.gal\\\/#\\\/schema\\\/person\\\/b93e3f8932e3f8da96334607eb6ac6aa\",\"name\":\"Redacci\u00f3n A Nova Peneira\",\"image\":{\"@type\":\"ImageObject\",\"inLanguage\":\"gl-ES\",\"@id\":\"https:\\\/\\\/secure.gravatar.com\\\/avatar\\\/c052a2551a06e23fac63626232eaa90abd78dbcf1700fc46a2b2c89fd27b735f?s=96&d=mm&r=g\",\"url\":\"https:\\\/\\\/secure.gravatar.com\\\/avatar\\\/c052a2551a06e23fac63626232eaa90abd78dbcf1700fc46a2b2c89fd27b735f?s=96&d=mm&r=g\",\"contentUrl\":\"https:\\\/\\\/secure.gravatar.com\\\/avatar\\\/c052a2551a06e23fac63626232eaa90abd78dbcf1700fc46a2b2c89fd27b735f?s=96&d=mm&r=g\",\"caption\":\"Redacci\u00f3n A Nova Peneira\"},\"sameAs\":[\"http:\\\/\\\/www.anovapeneira.gal\\\/\"],\"url\":\"https:\\\/\\\/www.anovapeneira.gal\\\/index.php\\\/author\\\/redactor\\\/\"}]}<\/script>\n<!-- \/ Yoast SEO plugin. -->","yoast_head_json":{"title":"Marco e Sonia, m\u00e1is de dous anos de calvario -","robots":{"index":"index","follow":"follow","max-snippet":"max-snippet:-1","max-image-preview":"max-image-preview:large","max-video-preview":"max-video-preview:-1"},"canonical":"https:\/\/www.anovapeneira.gal\/index.php\/2025\/08\/11\/marco-e-sonia-mais-de-dous-anos-de-calvario\/","og_locale":"gl_ES","og_type":"article","og_title":"Marco e Sonia, m\u00e1is de dous anos de calvario -","og_description":"Marco e Sonia son un matrimonio de Arbo que o 9 de xu\u00f1o do 2023 comezou a vivir un pesadelo do que eles non te\u00f1en a m\u00e1is m\u00ednima responsabilidade. Ese d\u00eda, por mor dunhas obras [...]","og_url":"https:\/\/www.anovapeneira.gal\/index.php\/2025\/08\/11\/marco-e-sonia-mais-de-dous-anos-de-calvario\/","article_publisher":"https:\/\/www.facebook.com\/anovapeneira","article_published_time":"2025-08-11T08:00:06+00:00","og_image":[{"width":1500,"height":790,"url":"https:\/\/www.anovapeneira.gal\/wp-content\/uploads\/2025\/08\/Marco_Arbo.jpg","type":"image\/jpeg"}],"author":"Redacci\u00f3n A Nova Peneira","twitter_card":"summary_large_image","twitter_creator":"@APeneira","twitter_site":"@APeneira","twitter_misc":{"Escrito por":"Redacci\u00f3n A Nova Peneira","Tempo de lectura":"3 minutos"},"schema":{"@context":"https:\/\/schema.org","@graph":[{"@type":"Article","@id":"https:\/\/www.anovapeneira.gal\/index.php\/2025\/08\/11\/marco-e-sonia-mais-de-dous-anos-de-calvario\/#article","isPartOf":{"@id":"https:\/\/www.anovapeneira.gal\/index.php\/2025\/08\/11\/marco-e-sonia-mais-de-dous-anos-de-calvario\/"},"author":{"name":"Redacci\u00f3n A Nova Peneira","@id":"https:\/\/www.anovapeneira.gal\/#\/schema\/person\/b93e3f8932e3f8da96334607eb6ac6aa"},"headline":"Marco e Sonia, m\u00e1is de dous anos de calvario","datePublished":"2025-08-11T08:00:06+00:00","mainEntityOfPage":{"@id":"https:\/\/www.anovapeneira.gal\/index.php\/2025\/08\/11\/marco-e-sonia-mais-de-dous-anos-de-calvario\/"},"wordCount":978,"commentCount":0,"publisher":{"@id":"https:\/\/www.anovapeneira.gal\/#organization"},"image":{"@id":"https:\/\/www.anovapeneira.gal\/index.php\/2025\/08\/11\/marco-e-sonia-mais-de-dous-anos-de-calvario\/#primaryimage"},"thumbnailUrl":"https:\/\/www.anovapeneira.gal\/wp-content\/uploads\/2025\/08\/Marco_Arbo.jpg","articleSection":["Concello de Arbo","Condado"],"inLanguage":"gl-ES","potentialAction":[{"@type":"CommentAction","name":"Comment","target":["https:\/\/www.anovapeneira.gal\/index.php\/2025\/08\/11\/marco-e-sonia-mais-de-dous-anos-de-calvario\/#respond"]}]},{"@type":"WebPage","@id":"https:\/\/www.anovapeneira.gal\/index.php\/2025\/08\/11\/marco-e-sonia-mais-de-dous-anos-de-calvario\/","url":"https:\/\/www.anovapeneira.gal\/index.php\/2025\/08\/11\/marco-e-sonia-mais-de-dous-anos-de-calvario\/","name":"Marco e Sonia, m\u00e1is de dous anos de calvario -","isPartOf":{"@id":"https:\/\/www.anovapeneira.gal\/#website"},"primaryImageOfPage":{"@id":"https:\/\/www.anovapeneira.gal\/index.php\/2025\/08\/11\/marco-e-sonia-mais-de-dous-anos-de-calvario\/#primaryimage"},"image":{"@id":"https:\/\/www.anovapeneira.gal\/index.php\/2025\/08\/11\/marco-e-sonia-mais-de-dous-anos-de-calvario\/#primaryimage"},"thumbnailUrl":"https:\/\/www.anovapeneira.gal\/wp-content\/uploads\/2025\/08\/Marco_Arbo.jpg","datePublished":"2025-08-11T08:00:06+00:00","breadcrumb":{"@id":"https:\/\/www.anovapeneira.gal\/index.php\/2025\/08\/11\/marco-e-sonia-mais-de-dous-anos-de-calvario\/#breadcrumb"},"inLanguage":"gl-ES","potentialAction":[{"@type":"ReadAction","target":["https:\/\/www.anovapeneira.gal\/index.php\/2025\/08\/11\/marco-e-sonia-mais-de-dous-anos-de-calvario\/"]}]},{"@type":"ImageObject","inLanguage":"gl-ES","@id":"https:\/\/www.anovapeneira.gal\/index.php\/2025\/08\/11\/marco-e-sonia-mais-de-dous-anos-de-calvario\/#primaryimage","url":"https:\/\/www.anovapeneira.gal\/wp-content\/uploads\/2025\/08\/Marco_Arbo.jpg","contentUrl":"https:\/\/www.anovapeneira.gal\/wp-content\/uploads\/2025\/08\/Marco_Arbo.jpg","width":1500,"height":790},{"@type":"BreadcrumbList","@id":"https:\/\/www.anovapeneira.gal\/index.php\/2025\/08\/11\/marco-e-sonia-mais-de-dous-anos-de-calvario\/#breadcrumb","itemListElement":[{"@type":"ListItem","position":1,"name":"Portada","item":"https:\/\/www.anovapeneira.gal\/"},{"@type":"ListItem","position":2,"name":"Marco e Sonia, m\u00e1is de dous anos de calvario"}]},{"@type":"WebSite","@id":"https:\/\/www.anovapeneira.gal\/#website","url":"https:\/\/www.anovapeneira.gal\/","name":"","description":"Xornal galego de informaci\u00f3n xeral Publicaci\u00f3n mensual de novas de Galicia e en especial dos Concellos da sur da provincia de Pontevedra.","publisher":{"@id":"https:\/\/www.anovapeneira.gal\/#organization"},"potentialAction":[{"@type":"SearchAction","target":{"@type":"EntryPoint","urlTemplate":"https:\/\/www.anovapeneira.gal\/?s={search_term_string}"},"query-input":{"@type":"PropertyValueSpecification","valueRequired":true,"valueName":"search_term_string"}}],"inLanguage":"gl-ES"},{"@type":"Organization","@id":"https:\/\/www.anovapeneira.gal\/#organization","name":"A Nova Peneira","url":"https:\/\/www.anovapeneira.gal\/","logo":{"@type":"ImageObject","inLanguage":"gl-ES","@id":"https:\/\/www.anovapeneira.gal\/#\/schema\/logo\/image\/","url":"http:\/\/www.anovapeneira.gal\/wp-content\/uploads\/2019\/06\/logo_a_nova_peneira_portal_web.png","contentUrl":"http:\/\/www.anovapeneira.gal\/wp-content\/uploads\/2019\/06\/logo_a_nova_peneira_portal_web.png","width":300,"height":100,"caption":"A Nova Peneira"},"image":{"@id":"https:\/\/www.anovapeneira.gal\/#\/schema\/logo\/image\/"},"sameAs":["https:\/\/www.facebook.com\/anovapeneira","https:\/\/x.com\/APeneira"]},{"@type":"Person","@id":"https:\/\/www.anovapeneira.gal\/#\/schema\/person\/b93e3f8932e3f8da96334607eb6ac6aa","name":"Redacci\u00f3n A Nova Peneira","image":{"@type":"ImageObject","inLanguage":"gl-ES","@id":"https:\/\/secure.gravatar.com\/avatar\/c052a2551a06e23fac63626232eaa90abd78dbcf1700fc46a2b2c89fd27b735f?s=96&d=mm&r=g","url":"https:\/\/secure.gravatar.com\/avatar\/c052a2551a06e23fac63626232eaa90abd78dbcf1700fc46a2b2c89fd27b735f?s=96&d=mm&r=g","contentUrl":"https:\/\/secure.gravatar.com\/avatar\/c052a2551a06e23fac63626232eaa90abd78dbcf1700fc46a2b2c89fd27b735f?s=96&d=mm&r=g","caption":"Redacci\u00f3n A Nova Peneira"},"sameAs":["http:\/\/www.anovapeneira.gal\/"],"url":"https:\/\/www.anovapeneira.gal\/index.php\/author\/redactor\/"}]}},"jetpack_featured_media_url":"https:\/\/www.anovapeneira.gal\/wp-content\/uploads\/2025\/08\/Marco_Arbo.jpg","_links":{"self":[{"href":"https:\/\/www.anovapeneira.gal\/index.php\/wp-json\/wp\/v2\/posts\/14426","targetHints":{"allow":["GET"]}}],"collection":[{"href":"https:\/\/www.anovapeneira.gal\/index.php\/wp-json\/wp\/v2\/posts"}],"about":[{"href":"https:\/\/www.anovapeneira.gal\/index.php\/wp-json\/wp\/v2\/types\/post"}],"author":[{"embeddable":true,"href":"https:\/\/www.anovapeneira.gal\/index.php\/wp-json\/wp\/v2\/users\/3"}],"replies":[{"embeddable":true,"href":"https:\/\/www.anovapeneira.gal\/index.php\/wp-json\/wp\/v2\/comments?post=14426"}],"version-history":[{"count":1,"href":"https:\/\/www.anovapeneira.gal\/index.php\/wp-json\/wp\/v2\/posts\/14426\/revisions"}],"predecessor-version":[{"id":14430,"href":"https:\/\/www.anovapeneira.gal\/index.php\/wp-json\/wp\/v2\/posts\/14426\/revisions\/14430"}],"wp:featuredmedia":[{"embeddable":true,"href":"https:\/\/www.anovapeneira.gal\/index.php\/wp-json\/wp\/v2\/media\/14427"}],"wp:attachment":[{"href":"https:\/\/www.anovapeneira.gal\/index.php\/wp-json\/wp\/v2\/media?parent=14426"}],"wp:term":[{"taxonomy":"category","embeddable":true,"href":"https:\/\/www.anovapeneira.gal\/index.php\/wp-json\/wp\/v2\/categories?post=14426"},{"taxonomy":"post_tag","embeddable":true,"href":"https:\/\/www.anovapeneira.gal\/index.php\/wp-json\/wp\/v2\/tags?post=14426"}],"curies":[{"name":"wp","href":"https:\/\/api.w.org\/{rel}","templated":true}]}}