{"id":14441,"date":"2025-08-13T10:00:01","date_gmt":"2025-08-13T08:00:01","guid":{"rendered":"https:\/\/www.anovapeneira.gal\/?p=14441"},"modified":"2025-08-09T10:40:42","modified_gmt":"2025-08-09T08:40:42","slug":"o-guardes-alex-sierpes-na-cima-do-atletismo-mundial","status":"publish","type":"post","link":"https:\/\/www.anovapeneira.gal\/index.php\/2025\/08\/13\/o-guardes-alex-sierpes-na-cima-do-atletismo-mundial\/","title":{"rendered":"O guard\u00e9s Alex Sierpes na cima do atletismo mundial"},"content":{"rendered":"\n<p>O pasado 27 de xullo disputouse na cidade de Skopje, capital de Macedonia do Norte, o Festival Ol\u00edmpico da Mocidade Europea. Neste evento compiten os mellores atletas de toda Europa, e incluso dalg\u00fan pa\u00eds de f\u00f3ra do continente. O festival cel\u00e9brase cada dous anos desde o 1991, que foi cando tivo lugar a primeira edici\u00f3n na cidade de Bruxelas. Acolle a atletas de entre 14 e 18 anos, e adoita ser o primeiro escaparate de deportistas que acaban por tocar a gloria dos xogos ol\u00edmpicos. Consta de d\u00faas edici\u00f3ns, unha de ver\u00e1n e outra de inverno.<\/p>\n\n\n\n<p>Non \u00e9 nada f\u00e1cil ser seleccionado para representar ao teu pa\u00eds nun evento deste nivel. De feito a representaci\u00f3n do estado espa\u00f1ol foi unicamente de 23 atletas, s\u00f3 un, o mellor, por proba, e de 81 deportistas en total para o resto de disciplinas(baloncesto, balonm\u00e1n, ciclismo, ximnasia, judo, nataci\u00f3n, skate e tenis).<\/p>\n\n\n\n<p>A selecci\u00f3n dos participantes faina directamente o Comit\u00e9 Ol\u00edmpico Espa\u00f1ol e abof\u00e9 que deberon de facer moi ben o seu traballo e que o deporte de base espa\u00f1ol debe de gozar de boa sa\u00fade, porque a colleita lograda foi de 30 metais en total, dos que 10 foron conseguidas en atletismo.<\/p>\n\n\n\n<p>Unha desas medallas foi acadada polo guard\u00e9s Alex Sierpes que participou na proba de 1.500 metros, e acadou un brillante segundo posto logrando a medalla de prata.<\/p>\n\n\n\n<p>Alex e o seu irm\u00e1n Christian son dous rapaces encantadores, e a\u00ednda que son moi novos, Alex ten 17 anos e Christian, 18 son xa vellos amigos nosos pois en m\u00e1is dunha ocasi\u00f3n foron protagonistas das nosas p\u00e1xinas. Ambos son atletas, e os dous comezaron a practicar este fermoso deporte desde moi nenos, antes dos cinco anos. No seu caso o amor polo atletismo ven xa de familia xa que o seu pai, Xabier, \u00e9 adestrador de atletismo, e foi un bo atleta que tivo deixar a competici\u00f3n pronto por mor das lesi\u00f3ns.<\/p>\n\n\n\n<p>Christian ten moi bo nivel, pero Alex naceu tocado por ese talento especial dos que s\u00f3 uns poucos elixidos son bendicidos polos deuses do Olimpo, e que alg\u00fan d\u00eda non moi lonxano o vai levar a disputar as medallas nas competici\u00f3ns m\u00e1is importantes do planeta: O campionato de Europa, o campionato mundial e os Xogos Ol\u00edmpicos.<\/p>\n\n\n\n<p>Lembro que nalgunha entrevista que lle fixera a Alex d\u00e9useme por preguntarlle se se v\u00eda nunhas Olimpiadas e el contestara que ser\u00eda un so\u00f1o. Hoxe ese so\u00f1o est\u00e1 moito m\u00e1s preto, ata o punto de que \u00e9 realista e veros\u00edmil considerar que Alex Sierpes ten moitas posibilidades de sa\u00edr alg\u00fan d\u00eda ao balc\u00f3n do Concello da Guarda a celebrar que \u00e9 o primeiro veci\u00f1o en toda a historia da localidade que consegue unha medalla ol\u00edmpica.<\/p>\n\n\n\n<p>O segundo poso acadado na proba de 1.500 son palabras maiores. C\u00f3mpre salientar que este evento \u00e9 o de maior nivel en todo o mundo para a franxa de idade dos atletas que competiron, entre 14 e 18 anos. Por outra parte esta \u00e9 unha proba fetiche do atletismo espa\u00f1ol na que destacaron grandes campi\u00f3ns como Jose Luis Gonz\u00e1lez, ou Ferm\u00edn Cacho.<\/p>\n\n\n\n<p><strong>Pode Alex Sierpes chegar a ese nivel?<\/strong><\/p>\n\n\n\n<blockquote class=\"wp-block-quote is-layout-flow wp-block-quote-is-layout-flow\">\n<p>si, si que pode. Non vai ser nada doado, vai ter que sacrificarse moito e pasar por momentos malos e por circunstancias dif\u00edciles, pero ten potencial para chegar \u00e1 elite sen ning\u00fan tipo de d\u00fabida.<\/p>\n<\/blockquote>\n\n\n\n<blockquote class=\"wp-block-quote is-layout-flow wp-block-quote-is-layout-flow\">\n<p>A vitoria na carreira de Skopje foi para o atleta franc\u00e9s Alois Abraham cun tempo de 3:48.39. Este deportista \u00e9 o que ocupa o primeiro posto de todo o mundo, no seu abano de idade, no r\u00e1nking de corredores desta distancia. Alex disputoulle o primeiro posto ata o final da proba e chegou en segunda posici\u00f3n parando o cron\u00f3metro en 3:49:53.<\/p>\n<\/blockquote>\n\n\n\n<blockquote class=\"wp-block-quote is-layout-flow wp-block-quote-is-layout-flow\">\n<p>Alex ten unha marca persoal na distancia de 1.500 de 3:45.\u00c9 dicir pode moverse obxectivamente en par\u00e1metros de vitoria. Por\u00e9n Alex \u00e9 un atleta polivalente que rende moi ben en 1.500, en 3.000, en 5.000 en 10.000 e incluso en Cros. El non estivo s\u00f3 en Macedonia, foi acompa\u00f1ado pola s\u00faa nai, polo seu, pai, o seu irm\u00e1n e pola s\u00faa moza. Toda a familia viviu con extraordinaria emoci\u00f3n a carreira e abof\u00e9 que celebraron con m\u00e1xima intensidade a medalla que Alex trouxo para A Guarda.<\/p>\n<\/blockquote>\n\n\n\n<p><strong>Que lle toca a Alex despois deste metal?<\/strong><\/p>\n\n\n\n<blockquote class=\"wp-block-quote is-layout-flow wp-block-quote-is-layout-flow\">\n<p>T\u00f3calle descansar. A preparaci\u00f3n desta competici\u00f3n foi dur\u00edsma, nun ano ateigado de \u00e9xitos para Alex( Campi\u00f3n sub 18 de Espa\u00f1a en 5.000, campi\u00f3n sub 18 de Galicia en 1.500 e en 5.000, Campi\u00f3n en Portugal de 5 quil\u00f3metros en ruta, Campi\u00f3n sub 18 de Espa\u00f1a en 3.000,sub campi\u00f3n sub 20 de Europa de campo a trav\u00e9s, Campi\u00f3n sub 18 no cros internacional de Valladolid&#8230;&#8230;.) e agora toca gozar unhas semanas do ver\u00e1n, pero sen perder de vista o vindeiro obxectivo deportivo que \u00e9 o campionato de Espa\u00f1a de clubs que se celebrar\u00e1 en Atapuerca.<\/p>\n<\/blockquote>\n","protected":false},"excerpt":{"rendered":"<div class=\"mh-excerpt\"><p>O pasado 27 de xullo disputouse na cidade de Skopje, capital de Macedonia do Norte, o Festival Ol\u00edmpico da Mocidade Europea. Neste evento compiten os mellores atletas de toda Europa, e incluso dalg\u00fan pa\u00eds de f\u00f3ra do continente <a class=\"mh-excerpt-more\" href=\"https:\/\/www.anovapeneira.gal\/index.php\/2025\/08\/13\/o-guardes-alex-sierpes-na-cima-do-atletismo-mundial\/\" title=\"O guard\u00e9s Alex Sierpes na cima do atletismo mundial\">[&#8230;]<\/a><\/p>\n<\/div>","protected":false},"author":3,"featured_media":14442,"comment_status":"open","ping_status":"open","sticky":false,"template":"","format":"standard","meta":{"_exactmetrics_skip_tracking":false,"_exactmetrics_sitenote_active":false,"_exactmetrics_sitenote_note":"","_exactmetrics_sitenote_category":0,"footnotes":""},"categories":[266],"tags":[1157],"class_list":{"0":"post-14441","1":"post","2":"type-post","3":"status-publish","4":"format-standard","5":"has-post-thumbnail","7":"category-baixo-mino-entrevistas","8":"tag-concello-de-a-guarda"},"yoast_head":"<!-- This site is optimized with the Yoast SEO plugin v27.4 - https:\/\/yoast.com\/product\/yoast-seo-wordpress\/ -->\n<title>O guard\u00e9s Alex Sierpes na cima do atletismo mundial -<\/title>\n<meta name=\"robots\" content=\"index, follow, max-snippet:-1, max-image-preview:large, max-video-preview:-1\" \/>\n<link rel=\"canonical\" href=\"https:\/\/www.anovapeneira.gal\/index.php\/2025\/08\/13\/o-guardes-alex-sierpes-na-cima-do-atletismo-mundial\/\" \/>\n<meta property=\"og:locale\" content=\"gl_ES\" \/>\n<meta property=\"og:type\" content=\"article\" \/>\n<meta property=\"og:title\" content=\"O guard\u00e9s Alex Sierpes na cima do atletismo mundial -\" \/>\n<meta property=\"og:description\" content=\"O pasado 27 de xullo disputouse na cidade de Skopje, capital de Macedonia do Norte, o Festival Ol\u00edmpico da Mocidade Europea. Neste evento compiten os mellores atletas de toda Europa, e incluso dalg\u00fan pa\u00eds de f\u00f3ra do continente [...]\" \/>\n<meta property=\"og:url\" content=\"https:\/\/www.anovapeneira.gal\/index.php\/2025\/08\/13\/o-guardes-alex-sierpes-na-cima-do-atletismo-mundial\/\" \/>\n<meta property=\"article:publisher\" content=\"https:\/\/www.facebook.com\/anovapeneira\" \/>\n<meta property=\"article:published_time\" content=\"2025-08-13T08:00:01+00:00\" \/>\n<meta property=\"og:image\" content=\"https:\/\/www.anovapeneira.gal\/wp-content\/uploads\/2025\/08\/Alex_Sierpes.jpg\" \/>\n\t<meta property=\"og:image:width\" content=\"720\" \/>\n\t<meta property=\"og:image:height\" content=\"432\" \/>\n\t<meta property=\"og:image:type\" content=\"image\/jpeg\" \/>\n<meta name=\"author\" content=\"Redacci\u00f3n A Nova Peneira\" \/>\n<meta name=\"twitter:card\" content=\"summary_large_image\" \/>\n<meta name=\"twitter:creator\" content=\"@APeneira\" \/>\n<meta name=\"twitter:site\" content=\"@APeneira\" \/>\n<meta name=\"twitter:label1\" content=\"Escrito por\" \/>\n\t<meta name=\"twitter:data1\" content=\"Redacci\u00f3n A Nova Peneira\" \/>\n\t<meta name=\"twitter:label2\" content=\"Tempo de lectura\" \/>\n\t<meta name=\"twitter:data2\" content=\"4 minutos\" \/>\n<script type=\"application\/ld+json\" class=\"yoast-schema-graph\">{\"@context\":\"https:\\\/\\\/schema.org\",\"@graph\":[{\"@type\":\"Article\",\"@id\":\"https:\\\/\\\/www.anovapeneira.gal\\\/index.php\\\/2025\\\/08\\\/13\\\/o-guardes-alex-sierpes-na-cima-do-atletismo-mundial\\\/#article\",\"isPartOf\":{\"@id\":\"https:\\\/\\\/www.anovapeneira.gal\\\/index.php\\\/2025\\\/08\\\/13\\\/o-guardes-alex-sierpes-na-cima-do-atletismo-mundial\\\/\"},\"author\":{\"name\":\"Redacci\u00f3n A Nova Peneira\",\"@id\":\"https:\\\/\\\/www.anovapeneira.gal\\\/#\\\/schema\\\/person\\\/b93e3f8932e3f8da96334607eb6ac6aa\"},\"headline\":\"O guard\u00e9s Alex Sierpes na cima do atletismo mundial\",\"datePublished\":\"2025-08-13T08:00:01+00:00\",\"mainEntityOfPage\":{\"@id\":\"https:\\\/\\\/www.anovapeneira.gal\\\/index.php\\\/2025\\\/08\\\/13\\\/o-guardes-alex-sierpes-na-cima-do-atletismo-mundial\\\/\"},\"wordCount\":856,\"commentCount\":0,\"publisher\":{\"@id\":\"https:\\\/\\\/www.anovapeneira.gal\\\/#organization\"},\"image\":{\"@id\":\"https:\\\/\\\/www.anovapeneira.gal\\\/index.php\\\/2025\\\/08\\\/13\\\/o-guardes-alex-sierpes-na-cima-do-atletismo-mundial\\\/#primaryimage\"},\"thumbnailUrl\":\"https:\\\/\\\/www.anovapeneira.gal\\\/wp-content\\\/uploads\\\/2025\\\/08\\\/Alex_Sierpes.jpg\",\"keywords\":[\"Concello de A Guarda\"],\"articleSection\":[\"Baixo Mi\u00f1o\"],\"inLanguage\":\"gl-ES\",\"potentialAction\":[{\"@type\":\"CommentAction\",\"name\":\"Comment\",\"target\":[\"https:\\\/\\\/www.anovapeneira.gal\\\/index.php\\\/2025\\\/08\\\/13\\\/o-guardes-alex-sierpes-na-cima-do-atletismo-mundial\\\/#respond\"]}]},{\"@type\":\"WebPage\",\"@id\":\"https:\\\/\\\/www.anovapeneira.gal\\\/index.php\\\/2025\\\/08\\\/13\\\/o-guardes-alex-sierpes-na-cima-do-atletismo-mundial\\\/\",\"url\":\"https:\\\/\\\/www.anovapeneira.gal\\\/index.php\\\/2025\\\/08\\\/13\\\/o-guardes-alex-sierpes-na-cima-do-atletismo-mundial\\\/\",\"name\":\"O guard\u00e9s Alex Sierpes na cima do atletismo mundial -\",\"isPartOf\":{\"@id\":\"https:\\\/\\\/www.anovapeneira.gal\\\/#website\"},\"primaryImageOfPage\":{\"@id\":\"https:\\\/\\\/www.anovapeneira.gal\\\/index.php\\\/2025\\\/08\\\/13\\\/o-guardes-alex-sierpes-na-cima-do-atletismo-mundial\\\/#primaryimage\"},\"image\":{\"@id\":\"https:\\\/\\\/www.anovapeneira.gal\\\/index.php\\\/2025\\\/08\\\/13\\\/o-guardes-alex-sierpes-na-cima-do-atletismo-mundial\\\/#primaryimage\"},\"thumbnailUrl\":\"https:\\\/\\\/www.anovapeneira.gal\\\/wp-content\\\/uploads\\\/2025\\\/08\\\/Alex_Sierpes.jpg\",\"datePublished\":\"2025-08-13T08:00:01+00:00\",\"breadcrumb\":{\"@id\":\"https:\\\/\\\/www.anovapeneira.gal\\\/index.php\\\/2025\\\/08\\\/13\\\/o-guardes-alex-sierpes-na-cima-do-atletismo-mundial\\\/#breadcrumb\"},\"inLanguage\":\"gl-ES\",\"potentialAction\":[{\"@type\":\"ReadAction\",\"target\":[\"https:\\\/\\\/www.anovapeneira.gal\\\/index.php\\\/2025\\\/08\\\/13\\\/o-guardes-alex-sierpes-na-cima-do-atletismo-mundial\\\/\"]}]},{\"@type\":\"ImageObject\",\"inLanguage\":\"gl-ES\",\"@id\":\"https:\\\/\\\/www.anovapeneira.gal\\\/index.php\\\/2025\\\/08\\\/13\\\/o-guardes-alex-sierpes-na-cima-do-atletismo-mundial\\\/#primaryimage\",\"url\":\"https:\\\/\\\/www.anovapeneira.gal\\\/wp-content\\\/uploads\\\/2025\\\/08\\\/Alex_Sierpes.jpg\",\"contentUrl\":\"https:\\\/\\\/www.anovapeneira.gal\\\/wp-content\\\/uploads\\\/2025\\\/08\\\/Alex_Sierpes.jpg\",\"width\":720,\"height\":432},{\"@type\":\"BreadcrumbList\",\"@id\":\"https:\\\/\\\/www.anovapeneira.gal\\\/index.php\\\/2025\\\/08\\\/13\\\/o-guardes-alex-sierpes-na-cima-do-atletismo-mundial\\\/#breadcrumb\",\"itemListElement\":[{\"@type\":\"ListItem\",\"position\":1,\"name\":\"Portada\",\"item\":\"https:\\\/\\\/www.anovapeneira.gal\\\/\"},{\"@type\":\"ListItem\",\"position\":2,\"name\":\"O guard\u00e9s Alex Sierpes na cima do atletismo mundial\"}]},{\"@type\":\"WebSite\",\"@id\":\"https:\\\/\\\/www.anovapeneira.gal\\\/#website\",\"url\":\"https:\\\/\\\/www.anovapeneira.gal\\\/\",\"name\":\"\",\"description\":\"Xornal galego de informaci\u00f3n xeral Publicaci\u00f3n mensual de novas de Galicia e en especial dos Concellos da sur da provincia de Pontevedra.\",\"publisher\":{\"@id\":\"https:\\\/\\\/www.anovapeneira.gal\\\/#organization\"},\"potentialAction\":[{\"@type\":\"SearchAction\",\"target\":{\"@type\":\"EntryPoint\",\"urlTemplate\":\"https:\\\/\\\/www.anovapeneira.gal\\\/?s={search_term_string}\"},\"query-input\":{\"@type\":\"PropertyValueSpecification\",\"valueRequired\":true,\"valueName\":\"search_term_string\"}}],\"inLanguage\":\"gl-ES\"},{\"@type\":\"Organization\",\"@id\":\"https:\\\/\\\/www.anovapeneira.gal\\\/#organization\",\"name\":\"A Nova Peneira\",\"url\":\"https:\\\/\\\/www.anovapeneira.gal\\\/\",\"logo\":{\"@type\":\"ImageObject\",\"inLanguage\":\"gl-ES\",\"@id\":\"https:\\\/\\\/www.anovapeneira.gal\\\/#\\\/schema\\\/logo\\\/image\\\/\",\"url\":\"http:\\\/\\\/www.anovapeneira.gal\\\/wp-content\\\/uploads\\\/2019\\\/06\\\/logo_a_nova_peneira_portal_web.png\",\"contentUrl\":\"http:\\\/\\\/www.anovapeneira.gal\\\/wp-content\\\/uploads\\\/2019\\\/06\\\/logo_a_nova_peneira_portal_web.png\",\"width\":300,\"height\":100,\"caption\":\"A Nova Peneira\"},\"image\":{\"@id\":\"https:\\\/\\\/www.anovapeneira.gal\\\/#\\\/schema\\\/logo\\\/image\\\/\"},\"sameAs\":[\"https:\\\/\\\/www.facebook.com\\\/anovapeneira\",\"https:\\\/\\\/x.com\\\/APeneira\"]},{\"@type\":\"Person\",\"@id\":\"https:\\\/\\\/www.anovapeneira.gal\\\/#\\\/schema\\\/person\\\/b93e3f8932e3f8da96334607eb6ac6aa\",\"name\":\"Redacci\u00f3n A Nova Peneira\",\"image\":{\"@type\":\"ImageObject\",\"inLanguage\":\"gl-ES\",\"@id\":\"https:\\\/\\\/secure.gravatar.com\\\/avatar\\\/c052a2551a06e23fac63626232eaa90abd78dbcf1700fc46a2b2c89fd27b735f?s=96&d=mm&r=g\",\"url\":\"https:\\\/\\\/secure.gravatar.com\\\/avatar\\\/c052a2551a06e23fac63626232eaa90abd78dbcf1700fc46a2b2c89fd27b735f?s=96&d=mm&r=g\",\"contentUrl\":\"https:\\\/\\\/secure.gravatar.com\\\/avatar\\\/c052a2551a06e23fac63626232eaa90abd78dbcf1700fc46a2b2c89fd27b735f?s=96&d=mm&r=g\",\"caption\":\"Redacci\u00f3n A Nova Peneira\"},\"sameAs\":[\"http:\\\/\\\/www.anovapeneira.gal\\\/\"],\"url\":\"https:\\\/\\\/www.anovapeneira.gal\\\/index.php\\\/author\\\/redactor\\\/\"}]}<\/script>\n<!-- \/ Yoast SEO plugin. -->","yoast_head_json":{"title":"O guard\u00e9s Alex Sierpes na cima do atletismo mundial -","robots":{"index":"index","follow":"follow","max-snippet":"max-snippet:-1","max-image-preview":"max-image-preview:large","max-video-preview":"max-video-preview:-1"},"canonical":"https:\/\/www.anovapeneira.gal\/index.php\/2025\/08\/13\/o-guardes-alex-sierpes-na-cima-do-atletismo-mundial\/","og_locale":"gl_ES","og_type":"article","og_title":"O guard\u00e9s Alex Sierpes na cima do atletismo mundial -","og_description":"O pasado 27 de xullo disputouse na cidade de Skopje, capital de Macedonia do Norte, o Festival Ol\u00edmpico da Mocidade Europea. Neste evento compiten os mellores atletas de toda Europa, e incluso dalg\u00fan pa\u00eds de f\u00f3ra do continente [...]","og_url":"https:\/\/www.anovapeneira.gal\/index.php\/2025\/08\/13\/o-guardes-alex-sierpes-na-cima-do-atletismo-mundial\/","article_publisher":"https:\/\/www.facebook.com\/anovapeneira","article_published_time":"2025-08-13T08:00:01+00:00","og_image":[{"width":720,"height":432,"url":"https:\/\/www.anovapeneira.gal\/wp-content\/uploads\/2025\/08\/Alex_Sierpes.jpg","type":"image\/jpeg"}],"author":"Redacci\u00f3n A Nova Peneira","twitter_card":"summary_large_image","twitter_creator":"@APeneira","twitter_site":"@APeneira","twitter_misc":{"Escrito por":"Redacci\u00f3n A Nova Peneira","Tempo de lectura":"4 minutos"},"schema":{"@context":"https:\/\/schema.org","@graph":[{"@type":"Article","@id":"https:\/\/www.anovapeneira.gal\/index.php\/2025\/08\/13\/o-guardes-alex-sierpes-na-cima-do-atletismo-mundial\/#article","isPartOf":{"@id":"https:\/\/www.anovapeneira.gal\/index.php\/2025\/08\/13\/o-guardes-alex-sierpes-na-cima-do-atletismo-mundial\/"},"author":{"name":"Redacci\u00f3n A Nova Peneira","@id":"https:\/\/www.anovapeneira.gal\/#\/schema\/person\/b93e3f8932e3f8da96334607eb6ac6aa"},"headline":"O guard\u00e9s Alex Sierpes na cima do atletismo mundial","datePublished":"2025-08-13T08:00:01+00:00","mainEntityOfPage":{"@id":"https:\/\/www.anovapeneira.gal\/index.php\/2025\/08\/13\/o-guardes-alex-sierpes-na-cima-do-atletismo-mundial\/"},"wordCount":856,"commentCount":0,"publisher":{"@id":"https:\/\/www.anovapeneira.gal\/#organization"},"image":{"@id":"https:\/\/www.anovapeneira.gal\/index.php\/2025\/08\/13\/o-guardes-alex-sierpes-na-cima-do-atletismo-mundial\/#primaryimage"},"thumbnailUrl":"https:\/\/www.anovapeneira.gal\/wp-content\/uploads\/2025\/08\/Alex_Sierpes.jpg","keywords":["Concello de A Guarda"],"articleSection":["Baixo Mi\u00f1o"],"inLanguage":"gl-ES","potentialAction":[{"@type":"CommentAction","name":"Comment","target":["https:\/\/www.anovapeneira.gal\/index.php\/2025\/08\/13\/o-guardes-alex-sierpes-na-cima-do-atletismo-mundial\/#respond"]}]},{"@type":"WebPage","@id":"https:\/\/www.anovapeneira.gal\/index.php\/2025\/08\/13\/o-guardes-alex-sierpes-na-cima-do-atletismo-mundial\/","url":"https:\/\/www.anovapeneira.gal\/index.php\/2025\/08\/13\/o-guardes-alex-sierpes-na-cima-do-atletismo-mundial\/","name":"O guard\u00e9s Alex Sierpes na cima do atletismo mundial -","isPartOf":{"@id":"https:\/\/www.anovapeneira.gal\/#website"},"primaryImageOfPage":{"@id":"https:\/\/www.anovapeneira.gal\/index.php\/2025\/08\/13\/o-guardes-alex-sierpes-na-cima-do-atletismo-mundial\/#primaryimage"},"image":{"@id":"https:\/\/www.anovapeneira.gal\/index.php\/2025\/08\/13\/o-guardes-alex-sierpes-na-cima-do-atletismo-mundial\/#primaryimage"},"thumbnailUrl":"https:\/\/www.anovapeneira.gal\/wp-content\/uploads\/2025\/08\/Alex_Sierpes.jpg","datePublished":"2025-08-13T08:00:01+00:00","breadcrumb":{"@id":"https:\/\/www.anovapeneira.gal\/index.php\/2025\/08\/13\/o-guardes-alex-sierpes-na-cima-do-atletismo-mundial\/#breadcrumb"},"inLanguage":"gl-ES","potentialAction":[{"@type":"ReadAction","target":["https:\/\/www.anovapeneira.gal\/index.php\/2025\/08\/13\/o-guardes-alex-sierpes-na-cima-do-atletismo-mundial\/"]}]},{"@type":"ImageObject","inLanguage":"gl-ES","@id":"https:\/\/www.anovapeneira.gal\/index.php\/2025\/08\/13\/o-guardes-alex-sierpes-na-cima-do-atletismo-mundial\/#primaryimage","url":"https:\/\/www.anovapeneira.gal\/wp-content\/uploads\/2025\/08\/Alex_Sierpes.jpg","contentUrl":"https:\/\/www.anovapeneira.gal\/wp-content\/uploads\/2025\/08\/Alex_Sierpes.jpg","width":720,"height":432},{"@type":"BreadcrumbList","@id":"https:\/\/www.anovapeneira.gal\/index.php\/2025\/08\/13\/o-guardes-alex-sierpes-na-cima-do-atletismo-mundial\/#breadcrumb","itemListElement":[{"@type":"ListItem","position":1,"name":"Portada","item":"https:\/\/www.anovapeneira.gal\/"},{"@type":"ListItem","position":2,"name":"O guard\u00e9s Alex Sierpes na cima do atletismo mundial"}]},{"@type":"WebSite","@id":"https:\/\/www.anovapeneira.gal\/#website","url":"https:\/\/www.anovapeneira.gal\/","name":"","description":"Xornal galego de informaci\u00f3n xeral Publicaci\u00f3n mensual de novas de Galicia e en especial dos Concellos da sur da provincia de Pontevedra.","publisher":{"@id":"https:\/\/www.anovapeneira.gal\/#organization"},"potentialAction":[{"@type":"SearchAction","target":{"@type":"EntryPoint","urlTemplate":"https:\/\/www.anovapeneira.gal\/?s={search_term_string}"},"query-input":{"@type":"PropertyValueSpecification","valueRequired":true,"valueName":"search_term_string"}}],"inLanguage":"gl-ES"},{"@type":"Organization","@id":"https:\/\/www.anovapeneira.gal\/#organization","name":"A Nova Peneira","url":"https:\/\/www.anovapeneira.gal\/","logo":{"@type":"ImageObject","inLanguage":"gl-ES","@id":"https:\/\/www.anovapeneira.gal\/#\/schema\/logo\/image\/","url":"http:\/\/www.anovapeneira.gal\/wp-content\/uploads\/2019\/06\/logo_a_nova_peneira_portal_web.png","contentUrl":"http:\/\/www.anovapeneira.gal\/wp-content\/uploads\/2019\/06\/logo_a_nova_peneira_portal_web.png","width":300,"height":100,"caption":"A Nova Peneira"},"image":{"@id":"https:\/\/www.anovapeneira.gal\/#\/schema\/logo\/image\/"},"sameAs":["https:\/\/www.facebook.com\/anovapeneira","https:\/\/x.com\/APeneira"]},{"@type":"Person","@id":"https:\/\/www.anovapeneira.gal\/#\/schema\/person\/b93e3f8932e3f8da96334607eb6ac6aa","name":"Redacci\u00f3n A Nova Peneira","image":{"@type":"ImageObject","inLanguage":"gl-ES","@id":"https:\/\/secure.gravatar.com\/avatar\/c052a2551a06e23fac63626232eaa90abd78dbcf1700fc46a2b2c89fd27b735f?s=96&d=mm&r=g","url":"https:\/\/secure.gravatar.com\/avatar\/c052a2551a06e23fac63626232eaa90abd78dbcf1700fc46a2b2c89fd27b735f?s=96&d=mm&r=g","contentUrl":"https:\/\/secure.gravatar.com\/avatar\/c052a2551a06e23fac63626232eaa90abd78dbcf1700fc46a2b2c89fd27b735f?s=96&d=mm&r=g","caption":"Redacci\u00f3n A Nova Peneira"},"sameAs":["http:\/\/www.anovapeneira.gal\/"],"url":"https:\/\/www.anovapeneira.gal\/index.php\/author\/redactor\/"}]}},"jetpack_featured_media_url":"https:\/\/www.anovapeneira.gal\/wp-content\/uploads\/2025\/08\/Alex_Sierpes.jpg","_links":{"self":[{"href":"https:\/\/www.anovapeneira.gal\/index.php\/wp-json\/wp\/v2\/posts\/14441","targetHints":{"allow":["GET"]}}],"collection":[{"href":"https:\/\/www.anovapeneira.gal\/index.php\/wp-json\/wp\/v2\/posts"}],"about":[{"href":"https:\/\/www.anovapeneira.gal\/index.php\/wp-json\/wp\/v2\/types\/post"}],"author":[{"embeddable":true,"href":"https:\/\/www.anovapeneira.gal\/index.php\/wp-json\/wp\/v2\/users\/3"}],"replies":[{"embeddable":true,"href":"https:\/\/www.anovapeneira.gal\/index.php\/wp-json\/wp\/v2\/comments?post=14441"}],"version-history":[{"count":1,"href":"https:\/\/www.anovapeneira.gal\/index.php\/wp-json\/wp\/v2\/posts\/14441\/revisions"}],"predecessor-version":[{"id":14443,"href":"https:\/\/www.anovapeneira.gal\/index.php\/wp-json\/wp\/v2\/posts\/14441\/revisions\/14443"}],"wp:featuredmedia":[{"embeddable":true,"href":"https:\/\/www.anovapeneira.gal\/index.php\/wp-json\/wp\/v2\/media\/14442"}],"wp:attachment":[{"href":"https:\/\/www.anovapeneira.gal\/index.php\/wp-json\/wp\/v2\/media?parent=14441"}],"wp:term":[{"taxonomy":"category","embeddable":true,"href":"https:\/\/www.anovapeneira.gal\/index.php\/wp-json\/wp\/v2\/categories?post=14441"},{"taxonomy":"post_tag","embeddable":true,"href":"https:\/\/www.anovapeneira.gal\/index.php\/wp-json\/wp\/v2\/tags?post=14441"}],"curies":[{"name":"wp","href":"https:\/\/api.w.org\/{rel}","templated":true}]}}