{"id":14446,"date":"2025-08-14T10:00:09","date_gmt":"2025-08-14T08:00:09","guid":{"rendered":"https:\/\/www.anovapeneira.gal\/?p=14446"},"modified":"2025-08-09T11:11:34","modified_gmt":"2025-08-09T09:11:34","slug":"o-asasinato-de-teresa","status":"publish","type":"post","link":"https:\/\/www.anovapeneira.gal\/index.php\/2025\/08\/14\/o-asasinato-de-teresa\/","title":{"rendered":"O asasinato de Teresa"},"content":{"rendered":"\n<pre class=\"wp-block-verse\"><strong>Patricia Pampill\u00f3n, traballadora do SAF<\/strong><\/pre>\n\n\n\n<p>Cumprida unha semana do asasinato da Compa\u00f1eira do SAF do Porri\u00f1o Teresa de Jes\u00fas e a\u00ednda estamos en shock moitas das que compartimos labor profesional con ela.<\/p>\n\n\n\n<p>Son moitas as gabanzas e palabras de \u00e1nimo recibidas polo acontecido pero moi poucas as acci\u00f3ns pertinentes por parte dos Organismos Competentes para evitar ese lamentable feito poida repetirse e que o asasinato a sangue fr\u00edo dunha traballadora do SAF mentres realizaba a s\u00faa labor de axudar a unha dependente nas s\u00faas labores diarias.<\/p>\n\n\n\n<p>Esta desgracia \u00e9 o desenlace do que moitas hai tempo vimos avisando e advertindo que pod\u00eda acontecer, moitas das que diariamente nos enfundamos os nosos uniforme de traballo e deixamos a nosa vida e problema nos nosos coches ou mochilas e afrontamos o noso traballo con ilusi\u00f3n, forzas e ganas de mellorar a vida de aquelas persoas a quen temos que axudar coa nosa gratificante labor no humano pero tan deostada, esquecida e castigada no laboral.<\/p>\n\n\n\n<p>Son moitas @s <a href=\"mailto:usuari@s\">usuari@s<\/a> que co seu agarimo e sorriso nolo agradecen ao igual que moitas familias que nolo po\u00f1en mais f\u00e1cil e facilitan o noso labor e a reco\u00f1ecen e nos fan sentir unha m\u00e1is das s\u00faas familias pero lamentablemente tam\u00e9n nos atopamos soas en situaci\u00f3ns moi dif\u00edciles nas que a nosa integridade f\u00edsica e psicol\u00f3xica se atopa nas mans de moito ser desagradecido que se cree con dereitos sobre n\u00f3s, o noso bo labor e pretende escusarse nel para abusar de n\u00f3s coa total impunidade que iso lles sup\u00f3n xa que a maior\u00eda das v\u00edtimas o \u00fanico que reciben das empresas que deber\u00edan defendelas e coidar a s\u00faa integridade f\u00edsica e an\u00edmica \u00e9 a resposta t\u00edpica, renuncia o servizo, tenta aguantar mentres non topamos quen te cubra\u2026 Esa \u00e9 a escusa m\u00e1is empregada, a soluci\u00f3n a que m\u00e1is se recorre cambiar a cara e nome das auxiliares pero non atallar o problema de ra\u00edz, a falta de respecto e humanidade do agresor, do que abusa da nosa soidade e profesionalidade o servizo <a href=\"mailto:d@s\">d@s<\/a> <a href=\"mailto:nos@s\">nos@s<\/a> <a href=\"mailto:usuari@s\">usuari@s<\/a> para abusar f\u00edsica, psicol\u00f3xica ou laboralmente. O di\u00f1eiro que pagan polos nosos \u201cservizos\u201d \u00e9 o primordial, somos carne de can\u00f3n e abusos ante a impunidade das empresas concesionarias que ademais pasando por encima da \u00e9tica e dos nosos dereitos e sen chisca de humanidade moitas veces silencian os graves problemas que os SAF e as s\u00faas auxiliares sufrimos para quedar ben diante dos Concellos pertinentes e das s\u00faas asistentes sociais con tal de seguir enchendo os seus petos e consolidando \u201c o seu bo labor e satisfacci\u00f3n dos familiares\u201d sexa o custe que sexa e pasando por riba do benestar e seguridade incluso das persoas que realmente po\u00f1en a cara e o corpo para realizar o servizo in situ e pisando e burl\u00e1ndose dos seus dereitos e da humanidade e reco\u00f1ecemento que polo simple feito de facilitar a vida dos m\u00e1is necesitados mereceriamos.<\/p>\n\n\n\n<p><a><\/a> \u00c1 Xunta, Concellos e demais Organismos pedir\u00edalles como Auxiliar, como profesional sanitaria dun servizo esencial como \u00e9 o SAF que se deixen de brinde ao sol, de ch\u00e1chara barata e que en vez de secundar ou convocar minutos de silencio os eviten, ao igual que os abusos ben sexan f\u00edsicos como psicol\u00f3xicos. As agresi\u00f3ns verbais, f\u00edsicas e o maltrato psicol\u00f3xico son tam\u00e9n preocupantes e deber\u00edan ser motivo de protestas, concentraci\u00f3n e acci\u00f3ns inmediatas como retiradas de servizos ou castigo para os que abusen das compa\u00f1eiras. \u00c9nchesevos a boca dicindo que a soluci\u00f3n ser\u00eda ir a comisar\u00edas e denunciar \u2026 en serio?. A unha traballadora a quen lle pegan, insultan maltratan psicoloxicamente co menosprezo ao seu traballo e a s\u00faa capacidade profesional lle piden saquen forzas para ir a unha comisaria cando xa nos esforzamos en tentar contarllo a quen deber\u00eda defendernos nas empresas e non s\u00f3 non o fan sen\u00f3n que insin\u00faan a t\u00faa culpa, che piden que aguantes ou sen\u00f3n e m\u00e1is empregado po\u00f1er en d\u00fabida a t\u00faa capacidade profesional e persoal.<\/p>\n\n\n\n<p>Moitas das compa\u00f1eiras ademais do vocacional empregan o seu posto de traballo como sustento principal dos seus fogares e das s\u00faas familias e te\u00f1en medo a perdelo e por iso aguantan as chantaxes crueis das empresas que ofrecen servizos nos SAF e que maiormente xogan con ese medo e carecen de sensibilidade e escr\u00fapulos e s\u00f3 lles importa unha cousa PODER E DI\u00d1EIRO.<\/p>\n\n\n\n<p>As autoridades se realmente queren cambiar as cousas, insten a reuni\u00f3ns para actualizar e renovar o noso anticuado, en t\u00f3dolos aspectos, convenio e doten aos servizos do SAF de protocolos e f\u00f3rmulas que garantan o noso labor e lle dean seguridade e nos faga estar protexidas ante os perigos que sufrimos nos domicilios e con persoas conflitivas. DE NADA SERVE SUSPENDER E CANCELAR SERVIZOS SE DESPOIS DUN TEMPO SE TENTAN RETOMAR SEN AVALIACI\u00d3NS PERTINENTES.<\/p>\n\n\n\n<p>A V\u00d3S COMPA\u00d1EIRAS, PENSADE QUE CALQUERA DE NOS PODE SER TERESA SE AS COUSAS NON CAMBIAN, CALQUERA DE N\u00d3S PODEMOS DEIXAR A NOSA VIDA NALGUNHA CASA E NAS MANS DE ALG\u00daN USUARIO OU FAMILIAR QUE SE CREA CON DEREITO A DECIDILO ESCUS\u00c1NDOSE DESPOIS NUNHA MALA SITUACI\u00d3N PSICOL\u00d3XICA.<\/p>\n\n\n\n<p>NON CONSINTAMOS O M\u00cdNIMO ABUSO NEN F\u00cdSICO, NEN LABORAL, NEN PSICOL\u00d3XICO E PO\u00d1\u00c1MOLO EN CO\u00d1ECEMENTO DOS ENLACES SINDICAIS E POSTERIORMENTE DA EMPRESA E CONCELLOS SE ASI FOSE PRECISO. S\u00d3 EN N\u00d3S EST\u00c1 PODER FACELO.<\/p>\n\n\n\n<p>SEN\u00d3N POR N\u00d3S FAG\u00c1MOLO POLA NOSA XENTE, COMPA\u00d1EIRAS E PORQUE O CRUEL ASASINATO DE TERESA NON SE REPITA E NON FOSE MOTIVO PARA CAMBIAR E MELLORAR AS COUSAS QUE SERIA A NOSA MELLOR HOMENAXE.<\/p>\n\n\n\n<p>XUNTAS SI PODEMOS<\/p>\n","protected":false},"excerpt":{"rendered":"<div class=\"mh-excerpt\"><p>Cumprida unha semana do asasinato da Compa\u00f1eira do SAF do Porri\u00f1o Teresa de Jes\u00fas e a\u00ednda estamos en shock moitas das que compartimos labor profesional con ela. <a class=\"mh-excerpt-more\" href=\"https:\/\/www.anovapeneira.gal\/index.php\/2025\/08\/14\/o-asasinato-de-teresa\/\" title=\"O asasinato de Teresa\">[&#8230;]<\/a><\/p>\n<\/div>","protected":false},"author":12,"featured_media":14447,"comment_status":"open","ping_status":"open","sticky":false,"template":"","format":"standard","meta":{"_exactmetrics_skip_tracking":false,"_exactmetrics_sitenote_active":false,"_exactmetrics_sitenote_note":"","_exactmetrics_sitenote_category":0,"footnotes":""},"categories":[7],"tags":[411],"class_list":{"0":"post-14446","1":"post","2":"type-post","3":"status-publish","4":"format-standard","5":"has-post-thumbnail","7":"category-artigos-de-opinion","8":"tag-concello-do-porrino"},"yoast_head":"<!-- This site is optimized with the Yoast SEO plugin v27.4 - https:\/\/yoast.com\/product\/yoast-seo-wordpress\/ -->\n<title>O asasinato de Teresa -<\/title>\n<meta name=\"robots\" content=\"index, follow, max-snippet:-1, max-image-preview:large, max-video-preview:-1\" \/>\n<link rel=\"canonical\" href=\"https:\/\/www.anovapeneira.gal\/index.php\/2025\/08\/14\/o-asasinato-de-teresa\/\" \/>\n<meta property=\"og:locale\" content=\"gl_ES\" \/>\n<meta property=\"og:type\" content=\"article\" \/>\n<meta property=\"og:title\" content=\"O asasinato de Teresa -\" \/>\n<meta property=\"og:description\" content=\"Cumprida unha semana do asasinato da Compa\u00f1eira do SAF do Porri\u00f1o Teresa de Jes\u00fas e a\u00ednda estamos en shock moitas das que compartimos labor profesional con ela. [...]\" \/>\n<meta property=\"og:url\" content=\"https:\/\/www.anovapeneira.gal\/index.php\/2025\/08\/14\/o-asasinato-de-teresa\/\" \/>\n<meta property=\"article:publisher\" content=\"https:\/\/www.facebook.com\/anovapeneira\" \/>\n<meta property=\"article:published_time\" content=\"2025-08-14T08:00:09+00:00\" \/>\n<meta property=\"og:image\" content=\"https:\/\/www.anovapeneira.gal\/wp-content\/uploads\/2025\/08\/pampillon.jpg\" \/>\n\t<meta property=\"og:image:width\" content=\"720\" \/>\n\t<meta property=\"og:image:height\" content=\"432\" \/>\n\t<meta property=\"og:image:type\" content=\"image\/jpeg\" \/>\n<meta name=\"author\" content=\"Artigos Opini\u00f3n\" \/>\n<meta name=\"twitter:card\" content=\"summary_large_image\" \/>\n<meta name=\"twitter:creator\" content=\"@APeneira\" \/>\n<meta name=\"twitter:site\" content=\"@APeneira\" \/>\n<meta name=\"twitter:label1\" content=\"Escrito por\" \/>\n\t<meta name=\"twitter:data1\" content=\"Artigos Opini\u00f3n\" \/>\n\t<meta name=\"twitter:label2\" content=\"Tempo de lectura\" \/>\n\t<meta name=\"twitter:data2\" content=\"6 minutos\" \/>\n<script type=\"application\/ld+json\" class=\"yoast-schema-graph\">{\"@context\":\"https:\\\/\\\/schema.org\",\"@graph\":[{\"@type\":\"Article\",\"@id\":\"https:\\\/\\\/www.anovapeneira.gal\\\/index.php\\\/2025\\\/08\\\/14\\\/o-asasinato-de-teresa\\\/#article\",\"isPartOf\":{\"@id\":\"https:\\\/\\\/www.anovapeneira.gal\\\/index.php\\\/2025\\\/08\\\/14\\\/o-asasinato-de-teresa\\\/\"},\"author\":{\"name\":\"Artigos Opini\u00f3n\",\"@id\":\"https:\\\/\\\/www.anovapeneira.gal\\\/#\\\/schema\\\/person\\\/f18a4feb302e8f20bcef4490b5b60bb3\"},\"headline\":\"O asasinato de Teresa\",\"datePublished\":\"2025-08-14T08:00:09+00:00\",\"mainEntityOfPage\":{\"@id\":\"https:\\\/\\\/www.anovapeneira.gal\\\/index.php\\\/2025\\\/08\\\/14\\\/o-asasinato-de-teresa\\\/\"},\"wordCount\":1001,\"commentCount\":0,\"publisher\":{\"@id\":\"https:\\\/\\\/www.anovapeneira.gal\\\/#organization\"},\"image\":{\"@id\":\"https:\\\/\\\/www.anovapeneira.gal\\\/index.php\\\/2025\\\/08\\\/14\\\/o-asasinato-de-teresa\\\/#primaryimage\"},\"thumbnailUrl\":\"https:\\\/\\\/www.anovapeneira.gal\\\/wp-content\\\/uploads\\\/2025\\\/08\\\/pampillon.jpg\",\"keywords\":[\"Concello do Porri\u00f1o\"],\"articleSection\":[\"Artigos de opini\u00f3n\"],\"inLanguage\":\"gl-ES\",\"potentialAction\":[{\"@type\":\"CommentAction\",\"name\":\"Comment\",\"target\":[\"https:\\\/\\\/www.anovapeneira.gal\\\/index.php\\\/2025\\\/08\\\/14\\\/o-asasinato-de-teresa\\\/#respond\"]}]},{\"@type\":\"WebPage\",\"@id\":\"https:\\\/\\\/www.anovapeneira.gal\\\/index.php\\\/2025\\\/08\\\/14\\\/o-asasinato-de-teresa\\\/\",\"url\":\"https:\\\/\\\/www.anovapeneira.gal\\\/index.php\\\/2025\\\/08\\\/14\\\/o-asasinato-de-teresa\\\/\",\"name\":\"O asasinato de Teresa -\",\"isPartOf\":{\"@id\":\"https:\\\/\\\/www.anovapeneira.gal\\\/#website\"},\"primaryImageOfPage\":{\"@id\":\"https:\\\/\\\/www.anovapeneira.gal\\\/index.php\\\/2025\\\/08\\\/14\\\/o-asasinato-de-teresa\\\/#primaryimage\"},\"image\":{\"@id\":\"https:\\\/\\\/www.anovapeneira.gal\\\/index.php\\\/2025\\\/08\\\/14\\\/o-asasinato-de-teresa\\\/#primaryimage\"},\"thumbnailUrl\":\"https:\\\/\\\/www.anovapeneira.gal\\\/wp-content\\\/uploads\\\/2025\\\/08\\\/pampillon.jpg\",\"datePublished\":\"2025-08-14T08:00:09+00:00\",\"breadcrumb\":{\"@id\":\"https:\\\/\\\/www.anovapeneira.gal\\\/index.php\\\/2025\\\/08\\\/14\\\/o-asasinato-de-teresa\\\/#breadcrumb\"},\"inLanguage\":\"gl-ES\",\"potentialAction\":[{\"@type\":\"ReadAction\",\"target\":[\"https:\\\/\\\/www.anovapeneira.gal\\\/index.php\\\/2025\\\/08\\\/14\\\/o-asasinato-de-teresa\\\/\"]}]},{\"@type\":\"ImageObject\",\"inLanguage\":\"gl-ES\",\"@id\":\"https:\\\/\\\/www.anovapeneira.gal\\\/index.php\\\/2025\\\/08\\\/14\\\/o-asasinato-de-teresa\\\/#primaryimage\",\"url\":\"https:\\\/\\\/www.anovapeneira.gal\\\/wp-content\\\/uploads\\\/2025\\\/08\\\/pampillon.jpg\",\"contentUrl\":\"https:\\\/\\\/www.anovapeneira.gal\\\/wp-content\\\/uploads\\\/2025\\\/08\\\/pampillon.jpg\",\"width\":720,\"height\":432},{\"@type\":\"BreadcrumbList\",\"@id\":\"https:\\\/\\\/www.anovapeneira.gal\\\/index.php\\\/2025\\\/08\\\/14\\\/o-asasinato-de-teresa\\\/#breadcrumb\",\"itemListElement\":[{\"@type\":\"ListItem\",\"position\":1,\"name\":\"Portada\",\"item\":\"https:\\\/\\\/www.anovapeneira.gal\\\/\"},{\"@type\":\"ListItem\",\"position\":2,\"name\":\"O asasinato de Teresa\"}]},{\"@type\":\"WebSite\",\"@id\":\"https:\\\/\\\/www.anovapeneira.gal\\\/#website\",\"url\":\"https:\\\/\\\/www.anovapeneira.gal\\\/\",\"name\":\"\",\"description\":\"Xornal galego de informaci\u00f3n xeral Publicaci\u00f3n mensual de novas de Galicia e en especial dos Concellos da sur da provincia de Pontevedra.\",\"publisher\":{\"@id\":\"https:\\\/\\\/www.anovapeneira.gal\\\/#organization\"},\"potentialAction\":[{\"@type\":\"SearchAction\",\"target\":{\"@type\":\"EntryPoint\",\"urlTemplate\":\"https:\\\/\\\/www.anovapeneira.gal\\\/?s={search_term_string}\"},\"query-input\":{\"@type\":\"PropertyValueSpecification\",\"valueRequired\":true,\"valueName\":\"search_term_string\"}}],\"inLanguage\":\"gl-ES\"},{\"@type\":\"Organization\",\"@id\":\"https:\\\/\\\/www.anovapeneira.gal\\\/#organization\",\"name\":\"A Nova Peneira\",\"url\":\"https:\\\/\\\/www.anovapeneira.gal\\\/\",\"logo\":{\"@type\":\"ImageObject\",\"inLanguage\":\"gl-ES\",\"@id\":\"https:\\\/\\\/www.anovapeneira.gal\\\/#\\\/schema\\\/logo\\\/image\\\/\",\"url\":\"http:\\\/\\\/www.anovapeneira.gal\\\/wp-content\\\/uploads\\\/2019\\\/06\\\/logo_a_nova_peneira_portal_web.png\",\"contentUrl\":\"http:\\\/\\\/www.anovapeneira.gal\\\/wp-content\\\/uploads\\\/2019\\\/06\\\/logo_a_nova_peneira_portal_web.png\",\"width\":300,\"height\":100,\"caption\":\"A Nova Peneira\"},\"image\":{\"@id\":\"https:\\\/\\\/www.anovapeneira.gal\\\/#\\\/schema\\\/logo\\\/image\\\/\"},\"sameAs\":[\"https:\\\/\\\/www.facebook.com\\\/anovapeneira\",\"https:\\\/\\\/x.com\\\/APeneira\"]},{\"@type\":\"Person\",\"@id\":\"https:\\\/\\\/www.anovapeneira.gal\\\/#\\\/schema\\\/person\\\/f18a4feb302e8f20bcef4490b5b60bb3\",\"name\":\"Artigos Opini\u00f3n\",\"image\":{\"@type\":\"ImageObject\",\"inLanguage\":\"gl-ES\",\"@id\":\"https:\\\/\\\/secure.gravatar.com\\\/avatar\\\/072844300f4881150aee2da4278f7a65d16eefdf8262eb67085f1e702de2b959?s=96&d=mm&r=g\",\"url\":\"https:\\\/\\\/secure.gravatar.com\\\/avatar\\\/072844300f4881150aee2da4278f7a65d16eefdf8262eb67085f1e702de2b959?s=96&d=mm&r=g\",\"contentUrl\":\"https:\\\/\\\/secure.gravatar.com\\\/avatar\\\/072844300f4881150aee2da4278f7a65d16eefdf8262eb67085f1e702de2b959?s=96&d=mm&r=g\",\"caption\":\"Artigos Opini\u00f3n\"},\"sameAs\":[\"http:\\\/\\\/anovapeneira.gal\"],\"url\":\"https:\\\/\\\/www.anovapeneira.gal\\\/index.php\\\/author\\\/artigosopinion\\\/\"}]}<\/script>\n<!-- \/ Yoast SEO plugin. -->","yoast_head_json":{"title":"O asasinato de Teresa -","robots":{"index":"index","follow":"follow","max-snippet":"max-snippet:-1","max-image-preview":"max-image-preview:large","max-video-preview":"max-video-preview:-1"},"canonical":"https:\/\/www.anovapeneira.gal\/index.php\/2025\/08\/14\/o-asasinato-de-teresa\/","og_locale":"gl_ES","og_type":"article","og_title":"O asasinato de Teresa -","og_description":"Cumprida unha semana do asasinato da Compa\u00f1eira do SAF do Porri\u00f1o Teresa de Jes\u00fas e a\u00ednda estamos en shock moitas das que compartimos labor profesional con ela. [...]","og_url":"https:\/\/www.anovapeneira.gal\/index.php\/2025\/08\/14\/o-asasinato-de-teresa\/","article_publisher":"https:\/\/www.facebook.com\/anovapeneira","article_published_time":"2025-08-14T08:00:09+00:00","og_image":[{"width":720,"height":432,"url":"https:\/\/www.anovapeneira.gal\/wp-content\/uploads\/2025\/08\/pampillon.jpg","type":"image\/jpeg"}],"author":"Artigos Opini\u00f3n","twitter_card":"summary_large_image","twitter_creator":"@APeneira","twitter_site":"@APeneira","twitter_misc":{"Escrito por":"Artigos Opini\u00f3n","Tempo de lectura":"6 minutos"},"schema":{"@context":"https:\/\/schema.org","@graph":[{"@type":"Article","@id":"https:\/\/www.anovapeneira.gal\/index.php\/2025\/08\/14\/o-asasinato-de-teresa\/#article","isPartOf":{"@id":"https:\/\/www.anovapeneira.gal\/index.php\/2025\/08\/14\/o-asasinato-de-teresa\/"},"author":{"name":"Artigos Opini\u00f3n","@id":"https:\/\/www.anovapeneira.gal\/#\/schema\/person\/f18a4feb302e8f20bcef4490b5b60bb3"},"headline":"O asasinato de Teresa","datePublished":"2025-08-14T08:00:09+00:00","mainEntityOfPage":{"@id":"https:\/\/www.anovapeneira.gal\/index.php\/2025\/08\/14\/o-asasinato-de-teresa\/"},"wordCount":1001,"commentCount":0,"publisher":{"@id":"https:\/\/www.anovapeneira.gal\/#organization"},"image":{"@id":"https:\/\/www.anovapeneira.gal\/index.php\/2025\/08\/14\/o-asasinato-de-teresa\/#primaryimage"},"thumbnailUrl":"https:\/\/www.anovapeneira.gal\/wp-content\/uploads\/2025\/08\/pampillon.jpg","keywords":["Concello do Porri\u00f1o"],"articleSection":["Artigos de opini\u00f3n"],"inLanguage":"gl-ES","potentialAction":[{"@type":"CommentAction","name":"Comment","target":["https:\/\/www.anovapeneira.gal\/index.php\/2025\/08\/14\/o-asasinato-de-teresa\/#respond"]}]},{"@type":"WebPage","@id":"https:\/\/www.anovapeneira.gal\/index.php\/2025\/08\/14\/o-asasinato-de-teresa\/","url":"https:\/\/www.anovapeneira.gal\/index.php\/2025\/08\/14\/o-asasinato-de-teresa\/","name":"O asasinato de Teresa -","isPartOf":{"@id":"https:\/\/www.anovapeneira.gal\/#website"},"primaryImageOfPage":{"@id":"https:\/\/www.anovapeneira.gal\/index.php\/2025\/08\/14\/o-asasinato-de-teresa\/#primaryimage"},"image":{"@id":"https:\/\/www.anovapeneira.gal\/index.php\/2025\/08\/14\/o-asasinato-de-teresa\/#primaryimage"},"thumbnailUrl":"https:\/\/www.anovapeneira.gal\/wp-content\/uploads\/2025\/08\/pampillon.jpg","datePublished":"2025-08-14T08:00:09+00:00","breadcrumb":{"@id":"https:\/\/www.anovapeneira.gal\/index.php\/2025\/08\/14\/o-asasinato-de-teresa\/#breadcrumb"},"inLanguage":"gl-ES","potentialAction":[{"@type":"ReadAction","target":["https:\/\/www.anovapeneira.gal\/index.php\/2025\/08\/14\/o-asasinato-de-teresa\/"]}]},{"@type":"ImageObject","inLanguage":"gl-ES","@id":"https:\/\/www.anovapeneira.gal\/index.php\/2025\/08\/14\/o-asasinato-de-teresa\/#primaryimage","url":"https:\/\/www.anovapeneira.gal\/wp-content\/uploads\/2025\/08\/pampillon.jpg","contentUrl":"https:\/\/www.anovapeneira.gal\/wp-content\/uploads\/2025\/08\/pampillon.jpg","width":720,"height":432},{"@type":"BreadcrumbList","@id":"https:\/\/www.anovapeneira.gal\/index.php\/2025\/08\/14\/o-asasinato-de-teresa\/#breadcrumb","itemListElement":[{"@type":"ListItem","position":1,"name":"Portada","item":"https:\/\/www.anovapeneira.gal\/"},{"@type":"ListItem","position":2,"name":"O asasinato de Teresa"}]},{"@type":"WebSite","@id":"https:\/\/www.anovapeneira.gal\/#website","url":"https:\/\/www.anovapeneira.gal\/","name":"","description":"Xornal galego de informaci\u00f3n xeral Publicaci\u00f3n mensual de novas de Galicia e en especial dos Concellos da sur da provincia de Pontevedra.","publisher":{"@id":"https:\/\/www.anovapeneira.gal\/#organization"},"potentialAction":[{"@type":"SearchAction","target":{"@type":"EntryPoint","urlTemplate":"https:\/\/www.anovapeneira.gal\/?s={search_term_string}"},"query-input":{"@type":"PropertyValueSpecification","valueRequired":true,"valueName":"search_term_string"}}],"inLanguage":"gl-ES"},{"@type":"Organization","@id":"https:\/\/www.anovapeneira.gal\/#organization","name":"A Nova Peneira","url":"https:\/\/www.anovapeneira.gal\/","logo":{"@type":"ImageObject","inLanguage":"gl-ES","@id":"https:\/\/www.anovapeneira.gal\/#\/schema\/logo\/image\/","url":"http:\/\/www.anovapeneira.gal\/wp-content\/uploads\/2019\/06\/logo_a_nova_peneira_portal_web.png","contentUrl":"http:\/\/www.anovapeneira.gal\/wp-content\/uploads\/2019\/06\/logo_a_nova_peneira_portal_web.png","width":300,"height":100,"caption":"A Nova Peneira"},"image":{"@id":"https:\/\/www.anovapeneira.gal\/#\/schema\/logo\/image\/"},"sameAs":["https:\/\/www.facebook.com\/anovapeneira","https:\/\/x.com\/APeneira"]},{"@type":"Person","@id":"https:\/\/www.anovapeneira.gal\/#\/schema\/person\/f18a4feb302e8f20bcef4490b5b60bb3","name":"Artigos Opini\u00f3n","image":{"@type":"ImageObject","inLanguage":"gl-ES","@id":"https:\/\/secure.gravatar.com\/avatar\/072844300f4881150aee2da4278f7a65d16eefdf8262eb67085f1e702de2b959?s=96&d=mm&r=g","url":"https:\/\/secure.gravatar.com\/avatar\/072844300f4881150aee2da4278f7a65d16eefdf8262eb67085f1e702de2b959?s=96&d=mm&r=g","contentUrl":"https:\/\/secure.gravatar.com\/avatar\/072844300f4881150aee2da4278f7a65d16eefdf8262eb67085f1e702de2b959?s=96&d=mm&r=g","caption":"Artigos Opini\u00f3n"},"sameAs":["http:\/\/anovapeneira.gal"],"url":"https:\/\/www.anovapeneira.gal\/index.php\/author\/artigosopinion\/"}]}},"jetpack_featured_media_url":"https:\/\/www.anovapeneira.gal\/wp-content\/uploads\/2025\/08\/pampillon.jpg","_links":{"self":[{"href":"https:\/\/www.anovapeneira.gal\/index.php\/wp-json\/wp\/v2\/posts\/14446","targetHints":{"allow":["GET"]}}],"collection":[{"href":"https:\/\/www.anovapeneira.gal\/index.php\/wp-json\/wp\/v2\/posts"}],"about":[{"href":"https:\/\/www.anovapeneira.gal\/index.php\/wp-json\/wp\/v2\/types\/post"}],"author":[{"embeddable":true,"href":"https:\/\/www.anovapeneira.gal\/index.php\/wp-json\/wp\/v2\/users\/12"}],"replies":[{"embeddable":true,"href":"https:\/\/www.anovapeneira.gal\/index.php\/wp-json\/wp\/v2\/comments?post=14446"}],"version-history":[{"count":1,"href":"https:\/\/www.anovapeneira.gal\/index.php\/wp-json\/wp\/v2\/posts\/14446\/revisions"}],"predecessor-version":[{"id":14448,"href":"https:\/\/www.anovapeneira.gal\/index.php\/wp-json\/wp\/v2\/posts\/14446\/revisions\/14448"}],"wp:featuredmedia":[{"embeddable":true,"href":"https:\/\/www.anovapeneira.gal\/index.php\/wp-json\/wp\/v2\/media\/14447"}],"wp:attachment":[{"href":"https:\/\/www.anovapeneira.gal\/index.php\/wp-json\/wp\/v2\/media?parent=14446"}],"wp:term":[{"taxonomy":"category","embeddable":true,"href":"https:\/\/www.anovapeneira.gal\/index.php\/wp-json\/wp\/v2\/categories?post=14446"},{"taxonomy":"post_tag","embeddable":true,"href":"https:\/\/www.anovapeneira.gal\/index.php\/wp-json\/wp\/v2\/tags?post=14446"}],"curies":[{"name":"wp","href":"https:\/\/api.w.org\/{rel}","templated":true}]}}