{"id":14454,"date":"2025-08-15T10:00:13","date_gmt":"2025-08-15T08:00:13","guid":{"rendered":"https:\/\/www.anovapeneira.gal\/?p=14454"},"modified":"2025-08-09T11:26:36","modified_gmt":"2025-08-09T09:26:36","slug":"malos-tempos-para-a-lirica","status":"publish","type":"post","link":"https:\/\/www.anovapeneira.gal\/index.php\/2025\/08\/15\/malos-tempos-para-a-lirica\/","title":{"rendered":"Malos tempos para a l\u00edrica"},"content":{"rendered":"\n<figure class=\"wp-block-image size-full is-resized\"><img loading=\"lazy\" decoding=\"async\" width=\"190\" height=\"222\" src=\"https:\/\/www.anovapeneira.gal\/wp-content\/uploads\/2019\/07\/Baldomero_Iglesias_Dobarrio_Mero.jpg\" alt=\"Baldomero Iglesias Dobarrio Mero artigos de opini\u00f3n A Nova Peneira\" class=\"wp-image-482\" style=\"width:96px;height:auto\"\/><figcaption class=\"wp-element-caption\">Baldomero Iglesias Dobarrio, Mero<\/figcaption><\/figure>\n\n\n\n<p>Non sei se iamos moi ben ou ben, pero iamos indo. Hoxe os acontecementos l\u00e9vannos a pensar nunha xeom\u00e9trica de progresi\u00f3n regresiva que agora ten que facernos cavilar. Non iamos tan ben nin vi\u00f1amos tan ben como pensabamos. Estabamos deixando que aqueles que estaban contra toda norma, entrasen a desfacer as poucas normas v\u00e1lidas e de progreso que ti\u00f1amos. A\u00ednda do\u00eddos das ataduras presentes da ditadura, tentabamos reconstru\u00edr unha democracia de baixos niveis e sobresa\u00edr daquela fochanca.<\/p>\n\n\n\n<p>Polo que se ve, agora que aqueles irrespectuosos tomaron poder, nin moito menos vir\u00e1n mellores tempos. Cambiou case todo e chegounos unha inquedanza angustiosa nesta derrota dos \u00faltimos calendarios, sucesos que nos apagan o optimismo latente, onde evocamos a nosa anterior vontade e acontecementos nos que nos vemos impotentes diante de tanta desfeita, tanta violencia, ameaza, amargura, fame, &#8230;mil acontecementos nos negan a luz e o sosego. Vence a mentira sobre da verdade. Menten, menten todos e fano con toda a preparaci\u00f3n e descaro. C\u00f3mpre regresar a aquel punto de dignidade sobre todo para reco\u00f1ecer as evidencias. Debemos mediar para que as cousas endereiten. Participar coa nosa vontade se \u00e9 que algunha vez a tivemos, para ser e para estar. Para participar deste proceso destrutivo que nos aniquila.<\/p>\n\n\n\n<p>Motivos temos para dubidar e non faltan problemas cada vez m\u00e1is importantes, que non te\u00f1en resposta ou que os que aquela resposta deberan dar, esc\u00fasasen en aras de calquera raz\u00f3n sen peso consistente en non facerse cargo do tema. De tal xeito que escusaron as s\u00faas responsabilidades e non souberon coutar a tempo a infecci\u00f3n.<\/p>\n\n\n\n<p>Chegan agora as expulsi\u00f3ns, os rexeitamentos, os vetos \u00e1s crenzas, a denominaci\u00f3n de inmigrantes como expulsados e portadores do mal e do delito, as apropiaci\u00f3ns e violaci\u00f3ns de dereitos, m\u00e1is violencia, o deterioro dos servizos p\u00fablicos bot\u00e1ndolles a culpa aos que vi\u00f1eron e est\u00e1n a axudar. Non chega con iso, normal\u00edzanse as invasi\u00f3ns de pobos e &nbsp;estados, as ameazas, as guerras, aranceis, armas, destruci\u00f3n, m\u00e1is violencia, crimes, sangue. Non sabemos outro modo de resolver m\u00e1is que defend\u00e9ndonos, hai que mercar armas, acabouse tanto \u201cfalar\u201d e tanto consenso. As palabras e as raz\u00f3ns non son suficientes, o sentido com\u00fan non cotiza debidamente e chega a ser subversivo. Estamos no tempo da barbarie. Non son tolos os que triunfan, son seres malignos, falsos deuses ego\u00edstas. E c\u00f3llenos a contra-p\u00e9, coma se nada disto estivese previsto. Estamos sen ansias de reaccionar debidamente ao desastre que nos asola.<\/p>\n\n\n\n<p>Non quixera ser catastrofista pero as circunstancias e as imaxes responden debidamente, moito antes c\u00e1s palabras e as mensaxes que calquera persoa poida dar. Non sabemos como puidemos chegar aqu\u00ed. Estamos todos tolos? Eramos conscientes da que nos poder\u00eda vir enriba? Non, estabamos cridos que isto dos conflitos rematar\u00eda nun encontro e nun consenso, nun entendemento. Pensamos que, en calquera caso, imperar\u00eda a cordura e o sentido responsable da verdade, da evidencia. Pensamos que algu\u00e9n ti\u00f1a que ceder -en ambos lados- pero que se arranxar\u00edan os problemas cingu\u00edndose \u00e1 lei e \u00e1 orde, por mala que fose. Anque hai uns -e son moitos- que non respectan nada, que se saltan toda norma que non respectan as b\u00e1sicas leis que regulen os estados, as naci\u00f3ns.<\/p>\n\n\n\n<p>Non queremos ser un pa\u00eds \u00e1 defensiva, nin sequera queremos ter armas. Non queremos ter inimigos anque eles se po\u00f1an fronte a n\u00f3s e nos apunten. O que queremos \u00e9 facer recolla de vontades e ter a posibilidade de contribu\u00edr a pararlle os p\u00e9s aos que invaden sen m\u00e1is criterio que o seu poder, a s\u00faa forza. Por iso queremos &nbsp;pararlle os p\u00e9s aos que ofenden, que levan tanto tempo ofend\u00e9ndonos; aos que expulsan, e que levan tanto tempo ignor\u00e1ndonos; aos que menosprezan e aos que ameazan e buscan o enfrontamento, aos que menten e mentiron, que conculcan a orde de supervivencia e de entendemento social.<\/p>\n\n\n\n<p>Queremos todo iso que eles non entenden, e que desde o seu poder econ\u00f3mico e de medios, son quen de situarnos na diana dos seus c\u00e1lculos para ningunearnos, destru\u00edrnos. Estamos a ver como o derradeiro baluarte da democracia, a Xustiza, est\u00e1 tam\u00e9n en cuesti\u00f3n.<\/p>\n\n\n\n<p>A brutalidade e a violencia desat\u00e1ronse. Ve\u00f1en tempos de conflito e desamparo, estamos xa na emerxencia, na urxencia da innovaci\u00f3n. Tempos de agruparse para protexernos, para facernos os fortes e amarnos, para dar idea do fortes que somos a pesar eles en calquera lugar que estea f\u00f3ra do seu alcance. Mentres observamos como medran os monstros, como abusan cada vez m\u00e1is e m\u00e1is, nesa vergo\u00f1a da que carecen.<\/p>\n\n\n\n<p>Seica ser\u00eda bo facer unha bolsa coas cousas m\u00e1is necesarias, por se hai que fuxir cara a algures. Pensan que hai alg\u00fan lugar onde esconderse, onde sentirse protexidos do mal. Non sei eu, se ser\u00e1 posible atopar un sitio onde o mal non poida chegar. S\u00f3 queda reflexionar en como fomos quen de fracasar nas pol\u00edticas desta fr\u00e1xil democracia. Ser\u00eda democracia? Quizais era unha letra doada, anque a m\u00fasica ti\u00f1a moitos bemoles. Quizais o papel formativo e educativo das escolas e universidades non cumpriu con ese tema tan importante de desbotar a estupidez e a ignorancia das nosas cabezas. Quizais \u00e9 culpa desta, a\u00ednda viva, xudizalizaci\u00f3n da pol\u00edtica ou politizaci\u00f3n da xustiza e que mentres, sinxelamente, nos impedira vivir e ser felices no medio da liberdade so\u00f1ada e sempre escasa.<\/p>\n\n\n\n<p>Baldomero Iglesias Dobarrio, Mero.<\/p>\n","protected":false},"excerpt":{"rendered":"<div class=\"mh-excerpt\"><p>Non sei se iamos moi ben ou ben, pero iamos indo. Hoxe os acontecementos l\u00e9vannos a pensar nunha xeom\u00e9trica de progresi\u00f3n regresiva que agora ten que facernos cavilar. Non iamos tan ben nin vi\u00f1amos tan <a class=\"mh-excerpt-more\" href=\"https:\/\/www.anovapeneira.gal\/index.php\/2025\/08\/15\/malos-tempos-para-a-lirica\/\" title=\"Malos tempos para a l\u00edrica\">[&#8230;]<\/a><\/p>\n<\/div>","protected":false},"author":5,"featured_media":584,"comment_status":"open","ping_status":"open","sticky":false,"template":"","format":"standard","meta":{"_exactmetrics_skip_tracking":false,"_exactmetrics_sitenote_active":false,"_exactmetrics_sitenote_note":"","_exactmetrics_sitenote_category":0,"footnotes":""},"categories":[7],"tags":[],"class_list":{"0":"post-14454","1":"post","2":"type-post","3":"status-publish","4":"format-standard","5":"has-post-thumbnail","7":"category-artigos-de-opinion"},"yoast_head":"<!-- This site is optimized with the Yoast SEO plugin v27.4 - https:\/\/yoast.com\/product\/yoast-seo-wordpress\/ -->\n<title>Malos tempos para a l\u00edrica -<\/title>\n<meta name=\"robots\" content=\"index, follow, max-snippet:-1, max-image-preview:large, max-video-preview:-1\" \/>\n<link rel=\"canonical\" href=\"https:\/\/www.anovapeneira.gal\/index.php\/2025\/08\/15\/malos-tempos-para-a-lirica\/\" \/>\n<meta property=\"og:locale\" content=\"gl_ES\" \/>\n<meta property=\"og:type\" content=\"article\" \/>\n<meta property=\"og:title\" content=\"Malos tempos para a l\u00edrica -\" \/>\n<meta property=\"og:description\" content=\"Non sei se iamos moi ben ou ben, pero iamos indo. Hoxe os acontecementos l\u00e9vannos a pensar nunha xeom\u00e9trica de progresi\u00f3n regresiva que agora ten que facernos cavilar. Non iamos tan ben nin vi\u00f1amos tan [...]\" \/>\n<meta property=\"og:url\" content=\"https:\/\/www.anovapeneira.gal\/index.php\/2025\/08\/15\/malos-tempos-para-a-lirica\/\" \/>\n<meta property=\"article:publisher\" content=\"https:\/\/www.facebook.com\/anovapeneira\" \/>\n<meta property=\"article:published_time\" content=\"2025-08-15T08:00:13+00:00\" \/>\n<meta property=\"og:image\" content=\"https:\/\/www.anovapeneira.gal\/wp-content\/uploads\/2019\/07\/ARTIGO_DE_OPINION_A_NOVA_PENEIRA.jpg\" \/>\n\t<meta property=\"og:image:width\" content=\"720\" \/>\n\t<meta property=\"og:image:height\" content=\"473\" \/>\n\t<meta property=\"og:image:type\" content=\"image\/jpeg\" \/>\n<meta name=\"author\" content=\"Baldomero Iglesias Dobarrio, Mero\" \/>\n<meta name=\"twitter:card\" content=\"summary_large_image\" \/>\n<meta name=\"twitter:creator\" content=\"@APeneira\" \/>\n<meta name=\"twitter:site\" content=\"@APeneira\" \/>\n<meta name=\"twitter:label1\" content=\"Escrito por\" \/>\n\t<meta name=\"twitter:data1\" content=\"Baldomero Iglesias Dobarrio, Mero\" \/>\n\t<meta name=\"twitter:label2\" content=\"Tempo de lectura\" \/>\n\t<meta name=\"twitter:data2\" content=\"6 minutos\" \/>\n<script type=\"application\/ld+json\" class=\"yoast-schema-graph\">{\"@context\":\"https:\\\/\\\/schema.org\",\"@graph\":[{\"@type\":\"Article\",\"@id\":\"https:\\\/\\\/www.anovapeneira.gal\\\/index.php\\\/2025\\\/08\\\/15\\\/malos-tempos-para-a-lirica\\\/#article\",\"isPartOf\":{\"@id\":\"https:\\\/\\\/www.anovapeneira.gal\\\/index.php\\\/2025\\\/08\\\/15\\\/malos-tempos-para-a-lirica\\\/\"},\"author\":{\"name\":\"Baldomero Iglesias Dobarrio, Mero\",\"@id\":\"https:\\\/\\\/www.anovapeneira.gal\\\/#\\\/schema\\\/person\\\/b051ed40cfc100e281476674783b32fc\"},\"headline\":\"Malos tempos para a l\u00edrica\",\"datePublished\":\"2025-08-15T08:00:13+00:00\",\"mainEntityOfPage\":{\"@id\":\"https:\\\/\\\/www.anovapeneira.gal\\\/index.php\\\/2025\\\/08\\\/15\\\/malos-tempos-para-a-lirica\\\/\"},\"wordCount\":970,\"commentCount\":0,\"publisher\":{\"@id\":\"https:\\\/\\\/www.anovapeneira.gal\\\/#organization\"},\"image\":{\"@id\":\"https:\\\/\\\/www.anovapeneira.gal\\\/index.php\\\/2025\\\/08\\\/15\\\/malos-tempos-para-a-lirica\\\/#primaryimage\"},\"thumbnailUrl\":\"https:\\\/\\\/www.anovapeneira.gal\\\/wp-content\\\/uploads\\\/2019\\\/07\\\/ARTIGO_DE_OPINION_A_NOVA_PENEIRA.jpg\",\"articleSection\":[\"Artigos de opini\u00f3n\"],\"inLanguage\":\"gl-ES\",\"potentialAction\":[{\"@type\":\"CommentAction\",\"name\":\"Comment\",\"target\":[\"https:\\\/\\\/www.anovapeneira.gal\\\/index.php\\\/2025\\\/08\\\/15\\\/malos-tempos-para-a-lirica\\\/#respond\"]}]},{\"@type\":\"WebPage\",\"@id\":\"https:\\\/\\\/www.anovapeneira.gal\\\/index.php\\\/2025\\\/08\\\/15\\\/malos-tempos-para-a-lirica\\\/\",\"url\":\"https:\\\/\\\/www.anovapeneira.gal\\\/index.php\\\/2025\\\/08\\\/15\\\/malos-tempos-para-a-lirica\\\/\",\"name\":\"Malos tempos para a l\u00edrica -\",\"isPartOf\":{\"@id\":\"https:\\\/\\\/www.anovapeneira.gal\\\/#website\"},\"primaryImageOfPage\":{\"@id\":\"https:\\\/\\\/www.anovapeneira.gal\\\/index.php\\\/2025\\\/08\\\/15\\\/malos-tempos-para-a-lirica\\\/#primaryimage\"},\"image\":{\"@id\":\"https:\\\/\\\/www.anovapeneira.gal\\\/index.php\\\/2025\\\/08\\\/15\\\/malos-tempos-para-a-lirica\\\/#primaryimage\"},\"thumbnailUrl\":\"https:\\\/\\\/www.anovapeneira.gal\\\/wp-content\\\/uploads\\\/2019\\\/07\\\/ARTIGO_DE_OPINION_A_NOVA_PENEIRA.jpg\",\"datePublished\":\"2025-08-15T08:00:13+00:00\",\"breadcrumb\":{\"@id\":\"https:\\\/\\\/www.anovapeneira.gal\\\/index.php\\\/2025\\\/08\\\/15\\\/malos-tempos-para-a-lirica\\\/#breadcrumb\"},\"inLanguage\":\"gl-ES\",\"potentialAction\":[{\"@type\":\"ReadAction\",\"target\":[\"https:\\\/\\\/www.anovapeneira.gal\\\/index.php\\\/2025\\\/08\\\/15\\\/malos-tempos-para-a-lirica\\\/\"]}]},{\"@type\":\"ImageObject\",\"inLanguage\":\"gl-ES\",\"@id\":\"https:\\\/\\\/www.anovapeneira.gal\\\/index.php\\\/2025\\\/08\\\/15\\\/malos-tempos-para-a-lirica\\\/#primaryimage\",\"url\":\"https:\\\/\\\/www.anovapeneira.gal\\\/wp-content\\\/uploads\\\/2019\\\/07\\\/ARTIGO_DE_OPINION_A_NOVA_PENEIRA.jpg\",\"contentUrl\":\"https:\\\/\\\/www.anovapeneira.gal\\\/wp-content\\\/uploads\\\/2019\\\/07\\\/ARTIGO_DE_OPINION_A_NOVA_PENEIRA.jpg\",\"width\":720,\"height\":473,\"caption\":\"Artigo de opini\u00f3n A Nova Peneira\"},{\"@type\":\"BreadcrumbList\",\"@id\":\"https:\\\/\\\/www.anovapeneira.gal\\\/index.php\\\/2025\\\/08\\\/15\\\/malos-tempos-para-a-lirica\\\/#breadcrumb\",\"itemListElement\":[{\"@type\":\"ListItem\",\"position\":1,\"name\":\"Portada\",\"item\":\"https:\\\/\\\/www.anovapeneira.gal\\\/\"},{\"@type\":\"ListItem\",\"position\":2,\"name\":\"Malos tempos para a l\u00edrica\"}]},{\"@type\":\"WebSite\",\"@id\":\"https:\\\/\\\/www.anovapeneira.gal\\\/#website\",\"url\":\"https:\\\/\\\/www.anovapeneira.gal\\\/\",\"name\":\"\",\"description\":\"Xornal galego de informaci\u00f3n xeral Publicaci\u00f3n mensual de novas de Galicia e en especial dos Concellos da sur da provincia de Pontevedra.\",\"publisher\":{\"@id\":\"https:\\\/\\\/www.anovapeneira.gal\\\/#organization\"},\"potentialAction\":[{\"@type\":\"SearchAction\",\"target\":{\"@type\":\"EntryPoint\",\"urlTemplate\":\"https:\\\/\\\/www.anovapeneira.gal\\\/?s={search_term_string}\"},\"query-input\":{\"@type\":\"PropertyValueSpecification\",\"valueRequired\":true,\"valueName\":\"search_term_string\"}}],\"inLanguage\":\"gl-ES\"},{\"@type\":\"Organization\",\"@id\":\"https:\\\/\\\/www.anovapeneira.gal\\\/#organization\",\"name\":\"A Nova Peneira\",\"url\":\"https:\\\/\\\/www.anovapeneira.gal\\\/\",\"logo\":{\"@type\":\"ImageObject\",\"inLanguage\":\"gl-ES\",\"@id\":\"https:\\\/\\\/www.anovapeneira.gal\\\/#\\\/schema\\\/logo\\\/image\\\/\",\"url\":\"http:\\\/\\\/www.anovapeneira.gal\\\/wp-content\\\/uploads\\\/2019\\\/06\\\/logo_a_nova_peneira_portal_web.png\",\"contentUrl\":\"http:\\\/\\\/www.anovapeneira.gal\\\/wp-content\\\/uploads\\\/2019\\\/06\\\/logo_a_nova_peneira_portal_web.png\",\"width\":300,\"height\":100,\"caption\":\"A Nova Peneira\"},\"image\":{\"@id\":\"https:\\\/\\\/www.anovapeneira.gal\\\/#\\\/schema\\\/logo\\\/image\\\/\"},\"sameAs\":[\"https:\\\/\\\/www.facebook.com\\\/anovapeneira\",\"https:\\\/\\\/x.com\\\/APeneira\"]},{\"@type\":\"Person\",\"@id\":\"https:\\\/\\\/www.anovapeneira.gal\\\/#\\\/schema\\\/person\\\/b051ed40cfc100e281476674783b32fc\",\"name\":\"Baldomero Iglesias Dobarrio, Mero\",\"image\":{\"@type\":\"ImageObject\",\"inLanguage\":\"gl-ES\",\"@id\":\"https:\\\/\\\/secure.gravatar.com\\\/avatar\\\/ca78fc089f8cf28197f88de2c9ac213e2f7d2097d8e359d9359b8778b539c59d?s=96&d=mm&r=g\",\"url\":\"https:\\\/\\\/secure.gravatar.com\\\/avatar\\\/ca78fc089f8cf28197f88de2c9ac213e2f7d2097d8e359d9359b8778b539c59d?s=96&d=mm&r=g\",\"contentUrl\":\"https:\\\/\\\/secure.gravatar.com\\\/avatar\\\/ca78fc089f8cf28197f88de2c9ac213e2f7d2097d8e359d9359b8778b539c59d?s=96&d=mm&r=g\",\"caption\":\"Baldomero Iglesias Dobarrio, Mero\"},\"sameAs\":[\"http:\\\/\\\/anovapeneira.gal\"],\"url\":\"https:\\\/\\\/www.anovapeneira.gal\\\/index.php\\\/author\\\/opinionmero\\\/\"}]}<\/script>\n<!-- \/ Yoast SEO plugin. -->","yoast_head_json":{"title":"Malos tempos para a l\u00edrica -","robots":{"index":"index","follow":"follow","max-snippet":"max-snippet:-1","max-image-preview":"max-image-preview:large","max-video-preview":"max-video-preview:-1"},"canonical":"https:\/\/www.anovapeneira.gal\/index.php\/2025\/08\/15\/malos-tempos-para-a-lirica\/","og_locale":"gl_ES","og_type":"article","og_title":"Malos tempos para a l\u00edrica -","og_description":"Non sei se iamos moi ben ou ben, pero iamos indo. Hoxe os acontecementos l\u00e9vannos a pensar nunha xeom\u00e9trica de progresi\u00f3n regresiva que agora ten que facernos cavilar. Non iamos tan ben nin vi\u00f1amos tan [...]","og_url":"https:\/\/www.anovapeneira.gal\/index.php\/2025\/08\/15\/malos-tempos-para-a-lirica\/","article_publisher":"https:\/\/www.facebook.com\/anovapeneira","article_published_time":"2025-08-15T08:00:13+00:00","og_image":[{"width":720,"height":473,"url":"https:\/\/www.anovapeneira.gal\/wp-content\/uploads\/2019\/07\/ARTIGO_DE_OPINION_A_NOVA_PENEIRA.jpg","type":"image\/jpeg"}],"author":"Baldomero Iglesias Dobarrio, Mero","twitter_card":"summary_large_image","twitter_creator":"@APeneira","twitter_site":"@APeneira","twitter_misc":{"Escrito por":"Baldomero Iglesias Dobarrio, Mero","Tempo de lectura":"6 minutos"},"schema":{"@context":"https:\/\/schema.org","@graph":[{"@type":"Article","@id":"https:\/\/www.anovapeneira.gal\/index.php\/2025\/08\/15\/malos-tempos-para-a-lirica\/#article","isPartOf":{"@id":"https:\/\/www.anovapeneira.gal\/index.php\/2025\/08\/15\/malos-tempos-para-a-lirica\/"},"author":{"name":"Baldomero Iglesias Dobarrio, Mero","@id":"https:\/\/www.anovapeneira.gal\/#\/schema\/person\/b051ed40cfc100e281476674783b32fc"},"headline":"Malos tempos para a l\u00edrica","datePublished":"2025-08-15T08:00:13+00:00","mainEntityOfPage":{"@id":"https:\/\/www.anovapeneira.gal\/index.php\/2025\/08\/15\/malos-tempos-para-a-lirica\/"},"wordCount":970,"commentCount":0,"publisher":{"@id":"https:\/\/www.anovapeneira.gal\/#organization"},"image":{"@id":"https:\/\/www.anovapeneira.gal\/index.php\/2025\/08\/15\/malos-tempos-para-a-lirica\/#primaryimage"},"thumbnailUrl":"https:\/\/www.anovapeneira.gal\/wp-content\/uploads\/2019\/07\/ARTIGO_DE_OPINION_A_NOVA_PENEIRA.jpg","articleSection":["Artigos de opini\u00f3n"],"inLanguage":"gl-ES","potentialAction":[{"@type":"CommentAction","name":"Comment","target":["https:\/\/www.anovapeneira.gal\/index.php\/2025\/08\/15\/malos-tempos-para-a-lirica\/#respond"]}]},{"@type":"WebPage","@id":"https:\/\/www.anovapeneira.gal\/index.php\/2025\/08\/15\/malos-tempos-para-a-lirica\/","url":"https:\/\/www.anovapeneira.gal\/index.php\/2025\/08\/15\/malos-tempos-para-a-lirica\/","name":"Malos tempos para a l\u00edrica -","isPartOf":{"@id":"https:\/\/www.anovapeneira.gal\/#website"},"primaryImageOfPage":{"@id":"https:\/\/www.anovapeneira.gal\/index.php\/2025\/08\/15\/malos-tempos-para-a-lirica\/#primaryimage"},"image":{"@id":"https:\/\/www.anovapeneira.gal\/index.php\/2025\/08\/15\/malos-tempos-para-a-lirica\/#primaryimage"},"thumbnailUrl":"https:\/\/www.anovapeneira.gal\/wp-content\/uploads\/2019\/07\/ARTIGO_DE_OPINION_A_NOVA_PENEIRA.jpg","datePublished":"2025-08-15T08:00:13+00:00","breadcrumb":{"@id":"https:\/\/www.anovapeneira.gal\/index.php\/2025\/08\/15\/malos-tempos-para-a-lirica\/#breadcrumb"},"inLanguage":"gl-ES","potentialAction":[{"@type":"ReadAction","target":["https:\/\/www.anovapeneira.gal\/index.php\/2025\/08\/15\/malos-tempos-para-a-lirica\/"]}]},{"@type":"ImageObject","inLanguage":"gl-ES","@id":"https:\/\/www.anovapeneira.gal\/index.php\/2025\/08\/15\/malos-tempos-para-a-lirica\/#primaryimage","url":"https:\/\/www.anovapeneira.gal\/wp-content\/uploads\/2019\/07\/ARTIGO_DE_OPINION_A_NOVA_PENEIRA.jpg","contentUrl":"https:\/\/www.anovapeneira.gal\/wp-content\/uploads\/2019\/07\/ARTIGO_DE_OPINION_A_NOVA_PENEIRA.jpg","width":720,"height":473,"caption":"Artigo de opini\u00f3n A Nova Peneira"},{"@type":"BreadcrumbList","@id":"https:\/\/www.anovapeneira.gal\/index.php\/2025\/08\/15\/malos-tempos-para-a-lirica\/#breadcrumb","itemListElement":[{"@type":"ListItem","position":1,"name":"Portada","item":"https:\/\/www.anovapeneira.gal\/"},{"@type":"ListItem","position":2,"name":"Malos tempos para a l\u00edrica"}]},{"@type":"WebSite","@id":"https:\/\/www.anovapeneira.gal\/#website","url":"https:\/\/www.anovapeneira.gal\/","name":"","description":"Xornal galego de informaci\u00f3n xeral Publicaci\u00f3n mensual de novas de Galicia e en especial dos Concellos da sur da provincia de Pontevedra.","publisher":{"@id":"https:\/\/www.anovapeneira.gal\/#organization"},"potentialAction":[{"@type":"SearchAction","target":{"@type":"EntryPoint","urlTemplate":"https:\/\/www.anovapeneira.gal\/?s={search_term_string}"},"query-input":{"@type":"PropertyValueSpecification","valueRequired":true,"valueName":"search_term_string"}}],"inLanguage":"gl-ES"},{"@type":"Organization","@id":"https:\/\/www.anovapeneira.gal\/#organization","name":"A Nova Peneira","url":"https:\/\/www.anovapeneira.gal\/","logo":{"@type":"ImageObject","inLanguage":"gl-ES","@id":"https:\/\/www.anovapeneira.gal\/#\/schema\/logo\/image\/","url":"http:\/\/www.anovapeneira.gal\/wp-content\/uploads\/2019\/06\/logo_a_nova_peneira_portal_web.png","contentUrl":"http:\/\/www.anovapeneira.gal\/wp-content\/uploads\/2019\/06\/logo_a_nova_peneira_portal_web.png","width":300,"height":100,"caption":"A Nova Peneira"},"image":{"@id":"https:\/\/www.anovapeneira.gal\/#\/schema\/logo\/image\/"},"sameAs":["https:\/\/www.facebook.com\/anovapeneira","https:\/\/x.com\/APeneira"]},{"@type":"Person","@id":"https:\/\/www.anovapeneira.gal\/#\/schema\/person\/b051ed40cfc100e281476674783b32fc","name":"Baldomero Iglesias Dobarrio, Mero","image":{"@type":"ImageObject","inLanguage":"gl-ES","@id":"https:\/\/secure.gravatar.com\/avatar\/ca78fc089f8cf28197f88de2c9ac213e2f7d2097d8e359d9359b8778b539c59d?s=96&d=mm&r=g","url":"https:\/\/secure.gravatar.com\/avatar\/ca78fc089f8cf28197f88de2c9ac213e2f7d2097d8e359d9359b8778b539c59d?s=96&d=mm&r=g","contentUrl":"https:\/\/secure.gravatar.com\/avatar\/ca78fc089f8cf28197f88de2c9ac213e2f7d2097d8e359d9359b8778b539c59d?s=96&d=mm&r=g","caption":"Baldomero Iglesias Dobarrio, Mero"},"sameAs":["http:\/\/anovapeneira.gal"],"url":"https:\/\/www.anovapeneira.gal\/index.php\/author\/opinionmero\/"}]}},"jetpack_featured_media_url":"https:\/\/www.anovapeneira.gal\/wp-content\/uploads\/2019\/07\/ARTIGO_DE_OPINION_A_NOVA_PENEIRA.jpg","_links":{"self":[{"href":"https:\/\/www.anovapeneira.gal\/index.php\/wp-json\/wp\/v2\/posts\/14454","targetHints":{"allow":["GET"]}}],"collection":[{"href":"https:\/\/www.anovapeneira.gal\/index.php\/wp-json\/wp\/v2\/posts"}],"about":[{"href":"https:\/\/www.anovapeneira.gal\/index.php\/wp-json\/wp\/v2\/types\/post"}],"author":[{"embeddable":true,"href":"https:\/\/www.anovapeneira.gal\/index.php\/wp-json\/wp\/v2\/users\/5"}],"replies":[{"embeddable":true,"href":"https:\/\/www.anovapeneira.gal\/index.php\/wp-json\/wp\/v2\/comments?post=14454"}],"version-history":[{"count":1,"href":"https:\/\/www.anovapeneira.gal\/index.php\/wp-json\/wp\/v2\/posts\/14454\/revisions"}],"predecessor-version":[{"id":14455,"href":"https:\/\/www.anovapeneira.gal\/index.php\/wp-json\/wp\/v2\/posts\/14454\/revisions\/14455"}],"wp:featuredmedia":[{"embeddable":true,"href":"https:\/\/www.anovapeneira.gal\/index.php\/wp-json\/wp\/v2\/media\/584"}],"wp:attachment":[{"href":"https:\/\/www.anovapeneira.gal\/index.php\/wp-json\/wp\/v2\/media?parent=14454"}],"wp:term":[{"taxonomy":"category","embeddable":true,"href":"https:\/\/www.anovapeneira.gal\/index.php\/wp-json\/wp\/v2\/categories?post=14454"},{"taxonomy":"post_tag","embeddable":true,"href":"https:\/\/www.anovapeneira.gal\/index.php\/wp-json\/wp\/v2\/tags?post=14454"}],"curies":[{"name":"wp","href":"https:\/\/api.w.org\/{rel}","templated":true}]}}