{"id":1446,"date":"2019-10-08T14:00:15","date_gmt":"2019-10-08T12:00:15","guid":{"rendered":"http:\/\/www.anovapeneira.gal\/?p=1446"},"modified":"2019-10-06T22:03:38","modified_gmt":"2019-10-06T20:03:38","slug":"galiza-rexistra-os-peores-datos-de-desemprego-nun-mes-de-setembro-desde-2011","status":"publish","type":"post","link":"https:\/\/www.anovapeneira.gal\/index.php\/2019\/10\/08\/galiza-rexistra-os-peores-datos-de-desemprego-nun-mes-de-setembro-desde-2011\/","title":{"rendered":"Galiza rexistra os peores datos de desemprego, nun mes de setembro, desde 2011"},"content":{"rendered":"\n<h2 class=\"wp-block-heading\">As\u00e9ntase\na  precariedade en Galiza: medran o paro e a temporalidade e baixan\nas afiliaci\u00f3ns \u00e1 Seguridade Social<\/h2>\n\n\n\n<p><strong>Santiago de Compostela, 2 de outubro de 2019<\/strong><\/p>\n\n\n\n<p><strong>Gabinete de Comunicaci\u00f3n. Confederaci\u00f3n Intersindical Galega<\/strong><\/p>\n\n\n\n<p>O mes de setembro rematou en Galiza con 156.984 persoas inscritas como desempregadas nas oficinas do SEPE, un 2,06% m\u00e1is que no mes de agosto (3.164 persoas m\u00e1is). Se ben este mes se caracteriza por un repunte do desemprego, este ano \u00e9 o de maior incremento rexistrado desde o ano 2011. Na media do estado o medre foi do 0,45%, o menor repunte, para este mes, desde o ano 2007.<\/p>\n\n\n\n<p>Diante\ndisto, o secretario confederal de Emprego e Industria, Fran Cartelle,\ndenuncia que os dados \u201cconfirman o grave problema industrial que\npadecemos\u201d e advirte de que \u201cmedrar\u00e1 mentres non contemos cun\nplan industrial galego e coa soberan\u00eda precisa para levalo a cabo na\nperspectiva dun goberno que lexisle e act\u00fae a favor dos intereses da\nClase Traballadora Galega\u201d.<\/p>\n\n\n\n<p>Cartelle\nsubli\u00f1a ademais que os datos de afiliaci\u00f3n \u00e1 Seguridade Social\ntampouco son \u201cnada esperanzadores\u201d xa que a afiliaci\u00f3n media\ndescendeu en 7.353 persoas( un 0,7%). Diante deste dato alerta de que\no descenso da afiliaci\u00f3n foi o dobre que o medre do desemprego, o\nque \u201cv\u00e9n empeorar a\u00ednda m\u00e1is o panorama\u201d.<\/p>\n\n\n\n<p><strong>Medra\no desemprego en todos os sectores<\/strong><\/p>\n\n\n\n<p>A\nnivel sectorial a\u00ednda que se incrementou o desemprego en todos os\nsectores, onde m\u00e1is medrou foi no sector servizos (un 2,7%), seguido\ndo sector industrial onde se incrementou un 0,96% e finalmente na\nconstruci\u00f3n con 0,15% m\u00e1is. Por\u00e9n, na media do Estado tan s\u00f3\nmedrou o desemprego no sector servizos, e a unha taxa inferior que en\nGaliza, un 1,14%.<\/p>\n\n\n\n<p>Por\niso o secretario confederal de Emprego fai un chamamento \u00e1\nmobilizaci\u00f3n contra a desertizaci\u00f3n industrial que estamos a\npadecer e que xa se est\u00e1 evidenciando coa situaci\u00f3n que padece a\nindustria electrointensiva, a industria enerx\u00e9tica ( carb\u00f3n ), a\nconstrucci\u00f3n naval ou o sector do automobil, entre outros.<\/p>\n\n\n\n<p><strong>M\u00e1is\nde 100.000 contratos asinados para perder emprego<\/strong><\/p>\n\n\n\n<p>No que\natinxe a contrataci\u00f3n, esta contin\u00faa en valores moi elevados. Tal \u00e9\nas\u00ed que no mes de setembro chegaron a rexistrarse 106.735, dos cales\ntan s\u00f3 o 9,2% foron de car\u00e1cter indefinido. \u201cNin medrando o\ndesemprego se frea a elevada contrataci\u00f3n\u201d, apunta Cartelle para\nquen \u201cisto pon de manifesto a gran precariedade do noso mercado\nlaboral, xa que ao elevado desemprego s\u00famase unha alta rotaci\u00f3n e a\nescasa duraci\u00f3n dos contratos dunha parte moi importante da\npoboaci\u00f3n asalariada\u201d.<\/p>\n\n\n\n<p>Diante\ndisto, o secretario confederal de Emprego afirma que \u201c\u00b7estamos\ndiante duns datos moi preocupantes\u201d. Reitera que son \u201cos peores\ndesde a mal chamada recuperaci\u00f3n econ\u00f3mica, non s\u00f3 pola perda de\nemprego sen\u00f3n polo paulatino deterioro do mercado de traballo\u201d e\nexixe m\u00e1is unha vez a derrogaci\u00f3n das reformas laborais e da\nnegociaci\u00f3n colectiva, \u00e1s que responsabiliza de alimentar \u201ca\nprecariedade campante en Galiza\u201d e o \u201cempobrecemento masivo da\nclase traballadora galega\u201d.<\/p>\n","protected":false},"excerpt":{"rendered":"<div class=\"mh-excerpt\"><p>O mes de setembro rematou en Galiza con 156.984 persoas inscritas como desempregadas nas oficinas do SEPE, un 2,06% m\u00e1is que no mes de agosto <a class=\"mh-excerpt-more\" href=\"https:\/\/www.anovapeneira.gal\/index.php\/2019\/10\/08\/galiza-rexistra-os-peores-datos-de-desemprego-nun-mes-de-setembro-desde-2011\/\" title=\"Galiza rexistra os peores datos de desemprego, nun mes de setembro, desde 2011\">[&#8230;]<\/a><\/p>\n<\/div>","protected":false},"author":3,"featured_media":632,"comment_status":"open","ping_status":"open","sticky":false,"template":"","format":"standard","meta":{"_exactmetrics_skip_tracking":false,"_exactmetrics_sitenote_active":false,"_exactmetrics_sitenote_note":"","_exactmetrics_sitenote_category":0,"footnotes":""},"categories":[263],"tags":[88,647,425],"class_list":{"0":"post-1446","1":"post","2":"type-post","3":"status-publish","4":"format-standard","5":"has-post-thumbnail","7":"category-novas","8":"tag-cig","9":"tag-desemprego","10":"tag-traballo"},"yoast_head":"<!-- This site is optimized with the Yoast SEO plugin v27.4 - https:\/\/yoast.com\/product\/yoast-seo-wordpress\/ -->\n<title>Galiza rexistra os peores datos de desemprego, nun mes de setembro, desde 2011 -<\/title>\n<meta name=\"robots\" content=\"index, follow, max-snippet:-1, max-image-preview:large, max-video-preview:-1\" \/>\n<link rel=\"canonical\" href=\"https:\/\/www.anovapeneira.gal\/index.php\/2019\/10\/08\/galiza-rexistra-os-peores-datos-de-desemprego-nun-mes-de-setembro-desde-2011\/\" \/>\n<meta property=\"og:locale\" content=\"gl_ES\" \/>\n<meta property=\"og:type\" content=\"article\" \/>\n<meta property=\"og:title\" content=\"Galiza rexistra os peores datos de desemprego, nun mes de setembro, desde 2011 -\" \/>\n<meta property=\"og:description\" content=\"O mes de setembro rematou en Galiza con 156.984 persoas inscritas como desempregadas nas oficinas do SEPE, un 2,06% m\u00e1is que no mes de agosto [...]\" \/>\n<meta property=\"og:url\" content=\"https:\/\/www.anovapeneira.gal\/index.php\/2019\/10\/08\/galiza-rexistra-os-peores-datos-de-desemprego-nun-mes-de-setembro-desde-2011\/\" \/>\n<meta property=\"article:publisher\" content=\"https:\/\/www.facebook.com\/anovapeneira\" \/>\n<meta property=\"article:published_time\" content=\"2019-10-08T12:00:15+00:00\" \/>\n<meta property=\"og:image\" content=\"https:\/\/www.anovapeneira.gal\/wp-content\/uploads\/2019\/07\/CIG_a_nova_peneira.png\" \/>\n\t<meta property=\"og:image:width\" content=\"720\" \/>\n\t<meta property=\"og:image:height\" content=\"473\" \/>\n\t<meta property=\"og:image:type\" content=\"image\/png\" \/>\n<meta name=\"author\" content=\"Redacci\u00f3n A Nova Peneira\" \/>\n<meta name=\"twitter:card\" content=\"summary_large_image\" \/>\n<meta name=\"twitter:creator\" content=\"@APeneira\" \/>\n<meta name=\"twitter:site\" content=\"@APeneira\" \/>\n<meta name=\"twitter:label1\" content=\"Escrito por\" \/>\n\t<meta name=\"twitter:data1\" content=\"Redacci\u00f3n A Nova Peneira\" \/>\n\t<meta name=\"twitter:label2\" content=\"Tempo de lectura\" \/>\n\t<meta name=\"twitter:data2\" content=\"3 minutos\" \/>\n<script type=\"application\/ld+json\" class=\"yoast-schema-graph\">{\"@context\":\"https:\\\/\\\/schema.org\",\"@graph\":[{\"@type\":\"Article\",\"@id\":\"https:\\\/\\\/www.anovapeneira.gal\\\/index.php\\\/2019\\\/10\\\/08\\\/galiza-rexistra-os-peores-datos-de-desemprego-nun-mes-de-setembro-desde-2011\\\/#article\",\"isPartOf\":{\"@id\":\"https:\\\/\\\/www.anovapeneira.gal\\\/index.php\\\/2019\\\/10\\\/08\\\/galiza-rexistra-os-peores-datos-de-desemprego-nun-mes-de-setembro-desde-2011\\\/\"},\"author\":{\"name\":\"Redacci\u00f3n A Nova Peneira\",\"@id\":\"https:\\\/\\\/www.anovapeneira.gal\\\/#\\\/schema\\\/person\\\/b93e3f8932e3f8da96334607eb6ac6aa\"},\"headline\":\"Galiza rexistra os peores datos de desemprego, nun mes de setembro, desde 2011\",\"datePublished\":\"2019-10-08T12:00:15+00:00\",\"mainEntityOfPage\":{\"@id\":\"https:\\\/\\\/www.anovapeneira.gal\\\/index.php\\\/2019\\\/10\\\/08\\\/galiza-rexistra-os-peores-datos-de-desemprego-nun-mes-de-setembro-desde-2011\\\/\"},\"wordCount\":517,\"commentCount\":0,\"publisher\":{\"@id\":\"https:\\\/\\\/www.anovapeneira.gal\\\/#organization\"},\"image\":{\"@id\":\"https:\\\/\\\/www.anovapeneira.gal\\\/index.php\\\/2019\\\/10\\\/08\\\/galiza-rexistra-os-peores-datos-de-desemprego-nun-mes-de-setembro-desde-2011\\\/#primaryimage\"},\"thumbnailUrl\":\"https:\\\/\\\/www.anovapeneira.gal\\\/wp-content\\\/uploads\\\/2019\\\/07\\\/CIG_a_nova_peneira.png\",\"keywords\":[\"CIG\",\"Desemprego\",\"Traballo\"],\"articleSection\":[\"Novas\"],\"inLanguage\":\"gl-ES\",\"potentialAction\":[{\"@type\":\"CommentAction\",\"name\":\"Comment\",\"target\":[\"https:\\\/\\\/www.anovapeneira.gal\\\/index.php\\\/2019\\\/10\\\/08\\\/galiza-rexistra-os-peores-datos-de-desemprego-nun-mes-de-setembro-desde-2011\\\/#respond\"]}]},{\"@type\":\"WebPage\",\"@id\":\"https:\\\/\\\/www.anovapeneira.gal\\\/index.php\\\/2019\\\/10\\\/08\\\/galiza-rexistra-os-peores-datos-de-desemprego-nun-mes-de-setembro-desde-2011\\\/\",\"url\":\"https:\\\/\\\/www.anovapeneira.gal\\\/index.php\\\/2019\\\/10\\\/08\\\/galiza-rexistra-os-peores-datos-de-desemprego-nun-mes-de-setembro-desde-2011\\\/\",\"name\":\"Galiza rexistra os peores datos de desemprego, nun mes de setembro, desde 2011 -\",\"isPartOf\":{\"@id\":\"https:\\\/\\\/www.anovapeneira.gal\\\/#website\"},\"primaryImageOfPage\":{\"@id\":\"https:\\\/\\\/www.anovapeneira.gal\\\/index.php\\\/2019\\\/10\\\/08\\\/galiza-rexistra-os-peores-datos-de-desemprego-nun-mes-de-setembro-desde-2011\\\/#primaryimage\"},\"image\":{\"@id\":\"https:\\\/\\\/www.anovapeneira.gal\\\/index.php\\\/2019\\\/10\\\/08\\\/galiza-rexistra-os-peores-datos-de-desemprego-nun-mes-de-setembro-desde-2011\\\/#primaryimage\"},\"thumbnailUrl\":\"https:\\\/\\\/www.anovapeneira.gal\\\/wp-content\\\/uploads\\\/2019\\\/07\\\/CIG_a_nova_peneira.png\",\"datePublished\":\"2019-10-08T12:00:15+00:00\",\"breadcrumb\":{\"@id\":\"https:\\\/\\\/www.anovapeneira.gal\\\/index.php\\\/2019\\\/10\\\/08\\\/galiza-rexistra-os-peores-datos-de-desemprego-nun-mes-de-setembro-desde-2011\\\/#breadcrumb\"},\"inLanguage\":\"gl-ES\",\"potentialAction\":[{\"@type\":\"ReadAction\",\"target\":[\"https:\\\/\\\/www.anovapeneira.gal\\\/index.php\\\/2019\\\/10\\\/08\\\/galiza-rexistra-os-peores-datos-de-desemprego-nun-mes-de-setembro-desde-2011\\\/\"]}]},{\"@type\":\"ImageObject\",\"inLanguage\":\"gl-ES\",\"@id\":\"https:\\\/\\\/www.anovapeneira.gal\\\/index.php\\\/2019\\\/10\\\/08\\\/galiza-rexistra-os-peores-datos-de-desemprego-nun-mes-de-setembro-desde-2011\\\/#primaryimage\",\"url\":\"https:\\\/\\\/www.anovapeneira.gal\\\/wp-content\\\/uploads\\\/2019\\\/07\\\/CIG_a_nova_peneira.png\",\"contentUrl\":\"https:\\\/\\\/www.anovapeneira.gal\\\/wp-content\\\/uploads\\\/2019\\\/07\\\/CIG_a_nova_peneira.png\",\"width\":720,\"height\":473,\"caption\":\"Confederaci\u00f3n Intersindical Galega A Nova Peneira\"},{\"@type\":\"BreadcrumbList\",\"@id\":\"https:\\\/\\\/www.anovapeneira.gal\\\/index.php\\\/2019\\\/10\\\/08\\\/galiza-rexistra-os-peores-datos-de-desemprego-nun-mes-de-setembro-desde-2011\\\/#breadcrumb\",\"itemListElement\":[{\"@type\":\"ListItem\",\"position\":1,\"name\":\"Portada\",\"item\":\"https:\\\/\\\/www.anovapeneira.gal\\\/\"},{\"@type\":\"ListItem\",\"position\":2,\"name\":\"Galiza rexistra os peores datos de desemprego, nun mes de setembro, desde 2011\"}]},{\"@type\":\"WebSite\",\"@id\":\"https:\\\/\\\/www.anovapeneira.gal\\\/#website\",\"url\":\"https:\\\/\\\/www.anovapeneira.gal\\\/\",\"name\":\"\",\"description\":\"Xornal galego de informaci\u00f3n xeral Publicaci\u00f3n mensual de novas de Galicia e en especial dos Concellos da sur da provincia de Pontevedra.\",\"publisher\":{\"@id\":\"https:\\\/\\\/www.anovapeneira.gal\\\/#organization\"},\"potentialAction\":[{\"@type\":\"SearchAction\",\"target\":{\"@type\":\"EntryPoint\",\"urlTemplate\":\"https:\\\/\\\/www.anovapeneira.gal\\\/?s={search_term_string}\"},\"query-input\":{\"@type\":\"PropertyValueSpecification\",\"valueRequired\":true,\"valueName\":\"search_term_string\"}}],\"inLanguage\":\"gl-ES\"},{\"@type\":\"Organization\",\"@id\":\"https:\\\/\\\/www.anovapeneira.gal\\\/#organization\",\"name\":\"A Nova Peneira\",\"url\":\"https:\\\/\\\/www.anovapeneira.gal\\\/\",\"logo\":{\"@type\":\"ImageObject\",\"inLanguage\":\"gl-ES\",\"@id\":\"https:\\\/\\\/www.anovapeneira.gal\\\/#\\\/schema\\\/logo\\\/image\\\/\",\"url\":\"http:\\\/\\\/www.anovapeneira.gal\\\/wp-content\\\/uploads\\\/2019\\\/06\\\/logo_a_nova_peneira_portal_web.png\",\"contentUrl\":\"http:\\\/\\\/www.anovapeneira.gal\\\/wp-content\\\/uploads\\\/2019\\\/06\\\/logo_a_nova_peneira_portal_web.png\",\"width\":300,\"height\":100,\"caption\":\"A Nova Peneira\"},\"image\":{\"@id\":\"https:\\\/\\\/www.anovapeneira.gal\\\/#\\\/schema\\\/logo\\\/image\\\/\"},\"sameAs\":[\"https:\\\/\\\/www.facebook.com\\\/anovapeneira\",\"https:\\\/\\\/x.com\\\/APeneira\"]},{\"@type\":\"Person\",\"@id\":\"https:\\\/\\\/www.anovapeneira.gal\\\/#\\\/schema\\\/person\\\/b93e3f8932e3f8da96334607eb6ac6aa\",\"name\":\"Redacci\u00f3n A Nova Peneira\",\"image\":{\"@type\":\"ImageObject\",\"inLanguage\":\"gl-ES\",\"@id\":\"https:\\\/\\\/secure.gravatar.com\\\/avatar\\\/c052a2551a06e23fac63626232eaa90abd78dbcf1700fc46a2b2c89fd27b735f?s=96&d=mm&r=g\",\"url\":\"https:\\\/\\\/secure.gravatar.com\\\/avatar\\\/c052a2551a06e23fac63626232eaa90abd78dbcf1700fc46a2b2c89fd27b735f?s=96&d=mm&r=g\",\"contentUrl\":\"https:\\\/\\\/secure.gravatar.com\\\/avatar\\\/c052a2551a06e23fac63626232eaa90abd78dbcf1700fc46a2b2c89fd27b735f?s=96&d=mm&r=g\",\"caption\":\"Redacci\u00f3n A Nova Peneira\"},\"sameAs\":[\"http:\\\/\\\/www.anovapeneira.gal\\\/\"],\"url\":\"https:\\\/\\\/www.anovapeneira.gal\\\/index.php\\\/author\\\/redactor\\\/\"}]}<\/script>\n<!-- \/ Yoast SEO plugin. -->","yoast_head_json":{"title":"Galiza rexistra os peores datos de desemprego, nun mes de setembro, desde 2011 -","robots":{"index":"index","follow":"follow","max-snippet":"max-snippet:-1","max-image-preview":"max-image-preview:large","max-video-preview":"max-video-preview:-1"},"canonical":"https:\/\/www.anovapeneira.gal\/index.php\/2019\/10\/08\/galiza-rexistra-os-peores-datos-de-desemprego-nun-mes-de-setembro-desde-2011\/","og_locale":"gl_ES","og_type":"article","og_title":"Galiza rexistra os peores datos de desemprego, nun mes de setembro, desde 2011 -","og_description":"O mes de setembro rematou en Galiza con 156.984 persoas inscritas como desempregadas nas oficinas do SEPE, un 2,06% m\u00e1is que no mes de agosto [...]","og_url":"https:\/\/www.anovapeneira.gal\/index.php\/2019\/10\/08\/galiza-rexistra-os-peores-datos-de-desemprego-nun-mes-de-setembro-desde-2011\/","article_publisher":"https:\/\/www.facebook.com\/anovapeneira","article_published_time":"2019-10-08T12:00:15+00:00","og_image":[{"width":720,"height":473,"url":"https:\/\/www.anovapeneira.gal\/wp-content\/uploads\/2019\/07\/CIG_a_nova_peneira.png","type":"image\/png"}],"author":"Redacci\u00f3n A Nova Peneira","twitter_card":"summary_large_image","twitter_creator":"@APeneira","twitter_site":"@APeneira","twitter_misc":{"Escrito por":"Redacci\u00f3n A Nova Peneira","Tempo de lectura":"3 minutos"},"schema":{"@context":"https:\/\/schema.org","@graph":[{"@type":"Article","@id":"https:\/\/www.anovapeneira.gal\/index.php\/2019\/10\/08\/galiza-rexistra-os-peores-datos-de-desemprego-nun-mes-de-setembro-desde-2011\/#article","isPartOf":{"@id":"https:\/\/www.anovapeneira.gal\/index.php\/2019\/10\/08\/galiza-rexistra-os-peores-datos-de-desemprego-nun-mes-de-setembro-desde-2011\/"},"author":{"name":"Redacci\u00f3n A Nova Peneira","@id":"https:\/\/www.anovapeneira.gal\/#\/schema\/person\/b93e3f8932e3f8da96334607eb6ac6aa"},"headline":"Galiza rexistra os peores datos de desemprego, nun mes de setembro, desde 2011","datePublished":"2019-10-08T12:00:15+00:00","mainEntityOfPage":{"@id":"https:\/\/www.anovapeneira.gal\/index.php\/2019\/10\/08\/galiza-rexistra-os-peores-datos-de-desemprego-nun-mes-de-setembro-desde-2011\/"},"wordCount":517,"commentCount":0,"publisher":{"@id":"https:\/\/www.anovapeneira.gal\/#organization"},"image":{"@id":"https:\/\/www.anovapeneira.gal\/index.php\/2019\/10\/08\/galiza-rexistra-os-peores-datos-de-desemprego-nun-mes-de-setembro-desde-2011\/#primaryimage"},"thumbnailUrl":"https:\/\/www.anovapeneira.gal\/wp-content\/uploads\/2019\/07\/CIG_a_nova_peneira.png","keywords":["CIG","Desemprego","Traballo"],"articleSection":["Novas"],"inLanguage":"gl-ES","potentialAction":[{"@type":"CommentAction","name":"Comment","target":["https:\/\/www.anovapeneira.gal\/index.php\/2019\/10\/08\/galiza-rexistra-os-peores-datos-de-desemprego-nun-mes-de-setembro-desde-2011\/#respond"]}]},{"@type":"WebPage","@id":"https:\/\/www.anovapeneira.gal\/index.php\/2019\/10\/08\/galiza-rexistra-os-peores-datos-de-desemprego-nun-mes-de-setembro-desde-2011\/","url":"https:\/\/www.anovapeneira.gal\/index.php\/2019\/10\/08\/galiza-rexistra-os-peores-datos-de-desemprego-nun-mes-de-setembro-desde-2011\/","name":"Galiza rexistra os peores datos de desemprego, nun mes de setembro, desde 2011 -","isPartOf":{"@id":"https:\/\/www.anovapeneira.gal\/#website"},"primaryImageOfPage":{"@id":"https:\/\/www.anovapeneira.gal\/index.php\/2019\/10\/08\/galiza-rexistra-os-peores-datos-de-desemprego-nun-mes-de-setembro-desde-2011\/#primaryimage"},"image":{"@id":"https:\/\/www.anovapeneira.gal\/index.php\/2019\/10\/08\/galiza-rexistra-os-peores-datos-de-desemprego-nun-mes-de-setembro-desde-2011\/#primaryimage"},"thumbnailUrl":"https:\/\/www.anovapeneira.gal\/wp-content\/uploads\/2019\/07\/CIG_a_nova_peneira.png","datePublished":"2019-10-08T12:00:15+00:00","breadcrumb":{"@id":"https:\/\/www.anovapeneira.gal\/index.php\/2019\/10\/08\/galiza-rexistra-os-peores-datos-de-desemprego-nun-mes-de-setembro-desde-2011\/#breadcrumb"},"inLanguage":"gl-ES","potentialAction":[{"@type":"ReadAction","target":["https:\/\/www.anovapeneira.gal\/index.php\/2019\/10\/08\/galiza-rexistra-os-peores-datos-de-desemprego-nun-mes-de-setembro-desde-2011\/"]}]},{"@type":"ImageObject","inLanguage":"gl-ES","@id":"https:\/\/www.anovapeneira.gal\/index.php\/2019\/10\/08\/galiza-rexistra-os-peores-datos-de-desemprego-nun-mes-de-setembro-desde-2011\/#primaryimage","url":"https:\/\/www.anovapeneira.gal\/wp-content\/uploads\/2019\/07\/CIG_a_nova_peneira.png","contentUrl":"https:\/\/www.anovapeneira.gal\/wp-content\/uploads\/2019\/07\/CIG_a_nova_peneira.png","width":720,"height":473,"caption":"Confederaci\u00f3n Intersindical Galega A Nova Peneira"},{"@type":"BreadcrumbList","@id":"https:\/\/www.anovapeneira.gal\/index.php\/2019\/10\/08\/galiza-rexistra-os-peores-datos-de-desemprego-nun-mes-de-setembro-desde-2011\/#breadcrumb","itemListElement":[{"@type":"ListItem","position":1,"name":"Portada","item":"https:\/\/www.anovapeneira.gal\/"},{"@type":"ListItem","position":2,"name":"Galiza rexistra os peores datos de desemprego, nun mes de setembro, desde 2011"}]},{"@type":"WebSite","@id":"https:\/\/www.anovapeneira.gal\/#website","url":"https:\/\/www.anovapeneira.gal\/","name":"","description":"Xornal galego de informaci\u00f3n xeral Publicaci\u00f3n mensual de novas de Galicia e en especial dos Concellos da sur da provincia de Pontevedra.","publisher":{"@id":"https:\/\/www.anovapeneira.gal\/#organization"},"potentialAction":[{"@type":"SearchAction","target":{"@type":"EntryPoint","urlTemplate":"https:\/\/www.anovapeneira.gal\/?s={search_term_string}"},"query-input":{"@type":"PropertyValueSpecification","valueRequired":true,"valueName":"search_term_string"}}],"inLanguage":"gl-ES"},{"@type":"Organization","@id":"https:\/\/www.anovapeneira.gal\/#organization","name":"A Nova Peneira","url":"https:\/\/www.anovapeneira.gal\/","logo":{"@type":"ImageObject","inLanguage":"gl-ES","@id":"https:\/\/www.anovapeneira.gal\/#\/schema\/logo\/image\/","url":"http:\/\/www.anovapeneira.gal\/wp-content\/uploads\/2019\/06\/logo_a_nova_peneira_portal_web.png","contentUrl":"http:\/\/www.anovapeneira.gal\/wp-content\/uploads\/2019\/06\/logo_a_nova_peneira_portal_web.png","width":300,"height":100,"caption":"A Nova Peneira"},"image":{"@id":"https:\/\/www.anovapeneira.gal\/#\/schema\/logo\/image\/"},"sameAs":["https:\/\/www.facebook.com\/anovapeneira","https:\/\/x.com\/APeneira"]},{"@type":"Person","@id":"https:\/\/www.anovapeneira.gal\/#\/schema\/person\/b93e3f8932e3f8da96334607eb6ac6aa","name":"Redacci\u00f3n A Nova Peneira","image":{"@type":"ImageObject","inLanguage":"gl-ES","@id":"https:\/\/secure.gravatar.com\/avatar\/c052a2551a06e23fac63626232eaa90abd78dbcf1700fc46a2b2c89fd27b735f?s=96&d=mm&r=g","url":"https:\/\/secure.gravatar.com\/avatar\/c052a2551a06e23fac63626232eaa90abd78dbcf1700fc46a2b2c89fd27b735f?s=96&d=mm&r=g","contentUrl":"https:\/\/secure.gravatar.com\/avatar\/c052a2551a06e23fac63626232eaa90abd78dbcf1700fc46a2b2c89fd27b735f?s=96&d=mm&r=g","caption":"Redacci\u00f3n A Nova Peneira"},"sameAs":["http:\/\/www.anovapeneira.gal\/"],"url":"https:\/\/www.anovapeneira.gal\/index.php\/author\/redactor\/"}]}},"jetpack_featured_media_url":"https:\/\/www.anovapeneira.gal\/wp-content\/uploads\/2019\/07\/CIG_a_nova_peneira.png","_links":{"self":[{"href":"https:\/\/www.anovapeneira.gal\/index.php\/wp-json\/wp\/v2\/posts\/1446","targetHints":{"allow":["GET"]}}],"collection":[{"href":"https:\/\/www.anovapeneira.gal\/index.php\/wp-json\/wp\/v2\/posts"}],"about":[{"href":"https:\/\/www.anovapeneira.gal\/index.php\/wp-json\/wp\/v2\/types\/post"}],"author":[{"embeddable":true,"href":"https:\/\/www.anovapeneira.gal\/index.php\/wp-json\/wp\/v2\/users\/3"}],"replies":[{"embeddable":true,"href":"https:\/\/www.anovapeneira.gal\/index.php\/wp-json\/wp\/v2\/comments?post=1446"}],"version-history":[{"count":2,"href":"https:\/\/www.anovapeneira.gal\/index.php\/wp-json\/wp\/v2\/posts\/1446\/revisions"}],"predecessor-version":[{"id":1448,"href":"https:\/\/www.anovapeneira.gal\/index.php\/wp-json\/wp\/v2\/posts\/1446\/revisions\/1448"}],"wp:featuredmedia":[{"embeddable":true,"href":"https:\/\/www.anovapeneira.gal\/index.php\/wp-json\/wp\/v2\/media\/632"}],"wp:attachment":[{"href":"https:\/\/www.anovapeneira.gal\/index.php\/wp-json\/wp\/v2\/media?parent=1446"}],"wp:term":[{"taxonomy":"category","embeddable":true,"href":"https:\/\/www.anovapeneira.gal\/index.php\/wp-json\/wp\/v2\/categories?post=1446"},{"taxonomy":"post_tag","embeddable":true,"href":"https:\/\/www.anovapeneira.gal\/index.php\/wp-json\/wp\/v2\/tags?post=1446"}],"curies":[{"name":"wp","href":"https:\/\/api.w.org\/{rel}","templated":true}]}}