{"id":14473,"date":"2025-08-20T10:00:16","date_gmt":"2025-08-20T08:00:16","guid":{"rendered":"https:\/\/www.anovapeneira.gal\/?p=14473"},"modified":"2025-08-14T10:31:50","modified_gmt":"2025-08-14T08:31:50","slug":"o-servizo-de-axuda-no-fogar","status":"publish","type":"post","link":"https:\/\/www.anovapeneira.gal\/index.php\/2025\/08\/20\/o-servizo-de-axuda-no-fogar\/","title":{"rendered":"O servizo de axuda no fogar"},"content":{"rendered":"\n<pre class=\"wp-block-verse\">Patricia Sio, militante do PCG e ex concelleira<\/pre>\n\n\n\n<p>O Servizo de Axuda no Fogar -SAF- que atende as persoas dependentes, \u00e9 municipal prestado por unha plantilla feminizada en todos os concellos. Tr\u00e1tase dunha \u201ccompetencia impropia\u201d que transferiu a Xunta no ano 2008 coa Lei de Servizos Sociais de Galicia. Isto \u00e9 o m\u00e1is l\u00f3xico ao ser o concello a administraci\u00f3n que temos m\u00e1is preto. O problema \u00e9 que os concellos asumen as funci\u00f3ns pero non reciben os cartos suficientes para garantir unha boa atenci\u00f3n \u00e1s persoas dependes nin unhas condici\u00f3n laborais dignas ao persoal e ten que tirar de fondos propios.<\/p>\n\n\n\n<p>Como xestionan os concellos este servizo? A trav\u00e9s de empresas externas, o que co\u00f1ecemos como \u201csacar a concurso\u201d, a\u00ednda que a normativa aplicable permite que o faga directamente con persoal propio. \u00c9 dicir, pode remunicipalizalo e converter en empregadas municipais \u00e1s traballadoras. Ao externalizar, a empresa ga\u00f1adora sempre \u00e9 a m\u00e1is barata (o que m\u00e1is punt\u00faa \u00e9 o prezo) e isto empeora, se \u00e9 posible xa m\u00e1is, as condici\u00f3ns das traballadoras e como consecuencia a atenci\u00f3n \u00e1s persoas usuarias. A ganancia dalg\u00fan lado ten que sa\u00edr.<\/p>\n\n\n\n<p>As traballadoras de toda Galicia ve\u00f1en denunciando dende sempre os riscos aos que se expo\u00f1en a diario. Os seus centros de traballo son os domicilios nos que se presta o servizo e nos que sofren lesi\u00f3ns e accidentes de todo tipo polas tarefas que desenvolven. Pero hai tam\u00e9n acoso, agresi\u00f3ns, violencia verbal, f\u00edsica e sexual dalg\u00fans usuarios e usuarias e de familiares. Todo isto por un salario moi pequeno, contratos a tempo parcial e despraz\u00e1ndose no seu propio veh\u00edculo e a toda pr\u00e9sa (outro perigo m\u00e1is).<\/p>\n\n\n\n<p>A responsabilidade desta situaci\u00f3n de risco e semiescravitude \u00e9 de concellos e Xunta. No Porri\u00f1o os gobernos municipais lavaron as mans dende sempre ante as queixas das traballadoras e tampouco se fixeron cargo da xesti\u00f3n directa; a Xunta nunca financiou como debe. A isto chegouse a nivel auton\u00f3mico coa complicidade do PP, PSOE e tam\u00e9n BNG cando a Xunta pasou a competencia aos concellos sabendo que non se pode garantir un servizo sen blindar o seu financiamento, No Porri\u00f1o, dende EU SON \u2013 Esquerda Unida demandouse ao longo de oito anos a xesti\u00f3n municipal directa e a dignificaci\u00f3n e reco\u00f1ecemento das traballadoras do SAF. Todo foron escusas do PSOE, BNG e PP.<\/p>\n\n\n\n<p>Clasismo e machismo que non \u00e9 exclusivo do Porri\u00f1o, sen\u00f3n que v\u00e9n da condici\u00f3n de feminina do cadro de persoal dos SAF, do escaso valor que se d\u00e1 tanto ao seu traballo como ao das familiares das persoas dependentes. Por que? Porque atender a dependentes \u00e9 traballo de coidados (traballo reprodutivo) que se asume que non ten valor econ\u00f3mico (como o produtivo) e que o facemos normalmente as femias da familia por amor, ou as do servizo municipal por catro euros. Elas, as que esixen os seus dereitos, sofren represalias con reduci\u00f3ns de horas, ch\u00f3ranlle ata a roupa de traballo, despr\u00e9zanas pola s\u00faa suposta \u201cfalta de formaci\u00f3n\u201d e buscan enfrontalas entre si.<\/p>\n\n\n\n<p>Quen nos axuda a coidar dos nosos familiares dependentes debe traballar segura e por un salario digno. Os traballos de coidados non poden seguir cargados \u00e1s costas das mulleres das familias, deben asumirse polos servizos p\u00fablicos, pero isto non pode ser como ata agora, pouco, mal, sobrexplotando e po\u00f1endo en risco a outras mulleres da nosa clase. No sistema que padecemos, cambiar a mellor s\u00f3 \u00e9 posible se o Concello, con recursos suficientes, se fai cargo do servizo directamente. O imprescindible en todo caso \u00e9 unha avaliaci\u00f3n de riscos axeitada en cada domicilio e o seu seguimento as circunstancias var\u00edan. Ante o aviso dunha traballadora, na empresa, no concello ou no sindicato, debe actuarse de inmediato. A queixa constante ata agora era que os gobernos municipais, o que tocara, dic\u00edanlles que s\u00f3 pod\u00edan escoitalas, que todo \u00e9 cousa da empresa. E pasa unha empresa e v\u00e9n outra e pasa o que pasa.<\/p>\n\n\n\n<p>Hai unhas semanas o asasinato de Teresa no Porri\u00f1o trouxo a consternaci\u00f3n. Foi o momento da dor, o respecto e o cari\u00f1o para as s\u00faas compa\u00f1eiras e seres queridos. Pero isto non vai de sentimentos e ent\u00f3n e agora toca falar de dereitos, de condici\u00f3ns de traballo e de solidariedade de clase, de esixir que non se escorra o vulto en competencias e empresas externas. Non fan falta protocolos, s\u00f3 cumprir coa lexislaci\u00f3n de prevenci\u00f3n de riscos laborais e remunicipalizar o SAF do Porri\u00f1o e os de toda Galicia.<\/p>\n\n\n\n<p>Saen traballar por unha miseria e deixando a sa\u00fade.<\/p>\n\n\n\n<p>A Teresa mat\u00e1rona por ser muller, DEP.<\/p>\n","protected":false},"excerpt":{"rendered":"<div class=\"mh-excerpt\"><p>O Servizo de Axuda no Fogar -SAF- que atende as persoas dependentes, \u00e9 municipal prestado por unha plantilla feminizada en todos os concellos. Tr\u00e1tase dunha \u201ccompetencia impropia\u201d que transferiu a Xunta no ano 2008 coa Lei de Servizos Sociais de Galicia <a class=\"mh-excerpt-more\" href=\"https:\/\/www.anovapeneira.gal\/index.php\/2025\/08\/20\/o-servizo-de-axuda-no-fogar\/\" title=\"O servizo de axuda no fogar\">[&#8230;]<\/a><\/p>\n<\/div>","protected":false},"author":12,"featured_media":14477,"comment_status":"open","ping_status":"open","sticky":false,"template":"","format":"standard","meta":{"_exactmetrics_skip_tracking":false,"_exactmetrics_sitenote_active":false,"_exactmetrics_sitenote_note":"","_exactmetrics_sitenote_category":0,"footnotes":""},"categories":[7],"tags":[],"class_list":{"0":"post-14473","1":"post","2":"type-post","3":"status-publish","4":"format-standard","5":"has-post-thumbnail","7":"category-artigos-de-opinion"},"yoast_head":"<!-- This site is optimized with the Yoast SEO plugin v27.4 - https:\/\/yoast.com\/product\/yoast-seo-wordpress\/ -->\n<title>O servizo de axuda no fogar -<\/title>\n<meta name=\"robots\" content=\"index, follow, max-snippet:-1, max-image-preview:large, max-video-preview:-1\" \/>\n<link rel=\"canonical\" href=\"https:\/\/www.anovapeneira.gal\/index.php\/2025\/08\/20\/o-servizo-de-axuda-no-fogar\/\" \/>\n<meta property=\"og:locale\" content=\"gl_ES\" \/>\n<meta property=\"og:type\" content=\"article\" \/>\n<meta property=\"og:title\" content=\"O servizo de axuda no fogar -\" \/>\n<meta property=\"og:description\" content=\"O Servizo de Axuda no Fogar -SAF- que atende as persoas dependentes, \u00e9 municipal prestado por unha plantilla feminizada en todos os concellos. Tr\u00e1tase dunha \u201ccompetencia impropia\u201d que transferiu a Xunta no ano 2008 coa Lei de Servizos Sociais de Galicia [...]\" \/>\n<meta property=\"og:url\" content=\"https:\/\/www.anovapeneira.gal\/index.php\/2025\/08\/20\/o-servizo-de-axuda-no-fogar\/\" \/>\n<meta property=\"article:publisher\" content=\"https:\/\/www.facebook.com\/anovapeneira\" \/>\n<meta property=\"article:published_time\" content=\"2025-08-20T08:00:16+00:00\" \/>\n<meta property=\"og:image\" content=\"https:\/\/www.anovapeneira.gal\/wp-content\/uploads\/2025\/08\/Patri_Sio.jpg\" \/>\n\t<meta property=\"og:image:width\" content=\"720\" \/>\n\t<meta property=\"og:image:height\" content=\"432\" \/>\n\t<meta property=\"og:image:type\" content=\"image\/jpeg\" \/>\n<meta name=\"author\" content=\"Artigos Opini\u00f3n\" \/>\n<meta name=\"twitter:card\" content=\"summary_large_image\" \/>\n<meta name=\"twitter:creator\" content=\"@APeneira\" \/>\n<meta name=\"twitter:site\" content=\"@APeneira\" \/>\n<meta name=\"twitter:label1\" content=\"Escrito por\" \/>\n\t<meta name=\"twitter:data1\" content=\"Artigos Opini\u00f3n\" \/>\n\t<meta name=\"twitter:label2\" content=\"Tempo de lectura\" \/>\n\t<meta name=\"twitter:data2\" content=\"5 minutos\" \/>\n<script type=\"application\/ld+json\" class=\"yoast-schema-graph\">{\"@context\":\"https:\\\/\\\/schema.org\",\"@graph\":[{\"@type\":\"Article\",\"@id\":\"https:\\\/\\\/www.anovapeneira.gal\\\/index.php\\\/2025\\\/08\\\/20\\\/o-servizo-de-axuda-no-fogar\\\/#article\",\"isPartOf\":{\"@id\":\"https:\\\/\\\/www.anovapeneira.gal\\\/index.php\\\/2025\\\/08\\\/20\\\/o-servizo-de-axuda-no-fogar\\\/\"},\"author\":{\"name\":\"Artigos Opini\u00f3n\",\"@id\":\"https:\\\/\\\/www.anovapeneira.gal\\\/#\\\/schema\\\/person\\\/f18a4feb302e8f20bcef4490b5b60bb3\"},\"headline\":\"O servizo de axuda no fogar\",\"datePublished\":\"2025-08-20T08:00:16+00:00\",\"mainEntityOfPage\":{\"@id\":\"https:\\\/\\\/www.anovapeneira.gal\\\/index.php\\\/2025\\\/08\\\/20\\\/o-servizo-de-axuda-no-fogar\\\/\"},\"wordCount\":806,\"commentCount\":0,\"publisher\":{\"@id\":\"https:\\\/\\\/www.anovapeneira.gal\\\/#organization\"},\"image\":{\"@id\":\"https:\\\/\\\/www.anovapeneira.gal\\\/index.php\\\/2025\\\/08\\\/20\\\/o-servizo-de-axuda-no-fogar\\\/#primaryimage\"},\"thumbnailUrl\":\"https:\\\/\\\/www.anovapeneira.gal\\\/wp-content\\\/uploads\\\/2025\\\/08\\\/Patri_Sio.jpg\",\"articleSection\":[\"Artigos de opini\u00f3n\"],\"inLanguage\":\"gl-ES\",\"potentialAction\":[{\"@type\":\"CommentAction\",\"name\":\"Comment\",\"target\":[\"https:\\\/\\\/www.anovapeneira.gal\\\/index.php\\\/2025\\\/08\\\/20\\\/o-servizo-de-axuda-no-fogar\\\/#respond\"]}]},{\"@type\":\"WebPage\",\"@id\":\"https:\\\/\\\/www.anovapeneira.gal\\\/index.php\\\/2025\\\/08\\\/20\\\/o-servizo-de-axuda-no-fogar\\\/\",\"url\":\"https:\\\/\\\/www.anovapeneira.gal\\\/index.php\\\/2025\\\/08\\\/20\\\/o-servizo-de-axuda-no-fogar\\\/\",\"name\":\"O servizo de axuda no fogar -\",\"isPartOf\":{\"@id\":\"https:\\\/\\\/www.anovapeneira.gal\\\/#website\"},\"primaryImageOfPage\":{\"@id\":\"https:\\\/\\\/www.anovapeneira.gal\\\/index.php\\\/2025\\\/08\\\/20\\\/o-servizo-de-axuda-no-fogar\\\/#primaryimage\"},\"image\":{\"@id\":\"https:\\\/\\\/www.anovapeneira.gal\\\/index.php\\\/2025\\\/08\\\/20\\\/o-servizo-de-axuda-no-fogar\\\/#primaryimage\"},\"thumbnailUrl\":\"https:\\\/\\\/www.anovapeneira.gal\\\/wp-content\\\/uploads\\\/2025\\\/08\\\/Patri_Sio.jpg\",\"datePublished\":\"2025-08-20T08:00:16+00:00\",\"breadcrumb\":{\"@id\":\"https:\\\/\\\/www.anovapeneira.gal\\\/index.php\\\/2025\\\/08\\\/20\\\/o-servizo-de-axuda-no-fogar\\\/#breadcrumb\"},\"inLanguage\":\"gl-ES\",\"potentialAction\":[{\"@type\":\"ReadAction\",\"target\":[\"https:\\\/\\\/www.anovapeneira.gal\\\/index.php\\\/2025\\\/08\\\/20\\\/o-servizo-de-axuda-no-fogar\\\/\"]}]},{\"@type\":\"ImageObject\",\"inLanguage\":\"gl-ES\",\"@id\":\"https:\\\/\\\/www.anovapeneira.gal\\\/index.php\\\/2025\\\/08\\\/20\\\/o-servizo-de-axuda-no-fogar\\\/#primaryimage\",\"url\":\"https:\\\/\\\/www.anovapeneira.gal\\\/wp-content\\\/uploads\\\/2025\\\/08\\\/Patri_Sio.jpg\",\"contentUrl\":\"https:\\\/\\\/www.anovapeneira.gal\\\/wp-content\\\/uploads\\\/2025\\\/08\\\/Patri_Sio.jpg\",\"width\":720,\"height\":432},{\"@type\":\"BreadcrumbList\",\"@id\":\"https:\\\/\\\/www.anovapeneira.gal\\\/index.php\\\/2025\\\/08\\\/20\\\/o-servizo-de-axuda-no-fogar\\\/#breadcrumb\",\"itemListElement\":[{\"@type\":\"ListItem\",\"position\":1,\"name\":\"Portada\",\"item\":\"https:\\\/\\\/www.anovapeneira.gal\\\/\"},{\"@type\":\"ListItem\",\"position\":2,\"name\":\"O servizo de axuda no fogar\"}]},{\"@type\":\"WebSite\",\"@id\":\"https:\\\/\\\/www.anovapeneira.gal\\\/#website\",\"url\":\"https:\\\/\\\/www.anovapeneira.gal\\\/\",\"name\":\"\",\"description\":\"Xornal galego de informaci\u00f3n xeral Publicaci\u00f3n mensual de novas de Galicia e en especial dos Concellos da sur da provincia de Pontevedra.\",\"publisher\":{\"@id\":\"https:\\\/\\\/www.anovapeneira.gal\\\/#organization\"},\"potentialAction\":[{\"@type\":\"SearchAction\",\"target\":{\"@type\":\"EntryPoint\",\"urlTemplate\":\"https:\\\/\\\/www.anovapeneira.gal\\\/?s={search_term_string}\"},\"query-input\":{\"@type\":\"PropertyValueSpecification\",\"valueRequired\":true,\"valueName\":\"search_term_string\"}}],\"inLanguage\":\"gl-ES\"},{\"@type\":\"Organization\",\"@id\":\"https:\\\/\\\/www.anovapeneira.gal\\\/#organization\",\"name\":\"A Nova Peneira\",\"url\":\"https:\\\/\\\/www.anovapeneira.gal\\\/\",\"logo\":{\"@type\":\"ImageObject\",\"inLanguage\":\"gl-ES\",\"@id\":\"https:\\\/\\\/www.anovapeneira.gal\\\/#\\\/schema\\\/logo\\\/image\\\/\",\"url\":\"http:\\\/\\\/www.anovapeneira.gal\\\/wp-content\\\/uploads\\\/2019\\\/06\\\/logo_a_nova_peneira_portal_web.png\",\"contentUrl\":\"http:\\\/\\\/www.anovapeneira.gal\\\/wp-content\\\/uploads\\\/2019\\\/06\\\/logo_a_nova_peneira_portal_web.png\",\"width\":300,\"height\":100,\"caption\":\"A Nova Peneira\"},\"image\":{\"@id\":\"https:\\\/\\\/www.anovapeneira.gal\\\/#\\\/schema\\\/logo\\\/image\\\/\"},\"sameAs\":[\"https:\\\/\\\/www.facebook.com\\\/anovapeneira\",\"https:\\\/\\\/x.com\\\/APeneira\"]},{\"@type\":\"Person\",\"@id\":\"https:\\\/\\\/www.anovapeneira.gal\\\/#\\\/schema\\\/person\\\/f18a4feb302e8f20bcef4490b5b60bb3\",\"name\":\"Artigos Opini\u00f3n\",\"image\":{\"@type\":\"ImageObject\",\"inLanguage\":\"gl-ES\",\"@id\":\"https:\\\/\\\/secure.gravatar.com\\\/avatar\\\/072844300f4881150aee2da4278f7a65d16eefdf8262eb67085f1e702de2b959?s=96&d=mm&r=g\",\"url\":\"https:\\\/\\\/secure.gravatar.com\\\/avatar\\\/072844300f4881150aee2da4278f7a65d16eefdf8262eb67085f1e702de2b959?s=96&d=mm&r=g\",\"contentUrl\":\"https:\\\/\\\/secure.gravatar.com\\\/avatar\\\/072844300f4881150aee2da4278f7a65d16eefdf8262eb67085f1e702de2b959?s=96&d=mm&r=g\",\"caption\":\"Artigos Opini\u00f3n\"},\"sameAs\":[\"http:\\\/\\\/anovapeneira.gal\"],\"url\":\"https:\\\/\\\/www.anovapeneira.gal\\\/index.php\\\/author\\\/artigosopinion\\\/\"}]}<\/script>\n<!-- \/ Yoast SEO plugin. -->","yoast_head_json":{"title":"O servizo de axuda no fogar -","robots":{"index":"index","follow":"follow","max-snippet":"max-snippet:-1","max-image-preview":"max-image-preview:large","max-video-preview":"max-video-preview:-1"},"canonical":"https:\/\/www.anovapeneira.gal\/index.php\/2025\/08\/20\/o-servizo-de-axuda-no-fogar\/","og_locale":"gl_ES","og_type":"article","og_title":"O servizo de axuda no fogar -","og_description":"O Servizo de Axuda no Fogar -SAF- que atende as persoas dependentes, \u00e9 municipal prestado por unha plantilla feminizada en todos os concellos. Tr\u00e1tase dunha \u201ccompetencia impropia\u201d que transferiu a Xunta no ano 2008 coa Lei de Servizos Sociais de Galicia [...]","og_url":"https:\/\/www.anovapeneira.gal\/index.php\/2025\/08\/20\/o-servizo-de-axuda-no-fogar\/","article_publisher":"https:\/\/www.facebook.com\/anovapeneira","article_published_time":"2025-08-20T08:00:16+00:00","og_image":[{"width":720,"height":432,"url":"https:\/\/www.anovapeneira.gal\/wp-content\/uploads\/2025\/08\/Patri_Sio.jpg","type":"image\/jpeg"}],"author":"Artigos Opini\u00f3n","twitter_card":"summary_large_image","twitter_creator":"@APeneira","twitter_site":"@APeneira","twitter_misc":{"Escrito por":"Artigos Opini\u00f3n","Tempo de lectura":"5 minutos"},"schema":{"@context":"https:\/\/schema.org","@graph":[{"@type":"Article","@id":"https:\/\/www.anovapeneira.gal\/index.php\/2025\/08\/20\/o-servizo-de-axuda-no-fogar\/#article","isPartOf":{"@id":"https:\/\/www.anovapeneira.gal\/index.php\/2025\/08\/20\/o-servizo-de-axuda-no-fogar\/"},"author":{"name":"Artigos Opini\u00f3n","@id":"https:\/\/www.anovapeneira.gal\/#\/schema\/person\/f18a4feb302e8f20bcef4490b5b60bb3"},"headline":"O servizo de axuda no fogar","datePublished":"2025-08-20T08:00:16+00:00","mainEntityOfPage":{"@id":"https:\/\/www.anovapeneira.gal\/index.php\/2025\/08\/20\/o-servizo-de-axuda-no-fogar\/"},"wordCount":806,"commentCount":0,"publisher":{"@id":"https:\/\/www.anovapeneira.gal\/#organization"},"image":{"@id":"https:\/\/www.anovapeneira.gal\/index.php\/2025\/08\/20\/o-servizo-de-axuda-no-fogar\/#primaryimage"},"thumbnailUrl":"https:\/\/www.anovapeneira.gal\/wp-content\/uploads\/2025\/08\/Patri_Sio.jpg","articleSection":["Artigos de opini\u00f3n"],"inLanguage":"gl-ES","potentialAction":[{"@type":"CommentAction","name":"Comment","target":["https:\/\/www.anovapeneira.gal\/index.php\/2025\/08\/20\/o-servizo-de-axuda-no-fogar\/#respond"]}]},{"@type":"WebPage","@id":"https:\/\/www.anovapeneira.gal\/index.php\/2025\/08\/20\/o-servizo-de-axuda-no-fogar\/","url":"https:\/\/www.anovapeneira.gal\/index.php\/2025\/08\/20\/o-servizo-de-axuda-no-fogar\/","name":"O servizo de axuda no fogar -","isPartOf":{"@id":"https:\/\/www.anovapeneira.gal\/#website"},"primaryImageOfPage":{"@id":"https:\/\/www.anovapeneira.gal\/index.php\/2025\/08\/20\/o-servizo-de-axuda-no-fogar\/#primaryimage"},"image":{"@id":"https:\/\/www.anovapeneira.gal\/index.php\/2025\/08\/20\/o-servizo-de-axuda-no-fogar\/#primaryimage"},"thumbnailUrl":"https:\/\/www.anovapeneira.gal\/wp-content\/uploads\/2025\/08\/Patri_Sio.jpg","datePublished":"2025-08-20T08:00:16+00:00","breadcrumb":{"@id":"https:\/\/www.anovapeneira.gal\/index.php\/2025\/08\/20\/o-servizo-de-axuda-no-fogar\/#breadcrumb"},"inLanguage":"gl-ES","potentialAction":[{"@type":"ReadAction","target":["https:\/\/www.anovapeneira.gal\/index.php\/2025\/08\/20\/o-servizo-de-axuda-no-fogar\/"]}]},{"@type":"ImageObject","inLanguage":"gl-ES","@id":"https:\/\/www.anovapeneira.gal\/index.php\/2025\/08\/20\/o-servizo-de-axuda-no-fogar\/#primaryimage","url":"https:\/\/www.anovapeneira.gal\/wp-content\/uploads\/2025\/08\/Patri_Sio.jpg","contentUrl":"https:\/\/www.anovapeneira.gal\/wp-content\/uploads\/2025\/08\/Patri_Sio.jpg","width":720,"height":432},{"@type":"BreadcrumbList","@id":"https:\/\/www.anovapeneira.gal\/index.php\/2025\/08\/20\/o-servizo-de-axuda-no-fogar\/#breadcrumb","itemListElement":[{"@type":"ListItem","position":1,"name":"Portada","item":"https:\/\/www.anovapeneira.gal\/"},{"@type":"ListItem","position":2,"name":"O servizo de axuda no fogar"}]},{"@type":"WebSite","@id":"https:\/\/www.anovapeneira.gal\/#website","url":"https:\/\/www.anovapeneira.gal\/","name":"","description":"Xornal galego de informaci\u00f3n xeral Publicaci\u00f3n mensual de novas de Galicia e en especial dos Concellos da sur da provincia de Pontevedra.","publisher":{"@id":"https:\/\/www.anovapeneira.gal\/#organization"},"potentialAction":[{"@type":"SearchAction","target":{"@type":"EntryPoint","urlTemplate":"https:\/\/www.anovapeneira.gal\/?s={search_term_string}"},"query-input":{"@type":"PropertyValueSpecification","valueRequired":true,"valueName":"search_term_string"}}],"inLanguage":"gl-ES"},{"@type":"Organization","@id":"https:\/\/www.anovapeneira.gal\/#organization","name":"A Nova Peneira","url":"https:\/\/www.anovapeneira.gal\/","logo":{"@type":"ImageObject","inLanguage":"gl-ES","@id":"https:\/\/www.anovapeneira.gal\/#\/schema\/logo\/image\/","url":"http:\/\/www.anovapeneira.gal\/wp-content\/uploads\/2019\/06\/logo_a_nova_peneira_portal_web.png","contentUrl":"http:\/\/www.anovapeneira.gal\/wp-content\/uploads\/2019\/06\/logo_a_nova_peneira_portal_web.png","width":300,"height":100,"caption":"A Nova Peneira"},"image":{"@id":"https:\/\/www.anovapeneira.gal\/#\/schema\/logo\/image\/"},"sameAs":["https:\/\/www.facebook.com\/anovapeneira","https:\/\/x.com\/APeneira"]},{"@type":"Person","@id":"https:\/\/www.anovapeneira.gal\/#\/schema\/person\/f18a4feb302e8f20bcef4490b5b60bb3","name":"Artigos Opini\u00f3n","image":{"@type":"ImageObject","inLanguage":"gl-ES","@id":"https:\/\/secure.gravatar.com\/avatar\/072844300f4881150aee2da4278f7a65d16eefdf8262eb67085f1e702de2b959?s=96&d=mm&r=g","url":"https:\/\/secure.gravatar.com\/avatar\/072844300f4881150aee2da4278f7a65d16eefdf8262eb67085f1e702de2b959?s=96&d=mm&r=g","contentUrl":"https:\/\/secure.gravatar.com\/avatar\/072844300f4881150aee2da4278f7a65d16eefdf8262eb67085f1e702de2b959?s=96&d=mm&r=g","caption":"Artigos Opini\u00f3n"},"sameAs":["http:\/\/anovapeneira.gal"],"url":"https:\/\/www.anovapeneira.gal\/index.php\/author\/artigosopinion\/"}]}},"jetpack_featured_media_url":"https:\/\/www.anovapeneira.gal\/wp-content\/uploads\/2025\/08\/Patri_Sio.jpg","_links":{"self":[{"href":"https:\/\/www.anovapeneira.gal\/index.php\/wp-json\/wp\/v2\/posts\/14473","targetHints":{"allow":["GET"]}}],"collection":[{"href":"https:\/\/www.anovapeneira.gal\/index.php\/wp-json\/wp\/v2\/posts"}],"about":[{"href":"https:\/\/www.anovapeneira.gal\/index.php\/wp-json\/wp\/v2\/types\/post"}],"author":[{"embeddable":true,"href":"https:\/\/www.anovapeneira.gal\/index.php\/wp-json\/wp\/v2\/users\/12"}],"replies":[{"embeddable":true,"href":"https:\/\/www.anovapeneira.gal\/index.php\/wp-json\/wp\/v2\/comments?post=14473"}],"version-history":[{"count":4,"href":"https:\/\/www.anovapeneira.gal\/index.php\/wp-json\/wp\/v2\/posts\/14473\/revisions"}],"predecessor-version":[{"id":14478,"href":"https:\/\/www.anovapeneira.gal\/index.php\/wp-json\/wp\/v2\/posts\/14473\/revisions\/14478"}],"wp:featuredmedia":[{"embeddable":true,"href":"https:\/\/www.anovapeneira.gal\/index.php\/wp-json\/wp\/v2\/media\/14477"}],"wp:attachment":[{"href":"https:\/\/www.anovapeneira.gal\/index.php\/wp-json\/wp\/v2\/media?parent=14473"}],"wp:term":[{"taxonomy":"category","embeddable":true,"href":"https:\/\/www.anovapeneira.gal\/index.php\/wp-json\/wp\/v2\/categories?post=14473"},{"taxonomy":"post_tag","embeddable":true,"href":"https:\/\/www.anovapeneira.gal\/index.php\/wp-json\/wp\/v2\/tags?post=14473"}],"curies":[{"name":"wp","href":"https:\/\/api.w.org\/{rel}","templated":true}]}}